{"id":923,"date":"2023-07-08T21:28:43","date_gmt":"2023-07-08T21:28:43","guid":{"rendered":"https:\/\/nalua.in\/notas\/?p=923"},"modified":"2023-07-09T02:47:33","modified_gmt":"2023-07-09T02:47:33","slug":"alegria-em-nome-da-rainha","status":"publish","type":"post","link":"https:\/\/nalua.in\/notas\/alegria-em-nome-da-rainha\/","title":{"rendered":""},"content":{"rendered":"<p style=\"text-align: center;\"><a href=\"https:\/\/www.youtube.com\/watch?v=qQoNaElPg1A\" target=\"_blank\" rel=\"noopener\"><span style=\"font-size: 8pt;\">alegria em nome da rainha<\/span><\/a><\/p>\n<p style=\"text-align: center;\"><strong>Belo Horizonte, 09 de julho de 2023<\/strong><\/p>\n<p style=\"text-align: center;\"><strong>\u263c 15\u00b0 &#8211; 27\u00b0<\/strong><\/p>\n<table style=\"width: 100%; border-collapse: collapse; background-color: #fcc7a2;\">\n<tbody>\n<tr>\n<td style=\"width: 100%;\">\n<p style=\"text-align: center;\"><em><span style=\"font-size: 10pt;\">Este post \u00e9 para o <a href=\"https:\/\/www.facebook.com\/josewaldemiro.pires\" target=\"_blank\" rel=\"noopener\">meu pai<\/a><\/span><\/em><\/p>\n<\/td>\n<\/tr>\n<\/tbody>\n<\/table>\n<hr \/>\n<p style=\"text-align: justify;\"><em><strong>Anivers\u00e1rio do meu amado pai<\/strong><\/em>. Dia da Juventude. Dia Mundial pelo Desarmamento. Neste dia, no ano de <strong>118<\/strong> <span style=\"text-decoration: underline;\">Adriano<\/span> se torna Imperador e em <strong>1762<\/strong> <span style=\"text-decoration: underline;\">Catarina<\/span> vira Imperatriz da R\u00fassia. <strong>09 de julho<\/strong> \u00e9 um dia <span style=\"text-decoration: underline;\">bastante peculiar<\/span>. Desde que se registra, neste dia aconteceram <strong>3 terremotos de alta magnitude seguidos de gigantescos <em>tsunamis<\/em><\/strong> que mataram milhares de pessoas. Em <strong>551<\/strong> foi em Beirute, em <strong>869<\/strong> no Jap\u00e3o e em <strong>1958<\/strong> no Alaska. Estranhamente, em <strong>09 de julho<\/strong> de diferentes anos, aconteceram<strong> v\u00e1rios acidentes a\u00e9reos<\/strong>. Em <strong>1982<\/strong> foi o <span style=\"text-decoration: underline;\">voo 759 da Pan Am<\/span>, em <strong>1997<\/strong> o <span style=\"text-decoration: underline;\">Fokker 100 da TAM<\/span>, em <strong>2006<\/strong> <span style=\"text-decoration: underline;\">o voo S7 Airlines 778<\/span>. <strong>09 de julho \u00e9 um dia tonitruante<\/strong>. Em <strong>1816<\/strong> a <span style=\"text-decoration: underline;\">Argentina<\/span> declara independ\u00eancia da Espanha, <em>aleluia<\/em>. Em <strong>1932<\/strong> o estado de S\u00e3o Paulo se revolta contra o governo brasileiro e inicia a <span style=\"text-decoration: underline;\">Revolu\u00e7\u00e3o Constitucionalista<\/span>. Em <strong>1935<\/strong> nasceu a maravilhosa <span style=\"text-decoration: underline;\">La Negra, Mercedes Sosa<\/span>, que nem devia ter morrido. Tamb\u00e9m era o anivers\u00e1rio da <span style=\"text-decoration: underline;\">Barbara Cartland<\/span>, que nasceu em <strong>1901<\/strong> e de quem eu li mais livros do que seria saud\u00e1vel. <em>C\u2019est la vie<\/em>.<\/p>\n<p><img loading=\"lazy\" decoding=\"async\" class=\"aligncenter wp-image-922\" src=\"https:\/\/nalua.in\/notas\/wp-content\/uploads\/2023\/07\/rei-emir.png\" alt=\"\" width=\"701\" height=\"234\" srcset=\"https:\/\/nalua.in\/notas\/wp-content\/uploads\/2023\/07\/rei-emir.png 938w, https:\/\/nalua.in\/notas\/wp-content\/uploads\/2023\/07\/rei-emir-300x100.png 300w, https:\/\/nalua.in\/notas\/wp-content\/uploads\/2023\/07\/rei-emir-768x256.png 768w, https:\/\/nalua.in\/notas\/wp-content\/uploads\/2023\/07\/rei-emir-150x50.png 150w\" sizes=\"auto, (max-width: 701px) 100vw, 701px\" \/><\/p>\n<p style=\"text-align: center;\"><span style=\"font-size: 8pt;\">Andre Dahmer \u2764<\/span><\/p>\n<hr \/>\n<p style=\"text-align: center;\"><strong>ABDICA\u00c7\u00c3O<\/strong><br \/>\n<em>Toma-me, \u00f3 noite eterna, nos teus bra\u00e7os<\/em><br \/>\n<em>E chama-me teu filho.<\/em><br \/>\n<em>Eu sou um rei<\/em><br \/>\n<em>Que voluntariamente abandonei<\/em><br \/>\n<em>O meu trono de sonhos e cansa\u00e7os.<\/em><br \/>\n<em>Minha espada, pesada a bra\u00e7os lassos,<\/em><br \/>\n<em>Em m\u00e3os viris e calmas entreguei;<\/em><br \/>\n<em>E meu ceptro e coroa, \u2014 eu os deixei<\/em><br \/>\n<em>Na antec\u00e2mara, feitos em peda\u00e7os.<\/em><br \/>\n<em>Minha cota de malha, t\u00e3o in\u00fatil<\/em><br \/>\n<em>Minhas esporas, de um tinir t\u00e3o f\u00fatil,<\/em><br \/>\n<em>Deixei-as pela fria escadaria.<\/em><br \/>\n<em>Despi a realeza, corpo e alma,<\/em><br \/>\n<em>E regressei \u00e0 noite antiga e calma<\/em><br \/>\n<em>Como a paisagem ao morrer do dia.<\/em><\/p>\n<p style=\"text-align: center;\">\u263e<\/p>\n<p style=\"text-align: center;\"><strong>Fernando Pessoa<\/strong><\/p>\n<hr \/>\n<h2 style=\"text-align: center;\">Num tempo em que nem existia o dia 9 de julho, o Imperador Marco Aur\u00e9lio registrou no seu di\u00e1rio:<\/h2>\n<p style=\"text-align: justify;\"><em>Considere sem cessar quantos m\u00e9dicos morreram depois de terem fechado os olhos repetidas vezes os seus doentes; quantos astr\u00f3logos, depois de terem previsto, como fato importante, a morte de outros; quantos fil\u00f3sofos, depois de terem sustentado in\u00fameras discuss\u00f5es sobre a morte ou sobre a imortalidade; quantos chefes, depois de terem matado muitos; quantos tiranos, depois de terem abusado, como se fossem imortais, com tremenda arrog\u00e2ncia, de seu poder sobre vidas alheias, e quantas cidades inteiras, por assim dizer, morreram: H\u00e9lica, Pomp\u00e9ia, Herculanum e outras incont\u00e1veis. Acrescente tamb\u00e9m, um ap\u00f3s o outro, todos o que conheceste. Este, depois haver tributado as honras f\u00fanebres a aquele, foi sepultado em seguida por outro; e assim sucessivamente. E tudo em pouco tempo. Assim, examine sempre as coisas humanas como ef\u00eameras e carentes de valor: ontem, germe; amanh\u00e3, m\u00famia ou cinza. Portanto, percorra este pequeno lapso de tempo obediente \u00e0 natureza e termine tua vida alegremente, como a azeitona que, madura, ca\u00edsse elogiando a terra que lhe deu vida e dando gra\u00e7as \u00e0 \u00e1rvore que a produziu.<\/em><\/p>\n<p style=\"text-align: right;\"><strong>Medita\u00e7\u00f5es &#8211; Marco Aur\u00e9lio &#8211; Editora Kiron<\/strong><\/p>\n<hr \/>\n<h1 style=\"text-align: center;\">Previs\u00e3o Real<\/h1>\n<p><img loading=\"lazy\" decoding=\"async\" class=\"size-full wp-image-929 aligncenter\" src=\"https:\/\/nalua.in\/notas\/wp-content\/uploads\/2023\/07\/IMPERADOR2P.jpg\" alt=\"\" width=\"350\" height=\"585\" srcset=\"https:\/\/nalua.in\/notas\/wp-content\/uploads\/2023\/07\/IMPERADOR2P.jpg 350w, https:\/\/nalua.in\/notas\/wp-content\/uploads\/2023\/07\/IMPERADOR2P-179x300.jpg 179w, https:\/\/nalua.in\/notas\/wp-content\/uploads\/2023\/07\/IMPERADOR2P-150x251.jpg 150w\" sizes=\"auto, (max-width: 350px) 100vw, 350px\" \/><\/p>\n<h3 style=\"text-align: center;\">O IMPERADOR<\/h3>\n<p style=\"text-align: justify;\">Chegamos neste domingo ao Rei do Tar\u00f4. Pessoalmente n\u00e3o poderia ser mais apropriado, pois hoje <em><strong>\u00e9 anivers\u00e1rio do meu pai, e meu pai encarna muito bem esta carta. Ele \u00e9 um imperador dos p\u00e9s \u00e0 cabe\u00e7a. Um Imperador Xang\u00f4. \u00c9 um privil\u00e9gio ter um Imperador pessoal na vida <\/strong><\/em><strong>\ud83d\ude42<\/strong><em><strong>\u00a0 E ainda um t\u00e3o s\u00e1bio e especial. Ser filha de imperador \u00e9 ser da realeza <\/strong><\/em><strong>\ud83d\ude09<\/strong><\/p>\n<p style=\"text-align: justify;\">O Imperador no tar\u00f4 \u00e9 aquele que <strong>ordena o caminho<\/strong>, \u00e9 o ponto aonde chegamos prontos para <strong>sermos os donos do nosso pr\u00f3prio reino<\/strong>. A figura do rei ecoa no imagin\u00e1rio, h\u00e1 quase sempre o registro de um soberano, onde quer que se encontre uma comunidade humana. O Rei, o Imperador, at\u00e9 bem pouco tempo era sempre uma figura sagrada. Em muitas culturas vemos que os reis, imperadores, soberanos, s\u00e3o descendentes diretos dos deuses, do sol, do c\u00e9u. <strong>Sua exist\u00eancia, sua fun\u00e7\u00e3o, \u00e9 divina, transcendente<\/strong>. Este arqu\u00e9tipo ainda hoje \u00e9 muito forte em nossa psique.<\/p>\n<p style=\"text-align: justify;\">Em nosso encontro com o Imperador precisamos saber que <strong>o Rei tem o poder de cura<\/strong>, e que o rei tem a <strong>palavra<\/strong>. <strong>A palavra cura ou destr\u00f3i<\/strong>. O Rei tamb\u00e9m ouve, ele est\u00e1 sentado no trono para ouvir o seu reino. Al\u00e9m disso, o <strong>seu toque \u00e9 curativo<\/strong>. O toque real foi considerado sagrado por muito tempo na Europa, bastava que o rei impusesse as m\u00e3os sobre um enfermo e ele seria curado. O Rei Taumaturgo. <strong>Curando, seja pelo toque ou pela palavra, o rei restabelece a ordem<\/strong>. A Ordem \u00e9 da compet\u00eancia do Rei. O Imperador mant\u00e9m a ordem, zela pelo bem estar dos seus s\u00faditos. Ou deveria. Quando o Imperador aparece, ele vem com v\u00e1rias li\u00e7\u00f5es. <strong>Qual \u00e9 o Rei que n\u00e3o tem muito a ensinar?<\/strong> Ainda que pela via negativa. Talvez a li\u00e7\u00e3o mais significativa que o Imperador ensina tenha a ver com <strong>a import\u00e2ncia da perseveran\u00e7a<\/strong>. N\u00e3o se chega a Imperador, ao menos n\u00e3o pela conquista, sem uma grande dose de perseveran\u00e7a. <strong>Vamos colocar a perseveran\u00e7a no horizonte<\/strong>.<\/p>\n<p style=\"text-align: justify;\">O Rei \u00e9 um l\u00edder que est\u00e1 em sintonia com sua pr\u00f3pria sabedoria interior, e por isso \u00e9 capaz de tomar decis\u00f5es justas e equilibradas. Ele est\u00e1 est\u00e1 conectado com a pr\u00f3pria ess\u00eancia e com a ess\u00eancia dos governados. Essa <strong>ponte com a sabedoria interior<\/strong> \u00e9 o que permite ao Rei servir-se de justi\u00e7a e equidade. Idealmente um Imperador n\u00e3o deveria agir apenas de acordo com seus pr\u00f3prios interesses, deveria ter o bem-estar de seu povo em mente. Para cumprir a fun\u00e7\u00e3o arquet\u00edpica e sagrada de governar, <strong>um bom Rei deveria ouvir e considerar diferentes pontos de vista<\/strong> antes de tomar qualquer decis\u00e3o. Isso consequentemente nos faz pensar em <strong>responsabilidade<\/strong>. O Rei \u00e9 respons\u00e1vel por um povo e por suas decis\u00f5es. Ele n\u00e3o pode simplesmente se esconder atr\u00e1s de conselheiros ou delegar responsabilidades para outras pessoas. <strong>Ele tem que assumir suas a\u00e7\u00f5es e estar disposto a enfrentar as consequ\u00eancias de suas decis\u00f5es.<\/strong><\/p>\n<p style=\"text-align: justify;\">Por fim, <strong>o Rei \u00e9 um l\u00edder que est\u00e1 sempre disposto a aprender e a progredir<\/strong>. Ele sabe que <strong>n\u00e3o tem todas as respostas<\/strong> e est\u00e1 aberto a novas ideias e perspectivas. Ele est\u00e1 preparado para se adaptar \u00e0s mudan\u00e7as e evoluir constantemente como l\u00edder e como pessoa. O arqu\u00e9tipo do Rei nos fala da import\u00e2ncia da <strong>sabedoria interior, da perseveran\u00e7a, da responsabilidade pelas nossas a\u00e7\u00f5es, da comunica\u00e7\u00e3o eficaz e da disposi\u00e7\u00e3o para aprender e crescer<\/strong>.<\/p>\n<p style=\"text-align: justify;\">Mas <strong>tenhamos cuidado nesse encontro<\/strong>. Lembremos que rar\u00edssimas vezes na hist\u00f3ria conhecida da humanidade um Imperador <em><strong>realmente<\/strong> <\/em>fez o bem. Um Rei historicamente tamb\u00e9m \u00e9 um louco, um homicida, um d\u00e9spota, um psicopata, um arrogante sedento de poder, entre tantas outras coisas negativas. Por isso, sagrada \u00e9 sempre a <strong>fun\u00e7\u00e3o<\/strong> do Imperador e n\u00e3o o humano que temporariamente a exerce. <strong>Precisamos observar bem quem \u00e9 o Imperador que nos visita essa semana<\/strong>. Vamos escolher um <strong>Marco Aur\u00e9lio<\/strong>, um <strong>Jesus Cristo<\/strong>, no m\u00e1ximo um <strong>Adriano<\/strong>. Vamos deixar os Neros, Cal\u00edgulas, Napole\u00f5es e afins da porta para fora. Uma vez dentro da nossa casa, poderemos ouvir o que esse Arcano veio dizer, <strong>qual \u00e9 a cura que atravessar\u00e1 nosso caminho<\/strong>. Nesta semana,<\/p>\n<p style=\"text-align: center;\"><span style=\"color: #000000;\"><a style=\"color: #000000;\" href=\"https:\/\/www.letras.com\/carmen-miranda\/1603635\/\" target=\"_blank\" rel=\"noopener\"><em>Sil\u00eancio<\/em><\/a><\/span><br \/>\n<span style=\"color: #000000;\"><em>Fa\u00e7am alas!<\/em><\/span><br \/>\n<span style=\"color: #000000;\"><em>Ordem, respeito e nem um grito de bamba<\/em><\/span><br \/>\n<span style=\"color: #000000;\"><em>Quero os tamborins de grande gala<\/em><\/span><br \/>\n<span style=\"color: #000000;\"><em>Que vai passar o Imperador do Samba.<\/em><\/span><\/p>\n<hr \/>\n<p>&nbsp;<\/p>\n<table style=\"width: 100%; border-collapse: collapse; background-color: #e6eba9;\">\n<tbody>\n<tr>\n<td style=\"width: 100%;\"><img loading=\"lazy\" decoding=\"async\" class=\"size-full wp-image-993 aligncenter\" src=\"https:\/\/nalua.in\/notas\/wp-content\/uploads\/2023\/07\/IMPERADORPR.jpg\" alt=\"\" width=\"350\" height=\"626\" srcset=\"https:\/\/nalua.in\/notas\/wp-content\/uploads\/2023\/07\/IMPERADORPR.jpg 350w, https:\/\/nalua.in\/notas\/wp-content\/uploads\/2023\/07\/IMPERADORPR-168x300.jpg 168w, https:\/\/nalua.in\/notas\/wp-content\/uploads\/2023\/07\/IMPERADORPR-150x268.jpg 150w\" sizes=\"auto, (max-width: 350px) 100vw, 350px\" \/><\/td>\n<\/tr>\n<\/tbody>\n<\/table>\n<p style=\"text-align: justify;\">O arqu\u00e9tipo do Imperador \u00e9 um dos mais poderosos e simb\u00f3licos que existem. Ele representa a figura do l\u00edder, do governante, do pai protetor e do guia espiritual. \u00c9 encontrado em diversas culturas ao redor do mundo, e representa quase sempre os mesmos valores e ideais. O Imperador no tar\u00f4 \u00e9 um l\u00edder forte e confiante, que tem a capacidade de tomar decis\u00f5es importantes e implementar mudan\u00e7as significativas. Ele \u00e9 um s\u00edmbolo de estrutura e organiza\u00e7\u00e3o, e representa a capacidade de estabelecer limites e manter as coisas sob controle.<\/p>\n<p style=\"text-align: justify;\">Quando esta carta aparece em uma leitura de Tar\u00f4, pode ser um sinal de que precisamos assumir uma postura mais firme e assertiva em algum assunto importante. Devemos estabelecer limites claros e definir prioridades. O Imperador \u00e9 representa a autoridade, a lideran\u00e7a, a estabilidade e a ordem. Simboliza o pai, o que protege, prov\u00ea e orienta. O Imperador \u00e9 o quarto arcano maior do tar\u00f4, e corresponde ao n\u00famero 4 na numerologia. O n\u00famero 4 est\u00e1 associado \u00e0 estrutura, \u00e0 organiza\u00e7\u00e3o, \u00e0 disciplina e \u00e0 raz\u00e3o. O Imperador \u00e9 o mestre da mat\u00e9ria, aquele que domina o mundo f\u00edsico com sua intelig\u00eancia e sua vontade. Ele \u00e9 capaz de criar e manter um imp\u00e9rio, seja ele pol\u00edtico, econ\u00f4mico, social ou pessoal.<\/p>\n<p style=\"text-align: justify;\">O Imperador \u00e9 uma carta positiva na maioria das situa\u00e7\u00f5es, pois indica que h\u00e1 uma for\u00e7a maior atuando a seu favor, seja ela externa ou interna. Ele pode representar uma figura de autoridade que te apoia ou te inspira, um pai, um chefe, um mentor ou um l\u00edder. Ele tamb\u00e9m pode representar voc\u00ea mesmo, assumindo uma postura mais confiante, determinada e pragm\u00e1tica diante dos desafios. Esse Arcano pode indicar que \u00e9 preciso ter mais controle sobre a sua vida, estabelecendo metas claras, planejando os passos necess\u00e1rios para alcan\u00e7\u00e1-las e executando-os com disciplina e persist\u00eancia. Ele tamb\u00e9m pode indicar que \u00e9 preciso ter mais ordem e organiza\u00e7\u00e3o em seu ambiente, eliminando o que \u00e9 desnecess\u00e1rio ou prejudicial e criando uma estrutura s\u00f3lida e funcional.<\/p>\n<p style=\"text-align: justify;\">O Imperador pode trazer benef\u00edcios nas \u00e1reas profissional, financeira, material e familiar. Ele pode indicar sucesso nos neg\u00f3cios, reconhecimento no trabalho, estabilidade financeira, seguran\u00e7a material e harmonia familiar. Ele tamb\u00e9m pode indicar que voc\u00ea tem capacidade de lideran\u00e7a e de influ\u00eancia sobre as pessoas ao seu redor.<\/p>\n<p style=\"text-align: justify;\">Esta carta nos encoraja a buscar conselhos de pessoas mais experientes e s\u00e1bias, que podem nos ajudar a encontrar o caminho certo em momentos dif\u00edceis. Al\u00e9m disso, o Imperador pode indicar a necessidade de se concentrar em quest\u00f5es pr\u00e1ticas e materiais, como finan\u00e7as, carreira e neg\u00f3cios. Ele nos lembra da import\u00e2ncia de manter a disciplina e a organiza\u00e7\u00e3o em nossa vida cotidiana, a fim de alcan\u00e7ar o sucesso a longo prazo. Enfatiza a import\u00e2ncia da perseveran\u00e7a.<\/p>\n<p style=\"text-align: justify;\">No entanto, o Imperador tamb\u00e9m tem seus aspectos negativos ou desafiadores. Ele pode indicar que h\u00e1 um excesso de rigidez, autoritarismo ou dogmatismo. Ele pode indicar que voc\u00ea est\u00e1 sendo muito inflex\u00edvel, intolerante ou arrogante em suas opini\u00f5es ou decis\u00f5es. Ou ele aparece para alertar sobre a possibilidade de voc\u00ea estar sendo muito dependente ou submisso a uma figura de autoridade. O Imperador pode trazer dificuldades nas \u00e1reas emocional, afetiva e espiritual. Ele pode informar que voc\u00ea est\u00e1 reprimindo seus sentimentos ou ignorando suas necessidades emocionais, ou tendo problemas de comunica\u00e7\u00e3o com algu\u00e9m que tem uma personalidade forte ou dominadora. Ele ainda pode indicar que voc\u00ea est\u00e1 se distanciando de sua intui\u00e7\u00e3o ou de sua conex\u00e3o com o divino. Preste aten\u00e7\u00e3o \u00e0 essas coisas e tenha uma \u00f3tima semana.<\/p>\n<hr \/>\n<p><img loading=\"lazy\" decoding=\"async\" class=\" wp-image-932 aligncenter\" src=\"https:\/\/nalua.in\/notas\/wp-content\/uploads\/2023\/07\/20151018.jpeg\" alt=\"\" width=\"698\" height=\"200\" srcset=\"https:\/\/nalua.in\/notas\/wp-content\/uploads\/2023\/07\/20151018.jpeg 900w, https:\/\/nalua.in\/notas\/wp-content\/uploads\/2023\/07\/20151018-300x86.jpeg 300w, https:\/\/nalua.in\/notas\/wp-content\/uploads\/2023\/07\/20151018-768x220.jpeg 768w, https:\/\/nalua.in\/notas\/wp-content\/uploads\/2023\/07\/20151018-150x43.jpeg 150w\" sizes=\"auto, (max-width: 698px) 100vw, 698px\" \/><\/p>\n<hr \/>\n<table style=\"width: 100%; border-collapse: collapse; background-color: #f2e7c9; height: 363px;\">\n<tbody>\n<tr style=\"height: 363px;\">\n<td style=\"width: 100%; height: 363px;\">\n<h2 style=\"text-align: center;\">Os Dois Reis e Os Dois Labirintos<\/h2>\n<p style=\"text-align: justify;\"><em>Contam os homens dignos de f\u00e9 (por\u00e9m Al\u00e1 sabe mais) que nos primeiros dias houve um rei das ilhas da Babil\u00f4nia que reuniu arquitetos e magos e ordenou-lhes a constru\u00e7\u00e3o de labirinto t\u00e3o surpreendente e sutil que os var\u00f5es mais prudentes n\u00e3o se aventuravam a entrar, e os que entravam se perdiam. Essa obra era um esc\u00e2ndalo, pois a confus\u00e3o e a maravilha s\u00e3o opera\u00e7\u00f5es pr\u00f3prias de Deus e n\u00e3o dos homens. Com o correr do tempo, veio a sua corte um rei dos \u00e1rabes, e o rei da Babil\u00f4nia (para zombar da simplicidade de seu h\u00f3spede) fez com que ele penetrasse no labirinto, onde vagueou humilhado e confuso at\u00e9 o fim da tarde. Implorou ent\u00e3o o socorro divino e deu com a porta. Seus l\u00e1bios n\u00e3o proferiram queixa nenhuma, mas disse ao rei da Babil\u00f4nia que ele tinha na Ar\u00e1bia outro labirinto e, se Deus quisesse, lho daria a conhecer algum dia. Depois regressou \u00e0 Ar\u00e1bia, juntou seus capit\u00e3es e alcaides e arrasou os reinos da Babil\u00f4nia com t\u00e3o venturosa sorte que derrubou seus castelos, dizimou sua gente e fez prisioneiro o pr\u00f3prio rei. Amarrou-o sobre um camelo veloz e levou-o para o deserto. Cavalgaram tr\u00eas dias, e lhe disse: &#8220;Oh, rei do tempo e subst\u00e2ncia e s\u00edmbolo do s\u00e9culo, na Babil\u00f4nia, quiseste que me perdesse num labirinto de bronze com muitas escadas, portas e muros; agora o Poderoso achou por bem que eu te mostre o meu, onde n\u00e3o h\u00e1 escadas a subir, nem portas a for\u00e7ar, nem cansativas galerias a percorrer, nem muros que te vedem os passos&#8221;. <\/em><\/p>\n<p style=\"text-align: justify;\"><em>Em seguida, desatou-lhes as amarras e o abandonou no meio do deserto, onde morreu de fome e de sede. A gl\u00f3ria esteja com Aquele que n\u00e3o morre.<\/em><\/p>\n<p style=\"text-align: right;\"><strong>Jorge Luis Borges &#8211; O Aleph &#8211; Editora Globo<\/strong><\/p>\n<\/td>\n<\/tr>\n<\/tbody>\n<\/table>\n<h2 style=\"text-align: center;\">Enquanto Nero incendeia Roma&#8230;<\/h2>\n<p style=\"text-align: justify;\"><strong>&#8230; mas o Imp\u00e9rio ainda permanece, pensei em algumas obras que ajudam a entender melhor O Imperador e a se conectar com a energia desse Senhor. Vamos nos divertir essa semana como se f\u00f4ssemos reis.<\/strong><\/p>\n<hr \/>\n<h3 style=\"text-align: center;\">Livro<\/h3>\n<p><img loading=\"lazy\" decoding=\"async\" class=\"aligncenter wp-image-935 size-medium\" src=\"https:\/\/nalua.in\/notas\/wp-content\/uploads\/2023\/07\/memoriasdeadrianop-201x300.jpg\" alt=\"\" width=\"201\" height=\"300\" srcset=\"https:\/\/nalua.in\/notas\/wp-content\/uploads\/2023\/07\/memoriasdeadrianop-201x300.jpg 201w, https:\/\/nalua.in\/notas\/wp-content\/uploads\/2023\/07\/memoriasdeadrianop-150x224.jpg 150w, https:\/\/nalua.in\/notas\/wp-content\/uploads\/2023\/07\/memoriasdeadrianop.jpg 350w\" sizes=\"auto, (max-width: 201px) 100vw, 201px\" \/><\/p>\n<p style=\"text-align: justify;\"><strong>Mem\u00f3rias de Adriano &#8211; Marguerite Yourcenar. <span style=\"font-family: arial, helvetica, sans-serif;\">Animula vagula blandula<\/span><em>. Indico porque \u00e9 um dos melhores livros j\u00e1 escritos em toda hist\u00f3ria. \u00c9 magn\u00edfico. E \u00e9 uma carta de um imperador &#8211; Adriano &#8211; a outro Imperador, talvez o melhor dos Imperadores &#8211; Marco Aur\u00e9lio. Diz a lenda que Adriano deixou uma autobiografia que n\u00e3o chegou at\u00e9 n\u00f3s. Marguerite com sua imagina\u00e7\u00e3o da ordem dos deuses preencheu essa lacuna com essa biografia imaginada. \u00c9 um senhor livro, das melhores coisas que j\u00e1 li.\u00a0<\/em><\/strong><\/p>\n<hr \/>\n<p style=\"text-align: justify;\">Mem\u00f3rias de Adriano \u00e9 um romance hist\u00f3rico da escritora francesa Marguerite Yourcenar, publicado em 1951. O livro \u00e9 uma fic\u00e7\u00e3o biogr\u00e1fica do imperador romano Adriano, que governou de 117 a 138 d.C. A obra \u00e9 narrada em primeira pessoa, como se fosse uma carta de Adriano ao seu sucessor e filho adotivo, Marco Aur\u00e9lio. Nela, o imperador faz um balan\u00e7o de sua vida, de seus amores, de suas conquistas e de suas reflex\u00f5es sobre a arte, a pol\u00edtica, a filosofia e a religi\u00e3o.\u00a0O livro \u00e9 considerado uma obra-prima da literatura francesa e um dos melhores exemplos de romance hist\u00f3rico do s\u00e9culo XX. Yourcenar fez uma extensa pesquisa sobre a vida e a \u00e9poca de Adriano, baseando-se em fontes hist\u00f3ricas e arqueol\u00f3gicas. Mem\u00f3rias de Adriano \u00e9 um livro que explora as contradi\u00e7\u00f5es e os dilemas de um homem que foi ao mesmo tempo um grande l\u00edder e um grande humanista, um amante da paz e da cultura, mas tamb\u00e9m um guerreiro e um administrador. \u00c9 um livro que nos convida a conhecer melhor a hist\u00f3ria e a cultura do Imp\u00e9rio Romano, mas tamb\u00e9m a refletir sobre o sentido da vida e da morte, do amor e da amizade, da liberdade e do destino.<\/p>\n<hr \/>\n<p style=\"text-align: center;\"><strong>Document\u00e1rio<\/strong><\/p>\n<p><img loading=\"lazy\" decoding=\"async\" class=\"wp-image-941 size-medium aligncenter\" src=\"https:\/\/nalua.in\/notas\/wp-content\/uploads\/2023\/07\/BOKASSAP-222x300.jpg\" alt=\"\" width=\"222\" height=\"300\" srcset=\"https:\/\/nalua.in\/notas\/wp-content\/uploads\/2023\/07\/BOKASSAP-222x300.jpg 222w, https:\/\/nalua.in\/notas\/wp-content\/uploads\/2023\/07\/BOKASSAP-150x203.jpg 150w, https:\/\/nalua.in\/notas\/wp-content\/uploads\/2023\/07\/BOKASSAP.jpg 350w\" sizes=\"auto, (max-width: 222px) 100vw, 222px\" \/><\/p>\n<p style=\"text-align: justify;\"><strong>Ecos de Um Imp\u00e9rio Sombrio &#8211; Werner Herzog &#8211; 1990. <em>\u00c9 um document\u00e1rio do Werner Herzog, o que dispensa maiores apresenta\u00e7\u00f5es. S\u00f3 isso valeria. Mas \u00e9 a hist\u00f3ria de um homem que delirava em ser imperador, o ditador africano Jean-B\u00e9del Bokassa, uma pessoa t\u00e3o inacredit\u00e1vel e t\u00e3o perversa que \u00e9 muito dif\u00edcil acreditar que seja um personagem real, hist\u00f3rico e n\u00e3o uma fantasia de mau gosto. \u00c9 muito interessante saber dessa hist\u00f3ria, dessa pessoa maldita e macabra. <a href=\"https:\/\/www.youtube.com\/watch?v=e9whfTmNYuU\" target=\"_blank\" rel=\"noopener\"><span style=\"color: #ff0000;\">Est\u00e1 inteiro dispon\u00edvel no YouTube<\/span><\/a><\/em><\/strong><\/p>\n<hr \/>\n<p style=\"text-align: justify;\">O document\u00e1rio <em>Bokassa I &#8220;Ecos de um Imp\u00e9rio Sombrio<\/em>&#8221; de Werner Herzog \u00e9 uma obra-prima que retrata a hist\u00f3ria de um dos ditadores mais sanguin\u00e1rios e extravagantes da hist\u00f3ria africana. Jean-B\u00e9del Bokassa, que se autoproclamou imperador da Rep\u00fablica Centro-Africana em 1976, foi respons\u00e1vel por atrocidades como canibalismo, tortura, execu\u00e7\u00f5es e corrup\u00e7\u00e3o. Ap\u00f3s investiga\u00e7\u00e3o, Herzog descreve os horrores da ditadura de Sua Majestade Jean- Bedel Bokassa na Rep\u00fablica Centro- Africano. O tema s\u00e3o as mem\u00f3rias de Michael Goldsmith, um jornalista acusado de espionagem pelo regime Bokassa, que, depois de ser preso e torturado, foi liberado. Herzog busca entender a personalidade complexa e contradit\u00f3ria de Bokassa, que era ao mesmo tempo cruel e carism\u00e1tico, religioso e supersticioso, patriota e traidor. O diretor entrevista pessoas que conviveram com ele, como sua esposa, seus filhos, seus ex-ministros, seus advers\u00e1rios pol\u00edticos e at\u00e9 mesmo suas v\u00edtimas. Ele tamb\u00e9m usa imagens de arquivo, como v\u00eddeos, fotos e documentos, que revelam aspectos chocantes, cru\u00e9is e curiosos de seu regime.<\/p>\n<hr \/>\n<h3 style=\"text-align: center;\">Outro Document\u00e1rio, que mostra um imperador sensacional<\/h3>\n<p><img loading=\"lazy\" decoding=\"async\" class=\"aligncenter wp-image-998 size-medium\" src=\"https:\/\/nalua.in\/notas\/wp-content\/uploads\/2023\/07\/chicoreip-207x300.jpg\" alt=\"\" width=\"207\" height=\"300\" srcset=\"https:\/\/nalua.in\/notas\/wp-content\/uploads\/2023\/07\/chicoreip-207x300.jpg 207w, https:\/\/nalua.in\/notas\/wp-content\/uploads\/2023\/07\/chicoreip-150x218.jpg 150w, https:\/\/nalua.in\/notas\/wp-content\/uploads\/2023\/07\/chicoreip.jpg 350w\" sizes=\"auto, (max-width: 207px) 100vw, 207px\" \/><\/p>\n<p>&nbsp;<\/p>\n<p><strong>Chico Rei entre N\u00f3s &#8211; Brasil, 2020 &#8211; Joyce Prado. <em>Um Imperador Negro em Minas Gerais. A incr\u00edvel Hist\u00f3ria do Rei Congol\u00eas que veio parar em Minas Gerais e n\u00e3o s\u00f3 libertou a si mesmo, como libertou mais v\u00e1rios outros escravos. <span style=\"color: #ff0000;\"><a style=\"color: #ff0000;\" href=\"https:\/\/planetdoc.org\/chico-rei-entre-nos\/\" target=\"_blank\" rel=\"noopener\">Dispon\u00edvel aqui<\/a><\/span>.<\/em><\/strong><\/p>\n<hr \/>\n<p>Chico Rei foi um rei congol\u00eas escravizado que lutou pela liberdade \u2014a sua e a de seu povo\u2014 durante o Ciclo do Ouro em Minas Gerais. A hist\u00f3ria desse personagem \u00e9 o ponto de partida para explorar os diversos ecos da escravid\u00e3o brasileira na vida dos negros de hoje, entendendo seu movimento de autoafirma\u00e7\u00e3o e liberdade a partir de uma perspectiva coletiva.<\/p>\n<p>\u201cA hist\u00f3ria de pessoas negras em pa\u00edses colonizados, quando narrada, \u00e9 geralmente contada atrav\u00e9s da perspectiva dos colonizadores. Nossas vidas foram continuamente marginalizadas, apagadas e reprimidas. A popula\u00e7\u00e3o do pa\u00eds precisa conhecer e reconhecer que foram seus antepassados, a fim de compreender o hoje\u201d, declara a diretora do document\u00e1rio \u201cChico Rei Entre N\u00f3s\u201d, Joyce Prado. Premiado na 44\u00aa Mostra Internacional de S\u00e3o Paulo, o longa explora os ecos da escravid\u00e3o na vida das pessoas negras dos dias de hoje e real\u00e7a o sentimento emancipador de pertencer a um coletivo. O ponto de partida do document\u00e1rio \u00e9 a hist\u00f3ria de Chico Rei &#8211; ou Galanga -, rei congol\u00eas trazido como escravo para trabalhar na regi\u00e3o de Outro Preto, em Minas Gerais, em 1740, que comprou sua pr\u00f3pria liberdade e a de outros escravos.\u00a0Para o produtor Andr\u00e9 Sobral, o filme d\u00e1 voz a pessoas comuns e exp\u00f5e a desigualdade social no Brasil. Segundo ele, \u201ca grande mensagem desta hist\u00f3ria \u00e9 a virada: um rei que \u00e9 escravizado e retoma sua coroa. Uma hist\u00f3ria de esperan\u00e7a de um l\u00edder que atuou pelos seus liderados. Ao contr\u00e1rio do que ocorre hoje\u201d, avalia Sobral.\u00a0Figura eternizada na tradi\u00e7\u00e3o oral e celebrada anualmente no \u201cReinado\u201d, cerim\u00f4nia que acontece na cidade mineira de Outro Preto, \u201cChico Rei Entre N\u00f3s\u201d partiu de uma ideia original da Abrolhos Filmes e \u00e9 o primeiro longa dirigido por Joyce Prado.<\/p>\n<hr \/>\n<h3 style=\"text-align: center;\">S\u00e9rie<\/h3>\n<p><img loading=\"lazy\" decoding=\"async\" class=\"aligncenter wp-image-947 size-medium\" src=\"https:\/\/nalua.in\/notas\/wp-content\/uploads\/2023\/07\/catarinap-212x300.jpg\" alt=\"\" width=\"212\" height=\"300\" srcset=\"https:\/\/nalua.in\/notas\/wp-content\/uploads\/2023\/07\/catarinap-212x300.jpg 212w, https:\/\/nalua.in\/notas\/wp-content\/uploads\/2023\/07\/catarinap-150x212.jpg 150w, https:\/\/nalua.in\/notas\/wp-content\/uploads\/2023\/07\/catarinap.jpg 350w\" sizes=\"auto, (max-width: 212px) 100vw, 212px\" \/><\/p>\n<p style=\"text-align: justify;\"><strong>Catarina a Grande &#8211; Nigel Williams &#8211; 2019. <em>Para n\u00e3o quebrar a tradi\u00e7\u00e3o, vou falar de algo que n\u00e3o vi, uma indica\u00e7\u00e3o para mim mesma. A s\u00e9rie de TV Catarina, a grande. Eu queria saber de uma mulher que tem a energia, a vibra\u00e7\u00e3o do Imperador. Achei que a hist\u00f3ria de Catarina tem a ver com o arqu\u00e9tipo do Imperador, ent\u00e3o talvez eu assista em breve.<\/em><\/strong><\/p>\n<hr \/>\n<p style=\"text-align: justify;\">A s\u00e9rie &#8220;Catarina a Grande&#8221;, estrelada por Helen Mirren, retrata a vida da imperatriz russa Catarina II, tamb\u00e9m conhecida como Catarina, a Grande. A produ\u00e7\u00e3o \u00e9 uma obra de arte hist\u00f3rica que retrata com precis\u00e3o a vida e o reinado de uma das figuras mais importantes da hist\u00f3ria russa. A s\u00e9rie \u00e9 ambientada na R\u00fassia do s\u00e9culo XVIII, e acompanha a ascens\u00e3o de Catarina ao trono, sua luta para manter o poder e sua busca por modernizar o pa\u00eds. A produ\u00e7\u00e3o tamb\u00e9m aborda as rela\u00e7\u00f5es amorosas da imperatriz, incluindo seu relacionamento com o militar Grigory Potemkin. Helen Mirren entrega uma interpreta\u00e7\u00e3o brilhante como Catarina, a Grande. O elenco de apoio tamb\u00e9m \u00e9 excelente, com destaque para Jason Clarke, que interpreta Potemkin. A s\u00e9rie \u00e9 uma verdadeira aula de hist\u00f3ria, mostrando com precis\u00e3o os costumes e as tradi\u00e7\u00f5es da R\u00fassia imperial. A s\u00e9rie \u00e9 visualmente deslumbrante, com belos cen\u00e1rios e figurinos impec\u00e1veis. A dire\u00e7\u00e3o de arte \u00e9 um dos pontos altos da produ\u00e7\u00e3o, transportando o espectador para a R\u00fassia do s\u00e9culo XVIII. &#8220;Catarina a Grande&#8221; \u00e9 uma s\u00e9rie imperd\u00edvel para quem gosta de hist\u00f3ria e de boas produ\u00e7\u00f5es audiovisuais. Com uma interpreta\u00e7\u00e3o brilhante de Helen Mirren e uma produ\u00e7\u00e3o impec\u00e1vel, a s\u00e9rie \u00e9 uma verdadeira ode \u00e0 grandeza de uma das figuras mais importantes da hist\u00f3ria russa.<\/p>\n<hr \/>\n<h3 style=\"text-align: center;\">Filme<\/h3>\n<p><img loading=\"lazy\" decoding=\"async\" class=\"aligncenter wp-image-945 size-medium\" src=\"https:\/\/nalua.in\/notas\/wp-content\/uploads\/2023\/07\/Rp-210x300.jpg\" alt=\"\" width=\"210\" height=\"300\" srcset=\"https:\/\/nalua.in\/notas\/wp-content\/uploads\/2023\/07\/Rp-210x300.jpg 210w, https:\/\/nalua.in\/notas\/wp-content\/uploads\/2023\/07\/Rp-150x214.jpg 150w, https:\/\/nalua.in\/notas\/wp-content\/uploads\/2023\/07\/Rp.jpg 350w\" sizes=\"auto, (max-width: 210px) 100vw, 210px\" \/><\/p>\n<p style=\"text-align: justify;\"><strong>O Poderoso Chef\u00e3o &#8211; Francis Ford Coppola &#8211; 1972. <em>Tem toda uma legi\u00e3o de filmes que se conectam com a carta do Imperador, \u00e9 um leque de escolhas muito rico e variado. Mas hoje resolvi escolher O Poderoso Chef\u00e3o, em primeiro lugar porque a gente tem essa piada interna de chamar meu pai de Poderoso Chef\u00e3o. E porque \u00e9 um filme que sai dos imp\u00e9rios hist\u00f3ricos e da realeza, mas tamb\u00e9m se conecta estreitamente com a energia do Imperador, em especial nos l\u00edderes da fam\u00edlia Corleone.<\/em><\/strong><\/p>\n<hr \/>\n<p style=\"text-align: justify;\">O filme <em>O Poderoso Chef\u00e3o<\/em> \u00e9 uma obra-prima do cinema, e no seu roteiro tamb\u00e9m retrata a vida da fam\u00edlia Corleone. O personagem Don Vito Corleone, \u00e9 o l\u00edder da fam\u00edlia e um tipo de imperador, por sua habilidade em controlar seus neg\u00f3cios e manter a ordem entre as v\u00e1rias fam\u00edlias mafiosas. Don Corleone \u00e9 um homem respeitado e temido por todos que o conhecem. Ele \u00e9 um l\u00edder carism\u00e1tico, que se preocupa com sua fam\u00edlia e com seus neg\u00f3cios. O personagem de Don Corleone \u00e9 interpretado pelo lend\u00e1rio ator Marlon Brando, que d\u00e1 vida a um personagem complexo e fascinante. Brando \u00e9 capaz de transmitir a for\u00e7a e a autoridade do personagem, bem como sua vulnerabilidade e humanidade. Don Corleone \u00e9 um personagem complexo e multifacetado, que \u00e9 capaz de ser cruel e impiedoso quando necess\u00e1rio, mas tem um senso de justi\u00e7a e compaix\u00e3o. \u00c9 um l\u00edder que inspira lealdade e respeito, e \u00e9 capaz de manter a ordem em um mundo violento e ca\u00f3tico. O personagem de Don Corleone em &#8220;O Poderoso Chef\u00e3o&#8221; \u00e9 um exemplo de lideran\u00e7a forte e eficaz. Ele \u00e9 capaz de usar sua influ\u00eancia para controlar as situa\u00e7\u00f5es, mas tamb\u00e9m tem um senso de justi\u00e7a e compaix\u00e3o que o torna um personagem complexo e fascinante. Marlon Brando d\u00e1 vida a esse personagem ic\u00f4nico com maestria, tornando-o um dos mais memor\u00e1veis da hist\u00f3ria do cinema.<\/p>\n<hr \/>\n<h3 style=\"text-align: center;\">Links<\/h3>\n<p style=\"text-align: center;\"><a href=\"https:\/\/telegra.ph\/A-historia-do-imperador-Mansa-Musa-a-pessoa-mais-rica-que-ja-existiu-07-08\" target=\"_blank\" rel=\"noopener\">O Imperador africano que foi a pessoa mais rica que jamais existiu<\/a><\/p>\n<p style=\"text-align: center;\"><a href=\"https:\/\/telegra.ph\/O-visual-de-imperadores-Romanos-recriados-de-forma-realista-07-08\" target=\"_blank\" rel=\"noopener\">O visual dos Imperadores Romanos recriado de forma realista<\/a><\/p>\n<p style=\"text-align: center;\"><a href=\"https:\/\/telegra.ph\/Curiosidades-sobre-Imperadores-07-08\" target=\"_blank\" rel=\"noopener\">Curiosidades sobre os Imperadores Romanos<\/a><\/p>\n<hr \/>\n<h2 style=\"text-align: center;\">R\u00e1dio Rel\u00f3gio<\/h2>\n<figure id=\"attachment_973\" aria-describedby=\"caption-attachment-973\" style=\"width: 300px\" class=\"wp-caption aligncenter\"><img loading=\"lazy\" decoding=\"async\" class=\"wp-image-973 size-medium\" src=\"https:\/\/nalua.in\/notas\/wp-content\/uploads\/2023\/07\/R163-Tumulo-dos-santos-imperadores-696x404-1-300x174.jpg\" alt=\"\" width=\"300\" height=\"174\" srcset=\"https:\/\/nalua.in\/notas\/wp-content\/uploads\/2023\/07\/R163-Tumulo-dos-santos-imperadores-696x404-1-300x174.jpg 300w, https:\/\/nalua.in\/notas\/wp-content\/uploads\/2023\/07\/R163-Tumulo-dos-santos-imperadores-696x404-1-150x87.jpg 150w, https:\/\/nalua.in\/notas\/wp-content\/uploads\/2023\/07\/R163-Tumulo-dos-santos-imperadores-696x404-1.jpg 696w\" sizes=\"auto, (max-width: 300px) 100vw, 300px\" \/><figcaption id=\"caption-attachment-973\" class=\"wp-caption-text\"><span style=\"font-size: 8pt;\">O t\u00famulo dos Imperadores na Catedral de Bamberg<\/span><\/figcaption><\/figure>\n<p style=\"text-align: justify;\"><em><span style=\"font-size: 10pt;\">Faltam 4 dias para se comemorar os imperadores que viraram santos: Henrique e Cunegunda. Os dois foram um casal de soberanos que governaram o Sacro Imp\u00e9rio Romano-Germ\u00e2nico no s\u00e9culo XI. Eles s\u00e3o venerados como santos pela Igreja Cat\u00f3lica e pela Igreja Ortodoxa Oriental, por sua piedade, caridade e defesa da f\u00e9 crist\u00e3. Henrique nasceu em 973 e foi educado na corte do imperador Ot\u00e3o II, seu primo, e se tornou duque da Baviera em 995, ap\u00f3s a morte de seu pai. Em 1002, ele foi eleito rei dos romanos, sendo coroado pelo papa Bento VIII em 1014.\u00a0<\/span><\/em><em><span style=\"font-size: 10pt;\">Cunegunda nasceu em 980. Ela era prima de Henrique e se casou com ele em 999. Foi coroada rainha dos romanos em 1002 e imperatriz em 1014, junto com seu marido. Ela era uma mulher culta e devota, que fundou v\u00e1rios mosteiros e hospitais, al\u00e9m de apoiar as reformas da Igreja. Ela ajudou a governar o imp\u00e9rio. Henrique e Cunegunda tiveram um casamento feliz e harmonioso, mas sem filhos. Segundo a tradi\u00e7\u00e3o, fizeram um voto de castidade conjugal. Eles tamb\u00e9m eram conhecidos por sua generosidade com os pobres e os necessitados, e por sua defesa dos direitos da Igreja. Apesar de enfrentarem dificuldades, eles conseguiram manter a unidade e a paz do imp\u00e9rio, e expandir seus territ\u00f3rios. Henrique morreu em 1024, aos 51 anos. Ele foi sepultado na catedral de Bamberg, que ele havia fundado. Cunegunda renunciou \u00e0 vida p\u00fablica ap\u00f3s a morte de seu marido. Ela morreu em 1033, aos 53 anos e foi sepultada ao lado de Henrique na catedral de Bamberg. Henrique foi canonizado em 1146 pelo papa Eug\u00eanio III, e Cunegunda em 1200 pelo papa Inoc\u00eancio III. Eles s\u00e3o celebrados no dia 13 de julho pela Igreja Cat\u00f3lica e no dia 14 de fevereiro pela Igreja Ortodoxa Oriental. Eles s\u00e3o considerados os padroeiros dos casais crist\u00e3os, dos governantes justos e da Baviera.<\/span><\/em><\/p>\n<table style=\"width: 100%; border-collapse: collapse; background-color: #b3f5ea;\">\n<tbody>\n<tr>\n<td style=\"width: 100%;\">\n<p style=\"text-align: center;\"><em>\u00a0\u201c\u00c9 um imp\u00e9rio\/ aquela luz que se apaga\/ ou \u00e9 um vagalume?\u201d<\/em><\/p>\n<p style=\"text-align: center;\"><strong>Jorge Luis Borges<\/strong><\/p>\n<\/td>\n<\/tr>\n<\/tbody>\n<\/table>\n<hr \/>\n<p style=\"text-align: center;\"><strong>Post com a colabora\u00e7\u00e3o de\u00a0<a href=\"http:\/\/instagram.com\/laismeralda\" target=\"_blank\" rel=\"noopener\">@laismeralda.\u00a0<em>A melhor cartomante do peda\u00e7o, marque sua hora com ela.<\/em><\/a><\/strong><\/p>\n<hr \/>\n<p style=\"text-align: center;\"><span style=\"font-size: 8pt;\">9 de julho\u00a0\u00e9 o 190.\u00ba dia do ano no\u00a0calend\u00e1rio gregoriano\u00a0(191.\u00ba em\u00a0anos bissextos). Faltam 175 dias para acabar o ano.<\/span><\/p>\n<hr \/>\n<p style=\"text-align: justify;\"><em>Se voc\u00ea leu at\u00e9 aqui, obrigada! Esse \u00e9 o meu almanaque particular. Um peda\u00e7o do meu di\u00e1rio, da minha arca da velha, um registro de pequenas efem\u00e9rides, de coisas que quero guardar, do tempo, do vento, do c\u00e9u e do cheiro da chuva. Os Vest\u00edgios do Dia, meus dias. Aqui s\u00f3 tem refer\u00eancias, pois \u00e9 disso que sou feita.<\/em><\/p>\n<table style=\"width: 100%; border-collapse: collapse; background-color: #f0aab0;\">\n<tbody>\n<tr>\n<td style=\"width: 100%; text-align: center;\"><span style=\"font-size: 10pt;\">\u00a9 Nalua \u2013 Caderninho pessoal, bauzinho de trapos coloridos, nos morros de Minas Gerais. J\u00e1 no inverno, friozinho, gra\u00e7as aos c\u00e9us.<\/span><\/td>\n<\/tr>\n<\/tbody>\n<\/table>\n<p style=\"text-align: center;\"><em>Esta \u00e9 a 19\u00aa de 78 p\u00e1ginas que ter\u00e1 este almanaque.<\/em><\/p>\n","protected":false},"excerpt":{"rendered":"<p>alegria em nome da rainha Belo Horizonte, 09 de julho de 2023 \u263c 15\u00b0 &#8211; 27\u00b0 Este post \u00e9 para o meu pai Anivers\u00e1rio do [&#8230;]<\/p>\n","protected":false},"author":1,"featured_media":0,"comment_status":"open","ping_status":"open","sticky":false,"template":"","format":"standard","meta":{"footnotes":""},"categories":[9,13,10,5,12],"tags":[],"class_list":["post-923","post","type-post","status-publish","format-standard","hentry","category-almanaque","category-carta-semanal","category-jardim","category-newsletter","category-oraculo"],"_links":{"self":[{"href":"https:\/\/nalua.in\/notas\/wp-json\/wp\/v2\/posts\/923","targetHints":{"allow":["GET"]}}],"collection":[{"href":"https:\/\/nalua.in\/notas\/wp-json\/wp\/v2\/posts"}],"about":[{"href":"https:\/\/nalua.in\/notas\/wp-json\/wp\/v2\/types\/post"}],"author":[{"embeddable":true,"href":"https:\/\/nalua.in\/notas\/wp-json\/wp\/v2\/users\/1"}],"replies":[{"embeddable":true,"href":"https:\/\/nalua.in\/notas\/wp-json\/wp\/v2\/comments?post=923"}],"version-history":[{"count":43,"href":"https:\/\/nalua.in\/notas\/wp-json\/wp\/v2\/posts\/923\/revisions"}],"predecessor-version":[{"id":972,"href":"https:\/\/nalua.in\/notas\/wp-json\/wp\/v2\/posts\/923\/revisions\/972"}],"wp:attachment":[{"href":"https:\/\/nalua.in\/notas\/wp-json\/wp\/v2\/media?parent=923"}],"wp:term":[{"taxonomy":"category","embeddable":true,"href":"https:\/\/nalua.in\/notas\/wp-json\/wp\/v2\/categories?post=923"},{"taxonomy":"post_tag","embeddable":true,"href":"https:\/\/nalua.in\/notas\/wp-json\/wp\/v2\/tags?post=923"}],"curies":[{"name":"wp","href":"https:\/\/api.w.org\/{rel}","templated":true}]}}