{"id":753,"date":"2023-06-23T21:29:53","date_gmt":"2023-06-23T21:29:53","guid":{"rendered":"https:\/\/nalua.in\/notas\/?p=753"},"modified":"2023-06-26T21:10:00","modified_gmt":"2023-06-26T21:10:00","slug":"desligar-os-controles-da-nave-espacial","status":"publish","type":"post","link":"https:\/\/nalua.in\/notas\/desligar-os-controles-da-nave-espacial\/","title":{"rendered":""},"content":{"rendered":"<p style=\"text-align: center;\"><strong>Belo Horizonte, 25 de junho de 2023, <\/strong><strong>\ud83c\udf24 13\u00b0 \u2013 24\u00b0,\u00a0<\/strong><strong>lua nova, estamos no inverno, sob o signo de C\u00e2ncer.<\/strong><\/p>\n<p><img loading=\"lazy\" decoding=\"async\" class=\"wp-image-799 aligncenter\" src=\"https:\/\/nalua.in\/notas\/wp-content\/uploads\/2023\/06\/E8TG73RWEAEUJMF-1024x382.png\" alt=\"\" width=\"671\" height=\"250\" srcset=\"https:\/\/nalua.in\/notas\/wp-content\/uploads\/2023\/06\/E8TG73RWEAEUJMF-1024x382.png 1024w, https:\/\/nalua.in\/notas\/wp-content\/uploads\/2023\/06\/E8TG73RWEAEUJMF-300x112.png 300w, https:\/\/nalua.in\/notas\/wp-content\/uploads\/2023\/06\/E8TG73RWEAEUJMF-768x287.png 768w, https:\/\/nalua.in\/notas\/wp-content\/uploads\/2023\/06\/E8TG73RWEAEUJMF-1536x573.png 1536w, https:\/\/nalua.in\/notas\/wp-content\/uploads\/2023\/06\/E8TG73RWEAEUJMF-150x56.png 150w, https:\/\/nalua.in\/notas\/wp-content\/uploads\/2023\/06\/E8TG73RWEAEUJMF.png 1678w\" sizes=\"auto, (max-width: 671px) 100vw, 671px\" \/><\/p>\n<p style=\"text-align: center;\"><span style=\"font-size: 10pt;\"><em>Luis Fernando Verissimo <\/em><span class=\"fe5nidar khvhiq1o r5qsrrlp i5tg98hk f9ovudaz przvwfww gx1rr48f gfz4du6o r7fjleex nz2484kf svot0ezm dcnh1tix sxl192xd t3g6t33p\"><span class=\"mpj7bzys xzlurrtv\">\u2665\ufe0f<\/span><\/span><\/span><\/p>\n<hr \/>\n<p style=\"text-align: justify;\"><span style=\"text-decoration: underline;\">Dia do Imigrante Internacional<\/span>. <span style=\"text-decoration: underline;\">Dia Mundial do Vitiligo<\/span>, condi\u00e7\u00e3o que me afetou quando eu era jovem e tinha o rosto manchado. Faltam dois dias para o anivers\u00e1rio da <span style=\"text-decoration: underline;\">Karina<\/span>. Um dia depois do anivers\u00e1rio da <span style=\"color: #000000;\"><a style=\"color: #000000;\" href=\"https:\/\/www.instagram.com\/luciana_queiroz_64\/\" target=\"_blank\" rel=\"noopener\"><span style=\"text-decoration: underline;\">Lu Naves<\/span><\/a>.<\/span> Em <strong>1947<\/strong> \u00e9 publicado pela primeira vez o <span style=\"text-decoration: underline;\">Di\u00e1rio de Anne Frank. <\/span>Em <strong>1950<\/strong> come\u00e7a a <span style=\"text-decoration: underline;\">Guerra da Coreia<\/span>; em <strong>1975<\/strong>, Mo\u00e7ambique <span style=\"text-decoration: underline;\">se livra<\/span> de ser col\u00f4nia de Portugal. Em <strong>1991 <\/strong>Cro\u00e1cia e Eslov\u00eania <span style=\"text-decoration: underline;\">declaram a independ\u00eancia<\/span> da Iugosl\u00e1via. Em\u00a0 <strong>1852<\/strong> nasce <span style=\"text-decoration: underline;\">Ant\u00f3nio Gaudi<\/span>, em <strong>1903<\/strong> o sensacional <span style=\"text-decoration: underline;\">George Orwell<\/span>, em <strong>1924<\/strong> <span style=\"text-decoration: underline;\">Sidney Lumet<\/span>.\u00a0 Em\u00a0<strong>1952<\/strong> chega <span style=\"text-decoration: underline;\">Miguel Sousa Tavares<\/span>, em <strong>1956<\/strong>, <span style=\"text-decoration: underline;\">Anthony Bourdain<\/span>. Em <strong>1984<\/strong> choramos a passagem de <span style=\"text-decoration: underline;\">Michel Foucault<\/span>. Em <strong>1997<\/strong> morreu <span style=\"text-decoration: underline;\">Jacques Cousteau<\/span>, e n\u00e3o foi num submarino improvisado. Em <strong>2000<\/strong> <span style=\"text-decoration: underline;\">Wilson Simonal<\/span> e em <strong>2009<\/strong>, no mesmo dia deixam o mundo <span style=\"text-decoration: underline;\">Farrah Fawcett e Michael Jackson<\/span>. Na <span style=\"text-decoration: underline;\">Guatemala<\/span> hoje \u00e9 dia do professor. Espero que eles sejam valorizados por l\u00e1.<\/p>\n<hr \/>\n<p><a href=\"https:\/\/nalua.in\/notas\/wp-content\/uploads\/2023\/06\/cosmos.mp4\" target=\"_blank\" rel=\"noopener\"><img loading=\"lazy\" decoding=\"async\" class=\"aligncenter wp-image-759 size-medium\" src=\"https:\/\/nalua.in\/notas\/wp-content\/uploads\/2023\/06\/cosmospeq-276x300.jpg\" alt=\"\" width=\"276\" height=\"300\" srcset=\"https:\/\/nalua.in\/notas\/wp-content\/uploads\/2023\/06\/cosmospeq-276x300.jpg 276w, https:\/\/nalua.in\/notas\/wp-content\/uploads\/2023\/06\/cosmospeq-150x163.jpg 150w, https:\/\/nalua.in\/notas\/wp-content\/uploads\/2023\/06\/cosmospeq.jpg 605w\" sizes=\"auto, (max-width: 276px) 100vw, 276px\" \/><\/a><\/p>\n<p style=\"text-align: center;\"><span style=\"color: #333399;\"><strong><em><a style=\"color: #333399;\" href=\"https:\/\/nalua.in\/notas\/wp-content\/uploads\/2023\/06\/cosmos.mp4\" target=\"_blank\" rel=\"noopener\">D\u00ea play, tem s\u00f3 um minuto, \u00e9 um story de Instagram*<\/a><\/em><\/strong><\/span><\/p>\n<hr \/>\n<h2 style=\"text-align: center;\">Um dia depois de 25 de junho de 1994, escreveu Maria Gabriela Llansol em seu di\u00e1rio:<\/h2>\n<p style=\"text-align: justify;\"><em>\u2014\u2014 vi hoje o medo numa andorinha: prefiro\u00a0<\/em><em>v\u00ea-lo em mim pr\u00f3pria. Uma andorinha parada, no canto angular da cozinha com o olho vidrado de impot\u00eancia, n\u00e3o \u00e9 aspecto da natureza desmunida que eu queira ver.<\/em><\/p>\n<p style=\"text-align: justify;\"><em>Mas vi.<\/em><\/p>\n<p style=\"text-align: justify;\"><em>E, no esp\u00edrito do meu corpo, que estava na minha m\u00e3o e no meu olhar, desenhou-se a figura do monstro da metanoite,\u00a0<\/em><\/p>\n<p style=\"text-align: justify;\"><em>aqu\u00e1tico, viscoso,<\/em><\/p>\n<p style=\"text-align: justify;\"><em>que habita nos confins da terra.<\/em><\/p>\n<p style=\"text-align: justify;\"><em>\u00a0 \u00a0 \u00a0 \u00a0 \u00a0 \u00a0 \u00a0 \u00a0 \u00a0 \u00a0 \u00a0 \u00a0 \u00a0 \u00a0 \u00a0 \u00a0 \u00a0 \u00a0 \u00a0e vem ter connosco<\/em><\/p>\n<p style=\"text-align: justify;\"><em>\u00a0 \u00a0 \u00a0 \u00a0 \u00a0 \u00a0 \u00a0 \u00a0 \u00a0 \u00a0 \u00a0 \u00a0 \u00a0 \u00a0 \u00a0 \u00a0 \u00a0 \u00a0 \u00a0 \u00a0 \u00a0 \u00a0 \u00a0 \u00a0 \u00a0 \u00a0 \u00a0 \u00a0 \u00a0 \u00a0 \u00a0 \u00a0 \u00a0 \u00a0 \u00a0 \u00a0 \u00a0 \u00a0para se<\/em><\/p>\n<p style=\"text-align: justify;\"><em>salvar no humano,<\/em><\/p>\n<p style=\"text-align: justify;\"><em>se houver humanos que assim queiram. E, se houver,\u00a0<\/em><em>haver\u00e1 medo, linguagem, beleza e pensamento.<\/em><\/p>\n<p style=\"text-align: justify;\"><em>A trilogia do belo, do pensamento e do vivo que esconde\u00a0<\/em><em>um <\/em>medonho <em>em si. Esta cozinha, toda janelas, pode precipitar em formas\u00a0<\/em><em>monstruosas, no meu esp\u00edrito \u2014\u2014 andorinhas desprevenidas. Foi-me dado o dom, no entanto, de avan\u00e7ar para os monstros de m\u00e3os nuas. Disse-lhe, pegando nela com a repugn\u00e2ncia j\u00e1 transformada em preens\u00e3o:<\/em><\/p>\n<p style=\"text-align: justify;\"><em>&#8211; Vai querida andorinha.<\/em><\/p>\n<p style=\"text-align: justify;\"><em>E, por um golpe de voo ou de m\u00e1gica que ocorre, sob o olhar ascendente, em todas as esp\u00e9cies, a andorinha retomou o seu corpo alado, volteou na imagem do <\/em>Pr\u00edncipe Feliz<em>, de \u00d3scar Wilde,\u00a0<\/em><em>e levou consigo o medo profundo de perder a identidade que se apoderara de mim pela manh\u00e3.<\/em><\/p>\n<p style=\"text-align: right;\"><strong>Maria Gabriela Llansol &#8211; Inqu\u00e9rito \u00e0s Quatro Confid\u00eancias &#8211; Ed. Aut\u00eantica<\/strong><\/p>\n<hr \/>\n<p style=\"text-align: center;\"><em>n\u00e3o escalei o everest<\/em><br \/>\n<em>mas todas as manh\u00e3s<\/em><br \/>\n<em>e todas as tardes<\/em><br \/>\n<em>subo e des\u00e7o<\/em><br \/>\n<em>esta avenida<\/em><br \/>\n<em>e posso garantir<\/em><br \/>\n<em>que tamb\u00e9m este caminho<\/em><br \/>\n<em>\u00e9 feito das mesmas pedras<\/em><br \/>\n<em>e do mesmo c\u00e9u<\/em><br \/>\n\u2663\ufe0f<br \/>\n<strong>In\u00eas Francisco Jacob<\/strong><\/p>\n<hr \/>\n<h2 style=\"text-align: center;\"><strong>Or\u00e1culo da Semana<\/strong><\/h2>\n<table style=\"width: 100%; border-collapse: collapse; background-color: #b3f2e3;\">\n<tbody>\n<tr>\n<td style=\"width: 100%;\"><img loading=\"lazy\" decoding=\"async\" class=\"size-full wp-image-810 aligncenter\" src=\"https:\/\/nalua.in\/notas\/wp-content\/uploads\/2023\/06\/sixwandsp.jpg\" alt=\"\" width=\"350\" height=\"610\" srcset=\"https:\/\/nalua.in\/notas\/wp-content\/uploads\/2023\/06\/sixwandsp.jpg 350w, https:\/\/nalua.in\/notas\/wp-content\/uploads\/2023\/06\/sixwandsp-172x300.jpg 172w, https:\/\/nalua.in\/notas\/wp-content\/uploads\/2023\/06\/sixwandsp-150x261.jpg 150w\" sizes=\"auto, (max-width: 350px) 100vw, 350px\" \/><\/p>\n<p>&nbsp;<\/td>\n<\/tr>\n<\/tbody>\n<\/table>\n<p style=\"text-align: justify;\">A carta Seis de Paus do Tar\u00f4 \u00e9 uma das cartas mais positivas do baralho, e tradicionalmente representa <strong>vit\u00f3ria<\/strong>, <strong>sucesso<\/strong>, <strong>realiza\u00e7\u00e3o pessoal<\/strong>. Esta carta \u00e9 frequentemente associada a <strong>celebra\u00e7\u00f5es<\/strong> e <strong>reconhecimento p\u00fablico<\/strong>, indicando que o consulente est\u00e1 <strong>alcan\u00e7ando seus objetivos<\/strong> e sendo reconhecido por isso. \u00c9 carta que traz a <strong>coroa de louros<\/strong>. Mas tamb\u00e9m \u00e9 a carta que tem <strong>o rei na barriga<\/strong>. A carta daquela secreta (ou nem tanto) <strong>satisfa\u00e7\u00e3o consigo mesmo<\/strong>. Mas n\u00e3o exatamente uma satisfa\u00e7\u00e3o inocente, s\u00f3 de alegria por ter conseguido um objetivo. O lado desta carta que vamos explorar hoje \u00e9 o daquela sensa\u00e7\u00e3o de muita <strong>import\u00e2ncia pessoal<\/strong>. \u00c9 sobre aqueles momentos em que achamos que somos <strong>grandes pessoas, grandes coisas e bem melhores que os outros<\/strong>. Ou aquela corrida para sermos melhores e mais importantes que o resto do mundo.<\/p>\n<p style=\"text-align: justify;\">Ela fala dos momentos em que isto aparece na nossa <strong>a\u00e7\u00e3o<\/strong>. Nenhum de n\u00f3s escapa de se sentir ou de agir assim. Algumas pessoas mais, outras menos. Esta \u00e9 uma das v\u00e1rias facetas do Seis de Paus, e por isso ele \u00e9 tamb\u00e9m, uma carta sobre a <strong>auto import\u00e2ncia<\/strong>. L\u00e1 no fundo sabemos todos que <strong>nossa import\u00e2ncia \u00e9 sempre muito relativa <\/strong>(minha lua em Le\u00e3o chora :)). Mas \u00e0s vezes gostar\u00edamos que n\u00e3o fosse, gostar\u00edamos de ser <strong>mais importantes<\/strong> do que sabemos. Queremos reconhecimento, sempre. E isto \u00e9 normal e muito humano. Ruim \u00e9 sempre o excesso, sabemos disso tamb\u00e9m.<\/p>\n<p style=\"text-align: justify;\">O convite que este arcano nos faz \u00e9 para que, nesta semana, <strong>contemplemos a nossa pequenez<\/strong>, a nossa <strong>insignific\u00e2ncia<\/strong>, especialmente <strong>perante o cosmos e perante o tempo<\/strong>. Que por um momento a gente observe a <strong>vastid\u00e3o do universo<\/strong> e entenda toda nossa <strong>desimport\u00e2ncia<\/strong>.<\/p>\n<p style=\"text-align: justify;\"><em>Mas qual o motivo disso, Seis de Paus<\/em>? N\u00e3o \u00e9 pela humildade, isso \u00e9 assunto de outros arcanos. \u00c9 porque <strong>ter no\u00e7\u00e3o da nossa insignific\u00e2ncia nos liberta<\/strong>. Porque entender como somos pequenos nos torna <strong>mais gratos<\/strong>, e nos d\u00e1 mais <strong>urg\u00eancia de ver a beleza de tudo<\/strong>, pois um dia, muito breve, <strong>n\u00e3o seremos mais<\/strong>. Mesmo que j\u00e1 n\u00e3o sejamos muito.<\/p>\n<p style=\"text-align: justify;\">Esse tema me faz lembrar dos ensinamentos do <strong>nagualismo<\/strong> de Carlos Castaneda. Ele mostrava nos seus livros, (meus companheiros de juventude), que um dos principais temas da filosofia tolteca era a urg\u00eancia de se abrir m\u00e3o da <strong>import\u00e2ncia pessoal<\/strong>. Castaneda escreveu sobre isso atrav\u00e9s de seu personagem, Don Juan, um \u00edndio que ele teria conhecido quando foi fazer trabalho antropol\u00f3gico de campo no M\u00e9xico.\u00a0Um dos conceitos centrais dos ensinamentos de Don Juan era o <strong>abandono<\/strong> da import\u00e2ncia pessoal, que ele definia como a capacidade de <strong>deixar de se levar t\u00e3o a s\u00e9rio<\/strong> e de se <strong>libertar das amarras das expectativas alheias<\/strong>. Para Don Juan, a <strong>import\u00e2ncia pessoal era um obst\u00e1culo para o verdadeiro poder, para a liberdade e para a felicidade<\/strong>.<\/p>\n<p style=\"text-align: justify;\">A import\u00e2ncia pessoal nos faz crer que somos o <strong>centro<\/strong> do universo, que nossos problemas s\u00e3o <strong>\u00fanicos<\/strong> e <strong>insuper\u00e1veis<\/strong>, que nossas opini\u00f5es s\u00e3o <strong>as mais v\u00e1lidas<\/strong> e que nossas a\u00e7\u00f5es t\u00eam <strong>consequ\u00eancias definitivas<\/strong>. Essa atitude nos torna vulner\u00e1veis ao <strong>medo, \u00e0 culpa, \u00e0 raiva, ao orgulho, \u00e0 inveja e \u00e0 autopiedade<\/strong>. Por isso o Seis de Paus nos exorta a olharmos para o universo nesta semana, para o <strong>cosmos<\/strong>. Para a <strong>vastid\u00e3o do universo<\/strong>. At\u00e9 nos sentirmos o que somos, <strong>pequenos<\/strong> e <strong>desimportantes<\/strong> em rela\u00e7\u00e3o \u00e0 grandeza do mundo, do qual somos apenas \u00ednfimas part\u00edculas de poeira. Agora sabemos que isso n\u00e3o \u00e9 somente uma met\u00e1fora, como mostra o v\u00eddeo que coloquei no come\u00e7o do post. Saber que somos pequenos coloca as coisas na sua devida perspectiva. Nos ajuda a entender <strong>o que realmente importa<\/strong>.<\/p>\n<p style=\"text-align: justify;\"><strong>O universo \u00e9 lindo, \u00e9 imenso, misterioso<\/strong>. E quase nunca paramos para pensar nessa <strong>vastid\u00e3o<\/strong>, n\u00e3o \u00e9? Vamos pensar sobre esse mist\u00e9rio profundo,<strong> olhar para cima<\/strong>, para o <strong>espa\u00e7o entre as estrelas<\/strong> e deixar que essa imensid\u00e3o <strong>nos liberte de sermos t\u00e3o grandes, t\u00e3o bons e t\u00e3o importantes<\/strong>. O universo \u00e9 t\u00e3o bonito, t\u00e3o grande, t\u00e3o devastador. N\u00e3o \u00e9 uma sorte imensa ser parte disso, poder <em>ser<\/em>? <strong>Existe um infinito que n\u00e3o \u00e9<\/strong>. A n\u00f3s foi dada a imensa sorte de <em>ser<\/em>, e de <strong>ser agora<\/strong>.<\/p>\n<p style=\"text-align: justify;\">Teremos vit\u00f3rias essa semana, mas n\u00e3o deixemos que elas venham junto com um <strong>palanque<\/strong>, uma <strong>coroa<\/strong> ou um <strong>dedo apontado<\/strong>. \u00a0Que ao contr\u00e1rio, <strong>a grandeza, junto com os ganhos<\/strong> possam nos inundar de um <strong>sentimento oce\u00e2nico<\/strong> t\u00e3o raro, t\u00e3o \u00fanico. E depois <em>volta para a Terra, s\u00f3 quem erra tem perd\u00e3o, volta, homem do espa\u00e7o e firma teus p\u00e9s no ch\u00e3o.<\/em><\/p>\n<p style=\"text-align: justify;\">Boa semana, poeirinhas.<\/p>\n<table style=\"width: 100%; border-collapse: collapse; background-color: #eda998;\">\n<tbody>\n<tr>\n<td style=\"width: 100%;\"><img loading=\"lazy\" decoding=\"async\" class=\"size-full wp-image-764 aligncenter\" src=\"https:\/\/nalua.in\/notas\/wp-content\/uploads\/2023\/06\/seisdepausp.jpg\" alt=\"\" width=\"350\" height=\"635\" srcset=\"https:\/\/nalua.in\/notas\/wp-content\/uploads\/2023\/06\/seisdepausp.jpg 350w, https:\/\/nalua.in\/notas\/wp-content\/uploads\/2023\/06\/seisdepausp-165x300.jpg 165w, https:\/\/nalua.in\/notas\/wp-content\/uploads\/2023\/06\/seisdepausp-150x272.jpg 150w\" sizes=\"auto, (max-width: 350px) 100vw, 350px\" \/><\/p>\n<p style=\"text-align: justify;\">\n<\/td>\n<\/tr>\n<\/tbody>\n<\/table>\n<p style=\"text-align: justify;\">A imagem tradicional da carta Seis de Paus mostra um cavaleiro segurando um bast\u00e3o com uma coroa de louros na ponta. Ele \u00e9 cercado por uma multid\u00e3o de pessoas que o aplaudem e o parabenizam, simbolizando o reconhecimento p\u00fablico de suas realiza\u00e7\u00f5es. O cavaleiro est\u00e1 vestido com uma armadura, indicando que ele trabalhou duro para chegar onde est\u00e1 e que sua vit\u00f3ria foi conquistada atrav\u00e9s de esfor\u00e7o e dedica\u00e7\u00e3o.<\/p>\n<p style=\"text-align: justify;\">Quando a carta Seis de Paus aparece em uma leitura de Tar\u00f4, ela pode representar uma s\u00e9rie de coisas positivas. Em primeiro lugar, pode indicar que o indiv\u00edduo est\u00e1 prestes a alcan\u00e7ar uma grande vit\u00f3ria ou sucesso em sua vida. A carta Seis de Paus tamb\u00e9m pode representar o reconhecimento p\u00fablico dessas realiza\u00e7\u00f5es, como receber um pr\u00eamio ou ser promovido.Al\u00e9m disso, a carta Seis de Paus pode indicar um aumento na autoconfian\u00e7a e autoestima do indiv\u00edduo. Eles podem se sentir mais seguros em suas habilidades e confiantes em suas decis\u00f5es. Isso pode ajud\u00e1-los a enfrentar desafios com mais facilidade e a tomar medidas para alcan\u00e7ar seus objetivos.\u00a0Ela indica que o indiv\u00edduo est\u00e1 no caminho certo para alcan\u00e7ar seus objetivos e que seu trabalho duro e dedica\u00e7\u00e3o ser\u00e3o recompensados. \u00c9 importante continuar trabalhando duro e permanecer comprometido com seus objetivos para garantir que essa vit\u00f3ria seja alcan\u00e7ada. Mas \u00e9 sempre s\u00e1bio n\u00e3o deixar que os sentimentos de auto import\u00e2ncia subam \u00e0 cabe\u00e7a.<\/p>\n<hr \/>\n<table style=\"width: 100%; border-collapse: collapse; background-color: #bfddf5;\">\n<tbody>\n<tr>\n<td style=\"width: 100%;\">\n<h2 style=\"text-align: center;\">Ler com olhos verdes que piscam no escuro<\/h2>\n<p style=\"text-align: justify;\"><em>Ouvir sua voz \u00e0 noite pelo telefone, no hotel onde eu fui me esconder para trabalhar, foi como um sonho estranho e bonito. Voc\u00ea parecia mais calorosa e madura. Voc\u00ea sempre ser\u00e1 uma grande mulher. Eu tenho muitas coisas para te ensinar agora, caso nos encontremos, sobre a mensagem que me foi transmitida debaixo de um pinheiro na Carolina do Norte em uma noite de inverno enluarada e fria. A mensagem disse que Nada Aconteceu, ent\u00e3o n\u00e3o se preocupe. \u00c9 tudo como um sonho. Tudo \u00e9 \u00eaxtase por dentro. N\u00f3s simplesmente n\u00e3o sabemos disso por causa de nossas mentes pensantes. Mas em nossa verdadeira ess\u00eancia bem-aventurada, sabemos que est\u00e1 tudo certo para sempre e sempre e sempre. <\/em><\/p>\n<p style=\"text-align: justify;\"><em>Feche os olhos, relaxe as m\u00e3os e termina\u00e7\u00f5es nervosas, pare de respirar por 3 segundos, ou\u00e7a o sil\u00eancio dentro da ilus\u00e3o do mundo, e voc\u00ea se lembrar\u00e1 da li\u00e7\u00e3o que esqueceu, que foi ensinada em imensos caminhos leitosos de nuvens em inumer\u00e1veis mundos h\u00e1 muito tempo. \u00c9 tudo uma coisa vasta e acordada. Eu chamo isso de eternidade dourada. \u00c9 perfeito. <\/em><\/p>\n<p style=\"text-align: justify;\"><em>Nunca nascemos realmente, nunca morreremos realmente. N\u00e3o tem nada a ver com a ideia imagin\u00e1ria de um eu pessoal, outros eus, muitos eus em todos os lugares ou um eu universal. O eu \u00e9 apenas uma ideia, uma ideia mortal. Aquilo que passa por tudo \u00e9 uma coisa. \u00c9 um sonho que j\u00e1 acabou. Eu sei disso porque olhei para as montanhas por meses a fio. Elas nunca mostram qualquer express\u00e3o, s\u00e3o como espa\u00e7o vazio. Voc\u00ea acha que o vazio do espa\u00e7o vai desmoronar algum dia? As montanhas v\u00e3o desmoronar, mas o vazio do espa\u00e7o, que \u00e9 a ess\u00eancia universal da mente, que tamb\u00e9m \u00e9 vasta, vazia e desperta, nunca desmoronar\u00e1 porque nunca nasceu.<\/em><\/p>\n<p style=\"text-align: right;\"><span style=\"font-size: 10pt;\"><strong>Trecho de uma suposta carta de Jack Kerouac para sua primeira esposa, Edie Parker. N\u00e3o encontrei a fonte. Alguns sites mencionam que \u00e9 o livro <em>The Portable Jack Kerouac<\/em>, mas n\u00e3o \u00e9, essa carta n\u00e3o est\u00e1 neste livro e n\u00e3o encontrei em nenhum outro a que tive acesso. Se algu\u00e9m souber e puder me contar, agrade\u00e7o.<\/strong><\/span><\/p>\n<\/td>\n<\/tr>\n<\/tbody>\n<\/table>\n<p style=\"text-align: center;\"><span style=\"color: #ff0000;\"><a style=\"color: #ff0000;\" href=\"https:\/\/www.youtube.com\/watch?v=UqPXt0HqMJ0\" target=\"_blank\" rel=\"noopener\"><strong><em><span style=\"font-size: 10pt;\">Essa carta foi transformada em um curta metragem de 4 minutos, recitada por John Cage e com trilha sonora do Pink Floyd. Clique para assistir, \u00e9 lindo.<\/span><\/em><\/strong><\/a><\/span><\/p>\n<hr \/>\n<p><img loading=\"lazy\" decoding=\"async\" class=\"aligncenter wp-image-765 size-large\" src=\"https:\/\/nalua.in\/notas\/wp-content\/uploads\/2023\/06\/tirinhauniverso-1024x325.jpg\" alt=\"\" width=\"800\" height=\"254\" srcset=\"https:\/\/nalua.in\/notas\/wp-content\/uploads\/2023\/06\/tirinhauniverso-1024x325.jpg 1024w, https:\/\/nalua.in\/notas\/wp-content\/uploads\/2023\/06\/tirinhauniverso-300x95.jpg 300w, https:\/\/nalua.in\/notas\/wp-content\/uploads\/2023\/06\/tirinhauniverso-768x244.jpg 768w, https:\/\/nalua.in\/notas\/wp-content\/uploads\/2023\/06\/tirinhauniverso-150x48.jpg 150w, https:\/\/nalua.in\/notas\/wp-content\/uploads\/2023\/06\/tirinhauniverso.jpg 1205w\" sizes=\"auto, (max-width: 800px) 100vw, 800px\" \/><\/p>\n<p style=\"text-align: center;\"><span style=\"font-size: 8pt;\">Niquel N\u00e1usea<span class=\"fe5nidar khvhiq1o r5qsrrlp i5tg98hk f9ovudaz przvwfww gx1rr48f gfz4du6o r7fjleex nz2484kf svot0ezm dcnh1tix sxl192xd t3g6t33p\"><span class=\"mpj7bzys xzlurrtv\">\u2665\ufe0f<\/span><\/span><\/span><\/p>\n<table style=\"border-collapse: collapse; width: 100%;\">\n<tbody>\n<tr>\n<td style=\"width: 100%;\">\n<table style=\"width: 100%; border-collapse: collapse; background-color: #ed4c64;\">\n<tbody>\n<tr>\n<td style=\"width: 100%; text-align: center;\">\n<h2><strong>O que ajuda a atravessar esta noite equatorial<\/strong><\/h2>\n<\/td>\n<\/tr>\n<\/tbody>\n<\/table>\n<\/td>\n<\/tr>\n<\/tbody>\n<\/table>\n<h3 style=\"text-align: center;\"><strong>Livro<\/strong><\/h3>\n<p style=\"text-align: justify;\"><img loading=\"lazy\" decoding=\"async\" class=\"wp-image-773 size-medium aligncenter\" src=\"https:\/\/nalua.in\/notas\/wp-content\/uploads\/2023\/06\/contato-207x300.jpg\" alt=\"\" width=\"207\" height=\"300\" srcset=\"https:\/\/nalua.in\/notas\/wp-content\/uploads\/2023\/06\/contato-207x300.jpg 207w, https:\/\/nalua.in\/notas\/wp-content\/uploads\/2023\/06\/contato-150x217.jpg 150w, https:\/\/nalua.in\/notas\/wp-content\/uploads\/2023\/06\/contato.jpg 345w\" sizes=\"auto, (max-width: 207px) 100vw, 207px\" \/><strong>Contato &#8211; Carl Sagan &#8211;\u00a0<em>Indico porque tem tudo a ver com a pequenez da gente frente ao cosmos. Quando saiu o Seis de Paus, pelo tema eu perguntei ao meu Akio o que ele indicava, ele falou deste livro. Ele \u00e9 f\u00edsico, com certeza saberia de algo. E como claramente gosta do Carl Sagan, saiu essa indica\u00e7\u00e3o. Pra n\u00e3o indicar sem ler, devorei. E amei, amei muito, indico demais. Leiam, tem v\u00e1rias camadas, fala de muita coisa e leva \u00e0 muitas reflex\u00f5es. Minha cabe\u00e7a ainda t\u00e1 fritando com algumas quest\u00f5es deste livro.<\/em><\/strong><\/p>\n<hr \/>\n<p style=\"text-align: justify;\">O livro &#8220;Contato&#8221; de Carl Sagan \u00e9 uma obra de fic\u00e7\u00e3o cient\u00edfica que aborda temas como a busca por vida extraterrestre, a rela\u00e7\u00e3o entre ci\u00eancia e religi\u00e3o e a import\u00e2ncia do di\u00e1logo intercultural. Publicado em 1985, o livro conta a hist\u00f3ria da cientista Ellie Arroway, que lidera uma equipe de pesquisadores em busca de sinais de vida inteligente no universo.\u00a0A narrativa se desenvolve a partir da descoberta de um sinal de r\u00e1dio vindo de Vega, uma estrela pr\u00f3xima \u00e0 Terra. A equipe liderada por Ellie trabalha para decifrar o sinal e descobrir sua origem, enfrentando desafios t\u00e9cnicos e pol\u00edticos ao longo do caminho.\u00a0Al\u00e9m da trama principal, o livro tamb\u00e9m aborda quest\u00f5es filos\u00f3ficas e religiosas relacionadas \u00e0 possibilidade de vida extraterrestre. A personagem principal, Ellie, \u00e9 uma ateia convicta que se v\u00ea obrigada a lidar com o fato de que a descoberta de vida em outros planetas pode desafiar algumas das cren\u00e7as mais profundas da humanidade.\u00a0O livro tamb\u00e9m explora a rela\u00e7\u00e3o entre ci\u00eancia e religi\u00e3o.\u00a0Ao longo da hist\u00f3ria, Sagan tece uma narrativa que mostra como a ci\u00eancia pode ser um instrumento poderoso para conectar diferentes culturas e superar barreiras ideol\u00f3gicas. A equipe de pesquisadores liderada por Ellie \u00e9 composta por pessoas de diferentes origens \u00e9tnicas e culturais, e a busca por vida extraterrestre \u00e9 vista como uma miss\u00e3o que transcende as fronteiras nacionais e ideol\u00f3gicas.\u00a0Em resumo, &#8220;Contato&#8221; \u00e9 uma obra que combina elementos de fic\u00e7\u00e3o cient\u00edfica, filosofia e cr\u00edtica social para explorar temas profundos e relevantes. O livro \u00e9 uma reflex\u00e3o sobre a natureza humana e nossa busca por respostas para as grandes quest\u00f5es do universo.<\/p>\n<hr \/>\n<h3 style=\"text-align: center;\"><img loading=\"lazy\" decoding=\"async\" class=\"aligncenter wp-image-785 size-medium\" src=\"https:\/\/nalua.in\/notas\/wp-content\/uploads\/2023\/06\/startreknextgenerationposterp-203x300.jpg\" alt=\"\" width=\"203\" height=\"300\" srcset=\"https:\/\/nalua.in\/notas\/wp-content\/uploads\/2023\/06\/startreknextgenerationposterp-203x300.jpg 203w, https:\/\/nalua.in\/notas\/wp-content\/uploads\/2023\/06\/startreknextgenerationposterp-150x221.jpg 150w, https:\/\/nalua.in\/notas\/wp-content\/uploads\/2023\/06\/startreknextgenerationposterp.jpg 350w\" sizes=\"auto, (max-width: 203px) 100vw, 203px\" \/><strong>S\u00e9rie<\/strong><\/h3>\n<p style=\"text-align: justify;\"><strong>Star Trek &#8211; Nova Gera\u00e7\u00e3o. <em>Essa s\u00e9rie \u00e9 uma das minhas series favoritas de todos os tempos. N\u00e3o canso de ver, e ela sempre me desperta esse sentimento de ser pequena perante a imensid\u00e3o do universo. Sempre coloca as coisas em perspectiva. Fora que \u00e9 a s\u00e9rie com as melhores discuss\u00f5es sobre \u00e9tica, sobre o sentido da vida, sobre as coisas que ao fim realmente importam. Assistir Star Trek muda a gente. Assistam. <span style=\"text-decoration: underline;\">E tem o Data<\/span>, o melhor personagem de s\u00e9rie de todos os tempos.\u00a0<\/em><\/strong><\/p>\n<hr \/>\n<p style=\"text-align: justify;\"><em>Star Trek: Nova Gera\u00e7\u00e3o<\/em> \u00e9 uma s\u00e9rie de televis\u00e3o americana de fic\u00e7\u00e3o cient\u00edfica que foi ao ar originalmente entre 1987 e 1994. Criada por Gene Roddenberry, a s\u00e9rie se passa no s\u00e9culo XXIV e segue as aventuras da tripula\u00e7\u00e3o da nave estelar USS Enterprise-D.\u00a0A s\u00e9rie apresenta um elenco diverso e carism\u00e1tico, liderado pelo Capit\u00e3o Jean-Luc Picard, interpretado por Patrick Stewart. Picard \u00e9 um l\u00edder forte e compassivo, que toma decis\u00f5es dif\u00edceis para proteger sua tripula\u00e7\u00e3o e cumprir sua miss\u00e3o de explorar novos mundos e civiliza\u00e7\u00f5es.\u00a0Ao longo das sete temporadas, Star Trek: Nova Gera\u00e7\u00e3o aborda temas importantes como \u00e9tica, moralidade, diversidade e toler\u00e2ncia. A s\u00e9rie tamb\u00e9m apresenta uma vis\u00e3o otimista do futuro, onde a humanidade superou suas diferen\u00e7as e trabalha em conjunto para alcan\u00e7ar grandes feitos.Al\u00e9m disso, a s\u00e9rie apresenta uma grande variedade de criaturas alien\u00edgenas e tecnologias futuristas, que s\u00e3o exploradas em detalhes ao longo dos epis\u00f3dios. A nave Enterprise-D \u00e9 equipada com um holodeque, que permite aos tripulantes experimentarem ambientes virtuais imersivos, e um teletransportador, que permite a transfer\u00eancia instant\u00e2nea de pessoas e objetos.\u00a0Outro destaque da s\u00e9rie \u00e9 o androide Data, interpretado por Brent Spiner. Data \u00e9 um ser artificial que busca compreender a natureza humana e desenvolver emo\u00e7\u00f5es pr\u00f3prias. Sua jornada pessoal \u00e9 explorada ao longo da s\u00e9rie, e ele se torna um dos personagens mais queridos pelos f\u00e3s.\u00a0Star Trek: Nova Gera\u00e7\u00e3o tamb\u00e9m apresenta uma grande variedade de vil\u00f5es memor\u00e1veis, incluindo os Borgs, uma ra\u00e7a cibern\u00e9tica que busca assimilar outras esp\u00e9cies em sua coletividade, e Q, um ser onipotente que usa seus poderes para testar a tripula\u00e7\u00e3o da Enterprise-D.\u00a0No geral, Star Trek: Nova Gera\u00e7\u00e3o \u00e9 uma s\u00e9rie emocionante e inspiradora, que cativou uma legi\u00e3o de f\u00e3s em todo o mundo. Com sua vis\u00e3o otimista do futuro e seus personagens ic\u00f4nicos, a s\u00e9rie continua sendo uma refer\u00eancia na cultura pop e um exemplo de como a fic\u00e7\u00e3o cient\u00edfica pode ser usada para explorar quest\u00f5es profundas e relevantes.<\/p>\n<hr \/>\n<h3 style=\"text-align: center;\"><strong>Outra S\u00e9rie<\/strong><\/h3>\n<p><img loading=\"lazy\" decoding=\"async\" class=\"wp-image-777 size-medium aligncenter\" src=\"https:\/\/nalua.in\/notas\/wp-content\/uploads\/2023\/06\/erplantaomedico-210x300.jpg\" alt=\"\" width=\"210\" height=\"300\" srcset=\"https:\/\/nalua.in\/notas\/wp-content\/uploads\/2023\/06\/erplantaomedico-210x300.jpg 210w, https:\/\/nalua.in\/notas\/wp-content\/uploads\/2023\/06\/erplantaomedico-150x214.jpg 150w, https:\/\/nalua.in\/notas\/wp-content\/uploads\/2023\/06\/erplantaomedico.jpg 350w\" sizes=\"auto, (max-width: 210px) 100vw, 210px\" \/><\/p>\n<p style=\"text-align: justify;\"><strong>ER &#8211; Plant\u00e3o M\u00e9dico, 1994 &#8211; Michael Crichton. <em>Essa s\u00e9rie foi uma sugest\u00e3o da La\u00eds. Mas eu assisti as 15 temporadas e tenho uma hist\u00f3ria pessoal com ela. Foi a s\u00e9rie que inaugurou as noites de s\u00e9ries aqui em casa, que j\u00e1 duram 20 anos. Eu indico pois \u00e9 uma s\u00e9rie que mostra o tempo todo comos somos pequenos, fr\u00e1geis e indefesos frente ao universo, \u00e0 natureza, ao acaso. La\u00eds disse que o personagem principal, o Dr. Carter representa esse sentimento da carta de hoje, pois mostra como ele se sente em rela\u00e7\u00e3o a si mesmo diante da grandeza do sistema que \u00e9 o hospital e a medicina. Que \u00e9 um personagem que chega ao sistema m\u00e9dico americano com toda pompa, com o esp\u00edrito de pessoa mimada, e de repente se depara com a realidade ainda esperando valida\u00e7\u00e3o o tempo todo. A s\u00e9rie tamb\u00e9m mostra os profissionais que provavelmente mais t\u00eam o rei na barriga, os m\u00e9dicos, mostra a disputa de egos deles dentro do hospital. E no fim de cada embate o homem sempre perde para a for\u00e7a do acaso, do imponder\u00e1vel, da natureza. Se perde sempre que se acha grande coisa. \u00c9 uma \u00f3tima s\u00e9rie, n\u00e3o \u00e9 preciso ver toda, a primeira temporada j\u00e1 \u00e9 suficiente. E al\u00e9m disso te transporta diretamente para os <span style=\"text-decoration: underline;\">loucos anos 90<\/span>, a era dourada do Ocidente <\/em>\ud83d\ude42<\/strong><\/p>\n<hr \/>\n<p style=\"text-align: justify;\"><em>ER Plant\u00e3o M\u00e9dico<\/em> \u00e9 uma s\u00e9rie de televis\u00e3o norte-americana que foi exibida entre 1994 e 2009. Criada por Michael Crichton, a s\u00e9rie se passa no pronto-socorro do fict\u00edcio hospital County General, em Chicago, e acompanha o dia a dia dos m\u00e9dicos e enfermeiros que trabalham no local. Ao longo de suas 15 temporadas, ER Plant\u00e3o M\u00e9dico conquistou uma legi\u00e3o de f\u00e3s ao redor do mundo e se tornou um dos seriados mais importantes da hist\u00f3ria da televis\u00e3o. Com um elenco \u00f3timo, roteiros inteligentes e uma produ\u00e7\u00e3o impec\u00e1vel, a s\u00e9rie abordou temas complexos como doen\u00e7as raras, viol\u00eancia dom\u00e9stica, abuso de drogas e quest\u00f5es \u00e9ticas na medicina. Um dos pontos altos de ER Plant\u00e3o M\u00e9dico \u00e9 a forma como os personagens s\u00e3o constru\u00eddos. Cada um deles tem uma hist\u00f3ria de vida e um passado que influencia suas decis\u00f5es e atitudes no presente. Al\u00e9m disso, a s\u00e9rie aborda temas como a rela\u00e7\u00e3o entre m\u00e9dicos e pacientes, a import\u00e2ncia da empatia na medicina e a press\u00e3o emocional que os profissionais da sa\u00fade enfrentam diariamente.\u00a0Outro aspecto marcante de ER Plant\u00e3o M\u00e9dico \u00e9 a sua capacidade de emocionar o p\u00fablico. A s\u00e9rie n\u00e3o tem medo de abordar temas dif\u00edceis e de mostrar as consequ\u00eancias reais das escolhas dos personagens. Muitos epis\u00f3dios s\u00e3o verdadeiras montanhas-russas emocionais, capazes de fazer o espectador rir, chorar e refletir sobre a vida.<\/p>\n<p style=\"text-align: justify;\">Ao longo dos anos, ER Plant\u00e3o M\u00e9dico tamb\u00e9m se destacou pela sua produ\u00e7\u00e3o impec\u00e1vel. A s\u00e9rie foi pioneira no uso de t\u00e9cnicas de c\u00e2mera subjetiva e de edi\u00e7\u00e3o r\u00e1pida, o que criou uma sensa\u00e7\u00e3o de realismo e urg\u00eancia nas cenas de emerg\u00eancia. Al\u00e9m disso, a trilha sonora \u00e9 marcante e ajuda a criar o clima de tens\u00e3o e emo\u00e7\u00e3o que permeia a s\u00e9rie.<\/p>\n<hr \/>\n<h3 style=\"text-align: center;\"><strong>Filme<\/strong><\/h3>\n<p><img loading=\"lazy\" decoding=\"async\" class=\"wp-image-795 size-medium aligncenter\" src=\"https:\/\/nalua.in\/notas\/wp-content\/uploads\/2023\/06\/corposceleestes-225x300.jpg\" alt=\"\" width=\"225\" height=\"300\" srcset=\"https:\/\/nalua.in\/notas\/wp-content\/uploads\/2023\/06\/corposceleestes-225x300.jpg 225w, https:\/\/nalua.in\/notas\/wp-content\/uploads\/2023\/06\/corposceleestes-150x200.jpg 150w, https:\/\/nalua.in\/notas\/wp-content\/uploads\/2023\/06\/corposceleestes.jpg 350w\" sizes=\"auto, (max-width: 225px) 100vw, 225px\" \/><\/p>\n<p style=\"text-align: justify;\"><strong>Corpos Celestes &#8211; 2011 &#8211; Marcos Jorge.\u00a0<em>Indico porque \u00e9 um filme inesperado para o assunto de que tratamos hoje. \u00c9 um filme brasileiro, desconhecido e um pouco inusitado. Este tema que tratamos acaba por pedir indica\u00e7\u00f5es bem \u00f3bvias, \u00e9 imposs\u00edvel fugir de alguns tit\u00e3s, como Contato, Star Trek, Cosmos, etc. Mas este filme trata bem do tema em quest\u00e3o. Tanto pelo lado da astronomia, da imensid\u00e3o do cosmos, da nossa vida de poeira, como pelo sentimento de insignific\u00e2ncia, que quase esmaga o protagonista. N\u00e3o \u00e9 um filme inesquec\u00edvel (apesar de que eu desconfio que ele vai ecoar em mim ainda muito tempo), mas \u00e9 muito bonito, ganhou pr\u00eamios importantes pela fotografia e tal. E \u00e9 bom pra limpar os olhos de tudo que acaba sendo muito igual. Assistam, \u00e9 curto. Eu sempre gostei muito do Dalton Vigh tamb\u00e9m, apesar de saber que ele n\u00e3o \u00e9 uma sumidade. O filme tem uns cliches, que se n\u00e3o fossem por eles, eu estaria muito mais encantada. Mesmo assim, valeu a hora e meia que gastei com ele.<\/em><\/strong><\/p>\n<hr \/>\n<p><img loading=\"lazy\" decoding=\"async\" class=\" wp-image-804 aligncenter\" src=\"https:\/\/nalua.in\/notas\/wp-content\/uploads\/2023\/06\/celeste.jpg\" alt=\"\" width=\"530\" height=\"250\" srcset=\"https:\/\/nalua.in\/notas\/wp-content\/uploads\/2023\/06\/celeste.jpg 742w, https:\/\/nalua.in\/notas\/wp-content\/uploads\/2023\/06\/celeste-300x142.jpg 300w, https:\/\/nalua.in\/notas\/wp-content\/uploads\/2023\/06\/celeste-150x71.jpg 150w\" sizes=\"auto, (max-width: 530px) 100vw, 530px\" \/><\/p>\n<p style=\"text-align: center;\"><span style=\"font-size: 10pt;\">Cena do filme<\/span><\/p>\n<p style=\"text-align: justify;\"><em>Corpos Celestes<\/em> \u00e9 um filme brasileiro de drama e romance, dirigido por Marcos Jorge e Fernando Severo, e lan\u00e7ado em 2011. O filme narra a trajet\u00f3ria de Francisco, um filho de caminhoneiro que se apaixona pela astronomia na inf\u00e2ncia, quando conhece um piloto e astr\u00f4nomo americano que mora em um casar\u00e3o no interior do Paran\u00e1. Na fase adulta, Francisco se torna um professor austero e solit\u00e1rio, que vive em Curitiba e se envolve com Diana, uma jovem e bel\u00edssima prostituta. O filme explora as quest\u00f5es existenciais de Francisco, que busca seu lugar no universo e na sociedade, e as rela\u00e7\u00f5es entre o c\u00e9u e a terra, o sonho e a realidade, o amor e a solid\u00e3o. O filme tem uma bela fotografia e uma trilha sonora envolvente, al\u00e9m de boas atua\u00e7\u00f5es de Dalton Vigh, Rodrigo Cornelsen e Carolina Holanda nos pap\u00e9is principais.<\/p>\n<p style=\"text-align: justify;\">O filme foi dirigido por Marcos Jorge em parceria com Fernando Severo e recebeu diversos pr\u00eamios em festivais de cinema pelo Brasil e pelo mundo. Apesar de ser belo e bem-produzido, o roteiro \u00e9 subjetivo e n\u00e3o entrega facilmente suas inten\u00e7\u00f5es, o que pode deixar o espectador um pouco distante da hist\u00f3ria. Corpos Celestes \u00e9 um filme bonito e interessante, me tocou muito, mas n\u00e3o acho que seja inesquec\u00edvel.<\/p>\n<hr \/>\n<h3 style=\"text-align: center;\"><strong>S\u00e9rie Documental<\/strong><\/h3>\n<p><img loading=\"lazy\" decoding=\"async\" class=\"aligncenter wp-image-775 \" src=\"https:\/\/nalua.in\/notas\/wp-content\/uploads\/2023\/06\/cosmosposter.webp\" alt=\"\" width=\"244\" height=\"361\" srcset=\"https:\/\/nalua.in\/notas\/wp-content\/uploads\/2023\/06\/cosmosposter.webp 300w, https:\/\/nalua.in\/notas\/wp-content\/uploads\/2023\/06\/cosmosposter-203x300.webp 203w, https:\/\/nalua.in\/notas\/wp-content\/uploads\/2023\/06\/cosmosposter-150x222.webp 150w\" sizes=\"auto, (max-width: 244px) 100vw, 244px\" \/><\/p>\n<p style=\"text-align: justify;\"><strong>Cosmos: Uma Odisseia no Espa\u00e7o-Tempo. 2014 &#8211; National Geographic. <em>Indico porque de tudo que vi at\u00e9 hoje, depois do filme A Chegada (que n\u00e3o vou indicar hoje) e do universo Star Trek, \u00e9 a obra que me fez entrar em contato mais aprofundado com a minha pequenez frente ao universo. Al\u00e9m de ser extremamente informativa, \u00e9 uma s\u00e9rie linda, deliciosa de se ver. \u00c9 um presente para a alma.\u00a0<\/em><\/strong><\/p>\n<hr \/>\n<p style=\"text-align: justify;\"><em>Cosmos: Uma Odisseia no Espa\u00e7o-Tempo<\/em> \u00e9 uma s\u00e9rie documental de televis\u00e3o que estreou em 2014. A s\u00e9rie \u00e9 apresentada pelo astrof\u00edsico Neil deGrasse Tyson, que conduz o espectador em uma jornada atrav\u00e9s do espa\u00e7o, do tempo e da hist\u00f3ria da ci\u00eancia.\u00a0A s\u00e9rie \u00e9 uma continua\u00e7\u00e3o do programa original de 1980, apresentado por Carl Sagan. Assim como seu antecessor, Cosmos: Uma Odisseia no Espa\u00e7o-Tempo \u00e9 uma explora\u00e7\u00e3o fascinante e educativa do universo e da ci\u00eancia.\u00a0Ao longo dos 13 epis\u00f3dios, a s\u00e9rie aborda uma ampla gama de t\u00f3picos, desde a forma\u00e7\u00e3o do universo at\u00e9 a evolu\u00e7\u00e3o da vida na Terra. A s\u00e9rie tamb\u00e9m explora a hist\u00f3ria da ci\u00eancia e dos cientistas que ajudaram a moldar nossa compreens\u00e3o do mundo ao nosso redor.\u00a0A produ\u00e7\u00e3o da s\u00e9rie \u00e9 impressionante, com efeitos visuais deslumbrantes e anima\u00e7\u00f5es que ajudam a ilustrar os conceitos cient\u00edficos mais complexos. A trilha sonora, composta por Alan Silvestri, \u00e9 igualmente impressionante e ajuda a criar uma atmosfera emocionalmente envolvente.<\/p>\n<p style=\"text-align: justify;\">No entanto, o verdadeiro destaque da s\u00e9rie \u00e9 a presen\u00e7a de Neil deGrasse Tyson como apresentador. Tyson \u00e9 um comunicador talentoso e apaixonado pela ci\u00eancia, e sua presen\u00e7a na tela \u00e9 cativante. Sua capacidade de explicar conceitos complexos de forma clara e acess\u00edvel \u00e9 impressionante, e sua paix\u00e3o pela ci\u00eancia \u00e9 contagiosa.\u00a0Outro aspecto not\u00e1vel de Cosmos: Uma Odisseia no Espa\u00e7o-Tempo \u00e9 a sua mensagem inspiradora. A s\u00e9rie incentiva os espectadores a se maravilharem com o universo e a explorar o mundo ao seu redor. Ele tamb\u00e9m destaca a import\u00e2ncia da ci\u00eancia e da raz\u00e3o na tomada de decis\u00f5es importantes. \u00a0A s\u00e9rie \u00e9 uma homenagem ao poder da curiosidade humana e \u00e0 capacidade da ci\u00eancia de nos inspirar e nos unir como uma esp\u00e9cie.<\/p>\n<hr \/>\n<h2 style=\"text-align: center;\"><strong>R\u00e1dio rel\u00f3gio<\/strong><\/h2>\n<p><img loading=\"lazy\" decoding=\"async\" class=\"wp-image-779 size-medium aligncenter\" src=\"https:\/\/nalua.in\/notas\/wp-content\/uploads\/2023\/06\/sag-event-image_0-300x300.webp\" alt=\"\" width=\"300\" height=\"300\" srcset=\"https:\/\/nalua.in\/notas\/wp-content\/uploads\/2023\/06\/sag-event-image_0-300x300.webp 300w, https:\/\/nalua.in\/notas\/wp-content\/uploads\/2023\/06\/sag-event-image_0-150x150.webp 150w, https:\/\/nalua.in\/notas\/wp-content\/uploads\/2023\/06\/sag-event-image_0-96x96.webp 96w, https:\/\/nalua.in\/notas\/wp-content\/uploads\/2023\/06\/sag-event-image_0.webp 710w\" sizes=\"auto, (max-width: 300px) 100vw, 300px\" \/><\/p>\n<h4 style=\"text-align: center;\">O Buraco negro do centro da Via L\u00e1ctea<\/h4>\n<p style=\"text-align: justify;\"><em>Buracos negros s\u00e3o um dos objetos mais fascinantes do universo. Eles s\u00e3o conhecidos por terem uma for\u00e7a gravitacional t\u00e3o forte que nem mesmo a luz consegue escapar de sua atra\u00e7\u00e3o. E no centro da nossa pr\u00f3pria gal\u00e1xia, a Via L\u00e1ctea, existe um desses buracos negros supermassivos.\u00a0O buraco negro no centro da Via L\u00e1ctea \u00e9 chamado de Sagit\u00e1rio A*. Ele tem uma massa equivalente a cerca de quatro milh\u00f5es de vezes a massa do nosso sol e est\u00e1 localizado a cerca de 26 mil anos-luz da Terra. Embora seja incrivelmente massivo, Sagit\u00e1rio A* \u00e9 relativamente pequeno em compara\u00e7\u00e3o com outros buracos negros supermassivos que foram descobertos em outras gal\u00e1xias.\u00a0A exist\u00eancia de Sagit\u00e1rio A* foi descoberta em 1974 por meio da observa\u00e7\u00e3o de estrelas pr\u00f3ximas ao centro da Via L\u00e1ctea. Essas estrelas pareciam estar orbitando um objeto invis\u00edvel e muito massivo, o que levou os cientistas a concluir que havia um buraco negro no centro da nossa gal\u00e1xia.\u00a0Sagit\u00e1rio A* \u00e9 relativamente calmo em compara\u00e7\u00e3o com outros buracos negros supermassivos. Ele n\u00e3o est\u00e1 atualmente engolindo grandes quantidades de mat\u00e9ria.<\/em><\/p>\n<hr \/>\n<h3 style=\"text-align: center;\"><strong>Links de uma gal\u00e1xia muito distante<\/strong><\/h3>\n<p style=\"text-align: center;\"><a href=\"https:\/\/www.tecmundo.com.br\/ciencia\/154614-starsounds-ouca-primeira-musica-feita-sons-estrelas.htm\" target=\"_blank\" rel=\"noopener\">M\u00fasica das estrelas<\/a><\/p>\n<p style=\"text-align: center;\"><a href=\"https:\/\/telegra.ph\/7-LUGARES-IMPRESSIONANTES-QUE-REVELAM-A-IMENSIDAO-DO-UNIVERSO-06-24\" target=\"_blank\" rel=\"noopener\">7 Lugares impressionantes que revelam a vastid\u00e3o do universo<\/a><\/p>\n<p style=\"text-align: center;\"><a href=\"https:\/\/telegra.ph\/O-misterio-do-tamanho-real-do-Universo-06-24\" target=\"_blank\" rel=\"noopener\">O mist\u00e9rio sobre o tamanho real do universo<\/a><\/p>\n<table style=\"width: 100%; border-collapse: collapse; background-color: #a8f0d3;\">\n<tbody>\n<tr>\n<td style=\"width: 100%;\">\n<p style=\"text-align: center;\"><em>\u201cPara criaturas pequenas como n\u00f3s, a vastid\u00e3o do Universo s\u00f3 \u00e9 suport\u00e1vel atrav\u00e9s do amor.\u201d<\/em><\/p>\n<p style=\"text-align: center;\"><strong>Carl Sagan<\/strong><\/p>\n<\/td>\n<\/tr>\n<\/tbody>\n<\/table>\n<p style=\"text-align: center;\"><span style=\"font-size: 8pt;\">25 de junho \u00e9 o 176.\u00ba dia do ano no calend\u00e1rio gregoriano (177.\u00ba em anos bissextos). Faltam 189 dias para acabar o ano.<\/span><\/p>\n<hr \/>\n<p style=\"text-align: center;\"><strong>Post com a colabora\u00e7\u00e3o de <a href=\"http:\/\/instagram.com\/laismeralda\" target=\"_blank\" rel=\"noopener\">@laismeralda e\u00a0<\/a><a href=\"https:\/\/www.instagram.com\/fisica.origami.kawakami\/\" target=\"_blank\" rel=\"noopener\">@norbertoakio<\/a><\/strong><\/p>\n<p style=\"text-align: center;\"><strong><span style=\"font-size: 8pt;\">*V\u00eddeo legendado pelo Andr\u00e9 Abujamra, \u00e9 do instagram dele.<\/span><\/strong><\/p>\n<hr \/>\n<p><em>Se voc\u00ea leu at\u00e9 aqui, obrigada! Esse \u00e9 o meu almanaque particular. Um peda\u00e7o do meu di\u00e1rio, da minha arca de refer\u00eancias, um registro de pequenas efem\u00e9rides, de coisas que quero guardar, do tempo, do vento, do c\u00e9u e do cheiro da chuva. Os Vest\u00edgios do Dia, meus dias.\u00a0<\/em><\/p>\n<table style=\"width: 100%; border-collapse: collapse; background-color: #f5b3d2;\">\n<tbody>\n<tr>\n<td style=\"width: 99.9285%; text-align: center;\">\u00a9 Nalua \u2013 Caderninho pessoal, bauzinho de trapos coloridos, nos morros de Minas Gerais. Quase inverno, friozinho, gra\u00e7as aos c\u00e9us.<\/td>\n<\/tr>\n<\/tbody>\n<\/table>\n<p style=\"text-align: center;\"><em>Esta \u00e9 a 17\u00aa de 78 p\u00e1ginas que ter\u00e1 este almanaque.<\/em><\/p>\n","protected":false},"excerpt":{"rendered":"<p>Belo Horizonte, 25 de junho de 2023, \ud83c\udf24 13\u00b0 \u2013 24\u00b0,\u00a0lua nova, estamos no inverno, sob o signo de C\u00e2ncer. Luis Fernando Verissimo \u2665\ufe0f Dia [&#8230;]<\/p>\n","protected":false},"author":1,"featured_media":0,"comment_status":"open","ping_status":"open","sticky":false,"template":"","format":"standard","meta":{"footnotes":""},"categories":[9,13,10,5,12],"tags":[],"class_list":["post-753","post","type-post","status-publish","format-standard","hentry","category-almanaque","category-carta-semanal","category-jardim","category-newsletter","category-oraculo"],"_links":{"self":[{"href":"https:\/\/nalua.in\/notas\/wp-json\/wp\/v2\/posts\/753","targetHints":{"allow":["GET"]}}],"collection":[{"href":"https:\/\/nalua.in\/notas\/wp-json\/wp\/v2\/posts"}],"about":[{"href":"https:\/\/nalua.in\/notas\/wp-json\/wp\/v2\/types\/post"}],"author":[{"embeddable":true,"href":"https:\/\/nalua.in\/notas\/wp-json\/wp\/v2\/users\/1"}],"replies":[{"embeddable":true,"href":"https:\/\/nalua.in\/notas\/wp-json\/wp\/v2\/comments?post=753"}],"version-history":[{"count":59,"href":"https:\/\/nalua.in\/notas\/wp-json\/wp\/v2\/posts\/753\/revisions"}],"predecessor-version":[{"id":869,"href":"https:\/\/nalua.in\/notas\/wp-json\/wp\/v2\/posts\/753\/revisions\/869"}],"wp:attachment":[{"href":"https:\/\/nalua.in\/notas\/wp-json\/wp\/v2\/media?parent=753"}],"wp:term":[{"taxonomy":"category","embeddable":true,"href":"https:\/\/nalua.in\/notas\/wp-json\/wp\/v2\/categories?post=753"},{"taxonomy":"post_tag","embeddable":true,"href":"https:\/\/nalua.in\/notas\/wp-json\/wp\/v2\/tags?post=753"}],"curies":[{"name":"wp","href":"https:\/\/api.w.org\/{rel}","templated":true}]}}