{"id":73,"date":"2023-02-24T17:57:24","date_gmt":"2023-02-24T17:57:24","guid":{"rendered":"https:\/\/nalua.in\/notas\/?p=73"},"modified":"2023-05-30T20:51:17","modified_gmt":"2023-05-30T20:51:17","slug":"deixa-a-dor-nas-aras","status":"publish","type":"post","link":"https:\/\/nalua.in\/notas\/deixa-a-dor-nas-aras\/","title":{"rendered":""},"content":{"rendered":"<p>&nbsp;<\/p>\r\n<p style=\"text-align: justify;\">Esse \u00e9 o primeiro dos meus textos semanais. Aqui v\u00e3o aparecer indica\u00e7\u00f5es de coisas que eu gostei de ver, ler ou ouvir, poesias, fotos do c\u00e9u, e alguns etc\u00e9teras. Tamb\u00e9m vou colocar a carta da semana, um tar\u00f4 para meu aprendizado e para guiar a semana de quem l\u00ea.<\/p>\r\n<p style=\"text-align: justify;\">Nesta primeira carta semanal, uma das poesias que eu mais gosto. Tinha que ser um cl\u00e1ssico, Fernando Pessoa, o maior de todos os poetas. Os come\u00e7os pedem cl\u00e1ssicos. E escolhi tamb\u00e9m um baralho de tar\u00f4 classico, o Rider-Waite.\u00a0<\/p>\r\n<!-- \/wp:post-content -->\r\n\r\n<!-- wp:table -->\r\n<figure class=\"wp-block-table\">\r\n<table style=\"border-color: #ffffff;\">\r\n<tbody>\r\n<tr>\r\n<td>\r\n<p><img loading=\"lazy\" decoding=\"async\" width=\"150\" height=\"194\" class=\"wp-image-75\" style=\"width: 150px;\" src=\"https:\/\/nalua.in\/notas\/wp-content\/uploads\/2023\/02\/desseekjkhhhk2.jpg\" alt=\"\" srcset=\"https:\/\/nalua.in\/notas\/wp-content\/uploads\/2023\/02\/desseekjkhhhk2.jpg 300w, https:\/\/nalua.in\/notas\/wp-content\/uploads\/2023\/02\/desseekjkhhhk2-232x300.jpg 232w\" sizes=\"auto, (max-width: 150px) 100vw, 150px\" \/><br \/><strong>Segue o teu destino<\/strong><\/p>\r\n<p style=\"text-align: right;\">Ricardo Reis<\/p>\r\n<p><br \/><em>Segue o teu destino,<\/em><br \/><em>Rega as tuas plantas,<\/em><br \/><em>Ama as tuas rosas.<\/em><br \/><em>O resto \u00e9 a sombra<\/em><br \/><em>De \u00e1rvores alheias.<\/em><br \/><em>\u00a0<\/em><br \/><em>A realidade<\/em><br \/><em>Sempre \u00e9 mais ou menos<\/em><br \/><em>Do que n\u00f3s queremos.<\/em><br \/><em>S\u00f3 n\u00f3s somos sempre<\/em><br \/><em>Iguais a n\u00f3s-pr\u00f3prios.<\/em><br \/><em>\u00a0<\/em><br \/><em>Suave \u00e9 viver s\u00f3.<\/em><br \/><em>Grande e nobre \u00e9 sempre<\/em><br \/><em>Viver simplesmente.<\/em><br \/><em>Deixa a dor nas aras<\/em><br \/><em>Como ex-voto aos deuses.<\/em><br \/><em>\u00a0<\/em><br \/><em>V\u00ea de longe a vida.<\/em><br \/><em>Nunca a interrogues.<\/em><br \/><em>Ela nada pode<\/em><br \/><em>Dizer-te. A resposta<\/em><br \/><em>Est\u00e1 al\u00e9m dos deuses.<\/em><br \/><em>\u00a0<\/em><br \/><em>Mas serenamente<\/em><br \/><em>Imita o Olimpo<\/em><br \/><em>No teu cora\u00e7\u00e3o.<\/em><br \/><em>Os deuses s\u00e3o deuses<\/em><br \/><em>Porque n\u00e3o se pensam.<\/em><br \/>1-7-1916<br \/><br \/><strong>Odes de Ricardo Reis<\/strong> . Fernando Pessoa. (Notas de Jo\u00e3o Gaspar Sim\u00f5es e Luiz de Montalvor.) Lisboa: \u00c1tica, 1946 (imp.1994).\u00a0 &#8211; 68.<\/p>\r\n<\/td>\r\n<td style=\"text-align: justify;\">\r\n<h3 style=\"text-align: center;\"><strong>\u00c1s de Espadas<\/strong><\/h3>\r\n<p>Esta carta do tar\u00f4 \u00e9 um s\u00edmbolo de a\u00e7\u00e3o, coragem e determina\u00e7\u00e3o. Ela assinala o momento de tomar decis\u00f5es importantes e n\u00e3o deixar que seus medos ou inseguran\u00e7as te impe\u00e7am de seguir em frente. \u00c9 hora de fazer mudan\u00e7as significativas e encontrar solu\u00e7\u00f5es criativas para os desafios. Lembre-se que voc\u00ea tem for\u00e7a para superar qualquer obst\u00e1culo e que, com persist\u00eancia e determina\u00e7\u00e3o, pode alcan\u00e7ar seus objetivos.<br \/>O \u00c1s de Espadas \u00e9 uma carta do tar\u00f4 que representa o in\u00edcio de uma jornada mental. Ela traz clareza mental, a\u00e7\u00e3o decisiva e mostra o poder da mente sobre a mat\u00e9ria.<br \/>No desenho da carta, podemos ver uma m\u00e3o emergindo das nuvens, segurando uma espada verticalmente com a l\u00e2mina apontando para cima. A espada \u00e9 um s\u00edmbolo da mente e do intelecto, e sua posi\u00e7\u00e3o vertical sugere que essa mente est\u00e1 pronta para enfrentar desafios e tomar decis\u00f5es dif\u00edceis.<br \/><img loading=\"lazy\" decoding=\"async\" width=\"150\" height=\"274\" class=\"wp-image-76 alignleft\" style=\"width: 150px;\" src=\"https:\/\/nalua.in\/notas\/wp-content\/uploads\/2023\/02\/asespadariderwhitepp.png\" alt=\"\" srcset=\"https:\/\/nalua.in\/notas\/wp-content\/uploads\/2023\/02\/asespadariderwhitepp.png 300w, https:\/\/nalua.in\/notas\/wp-content\/uploads\/2023\/02\/asespadariderwhitepp-164x300.png 164w\" sizes=\"auto, (max-width: 150px) 100vw, 150px\" \/>O fundo da carta \u00e9 muitas vezes escuro ou tempestuoso, o que pode indicar conflito, dor ou desafio. No entanto, o \u00c1s de Espadas tamb\u00e9m representa uma oportunidade de superar esses desafios, porque a espada simboliza a clareza mental e a capacidade de tomar decis\u00f5es acertadas.<br \/>Quando essa carta aparece em uma leitura de tar\u00f4, ela pode indicar que \u00e9 hora de tomar uma a\u00e7\u00e3o decisiva, de enfrentar um conflito de frente e de encontrar solu\u00e7\u00f5es criativas para os problemas. \u00c9 um lembrete de que o poder est\u00e1 em nossas m\u00e3os e que podemos usar nossa intelig\u00eancia e for\u00e7a mental para superar qualquer obst\u00e1culo.<\/p>\r\n<hr \/>\r\n<p><span style=\"color: #800000; font-size: 10pt;\"><em>O Tar\u00f4 Rider-Waite \u00e9 um baralho de tar\u00f4 criado no in\u00edcio do s\u00e9culo XX pelo artista brit\u00e2nico Pamela Colman Smith e pelo ocultista e estudioso do tar\u00f4, Arthur Edward Waite. \u00c9 um dos baralhos de tar\u00f4 mais populares e amplamente utilizados em todo o mundo, especialmente onde a influ\u00eancia inglesa predominou. O baralho Rider-Waite apresenta 78 cartas, divididas em Arcanos Maiores e Arcanos Menores, e \u00e9 conhecido por sua rica simbologia e ilustra\u00e7\u00f5es detalhadas, que se tornaram uma refer\u00eancia para muitos outros baralhos de tar\u00f4 modernos.<\/em><\/span><\/p>\r\n<hr \/><\/td>\r\n<\/tr>\r\n<\/tbody>\r\n<\/table>\r\n<\/figure>\r\n<!-- \/wp:table -->\r\n\r\n<!-- wp:paragraph -->\r\n<p style=\"text-align: justify;\">Aqui vamos falar de coisas que eu gosto, da arte que me formou, de tudo que eu quero indicar e n\u00e3o tenho pra quem. A felicidade que n\u00e3o pode ser compartilhada \u00e9 um pouquinho mais infeliz, como disse minha amiga. viver para contar. Escrever pois \u00e9 preciso, contar a minha hist\u00f3ria desinteressante e pequena, mas que para mim \u00e9 a coisa mais fascinante do mundo.<\/p>\r\n<hr \/>\r\n<p>&nbsp;<\/p>\r\n<table style=\"width: 100%; border-collapse: collapse; background-color: #fab6cd;\">\r\n<tbody>\r\n<tr>\r\n<td style=\"width: 380.909px; text-align: justify;\">\r\n<p><img loading=\"lazy\" decoding=\"async\" class=\"size-medium wp-image-84 alignleft\" src=\"https:\/\/nalua.in\/notas\/wp-content\/uploads\/2023\/02\/assistir-Mentes-Criminosas-5a-Temporada-2009-online-202x300.jpg\" alt=\"\" width=\"202\" height=\"300\" srcset=\"https:\/\/nalua.in\/notas\/wp-content\/uploads\/2023\/02\/assistir-Mentes-Criminosas-5a-Temporada-2009-online-202x300.jpg 202w, https:\/\/nalua.in\/notas\/wp-content\/uploads\/2023\/02\/assistir-Mentes-Criminosas-5a-Temporada-2009-online.jpg 210w\" sizes=\"auto, (max-width: 202px) 100vw, 202px\" \/><\/p>\r\n<p><strong>S\u00e9rie<\/strong><\/p>\r\n<p>Criminal Minds, 5\u00aa Temporada, estamos no finzinho. Al\u00e9m de n\u00e3o ter envelhecido mal, Criminal Minds \u00e9 legal porque eles viajam os EUA de um lado a outro, e mostra os diferentes EUA que existem. A maldade humana \u00e9 assustadora. eu sigo adorando as cita\u00e7\u00f5es que aparecem no come\u00e7o e no final de cada epis\u00f3dio.<\/p>\r\n<\/td>\r\n<td style=\"width: 380.909px; text-align: justify;\">\r\n<p><img loading=\"lazy\" decoding=\"async\" class=\"size-medium wp-image-86 alignright\" src=\"https:\/\/nalua.in\/notas\/wp-content\/uploads\/2023\/02\/O-enraizamento-capa-207x300.jpg\" alt=\"\" width=\"207\" height=\"300\" srcset=\"https:\/\/nalua.in\/notas\/wp-content\/uploads\/2023\/02\/O-enraizamento-capa-207x300.jpg 207w, https:\/\/nalua.in\/notas\/wp-content\/uploads\/2023\/02\/O-enraizamento-capa-708x1024.jpg 708w, https:\/\/nalua.in\/notas\/wp-content\/uploads\/2023\/02\/O-enraizamento-capa-768x1111.jpg 768w, https:\/\/nalua.in\/notas\/wp-content\/uploads\/2023\/02\/O-enraizamento-capa.jpg 898w\" sizes=\"auto, (max-width: 207px) 100vw, 207px\" \/><strong>Livro<\/strong><\/p>\r\nEstou na fase entre livros, n\u00e3o consigo me concentrar. Vou me obrigar a ler algum livro, pois n\u00e3o quero entrar naquele v\u00f3rtice de n\u00e3o leitura novamente. Este livro da Simone Weil est\u00e1 aqui me chamando, mas talvez por causa dos horm\u00f4nios a minha cabe\u00e7a t\u00eam estado p\u00e9ssima e isso dificulta demais a concentra\u00e7\u00e3o.\u00a0<\/td>\r\n<td style=\"width: 380.909px;\">\r\n<p><img loading=\"lazy\" decoding=\"async\" class=\"size-medium wp-image-85 alignright\" src=\"https:\/\/nalua.in\/notas\/wp-content\/uploads\/2023\/02\/5290e584-b80c-4975-892a-def1069a51c2-214x300.jpg\" alt=\"\" width=\"214\" height=\"300\" srcset=\"https:\/\/nalua.in\/notas\/wp-content\/uploads\/2023\/02\/5290e584-b80c-4975-892a-def1069a51c2-214x300.jpg 214w, https:\/\/nalua.in\/notas\/wp-content\/uploads\/2023\/02\/5290e584-b80c-4975-892a-def1069a51c2.jpg 713w\" sizes=\"auto, (max-width: 214px) 100vw, 214px\" \/><strong>Filme<\/strong><\/p>\r\n<p style=\"text-align: justify;\">Quero ver v\u00e1rios. Acabo n\u00e3o vendo nenhum. Talvez amanh\u00e3 eu veja Vaga Carne, da Grace Pass\u00f4. Quero fazer uma experi\u00eancia mais imersiva nele, quero ver se consigo. Esta semana vi v\u00e1rios outros, mas nenhum que me emocionasse tanto, que fizesse diferen\u00e7a. Dos \u00faltimos que vi somente o Aftersun me tocou mais. Mesmo assim n\u00e3o foi a catarse que eu vi com algumas outras mulheres.\u00a0<\/p>\r\n<\/td>\r\n<\/tr>\r\n<\/tbody>\r\n<\/table>\r\n<p style=\"text-align: center;\"><span style=\"font-size: 10pt;\"><em>\u00a9Nalua \u2013 Notas sobre a vida comezinha<\/em><\/span><\/p>\r\n<p style=\"text-align: center;\"><span style=\"font-size: 10pt;\"><em>Das Colinas de Minas Gerais, no auge do ver\u00e3o<\/em><\/span><\/p>\r\n<p>&nbsp;<\/p>\r\n<!-- \/wp:paragraph -->","protected":false},"excerpt":{"rendered":"<p>&nbsp; Esse \u00e9 o primeiro dos meus textos semanais. Aqui v\u00e3o aparecer indica\u00e7\u00f5es de coisas que eu gostei de ver, ler ou ouvir, poesias, fotos [&#8230;]<\/p>\n","protected":false},"author":1,"featured_media":0,"comment_status":"open","ping_status":"open","sticky":false,"template":"","format":"standard","meta":{"footnotes":""},"categories":[5],"tags":[],"class_list":["post-73","post","type-post","status-publish","format-standard","hentry","category-newsletter"],"_links":{"self":[{"href":"https:\/\/nalua.in\/notas\/wp-json\/wp\/v2\/posts\/73","targetHints":{"allow":["GET"]}}],"collection":[{"href":"https:\/\/nalua.in\/notas\/wp-json\/wp\/v2\/posts"}],"about":[{"href":"https:\/\/nalua.in\/notas\/wp-json\/wp\/v2\/types\/post"}],"author":[{"embeddable":true,"href":"https:\/\/nalua.in\/notas\/wp-json\/wp\/v2\/users\/1"}],"replies":[{"embeddable":true,"href":"https:\/\/nalua.in\/notas\/wp-json\/wp\/v2\/comments?post=73"}],"version-history":[{"count":13,"href":"https:\/\/nalua.in\/notas\/wp-json\/wp\/v2\/posts\/73\/revisions"}],"predecessor-version":[{"id":637,"href":"https:\/\/nalua.in\/notas\/wp-json\/wp\/v2\/posts\/73\/revisions\/637"}],"wp:attachment":[{"href":"https:\/\/nalua.in\/notas\/wp-json\/wp\/v2\/media?parent=73"}],"wp:term":[{"taxonomy":"category","embeddable":true,"href":"https:\/\/nalua.in\/notas\/wp-json\/wp\/v2\/categories?post=73"},{"taxonomy":"post_tag","embeddable":true,"href":"https:\/\/nalua.in\/notas\/wp-json\/wp\/v2\/tags?post=73"}],"curies":[{"name":"wp","href":"https:\/\/api.w.org\/{rel}","templated":true}]}}