{"id":712,"date":"2023-06-17T21:04:43","date_gmt":"2023-06-17T21:04:43","guid":{"rendered":"https:\/\/nalua.in\/notas\/?p=712"},"modified":"2023-06-18T03:22:08","modified_gmt":"2023-06-18T03:22:08","slug":"voce-nem-chega-a-me-ver","status":"publish","type":"post","link":"https:\/\/nalua.in\/notas\/voce-nem-chega-a-me-ver\/","title":{"rendered":""},"content":{"rendered":"<p style=\"text-align: center;\"><a href=\"https:\/\/www.letras.mus.br\/maria-bethania\/47242\/\" target=\"_blank\" rel=\"noopener\"><span style=\"font-size: 8pt;\">da voz da matriarca da Roma Negra<\/span><\/a><\/p>\n<p><a href=\"https:\/\/www.almanalua.blog\/voce-nem-chega-a-me-ver\" target=\"_blank\" rel=\"noopener\"><img loading=\"lazy\" decoding=\"async\" class=\"size-full wp-image-157 aligncenter\" src=\"https:\/\/nalua.in\/notas\/wp-content\/uploads\/2023\/02\/almanaque.jpg\" alt=\"\" width=\"1200\" height=\"300\" srcset=\"https:\/\/nalua.in\/notas\/wp-content\/uploads\/2023\/02\/almanaque.jpg 1200w, https:\/\/nalua.in\/notas\/wp-content\/uploads\/2023\/02\/almanaque-300x75.jpg 300w, https:\/\/nalua.in\/notas\/wp-content\/uploads\/2023\/02\/almanaque-1024x256.jpg 1024w, https:\/\/nalua.in\/notas\/wp-content\/uploads\/2023\/02\/almanaque-768x192.jpg 768w\" sizes=\"auto, (max-width: 1200px) 100vw, 1200px\" \/><\/a><\/p>\n<p style=\"text-align: center;\"><strong>Belo Horizonte, 18 de junho de 2023<\/strong><br \/>\n<strong>\ud83c\udf25\ufe0f 13\u00b0 \u2013 23\u00b0<\/strong><\/p>\n<hr \/>\n<p style=\"text-align: justify;\"><span style=\"text-decoration: underline;\">Dia do Orgulho Autista<\/span>. <span style=\"text-decoration: underline;\">Dia do Qu\u00edmico<\/span>. Em <strong>1908<\/strong> come\u00e7a no Brasil a <span style=\"text-decoration: underline;\">imigra\u00e7\u00e3o japonesa<\/span> com a chegada do navio <span style=\"text-decoration: underline;\">Kasato Maru<\/span> ao Porto de Santos. Gra\u00e7as a isso, meus filhos existem. Em <strong>1983<\/strong> a astronauta Sally Ride se torna a primeira mulher americana no espa\u00e7o, e no mesmo dia Mona Mahmudnizhad \u00e9 enforcada no Ir\u00e3 por causa de suas cren\u00e7as religiosas, junto com mais nove mulheres da F\u00e9 Bah\u00e1&#8217;\u00ed. Em <strong>1912<\/strong> nascia <span style=\"text-decoration: underline;\">Kamala Sohonie<\/span>, que o google homenageia hoje. Em <strong>1929<\/strong> nasce <span style=\"text-decoration: underline;\">J\u00fcrgen Habermas<\/span>. Em <strong>1942<\/strong> chegam <span style=\"text-decoration: underline;\">Paul McCartney<\/span> e <span style=\"text-decoration: underline;\">Celly Campello<\/span>. 18 de junho \u00e9 anivers\u00e1rio de muita gente especial, inclusive do meu tio Moacyr. Em <strong>1946<\/strong> vinha ao mundo a diva <span style=\"text-decoration: underline;\">Maria Beth\u00e2nia<\/span> e a maravilhosa <span style=\"text-decoration: underline;\">L\u00eddia Jorge<\/span>. Em <strong>1952<\/strong> chegava <span style=\"text-decoration: underline;\">Isabella Rossellini<\/span>, em <strong>1959<\/strong>, <span style=\"text-decoration: underline;\">H\u00e9lio de la Pe\u00f1a<\/span>. Em <strong>2010<\/strong> o mundo ficava infinitamente mais pobre com a morte de <span style=\"text-decoration: underline;\">Jos\u00e9 Saramago<\/span>. <strong>18 de junho<\/strong> tamb\u00e9m \u00e9 dia do tambor de crioula, patrim\u00f4nio nacional.<\/p>\n<hr \/>\n<p style=\"text-align: center;\"><strong>A DESCOBERTA<\/strong><br \/>\n<em>Anos de estudo<\/em><br \/>\n<em>e pesquisas:<\/em><br \/>\n<em>Era no amanhecer<\/em><br \/>\n<em>Que as formigas escolhiam seus vestidos.<\/em><\/p>\n<p style=\"text-align: center;\">\u263e<\/p>\n<p style=\"text-align: center;\"><strong>Manoel de Barros<\/strong><\/p>\n<hr \/>\n<p><img loading=\"lazy\" decoding=\"async\" class=\"size-full wp-image-750 aligncenter\" src=\"https:\/\/nalua.in\/notas\/wp-content\/uploads\/2023\/06\/DARSECUENTALINIERSp.jpg\" alt=\"\" width=\"346\" height=\"399\" srcset=\"https:\/\/nalua.in\/notas\/wp-content\/uploads\/2023\/06\/DARSECUENTALINIERSp.jpg 346w, https:\/\/nalua.in\/notas\/wp-content\/uploads\/2023\/06\/DARSECUENTALINIERSp-260x300.jpg 260w, https:\/\/nalua.in\/notas\/wp-content\/uploads\/2023\/06\/DARSECUENTALINIERSp-150x173.jpg 150w\" sizes=\"auto, (max-width: 346px) 100vw, 346px\" \/><\/p>\n<hr \/>\n<h3 style=\"text-align: center;\">Em 18 de junho de 1947 escreveu Jack Kerouac em seu di\u00e1rio:<\/h3>\n<p style=\"text-align: justify;\">Uma grande lassid\u00e3o e melancolia f\u00edsica. Comi uma grande refei\u00e7\u00e3o \u00e0 1h da tarde e andei tr\u00eas quil\u00f4metros\u00a0e escrevi um pouco \u2013<strong>1.800 palavras<\/strong>. H\u00e1 algo errado \u2013 fico dizendo, \u201cPor que eu\u00a0<em>preciso<\/em>\u00a0escrever isto?\u201d Seria muito melhor se eu estivesse perguntando a mim mesmo, \u201cPor que eu\u00a0<em>quero<\/em>\u00a0escrever isto?\u201d. Este \u00e9 o grande escritor, o\u00a0<em>inconsciente<\/em>. Um dia vou aprender, um dia vou aprender. Mas tenho de fazer isso agora \u2013 qual a\u00a0<em>melhor<\/em>\u00a0forma de fazer isso, esse \u00e9 o problema. Um trabalho monstruoso, mas tudo bem se eu apenas puder acreditar em seu progresso\u00a0<em>certo e real<\/em>. Queria poder escrever do ponto de vista de um her\u00f3i em vez de dar a todos na hist\u00f3ria seu valor merecido \u2013 isso me deixa confuso, \u00e0s vezes enojado. Afinal de contas, sou humano, tenho minhas cren\u00e7as. Ponho coisas sem sentido nas bocas dos personagens dos quais n\u00e3o gosto, e isso \u00e9 entediante, desencorajador, nojento. Por que Deus n\u00e3o aparece para me dizer que estou no caminho certo? Que absurdo!<\/p>\n<hr \/>\n<h2 style=\"text-align: center;\">Or\u00e1culo da Semana<\/h2>\n<p><img loading=\"lazy\" decoding=\"async\" class=\" wp-image-729 aligncenter\" src=\"https:\/\/nalua.in\/notas\/wp-content\/uploads\/2023\/06\/00000000p.jpg\" alt=\"\" width=\"299\" height=\"518\" data-wp-editing=\"1\" srcset=\"https:\/\/nalua.in\/notas\/wp-content\/uploads\/2023\/06\/00000000p.jpg 350w, https:\/\/nalua.in\/notas\/wp-content\/uploads\/2023\/06\/00000000p-173x300.jpg 173w, https:\/\/nalua.in\/notas\/wp-content\/uploads\/2023\/06\/00000000p-150x260.jpg 150w\" sizes=\"auto, (max-width: 299px) 100vw, 299px\" \/><\/p>\n<p style=\"text-align: justify;\">A hist\u00f3ria que as cartas v\u00eam nos contando desde fevereiro neste almanaque \u00e9 a de uma <strong>jornada pessoal<\/strong>. O Tar\u00f4, sendo o livro do mundo, quando consultado, fala sobre a <strong>viagem da vida<\/strong>. Por isso, muita gente que pensa sobre o tar\u00f4 chama o percurso das cartas de <em>A Viagem do Louco<\/em>, tomando emprestado de Joseph Campbell a no\u00e7\u00e3o da <strong>jornada do her\u00f3i<\/strong>. Esse conceito j\u00e1 est\u00e1 bem combalido, coitadinho, mas serve para ilustrar o que estamos fazendo aqui. <strong>As cartas dominicais chamam para que a gente preste aten\u00e7\u00e3o na nossa vida, \u00e9 s\u00f3 isso. \u00c9 simples assim<\/strong>. Elas s\u00e3o uma chance de examinarmos, nestes minutos em que lemos esses posts, as etapas do nosso caminho. E tamb\u00e9m, sendo o tar\u00f4 um or\u00e1culo, uma oportunidade de <strong>encontrarmos cenas m\u00e1gicas durante a semana<\/strong>. Cenas boas e cenas ruins, \u00e9 a vida.<\/p>\n<p style=\"text-align: justify;\">N\u00e3o era S\u00f3crates que dizia, atrav\u00e9s de Plat\u00e3o, que <strong>uma vida n\u00e3o examinada n\u00e3o vale a pena ser vivida<\/strong>? \u00c9 um pouco essa a ideia aqui, uma jornada por <strong>78 semanas<\/strong> que nos d\u00e1 a oportunidade de olharmos mais de pertinho nosso caminho. Esta \u00e9 16\u00aa semana em que estamos analisando temas b\u00e1sicos da nossa exist\u00eancia, relacionados ao tar\u00f4.<\/p>\n<p style=\"text-align: justify;\">E esta \u00e9 a semana do <strong>Mago<\/strong>. O Mago \u00e9 a carta da <strong>criatividade<\/strong>, da <strong>produtividade<\/strong>, da <strong>fluidez<\/strong> nos projetos. Como a\u00e7\u00e3o divinat\u00f3ria, a carta do mago representa o <strong>sucesso total dos nossos projetos<\/strong>. \u00c9 a carta do momento em que <strong>tudo est\u00e1 dando certo<\/strong>, em que <strong>as coisas acontecem<\/strong>. Mas o mago tamb\u00e9m \u00e9 um <strong>condutor<\/strong>, \u00e9 o <strong>mensageiro<\/strong> \u00e9 o que leva e traz, o que constr\u00f3i pontes e ajuda a a vida a fluir sem muito esfor\u00e7o. Ent\u00e3o o Mago indica que estamos prontos para come\u00e7ar, se nessas 15 semanas anteriores n\u00e3o fizemos nada. Ou se outro come\u00e7o \u00e9 necess\u00e1rio. Ou se existem novos projetos para colocarmos em andamento.<\/p>\n<p style=\"text-align: justify;\">O que essa carta pede \u00e9 que reflitamos sobre os <strong>insights<\/strong> que tivemos na vida e que nos ajudaram <strong>a mudar o rumo<\/strong> de algo. J\u00e1 falamos de passagem destes momentos <a href=\"http:\/\/almanalua.blog\/de-endoidecer-gente-sa\/\" target=\"_blank\" rel=\"noopener\">quando apareceu a carta do sol<\/a>, mas o ponto era outro. Aqui o foco \u00e9 percebermos se estamos abertos para os insights, para os <strong>momentos de percep\u00e7\u00e3o pura<\/strong> que de vez em quando temos na vida. Aqueles instantes em que somos inundados por um <strong>conhecimento repentino e profundo<\/strong> que nos permite ver algo de outra perspectiva. \u00c9 como se <strong>uma luz acendesse<\/strong> em nossa mente e nos permitisse entender algo que antes n\u00e3o consegu\u00edamos perceber. Os insights <strong>podem surgir em qualquer momento<\/strong>, seja durante uma conversa com um amigo, durante uma caminhada ou mesmo enquanto estamos trabalhando. Eles s\u00e3o especialmente valiosos quando estamos enfrentando problemas dif\u00edceis ou tentando tomar decis\u00f5es importantes.\u00a0Ao ter um insight, podemos <strong>mudar nossa vis\u00e3o sobre um problema<\/strong> e encontrar solu\u00e7\u00f5es criativas que antes n\u00e3o hav\u00edamos considerado. Certamente todos n\u00f3s j\u00e1 tivemos um ou v\u00e1rios insights. E os momentos de insight s\u00e3o muito enriquecedores e podem mudar a vida. Os insights s\u00e3o fonte de <strong>inspira\u00e7\u00e3o<\/strong> e <strong>motiva\u00e7\u00e3o<\/strong>. Quando temos um insight sobre algo que nos interessa ou apaixona, isso pode nos motivar a buscar novos caminhos e a explorar novas ideias. Os insights est\u00e3o intimamente ligados \u00e0 <strong>criatividade<\/strong>. Ent\u00e3o, <strong>tudo o que favorece nossa criatividade \u00e9 bom para esses pequenos momentos de claridade<\/strong>.<\/p>\n<p style=\"text-align: justify;\">E existe um outro insight maior e mais poderoso que \u00e9 aquele grande <strong><em>cair da ficha<\/em><\/strong>, que todos n\u00f3s temos ou teremos (ou dever\u00edamos ter) ao menos uma vez. \u00c9 aquilo que os falantes do castelhano chamam de <strong><em>darse cuenta<\/em>.<\/strong> \u00c9 quando temos uma percep\u00e7\u00e3o profunda sobre a vida, sobre o sentido da vida, sobre a mortalidade, sobre a finitude, a felicidade, o amor&#8230; Enfim, <strong>quando entendemos verdadeiramente <\/strong>alguma coisa de real sobre a nossa exist\u00eancia. Isso costuma acontecer na entrada para a vida adulta, ou um pouco depois. Mas <strong>nunca \u00e9 tarde<\/strong> para que deixemos bater no peito essa imensa onda de percep\u00e7\u00e3o, que \u00e0s vezes nos derruba, mas \u00e0s vezes nos devolve ao nosso lugar de real pertencimento. Esses momentos s\u00e3o \u00fanicos na nossa hist\u00f3ria. <strong>Voc\u00ea consegue identificar os seus?<\/strong><\/p>\n<p style=\"text-align: justify;\">Nesta semana n\u00e3o fique surpreso se voc\u00ea encontrar algum insight poderoso, que vai ter um impacto real na sua vida. Relembre os insights que voc\u00ea teve, quando a vida ainda era mais rica,\u00a0 criativa e colorida e n\u00e3o est\u00e1vamos ainda t\u00e3o afogados em demandas artificiais e boletos. Podemos ser deliciosamente criativos em qualquer idade, e dizer pro mundo que <em>aquele sonho cresceu<\/em>.<\/p>\n<table style=\"width: 100%; border-collapse: collapse; background-color: #c0e3a1;\">\n<tbody>\n<tr>\n<td style=\"width: 100%;\"><img loading=\"lazy\" decoding=\"async\" class=\"size-full wp-image-717 aligncenter\" src=\"https:\/\/nalua.in\/notas\/wp-content\/uploads\/2023\/06\/OMAGOP.jpg\" alt=\"\" width=\"350\" height=\"622\" srcset=\"https:\/\/nalua.in\/notas\/wp-content\/uploads\/2023\/06\/OMAGOP.jpg 350w, https:\/\/nalua.in\/notas\/wp-content\/uploads\/2023\/06\/OMAGOP-169x300.jpg 169w, https:\/\/nalua.in\/notas\/wp-content\/uploads\/2023\/06\/OMAGOP-150x267.jpg 150w\" sizes=\"auto, (max-width: 350px) 100vw, 350px\" \/><\/td>\n<\/tr>\n<\/tbody>\n<\/table>\n<p style=\"text-align: justify;\">O Mago \u00e9 a primeira carta do tarot e simboliza o poder de transformar as possibilidades em realidade. Ele possui todas as ferramentas necess\u00e1rias para realizar seus planos e projetos, representadas pelos quatro elementos e pelos quatro naipes do baralho. Ele tamb\u00e9m tem uma forte conex\u00e3o entre o plano espiritual e o material, indicada pela posi\u00e7\u00e3o de seus bra\u00e7os e pelo s\u00edmbolo do infinito sobre sua cabe\u00e7a.\u00a0O Mago representa a capacidade de agir com sabedoria, foco e determina\u00e7\u00e3o para alcan\u00e7ar seus objetivos. Ele \u00e9 um mestre da comunica\u00e7\u00e3o, da persuas\u00e3o e da manifesta\u00e7\u00e3o. Ele sabe usar seus recursos e talentos de forma eficiente e criativa. Ele \u00e9 um iniciador, um l\u00edder, um empreendedor.<\/p>\n<p style=\"text-align: justify;\">\u00c9 uma carta muito positiva e inspiradora, que indica que voc\u00ea tem tudo o que precisa para realizar seus sonhos. Voc\u00ea s\u00f3 precisa confiar em si mesmo e em seu potencial ilimitado. Voc\u00ea tem o dom\u00ednio sobre as situa\u00e7\u00f5es e as oportunidades est\u00e3o ao seu alcance. Voc\u00ea pode criar a realidade que deseja com sua vontade e inten\u00e7\u00e3o. Tamb\u00e9m \u00e9 uma carta que convida voc\u00ea a explorar novas possibilidades e a aprender novas habilidades. Ele \u00e9 curioso, inteligente e vers\u00e1til. Ele est\u00e1 sempre buscando novos conhecimentos e experi\u00eancias. Ele \u00e9 um feiticeiro que sabe como usar a magia da vida a seu favor. O Mago est\u00e1 relacionado ao planeta Merc\u00fario, que rege a mente, a comunica\u00e7\u00e3o, o com\u00e9rcio e os movimentos. Por isso, ele tamb\u00e9m representa a rapidez, a adaptabilidade, a flexibilidade e a agilidade. Ele sabe como se expressar com clareza e convencer os outros com sua eloqu\u00eancia. Ele tamb\u00e9m sabe como se movimentar pelo mundo com destreza e aproveitar as chances que surgem. \u00c9 bom n\u00e3o desperdi\u00e7ar a vinda do mago em nossa casa<\/p>\n<hr \/>\n<p><img loading=\"lazy\" decoding=\"async\" class=\" wp-image-716 aligncenter\" src=\"https:\/\/nalua.in\/notas\/wp-content\/uploads\/2023\/06\/FvCeMD7WYAEWz5w-1.jpg\" alt=\"\" width=\"349\" height=\"400\" srcset=\"https:\/\/nalua.in\/notas\/wp-content\/uploads\/2023\/06\/FvCeMD7WYAEWz5w-1.jpg 509w, https:\/\/nalua.in\/notas\/wp-content\/uploads\/2023\/06\/FvCeMD7WYAEWz5w-1-262x300.jpg 262w, https:\/\/nalua.in\/notas\/wp-content\/uploads\/2023\/06\/FvCeMD7WYAEWz5w-1-150x172.jpg 150w\" sizes=\"auto, (max-width: 349px) 100vw, 349px\" \/><\/p>\n<hr \/>\n<h2 style=\"text-align: center;\">Um texto para nos acompanhar \u00e0 luz de pequenos vagalumes.<\/h2>\n<p style=\"text-align: justify;\"><span style=\"font-size: 14pt;\"><em>Um senhor deixa cair ao ch\u00e3o os \u00f3culos que fazem um barulho terr\u00edvel ao bater nos ladrilhos. O senhor se abaixa aflit\u00edssimo porque as lentes dos \u00f3culos custam muito caro, mas descobre assombrado que por milagre elas n\u00e3o se quebraram. Agora esse senhor sente-se profundamente grato, e compreende que o acontecimento vale por uma advert\u00eancia amig\u00e1vel, de maneira que se dirige a uma \u00f3tica e compra logo um estojo de couro acolchoado, com prote\u00e7\u00e3o dupla, como precau\u00e7\u00e3o. Uma hora depois deixa cair o estojo e ao abaixar-se sem maior preocupa\u00e7\u00e3o verifica que os \u00f3culos viraram farelo. Esse senhor leva tempo para compreender que os des\u00edgnios da Provid\u00eancia s\u00e3o insond\u00e1veis e que na realidade o milagre aconteceu agora.<\/em><\/span><\/p>\n<p style=\"text-align: right;\"><strong>Julio Cort\u00e1zar \u2013 Hist\u00f3rias de cron\u00f3pios e de famas \u2013 Ed. Civiliza\u00e7\u00e3o Brasileira<\/strong><\/p>\n<hr \/>\n<table style=\"width: 100%; border-collapse: collapse; background-color: #c3b0eb;\">\n<tbody>\n<tr>\n<td style=\"width: 100%;\">\n<h2 style=\"text-align: center;\">Ler &amp; Ver &amp; Ouvir &amp; Pensar nos dias em que tudo foi feito pelo sol<\/h2>\n<\/td>\n<\/tr>\n<\/tbody>\n<\/table>\n<h3><img loading=\"lazy\" decoding=\"async\" class=\"aligncenter wp-image-720 size-medium\" src=\"https:\/\/nalua.in\/notas\/wp-content\/uploads\/2023\/06\/amodificacaocapaop-196x300.jpg\" alt=\"\" width=\"196\" height=\"300\" srcset=\"https:\/\/nalua.in\/notas\/wp-content\/uploads\/2023\/06\/amodificacaocapaop-196x300.jpg 196w, https:\/\/nalua.in\/notas\/wp-content\/uploads\/2023\/06\/amodificacaocapaop-150x229.jpg 150w, https:\/\/nalua.in\/notas\/wp-content\/uploads\/2023\/06\/amodificacaocapaop.jpg 350w\" sizes=\"auto, (max-width: 196px) 100vw, 196px\" \/><\/h3>\n<h3 style=\"text-align: center;\">Livro<\/h3>\n<p style=\"text-align: justify;\"><strong>A Modifica\u00e7\u00e3o &#8211; Michel Butor. <em>Indico este livro em primeiro lugar porque \u00e9 uma obra prima! Uma obra prima pouco conhecida e com poucas edi\u00e7\u00f5es no Brasil. Mas \u00e9 \u00a0 f\u00e1cil encontr\u00e1-lo em bibliotecas e em sebos. E indico tamb\u00e9m, pois \u00e9 uma deliciosa viagem pelo processo de um imenso insight de um personagem. O personagem faz uma viagem de trem e nela, com os pr\u00f3prios pensamentos vai se dando conta de coisas na sua vida e vai mudando, enquanto o trem passa por v\u00e1rias paisagens e esta\u00e7\u00f5es. Descobri esse livro por indica\u00e7\u00e3o do Luiz Ruffatto.<\/em><\/strong><\/p>\n<hr \/>\n<p style=\"text-align: justify;\"><em>A Modifica\u00e7\u00e3o &#8211; Michel Butor<\/em> &#8211; Editora Itatiaia.\u00a0A Modifica\u00e7\u00e3o \u00e9 um romance do escritor franc\u00eas Michel Butor, publicado em 1957 pela editora Minuit. A obra \u00e9 considerada um dos expoentes do Nouveau Roman, um movimento liter\u00e1rio que rompeu com as conven\u00e7\u00f5es do romance tradicional, explorando novas formas de narrativa, linguagem e estrutura.\u00a0O livro narra a viagem de um homem de neg\u00f3cios que sai de Paris para Roma em um trem noturno. Durante o percurso, ele reflete sobre a sua vida, os seus relacionamentos e o seu plano de abandonar a esposa e os filhos para ficar com Cec\u00edlia, uma jovem por quem se apaixonou. A narrativa \u00e9 feita em segunda pessoa do singular, como se o leitor fosse o pr\u00f3prio protagonista e estivesse sendo interpelado por uma voz interior.\u00a0A Modifica\u00e7\u00e3o \u00e9 um romance de introspec\u00e7\u00e3o psicol\u00f3gica, que explora os sentimentos contradit\u00f3rios e as ang\u00fastias do personagem principal. O autor utiliza diversos recursos estil\u00edsticos para criar uma atmosfera de tens\u00e3o e incerteza, como o uso de flashbacks, descri\u00e7\u00f5es minuciosas, repeti\u00e7\u00f5es e paralelismos. O tempo e o espa\u00e7o s\u00e3o elementos fundamentais na constru\u00e7\u00e3o da obra, que se passa em um per\u00edodo de 24 horas e em um ambiente fechado e claustrof\u00f3bico.<\/p>\n<p style=\"text-align: justify;\">O livro foi premiado com o Prix Renaudot em 1957 e recebeu elogios da cr\u00edtica e do p\u00fablico. Foi traduzido para v\u00e1rias l\u00ednguas e adaptado para o cinema em 1972 pelo diretor Michel Worms. A Modifica\u00e7\u00e3o \u00e9 uma obra original e inovadora, que desafia o leitor a participar ativamente da experi\u00eancia liter\u00e1ria. Michel Butor tamb\u00e9m utiliza elementos da psican\u00e1lise e da filosofia para explorar temas como identidade, aliena\u00e7\u00e3o e liberdade. A viagem de L\u00e9on Delmont se torna uma jornada de autodescoberta, onde ele \u00e9 confrontado com seus medos, desejos e limita\u00e7\u00f5es. \u00c9 um livro desafiador e provocativo, que exige do leitor uma aten\u00e7\u00e3o cuidadosa e uma mente aberta para as possibilidades da literatura.<\/p>\n<hr \/>\n<h3><img loading=\"lazy\" decoding=\"async\" class=\"aligncenter wp-image-722 size-medium\" src=\"https:\/\/nalua.in\/notas\/wp-content\/uploads\/2023\/06\/matrixposterp-200x300.jpg\" alt=\"\" width=\"200\" height=\"300\" srcset=\"https:\/\/nalua.in\/notas\/wp-content\/uploads\/2023\/06\/matrixposterp-200x300.jpg 200w, https:\/\/nalua.in\/notas\/wp-content\/uploads\/2023\/06\/matrixposterp-150x225.jpg 150w, https:\/\/nalua.in\/notas\/wp-content\/uploads\/2023\/06\/matrixposterp.jpg 350w\" sizes=\"auto, (max-width: 200px) 100vw, 200px\" \/><\/h3>\n<h3 style=\"text-align: center;\"><strong>Filme<\/strong><\/h3>\n<p style=\"text-align: justify;\"><strong>Matrix &#8211; Lana Wachowski, Lilly Wachowski &#8211; 1991. <em>Indico Matrix porque \u00e9 a maior hist\u00f3ria de insight das telas. De um tremendo <\/em>darse cuenta<em>. De uma ficha gigantesca que cai. E al\u00e9m disso \u00e9 das irm\u00e3s Wachowski as maravilhosas irm\u00e3s trans do cinema. E se elas dizem que o filme \u00e9 uma met\u00e1fora trans, \u00e9 porque \u00e9 \u00af\\_(\u30c4)_\/\u00af. E quer maior insight sobre si mesmo do que se descobrir trans? Enfim. \u00c9 dos melhores filmes de todos tempos. Eu digo pra voc\u00eas reverem, porque tenho certeza que todo mundo aqui j\u00e1 viu n\u00e9?<\/em><\/strong><\/p>\n<hr \/>\n<p style=\"text-align: justify;\"><em>Matrix<\/em> \u00e9 um filme ic\u00f4nico das irm\u00e3s Wachowski que foi lan\u00e7ado em 1999. O filme foi um sucesso de bilheteria e se tornou um marco na cultura pop. A hist\u00f3ria \u00e9 sobre um jovem programador chamado Neo, que descobre que a realidade em que vive n\u00e3o \u00e9 real. Ele \u00e9 recrutado por um grupo de rebeldes liderados por Morpheus, que o ajudam a entender a verdadeira natureza da realidade e a lutar contra as m\u00e1quinas que controlam a humanidade.\u00a0O filme \u00e9 uma obra-prima em termos de dire\u00e7\u00e3o, roteiro e efeitos visuais. A hist\u00f3ria \u00e9 complexa e profunda, e aborda temas como a natureza da realidade, o livre-arb\u00edtrio, a intelig\u00eancia artificial e a luta pela liberdade. A dire\u00e7\u00e3o das irm\u00e3s Wachowski \u00e9 excepcional, com cenas de a\u00e7\u00e3o incr\u00edveis e uma atmosfera sombria e opressiva.\u00a0O elenco tamb\u00e9m \u00e9 excelente, com atua\u00e7\u00f5es memor\u00e1veis de Keanu Reeves como Neo, Laurence Fishburne como Morpheus e Carrie-Anne Moss como Trinity. A qu\u00edmica entre os personagens \u00e9 palp\u00e1vel, e a rela\u00e7\u00e3o entre Neo e Trinity \u00e9 particularmente emocionante.\u00a0Os efeitos visuais do filme s\u00e3o impressionantes, especialmente considerando que o filme foi lan\u00e7ado em 1999. As cenas de luta s\u00e3o coreografadas com perfei\u00e7\u00e3o, e os efeitos especiais s\u00e3o usados de forma criativa para criar uma sensa\u00e7\u00e3o de imers\u00e3o na realidade virtual.\u00a0O roteiro do filme \u00e9 complexo e desafiador, mas recompensador para aqueles que se dedicam a entend\u00ea-lo. A hist\u00f3ria aborda temas filos\u00f3ficos profundos, como a natureza da realidade e a busca pela verdade. O filme tamb\u00e9m faz refer\u00eancias a v\u00e1rias outras obras liter\u00e1rias e cinematogr\u00e1ficas, como Alice no Pa\u00eds das Maravilhas e Blade Runner. Matrix \u00e9 um filme excepcional que continua a ser relevante at\u00e9 hoje. As irm\u00e3s Wachowski criaram uma obra-prima que combina uma hist\u00f3ria complexa com dire\u00e7\u00e3o habilidosa e efeitos visuais impressionantes. \u00c9 um filme que deve ser visto por todos os amantes de fic\u00e7\u00e3o cient\u00edfica e cinema em geral.<\/p>\n<hr \/>\n<h3 style=\"text-align: center;\">Document\u00e1rio &amp; Biografia<\/h3>\n<p><img loading=\"lazy\" decoding=\"async\" class=\"wp-image-723 size-medium aligncenter\" src=\"https:\/\/nalua.in\/notas\/wp-content\/uploads\/2023\/06\/bombshellp-202x300.jpg\" alt=\"\" width=\"202\" height=\"300\" srcset=\"https:\/\/nalua.in\/notas\/wp-content\/uploads\/2023\/06\/bombshellp-202x300.jpg 202w, https:\/\/nalua.in\/notas\/wp-content\/uploads\/2023\/06\/bombshellp-150x222.jpg 150w, https:\/\/nalua.in\/notas\/wp-content\/uploads\/2023\/06\/bombshellp.jpg 350w\" sizes=\"auto, (max-width: 202px) 100vw, 202px\" \/><\/p>\n<p><img loading=\"lazy\" decoding=\"async\" class=\"wp-image-725 aligncenter\" src=\"https:\/\/nalua.in\/notas\/wp-content\/uploads\/2023\/06\/B08C5L96DL.01._SCLZZZZZZZ_SX500_.jpg\" alt=\"\" width=\"189\" height=\"292\" srcset=\"https:\/\/nalua.in\/notas\/wp-content\/uploads\/2023\/06\/B08C5L96DL.01._SCLZZZZZZZ_SX500_.jpg 324w, https:\/\/nalua.in\/notas\/wp-content\/uploads\/2023\/06\/B08C5L96DL.01._SCLZZZZZZZ_SX500_-194x300.jpg 194w, https:\/\/nalua.in\/notas\/wp-content\/uploads\/2023\/06\/B08C5L96DL.01._SCLZZZZZZZ_SX500_-150x231.jpg 150w\" sizes=\"auto, (max-width: 189px) 100vw, 189px\" \/><\/p>\n<p style=\"text-align: justify;\"><strong>Bombshell: The Hedy Lamarr Story &#8211; Alexandra Dean &#8211; 2017 &amp; A \u00danica Mulher &#8211; Marie Benedict. <\/strong><em><strong>A indica\u00e7\u00e3o do document\u00e1rio e do livro \u00e9 na verdade a indica\u00e7\u00e3o de uma pessoa. N\u00e3o tem personagem mais Mago do que Hedy Lamarr. Essa mulher \u00e9 fascinante, apaixonante demais. E tem esse document\u00e1rio sobre ela um pouco dif\u00edcil de achar, mas no submundo tem. Al\u00e9m do document\u00e1rio existe tamb\u00e9m em portugues essa biografia escrita por Marie Benedict e est\u00e1 gr\u00e1tis para quem tem <\/strong><\/em><strong>Kindle <\/strong><strong>Unlimited<\/strong><em><strong>. Conhe\u00e7am Hedy Lamarr.\u00a0<\/strong><\/em><\/p>\n<p style=\"text-align: justify;\"><span style=\"font-size: 8pt;\">Uma curiosidade: A entrada mais antiga que eu tenho de di\u00e1rio marca que em 1983 eu assisti o filme Sans\u00e3o e Dalila com Hedy Lamarr e Victor Mature \ud83d\ude42<\/span><\/p>\n<hr \/>\n<p style=\"text-align: justify;\">Hedy Lamarr foi uma atriz de cinema austr\u00edaca que ficou famosa na d\u00e9cada de 1930 e 1940. Mas al\u00e9m de sua carreira no cinema, ela tamb\u00e9m foi uma inventora brilhante. Em parceria com o compositor George Antheil, Hedy criou uma tecnologia que foi crucial para o desenvolvimento da comunica\u00e7\u00e3o sem fio e do GPS.\u00a0A inven\u00e7\u00e3o de Hedy e Antheil foi patenteada em 1942, durante a Segunda Guerra Mundial. Na \u00e9poca, eles estavam preocupados com a possibilidade de os submarinos alem\u00e3es interceptarem as comunica\u00e7\u00f5es dos Aliados. A solu\u00e7\u00e3o que eles encontraram foi criar um sistema de comunica\u00e7\u00e3o que mudava de frequ\u00eancia constantemente, o que tornava muito dif\u00edcil para os inimigos interceptarem as mensagens.\u00a0Essa tecnologia foi chamada de \u201cespectro expandido\u201d e \u00e9 usada at\u00e9 hoje em sistemas de comunica\u00e7\u00e3o sem fio, como o Wi-Fi e o Bluetooth. Al\u00e9m disso, ela tamb\u00e9m foi fundamental para o desenvolvimento do GPS, j\u00e1 que permite que os sat\u00e9lites se comuniquem com os receptores na Terra.\u00a0Apesar da import\u00e2ncia da inven\u00e7\u00e3o de Hedy e Antheil, ela n\u00e3o foi reconhecida imediatamente. Na verdade, demorou d\u00e9cadas para que as contribui\u00e7\u00f5es de Hedy \u00e0 ci\u00eancia fossem realmente valorizadas. Isso se deve em parte ao fato de que ela era uma mulher e uma atriz de cinema, o que fazia com que muitas pessoas n\u00e3o levassem a s\u00e9rio suas habilidades como inventora.\u00a0Mas nos \u00faltimos anos, Hedy tem recebido cada vez mais reconhecimento por sua contribui\u00e7\u00e3o \u00e0 tecnologia. Em 2014, ela foi inclu\u00edda no Hall da Fama dos Inventores dos Estados Unidos. E em 2018, um document\u00e1rio sobre sua vida e obra, intitulado \u201cBombshell: The Hedy Lamarr Story\u201d, foi lan\u00e7ado.<\/p>\n<hr \/>\n<p style=\"text-align: justify;\">O document\u00e1rio<em> &#8220;Bombshell: The Hedy Lamarr Story&#8221;<\/em>, dirigido por Alexandra Dean, \u00e9 uma obra esclarecedora sobre a vida de uma das mulheres mais fascinantes do s\u00e9culo XX.\u00a0O document\u00e1rio retrata a vida de Hedy desde sua inf\u00e2ncia na \u00c1ustria at\u00e9 sua morte em 2000, mostrando sua carreira no cinema, seus relacionamentos amorosos e sua luta pela patente de sua inven\u00e7\u00e3o revolucion\u00e1ria. O filme \u00e9 repleto de imagens de arquivo, entrevistas com amigos e familiares de Hedy, bem como com especialistas em tecnologia e hist\u00f3ria do cinema.<\/p>\n<p style=\"text-align: justify;\">Uma das coisas mais interessante em &#8220;Bombshell: The Hedy Lamarr Story&#8221; \u00e9 a maneira como ele mostra as v\u00e1rias facetas da vida de Hedy. Embora seja mais conhecida por sua carreira no cinema, o document\u00e1rio destaca o fato de que ela tamb\u00e9m era uma mulher extremamente inteligente e curiosa, que estava sempre procurando aprender mais sobre o mundo ao seu redor. Sua inven\u00e7\u00e3o da tecnologia de salto de frequ\u00eancia, que permitia que os torpedos fossem guiados remotamente sem serem detectados, \u00e9 um exemplo perfeito disso.\u00a0Outro ponto forte do document\u00e1rio \u00e9 a maneira como ele aborda quest\u00f5es importantes como sexismo e preconceito. Hedy enfrentou muitos obst\u00e1culos ao longo de sua vida, tanto como atriz quanto como inventora, simplesmente por ser uma mulher. O filme mostra como ela lutou contra essas barreiras e como suas realiza\u00e7\u00f5es foram muitas vezes minimizadas ou ignoradas por causa de seu g\u00eanero. O document\u00e1rio tamb\u00e9m apresenta uma vis\u00e3o da hist\u00f3ria do cinema e da cultura pop americana dos anos 30 e 40. A vida pessoal de Hedy foi repleta de drama e controv\u00e9rsia, incluindo um casamento tumultuado com um magnata do petr\u00f3leo e uma pris\u00e3o por acusa\u00e7\u00f5es falsas de roubo. O filme tamb\u00e9m mostra como Hedy foi retratada pela m\u00eddia e pela ind\u00fastria cinematogr\u00e1fica da \u00e9poca, muitas vezes como um objeto sexualizado em vez de uma atriz talentosa.<\/p>\n<hr \/>\n<h3><img loading=\"lazy\" decoding=\"async\" class=\"aligncenter wp-image-727 size-medium\" src=\"https:\/\/nalua.in\/notas\/wp-content\/uploads\/2023\/06\/SOA1T-200x300.jpg\" alt=\"\" width=\"200\" height=\"300\" srcset=\"https:\/\/nalua.in\/notas\/wp-content\/uploads\/2023\/06\/SOA1T-200x300.jpg 200w, https:\/\/nalua.in\/notas\/wp-content\/uploads\/2023\/06\/SOA1T-150x225.jpg 150w, https:\/\/nalua.in\/notas\/wp-content\/uploads\/2023\/06\/SOA1T.jpg 333w\" sizes=\"auto, (max-width: 200px) 100vw, 200px\" \/><\/h3>\n<h3 style=\"text-align: center;\">S\u00e9rie<\/h3>\n<p style=\"text-align: justify;\"><strong>Sons of Anarchy &#8211; Kurt Sutter &#8211; 2014. <em>Indica\u00e7\u00e3o da La\u00eds (@laismeralda). Segundo ela, o seriado todo \u00e9 consequ\u00eancia de uma grande ficha que cai para o personagem principal, o que acontece ainda logo no epis\u00f3dio piloto, e o seriado vai acontecendo em certa medida por causa desse evento.<\/em><\/strong><\/p>\n<hr \/>\n<p style=\"text-align: justify;\"><em>Sons of Anarchy: Uma S\u00e9rie Que Vai Al\u00e9m do Crime<\/em> &#8211;\u00a0Criada por Kurt Sutter, a s\u00e9rie se passa em Charming, uma pequena cidade fict\u00edcia da Calif\u00f3rnia, e conta a hist\u00f3ria do clube de motociclistas Sons of Anarchy Motorcycle Club Redwood Original (SAMCRO).\u00a0Ao longo de sete temporadas, a s\u00e9rie nos apresenta um universo complexo, repleto de personagens marcantes e tramas envolventes.\u00a0A primeira coisa que chama a aten\u00e7\u00e3o em Sons of Anarchy \u00e9 a sua ambienta\u00e7\u00e3o. A s\u00e9rie se passa em um mundo que muitos de n\u00f3s nunca tivemos contato, o universo dos clubes de motociclistas. E isso \u00e9 explorado de forma brilhante pelos roteiristas e pelos diretores da s\u00e9rie. Ao longo dos epis\u00f3dios, somos apresentados aos costumes, \u00e0s tradi\u00e7\u00f5es e \u00e0 hierarquia do clube. A rela\u00e7\u00e3o entre os membros do SAMCRO \u00e9 muito bem explorada, e \u00e9 f\u00e1cil se envolver com a din\u00e2mica entre eles.\u00a0Mas Sons of Anarchy n\u00e3o \u00e9 apenas uma s\u00e9rie sobre motocicletas e clubes. A trama principal gira em torno de Jax Teller (interpretado por Charlie Hunnam), um dos membros do clube que come\u00e7a a questionar as decis\u00f5es tomadas pelo seu l\u00edder, Clay Morrow (interpretado por Ron Perlman).<\/p>\n<p style=\"text-align: justify;\">A partir da\u00ed, a s\u00e9rie nos apresenta um mundo de intrigas, trai\u00e7\u00f5es e viol\u00eancia. Mas o que torna Sons of Anarchy t\u00e3o especial \u00e9 que ela n\u00e3o se limita a isso. A s\u00e9rie tamb\u00e9m aborda temas como fam\u00edlia, amizade e lealdade.\u00a0Ao longo das temporadas, somos apresentados aos membros da fam\u00edlia Teller-Morrow e suas rela\u00e7\u00f5es complexas. Al\u00e9m disso, a s\u00e9rie tamb\u00e9m explora a rela\u00e7\u00e3o entre Jax e Tara (interpretada por Maggie Siff), sua namorada de inf\u00e2ncia que se torna m\u00e9dica.\u00a0Outro ponto forte de Sons of Anarchy s\u00e3o os personagens secund\u00e1rios. Desde os membros do clube at\u00e9 os policiais que tentam derrub\u00e1-los, todos os personagens s\u00e3o muito bem constru\u00eddos e t\u00eam suas pr\u00f3prias motiva\u00e7\u00f5es.\u00a0E \u00e9 justamente essa complexidade dos personagens que faz com que Sons of Anarchy v\u00e1 al\u00e9m do g\u00eanero das s\u00e9ries sobre crime organizado. \u00c9 f\u00e1cil se envolver com a hist\u00f3ria de cada um deles e torcer (ou n\u00e3o) pelo seu sucesso.<\/p>\n<p style=\"text-align: justify;\">Por fim, \u00e9 preciso destacar a atua\u00e7\u00e3o dos atores. Charlie Hunnam entrega uma performance incr\u00edvel como Jax Teller, mostrando todas as facetas do personagem ao longo das temporadas. Ron Perlman tamb\u00e9m merece destaque como Clay Morrow, o l\u00edder do clube que nem sempre age de forma correta.\u00a0Mas n\u00e3o s\u00e3o apenas os protagonistas que brilham em Sons of Anarchy. Katey Sagal entrega uma atua\u00e7\u00e3o memor\u00e1vel como Gemma Teller Morrow, a matriarca da fam\u00edlia Teller-Morrow. E Mark Boone Junior rouba a cena como Bobby Munson, um dos membros mais antigos do clube.\u00a0Em resumo, Sons of Anarchy \u00e9 uma s\u00e9rie que vai muito al\u00e9m do g\u00eanero das s\u00e9ries sobre crime organizado. Com uma ambienta\u00e7\u00e3o \u00fanica, personagens complexos e atua\u00e7\u00f5es incr\u00edveis, a s\u00e9rie \u00e9 uma das mais marcantes dos \u00faltimos anos.<\/p>\n<hr \/>\n<p style=\"text-align: center;\"><a href=\"https:\/\/youtu.be\/3PqATKhWvgg\" target=\"_blank\" rel=\"noopener\">Uma poesia declamada pela aniversariante mais fant\u00e1stica do dia. Uma poesia que diz diretamente ao cora\u00e7\u00e3o deste post: Uma Pequena Luz<\/a><\/p>\n<hr \/>\n<table style=\"width: 100%; border-collapse: collapse; background-color: #b0f5f1;\">\n<tbody>\n<tr>\n<td style=\"width: 100%;\">\n<p style=\"text-align: center;\"><em>&#8220;S\u00f3 h\u00e1 um tempo em que \u00e9 fundamental despertar. Esse tempo \u00e9 agora.&#8221;<\/em><\/p>\n<p style=\"text-align: center;\"><strong>Jack Kornfield<\/strong><\/p>\n<\/td>\n<\/tr>\n<\/tbody>\n<\/table>\n<p style=\"text-align: center;\"><span style=\"font-size: 8pt;\">18 de junho \u00e9 o 169.\u00ba dia do ano no calend\u00e1rio gregoriano (170.\u00ba em anos bissextos). Faltam 196 dias para acabar o ano.\u00a0<\/span><\/p>\n<hr \/>\n<p style=\"text-align: center;\"><strong>Post com a colabora\u00e7\u00e3o de\u00a0<a href=\"http:\/\/instagram.com\/tariq_kawakami\" target=\"_blank\" rel=\"noopener\">@tariqmusashi<\/a>\u00a0e\u00a0<a href=\"http:\/\/instagram.com\/laismeralda\" target=\"_blank\" rel=\"noopener\">@laismeralda<\/a><\/strong><\/p>\n<hr \/>\n<p style=\"text-align: justify;\"><em>Se voc\u00ea leu at\u00e9 aqui, obrigada! Esse \u00e9 o meu almanaque particular. Um peda\u00e7o do meu di\u00e1rio, da minha arca de refer\u00eancias, um registro de pequenas efem\u00e9rides, de coisas que quero guardar, do tempo, do vento, do c\u00e9u e do cheiro da chuva. Os Vest\u00edgios do Dia, meus dias.<\/em><\/p>\n<table style=\"width: 100%; border-collapse: collapse; background-color: #f0b9c1;\">\n<tbody>\n<tr>\n<td style=\"width: 100%; text-align: center;\"><span style=\"font-size: 10pt;\">\u00a9 Nalua \u2013 Caderninho pessoal, bauzinho de trapos coloridos, nos morros de Minas Gerais. Quase inverno, friozinho, gra\u00e7as aos c\u00e9us.<\/span><\/td>\n<\/tr>\n<\/tbody>\n<\/table>\n<p style=\"text-align: center;\"><em><span style=\"font-size: 8pt;\">Esta \u00e9 a 16\u00aa de 78 p\u00e1ginas que ter\u00e1 este almanaque.<\/span><\/em><\/p>\n","protected":false},"excerpt":{"rendered":"<p>da voz da matriarca da Roma Negra Belo Horizonte, 18 de junho de 2023 \ud83c\udf25\ufe0f 13\u00b0 \u2013 23\u00b0 Dia do Orgulho Autista. Dia do Qu\u00edmico. [&#8230;]<\/p>\n","protected":false},"author":1,"featured_media":0,"comment_status":"open","ping_status":"open","sticky":false,"template":"","format":"standard","meta":{"footnotes":""},"categories":[9,13,10,5,12],"tags":[],"class_list":["post-712","post","type-post","status-publish","format-standard","hentry","category-almanaque","category-carta-semanal","category-jardim","category-newsletter","category-oraculo"],"_links":{"self":[{"href":"https:\/\/nalua.in\/notas\/wp-json\/wp\/v2\/posts\/712","targetHints":{"allow":["GET"]}}],"collection":[{"href":"https:\/\/nalua.in\/notas\/wp-json\/wp\/v2\/posts"}],"about":[{"href":"https:\/\/nalua.in\/notas\/wp-json\/wp\/v2\/types\/post"}],"author":[{"embeddable":true,"href":"https:\/\/nalua.in\/notas\/wp-json\/wp\/v2\/users\/1"}],"replies":[{"embeddable":true,"href":"https:\/\/nalua.in\/notas\/wp-json\/wp\/v2\/comments?post=712"}],"version-history":[{"count":27,"href":"https:\/\/nalua.in\/notas\/wp-json\/wp\/v2\/posts\/712\/revisions"}],"predecessor-version":[{"id":752,"href":"https:\/\/nalua.in\/notas\/wp-json\/wp\/v2\/posts\/712\/revisions\/752"}],"wp:attachment":[{"href":"https:\/\/nalua.in\/notas\/wp-json\/wp\/v2\/media?parent=712"}],"wp:term":[{"taxonomy":"category","embeddable":true,"href":"https:\/\/nalua.in\/notas\/wp-json\/wp\/v2\/categories?post=712"},{"taxonomy":"post_tag","embeddable":true,"href":"https:\/\/nalua.in\/notas\/wp-json\/wp\/v2\/tags?post=712"}],"curies":[{"name":"wp","href":"https:\/\/api.w.org\/{rel}","templated":true}]}}