{"id":663,"date":"2023-06-10T21:25:41","date_gmt":"2023-06-10T21:25:41","guid":{"rendered":"https:\/\/nalua.in\/notas\/?p=663"},"modified":"2023-06-11T13:05:08","modified_gmt":"2023-06-11T13:05:08","slug":"falar-da-cor-dos-temporais","status":"publish","type":"post","link":"https:\/\/nalua.in\/notas\/falar-da-cor-dos-temporais\/","title":{"rendered":""},"content":{"rendered":"<p style=\"text-align: center;\"><span style=\"font-size: 8pt;\">falar da cor dos temporais<\/span><\/p>\n<p><img loading=\"lazy\" decoding=\"async\" class=\"size-full wp-image-157 aligncenter\" src=\"https:\/\/nalua.in\/notas\/wp-content\/uploads\/2023\/02\/almanaque.jpg\" alt=\"\" width=\"1200\" height=\"300\" srcset=\"https:\/\/nalua.in\/notas\/wp-content\/uploads\/2023\/02\/almanaque.jpg 1200w, https:\/\/nalua.in\/notas\/wp-content\/uploads\/2023\/02\/almanaque-300x75.jpg 300w, https:\/\/nalua.in\/notas\/wp-content\/uploads\/2023\/02\/almanaque-1024x256.jpg 1024w, https:\/\/nalua.in\/notas\/wp-content\/uploads\/2023\/02\/almanaque-768x192.jpg 768w\" sizes=\"auto, (max-width: 1200px) 100vw, 1200px\" \/><\/p>\n<p style=\"text-align: center;\"><strong>Belo Horizonte, 11 de junho de 2023<\/strong><\/p>\n<p style=\"text-align: center;\">\u263c <strong>15\u00b0 \u2013 27\u00b0<\/strong><\/p>\n<p style=\"text-align: justify;\">V\u00e9spera do <span style=\"text-decoration: underline;\">Dia dos Namorados<\/span>, um dia depois do <span style=\"text-decoration: underline;\">meu anivers\u00e1rio de casamento<\/span>. Na semana passada eu recomecei a ler a Il\u00edada e por coincid\u00eancia descobri que 11 de junho em <strong>1184<\/strong> a.C. \u00e9 a data que se sup\u00f5e que <span style=\"text-decoration: underline;\">Troia<\/span> foi saqueada e incendiada. \u00c9 o dia em que se comemora a <span style=\"text-decoration: underline;\">funda\u00e7\u00e3o de Buenos Aires<\/span>, uma cidade que amo.\u00a0Em <strong>1899<\/strong> nascia <span style=\"text-decoration: underline;\">Yasunari Kawabata<\/span>. Em <strong>1910<\/strong> <span style=\"text-decoration: underline;\">Jacques Cousteau<\/span>, em <strong>1927<\/strong> aparecia <span style=\"text-decoration: underline;\">Francisco Brennand<\/span>, em <strong>1937<\/strong> <span style=\"text-decoration: underline;\">Reginaldo Faria<\/span> e em <strong>1959<\/strong> <span style=\"text-decoration: underline;\">Hugh Laurie<\/span>. Neste dia, em <strong>1967<\/strong> chegavam <span style=\"text-decoration: underline;\">Carla Vilhena e Isabela Garcia<\/span>. Em <strong>1934<\/strong> partia <span style=\"text-decoration: underline;\">Vygotsky<\/span>, em <strong>1979<\/strong> <span style=\"text-decoration: underline;\">John Wayne<\/span>. Em <strong>2005<\/strong> voltava ao hol\u00edstico <span style=\"text-decoration: underline;\">Juan Jos\u00e9 Saer<\/span>. E em 11 de junho do ano <strong>2000<\/strong> o Rio de Janeiro n\u00e3o imaginava que no dia seguinte aconteceria o terr\u00edvel <span style=\"text-decoration: underline;\">sequestro do \u00f4nibus 174<\/span>.<\/p>\n<hr \/>\n<p style=\"text-align: center;\"><span style=\"font-size: 8pt;\">Esse post \u00e9 para o Akio<\/span><\/p>\n<hr \/>\n<p style=\"text-align: center;\"><em>Traz<\/em><br \/>\n<em>de novo, meu amor,<\/em><br \/>\n<em>a transpar\u00eancia da \u00e1gua<\/em><br \/>\n<em>d\u00e1 ocupa\u00e7\u00e3o \u00e0 minha ternura vadia<\/em><br \/>\n<em>mergulha os teus dedos<\/em><br \/>\n<em>no feiti\u00e7o do meu peito<\/em><br \/>\n<em>e espanta na gruta funda de mim<\/em><br \/>\n<em>os animais que atormentam o meu sono.<\/em><\/p>\n<p style=\"text-align: center;\"><span class=\"fe5nidar khvhiq1o r5qsrrlp i5tg98hk f9ovudaz przvwfww gx1rr48f gfz4du6o r7fjleex nz2484kf svot0ezm dcnh1tix sxl192xd t3g6t33p\"><span class=\"mpj7bzys xzlurrtv\">\u2665\ufe0f<\/span><\/span><\/p>\n<p style=\"text-align: center;\"><strong>Mia Couto<\/strong><\/p>\n<hr \/>\n<h3 style=\"text-align: center;\">Em um dia que pode ou n\u00e3o ter sido 11 de junho, escreveu Em\u00edlio Renzi em seu di\u00e1rio:<\/h3>\n<p style=\"text-align: center;\"><strong>O Primeiro Amor<\/strong><\/p>\n<p style=\"text-align: justify;\"><em>Eu me apaixonei pela primeira vez aos dez anos. No meio da aula apareceu uma menina ruiva que a professora apresentou como a nova aluna. Ela estava em p\u00e9 ao lado da lousa e seu nome era (ou \u00e9) Clara Schultz. N\u00e3o lembro nada das semanas seguintes, mas sei que nos apaixonamos e que tent\u00e1vamos esconder isso dos outros porque \u00e9ramos crian\u00e7as e sab\u00edamos que quer\u00edamos uma coisa imposs\u00edvel. Ainda me doem certas lembran\u00e7as. Quando enfileirados no p\u00e1tio, os outros nos olhavam e ela ficava mais vermelha ainda e eu aprendi o que \u00e9 sofrer a cumplicidade dos idiotas. Na <\/em><em>sa\u00edda eu brigava no campinho da Amenedo com os alunos mais velhos que a seguiam para jogar carrapichos no seu cabelo, porque ela o usava solto at\u00e9 a cintura. Uma tarde voltei para casa t\u00e3o arrebentado que minha m\u00e3e pensou que eu tinha enlouquecido ou estava tomado de uma febre suicida.<\/em><br \/>\n<em>Eu n\u00e3o podia contar para ningu\u00e9m o que sentia e parecia carrancudo e humilhado, como se estivesse sempre com sono. Escrev\u00edamos cartas um para o outro, s\u00f3 que mal sab\u00edamos escrever. Lembro de uma sequ\u00eancia inst\u00e1vel de \u00eaxtase e desespero; lembro que ela era s\u00e9ria e veemente e que nunca sorria, talvez por saber o futuro. N\u00e3o guardo comigo nenhuma fotografia dela, s\u00f3 sua lembran\u00e7a, mas em cada mulher que amei estava Clara.<\/em><\/p>\n<p style=\"text-align: right;\"><strong>Anos de forma\u00e7\u00e3o (Os Di\u00e1rios de Emilio Renzi Livro 1) &#8211; Ricardo Piglia &#8211; Editora Todavia<\/strong><\/p>\n<hr \/>\n<p style=\"text-align: center;\"><img loading=\"lazy\" decoding=\"async\" class=\"size-full wp-image-665 aligncenter\" src=\"https:\/\/nalua.in\/notas\/wp-content\/uploads\/2023\/06\/0a4.jpg\" alt=\"\" width=\"620\" height=\"220\" srcset=\"https:\/\/nalua.in\/notas\/wp-content\/uploads\/2023\/06\/0a4.jpg 620w, https:\/\/nalua.in\/notas\/wp-content\/uploads\/2023\/06\/0a4-300x106.jpg 300w, https:\/\/nalua.in\/notas\/wp-content\/uploads\/2023\/06\/0a4-150x53.jpg 150w\" sizes=\"auto, (max-width: 620px) 100vw, 620px\" \/>Liniers <span class=\"fe5nidar khvhiq1o r5qsrrlp i5tg98hk f9ovudaz przvwfww gx1rr48f gfz4du6o r7fjleex nz2484kf svot0ezm dcnh1tix sxl192xd t3g6t33p\"><span class=\"mpj7bzys xzlurrtv\">\u2665\ufe0f<\/span><\/span><\/p>\n<hr \/>\n<p style=\"text-align: center;\"><strong>No dia seguinte a 11 de junho de 1939 escrevia Nelson Rodrigues uma carta \u00e0 sua amada Elza:<\/strong><\/p>\n<p style=\"text-align: justify;\"><strong><em>Campos do Jord\u00e3o<\/em><\/strong><\/p>\n<p style=\"text-align: justify;\"><em>Elzinha, meu divino amor:<\/em><\/p>\n<p style=\"text-align: justify;\"><em>[&#8230;] Ah, querida! eu sofro ainda, ou sofro mais do que\u00a0nunca, o doce mal da saudade. S\u00f3 existe na terra um rem\u00e9dio &#8211; e que maravilhoso rem\u00e9dio! &#8211; para essa nostalgia que me acompanha, que me ronda, e que est\u00e1 impregnando todos os instantes de minha vida: \u00e9 a tua presen\u00e7a&#8230;<\/em><\/p>\n<p style=\"text-align: justify;\"><em>[&#8230;]Diante dessa reflex\u00e3o, eu estive pensando, Elza, muitos\u00a0dias, se n\u00e3o seria melhor para tua felicidade que eu me afastasse de ti e encerrasse, de modo implac\u00e1vel e definitivo esse nosso romance, que \u00e9 t\u00e3o doce e t\u00e3o triste. Amar-te sempre e aceitar o teu amor n\u00e3o seria o mesmo que te condenar a um destino incerto, a um futuro cheio de press\u00e1gio e de ang\u00fastia? Depois pensei melhor: lembrei-me do que tens sofrido e chorado; j\u00e1 possuis a experi\u00eancia da l\u00e1grima; se a sa\u00fade do teu corpo est\u00e1 intacta, tua alma conheceu a dor, a dor que ilumina a consci\u00eancia, que purifica o sentimento e faz a mulher digna de ser amada. Pensei tamb\u00e9m que n\u00e3o me cabia o direito de duvidar de ti; com o sofrimento, tua alma se redimira de toda frivolidade. Tu serias para mim uma fonte docemente imortal de amor, de consolo, de car\u00edcia.<\/em><\/p>\n<p style=\"text-align: center;\"><em>[&#8230;] Dois beijos intermin\u00e1veis do meu amor imortal.<\/em><\/p>\n<p style=\"text-align: center;\"><strong><em>Nelson<\/em><\/strong><\/p>\n<p style=\"text-align: right;\"><span style=\"font-size: 10pt;\">(quem diria que Nelson Rodrigues podia ser fofo rs)<\/span><\/p>\n<hr \/>\n<h2 style=\"text-align: center;\">Or\u00e1culos da Semana<\/h2>\n<p style=\"text-align: justify;\">Nesta semana a primeira carta que saiu foi o <strong>Tr\u00eas de ouros<\/strong>. E imediatamente pediu um complemento. Consultei a Sibila Lenormand, que entregou a carta <strong>O Buqu\u00ea<\/strong>. Eu olhei as duas e lembrei que dia 11 \u00e9 v\u00e9spera do dia dos namorados, antev\u00e9spera do dia do Santo Casamenteiro. E \u00e9 um dia passado do meu anivers\u00e1rio de 22 anos de casamento. Essa combina\u00e7\u00e3o 3 de ouros+buqu\u00ea \u00e9 a tradu\u00e7\u00e3o da carta <strong>Dois de Copas. <\/strong>Dois de Copas fala de uma parceria amorosa. E durante essa semana \u00e9 quase imperativo falar de <strong>amor<\/strong>, falar dos nossos pares rom\u00e2nticos, falar de romance. Falar <strong>do amor que existe em nossas vidas.<\/strong><\/p>\n<p style=\"text-align: justify;\">Mas o que poderia ser mais dif\u00edcil de falar do que sobre o Amor? Certamente eu n\u00e3o estou preparada para escrever absolutamente nada sobre esse tema. Um assunto que \u00e9 o maior de toda cultura (pelo menos da cultura ocidental), sobre o qual uma parte esmagadora de nossas obras se debru\u00e7ou e se debru\u00e7a. Um assunto que movimenta trilh\u00f5es e trilh\u00f5es de d\u00f3lares todos os anos. E sobre o qual ainda <strong>n\u00e3o existe nem consenso nem defini\u00e7\u00e3o<\/strong>. Quase tudo que peguei para ler e pensar sobre o amor fala dessa dificuldade. Da impossibilidade de definir o amor. <em>O Amor talvez seja o maior enigma da exist\u00eancia<\/em>. E no entanto n\u00e3o podemos crescer sem amor. Nem individualmente, nem como sociedade.<\/p>\n<p style=\"text-align: justify;\">Todo o pensamento, pelo menos desde os gregos, acha dif\u00edcil e complexo definir o que \u00e9 o Amor. E ainda assim qualquer um de n\u00f3s sabe o que \u00e9 o amor. <strong>Sente, sentiu e sentir\u00e1 amor<\/strong>, muito embora<strong> o amor n\u00e3o possa de maneira alguma ser resumido a um sentimento<\/strong>. Num livro que uma <strong>pessoa amada me deu, a M\u00e1rcia<\/strong>, (<em>Tudo sobre o Amor<\/em> &#8211; Bell Hooks ed. Elefante) a autora fala que <strong>amor \u00e9 a\u00e7\u00e3o<\/strong>. Que amor \u00e9 <strong>cuidado<\/strong>, \u00e9 <strong>afei\u00e7\u00e3o, respeito, compromisso, confian\u00e7a<\/strong>. <strong>Amor sem cuidado n\u00e3o \u00e9 amor<\/strong>. E ela ainda escreve que crescer aprendendo no\u00e7\u00f5es falhas de amor \u00e9 muito prejudicial, em v\u00e1rios n\u00edveis. Amor \u00e9 um conceito que <strong>parece simples, mas n\u00e3o \u00e9<\/strong>. Amor tamb\u00e9m \u00e9 <strong>trabalho<\/strong>, tamb\u00e9m \u00e9 <strong>investimento<\/strong> e <strong>aprendizado<\/strong>. E por mais que achemos que amor cai do c\u00e9u, <strong>amor \u00e9 escolha tamb\u00e9m<\/strong>. Mesmo o <strong>amor materno<\/strong>, mesmo <strong>o amor filial<\/strong>. E mesmo <strong>o amor rom\u00e2ntico<\/strong>. E <strong>o amor-pr\u00f3prio<\/strong>, talvez o mais dif\u00edcil de aprender e que demande mais trabalho.<\/p>\n<p style=\"text-align: justify;\">Essa semana somos convidados a olhar para o amor em nossa vida. O amor <strong>rom\u00e2ntico<\/strong> do dia dos namorados e das parcerias, o amor <strong>pr\u00f3prio<\/strong>, que nos ensina sobre os outros tipos de amor, o amor f<strong>raterno, materno, paterno, filial<\/strong>. O <strong>amor dos amigos<\/strong>, <strong>t\u00e3o salvador<\/strong>. Onde est\u00e1 o amor na sua vida?<\/p>\n<p style=\"text-align: justify;\">Esses domingos de tar\u00f4 nos chamam para refletirmos sobre os temas b\u00e1sicos da vida, e essa semana nos toca refletir sobre esse assunto que de t\u00e3o <strong>grandioso<\/strong> chega a ser <strong>amedrontador<\/strong>. \u00c0s vezes \u00e9 bom sair do autom\u00e1tico e nomear essas \u00e1reas na vida. <em>Tem amor sendo servido na sua mesa?<\/em> Quem te ama, quem voc\u00ea ama? Mas principalmente a quest\u00e3o semanal \u00e9 esta, <strong>voc\u00ea est\u00e1 sendo amado?<\/strong> <strong>Est\u00e1 amando?<\/strong> De verdade? Voc\u00ea cuida dos seus amores, para al\u00e9m dos cuidados indispens\u00e1veis, que voc\u00ea n\u00e3o pode evitar? Ou voc\u00ea se senta como um rei espera que o destino resolva mais essa para voc\u00ea, afinal, aprender o amor \u00e9 trabalhoso?<\/p>\n<p style=\"text-align: justify;\">Diante da magnitude do tema, eu tornei a perguntar ao tar\u00f4 o que ele queria <strong>de verdade<\/strong> que pens\u00e1ssemos a respeito do amor nessa semana. E me veio \u00e0 cabe\u00e7a um livro que li quando era ainda muito, muito jovem e que me marcou. <em>A Arte de Amar<\/em>, do Erich Fromm. Entre outras coisas, neste livro o autor defende a tese de que amar \u00e9 uma <strong>habilidade<\/strong>. Que amar n\u00e3o cai do c\u00e9u, que exige <strong>trabalho<\/strong> e <strong>\u00e9 uma arte<\/strong> que pode ser aprimorada, como qualquer outra arte. A resposta do tar\u00f4 confirmou isso, \u00e9 sobre a parte <strong>artesanal<\/strong> do amor que precisamos pensar. Sobre o que fazemos para que amar seja <strong>uma experi\u00eancia mais enriquecedora<\/strong>. O amor <em>n\u00e3o \u00e9 dado de gra\u00e7a nem semeado no vento<\/em>, que o poeta me perdoe<\/p>\n<p style=\"text-align: justify;\">Diz o monge budista Thich Nhat Hanh que &#8220;<em>a<\/em><em>mar sem saber amar fere a pessoa que amamos\u201d. <\/em>\u00a0Se amamos sem ter desenvolvido essa habilidade vamos ferir. Ali\u00e1s, como escreve tamb\u00e9m a Bell Hooks, isso nem seria amor, <strong>n\u00e3o h\u00e1 amor no descuido<\/strong>. Ent\u00e3o para a semana refor\u00e7amos a pergunta: <em>Voc\u00ea sabe amar e ser amado? Voc\u00ea tem amor, rom\u00e2ntico ou n\u00e3o, suficiente?<\/em> Eu realmente espero que sim, pois outro ponto em comum entre in\u00fameros artistas, fil\u00f3sofos, escritores, poetas, dramaturgos, pensadores \u00e9 que <strong>o amor salva<\/strong>. <strong>Salva o mundo, salva a gente, salva o dia<\/strong>. Amor \u00e9 a \u00fanica salva\u00e7\u00e3o nossa e do mundo. Podemos encerrar com a bel\u00edssima frase da escritora Ana\u00efs Nin:<\/p>\n<p style=\"text-align: center;\"><span style=\"font-size: 14pt;\"><em><strong>O \u00fanico transformador, o \u00fanico alquimista que muda tudo em ouro, \u00e9 o amor. O \u00fanico ant\u00eddoto contra a morte, a idade, a vida vulgar, \u00e9 o amor.<\/strong><\/em><\/span><\/p>\n<p style=\"text-align: center;\"><span style=\"font-size: 14pt;\"><em><strong>Ana\u00efs Nin\u00a0<\/strong><\/em><\/span><\/p>\n<p>Boa semana amores. <em>E n\u00e3o se admirem se um beija-flor invadir.<\/em><\/p>\n<hr \/>\n<table style=\"width: 100%; border-collapse: collapse; background-color: #fad6c0;\">\n<tbody>\n<tr>\n<td style=\"width: 100%;\"><img loading=\"lazy\" decoding=\"async\" class=\"size-full wp-image-668 aligncenter\" src=\"https:\/\/nalua.in\/notas\/wp-content\/uploads\/2023\/06\/2decopasp.jpg\" alt=\"\" width=\"350\" height=\"610\" srcset=\"https:\/\/nalua.in\/notas\/wp-content\/uploads\/2023\/06\/2decopasp.jpg 350w, https:\/\/nalua.in\/notas\/wp-content\/uploads\/2023\/06\/2decopasp-172x300.jpg 172w, https:\/\/nalua.in\/notas\/wp-content\/uploads\/2023\/06\/2decopasp-150x261.jpg 150w\" sizes=\"auto, (max-width: 350px) 100vw, 350px\" \/><\/p>\n<p>&nbsp;<\/td>\n<\/tr>\n<\/tbody>\n<\/table>\n<hr \/>\n<p style=\"text-align: justify;\">A carta de Tar\u00f4 2 de Copas \u00e9 uma das mais populares e significativas do baralho. Ela representa a uni\u00e3o, o amor, a parceria e a conex\u00e3o emocional profunda entre pessoas. Se voc\u00ea est\u00e1 procurando respostas sobre amor e relacionamentos, essa carta pode ser um guia valioso para voc\u00ea. O 2 de Copas \u00e9 uma carta que fala sobre a cria\u00e7\u00e3o de um v\u00ednculo poderoso entre pessoas. Ela simboliza o in\u00edcio de um relacionamento amoroso, uma amizade profunda ou uma parceria de neg\u00f3cios bem-sucedida. A energia dessa carta \u00e9 muito positiva, trazendo uma sensa\u00e7\u00e3o de harmonia, equil\u00edbrio e paz interior.<\/p>\n<p style=\"text-align: justify;\">Se voc\u00ea est\u00e1 solteiro e procurando um relacionamento, o 2 de Copas pode ser um sinal de que voc\u00ea est\u00e1 prestes a encontrar algu\u00e9m especial. Essa carta indica que voc\u00ea est\u00e1 aberto para se conectar com outra pessoa em um n\u00edvel profundo e emocional. Esteja aberto para conhecer novas pessoas e permita-se ser vulner\u00e1vel. O amor pode estar mais perto do que voc\u00ea imagina.\u00a0Se voc\u00ea j\u00e1 est\u00e1 em um relacionamento, o 2 de Copas \u00e9 um sinal de que sua conex\u00e3o com seu parceiro est\u00e1 se fortalecendo. Essa carta representa a harmonia e o equil\u00edbrio em um relacionamento, bem como a capacidade de se comunicar abertamente e expressar seus sentimentos. Se voc\u00ea tem problemas em seu relacionamento, essa carta pode ser um sinal de que \u00e9 hora de trabalhar juntos para encontrar uma solu\u00e7\u00e3o.<\/p>\n<p style=\"text-align: justify;\">O 2 de Copas tamb\u00e9m pode ser uma indica\u00e7\u00e3o de que voc\u00ea precisa se concentrar em si mesmo antes de buscar um relacionamento. Se voc\u00ea est\u00e1 passando por um momento dif\u00edcil ou se sentindo emocionalmente inst\u00e1vel, essa carta pode ser um sinal de que \u00e9 hora de colocar suas pr\u00f3prias necessidades em primeiro lugar antes de se comprometer com outra pessoa. O 2 de Copas \u00e9 uma poderosa representa\u00e7\u00e3o do amor e da conex\u00e3o emocional profunda entre duas pessoas. Se voc\u00ea est\u00e1 procurando respostas sobre amor e relacionamentos, essa carta pode ser um guia valioso para voc\u00ea. Esteja aberto para se conectar com outras pessoas em um n\u00edvel profundo e emocional, e lembre-se sempre de colocar suas pr\u00f3prias necessidades em primeiro lugar antes de se comprometer com outra pessoa.<\/p>\n<table style=\"width: 100%; border-collapse: collapse; background-color: #9ecee6;\">\n<tbody>\n<tr>\n<td style=\"width: 100%;\"><img loading=\"lazy\" decoding=\"async\" class=\"size-full wp-image-679 aligncenter\" src=\"https:\/\/nalua.in\/notas\/wp-content\/uploads\/2023\/06\/buquep.jpg\" alt=\"\" width=\"350\" height=\"610\" srcset=\"https:\/\/nalua.in\/notas\/wp-content\/uploads\/2023\/06\/buquep.jpg 350w, https:\/\/nalua.in\/notas\/wp-content\/uploads\/2023\/06\/buquep-172x300.jpg 172w, https:\/\/nalua.in\/notas\/wp-content\/uploads\/2023\/06\/buquep-150x261.jpg 150w\" sizes=\"auto, (max-width: 350px) 100vw, 350px\" \/><\/p>\n<p style=\"text-align: justify;\"><em><strong>A carta do Buqu\u00ea \u00e9 frequentemente associada a coisas como amor, romance e felicidade no amor. Quando essa carta aparece em uma leitura, pode significar que voc\u00ea est\u00e1 prestes a encontrar o amor verdadeiro ou que seu relacionamento atual est\u00e1 prestes a se aprofundar.\u00a0Al\u00e9m disso, a carta do Buqu\u00ea tamb\u00e9m pode indicar um momento de felicidade e harmonia em sua vida amorosa. Isso pode significar que voc\u00ea e seu parceiro est\u00e3o em um lugar feliz e saud\u00e1vel em seu relacionamento, ou que voc\u00ea est\u00e1 prestes a encontrar essa felicidade em um novo relacionamento.\u00a0<\/strong><\/em><\/p>\n<p style=\"text-align: center;\">Baralho Sibila Lenormand<\/p>\n<\/td>\n<\/tr>\n<\/tbody>\n<\/table>\n<hr \/>\n<h2 style=\"text-align: center;\">Um texto para quando entornamos a sorte pelo ch\u00e3o<\/h2>\n<p style=\"text-align: justify;\"><em>Imagine, por exemplo, que voc\u00ea nasceu em Chicago e nunca teve a mais remota vontade de visitar Hong Kong, que para voc\u00ea \u00e9 apenas um nome no mapa; imagine que algum acontecimento, \u00e0s vezes chamado de acidente, o coloca em contato com um homem ou uma mulher que mora em Hong Kong; e que voc\u00ea se apaixone. Hong Kong deixar\u00e1 imediatamente de ser um nome e se tornar\u00e1 o centro de sua vida. E voc\u00ea pode nunca saber quantas pessoas vivem em Hong Kong. Mas voc\u00ea saber\u00e1 que um homem ou uma mulher mora l\u00e1 sem o qual voc\u00ea n\u00e3o pode viver. E \u00e9 assim que nossas vidas mudam, e \u00e9 assim que somos redimidos.<\/em><br \/>\n<em>Que viagem \u00e9 esta vida! Dependente, inteiramente, de coisas invis\u00edveis. Se o seu amado mora em Hong Kong e n\u00e3o pode ir para Chicago, ser\u00e1 necess\u00e1rio que voc\u00ea v\u00e1 para Hong Kong. Talvez voc\u00ea passe sua vida l\u00e1 e nunca mais veja Chicago. E, garanto-lhe, enquanto o espa\u00e7o e o tempo o separarem de qualquer pessoa que voc\u00ea ame, voc\u00ea descobrir\u00e1 muito sobre rotas mar\u00edtimas, companhias a\u00e9reas, terremotos, fome, doen\u00e7as e guerras. E voc\u00ea sempre saber\u00e1 que horas s\u00e3o em Hong Kong, pois ama algu\u00e9m que mora l\u00e1. E o amor simplesmente n\u00e3o ter\u00e1 escolha a n\u00e3o ser entrar em batalha com o espa\u00e7o e o tempo e, al\u00e9m disso, vencer.<\/em><\/p>\n<p style=\"text-align: right;\"><strong>James Baldwin<\/strong><\/p>\n<hr \/>\n<table style=\"width: 100%; border-collapse: collapse; background-color: #f0c9aa;\">\n<tbody>\n<tr>\n<td style=\"width: 100%;\">\n<h2 style=\"text-align: center;\">Ler &amp; Ver &amp; Ouvir nas travessuras das noites eternas<\/h2>\n<\/td>\n<\/tr>\n<\/tbody>\n<\/table>\n<h3 style=\"text-align: center;\">Livros<\/h3>\n<p style=\"text-align: center;\"><img loading=\"lazy\" decoding=\"async\" class=\" wp-image-686 aligncenter\" src=\"https:\/\/nalua.in\/notas\/wp-content\/uploads\/2023\/06\/carta-a-d.jpg\" alt=\"\" width=\"233\" height=\"350\" srcset=\"https:\/\/nalua.in\/notas\/wp-content\/uploads\/2023\/06\/carta-a-d.jpg 433w, https:\/\/nalua.in\/notas\/wp-content\/uploads\/2023\/06\/carta-a-d-200x300.jpg 200w, https:\/\/nalua.in\/notas\/wp-content\/uploads\/2023\/06\/carta-a-d-150x225.jpg 150w\" sizes=\"auto, (max-width: 233px) 100vw, 233px\" \/><strong>N\u00e3o fic\u00e7\u00e3o<\/strong><\/p>\n<p>&nbsp;<\/p>\n<p style=\"text-align: justify;\"><strong>Carta a D &#8211; Andr\u00e9 Grosz.\u00a0\u00a0<\/strong><strong>A carta de amor mais bonita de todos os tempos. Um pacto de amor e morte. Indico pois representa um amor incr\u00edvel, uma vida impressionante e uma linda morte. \u00c8 curtinho, num minuto se l\u00ea.<\/strong><\/p>\n<blockquote><p><strong><i>Voc\u00ea est\u00e1 para fazer oitenta e dois anos. Encolheu seis cent\u00edmetros, n\u00e3o pesa mais do que quarenta e cinco quilos e continua bela, graciosa e desej\u00e1vel. J\u00e1 faz cinquenta e oito anos que vivemos juntos, e eu amo voc\u00ea mais do que nunca. De novo, carrego no fundo do meu peito um vazio devorador que somente o calor do seu corpo contra o meu \u00e9 capaz de preencher.<\/i><\/strong><\/p><\/blockquote>\n<p><strong>Esse \u00e9 o come\u00e7o do livro, que coisa linda&#8230;<\/strong><\/p>\n<hr \/>\n<p style=\"text-align: justify;\">O livro &#8220;Carta a D. &#8211; De Andr\u00e9 Gorz&#8221; \u00e9 uma obra que aborda temas como a solid\u00e3o, o amor e a morte, atrav\u00e9s de uma carta escrita pelo fil\u00f3sofo Andr\u00e9 Gorz \u00e0 sua esposa Dorine Keir. O austro-franc\u00eas Andr\u00e9 Gorz foi um dos mais influentes fil\u00f3sofos, jornalistas e escritores europeus do p\u00f3s-guerra.\u00a0A obra foi publicada em 2006, pouco antes da morte do autor. A carta come\u00e7a com Gorz falando sobre a sua vida e sobre como a presen\u00e7a de Dorine foi fundamental para que ele pudesse superar momentos dif\u00edceis. Ele fala sobre a sua inf\u00e2ncia, sobre a sua forma\u00e7\u00e3o como fil\u00f3sofo e sobre as suas lutas pol\u00edticas. Gorz tamb\u00e9m fala sobre a sua rela\u00e7\u00e3o com Dorine, destacando a import\u00e2ncia que ela teve em sua vida. Ao longo da carta, Gorz aborda temas como a solid\u00e3o e a import\u00e2ncia do amor em nossas vidas. Ele fala sobre como a presen\u00e7a de Dorine foi fundamental para que ele pudesse superar momentos dif\u00edceis e sobre como o amor \u00e9 capaz de nos transformar e nos fazer sentir vivos.\u00a0Gorz tamb\u00e9m fala sobre a morte e sobre como ela \u00e9 inevit\u00e1vel.<\/p>\n<p style=\"text-align: justify;\">O casal Andr\u00e9 Gorz e Dorine faleceu em sua casa na cidade de Vosnon, na Fran\u00e7a, um ano ap\u00f3s a publica\u00e7\u00e3o do livro. Os dois cometeram suic\u00eddio, deixando um bilhete explicando que n\u00e3o poderiam viver sozinhos e que um dos dois acabaria morrendo primeiro. Em &#8220;Carta a D.&#8221;, Gorz escreveu que o amor imposs\u00edvel e naufragado \u00e9 o que rende a nobre literatura, em contraste com o amor comum e privado. O destino tr\u00e1gico do casal feliz em vida tornou-se liter\u00e1rio.Ele reflete sobre o seu pr\u00f3prio fim e sobre como gostaria de ser lembrado pelas pessoas que o conheceram. Gorz destaca a import\u00e2ncia de vivermos o momento presente e de aproveitarmos cada instante da vida.<\/p>\n<p style=\"text-align: justify;\">Ao final da carta, Gorz se despede de Dorine, deixando claro o quanto ela foi importante em sua vida. Ele destaca que o amor que eles compartilharam foi algo \u00fanico e que sempre ir\u00e1 acompanh\u00e1-lo, mesmo ap\u00f3s a sua morte.<\/p>\n<hr \/>\n<p style=\"text-align: center;\"><strong><img loading=\"lazy\" decoding=\"async\" class=\" wp-image-699 aligncenter\" src=\"https:\/\/nalua.in\/notas\/wp-content\/uploads\/2023\/06\/quartogiovanni.jpg\" alt=\"\" width=\"232\" height=\"349\" srcset=\"https:\/\/nalua.in\/notas\/wp-content\/uploads\/2023\/06\/quartogiovanni.jpg 350w, https:\/\/nalua.in\/notas\/wp-content\/uploads\/2023\/06\/quartogiovanni-200x300.jpg 200w, https:\/\/nalua.in\/notas\/wp-content\/uploads\/2023\/06\/quartogiovanni-150x225.jpg 150w\" sizes=\"auto, (max-width: 232px) 100vw, 232px\" \/>Fic\u00e7\u00e3o<\/strong><\/p>\n<p><strong>O Quarto de Giovanni &#8211;\u00a0 James Baldwin.\u00a0<em>Aqui vou colocar um livro que eu ainda quero ler. O Quarto de Giovani, de James Baldwin. Indico para mim, pois sei que se trata de uma bel\u00edssima hist\u00f3ria de amor. E \u00e9 James Baldwin, algu\u00e9m que admiro demais. Pra mim, \u00e9 leitura obrigat\u00f3ria, incontorn\u00e1vel, indispens\u00e1vel e que \u00e9 daqueles livro que eu tenho certeza que vou gostar.<\/em><\/strong><\/p>\n<hr \/>\n<p style=\"text-align: justify;\">O Quarto de Giovanni \u00e9 um romance escrito pelo autor James Baldwin, publicado originalmente em 1956. A hist\u00f3ria \u00e9 narrada por David, um jovem americano que se muda para Paris para escapar das expectativas e press\u00f5es sociais que enfrenta em seu pa\u00eds natal. L\u00e1, ele conhece Giovanni, um homem italiano por quem se apaixona profundamente.\u00a0A obra de Baldwin \u00e9 uma reflex\u00e3o sobre a homossexualidade e a busca pela identidade e aceita\u00e7\u00e3o em uma sociedade que ainda n\u00e3o compreendia a diversidade sexual. O livro \u00e9 uma obra-prima da literatura queer, que explora temas como a solid\u00e3o, a sexualidade reprimida e a luta pela aceita\u00e7\u00e3o.\u00a0O romance \u00e9 ambientado em Paris, na d\u00e9cada de 1950, e apresenta um retrato v\u00edvido da cidade na \u00e9poca. Baldwin utiliza a cidade como um cen\u00e1rio para explorar as complexidades da vida urbana e as tens\u00f5es raciais e sexuais que permeiam a sociedade.\u00a0O personagem central do livro, David, \u00e9 um jovem americano que se sente deslocado em sua pr\u00f3pria cultura. Ele se muda para Paris em busca de uma vida mais aut\u00eantica e livre, mas acaba se apaixonando por Giovanni, um homem italiano que trabalha em um bar.\u00a0O relacionamento entre David e Giovanni \u00e9 intenso e apaixonado, mas tamb\u00e9m \u00e9 marcado por tens\u00f5es e conflitos. David luta contra seus pr\u00f3prios sentimentos e contra a press\u00e3o social para se conformar \u00e0s normas heterossexuais da \u00e9poca. Giovanni, por sua vez, \u00e9 um homem atormentado por seus pr\u00f3prios dem\u00f4nios internos, incluindo a solid\u00e3o e o medo do abandono.<\/p>\n<p style=\"text-align: justify;\">A narrativa de Baldwin \u00e9 envolvente e emocionante, levando o leitor a uma jornada atrav\u00e9s dos pensamentos e emo\u00e7\u00f5es dos personagens. O autor utiliza uma linguagem po\u00e9tica e intensa para descrever as emo\u00e7\u00f5es e os sentimentos dos personagens, criando uma atmosfera de tens\u00e3o e paix\u00e3o.\u00a0O livro tamb\u00e9m aborda temas importantes como a homofobia, a intoler\u00e2ncia e a viol\u00eancia contra pessoas LGBT. Baldwin apresenta uma vis\u00e3o realista e crua da vida de homens gays na d\u00e9cada de 1950, mostrando como a sociedade os tratava com desprezo e viol\u00eancia.<\/p>\n<p>&nbsp;<\/p>\n<hr \/>\n<h3 style=\"text-align: center;\">Filmes<\/h3>\n<p><img loading=\"lazy\" decoding=\"async\" class=\"wp-image-689 aligncenter\" src=\"https:\/\/nalua.in\/notas\/wp-content\/uploads\/2023\/06\/365-Filmes-Tres-Meia-Cinco-Before-Trilogy-Trilogia-Richard-Linklater-Antes-do-Amanhacer-Julie-Delpy-Ethan-Hawke.jpg\" alt=\"\" width=\"610\" height=\"350\" srcset=\"https:\/\/nalua.in\/notas\/wp-content\/uploads\/2023\/06\/365-Filmes-Tres-Meia-Cinco-Before-Trilogy-Trilogia-Richard-Linklater-Antes-do-Amanhacer-Julie-Delpy-Ethan-Hawke.jpg 1000w, https:\/\/nalua.in\/notas\/wp-content\/uploads\/2023\/06\/365-Filmes-Tres-Meia-Cinco-Before-Trilogy-Trilogia-Richard-Linklater-Antes-do-Amanhacer-Julie-Delpy-Ethan-Hawke-300x172.jpg 300w, https:\/\/nalua.in\/notas\/wp-content\/uploads\/2023\/06\/365-Filmes-Tres-Meia-Cinco-Before-Trilogy-Trilogia-Richard-Linklater-Antes-do-Amanhacer-Julie-Delpy-Ethan-Hawke-768x441.jpg 768w, https:\/\/nalua.in\/notas\/wp-content\/uploads\/2023\/06\/365-Filmes-Tres-Meia-Cinco-Before-Trilogy-Trilogia-Richard-Linklater-Antes-do-Amanhacer-Julie-Delpy-Ethan-Hawke-150x86.jpg 150w\" sizes=\"auto, (max-width: 610px) 100vw, 610px\" \/><\/p>\n<p style=\"text-align: center;\"><strong>Trilogia do Antes &#8211; Richard Linklater &#8211; 1995, 2004 e 2013<\/strong><\/p>\n<p style=\"text-align: center;\"><strong>Antes do Amanhecer &#8211;\u00a0Antes do Por do Sol &#8211;\u00a0Antes da Meia Noite<\/strong><\/p>\n<p><strong>Indico por que \u00e9 a Hist\u00f3ria de Amor que eu mais amo nas telas. Quando o primeiro filme foi lan\u00e7ado eu tinha a idade dos protagonistas e a minha vida foi passando junto com a deles. E \u00e9 uma s\u00e9rie linda, os 3 filmes s\u00e3o maravilhosos, s\u00e3o os filmes que nunca canso de ver. Assistam, s\u00e3o filmes de uma delicadeza sem fim.<\/strong><\/p>\n<hr \/>\n<p><em><strong>Tem spoiler<\/strong><\/em><\/p>\n<p style=\"text-align: justify;\">A trilogia do Antes, dirigida por Richard Linklater, \u00e9 uma das mais aclamadas da hist\u00f3ria do cinema. Composta pelos filmes &#8220;Antes do Amanhecer&#8221; (1995), &#8220;Antes do P\u00f4r do Sol&#8221; (2004) e &#8220;Antes da Meia-Noite&#8221; (2013), a trilogia acompanha a hist\u00f3ria de amor de Jesse (Ethan Hawke) e Celine (Julie Delpy) ao longo de quase 20 anos. O primeiro filme, &#8220;Antes do Amanhecer&#8221;, foi lan\u00e7ado em 1995 e conta a hist\u00f3ria de Jesse e Celine, que se conhecem em um trem que parte de Budapeste em dire\u00e7\u00e3o a Viena. Eles come\u00e7am a conversar e decidem passar o dia juntos em Viena antes de Jesse pegar seu avi\u00e3o de volta para os Estados Unidos. Durante o dia, eles passeiam pela cidade, conversam sobre suas vidas e se apaixonam. No final do dia, eles prometem se encontrar novamente seis meses depois na mesma esta\u00e7\u00e3o de trem.\u00a0Nove anos depois, em 2004, foi lan\u00e7ado &#8220;Antes do P\u00f4r do Sol&#8221;. O filme come\u00e7a mostrando Jesse em uma livraria em Paris, onde est\u00e1 fazendo a divulga\u00e7\u00e3o de seu livro. Celine aparece na livraria e eles decidem passar a tarde juntos, relembrando o dia que passaram juntos em Viena nove anos antes. Durante o filme, eles conversam sobre suas vidas nos \u00faltimos anos e sobre o que poderia ter acontecido se tivessem se encontrado seis meses depois em Viena, como haviam combinado. O filme termina com uma cena emocionante, na qual Jesse tem que decidir se fica em Paris com Celine ou volta para os Estados Unidos para ficar com seu filho.\u00a0O terceiro filme da trilogia, &#8220;Antes da Meia-Noite&#8221;, foi lan\u00e7ado em 2013 e mostra Jesse e Celine nove anos depois de &#8220;Antes do P\u00f4r do Sol&#8221;. Eles est\u00e3o agora em uma viagem pela Gr\u00e9cia com suas duas filhas g\u00eameas. Durante o filme, vemos que a vida deles mudou bastante desde o \u00faltimo encontro. Eles discutem sobre suas carreiras, sobre a cria\u00e7\u00e3o das filhas e sobre o futuro da rela\u00e7\u00e3o deles. A tens\u00e3o entre eles aumenta ao longo do filme e culmina em uma discuss\u00e3o acalorada, na qual eles questionam se ainda se amam e se ainda querem ficar juntos.<\/p>\n<p style=\"text-align: justify;\">O que torna a trilogia do Antes t\u00e3o especial \u00e9 a maneira como ela retrata a vida real. Os filmes s\u00e3o quase que inteiramente compostos por di\u00e1logos entre Jesse e Celine, mostrando como as conversas podem ser profundas e reveladoras. Al\u00e9m disso, a trilogia \u00e9 filmada em tempo real, ou seja, cada filme foi gravado no per\u00edodo de tempo que ele retrata (um dia para &#8220;Antes do Amanhecer&#8221;, uma tarde para &#8220;Antes do P\u00f4r do Sol&#8221; e um dia para &#8220;Antes da Meia-Noite&#8221;). Isso faz com que os filmes pare\u00e7am ainda mais reais e nos faz sentir como se estiv\u00e9ssemos acompanhando a vida de Jesse e Celine ao longo dos anos.\u00a0Outro ponto forte dos filmes \u00e9 a atua\u00e7\u00e3o de Ethan Hawke e Julie Delpy. Eles conseguem transmitir toda a complexidade dos personagens, mostrando como eles mudaram ao longo dos anos e como a rela\u00e7\u00e3o entre eles evoluiu. A qu\u00edmica entre os dois atores \u00e9 incr\u00edvel e faz com que o espectador tor\u00e7a pelo casal desde o primeiro filme.<\/p>\n<hr \/>\n<p>&nbsp;<\/p>\n<p>Document\u00e1rio<\/p>\n<p style=\"text-align: justify;\"><img loading=\"lazy\" decoding=\"async\" class=\" wp-image-704 aligncenter\" src=\"https:\/\/nalua.in\/notas\/wp-content\/uploads\/2023\/06\/secretoeproibido.jpg\" alt=\"\" width=\"598\" height=\"300\" srcset=\"https:\/\/nalua.in\/notas\/wp-content\/uploads\/2023\/06\/secretoeproibido.jpg 799w, https:\/\/nalua.in\/notas\/wp-content\/uploads\/2023\/06\/secretoeproibido-300x151.jpg 300w, https:\/\/nalua.in\/notas\/wp-content\/uploads\/2023\/06\/secretoeproibido-768x385.jpg 768w, https:\/\/nalua.in\/notas\/wp-content\/uploads\/2023\/06\/secretoeproibido-150x75.jpg 150w\" sizes=\"auto, (max-width: 598px) 100vw, 598px\" \/><strong>Secreto e proibido &#8211; Chris Bolan &#8211; 2020.\u00a0<em>Indico pois \u00e9 um document\u00e1rio sobre amor, mas \u00e9 tamb\u00e9m sobre hist\u00f3ria, a hist\u00f3ria do amor no s\u00e9culo 20. \u00c9 tamb\u00e9m sobre como podemos nos libertar, mesmo aos 80 e tantos anos. \u00c9 um document\u00e1rio delicado, bonito, e que tamb\u00e9m nos deixa perplexo com a hipocrisia em que vivemos afundados.\u00a0<\/em><\/strong><\/p>\n<hr \/>\n<p style=\"text-align: justify;\">O document\u00e1rio &#8220;A Secret Love&#8221;, dispon\u00edvel na Netflix, conta a hist\u00f3ria de Terry Donahue e Pat Henschel, um casal de l\u00e9sbicas que viveu juntas por mais de 60 anos em segredo. O filme \u00e9 uma emocionante e comovente hist\u00f3ria de amor que mostra a luta das duas mulheres para manterem sua rela\u00e7\u00e3o em segredo em uma \u00e9poca em que a homossexualidade era considerada crime nos Estados Unidos.\u00a0O document\u00e1rio come\u00e7a com imagens de Terry e Pat em sua casa em Chicago, onde elas vivem juntas desde a d\u00e9cada de 1950. As duas se conheceram quando jogavam beisebol profissionalmente e se apaixonaram. No entanto, naquela \u00e9poca, ser homossexual era considerado ilegal e imoral, e as duas precisaram manter sua rela\u00e7\u00e3o em segredo.\u00a0O filme mostra como Terry e Pat conseguiram construir uma vida juntas, apesar dos desafios que enfrentaram. Elas se mudaram para a cidade de Nova York, onde Terry trabalhou como enfermeira e Pat como secret\u00e1ria, e conseguiram manter sua rela\u00e7\u00e3o em segredo at\u00e9 mesmo de suas fam\u00edlias.\u00a0&#8220;A Secret Love&#8221; \u00e9 um document\u00e1rio emocionante que mostra como o amor pode superar todas as dificuldades. O document\u00e1rio foi rodado entre 2013 e 2018, bem a tempo da morte de Pat em 2019, aos 93 anos. Ela foi diagnosticada com a doen\u00e7a de Parkinson, logo depois do qual o casal decidiu se revelar para sua fam\u00edlia.O filme \u00e9 uma homenagem \u00e0 coragem e \u00e0 determina\u00e7\u00e3o de Terry e Pat, que lutaram por sua felicidade em uma \u00e9poca em que ser homossexual era considerado um crime.<\/p>\n<hr \/>\n<h3 style=\"text-align: center;\">S\u00e9rie<\/h3>\n<p style=\"text-align: justify;\"><img loading=\"lazy\" decoding=\"async\" class=\"size-full wp-image-688 aligncenter\" src=\"https:\/\/nalua.in\/notas\/wp-content\/uploads\/2023\/06\/images-3.jpg\" alt=\"\" width=\"192\" height=\"263\" srcset=\"https:\/\/nalua.in\/notas\/wp-content\/uploads\/2023\/06\/images-3.jpg 192w, https:\/\/nalua.in\/notas\/wp-content\/uploads\/2023\/06\/images-3-150x205.jpg 150w\" sizes=\"auto, (max-width: 192px) 100vw, 192px\" \/><strong>Sense 8 &#8211; 2015 &#8211; Lilly e Lana Wachowski. <em>Um document\u00e1rio lindo, moderno, colorido e cheio de amor. Assistam. Eu fiquei orf\u00e3 dos personagens quando acabou. Quero rever j\u00e1. \u00c9 uma ode \u00e0 toler\u00e2ncia.\u00a0<\/em><\/strong><\/p>\n<hr \/>\n<p style=\"text-align: justify;\">Sense8 \u00e9 uma s\u00e9rie de televis\u00e3o americana que foi produzida pela Netflix e criada pelas irm\u00e3s Wachowski, conhecidas por serem as diretoras da trilogia Matrix. A s\u00e9rie foi lan\u00e7ada em 2015 e teve duas temporadas, com um total de 24 epis\u00f3dios.\u00a0A hist\u00f3ria gira em torno de oito pessoas que est\u00e3o conectadas mentalmente, mesmo estando em diferentes partes do mundo. Eles s\u00e3o chamados de &#8220;sensates&#8221; e possuem habilidades especiais, como telepatia, compartilhamento de habilidades f\u00edsicas e emocionais, al\u00e9m de uma forte conex\u00e3o emocional entre si.\u00a0Os protagonistas s\u00e3o Nomi, Will, Riley, Capheus, Sun, Lito, Kala e Wolfgang. Cada um deles tem sua pr\u00f3pria hist\u00f3ria e personalidade, mas todos est\u00e3o ligados por um mesmo objetivo: proteger uns aos outros e descobrir o que est\u00e1 acontecendo com eles.\u00a0Ao longo da s\u00e9rie, eles descobrem que fazem parte de um projeto secreto do governo chamado &#8220;BPO&#8221;, que quer controlar e exterminar os sensates. Al\u00e9m disso, eles precisam lidar com seus pr\u00f3prios problemas pessoais e enfrentar seus medos.<\/p>\n<p style=\"text-align: justify;\">Sense8 \u00e9 uma s\u00e9rie que aborda temas como diversidade, inclus\u00e3o, amor e amizade. Os personagens s\u00e3o muito bem desenvolvidos e possuem hist\u00f3rias cativantes e emocionantes. A fotografia \u00e9 incr\u00edvel e as cenas de a\u00e7\u00e3o s\u00e3o muito bem coreografadas.\u00a0Infelizmente, a s\u00e9rie foi cancelada ap\u00f3s a segunda temporada, o que deixou muitos f\u00e3s desapontados. No entanto, em 2018, a Netflix lan\u00e7ou um epis\u00f3dio especial de duas horas para encerrar a hist\u00f3ria dos sensates de forma satisfat\u00f3ria.<\/p>\n<hr \/>\n<h3 style=\"text-align: center;\">Poesia<\/h3>\n<p style=\"text-align: center;\"><a href=\"https:\/\/telegra.ph\/Os-Tr%C3%AAs-Mal-Amados-06-11\" target=\"_blank\" rel=\"noopener\"><em><strong>Os tr\u00eas mal amados, de Jo\u00e3o Cabral de Melo Neto. Uau, que poesia. Leiam, \u00e9 maravilhosa.\u00a0<\/strong><\/em><\/a><\/p>\n<p style=\"text-align: center;\"><a href=\"https:\/\/www.youtube.com\/watch?v=42SSxH3wSsU\" target=\"_blank\" rel=\"noopener\">Ou\u00e7am com o maravilhoso Cordel do Fogo Encantado<\/a><\/p>\n<p>&nbsp;<\/p>\n<hr \/>\n<p style=\"text-align: center;\"><em><strong>Ah, e leiam a Il\u00edada, um imenso livro que tamb\u00e9m \u00e9 sobre o amor. E sobre o luto. Que ao fim e ao cabo \u00e9 o pre\u00e7o do amor.<\/strong><\/em><\/p>\n<hr \/>\n<p>&nbsp;<\/p>\n<p><img loading=\"lazy\" decoding=\"async\" class=\"size-full wp-image-682 aligncenter\" src=\"https:\/\/nalua.in\/notas\/wp-content\/uploads\/2023\/06\/paispp.jpg\" alt=\"\" width=\"400\" height=\"470\" srcset=\"https:\/\/nalua.in\/notas\/wp-content\/uploads\/2023\/06\/paispp.jpg 400w, https:\/\/nalua.in\/notas\/wp-content\/uploads\/2023\/06\/paispp-255x300.jpg 255w, https:\/\/nalua.in\/notas\/wp-content\/uploads\/2023\/06\/paispp-150x176.jpg 150w\" sizes=\"auto, (max-width: 400px) 100vw, 400px\" \/><\/p>\n<hr \/>\n<p style=\"text-align: center;\"><span style=\"font-size: 8pt;\"><em>11 de junho<\/em>\u00a0\u00e9 o 162.\u00ba dia do ano no calend\u00e1rio gregoriano (163.\u00ba em anos bissextos). Faltam 203 dias para acabar o ano.<\/span><\/p>\n<hr \/>\n<p style=\"text-align: center;\"><strong>Post com a colabora\u00e7\u00e3o de\u00a0<a href=\"http:\/\/instagram.com\/tariq_kawakami\" target=\"_blank\" rel=\"noopener\">@tariqmusashi<\/a>\u00a0e\u00a0<a href=\"http:\/\/instagram.com\/laismeralda\" target=\"_blank\" rel=\"noopener\">@laismeralda<\/a><\/strong><\/p>\n<hr \/>\n<table style=\"width: 100%; border-collapse: collapse; background-color: #88dbda;\">\n<tbody>\n<tr>\n<td style=\"width: 100%;\">\n<p style=\"text-align: center;\"><em><strong>Ser profundamente amado por algu\u00e9m nos d\u00e1 for\u00e7a; amar algu\u00e9m profundamente nos d\u00e1 coragem.<\/strong><\/em><\/p>\n<p style=\"text-align: center;\">Lao-Tse<\/p>\n<\/td>\n<\/tr>\n<\/tbody>\n<\/table>\n<p><em>Se voc\u00ea leu at\u00e9 aqui, obrigada! Esse \u00e9 o meu almanaque particular. Um peda\u00e7o do meu di\u00e1rio, da minha arca de refer\u00eancias, um registro de pequenas efem\u00e9rides, de coisas que quero guardar, do tempo, do vento, do c\u00e9u e do cheiro da chuva. Os Vest\u00edgios do Dia, meus dias.<\/em><\/p>\n<table style=\"width: 100%; border-collapse: collapse; background-color: #f0b9c1;\">\n<tbody>\n<tr>\n<td style=\"width: 100%; text-align: center;\">\u00a9 Nalua \u2013 Caderninho pessoal, bauzinho de trapos coloridos, nos morros de Minas Gerais. Outono, tempo fresco, gra\u00e7as aos c\u00e9us.<\/td>\n<\/tr>\n<\/tbody>\n<\/table>\n","protected":false},"excerpt":{"rendered":"<p>falar da cor dos temporais Belo Horizonte, 11 de junho de 2023 \u263c 15\u00b0 \u2013 27\u00b0 V\u00e9spera do Dia dos Namorados, um dia depois do [&#8230;]<\/p>\n","protected":false},"author":1,"featured_media":0,"comment_status":"open","ping_status":"open","sticky":false,"template":"","format":"standard","meta":{"footnotes":""},"categories":[9,13,10,5,12],"tags":[],"class_list":["post-663","post","type-post","status-publish","format-standard","hentry","category-almanaque","category-carta-semanal","category-jardim","category-newsletter","category-oraculo"],"_links":{"self":[{"href":"https:\/\/nalua.in\/notas\/wp-json\/wp\/v2\/posts\/663","targetHints":{"allow":["GET"]}}],"collection":[{"href":"https:\/\/nalua.in\/notas\/wp-json\/wp\/v2\/posts"}],"about":[{"href":"https:\/\/nalua.in\/notas\/wp-json\/wp\/v2\/types\/post"}],"author":[{"embeddable":true,"href":"https:\/\/nalua.in\/notas\/wp-json\/wp\/v2\/users\/1"}],"replies":[{"embeddable":true,"href":"https:\/\/nalua.in\/notas\/wp-json\/wp\/v2\/comments?post=663"}],"version-history":[{"count":30,"href":"https:\/\/nalua.in\/notas\/wp-json\/wp\/v2\/posts\/663\/revisions"}],"predecessor-version":[{"id":707,"href":"https:\/\/nalua.in\/notas\/wp-json\/wp\/v2\/posts\/663\/revisions\/707"}],"wp:attachment":[{"href":"https:\/\/nalua.in\/notas\/wp-json\/wp\/v2\/media?parent=663"}],"wp:term":[{"taxonomy":"category","embeddable":true,"href":"https:\/\/nalua.in\/notas\/wp-json\/wp\/v2\/categories?post=663"},{"taxonomy":"post_tag","embeddable":true,"href":"https:\/\/nalua.in\/notas\/wp-json\/wp\/v2\/tags?post=663"}],"curies":[{"name":"wp","href":"https:\/\/api.w.org\/{rel}","templated":true}]}}