{"id":644,"date":"2023-06-04T16:29:54","date_gmt":"2023-06-04T16:29:54","guid":{"rendered":"https:\/\/nalua.in\/notas\/?p=644"},"modified":"2023-06-04T16:38:28","modified_gmt":"2023-06-04T16:38:28","slug":"os-escafandristas-virao","status":"publish","type":"post","link":"https:\/\/nalua.in\/notas\/os-escafandristas-virao\/","title":{"rendered":""},"content":{"rendered":"<p style=\"text-align: center;\"><a href=\"https:\/\/www.youtube.com\/watch?v=WCnArLi3uCk\" target=\"_blank\" rel=\"noopener\"><span style=\"font-size: 8pt;\">os escanfadristas vir\u00e3o<\/span><\/a><br \/>\n<img loading=\"lazy\" decoding=\"async\" class=\"size-full wp-image-157 aligncenter\" src=\"https:\/\/nalua.in\/notas\/wp-content\/uploads\/2023\/02\/almanaque.jpg\" alt=\"\" width=\"1200\" height=\"300\" srcset=\"https:\/\/nalua.in\/notas\/wp-content\/uploads\/2023\/02\/almanaque.jpg 1200w, https:\/\/nalua.in\/notas\/wp-content\/uploads\/2023\/02\/almanaque-300x75.jpg 300w, https:\/\/nalua.in\/notas\/wp-content\/uploads\/2023\/02\/almanaque-1024x256.jpg 1024w, https:\/\/nalua.in\/notas\/wp-content\/uploads\/2023\/02\/almanaque-768x192.jpg 768w\" sizes=\"auto, (max-width: 1200px) 100vw, 1200px\" \/><\/p>\n<p style=\"text-align: center;\"><strong>Belo Horizonte, 04 de junho de 2023<\/strong><\/p>\n<p style=\"text-align: center;\"><strong><span class=\"fe5nidar khvhiq1o r5qsrrlp i5tg98hk f9ovudaz przvwfww gx1rr48f gfz4du6o r7fjleex nz2484kf svot0ezm dcnh1tix sxl192xd t3g6t33p\"><span class=\"mpj7bzys xzlurrtv\">\ud83c\udf24\ufe0f<\/span><\/span> 11\u00b0 \u2013 24\u00b0<\/strong><\/p>\n<hr \/>\n<p style=\"text-align: justify;\">Dia Internacional das Crian\u00e7as V\u00edtimas de Agress\u00e3o, Em <strong>1970<\/strong>, 04 de junho foi o dia em que <span style=\"text-decoration: underline;\">Tonga<\/span> ficou independente. Em <strong>1989<\/strong> aconteceu o <span style=\"text-decoration: underline;\">Protesto na Pra\u00e7a da Paz Celestial<\/span>, em Pequim, ocasi\u00e3o em que pelo menos <span style=\"text-decoration: underline;\">241 pessoas assassinadas<\/span> pelo Ex\u00e9rcito Popular de Liberta\u00e7\u00e3o Chin\u00eas. Em <strong>1992<\/strong> come\u00e7ava a mais importante confer\u00eancia sobre as emerg\u00eancias clim\u00e1ticas, a <span style=\"text-decoration: underline;\">ECO 92<\/span>, num momento em que ainda parec\u00edamos ter salva\u00e7\u00e3o. Em <strong>1942<\/strong> nascia <span style=\"text-decoration: underline;\">Ittala Nandi<\/span>, para mim a eterna louca do sobrado. Em <strong>1955<\/strong> era a vez de <span style=\"text-decoration: underline;\">Paulina Chiziane<\/span> vir engrandecer o mundo, em <strong>1964<\/strong> chegava <span style=\"text-decoration: underline;\">\u00c2ngelo Ant\u00f4nio<\/span>, e em <strong>1972<\/strong> <span style=\"text-decoration: underline;\">Let\u00edcia Wierzchowski<\/span>. Em <strong>1994<\/strong> nos deixava <span style=\"text-decoration: underline;\">Roberto Burle Marx<\/span> e em <strong>2015<\/strong>, infelizmente tarde demais, nos deixava um general cujo nome n\u00e3o vale \u00e0 pena mencionar.<\/p>\n<hr \/>\n<p style=\"text-align: center;\"><em>N\u00e3o h\u00e1 nenhuma medida de tempo nesse caso, um ano de nada vale, e mesmo dez anos n\u00e3o s\u00e3o nada. Ser artista significa: n\u00e3o calcular nem contar; amadurecer como uma \u00e1rvore que n\u00e3o apressa a sua seiva e permanece confiante durante as tempestades de primavera, sem o temor de que o ver\u00e3o n\u00e3o possa vir depois. Ele vem apesar de tudo. Mas s\u00f3 chega para os pacientes, para os que est\u00e3o ali como se a eternidade se encontrasse diante deles, com toda a amplid\u00e3o e a serenidade, sem preocupa\u00e7\u00e3o alguma. Aprendo isto diariamente, aprendo em meio a dores \u00e0s quais sou grato: a paci\u00eancia \u00e9 tudo!<\/em><\/p>\n<p style=\"text-align: center;\">\u2663<br \/>\n<strong>Rainer Maria Rilke<\/strong><\/p>\n<hr \/>\n<p style=\"text-align: center;\"><strong>Bem Secreto<\/strong><\/p>\n<p style=\"text-align: center;\"><em>Nem saudade nem pressa: paci\u00eancia<\/em><br \/>\n<em>aprender essa arte,<\/em><br \/>\n<em>conjug\u00e1-la com a sorte<\/em><\/p>\n<p style=\"text-align: center;\"><em>nem mesmo a sede inextingu\u00edvel<\/em><br \/>\n<em>de inventar necessidades<\/em><br \/>\n<em>para satisfazer-se \u00e0 larga<\/em><\/p>\n<p style=\"text-align: center;\"><em>Somente a Paci\u00eancia dos anjos<\/em><br \/>\n<em>que entoam cantos de louvor.<\/em><br \/>\n<em>Somente a paci\u00eancia dos doidos.<\/em><\/p>\n<p style=\"text-align: center;\">\u2663<\/p>\n<p style=\"text-align: center;\"><strong>Leonardo Fr\u00f3es<\/strong><\/p>\n<hr \/>\n<p><img loading=\"lazy\" decoding=\"async\" class=\"size-full wp-image-645 aligncenter\" src=\"https:\/\/nalua.in\/notas\/wp-content\/uploads\/2023\/06\/CHE9LqmWwAEOZLH.png\" alt=\"\" width=\"720\" height=\"250\" srcset=\"https:\/\/nalua.in\/notas\/wp-content\/uploads\/2023\/06\/CHE9LqmWwAEOZLH.png 720w, https:\/\/nalua.in\/notas\/wp-content\/uploads\/2023\/06\/CHE9LqmWwAEOZLH-300x104.png 300w, https:\/\/nalua.in\/notas\/wp-content\/uploads\/2023\/06\/CHE9LqmWwAEOZLH-150x52.png 150w\" sizes=\"auto, (max-width: 720px) 100vw, 720px\" \/><\/p>\n<hr \/>\n<h2 style=\"text-align: center;\">Or\u00e1culo da Semana*<\/h2>\n<p style=\"text-align: justify;\">Hoje nos visita o cavaleiro de espadas. Esse mo\u00e7o correto, corajoso, impaciente, frio e apressado. A presen\u00e7a dele em nosso cotidiano costuma vir sem aviso, sem amortecimento. Ele em geral \u00e9 aquele <strong>susto<\/strong>, aquele <strong>destempero<\/strong> que vem num galope, <strong>bagun\u00e7a<\/strong> v\u00e1rias coisas e vai embora do mesmo jeito que chegou. Ent\u00e3o \u00e9 bom que estejamos preparados para <strong>sustos<\/strong>, para <strong>contratempos<\/strong>, pois ele chega causando <strong>conflitos<\/strong> e <strong>bagun\u00e7a<\/strong>. Esse cavaleiro nos <strong>traz conflitos que nos testam a paci\u00eancia<\/strong>. Ele mesmo \u00e9 o camarada mais impaciente do tar\u00f4. E \u00e9 sobre a impaci\u00eancia que a nossa semana vai girar.<span data-ccp-props=\"{&quot;134245417&quot;:false,&quot;201341983&quot;:0,&quot;335559739&quot;:0,&quot;335559740&quot;:240}\">\u00a0<\/span><\/p>\n<p style=\"text-align: justify;\"><span data-contrast=\"none\">Basta um m\u00ednimo de reflex\u00e3o sobre o mundo para percebermos que vivemos na era da impaci\u00eancia, muita gente j\u00e1 pensou sobre isso, n\u00e3o falta material sobre vivermos na era da impaci\u00eancia.\u00a0<\/span><span data-ccp-props=\"{&quot;134245417&quot;:false,&quot;201341983&quot;:0,&quot;335559739&quot;:0,&quot;335559740&quot;:240}\"> Inclusive temos condi\u00e7\u00f5es que afetam a sa\u00fade e s\u00e3o espec\u00edficas de uma era em que a paci\u00eancia foi comprar cigarros.\u00a0<\/span><span data-contrast=\"none\">Na era dos v\u00eddeos curt\u00edssimos e mensagens desesperadas, da press\u00e3o por uma produtividade m\u00e1xima estamos perdendo vertiginosamente a capacidade de ter paci\u00eancia. Tudo \u00e9 urgente, tudo \u00e9 para j\u00e1 e nossa concentra\u00e7\u00e3o n\u00e3o dura quase nada.<\/span><span data-ccp-props=\"{&quot;134245417&quot;:false,&quot;201341983&quot;:0,&quot;335559739&quot;:0,&quot;335559740&quot;:240}\">\u00a0<\/span><span data-contrast=\"none\">\u00a0<\/span><\/p>\n<p style=\"text-align: justify;\"><span data-contrast=\"none\">Onde foi parar a capacidade de assistir a um longo filme, ler um chamado calhama\u00e7o, esperar a pessoa que vem ao nosso encontro sem mensagens a cada 2 minutos? A paci\u00eancia pressup\u00f5e um certo mist\u00e9rio, um certo n\u00e3o saber o que vai acontecer, e ainda assim confiar. Confiar que algo vai dar certo ao mesmo tamb\u00e9m contar com a possibilidade de sair tudo errado.\u00a0<\/span>N\u00e3o vamos nos alongar, n\u00e3o somos fil\u00f3sofos, nem especialistas em nada. S\u00f3 estamos dando voz ao Cavaleiro de Espadas.<span data-ccp-props=\"{&quot;134245417&quot;:false,&quot;201341983&quot;:0,&quot;335559739&quot;:0,&quot;335559740&quot;:240}\"> Mas, como sociedade, \u00e9 evidente que precisamos de mais paci\u00eancia, n\u00e3o carece de nenhuma p\u00f3s-gradua\u00e7\u00e3o para ver o que est\u00e1 posto.<\/span><\/p>\n<p style=\"text-align: justify;\">Kafka dizia que <strong>pela impaci\u00eancia fomos expulsos do para\u00edso<\/strong>. Kierkegard, um fil\u00f3sofo dinamarqu\u00eas, comentando um vers\u00edculo do Evangelho de Lucas dizia que <strong>s\u00f3 podemos adquirir alma atrav\u00e9s da paci\u00eancia<\/strong>. Sim, para esse fil\u00f3sofo, a alma \u00e9 algo a ser cultivado, com paci\u00eancia e trabalho, n\u00e3o \u00e9 uma parte nossa que tenhamos a priori, nem essencialmente. \u00c9 algo bastante forte pensar que <strong>sem paci\u00eancia n\u00e3o temos alma<\/strong>, n\u00e3o \u00e9 mesmo?<\/p>\n<p style=\"text-align: justify;\">Outro pensador soberbo, Walter Benjamin, tem uma alegoria bel\u00edssima que fala, ainda que indiretamente, sobre a paci\u00eancia. Diz ele que uma cultura necessita de modo inequ\u00edvoco, de momentos de <strong>aten\u00e7\u00e3o profunda e contemplativa<\/strong>. Que estes momentos propiciam que uma cultura gere o novo e coloque em marcha a criatividade coletiva. Seriam momentos de inatividade e descanso espiritual. Benjamin chamou a estes per\u00edodos, os momentos de t\u00e9dio profundo de <strong>\u201cp\u00e1ssaro on\u00edrico, que choca o ovo da experi\u00eancia.\u201d<\/strong> S\u00f3 nestes momentos de <strong>profundo t\u00e9dio<\/strong> e <strong>paci\u00eancia<\/strong> a sociedade renovaria seu esp\u00edrito criativo. E j\u00e1 em sua \u00e9poca Walter Benjamin lamentava o desaparecimento destes momentos, lamentava o fato de que <strong>estar\u00edamos cada vez mais inquietos<\/strong>, e que na inquietude exagerada e sem prop\u00f3sito n\u00e3o gerar\u00edamos nada de realmente novo.<span data-ccp-props=\"{&quot;134245417&quot;:false,&quot;201341983&quot;:0,&quot;335559739&quot;:0,&quot;335559740&quot;:240}\"> Podemos nem concordar com esses caras, mas eles t\u00eam um ponto, n\u00e3o \u00e9?<\/span><\/p>\n<p style=\"text-align: justify;\"><span data-contrast=\"none\">Depois dessa divaga\u00e7\u00e3o, s\u00f3 precisamos entender quais s\u00e3o os<strong> pontos de impaci\u00eancia<\/strong> na nossa vida. Aquela impaci\u00eancia que nos d\u00e1 <strong>gastrite<\/strong>, <strong>raiva<\/strong> e <strong>dor de cabe\u00e7a<\/strong>. Ser\u00e1 que podemos fazer algo a respeito para melhorar nosso dia? Nenhum de n\u00f3s est\u00e1 ficando mais jovem, e a cada dia essas pequenas contrariedades contribuem para que a nossa vida, o nosso sono, a nossa sa\u00fade sejam piores. Pois <strong>o tar\u00f4 nesta semana nos pede s\u00f3 isso, paci\u00eancia para identificar nossa impaci\u00eancia vazia<\/strong>.\u00a0<\/span><span data-ccp-props=\"{&quot;134245417&quot;:false,&quot;201341983&quot;:0,&quot;335559739&quot;:0,&quot;335559740&quot;:240}\">Ser\u00e1 que conseguiremos? <em>H\u00e1 um vilarejo ali<\/em>, a nossa espera<\/span><\/p>\n<ul>\n<li>O or\u00e1culo de hoje pode estar mais desconexo pois estou com pneumonia e escrevi no auge do mal estar.<\/li>\n<\/ul>\n<hr \/>\n<h2 style=\"text-align: center;\">O Cavaleiro de Espadas ou as virtudes da paci\u00eancia<\/h2>\n<table style=\"width: 100%; border-collapse: collapse; background-color: #a6d7ed;\">\n<tbody>\n<tr>\n<td style=\"width: 100%;\">\n<p style=\"text-align: center;\"><img loading=\"lazy\" decoding=\"async\" class=\"aligncenter wp-image-654 size-full\" src=\"https:\/\/nalua.in\/notas\/wp-content\/uploads\/2023\/06\/cavaleiroespadasp.jpg\" alt=\"\" width=\"350\" height=\"621\" srcset=\"https:\/\/nalua.in\/notas\/wp-content\/uploads\/2023\/06\/cavaleiroespadasp.jpg 350w, https:\/\/nalua.in\/notas\/wp-content\/uploads\/2023\/06\/cavaleiroespadasp-169x300.jpg 169w, https:\/\/nalua.in\/notas\/wp-content\/uploads\/2023\/06\/cavaleiroespadasp-150x266.jpg 150w\" sizes=\"auto, (max-width: 350px) 100vw, 350px\" \/><\/p>\n<p style=\"text-align: center;\"><span class=\"fe5nidar khvhiq1o r5qsrrlp i5tg98hk f9ovudaz przvwfww gx1rr48f gfz4du6o r7fjleex nz2484kf svot0ezm dcnh1tix sxl192xd t3g6t33p\" style=\"font-size: 18pt;\"><span class=\"mpj7bzys xzlurrtv\">\u2660\ufe0f<\/span><\/span><\/p>\n<\/td>\n<\/tr>\n<\/tbody>\n<\/table>\n<p style=\"text-align: justify;\">A carta de tar\u00f4 cavaleiro de espadas representa a figura de um guerreiro montado em um cavalo, empunhando uma espada, pronta para a batalha. A imagem \u00e9 forte e imponente, mas tamb\u00e9m pode ser interpretada como um sinal de impaci\u00eancia.\u00a0A impaci\u00eancia \u00e9 um sentimento que todos n\u00f3s j\u00e1 experimentamos em algum momento da vida. \u00c9 uma sensa\u00e7\u00e3o de desconforto e irrita\u00e7\u00e3o diante da espera por alguma coisa. Pode ser uma espera por uma resposta, por uma solu\u00e7\u00e3o, por uma mudan\u00e7a ou at\u00e9 mesmo por uma pessoa. \u00c9 uma emo\u00e7\u00e3o dif\u00edcil de controlar e pode levar a comportamentos impulsivos e precipitados.\u00a0Na carta de tar\u00f4 cavaleiro de espadas, a impaci\u00eancia \u00e9 representada pela figura do guerreiro que est\u00e1 pronto para a batalha. Ele n\u00e3o tem paci\u00eancia para esperar e est\u00e1 disposto a agir imediatamente. Essa postura pode ser vista como corajosa e determinada, mas tamb\u00e9m pode ser perigosa e imprudente.\u00a0Quando a carta de tar\u00f4 cavaleiro de espadas aparece em uma leitura, ela pode estar indicando que voc\u00ea est\u00e1 sendo impulsivo e precipitado em suas a\u00e7\u00f5es. Talvez esteja agindo sem pensar nas consequ\u00eancias ou sem considerar todas as op\u00e7\u00f5es dispon\u00edveis.<\/p>\n<p style=\"text-align: justify;\">A carta de cavaleiro de espadas \u00e9 associada ao elemento ar, que representa o intelecto, a comunica\u00e7\u00e3o e a raz\u00e3o. Isso significa que o cavaleiro de espadas \u00e9 um s\u00edmbolo da mente humana em sua forma mais aguda e racional. Ele \u00e9 capaz de analisar situa\u00e7\u00f5es complexas, tomar decis\u00f5es r\u00e1pidas e agir com precis\u00e3o e efic\u00e1cia. No entanto, essa racionalidade pode ser acompanhada por uma certa frieza e falta de emo\u00e7\u00e3o, o que pode tornar o cavaleiro de espadas um pouco distante ou insens\u00edvel \u00e0s vezes. Em geral, ela indica um momento de grande desafio ou conflito, que exige coragem, determina\u00e7\u00e3o e habilidade para superar. O cavaleiro de espadas pode representar uma pessoa em sua vida que possui essas qualidades, como um l\u00edder forte ou um amigo confi\u00e1vel que pode ajud\u00e1-lo a superar dificuldades.<\/p>\n<p style=\"text-align: justify;\">No entanto, o cavaleiro de espadas tamb\u00e9m pode representar um aspecto de si mesmo que precisa ser desenvolvido ou aprimorado. Se voc\u00ea est\u00e1 enfrentando um desafio dif\u00edcil, esta carta pode ser um lembrete para voc\u00ea agir com coragem e determina\u00e7\u00e3o, usando sua intelig\u00eancia e habilidades para superar os obst\u00e1culos em seu caminho. Se voc\u00ea est\u00e1 se sentindo desanimado ou sem dire\u00e7\u00e3o, o cavaleiro de espadas pode ser um sinal para voc\u00ea se concentrar em seus objetivos e lutar por eles com toda a sua for\u00e7a.\u00a0O cavaleiro de espadas \u00e9 um s\u00edmbolo poderoso de coragem, determina\u00e7\u00e3o e habilidade. Ela nos lembra que, mesmo nos momentos mais dif\u00edceis, podemos encontrar a for\u00e7a interior para superar obst\u00e1culos e alcan\u00e7ar nossos objetivo<\/p>\n<hr \/>\n<h2 style=\"text-align: center;\">Um pequeno texto para uma alma apressada<\/h2>\n<p style=\"text-align: justify;\"><em>Meu desejo indiscreto da manh\u00e3 de espionar e capturar o futuro antes que nascesse, apareceu-me subitamente como um sacril\u00e9gio.<\/em><\/p>\n<p style=\"text-align: justify;\"><em>Lembrei-me de uma manh\u00e3 em que encontrei um casulo preso \u00e0 casca de uma \u00e1rvore, no momento em que a borboleta rompia o inv\u00f3lucro e se preparava para sair. Esperei algum tempo, mas estava com pressa e ela demorava muito. Enervado, debrucei-me e comecei a esquent\u00e1-lo com meu sopro. Eu o esquentava, impaciente, e o milagre come\u00e7ou a desfiar diante de mim em ritmo mais r\u00e1pido que o natural. Abriu-se o inv\u00f3lucro e a borboleta saiu se arrastando. N\u00e3o esquecerei jamais o horror que tive ent\u00e3o: suas asas ainda n\u00e3o se haviam formado, e com todo o seu pequeno corpo tr\u00eamulo ela se esfor\u00e7ava para desdobr\u00e1-las. Debru\u00e7ado sobre ela, eu ajudava com meu sopro. Em v\u00e3o. Um paciente amadurecimento era necess\u00e1rio e o crescimento das asas devia se fazer lentamente ao sol; agora era muito tarde. Meu sopro havia obrigado a borboleta a se mostrar, toda enrugada, antes do tempo. Ela se agitou, desesperada, e alguns segundo depois morreu na palma de minha m\u00e3o.<\/em><\/p>\n<p style=\"text-align: justify;\"><em>Creio que esse pequeno cad\u00e1ver \u00e9 o maior peso que tenho na consci\u00eancia. Pois, compreendo atualmente, \u00e9 um pecado mortal violar as leis da natureza. N\u00e3o devemos apressar, nem nos impacientar, mas seguir com confian\u00e7a o ritmo eterno.<\/em><\/p>\n<p style=\"text-align: right;\"><strong>Nikos Kazantzakis &#8211; Zorba o Grego &#8211; Ed. Abril<\/strong><\/p>\n<hr \/>\n<table style=\"width: 100%; border-collapse: collapse; background-color: #d4c7c7;\">\n<tbody>\n<tr>\n<td style=\"width: 100%;\">\n<h2 style=\"text-align: center;\">Ler &amp; Ver &amp; Ouvir enquanto se gesta o tempo<\/h2>\n<\/td>\n<\/tr>\n<\/tbody>\n<\/table>\n<h3 style=\"text-align: center;\">Livro<\/h3>\n<p><img loading=\"lazy\" decoding=\"async\" class=\"size-full wp-image-650 aligncenter\" src=\"https:\/\/nalua.in\/notas\/wp-content\/uploads\/2023\/06\/51wEPXUSp9L.jpg\" alt=\"\" width=\"302\" height=\"500\" srcset=\"https:\/\/nalua.in\/notas\/wp-content\/uploads\/2023\/06\/51wEPXUSp9L.jpg 302w, https:\/\/nalua.in\/notas\/wp-content\/uploads\/2023\/06\/51wEPXUSp9L-181x300.jpg 181w, https:\/\/nalua.in\/notas\/wp-content\/uploads\/2023\/06\/51wEPXUSp9L-150x248.jpg 150w\" sizes=\"auto, (max-width: 302px) 100vw, 302px\" \/><\/p>\n<p style=\"text-align: justify;\"><strong>Indico On the road &#8211; P\u00e9 Na Estrada &#8211; Jack Kerouac, <em>pois \u00e9 um retrato da impaci\u00eancia e pressa de viver que se tem na juventude. Kerouac e sua sede imensa de viver, de aproveitar o agora, o presente, de n\u00e3o deixar a vida escapar. Os excessos da falta de modera\u00e7\u00e3o, da gana de viver. Uma impaci\u00eancia que infelizmente encurtou a vida deste escritor t\u00e3o intenso.\u00a0<\/em><\/strong><\/p>\n<hr \/>\n<p style=\"text-align: justify;\">On The Road: a obra-prima de Jack Kerouac.\u00a0Publicado em 1957, On The Road \u00e9 um dos livros mais ic\u00f4nicos da literatura americana do s\u00e9culo XX. Escrito pelo autor Jack Kerouac, o romance \u00e9 uma obra-prima que retrata a vida de jovens viajantes em busca de liberdade e aventura.\u00a0A hist\u00f3ria come\u00e7a com o personagem principal, Sal Paradise, um escritor em busca de inspira\u00e7\u00e3o para seu pr\u00f3ximo livro. Ele conhece Dean Moriarty, um jovem carism\u00e1tico e impulsivo que o convida para uma viagem pelos Estados Unidos. Juntos, eles viajam de carro, \u00f4nibus e carona, conhecendo pessoas diferentes e vivendo experi\u00eancias \u00fanicas. \u00c9 um livro que retrata a gera\u00e7\u00e3o beatnik, um grupo de jovens que rejeitava as normas sociais e culturais da \u00e9poca. Eles buscavam uma vida mais livre e aut\u00eantica, sem se preocupar com dinheiro ou carreira. A obra de Kerouac \u00e9 um retrato fiel desse movimento cultural, que influenciou a m\u00fasica, a arte e a literatura.\u00a0O estilo de escrita de Kerouac \u00e9 \u00fanico e inovador. Ele utilizou uma t\u00e9cnica chamada &#8220;escrita espont\u00e2nea&#8221;, na qual escrevia sem parar, sem se preocupar com a gram\u00e1tica ou a estrutura do texto. Isso resultou em um estilo de escrita livre e fluido, que captura a ess\u00eancia da vida na estrada.\u00a0On The Road \u00e9 um livro que inspirou gera\u00e7\u00f5es de jovens a buscar a liberdade e a aventura. Ele \u00e9 uma obra-prima da literatura americana e um testemunho da cultura beatnik.<\/p>\n<hr \/>\n<h3 style=\"text-align: center;\">Filme<\/h3>\n<p><img loading=\"lazy\" decoding=\"async\" class=\"size-full wp-image-648 aligncenter\" src=\"https:\/\/nalua.in\/notas\/wp-content\/uploads\/2023\/06\/85566d936612379e70f33106c594e621.webp\" alt=\"\" width=\"322\" height=\"478\" srcset=\"https:\/\/nalua.in\/notas\/wp-content\/uploads\/2023\/06\/85566d936612379e70f33106c594e621.webp 322w, https:\/\/nalua.in\/notas\/wp-content\/uploads\/2023\/06\/85566d936612379e70f33106c594e621-202x300.webp 202w, https:\/\/nalua.in\/notas\/wp-content\/uploads\/2023\/06\/85566d936612379e70f33106c594e621-150x223.webp 150w\" sizes=\"auto, (max-width: 322px) 100vw, 322px\" \/><\/p>\n<p style=\"text-align: justify;\"><strong>Um dia de F\u00faria &#8211; Joel Schumacher &#8211; 1993. <em>O cl\u00e1ssico dos cl\u00e1ssicos da impaci\u00eancia, lembran\u00e7a do @Akio. tudo acontece nesse filme por causa da impaci\u00eancia. indico pois \u00e9 uma obra prima, um filme sensacional, imperd\u00edvel. E que demonstra como nada mais o que \u00e9 e o que a impaci\u00eancia causa.\u00a0<\/em><\/strong><\/p>\n<hr \/>\n<p style=\"text-align: justify;\">Um Dia de F\u00faria \u00e9 um filme de drama e suspense lan\u00e7ado em 1993, dirigido por Joel Schumacher e estrelado por Michael Douglas e Robert Duvall. O filme conta a hist\u00f3ria de um homem comum que, ap\u00f3s ser demitido do trabalho, tem um colapso emocional e decide tomar medidas extremas para lidar com sua frustra\u00e7\u00e3o e impaci\u00eancia. O personagem principal, William Foster (interpretado por Michael Douglas), \u00e9 um homem comum que vive uma vida mon\u00f3tona e insatisfat\u00f3ria. Ele trabalha em um escrit\u00f3rio, est\u00e1 em processo de div\u00f3rcio e tem problemas de relacionamento com sua filha. Quando ele \u00e9 demitido do trabalho, ele se sente completamente perdido e sem rumo na vida.\u00a0A partir da\u00ed, o filme segue a jornada de William enquanto ele tenta lidar com sua raiva e frustra\u00e7\u00e3o. Ele come\u00e7a a agir de forma cada vez mais violenta e descontrolada, culminando em uma s\u00e9rie de confrontos com a pol\u00edcia e outras pessoas que cruzam seu caminho.\u00a0O desempenho de Michael Douglas \u00e9 impressionante neste filme. Ele consegue transmitir a dor e a raiva de seu personagem de uma forma visceral e convincente. O filme tamb\u00e9m \u00e9 bem dirigido, com uma atmosfera tensa e claustrof\u00f3bica que aumenta a sensa\u00e7\u00e3o de desespero do personagem principal.<\/p>\n<p style=\"text-align: justify;\">Um Dia de F\u00faria \u00e9 um filme intenso e perturbador que levanta quest\u00f5es importantes sobre a natureza da raiva e da viol\u00eancia. Embora seja uma obra ficcional, o filme apresenta um retrato realista de como a frustra\u00e7\u00e3o e o desespero podem levar as pessoas a cometer atos extremos. Um Dia de F\u00faria \u00e9 um filme que ficar\u00e1 na mente do espectador muito tempo depois dos cr\u00e9ditos finais.<\/p>\n<hr \/>\n<h2 style=\"text-align: center;\">Document\u00e1rio<\/h2>\n<p><img loading=\"lazy\" decoding=\"async\" class=\" wp-image-649 aligncenter\" src=\"https:\/\/nalua.in\/notas\/wp-content\/uploads\/2023\/06\/koyaanisqatsip.jpg\" alt=\"\" width=\"300\" height=\"450\" srcset=\"https:\/\/nalua.in\/notas\/wp-content\/uploads\/2023\/06\/koyaanisqatsip.jpg 350w, https:\/\/nalua.in\/notas\/wp-content\/uploads\/2023\/06\/koyaanisqatsip-200x300.jpg 200w, https:\/\/nalua.in\/notas\/wp-content\/uploads\/2023\/06\/koyaanisqatsip-150x225.jpg 150w\" sizes=\"auto, (max-width: 300px) 100vw, 300px\" \/><\/p>\n<p style=\"text-align: justify;\"><strong>Koyaanisqatsi &#8211; Godfrey Reggio &#8211; 1982.\u00a0\u00a0<em>Vou indicar esse document\u00e1rio que faz par com o documentario da semana passada. Outro document\u00e1rio da Trilogia Qatsi. Um dos document\u00e1rios mais impactantes que j\u00e1 assisti e que j\u00e1 foram feitos. Ele reflete como nada mais o efeito da impaci\u00eancia na sociedade. No mundo, na vida. Assistam, assistam, \u00e9 uma obra prima e continua t\u00e3o inusitado, t\u00e3o diferente como quando foi feito.<\/em><\/strong><\/p>\n<hr \/>\n<p style=\"text-align: justify;\">Koyaanisqatsi \u00e9 um document\u00e1rio experimental lan\u00e7ado em 1982, dirigido por Godfrey Reggio e produzido por Francis Ford Coppola. O t\u00edtulo do filme \u00e9 derivado de uma palavra hopi que significa &#8220;vida desequilibrada&#8221; ou &#8220;vida em desordem&#8221;. Este document\u00e1rio \u00e9 uma reflex\u00e3o sobre a rela\u00e7\u00e3o entre a humanidade, a tecnologia e o meio ambiente.\u00a0O filme n\u00e3o tem di\u00e1logos ou narrativas convencionais, mas \u00e9 composto por imagens impressionantes de paisagens naturais, cidades, ind\u00fastrias e pessoas em movimento acelerado. A trilha sonora, composta por Philip Glass, \u00e9 uma pe\u00e7a central do filme e ajuda a criar uma atmosfera hipn\u00f3tica e contemplativa.\u00a0A mensagem principal de Koyaanisqatsi \u00e9 que a humanidade est\u00e1 em um caminho insustent\u00e1vel de desenvolvimento tecnol\u00f3gico e crescimento econ\u00f4mico, que est\u00e1 causando danos irrepar\u00e1veis ao meio ambiente e \u00e0 nossa pr\u00f3pria qualidade de vida. O filme mostra como as atividades humanas est\u00e3o afetando negativamente o planeta, desde a polui\u00e7\u00e3o do ar e da \u00e1gua at\u00e9 a destrui\u00e7\u00e3o de habitats naturais.<\/p>\n<p style=\"text-align: justify;\">Ao longo do filme, somos confrontados com imagens impactantes de cidades superpovoadas, ind\u00fastrias poluentes e paisagens naturais transformadas pela atividade humana. A mensagem \u00e9 clara: precisamos mudar a forma como vivemos e interagimos com o meio ambiente se quisermos garantir um futuro sustent\u00e1vel para as pr\u00f3ximas gera\u00e7\u00f5es.\u00a0Koyaanisqatsi \u00e9 um filme que n\u00e3o deixa ningu\u00e9m indiferente. Algumas pessoas podem achar as imagens perturbadoras ou desagrad\u00e1veis, enquanto outras podem se sentir inspiradas a agir para proteger o meio ambiente. Independentemente da rea\u00e7\u00e3o individual, \u00e9 ineg\u00e1vel que o filme \u00e9 uma obra-prima cinematogr\u00e1fica e uma reflex\u00e3o importante sobre os desafios que enfrentamos como sociedade.<\/p>\n<hr \/>\n<h3 style=\"text-align: center;\">S\u00e9rie<\/h3>\n<p><img loading=\"lazy\" decoding=\"async\" class=\" wp-image-651 aligncenter\" src=\"https:\/\/nalua.in\/notas\/wp-content\/uploads\/2023\/06\/greysp.jpg\" alt=\"\" width=\"300\" height=\"428\" srcset=\"https:\/\/nalua.in\/notas\/wp-content\/uploads\/2023\/06\/greysp.jpg 350w, https:\/\/nalua.in\/notas\/wp-content\/uploads\/2023\/06\/greysp-210x300.jpg 210w, https:\/\/nalua.in\/notas\/wp-content\/uploads\/2023\/06\/greysp-150x214.jpg 150w\" sizes=\"auto, (max-width: 300px) 100vw, 300px\" \/><\/p>\n<p style=\"text-align: justify;\"><strong>Grey&#8217;s Anatomy &#8211; Primeira Temporada.\u00a0\u00a0<em>A @laismeralda sugere a primeira temporada da s\u00e9rie Grey&#8217;s Anatomy. Uma s\u00e9rie que eu adoro. Segundo o que ela me fez perceber, a primeira temporada toda gira em torno da imensa impaci\u00eancia dos m\u00e9dicos internos, tentando chegar a todo custo a est\u00e1gios mais elevados na profiss\u00e3o e no hospital. E tamb\u00e9m mostra a mesma impaciencia dos professores e m\u00e9dicos efetivos do hospital. Gostei da indica\u00e7\u00e3o, \u00e9 uma abordagem pouco \u00f3bvia de s\u00e9rie e que tem tudo a ver com o tema da semana. Tamb\u00e9m indico de olhos fechados pois \u00e9 uma s\u00e9rie que trata temas muito profundos, \u00e9 uma serie muito mais interessante e reflexiva do que se sup\u00f5e.<\/em><\/strong><\/p>\n<hr \/>\n<p style=\"text-align: justify;\">Grey&#8217;s Anatomy \u00e9 uma s\u00e9rie m\u00e9dica que estreou em 2005 e j\u00e1 se tornou uma das mais conhecidas e amadas pelos telespectadores. A primeira temporada da s\u00e9rie foi um grande sucesso e conquistou o p\u00fablico com suas hist\u00f3rias emocionantes, personagens cativantes e tramas envolventes.\u00a0A trama da primeira temporada de Grey&#8217;s Anatomy gira em torno de um grupo de jovens m\u00e9dicos que est\u00e3o iniciando suas carreiras no Seattle Grace Hospital. A s\u00e9rie acompanha a vida desses personagens enquanto eles enfrentam desafios pessoais e profissionais, lidam com casos m\u00e9dicos complexos e aprendem a trabalhar em equipe.\u00a0Um dos pontos altos da primeira temporada de Grey&#8217;s Anatomy \u00e9 a constru\u00e7\u00e3o dos personagens. Cada um dos m\u00e9dicos tem sua pr\u00f3pria hist\u00f3ria e personalidade, o que torna a s\u00e9rie muito mais interessante e envolvente. Meredith Grey, a protagonista da s\u00e9rie, \u00e9 uma personagem complexa e intrigante, que luta para superar seus pr\u00f3prios dem\u00f4nios enquanto tenta se destacar como m\u00e9dica.\u00a0Outro aspecto importante da primeira temporada de Grey&#8217;s Anatomy \u00e9 a abordagem de temas relevantes e atuais. A s\u00e9rie trata de quest\u00f5es como \u00e9tica m\u00e9dica, relacionamentos amorosos, aborto, homossexualidade e muitos outros assuntos que s\u00e3o importantes para a sociedade atual. Essa abordagem faz com que a s\u00e9rie seja muito mais do que apenas um drama m\u00e9dico, mas tamb\u00e9m uma reflex\u00e3o sobre a vida e a sociedade.\u00a0Al\u00e9m disso, a primeira temporada de Grey&#8217;s Anatomy \u00e9 repleta de momentos emocionantes e impactantes. Os casos m\u00e9dicos apresentados na s\u00e9rie s\u00e3o complexos e desafiadores, o que faz com que o p\u00fablico se envolva com a hist\u00f3ria e tor\u00e7a pelos pacientes. A s\u00e9rie tamb\u00e9m apresenta momentos de humor e descontra\u00e7\u00e3o, o que ajuda a aliviar a tens\u00e3o dos momentos mais dram\u00e1ticos.<\/p>\n<hr \/>\n<h2 style=\"text-align: center;\">R\u00e1dio Rel\u00f3gio<\/h2>\n<h3 style=\"text-align: center;\">Homens impacientes<\/h3>\n<p style=\"text-align: justify;\"><em>Pesquisa da Universidade de Michigan, nos EUA, mostra que os homens, sem exce\u00e7\u00e3o, demonstraram ter menos paci\u00eancia com as mulheres, interrompendo-as a toda hora quando est\u00e3o falando.<\/em><\/p>\n<p style=\"text-align: justify;\">Se conseguissem falar sem serem interrompidas, as mulheres poderiam contar como os homens vivem lhes cortando a palavra. Uma pesquisa da Universidade de Michigan, nos Estados Unidos, mostra que esse h\u00e1bito masculino come\u00e7a cedo. Ao entrevistar grupos de crian\u00e7as de 8 anos de ambos os sexos, os pesquisadores perceberam que meninos e meninas se comportavam da mesma maneira em conversa com adultos do sexo masculino. Mas, quando as entrevistas eram feitas por mulheres, os meninos interrompiam 20% mais do que as meninas. Todos os garotos, sem exce\u00e7\u00e3o, demonstraram ter menos paci\u00eancia com as mulheres. O resultado poderia ser ainda mais significativo. Se estivessem falando com colegas do sexo oposto da mesma idade, suspeitam os pesquisadores, os garotos interromper\u00edam ainda mais a conversa. \u00af\\_(\u30c4)_\/\u00af . Fonte:\u00a0https:\/\/super.abril.com.br\/ciencia\/homens-impacientes.<\/p>\n<hr \/>\n<p style=\"text-align: center;\">No dia 4 de junho de 2018 Patti Smith, a maravilhosa, fez essa postagem no instagram:<\/p>\n<p><img loading=\"lazy\" decoding=\"async\" class=\"size-full wp-image-655 aligncenter\" src=\"https:\/\/nalua.in\/notas\/wp-content\/uploads\/2023\/06\/4junhopattismith.jpg\" alt=\"\" width=\"431\" height=\"713\" srcset=\"https:\/\/nalua.in\/notas\/wp-content\/uploads\/2023\/06\/4junhopattismith.jpg 431w, https:\/\/nalua.in\/notas\/wp-content\/uploads\/2023\/06\/4junhopattismith-181x300.jpg 181w, https:\/\/nalua.in\/notas\/wp-content\/uploads\/2023\/06\/4junhopattismith-150x248.jpg 150w\" sizes=\"auto, (max-width: 431px) 100vw, 431px\" \/><\/p>\n<hr \/>\n<p style=\"text-align: center;\"><span style=\"font-size: 8pt;\">4 de junho \u00e9 o 155.\u00ba dia do ano no calend\u00e1rio gregoriano (156.\u00ba em anos bissextos). Faltam 210 dias para acabar o ano.<\/span><\/p>\n<hr \/>\n<p style=\"text-align: center;\"><strong>Post com a colabora\u00e7\u00e3o de <a href=\"http:\/\/instagram.com\/tariq_kawakami\" target=\"_blank\" rel=\"noopener\">@tariqmusashi<\/a>, <a href=\"http:\/\/instagram.com\/laismeralda\" target=\"_blank\" rel=\"noopener\">@laismeralda e <\/a><a href=\"https:\/\/www.instagram.com\/fisica.origami.kawakami\/\" target=\"_blank\" rel=\"noopener\">@norbertoakio<\/a><\/strong><\/p>\n<hr \/>\n<table style=\"width: 100%; border-collapse: collapse; background-color: #b7ebe4;\">\n<tbody>\n<tr>\n<td style=\"width: 100%;\">\n<p style=\"text-align: center;\"><em>&#8220;Se a sorte est\u00e1 com voc\u00ea, pra que pressa?\u00a0<\/em><em>Se a sorte est\u00e1 contra voc\u00ea, pra que pressa?&#8221;<\/em><\/p>\n<p style=\"text-align: center;\"><strong><span style=\"font-size: 10pt;\">Prov\u00e9rbio Afeg\u00e3o<\/span><\/strong><\/p>\n<\/td>\n<\/tr>\n<\/tbody>\n<\/table>\n<p style=\"text-align: justify;\"><em>Se voc\u00ea leu at\u00e9 aqui, obrigada! Esse \u00e9 o meu almanaque particular. Um peda\u00e7o do meu di\u00e1rio, da minha arca de refer\u00eancias, um registro de pequenas efem\u00e9rides, de coisas que quero guardar, do tempo, do vento, do c\u00e9u e do cheiro da chuva. Os Vest\u00edgios do Dia, meus dias.<\/em><\/p>\n<table style=\"width: 100%; border-collapse: collapse; background-color: #edc2ce;\">\n<tbody>\n<tr>\n<td style=\"width: 100%; text-align: center;\"><span style=\"font-size: 10pt;\">\u00a9 Nalua \u2013 Caderninho pessoal, bauzinho de trapos coloridos, nos morros de Minas Gerais. Outono, bem friozinho, gra\u00e7as aos c\u00e9us.<\/span><\/td>\n<\/tr>\n<\/tbody>\n<\/table>\n","protected":false},"excerpt":{"rendered":"<p>os escanfadristas vir\u00e3o Belo Horizonte, 04 de junho de 2023 \ud83c\udf24\ufe0f 11\u00b0 \u2013 24\u00b0 Dia Internacional das Crian\u00e7as V\u00edtimas de Agress\u00e3o, Em 1970, 04 de [&#8230;]<\/p>\n","protected":false},"author":1,"featured_media":0,"comment_status":"open","ping_status":"open","sticky":false,"template":"","format":"standard","meta":{"footnotes":""},"categories":[9,13,10,5,12],"tags":[],"class_list":["post-644","post","type-post","status-publish","format-standard","hentry","category-almanaque","category-carta-semanal","category-jardim","category-newsletter","category-oraculo"],"_links":{"self":[{"href":"https:\/\/nalua.in\/notas\/wp-json\/wp\/v2\/posts\/644","targetHints":{"allow":["GET"]}}],"collection":[{"href":"https:\/\/nalua.in\/notas\/wp-json\/wp\/v2\/posts"}],"about":[{"href":"https:\/\/nalua.in\/notas\/wp-json\/wp\/v2\/types\/post"}],"author":[{"embeddable":true,"href":"https:\/\/nalua.in\/notas\/wp-json\/wp\/v2\/users\/1"}],"replies":[{"embeddable":true,"href":"https:\/\/nalua.in\/notas\/wp-json\/wp\/v2\/comments?post=644"}],"version-history":[{"count":7,"href":"https:\/\/nalua.in\/notas\/wp-json\/wp\/v2\/posts\/644\/revisions"}],"predecessor-version":[{"id":660,"href":"https:\/\/nalua.in\/notas\/wp-json\/wp\/v2\/posts\/644\/revisions\/660"}],"wp:attachment":[{"href":"https:\/\/nalua.in\/notas\/wp-json\/wp\/v2\/media?parent=644"}],"wp:term":[{"taxonomy":"category","embeddable":true,"href":"https:\/\/nalua.in\/notas\/wp-json\/wp\/v2\/categories?post=644"},{"taxonomy":"post_tag","embeddable":true,"href":"https:\/\/nalua.in\/notas\/wp-json\/wp\/v2\/tags?post=644"}],"curies":[{"name":"wp","href":"https:\/\/api.w.org\/{rel}","templated":true}]}}