{"id":589,"date":"2023-05-27T22:39:08","date_gmt":"2023-05-27T22:39:08","guid":{"rendered":"https:\/\/nalua.in\/notas\/?p=589"},"modified":"2023-05-28T02:49:55","modified_gmt":"2023-05-28T02:49:55","slug":"eu-quero-que-o-tapete-voe","status":"publish","type":"post","link":"https:\/\/nalua.in\/notas\/eu-quero-que-o-tapete-voe\/","title":{"rendered":""},"content":{"rendered":"<p style=\"text-align: center;\"><span style=\"font-size: 8pt;\"><a href=\"https:\/\/telegra.ph\/Envelhecer-05-27\" target=\"_blank\" rel=\"noopener\">eu quero que o tapete voe<\/a><\/span><br \/>\n<img loading=\"lazy\" decoding=\"async\" class=\"size-full wp-image-157 aligncenter\" src=\"https:\/\/nalua.in\/notas\/wp-content\/uploads\/2023\/02\/almanaque.jpg\" alt=\"\" width=\"1200\" height=\"300\" srcset=\"https:\/\/nalua.in\/notas\/wp-content\/uploads\/2023\/02\/almanaque.jpg 1200w, https:\/\/nalua.in\/notas\/wp-content\/uploads\/2023\/02\/almanaque-300x75.jpg 300w, https:\/\/nalua.in\/notas\/wp-content\/uploads\/2023\/02\/almanaque-1024x256.jpg 1024w, https:\/\/nalua.in\/notas\/wp-content\/uploads\/2023\/02\/almanaque-768x192.jpg 768w\" sizes=\"auto, (max-width: 1200px) 100vw, 1200px\" \/><\/p>\n<p style=\"text-align: center;\"><strong>Belo Horizonte, 28 de maio de 2023<\/strong><\/p>\n<p style=\"text-align: center;\"><strong><span class=\"fe5nidar khvhiq1o r5qsrrlp i5tg98hk f9ovudaz przvwfww gx1rr48f gfz4du6o r7fjleex nz2484kf svot0ezm dcnh1tix sxl192xd t3g6t33p\"><span class=\"mpj7bzys xzlurrtv\">\ud83c\udf24\ufe0f<\/span><\/span>\u00a015\u00b0 \u2013 26\u00b0<\/strong><\/p>\n<hr \/>\n<p style=\"text-align: justify;\">Um dia depois do anivers\u00e1rio do meu amado. Meu dia de anos. <strong>28 de maio de 585 a.C.<\/strong> foi o dia do tradicional eclipse previsto por <span style=\"text-decoration: underline;\">Tales de Mileto<\/span>. \u00c9 o dia considerado como o da funda\u00e7\u00e3o da Filosofia Ocidental. Dia Internacional de Luta pela Sa\u00fade da Mulher e Dia Nacional de Redu\u00e7\u00e3o da Mortalidade Materna. Neste dia, em <strong>1871<\/strong> terminou a <span style=\"text-decoration: underline;\">Comuna de Paris<\/span> com 147 dos seus dirigentes fuzilados no muro do Cemit\u00e9rio do P\u00e8re-Lachaise. Em <strong>1779<\/strong> nascia <span style=\"text-decoration: underline;\">Thomas Moore<\/span>, em <strong>1908<\/strong> <span style=\"text-decoration: underline;\">Ian Fleming<\/span>, em <strong>1921<\/strong> <span style=\"text-decoration: underline;\">Celso Luft<\/span>. Em <strong>1923 <\/strong>chegava <span style=\"text-decoration: underline;\">Jos\u00e9 Craveirinha<\/span>, o <em>poeta maior<\/em> de Mo\u00e7ambique, em <strong>1931<\/strong> <span style=\"text-decoration: underline;\">Waldir Silva<\/span>, outro poeta incompar\u00e1vel. Em <strong>1942<\/strong> veio ao mundo <span style=\"text-decoration: underline;\">Cecil Thire<\/span>. <span style=\"text-decoration: underline;\">Jo\u00e3o do Pulo<\/span> (<strong>1954<\/strong>) nasceu e morreu neste mesmo dia, <em>quase<\/em>. E em <strong>1972<\/strong>, exatamente um ano depois de mim, chegou a bel\u00edssima <span style=\"text-decoration: underline;\">Chiara Mastroiani<\/span>. Em <strong>1849, <\/strong>neste dia, nos deixou a maravilhosa <span style=\"text-decoration: underline;\">Anne Bront\u00eb.<\/span><\/p>\n<hr \/>\n<p style=\"text-align: center;\"><i>Para<\/i><em>, meu cora\u00e7\u00e3o!<\/em><br \/>\n<em>N\u00e3o penses! Deixa o pensar na cabe\u00e7a!<\/em><br \/>\n<em>\u00d3 meu Deus, meu Deus, meu Deus!<\/em><br \/>\n<em>Hoje j\u00e1 n\u00e3o fa\u00e7o anos.<\/em><br \/>\n<em>Duro.<\/em><br \/>\n<em>Somam-se-me dias.<\/em><br \/>\n<em>Serei velho quando o for.<\/em><br \/>\n<em>Mais nada.<\/em><br \/>\n<em>Raiva de n\u00e3o ter trazido o passado roubado na algibeira!&#8230;<\/em><br \/>\n<em>O tempo em que festejavam o dia dos meus anos!&#8230;<\/em><br \/>\n\u2663<\/p>\n<p style=\"text-align: center;\"><strong>\u00c1lvaro de Campos<\/strong><\/p>\n<p style=\"text-align: right;\"><span style=\"font-size: 10pt;\"><strong>Fernando Pessoa &#8211; Poesia Completa de \u00c1lvaro de Campos &#8211; Cia. Das Letras<\/strong><\/span><\/p>\n<hr \/>\n<h3><img loading=\"lazy\" decoding=\"async\" class=\" wp-image-631 aligncenter\" src=\"https:\/\/nalua.in\/notas\/wp-content\/uploads\/2023\/05\/4c-Malvados-13-11-26-alegria.jpg\" alt=\"\" width=\"630\" height=\"200\" srcset=\"https:\/\/nalua.in\/notas\/wp-content\/uploads\/2023\/05\/4c-Malvados-13-11-26-alegria.jpg 800w, https:\/\/nalua.in\/notas\/wp-content\/uploads\/2023\/05\/4c-Malvados-13-11-26-alegria-300x95.jpg 300w, https:\/\/nalua.in\/notas\/wp-content\/uploads\/2023\/05\/4c-Malvados-13-11-26-alegria-768x244.jpg 768w, https:\/\/nalua.in\/notas\/wp-content\/uploads\/2023\/05\/4c-Malvados-13-11-26-alegria-150x48.jpg 150w\" sizes=\"auto, (max-width: 630px) 100vw, 630px\" \/><\/h3>\n<hr \/>\n<h3 style=\"text-align: center;\"><strong>Autobiografia<\/strong><\/h3>\n<p style=\"text-align: justify;\"><em>\u201cNasci a primeira vez em 28 de Maio de 1922. Isto num domingo. Chamaram-me Sontinho, diminutivo de Sonto. Isto por parte da minha m\u00e3e, claro. Por parte do meu pai, fiquei Jos\u00e9. Aonde? Na Av. Do Zihlahla, entre o Alto Ma\u00e9 e como quem vai para o Xipamanine. Bairros de quem? Bairros de pobres. <\/em><\/p>\n<p style=\"text-align: justify;\"><em>Nasci a segunda vez quando me fizeram descobrir que era mulato\u2026 A seguir, fui nascendo \u00e0 medida das circunst\u00e2ncias impostas pelos outros. Quando o meu pai foi de vez, tive outro pai: seu irm\u00e3o. E a partir de cada nascimento, eu tinha a felicidade de ver um problema a menos e um dilema a mais. Por isso, muito cedo, a terra natal em termos de P\u00e1tria e de op\u00e7\u00e3o. <\/em><\/p>\n<p style=\"text-align: justify;\"><em>Quando a minha m\u00e3e foi de vez, outra m\u00e3e: Mo\u00e7ambique. A op\u00e7\u00e3o por causa do meu pai branco e da minha m\u00e3e preta. <\/em><\/p>\n<p style=\"text-align: justify;\"><em>Nasci ainda outra vez no jornal O Brado Africano. No mesmo em que tamb\u00e9m nasceram Rui de Noronha e No\u00e9mia de Sousa. Muito desporto marcou-me o corpo e o esp\u00edrito. Esfor\u00e7o, competi\u00e7\u00e3o, vit\u00f3ria e derrota, sacrif\u00edcio at\u00e9 \u00e0 exaust\u00e3o. Temperado por tudo isso. Talvez por causa do meu pai, mais agn\u00f3stico do que ateu. Talvez por causa do meu pai, encontrando no Amor a sublima\u00e7\u00e3o de tudo. Mesmo da P\u00e1tria. Ou antes: principalmente da P\u00e1tria. Por parte de minha m\u00e3e, s\u00f3 resigna\u00e7\u00e3o. Uma luta incessante comigo pr\u00f3prio. Autodidacta. <\/em><\/p>\n<p style=\"text-align: justify;\"><em>Minha grande aventura: ser pai. Depois, eu casado. Mas casado quando quis. E como quis. Escrever poemas, o meu ref\u00fagio, o meu Pa\u00eds tamb\u00e9m. Uma necessidade angustiosa e urgente de ser cidad\u00e3o desse Pa\u00eds, muitas vezes, altas horas a noite.\u201d\u00a0<\/em><\/p>\n<p style=\"text-align: right;\"><span style=\"font-size: 10pt;\"><strong>Entrevista de Jos\u00e9 Craveirinha em <em>Antologia da nova poesia Mo\u00e7ambicana<\/em>\u00a0<\/strong><\/span><\/p>\n<hr \/>\n<h3 style=\"text-align: center;\"><strong>Em 1949, aos 16 anos, escrevia Sus<\/strong><strong>an Sontag em seu di\u00e1rio:<\/strong><\/h3>\n<p style=\"text-align: justify;\"><em>28\/05\/49<\/em><\/p>\n<p style=\"text-align: justify;\"><em>FUI ACEITA EM CHICAGO COM UMA BOLSA DE 765 D\u00d3LARES<\/em><\/p>\n<p style=\"text-align: justify;\"><em>A abriu o Tin Angel na noite passada e Harriet me convidou para ir l\u00e1. At\u00e9 eu ficar embriagada, achei tudo muito deprimente \u2014 Harriet ficou logo alta e passou a noite toda histericamente gentil com todas as mulheres com quem tinha dormido no ano passado (e que agora ela detestava): todas pareciam ter se reunido l\u00e1&#8230; A antiga namorada de Mary tamb\u00e9m estava, com um ar muito chateado&#8230; B e A ficaram muito embriagados, \u00e9 claro, e quebraram uma janela&#8230; Posso imaginar o que devem estar falando nesta manh\u00e3!&#8230; depois de um milh\u00e3o de outras pessoas, Harriet ficou me acariciando, o que, para dizer de modo suave, foi muito divertido&#8230; A\u00ed apareceu um pentelho (Harriet ficou berrando para o sal\u00e3o inteiro: \u201cEla tem s\u00f3 dezesseis \u2014 n\u00e3o \u00e9 legal? E eu sou a primeira amante dela\u201d), que quis me \u201csalvar\u201d&#8230; Harriet me empurrou para cima dele (\u201cV\u00e1 ter um pouco de experi\u00eancia heterossexual, Sue\u201d) e antes que eu percebesse, n\u00f3s est\u00e1vamos dan\u00e7ando, nos acariciando&#8230; [Na margem, ss anota: \u201cTim Young\u201d.] Ele me disse uma coisa muito bonita que, eu acho, era sincera, mas quando me perguntou se eu acreditava em Deus, eu devia ter cuspido nos olhos dele&#8230; Mas n\u00e3o fiz nada disso, azar, dei para ele o meu telefone \u2014 era o \u00fanico jeito de ele me deixar em paz \u2014 e voltei para a frente [do bar].\u00a0<\/em><\/p>\n<p><em>[Numa p\u00e1gina em branco no meio deste relato, ss escreve: \u201cLer Moll Flanders\u201d.]<\/em><\/p>\n<p style=\"text-align: right;\"><span style=\"font-size: 10pt;\"><strong>Susan Sontag &#8211; Di\u00e1rios (1947-1963) &#8211; Cia das Letras<\/strong><\/span><\/p>\n<hr \/>\n<p><img loading=\"lazy\" decoding=\"async\" class=\" wp-image-590 aligncenter\" src=\"https:\/\/nalua.in\/notas\/wp-content\/uploads\/2023\/05\/52fc1b7b3923f9c7a2d739eec4aaea5b.jpg\" alt=\"\" width=\"641\" height=\"218\" srcset=\"https:\/\/nalua.in\/notas\/wp-content\/uploads\/2023\/05\/52fc1b7b3923f9c7a2d739eec4aaea5b.jpg 791w, https:\/\/nalua.in\/notas\/wp-content\/uploads\/2023\/05\/52fc1b7b3923f9c7a2d739eec4aaea5b-300x102.jpg 300w, https:\/\/nalua.in\/notas\/wp-content\/uploads\/2023\/05\/52fc1b7b3923f9c7a2d739eec4aaea5b-768x261.jpg 768w, https:\/\/nalua.in\/notas\/wp-content\/uploads\/2023\/05\/52fc1b7b3923f9c7a2d739eec4aaea5b-150x51.jpg 150w\" sizes=\"auto, (max-width: 641px) 100vw, 641px\" \/><\/p>\n<hr \/>\n<h2 style=\"text-align: center;\">Or\u00e1culo da Semana<\/h2>\n<h3 style=\"text-align: center;\">O Rei de Copas<\/h3>\n<p style=\"text-align: justify;\">Eu n\u00e3o queria tirar uma carta para esse 28 de maio. \u00c9 meu anivers\u00e1rio e a vibra\u00e7\u00e3o do que sa\u00edsse poderia ecoar por todo ano. Relutei bastante, e quando tirei n\u00e3o achei legal. Mas algum tempo passou e eu comecei a ver que sim, a mensagem da carta caberia num anivers\u00e1rio. E ainda bem, \u00e9 uma carta de copas, o que quase sempre \u00e9 alvissareiro. A\u00ed resolvi acolher logo esse bonito Rei de Copas. Essa carta nos apresenta um rei com bastante controle emocional, com muita maturidade. Ainda n\u00e3o chega a ser uma sabedoria plena, mas \u00e9 uma maturidade consider\u00e1vel. E \u00e9 disso que ele vai falar.<\/p>\n<p style=\"text-align: justify;\">Mas o quer de n\u00f3s o Rei de Copas? Como podemos refletir sobre a <strong>maturidade emocional<\/strong> que ele representa? Uma resposta poss\u00edvel seria atrav\u00e9s do <strong>autoconhecimento<\/strong>, do <strong>amor-pr\u00f3prio<\/strong> e da <strong>empatia<\/strong>. O Rei de Cora\u00e7\u00f5es sabe bem sobre os seus sentimentos e os sentimentos dos outros. Ele sabe o que o motiva, o que o alegra, o que o entristece, o que o irrita. Ele n\u00e3o nega suas emo\u00e7\u00f5es, mas as aceita e as expressa de forma saud\u00e1vel. O rei de copas sabe, como diz Alain de Bottom que:<\/p>\n<blockquote>\n<p style=\"text-align: justify;\">\u201ca pessoa emocionalmente inteligente sabe que s\u00f3 ser\u00e1 mentalmente saud\u00e1vel em algumas \u00e1reas e em alguns momentos, mas est\u00e1 empenhada em compreender suas inadequa\u00e7\u00f5es e alertar os outros a tempo, com desculpas e charme.\u201d<\/p>\n<\/blockquote>\n<p style=\"text-align: justify;\">Para desenvolver o autoconhecimento, precisamos nos observar com <strong>honestidade<\/strong> e <strong>curiosidade<\/strong>. \u00c9 sempre tempo de nos perguntarmos: <strong>O que eu sinto? Por que eu sinto isso? Como eu posso lidar com isso?<\/strong> Precisamos sobretudo sermos compassivos a nosso respeito. Acho que no meu dia de anos esse conselho soa muito bem, pois esse arcano se ama e se respeita. Ele n\u00e3o se compara nem se inferioriza, sabe o que tem de \u00fanico e especial, e valoriza qualidades e talentos. Ele tamb\u00e9m cuida bem de si mesmo, da sua integridade f\u00edsica, mental e espiritual. Para desenvolver o <strong>amor-pr\u00f3prio<\/strong>, precisamos nos tratar com <strong>carinho<\/strong> e <strong>gentileza<\/strong>, como tratar\u00edamos um amigo querido. Precisamos nos <strong>elogiar<\/strong>, nos <strong>perdoar<\/strong>, nos <strong>gratificar<\/strong>, nos <strong>honrar, <\/strong>pelo menos algumas vezes. Mas em momento algum isso significa auto indulg\u00eancia, ou um sentimento de auto import\u00e2ncia exagerado.<\/p>\n<p style=\"text-align: justify;\">O Rei de Copas tamb\u00e9m sabe <strong>se colocar no lugar dos outros<\/strong>. Ele entende e respeita os sentimentos alheios, mesmo que sejam diferentes dos seus. Ele <strong>acolhe<\/strong> e <strong>apoia<\/strong>, ele sabe se comunicar sem agredir nem se submeter. Ele expressa as suas opini\u00f5es e necessidades com <strong>firmeza<\/strong> e <strong>delicadeza<\/strong>, e escuta as dos outros com aten\u00e7\u00e3o e interesse. Esse \u00e9 um tema <strong>muito, muito clich\u00ea<\/strong>, que enche v\u00e1rias p\u00e1ginas de autoajuda. Mas nem por isso \u00e9 falso. E eu acho que ele n\u00e3o envelhece, e talvez seja por isso que ele apareceu no meu anivers\u00e1rio. E por mais que me desagrade escrever sobre ele, alguma li\u00e7\u00e3o boa ter\u00e1 que aparecer desse arcano.<\/p>\n<p style=\"text-align: justify;\">O Rei de Copas incita a pensar sobre a maturidade emocional, que \u00e9 base para uma vida harmoniosa. Ele nos mostra que podemos ser <strong>sens\u00edveis e fortes<\/strong> ao mesmo tempo, que podemos ser <strong>gentis e firmes, amorosos e s\u00e1bios<\/strong>. Ele ensina que as emo\u00e7\u00f5es tamb\u00e9m s\u00e3o fonte de <strong>riqueza<\/strong> e <strong>beleza<\/strong>.<\/p>\n<p style=\"text-align: justify;\">Em tempos como os nossos, que n\u00e3o ajudam em nada a sa\u00fade mental, talvez seja sim um assunto relevante, pois estamos todos meio <strong>enlouquecidos<\/strong>, <strong>descontrolados<\/strong> e cercados de pessoas na mesma condi\u00e7\u00e3o. Nesta semana vamos s\u00f3 pensar um pouco sobre isso, olhar para vida e tentar enxergar o quanto esse <strong>mundo louco<\/strong>, essa <strong>vida em sociedade<\/strong> que muitas vezes n\u00e3o faz sentido nenhum, est\u00e3o <strong>prejudicando<\/strong> nossa\u00a0 sanidade e nosso caminho rumo a um estado de mais equil\u00edbrio.<\/p>\n<p style=\"text-align: justify;\">Maturidade n\u00e3o \u00e9 algo que venha de repente, que possamos for\u00e7ar nem nada disso, sabemos todos desta obviedade. Como disse o fil\u00f3sofo David Whyte:<\/p>\n<blockquote>\n<p style=\"text-align: justify;\">&#8220;A maturidade n\u00e3o \u00e9 um ponto de chegada est\u00e1tico, onde a vida \u00e9 vista de um o\u00e1sis de sabedoria calmo e intocado, mas uma fronteira elementar viva entre o que aconteceu, o que est\u00e1 acontecendo agora e as consequ\u00eancias desse passado e presente; primeiro imaginado e depois vivido no futuro que espera&#8221;.<\/p>\n<\/blockquote>\n<p style=\"text-align: justify;\">E eu penso que maturidade tamb\u00e9m depende muito das nossas condi\u00e7\u00f5es materiais. Talvez seja mais f\u00e1cil amadurecer numa <a href=\"https:\/\/pib.socioambiental.org\/pt\/Povo:Zo%27%C3%A9\" target=\"_blank\" rel=\"noopener\">aldeia Zo&#8217;\u00e9<\/a> do que na periferia de Belo Horizonte. Mas por ora vamos apenas pensar sobre o <strong>nosso pr\u00f3prio caminho de amadurecimento<\/strong> e o que fazemos e faremos para amadurecer, ou se queremos isso mesmo, talvez esse caminho de maturidade n\u00e3o seja o nosso \u00af\\_(\u30c4)_\/\u00af. Talvez <strong>n\u00e3o seja<\/strong> interessante sermos curados. Somente refletir sobre isso <strong>\u00e9 o bastante<\/strong> como tarefa.<\/p>\n<p style=\"text-align: justify;\">O Rei de Copas est\u00e1 anunciando <strong>outras coisas boas e concretas<\/strong> na semana. Vai trazer \u00f3timas not\u00edcias (\u00e9 a miss\u00e3o do naipe de copas, quase sempre anunciar boas novas), vai dar bons conselhos e talvez trazer a companhia ou interven\u00e7\u00e3o de uma <strong>pessoa s\u00e1bia<\/strong>. Com a prote\u00e7\u00e3o do Rei de Copas podemos ficar mais livres para essas reflex\u00f5es menos pr\u00e1ticas \ud83d\ude0a.<\/p>\n<p style=\"text-align: justify;\">Enquanto isso, um beijo,<em> seja legal mano velho<\/em>.<\/p>\n<p>Boa semana.<\/p>\n<table style=\"width: 100%; border-collapse: collapse; background-color: #9bf2ee;\">\n<tbody>\n<tr>\n<td style=\"width: 100%;\"><img loading=\"lazy\" decoding=\"async\" class=\"size-full wp-image-595 aligncenter\" src=\"https:\/\/nalua.in\/notas\/wp-content\/uploads\/2023\/05\/reidecopasp.jpg\" alt=\"\" width=\"350\" height=\"610\" srcset=\"https:\/\/nalua.in\/notas\/wp-content\/uploads\/2023\/05\/reidecopasp.jpg 350w, https:\/\/nalua.in\/notas\/wp-content\/uploads\/2023\/05\/reidecopasp-172x300.jpg 172w, https:\/\/nalua.in\/notas\/wp-content\/uploads\/2023\/05\/reidecopasp-150x261.jpg 150w\" sizes=\"auto, (max-width: 350px) 100vw, 350px\" \/><\/p>\n<p>&nbsp;<\/td>\n<\/tr>\n<\/tbody>\n<\/table>\n<p style=\"text-align: justify;\">O Rei de Copas \u00e9 a figura m\u00e1xima do naipe de copas e representa a <strong>autoridade<\/strong>, a <strong>sabedoria<\/strong> e o <strong>amor<\/strong>. Ele \u00e9 geralmente retratado como um homem maduro, com uma express\u00e3o serena e um ar de <strong>compaix\u00e3o<\/strong>. Ele usa uma coroa e est\u00e1 sentado em um trono, rodeado por \u00e1gua e vegeta\u00e7\u00e3o exuberante. A \u00e1gua que cerca o rei de copas simboliza as emo\u00e7\u00f5es e a intui\u00e7\u00e3o. O rei de copas \u00e9 conhecido por ser um l\u00edder <strong>compassivo<\/strong> e <strong>amoroso<\/strong>, que governa com o cora\u00e7\u00e3o em vez da cabe\u00e7a. Ele \u00e9 um mestre em lidar com as emo\u00e7\u00f5es e sabe como ajudar os outros a lidar com seus pr\u00f3prios sentimentos.<\/p>\n<p style=\"text-align: justify;\">Quando o Rei de Copas aparece em uma leitura de tar\u00f4, ele pode indicar que voc\u00ea precisa <strong>seguir seu cora\u00e7\u00e3o e confiar em sua intui\u00e7\u00e3o<\/strong>. Ele pode estar lhe dizendo para<strong> ser mais compassivo<\/strong> consigo mesmo e com os outros, ou para <strong>buscar ajuda emocional<\/strong> se necess\u00e1rio. O <em>Rei de Corazones<\/em> tamb\u00e9m pode representar um <strong>mentor ou uma figura paterna amorosa em sua vida<\/strong>. Ele pode estar lhe dizendo para procurar aconselhamento ou orienta\u00e7\u00e3o de algu\u00e9m que voc\u00ea respeita e admira. No entanto, o Rei de Copas tamb\u00e9m tem um lado negativo. Ele pode ser excessivamente <strong>emocional<\/strong> e <strong>sens\u00edvel<\/strong>, ou pode ser <strong>manipulador<\/strong> e <strong>controlador<\/strong>. Se voc\u00ea est\u00e1 lidando com algu\u00e9m que se encaixa nesse perfil, essa carta pode estar lhe dizendo para <strong>tomar cuidado<\/strong> e <strong>estabelecer limites<\/strong> saud\u00e1veis. O arcano representa a autoridade, a sabedoria e o amor, mas tamb\u00e9m pede para que exercitemos nosso <strong>autocontrole<\/strong>. Se voc\u00ea est\u00e1 enfrentando desafios emocionais ou precisa de orienta\u00e7\u00e3o em sua vida, o Rei de Copas pode ser uma fonte valiosa de inspira\u00e7\u00e3o e orienta\u00e7\u00e3o. <strong>Siga seu cora\u00e7\u00e3o e confie em sua intui\u00e7\u00e3o<\/strong>.<\/p>\n<hr \/>\n<h2 style=\"text-align: center;\">Para ler enquanto a grama cresce<\/h2>\n<p style=\"text-align: justify;\"><em>Tenho certeza de que j\u00e1 lhe disseram que este \u00e9 o melhor momento da sua vida. Talvez seja. Mas se realmente este \u00e9 o melhor momento da sua vida, se voc\u00ea j\u00e1 viveu ou est\u00e1 vivendo agora, nesta idade, os melhores anos, ou se os pr\u00f3ximos se mostrarem os melhores, ent\u00e3o voc\u00ea tem as minhas condol\u00eancias. Porque voc\u00ea vai querer permanecer aqui, preso nesses chamados melhores anos, sem amadurecer, desejando apenas parecer, sentir e ser o adolescente ao qual ind\u00fastrias inteiras est\u00e3o se dedicando a for\u00e7\u00e1-lo ser.<\/em><br \/>\n<em>Mais uma pe\u00e7a incr\u00edvel de roupa, mais um <\/em>gadget <em>elaborado, a \u00faltima dieta realmente perfeita, a droga inofensiva mas necess\u00e1ria, a cirurgia eletiva definitiva, o cosm\u00e9tico milagroso &#8211; tudo projetado para manter a passividade. Enquanto as crian\u00e7as s\u00e3o erotizadas para se tornarem adultos, os adultos s\u00e3o <\/em>exotizados <em>para serem sempre jovens. Eu sei que mesmo disfar\u00e7ada, a felicidade \u00e9 o verdadeiro alvo de seus esfor\u00e7os, de suas escolhas amorosas, da profiss\u00e3o que voc\u00ea vai escolher. Voc\u00ea merece e quero que voc\u00ea a alcance, todos deveriam conseguir. Mas se isso \u00e9 tudo o que voc\u00ea est\u00e1 desejando, ent\u00e3o voc\u00ea tem minha compaix\u00e3o, e se estes s\u00e3o realmente os melhores anos da sua vida, eu lamento, porque n\u00e3o h\u00e1 nada mais satisfat\u00f3rio, mais gratificante do que a verdadeira vida adulta, acredite em mim. A vida adulta que est\u00e1 diante de voc\u00ea. O processo de se tornar um adulto n\u00e3o \u00e9 inevit\u00e1vel. \u00c9 uma conquista de beleza \u00e1rdua, de alcance glorioso, da qual as for\u00e7as comerciais e o vazio cultural n\u00e3o deveriam priv\u00e1-lo.<\/em><\/p>\n<p style=\"text-align: right;\"><a href=\"https:\/\/whatrocks.github.io\/commencement-db\/2004-toni-morrison-wellesley-college\/\" target=\"_blank\" rel=\"noopener\"><strong>Toni Morrison &#8211; Discurso de formatura do Wellesley College<\/strong><\/a><\/p>\n<table style=\"width: 100%; border-collapse: collapse; background-color: #f1d3f2;\">\n<tbody>\n<tr>\n<td style=\"width: 100%;\">\n<h2 style=\"text-align: center;\">Ler &amp; Ver &amp; Ouvir no meio do caminho<\/h2>\n<\/td>\n<\/tr>\n<\/tbody>\n<\/table>\n<h3 style=\"text-align: center;\">Livro<\/h3>\n<h4 style=\"text-align: center;\"><img loading=\"lazy\" decoding=\"async\" class=\"wp-image-597 size-medium aligncenter\" src=\"https:\/\/nalua.in\/notas\/wp-content\/uploads\/2023\/05\/ascinzasdeangelap-198x300.jpg\" alt=\"\" width=\"198\" height=\"300\" srcset=\"https:\/\/nalua.in\/notas\/wp-content\/uploads\/2023\/05\/ascinzasdeangelap-198x300.jpg 198w, https:\/\/nalua.in\/notas\/wp-content\/uploads\/2023\/05\/ascinzasdeangelap-150x228.jpg 150w, https:\/\/nalua.in\/notas\/wp-content\/uploads\/2023\/05\/ascinzasdeangelap.jpg 350w\" sizes=\"auto, (max-width: 198px) 100vw, 198px\" \/><\/h4>\n<p style=\"text-align: justify;\"><strong>As Cinzas de \u00c2ngela &#8211; Frank McCourt. <em>Indico esse livro porque \u00e9 uma jornada de amadurecimento muito bonita. Eu li j\u00e1 faz muito tempo, mas achei muito bom. Acho que o caminho do protagonista reflete bem a li\u00e7\u00e3o do Rei de Copas, o que ele pediu nesta semana.<\/em><\/strong><\/p>\n<hr \/>\n<p style=\"text-align: justify;\">O livro <em>As Cinzas de Angela<\/em>, escrito por Frank McCourt, \u00e9 uma obra que retrata a vida de um menino irland\u00eas que cresceu em condi\u00e7\u00f5es extremamente prec\u00e1rias durante a d\u00e9cada de 30. A hist\u00f3ria \u00e9 contada atrav\u00e9s dos olhos de McCourt, que nos leva a uma viagem emocionante pelos seus primeiros anos de vida. O livro come\u00e7a com a chegada da fam\u00edlia McCourt em Nova York, vindos da Irlanda. A fam\u00edlia \u00e9 composta pelo pai, a m\u00e3e e os filhos, incluindo o pequeno Frank. A vida em Nova York n\u00e3o \u00e9 f\u00e1cil, e a fam\u00edlia enfrenta in\u00fameras dificuldades, incluindo falta de dinheiro, fome e doen\u00e7as. Frank \u00e9 um personagem cativante, que nos conquista com sua inoc\u00eancia e sua determina\u00e7\u00e3o em superar as adversidades, mesmo com tanto preconceito e discrimina\u00e7\u00e3o. McCourt nos mostra como a vida dos imigrantes era dif\u00edcil nos Estados Unidos na d\u00e9cada de 30, e como eles eram vistos com desconfian\u00e7a pela sociedade americana. Frank McCourt mostra como a leitura e a escrita foram fundamentais para sua forma\u00e7\u00e3o como pessoa e como escritor. A escrita de McCourt \u00e9 simples, mas ao mesmo tempo po\u00e9tica e envolvente. O autor consegue transmitir com maestria as emo\u00e7\u00f5es e os sentimentos dos personagens, nos fazendo sentir parte da hist\u00f3ria.<\/p>\n<hr \/>\n<h3 style=\"text-align: center;\">M\u00fasica<\/h3>\n<p><img loading=\"lazy\" decoding=\"async\" class=\"aligncenter wp-image-610 size-medium\" src=\"https:\/\/nalua.in\/notas\/wp-content\/uploads\/2023\/05\/waldirsilva-300x300.jpg\" alt=\"\" width=\"300\" height=\"300\" srcset=\"https:\/\/nalua.in\/notas\/wp-content\/uploads\/2023\/05\/waldirsilva-300x300.jpg 300w, https:\/\/nalua.in\/notas\/wp-content\/uploads\/2023\/05\/waldirsilva-150x150.jpg 150w, https:\/\/nalua.in\/notas\/wp-content\/uploads\/2023\/05\/waldirsilva-96x96.jpg 96w, https:\/\/nalua.in\/notas\/wp-content\/uploads\/2023\/05\/waldirsilva.jpg 435w\" sizes=\"auto, (max-width: 300px) 100vw, 300px\" \/><\/p>\n<p><b>Waldir Silva &#8211;<\/b><em><b> Qualquer sele\u00e7\u00e3o, mas pode come\u00e7ar por esse a\u00ed da foto.\u00a0\u00a0Ou\u00e7am porque \u00e9 um dos nossos grandes, e a m\u00fasica \u00e9 uma del\u00edcia, mesmo que soe um pouco antiquada. Mas \u00e9 s\u00f3 impress\u00e3o, nada com esse n\u00edvel de excel\u00eancia envelhece realmente.\u00a0<\/b><\/em><\/p>\n<hr \/>\n<p style=\"text-align: justify;\">Waldir Silva foi um compositor e instrumentista brasileiro, mestre de cavaquinho e autor do choro Telegrama musical. Tocou em diversos bailes por todo o Brasil, acompanhado pelo seu conjunto e lan\u00e7ando seus discos. Uma de suas primeiras composi\u00e7\u00f5es foi Telegrama musical, pela qual recebeu elogios do presidente Juscelino Kubitschek. No ano 2000, participou das comemora\u00e7\u00f5es do 500 anos do Brasil, com apresenta\u00e7\u00e3o em Portugal.<br \/>\nLan\u00e7ou 29 LPs e nove CDS, entre eles Tangos e Boleros, com o qual recebeu o Disco de Ouro da gravadora Movieplay. Em 2010 lan\u00e7ou o CD Os mais belos tangos e boleros. Apresentou-se no Projeto Pizindin &#8211; Choro no Palco, no Conservat\u00f3rio da UFMG, em Belo Horizonte, em grupo formado por Waldir Silva (cavaquinho), Z\u00e9 Carlos (cavaquinho), Mozart Secundino (viol\u00e3o 6 cordas), Carlos Boechat (percuss\u00e3o), Agostinho Paolucci (viol\u00e3o 7 cordas) e L\u00facia Bosco (voz). (Wikipedia)<\/p>\n<hr \/>\n<h3 style=\"text-align: center;\"><strong>Document\u00e1rio<\/strong><\/h3>\n<p style=\"text-align: center;\"><strong><img loading=\"lazy\" decoding=\"async\" class=\"wp-image-599 size-medium aligncenter\" src=\"https:\/\/nalua.in\/notas\/wp-content\/uploads\/2023\/05\/powaqaatsi-210x300.jpg\" alt=\"\" width=\"210\" height=\"300\" srcset=\"https:\/\/nalua.in\/notas\/wp-content\/uploads\/2023\/05\/powaqaatsi-210x300.jpg 210w, https:\/\/nalua.in\/notas\/wp-content\/uploads\/2023\/05\/powaqaatsi-150x214.jpg 150w, https:\/\/nalua.in\/notas\/wp-content\/uploads\/2023\/05\/powaqaatsi.jpg 350w\" sizes=\"auto, (max-width: 210px) 100vw, 210px\" \/><\/strong><\/p>\n<p style=\"text-align: justify;\"><strong> Powaqqatsi &#8211; 1988 &#8211; Godfrey Reggio &#8211;\u00a0<em>Pensei neste document\u00e1rio, pois maturidade pressup\u00f5e tempo e tempo \u00e9 transforma\u00e7\u00e3o. E esse bel\u00edssimo document\u00e1rio mostra isso. Esse document\u00e1rio, juntamente com os outro dois que formam uma trilogia s\u00e3o sensacionais, todo mundo deveria assistir.\u00a0<\/em><\/strong><\/p>\n<hr \/>\n<p style=\"text-align: justify;\"><em>Powaqqatsi &#8211; A Vida Em Transforma\u00e7\u00e3o<\/em> \u00e9 um filme de 1988 dirigido por Godfrey Reggio, que faz parte da trilogia Qatsi, que tamb\u00e9m inclui Koyaanisqatsi e Naqoyqatsi. O filme \u00e9 uma explora\u00e7\u00e3o po\u00e9tica e visual da vida moderna e da tecnologia, e como elas afetam a vida humana e o mundo natural. As do filme imagens s\u00e3o acompanhadas por uma trilha sonora hipn\u00f3tica de Philip Glass, que se tornou uma marca registrada da trilogia Qatsi. \u00c0 medida que o filme avan\u00e7a, ele se concentra cada vez mais na tforma como o mundo est\u00e1 se transformando. Vemos imagens de f\u00e1bricas automatizadas, cidades altamente desenvolvidas e arranha-c\u00e9us imponentes. O filme tamb\u00e9m explora a rela\u00e7\u00e3o entre a tecnologia e a natureza, mostrando imagens de paisagens naturais contrastadas com as estruturas artificiais criadas pelo homem.<\/p>\n<p style=\"text-align: justify;\">Uma das coisas mais impressionantes sobre Powaqqatsi \u00e9 a forma como ele usa a cinematografia para criar uma experi\u00eancia visualmente deslumbrante. As imagens s\u00e3o muitas vezes filmadas em c\u00e2mera lenta, o que permite ao espectador apreciar cada detalhe e movimento. O uso de cores vibrantes e contrastes dram\u00e1ticos tamb\u00e9m ajuda a criar uma sensa\u00e7\u00e3o de beleza e intensidade.\u00a0Al\u00e9m da cinematografia, a trilha sonora de Philip Glass \u00e9 outro destaque do filme. A m\u00fasica \u00e9 complexa e hipn\u00f3tica, muitas vezes repetindo o mesmo padr\u00e3o musical por longos per\u00edodos de tempo. Embora possa parecer mon\u00f3tono em alguns momentos, a m\u00fasica ajuda a criar uma sensa\u00e7\u00e3o de medita\u00e7\u00e3o e contempla\u00e7\u00e3o, o que \u00e9 adequado para o tema do filme.\u00a0Em \u00faltima an\u00e1lise, Powaqqatsi \u00e9 um filme que desafia as expectativas do que um document\u00e1rio pode ser. Ele n\u00e3o tem di\u00e1logo ou narra\u00e7\u00e3o, mas ainda assim consegue transmitir uma mensagem poderosa sobre a vida moderna e a tecnologia. \u00c9 um filme que exige paci\u00eancia e aten\u00e7\u00e3o do espectador, mas aqueles que se entregam \u00e0 experi\u00eancia ser\u00e3o recompensados com uma jornada visualmente deslumbrante e profundamente contemplativa.<\/p>\n<hr \/>\n<h3 style=\"text-align: center;\">Filme<\/h3>\n<p><img loading=\"lazy\" decoding=\"async\" class=\"wp-image-604 size-medium aligncenter\" src=\"https:\/\/nalua.in\/notas\/wp-content\/uploads\/2023\/05\/mib-209x300.jpg\" alt=\"\" width=\"209\" height=\"300\" srcset=\"https:\/\/nalua.in\/notas\/wp-content\/uploads\/2023\/05\/mib-209x300.jpg 209w, https:\/\/nalua.in\/notas\/wp-content\/uploads\/2023\/05\/mib-150x216.jpg 150w, https:\/\/nalua.in\/notas\/wp-content\/uploads\/2023\/05\/mib.jpg 356w\" sizes=\"auto, (max-width: 209px) 100vw, 209px\" \/><\/p>\n<p style=\"text-align: justify;\"><strong>MIB &#8211; Homens de Preto &#8211; 1987 &#8211;\u00a0Barry Sonnenfeld. <em>Esse filme \u00e9 indica\u00e7\u00e3o do @tariqmusashi, eu anda n\u00e3o vi (verguenza!). Ele diz que \u00e9 um filme que trata do caminho rumo \u00e0 maturidade do personagem J. Nas palavras dele: J (personagem do Will Smith) \u00e9 muito imaturo, principalmente sobre os alien\u00edgenas, chegando, no come\u00e7o do filme a n\u00e3o acreditar que eles existem, mas com o passar do filme e dos acontecimentos ele percebe, com ajuda de seu parceiro, mais experiente, K (personagem do Tommy Lee Jones), que precisa encarar a vida de uma forma mais s\u00e9ria, e que a realidade do mundo n\u00e3o \u00e9 a que ele pensava.\u00a0<\/em><\/strong><\/p>\n<hr \/>\n<p style=\"text-align: justify;\"><em>MIB &#8211; Homens de Preto<\/em> \u00e9 um filme de fic\u00e7\u00e3o cient\u00edfica e com\u00e9dia lan\u00e7ado em 1997, dirigido por Barry Sonnenfeld e estrelado por Will Smith e Tommy Lee Jones. O filme conta a hist\u00f3ria de uma organiza\u00e7\u00e3o secreta que monitora e regula a atividade alien\u00edgena na Terra, e de dois agentes que precisam impedir uma invas\u00e3o intergal\u00e1ctica. O filme \u00e9 baseado em uma s\u00e9rie de quadrinhos de mesmo nome criada por Lowell Cunningham, mas tem v\u00e1rias diferen\u00e7as em rela\u00e7\u00e3o \u00e0 obra original. Por exemplo, no filme os agentes usam ternos pretos e \u00f3culos escuros, enquanto nos quadrinhos eles usam roupas coloridas e variadas. Al\u00e9m disso, o filme tem um tom mais leve e humor\u00edstico, enquanto os quadrinhos s\u00e3o mais sombrios e violentos.<\/p>\n<p style=\"text-align: justify;\">O filme foi um sucesso de cr\u00edtica e p\u00fablico, recebendo elogios pela qu\u00edmica entre os protagonistas, pelos efeitos especiais e pela trilha sonora. Tamb\u00e9m foi indicado a tr\u00eas Oscars, vencendo na categoria de melhor maquiagem. O filme gerou duas sequ\u00eancias, Homens de Preto II (2002) e Homens de Preto III (2012), al\u00e9m de um spin-off, MIB: Homens de Preto &#8211; Internacional (2019).\u00a0 Homens de Preto \u00e9 um filme divertido e criativo, que mistura elementos de fic\u00e7\u00e3o cient\u00edfica e com\u00e9dia com muita efici\u00eancia. O filme fala tamb\u00e9m sobre diversidade e da toler\u00e2ncia, mostrando que nem todos os alien\u00edgenas s\u00e3o perigosos ou mal-intencionados, e que alguns at\u00e9 se adaptam \u00e0 vida humana. O filme tamb\u00e9m faz uma cr\u00edtica \u00e0 burocracia e ao controle excessivo do governo, mostrando que os agentes da MIB t\u00eam que apagar a mem\u00f3ria das pessoas que testemunham eventos sobrenaturais.<\/p>\n<hr \/>\n<h3 style=\"text-align: center;\">S\u00e9rie<\/h3>\n<p><img loading=\"lazy\" decoding=\"async\" class=\"wp-image-605 size-medium aligncenter\" src=\"https:\/\/nalua.in\/notas\/wp-content\/uploads\/2023\/05\/okupasp-200x300.jpg\" alt=\"\" width=\"200\" height=\"300\" srcset=\"https:\/\/nalua.in\/notas\/wp-content\/uploads\/2023\/05\/okupasp-200x300.jpg 200w, https:\/\/nalua.in\/notas\/wp-content\/uploads\/2023\/05\/okupasp-150x225.jpg 150w, https:\/\/nalua.in\/notas\/wp-content\/uploads\/2023\/05\/okupasp.jpg 350w\" sizes=\"auto, (max-width: 200px) 100vw, 200px\" \/><\/p>\n<p style=\"text-align: justify;\"><strong>Okupas &#8211; 2000 &#8211; Bruno Stagnaro, Esther Feldman. <em>Indico essa s\u00e9rie deliciosa, peculiar, super bem feita. Eu adorei, me surpreendeu muito, eu esperava outra coisa bem diferente. Ouvi falar dela num livro que eu estava lendo, o Aqui Am\u00e9rica Latina, da Josefina Ludmer e fiquei super curiosa. Depois apareceu dispon\u00edvel nos servi\u00e7os de <\/em>streaming <em>e eu fui ver. Adorei. Foi filmada em 2000 mas \u00e9 t\u00e3o atual que parece que foi feita ontem. Recomendo demais, \u00e9 uma das minhas s\u00e9ries preferidas da vida. Ela tamb\u00e9m tem tudo a ver com o tema da maturidade, dos jovens virando adultos, amadurecendo ou n\u00e3o.\u00a0<\/em><\/strong><\/p>\n<hr \/>\n<p style=\"text-align: justify;\"><em>Okupas<\/em> \u00e9 uma s\u00e9rie de TV argentina que foi exibida originalmente em 2000 e que retrata a vida de quatro jovens que ocupam uma casa abandonada em Buenos Aires. A s\u00e9rie \u00e9 considerada um cl\u00e1ssico da televis\u00e3o argentina e uma obra-prima do g\u00eanero drama urbano. Acompanha as aventuras e desventuras de Ricardo (Rodrigo de la Serna), um rapaz que acaba de perder o pai e que decide se mudar para uma casa vazia que pertencia a um parente distante. L\u00e1, ele conhece Walter (Diego Alonso), um amigo de inf\u00e2ncia que trabalha como mec\u00e2nico; El Pollo (Ariel Staltari), um jovem viciado em drogas que vive fugindo de seus problemas; e Chiqui (Franco Tirri), um adolescente rebelde que sonha em ser m\u00fasico. Os quatro formam uma esp\u00e9cie de fam\u00edlia improvisada e enfrentam juntos as dificuldades da vida na periferia da cidade, como a viol\u00eancia, a pobreza, o desemprego, o amor e a amizade. A s\u00e9rie mostra com realismo e sensibilidade as ang\u00fastias e esperan\u00e7as de uma gera\u00e7\u00e3o que busca seu lugar no mundo.<\/p>\n<p style=\"text-align: justify;\">Okupas \u00e9 uma s\u00e9rie que se destaca pela qualidade do roteiro, da dire\u00e7\u00e3o, da fotografia e das atua\u00e7\u00f5es. Foi escrita e dirigida por Bruno Stagnaro e\u00a0 conta com a participa\u00e7\u00e3o especial de atores renomados como Ricardo Dar\u00edn, Gast\u00f3n Pauls e Leticia Br\u00e9dice. A s\u00e9rie foi premiada com v\u00e1rios reconhecimentos, como o Mart\u00edn Fierro de Oro, o pr\u00eamio mais importante da televis\u00e3o argentina, e o pr\u00eamio Clar\u00edn de melhor s\u00e9rie de tv. A s\u00e9rie tamb\u00e9m foi exibida em v\u00e1rios pa\u00edses da Am\u00e9rica Latina e da Europa, recebendo elogios da cr\u00edtica e do p\u00fablico.<\/p>\n<hr \/>\n<h3 style=\"text-align: center;\"><img loading=\"lazy\" decoding=\"async\" class=\"alignleft wp-image-625 \" src=\"https:\/\/nalua.in\/notas\/wp-content\/uploads\/2023\/05\/elpp-297x300.jpg\" alt=\"\" width=\"254\" height=\"257\" srcset=\"https:\/\/nalua.in\/notas\/wp-content\/uploads\/2023\/05\/elpp-297x300.jpg 297w, https:\/\/nalua.in\/notas\/wp-content\/uploads\/2023\/05\/elpp-96x96.jpg 96w, https:\/\/nalua.in\/notas\/wp-content\/uploads\/2023\/05\/elpp-150x151.jpg 150w, https:\/\/nalua.in\/notas\/wp-content\/uploads\/2023\/05\/elpp.jpg 350w\" sizes=\"auto, (max-width: 254px) 100vw, 254px\" \/>Radio Rel\u00f3gio<\/h3>\n<div class=\"xdj266r x11i5rnm xat24cr x1mh8g0r x1vvkbs x126k92a\">\n<ul>\n<li dir=\"auto\" style=\"text-align: justify;\">Em 28 de Maio de 1971, junto com meu nascimento, os Bee Gees lan\u00e7avam &#8220;How Can You Mend a Broken Heart&#8221;. Foi a primeira m\u00fasica da banda a alcan\u00e7ar o primeiro lugar nas paradas dos Estados Unidos.<\/li>\n<li dir=\"auto\" style=\"text-align: justify;\">A m\u00fasica mais tocada neste dia, nos Estados Unidos era Sugar Brown, dos Rolling Stones. Era uma sexta feira, o signo era g\u00eameos e viv\u00edamos em uma ditadura.<\/li>\n<\/ul>\n<\/div>\n<hr \/>\n<table style=\"width: 100%; border-collapse: collapse; background-color: #f2dbbf;\">\n<tbody>\n<tr>\n<td style=\"width: 100%;\">\n<h4 style=\"text-align: center;\"><span style=\"font-size: 14pt;\">Maturidade<\/span><\/h4>\n<p style=\"text-align: center;\">O Sr. e a Sra. Amadeu<br \/>\nParticipam a V. Exa.<br \/>\nO feliz nascimento<br \/>\nDe sua filha<br \/>\nGilberta.<\/p>\n<p style=\"text-align: center;\"><span style=\"font-size: 12pt;\"><strong>Oswald de Andrade<\/strong><\/span><\/p>\n<p style=\"text-align: right;\"><span style=\"font-size: 10pt;\"><strong>Primeiro caderno do alumno de poesia &#8211; Oswald de Andrade &#8211; Cia das Letras<\/strong><\/span><\/p>\n<\/td>\n<\/tr>\n<\/tbody>\n<\/table>\n<p style=\"text-align: center;\"><span style=\"font-size: 10pt;\">28 de maio \u00e9 o 148.\u00ba dia do ano no calend\u00e1rio gregoriano (149.\u00ba em anos bissextos). Faltam 217 dias para acabar o ano.\u00a0<\/span><\/p>\n<hr \/>\n<p style=\"text-align: center;\"><strong>Post com a colabora\u00e7\u00e3o de <a href=\"http:\/\/instagram.com\/tariq_kawakami\" target=\"_blank\" rel=\"noopener\">@tariqmusashi<\/a> e <a href=\"http:\/\/instagram.com\/laismeralda\" target=\"_blank\" rel=\"noopener\">@laismeralda<\/a><\/strong><\/p>\n<hr \/>\n<table style=\"width: 100%; border-collapse: collapse; background-color: #b7ebe4;\">\n<tbody>\n<tr>\n<td style=\"width: 100%;\">\n<p style=\"text-align: center;\"><em>&#8220;A juventude \u00e9 uma conquista da maturidade.&#8221;<\/em><\/p>\n<p style=\"text-align: center;\"><strong><span style=\"font-size: 10pt;\">Jean Cocteau<\/span><\/strong><\/p>\n<\/td>\n<\/tr>\n<\/tbody>\n<\/table>\n<p style=\"text-align: justify;\"><em>Se voc\u00ea leu at\u00e9 aqui, obrigada! Esse \u00e9 o meu almanaque particular. Um peda\u00e7o do meu di\u00e1rio, da minha arca de refer\u00eancias, um registro de pequenas efem\u00e9rides, de coisas que quero guardar, do tempo, do vento, do c\u00e9u e do cheiro da chuva. Os Vest\u00edgios do Dia, meus dias.<\/em><\/p>\n<table style=\"width: 100%; border-collapse: collapse; background-color: #edc2ce;\">\n<tbody>\n<tr>\n<td style=\"width: 100%; text-align: center;\"><span style=\"font-size: 10pt;\">\u00a9 Nalua \u2013 Caderninho pessoal, bauzinho de trapos coloridos, nos morros de Minas Gerais. Outono, bem friozinho, gra\u00e7as aos c\u00e9us.<\/span><\/td>\n<\/tr>\n<\/tbody>\n<\/table>\n","protected":false},"excerpt":{"rendered":"<p>eu quero que o tapete voe Belo Horizonte, 28 de maio de 2023 \ud83c\udf24\ufe0f\u00a015\u00b0 \u2013 26\u00b0 Um dia depois do anivers\u00e1rio do meu amado. Meu [&#8230;]<\/p>\n","protected":false},"author":1,"featured_media":0,"comment_status":"open","ping_status":"open","sticky":false,"template":"","format":"standard","meta":{"footnotes":""},"categories":[9,13,10,5,12],"tags":[],"class_list":["post-589","post","type-post","status-publish","format-standard","hentry","category-almanaque","category-carta-semanal","category-jardim","category-newsletter","category-oraculo"],"_links":{"self":[{"href":"https:\/\/nalua.in\/notas\/wp-json\/wp\/v2\/posts\/589","targetHints":{"allow":["GET"]}}],"collection":[{"href":"https:\/\/nalua.in\/notas\/wp-json\/wp\/v2\/posts"}],"about":[{"href":"https:\/\/nalua.in\/notas\/wp-json\/wp\/v2\/types\/post"}],"author":[{"embeddable":true,"href":"https:\/\/nalua.in\/notas\/wp-json\/wp\/v2\/users\/1"}],"replies":[{"embeddable":true,"href":"https:\/\/nalua.in\/notas\/wp-json\/wp\/v2\/comments?post=589"}],"version-history":[{"count":32,"href":"https:\/\/nalua.in\/notas\/wp-json\/wp\/v2\/posts\/589\/revisions"}],"predecessor-version":[{"id":633,"href":"https:\/\/nalua.in\/notas\/wp-json\/wp\/v2\/posts\/589\/revisions\/633"}],"wp:attachment":[{"href":"https:\/\/nalua.in\/notas\/wp-json\/wp\/v2\/media?parent=589"}],"wp:term":[{"taxonomy":"category","embeddable":true,"href":"https:\/\/nalua.in\/notas\/wp-json\/wp\/v2\/categories?post=589"},{"taxonomy":"post_tag","embeddable":true,"href":"https:\/\/nalua.in\/notas\/wp-json\/wp\/v2\/tags?post=589"}],"curies":[{"name":"wp","href":"https:\/\/api.w.org\/{rel}","templated":true}]}}