{"id":551,"date":"2023-05-20T23:41:42","date_gmt":"2023-05-20T23:41:42","guid":{"rendered":"https:\/\/nalua.in\/notas\/?p=551"},"modified":"2023-05-21T03:52:33","modified_gmt":"2023-05-21T03:52:33","slug":"pedra-sonhando-com-britadeiras","status":"publish","type":"post","link":"https:\/\/nalua.in\/notas\/pedra-sonhando-com-britadeiras\/","title":{"rendered":""},"content":{"rendered":"<p style=\"text-align: center;\"><a href=\"https:\/\/telegra.ph\/Noite-Severina-05-20\" target=\"_blank\" rel=\"noopener\"><span style=\"font-size: 8pt;\">pedra sonhando com britadeiras<\/span><\/a><br \/>\n<img loading=\"lazy\" decoding=\"async\" class=\"size-full wp-image-157 aligncenter\" src=\"https:\/\/nalua.in\/notas\/wp-content\/uploads\/2023\/02\/almanaque.jpg\" alt=\"\" width=\"1200\" height=\"300\" srcset=\"https:\/\/nalua.in\/notas\/wp-content\/uploads\/2023\/02\/almanaque.jpg 1200w, https:\/\/nalua.in\/notas\/wp-content\/uploads\/2023\/02\/almanaque-300x75.jpg 300w, https:\/\/nalua.in\/notas\/wp-content\/uploads\/2023\/02\/almanaque-1024x256.jpg 1024w, https:\/\/nalua.in\/notas\/wp-content\/uploads\/2023\/02\/almanaque-768x192.jpg 768w\" sizes=\"auto, (max-width: 1200px) 100vw, 1200px\" \/><\/p>\n<p style=\"text-align: center;\"><span style=\"font-size: 8pt;\">para ler ouvindo<\/span><\/p>\n<audio class=\"wp-audio-shortcode\" id=\"audio-551-1\" preload=\"none\" style=\"width: 100%;\" controls=\"controls\"><source type=\"audio\/mpeg\" src=\"https:\/\/nalua.in\/notas\/wp-content\/uploads\/2023\/05\/noiteseverina.mp3?_=1\" \/><a href=\"https:\/\/nalua.in\/notas\/wp-content\/uploads\/2023\/05\/noiteseverina.mp3\">https:\/\/nalua.in\/notas\/wp-content\/uploads\/2023\/05\/noiteseverina.mp3<\/a><\/audio>\n<p style=\"text-align: center;\"><strong>Belo Horizonte,\u00a021 de maio de 2023<\/strong><\/p>\n<p style=\"text-align: center;\"><strong>\u263c\u00a014\u00b0 \u2013 21\u00b0<\/strong><\/p>\n<hr \/>\n<p style=\"text-align: justify;\">V\u00e9spera do anivers\u00e1rio do <span style=\"text-decoration: underline;\">meu irm\u00e3o<\/span>, que jamais vai ler este almanaque. \u00c0s <strong>04h09 de 21 de maio de 2023<\/strong>, o Sol entra no signo de <span style=\"text-decoration: underline;\">G\u00eameos<\/span>. Dia Mundial da <span style=\"text-decoration: underline;\">Diversidade Cultural<\/span>. Dia da <span style=\"text-decoration: underline;\">L\u00edngua Nacional<\/span>, do <span style=\"text-decoration: underline;\">Afilhado<\/span> e do <span style=\"text-decoration: underline;\">Profissional de Letras<\/span>. Em <strong>1932<\/strong> <span style=\"text-decoration: underline;\">Amelia Earhart<\/span> \u00e9 for\u00e7ada a pousar em um pasto na Irlanda do Norte, tornando-se a primeira mulher a voar sozinha pelo Oceano Atl\u00e2ntico. Em <strong>2001<\/strong> \u00e9 promulgada a lei francesa <span style=\"text-decoration: underline;\">Taubira<\/span>, reconhecendo oficialmente o tr\u00e1fico atl\u00e2ntico de escravos e a escravid\u00e3o como crimes contra a humanidade. Em <strong>1933<\/strong> nascia a poeta <span style=\"text-decoration: underline;\">Olga Savary<\/span>, por quem <span style=\"text-decoration: underline;\">Carlos Drummond<\/span> era desesperadamente apaixonado (e eu tamb\u00e9m). Em <strong>1949<\/strong> nasce <span style=\"text-decoration: underline;\">Hermes Aquino<\/span>. Em <strong>1960<\/strong> era melhor que <span style=\"text-decoration: underline;\">Jeffrey Dahmer<\/span> n\u00e3o tivesse nascido. Em <strong>1962<\/strong> <span style=\"text-decoration: underline;\">Frejat<\/span> chegou a essa doideira de mundo, em <strong>1974<\/strong> o mundo ficou mais bonito com a vinda de <span style=\"text-decoration: underline;\">Maria Fernanda C\u00e2ndido<\/span>. Certamente muitas pessoas importantes morreram num <strong>21 de maio<\/strong>, mas eu n\u00e3o sei de ningu\u00e9m. <strong>Maio<\/strong> j\u00e1 me trouxe desde sempre muitos sustos, fiquemos por aqui.<\/p>\n<hr \/>\n<p style=\"text-align: center;\"><strong>Mapa de esperan\u00e7a<\/strong><\/p>\n<p style=\"text-align: center;\"><em>Vinha pisando sobre toda a praia,<\/em><br \/>\n<em>o sangue quieto \u2014 ou quase quieto \u2014,<\/em><br \/>\n<em>os pensamentos leves como espumas<\/em><br \/>\n<em>e os cabelos soltos como nuvens.<\/em><\/p>\n<p style=\"text-align: center;\"><em>Tr\u00e1gica como princesa de elegia,<\/em><br \/>\n<em>meu estandarte \u00e9 o desespero,<\/em><br \/>\n<em>minha bandeira, indecis\u00e3o.<\/em><\/p>\n<p style=\"text-align: center;\"><em>Ainda assim, alegria, te festejo.<\/em><br \/>\n\u2665\ufe0f<br \/>\n<strong>Olga Savary<\/strong><\/p>\n<hr \/>\n<p style=\"text-align: center;\"><strong>Em 21 de maio de 1984 Al Berto registrou em seu di\u00e1rio:<\/strong><\/p>\n<p>Quebro os dias na consist\u00eancia fr\u00e1gil dos espelhos<br \/>\nnada se me revela no estilha\u00e7o de aus\u00eancia<br \/>\ndentro de sonho nenhum encontro esconderijo<br \/>\nposso olhar-te daqui e \u00e9 tudo<br \/>\no que acontece no entardecer da idade<br \/>\nacreditar na perenidade da desola\u00e7\u00e3o<br \/>\n*<br \/>\nEst\u00e1 tudo t\u00e3o sossegado. De noite<br \/>\nsopra, h\u00e1 dois dias, um vento leve, frio,<br \/>\ninquietante, cont\u00ednuo.<br \/>\nflores abrem.<br \/>\nNingu\u00e9m<br \/>\nme veio visitar, ningu\u00e9m me telefonou.<br \/>\nOlho horas a fio as p\u00e9talas brancas das<br \/>\nflores agitarem-me imperceptivelmente.<br \/>\nEst\u00e1 tudo t\u00e3o sossegado, que ir\u00e1 acontecer?<\/p>\n<p style=\"text-align: right;\"><strong>Al Berto \u2013 Di\u00e1rios \u2013 Ed. Ass\u00edrio &amp; Alvim<\/strong><\/p>\n<hr \/>\n<h2 style=\"text-align: center;\">Or\u00e1culo da Semana<\/h2>\n<p style=\"text-align: justify;\">Alguns estudiosos dizem que o Tar\u00f4 \u00e9 o <strong>Livro da Vida<\/strong>, ou o <strong>Livro do Mundo<\/strong>. Que em suas 78 cartas estariam guardados <strong>todos os aspectos da vida<\/strong>. Tudo que \u00e9 humano estaria ali. Assim, cada carta teria em si um rol quase infinito de assuntos. N\u00e3o seriam assuntos aleat\u00f3rios, claro, cada carta tem seu <strong>esp\u00edrito<\/strong>, sua <strong>alma<\/strong>. E a carta que saiu \u00e9 uma destas que tem um esp\u00edrito definido, mas abriga assuntos diversos. Acontece que o or\u00e1culo soprou essa semana o assunto espec\u00edfico do <strong>sonho<\/strong>. Da <strong>fantasia<\/strong>, do <strong>devaneio<\/strong>. As cartas querem falar sobre sonhar acordado, sobre inventar realidades, sobre as hist\u00f3rias que contamos a n\u00f3s mesmos.<\/p>\n<p style=\"text-align: justify;\">O psicanalista Juan D. Nasio define assim a fantasia:<\/p>\n<blockquote>\n<p style=\"text-align: justify;\"><em>\u00c9 um pequeno romance de bolso que carregamos sempre conosco e que podemos abrir em qualquer lugar sem que ningu\u00e9m veja nada nele, no trem, no caf\u00e9 e o mais frequentemente em situa\u00e7\u00f5es \u00edntimas. Acontece \u00e0s vezes de essa f\u00e1bula interior tornar-se onipresente no nosso esp\u00edrito e, sem nos darmos conta, interferir entre n\u00f3s e nossa realidade imediata. Conclu\u00edmos ent\u00e3o que muita gente vive, ama, sofre e morre sem saber que um v\u00e9u sempre deformou a realidade dos seus la\u00e7os afetivos. <\/em>(J. D. Nasio &#8211; A Fantasia)<\/p>\n<\/blockquote>\n<p style=\"text-align: justify;\">Todos n\u00f3s temos fantasias, v\u00e1rias fantasias, em geral derivadas de uma fantasia primordial. E como uma das coisas que nos definem como humanos \u00e9 a nossa capacidade de contar hist\u00f3rias, obviamente contar\u00edamos a nos mesmos nossas pr\u00f3prias hist\u00f3rias particulares. <strong>Contamos essas hist\u00f3rias todos os dias<\/strong>. Somos <strong>narradores de n\u00f3s mesmos<\/strong>. Tudo \u00e9 poss\u00edvel suportar com uma narrativa, j\u00e1 disse algu\u00e9m bem mais s\u00e1bio por a\u00ed. A fantasia do Sete de Copas entra neste ponto, que \u00e0s vezes \u00e9 cego como uma porta. Aquelas anedotas que nos contamos intimamente, em que somos <strong>protagonistas<\/strong>, mesmo que n\u00e3o sejamos <strong>her\u00f3is<\/strong>. Este arcano quer falar sobre a <strong>fantasia<\/strong>. E n\u00e3o do ponto de vista psicanal\u00edtico, ou filos\u00f3fico, mas do <strong>senso comum<\/strong> mesmo, que \u00e9 de onde parte o tar\u00f4.<\/p>\n<p style=\"text-align: justify;\">Neste sentido n\u00e3o \u00e9 sempre que a fantasia \u00e9 ruim. <strong>Fantasiar ajuda a suportar o dia<\/strong>. Sonhar acordado nos ajuda a <strong>aumentar o mundo<\/strong>, \u00e9 tamb\u00e9m parte do que nos faz humanos. \u00c9 o que cria quase toda arte. Por isso, nesta semana, o Sete de Cora\u00e7\u00f5es <strong>n\u00e3o<\/strong> vai pedir para que desistamos de nossos devaneios. N\u00e3o vai pedir para que separemos a fantasia da realidade, n\u00e3o vai pedir para que equilibremos fantasia e realidade. Essa semana \u00e9 tempo de <strong>liberarmos<\/strong> o sonho dos dias, das tardes frias perto do p\u00f4r do sol.<\/p>\n<p style=\"text-align: justify;\">Ao inv\u00e9s de ver a fantasia como um mal, como aquilo que nos afasta do nosso centro, de alguma ess\u00eancia <strong>esquisita<\/strong> e <em>imut\u00e1vel<\/em> de n\u00f3s mesmos, vamos s\u00f3 <strong>aumentar nosso mundo<\/strong> por meio de devaneios, como ensinava Manoel de Barros, <strong>expandindo<\/strong> nossos horizontes. Vivemos uma <strong>crise de imagina\u00e7\u00e3o coletiva<\/strong> e precisamos come\u00e7ar de algum lugar a resolver essa parada. O Sete de Copas traz uma oportunidade para exercitar a imagina\u00e7\u00e3o. Uma sociedade de pessoas imaginativas, sonhadoras s\u00f3 n\u00e3o agrada aos fascistas e autorit\u00e1rios. Sonhar pode fazer a <strong>revolu\u00e7\u00e3o<\/strong>, heim? Quem sabe. N\u00e3o custa sonhar (<strong>risos<\/strong>).<\/p>\n<p style=\"text-align: justify;\">Sei que alguns de voc\u00eas podem achar que n\u00e3o t\u00eam imagina\u00e7\u00e3o suficiente, que n\u00e3o sabem devanear nem sonhar acordado, ou que n\u00e3o t\u00eam tempo para isso, mas n\u00e3o \u00e9 verdade, <strong>todos nascemos sabendo sonhar<\/strong>. Se no fim dessa semana sonhante voc\u00ea puder identificar o enredo de alguma fantasia sua, ganhamos todos n\u00f3s, autoconhecimento \u00e9 ouro e o mundo fica mais bacana de se viver quando mais pessoas se conhecem.<\/p>\n<p style=\"text-align: justify;\">\u00c9 tanto sonhar hoje que s\u00f3 temos um or\u00e1culo. Sonhar dispensa companhia.<\/p>\n<p style=\"text-align: justify;\"><em>A lua cheia convida para um longo beijo<\/em> queridos. Boa semana.<\/p>\n<table style=\"width: 100%; border-collapse: collapse; background-color: #cda5d9;\">\n<tbody>\n<tr>\n<td style=\"width: 100%;\">\n<p style=\"text-align: center;\"><img loading=\"lazy\" decoding=\"async\" class=\"size-full wp-image-555 aligncenter\" src=\"https:\/\/nalua.in\/notas\/wp-content\/uploads\/2023\/05\/7decopasp.jpg\" alt=\"\" width=\"350\" height=\"621\" srcset=\"https:\/\/nalua.in\/notas\/wp-content\/uploads\/2023\/05\/7decopasp.jpg 350w, https:\/\/nalua.in\/notas\/wp-content\/uploads\/2023\/05\/7decopasp-169x300.jpg 169w, https:\/\/nalua.in\/notas\/wp-content\/uploads\/2023\/05\/7decopasp-150x266.jpg 150w\" sizes=\"auto, (max-width: 350px) 100vw, 350px\" \/><\/p>\n<p style=\"text-align: center;\"><span class=\"fe5nidar khvhiq1o r5qsrrlp i5tg98hk f9ovudaz przvwfww gx1rr48f gfz4du6o r7fjleex nz2484kf svot0ezm dcnh1tix sxl192xd t3g6t33p\"><span class=\"mpj7bzys xzlurrtv\">\u2665\ufe0f<\/span><\/span><\/p>\n<\/td>\n<\/tr>\n<\/tbody>\n<\/table>\n<hr \/>\n<p style=\"text-align: justify;\">A carta de tar\u00f4 Sete de Copas \u00e9 conhecida por representar sonhos, desejos e ilus\u00f5es, e \u00e9 muitas vezes interpretada como um aviso para n\u00e3o se deixar levar por fantasias e ilus\u00f5es.\u00a0A imagem na l\u00e2mina mostra sete ta\u00e7as flutuando em uma nuvem, cada uma delas contendo um objeto diferente. Estes objetos podem variar de uma coroa ou um castelo a uma serpente ou uma caveira. Esta variedade de objetos \u00e9 o que torna a carta t\u00e3o intrigante, pois cada um deles pode ter um significado diferente.<\/p>\n<p style=\"text-align: justify;\">O Sete de Copas \u00e9 frequentemente associado a sonhos e desejos, e \u00e9 muitas vezes interpretado como um aviso para n\u00e3o se deixar levar por fantasias e ilus\u00f5es. \u00c9 f\u00e1cil se perder em sonhos e desejos, mas nem sempre eles s\u00e3o realistas ou alcan\u00e7\u00e1veis. \u00c9 importante lembrar que a vida real \u00e9 muito diferente dos nossos sonhos. Por outro lado, a carta tamb\u00e9m pode ser vista como um convite para explorar a nossa imagina\u00e7\u00e3o e criatividade. \u00c0s vezes, sonhar com coisas imposs\u00edveis pode nos ajudar a encontrar solu\u00e7\u00f5es para problemas dif\u00edceis ou a descobrir novas possibilidades em nossas vidas. O Sete de Copas tamb\u00e9m pode ser interpretado como um aviso para n\u00e3o se deixar levar por ilus\u00f5es e enganos. \u00c0s vezes, as coisas n\u00e3o s\u00e3o o que parecem e \u00e9 importante estar atento aos sinais que nos cercam. Nem tudo o que brilha \u00e9 ouro, e nem todas as oportunidades s\u00e3o boas para n\u00f3s. Mas esque\u00e7a tudo isso e v\u00e1 dan\u00e7ar na chuva.<\/p>\n<hr \/>\n<h2 style=\"text-align: center;\">Texto para ler se o sono n\u00e3o chegar<\/h2>\n<p style=\"text-align: justify;\"><em>Daqui onde estou posso ouvi-lo pensando da lucidez de um instante \u00e0 opacidade de infinitos dias, posso ouvi-lo pensando nas diversas formas de loucura e suic\u00eddio. A loucura da Busca, essa feita de c\u00edrculos conc\u00eantricos e nunca chegando ao centro, a ilus\u00e3o encarnada ofuscante de encontrar e compreender. A loucura da recusa, de um dizer tudo bem, estamos aqui e isto n\u00e3o basta, recusamo-nos a compreender. A loucura da paix\u00e3o, o desordenado aparentando ser luz na carne, o caos sabendo \u00e0 del\u00edcia, a idiotia simulando afinidades. A loucura do trabalho e do possuir. A loucura do aprofundar-se depois olhar \u00e0 volta e ver o mundo mergulhado em matan\u00e7a e vaidade, estar absolutamente sozinho no mais profundo. Am\u00f3s est\u00e1? Daqui onde estou posso ouvi-lo pensando como devo matar-me? Ou como devo matar em mim as diversas formas de loucura e ser ao mesmo tempo compassivo e l\u00facido, criativo e paciente, e sobreviver?<\/em><\/p>\n<p style=\"text-align: center;\">\u2663<\/p>\n<p style=\"text-align: center;\"><strong>Hilda Hilst &#8211; Uma Superf\u00edcie de Gelo Ancorada no Riso <\/strong><span style=\"font-size: 8pt;\">(tem nome mais interessante que este?)<\/span><\/p>\n<table style=\"width: 100%; border-collapse: collapse; background-color: #f5dfcb;\">\n<tbody>\n<tr>\n<td style=\"width: 100%;\">\n<h2 style=\"text-align: center;\"><strong>Ler &amp; Ouvir &amp; Assistir de manh\u00e3<\/strong><\/h2>\n<\/td>\n<\/tr>\n<\/tbody>\n<\/table>\n<h3>Livro<\/h3>\n<p style=\"text-align: justify;\"><img loading=\"lazy\" decoding=\"async\" class=\"wp-image-559 size-medium alignleft\" src=\"https:\/\/nalua.in\/notas\/wp-content\/uploads\/2023\/05\/cronicapassarodecordap-193x300.jpg\" alt=\"\" width=\"193\" height=\"300\" srcset=\"https:\/\/nalua.in\/notas\/wp-content\/uploads\/2023\/05\/cronicapassarodecordap-193x300.jpg 193w, https:\/\/nalua.in\/notas\/wp-content\/uploads\/2023\/05\/cronicapassarodecordap-150x233.jpg 150w, https:\/\/nalua.in\/notas\/wp-content\/uploads\/2023\/05\/cronicapassarodecordap.jpg 350w\" sizes=\"auto, (max-width: 193px) 100vw, 193px\" \/><\/p>\n<p style=\"text-align: justify;\"><strong>Cr\u00f4nica do P\u00e1ssaro de corda &#8211; Haruki Murakami\u00a0<\/strong><\/p>\n<p style=\"text-align: justify;\"><em><strong>Murakami \u00e9 um autor que cria climas on\u00edricos deliciosos em seus livros. Cr\u00f4nica do p\u00e1ssaro de corda \u00e9 um livro em que esse clima de sonho est\u00e1 presente durante toda a leitura. Eu indico um pouco para ir contra a cr\u00edtica da &#8220;alta literatura&#8221;, que n\u00e3o gosta muito desse autor. Eu adoro. Acho encantador esse clima de sonhos que ele cria, adoro as hist\u00f3rias, adoro a delicadeza. Eu indico esse porque \u00e9 meu preferido, mas tem outros livros mais curtos dele que se encaixam tamb\u00e9m nessa categoria.\u00a0<\/strong><\/em><\/p>\n<hr \/>\n<p style=\"text-align: justify;\"><em>Cr\u00f4nica do P\u00e1ssaro de Corda<\/em>, do escritor japon\u00eas Haruki Murakami, \u00e9 uma mistura de realismo m\u00e1gico, romance, suspense e filosofia, que conta a hist\u00f3ria de Toru Okada, um homem comum que v\u00ea sua vida mudar drasticamente quando sua esposa desaparece sem deixar rastros.\u00a0O livro \u00e9 dividido em tr\u00eas partes, cada uma com um t\u00edtulo diferente: O Vento Subterr\u00e2neo, O P\u00e1ssaro de Corda e O P\u00e1ssaro que Vira o Mundo de Cabe\u00e7a para Baixo. Cada parte tem um clima e um ritmo pr\u00f3prios, mas todas est\u00e3o interligadas por uma s\u00e9rie de personagens misteriosos e acontecimentos estranhos que envolvem sonhos, po\u00e7os, gatos, prostitutas, pol\u00edticos, soldados e, claro, o p\u00e1ssaro de corda do t\u00edtulo. \u00c9 uma del\u00edcia nesse livro foi a forma como o autor cria uma atmosfera envolvente e surreal, que nos faz questionar a realidade e o sentido da vida. O livro \u00e9 cheio de simbolismos e refer\u00eancias culturais, que v\u00e3o da m\u00fasica cl\u00e1ssica ao cinema italiano. O estilo de escrita de Murakami \u00e9 simples e flu\u00eddo, mas ao mesmo tempo profundo e po\u00e9tico. Ele consegue criar personagens complexos e carism\u00e1ticos, que nos fazem sentir empatia e curiosidade por suas hist\u00f3rias. A hist\u00f3ria tem muitas camadas e subtramas que exigem aten\u00e7\u00e3o e reflex\u00e3o.<\/p>\n<hr \/>\n<h3><img loading=\"lazy\" decoding=\"async\" class=\"alignright wp-image-556 size-medium\" src=\"https:\/\/nalua.in\/notas\/wp-content\/uploads\/2023\/05\/sodezporcento-203x300.jpg\" alt=\"\" width=\"203\" height=\"300\" srcset=\"https:\/\/nalua.in\/notas\/wp-content\/uploads\/2023\/05\/sodezporcento-203x300.jpg 203w, https:\/\/nalua.in\/notas\/wp-content\/uploads\/2023\/05\/sodezporcento-150x222.jpg 150w, https:\/\/nalua.in\/notas\/wp-content\/uploads\/2023\/05\/sodezporcento.jpg 362w\" sizes=\"auto, (max-width: 203px) 100vw, 203px\" \/>Document\u00e1rio<\/h3>\n<p><strong>S\u00f3 Dez Por cento \u00e9 Mentira &#8211; Pedro Cezar &#8211; 2010.\u00a0 <\/strong><\/p>\n<p style=\"text-align: justify;\"><em><strong>Manoel de Barros \u00e9 um poeta que todos n\u00f3s brasileiros dev\u00edamos conhecer e reverenciar. Esse document\u00e1rio \u00e9 uma das coisas mais incr\u00edveis que j\u00e1 vi. \u00c9 daquelas obras que mudam a vida, mudou a minha, de verdade. At\u00e9 hoje ecoa em mim e j\u00e1 vi faz muito, muito tempo. Vejam, revejam, aproveitem, poque \u00e9 uma lindeza sem fim. E leiam a poesia do menino Manoel, que \u00e9 maravilhosa tamb\u00e9m, como ele.<\/strong><\/em><\/p>\n<hr \/>\n<p style=\"text-align: justify;\"><em>S\u00f3 dez por cento \u00e9 mentira<\/em> \u00e9 um document\u00e1rio brasileiro de 2010 que retrata a vida e a obra do poeta Manoel de Barros. Dirigido por Pedro Cezar, o filme combina entrevistas, imagens de arquivo e anima\u00e7\u00f5es para criar um retrato po\u00e9tico e inventivo do autor mato-grossense. O t\u00edtulo do document\u00e1rio faz refer\u00eancia a uma frase de Manoel de Barros, que dizia que s\u00f3 dez por cento do que escrevia era mentira, e o resto era inven\u00e7\u00e3o. O filme explora essa ideia de inven\u00e7\u00e3o como uma forma de resist\u00eancia e de cria\u00e7\u00e3o de uma linguagem pr\u00f3pria, que desafia as conven\u00e7\u00f5es e as normas da l\u00edngua portuguesa.\u00a0O document\u00e1rio \u00e9 dividido em tr\u00eas partes: inf\u00e2ncia, maturidade e velhice. Em cada uma delas, o filme mostra como Manoel de Barros foi influenciado pelo ambiente em que viveu, pela sua fam\u00edlia, pelos seus amigos e pelos seus mestres. O filme tamb\u00e9m destaca alguns dos temas recorrentes na sua obra, como a natureza, os animais, as coisas simples e os seres marginalizados.\u00a0O document\u00e1rio \u00e9 uma homenagem ao poeta, que faleceu em 2014, aos 97 anos. \u00c9 tamb\u00e9m uma forma de divulgar a sua obra para o p\u00fablico mais amplo, que talvez n\u00e3o conhe\u00e7a a sua import\u00e2ncia e a sua originalidade. S\u00f3 dez por cento \u00e9 mentira \u00e9 um filme que celebra a poesia como uma forma de ver o mundo com mais beleza e mais liberdade.<\/p>\n<hr \/>\n<h3><img loading=\"lazy\" decoding=\"async\" class=\"alignleft wp-image-557 size-medium\" src=\"https:\/\/nalua.in\/notas\/wp-content\/uploads\/2023\/05\/chihiro-205x300.jpg\" alt=\"\" width=\"205\" height=\"300\" srcset=\"https:\/\/nalua.in\/notas\/wp-content\/uploads\/2023\/05\/chihiro-205x300.jpg 205w, https:\/\/nalua.in\/notas\/wp-content\/uploads\/2023\/05\/chihiro-150x219.jpg 150w, https:\/\/nalua.in\/notas\/wp-content\/uploads\/2023\/05\/chihiro.jpg 350w\" sizes=\"auto, (max-width: 205px) 100vw, 205px\" \/>Anima\u00e7\u00e3o<\/h3>\n<p style=\"text-align: justify;\"><strong>A Viagem de Chihiro &#8211; Hayao Miyazaki &#8211; 2001. <\/strong><\/p>\n<p style=\"text-align: justify;\"><em><strong>Outra obra que me impactou de um jeito que n\u00e3o sei como explicar. Foi a primeira coisa que vi do Est\u00fadio Ghibli e me apaixonei nos primeiros minutos. \u00c9 completamente on\u00edrico, \u00e9 um grande sonho acordado, \u00e9 lindo demais. N\u00e3o espere entender tudo, \u00e9 um sonho animado, nem tudo faz sentido. Mas \u00e9 um devaneio encantador.<\/strong><\/em><\/p>\n<hr \/>\n<p style=\"text-align: justify;\"><em>A Viagem de Chihiro<\/em> \u00e9 um dos filmes mais ic\u00f4nicos da hist\u00f3ria do cinema japon\u00eas. Dirigido por Hayao Miyazaki, \u00e9 uma obra-prima da anima\u00e7\u00e3o que conquistou milh\u00f5es de pessoas em todo o mundo.\u00a0Lan\u00e7ado em 2001, A Viagem de Chihiro conta a hist\u00f3ria de uma menina de 10 anos chamada Chihiro, que se perde em um mundo m\u00e1gico habitado por esp\u00edritos e seres fant\u00e1sticos. Para salvar seus pais, que foram transformados em porcos, Chihiro precisa trabalhar em uma casa de banhos para esp\u00edritos, onde conhece personagens incr\u00edveis e vive aventuras emocionantes.\u00a0O filme \u00e9 uma obra de arte, que combina elementos do folclore japon\u00eas com uma narrativa envolvente e personagens cativantes. A anima\u00e7\u00e3o \u00e9 impressionante, com uma aten\u00e7\u00e3o aos detalhes que \u00e9 simplesmente incr\u00edvel. Cada cena \u00e9 cuidadosamente desenhada e animada, criando um mundo m\u00e1gico e fascinante que prende a aten\u00e7\u00e3o do espectador do in\u00edcio ao fim.<\/p>\n<p style=\"text-align: justify;\">Mas A Viagem de Chihiro n\u00e3o \u00e9 apenas uma anima\u00e7\u00e3o bonita e bem-feita. O filme \u00e9 tamb\u00e9m uma reflex\u00e3o sobre temas importantes, como a import\u00e2ncia da coragem, da determina\u00e7\u00e3o e da empatia. Chihiro \u00e9 uma hero\u00edna forte e determinada, que n\u00e3o desiste mesmo diante dos maiores desafios. Ela aprende a se adaptar a um mundo desconhecido e a enfrentar seus medos, tornando-se uma pessoa mais corajosa e madura ao longo da hist\u00f3ria.\u00a0Al\u00e9m disso, o filme tamb\u00e9m aborda quest\u00f5es sociais e pol\u00edticas importantes, como a degrada\u00e7\u00e3o ambiental e a explora\u00e7\u00e3o do trabalho infantil. A casa de banhos para esp\u00edritos onde Chihiro trabalha \u00e9 uma representa\u00e7\u00e3o do mundo moderno, onde as pessoas s\u00e3o exploradas e a natureza \u00e9 destru\u00edda em nome do lucro. O filme mostra como a gan\u00e2ncia e a falta de empatia podem levar a consequ\u00eancias terr\u00edveis, e como \u00e9 importante lutar contra essas injusti\u00e7as.<\/p>\n<hr \/>\n<h3><img loading=\"lazy\" decoding=\"async\" class=\"alignright wp-image-558 size-medium\" src=\"https:\/\/nalua.in\/notas\/wp-content\/uploads\/2023\/05\/amelipoulanp-200x300.jpg\" alt=\"\" width=\"200\" height=\"300\" srcset=\"https:\/\/nalua.in\/notas\/wp-content\/uploads\/2023\/05\/amelipoulanp-200x300.jpg 200w, https:\/\/nalua.in\/notas\/wp-content\/uploads\/2023\/05\/amelipoulanp-150x225.jpg 150w, https:\/\/nalua.in\/notas\/wp-content\/uploads\/2023\/05\/amelipoulanp.jpg 350w\" sizes=\"auto, (max-width: 200px) 100vw, 200px\" \/>Filme<\/h3>\n<p><strong>O Fabuloso Destino de Amelie Poulan &#8211; Jean-Pierre Jeunet &#8211; 2001<\/strong><\/p>\n<p style=\"text-align: justify;\"><em><strong>Adoro, adoro. Adorei quando vi. Ser\u00e1 que resistiria ao tempo? (desconfio que n\u00e3o). Mas n\u00e3o sei e n\u00e3o saberei, pois esse \u00e9 um filme que n\u00e3o quero rever, traz com ele muito da minha juventude, da esperan\u00e7a e dos sonhos que eu tinha nos anos 2000. Vejam voc\u00eas e tirem suas pr\u00f3prias conclus\u00f5es e por favor, me contem. Ele \u00e9 on\u00edrico. Muito on\u00edrico, Am\u00e9lie \u00e9 uma grande sonhadora.\u00a0<\/strong><\/em><\/p>\n<p><em><strong>Eu poderia ter sido mais chique e indicado Sonhos, do Akira Kurosawa, que amo e este sim, n\u00e3o canso de rever. Mas acho que a semana pede mais que a gente v\u00e1 passear de lambreta pelas ruas de Paris, e que a gente corra atr\u00e1s de an\u00f5es de jardim.\u00a0<\/strong><\/em><\/p>\n<hr \/>\n<p style=\"text-align: justify;\"><em>O Fabuloso Destino de Am\u00e9lie Poulain<\/em> \u00e9 um filme franc\u00eas de 2001, dirigido por Jean-Pierre Jeunet e estrelado por Audrey Tautou. A hist\u00f3ria segue a vida de Am\u00e9lie, uma jovem sonhadora que decide ajudar as pessoas ao seu redor a encontrar a felicidade. O filme tem uma narrativa encantadora e bonita, bem ao estilo dos anos 10. Am\u00e9lie \u00e9 uma personagem \u00fanica, que vive em seu pr\u00f3prio mundo imagin\u00e1rio e tem uma vis\u00e3o muito particular da vida. \u00d3tima trilha sonora e um elenco excepcional, o filme nos transporta para as ruas de Paris e nos apresenta uma s\u00e9rie de personagens inesquec\u00edveis. Desde o dono da mercearia at\u00e9 o homem que coleciona fotos rasgadas, cada um tem sua pr\u00f3pria hist\u00f3ria e sua pr\u00f3pria busca pela felicidade.\u00a0A interpreta\u00e7\u00e3o de Audrey Tautou como Am\u00e9lie \u00e9 demais. Ela consegue transmitir toda a inoc\u00eancia e alegria de sua personagem. O elenco de apoio tamb\u00e9m \u00e9 excelente, com destaque para Mathieu Kassovitz como Nino Quincampoix, o interesse amoroso de Am\u00e9lie.\u00a0Uma das coisas mais marcantes do filme \u00e9 sua est\u00e9tica visual. Com cores vibrantes e uma fotografia deslumbrante, cada cena \u00e9 um quadro em si mesmo, o que hoje pode estar saturado, mas na \u00e9poca era novo. A dire\u00e7\u00e3o de arte \u00e9 impec\u00e1vel, criando um mundo m\u00e1gico e encantador que faz com que o espectador se sinta parte da hist\u00f3ria.<\/p>\n<hr \/>\n<p style=\"text-align: justify;\"><strong><img loading=\"lazy\" decoding=\"async\" class=\"alignleft wp-image-573 size-medium\" src=\"https:\/\/nalua.in\/notas\/wp-content\/uploads\/2023\/05\/twinpeaksp-200x300.jpg\" alt=\"\" width=\"200\" height=\"300\" srcset=\"https:\/\/nalua.in\/notas\/wp-content\/uploads\/2023\/05\/twinpeaksp-200x300.jpg 200w, https:\/\/nalua.in\/notas\/wp-content\/uploads\/2023\/05\/twinpeaksp-150x225.jpg 150w, https:\/\/nalua.in\/notas\/wp-content\/uploads\/2023\/05\/twinpeaksp.jpg 350w\" sizes=\"auto, (max-width: 200px) 100vw, 200px\" \/>Twin Peaks &#8211; David Lynch &#8211; 1990<\/strong><\/p>\n<p style=\"text-align: justify;\"><em><strong>Indico pois \u00e9 a s\u00e9rie on\u00edtrica por natureza n\u00e9? David Lynch, o mestre os sonhos. Essa s\u00e9rie ic\u00f4nica, inimit\u00e1vel, incompar\u00e1vel. Tamb\u00e9m \u00e9 parte da minha juventude. Fez parte da minha vida n\u00e3o ter entendido nada, mas gostar muito, como se gosta de um sonho longo, assustador e muito estranho. Vejam, deem-se a esse desfrute rs, o de ver uma s\u00e9rie velhusca e esquisita. Tamb\u00e9m n\u00e3o espere entender. Viver ultrapassa, etc. <\/strong><\/em><strong>\ud83d\ude09<\/strong><\/p>\n<hr \/>\n<p style=\"text-align: justify;\">Twin Peaks \u00e9 uma s\u00e9rie de televis\u00e3o americana criada por David Lynch e Mark Frost. A s\u00e9rie estreou em 1990 e durou apenas duas temporadas, mas deixou um legado duradouro na televis\u00e3o e na cultura pop. A s\u00e9rie foi cancelada em 1991, mas retornou em 2017 com uma terceira temporada, que foi muito bem recebida pela cr\u00edtica e pelos f\u00e3s.\u00a0A hist\u00f3ria de Twin Peaks come\u00e7a com a descoberta do corpo da jovem Laura Palmer, uma popular estudante do ensino m\u00e9dio da cidade de Twin Peaks, Washington. O agente do FBI Dale Cooper \u00e9 chamado para investigar o caso e descobre que a cidade esconde muitos segredos obscuros e que muitas pessoas t\u00eam motivos para querer que Laura Palmer esteja morta.\u00a0A s\u00e9rie \u00e9 conhecida por seu estilo surrealista, sua trama complexa e seus personagens exc\u00eantricos. David Lynch, que dirigiu muitos dos epis\u00f3dios, \u00e9 conhecido por seu estilo visualmente impressionante e sua habilidade em criar atmosferas perturbadoras e misteriosas.\u00a0A trilha sonora \u00e9 ic\u00f4nica, composta por Angelo Badalamenti. A m\u00fasica \u00e9 uma parte importante da s\u00e9rie e ajuda a criar a atmosfera \u00fanica de Twin Peaks.<\/p>\n<p style=\"text-align: justify;\">Um dos aspectos mais interessantes de Twin Peaks \u00e9 a forma como a s\u00e9rie lida com a dualidade. A cidade de Twin Peaks \u00e9 retratada como um lugar id\u00edlico, mas tamb\u00e9m esconde muitos segredos sombrios. Os personagens s\u00e3o frequentemente retratados como tendo duas faces, uma p\u00fablica e outra privada. A dualidade \u00e9 um tema recorrente na s\u00e9rie e ajuda a criar uma sensa\u00e7\u00e3o de tens\u00e3o constante.\u00a0Twin Peaks tamb\u00e9m \u00e9 conhecida por sua influ\u00eancia em outras s\u00e9ries de televis\u00e3o. A s\u00e9rie ajudou a popularizar o formato de drama serializado, que se tornou muito popular na d\u00e9cada de 1990. A s\u00e9rie tamb\u00e9m influenciou muitos criadores de televis\u00e3o, incluindo J.J. Abrams, que citou Twin Peaks como uma inspira\u00e7\u00e3o para a cria\u00e7\u00e3o de Lost.<\/p>\n<hr \/>\n<h2 style=\"text-align: center;\">R\u00e1dio Rel\u00f3gio<\/h2>\n<ul>\n<li style=\"text-align: justify;\">O excesso de devaneios pode indicar um transtorno conhecido como &#8220;maldaptive daydreaming&#8221;. Nessa condi\u00e7\u00e3o, a pessoa sonha acordado ou tem devaneios em excesso, negligenciando tarefas di\u00e1rias essenciais e suas necessidades sociais. Pode ser comparado a uma compuls\u00e3o ou v\u00edcio por sonhar acordado.<\/li>\n<li style=\"text-align: justify;\">As pessoas que est\u00e3o tentando parar de fumar t\u00eam sonhos mais longos e intensos.<\/li>\n<li style=\"text-align: justify;\">Crian\u00e7as pequenas n\u00e3o sonham consigo mesmas at\u00e9 os 3 ou 4 anos.<\/li>\n<li style=\"text-align: justify;\">Pessoas n\u00e3o sonham enquanto est\u00e3o roncando.<\/li>\n<\/ul>\n<hr \/>\n<h3 style=\"text-align: center;\">Links<\/h3>\n<p style=\"text-align: center;\"><a href=\"https:\/\/caderno.nalua.in\/remedios-varo\/\" target=\"_blank\" rel=\"noopener\">Um texto que escrevi sobre uma mulher<strong> incrivelmente sonhadora<\/strong>. Uma surrealista, esse povo que pegou o sonhar, torceu e fez uma arte que Nossa Senhora do C\u00e9u!<\/a><\/p>\n<p style=\"text-align: center;\"><a href=\"https:\/\/vidasimples.co\/colunista\/o-bem-e-o-mal-de-sonhar-acordado\/\" target=\"_blank\" rel=\"noopener\">O Bem e o Mal de Sonhar Acordado<\/a><\/p>\n<p style=\"text-align: center;\"><a href=\"https:\/\/revistagalileu.globo.com\/Ciencia\/noticia\/2017\/10\/sonhar-acordado-e-sinal-de-inteligencia-e-criatividade-diz-estudo.html\" target=\"_blank\" rel=\"noopener\">Sonhar Acordado \u00e9 Sinal de Intelig\u00eancia e Criatividade<\/a><\/p>\n<hr \/>\n<p style=\"text-align: center;\"><span style=\"font-size: 10pt;\">21 de maio \u00e9 o 141.\u00ba dia do ano no calend\u00e1rio gregoriano (142.\u00ba em anos bissextos). Faltam 224 dias para acabar o ano.<\/span><\/p>\n<table style=\"width: 100%; border-collapse: collapse; background-color: #b8f5e2;\">\n<tbody>\n<tr>\n<td style=\"width: 100%;\">\n<p style=\"text-align: center;\"><em>&#8220;Sonhar com dinheiro \u00e9 pobreza&#8221;<\/em><\/p>\n<p style=\"text-align: center;\"><strong><span style=\"font-size: 10pt;\">Ditado Popular<\/span><\/strong><\/p>\n<\/td>\n<\/tr>\n<\/tbody>\n<\/table>\n<p style=\"text-align: justify;\"><em>Se voc\u00ea leu at\u00e9 aqui, obrigada! Esse \u00e9 o meu almanaque particular. Um peda\u00e7o do meu di\u00e1rio, da minha arca de refer\u00eancias, um registro de pequenas efem\u00e9rides, de coisas que quero guardar, do tempo, do vento, do c\u00e9u e do cheiro da chuva. Os Vest\u00edgios do Dia, meus dias.<\/em><\/p>\n<table style=\"width: 100%; border-collapse: collapse; background-color: #f0b6d0;\">\n<tbody>\n<tr>\n<td style=\"width: 100%; text-align: center;\"><span style=\"font-size: 10pt;\">\u00a9 Nalua \u2013 Caderninho pessoal, bauzinho de trapos coloridos, nos morros de Minas Gerais. Outono, gra\u00e7as aos c\u00e9us.<\/span><\/td>\n<\/tr>\n<\/tbody>\n<\/table>\n","protected":false},"excerpt":{"rendered":"<p>pedra sonhando com britadeiras para ler ouvindo Belo Horizonte,\u00a021 de maio de 2023 \u263c\u00a014\u00b0 \u2013 21\u00b0 V\u00e9spera do anivers\u00e1rio do meu irm\u00e3o, que jamais vai [&#8230;]<\/p>\n","protected":false},"author":1,"featured_media":0,"comment_status":"open","ping_status":"open","sticky":false,"template":"","format":"standard","meta":{"footnotes":""},"categories":[9,13,10,5,12],"tags":[],"class_list":["post-551","post","type-post","status-publish","format-standard","hentry","category-almanaque","category-carta-semanal","category-jardim","category-newsletter","category-oraculo"],"_links":{"self":[{"href":"https:\/\/nalua.in\/notas\/wp-json\/wp\/v2\/posts\/551","targetHints":{"allow":["GET"]}}],"collection":[{"href":"https:\/\/nalua.in\/notas\/wp-json\/wp\/v2\/posts"}],"about":[{"href":"https:\/\/nalua.in\/notas\/wp-json\/wp\/v2\/types\/post"}],"author":[{"embeddable":true,"href":"https:\/\/nalua.in\/notas\/wp-json\/wp\/v2\/users\/1"}],"replies":[{"embeddable":true,"href":"https:\/\/nalua.in\/notas\/wp-json\/wp\/v2\/comments?post=551"}],"version-history":[{"count":25,"href":"https:\/\/nalua.in\/notas\/wp-json\/wp\/v2\/posts\/551\/revisions"}],"predecessor-version":[{"id":588,"href":"https:\/\/nalua.in\/notas\/wp-json\/wp\/v2\/posts\/551\/revisions\/588"}],"wp:attachment":[{"href":"https:\/\/nalua.in\/notas\/wp-json\/wp\/v2\/media?parent=551"}],"wp:term":[{"taxonomy":"category","embeddable":true,"href":"https:\/\/nalua.in\/notas\/wp-json\/wp\/v2\/categories?post=551"},{"taxonomy":"post_tag","embeddable":true,"href":"https:\/\/nalua.in\/notas\/wp-json\/wp\/v2\/tags?post=551"}],"curies":[{"name":"wp","href":"https:\/\/api.w.org\/{rel}","templated":true}]}}