{"id":499,"date":"2023-05-07T08:25:26","date_gmt":"2023-05-07T08:25:26","guid":{"rendered":"https:\/\/nalua.in\/notas\/?p=499"},"modified":"2023-05-07T08:34:00","modified_gmt":"2023-05-07T08:34:00","slug":"de-endoidecer-gente-sa","status":"publish","type":"post","link":"https:\/\/nalua.in\/notas\/de-endoidecer-gente-sa\/","title":{"rendered":""},"content":{"rendered":"<p style=\"text-align: center;\"><a href=\"https:\/\/telegra.ph\/Mais-uma-vez-05-07\" target=\"_blank\" rel=\"noopener\"><span style=\"font-size: 8pt;\">de endoidecer gente s\u00e3<\/span><\/a><br \/>\n<img loading=\"lazy\" decoding=\"async\" class=\"size-full wp-image-157 aligncenter\" src=\"https:\/\/nalua.in\/notas\/wp-content\/uploads\/2023\/02\/almanaque.jpg\" alt=\"\" width=\"1200\" height=\"300\" srcset=\"https:\/\/nalua.in\/notas\/wp-content\/uploads\/2023\/02\/almanaque.jpg 1200w, https:\/\/nalua.in\/notas\/wp-content\/uploads\/2023\/02\/almanaque-300x75.jpg 300w, https:\/\/nalua.in\/notas\/wp-content\/uploads\/2023\/02\/almanaque-1024x256.jpg 1024w, https:\/\/nalua.in\/notas\/wp-content\/uploads\/2023\/02\/almanaque-768x192.jpg 768w\" sizes=\"auto, (max-width: 1200px) 100vw, 1200px\" \/><\/p>\n<p style=\"text-align: center;\"><strong>Belo Horizonte, 07 de maio de 2023<\/strong><br \/>\n<strong>\u263c 27\u00b0 \u2013 14\u00b0<\/strong><\/p>\n<hr \/>\n<p style=\"text-align: justify;\"><strong>Dia do sil\u00eancio<\/strong>, esse imposs\u00edvel. Neste dia, em <strong>1824<\/strong> Estreia a Nona Sinfonia de Beethoven em Viena, \u00c1ustria. Em <strong>1832,<\/strong> a Gr\u00e9cia se torna independente. Em <strong>1948<\/strong> foi fundada a Via\u00e7\u00e3o Cometa, uma tradicional empresa brasileira de \u00f4nibus rodovi\u00e1rios, que carregou a mim e ao marido por v\u00e1rios meses quando namor\u00e1vamos. Em <strong>2010<\/strong> a revista <em>Science<\/em> publica o genoma do Neandertal, com provas de cruzamento do homem de Neandertal com humanos. Em <strong>1945<\/strong> a Alemanha se rende e termina sua participa\u00e7\u00e3o na Segunda Guerra Mundial, infelizmente, tarde demais. Em <strong>1840<\/strong> nasce Tchaikovsky, em <strong>1919<\/strong> Eva Per\u00f3n. Em <strong>1941<\/strong> morre James Frazer e em <strong>1990<\/strong> o mundo fica mais barulhento quando Elizeth Cardoso nos deixa.<\/p>\n<hr \/>\n<p style=\"text-align: center;\"><em>\u201cN\u00e3o sou Pasolini pedindo explica\u00e7\u00f5es<\/em><br \/>\n<em>N\u00e3o sou Ginsberg expulso de Cuba<\/em><br \/>\n<em>N\u00e3o sou uma bicha fantasiada de poeta<\/em><br \/>\n<em>N\u00e3o preciso de fantasia<\/em><br \/>\n<em>Aqui est\u00e1 minha cara<\/em><br \/>\n<em>Falo pela minha diferen\u00e7a<\/em><br \/>\n<em>Defendo o que sou<\/em><br \/>\n<em>E n\u00e3o sou t\u00e3o estranho<\/em><br \/>\n<em>Me aborrece a injusti\u00e7a<\/em><br \/>\n<em>E suspeito desta lenga-lenga democr\u00e1tica<\/em><br \/>\n<em>Mas n\u00e3o me fale do proletariado<\/em><br \/>\n<em>Porque ser viado e pobre \u00e9 pior<\/em><br \/>\n<em>Tem de ser \u00e1cido para suportar<\/em><br \/>\n<em>\u00c9 dar a volta nos mach\u00f5es da esquina<\/em><br \/>\n<em>\u00c9 um pai que te odeia<\/em><br \/>\n<em>Porque o filho desmunheca<\/em><br \/>\n<em>\u00c9 ter uma m\u00e3e com as m\u00e3os rachadas pela \u00e1gua sanit\u00e1ria<\/em><br \/>\n<em>Envelhecidas de limpeza<\/em><br \/>\n<em>Embalando-te no colo quando doente \u201c<\/em><\/p>\n<p style=\"text-align: center;\">\u2663<br \/>\n<strong>Pedro Lemebel \u2013 Manifesto (Falo por minha diferen\u00e7a).<\/strong><br \/>\n<a href=\"https:\/\/1poesiapordia.tumblr.com\/post\/163379681818\/manifesto-falo-por-minha-diferen%C3%A7a-por-pedro\" target=\"_blank\" rel=\"noopener\"><span style=\"font-size: 8pt;\">Leiam todo, porque \u00e9 maravilhoso<\/span><\/a><\/p>\n<hr \/>\n<p style=\"text-align: center;\"><strong>Em 7 de maio de 1948 escrevia Jack Kerouac em seu di\u00e1rio:<\/strong><\/p>\n<p style=\"text-align: justify;\"><em>Escrevi uma sequ\u00eancia do cap\u00edtulo. S\u00e3o os \u00faltimos 50 metros at\u00e9 o pico de um Everest inescal\u00e1vel, e eu come\u00e7o a subir exul\u00adtante, um pouco temeroso, quase indefeso. Algo sobre o suspense do \u00faltimo ato, o dissabor da perda de esperan\u00e7as final e irremedi\u00e1vel. Que coisas engra\u00e7adas um homem descobre sobre si mesmo quando escreve. Escrever \u00e9 uma explos\u00e3o de interesse, n\u00e3o \u00e9 algo que \u00e9 feito aos poucos e solenemente, e as explos\u00f5es de interesse interrompem a si mesmas com um sorriso estudado de expectativa. Tudo isso. Escrevi centenas de palavras devagar, muito devagar.<\/em><\/p>\n<p style=\"text-align: right;\"><strong>Jack Kerouac \u2013 Di\u00e1rios de Jack Kerouac 1947-1954 \u2013 Ed. LPM<\/strong><\/p>\n<hr \/>\n<p><img loading=\"lazy\" decoding=\"async\" class=\"size-full wp-image-507 aligncenter\" src=\"https:\/\/nalua.in\/notas\/wp-content\/uploads\/2023\/05\/tumblr_mkyxs0NuV91sn5r1ro1_r1_1280.png\" alt=\"\" width=\"800\" height=\"333\" srcset=\"https:\/\/nalua.in\/notas\/wp-content\/uploads\/2023\/05\/tumblr_mkyxs0NuV91sn5r1ro1_r1_1280.png 800w, https:\/\/nalua.in\/notas\/wp-content\/uploads\/2023\/05\/tumblr_mkyxs0NuV91sn5r1ro1_r1_1280-300x125.png 300w, https:\/\/nalua.in\/notas\/wp-content\/uploads\/2023\/05\/tumblr_mkyxs0NuV91sn5r1ro1_r1_1280-768x320.png 768w, https:\/\/nalua.in\/notas\/wp-content\/uploads\/2023\/05\/tumblr_mkyxs0NuV91sn5r1ro1_r1_1280-150x62.png 150w\" sizes=\"auto, (max-width: 800px) 100vw, 800px\" \/><\/p>\n<hr \/>\n<h2 style=\"text-align: center;\">Or\u00e1culos da Semana<\/h2>\n<p style=\"text-align: justify;\">Essa semana <strong>iluminada<\/strong>! Que maravilha, nos chega o Sol. O mais cultuado Deus da exist\u00eancia e das civiliza\u00e7\u00f5es. Vem <strong>encher de luz e raz\u00e3o<\/strong> nossa semana. Vem trazer <strong>boas not\u00edcias, conclus\u00f5es favor\u00e1veis, clareza e beleza<\/strong>. O sol \u00e9 um conjunto de boas not\u00edcias e <strong>alegria<\/strong>. Quando ele aparece em geral \u00e9 prenuncio de um <strong>per\u00edodo muito alegre<\/strong>. Se estamos em uma fase dif\u00edcil ele representa o <strong>fim da ang\u00fastia<\/strong>. Uma temporada feliz se aproxima.<\/p>\n<p style=\"text-align: justify;\">Essa carta tamb\u00e9m representa aquele momento \u201c<strong>eureca<\/strong>\u201d que \u00e0s vezes aparece. Um insight necess\u00e1rio, uma percep\u00e7\u00e3o que <strong>muda o rumo<\/strong> das coisas. Uma ideia que <strong>revoluciona a vida<\/strong>, seja em grande ou pequena escala. \u00c9 bom ficar atento aos pr\u00f3prios pensamentos nesta semana. <strong>Alguma ideia maravilhosa pode surgir do nada<\/strong>. Algum aspecto nebuloso pode ficar esclarecido. Algo que estava oculto ou dif\u00edcil de ser entendido de repente fica claro. Tudo isso \u00e9 maravilhoso e muito bem-vindo. E para completar, saiu o <strong>hexagrama 35 do I Ching<\/strong>, pren\u00fancio de puro sucesso. Vamos aproveitar pra dissipar toda dor da semana passada e <strong>colher sucesso<\/strong>, gente!<\/p>\n<p style=\"text-align: justify;\">Mas \u00e9 uma outra faceta do Sol que vai estar em alta essa semana. O Sol \u00e9 uma carta que favorece o <strong>Eu<\/strong>. \u00c9 uma carta que diz sobre <strong>a coragem de ser quem voc\u00ea \u00e9<\/strong>.<\/p>\n<p style=\"text-align: justify;\">Eu sempre tive um certo desprezo por essa frase. Eu sempre que ouvia torcia o nariz e pensava, mas <em>quem mais eu seria<\/em> al\u00e9m de eu mesma cara p\u00e1lida? Nunca tive paci\u00eancia com isso, achava clich\u00ea, frase pronta, sem sentido, daquelas que sempre te deixam no mesmo lugar. At\u00e9 que comecei a acompanhar uma pessoa amada tendo que lutar pra poder ser quem ela realmente \u00e9, no seu \u00edntimo. At\u00e9 ter que ver algu\u00e9m querido ter o direito de ser quem \u00e9 negado pelo nosso mundo, que pode ser t\u00e3o podre. A\u00ed eu entendi melhor o que significa essa frase batida, esse conceito, esse conselho t\u00e3o pisados que muitas vezes nem quer dizer nada. Ver um ser t\u00e3o pequeno lutando com tanta for\u00e7a pra ter o direito de ser o seu pr\u00f3prio eu me tirou de algum lugar. A\u00ed entendi que nem sempre \u00e9 poss\u00edvel ser o que se \u00e9. E percebi que \u00e0s vezes a gente nega a si mesmo esse direito em nome de tanta conven\u00e7\u00e3o.<\/p>\n<p style=\"text-align: justify;\">N\u00e3o vou ficar esticando demais isso, s\u00f3 quero dizer que esse \u00e9 um bom momento para refletir sobre isso. <strong>Voc\u00ea \u00e9 realmente quem \u00e9<\/strong>? Seus pap\u00e9is, obriga\u00e7\u00f5es e conven\u00e7\u00f5es n\u00e3o est\u00e3o sufocando sua ess\u00eancia? Se n\u00e3o est\u00e3o, que \u00f3timo, <strong>voc\u00ea \u00e9 uma pessoa de muita sorte<\/strong>. Mas sabe que nem sempre \u00e9 assim? Se algo em voc\u00ea n\u00e3o est\u00e1 sendo pleno por algum motivo convencional, essa semana apresenta um momento muito favor\u00e1vel para voc\u00ea<strong> pensar sobre isso<\/strong>. Nem sempre vai ser poss\u00edvel resolver essa quest\u00e3o, mas autoconhecimento \u00e9 bom.<br \/>\n\u00c9 um momento maravilhoso para voc\u00ea querer ser mais <strong>livre<\/strong>, mais <strong>completo<\/strong>. Aproveite <em>quando o sol bater na janela do seu quarto<\/em>.<\/p>\n<p style=\"text-align: justify;\">Boa semana.<\/p>\n<table style=\"width: 100%; border-collapse: collapse; background-color: #e4ccfc;\">\n<tbody>\n<tr>\n<td style=\"width: 100%;\"><img loading=\"lazy\" decoding=\"async\" class=\"wp-image-506 aligncenter\" src=\"https:\/\/nalua.in\/notas\/wp-content\/uploads\/2023\/05\/osolp.jpg\" alt=\"\" width=\"300\" height=\"545\" srcset=\"https:\/\/nalua.in\/notas\/wp-content\/uploads\/2023\/05\/osolp.jpg 350w, https:\/\/nalua.in\/notas\/wp-content\/uploads\/2023\/05\/osolp-165x300.jpg 165w, https:\/\/nalua.in\/notas\/wp-content\/uploads\/2023\/05\/osolp-150x273.jpg 150w\" sizes=\"auto, (max-width: 300px) 100vw, 300px\" \/><\/p>\n<p>&nbsp;<\/td>\n<\/tr>\n<\/tbody>\n<\/table>\n<hr \/>\n<p style=\"text-align: justify;\">Quando a carta do Sol aparece em uma leitura, \u00e9 um sinal de que as coisas est\u00e3o melhorando. Ela representa um momento de crescimento e expans\u00e3o, e indica que voc\u00ea est\u00e1 no caminho certo. A carta do Sol \u00e9 um lembrete de que voc\u00ea tem o poder de criar sua pr\u00f3pria realidade e que tem a capacidade de superar qualquer obst\u00e1culo que apare\u00e7a em seu caminho.<br \/>\nUma das principais mensagens da carta do Sol \u00e9 manter-se positivo e otimista. Esta carta encoraja voc\u00ea a se concentrar no que h\u00e1 de bom em sua vida e a deixar de lado qualquer negatividade ou questionamento. Quando voc\u00ea abra\u00e7a a energia da carta do Sol, descobrir\u00e1 que sua vida se torna mais abundante e satisfat\u00f3ria.<br \/>\nA carta do Sol tamb\u00e9m \u00e9 um lembrete para <strong>ser verdadeiro consigo mesmo<\/strong>. Ela encoraja voc\u00ea a seguir seu cora\u00e7\u00e3o e perseguir suas paix\u00f5es, mesmo que pare\u00e7am incomuns ou arriscadas. Esta carta \u00e9 um s\u00edmbolo de <strong>autenticidade<\/strong> e <strong>autoexpress\u00e3o<\/strong>, e nos lembra que todos somos \u00fanicos e especiais \u00e0 nossa maneira.<br \/>\nEm muitos baralhos de Tarot, a carta do Sol apresenta uma crian\u00e7a montada em um cavalo ou carruagem, segurando uma bandeira. Essa imagem representa a inoc\u00eancia e pureza da inf\u00e2ncia, bem como a coragem e determina\u00e7\u00e3o necess\u00e1rias para ter sucesso na vida. A crian\u00e7a na carta do Sol \u00e9 um s\u00edmbolo de nossa crian\u00e7a interior e nos lembra de abra\u00e7ar nosso senso de maravilha e brincadeira.<br \/>\nEm geral, a carta do Sol \u00e9 um s\u00edmbolo poderoso e positivo. Ela fala sobre <strong>esperan\u00e7a, felicidade e sucesso<\/strong>, e nos encoraja a permanecer <strong>positivos e verdadeiros<\/strong> a nosso pr\u00f3prio respeito. Quando essa carta aparece em uma leitura, \u00e9 um sinal de que <strong>coisas boas est\u00e3o por vir<\/strong> e que temos o poder de criar a vida que desejamos. Ent\u00e3o, abrace a energia da carta do Sol e deixe seu calor e luz gui\u00e1-lo em sua jornada.<\/p>\n<table style=\"width: 100%; border-collapse: collapse; background-color: #d2e6c4;\">\n<tbody>\n<tr>\n<td style=\"width: 100%;\">\n<p style=\"text-align: center;\"><img loading=\"lazy\" decoding=\"async\" class=\" wp-image-505 aligncenter\" src=\"https:\/\/nalua.in\/notas\/wp-content\/uploads\/2023\/05\/iching35p.jpg\" alt=\"\" width=\"300\" height=\"490\" srcset=\"https:\/\/nalua.in\/notas\/wp-content\/uploads\/2023\/05\/iching35p.jpg 350w, https:\/\/nalua.in\/notas\/wp-content\/uploads\/2023\/05\/iching35p-184x300.jpg 184w, https:\/\/nalua.in\/notas\/wp-content\/uploads\/2023\/05\/iching35p-150x245.jpg 150w\" sizes=\"auto, (max-width: 300px) 100vw, 300px\" \/><\/p>\n<p style=\"text-align: center;\"><span style=\"font-size: 14pt;\"><strong>35 &#8211; Jin<\/strong><\/span><\/p>\n<p style=\"text-align: justify;\">O hexagrama 35 do I Ching representa o progresso que surge da uni\u00e3o do fogo e da terra. O fogo ilumina e aquece a terra, trazendo vida e fertilidade. O progresso \u00e9 fruto da harmonia entre o c\u00e9u e a terra, entre o princ\u00edpio ativo e o receptivo, entre o yang e o yin. O progresso n\u00e3o \u00e9 um fim em si mesmo, mas um ciclo que se renova a cada dia. O sol nasce e se p\u00f5e, mas volta a brilhar no dia seguinte. Assim, o progresso requer perseveran\u00e7a, humildade e adapta\u00e7\u00e3o \u00e0s mudan\u00e7as. N\u00e3o se deve apegar aos resultados imediatos, mas sim \u00e0 capacidade de se reinventar. O progresso tamb\u00e9m \u00e9 uma recompensa pelo m\u00e9rito e pelo servi\u00e7o altru\u00edsta. Quem age com nobreza e generosidade recebe o reconhecimento e o apoio dos outros. Quem se dedica a uma causa maior recebe a b\u00ean\u00e7\u00e3o dos ancestrais. Quem segue o caminho correto obt\u00e9m \u00eaxito.<\/p>\n<p style=\"text-align: center;\"><strong>\u2663<\/strong><\/p>\n<p style=\"text-align: center;\"><strong>IChing<\/strong><\/p>\n<\/td>\n<\/tr>\n<\/tbody>\n<\/table>\n<hr \/>\n<h2 style=\"text-align: center;\"><strong>Texto para ler ao sol<\/strong><\/h2>\n<p><em>N\u00e3o penses. Que raio de mania essa de estares sempre a querer pensar. Pensar \u00e9 trocar uma flor por um silogismo, um vivo por um morto. Pensar \u00e9 n\u00e3o ver. Olha apenas, v\u00ea. Est\u00e1 um dia enorme de sol. Talvez que de noite, acabou-se, como diz o fil\u00f3sofo da ave de Minerva. Mas n\u00e3o agora. H\u00e1 alegria bastante para se n\u00e3o pensar, que \u00e9 coisa sempre triste. Olha, escuta. Nas passagens de n\u00edvel, havia um aviso de \u00abpare, escute, olhe\u00bb com vistas ao atropelo dos comboios. \u00c9 o aviso que devia haver nestes dias magn\u00edficos de sol. Olha a luz. Escuta a alegria dos p\u00e1ssaros. N\u00e3o penses, que \u00e9 sacril\u00e9gio.<\/em><\/p>\n<p style=\"text-align: center;\">\u2663<\/p>\n<p style=\"text-align: center;\"><strong>Verg\u00edlio Ferreira<\/strong><\/p>\n<hr \/>\n<table style=\"width: 100%; border-collapse: collapse; background-color: #e89999;\">\n<tbody>\n<tr>\n<td style=\"width: 100%; text-align: center;\">\n<h2><strong>Ler &amp; Assistir antes do p\u00f4r do sol <\/strong><\/h2>\n<\/td>\n<\/tr>\n<\/tbody>\n<\/table>\n<p style=\"text-align: center;\"><strong><span style=\"font-size: 18pt;\">Livros<\/span><\/strong><\/p>\n<p style=\"text-align: justify;\"><img loading=\"lazy\" decoding=\"async\" class=\"alignleft wp-image-504 size-medium\" src=\"https:\/\/nalua.in\/notas\/wp-content\/uploads\/2023\/05\/osoleparatodosp-205x300.jpg\" alt=\"\" width=\"205\" height=\"300\" srcset=\"https:\/\/nalua.in\/notas\/wp-content\/uploads\/2023\/05\/osoleparatodosp-205x300.jpg 205w, https:\/\/nalua.in\/notas\/wp-content\/uploads\/2023\/05\/osoleparatodosp-150x219.jpg 150w, https:\/\/nalua.in\/notas\/wp-content\/uploads\/2023\/05\/osoleparatodosp.jpg 350w\" sizes=\"auto, (max-width: 205px) 100vw, 205px\" \/><strong>Fic\u00e7\u00e3o<\/strong><\/p>\n<p><strong>O Sol \u00e9 Para Todos \u2013 <em>Harper Lee. Indico porque \u00e9 um livro indispens\u00e1vel. \u00c9 bel\u00edssimo, bem escrito, com uma hist\u00f3ria linda, inesquec\u00edvel. Fala muito sobre a coragem de ser coerente, de se manter fiel em tempos muito dif\u00edceis.<\/em><\/strong><\/p>\n<p style=\"text-align: justify;\">Se voc\u00ea ama literatura, com certeza j\u00e1 ouviu falar do livro &#8220;O Sol \u00e9 Para Todos&#8221;, da escritora Harper Lee. Publicado em 1960, a obra \u00e9 considerada um cl\u00e1ssico da literatura americana e j\u00e1 vendeu mais de 30 milh\u00f5es de c\u00f3pias em todo o mundo. Mas, afinal, o que faz desse livro t\u00e3o especial?A hist\u00f3ria se passa na cidade fict\u00edcia de Maycomb, no Alabama, durante a Grande Depress\u00e3o dos anos 1930. O protagonista \u00e9 Atticus Finch, um advogado respeitado e pai de dois filhos, Jem e Scout. A narrativa \u00e9 feita sob o ponto de vista da pr\u00f3pria Scout, que na \u00e9poca da hist\u00f3ria tinha apenas seis anos.O livro aborda temas como racismo, preconceito e injusti\u00e7a social. Atticus \u00e9 contratado para defender um homem negro chamado Tom Robinson, acusado de estuprar uma mulher branca. A cidade inteira se volta contra Atticus por defender um negro e a fam\u00edlia Finch sofre com o preconceito e a discrimina\u00e7\u00e3o dos vizinhos.<br \/>\nA hist\u00f3ria \u00e9 emocionante e envolvente, mas o que realmente faz desse livro um cl\u00e1ssico \u00e9 a forma como Harper Lee aborda os temas delicados. Ela consegue mostrar a crueldade do racismo sem ser panflet\u00e1ria ou did\u00e1tica. Atrav\u00e9s dos olhos de Scout, vemos como as crian\u00e7as s\u00e3o influenciadas pelos preconceitos dos adultos e como a ignor\u00e2ncia pode levar a injusti\u00e7as terr\u00edveis. Outro ponto forte do livro \u00e9 a constru\u00e7\u00e3o dos personagens. Atticus Finch \u00e9 um dos personagens mais ic\u00f4nicos da literatura americana. Ele \u00e9 um homem justo e corajoso, que luta pelo que \u00e9 certo mesmo quando isso significa ir contra a maioria. Jem e Scout tamb\u00e9m s\u00e3o personagens marcantes, com personalidades bem definidas e uma rela\u00e7\u00e3o fraterna que emociona. &#8220;O Sol \u00e9 Para Todos&#8221; \u00e9 uma leitura obrigat\u00f3ria para quem quer entender a hist\u00f3ria dos Estados Unidos e refletir sobre temas atuais como racismo e discrimina\u00e7\u00e3o. Apesar de ser um livro s\u00e9rio, ele tamb\u00e9m tem momentos de humor e ternura.<\/p>\n<hr \/>\n<p style=\"text-align: justify;\"><img loading=\"lazy\" decoding=\"async\" class=\"alignright wp-image-503 size-medium\" src=\"https:\/\/nalua.in\/notas\/wp-content\/uploads\/2023\/05\/vidastransp-213x300.jpg\" alt=\"\" width=\"213\" height=\"300\" srcset=\"https:\/\/nalua.in\/notas\/wp-content\/uploads\/2023\/05\/vidastransp-213x300.jpg 213w, https:\/\/nalua.in\/notas\/wp-content\/uploads\/2023\/05\/vidastransp-150x212.jpg 150w, https:\/\/nalua.in\/notas\/wp-content\/uploads\/2023\/05\/vidastransp.jpg 350w\" sizes=\"auto, (max-width: 213px) 100vw, 213px\" \/><\/p>\n<p><strong>N\u00e3o fic\u00e7\u00e3o<\/strong><\/p>\n<p style=\"text-align: justify;\"><em><strong>Vidas Trans &#8211; A Coragem de Existir. Indico porque tem tudo a ver com o tema da semana. As pessoas trans, especialmente neste pa\u00eds, s\u00e3o as que menos direito tem de ser quem s\u00e3o. Ent\u00e3o, o que precisamos fazer para ajudar \u00e9 nos inteirarmos do universo dessas pessoas, e atualmente est\u00e1 crescendo muito o n\u00famero de obras que tem a ver com o universo das pessoas trans.<\/strong><\/em><\/p>\n<p style=\"text-align: justify;\">Neste livro, Amara Moira, Jo\u00e3o W. Nery, M\u00e1rcia Rocha e T. Brant \u2013 todos pessoas trans \u2013 relatam, em depoimentos intensos, urgentes e necess\u00e1rios, o momento no qual percebem que havia algo diferente com seus corpos, sobre o sentimento de inadequa\u00e7\u00e3o perante os padr\u00f5es exigidos pela sociedade, sobre os preconceitos e as dores vividos dentro e fora da fam\u00edlia, sobre o momento de transi\u00e7\u00e3o e, enfim, da liberdade sentida por esta decis\u00e3o. Em cada um dos relatos individuais, os autores contam suas hist\u00f3rias de vida, de luta e milit\u00e2ncia \u2013 constante e diariamente \u2013, a fim de reafirmar o direito ao nome, ao corpo e \u00e0 exist\u00eancia plena.<\/p>\n<hr \/>\n<p style=\"text-align: center;\"><strong><span style=\"font-size: 18pt;\">Filme<\/span><\/strong><\/p>\n<p><img loading=\"lazy\" decoding=\"async\" class=\"alignleft wp-image-500 size-medium\" src=\"https:\/\/nalua.in\/notas\/wp-content\/uploads\/2023\/05\/genioindomavelp-211x300.jpg\" alt=\"\" width=\"211\" height=\"300\" srcset=\"https:\/\/nalua.in\/notas\/wp-content\/uploads\/2023\/05\/genioindomavelp-211x300.jpg 211w, https:\/\/nalua.in\/notas\/wp-content\/uploads\/2023\/05\/genioindomavelp-150x213.jpg 150w, https:\/\/nalua.in\/notas\/wp-content\/uploads\/2023\/05\/genioindomavelp.jpg 350w\" sizes=\"auto, (max-width: 211px) 100vw, 211px\" \/><\/p>\n<p style=\"text-align: justify;\"><strong>G\u00eanio Indom\u00e1vel &#8211; Gus Van Sant. <em>Pensei nesse filme porque \u00e9 um filme que fala muito sobre tornar-se quem voc\u00ea \u00e9, porque \u00e9 um dos meus filmes da vida, porque \u00e9 um filme lindo, que preciso rever, inclusive. <\/em><\/strong><\/p>\n<p style=\"text-align: justify;\">&#8220;G\u00eanio Indom\u00e1vel&#8221; \u00e9 um filme americano de 1997 dirigido por Gus Van Sant e estrelado por Matt Damon, Ben Affleck e Robin Williams. O filme conta a hist\u00f3ria de Will Hunting (Matt Damon), um jovem problem\u00e1tico e extremamente inteligente que trabalha como zelador no Instituto de Tecnologia de Massachusetts (MIT).<\/p>\n<p style=\"text-align: justify;\">Apesar de sua vida aparentemente sem perspectivas, Will possui uma habilidade natural para a matem\u00e1tica, o que \u00e9 descoberto pelo professor de matem\u00e1tica Gerald Lambeau (Stellan Skarsg\u00e5rd), que desafia Will a resolver um problema matem\u00e1tico complexo. Will consegue resolv\u00ea-lo, mas continua resistindo a qualquer tipo de ajuda.\u00c9 quando Lambeau busca a ajuda do psic\u00f3logo Sean Maguire (Robin Williams), um velho amigo que tem suas pr\u00f3prias quest\u00f5es emocionais a superar. A partir da\u00ed, Will come\u00e7a a ser acompanhado por Maguire, que o ajuda a superar suas barreiras emocionais e a perceber seu pr\u00f3prio potencial.<\/p>\n<p style=\"text-align: justify;\">&#8220;G\u00eanio Indom\u00e1vel&#8221; \u00e9 um filme emocionante que fala de temas como amizade, fam\u00edlia, amor e supera\u00e7\u00e3o pessoal. O filme recebeu nove indica\u00e7\u00f5es ao Oscar, incluindo Melhor Filme, Melhor Diretor e Melhor Ator Coadjuvante para Robin Williams, levando a estatueta nesta categoria.<\/p>\n<hr \/>\n<p style=\"text-align: center;\"><strong><span style=\"font-size: 18pt;\">S\u00e9rie<\/span><\/strong><\/p>\n<p><img loading=\"lazy\" decoding=\"async\" class=\"alignright wp-image-502 size-medium\" src=\"https:\/\/nalua.in\/notas\/wp-content\/uploads\/2023\/05\/sense8p-203x300.jpg\" alt=\"\" width=\"203\" height=\"300\" srcset=\"https:\/\/nalua.in\/notas\/wp-content\/uploads\/2023\/05\/sense8p-203x300.jpg 203w, https:\/\/nalua.in\/notas\/wp-content\/uploads\/2023\/05\/sense8p-150x222.jpg 150w, https:\/\/nalua.in\/notas\/wp-content\/uploads\/2023\/05\/sense8p.jpg 350w\" sizes=\"auto, (max-width: 203px) 100vw, 203px\" \/><\/p>\n<p style=\"text-align: justify;\"><strong>Sense 8 &#8211;\u00a0<\/strong><em><strong>Uma das minhas s\u00e9ries favoritas da vida. Quando acabou me senti \u00f3rf\u00e3. A hist\u00f3ria t<\/strong><strong>em tudo a ver sobre buscar ser quem se \u00e9. Assistam, \u00e9 uma s\u00e9rie linda demais<\/strong><\/em><\/p>\n<p style=\"text-align: justify;\">Sense8 \u00e9 uma s\u00e9rie original da Netflix que narra a hist\u00f3ria de oito pessoas de diferentes partes do mundo que, de repente, se tornam mentalmente conectadas. A partir da\u00ed, os oito personagens principais passam a compartilhar suas experi\u00eancias, habilidades e emo\u00e7\u00f5es uns com os outros, criando um la\u00e7o especial que transcende a dist\u00e2ncia f\u00edsica. Aborda temas como identidade, sexualidade, amor e liberdade em uma narrativa complexa e envolvente. Cada personagem tem sua pr\u00f3pria hist\u00f3ria e personalidade, que se entrela\u00e7am em uma trama que envolve conspira\u00e7\u00f5es, persegui\u00e7\u00f5es e muita a\u00e7\u00e3o.<\/p>\n<p style=\"text-align: justify;\">Os oito protagonistas s\u00e3o: Will Gorski, um policial de Chicago; Riley Blue, uma DJ islandesa que vive em Londres; Capheus Onyango, um motorista de van em Nair\u00f3bi; Sun Bak, uma executiva coreana; Lito Rodriguez, um ator mexicano; Kala Dandekar, uma farmac\u00eautica indiana; Wolfgang Bogdanow, um ladr\u00e3o alem\u00e3o; e Nomi Marks, uma hacker transexual americana.<\/p>\n<p style=\"text-align: justify;\">A s\u00e9rie foi criada pelas irm\u00e3s Lilly e Lana Wachowski, respons\u00e1veis pela trilogia Matrix, e J. Michael Straczynski, roteirista de hist\u00f3rias em quadrinhos como Homem-Aranha e Thor. Sense8 foi aclamada pela cr\u00edtica por sua abordagem inovadora e inclusiva, que quebrou barreiras culturais e de g\u00eanero.<\/p>\n<p style=\"text-align: justify;\">Infelizmente, a s\u00e9rie foi cancelada ap\u00f3s duas temporadas. No entanto, a Netflix lan\u00e7ou um epis\u00f3dio especial de duas horas em 2018 para encerrar a trama e dar aos f\u00e3s um final mais satisfat\u00f3rio.\u00a0Sense8 \u00e9 uma s\u00e9rie que vai al\u00e9m dos limites da televis\u00e3o convencional, abordando temas importantes de forma sens\u00edvel e emocionante.<\/p>\n<hr \/>\n<p style=\"text-align: center;\"><span style=\"font-size: 18pt;\"><strong>Document\u00e1rio<\/strong><\/span><br \/>\n<img loading=\"lazy\" decoding=\"async\" class=\"alignleft wp-image-501 size-medium\" src=\"https:\/\/nalua.in\/notas\/wp-content\/uploads\/2023\/05\/lemebelp-210x300.jpg\" alt=\"\" width=\"210\" height=\"300\" srcset=\"https:\/\/nalua.in\/notas\/wp-content\/uploads\/2023\/05\/lemebelp-210x300.jpg 210w, https:\/\/nalua.in\/notas\/wp-content\/uploads\/2023\/05\/lemebelp-150x214.jpg 150w, https:\/\/nalua.in\/notas\/wp-content\/uploads\/2023\/05\/lemebelp.jpg 350w\" sizes=\"auto, (max-width: 210px) 100vw, 210px\" \/><\/p>\n<p style=\"text-align: justify;\"><strong>Lemebel &#8211; Joana Garibaldi. <em>Indico porque precisamos conhecer Lemebel. Porque foi um artista que teve a coragem de ser quem era. Em plena ditadura bestial que foi a de Pinochet. E porque a arte dele \u00e9 uma del\u00edcia, \u00e9 linda, e esse tipo de arte n\u00e3o cansa nunca.<\/em><\/strong><\/p>\n<p style=\"text-align: justify;\">Lemebel \u00e9 um document\u00e1rio que retrata a vida e a obra de Pedro Lemebel, um dos mais importantes artistas queer da Am\u00e9rica Latina. Lemebel foi um escritor e artista visual que se destacou pela sua cr\u00edtica \u00e1cida e irreverente \u00e0 ditadura de Pinochet, \u00e0 homofobia e ao machismo na sociedade chilena. O filme, dirigido por Joanna Reposi Garibaldi, utiliza slides e imagens de arquivo para mostrar o trabalho de Lemebel nos anos 80 e 90, quando ele participou de performances provocativas e contestadoras, como as do coletivo <em>Las Yeguas del Apocalipsis<\/em>. O filme tamb\u00e9m acompanha os \u00faltimos anos de Lemebel, quando ele enfrentou um c\u00e2ncer que o levou \u00e0 morte em 2015.<\/p>\n<p style=\"text-align: justify;\">O filme Lemebel \u00e9 uma homenagem a um artista que lutou pela liberdade de express\u00e3o e pela diversidade sexual e cultural no Chile. \u00c9 um filme que resgata a mem\u00f3ria de um per\u00edodo sombrio da hist\u00f3ria do pa\u00eds, mas tamb\u00e9m celebra a resist\u00eancia e a criatividade de Lemebel e de outros artistas que se opuseram ao regime autorit\u00e1rio. O filme \u00e9 uma obra que nos convida a conhecer melhor a vida e o pensamento de Lemebel, um dos maiores expoentes do movimento queer na Am\u00e9rica Latina.<\/p>\n<hr \/>\n<h2 style=\"text-align: center;\">Radio Rel\u00f3gio<\/h2>\n<p><img loading=\"lazy\" decoding=\"async\" class=\"alignleft wp-image-510 size-medium\" src=\"https:\/\/nalua.in\/notas\/wp-content\/uploads\/2023\/05\/Surya-Namaskara-Sun-Salutation-1-300x300.jpg\" alt=\"\" width=\"300\" height=\"300\" srcset=\"https:\/\/nalua.in\/notas\/wp-content\/uploads\/2023\/05\/Surya-Namaskara-Sun-Salutation-1-300x300.jpg 300w, https:\/\/nalua.in\/notas\/wp-content\/uploads\/2023\/05\/Surya-Namaskara-Sun-Salutation-1-150x150.jpg 150w, https:\/\/nalua.in\/notas\/wp-content\/uploads\/2023\/05\/Surya-Namaskara-Sun-Salutation-1-96x96.jpg 96w, https:\/\/nalua.in\/notas\/wp-content\/uploads\/2023\/05\/Surya-Namaskara-Sun-Salutation-1.jpg 466w\" sizes=\"auto, (max-width: 300px) 100vw, 300px\" \/><\/p>\n<ul>\n<li style=\"text-align: justify;\">A heliolatria \u00e9 a adora\u00e7\u00e3o do sol. Essa pr\u00e1tica religiosa tem origem na mitologia grega, onde H\u00e9lio era o deus do sol, que conduzia o sol como um carro pelo c\u00e9u. A heliolatria tamb\u00e9m est\u00e1 presente em outras culturas antigas, como a eg\u00edpcia, a mesopot\u00e2mica e a inca. O sol \u00e9 uma fonte de energia, de luz e de calor para a vida na Terra. Por isso, muitos povos antigos veneravam o sol como uma divindade suprema, que trazia benef\u00edcios e tamb\u00e9m castigos. Os rituais de heliolatria envolviam sacrif\u00edcios, oferendas, ora\u00e7\u00f5es e festivais em homenagem ao sol. A heliolatria ainda existe hoje em algumas formas de espiritualidade, como o neopaganismo e o hindu\u00edsmo. Algumas pessoas acreditam que o sol \u00e9 uma manifesta\u00e7\u00e3o do divino, que pode ser contemplado e reverenciado. Outras pessoas praticam a heliolatria como uma forma de se conectar com a natureza e com o seu pr\u00f3prio ser interior.<\/li>\n<li style=\"text-align: justify;\">Dentro do sol caberiam mais ou menos um milh\u00e3o de planetas Terra.<\/li>\n<li>A sequencia de yoga sauda\u00e7\u00e3o ao sol \u00e9 uma das pr\u00e1ticas mais ben\u00e9ficas que existem.<\/li>\n<\/ul>\n<hr \/>\n<p style=\"text-align: center;\"><span style=\"font-size: 8pt;\"><em>7 de maio<\/em>\u00a0\u00e9 o 127.\u00ba dia do ano no calend\u00e1rio gregoriano (128.\u00ba em anos bissextos). Faltam 238 dias para acabar o ano.<\/span><\/p>\n<hr \/>\n<table style=\"width: 100%; border-collapse: collapse; background-color: #7cc9e6;\">\n<tbody>\n<tr>\n<td style=\"width: 100%; text-align: center;\"><em>O pr\u00f3prio sol n\u00e3o v\u00ea at\u00e9 que o c\u00e9u clareie.<\/em><br \/>\n<strong><span style=\"font-size: 10pt;\">William Shakespeare \u2013 Soneto 148<\/span><\/strong><\/td>\n<\/tr>\n<\/tbody>\n<\/table>\n<hr \/>\n<p style=\"text-align: justify;\"><em>Se voc\u00ea leu at\u00e9 aqui, obrigada! Esse \u00e9 o meu almanaque particular. Um peda\u00e7o do meu di\u00e1rio, da minha arca de refer\u00eancias, um registro de pequenas efem\u00e9rides, de coisas que quero guardar, do tempo, do vento, do c\u00e9u e do cheiro da chuva. Os Vest\u00edgios do Dia, meus dias.<\/em><\/p>\n<table style=\"width: 100%; border-collapse: collapse; background-color: #f2c2e9;\">\n<tbody>\n<tr>\n<td style=\"width: 100%; text-align: center;\"><span style=\"font-size: 10pt;\">\u00a9 Nalua \u2013 Caderninho pessoal, bauzinho de trapos coloridos, nos morros de Minas Gerais. Outono, gra\u00e7as aos c\u00e9us.<\/span><\/td>\n<\/tr>\n<\/tbody>\n<\/table>\n","protected":false},"excerpt":{"rendered":"<p>de endoidecer gente s\u00e3 Belo Horizonte, 07 de maio de 2023 \u263c 27\u00b0 \u2013 14\u00b0 Dia do sil\u00eancio, esse imposs\u00edvel. Neste dia, em 1824 Estreia [&#8230;]<\/p>\n","protected":false},"author":1,"featured_media":0,"comment_status":"open","ping_status":"open","sticky":false,"template":"","format":"standard","meta":{"footnotes":""},"categories":[9,13,10,5,12],"tags":[],"class_list":["post-499","post","type-post","status-publish","format-standard","hentry","category-almanaque","category-carta-semanal","category-jardim","category-newsletter","category-oraculo"],"_links":{"self":[{"href":"https:\/\/nalua.in\/notas\/wp-json\/wp\/v2\/posts\/499","targetHints":{"allow":["GET"]}}],"collection":[{"href":"https:\/\/nalua.in\/notas\/wp-json\/wp\/v2\/posts"}],"about":[{"href":"https:\/\/nalua.in\/notas\/wp-json\/wp\/v2\/types\/post"}],"author":[{"embeddable":true,"href":"https:\/\/nalua.in\/notas\/wp-json\/wp\/v2\/users\/1"}],"replies":[{"embeddable":true,"href":"https:\/\/nalua.in\/notas\/wp-json\/wp\/v2\/comments?post=499"}],"version-history":[{"count":7,"href":"https:\/\/nalua.in\/notas\/wp-json\/wp\/v2\/posts\/499\/revisions"}],"predecessor-version":[{"id":517,"href":"https:\/\/nalua.in\/notas\/wp-json\/wp\/v2\/posts\/499\/revisions\/517"}],"wp:attachment":[{"href":"https:\/\/nalua.in\/notas\/wp-json\/wp\/v2\/media?parent=499"}],"wp:term":[{"taxonomy":"category","embeddable":true,"href":"https:\/\/nalua.in\/notas\/wp-json\/wp\/v2\/categories?post=499"},{"taxonomy":"post_tag","embeddable":true,"href":"https:\/\/nalua.in\/notas\/wp-json\/wp\/v2\/tags?post=499"}],"curies":[{"name":"wp","href":"https:\/\/api.w.org\/{rel}","templated":true}]}}