{"id":448,"date":"2023-04-29T22:19:08","date_gmt":"2023-04-29T22:19:08","guid":{"rendered":"https:\/\/nalua.in\/notas\/?p=448"},"modified":"2023-04-30T02:40:06","modified_gmt":"2023-04-30T02:40:06","slug":"nao-vou-lhe-dar-o-enorme-prazer-de-me-ver-chorar","status":"publish","type":"post","link":"https:\/\/nalua.in\/notas\/nao-vou-lhe-dar-o-enorme-prazer-de-me-ver-chorar\/","title":{"rendered":""},"content":{"rendered":"<p style=\"text-align: center;\"><a href=\"https:\/\/almanalua.blog\/trocando-em-miudos.html\" target=\"_blank\" rel=\"noopener\"><span style=\"font-size: 8pt;\">n\u00e3o vou lhe dar o enorme prazer de me ver chorar*<\/span><\/a><\/p>\n<p><img loading=\"lazy\" decoding=\"async\" class=\"size-full wp-image-157 aligncenter\" src=\"https:\/\/nalua.in\/notas\/wp-content\/uploads\/2023\/02\/almanaque.jpg\" alt=\"\" width=\"1200\" height=\"300\" srcset=\"https:\/\/nalua.in\/notas\/wp-content\/uploads\/2023\/02\/almanaque.jpg 1200w, https:\/\/nalua.in\/notas\/wp-content\/uploads\/2023\/02\/almanaque-300x75.jpg 300w, https:\/\/nalua.in\/notas\/wp-content\/uploads\/2023\/02\/almanaque-1024x256.jpg 1024w, https:\/\/nalua.in\/notas\/wp-content\/uploads\/2023\/02\/almanaque-768x192.jpg 768w\" sizes=\"auto, (max-width: 1200px) 100vw, 1200px\" \/><\/p>\n<p style=\"text-align: center;\"><strong>Belo Horizonte,\u00a030 de abril de 2023<\/strong><\/p>\n<p style=\"text-align: center;\"><strong>\ud83c\udf26\ufe0f 24\u00b0 \u2013 16\u00b0<\/strong><\/p>\n<hr \/>\n<p style=\"text-align: justify;\">Um dia antes do anvers\u00e1rio da F\u00ea Nishi<strong>. Dia nacional da mulher<\/strong> (voc\u00ea sabia disso? Pois \u00e9, nem eu). Dia Internacional do Jazz. Em <strong>1945<\/strong> Adolf Hitler e Eva Braun suicidam-se, infelizmente, tarde demais. Em <strong>1975<\/strong> termina a Guerra do Vietn\u00e3, com as for\u00e7as comunistas ganhando o controle de Saigon e a rendi\u00e7\u00e3o do presidente sul-vietnamita Duong Van Minh. Em <strong>1977<\/strong> acontece a primeira marcha das M\u00e3es da Pra\u00e7a de Maio na frente da Casa Rosada em Buenos Aires. Em <strong>1897<\/strong> nascia Humberto Mauro, em <strong>1930<\/strong> F\u00e9lix Guattari, em <strong>1956<\/strong> Lars Von Triers, e em <strong>1968<\/strong> Fl\u00e1vio Dino. Em <strong>2011<\/strong> nos deixa Ernesto Sabato, em <strong>2017<\/strong>\u00a0parte Belchior e em <strong>2019<\/strong> o mundo fica mais triste quando morre Beth Carvalho.<\/p>\n<hr \/>\n<p style=\"text-align: center;\"><em>Deixei o meu cora\u00e7\u00e3o no forno<\/em><br \/>\n<em>\u00c9 s\u00f3 aqueceres e tens jantar.<\/em><br \/>\n<em>O que sobrar d\u00e1 ao gato.<\/em><br \/>\n<em>Eu sempre gostei do gato.<\/em><br \/>\n\u2663<br \/>\n<strong>Raquel Cerejo Martins<\/strong><\/p>\n<hr \/>\n<p style=\"text-align: center;\"><strong>No \u00faltimo dia de abril de 2007 Ana C\u00e1ssia Rebelo registrou em seu blog di\u00e1rio:<\/strong><\/p>\n<p style=\"text-align: justify;\"><em>Fui comprar glad\u00edolos e cravos vermelhos \u00e0s floristas do cemit\u00e9rio dos Olivais. Lembrei-me das flores que as mulheres, agachadas sobre os cestos de vime, vendem \u00e0 entrada dos templos hindus e das outras flores que se vendem nos mercados, nas pra\u00e7as, no caminho que vai de Marg\u00e3o para Loutolim. Eu a entran\u00e7ar o cabelo, a ench\u00ea-lo de flores, cravos amarelos, hibiscos, a olhar-me no espelho do quarto, a achar-me por breves instantes bonita, assim escura, feita de sol, sabendo a sal, a ang\u00fastia e a tristeza cativas nos n\u00f3s das minhas veias, eu a sair para o quintal com uma flor de l\u00f3tus presa no el\u00e1stico, a ouvir as gralhas l\u00e1 no alto, falando entre si, sem perceber que escarneciam da minha vaidade.<\/em><\/p>\n<p style=\"text-align: right;\"><strong>Ana de Amsterdam \u2013 Ana C\u00e1ssia Rebelo \u2013 Biblioteca Azul<\/strong><\/p>\n<hr \/>\n<p style=\"text-align: center;\"><strong>Em abril de 1923 escrevia Colette em uma carta para sua grande amiga Marguerite Moreno<\/strong><\/p>\n<p style=\"text-align: justify;\"><em>Eu abri a gaveta da minha pequena escrivaninha para pegar algum dinheiro e uma \u00fanica carta caiu: era uma carta da minha m\u00e3e, uma das \u00faltimas, escrita a l\u00e1pis com palavras inacabadas e j\u00e1 impregnada da sua partida.<\/em><br \/>\n<em>Que estranho: pode-se resistir com sucesso \u00e0s l\u00e1grimas e permanecer muito bem nas horas mais dif\u00edceis. Mas ent\u00e3o, algu\u00e9m faz um gesto amig\u00e1vel atr\u00e1s de uma janela, percebe-se uma flor que era apenas um bot\u00e3o ontem &#8211; ou uma carta escorrega de uma gaveta &#8211; e tudo desmorona.<\/em><\/p>\n<p style=\"text-align: right;\"><a href=\"https:\/\/news.lettersofnote.com\/p\/if-we-love-we-grieve-thats-the-deal\" target=\"_blank\" rel=\"noopener\"><strong>Letters of Note &#8211;\u00a0 If we love, we grieve. That\u2019s the deal.<\/strong><\/a><\/p>\n<hr \/>\n<p><img loading=\"lazy\" decoding=\"async\" class=\"wp-image-449 aligncenter\" src=\"https:\/\/nalua.in\/notas\/wp-content\/uploads\/2023\/04\/snoopy.jpg\" alt=\"\" width=\"398\" height=\"351\" srcset=\"https:\/\/nalua.in\/notas\/wp-content\/uploads\/2023\/04\/snoopy.jpg 947w, https:\/\/nalua.in\/notas\/wp-content\/uploads\/2023\/04\/snoopy-300x265.jpg 300w, https:\/\/nalua.in\/notas\/wp-content\/uploads\/2023\/04\/snoopy-768x677.jpg 768w, https:\/\/nalua.in\/notas\/wp-content\/uploads\/2023\/04\/snoopy-150x132.jpg 150w\" sizes=\"auto, (max-width: 398px) 100vw, 398px\" \/><\/p>\n<hr \/>\n<h2 style=\"text-align: center;\"><strong>Or\u00e1culos da Semana<\/strong><\/h2>\n<p style=\"text-align: justify;\">Oh meus queridos, eu gostaria que n\u00e3o precis\u00e1ssemos chegar no assunto que a carta da semana representa! Gostaria de <strong>poupar-nos<\/strong> desse tema. Adoraria que as cartas continuassem seguindo um caminho sem muitos espinhos e cheio de promessas de felicidade. <strong>Mas a\u00ed n\u00e3o seria vida<\/strong>.<\/p>\n<p style=\"text-align: justify;\">O Tar\u00f4 essa semana nos apresenta o 3 de espadas, uma carta <strong>temida<\/strong> e <strong>dolorosa<\/strong>.\u00a0Esta semana vamos nos haver com as <strong>m\u00e1goas<\/strong> que carregamos e acalentamos no peito. Nossas m\u00e1goas de estima\u00e7\u00e3o. A figura da carta 3 de espadas (em geral dos baralhos que seguem a escola inglesa, baseada nos baralhos de Waite-Smith) mostra um cora\u00e7\u00e3o trespassado por 3 espadas. Mas vejam voc\u00eas que n\u00e3o h\u00e1 sangue neste cora\u00e7\u00e3o. As m\u00e1goas est\u00e3o ali h\u00e1 muito tempo, j\u00e1 criaram uma pele em volta.<\/p>\n<p style=\"text-align: justify;\">Como por sorte tem acontecido nessas tiragens desde o come\u00e7o, <strong>a segunda carta \u00e9 um atenuante<\/strong>. Uma dama loira que traz <strong>benesses<\/strong> e <strong>not\u00edcias boas<\/strong>. Que bom, o <strong>estrago vai ser bem menor<\/strong> com a interfer\u00eancia dessa mo\u00e7a. Por isso, de todas as coisas que o 3 de espadas representa, vamos falar de um aspecto, das nossas <strong>dores de cotovelo<\/strong>, amorosas ou n\u00e3o. \u00c9 esse o tema da semana, \u00e9 com ele que estaremos envolvidos. <strong>Cora\u00e7\u00f5es partidos, velhas m\u00e1goas inacabadas<\/strong>.<\/p>\n<p style=\"text-align: justify;\">Eu tenho uma pele de papel, fininha, muita coisa me magoa. Um olhar torto, uma fala atravessada, um sarcasmo gratuito, um amigo que joga fora a \u00fanica coisa que tenho para oferecer. Tamb\u00e9m tenho os velhos lutos, que s\u00e3o as m\u00e1goas mais apertadas. Eu estou quase o tempo todo magoada, tendo que me ocupar frequentemente deste 3 de espadas. Ainda assim espero aprender a lidar cada vez melhor com as m\u00e1goas. <strong>Tarefa perene<\/strong>, pelo jeito. Para todos n\u00f3s, tenhamos pele de papel ou couro de jacar\u00e9, (se bem me lembro de um podcast que fala sobre m\u00e1goa). Eu sempre tento me lembrar que de desconsolos somos feitos. Que eu n\u00e3o seria quem sou sem todas as vezes em que eu pude ouvir o som do meu cora\u00e7\u00e3o se quebrando.<\/p>\n<p style=\"text-align: justify;\">Eu desejo a n\u00f3s nesta semana muita paci\u00eancia, muita aceita\u00e7\u00e3o. Para entender que <strong>m\u00e1goa \u00e9 vida<\/strong>. Aprendi <a href=\"https:\/\/www.themarginalian.org\/2023\/04\/23\/let-your-heart-be-broken\/\" target=\"_blank\" rel=\"noopener\">neste post<\/a> sobre um fil\u00f3sofo disse que <strong>o sentido da vida \u00e9 deixar que o cora\u00e7\u00e3o seja partido<\/strong>. Ent\u00e3o que consigamos aceitar sem rancor que <strong>as m\u00e1goas s\u00e3o companheiras de vida<\/strong>. E que muitas vezes n\u00e3o quer\u00edamos nem precis\u00e1vamos das li\u00e7\u00f5es que v\u00eam com elas. <strong>Nem tudo \u00e9 aprendizado<\/strong>. Ainda assim as m\u00e1goas e os cora\u00e7\u00f5es partidos s\u00e3o dados da exist\u00eancia. E temos que viver com eles. Que nesta semana possamos aceitar que <strong>um dia vai doer menos.<\/strong> E vai doer mais por outro motivo novo\u00a0 \u00af\\_(\u30c4)_\/\u00af.\u00a0 As m\u00e1goas, os lutos, que tamb\u00e9m s\u00e3o m\u00e1goas. Qualquer m\u00e1goa, qualquer luto, <strong>um dia deixar\u00e1 de ser sufocante com a dose certa de paci\u00eancia e de olhar amoroso<\/strong>. Dizem as pessoas s\u00e1bias que as m\u00e1goas para as quais n\u00e3o olhamos continuam a nos atormentar vida afora. Ent\u00e3o que na presen\u00e7a delas, possamos olhar e aceitar, para que elas, sendo vida, n\u00e3o nos impe\u00e7am de viver. E vamos recordar que s\u00e3o fatos da vida e que nenhum ser vivo est\u00e1 a salvo de um cora\u00e7\u00e3o partido.\u00a0<em>Espero que seja suave.<\/em><\/p>\n<table style=\"width: 100%; border-collapse: collapse; background-color: #e4ccfc;\">\n<tbody>\n<tr>\n<td style=\"width: 100%;\"><img loading=\"lazy\" decoding=\"async\" class=\" wp-image-450 aligncenter\" src=\"https:\/\/nalua.in\/notas\/wp-content\/uploads\/2023\/04\/3espadasp.jpg\" alt=\"\" width=\"254\" height=\"450\" srcset=\"https:\/\/nalua.in\/notas\/wp-content\/uploads\/2023\/04\/3espadasp.jpg 350w, https:\/\/nalua.in\/notas\/wp-content\/uploads\/2023\/04\/3espadasp-169x300.jpg 169w, https:\/\/nalua.in\/notas\/wp-content\/uploads\/2023\/04\/3espadasp-150x266.jpg 150w\" sizes=\"auto, (max-width: 254px) 100vw, 254px\" \/><\/td>\n<\/tr>\n<\/tbody>\n<\/table>\n<p style=\"text-align: justify;\">Uma carta <strong>indesejada<\/strong> \u00e9 o 3 de espadas, que faz parte do naipe de espadas, relacionado ao elemento ar, \u00e0 mente, \u00e0 comunica\u00e7\u00e3o e aos conflitos. O 3 de espadas mostra tr\u00eas espadas perfurando um cora\u00e7\u00e3o, sob um c\u00e9u nublado e chuvoso. \u00c9 uma imagem que transmite <strong>sofrimento, tristeza, perda e decep\u00e7\u00e3o<\/strong>. O 3 de espadas pode surgir como uma <strong>trai\u00e7\u00e3o<\/strong>, uma <strong>separa\u00e7\u00e3o<\/strong>, uma <strong>rejei\u00e7\u00e3o<\/strong> ou uma <strong>m\u00e1goa profunda<\/strong>. Aparece em geral <strong>depois<\/strong> do est\u00e1gio agudo da m\u00e1goa, aquele est\u00e1gio que nos quebra e nos deixa de quatro, com um cora\u00e7\u00e3o perfurado. Ela est\u00e1 em seguida a este est\u00e1gio, quando a dor est\u00e1 ficando <strong>cr\u00f4nica<\/strong>. Essa carta nos alerta para a necessidade de enfrentarmos a dor com honestidade e coragem, sem fugir ou negar os nossos sentimentos.<br \/>\nSe formos otimistas o bastante podemos at\u00e9 mesmo vislumbrar nesta carta <strong>uma li\u00e7\u00e3o do destino<\/strong> (desculpem, meu otimismo n\u00e3o chega a tanto), quando ela nos lembra que o sofrimento \u00e9 tempor\u00e1rio e que podemos super\u00e1-lo com sabedoria e resili\u00eancia. O 3 de espadas nos convida a olhar para dentro de n\u00f3s mesmos e a perceber o que podemos mudar e melhorar em nossa forma de nos relacionarmos com os outros e com n\u00f3s mesmos. Mas isso qualquer carta nos mostra. E afinal a li\u00e7\u00e3o de todo tar\u00f4, de todo or\u00e1culo, de toda fonte de sabedoria \u00e9 esta, a cura est\u00e1 em nosso interior.<br \/>\nO 3 de espadas pode nos fazer ver que as experi\u00eancias dolorosas \u00e0s vezes nos fortalecem e nos ajudam a valorizar o que h\u00e1 de bom em nossa vida. Essa carta nos mostra que o cora\u00e7\u00e3o partido pode ser curado com amor-pr\u00f3prio, perd\u00e3o e f\u00e9. <em>C\u00farate mi ni\u00f1a con amor del m\u00e1s bonito y recuerda siempre que eres la medicina&#8230;<\/em><\/p>\n<table style=\"width: 100%; border-collapse: collapse; background-color: #d2e6c4;\">\n<tbody>\n<tr>\n<td style=\"width: 100%;\"><img loading=\"lazy\" decoding=\"async\" class=\"aligncenter wp-image-451\" src=\"https:\/\/nalua.in\/notas\/wp-content\/uploads\/2023\/04\/donnabiondap-184x300.jpg\" alt=\"\" width=\"215\" height=\"350\" srcset=\"https:\/\/nalua.in\/notas\/wp-content\/uploads\/2023\/04\/donnabiondap-184x300.jpg 184w, https:\/\/nalua.in\/notas\/wp-content\/uploads\/2023\/04\/donnabiondap-150x245.jpg 150w, https:\/\/nalua.in\/notas\/wp-content\/uploads\/2023\/04\/donnabiondap.jpg 350w\" sizes=\"auto, (max-width: 215px) 100vw, 215px\" \/><\/p>\n<p style=\"text-align: center;\"><strong>Dama de Copas<\/strong><\/p>\n<p style=\"text-align: center;\"><strong>Mulher bondosa, gentil, portadora de benesses. Amiga perfeita, ajuda inesperada, generosidade, empatia. Dona do pr\u00f3prio destino.<\/strong><\/p>\n<p style=\"text-align: center;\"><strong><span class=\"fe5nidar khvhiq1o r5qsrrlp i5tg98hk f9ovudaz przvwfww gx1rr48f gfz4du6o r7fjleex nz2484kf svot0ezm dcnh1tix sxl192xd t3g6t33p\"><span class=\"mpj7bzys xzlurrtv\">\u2764\ufe0f<\/span><\/span><\/strong><\/p>\n<p style=\"text-align: center;\"><strong><em>Antica Sibilla Italiana<\/em><\/strong><\/p>\n<\/td>\n<\/tr>\n<\/tbody>\n<\/table>\n<h2 style=\"text-align: center;\">Texto para recordar que toda dor passa<\/h2>\n<p style=\"text-align: justify;\"><em>No processo de digerir uma grande perda, nos sentiremos exauridos, porque assistimos ao desmoronamento do nosso mundo presumido \u2013 aquele que n\u00f3s, pretensa ou ingenuamente, ach\u00e1vamos que estava sob nosso controle. No mundo presumido, as pessoas que amamos est\u00e3o em casa, protegidas; o trabalho que realizamos \u00e9 impec\u00e1vel; nossos relacionamentos v\u00e3o t\u00e3o bem, n\u00e3o h\u00e1 nuvens no horizonte; nossa sa\u00fade est\u00e1 tinindo, como garante o \u00faltimo check-up.<\/em><br \/>\n<em>Nosso mundo presumido funciona lindamente&#8230; at\u00e9 que um dia o chefe nos demite; nosso companheiro revela que deixou de nos amar; uma pessoa querida morre. Ent\u00e3o ele desaba, porque seus alicerces n\u00e3o s\u00e3o de concreto. Os alicerces do nosso mundo emocional s\u00e3o feitos de pessoas. At\u00e9 tentamos vincul\u00e1-lo a objetos ou situa\u00e7\u00f5es \u2013 um carro blindado para aumentar nossa seguran\u00e7a, exames para assegurar que nosso corpo segue funcionando perfeitamente \u2013, mas nada disso nos protege da dor da perda.<\/em><br \/>\n<em>S\u00e3o as pessoas que trazem seguran\u00e7a ao nosso mundo presumido.<\/em><\/p>\n<p style=\"text-align: right;\"><strong>Ana Claudia Quintana Arantes \u2013 Pra vida toda valer a pena viver<\/strong><\/p>\n<hr \/>\n<table style=\"width: 100%; border-collapse: collapse; background-color: #f0d095;\">\n<tbody>\n<tr>\n<td style=\"width: 100%;\">\n<h2 style=\"text-align: center;\"><strong>Ler &amp; Ouvir &amp; Assistir no Planeta Meu Cora\u00e7\u00e3o Despeda\u00e7ado<\/strong><\/h2>\n<p><em>\u00a0<\/em><em>Quase toda nossa arte repousa sobre o tema da m\u00e1goa e do cora\u00e7\u00e3o partido. Qualquer grande obra tocar\u00e1 central ou perifericamente neste tema. \u00c9 dif\u00edcil escolher apenas algumas, ent\u00e3o deixei que a mesma intui\u00e7\u00e3o que uso ao tirar as l\u00e2minas me guiasse nesse recorte.<\/em><\/td>\n<\/tr>\n<\/tbody>\n<\/table>\n<p><img loading=\"lazy\" decoding=\"async\" class=\"alignleft wp-image-455\" src=\"https:\/\/nalua.in\/notas\/wp-content\/uploads\/2023\/04\/41VdYk9hThL.jpg\" alt=\"\" width=\"209\" height=\"300\" srcset=\"https:\/\/nalua.in\/notas\/wp-content\/uploads\/2023\/04\/41VdYk9hThL.jpg 348w, https:\/\/nalua.in\/notas\/wp-content\/uploads\/2023\/04\/41VdYk9hThL-209x300.jpg 209w, https:\/\/nalua.in\/notas\/wp-content\/uploads\/2023\/04\/41VdYk9hThL-150x216.jpg 150w\" sizes=\"auto, (max-width: 209px) 100vw, 209px\" \/><\/p>\n<p><span style=\"text-decoration: underline;\"><strong>Livros<\/strong><\/span><\/p>\n<p style=\"text-align: justify;\"><strong>Pequenas Delicadezas &#8211; Cheryl Strayed<\/strong><em><strong>. Em primeiro lugar um livro de n\u00e3o fic\u00e7\u00e3o. Um livro lindo, em cujas p\u00e1ginas t\u00eam linhas que ajudam a curar v\u00e1rios tipos de cora\u00e7\u00e3o partido. E tudo escrito com uma delicadeza inacredit\u00e1vel. Inclusive \u00e9 um livro que virou s\u00e9rie, mas que ainda n\u00e3o vi.<\/strong><\/em><\/p>\n<p style=\"text-align: justify;\"><em>Pequenas Delicadezas<\/em> \u00e9 um livro de Cheryl Strayed, autora do best-seller <em>Livre<\/em>, que re\u00fane uma sele\u00e7\u00e3o das melhores colunas que ela escreveu para o site Rumpus sob o pseud\u00f4nimo de Cara Do\u00e7ura. Nas colunas, ela respondia aos leitores que buscavam conselhos sobre o amor e a vida, compartilhando suas experi\u00eancias pessoais e sua vis\u00e3o honesta e compassiva da natureza humana. O livro \u00e9 uma fonte de inspira\u00e7\u00e3o e conforto para quem enfrenta dilemas, d\u00favidas e ang\u00fastias no cotidiano. Com humor, empatia e sabedoria, Cheryl Strayed mostra que \u00e9 poss\u00edvel superar os desafios e encontrar a delicadeza em meio ao caos.<\/p>\n<hr \/>\n<p style=\"text-align: justify;\"><img loading=\"lazy\" decoding=\"async\" class=\"alignright wp-image-452 size-medium\" src=\"https:\/\/nalua.in\/notas\/wp-content\/uploads\/2023\/04\/baladadeamoraoventop-188x300.jpg\" alt=\"\" width=\"188\" height=\"300\" srcset=\"https:\/\/nalua.in\/notas\/wp-content\/uploads\/2023\/04\/baladadeamoraoventop-188x300.jpg 188w, https:\/\/nalua.in\/notas\/wp-content\/uploads\/2023\/04\/baladadeamoraoventop-150x240.jpg 150w, https:\/\/nalua.in\/notas\/wp-content\/uploads\/2023\/04\/baladadeamoraoventop.jpg 350w\" sizes=\"auto, (max-width: 188px) 100vw, 188px\" \/><strong>Balada de Amor ao vento &#8211; Paulina Chiziane<\/strong><em><strong>. Da ganhadora do Pr\u00eamio Cam\u00f5es, o primeiro livro. Pensei nele em primeiro lugar porque \u00e9 um livro muito bonito, escrito de maneira diferente da que estamos acostumados, e por toda a import\u00e2ncia dele, de ser pioneiro, escrito por uma africana falando das quest\u00f5es de seu povo, de suas mulheres.\u00a0 Nele acompanhamos uma vida inteira de m\u00e1goas na vida de Sarnau, a protagonista.\u00a0<\/strong><\/em><\/p>\n<p style=\"text-align: justify;\"><em>Balada de amor ao vento<\/em> \u00e9 o primeiro romance de Paulina Chiziane, uma escritora mo\u00e7ambicana que se tornou a primeira mulher a publicar um romance em seu pa\u00eds. O livro narra a hist\u00f3ria de amor entre Sarnau e Mwando, dois jovens que se conhecem em um dia de festa e se apaixonam \u00e0 primeira vista. Por\u00e9m, o destino os separa e os faz enfrentar as dificuldades de uma sociedade marcada pela poligamia, pela tradi\u00e7\u00e3o e pelo machismo.<\/p>\n<p style=\"text-align: justify;\">Sarnau \u00e9 uma mulher forte e determinada, que luta para sobreviver \u00e0 solid\u00e3o e \u00e0 pobreza. Ela espera por Mwando durante anos, sem saber se ele ainda est\u00e1 vivo ou se j\u00e1 se casou com outra. Mwando \u00e9 um homem dividido entre o amor por Sarnau e a press\u00e3o de sua fam\u00edlia para seguir os costumes de seu povo. Ele retorna para Sarnau algumas vezes, mas sempre acaba partindo novamente, deixando-a sofrer.\u00a0A hist\u00f3ria de Sarnau e Mwando \u00e9 contada em uma linguagem po\u00e9tica e envolvente, que mistura realismo e fantasia. O livro mostra a cultura e a hist\u00f3ria de Mo\u00e7ambique, um pa\u00eds que passou por guerras e coloniza\u00e7\u00e3o. Balada de amor ao vento \u00e9 uma obra que fala sobre o amor, a dor, a esperan\u00e7a e a resist\u00eancia das mulheres que vivem em um mundo dominado pelos homens.<\/p>\n<hr \/>\n<p><strong><img loading=\"lazy\" decoding=\"async\" class=\"alignleft wp-image-453 size-medium\" src=\"https:\/\/nalua.in\/notas\/wp-content\/uploads\/2023\/04\/afterlifep-202x300.jpg\" alt=\"\" width=\"202\" height=\"300\" srcset=\"https:\/\/nalua.in\/notas\/wp-content\/uploads\/2023\/04\/afterlifep-202x300.jpg 202w, https:\/\/nalua.in\/notas\/wp-content\/uploads\/2023\/04\/afterlifep-150x222.jpg 150w, https:\/\/nalua.in\/notas\/wp-content\/uploads\/2023\/04\/afterlifep.jpg 350w\" sizes=\"auto, (max-width: 202px) 100vw, 202px\" \/><span style=\"text-decoration: underline;\">S\u00e9rie<\/span><\/strong><strong>\u00a0<\/strong><\/p>\n<p style=\"text-align: justify;\"><strong>After Life<\/strong><em><strong>. Esse seriado n\u00e3o cabe s\u00f3 no 3 de espadas, cabe em outras cartas tamb\u00e9m, pois lida com o luto e o luto n\u00e3o \u00e9 somente uma m\u00e1goa e um cora\u00e7\u00e3o partido. Luto s\u00e3o essas coisas tamb\u00e9m, mas in\u00fameras outras, \u00e9 toda uma reconfigura\u00e7\u00e3o do mundo. Mas escolhi esse seriado, pois \u00e9 um personagem se equilibrando para n\u00e3o deixar se vencer pela m\u00e1goa e pelo cora\u00e7\u00e3o partido. O cora\u00e7\u00e3o da gente se parte junto com o do personagem e vemos o que acontece no processo dele viver com seu cora\u00e7\u00e3o despeda\u00e7ado.<\/strong><\/em><\/p>\n<p style=\"text-align: justify;\"><em>After Life<\/em> \u00e9 uma s\u00e9rie de com\u00e9dia dram\u00e1tica criada e estrelada por Ricky Gervais, que interpreta Tony, um jornalista que perdeu sua esposa para o c\u00e2ncer e agora vive amargurado e sem esperan\u00e7a. A s\u00e9rie mostra como Tony lida com o luto, a solid\u00e3o e a depress\u00e3o, ao mesmo tempo em que tenta se relacionar com as pessoas ao seu redor, que tentam ajud\u00e1-lo a superar sua dor. A s\u00e9rie tem tr\u00eas temporadas dispon\u00edveis na Netflix e aborda temas como morte, suic\u00eddio, amor, amizade e reden\u00e7\u00e3o, com um humor \u00e1cido e melanc\u00f3lico t\u00edpico de Gervais.<\/p>\n<hr \/>\n<p style=\"text-align: justify;\"><strong><img loading=\"lazy\" decoding=\"async\" class=\"alignright wp-image-462 size-medium\" src=\"https:\/\/nalua.in\/notas\/wp-content\/uploads\/2023\/04\/brilhoeternop-216x300.jpg\" alt=\"\" width=\"216\" height=\"300\" srcset=\"https:\/\/nalua.in\/notas\/wp-content\/uploads\/2023\/04\/brilhoeternop-216x300.jpg 216w, https:\/\/nalua.in\/notas\/wp-content\/uploads\/2023\/04\/brilhoeternop-150x209.jpg 150w, https:\/\/nalua.in\/notas\/wp-content\/uploads\/2023\/04\/brilhoeternop.jpg 342w\" sizes=\"auto, (max-width: 216px) 100vw, 216px\" \/><span style=\"text-decoration: underline;\">Filme<\/span><\/strong><\/p>\n<p style=\"text-align: justify;\"><strong>Brilho Eterno de Uma Mente sem Lembran\u00e7as<\/strong><em><strong>. Um cl\u00e1ssico do Cora\u00e7\u00e3o Partido. Quem ainda n\u00e3o viu (existe tal pessoa?) se fa\u00e7a um favor e vai l\u00e1 assistir.<\/strong><\/em><\/p>\n<p style=\"text-align: justify;\"><em>Brilho eterno de uma mente sem lembran\u00e7as<\/em> \u00e9 um filme que explora a quest\u00e3o da mem\u00f3ria e do amor. O filme foi lan\u00e7ado em 2004, dirigido por Michel Gondry e escrito por Charlie Kaufman, que ganhou o Oscar de melhor roteiro original.\u00a0O filme conta a hist\u00f3ria de Joel (Jim Carrey) e Clementine (Kate Winslet), um casal que se apaixona \u00e0 primeira vista, mas que enfrenta problemas de conviv\u00eancia ao longo do relacionamento. Desiludida com o fracasso amoroso, Clementine decide apagar Joel da sua mem\u00f3ria, recorrendo a um tratamento experimental oferecido pela empresa Lacuna Inc. Ao descobrir o que ela fez, Joel fica arrasado e decide fazer o mesmo procedimento.<\/p>\n<p style=\"text-align: justify;\">No entanto, durante o processo de apagamento, Joel se arrepende e tenta preservar as lembran\u00e7as de Clementine, escondendo-a em partes da sua mente que n\u00e3o est\u00e3o relacionadas a ela. Assim, ele revive os momentos felizes e tristes que passou com ela, enquanto tenta escapar dos t\u00e9cnicos da Lacuna que invadem o seu subconsciente.\u00a0O filme mostra, de forma n\u00e3o linear, as diferentes fases do relacionamento de Joel e Clementine, alternando entre o presente e o passado, entre a realidade e a fantasia. Brilho eterno de uma mente sem lembran\u00e7as \u00e9 um filme que questiona se vale a pena esquecer algu\u00e9m que amamos, ou se as lembran\u00e7as s\u00e3o parte essencial da nossa identidade. O filme tamb\u00e9m explora os temas da imperfei\u00e7\u00e3o humana, da liberdade de escolha e do destino.<\/p>\n<hr \/>\n<p><img loading=\"lazy\" decoding=\"async\" class=\"alignleft wp-image-456\" src=\"https:\/\/nalua.in\/notas\/wp-content\/uploads\/2023\/04\/magoadpmip.jpg\" alt=\"\" width=\"301\" height=\"300\" srcset=\"https:\/\/nalua.in\/notas\/wp-content\/uploads\/2023\/04\/magoadpmip.jpg 350w, https:\/\/nalua.in\/notas\/wp-content\/uploads\/2023\/04\/magoadpmip-300x300.jpg 300w, https:\/\/nalua.in\/notas\/wp-content\/uploads\/2023\/04\/magoadpmip-150x150.jpg 150w, https:\/\/nalua.in\/notas\/wp-content\/uploads\/2023\/04\/magoadpmip-96x96.jpg 96w\" sizes=\"auto, (max-width: 301px) 100vw, 301px\" \/><\/p>\n<p style=\"text-align: justify;\"><span style=\"text-decoration: underline;\"><strong>Podcast\u00a0<\/strong><\/span><\/p>\n<p style=\"text-align: justify;\"><a href=\"https:\/\/open.spotify.com\/episode\/7pTRzlelucSRtj7y2Ya4Sp?si=4fb5e643a58f469a\" target=\"_blank\" rel=\"noopener\"><em><strong>\ud83c\udfa7<\/strong><\/em><strong>Di\u00e1rio Poss\u00edvel mas inventado &#8211; M\u00e1goa\u00a0<\/strong><\/a>. <em><strong>Um epis\u00f3dio de um podcast que eu amava. E \u00e9 um podcast que tamb\u00e9m est\u00e1 inscrito em uma hist\u00f3ria pessoal de m\u00e1goa minha. Mas \u00e9 um podcast \u00f3timo, pra mim \u00e9 dif\u00edcil outro podcast melhor.\u00a0<\/strong><\/em><\/p>\n<p style=\"text-align: justify;\">&#8220;As m\u00e1goas duram muito tempo, tipo tartarugas e papagaios. Mas claro, tem m\u00e1goas que morrem. O que mata a m\u00e1goa \u00e9 o tempo, o esquecimento, mas principalmente, pelo menos no meu caso, uma boa conversa.&#8221;<\/p>\n<hr \/>\n<p><span style=\"text-decoration: underline;\"><strong>Document\u00e1rio<\/strong><\/span><\/p>\n<p><strong>Como Superar Uma Rejei\u00e7\u00e3o &#8211;\u00a0<em>Um v\u00eddeo lindo que ajuda a colar cora\u00e7\u00f5es. Da School of life.<\/em><\/strong><\/p>\n<p>Rejei\u00e7\u00e3o \u00e9 sempre dolorosa, mas n\u00e3o precisa ser uma trag\u00e9dia.<br \/>\n<iframe loading=\"lazy\" title=\"YouTube video player\" src=\"https:\/\/www.youtube.com\/embed\/5motuzyLXIk\" width=\"560\" height=\"315\" frameborder=\"0\" allowfullscreen=\"allowfullscreen\"><\/iframe><\/p>\n<hr \/>\n<h3 style=\"text-align: center;\">Radio Rel\u00f3gio<\/h3>\n<ul>\n<li style=\"text-align: justify;\">Voc\u00ea sabia que um cora\u00e7\u00e3o partido pode realmente desencadear uma doen\u00e7a? Pois \u00e9 verdade, trata-se da s\u00edndrome do cora\u00e7\u00e3o partido, tamb\u00e9m chamada de <strong>cardiomiopatia de Takotsubo<\/strong> ou <strong>cardiomiopatia induzida por estresse<\/strong>, \u00e9 uma doen\u00e7a que afeta o m\u00fasculo do cora\u00e7\u00e3o e causa sintomas parecidos com os de um infarto, como dor no peito, falta de ar e cansa\u00e7o. Essa s\u00edndrome \u00e9 provocada por situa\u00e7\u00f5es de estresse emocional ou f\u00edsico intenso, que aumentam a produ\u00e7\u00e3o de adrenalina e outros horm\u00f4nios do estresse no organismo. Esses horm\u00f4nios interferem no funcionamento do cora\u00e7\u00e3o e podem levar a uma disfun\u00e7\u00e3o tempor\u00e1ria do ventr\u00edculo esquerdo, que \u00e9 a parte do cora\u00e7\u00e3o respons\u00e1vel por bombear o sangue para o corpo. <em><strong>A s\u00edndrome do cora\u00e7\u00e3o partido geralmente afeta mulheres acima dos 50 anos (<span style=\"color: #ff0000;\">por que ser\u00e1?<\/span>), <\/strong><\/em>mas pode ocorrer em pessoas de qualquer idade e sexo. O tratamento consiste em usar medicamentos para regular a atividade do cora\u00e7\u00e3o e fazer acompanhamento psicol\u00f3gico para superar o trauma e o estresse. A recupera\u00e7\u00e3o costuma ser r\u00e1pida e completa, sem sequelas permanentes no m\u00fasculo card\u00edaco.<\/li>\n<li><strong>\u00d3leo essencial de ger\u00e2nio e \u00f3leo essencial de rosa<\/strong>\u00a0ajudam a curar os cora\u00e7\u00f5es partidos e velhas m\u00e1goas.<\/li>\n<\/ul>\n<hr \/>\n<p style=\"text-align: center;\"><span style=\"font-size: 8pt;\">30 de abril \u00e9 o 120.\u00ba dia do ano no calend\u00e1rio gregoriano (121.\u00ba em anos bissextos). Faltam 245 dias para acabar o ano.<\/span><\/p>\n<hr \/>\n<table style=\"width: 100%; border-collapse: collapse; background-color: #a1dbed;\">\n<tbody>\n<tr>\n<td style=\"width: 100%; text-align: center;\"><em>&#8220;Se tens um cora\u00e7\u00e3o de ferro, bom proveito. O meu fizeram-no de carne, e sangra todo o dia&#8221;.<\/em><br \/>\n<span style=\"font-size: 10pt;\"><strong>Jos\u00e9 Saramago \u2013 A Segunda Vida de Francisco de Assis<\/strong><\/span><\/td>\n<\/tr>\n<\/tbody>\n<\/table>\n<hr \/>\n<p style=\"text-align: center;\"><em>Se voc\u00ea leu at\u00e9 aqui, obrigada! Esse \u00e9 o meu almanaque particular. Um peda\u00e7o do meu di\u00e1rio, da minha arca de refer\u00eancias, um registro de pequenas efem\u00e9rides, de coisas que quero guardar, do tempo, do vento, do c\u00e9u e do cheiro da chuva. Os Vest\u00edgios do Dia, meus dias.<\/em><\/p>\n<hr \/>\n<p style=\"text-align: center;\"><span style=\"font-size: 8pt;\">*assim que terminei esse post, sem que pudesse evitar, pude ver os cacos do meu cora\u00e7\u00e3o mais uma vez.<\/span><\/p>\n<table style=\"width: 100%; border-collapse: collapse; background-color: #ed93c3;\">\n<tbody>\n<tr>\n<td style=\"width: 100%; text-align: center;\"><span style=\"font-size: 10pt;\">\u00a9 Nalua \u2013 Caderninho pessoal, bauzinho de trapos coloridos, nos morros de Minas Gerais. Outono, gra\u00e7as aos c\u00e9us.<\/span><\/td>\n<\/tr>\n<\/tbody>\n<\/table>\n","protected":false},"excerpt":{"rendered":"<p>n\u00e3o vou lhe dar o enorme prazer de me ver chorar* Belo Horizonte,\u00a030 de abril de 2023 \ud83c\udf26\ufe0f 24\u00b0 \u2013 16\u00b0 Um dia antes do [&#8230;]<\/p>\n","protected":false},"author":1,"featured_media":0,"comment_status":"open","ping_status":"open","sticky":false,"template":"","format":"standard","meta":{"footnotes":""},"categories":[9,13,10,5,12],"tags":[],"class_list":["post-448","post","type-post","status-publish","format-standard","hentry","category-almanaque","category-carta-semanal","category-jardim","category-newsletter","category-oraculo"],"_links":{"self":[{"href":"https:\/\/nalua.in\/notas\/wp-json\/wp\/v2\/posts\/448","targetHints":{"allow":["GET"]}}],"collection":[{"href":"https:\/\/nalua.in\/notas\/wp-json\/wp\/v2\/posts"}],"about":[{"href":"https:\/\/nalua.in\/notas\/wp-json\/wp\/v2\/types\/post"}],"author":[{"embeddable":true,"href":"https:\/\/nalua.in\/notas\/wp-json\/wp\/v2\/users\/1"}],"replies":[{"embeddable":true,"href":"https:\/\/nalua.in\/notas\/wp-json\/wp\/v2\/comments?post=448"}],"version-history":[{"count":34,"href":"https:\/\/nalua.in\/notas\/wp-json\/wp\/v2\/posts\/448\/revisions"}],"predecessor-version":[{"id":498,"href":"https:\/\/nalua.in\/notas\/wp-json\/wp\/v2\/posts\/448\/revisions\/498"}],"wp:attachment":[{"href":"https:\/\/nalua.in\/notas\/wp-json\/wp\/v2\/media?parent=448"}],"wp:term":[{"taxonomy":"category","embeddable":true,"href":"https:\/\/nalua.in\/notas\/wp-json\/wp\/v2\/categories?post=448"},{"taxonomy":"post_tag","embeddable":true,"href":"https:\/\/nalua.in\/notas\/wp-json\/wp\/v2\/tags?post=448"}],"curies":[{"name":"wp","href":"https:\/\/api.w.org\/{rel}","templated":true}]}}