{"id":427,"date":"2023-04-23T14:53:55","date_gmt":"2023-04-23T14:53:55","guid":{"rendered":"https:\/\/nalua.in\/notas\/?p=427"},"modified":"2023-04-29T22:59:08","modified_gmt":"2023-04-29T22:59:08","slug":"e-certeza-que-um-vento-louco-vem-atras","status":"publish","type":"post","link":"https:\/\/nalua.in\/notas\/e-certeza-que-um-vento-louco-vem-atras\/","title":{"rendered":""},"content":{"rendered":"<p style=\"text-align: center;\"><a href=\"https:\/\/telegra.ph\/O-Cavaleiro-04-23\" target=\"_blank\" rel=\"noopener\"><span style=\"font-size: 8pt;\">\u00c9 certeza que um vento louco atr\u00e1s vem<\/span><\/a><\/p>\n<p>&nbsp;<\/p>\n<p style=\"text-align: center;\"><strong>Belo Horizonte,\u00a023 de abril de 2023\u00a0<\/strong><\/p>\n<p style=\"text-align: center;\"><strong>\ud83c\udf25\ufe0f 23\u00b0 \u2013 15\u00b0<\/strong><\/p>\n<hr \/>\n<p style=\"text-align: justify;\">Dia Mundial do Livro, dia nacional do Choro. Dia de S\u00e3o Jorge.\u00a0Em <strong>1897<\/strong> nascia Pixinguinha, o maior. Em <strong>1936<\/strong>, nascia Roy Orbison, no mesmo dia em que nos deixava Teresa de La Parra e em <strong>1960<\/strong> Leo Jaime.\u00a0Em <strong>303<\/strong> morria Jorge da Capad\u00f3cia, M\u00e1rtir. Em <strong>1616<\/strong>,<strong> exatamente no mesmo dia<\/strong>, deixavam a terra Shakespeare e Cervantes (ok, tem gente que diz que n\u00e3o para esssa anedota m\u00e1gica). Em <strong>1942<\/strong> Olga Benario Prestes era assassinada. Em <strong>2017<\/strong>, morria Jerry Adriany, \u00eddolo da minha m\u00e3e e estranhamente isso contribuiu pra que ela pr\u00f3pria deixasse o mundo alguns dias depois. Em <strong>2005 \u00a0<\/strong>O primeiro v\u00eddeo do YouTube, intitulado &#8220;Me at the zoo&#8221;, foi publicado.<\/p>\n<hr \/>\n<p style=\"text-align: center;\"><em>Essa espada de S\u00e3o Jorge<\/em><br \/>\n<em>que cresce no meu quarto<\/em><br \/>\n<em>que nem p\u00e9 de feij\u00e3o m\u00e1gico<\/em><br \/>\n<em>E eu nem olhei, nem molhei,<\/em><br \/>\n<em>nem notei, distra\u00edda e destru\u00edda<\/em><br \/>\n<em>em minhas elucubra\u00e7\u00f5es<\/em><br \/>\n<em>E vem na boca o gosto<\/em><br \/>\n<em>inexplic\u00e1vel da noite,<\/em><br \/>\n<em>o cheiro do cosmo<\/em><br \/>\n<em>sob a lua que me espreita<\/em><br \/>\n<em>Assinalo o meu desejo na lista da dor<\/em><br \/>\n<em>Recebo um ofuscante vazio<\/em><br \/>\n<em>das minhas desescolhas<\/em><br \/>\n<em>Nas tentativas ensaiadas,<\/em><br \/>\n<em>meu cora\u00e7\u00e3o multiplica-se<\/em><\/p>\n<p style=\"text-align: center;\">\u2663<\/p>\n<p style=\"text-align: center;\"><strong>Patr\u00edcia Gavazzi<\/strong><\/p>\n<hr \/>\n<figure id=\"attachment_430\" aria-describedby=\"caption-attachment-430\" style=\"width: 972px\" class=\"wp-caption aligncenter\"><img loading=\"lazy\" decoding=\"async\" class=\"wp-image-430 size-full\" src=\"https:\/\/nalua.in\/notas\/wp-content\/uploads\/2023\/04\/Tiras-Setembro-22_06.webp\" alt=\"\" width=\"972\" height=\"279\" srcset=\"https:\/\/nalua.in\/notas\/wp-content\/uploads\/2023\/04\/Tiras-Setembro-22_06.webp 972w, https:\/\/nalua.in\/notas\/wp-content\/uploads\/2023\/04\/Tiras-Setembro-22_06-300x86.webp 300w, https:\/\/nalua.in\/notas\/wp-content\/uploads\/2023\/04\/Tiras-Setembro-22_06-768x220.webp 768w, https:\/\/nalua.in\/notas\/wp-content\/uploads\/2023\/04\/Tiras-Setembro-22_06-150x43.webp 150w\" sizes=\"auto, (max-width: 972px) 100vw, 972px\" \/><figcaption id=\"caption-attachment-430\" class=\"wp-caption-text\">Laerte<\/figcaption><\/figure>\n<hr \/>\n<p style=\"text-align: center;\"><strong>Num outro 23 de abril, com bastante raiva, escreveu Miguel Torga em seu di\u00e1rio:<\/strong><\/p>\n<p style=\"text-align: justify;\">Coimbra, 23 de Abril de 1975 &#8211; <em>\u00c0s vezes apetece desabafar, n\u00e3o ao ralo de um di\u00e1rio, mas publicamente, alto e bom som. Atirar aos quatro ventos meia d\u00fazia de verdades de que ningu\u00e9m suspeita, e s\u00e3o cil\u00edcios cravados no cora\u00e7\u00e3o. Mas o pudor, em certos casos, pode mais que o desespero. E calo-me. Al\u00e9m de nada me garantir que o feiti\u00e7o se n\u00e3o voltasse contra o feiticeiro. N\u00e3o h\u00e1 que fiar nesse pacto formal de coniv\u00eancias que d\u00e1 pelo nome de senso comum. S\u00f3 pelo facto de o ser, o poeta \u00e9 um esc\u00e2ndalo universal. Tudo o que ele parece \u00e9 o que ele n\u00e3o \u00e9. Simplesmente e coerentemente, os ju\u00edzos que o condenam baseiam-se nessa apar\u00eancia. E n\u00e3o h\u00e1 volta a dar-lhe. Em todas as circunst\u00e2ncias a culpa \u00e9 toda sua. A culpa, precisamente, de ser poeta.<\/em><\/p>\n<p style=\"text-align: right;\"><strong>Miguel Torga \u2013 Di\u00e1rio &#8211; Volumes IX a XII \u2013 Editora Dom Quixote<\/strong><\/p>\n<hr \/>\n<h2 style=\"text-align: center;\">Or\u00e1culos da Semana<\/h2>\n<p style=\"text-align: justify;\">O cavaleiro de paus esta semana vem protegido por S\u00e3o Jorge. E n\u00f3s, protegidos por eles e pelo poder dos livros, com as ben\u00e7\u00e3os de Shakespeare e Cervantes. O fio que o cavaleiro de paus traz para gente desembolar \u00e9 a <strong>raiva<\/strong>. Como cavaleiro, seu <em>motif<\/em> principal \u00e9 a <strong>honra<\/strong>. Nenhum dos cavaleiros chega a tal posi\u00e7\u00e3o sem <strong>honra<\/strong>, sem <strong>lealdade<\/strong> ou <strong>bravura<\/strong>. Ent\u00e3o podemos esperar que tenhamos que lan\u00e7ar m\u00e3o desses atributos essa semana. Vejamos com cuidado quais assuntos precisam ser tratados nessa semana com lealdade, bravura e honra.<br \/>\nMas a real conversa que precisamos ter conosco mesmo \u00e9 sobre a <strong>raiva<\/strong>. Sobre a raiva que vem junto com o <strong>duplo fogo<\/strong> do cavaleiro de Paus. Esse \u00e9 um cavaleiro cheio de raiva. Justificada. E \u00e9 disso que ele quer tratar, dessa raiva que move o mundo, mas que num segundo pode se derramar em <strong>lava destruidora<\/strong>. A raiva tem um poder criador incompar\u00e1vel. Podemos aproveitar essa raiva presa no peito e <strong>criar, criar, criar<\/strong>. O Cavaleiro nos d\u00e1 carta branca pra liberar essa raiva de forma criativa. Conseguiremos? <em>Quem sabe<\/em>? S\u00f3 n\u00e3o nos deixemos consumir nessa lava de <strong>ira<\/strong> e <strong>rancor<\/strong>. Vejamos que rancor \u00e9 mais que raiva, rancor \u00e9 ran\u00e7o, \u00e9 a raiva que j\u00e1 azedou. Anti criativo, ele \u00e9. Ent\u00e3o n\u00e3o \u00e9 pelo caminho do rancor. Vamos usar essa raiva presa no peito pra compor can\u00e7\u00f5es, cachec\u00f3is de croch\u00ea, pinturas de parede, tortas de chocolate ou noites de sexo ardente.<\/p>\n<p style=\"text-align: justify;\">Vamos lembrar tamb\u00e9m que estamos sob a prote\u00e7\u00e3o de s\u00e3o Jorge, que mata todos os drag\u00f5es, e o faz na for\u00e7a da maior raiva poss\u00edvel. Nesta semana ele mata os drag\u00f5es \u00e0 nossa frente, para que possamos passar com nossas echarpes de tric\u00f4 e escritos mal ajambrados. Mas que \u2013 tamb\u00e9m \u2013 s\u00e3o arte. Mesmo que seja arte nascida do <em>Cora\u00e7\u00e3o das Trevas<\/em> (ali\u00e1s um livro que escoa raiva por todos os poros).<br \/>\n<em>Salve Jorge.<\/em><\/p>\n<hr \/>\n<table style=\"width: 100%; border-collapse: collapse; background-color: #f7db94;\">\n<tbody>\n<tr>\n<td style=\"width: 100%;\"><img loading=\"lazy\" decoding=\"async\" class=\"aligncenter wp-image-431 size-full\" src=\"https:\/\/nalua.in\/notas\/wp-content\/uploads\/2023\/04\/cavaleirodepausp.jpg\" alt=\"\" width=\"350\" height=\"708\" srcset=\"https:\/\/nalua.in\/notas\/wp-content\/uploads\/2023\/04\/cavaleirodepausp.jpg 350w, https:\/\/nalua.in\/notas\/wp-content\/uploads\/2023\/04\/cavaleirodepausp-148x300.jpg 148w, https:\/\/nalua.in\/notas\/wp-content\/uploads\/2023\/04\/cavaleirodepausp-150x303.jpg 150w\" sizes=\"auto, (max-width: 350px) 100vw, 350px\" \/><\/td>\n<\/tr>\n<\/tbody>\n<\/table>\n<p style=\"text-align: justify;\">Essa carta representa <strong>energia<\/strong>, <strong>aventura<\/strong>, <strong>coragem<\/strong> e <strong>paix\u00e3o<\/strong>. Ela chama para a aventura. O Cavaleiro de Paus est\u00e1 pronto para partir para uma miss\u00e3o, sem saber o que vai encontrar pelo caminho. Ele \u00e9 impulsivo, entusiasmado e otimista. Ele n\u00e3o se preocupa com os detalhes ou com as consequ\u00eancias. Ele simplesmente se lan\u00e7a na situa\u00e7\u00e3o, confiando na sorte e intui\u00e7\u00e3o.<\/p>\n<p style=\"text-align: justify;\">Essa carta pode trazer <strong>boas surpresas<\/strong> para a nossa vida, como novas <strong>oportunidades, viagens, paix\u00f5es, mudan\u00e7as de curso e aventuras<\/strong>. Ela nos estimula a aproveitar cada segundo; o Cavaleiro vem e vai sem aviso pr\u00e9vio. Devemos ter coragem para enfrentar os desafios e os riscos que surgirem, sem (muita) <strong>irresponsabilidade<\/strong>. Que as aventuras sejam bem-vindas, mas n\u00e3o nos deixemos seduzir pela <strong>arrog\u00e2ncia<\/strong> que \u00e0s vezes pode vir com a <strong>liberdade<\/strong> e a <strong>aventura<\/strong>.<\/p>\n<p style=\"text-align: justify;\">Essa carta \u00e9 o <strong>impulso que faltava para colocar em pr\u00e1tica nossos planos<\/strong>. Caso voc\u00ea n\u00e3o tenha prestado aten\u00e7\u00e3o ao enredo das \u00faltimas cartas, o Cavaleiro apareceu, sob a escolta de Jorge da Capad\u00f3cia para que voc\u00ea <strong>entre em a\u00e7\u00e3o<\/strong>. \u00c9 isso que as cartas nos t\u00eam convocado a fazer, desde a primeira: colocar os planos em a\u00e7\u00e3o. \u00c9 hora, <em>Jorge sentou pra\u00e7a na cavalaria<\/em>, o momento \u00e9 perfeito.<\/p>\n<p style=\"text-align: justify;\">O cavaleiro de paus aparece num vento forte, ele vem apressado, cavalgando muito r\u00e1pido, levantando muita poeira. Ele ajuda a resolver o seu problema, <strong>coloca as coisas em movimento<\/strong>, encanta com sua capacidade de a\u00e7\u00e3o. Mas ele \u00e9 um <strong>ego\u00edsta nato<\/strong> e coloca seu pr\u00f3prio bem-estar em primeiro lugar. Por isso ele vai embora assim que cansa ou vislumbra outras possibilidades de aventura. \u00c9 bom aproveitar a companhia desse mo\u00e7o, enquanto ele ainda est\u00e1, pois a paci\u00eancia dele n\u00e3o \u00e9 grande.<\/p>\n<table style=\"width: 100%; border-collapse: collapse; background-color: #94b3b3;\">\n<tbody>\n<tr>\n<td style=\"width: 100%;\">\n<p style=\"text-align: center;\"><img loading=\"lazy\" decoding=\"async\" class=\"wp-image-428 size-full aligncenter\" src=\"https:\/\/nalua.in\/notas\/wp-content\/uploads\/2023\/04\/saojorgep.jpeg\" alt=\"\" width=\"350\" height=\"645\" srcset=\"https:\/\/nalua.in\/notas\/wp-content\/uploads\/2023\/04\/saojorgep.jpeg 350w, https:\/\/nalua.in\/notas\/wp-content\/uploads\/2023\/04\/saojorgep-163x300.jpeg 163w, https:\/\/nalua.in\/notas\/wp-content\/uploads\/2023\/04\/saojorgep-150x276.jpeg 150w\" sizes=\"auto, (max-width: 350px) 100vw, 350px\" \/><\/p>\n<p style=\"text-align: center;\"><strong><span style=\"font-size: 14pt;\">Carta 42<\/span><\/strong><\/p>\n<p style=\"text-align: center;\"><strong>Eu andarei vestido e armado com as armas de S\u00e3o Jorge para que meus inimigos, tendo p\u00e9s n\u00e3o me alcancem, tendo m\u00e3os n\u00e3o me peguem, tendo olhos n\u00e3o me vejam, e nem em pensamentos eles possam me fazer mal.<\/strong><\/p>\n<p style=\"text-align: center;\"><strong>Armas de fogo o meu corpo n\u00e3o alcan\u00e7ar\u00e3o, facas e lan\u00e7as se quebrem sem o meu corpo tocar, cordas e correntes se arrebentem sem o meu corpo amarrar.<\/strong><\/p>\n<p style=\"text-align: center;\"><strong>Jesus Cristo, me proteja e me defenda com o poder de sua santa e divina gra\u00e7a, Virgem de Nazar\u00e9, me cubra com o seu manto sagrado e divino, protegendo-me em todas as minhas dores e afli\u00e7\u00f5es, e Deus, com sua divina miseric\u00f3rdia e grande poder, seja meu defensor contra as maldades e persegui\u00e7\u00f5es dos meu inimigos.<\/strong><\/p>\n<p style=\"text-align: center;\"><strong>Glorioso S\u00e3o Jorge, em nome de Deus, estenda-me o seu escudo e as suas poderosas armas, defendendo-me com a sua for\u00e7a e com a sua grandeza, e que debaixo das patas de seu fiel ginete meus inimigos fiquem humildes e submissos a v\u00f3s. Assim seja com o poder de Deus, de Jesus e da falange do Divino Esp\u00edrito Santo.<\/strong><\/p>\n<p style=\"text-align: center;\"><em><strong>\u00a0<\/strong><strong>S\u00e3o Jorge Rogai por N\u00f3s.<\/strong><\/em><\/p>\n<p style=\"text-align: center;\">\u2663<\/p>\n<p style=\"text-align: center;\"><em>Tar\u00f4 Vozes dos Santos<\/em><\/p>\n<p>&nbsp;<\/td>\n<\/tr>\n<\/tbody>\n<\/table>\n<h2 style=\"text-align: center;\"><strong>Um texto para a semana dos cavaleiros andantes<\/strong><\/h2>\n<p style=\"text-align: justify;\"><em>A vida n\u00e3o se interessa pelo bem nem pelo mal. Dom Quixote estava sempre escolhendo entre o bem e o mal, mas fazia essas escolhas no seu estado de sonho. Ele era maluco. S\u00f3 entrava na realidade quando estava t\u00e3o ocupado tentando lidar com as pessoas que n\u00e3o tinha tempo de distinguir entre o bem e o mal. Como as pessoas s\u00f3 existem na vida, precisam dedicar seu tempo apenas a estarem vivas. A vida \u00e9 movimento, e o movimento est\u00e1 ligado \u00e0quilo que faz com que o homem se movimente \u2014 que \u00e9 a ambi\u00e7\u00e3o, o poder, o prazer. O tempo que um homem pode dedicar \u00e0 moralidade, ele sempre o ter\u00e1 de arrancar \u00e0 for\u00e7a do movimento do qual faz parte. Ele \u00e9 compelido a fazer escolhas entre o bem e o mal, cedo ou tarde, porque a consci\u00eancia moral exige isso dele, para que ele possa continuar a viver consigo mesmo no dia seguinte. Sua consci\u00eancia moral \u00e9 a maldi\u00e7\u00e3o que ele tem de aceitar dos deuses, a fim de obter deles o direito de sonhar.<\/em><\/p>\n<p style=\"text-align: right;\"><strong>William Faulkner \u2013 Entrevista \u00e0 Paris Review \u2013 A arte da fic\u00e7\u00e3o 12<\/strong><\/p>\n<hr \/>\n<h2 style=\"text-align: center;\"><strong>Ler &amp; Assistir em Capad\u00f3cia<\/strong><\/h2>\n<p style=\"text-align: justify;\"><em>\u00a0Temos uma semana com dois cavaleiros. E aconteceu uma coisa engra\u00e7ada. Eu n\u00e3o sorteei S\u00e3o Jorge, era muito \u00f3bvio que essa semana \u00e9 dele, que ele nos protegeria, fosse como fosse. Um santo de tantas maneiras t\u00e3o importante para n\u00f3s, brasileiros, no seu pr\u00f3prio dia Estava dado. Mas o tar\u00f4 eu tirei, como toda semana. E \u00e0s vezes \u00e9 poss\u00edvel ver a dan\u00e7a do universo nessas coisas pequenas. Apareceu um cavaleiro que <strong>muitas vezes<\/strong> \u00e9 associado com S\u00e3o Jorge.\u00a0 \u00c9 bem bonito n\u00e9?<\/em><\/p>\n<p style=\"text-align: center;\">\u2663<\/p>\n<p style=\"text-align: justify;\"><em>A arte sobre a cavalaria e sobre cavaleiros honrados e fascinantes e nem tanto, \u00e9 grande, sobram refer\u00eancias e indica\u00e7\u00f5es. Tudo sobre a Idade M\u00e9dia tem a ver com os temas da semana. Estamos em uma semana bem medieval no imagin\u00e1rio positivo, precisamos urgentemente dos cavaleiros que venham nos ajudar. \u00a0Eu adoraria poder indicar a mo\u00e7a que escreveu sobre o lado feminino das lendas arturianas, mas no caso dela \u00e9 muito complicado separar autor e obra. Se bem que s\u00f3 esse coment\u00e1rio j\u00e1 \u00e9 uma indica\u00e7\u00e3o. Enfim, os novos tempos, para o bem e para o mal, \u00e9 aqui que estamos. E eu me perdoei nessas indica\u00e7\u00f5es porque n\u00e3o h\u00e1 nada mais padr\u00e3o do que a cavalaria. Aproveitemos o ocaso com as armas de Jorge.<\/em><\/p>\n<hr \/>\n<h3 style=\"text-align: center;\">Livros<\/h3>\n<p><img loading=\"lazy\" decoding=\"async\" class=\"wp-image-432 size-medium alignleft\" src=\"https:\/\/nalua.in\/notas\/wp-content\/uploads\/2023\/04\/eoventolevoup-210x300.jpg\" alt=\"\" width=\"210\" height=\"300\" srcset=\"https:\/\/nalua.in\/notas\/wp-content\/uploads\/2023\/04\/eoventolevoup-210x300.jpg 210w, https:\/\/nalua.in\/notas\/wp-content\/uploads\/2023\/04\/eoventolevoup-150x214.jpg 150w, https:\/\/nalua.in\/notas\/wp-content\/uploads\/2023\/04\/eoventolevoup.jpg 350w\" sizes=\"auto, (max-width: 210px) 100vw, 210px\" \/><\/p>\n<p style=\"text-align: justify;\"><em><strong>E O Vento Levou &#8211; Margaret Mitchell<\/strong><\/em><\/p>\n<p style=\"text-align: justify;\"><em><strong>Estranho, talvez? Acho que n\u00e3o. Fa\u00e7o essa indica\u00e7\u00e3o em primeiro lugar porque \u00e9 um livro maravilhoso, e depois porque nada me tira da cabe\u00e7a que Rhett Butler \u00e9 o personagem mais cavaleiro de paus dentre todos os n\u00e3o t\u00e3o \u00f3bvios. Ele veio, ajudou no que pode, tentou conquistar, colocou as coisas todas em movimento, amou, mas uma hora seu amor pr\u00f3prio falou mais alto. Eu poderia indicar o livro que conta somente a hist\u00f3ria deste personagem, mas ainda n\u00e3o li. Ent\u00e3o fica a dica do livro, para percebermos como age o Cavaleiro de Paus.<\/strong><\/em><\/p>\n<p style=\"text-align: justify;\">***<\/p>\n<p style=\"text-align: justify;\"><em>E o Vento Levou<\/em> \u00e9 um cl\u00e1ssico da literatura norte-americana, escrito por Margaret Mitchell e publicado em 1936. O livro conta a hist\u00f3ria de Scarlett O&#8217;Hara, uma jovem sulista que vive na fazenda Tara, na Ge\u00f3rgia, durante a Guerra Civil Americana e a Reconstru\u00e7\u00e3o. Scarlett \u00e9 uma personagem complexa, que mistura tra\u00e7os de ego\u00edsmo, vaidade, coragem, determina\u00e7\u00e3o e amor. Ela se apaixona por Ashley Wilkes, um cavalheiro casado com sua prima Melanie, mas acaba se envolvendo com Rhett Butler, um aventureiro c\u00ednico e charmoso. O livro retrata as mudan\u00e7as sociais, pol\u00edticas e econ\u00f4micas que afetaram o Sul dos Estados Unidos ap\u00f3s a derrota na guerra, e como Scarlett luta para sobreviver e reconstruir sua vida. E o Vento Levou \u00e9 uma obra \u00e9pica, que combina romance, drama, hist\u00f3ria e cr\u00edtica social. O livro foi adaptado para o cinema em 1939, em um filme hom\u00f4nimo que ganhou oito Oscars e se tornou um dos maiores sucessos de bilheteria de todos os tempos.<\/p>\n<p style=\"text-align: justify;\">Hoje, em plenos anos 20, precisamos de olhos cr\u00edticos para ler este livro, fruto de outra \u00e9poca.<\/p>\n<hr \/>\n<p><img loading=\"lazy\" decoding=\"async\" class=\"wp-image-433 size-medium alignright\" src=\"https:\/\/nalua.in\/notas\/wp-content\/uploads\/2023\/04\/cavaleiroinexistentep-208x300.jpg\" alt=\"\" width=\"208\" height=\"300\" srcset=\"https:\/\/nalua.in\/notas\/wp-content\/uploads\/2023\/04\/cavaleiroinexistentep-208x300.jpg 208w, https:\/\/nalua.in\/notas\/wp-content\/uploads\/2023\/04\/cavaleiroinexistentep-150x216.jpg 150w, https:\/\/nalua.in\/notas\/wp-content\/uploads\/2023\/04\/cavaleiroinexistentep.jpg 350w\" sizes=\"auto, (max-width: 208px) 100vw, 208px\" \/><em><strong>O Cavaleiro Inexistente \u2013 \u00cdtalo Calvino<\/strong><\/em><\/p>\n<p><em><strong>Acho que Italo Calvino dispensa justificativas. \u00c9 um livro que tem todo o clima da cavalaria, que \u00e9 gostoso de ler, \u00e9 curto e vai encher mais um pouco seu ba\u00fa de refer\u00eancias.<\/strong><\/em><\/p>\n<p>***<\/p>\n<p style=\"text-align: justify;\">O Cavaleiro Inexistente, de Italo Calvino, \u00e9 um livro que mistura humor, fantasia e cr\u00edtica social. O protagonista \u00e9 Agilulfo, um cavaleiro da corte de Carlos Magno que n\u00e3o existe: dentro da sua armadura branca e brilhante n\u00e3o h\u00e1 nada, apenas o vazio. Agilulfo \u00e9 um exemplo de perfei\u00e7\u00e3o, honra e lealdade, mas tamb\u00e9m de rigidez e frieza. Ele vive em busca de uma identidade que nunca teve, e que tenta provar atrav\u00e9s de documentos e testemunhas.\u00a0O livro faz parte da trilogia Nossos Antepassados, que re\u00fane tr\u00eas hist\u00f3rias ambientadas na Idade M\u00e9dia, mas que refletem sobre quest\u00f5es universais e atemporais, como a natureza humana, a liberdade, a mem\u00f3ria e a imagina\u00e7\u00e3o. Calvino usa como narradora uma freira que escreve a hist\u00f3ria de Agilulfo como uma penit\u00eancia imposta pelo seu confessor.<\/p>\n<p style=\"text-align: justify;\">O Cavaleiro Inexistente \u00e9 uma obra divertida e inteligente, que brinca com os clich\u00eas dos romances de cavalaria e ao mesmo tempo questiona o sentido da exist\u00eancia e da realidade.<\/p>\n<p>&nbsp;<\/p>\n<hr \/>\n<p>HQ<\/p>\n<p><strong> S\u00e3o Jorge &#8211; Danilo Beyruth<\/strong><\/p>\n<p><img loading=\"lazy\" decoding=\"async\" class=\"alignleft wp-image-434 size-medium\" src=\"https:\/\/nalua.in\/notas\/wp-content\/uploads\/2023\/04\/saojorgehqp-202x300.jpg\" alt=\"\" width=\"202\" height=\"300\" srcset=\"https:\/\/nalua.in\/notas\/wp-content\/uploads\/2023\/04\/saojorgehqp-202x300.jpg 202w, https:\/\/nalua.in\/notas\/wp-content\/uploads\/2023\/04\/saojorgehqp-150x223.jpg 150w, https:\/\/nalua.in\/notas\/wp-content\/uploads\/2023\/04\/saojorgehqp.jpg 350w\" sizes=\"auto, (max-width: 202px) 100vw, 202px\" \/> <em><strong>Uma HQ deliciosa, super bem desenha da e bem escrita, que conta de um jeito muito interessante toda a hist\u00f3ria de Jorge da Capad\u00f3cia. Vale a leitura demais, \u00e9 muito boa e informa muito bem sobre a vida desse santo t\u00e3o presente no nosso imagin\u00e1rio.<\/strong><\/em><\/p>\n<p>**<\/p>\n<p>No terceiro s\u00e9culo depois de Cristo, o soldado romano Jorge enfrenta os inimigos do imp\u00e9rio em Alexandria, enquanto uma rede de intrigas se forma no pal\u00e1cio do imperador para impedir sua ascens\u00e3o. Isso leva a uma jornada \u00e9pica que o colocar\u00e1 frente a frente com uma criatura monstruosa e o far\u00e1 caminhar para se tornar uma lenda.<\/p>\n<p>Escrito e desenhado por Danilo Beyruth (Graphic MSP Astronauta, Corso), S\u00e3o Jorge mistura mito e pesquisa hist\u00f3rica para reconstruir a biografia do m\u00e1rtir crist\u00e3o.<\/p>\n<hr \/>\n<p><img loading=\"lazy\" decoding=\"async\" class=\"wp-image-436 size-medium alignright\" src=\"https:\/\/nalua.in\/notas\/wp-content\/uploads\/2023\/04\/lancelotdulacp-215x300.jpg\" alt=\"\" width=\"215\" height=\"300\" srcset=\"https:\/\/nalua.in\/notas\/wp-content\/uploads\/2023\/04\/lancelotdulacp-215x300.jpg 215w, https:\/\/nalua.in\/notas\/wp-content\/uploads\/2023\/04\/lancelotdulacp-150x210.jpg 150w, https:\/\/nalua.in\/notas\/wp-content\/uploads\/2023\/04\/lancelotdulacp.jpg 350w\" sizes=\"auto, (max-width: 215px) 100vw, 215px\" \/><\/p>\n<p><strong>Filme<\/strong><\/p>\n<p>Lancelote do Lago &#8211; Robert Bresson &#8211; 19741<strong>\u00a0<\/strong><\/p>\n<p style=\"text-align: justify;\"><em><strong>Outro cavaleiro de paus \u00e9 o personagem das lendas arturianas Sir Lancelot. Escolhi um filme sobre ele completamente diferente do que costumam ser os filmes de cavalaria. \u00c9 um filme de Robert Bresson, correto do ponto de vista hist\u00f3rico e bastante seco e anti glamouroso, mostrando uma idade m\u00e9dia muito mais pr\u00f3xima do que deve realmente ter sido, sem grandiosidades, apenas a secura e feiura das guerras e da ganancia e soberba humanas.<\/strong><\/em><\/p>\n<p style=\"text-align: justify;\">**<br \/>\n\u00c1 sua moda, Bresson trata aqui da busca espiritual do Graal. Lancelot, o cavaleiro da T\u00e1vola Redonda coloca sua fidelidade ao rei Artur acima do amor que tem por Guinevere, a esposa do rei. \u201cAntes de Bresson, nenhum cineasta tinha passado t\u00e3o bem a realidade dessa \u00e9poca da hist\u00f3ria. Em sua busca pelo absoluto, ele fica nesta regi\u00e3o fronteiri\u00e7a da consci\u00eancia em que a imagina\u00e7\u00e3o permite ao talento do artista se aproximar da perfei\u00e7\u00e3o\u201d, escreveu o jornal France Soir, em 1974. Mais uma obra-prima do mestre franc\u00eas Bresson.<\/p>\n<hr \/>\n<h3 style=\"text-align: center;\"><img loading=\"lazy\" decoding=\"async\" class=\"alignleft wp-image-439 size-medium\" src=\"https:\/\/nalua.in\/notas\/wp-content\/uploads\/2023\/04\/templariosp-210x300.jpg\" alt=\"\" width=\"210\" height=\"300\" srcset=\"https:\/\/nalua.in\/notas\/wp-content\/uploads\/2023\/04\/templariosp-210x300.jpg 210w, https:\/\/nalua.in\/notas\/wp-content\/uploads\/2023\/04\/templariosp-150x214.jpg 150w, https:\/\/nalua.in\/notas\/wp-content\/uploads\/2023\/04\/templariosp.jpg 350w\" sizes=\"auto, (max-width: 210px) 100vw, 210px\" \/>S\u00e9rie<\/h3>\n<p><strong>Templ\u00e1rios &#8211; 2017 &#8211; History Channel<\/strong><\/p>\n<p><strong><em>Indico a s\u00e9rie Templ\u00e1rios para uma imers\u00e3o no universo dos cavaleiros, porque dizem que os templ\u00e1rios que tornaram a cavalaria famosa. Pra mergulhar um pouco no mundo e no ide\u00e1rio dos cavaleiros.\u00a0<\/em><\/strong><\/p>\n<p style=\"text-align: justify;\">**<br \/>\nKnightfall \u00e9 uma s\u00e9rie de televis\u00e3o hist\u00f3rica dram\u00e1tica que estreou em 2017. A s\u00e9rie segue a Ordem dos Templ\u00e1rios na Fran\u00e7a do s\u00e9culo 14, no per\u00edodo que antecede a queda da ordem. A trama se concentra em torno do l\u00edder dos Templ\u00e1rios, Landry de Lauzon, interpretado por Tom Cullen, que luta para proteger a ordem enquanto enfrenta inimigos internos e externos.\u00a0A s\u00e9rie \u00e9 conhecida por sua reconstitui\u00e7\u00e3o precisa da \u00e9poca, com aten\u00e7\u00e3o aos detalhes na ambienta\u00e7\u00e3o, figurinos e cen\u00e1rios. Al\u00e9m disso, a s\u00e9rie \u00e9 marcada por cenas de a\u00e7\u00e3o intensas e bem coreografadas, com batalhas \u00e9picas e duelos de espadas que mant\u00eam os espectadores entretidos.<\/p>\n<p style=\"text-align: justify;\">Embora tenha sido elogiada por sua produ\u00e7\u00e3o de alta qualidade e trama envolvente, a s\u00e9rie recebeu algumas cr\u00edticas por sua narrativa um tanto lenta e algumas inconsist\u00eancias hist\u00f3ricas. No entanto, os f\u00e3s da s\u00e9rie apreciam sua fidelidade aos acontecimentos reais e a abordagem emocionante de um momento crucial na hist\u00f3ria europeia.<\/p>\n<p style=\"text-align: justify;\">Knightfall teve duas temporadas com um total de 18 epis\u00f3dios e foi transmitida pela History Channel nos Estados Unidos e pela Netflix em outros pa\u00edses.<\/p>\n<hr \/>\n<table style=\"width: 100%; border-collapse: collapse; background-color: #cccccc;\">\n<tbody>\n<tr>\n<td style=\"width: 100%;\">\n<h3 style=\"text-align: center;\"><span style=\"font-size: 14pt;\">O Cavalo e o Cavaleiro<\/span><\/h3>\n<p>Pois ainda que pare\u00e7a incr\u00edvel, quando o homem chegou \u00e0s portas do c\u00e9u, S\u00e3o Pedro disse:<\/p>\n<p>\u201c- N\u00e3o pode entrar!\u201d<\/p>\n<p>\u201c- Como n\u00e3o posso entrar? Tenho folha corrida de bons antecedentes e tenho bons antecedentes mesmo.\u201d<\/p>\n<p>\u201c- Sei &#8211; respondeu Saint Pierre &#8211; mas no c\u00e9u ningu\u00e9m entra sem cavalo.\u201d<\/p>\n<p>E o homem, n\u00e3o podendo argumentar com Saint Peter, voltou. No caminho encontrou um velho amigo e perguntou a ele aonde ia. Disse o amigo que ao c\u00e9u. Ele lhe explicou ent\u00e3o que, sem cavalo, \u201cneca\u201d. O amigo ent\u00e3o sugeriu: \u201cOlha aqui, San Pietro j\u00e1 est\u00e1 velho. Voc\u00ea fica de quatro, eu monto em voc\u00ea. Ele n\u00e3o percebe nada porque j\u00e1 est\u00e1 velho e m\u00edope e n\u00f3s entramos no c\u00e9u.\u201d E assim fizeram. Na porta, o Santo olhou o nosso her\u00f3i:<\/p>\n<p>\u201cOpa, voc\u00ea de novo? Ah, conseguiu cavalo, hem? Muito bem, amarre o cavalo a\u00ed fora e pode entrar.\u201d<\/p>\n<p style=\"text-align: right;\"><strong>Mill\u00f4r Fernandes \u2013 Fabulas Fabulosas<\/strong><\/p>\n<\/td>\n<\/tr>\n<\/tbody>\n<\/table>\n<h3 style=\"text-align: center;\">R\u00e1dio Rel\u00f3gio<\/h3>\n<h4><em>\u2013 Curiosidade sobre os livros, no dia deles<\/em><\/h4>\n<ul>\n<li style=\"text-align: justify;\">O primeiro texto assinado no mundo foi escrito por uma mulher, Enheduana. Ela foi uma sacerdotisa e escritora sum\u00e9ria que viveu no s\u00e9culo XXIV a.C. Enheduana comp\u00f4s hinos religiosos dedicados \u00e0 deusa Inana e ao deus Nana. Seus textos revelam sua vis\u00e3o pessoal sobre o mundo, sua f\u00e9 e sua posi\u00e7\u00e3o pol\u00edtica.<\/li>\n<li style=\"text-align: justify;\">Tsundoku \u00e9 um termo japon\u00eas que se refere ao h\u00e1bito de comprar livros, mas nunca chegar a l\u00ea-los, deixando-os acumulando-se em uma pilha de leitura. O termo \u00e9 formado por duas palavras: &#8220;tsunde&#8221; que significa empilhar e &#8220;oku&#8221; que significa ler. \u00c9 comum que os livros acumulados sejam deixados em um local espec\u00edfico da casa, como uma estante ou uma mesa, e que o propriet\u00e1rio tenha a inten\u00e7\u00e3o de l\u00ea-los eventualmente, mas que nunca encontre tempo ou disposi\u00e7\u00e3o para faz\u00ea-lo. O h\u00e1bito de tsundoku \u00e9 comum em todo o mundo, n\u00e3o apenas no Jap\u00e3o.<\/li>\n<\/ul>\n<hr \/>\n<p style=\"text-align: center;\"><span style=\"font-size: 8pt;\">23 de abril \u00e9 o 113.\u00ba dia do ano no calend\u00e1rio gregoriano (114.\u00ba em anos bissextos). Faltam 252 dias para acabar o ano.<\/span><\/p>\n<table style=\"width: 100%; border-collapse: collapse; background-color: #87cded;\">\n<tbody>\n<tr>\n<td style=\"width: 100%; text-align: center;\">\u201cQuando a espada \u00e9 curta, d\u00e1-se mais um passo..\u201d<\/p>\n<p>Ditado Popular<\/td>\n<\/tr>\n<\/tbody>\n<\/table>\n<hr \/>\n<p style=\"text-align: center;\"><em>Se voc\u00ea leu at\u00e9 aqui, obrigada! Esse \u00e9 o meu almanaque particular. Um peda\u00e7o do meu di\u00e1rio, um registro de pequenas efem\u00e9rides, de coisas que quero guardar, do tempo, do vento, do c\u00e9u e do cheiro da chuva. Os Vest\u00edgios do Dia, meu dia.<\/em><\/p>\n<hr \/>\n<table style=\"width: 100%; border-collapse: collapse; background-color: #ed8a9f;\">\n<tbody>\n<tr>\n<td style=\"width: 1376.2px; background-color: #ed8a9f; text-align: center;\"><span style=\"font-size: 10pt;\">\u00a9 Nalua \u2013 Caderninho pessoal, bauzinho de trapos coloridos, nos morros de Minas Gerais. Outono, gra\u00e7as aos c\u00e9us.<\/span><\/td>\n<\/tr>\n<\/tbody>\n<\/table>\n<p>&nbsp;<\/p>\n","protected":false},"excerpt":{"rendered":"<p>\u00c9 certeza que um vento louco atr\u00e1s vem &nbsp; Belo Horizonte,\u00a023 de abril de 2023\u00a0 \ud83c\udf25\ufe0f 23\u00b0 \u2013 15\u00b0 Dia Mundial do Livro, dia nacional [&#8230;]<\/p>\n","protected":false},"author":1,"featured_media":0,"comment_status":"open","ping_status":"open","sticky":false,"template":"","format":"standard","meta":{"footnotes":""},"categories":[9,13,10,5,12],"tags":[],"class_list":["post-427","post","type-post","status-publish","format-standard","hentry","category-almanaque","category-carta-semanal","category-jardim","category-newsletter","category-oraculo"],"_links":{"self":[{"href":"https:\/\/nalua.in\/notas\/wp-json\/wp\/v2\/posts\/427","targetHints":{"allow":["GET"]}}],"collection":[{"href":"https:\/\/nalua.in\/notas\/wp-json\/wp\/v2\/posts"}],"about":[{"href":"https:\/\/nalua.in\/notas\/wp-json\/wp\/v2\/types\/post"}],"author":[{"embeddable":true,"href":"https:\/\/nalua.in\/notas\/wp-json\/wp\/v2\/users\/1"}],"replies":[{"embeddable":true,"href":"https:\/\/nalua.in\/notas\/wp-json\/wp\/v2\/comments?post=427"}],"version-history":[{"count":9,"href":"https:\/\/nalua.in\/notas\/wp-json\/wp\/v2\/posts\/427\/revisions"}],"predecessor-version":[{"id":483,"href":"https:\/\/nalua.in\/notas\/wp-json\/wp\/v2\/posts\/427\/revisions\/483"}],"wp:attachment":[{"href":"https:\/\/nalua.in\/notas\/wp-json\/wp\/v2\/media?parent=427"}],"wp:term":[{"taxonomy":"category","embeddable":true,"href":"https:\/\/nalua.in\/notas\/wp-json\/wp\/v2\/categories?post=427"},{"taxonomy":"post_tag","embeddable":true,"href":"https:\/\/nalua.in\/notas\/wp-json\/wp\/v2\/tags?post=427"}],"curies":[{"name":"wp","href":"https:\/\/api.w.org\/{rel}","templated":true}]}}