{"id":400,"date":"2023-04-15T18:25:16","date_gmt":"2023-04-15T18:25:16","guid":{"rendered":"https:\/\/nalua.in\/notas\/?p=400"},"modified":"2023-04-18T22:50:31","modified_gmt":"2023-04-18T22:50:31","slug":"e-o-ultimo-cigarro-eu-ainda-nao-fumei","status":"publish","type":"post","link":"https:\/\/nalua.in\/notas\/e-o-ultimo-cigarro-eu-ainda-nao-fumei\/","title":{"rendered":""},"content":{"rendered":"<p style=\"text-align: center;\"><a href=\"https:\/\/almanalua.blog\/diabo.ana.canas.html\" target=\"_blank\" rel=\"noopener\"><span style=\"font-size: 8pt;\">E o \u00faltimo cigarro eu ainda n\u00e3o fumei<\/span><\/a><\/p>\n<p><a href=\"http:\/\/almanalua.blog\/e-o-ultimo-cigarro-eu-ainda-nao-fumei\/\"><img loading=\"lazy\" decoding=\"async\" class=\"size-full wp-image-157 aligncenter\" src=\"http:\/\/almanalua.blog\/wp-content\/uploads\/2023\/02\/almanaque.jpg\" alt=\"\" width=\"1200\" height=\"300\" srcset=\"https:\/\/nalua.in\/notas\/wp-content\/uploads\/2023\/02\/almanaque.jpg 1200w, https:\/\/nalua.in\/notas\/wp-content\/uploads\/2023\/02\/almanaque-300x75.jpg 300w, https:\/\/nalua.in\/notas\/wp-content\/uploads\/2023\/02\/almanaque-1024x256.jpg 1024w, https:\/\/nalua.in\/notas\/wp-content\/uploads\/2023\/02\/almanaque-768x192.jpg 768w\" sizes=\"auto, (max-width: 1200px) 100vw, 1200px\" \/><\/a><\/p>\n<p style=\"text-align: center;\"><strong>Belo Horizonte, 16 de abril de 2023<\/strong><br \/>\n<strong>\u263c 28\u00b0 \u2013 18\u00b0<\/strong><\/p>\n<hr \/>\n<p style=\"text-align: justify;\">Dia da Voz e Dia Nacional da Dinamarca. Anivers\u00e1rio de \u00c1lvaro de Campos. Um dia depois do anivers\u00e1rio da <strong>Maria Ang\u00e9lica<\/strong>. Em <strong>1971<\/strong> nasceu Selena, em <strong>1889<\/strong>, nascia Charlie Chaplin e em <strong>1965<\/strong>, Martin Lawrence. Em <strong>2020<\/strong> num <strong>16 de abril<\/strong> nos deixava Christophe, artista franc\u00eas que comp\u00f4s a m\u00fasica <a href=\"https:\/\/almanalua.blog\/aline.html\" target=\"_blank\" rel=\"noopener\">Aline<\/a>, e por causa dela tenho esse segundo nome. Em <strong>2018<\/strong> nos deixava Dona Ivone Lara, uma das brasileiras mais interessantes da nossa hist\u00f3ria.<\/p>\n<hr \/>\n<p style=\"text-align: center;\"><em>Rasteja e espreita<\/em><br \/>\n<em>Levita e deleita<\/em><br \/>\n<em>\u00c9 negro. Com luz de ouro.<\/em><\/p>\n<p style=\"text-align: center;\"><em>\u00c9 branco e escuro.<\/em><br \/>\n<em>Tem muito de foice<\/em><br \/>\n<em>E furo.<\/em><\/p>\n<p style=\"text-align: center;\"><em>Se tu \u00e9s vidro<\/em><br \/>\n<em>\u00c9 punho. Estilha\u00e7a.<\/em><br \/>\n<em>\u00c9 murro.<\/em><\/p>\n<p style=\"text-align: center;\"><em>Se tu \u00e9s \u00e1gua<\/em><br \/>\n<em>\u00c9 tocha. \u00c9 m\u00e1quina<\/em><br \/>\n<em>Poderosa se tu \u00e9s rocha.<\/em><\/p>\n<p style=\"text-align: center;\"><em>Um olfato que aspira<\/em><br \/>\n<em>Teu rastro. Um construtor<\/em><br \/>\n<em>De finitudes gastas.<\/em><\/p>\n<p style=\"text-align: center;\"><em>\u00c9 Deus.<\/em><br \/>\n<em>Um sedutor nato.<\/em><\/p>\n<p style=\"text-align: center;\">\u221e<br \/>\n<strong>Hilda Hilst<\/strong><\/p>\n<hr \/>\n<p><img loading=\"lazy\" decoding=\"async\" class=\"aligncenter wp-image-409 \" src=\"http:\/\/almanalua.blog\/wp-content\/uploads\/2023\/04\/75_cartum4-1024x812.jpg\" alt=\"\" width=\"441\" height=\"350\" srcset=\"https:\/\/nalua.in\/notas\/wp-content\/uploads\/2023\/04\/75_cartum4-1024x812.jpg 1024w, https:\/\/nalua.in\/notas\/wp-content\/uploads\/2023\/04\/75_cartum4-300x238.jpg 300w, https:\/\/nalua.in\/notas\/wp-content\/uploads\/2023\/04\/75_cartum4-768x609.jpg 768w, https:\/\/nalua.in\/notas\/wp-content\/uploads\/2023\/04\/75_cartum4-150x119.jpg 150w, https:\/\/nalua.in\/notas\/wp-content\/uploads\/2023\/04\/75_cartum4.jpg 1200w\" sizes=\"auto, (max-width: 441px) 100vw, 441px\" \/><\/p>\n<hr \/>\n<p style=\"text-align: center;\"><span style=\"font-size: 14pt;\"><strong>Escreve Marina Tsvet\u00e1ieva em suas mem\u00f3rias da primeira inf\u00e2ncia, ela, que <em>tinha realmente um diabinho de estima\u00e7\u00e3o numa garrafa<\/em>:<\/strong><\/span><\/p>\n<p style=\"text-align: justify;\"><em>Deus era estranho, o Diabo familiar. Deus era frio, o Diabo quente. E nenhum deles era bom. E ningu\u00e9m &#8211; mau. Apenas um deles eu amava e conhecia, j\u00e1 o outro &#8211; n\u00e3o.\u00a0Um deles amava-me e conhecia-me, o outro &#8211; n\u00e3o. Um deles me era imposto com visitas \u00e0 igreja, estadas na igreja, com o lustre que se duplicava, pelo sono, diante de meus olhos: ele se separava e de novo se juntava &#8211; Aarons e Fara\u00f3s e toda a ladainha eslava, um deles me era imposto, j\u00e1 o outro existia por conta pr\u00f3pria e ningu\u00e9m sabia.<\/em><\/p>\n<p style=\"text-align: right;\"><strong>Marina Tsvet\u00e1ieva \u2013 O Diabo &#8211; Editora Kalinka<\/strong><\/p>\n<hr \/>\n<h2 style=\"text-align: center;\">Or\u00e1culos da Semana<\/h2>\n<h2 style=\"text-align: center;\"><img loading=\"lazy\" decoding=\"async\" class=\" wp-image-410 aligncenter\" src=\"http:\/\/almanalua.blog\/wp-content\/uploads\/2023\/04\/beastp.jpg\" alt=\"\" width=\"300\" height=\"413\" srcset=\"https:\/\/nalua.in\/notas\/wp-content\/uploads\/2023\/04\/beastp.jpg 352w, https:\/\/nalua.in\/notas\/wp-content\/uploads\/2023\/04\/beastp-218x300.jpg 218w, https:\/\/nalua.in\/notas\/wp-content\/uploads\/2023\/04\/beastp-150x207.jpg 150w\" sizes=\"auto, (max-width: 300px) 100vw, 300px\" \/><\/h2>\n<p style=\"text-align: center;\"><a href=\"https:\/\/photos.app.goo.gl\/R8DFebCffdVkH5TY8\" target=\"_blank\" rel=\"noopener\"><span style=\"font-size: 8pt;\">do meu tar\u00f4<\/span><\/a><\/p>\n<p style=\"text-align: justify;\">Essa semana vamos nos encontrar com o Diabo. E gra\u00e7as aos deuses, com a melhor carta do Mystisches Kipper, a carta 15. Temos duas cartas 15 aqui. Conv\u00e9m prestar aten\u00e7\u00e3o neste n\u00famero durante a semana.\u00a0A carta 15 do Mystisches \u00e9 o melhor complemento para o Diabo. Ela leva toda energia do Arcano trevoso para seu melhor lugar, um lugar de luz, esclarecimento e vontade firme.<\/p>\n<p style=\"text-align: justify;\">Nesta semana precisamos pensar naquilo que nos tira do s\u00e9rio. No que nos faz perder o autocontrole, no que faz aflorar nossas facetas menos nobres, mais feias, mais sujas. Precisamos limpar a sujeira que est\u00e1 debaixo dos nossos tapetes. E a carta 15 do Mystisches vai nos ajudar na miss\u00e3o de encarar o Tinhoso, o Sete Peles, o Cramulh\u00e3o.<\/p>\n<p style=\"text-align: justify;\"><em>Bom trabalho.<\/em><\/p>\n<table style=\"width: 100%; border-collapse: collapse; background-color: #facec3;\">\n<tbody>\n<tr>\n<td style=\"width: 100%;\">\n<h2 style=\"text-align: center;\">O DIABO &#8211; XV<\/h2>\n<p><img loading=\"lazy\" decoding=\"async\" class=\" wp-image-411 aligncenter\" src=\"http:\/\/almanalua.blog\/wp-content\/uploads\/2023\/04\/odiabowombp-1.jpg\" alt=\"\" width=\"300\" height=\"559\" srcset=\"https:\/\/nalua.in\/notas\/wp-content\/uploads\/2023\/04\/odiabowombp-1.jpg 350w, https:\/\/nalua.in\/notas\/wp-content\/uploads\/2023\/04\/odiabowombp-1-161x300.jpg 161w, https:\/\/nalua.in\/notas\/wp-content\/uploads\/2023\/04\/odiabowombp-1-150x279.jpg 150w\" sizes=\"auto, (max-width: 300px) 100vw, 300px\" \/><\/td>\n<\/tr>\n<\/tbody>\n<\/table>\n<p style=\"text-align: justify;\">O Diabo \u00e9 uma das cartas mais complexas do tar\u00f4. Muitas vezes, ela \u00e9 associada a for\u00e7as malignas, acontecimentos ruins, perdas. No entanto, essa interpreta\u00e7\u00e3o \u00e9 incompleta e ignora a complexidade e o simbolismo dessa carta.<br \/>\n<strong>\u00c9 bom encontrar o diabo logo cedo na jornada<\/strong>. Pois ele ensina onde est\u00e1 a nossa vilania e o nosso ponto cego. E quanto antes estivermos conscientes disso, mais tranquila poder\u00e1 ser a caminhada.<\/p>\n<p style=\"text-align: justify;\">O Diabo representa a sombra, a parte oculta e reprimida de n\u00f3s mesmos que pode se manifestar de formas destrutivas ou criativas. Ele tamb\u00e9m simboliza o poder, a sexualidade, a paix\u00e3o e a liberdade. Ele \u00e9 aquela parte nossa sobre a qual n\u00e3o temos nenhum, ou quase nenhum controle. Em que situa\u00e7\u00f5es perdemos nosso autocontrole? Onde essa perda nos traz preju\u00edzos incalcul\u00e1veis? Qual \u00e9 o assunto que nos faz perder as estribeiras, a cabe\u00e7a, o prumo e o rumo? Pois \u00e9 sobre isso que precisaremos pensar nestes dias. O diabo nos convida a reconhecer e aceitar os nossos desejos mais profundos. E a saber se s\u00e3o vi\u00e1veis ou n\u00e3o. Ele nos desafia a questionar normas e regras impostas pela sociedade, pela religi\u00e3o, pela moral ou pela cria\u00e7\u00e3o. Ele nos mostra que somos respons\u00e1veis pelas nossas escolhas e pelas suas consequ\u00eancias. Sim! <strong>\u00c9 sempre sobre as consequ\u00eancias de nossos atos <em>baby<\/em>.<\/strong> Nem com o diabo voc\u00ea pode responsabilizar outrem.<\/p>\n<p style=\"text-align: justify;\">N\u00e3o vamos nos esquecer que <strong>todos somos produtos do meio, do tempo, da Hist\u00f3ria<\/strong>. Mas o diabo est\u00e1 chamando para que voc\u00ea veja o que, nisso tudo, \u00e9 responsabilidade <strong>sua<\/strong>. Ningu\u00e9m vai lidar por voc\u00ea com seus dem\u00f4nios. Quanto antes voc\u00ea conhecer, nomear e souber lidar com seus diabretes, mais tranquilo ser\u00e1 retirar o lixo. Porque o diabo \u00e9 isso tamb\u00e9m, o lixo. <strong>Lixo \u00e9 o que est\u00e1 fora do lugar<\/strong>, e o diabo sempre mostra isso, o que em n\u00f3s, deixa de fazer sentido e \u00e9 preciso abandonar.<\/p>\n<p style=\"text-align: justify;\">A polaridade da carta do Diabo depende muito da forma como lidamos com as suas energias. Pode indicar uma situa\u00e7\u00e3o de <strong>depend\u00eancia, obsess\u00e3o, manipula\u00e7\u00e3o ou ilus\u00e3o<\/strong>. Nesse caso, ela nos alerta para os perigos de <strong>perdermos o controle<\/strong> ou a consci\u00eancia de n\u00f3s mesmos. Ela tamb\u00e9m pode indicar uma oportunidade de transforma\u00e7\u00e3o, liberta\u00e7\u00e3o, autoconhecimento ou express\u00e3o. Nesse caso, ela nos encoraja a explorar o nosso potencial e a nossa criatividade.<\/p>\n<p style=\"text-align: justify;\">O Diabo \u00e9 uma carta que nos convida a <strong>olhar para dentro de n\u00f3s mesmos<\/strong> e a enfrentar os nossos <strong>medos<\/strong> e as nossas <strong>sombras<\/strong>. Ele nos lembra que somos seres humanos, com qualidades e defeitos, virtudes e v\u00edcios, luzes e trevas. Ele nos prop\u00f5e um caminho de integra\u00e7\u00e3o e equil\u00edbrio entre os opostos que nos habitam. Ele nos ensina que n\u00e3o h\u00e1 bem nem mal absoluto, mas sim <strong>escolhas<\/strong> e <strong>consequ\u00eancias<\/strong>.<\/p>\n<table style=\"width: 100%; border-collapse: collapse; background-color: #a1dce6;\">\n<tbody>\n<tr>\n<td style=\"width: 100%;\"><img loading=\"lazy\" decoding=\"async\" class=\" wp-image-412 aligncenter\" src=\"http:\/\/almanalua.blog\/wp-content\/uploads\/2023\/04\/guter15p-1.jpg\" alt=\"\" width=\"300\" height=\"481\" srcset=\"https:\/\/nalua.in\/notas\/wp-content\/uploads\/2023\/04\/guter15p-1.jpg 350w, https:\/\/nalua.in\/notas\/wp-content\/uploads\/2023\/04\/guter15p-1-187x300.jpg 187w, https:\/\/nalua.in\/notas\/wp-content\/uploads\/2023\/04\/guter15p-1-150x240.jpg 150w\" sizes=\"auto, (max-width: 300px) 100vw, 300px\" \/><\/p>\n<p style=\"text-align: center;\"><span style=\"font-size: 14pt;\"><strong>Carta 15<\/strong><\/span><\/p>\n<p style=\"text-align: center;\"><strong>Esta carta \u00e9 considerada uma das melhores cartas de todas. Mesmo que a situa\u00e7\u00e3o geral seja dif\u00edcil, assim que a 15 entrar em jogo, suas pend\u00eancias e problemas em breve poder\u00e3o ser coisa do passado. Ela pode dizer a respeito da vida amorosa, mas tamb\u00e9m de qualquer outra \u00e1rea. No trabalho, tudo come\u00e7a a correr bem. A carta garante um resultado positivo em todos os relacionamentos; amorosos, familiares, amizades e sociais.Ela tamb\u00e9m indica que voc\u00ea em breve encontrar\u00e1 um novo amor, se \u00e9 isso que voc\u00ea busca. Se voc\u00ea estiver atualmente apaixonado, pode esperar que esse sentimento seja correspondido.\u00a0 E as pessoas com quem voc\u00ea se relacionar nessa semana de maneira importante ter\u00e3o o car\u00e1ter am\u00e1vel, emotivo, fiel e leal.<\/strong><br \/>\n<span class=\"fe5nidar khvhiq1o r5qsrrlp i5tg98hk f9ovudaz przvwfww gx1rr48f gfz4du6o r7fjleex nz2484kf svot0ezm dcnh1tix sxl192xd t3g6t33p\"><span class=\"mpj7bzys xzlurrtv\">\u2663\ufe0f<\/span><\/span><\/p>\n<p style=\"text-align: center;\"><em>Do Or\u00e1culo Mystisches Kipper<\/em><\/p>\n<\/td>\n<\/tr>\n<\/tbody>\n<\/table>\n<h2 style=\"text-align: center;\">Texto para a semana em que estamos todos endiabrados<\/h2>\n<p style=\"text-align: justify;\"><em>Principalmente a confirma\u00e7\u00e3o, que me deu, de que o Tal n\u00e3o existe; pois \u00e9 n\u00e3o? O Arrenegado, o C\u00e3o, o Cramulh\u00e3o, o indiv\u00edduo, o Galhardo, o P\u00e9-de-Pato, o Sujo, o Homem, o Tisnado, o Coxo, o Temba, o Azarape, o Coisa-Ruim, o Mafarro, o P\u00e9-Preto, o Ganho, o Duba-Dub\u00e1, o Rapaz, o Tristonho, o N\u00e3o-sei-que-diga, O-que-nunca-se-ri, o Sem &#8211; Gracejos&#8230; Pois, n\u00e3o existe! E se n\u00e3o existe, como \u00e9 que se pode se contratar pacto com ele? E a id\u00e9ia me retoma. Dum mau imaginado, o senhor me d\u00ea o l\u00edcito: que, ou ent\u00e3o &#8211; ser\u00e1 que pode tamb\u00e9m ser que tudo \u00e9 mais passa- do revolvido remoto, no profundo, mais cr\u00f4nico: que, quando um tem no\u00e7\u00e3o de resolver a vender a alma sua, que \u00e9 porque ela j\u00e1 estava dada vendida, sem se saber e a pessoa sujeita est\u00e1 s\u00f3 \u00e9 certificando o regular dalgum velho trato &#8211; que j\u00e1 se vendeu aos poucos, faz tempo? Deus n\u00e3o queira; Deus que roda tudo! Diga o senhor, sobre mim diga. At\u00e9 podendo ser, de algu\u00e9m algum dia ouvir e entender assim: quem-sabe, a gente criatura ainda \u00e9 t\u00e3o ruim, t\u00e3o, que Deus s\u00f3 pode \u00e0s vezes manobrar com os homens \u00e9 mandando por interm\u00e9dio do di\u00e1? Ou que Deus &#8211; quando o projeto que ele come\u00e7a \u00e9 para muito adiante, a ruindade nativa do homem s\u00f3 \u00e9 capaz dever o aproximo de Deus \u00e9 em figura do Outro?<\/em><\/p>\n<p style=\"text-align: right;\"><strong>Jo\u00e3o Guimar\u00e3es Rosa \u2013 Grande Sert\u00e3o: Veredas<\/strong><\/p>\n<hr \/>\n<h2 style=\"text-align: center;\"><strong>Ler &amp; Assistir em meio ao redemoinho<\/strong><\/h2>\n<p><strong>\u00a0<\/strong><em>A iconografia sobre o diabo \u00e9 infinita, o que n\u00e3o falta s\u00e3o obras primas sobre o tema. Eu podia recomendar o maior de todos os livros sobre o diabo, Grande Sert\u00e3o: Veredas, mas esse livro cont\u00e9m o mundo inteiro, n\u00e3o \u00e9 s\u00f3 sobre o diabo. \u00c9 claro que recomendo incondicionalmente, leiam. Assim como dezenas e dezenas de outras obras sobre o Tinhoso. Mas como recorte ficam aqui algumas outras sugest\u00f5es.<\/em><\/p>\n<hr \/>\n<p><img loading=\"lazy\" decoding=\"async\" class=\"alignleft wp-image-405 size-medium\" src=\"http:\/\/almanalua.blog\/wp-content\/uploads\/2023\/04\/cartasdiabop-198x300.jpg\" alt=\"\" width=\"198\" height=\"300\" srcset=\"https:\/\/nalua.in\/notas\/wp-content\/uploads\/2023\/04\/cartasdiabop-198x300.jpg 198w, https:\/\/nalua.in\/notas\/wp-content\/uploads\/2023\/04\/cartasdiabop-150x228.jpg 150w, https:\/\/nalua.in\/notas\/wp-content\/uploads\/2023\/04\/cartasdiabop.jpg 300w\" sizes=\"auto, (max-width: 198px) 100vw, 198px\" \/><\/p>\n<p style=\"text-align: center;\"><span style=\"font-size: 14pt;\"><strong>Cartas do diabo a seu aprendiz, de C. S. Lewis <\/strong><\/span><\/p>\n<p style=\"text-align: justify;\">\u00c9 uma obra-prima da literatura crist\u00e3 ou n\u00e3o, que mostra como o inimigo de nossas almas tenta nos afastar de do caminho.<\/p>\n<p style=\"text-align: justify;\">O livro \u00e9 composto por 31 cartas fict\u00edcias escritas por um dem\u00f4nio veterano para seu sobrinho e aprendiz que tem a miss\u00e3o de tentar um homem espec\u00edfico. Em cada carta, o demonio d\u00e1 conselhos e instru\u00e7\u00f5es sobre como explorar as fraquezas, as d\u00favidas, os v\u00edcios, as distra\u00e7\u00f5es e as ilus\u00f5es do ser humano, para faz\u00ea-lo cair em pecado e desespero. C. S. Lewis usa de ironia, humor e criatividade para revelar as estrat\u00e9gias sutis e enganosas do diabo, que muitas vezes passam despercebidas no nosso dia a dia. Ao mesmo tempo, ele ensina a reconhecer e resistir \u00e0s tenta\u00e7\u00f5es e a buscar a gra\u00e7a e a verdade. \u00c9 uma leitura divertida e reflexiva.<\/p>\n<p style=\"text-align: justify;\"><em>Cartas do diabo a seu aprendiz<\/em> \u00e9 um livro que nos instiga a examinar nossa vida espiritual, relacionamentos, pensamentos e nossas atitudes. \u00c9 uma leitura que faz rir, refletir e suspirar, ao percebermos como somos vulner\u00e1veis e fr\u00e1geis, mas como temos tamb\u00e9m em n\u00f3s a capacidade de autoconhecimento e \u00e9tica. \u00c9 um retrato delicioso do diabo.<\/p>\n<p>&nbsp;<\/p>\n<hr \/>\n<p style=\"text-align: center;\"><img loading=\"lazy\" decoding=\"async\" class=\"wp-image-414 size-medium alignright\" src=\"http:\/\/almanalua.blog\/wp-content\/uploads\/2023\/04\/margaridalarocquep-197x300.jpg\" alt=\"\" width=\"197\" height=\"300\" srcset=\"https:\/\/nalua.in\/notas\/wp-content\/uploads\/2023\/04\/margaridalarocquep-197x300.jpg 197w, https:\/\/nalua.in\/notas\/wp-content\/uploads\/2023\/04\/margaridalarocquep-150x228.jpg 150w, https:\/\/nalua.in\/notas\/wp-content\/uploads\/2023\/04\/margaridalarocquep.jpg 350w\" sizes=\"auto, (max-width: 197px) 100vw, 197px\" \/><strong><span style=\"font-size: 14pt;\">Margarida La Rocque &#8211; Dinah Silveira de Queiroz<\/span><\/strong><\/p>\n<p style=\"text-align: justify;\"><em>Margarida La Rocque<\/em> \u00e9 um romance hist\u00f3rico-fant\u00e1stico que narra a saga de uma jovem francesa que, no s\u00e9culo XVI, \u00e9 exilada em uma ilha misteriosa junto com sua ama e seu amante, ap\u00f3s ser flagrada em adult\u00e9rio durante uma viagem \u00e0 Am\u00e9rica. A ilha, conhecida como &#8220;ilha dos dem\u00f4nios&#8221;, \u00e9 habitada por seres estranhos e assustadores, que v\u00e3o testar os limites da sanidade, da f\u00e9 e do amor dos tr\u00eas n\u00e1ufragos. O livro \u00e9 supostamente baseado em um relato ver\u00eddico de um navegador franc\u00eas chamado Jean-Fran\u00e7ois de La Rocque de Roberval, que teria abandonado sua sobrinha Marguerite de La Rocque em uma ilha do Canad\u00e1 em 1542. A narrativa \u00e9 feita em primeira pessoa pela pr\u00f3pria Margarida, que conta sua hist\u00f3ria para um padre em um convento, anos depois dos acontecimentos. Ela revela os detalhes de sua vida na Fran\u00e7a, seu casamento com o aventureiro Cristiano, sua paix\u00e3o pelo marinheiro Jo\u00e3o Maria, seu ex\u00edlio na ilha dos dem\u00f4nios e seu destino surpreendente.<\/p>\n<p style=\"text-align: justify;\">Dinah Silveira de Queiroz consegue criar uma atmosfera de suspense e mist\u00e9rio ao descrever a ilha e seus habitantes, que parecem sa\u00eddos de um pesadelo. Ao mesmo tempo, ela retrata com sensibilidade e profundidade os sentimentos e conflitos de Margarida, que vive uma intensa experi\u00eancia de amor, culpa, medo e loucura.\u00a0Margarida La Rocque foi publicado pela primeira vez em 1949 e foi um sucesso no Brasil e no exterior. Foi traduzido para v\u00e1rios idiomas e elogiado por escritores como Colette. \u00c9 o segundo romance de Dinah Silveira de Queiroz, uma das maiores autoras brasileiras do s\u00e9culo XX, que tamb\u00e9m escreveu obras como A muralha e Floradas na serra.<\/p>\n<hr \/>\n<table style=\"width: 100%; border-collapse: collapse; background-color: #dbdbdb;\">\n<tbody>\n<tr>\n<td style=\"width: 100%;\"><img loading=\"lazy\" decoding=\"async\" class=\"alignleft wp-image-408 size-medium\" src=\"http:\/\/almanalua.blog\/wp-content\/uploads\/2023\/04\/coracaosatanico-203x300.jpg\" alt=\"\" width=\"203\" height=\"300\" srcset=\"https:\/\/nalua.in\/notas\/wp-content\/uploads\/2023\/04\/coracaosatanico-203x300.jpg 203w, https:\/\/nalua.in\/notas\/wp-content\/uploads\/2023\/04\/coracaosatanico-150x222.jpg 150w, https:\/\/nalua.in\/notas\/wp-content\/uploads\/2023\/04\/coracaosatanico.jpg 300w\" sizes=\"auto, (max-width: 203px) 100vw, 203px\" \/><\/p>\n<p style=\"text-align: center;\"><strong><span style=\"font-size: 14pt;\">Cora\u00e7\u00e3o Sat\u00e2nico &#8211; Alan Parker (1987)<\/span><\/strong><\/p>\n<p style=\"text-align: justify;\">\u00c9 um filme de terror e mist\u00e9rio de 1987, dirigido por Alan Parker e baseado no livro de William Hjortsberg. O filme conta a hist\u00f3ria de Harry Angel (Mickey Rourke), um detetive particular contratado por Louis Cyphre (Robert De Niro), um misterioso cliente que quer encontrar um cantor desaparecido chamado Johnny Favorite. No entanto, conforme Harry investiga o caso, ele descobre que Johnny estava envolvido em rituais de magia negra e que seu destino est\u00e1 ligado ao de Cyphre.<\/p>\n<p style=\"text-align: justify;\">O filme \u00e9 uma mistura de noir e horror, com uma atmosfera sombria e uma trama cheia de reviravoltas. O elenco conta com nomes como Lisa Bonet, Charlotte Rampling e Pruitt Taylor Vince. A trilha sonora \u00e9 composta por Trevor Jones e inclui can\u00e7\u00f5es de blues e jazz. O filme foi elogiado pela cr\u00edtica pela sua dire\u00e7\u00e3o, roteiro, atua\u00e7\u00f5es e efeitos especiais, mas tamb\u00e9m foi alvo de controv\u00e9rsias por suas cenas de viol\u00eancia e sexo. Cora\u00e7\u00e3o Sat\u00e2nico \u00e9 considerado um cl\u00e1ssico cult do g\u00eanero e um dos melhores filmes de De Niro e Rourke.<\/p>\n<\/td>\n<\/tr>\n<tr>\n<td style=\"width: 100%;\"><img loading=\"lazy\" decoding=\"async\" class=\"wp-image-415 size-medium alignright\" src=\"http:\/\/almanalua.blog\/wp-content\/uploads\/2023\/04\/requiemp-225x300.jpg\" alt=\"\" width=\"225\" height=\"300\" srcset=\"https:\/\/nalua.in\/notas\/wp-content\/uploads\/2023\/04\/requiemp-225x300.jpg 225w, https:\/\/nalua.in\/notas\/wp-content\/uploads\/2023\/04\/requiemp-150x200.jpg 150w, https:\/\/nalua.in\/notas\/wp-content\/uploads\/2023\/04\/requiemp.jpg 350w\" sizes=\"auto, (max-width: 225px) 100vw, 225px\" \/><\/p>\n<p style=\"text-align: center;\"><strong><span style=\"font-size: 14pt;\">Requiem para um sonho &#8211; Darren Aronofsky -(2000)<\/span><\/strong><\/p>\n<p>&nbsp;<\/p>\n<p style=\"text-align: justify;\">\u00e9 um filme de 2000 dirigido por Darren Aronofsky que conta a hist\u00f3ria de quatro personagens que buscam realizar seus sonhos, mas acabam se envolvendo com o abuso de drogas. O filme \u00e9 dividido em tr\u00eas esta\u00e7\u00f5es do ano: ver\u00e3o, outono e inverno, mostrando a deteriora\u00e7\u00e3o f\u00edsica e psicol\u00f3gica dos protagonistas.\u00a0O que ele mostra \u00e9 a a\u00e7\u00e3o mais direta da carta do Diabo, a perda absoluta do autocontrole na busca do prazer sem limites.<\/p>\n<p style=\"text-align: justify;\">O filme retrata de forma crua e realista os efeitos devastadores dos excessos a que nos entregamos. Pode funcionar, como substrato para a carta do Diabo, como um alerta para os perigos do v\u00edcio, da ilus\u00e3o, e de entrega sem controle mostrando que os sonhos podem se transformar em pesadelos, se deixamos que o Diabo tome conta do nosso quintal. <em>Nunca tenha pena do diabo<\/em>.<\/p>\n<\/td>\n<\/tr>\n<\/tbody>\n<\/table>\n<hr \/>\n<table style=\"width: 100%; border-collapse: collapse; background-color: #dceff5;\">\n<tbody>\n<tr>\n<td style=\"width: 100%;\">\n<p style=\"text-align: center;\"><strong><span style=\"font-size: 14pt;\">A Tempestade do S\u00e9culo &#8211; Miniss\u00e9rie &#8211; (1999)<\/span><\/strong><\/p>\n<p><img loading=\"lazy\" decoding=\"async\" class=\"alignleft wp-image-417\" src=\"http:\/\/almanalua.blog\/wp-content\/uploads\/2023\/04\/tempestadedoseculop.jpg\" alt=\"\" width=\"237\" height=\"301\" srcset=\"https:\/\/nalua.in\/notas\/wp-content\/uploads\/2023\/04\/tempestadedoseculop.jpg 276w, https:\/\/nalua.in\/notas\/wp-content\/uploads\/2023\/04\/tempestadedoseculop-237x300.jpg 237w, https:\/\/nalua.in\/notas\/wp-content\/uploads\/2023\/04\/tempestadedoseculop-150x190.jpg 150w\" sizes=\"auto, (max-width: 237px) 100vw, 237px\" \/><\/p>\n<p style=\"text-align: justify;\">\u00c9 uma mini-s\u00e9rie de tr\u00eas epis\u00f3dios escrita pelo mestre Stephen King e exibida pela rede ABC em 1999.<\/p>\n<p style=\"text-align: justify;\">A trama se passa na ilha de Little Tall, uma pequena comunidade isolada do continente que est\u00e1 prestes a enfrentar uma das piores tempestades de neve da hist\u00f3ria. Mas o clima n\u00e3o \u00e9 o \u00fanico problema dos moradores: um misterioso forasteiro chamado Andre Linoge chega \u00e0 ilha e come\u00e7a a aterrorizar e matar as pessoas, revelando seus segredos mais obscuros. Ele tem um pedido simples: &#8220;d\u00ea-me o que quero e eu irei embora&#8221;. Mas o que ele quer? E por que ele escolheu aquela ilha?<\/p>\n<p style=\"text-align: justify;\">A Tempestade do S\u00e9culo \u00e9 uma s\u00e9rie envolvente, tensa e surpreendente, que mostra como o medo e a culpa podem levar as pessoas a decis\u00f5es extremas. O elenco conta com atores como Tim Daly, Colm Feore, Debrah Farentino e Jeffrey DeMunn, que interpretam personagens complexos e conflituosos. A dire\u00e7\u00e3o \u00e9 de Craig R. Baxley, que consegue criar uma atmosfera sombria e claustrof\u00f3bica.<\/p>\n<\/td>\n<\/tr>\n<tr>\n<td style=\"width: 100%;\">\n<p style=\"text-align: center;\"><strong><span style=\"font-size: 14pt;\">O Diabo na Encruzilhada &#8211; Brian Oakes &#8211; (2019) Netflix<\/span><\/strong><\/p>\n<p><img loading=\"lazy\" decoding=\"async\" class=\"wp-image-418 size-medium alignright\" src=\"http:\/\/almanalua.blog\/wp-content\/uploads\/2023\/04\/O-Diabo-na-Encruzilhada-netflix-poster-203x300.jpg\" alt=\"\" width=\"203\" height=\"300\" srcset=\"https:\/\/nalua.in\/notas\/wp-content\/uploads\/2023\/04\/O-Diabo-na-Encruzilhada-netflix-poster-203x300.jpg 203w, https:\/\/nalua.in\/notas\/wp-content\/uploads\/2023\/04\/O-Diabo-na-Encruzilhada-netflix-poster-150x221.jpg 150w, https:\/\/nalua.in\/notas\/wp-content\/uploads\/2023\/04\/O-Diabo-na-Encruzilhada-netflix-poster.jpg 610w\" sizes=\"auto, (max-width: 203px) 100vw, 203px\" \/><\/p>\n<p style=\"text-align: justify;\">O document\u00e1rio &#8220;O Diabo na Encruzilhada&#8221; explora a vida e a misteriosa morte do lend\u00e1rio bluesman Robert Johnson. Dirigido por Brian Oakes, o filme investiga a lend\u00e1ria hist\u00f3ria de Johnson, um m\u00fasico pouco conhecido durante sua vida, mas que se tornou uma figura lend\u00e1ria no mundo da m\u00fasica ap\u00f3s sua morte prematura.<\/p>\n<p style=\"text-align: justify;\">O document\u00e1rio apresenta entrevistas com m\u00fasicos, historiadores e amigos de Johnson, bem como dramatiza\u00e7\u00f5es da vida e obra do artista. O filme tamb\u00e9m explora as lendas e mitos que cercam a vida de Johnson, incluindo a cren\u00e7a de que ele <strong>teria vendido sua alma ao diabo<\/strong> em troca de sua habilidade na guitarra.<\/p>\n<p style=\"text-align: justify;\">Com imagens e cenas evocativas, transporta o espectador para o mundo do Delta Blues do in\u00edcio do s\u00e9culo XX. A trilha sonora, composta principalmente de m\u00fasicas de Johnson, \u00e9 habilmente integrada ao filme e ajuda a criar um clima de mist\u00e9rio e fasc\u00ednio em torno da figura do artista. O document\u00e1rio tamb\u00e9m \u00e9 um retrato sombrio da vida de Johnson e das lutas que enfrentou como m\u00fasico afro-americano na Am\u00e9rica segregada dos anos 30. O filme apresenta uma reflex\u00e3o sobre a influ\u00eancia do racismo na vida e obra de Johnson, bem como na ind\u00fastria da m\u00fasica como um todo, mostrando que o Mississipi dos anos 20-30 era o lugar mais perigoso para um homem negro estar.<\/p>\n<p style=\"text-align: justify;\">O Diabo na Encruzilhada&#8221; \u00e9 um document\u00e1rio fascinante que n\u00e3o s\u00f3 explora a vida e obra de um dos maiores m\u00fasicos da hist\u00f3ria, mas tamb\u00e9m levanta quest\u00f5es importantes sobre a cultura e a sociedade americana.<\/p>\n<\/td>\n<\/tr>\n<\/tbody>\n<\/table>\n<hr \/>\n<h3 style=\"text-align: center;\"><a href=\"https:\/\/almanalua.blog\/imaginedragons-demons.html\" target=\"_blank\" rel=\"noopener\">Demons &#8211; Imagine Dragons<\/a><\/h3>\n<p><a href=\"https:\/\/youtu.be\/LqI78S14Wgg\" target=\"_blank\" rel=\"noopener\"><img loading=\"lazy\" decoding=\"async\" class=\"alignnone size-full wp-image-451 aligncenter\" src=\"http:\/\/almanalua.blog\/wp-content\/uploads\/2023\/04\/Imagine_Dragons_-_Demons.jpg\" alt=\"\" width=\"300\" height=\"300\" \/><\/a><\/p>\n<hr \/>\n<h2 style=\"text-align: center;\">Uma anedota sobre o dem\u00f4nio<\/h2>\n<p style=\"text-align: justify;\"><em>Havia um burro amarrado a uma \u00e1rvore. O dem\u00f4nio veio e o soltou. O burro entrou na horta dos campon\u00eas vizinho e come\u00e7ou a comer tudo. A mulher do campon\u00eas dono da horta, quando viu aquilo, pegou o rifle e disparou. O dono do burro ouviu o disparo, saiu, viu o burro morto, ficou enraivecido, tamb\u00e9m pegou seu rifle e atirou contra a mulher do campon\u00eas. Ao voltar para casa, o campon\u00eas encontrou a mulher morta e matou o dono do burro. Os filhos do dono do burro, ao ver o pai morto, queimaram a fazenda do campon\u00eas. O campon\u00eas, em repres\u00e1lia, os matou.<\/em><br \/>\n<em>A\u00ed perguntaram ao dem\u00f4nio o que ele havia feito e ele respondeu: \u2013 \u201cN\u00e3o fiz nada, s\u00f3 soltei o burro\u201d.<\/em><\/p>\n<hr \/>\n<p style=\"text-align: center;\"><span style=\"font-size: 14pt;\"><strong>S\u00e3o Miguel \u00e9 o arcanjo que derrotou o Dem\u00f4nio. <\/strong><\/span><\/p>\n<p style=\"text-align: center;\"><span style=\"font-size: 14pt;\"><strong>Uma ora\u00e7\u00e3o para S\u00e3o Miguel<\/strong><\/span><\/p>\n<p style=\"text-align: center;\"><em>S\u00e3o Miguel Arcanjo, defendei-nos neste combate;\u00a0<\/em><br \/>\n<em>Sede nosso aux\u00edlio contra as maldades e ciladas do mal.<\/em><br \/>\n<em>Instante e humildemente vos pedimos que Deus sobre ele impere.<\/em><br \/>\n<em>E v\u00f3s, pr\u00edncipe da Mil\u00edcia Celeste, com este Poder Divino,<\/em><br \/>\n<em>precipitai no inferno a satan\u00e1s e aos outros esp\u00edritos malignos,<\/em><br \/>\n<em>que vagueiam pelo mundo para a perdi\u00e7\u00e3o das almas.<\/em><br \/>\n<em>Am\u00e9m.<\/em><\/p>\n<hr \/>\n<p style=\"text-align: center;\"><span style=\"font-size: 10pt;\">Post com colabora\u00e7\u00e3o dupla da <a href=\"https:\/\/www.instagram.com\/danielle_soares\/\" target=\"_blank\" rel=\"noopener\">Dani<\/a><\/span><\/p>\n<hr \/>\n<table style=\"width: 100%; border-collapse: collapse; background-color: #9ed5e6; height: 95px;\">\n<tbody>\n<tr style=\"height: 95px;\">\n<td style=\"width: 100%; height: 95px;\" width=\"100%\">\n<p style=\"text-align: center;\"><em>\u201cE se Deus n\u00e3o nos ajuda, como recusar aux\u00edlio do diabo? O segredo, numa vida remendada, \u00e9 manter o fio na agulha e saber aproveitar a ocasi\u00e3o.\u201d<\/em><\/p>\n<p style=\"text-align: center;\"><strong>Mia Couto<\/strong><\/p>\n<\/td>\n<\/tr>\n<\/tbody>\n<\/table>\n<p style=\"text-align: center;\"><span style=\"font-size: 8pt;\">16 de abril \u00e9 o 106.\u00ba dia do ano no calend\u00e1rio gregoriano (107.\u00ba em anos bissextos). Faltam 259 dias para acabar o ano.<\/span><\/p>\n<table style=\"width: 100%; border-collapse: collapse; background-color: #f5a9a9; height: 23px;\">\n<tbody>\n<tr style=\"height: 23px;\">\n<td style=\"width: 100%; text-align: center; height: 23px;\">\u00a9 Nalua \u2013 Notas da vida comezinha, nas Colinas de Minas Gerais, no come\u00e7o do outono que j\u00e1 quase \u00e9 al\u00edvio.<\/td>\n<\/tr>\n<\/tbody>\n<\/table>\n<p style=\"text-align: center;\"><span style=\"font-size: 10pt;\"><em>O diabo na rua, no meio do redemoinho<\/em><\/span><\/p>\n<p style=\"text-align: center;\"><em>\u221e<\/em><\/p>\n","protected":false},"excerpt":{"rendered":"<p>E o \u00faltimo cigarro eu ainda n\u00e3o fumei Belo Horizonte, 16 de abril de 2023 \u263c 28\u00b0 \u2013 18\u00b0 Dia da Voz e Dia Nacional [&#8230;]<\/p>\n","protected":false},"author":1,"featured_media":0,"comment_status":"open","ping_status":"open","sticky":false,"template":"","format":"standard","meta":{"footnotes":""},"categories":[9,13,10,5,12],"tags":[],"class_list":["post-400","post","type-post","status-publish","format-standard","hentry","category-almanaque","category-carta-semanal","category-jardim","category-newsletter","category-oraculo"],"_links":{"self":[{"href":"https:\/\/nalua.in\/notas\/wp-json\/wp\/v2\/posts\/400","targetHints":{"allow":["GET"]}}],"collection":[{"href":"https:\/\/nalua.in\/notas\/wp-json\/wp\/v2\/posts"}],"about":[{"href":"https:\/\/nalua.in\/notas\/wp-json\/wp\/v2\/types\/post"}],"author":[{"embeddable":true,"href":"https:\/\/nalua.in\/notas\/wp-json\/wp\/v2\/users\/1"}],"replies":[{"embeddable":true,"href":"https:\/\/nalua.in\/notas\/wp-json\/wp\/v2\/comments?post=400"}],"version-history":[{"count":9,"href":"https:\/\/nalua.in\/notas\/wp-json\/wp\/v2\/posts\/400\/revisions"}],"predecessor-version":[{"id":426,"href":"https:\/\/nalua.in\/notas\/wp-json\/wp\/v2\/posts\/400\/revisions\/426"}],"wp:attachment":[{"href":"https:\/\/nalua.in\/notas\/wp-json\/wp\/v2\/media?parent=400"}],"wp:term":[{"taxonomy":"category","embeddable":true,"href":"https:\/\/nalua.in\/notas\/wp-json\/wp\/v2\/categories?post=400"},{"taxonomy":"post_tag","embeddable":true,"href":"https:\/\/nalua.in\/notas\/wp-json\/wp\/v2\/tags?post=400"}],"curies":[{"name":"wp","href":"https:\/\/api.w.org\/{rel}","templated":true}]}}