{"id":345,"date":"2023-04-01T20:13:14","date_gmt":"2023-04-01T20:13:14","guid":{"rendered":"https:\/\/nalua.in\/notas\/?p=345"},"modified":"2023-04-02T01:38:26","modified_gmt":"2023-04-02T01:38:26","slug":"ja-bebi-o-fogo-no-gargalo-do-pavor","status":"publish","type":"post","link":"https:\/\/nalua.in\/notas\/ja-bebi-o-fogo-no-gargalo-do-pavor\/","title":{"rendered":""},"content":{"rendered":"<p style=\"text-align: center;\"><a href=\"https:\/\/telegra.ph\/Roda-da-fortuna-04-01\" target=\"_blank\" rel=\"noopener\"><span style=\"font-size: 8pt;\">j\u00e1 bebi o fogo no gargalo do pavor<\/span><\/a><\/p>\n<p><img loading=\"lazy\" decoding=\"async\" class=\"size-full wp-image-157 aligncenter\" src=\"https:\/\/nalua.in\/notas\/wp-content\/uploads\/2023\/02\/almanaque.jpg\" alt=\"\" width=\"1200\" height=\"300\" srcset=\"https:\/\/nalua.in\/notas\/wp-content\/uploads\/2023\/02\/almanaque.jpg 1200w, https:\/\/nalua.in\/notas\/wp-content\/uploads\/2023\/02\/almanaque-300x75.jpg 300w, https:\/\/nalua.in\/notas\/wp-content\/uploads\/2023\/02\/almanaque-1024x256.jpg 1024w, https:\/\/nalua.in\/notas\/wp-content\/uploads\/2023\/02\/almanaque-768x192.jpg 768w\" sizes=\"auto, (max-width: 1200px) 100vw, 1200px\" \/><\/p>\n<p style=\"text-align: center;\"><strong>Belo Horizonte, 02 de abril de 2023<\/strong><br \/>\n<strong><span class=\"fe5nidar khvhiq1o r5qsrrlp i5tg98hk f9ovudaz przvwfww gx1rr48f gfz4du6o r7fjleex nz2484kf svot0ezm dcnh1tix sxl192xd t3g6t33p\"><span class=\"mpj7bzys xzlurrtv\">\ud83c\udf24\ufe0f<\/span><\/span> 28\u00b0 \u2013 18\u00b0<\/strong><\/p>\n<hr \/>\n<p style=\"text-align: justify;\"><strong>Dia Mundial de Conscientiza\u00e7\u00e3o do Autismo.<\/strong> <span style=\"color: #ff0000;\">Em<\/span> <strong>1964<\/strong> <span style=\"color: #ff0000;\">o Congresso Nacional do Brasil declara a Presid\u00eancia vaga e substitui o presidente Jo\u00e3o Goulart pelo presidente da C\u00e2mara dos Deputados<\/span>. Em <strong>1982<\/strong> a Argentina invade as ilhas Malvinas. Em <strong>1939<\/strong>, <em>ano em que nasceu meu pai<\/em>, em 02 de abril, nascia Marvin Gaye. Em <strong>1983<\/strong> nos deixa Clara Nunes.<\/p>\n<hr \/>\n<p style=\"text-align: center;\"><strong>O instante<\/strong><\/p>\n<p style=\"text-align: center;\"><em>Onde as eras, o sonho derradeiro<\/em><br \/>\n<em>De espadas com que os t\u00e1rtaros sonharam,<\/em><br \/>\n<em>Onde as fortes paredes que arrombaram,<\/em><br \/>\n<em>E a \u00c1rvore de Ad\u00e3o, e o outro Madeiro?<\/em><br \/>\n<em>O presente est\u00e1 s\u00f3. S\u00f3 a mem\u00f3ria<\/em><br \/>\n<em>Erige o tempo. Sucess\u00e3o e engano<\/em><br \/>\n<em>S\u00e3o a rotina do rel\u00f3gio. O ano<\/em><br \/>\n<em>Menos v\u00e3o n\u00e3o \u00e9 do que a v\u00e3 hist\u00f3ria.<\/em><br \/>\n<em>H\u00e1 um abismo entre o albor e o sol que desce<\/em><br \/>\n<em>De agonias, de luzes, de cuidados;<\/em><br \/>\n<em>O rosto, ao se mirar nos desgastados<\/em><br \/>\n<em>Cristais da noite, n\u00e3o se reconhece.<\/em><br \/>\n<em>O hoje fugaz \u00e9 t\u00eanue e \u00e9 eterno;<\/em><br \/>\n<em>Nem outro C\u00e9u esperes, nem Inferno.<\/em><\/p>\n<p style=\"text-align: center;\">\u2764\ufe0f<\/p>\n<p style=\"text-align: center;\"><strong>Jorge Luis Borges &#8211; O Outro, O Mesmo<\/strong><\/p>\n<hr \/>\n<p><img loading=\"lazy\" decoding=\"async\" class=\"size-full wp-image-354 aligncenter\" src=\"https:\/\/nalua.in\/notas\/wp-content\/uploads\/2023\/04\/destinolaertep.png\" alt=\"\" width=\"992\" height=\"300\" srcset=\"https:\/\/nalua.in\/notas\/wp-content\/uploads\/2023\/04\/destinolaertep.png 992w, https:\/\/nalua.in\/notas\/wp-content\/uploads\/2023\/04\/destinolaertep-300x91.png 300w, https:\/\/nalua.in\/notas\/wp-content\/uploads\/2023\/04\/destinolaertep-768x232.png 768w, https:\/\/nalua.in\/notas\/wp-content\/uploads\/2023\/04\/destinolaertep-150x45.png 150w\" sizes=\"auto, (max-width: 992px) 100vw, 992px\" \/><\/p>\n<hr \/>\n<p style=\"text-align: center;\"><span style=\"font-size: 14pt;\"><strong>Em 1906, num 2 de abril escrevia Fernando Pessoa em seu di\u00e1rio:<\/strong><\/span><\/p>\n<p style=\"text-align: center;\"><span style=\"font-size: 18pt;\"><em>Anivers\u00e1rio da Maria.\u00a0<\/em><\/span><span style=\"font-size: 18pt;\"><em>Um dia quente, sufocante; n\u00e3o fiz absolutamente nada<\/em><\/span>.<\/p>\n<p style=\"text-align: center;\">(<span style=\"font-size: 10pt;\">Te entendo, poeta<\/span>)<\/p>\n<p style=\"text-align: center;\"><strong>Fernando Pessoa \u2013 Escritos Autobiogr\u00e1ficos, autom\u00e1ticos e de reflex\u00e3o pessoal<\/strong><\/p>\n<hr \/>\n<h2 style=\"text-align: center;\"><strong>Or\u00e1culos da Semana<\/strong><\/h2>\n<p style=\"text-align: justify;\">Essa semana nos visitam a <strong>Roda da Fortuna<\/strong> e a <strong>Tulipa Vermelha<\/strong>.<\/p>\n<p style=\"text-align: justify;\">A Roda Da Fortuna est\u00e1 diretamente ligada \u00e0 roda da vida.\u00a0Podemos compreender a roda da vida de duas maneiras: como uma roda fechada, encerrada em si mesma ou como uma roda aberta, por completar-se.<\/p>\n<p style=\"text-align: justify;\">A roda que se fecha em si mesma n\u00e3o permite nenhuma reden\u00e7\u00e3o, \u00e9 somente o girar eterno dos mesmos ciclos. E \u00e0s vezes a vida \u00e9 assim mesmo, \u00e0s vezes estamos presos, <em>eis que chega a roda viva<\/em>.<\/p>\n<p style=\"text-align: justify;\">Em um outro sentido, mais amplo, a roda da vida que a carta mostra na verdade \u00e9 uma espiral, infinita. Com ciclos e ciclos que parecem n\u00e3o ter fim, mas que est\u00e3o nos levando mais longe, ao encontro do Um, para experi\u00eancias que nos d\u00e3o uma amostra desse sentimento oce\u00e2nico que aparece quando percebemos que somos parte de algo muito maior.<\/p>\n<p style=\"text-align: justify;\">Esse algo maior tanto pode ser algo transcendente, supernatural como pode ser de natureza mais individual, do eu. Pode dizer respeito \u00e0 alma. Uma espiral que leva ao aperfei\u00e7oamento do esp\u00edrito, do ser. As duas dimens\u00f5es est\u00e3o interligadas; se a alma melhora, o mundo tamb\u00e9m melhora. Tudo melhora. Mas n\u00f3s, como seres finitos, s\u00f3 percebemos uma parte m\u00ednima dessa transforma\u00e7\u00e3o, e em geral na vida cotidiana, nas dimens\u00f5es pequeninas. N\u00e3o importa. <em>O que est\u00e1 em cima \u00e9 como o que est\u00e1 embaixo<\/em>. E se nessa manh\u00e3 voc\u00ea deixou pousar uma borboleta na m\u00e3o, fez algo bom para algu\u00e9m ou fotografou um p\u00f4r do sol, isso \u00e9 voc\u00ea saindo da roda fechada, do eterno retorno e se aproximando do Um. E se voc\u00ea teve uma experi\u00eancia m\u00edstica de dissolu\u00e7\u00e3o do eu tamb\u00e9m \u00e9 voc\u00ea em contato direto com a espiral.<\/p>\n<p style=\"text-align: justify;\">Um dia \u00e9 um ciclo, uma semana \u00e9 um ciclo, uma vida humana \u00e9 cheia de ciclos \u2013 grandes ou pequenos.<\/p>\n<p style=\"text-align: justify;\">Sendo um arcano maior, a Roda da Fortuna est\u00e1 falando de coisas mais relevantes, ent\u00e3o nesta semana talvez possamos esperar alguma reviravolta mais significativa da sorte. Como previs\u00e3o semanal, a carta \u00e9 de bom aug\u00fario, estamos ainda no ciclo bom.<\/p>\n<p style=\"text-align: justify;\">A advert\u00eancia fica por conta da carta complementar, a Tulipa Vermelha, que alerta sobre a vaidade.\u00a0Um autor an\u00f4nimo disse que Salom\u00e3o estava contando, no Eclesiastes, a respeito da roda fechada da vida, quando disse: <em><a href=\"https:\/\/nalu.in\/almanaque\/eclesiastes1.html\" target=\"_blank\" rel=\"noopener\">Vaidade das vaidades, tudo \u00e9 vaidade<\/a>.<\/em><\/p>\n<p style=\"text-align: justify;\">Trabalhar de sol a sol sem perceber nada novo, tendo como guia s\u00f3 a vaidade \u00e9 estar preso \u00e0 roda fechada da sorte, ao ciclo de S\u00edsifo, a correr atr\u00e1s do vento.<\/p>\n<p style=\"text-align: justify;\">Ent\u00e3o, para a semana, vamos prestar aten\u00e7\u00e3o em algumas coisas.<\/p>\n<ul style=\"text-align: justify;\">\n<li>Em qual rodinha de rato estou preso?<\/li>\n<li>Qual a sorte vai me encontrar numa esquina movimentada?<\/li>\n<li>Estou sendo vaidoso a respeito de algo que me prejudica?<\/li>\n<li>E principalmente: Vamos tirar um tempo para apreciar de maneira mais expandida os ciclos da vida, quando eles se mostrarem. Seja um nascimento, morte, uma borboleta em voo, um nascer do sol, a mudan\u00e7a das nuvens no c\u00e9u, a queda dos dentinhos de uma crian\u00e7a, a chegada da menopausa.<\/li>\n<\/ul>\n<p style=\"text-align: justify;\">De toda forma, \u00e9 a sorte que vem chegando. <em>No canto do olho a menina dan\u00e7a.<\/em><\/p>\n<p style=\"text-align: justify;\"><strong>Boa semana<\/strong><\/p>\n<hr \/>\n<table style=\"width: 100%; border-collapse: collapse; background-color: #facec3;\">\n<tbody>\n<tr>\n<td style=\"width: 100%;\">\n<h2 style=\"text-align: center;\"><span style=\"color: #ffffff;\">Roda da Fortuna<\/span><\/h2>\n<p><img loading=\"lazy\" decoding=\"async\" class=\"size-full wp-image-346 aligncenter\" src=\"https:\/\/nalua.in\/notas\/wp-content\/uploads\/2023\/04\/rodafortunadap.jpeg\" alt=\"\" width=\"300\" height=\"527\" srcset=\"https:\/\/nalua.in\/notas\/wp-content\/uploads\/2023\/04\/rodafortunadap.jpeg 300w, https:\/\/nalua.in\/notas\/wp-content\/uploads\/2023\/04\/rodafortunadap-171x300.jpeg 171w, https:\/\/nalua.in\/notas\/wp-content\/uploads\/2023\/04\/rodafortunadap-150x264.jpeg 150w\" sizes=\"auto, (max-width: 300px) 100vw, 300px\" \/><\/td>\n<\/tr>\n<\/tbody>\n<\/table>\n<hr \/>\n<p style=\"text-align: justify;\">A carta <strong>Roda da Fortuna<\/strong> do tar\u00f4 \u00e9 uma das mais fascinantes e misteriosas do baralho. Ela representa o ciclo da vida, as <strong>mudan\u00e7as<\/strong>, os <strong>altos<\/strong> e <strong>baixos<\/strong>, o <strong>destino<\/strong> e a <strong>sorte<\/strong>. Ela ensina que a vida \u00e9 feita de <strong>ciclos<\/strong> e de <strong>movimento<\/strong>. Nada \u00e9 permanente ou est\u00e1tico. <em>Tudo est\u00e1 sujeito \u00e0s leis do destino e da sorte<\/em>. Podemos passar por momentos de alegria ou de tristeza, de vit\u00f3ria ou de derrota, de abund\u00e2ncia ou de escassez. O importante \u00e9 saber <strong>aceitar as mudan\u00e7as<\/strong> com sabedoria e equil\u00edbrio, sem se apegar ou se desesperar. De forma geral, ela indica que <strong>algo est\u00e1 prestes a mudar.<\/strong> Pode ser uma oportunidade inesperada, uma reviravolta surpreendente, um golpe de sorte.<\/p>\n<p style=\"text-align: justify;\">A carta Roda da Fortuna do tar\u00f4 tamb\u00e9m pode sugerir que \u00e9 preciso <strong>se adaptar \u00e0s mudan\u00e7as<\/strong> que est\u00e3o acontecendo ou que v\u00e3o acontecer. Deve-se estar preparado para <strong>enfrentar os desafios<\/strong> e aproveitar as chances que surgirem. \u00c9 preciso ter consci\u00eancia de que tudo \u00e9 passageiro e relativo, e que o que hoje parece bom ou ruim <strong>pode mudar amanh\u00e3<\/strong>.<\/p>\n<p style=\"text-align: justify;\">A carta Roda da Fortuna do tar\u00f4 tamb\u00e9m aconselha a <strong>confiar no destino e na sorte<\/strong>, mas sem deixar de fazer a pr\u00f3pria parte. Deve-se agir com responsabilidade e \u00e9tica, sem tentar manipular ou for\u00e7ar as situa\u00e7\u00f5es.<\/p>\n<hr \/>\n<table style=\"width: 100%; border-collapse: collapse; background-color: #cbf7f2;\">\n<tbody>\n<tr>\n<td style=\"width: 100%;\"><img loading=\"lazy\" decoding=\"async\" class=\"size-full wp-image-347 aligncenter\" src=\"https:\/\/nalua.in\/notas\/wp-content\/uploads\/2023\/04\/tulipap.jpg\" alt=\"\" width=\"300\" height=\"499\" srcset=\"https:\/\/nalua.in\/notas\/wp-content\/uploads\/2023\/04\/tulipap.jpg 300w, https:\/\/nalua.in\/notas\/wp-content\/uploads\/2023\/04\/tulipap-180x300.jpg 180w, https:\/\/nalua.in\/notas\/wp-content\/uploads\/2023\/04\/tulipap-150x250.jpg 150w\" sizes=\"auto, (max-width: 300px) 100vw, 300px\" \/><\/p>\n<p style=\"text-align: center;\"><span style=\"font-family: tahoma, arial, helvetica, sans-serif;\"><strong>TULIPA VERMELHA &#8211;\u00a0<\/strong><\/span><span style=\"font-family: tahoma, arial, helvetica, sans-serif;\"><strong>VAIDADE<\/strong><\/span><\/p>\n<p style=\"text-align: center;\"><span style=\"font-family: tahoma, arial, helvetica, sans-serif;\"><strong>Envaidecimento devido a habilidades ou m\u00e9ritos inexistentes. Credulidade diante do elogio de outra pessoa a si mesma, mas nem tudo que ela diz \u00e9 verdade. Uma vangl\u00f3ria expressa em p\u00fablico pode criar s\u00e9rios problemas.<\/strong><\/span><\/p>\n<p style=\"text-align: center;\"><span class=\"fe5nidar khvhiq1o r5qsrrlp i5tg98hk f9ovudaz przvwfww gx1rr48f gfz4du6o r7fjleex nz2484kf svot0ezm dcnh1tix sxl192xd t3g6t33p\" style=\"font-size: 18pt;\"><span class=\"mpj7bzys xzlurrtv\">\ud83c\udccf<\/span><\/span><\/p>\n<p style=\"text-align: center;\"><span style=\"font-size: 14pt;\"><strong>\u00a0<\/strong><em>Do Or\u00e1culo da m\u00e3e natureza<\/em><\/span><\/p>\n<\/td>\n<\/tr>\n<\/tbody>\n<\/table>\n<hr \/>\n<h3 style=\"text-align: center;\">Um texto para a semana em que somos todos cobaias de Pavlov<\/h3>\n<p style=\"text-align: justify;\"><em><strong>O maior dos pesos<\/strong>. \u2014 E se um dia, ou uma noite, um dem\u00f4nio lhe aparecesse furtivamente em sua mais desolada solid\u00e3o e dissesse: \u201cEsta vida, como voc\u00ea a est\u00e1 vivendo e j\u00e1 viveu, voc\u00ea ter\u00e1 de viver mais uma vez e por incont\u00e1veis vezes; e nada haver\u00e1 de novo nela, mas cada dor e cada prazer e cada suspiro e pensamento, e tudo o que \u00e9 inefavelmente grande e pequeno em sua vida, ter\u00e3o de lhe suceder novamente, tudo na mesma sequ\u00eancia e ordem \u2014 e assim tamb\u00e9m essa aranha e esse luar entre as \u00e1rvores, e tamb\u00e9m esse instante e eu mesmo. A perene ampulheta do existir ser\u00e1 sempre virada novamente \u2014 e voc\u00ea com ela, part\u00edcula de poeira!\u201d. \u2014 Voc\u00ea n\u00e3o se prostraria e rangeria os dentes e amaldi\u00e7oaria o dem\u00f4nio que assim falou? Ou voc\u00ea j\u00e1 experimentou um instante imenso, no qual lhe responderia: \u201cVoc\u00ea \u00e9 um deus e jamais ouvi coisa t\u00e3o divina!\u201d. Se esse pensamento tomasse conta de voc\u00ea, tal como voc\u00ea \u00e9, ele o transformaria e o esmagaria talvez; a quest\u00e3o em tudo e em cada coisa, \u201cVoc\u00ea quer isso mais uma vez e por incont\u00e1veis vezes?\u201d, pesaria sobre os seus atos como o maior dos pesos! Ou o quanto voc\u00ea teria de estar bem consigo mesmo e com a vida, para n\u00e3o desejar nada al\u00e9m dessa \u00faltima, eterna confirma\u00e7\u00e3o e chancela?<\/em><\/p>\n<p style=\"text-align: right;\"><strong>Nietzsche \u2013 A Gaia Ci\u00eancia<\/strong><\/p>\n<hr \/>\n<table style=\"width: 100%; border-collapse: collapse; background-color: #fcd8c2; height: 24px;\">\n<tbody>\n<tr style=\"height: 24px;\">\n<td style=\"width: 100%; height: 24px;\">\n<h2 style=\"text-align: center;\"><em><strong>Ler &amp; Assistir sobre as <\/strong>108 vezes em que gira o mundo<\/em><\/h2>\n<\/td>\n<\/tr>\n<\/tbody>\n<\/table>\n<p>&nbsp;<\/p>\n<h3>Livro: \u00c9dipo Rei &#8211; S\u00f3focles<\/h3>\n<h2 style=\"text-align: center;\"><strong><img loading=\"lazy\" decoding=\"async\" class=\"size-full wp-image-351 aligncenter\" src=\"https:\/\/nalua.in\/notas\/wp-content\/uploads\/2023\/04\/edipop.jpg\" alt=\"\" width=\"242\" height=\"400\" srcset=\"https:\/\/nalua.in\/notas\/wp-content\/uploads\/2023\/04\/edipop.jpg 242w, https:\/\/nalua.in\/notas\/wp-content\/uploads\/2023\/04\/edipop-182x300.jpg 182w, https:\/\/nalua.in\/notas\/wp-content\/uploads\/2023\/04\/edipop-150x248.jpg 150w\" sizes=\"auto, (max-width: 242px) 100vw, 242px\" \/><\/strong><\/h2>\n<p style=\"text-align: justify;\"><em>O livro da semana \u00e9 \u00c9dipo Rei, pois acredito que nenhuma outra obra de arte humana mostra com tal for\u00e7a a inevitabilidade do destino e nossa absoluta incapacidade de evitar os encontros em Samarra.<\/em><\/p>\n<p style=\"text-align: justify;\">&#8220;\u00c9dipo Rei&#8221; \u00e9 uma trag\u00e9dia grega escrita por S\u00f3focles, que conta a hist\u00f3ria de \u00c9dipo, o rei de Tebas. O livro come\u00e7a com uma praga que cai sobre Tebas, e \u00c9dipo \u00e9 encarregado de descobrir a causa e encontrar uma solu\u00e7\u00e3o para\u00a0ela. Ele descobre que a praga est\u00e1 relacionada ao assassinato do rei anterior, Laio, e decide investigar o caso.<\/p>\n<p style=\"text-align: justify;\">No decorrer da hist\u00f3ria, \u00c9dipo acaba descobrindo que ele pr\u00f3prio \u00e9 o assassino de Laio e que sua esposa, Jocasta, \u00e9 na verdade sua m\u00e3e. A trag\u00e9dia culmina com Jocasta se suicidando e \u00c9dipo furando seus pr\u00f3prios olhos como puni\u00e7\u00e3o por seus atos.\u00a0A pe\u00e7a aborda temas como o destino, a trag\u00e9dia e a responsabilidade moral. A hist\u00f3ria de \u00c9dipo \u00e9 uma das mais conhecidas da mitologia grega e inspirou in\u00fameras obras liter\u00e1rias, art\u00edsticas e cinematogr\u00e1ficas.<\/p>\n<hr \/>\n<h3>Filme &#8211; O Advogado do Diabo<\/h3>\n<p><img loading=\"lazy\" decoding=\"async\" class=\"size-full wp-image-352 aligncenter\" src=\"https:\/\/nalua.in\/notas\/wp-content\/uploads\/2023\/04\/advogadodiabop.jpg\" alt=\"\" width=\"300\" height=\"400\" srcset=\"https:\/\/nalua.in\/notas\/wp-content\/uploads\/2023\/04\/advogadodiabop.jpg 300w, https:\/\/nalua.in\/notas\/wp-content\/uploads\/2023\/04\/advogadodiabop-225x300.jpg 225w, https:\/\/nalua.in\/notas\/wp-content\/uploads\/2023\/04\/advogadodiabop-150x200.jpg 150w\" sizes=\"auto, (max-width: 300px) 100vw, 300px\" \/><\/p>\n<p style=\"text-align: justify;\"><em>Indico esse filme porque junta de forma deliciosa dois dos temas oraculares da semana, a vaidade e a inevitabilidade do destino. \u00c9 uma divers\u00e3o assistir esse filme. N\u00e3o que seja um filme leve ou que transcorra sem sobressalatos, mas \u00e9 um filme simples, com uma mensagem muito direta, que alguns podem at\u00e9 achar direta demais. Eu j\u00e1 acho uma \u00f3tima f\u00e1bula.<\/em><\/p>\n<p style=\"text-align: justify;\">&#8220;O Advogado do Diabo&#8221; \u00e9 um filme de suspense de 1997 dirigido por Taylor Hackford e estrelado por Keanu Reeves e Al Pacino. O filme conta a hist\u00f3ria de Kevin Lomax (Keanu Reeves), um jovem e talentoso advogado da Fl\u00f3rida que \u00e9 contratado pelo misterioso John Milton (Al Pacino) para trabalhar em sua firma de advocacia em Nova York.<\/p>\n<p style=\"text-align: justify;\">Apesar de inicialmente impressionado com a promessa de uma vida luxuosa, Kevin come\u00e7a a questionar as verdadeiras inten\u00e7\u00f5es da firma e de seu chefe, especialmente quando um cliente aparentemente inocente \u00e9 condenado \u00e0 morte. Enquanto isso, sua esposa Mary Ann (Charlize Theron) come\u00e7a a ter vis\u00f5es assustadoras e se preocupa com a crescente obsess\u00e3o de Kevin pelo trabalho.<\/p>\n<p style=\"text-align: justify;\">Conforme o enredo se desenvolve, Kevin descobre que Milton \u00e9 na verdade o diabo em pessoa e que ele est\u00e1 recrutando Kevin para ajud\u00e1-lo a conquistar mais almas para o inferno. Kevin \u00e9 for\u00e7ado a decidir entre sua carreira, sua alma e a seguran\u00e7a de sua esposa.<\/p>\n<hr \/>\n<h3>S\u00e9rie &#8211; Zima Blue<\/h3>\n<h3 style=\"text-align: center;\"><img loading=\"lazy\" decoding=\"async\" class=\"size-full wp-image-355 aligncenter\" src=\"https:\/\/nalua.in\/notas\/wp-content\/uploads\/2023\/04\/zimabluep.jpg\" alt=\"\" width=\"300\" height=\"424\" srcset=\"https:\/\/nalua.in\/notas\/wp-content\/uploads\/2023\/04\/zimabluep.jpg 300w, https:\/\/nalua.in\/notas\/wp-content\/uploads\/2023\/04\/zimabluep-212x300.jpg 212w, https:\/\/nalua.in\/notas\/wp-content\/uploads\/2023\/04\/zimabluep-150x212.jpg 150w\" sizes=\"auto, (max-width: 300px) 100vw, 300px\" \/><\/h3>\n<h3 style=\"text-align: center;\">&#8211; 14\u00b0 epis\u00f3dio da primeira temporada da s\u00e9rie &#8220;Love, Death &amp; Robots&#8221;<\/h3>\n<p style=\"text-align: justify;\"><em>Na verdade a indica\u00e7\u00e3o \u00e9 de um episodio de s\u00e9rie. Um epis\u00f3dio de apenas 10 minutos. Bel\u00edssimo. Talvez n\u00e3o tenha a ver com os temas da semana numa primeira olhada. Mas o tempo passa, o epis\u00f3dio se assenta em n\u00f3s e podemos ver toda espiral da Roda da Fortuna e da Tulipa Vermelha em a\u00e7\u00e3o.<\/em><\/p>\n<p style=\"text-align: justify;\">O epis\u00f3dio &#8220;Zima Blue&#8221; da s\u00e9rie &#8220;Love, Death &amp; Robots&#8221; conta a hist\u00f3ria de um artista rob\u00f4 chamado Zima. Ele \u00e9 famoso por suas obras de arte abstratas e minimalistas, mas decide que quer criar uma \u00faltima pe\u00e7a antes de alcan\u00e7ar a perfei\u00e7\u00e3o e se desligar permanentemente. A obra \u00e9 revelada como uma pintura gigante e simplesmente azul, que na verdade representa a origem humilde de Zima como um simples limpador de piscinas antes de se tornar um artista rob\u00f4. Ao terminar a obra, Zima revela sua verdadeira identidade e hist\u00f3ria para sua assistente humana, deixando um legado duradouro de arte e prop\u00f3sito. O epis\u00f3dio aborda temas como identidade, arte e prop\u00f3sito, al\u00e9m de explorar o que significa ser humano em um mundo cada vez mais tecnol\u00f3gico.<\/p>\n<hr \/>\n<h2 style=\"text-align: center;\">Mitologia do inevit\u00e1vel<\/h2>\n<p style=\"text-align: justify;\"><img loading=\"lazy\" decoding=\"async\" class=\"wp-image-356 aligncenter\" src=\"https:\/\/nalua.in\/notas\/wp-content\/uploads\/2023\/04\/anankep.jpg\" alt=\"\" width=\"230\" height=\"355\" srcset=\"https:\/\/nalua.in\/notas\/wp-content\/uploads\/2023\/04\/anankep.jpg 300w, https:\/\/nalua.in\/notas\/wp-content\/uploads\/2023\/04\/anankep-194x300.jpg 194w, https:\/\/nalua.in\/notas\/wp-content\/uploads\/2023\/04\/anankep-150x232.jpg 150w\" sizes=\"auto, (max-width: 230px) 100vw, 230px\" \/><\/p>\n<h2 style=\"text-align: center;\">Ananke<\/h2>\n<p style=\"text-align: justify;\">Na mitologia grega, Ananke \u00e9 a personifica\u00e7\u00e3o da necessidade e da inevitabilidade. Ela \u00e9 muitas vezes representada como uma serpente, enrolada em torno de um ovo c\u00f3smico, simbolizando o in\u00edcio do universo e o seu destino final. Ela \u00e9 frequentemente associada com as Moiras, as tr\u00eas irm\u00e3s que tecem o destino dos mortais. Tamb\u00e9m \u00e9 considerada como uma das for\u00e7as primordiais que governam o universo, ao lado de Chronos (o tempo) e Eros (o amor).<br \/>\nAnanke \u00e9 vista como uma divindade implac\u00e1vel, que n\u00e3o pode ser evitada ou contida. Ela governa todas as coisas, desde o movimento das estrelas at\u00e9 as escolhas dos indiv\u00edduos. Mesmo os deuses s\u00e3o sujeitos ao seu poder e influ\u00eancia. Em algumas vers\u00f5es do mito, Ananke \u00e9 retratada como uma deusa cruel e inescrut\u00e1vel, que traz a dor e a tristeza para o mundo. Em outras vers\u00f5es, ela \u00e9 vista como uma deusa benevolente, que governa o universo com justi\u00e7a e equil\u00edbrio.\u00a0 Independentemente da interpreta\u00e7\u00e3o, Ananke \u00e9 uma figura poderosa e imponente na mitologia grega, cuja influ\u00eancia \u00e9 sentida em todos os aspectos da vida. \u00c9 uma lembran\u00e7a constante da inevitabilidade do destino e da import\u00e2ncia de aceitar <strong>as coisas como elas s\u00e3o<\/strong>.<\/p>\n<hr \/>\n<h2 style=\"text-align: center;\">Link<\/h2>\n<p style=\"text-align: center;\"><a href=\"https:\/\/revistasera.info\/2018\/03\/carmina-burana-de-carl-orff-sorte-e-desventura-na-roda-da-fortuna-frederico-toscano\/\" target=\"_blank\" rel=\"noopener\">Carmina Burana e a Roda da Fortuna<\/a><\/p>\n<hr \/>\n<h3 style=\"text-align: center;\"><strong>Radio Rel\u00f3gio<\/strong><\/h3>\n<p style=\"text-align: justify;\"><strong><img loading=\"lazy\" decoding=\"async\" class=\" wp-image-357 aligncenter\" src=\"https:\/\/nalua.in\/notas\/wp-content\/uploads\/2023\/04\/consolacaofilosofia.jpeg\" alt=\"\" width=\"228\" height=\"342\" srcset=\"https:\/\/nalua.in\/notas\/wp-content\/uploads\/2023\/04\/consolacaofilosofia.jpeg 300w, https:\/\/nalua.in\/notas\/wp-content\/uploads\/2023\/04\/consolacaofilosofia-200x300.jpeg 200w, https:\/\/nalua.in\/notas\/wp-content\/uploads\/2023\/04\/consolacaofilosofia-150x225.jpeg 150w\" sizes=\"auto, (max-width: 228px) 100vw, 228px\" \/><\/strong><\/p>\n<p style=\"text-align: justify;\"><strong>Uma curiosidade: <\/strong>Durante a Idade M\u00e9dia, <em>A Consola\u00e7\u00e3o da Filosofia<\/em> de Bo\u00e9cio era a terceira obra mais lida, perdendo apenas para a <em>B\u00edblia<\/em> e a <em>Regra de S\u00e3o Bento<\/em>. Apesar de ter sido escrita na pris\u00e3o, durante intervalos entre sess\u00f5es de tortura em que uma correia de couro era apertada em sua cabe\u00e7a, Bo\u00e9cio conseguiu desenvolver uma obra em formato de di\u00e1logos socr\u00e1ticos e se concentrava especialmente na quest\u00e3o da Fortuna.\u00a0<em>A Consola\u00e7\u00e3o da Filosofia<\/em> foi o livro respons\u00e1vel por popularizar a ideia da Roda da Fortuna no medievo, exemplificando a fugacidade do tempo terrestre em oposi\u00e7\u00e3o ao tempo divino. A obra aborda as falsas gl\u00f3rias da Fortuna e valoriza as virtudes e os valores espirituais que aproximam os seres humanos de Deus, o verdadeiro bem.<\/p>\n<p style=\"text-align: justify;\">A tradi\u00e7\u00e3o da Roda da Fortuna atravessou todo o per\u00edodo medieval, e para Bo\u00e9cio, todas as falsas gl\u00f3rias terrenas seriam um dia julgadas pelo Juiz Supremo. Aqueles que estavam no topo da Roda poderiam cair no inferno, enquanto as almas dos bons viveriam em eterna bem-aventuran\u00e7a ao lado de Deus.<\/p>\n<hr \/>\n<p style=\"text-align: center;\"><span style=\"font-size: 10pt;\"><b>2 de abril<\/b>\u00a0\u00e9 o 92.\u00ba dia do ano no\u00a0<a title=\"Calend\u00e1rio gregoriano\" href=\"https:\/\/pt.wikipedia.org\/wiki\/Calend%C3%A1rio_gregoriano\">calend\u00e1rio gregoriano<\/a>\u00a0(93.\u00ba em\u00a0<a title=\"Ano bissexto\" href=\"https:\/\/pt.wikipedia.org\/wiki\/Ano_bissexto\">anos bissextos<\/a>). Faltam 273 para acabar o ano.<\/span><\/p>\n<hr \/>\n<p style=\"text-align: center;\">Post com a colabora\u00e7\u00e3o de <a href=\"https:\/\/www.instagram.com\/tariq_kawakami\" target=\"_blank\" rel=\"noopener\">@tariqmusahi<\/a><\/p>\n<table style=\"width: 100%; border-collapse: collapse; background-color: #a5dce5;\">\n<tbody>\n<tr>\n<td style=\"width: 100%;\">\n<p style=\"text-align: center;\"><strong>&#8220;Exu matou um p\u00e1ssaro ontem com uma pedra que jogou hoje.\u201d<\/strong><br \/>\nProv\u00e9rbio Iourub\u00e1<\/p>\n<\/td>\n<\/tr>\n<\/tbody>\n<\/table>\n<p style=\"text-align: center;\"><span style=\"font-size: 10pt;\"><em>Se voc\u00ea leu at\u00e9 aqui, obrigada! Esse \u00e9 o meu almanaque particular. Um peda\u00e7o do meu di\u00e1rio, um registro de pequenas efem\u00e9rides, de coisas que quero guardar, do tempo, do vento, do c\u00e9u e do cheiro da chuva. Os Vest\u00edgios do Dia, meu dia.<\/em><\/span><\/p>\n<table style=\"width: 100%; border-collapse: collapse; background-color: #ed8a9f;\">\n<tbody>\n<tr>\n<td style=\"width: 1376.2px; background-color: #ed8a9f; text-align: center;\"><span style=\"font-size: 10pt;\">\u00a9 Nalua \u2013 Notas da vida comezinha, nos morros de Minas Gerais, no auge do ver\u00e3o, embora outono, e num calor\u00e3o que parece o bafo do capeta.<\/span><\/td>\n<\/tr>\n<\/tbody>\n<\/table>\n<p>&nbsp;<\/p>\n","protected":false},"excerpt":{"rendered":"<p>j\u00e1 bebi o fogo no gargalo do pavor Belo Horizonte, 02 de abril de 2023 \ud83c\udf24\ufe0f 28\u00b0 \u2013 18\u00b0 Dia Mundial de Conscientiza\u00e7\u00e3o do Autismo. [&#8230;]<\/p>\n","protected":false},"author":1,"featured_media":0,"comment_status":"open","ping_status":"open","sticky":false,"template":"","format":"standard","meta":{"footnotes":""},"categories":[9,13,10,5,12],"tags":[],"class_list":["post-345","post","type-post","status-publish","format-standard","hentry","category-almanaque","category-carta-semanal","category-jardim","category-newsletter","category-oraculo"],"_links":{"self":[{"href":"https:\/\/nalua.in\/notas\/wp-json\/wp\/v2\/posts\/345","targetHints":{"allow":["GET"]}}],"collection":[{"href":"https:\/\/nalua.in\/notas\/wp-json\/wp\/v2\/posts"}],"about":[{"href":"https:\/\/nalua.in\/notas\/wp-json\/wp\/v2\/types\/post"}],"author":[{"embeddable":true,"href":"https:\/\/nalua.in\/notas\/wp-json\/wp\/v2\/users\/1"}],"replies":[{"embeddable":true,"href":"https:\/\/nalua.in\/notas\/wp-json\/wp\/v2\/comments?post=345"}],"version-history":[{"count":25,"href":"https:\/\/nalua.in\/notas\/wp-json\/wp\/v2\/posts\/345\/revisions"}],"predecessor-version":[{"id":376,"href":"https:\/\/nalua.in\/notas\/wp-json\/wp\/v2\/posts\/345\/revisions\/376"}],"wp:attachment":[{"href":"https:\/\/nalua.in\/notas\/wp-json\/wp\/v2\/media?parent=345"}],"wp:term":[{"taxonomy":"category","embeddable":true,"href":"https:\/\/nalua.in\/notas\/wp-json\/wp\/v2\/categories?post=345"},{"taxonomy":"post_tag","embeddable":true,"href":"https:\/\/nalua.in\/notas\/wp-json\/wp\/v2\/tags?post=345"}],"curies":[{"name":"wp","href":"https:\/\/api.w.org\/{rel}","templated":true}]}}