{"id":291,"date":"2023-03-19T19:27:04","date_gmt":"2023-03-19T19:27:04","guid":{"rendered":"https:\/\/nalua.in\/notas\/?p=291"},"modified":"2023-03-19T20:32:17","modified_gmt":"2023-03-19T20:32:17","slug":"se-seu-corpo-ficasse-marcado","status":"publish","type":"post","link":"https:\/\/nalua.in\/notas\/se-seu-corpo-ficasse-marcado\/","title":{"rendered":""},"content":{"rendered":"<p style=\"text-align: center;\"><a href=\"https:\/\/nalu.in\/almanaque\/moranafilosofia.html\" target=\"_blank\" rel=\"noopener\"><span style=\"font-size: 10pt;\">se seu corpo ficasse marcado<\/span><\/a><br \/>\n<img loading=\"lazy\" decoding=\"async\" class=\"size-full wp-image-157 aligncenter\" src=\"https:\/\/nalua.in\/notas\/wp-content\/uploads\/2023\/02\/almanaque.jpg\" alt=\"\" width=\"1200\" height=\"300\" srcset=\"https:\/\/nalua.in\/notas\/wp-content\/uploads\/2023\/02\/almanaque.jpg 1200w, https:\/\/nalua.in\/notas\/wp-content\/uploads\/2023\/02\/almanaque-300x75.jpg 300w, https:\/\/nalua.in\/notas\/wp-content\/uploads\/2023\/02\/almanaque-1024x256.jpg 1024w, https:\/\/nalua.in\/notas\/wp-content\/uploads\/2023\/02\/almanaque-768x192.jpg 768w\" sizes=\"auto, (max-width: 1200px) 100vw, 1200px\" \/><strong>Belo Horizonte,\u00a019 de mar\u00e7o de 2023\u00a0<\/strong><strong>\u263c<\/strong><strong> 30<\/strong><strong>\u00b0<\/strong> <strong>\u2013<\/strong><strong> 19\u00b0<\/strong><\/p>\n<p style=\"text-align: justify;\">Um dia depois do anivers\u00e1rio da Cynthia. Dia de S\u00e3o Jose, protetor dos trabalhadores, dia do Artes\u00e3o. Anivers\u00e1rio do Marcelo Gleiser. Neste dia em 1849 acontece a Revolta do Queimado, principal movimento de luta contra a escravid\u00e3o do estado do Esp\u00edrito Santo. Em 1895 Auguste e Louis Lumi\u00e8re, gravam seu primeiro filme usando o cinemat\u00f3grafo recentemente patenteado. Em 1898 Morre Cruz e Sousa, e em 2008 nos deixa Arthur C. Clarke. Em 2021, o vulc\u00e3o Fagradalsfjall entra em erup\u00e7\u00e3o perto de Grindav\u00edk na Isl\u00e2ndia, esse pa\u00eds que tanto sonho em conhecer.<\/p>\n<hr \/>\n<p style=\"text-align: center;\"><em>[&#8230;] A partir dos verdadeiros erros da met\u00e1fora podemos aprender uma li\u00e7\u00e3o.<\/em><\/p>\n<p style=\"text-align: center;\"><em>N\u00e3o apenas que as coisas s\u00e3o diferentes do que parecem,<\/em><br \/>\n<em>e, portanto, as confundimos,<\/em><br \/>\n<em>mas que tais erros s\u00e3o valiosos.<\/em><br \/>\n<em>Se atentem a isso, Arist\u00f3teles diz,<\/em><br \/>\n<em>h\u00e1 muito para ser visto e sentido aqui.<\/em><br \/>\n<em>Met\u00e1foras ensinam a mente<\/em><\/p>\n<p style=\"text-align: center;\"><em>a aproveitar o erro<\/em><br \/>\n<em>e a aprender<\/em><br \/>\n<em>com a justaposi\u00e7\u00e3o daquilo que \u00e9 com aquilo que n\u00e3o \u00e9 assim.<\/em><\/p>\n<p style=\"text-align: center;\"><em>H\u00e1 um prov\u00e9rbio chin\u00eas que diz,<\/em><\/p>\n<p style=\"text-align: center;\"><em>O pincel n\u00e3o pode desenhar dois caracteres na mesma pincelada.<\/em><br \/>\n<em>E ainda assim<\/em><\/p>\n<p style=\"text-align: center;\"><em>isso \u00e9 exatamente o que um bom erro faz&#8230;<\/em><\/p>\n<p style=\"text-align: center;\"><span style=\"font-size: 24pt;\">\u2661<\/span><br \/>\n<strong>Anne Carson**<\/strong><\/p>\n<hr \/>\n<p style=\"text-align: center;\"><strong>Em Coimbra, 1943, neste dia, escreveu Miguel Torga em seu di\u00e1rio:<\/strong><\/p>\n<p style=\"text-align: justify;\">Faz pena. A gente elege entre trinta mil almas meia d\u00fazia de indiv\u00edduos para conviver, e, afinal, chega perto deles a defender uma pureza pol\u00edtica, uma pureza profissional, uma pureza sexual, e caem sobre n\u00f3s mil argumentos dum pragmatismo d\u00fabio, suspeito, que confrange. Longe de se receber est\u00edmulo para combater as tenta\u00e7\u00f5es, encontra-se um escorregadoiro conivente para o abismo delas. &#8211; \u00c9 o meio &#8211; repito de cada vez, a tentar iludir-me. Mas \u00e9 in\u00fatil vendar o olhos. At\u00e9 o meio geogr\u00e1fico se pode vencer, quanto mais o meio social. Na luta contra as atra\u00e7\u00f5es inferiores do ambiente humano \u00e9 que est\u00e1 precisamente a beleza duma vida. O meio! Eles \u00e9 que s\u00e3o o meio, assim perdidos, duplos, comprometidos com a podrid\u00e3o at\u00e9 \u00e0 raiz.<\/p>\n<p><strong>DI\u00c1RIO II &#8211; MIGUEL TORGA\u00a0 &#8211; Editora Coimbra<\/strong><\/p>\n<hr \/>\n<h2><img loading=\"lazy\" decoding=\"async\" class=\"wp-image-301 aligncenter\" src=\"https:\/\/nalua.in\/notas\/wp-content\/uploads\/2023\/03\/dream_TradingCard-2023-03-19T152833.689.jpg\" alt=\"\" width=\"300\" height=\"490\" srcset=\"https:\/\/nalua.in\/notas\/wp-content\/uploads\/2023\/03\/dream_TradingCard-2023-03-19T152833.689.jpg 960w, https:\/\/nalua.in\/notas\/wp-content\/uploads\/2023\/03\/dream_TradingCard-2023-03-19T152833.689-184x300.jpg 184w, https:\/\/nalua.in\/notas\/wp-content\/uploads\/2023\/03\/dream_TradingCard-2023-03-19T152833.689-627x1024.jpg 627w, https:\/\/nalua.in\/notas\/wp-content\/uploads\/2023\/03\/dream_TradingCard-2023-03-19T152833.689-768x1254.jpg 768w, https:\/\/nalua.in\/notas\/wp-content\/uploads\/2023\/03\/dream_TradingCard-2023-03-19T152833.689-940x1536.jpg 940w, https:\/\/nalua.in\/notas\/wp-content\/uploads\/2023\/03\/dream_TradingCard-2023-03-19T152833.689-150x245.jpg 150w\" sizes=\"auto, (max-width: 300px) 100vw, 300px\" \/><\/h2>\n<h2 style=\"text-align: center;\">Or\u00e1culos da Semana<\/h2>\n<p style=\"text-align: justify;\">Esta semana nos encontraremos com o <strong>Sete de Espadas<\/strong> e com <strong>O Tambor<\/strong>, das cartas do caminho sagrado.<\/p>\n<p style=\"text-align: justify;\">O Sete de espadas, neste contexto, conta sobre o engano, em todas as suas varia\u00e7\u00f5es. Junto ao tambor diz especialmente sobre o autoengano.<\/p>\n<p style=\"text-align: justify;\">Como uma carta do naipe de espadas, ela traz dificuldades. Pode significar mentiras (as que nos contam e as que nos contamos), trapa\u00e7a, ilus\u00e3o. Tamb\u00e9m fala de estar sobrecarregado com demandas que n\u00e3o fazem mais sentido.<\/p>\n<p style=\"text-align: justify;\">Junto ao tambor pode estar mostrando a encarna\u00e7\u00e3o da express\u00e3o \u201couvir outro tambor\u201d. Pode ser que o tambor que toca dentro do peito n\u00e3o esteja sendo ouvido. Pode ser que se esteja fora do pr\u00f3prio ritmo e compasso. E que n\u00e3o ouvir o ritmo interno leve a enganos. Pois o grande tema da semana \u00e9 engano. N\u00e3o qualquer engano, mas um engano gerado por estar fora de sintonia com o ritmo interno. Pode ser o engano da ambi\u00e7\u00e3o, querer mais do que se consegue, pode ser o engano da sobrecarga, lidar com demandas maiores do que a pr\u00f3pria capacidade. Pode ser o engano que vem da trai\u00e7\u00e3o, da trapa\u00e7a e da mentira. Mentir \u00e9 uma das piores maneiras de se afastar do pr\u00f3prio ritmo. Mentir mastiga a alma.<\/p>\n<p style=\"text-align: justify;\">Mas o sete de espadas tamb\u00e9m \u00e9 o ladr\u00e3o do tar\u00f4. Conv\u00e9m redobrar a aten\u00e7\u00e3o para n\u00e3o ser roubado em nada.<\/p>\n<p style=\"text-align: justify;\">A semana pede aten\u00e7\u00e3o e cuidado com todas as notas de rodap\u00e9 da vida. E que se aproveite para prestar aten\u00e7\u00e3o a qualquer batida de tambor, para acertar seu passo. Qualquer tambor. Os literais e os metaf\u00f3ricos. Boa semana.<\/p>\n<p style=\"text-align: center;\"><b>\u2660<\/b><\/p>\n<table style=\"width: 100%; border-collapse: collapse; background-color: #f2785c;\">\n<tbody>\n<tr>\n<td style=\"width: 100%;\">\n<h4 style=\"text-align: center;\"><strong><span style=\"color: #ffffff;\">7 de Espadas<\/span><\/strong><\/h4>\n<h4 style=\"text-align: center;\"><img loading=\"lazy\" decoding=\"async\" class=\"wp-image-296 aligncenter\" src=\"https:\/\/nalua.in\/notas\/wp-content\/uploads\/2023\/03\/7deespadasp.jpg\" alt=\"\" width=\"300\" height=\"535\" data-wp-editing=\"1\" srcset=\"https:\/\/nalua.in\/notas\/wp-content\/uploads\/2023\/03\/7deespadasp.jpg 400w, https:\/\/nalua.in\/notas\/wp-content\/uploads\/2023\/03\/7deespadasp-168x300.jpg 168w, https:\/\/nalua.in\/notas\/wp-content\/uploads\/2023\/03\/7deespadasp-150x267.jpg 150w\" sizes=\"auto, (max-width: 300px) 100vw, 300px\" \/><\/h4>\n<\/td>\n<\/tr>\n<\/tbody>\n<\/table>\n<hr \/>\n<p style=\"text-align: justify;\">O sete de espadas em geral, \u00e9 associado com engano, mentiras, trai\u00e7\u00e3o, desonestidade e estrat\u00e9gias sorrateiras.<br \/>\nNo desenho da carta, vemos um personagem carregando cinco espadas enquanto olha para tr\u00e1s, como se estivesse se afastando furtivamente de algo ou algu\u00e9m. No ch\u00e3o, outras duas espadas est\u00e3o ca\u00eddas, ou fincadas, como se tivessem sido deixadas para tr\u00e1s. Essa imagem sugere que o personagem est\u00e1 roubando ou fugindo com algo que n\u00e3o lhe pertence. O Sete de Espadas pode representar um comportamento desleal ou uma tentativa de enganar algu\u00e9m. O personagem pode estar escondendo suas verdadeiras inten\u00e7\u00f5es ou usando artimanhas para conseguir o que quer. Se a carta aparece relacionada a um relacionamento, pode indicar que algu\u00e9m est\u00e1 sendo infiel ou que h\u00e1 falta de honestidade e confian\u00e7a entre as partes.<br \/>\nPor outro lado, o sete de espadas tamb\u00e9m pode ter uma interpreta\u00e7\u00e3o positiva em alguns contextos. Ele pode indicar que \u00e9 preciso ser esperto e astuto para alcan\u00e7ar seus objetivos, ou que \u00e9 necess\u00e1rio usar estrat\u00e9gias incomuns para lidar com uma situa\u00e7\u00e3o complicada. A carta pode sugerir que \u00e9 preciso pensar fora da caixa e estar disposto a tomar medidas n\u00e3o convencionais para resolver um problema.<br \/>\nPode tamb\u00e9m indicar um sentimento de culpa ou remorso. O personagem pode estar se sentindo mal por ter agido de forma desonesta ou por ter magoado algu\u00e9m. Nesse caso, a carta pode ser um sinal de que \u00e9 preciso assumir a responsabilidade pelos pr\u00f3prios atos e buscar a repara\u00e7\u00e3o dos danos causados.<\/p>\n<table style=\"width: 100%; border-collapse: collapse; background-color: #514938;\">\n<tbody>\n<tr>\n<td style=\"width: 100%; text-align: center;\"><img loading=\"lazy\" decoding=\"async\" class=\"wp-image-297 aligncenter\" src=\"https:\/\/nalua.in\/notas\/wp-content\/uploads\/2023\/03\/tambor32.jpeg\" alt=\"\" width=\"300\" height=\"560\" srcset=\"https:\/\/nalua.in\/notas\/wp-content\/uploads\/2023\/03\/tambor32.jpeg 350w, https:\/\/nalua.in\/notas\/wp-content\/uploads\/2023\/03\/tambor32-161x300.jpeg 161w, https:\/\/nalua.in\/notas\/wp-content\/uploads\/2023\/03\/tambor32-150x280.jpeg 150w\" sizes=\"auto, (max-width: 300px) 100vw, 300px\" \/><br \/>\n<em><strong><span style=\"color: #ffffff;\">\u201cSe o Tambor falou com voc\u00ea, \u00e9 porque voc\u00ea est\u00e1 sendo solicitado a descobrir seu pr\u00f3prio ritmo interno. Talvez voc\u00ea esteja for\u00e7ando demais a barra ou atropelando o ritmo. De qualquer maneira, a falta de sincronia exige o realinhamento com as necessidades do corpo. Ritmo \u00e9 coisa pessoal. Honrar o pr\u00f3prio ritmo \u00e9 voltar a se harmonizar com o pr\u00f3prio eu. A partir desse ponto o bem-estar pessoal permite que voc\u00ea se harmonize com outros ritmos de vida.<\/span><\/strong><\/em><br \/>\n<em><strong><span style=\"color: #ffffff;\">O Tambor tamb\u00e9m diz que voc\u00ea deve se abrir para a aju\u00acda que as batidas do cora\u00e7\u00e3o da M\u00e3e Terra podem lhe dar. Em outras palavras, sua mente pode estar supervalorizando a ca\u00acpacidade de seu corpo, e o corpo n\u00e3o pode puxar a necess\u00e1ria energia da Terra porque est\u00e1 tentando acompanhar o passo de seus pensamentos. Se isso \u00e9 verdade, voc\u00ea est\u00e1 fora do com\u00acpasso. Diminua a velocidade e redescubra a pulsa\u00e7\u00e3o de sua verdadeira M\u00e3e. S\u00f3 assim a sincronicidade de seus movimen\u00actos n\u00e3o exigir\u00e1 esfor\u00e7o algum.<\/span><\/strong><\/em><br \/>\n<em><strong><span style=\"color: #ffffff;\">Em todos os casos, o ritmo \u00e9 a chave. Esteja atento a to\u00acdos os ritmos e veja como o seu se encaixa. Se ele se sente bem, voc\u00ea se torna a m\u00fasica, e a dan\u00e7a que voc\u00ea est\u00e1 dan\u00e7ando se torna uma celebra\u00e7\u00e3o da vida.\u201d<\/span><\/strong><\/em><br \/>\n<span style=\"color: #ffffff;\">\u2665<\/span><\/p>\n<p style=\"text-align: center;\"><span style=\"color: #ffffff;\">Das Cartas do Caminho Sagrado<\/span><\/p>\n<\/td>\n<\/tr>\n<\/tbody>\n<\/table>\n<p style=\"text-align: center;\"><strong>Um texto para a semana em que ouviremos outros tambores<\/strong><\/p>\n<h3 style=\"text-align: center;\">\u201c<strong>Sem aviso<\/strong>\u201d<\/h3>\n<p style=\"text-align: justify;\"><em>Tanta coisa que eu n\u00e3o sabia. Nunca tinham me falado, por exemplo, deste sol das tr\u00eas horas. Tamb\u00e9m n\u00e3o me tinham avisado sobre este ritmo t\u00e3o seco de viver, desta martelada de poeira. Que doeria, tinham-me vagamente avisado. Mas o que vem para a minha esperan\u00e7a do horizonte, ao chegar perto se revela abrindo asas de \u00e1guia sobre mim, isso eu n\u00e3o sabia. N\u00e3o sabia o que \u00e9 ser sombreada por grandes asas abertas e amea\u00e7adoras, um agudo bico de \u00e1guia inclinado sobre mim e rindo. E quando nos \u00e1lbuns de adolescentes eu respondia com orgulho que n\u00e3o acreditava no amor, era ent\u00e3o que eu mais amava; isso eu tive que saber sozinha. Tamb\u00e9m n\u00e3o sabia no que d\u00e1 mentir. Comecei a mentir por precau\u00e7\u00e3o, e ningu\u00e9m me avisou do perigo de ser t\u00e3o precavida; porque depois nunca mais a mentira decolou de mim. E tanto menti que comecei a mentir at\u00e9 a minha pr\u00f3pria mentira. E isso \u2013 j\u00e1 atordoada eu sentia \u2013 isso era dizer a verdade. At\u00e9 que deca\u00ed tanto que a mentira eu dizia crua, simples, curta: eu dizia a verdade bruta.<\/em><\/p>\n<p style=\"text-align: right;\"><strong><em>Clarice Lispector \u2013 De Amor e Amizade \u2013 Cr\u00f4nicas para jovens<\/em><\/strong><\/p>\n<hr \/>\n<h2 style=\"text-align: center;\"><strong>Ouvir &amp; Ler &amp; Assistir\u00a0<\/strong><\/h2>\n<table style=\"border-collapse: collapse; width: 100%;\">\n<tbody>\n<tr>\n<td style=\"width: 50%;\"><img loading=\"lazy\" decoding=\"async\" class=\"size-full wp-image-299 aligncenter\" src=\"https:\/\/nalua.in\/notas\/wp-content\/uploads\/2023\/03\/napraiap.jpg\" alt=\"\" width=\"300\" height=\"452\" srcset=\"https:\/\/nalua.in\/notas\/wp-content\/uploads\/2023\/03\/napraiap.jpg 300w, https:\/\/nalua.in\/notas\/wp-content\/uploads\/2023\/03\/napraiap-199x300.jpg 199w, https:\/\/nalua.in\/notas\/wp-content\/uploads\/2023\/03\/napraiap-150x226.jpg 150w\" sizes=\"auto, (max-width: 300px) 100vw, 300px\" \/><\/td>\n<td style=\"width: 50%;\"><img loading=\"lazy\" decoding=\"async\" class=\"size-full wp-image-295 aligncenter\" src=\"https:\/\/nalua.in\/notas\/wp-content\/uploads\/2023\/03\/aoutraverde.jpg\" alt=\"\" width=\"322\" height=\"478\" srcset=\"https:\/\/nalua.in\/notas\/wp-content\/uploads\/2023\/03\/aoutraverde.jpg 322w, https:\/\/nalua.in\/notas\/wp-content\/uploads\/2023\/03\/aoutraverde-202x300.jpg 202w, https:\/\/nalua.in\/notas\/wp-content\/uploads\/2023\/03\/aoutraverde-150x223.jpg 150w\" sizes=\"auto, (max-width: 322px) 100vw, 322px\" \/><\/td>\n<\/tr>\n<\/tbody>\n<\/table>\n<hr \/>\n<table style=\"border-collapse: collapse; width: 100%;\">\n<tbody>\n<tr>\n<td style=\"width: 50%;\">\n<h3 style=\"text-align: center;\"><strong>Livro<\/strong><\/h3>\n<h4 style=\"text-align: center;\"><em><strong>Na Praia &#8211; Ian McEwan<\/strong><\/em><\/h4>\n<p style=\"text-align: justify;\"><span style=\"font-size: 12pt;\"><em>A trama deste livro combina muito bem com os or\u00e1culos desta semana. Se enredo fala muito sobre enganos. Tanto enganar o outro, mesmo que de forma inconsciente ou involunt\u00e1ria, como o autoengano.<\/em><\/span><\/p>\n<p style=\"text-align: justify;\"><span style=\"font-size: 12pt;\"><em>\u00c9 um livro sobre n\u00e3o saber de si, n\u00e3o conseguir encontrar os pr\u00f3prios desejos, n\u00e3o encontrar a tempo a pr\u00f3pria voz. Vemos nele uma sucess\u00e3o de auto enganos, uma cadeia de acontecimentos que mostram os personagens traindo a si mesmos, numa teia de ilus\u00f5es e autoenganos.<\/em><\/span><br \/>\n<span style=\"font-size: 12pt;\"><em>\u00c9 um livro maravilhoso, Ian McEwan \u00e9 um autor sensacional, \u00e9 um prazer acompanhar sua escrita<\/em><\/span><\/p>\n<hr \/>\n<p><strong><span style=\"font-size: 18pt;\">Resumo:<\/span><\/strong><\/p>\n<p style=\"text-align: justify;\"><span style=\"font-size: 12pt;\">&#8220;Na Praia&#8221; \u00e9 um romance envolvente e emocionante de Ian McEwan, publicado em 2007. A hist\u00f3ria se passa na d\u00e9cada de 1960, na Inglaterra, e \u00e9 uma profunda explora\u00e7\u00e3o da intimidade, do amor e das expectativas que cercam o casamento. O livro \u00e9 narrado em terceira pessoa, alternando entre as perspectivas dos personagens principais, Edward e Florence.<\/span><br \/>\n<span style=\"font-size: 12pt;\">A trama se desenrola em torno da noite de n\u00fapcias de Edward e Florence, que passam a noite em um hotel \u00e0 beira-mar, na praia de Chesil, em Dorset. \u00c0 medida que a noite avan\u00e7a, os dois come\u00e7am a refletir sobre suas vidas, seus medos e suas expectativas para o casamento. Edward \u00e9 um jovem estudante de hist\u00f3ria, ansioso e esperan\u00e7oso em rela\u00e7\u00e3o ao futuro, enquanto Florence \u00e9 uma musicista t\u00edmida e apreensiva, ansiosa em rela\u00e7\u00e3o \u00e0 intimidade f\u00edsica do casal.<\/span><br \/>\n<span style=\"font-size: 12pt;\">McEwan faz um trabalho incr\u00edvel ao capturar a tens\u00e3o e a ansiedade que cercam o primeiro encontro \u00edntimo de Edward e Florence. Sua prosa cria um retrato v\u00edvido e intimista dos pensamentos e emo\u00e7\u00f5es dos personagens. Temas mais profundos como as expectativas sociais e culturais em rela\u00e7\u00e3o ao casamento e \u00e0 intimidade, a luta para se comunicar e entender o outro e a natureza da identidade e da sexualidade tamb\u00e9m aparecem.<\/span><br \/>\n<span style=\"font-size: 12pt;\">O romance \u00e9 constru\u00eddo com cuidado e sutileza, e os personagens s\u00e3o profundamente desenvolvidos e complexos. Edward \u00e9 um personagem alegre, otimista e apaixonado, mas tamb\u00e9m pode ser ego\u00edsta e insens\u00edvel em rela\u00e7\u00e3o \u00e0s necessidades de Florence. Florence, por sua vez, \u00e9 uma personagem delicada, introspectiva e vulner\u00e1vel, mas tamb\u00e9m pode ser distante e pouco comunicativa.<\/span><br \/>\n<span style=\"font-size: 12pt;\">A noite de n\u00fapcias dos dois se desenrola em um cen\u00e1rio bonito e pitoresco, enquanto eles caminham pela praia, jantam juntos e, finalmente, se preparam para a intimidade. A tens\u00e3o e a expectativa crescentes culminam em um anticl\u00edmax inesperado, que lan\u00e7a uma sombra sobre o casamento rec\u00e9m-iniciado.<\/span><br \/>\n<span style=\"font-size: 12pt;\">&#8220;Na Praia&#8221; \u00e9 um romance envolvente e sens\u00edvel , escrito numa prosa meticulosa, com personagens complexos e temas profundos. \u00c9 um retrato v\u00edvido de algumas facetas do amor, do casamento e da intimidade, que captura as incomunicabilidade que costuma nortear as rela\u00e7\u00f5es humanas.\u00a0<\/span><\/p>\n<\/td>\n<td style=\"width: 50%;\">\n<h3 style=\"text-align: center;\"><strong>Filme <\/strong><\/h3>\n<h4 style=\"text-align: center;\"><em><strong>A Outra<\/strong><\/em><\/h4>\n<p style=\"text-align: justify;\"><em>Hoje essa indica\u00e7\u00e3o \u00e9 muito mais sobre a personagem do que sobre o filme em si. Ana Bolena \u00e9 uma personagem Sete de Espadas. E sua trajet\u00f3ria tamb\u00e9m tem muito a ver com a carta O Tambor. Essa rainha tr\u00e1gica \u00e9 um exemplo cuja vida transcorreu com ela sempre ouvindo outros tambores.<\/em><br \/>\n<em>V\u00e1rios elementos desta carta podem ser notados em sua biografia. Os enganos, as trai\u00e7\u00f5es, as trapa\u00e7as. Todo sangue derramado a partir disso. Mas principalmente algu\u00e9m que por tanto se enganar e ambicionar muito mais do que daria conta, n\u00e3o conseguiu nunca estar no pr\u00f3prio ritmo, e sofreu s\u00e9rias consequ\u00eancias. E al\u00e9m disso, fez muita gente, todo um reino, sofrer por suas a\u00e7\u00f5es.<\/em><\/p>\n<hr \/>\n<p><strong><span style=\"font-size: 18pt;\">Resumo:<\/span><\/strong><\/p>\n<p style=\"text-align: justify;\">&#8220;A Outra&#8221; (The Other Boleyn Girl) \u00e9 um drama hist\u00f3rico dirigido por Justin Chadwick, lan\u00e7ado em 2008, baseado no livro hom\u00f4nimo de Philippa Gregory. O filme \u00e9 estrelado por Natalie Portman, Scarlett Johansson e Eric Bana nos pap\u00e9is principais.<\/p>\n<p style=\"text-align: justify;\">A hist\u00f3ria se passa na Inglaterra do s\u00e9culo XVI, durante o reinado do Rei Henrique VIII. A trama \u00e9 centrada em torno das irm\u00e3s Anne (Natalie Portman) e Mary Boleyn (Scarlett Johansson), que s\u00e3o manipuladas por seu pai e tio para competir pelo amor do rei, numa tentativa de melhorar a posi\u00e7\u00e3o social e pol\u00edtica da fam\u00edlia.<\/p>\n<p style=\"text-align: justify;\">O filme retrata o per\u00edodo hist\u00f3rico com bastante fidelidade, com destaque para a reconstitui\u00e7\u00e3o de \u00e9poca, figurinos e cen\u00e1rios. A fotografia \u00e9 bel\u00edssima, capturando a atmosfera sombria e opressiva da corte inglesa da \u00e9poca.<\/p>\n<p style=\"text-align: justify;\">As performances dos atores s\u00e3o um dos pontos altos do filme. Natalie Portman est\u00e1 excelente como a ambiciosa e astuta Anne Boleyn, enquanto Scarlett Johansson oferece uma performance mais contida, mas igualmente eficaz, como a bondosa e t\u00edmida Mary Boleyn. Eric Bana interpreta o Rei Henrique VIII com for\u00e7a e carisma, retratando o personagem como um homem complexo e cheio de contradi\u00e7\u00f5es.<\/p>\n<p style=\"text-align: justify;\">A trilha sonora, composta por Paul Cantelon, \u00e9 bastante adequada e ajuda a criar a atmosfera sombria e misteriosa do filme.<\/p>\n<p style=\"text-align: justify;\">Embora a trama do filme seja baseada em fatos hist\u00f3ricos, algumas liberdades po\u00e9ticas foram tomadas para tornar a hist\u00f3ria mais dram\u00e1tica e cativante. Isso pode ser um problema para aqueles que preferem hist\u00f3rias mais fi\u00e9is \u00e0 realidade. Al\u00e9m disso, o filme pode ser bastante pesado em alguns momentos, especialmente na retrata\u00e7\u00e3o de viol\u00eancia e tortura.<\/p>\n<p style=\"text-align: justify;\">No geral, &#8220;A Outra&#8221; \u00e9 um drama hist\u00f3rico cativante e bem produzido, com atua\u00e7\u00f5es impressionantes e uma trama envolvente. \u00c9 uma \u00f3tima op\u00e7\u00e3o para aqueles que apreciam filmes de \u00e9poca e dramas hist\u00f3ricos.<\/p>\n<p style=\"text-align: justify;\">\n<\/td>\n<\/tr>\n<\/tbody>\n<\/table>\n<hr \/>\n<table style=\"border-collapse: collapse; width: 100%;\">\n<tbody>\n<tr>\n<td style=\"width: 50%;\"><img loading=\"lazy\" decoding=\"async\" class=\"wp-image-294 aligncenter\" src=\"https:\/\/nalua.in\/notas\/wp-content\/uploads\/2023\/03\/bettercallsaulp.jpg\" alt=\"\" width=\"300\" height=\"421\" srcset=\"https:\/\/nalua.in\/notas\/wp-content\/uploads\/2023\/03\/bettercallsaulp.jpg 400w, https:\/\/nalua.in\/notas\/wp-content\/uploads\/2023\/03\/bettercallsaulp-214x300.jpg 214w, https:\/\/nalua.in\/notas\/wp-content\/uploads\/2023\/03\/bettercallsaulp-150x210.jpg 150w\" sizes=\"auto, (max-width: 300px) 100vw, 300px\" \/><\/td>\n<td style=\"width: 50%;\"><img loading=\"lazy\" decoding=\"async\" class=\"wp-image-293 aligncenter\" src=\"https:\/\/nalua.in\/notas\/wp-content\/uploads\/2023\/03\/terradeuterracome.jpg\" alt=\"\" width=\"300\" height=\"423\" srcset=\"https:\/\/nalua.in\/notas\/wp-content\/uploads\/2023\/03\/terradeuterracome.jpg 400w, https:\/\/nalua.in\/notas\/wp-content\/uploads\/2023\/03\/terradeuterracome-213x300.jpg 213w, https:\/\/nalua.in\/notas\/wp-content\/uploads\/2023\/03\/terradeuterracome-150x212.jpg 150w\" sizes=\"auto, (max-width: 300px) 100vw, 300px\" \/><\/td>\n<\/tr>\n<\/tbody>\n<\/table>\n<hr \/>\n<table style=\"border-collapse: collapse; width: 100%;\">\n<tbody>\n<tr>\n<td style=\"width: 50%;\">\n<h3 style=\"text-align: center;\"><strong>S\u00e9rie<\/strong><\/h3>\n<h4 style=\"text-align: center;\"><em><strong>Better Call Saul<\/strong><\/em><\/h4>\n<p style=\"text-align: justify;\"><em>A s\u00e9rie Better Call Saul tamb\u00e9m traz elementos do Sete Espadas e do tambor, na vida, a\u00e7\u00f5es e personalidade do personagem principal. Jimmy\/Saul \u00e9 o mestre do engano, da trapa\u00e7a, e do auto engano tamb\u00e9m. Toda a trama se d\u00e1 com rela\u00e7\u00e3o \u00e0s sua mentiras, falsidades e falcatruas. Mas principalmente ele \u00e9 um autoenganado, cujos subterf\u00fagios n\u00e3o deixam que passo ileso pela a\u00e7\u00e3o do sete de espadas. \u00c9 uma outra personagem que nunca est\u00e1 ouvindo o pr\u00f3prio tamboe. Ou, qunado est\u00e1 ouvindo, \u00e9 tarde demais.<\/em><\/p>\n<hr \/>\n<p><strong><span style=\"font-size: 18pt;\">Resumo:<\/span><\/strong><\/p>\n<p style=\"text-align: justify;\">Jimmy McGill \u00e9 o personagem principal de Better Call Saul, e a s\u00e9rie explora a vida dele seis anos antes dos eventos de Breaking Bad. Jimmy \u00e9 um advogado de defesa p\u00fablico em Albuquerque, Novo M\u00e9xico, e luta para ser levado a s\u00e9rio por seus colegas advogados. Ele \u00e9 um personagem complexo, com uma personalidade que mistura humor, ast\u00facia e vulnerabilidade.<\/p>\n<p style=\"text-align: justify;\">Jimmy cresceu em uma fam\u00edlia pobre em Cicero, Illinois, e tem um passado dif\u00edcil. Ele trabalhou como golpista e vigarista antes de decidir seguir uma carreira mais respeit\u00e1vel como advogado. No entanto, ele ainda \u00e9 capaz de usar suas habilidades de vigarista para ajudar seus clientes.<\/p>\n<p style=\"text-align: justify;\">Jimmy \u00e9 um personagem carism\u00e1tico e cativante. Ele \u00e9 engra\u00e7ado e tem um senso de humor sarc\u00e1stico, o que o torna popular com seus clientes. No entanto, ele tamb\u00e9m tem um lado mais sombrio, e muitas vezes toma decis\u00f5es question\u00e1veis para alcan\u00e7ar seus objetivos.<\/p>\n<p style=\"text-align: justify;\">Jimmy \u00e9 muito pr\u00f3ximo de seu irm\u00e3o mais velho, Chuck, que \u00e9 um advogado de sucesso, mas que sofre de uma doen\u00e7a mental que o torna incapaz de trabalhar. A rela\u00e7\u00e3o entre Jimmy e Chuck \u00e9 complexa e muitas vezes tensa, com Chuck sendo frequentemente cr\u00edtico com Jimmy e sua escolha de carreira.<\/p>\n<p style=\"text-align: justify;\">Ao longo da s\u00e9rie, Jimmy luta para equilibrar suas ambi\u00e7\u00f5es profissionais com sua \u00e9tica pessoal e sua lealdade aos amigos e familiares. Ele tamb\u00e9m desenvolve um relacionamento com Kim Wexler, uma advogada trabalhadora e amiga de longa data, que se torna um interesse amoroso.<\/p>\n<p style=\"text-align: justify;\">A performance de Bob Odenkirk como Jimmy \u00e9 excelente, capturando a complexidade e a ambiguidade do personagem com habilidade e precis\u00e3o.<\/p>\n<\/td>\n<td style=\"width: 50%;\">\n<h3 style=\"text-align: center;\"><strong>Document\u00e1rio<\/strong><\/h3>\n<h4 style=\"text-align: center;\"><em><strong>Terra Deu, Terra Come<\/strong><\/em><\/h4>\n<p><em>Este document\u00e1rio est\u00e1 aqui porque \u00e9 uma pequena obra prima. P\u00e9rola do cinema nacional, eu n\u00e3o poderia recomendar mais que assistissem. Mas o motivo de estar relacionado ao or\u00e1culos da semana s\u00f3 v\u00e3o ficar claro vendo o document\u00e1rio todo. N\u00e3o tenho como dizer mais sem estragar a experi\u00eancia que \u00e9 assistir esse filme. Acreditem, vale muito \u00e0 pena.<\/em><\/p>\n<hr \/>\n<p><strong><span style=\"font-size: 18pt;\">Resumo:<\/span><\/strong><\/p>\n<p style=\"text-align: justify;\">Pedro de Almeida, garimpeiro de 81 anos de idade, comanda como mestre de cerim\u00f4nias o vel\u00f3rio, o cortejo f\u00fanebre e o enterro de Jo\u00e3o Batista, que morreu com 120 anos. O ritual sucede-se no quilombo Quartel do Indai\u00e1, distrito de Diamantina, Minas Gerais. Com uma canequinha esmaltada, ele joga as \u00faltimas gotas de cacha\u00e7a sobre o cad\u00e1ver j\u00e1 assentado na cova: \u201cO que voc\u00ea queria ta\u00ed! N\u00f3s n\u00e3o bebeu ela n\u00e3o, a sua ta\u00ed. Vai e n\u00e3o volta pra me atentar por causa disso n\u00e3o. Faz sua viagem em paz\u201d.<\/p>\n<p style=\"text-align: justify;\">Dessa maneira acaba o sepultamento de Jo\u00e3o Batista, ap\u00f3s 17 horas de vel\u00f3rio, choro, riso, farra, reza, sil\u00eancios, tristeza. No cortejo, muita cantoria com os versos dos vissungos, tradi\u00e7\u00e3o herdada da \u00e1frica. Descendente de escravos que trabalhavam na extra\u00e7\u00e3o de diamantes, nas Minas Gerais do tempo do Brasil Imp\u00e9rio, Pedro \u00e9 um dos \u00faltimos conhecedores dos vissungos, as cantigas em dialeto banguela cantadas durante os rituais f\u00fanebres da regi\u00e3o, que eram muito comuns nos s\u00e9culos 18 e 19.<\/p>\n<p style=\"text-align: justify;\">Garimpeiro de muita sorte, Pedro j\u00e1 encontrou diamantes de tesouros enterrados pelos antigos escravos, na regi\u00e3o de Diamantina. Mas, o primeiro diamante que encontrou, h\u00e1 70 anos, o tio com quem trabalhava o enterrou e morreu sem dizer onde. Depois disso, vive sempre em uma sinuca: para reencontrar o diamante s\u00f3 se invocar a alma de seu tio Jo\u00e3o dos Santos. \u201c\u00c9 um diamante e tanto, voc\u00ea precisa ver que bot\u00e3o de m\u00e1goa.\u201d Ao conduzir o funeral de Jo\u00e3o Batista, Pedro desfia hist\u00f3rias carregadas de poesia e significados metaf\u00edsicos, que nos p\u00f5em em d\u00favida o tempo inteiro: Jo\u00e3o Batista tinha pacto com o Diabo?; O Diabo existe?; estamos sozinhos, ou as almas tamb\u00e9m est\u00e3o entre n\u00f3s?; como Deus inventou a Morte?<\/p>\n<p style=\"text-align: justify;\">A atua\u00e7\u00e3o de Pedro e seus familiares frente \u00e0 c\u00e2mera nos provoca pela sua dramaturgia espont\u00e2nea, uma auto-mise-en-sc\u00e8ne instigante. No filme, n\u00e3o se sabe o que \u00e9 fato e o que \u00e9 representa\u00e7\u00e3o, o que \u00e9 verdade e o que \u00e9 um conto, document\u00e1rio ou fic\u00e7\u00e3o, o que \u00e9 cinema e o que \u00e9 vida, o que \u00e9 africano e o que \u00e9 mineiro, brasileiro.<\/p>\n<p>Tem no Youtube<\/td>\n<\/tr>\n<\/tbody>\n<\/table>\n<hr \/>\n<h3 style=\"text-align: center;\"><strong>19 de mar\u00e7o, dia de S\u00e3o Jos\u00e9<\/strong><\/h3>\n<p><img loading=\"lazy\" decoding=\"async\" class=\"alignleft wp-image-300\" style=\"margin-right: var(--global--spacing-horizontal);\" src=\"https:\/\/nalua.in\/notas\/wp-content\/uploads\/2023\/03\/sjo.jpg\" alt=\"\" width=\"300\" height=\"313\" srcset=\"https:\/\/nalua.in\/notas\/wp-content\/uploads\/2023\/03\/sjo.jpg 747w, https:\/\/nalua.in\/notas\/wp-content\/uploads\/2023\/03\/sjo-288x300.jpg 288w, https:\/\/nalua.in\/notas\/wp-content\/uploads\/2023\/03\/sjo-150x156.jpg 150w\" sizes=\"auto, (max-width: 300px) 100vw, 300px\" \/><\/p>\n<p style=\"text-align: justify;\">S\u00e3o Jos\u00e9 \u00e9 um santo da Igreja Cat\u00f3lica Romana que \u00e9 venerado como o padroeiro da Igreja, das fam\u00edlias, dos trabalhadores e dos moribundos. Ele \u00e9 conhecido por ser o esposo de Maria e o pai terreno de Jesus Cristo.<br \/>\nS\u00e3o Jos\u00e9 \u00e9 mencionado nos Evangelhos como um homem justo e piedoso, que acolheu a gravidez de Maria com humildade e obedi\u00eancia. Ele foi o escolhido por Deus para ser o pai terreno de Jesus, cuidando dele e protegendo-o da persegui\u00e7\u00e3o do rei Herodes. Al\u00e9m disso, S\u00e3o Jos\u00e9 \u00e9 reconhecido por seu trabalho como carpinteiro, que sustentava a fam\u00edlia com seu trabalho.<br \/>\nAo longo dos s\u00e9culos, S\u00e3o Jos\u00e9 tem sido um modelo de virtude e devo\u00e7\u00e3o para muitos crist\u00e3os em todo o mundo. A Igreja Cat\u00f3lica o venera como um santo e o considera um exemplo de vida crist\u00e3 e de servi\u00e7o a Deus. Ele \u00e9 frequentemente invocado em momentos de dificuldade e como intercessor em ora\u00e7\u00f5es pela prote\u00e7\u00e3o e orienta\u00e7\u00e3o divina. S\u00e3o Jos\u00e9 \u00e9 um exemplo de fidelidade, humildade e amor incondicional a Deus, a Maria e a Jesus Cristo. Seu testemunho de vida continua inspirando e guiando os crist\u00e3os de hoje.<\/p>\n<hr \/>\n<table style=\"border-collapse: collapse; width: 100%;\">\n<tbody>\n<tr>\n<td style=\"width: 50%;\">\n<h4 style=\"text-align: center;\"><strong>Simpatia para S\u00e3o Jose<\/strong><\/h4>\n<p style=\"text-align: justify;\">Para solicitar a intercess\u00e3o de S\u00e3o Jos\u00e9, siga estas instru\u00e7\u00f5es: no dia 19 de mar\u00e7o, anote os nomes das frutas listadas em pequenos peda\u00e7os de papel. Reflita sobre algo que deseja muito, mas acredita ser dif\u00edcil de alcan\u00e7ar. \u00c9 importante que seu desejo seja justo e n\u00e3o prejudique ningu\u00e9m. Dobre os peda\u00e7os de papel e coloque-os em uma vasilha. Fa\u00e7a sua ora\u00e7\u00e3o a S\u00e3o Jos\u00e9 e, em seguida, retire um dos peda\u00e7os de papel da vasilha. Voc\u00ea deve ent\u00e3o evitar consumir a fruta escrita no papel por um ano, inclusive evitando alimentos que contenham a fruta ou chocolates com sabor de fruta. Se o seu pedido for justo, ele ser\u00e1 atendido ao longo desse ano.<\/p>\n<\/td>\n<td style=\"width: 50%;\">\n<h4 style=\"text-align: center;\"><strong><img loading=\"lazy\" decoding=\"async\" class=\"alignleft wp-image-292\" src=\"https:\/\/nalua.in\/notas\/wp-content\/uploads\/2023\/03\/stjoseph1p.jpg\" alt=\"\" width=\"291\" height=\"475\" srcset=\"https:\/\/nalua.in\/notas\/wp-content\/uploads\/2023\/03\/stjoseph1p.jpg 300w, https:\/\/nalua.in\/notas\/wp-content\/uploads\/2023\/03\/stjoseph1p-184x300.jpg 184w, https:\/\/nalua.in\/notas\/wp-content\/uploads\/2023\/03\/stjoseph1p-150x245.jpg 150w\" sizes=\"auto, (max-width: 291px) 100vw, 291px\" \/>Ora\u00e7\u00e3o a S\u00e3o Jos\u00e9<\/strong><\/h4>\n<p style=\"text-align: center;\">Salve, guardi\u00e3o do Redentor<br \/>\ne esposo da Virgem Maria!<br \/>\nA v\u00f3s, Deus confiou o seu Filho;<br \/>\nem v\u00f3s, Maria depositou a sua confian\u00e7a;<br \/>\nconvosco, Cristo tornou-Se homem.<br \/>\n\u00d3 Bem-aventurado Jos\u00e9, mostrai-vos pai tamb\u00e9m para n\u00f3s<br \/>\ne guiai-nos no caminho da vida.<br \/>\nAlcan\u00e7ai-nos gra\u00e7a, miseric\u00f3rdia e coragem,<br \/>\ne defendei-nos de todo o mal. Am\u00e9m.<\/p>\n<\/td>\n<\/tr>\n<\/tbody>\n<\/table>\n<hr \/>\n<p style=\"text-align: center;\"><em><strong>\u00a0<\/strong><strong>19 de mar\u00e7o<\/strong> \u00e9 o 78\u00ba dia do ano no\u00a0<a href=\"https:\/\/pt.wikipedia.org\/wiki\/Calend%C3%A1rio_gregoriano\">calend\u00e1rio gregoriano<\/a>\u00a0(79.\u00ba em\u00a0<a href=\"https:\/\/pt.wikipedia.org\/wiki\/Ano_bissexto\">anos bissextos<\/a>). Faltam 287 para acabar o ano.<\/em><\/p>\n<hr \/>\n<h4 style=\"text-align: center;\"><strong><span class=\"fe5nidar khvhiq1o r5qsrrlp i5tg98hk f9ovudaz przvwfww gx1rr48f gfz4du6o r7fjleex nz2484kf svot0ezm dcnh1tix sxl192xd t3g6t33p\"><span class=\"mpj7bzys xzlurrtv\">R\u00e1<\/span><\/span>dio-Rel\u00f3gio<\/strong><\/h4>\n<p>Uma curiosidade interessante sobre mentiras e enganos \u00e9 que a maioria das pessoas mente em m\u00e9dia tr\u00eas vezes durante uma conversa de 10 minutos. Isso significa que, em um dia t\u00edpico, as pessoas podem dizer dezenas ou at\u00e9 centenas de mentiras.<\/p>\n<hr \/>\n<p style=\"text-align: center;\"><em>Post com a colabora\u00e7\u00e3o volunt\u00e1ria de @laismeralda e @tariqmusashi e involunt\u00e1ria de @maria_angelica <\/em><\/p>\n<p style=\"text-align: center;\"><em>Se voc\u00ea leu at\u00e9 aqui, obrigada! Esse \u00e9 o meu almanaque particular. Um peda\u00e7o do meu di\u00e1rio, um registro de pequenas efem\u00e9rides, de coisas que quero guardar, do tempo, do vento, do c\u00e9u e do cheiro da chuva. Os Vest\u00edgios do Dia, meu dia.<\/em><\/p>\n<hr \/>\n<hr \/>\n<table style=\"width: 100%; border-collapse: collapse; background-color: #f5c4d3;\">\n<tbody>\n<tr>\n<td style=\"width: 100%;\">\n<p style=\"text-align: center;\"><span style=\"font-family: 'book antiqua', palatino, serif;\"><span style=\"font-size: 12pt;\">\u00a9 Nalua \u2013 Notas da vida comezinha, n<\/span><span style=\"font-size: 12pt;\">as Colinas de Minas Gerais, no auge do ver\u00e3o e um calor\u00e3o danado<\/span><\/span><\/p>\n<\/td>\n<\/tr>\n<\/tbody>\n<\/table>\n<hr \/>\n<table style=\"width: 100%; border-collapse: collapse; background-color: #59d0eb;\">\n<tbody>\n<tr>\n<td style=\"width: 100%; text-align: center;\"><strong><em>\u201cTodo mundo mente.\u201d<\/em><\/strong><br \/>\n<strong>Dr. Gregory House<\/strong><\/td>\n<\/tr>\n<\/tbody>\n<\/table>\n","protected":false},"excerpt":{"rendered":"<p>se seu corpo ficasse marcado Belo Horizonte,\u00a019 de mar\u00e7o de 2023\u00a0\u263c 30\u00b0 \u2013 19\u00b0 Um dia depois do anivers\u00e1rio da Cynthia. Dia de S\u00e3o Jose, [&#8230;]<\/p>\n","protected":false},"author":1,"featured_media":0,"comment_status":"open","ping_status":"open","sticky":false,"template":"","format":"standard","meta":{"footnotes":""},"categories":[9,13,10,5,12],"tags":[],"class_list":["post-291","post","type-post","status-publish","format-standard","hentry","category-almanaque","category-carta-semanal","category-jardim","category-newsletter","category-oraculo"],"_links":{"self":[{"href":"https:\/\/nalua.in\/notas\/wp-json\/wp\/v2\/posts\/291","targetHints":{"allow":["GET"]}}],"collection":[{"href":"https:\/\/nalua.in\/notas\/wp-json\/wp\/v2\/posts"}],"about":[{"href":"https:\/\/nalua.in\/notas\/wp-json\/wp\/v2\/types\/post"}],"author":[{"embeddable":true,"href":"https:\/\/nalua.in\/notas\/wp-json\/wp\/v2\/users\/1"}],"replies":[{"embeddable":true,"href":"https:\/\/nalua.in\/notas\/wp-json\/wp\/v2\/comments?post=291"}],"version-history":[{"count":12,"href":"https:\/\/nalua.in\/notas\/wp-json\/wp\/v2\/posts\/291\/revisions"}],"predecessor-version":[{"id":314,"href":"https:\/\/nalua.in\/notas\/wp-json\/wp\/v2\/posts\/291\/revisions\/314"}],"wp:attachment":[{"href":"https:\/\/nalua.in\/notas\/wp-json\/wp\/v2\/media?parent=291"}],"wp:term":[{"taxonomy":"category","embeddable":true,"href":"https:\/\/nalua.in\/notas\/wp-json\/wp\/v2\/categories?post=291"},{"taxonomy":"post_tag","embeddable":true,"href":"https:\/\/nalua.in\/notas\/wp-json\/wp\/v2\/tags?post=291"}],"curies":[{"name":"wp","href":"https:\/\/api.w.org\/{rel}","templated":true}]}}