{"id":2379,"date":"2024-12-27T15:03:17","date_gmt":"2024-12-27T15:03:17","guid":{"rendered":"https:\/\/nalua.in\/notas\/?p=2379"},"modified":"2024-12-30T02:06:06","modified_gmt":"2024-12-30T02:06:06","slug":"um-cesto-de-alegrias-de-quintal","status":"publish","type":"post","link":"https:\/\/nalua.in\/notas\/um-cesto-de-alegrias-de-quintal\/","title":{"rendered":""},"content":{"rendered":"<p style=\"text-align: center;\"><a href=\"https:\/\/telegra.ph\/Palco-12-27\" target=\"_blank\" rel=\"noopener\"><span style=\"font-size: 8pt;\">um cesto de alegrias de quintal<\/span><\/a><\/p>\n<div class=\"texto-poesia\">\n<p><img loading=\"lazy\" decoding=\"async\" class=\"size-full wp-image-2119 aligncenter\" src=\"https:\/\/nalua.in\/notas\/wp-content\/uploads\/2024\/06\/almanaque-1.jpg\" alt=\"\" width=\"542\" height=\"139\" srcset=\"https:\/\/nalua.in\/notas\/wp-content\/uploads\/2024\/06\/almanaque-1.jpg 542w, https:\/\/nalua.in\/notas\/wp-content\/uploads\/2024\/06\/almanaque-1-300x77.jpg 300w, https:\/\/nalua.in\/notas\/wp-content\/uploads\/2024\/06\/almanaque-1-150x38.jpg 150w\" sizes=\"auto, (max-width: 542px) 100vw, 542px\" \/><\/p>\n<p style=\"text-align: center;\"><strong>Belo Horizonte, 30 de dezembro de 2024<\/strong><\/p>\n<p style=\"text-align: center;\"><strong><span class=\"x19la9d6 x1fc57z9 x6ikm8r x10wlt62 x19co3pv x1g5zs5t xfibh0p xiy17q3 x1xsqp64 x1lkfr7t xexx8yu x4uap5 x18d9i69 xkhd6sd\"><span class=\"xrtxmta x1bhl96m\">\u26c8\ufe0f <\/span><\/span>19\u00b0 &#8211; 25\u00b0<\/strong><\/p>\n<hr \/>\n<p style=\"text-align: center;\"><strong>30 de dezembro<\/strong> \u00e9 anivers\u00e1rio do meu <span style=\"text-decoration: underline;\">querido amigo Radam\u00e9s<\/span>.<\/p>\n<hr \/>\n<p style=\"text-align: center;\"><em>Vive, dizes, no presente;<\/em><br \/>\n<em>Vive s\u00f3 no presente.<\/em><br \/>\n<em>Mas eu n\u00e3o quero o presente, quero a realidade;<\/em><br \/>\n<em>Quero as coisas que existem, n\u00e3o o tempo que as mede.<\/em><br \/>\n<em>O que \u00e9 o presente?<\/em><br \/>\n<em>\u00c9 uma coisa relativa ao passado e ao futuro.<\/em><br \/>\n<em>\u00c9 uma coisa que existe em virtude de outras coisas existirem.<\/em><br \/>\n<em>Eu quero s\u00f3 a realidade, as coisas sem presente.<\/em><br \/>\n<em>N\u00e3o quero incluir o tempo no meu esquema.<\/em><br \/>\n<em>N\u00e3o quero pensar nas coisas como presentes; quero pensar nelas como coisas.<\/em><br \/>\n<em>N\u00e3o quero separ\u00e1-las de si-pr\u00f3prias, tratando-as por presentes.<\/em><br \/>\n<em>Eu nem por reais as devia tratar.<\/em><br \/>\n<em>Eu n\u00e3o as devia tratar por nada.<\/em><br \/>\n<em>Eu devia v\u00ea-las, apenas v\u00ea-las;<\/em><br \/>\n<em>V\u00ea-las at\u00e9 n\u00e3o poder pensar nelas,<\/em><br \/>\n<em>V\u00ea-las sem tempo, nem espa\u00e7o,<\/em><br \/>\n<em>Ver podendo dispensar tudo menos o que se v\u00ea.<\/em><br \/>\n<em>\u00c9 esta a ci\u00eancia de ver, que n\u00e3o \u00e9 nenhuma.<\/em><\/p>\n<p style=\"text-align: center;\"><span class=\"x19la9d6 x1fc57z9 x6ikm8r x10wlt62 x19co3pv x1g5zs5t xfibh0p xiy17q3 x1xsqp64 x1lkfr7t xexx8yu x4uap5 x18d9i69 xkhd6sd\"><span class=\"xrtxmta x1bhl96m\">\u2666\ufe0f<\/span><\/span><\/p>\n<\/div>\n<div class=\"data\" style=\"text-align: center;\"><b>Alberto Caeiro<\/b><\/div>\n<div>\n<hr \/>\n<p><img loading=\"lazy\" decoding=\"async\" class=\" wp-image-2380 aligncenter\" src=\"https:\/\/nalua.in\/notas\/wp-content\/uploads\/2024\/12\/1735151021676c4dad4f523_1735151021_3x2_xl-1024x683.jpg\" alt=\"\" width=\"601\" height=\"401\" srcset=\"https:\/\/nalua.in\/notas\/wp-content\/uploads\/2024\/12\/1735151021676c4dad4f523_1735151021_3x2_xl-1024x683.jpg 1024w, https:\/\/nalua.in\/notas\/wp-content\/uploads\/2024\/12\/1735151021676c4dad4f523_1735151021_3x2_xl-300x200.jpg 300w, https:\/\/nalua.in\/notas\/wp-content\/uploads\/2024\/12\/1735151021676c4dad4f523_1735151021_3x2_xl-768x512.jpg 768w, https:\/\/nalua.in\/notas\/wp-content\/uploads\/2024\/12\/1735151021676c4dad4f523_1735151021_3x2_xl-150x100.jpg 150w, https:\/\/nalua.in\/notas\/wp-content\/uploads\/2024\/12\/1735151021676c4dad4f523_1735151021_3x2_xl.jpg 1200w\" sizes=\"auto, (max-width: 601px) 100vw, 601px\" \/><\/p>\n<\/div>\n<div>\n<hr \/>\n<\/div>\n<div>\n<h2 style=\"text-align: justify;\">Escreveu Maria Gabriela Llansol em seu di\u00e1rio, num dezembro como o nosso:<\/h2>\n<p><strong>Jodoigne, 30 de Dezembro de 1979<\/strong><\/p>\n<p style=\"text-align: justify;\">Anna Magdalena:<br \/>\n<em>Termina-se ano de 79. Termino-o, ao n\u00edvel deste Di\u00e1rio, na Cozinha que \u00e9 uma sala de estar toda forrada de azulejos brancos, com uma janela de olhar para o alto, ao fundo; <\/em>a sensa\u00e7\u00e3o da cozinha<em> foi a minha tend\u00eancia \/ impressao dominante hoje, designou todo prazer da minha sensibilidade do meu canto que n\u00e3o \u00e9 mem\u00f3ria, nem conhecimento. \u00c9 apenas uma partilha, her\u00e9tica \/canora\/ sonora, com uma morada; renunci\u00e1mos a qualquer ideia de lar, palavra contr\u00e1ria \u00e0 pr\u00e1tica de liberdade e de sensualidade \/ m\u00fasica em que vivemos. Esta sala de estar \u00e9 uma sala de ser da nossa natureza e, hoje, uma seda muito rala e leve.<\/em><br \/>\n<em>Termina o dia. Principia a noite. Sinto o crep\u00fasculo como um soro que se separa da claridade. O azul e as formas est\u00e3o fechados comigo nesta arca, sem vestu\u00e1rio nem adere\u00e7os. Mas h\u00e1 uma pessoa que tem essa voz que exprime o que canto, e que o inscreve novamente.<\/em><br \/>\n<em>De s\u00fabito, batendo no vidro, recebo um poema de Aoss\u00ea*<\/em><br \/>\n<em>Respondo-lhe quase no mesmo instante:<\/em><br \/>\n<em>\u00abComo \u00e9 que se lembrou de enviar-me um poema? Sobrecarregar-me com mais ser? Ou aliviar-me de uma certa dor?<\/em><br \/>\n<em>Guardo-o at\u00e9 o entender.\u00bb<\/em><\/p>\n<p style=\"text-align: right;\"><strong>Maria Gabriela Llansol &#8211; O Azul Imperfeito &#8211; Livro de Horas V (Pessoa em Llansol) Ed. Assirio &amp; Alvim<\/strong><\/p>\n<p><span style=\"font-size: 10pt;\">* <em>Aoss\u00ea<\/em> ou AOSSEP, anagrama de Pessoa, que resulta da leitura e escrita que Llansol fez do poeta Fernando Pessoa na sua obra, ao longo de toda a sua vida.<\/span><\/p>\n<hr \/>\n<h1 style=\"text-align: center;\">Um Arcano para 2025<\/h1>\n<p style=\"text-align: center;\"><em>&#8220;Esque\u00e7am o que se foi; n\u00e3o vivam no passado. Vejam, estou fazendo uma coisa nova!<\/em><br \/>\n<em>Ela j\u00e1 est\u00e1 surgindo! Voc\u00eas n\u00e3o a reconhecem?<\/em><br \/>\n<em>At\u00e9 no deserto vou abrir um caminho e riachos no ermo.<\/em><br \/>\n<strong>Isa\u00edas 43:18-19\u00a0<\/strong><\/p>\n<p><img loading=\"lazy\" decoding=\"async\" class=\"size-full wp-image-2386 aligncenter\" src=\"https:\/\/nalua.in\/notas\/wp-content\/uploads\/2024\/12\/pajemourop.jpg\" alt=\"\" width=\"350\" height=\"623\" srcset=\"https:\/\/nalua.in\/notas\/wp-content\/uploads\/2024\/12\/pajemourop.jpg 350w, https:\/\/nalua.in\/notas\/wp-content\/uploads\/2024\/12\/pajemourop-169x300.jpg 169w, https:\/\/nalua.in\/notas\/wp-content\/uploads\/2024\/12\/pajemourop-150x267.jpg 150w\" sizes=\"auto, (max-width: 350px) 100vw, 350px\" \/><\/p>\n<p style=\"text-align: justify;\">Cansa\u00e7o, problemas de sa\u00fade e uma les\u00e3o na cervical que est\u00e1 irradiando dores para o bra\u00e7o e a m\u00e3o direita n\u00e3o est\u00e3o me deixando digitar, preciso poupar a coluna\/bra\u00e7o. Mas embalada pelo clima de fim de ano (que eu adoro, apesar do luto que se intensifica) eu fiquei v\u00e1rios dias pensando que queria <strong>uma carta para o ano que vai come\u00e7ar<\/strong>. E apesar de n\u00e3o ser a carta que eu escolheria para come\u00e7ar o ano (eu SEMPRE escolheria <strong>o Mundo<\/strong>), conclui que n\u00e3o poderia ter carta melhor. O mundo t\u00e1 um caos, o fim do mundo se apresenta nem que seja como met\u00e1fora, as guerras n\u00e3o pararam, a cat\u00e1strofe clim\u00e1tica, a pobreza, a extrema direita fungando no nosso cangote&#8230; Ufa, n\u00e3o precisa de dizer mais, <strong>apesar de ter muito mais<\/strong>.<\/p>\n<p style=\"text-align: justify;\"><strong>Mas estamos vivos, ainda estamos vivos das mais diferentes maneiras, e continuamos, temos que continuar, porque<\/strong> <em>ainda estamos aqui<\/em>.<\/p>\n<p style=\"text-align: justify;\">E foi assim que<strong> chegou para 2025 o Pajem de Ouro<\/strong>, o <strong>mensageiro das ben\u00e7\u00e3os que se materializam<\/strong>. Esse Pajem, <strong>que tamb\u00e9m \u00e9 uma Princesa<\/strong>, \u00e9 quem <strong>toma o imaterial e transforma em material<\/strong>. Material, Real. N\u00e3o necessariamente f\u00edsico, mas quantific\u00e1vel, <em>sab\u00edvel<\/em>. <strong>Ele transforma o que ainda n\u00e3o \u00e9 ben\u00e9fico em ben\u00e7\u00e3os, em bens<\/strong>. E o esp\u00edrito de um ano que come\u00e7a se d\u00e1 muito bem com esse Arcano. Podemos pensar em todo o patrim\u00f4nio imaterial que nos comp\u00f5e, em todo repert\u00f3rio que acumulamos durante nossa vida e que culmina agora, nesse momento. <strong>Somos neste momento tudo que colocamos dentro de n\u00f3s, o que acumulamos como arsenal de sabedoria, de rem\u00e9dio<\/strong>. Temos nossa farm\u00e1cia interna que nos ajuda em nossa cura e nossa travessia. <strong>Tudo que vimos, ouvimos, lemos, vivemos e nos deleitamos \u00e9 nossa botica de vida<\/strong>.<\/p>\n<p style=\"text-align: justify;\">O Tar\u00f3logo Leo Chioda diz a respeito do pajem<\/p>\n<blockquote>\n<p style=\"text-align: justify;\"><em>\u2728 O Pajem de Ouros, \u00e9 b\u00ean\u00e7\u00e3o e demanda. Tanto lhe oferece oportunidades quanto lhe apresenta aquilo que merece aten\u00e7\u00e3o. N\u00e3o h\u00e1 tempo para se manter na desordem e fingir que as coisas n\u00e3o est\u00e3o acontecendo. D\u00e1 pra ser feliz na medida em que voc\u00ea se mostra cada vez mais respons\u00e1vel pelo que tem, pelo que quer e pelo que faz.<br \/>\nO Pajem de Ouros materializa, d\u00e1 forma, torna real o que deve ser cuidado, melhorado e resolvido na sua vida. O Fim de ano \u00e9 tempo de balan\u00e7os, de listas de melhores isso e aquilo, de contabilidades mil.<\/em><\/p>\n<\/blockquote>\n<p style=\"text-align: justify;\">Eu sempre adorei listas, cat\u00e1logos e contabilidades, e isso no come\u00e7o de um ano \u00e9 da al\u00e7ada desse Pajem. <strong>Os pajens\/princesas s\u00e3o mensageiros, eles levam, eles trazem, eles sopram as boas novas<\/strong>. Todos os meses eu fa\u00e7o o invent\u00e1rio de tudo de intenso, interessante que aconteceu comigo. Eu anoto o que chamo de <em>recheios do m\u00eas<\/em>, aquelas coisas que \u201caumentam meu mundo\u201d. Todos os encontros com amigos, todas as coisas legais que aconteceram, tudo o que li, vi, ouvi, celebrei. E isso \u00e9 a minha <strong>farm\u00e1cia particular, t\u00e3o infinita<\/strong>. <strong>O Pajem de Ouros pega estes invent\u00e1rios e transforma em escudos, em recursos, em cura e sobreviv\u00eancia<\/strong>. Pense em tudo que voc\u00ea entesourou dentro de si esse ano, (em todos os anos) e que <strong>te fortalece e serve de rem\u00e9dio e de caminho<\/strong>. Tire a poeira dessa drogaria e comece a usar em si. Pode funcionar, quem sabe?<\/p>\n<p>A maravilhosa poeta Alejandra Pizarnik tem um conselho sobre isso:<\/p>\n<blockquote>\n<p style=\"text-align: justify;\"><em>\u201cQue este ano me seja dado viver em mim e n\u00e3o fantasiar nem ser outras, que me seja dado me colocar boa e n\u00e3o procurar o imposs\u00edvel mas sim a magia e estranheza deste mundo que habito. Que me sejam dados os desejos de viver e conhecer o mundo. Que me seja dado o interesse por este mundo.\u201d<\/em><\/p>\n<\/blockquote>\n<p style=\"text-align: justify;\"><strong>Que a todos n\u00f3s<\/strong><strong>\u00a0sejam dadas <\/strong><strong>estas sagra\u00e7\u00f5es.<\/strong><\/p>\n<p style=\"text-align: justify;\"><strong>O Pajem de Ouro \u00e9 ben\u00e7\u00e3o e fortuna, \u00e9 a sorte sorrindo<\/strong>. <strong>De dentro de si, de dentro para fora, sentinela esperando que voc\u00ea d\u00ea forma aos seus tesouros e coloque tudo que juntou dentro de si como for\u00e7a e rem\u00e9dio<\/strong>. Use seu repert\u00f3rio, seu arsenal. <strong>Tudo que voc\u00ea viveu, desfrutou e sofreu pode ser a mat\u00e9ria do seu pensamento que vira abrigo e for\u00e7a<\/strong>. \u00c9 o que n\u00e3o mata. Tudo o que te criou, todo <em>curare de cobra<\/em>.<\/p>\n<p style=\"text-align: justify;\">Eu fiz um balan\u00e7o do que me fortaleceu esse ano, e n\u00e3o foi pouca coisa, pensando muito bem. Tenho certeza que todos podemos achar esse peda\u00e7o que n\u00e3o \u00e9 inferno.<\/p>\n<p style=\"text-align: justify;\"><strong>Feliz ano todo queridos, nos vemos em 2025, cada vez mais fortalecidos para enfrentar o que venha.<\/strong><\/p>\n<table style=\"width: 100%; border-collapse: collapse; background-color: #d2faf4;\">\n<tbody>\n<tr>\n<td style=\"width: 100%;\"><img loading=\"lazy\" decoding=\"async\" class=\"size-full wp-image-2400 aligncenter\" src=\"https:\/\/nalua.in\/notas\/wp-content\/uploads\/2024\/12\/princesaourosp.jpg\" alt=\"\" width=\"350\" height=\"565\" srcset=\"https:\/\/nalua.in\/notas\/wp-content\/uploads\/2024\/12\/princesaourosp.jpg 350w, https:\/\/nalua.in\/notas\/wp-content\/uploads\/2024\/12\/princesaourosp-186x300.jpg 186w, https:\/\/nalua.in\/notas\/wp-content\/uploads\/2024\/12\/princesaourosp-150x242.jpg 150w\" sizes=\"auto, (max-width: 350px) 100vw, 350px\" \/><\/p>\n<h2 style=\"text-align: center;\">Princesa de Ouros<\/h2>\n<p style=\"text-align: justify;\">A Princesa, ou Pajem de Ouros \u00e9 uma carta que traz consigo uma s\u00e9rie de ben\u00e7\u00e3os e energias positivas. Ela representa a materializa\u00e7\u00e3o dos sonhos e a concretiza\u00e7\u00e3o de projetos, trazendo consigo a promessa de prosperidade e crescimento. Essa carta est\u00e1 relacionada com a juventude, a energia e determina\u00e7\u00e3o. Ela nos ensina que, por mais que tenhamos grandes sonhos e desejos, \u00e9 necess\u00e1rio agir de forma pr\u00e1tica e realista para transform\u00e1-los em realidade. Uma das principais ben\u00e7\u00e3os trazidas por essa carta \u00e9 a capacidade de enxergar oportunidades onde outros veem apenas obst\u00e1culos. Ela nos encoraja a sermos criativos e a explorar novas possibilidades, sempre com os olhos voltados para o futuro. A energia do Pajem de Ouros nos impulsiona a buscar novos caminhos e a n\u00e3o nos contentarmos com a mesmice, incentivando-nos a buscar sempre o crescimento e a evolu\u00e7\u00e3o. Al\u00e9m disso, essa carta tamb\u00e9m est\u00e1 associada \u00e0 seguran\u00e7a e estabilidade material. Ela nos lembra da import\u00e2ncia de cuidar das nossas finan\u00e7as e de planejar o nosso futuro de forma respons\u00e1vel. O Pajem de Ouros nos incentiva a sermos prudentes e a agir com sabedoria em rela\u00e7\u00e3o ao nosso dinheiro, garantindo assim uma base s\u00f3lida para a constru\u00e7\u00e3o dos nossos sonhos. Outra ben\u00e7\u00e3o trazida por essa carta \u00e9 a capacidade de aprender com as experi\u00eancias do dia a dia. O Pajem de Ouros nos lembra da import\u00e2ncia do estudo e do aprendizado cont\u00ednuo, incentivando-nos a buscar conhecimento e a nos aprimorar constantemente. O <span style=\"font-family: inherit; font-size: inherit;\">Pajem de Ouros traz consigo uma s\u00e9rie de ben\u00e7\u00e3os que nos ajudam a materializar os nossos sonhos, cuidar da nossa estabilidade material, buscar conhecimento e enriquecer nosso mundo e nosso interior. Com essas energias positivas ao nosso lado, somos capazes de transformar os nossos desejos em realidade e construir um futuro pr\u00f3spero e abundante.<\/span><\/p>\n<\/td>\n<\/tr>\n<\/tbody>\n<\/table>\n<h2 style=\"text-align: center;\">Um texto que junta nossas tralhas e faz beleza<\/h2>\n<p style=\"text-align: justify;\"><em>Abro as portas que d\u00e3o acesso ao repert\u00f3rio que criei nesses 30 anos e dou de cara com estantes repletas de livros, sabores, m\u00fasicas, lugares, filmes, cheiros e texturas que fazem de mim\u00a0isso\u00a0que me tornei.<\/em><br \/>\n<em>A literatura e a m\u00fasica s\u00e3o, at\u00e9 hoje, as minhas principais companhias. Respons\u00e1veis por trazer conforto em dias dif\u00edceis, alegria em dobro nos dias bons e movimento nos dias tediosos. S\u00e3o tamb\u00e9m elas que criam perguntas e respondem tantas outras. S\u00e3o nascente e foz dos meus planos e sonhos.<\/em><br \/>\n<em>Mas mesmo com essas certezas todas sobre o que gosto, vez ou outra ainda me pego distra\u00edda com coisas que n\u00e3o tem nada a ver comigo.\u00a0<strong>O ac\u00famulo de informa\u00e7\u00f5es imensamente maior do que eu sou capaz de processar me devora antes do meio dia.<\/strong><\/em><br \/>\n<em>[..] Ao assistir \u201c<a href=\"https:\/\/www.youtube.com\/watch?v=Iv8YO5BXCAQ\" rel=\"\">Dias Perfeitos<\/a>\u201d fiquei muito encantada com o que vi, mas n\u00e3o sabia dizer exatamente o que havia me causado o famoso\u00a0quentinho no cora\u00e7\u00e3o.<\/em><br \/>\n<em>Revendo, notei que o que mais me trouxe encanto foi o qu\u00e3o\u00a0<strong>satisfeito<\/strong>\u00a0e\u00a0<strong>preenchido<\/strong>\u00a0Hirayama sentia-se com a pr\u00f3pria rotina, com sua cole\u00e7\u00e3o de fitas e a repeti\u00e7\u00e3o dos mesmos h\u00e1bitos semana ap\u00f3s semana: trabalhar, ler, fotografar \u00e1rvores, revelar as fotos, regar as plantas.<\/em><br \/>\n<em>Repeti\u00e7\u00e3o esta que pode at\u00e9 soar tediosa para alguns, mas que pra ele funcionava como um lembrete di\u00e1rio de que\u00a0<strong>j\u00e1 possu\u00eda uma vida repleta de coisas de seu interesse<\/strong>\u00a0e que isso era suficiente.<\/em><br \/>\n<em>E \u00e9 justamente esse exerc\u00edcio &#8211; de\u00a0<strong>olhar para quem eu sou, o que gosto e o que j\u00e1 possuo<\/strong>, que me ajuda a criar filtros criteriosos quanto ao que n\u00e3o merece a minha aten\u00e7\u00e3o (o meu dinheiro, o meu tempo\u2026). Gosto da ideia de ter desenvolvido prefer\u00eancias que expressem quem eu sou de maneira t\u00e3o fiel e de como isso me mant\u00e9m longe de ser corrompida por tantas influ\u00eancias externas (mesmo sendo uma pessoa cronicamente online).<\/em><br \/>\n<em>Carregar com orgulho a minha pastinha cheia de refer\u00eancias,\u00a0<strong>al\u00e9m de me salvar da mesmice ditada pelos algoritmos<\/strong>, me serve tamb\u00e9m como um lugar seguro: se tudo der errado (e d\u00e1 muitas vezes) eu sempre terei para onde retornar &#8211; as minhas m\u00fasicas, aos meus\u00a0comfort movies, ao moletom da minha cor favorita e\u00a0<strong>as pequenas alegrias que fazem com que a minha exist\u00eancia flutue mais do que pese.<\/strong><\/em><\/p>\n<p style=\"text-align: center;\"><em>*<\/em><\/p>\n<p style=\"text-align: justify;\"><em>Manter o olhar atento a\u00a0<strong>quem somos<\/strong>,\u00a0<strong>ao mundo<\/strong>\u00a0e\u00a0<strong>a quem somos no mundo<\/strong>\u00a0\u00e9 a pr\u00e1tica de se fazer presente com aten\u00e7\u00e3o e isso \u00e9 muito dif\u00edcil hoje em dia. A gente pula do Tiktok para o Instagram, lemos o peda\u00e7o de um livro enquanto ouvimos um podcast, falamos com um amigo enquanto lavamos lou\u00e7a\u2026<strong>\u00a0Vagando entre ambientes, pessoas e conte\u00fados sem estar realmente em nada.<\/strong>\u00a0Como saber do que gostamos, de verdade, quando estamos sempre t\u00e3o distra\u00eddos?<\/em><\/p>\n<p style=\"text-align: right;\"><strong>Tamires Correia &#8211; Invent\u00e1rio de Gostos<\/strong><\/p>\n<p style=\"text-align: right;\"><a href=\"https:\/\/umpasso.substack.com\/p\/inventario-de-gostos\" target=\"_blank\" rel=\"noopener\">https:\/\/umpasso.substack.com\/p\/inventario-de-gostos<\/a><\/p>\n<table style=\"width: 100%; border-collapse: collapse; background-color: #ede1f2;\">\n<tbody>\n<tr>\n<td style=\"width: 100%;\">\n<h2 style=\"text-align: center;\">Botica de <em>errores<\/em><\/h2>\n<p style=\"text-align: justify;\"><em><strong>Essa se\u00e7\u00e3o de hoje vai ser o invent\u00e1rio de tudo que tornou meu mundo maior e mais saboroso esse ano, para meu registro e para servir de ideia. O escritor Rafael Gallo disse no instagram que faz e l\u00ea essas listas de melhores isso e aquilo (no caso dele, livros) porque acredita que sugerirmos uns aos outros algumas leituras \u00e9 uma ajuda bem-vinda e funciona. Eu tamb\u00e9m acredito nisso, e como muitas v\u00edtimas que me leem sabem, adoro listas e para mim elas funcionam, mesmo que eu nunca siga nenhuma. Desculpa, Isa (mas eu sei que voc\u00ea tamb\u00e9m curte, apesar de. <\/strong><\/em><strong>\ud83d\ude09\u00a0 )<\/strong><br \/>\n<em><strong>Ent\u00e3o a\u00ed vai o invent\u00e1rio, o meu lenitivo e farm\u00e1cia de 2024. O que vai ficar e o que me curou.<\/strong><\/em><\/p>\n<\/td>\n<\/tr>\n<\/tbody>\n<\/table>\n<h3 style=\"text-align: center;\">O melhor livro de 2024<\/h3>\n<p><img loading=\"lazy\" decoding=\"async\" class=\" wp-image-2387 aligncenter\" src=\"https:\/\/nalua.in\/notas\/wp-content\/uploads\/2024\/12\/desertotartarosp.jpg\" alt=\"\" width=\"300\" height=\"457\" srcset=\"https:\/\/nalua.in\/notas\/wp-content\/uploads\/2024\/12\/desertotartarosp.jpg 350w, https:\/\/nalua.in\/notas\/wp-content\/uploads\/2024\/12\/desertotartarosp-197x300.jpg 197w, https:\/\/nalua.in\/notas\/wp-content\/uploads\/2024\/12\/desertotartarosp-150x228.jpg 150w\" sizes=\"auto, (max-width: 300px) 100vw, 300px\" \/><\/p>\n<p style=\"text-align: justify;\"><strong>O Deserto dos T\u00e1rtaros &#8211; Dino Buzzati. Tradu\u00e7\u00e3o de Aurora Fornoni Bernardini. <em>Como esse livro me impactou. \u00c9 um livro gostoso de ler, fluido, f\u00e1cil, mas ao mesmo tempo \u00e9 uma porrada. S\u00e3o reflex\u00f5es sobre a espera e a passagem do tempo, a condi\u00e7\u00e3o humana, a tens\u00e3o entre o mundo real e o mundo ideal. Drogo, o protagonista, vive na expectativa da invas\u00e3o dos t\u00e1rtaros, um evento grandioso que justificar\u00e1 sua vida e trar\u00e1 sentido \u00e0 sua exist\u00eancia. Essa espera levanta a quest\u00e3o de quantos de n\u00f3s passamos a vida \u00e0 espera de algo que nunca se concretiza, negligenciando o presente em favor de uma promessa de plenitude futura. O tempo \u00e9 retratado como uma for\u00e7a que destr\u00f3i as ambi\u00e7\u00f5es e sonhos. A juventude, inicialmente vista como uma promessa, \u00e9 consumida pela monotonia. O envelhecimento \u00e9 a irreversibilidade do tempo e diz como a vida frequentemente se esvai sem que alcancemos as nossas tantas metas. Eu tamb\u00e9m fiquei tocada com a solid\u00e3o que permeia a vida que levam os personagens e que lembra as experi\u00eancias contempor\u00e2neas de aliena\u00e7\u00e3o. A sensa\u00e7\u00e3o de isolamento e ang\u00fastia existencial dos personagens diante da espera intermin\u00e1vel e da passagem inexor\u00e1vel do tempo. \u00c9 um livro que permanece. Mesmo que destrua algumas coisas, constr\u00f3i outras. Recomendo demasiadamente (risos).<\/em><\/strong><\/p>\n<hr \/>\n<p style=\"text-align: justify;\"><span class=\"a-text-bold a-text-italic\">O Deserto dos T\u00e1rtaros<\/span><span class=\"a-text-bold\"> \u00a0\u00e9 uma jornada pela complexidade da alma humana.\u00a0<\/span>Nesta obra-prima de Dino Buzzati, voc\u00ea ser\u00e1 levado a uma atmosfera carregada de expectativa e reflex\u00e3o sobre a vida e o tempo que passa.\u00a0A hist\u00f3ria do jovem tenente Giovanni Drogo, destinado a um posto remoto no forte Bastiani, \u00e9 uma met\u00e1fora arrebatadora da espera e da busca por significado na exist\u00eancia.\u00a0Voc\u00ea ir\u00e1 se identificar com as emo\u00e7\u00f5es de Drogo, sua alegria inicial, o senso de dever e, eventualmente, a melancolia que acompanha a espera por um inimigo que parece nunca chegar.\u00a0Este livro \u00e9 um convite \u00e0 reflex\u00e3o sobre como a vida pode nos surpreender, nos confrontando com a passagem do tempo e a busca por prop\u00f3sito.\u00a0<span class=\"a-text-italic\">O Deserto dos T\u00e1rtaros\u00a0<\/span>\u00a0\u00e9 mais do que um romance; \u00e9 uma experi\u00eancia liter\u00e1ria profunda que tocar\u00e1 a alma de qualquer leitor em busca de uma narrativa que ressoa muito al\u00e9m das p\u00e1ginas.<\/p>\n<hr \/>\n<h3 style=\"text-align: center;\">As melhores leituras de 2024<\/h3>\n<blockquote class=\"instagram-media\" style=\"background: #FFF; border: 0; border-radius: 3px; box-shadow: 0 0 1px 0 rgba(0,0,0,0.5),0 1px 10px 0 rgba(0,0,0,0.15); margin: 1px; max-width: 540px; min-width: 326px; padding: 0; width: calc(100% - 2px);\" data-instgrm-captioned=\"\" data-instgrm-permalink=\"https:\/\/www.instagram.com\/p\/DD90LUcOwpX\/?utm_source=ig_embed&amp;utm_campaign=loading\" data-instgrm-version=\"14\">\n<div style=\"padding: 16px;\">\n<p>&nbsp;<\/p>\n<div style=\"display: flex; flex-direction: row; align-items: center;\">\n<div style=\"background-color: #f4f4f4; border-radius: 50%; flex-grow: 0; height: 40px; margin-right: 14px; width: 40px;\"><\/div>\n<div style=\"display: flex; flex-direction: column; flex-grow: 1; justify-content: center;\">\n<div style=\"background-color: #f4f4f4; border-radius: 4px; flex-grow: 0; height: 14px; margin-bottom: 6px; width: 100px;\"><\/div>\n<div style=\"background-color: #f4f4f4; border-radius: 4px; flex-grow: 0; height: 14px; width: 60px;\"><\/div>\n<\/div>\n<\/div>\n<div style=\"padding: 19% 0;\"><\/div>\n<div style=\"display: block; height: 50px; margin: 0 auto 12px; width: 50px;\"><\/div>\n<div style=\"padding-top: 8px;\">\n<div style=\"color: #3897f0; font-family: Arial,sans-serif; font-size: 14px; font-style: normal; font-weight: 550; line-height: 18px;\">Ver essa foto no Instagram<\/div>\n<\/div>\n<div style=\"padding: 12.5% 0;\"><\/div>\n<div style=\"display: flex; flex-direction: row; margin-bottom: 14px; align-items: center;\">\n<div>\n<div style=\"background-color: #f4f4f4; border-radius: 50%; height: 12.5px; width: 12.5px; transform: translateX(0px) translateY(7px);\"><\/div>\n<div style=\"background-color: #f4f4f4; height: 12.5px; transform: rotate(-45deg) translateX(3px) translateY(1px); width: 12.5px; flex-grow: 0; margin-right: 14px; margin-left: 2px;\"><\/div>\n<div style=\"background-color: #f4f4f4; border-radius: 50%; height: 12.5px; width: 12.5px; transform: translateX(9px) translateY(-18px);\"><\/div>\n<\/div>\n<div style=\"margin-left: 8px;\">\n<div style=\"background-color: #f4f4f4; border-radius: 50%; flex-grow: 0; height: 20px; width: 20px;\"><\/div>\n<div style=\"width: 0; height: 0; border-top: 2px solid transparent; border-left: 6px solid #f4f4f4; border-bottom: 2px solid transparent; transform: translateX(16px) translateY(-4px) rotate(30deg);\"><\/div>\n<\/div>\n<div style=\"margin-left: auto;\">\n<div style=\"width: 0px; border-top: 8px solid #F4F4F4; border-right: 8px solid transparent; transform: translateY(16px);\"><\/div>\n<div style=\"background-color: #f4f4f4; flex-grow: 0; height: 12px; width: 16px; transform: translateY(-4px);\"><\/div>\n<div style=\"width: 0; height: 0; border-top: 8px solid #F4F4F4; border-left: 8px solid transparent; transform: translateY(-4px) translateX(8px);\"><\/div>\n<\/div>\n<\/div>\n<div style=\"display: flex; flex-direction: column; flex-grow: 1; justify-content: center; margin-bottom: 24px;\">\n<div style=\"background-color: #f4f4f4; border-radius: 4px; flex-grow: 0; height: 14px; margin-bottom: 6px; width: 224px;\"><\/div>\n<div style=\"background-color: #f4f4f4; border-radius: 4px; flex-grow: 0; height: 14px; width: 144px;\"><\/div>\n<\/div>\n<p>&nbsp;<\/p>\n<p style=\"color: #c9c8cd; font-family: Arial,sans-serif; font-size: 14px; line-height: 17px; margin-bottom: 0; margin-top: 8px; overflow: hidden; padding: 8px 0 7px; text-align: center; text-overflow: ellipsis; white-space: nowrap;\"><a style=\"color: #c9c8cd; font-family: Arial,sans-serif; font-size: 14px; font-style: normal; font-weight: normal; line-height: 17px; text-decoration: none;\" href=\"https:\/\/www.instagram.com\/p\/DD90LUcOwpX\/?utm_source=ig_embed&amp;utm_campaign=loading\" target=\"_blank\" rel=\"noopener\">Uma publica\u00e7\u00e3o compartilhada por A Velha Que Lia (@avelhaquelia)<\/a><\/p>\n<\/div>\n<\/blockquote>\n<p><script async src=\"\/\/www.instagram.com\/embed.js\"><\/script><\/p>\n<hr \/>\n<h3 style=\"text-align: center;\">Melhor Filme de 2024<\/h3>\n<p style=\"text-align: justify;\"><em><strong>Foi dif\u00edcil escolher entre os filmes, pois vi alguns muito bons. Para o esp\u00edrito desse post talvez eu devesse ter escolhido Dias Perfeitos. Que \u00e9 um filme que nutre, que inspira, \u00e9 bonito, moderno, \u00e9 Wim Wenders. Ou Pobres Criaturas, que \u00e9 um filme sobre o desejo humano de fazer justamente o que esse post diz, aprender, explorar, juntar experi\u00eancias, se jogar no mundo. \u00c9 o que Bela, a personagem principal do filme faz. Bela est\u00e1 construindo seu repert\u00f3rio de belezas e ang\u00fastias neste mundo. Podia mesmo ter escolhido o Ainda Estou Aqui, sobre uma mulher cuja vida \u00e9 uma tremenda inspira\u00e7\u00e3o. Todos estes filmes est\u00e3o recomendad\u00edssimos tamb\u00e9m. Mas vou falar de um filme que \u00e9 uma obra-prima real. Uma joia do cinema, um filme imperd\u00edvel e foi indica\u00e7\u00e3o do meu amigo Radam\u00e9s e do diretor Karim A\u00efnouz num podcast. Esse filme me emocionou, impactou, incomodou e est\u00e1 comigo at\u00e9 agora, todos os dias, desde que eu assisti. \u00c9 do primeiro diretor por quem eu me interessei como cineasta ainda l\u00e1 no fim dos anos 80, quando nem gente direito eu era.\u00a0<\/strong><\/em><\/p>\n<hr \/>\n<p style=\"text-align: justify;\"><img loading=\"lazy\" decoding=\"async\" class=\"wp-image-2390 aligncenter\" src=\"https:\/\/nalua.in\/notas\/wp-content\/uploads\/2024\/12\/0008762_335.jpg\" alt=\"\" width=\"301\" height=\"439\" srcset=\"https:\/\/nalua.in\/notas\/wp-content\/uploads\/2024\/12\/0008762_335.jpg 335w, https:\/\/nalua.in\/notas\/wp-content\/uploads\/2024\/12\/0008762_335-206x300.jpg 206w, https:\/\/nalua.in\/notas\/wp-content\/uploads\/2024\/12\/0008762_335-150x219.jpg 150w\" sizes=\"auto, (max-width: 301px) 100vw, 301px\" \/><br \/>\n<strong>O Medo Devora a Alma &#8211; \u00a0Rainer Werner Fassbinder &#8211; Alemanha Ocidental, 1974. Um romance quase acidental \u00e9 aceso entre uma alem\u00e3 de sessenta e poucos anos e um trabalhador migrante marroquino cerca de vinte e cinco anos mais jovem. Essas duas pessoas separadas pela idade e ra\u00e7a decidem abruptamente se casar, causando um esc\u00e2ndalo entre todos \u00e0 sua volta.<\/strong><\/p>\n<hr \/>\n<h3 style=\"text-align: center;\">Mais um Filme<\/h3>\n<p><img loading=\"lazy\" decoding=\"async\" class=\"wp-image-2417 aligncenter\" src=\"https:\/\/nalua.in\/notas\/wp-content\/uploads\/2024\/12\/a-cancao-da-estrada.jpg\" alt=\"\" width=\"300\" height=\"428\" srcset=\"https:\/\/nalua.in\/notas\/wp-content\/uploads\/2024\/12\/a-cancao-da-estrada.jpg 718w, https:\/\/nalua.in\/notas\/wp-content\/uploads\/2024\/12\/a-cancao-da-estrada-210x300.jpg 210w, https:\/\/nalua.in\/notas\/wp-content\/uploads\/2024\/12\/a-cancao-da-estrada-150x214.jpg 150w\" sizes=\"auto, (max-width: 300px) 100vw, 300px\" \/><\/p>\n<p style=\"text-align: justify;\"><strong>A Can\u00e7\u00e3o da Estrada &#8211; Satyajit Ray &#8211; \u00cdndia, 1955. <em>Quase no fim da linha (ontem) eu assisti um filme que \u00e9 t\u00e3o belo, mas t\u00e3o belo que precioso colocar aqui. <a href=\"https:\/\/www.planocritico.com\/critica-a-cancao-da-estrada\/\" target=\"_blank\" rel=\"noopener\">A hist\u00f3ria de como foi feito j\u00e1 \u00e9 uma novela em si.<\/a> Mas o filme \u00e9 outra obra-prima e igualmente foi indica\u00e7\u00e3o do aniversariante do dia, o meu amigo Rada, que tem um gosto impec\u00e1vel para tudo nessa vida. \u00c9 um filme lindo, um deleite para os sentidos. Muito triste, mostra como a mis\u00e9ria parece t\u00e3o semelhante mundo afora, \u00e9pocas adentro. Assistam, \u00e9 imperd\u00edvel.<\/em><\/strong><\/p>\n<hr \/>\n<p style=\"text-align: justify;\">No in\u00edcio do s\u00e9culo 20, Apu \u00e9 um menino pertencente a uma pobre fam\u00edlia br\u00e2mane de um vilarejo na \u00cdndia. Seu pai, poeta e sacerdote, \u00e9 for\u00e7ado a deixar seus entes queridos em busca de trabalho. Uma das obras-prima do cinema mundial, in\u00e9dita no Brasil e nas Am\u00e9ricas. Este filme foi a estr\u00e9ia espetacular de Satyati Ray. Recuperada a finais dos anos 90, pois um inc\u00eandio destruiu os negativos originais, esta \u00e9 a primeira fita, que deu origem a Trilogia de Apu. Nela se narra a comovente hist\u00f3ria de uma fam\u00edlia de Bengali perseguida pela m\u00e1 sorte. O pai, Harihara, \u00e9 um sacerdote mundano, curandeiro, sonhador e poeta. Sabajaya, a m\u00e3e trabalha para alimentar a uma fam\u00edlia, que recebe com alegria e esperan\u00e7a a chegada de um novo filho, Apu.<\/p>\n<hr \/>\n<h3 style=\"text-align: center;\"><strong>Document\u00e1rio do ano<\/strong><\/h3>\n<p><img loading=\"lazy\" decoding=\"async\" class=\"size-full wp-image-2420 aligncenter\" src=\"https:\/\/nalua.in\/notas\/wp-content\/uploads\/2024\/12\/unnamed.jpg\" alt=\"\" width=\"223\" height=\"370\" srcset=\"https:\/\/nalua.in\/notas\/wp-content\/uploads\/2024\/12\/unnamed.jpg 223w, https:\/\/nalua.in\/notas\/wp-content\/uploads\/2024\/12\/unnamed-181x300.jpg 181w, https:\/\/nalua.in\/notas\/wp-content\/uploads\/2024\/12\/unnamed-150x249.jpg 150w\" sizes=\"auto, (max-width: 223px) 100vw, 223px\" \/><\/p>\n<p style=\"text-align: justify;\"><strong>A Vida e Arte de Stanis\u0142aw Szukalski &#8211; Ireneusz Dobrowolski &#8211; 2018. <em>Eu j\u00e1 falei desse document\u00e1rio aqui, e n\u00e3o vi outro melhor esse ano. E al\u00e9m de ter sido o que mais apreciei, ele tem tudo a ver com esp\u00edrito do arcano que vai nos acompanhar em 2025. Esse artista, pol\u00eamico, que era muitas vezes imperdo\u00e1vel tinha dentro de si um arsenal extraordin\u00e1rio, que ele soube usar como poucos, talvez sendo at\u00e9 o que n\u00e3o lhe deixou sucumbir nem enloquecer. E a pr\u00f3pria arte dele \u00e9 algo que quando entramos em contato, o nosso mundo aumenta, sem d\u00favida nenhuma.<\/em><\/strong><\/p>\n<hr \/>\n<h3 style=\"text-align: center;\">O document\u00e1rio sobre o melhor (do) Pajem de Ouros.<\/h3>\n<p><img loading=\"lazy\" decoding=\"async\" class=\"wp-image-2421 aligncenter\" src=\"https:\/\/nalua.in\/notas\/wp-content\/uploads\/2024\/12\/19979224.webp\" alt=\"\" width=\"298\" height=\"441\" srcset=\"https:\/\/nalua.in\/notas\/wp-content\/uploads\/2024\/12\/19979224.webp 350w, https:\/\/nalua.in\/notas\/wp-content\/uploads\/2024\/12\/19979224-203x300.webp 203w, https:\/\/nalua.in\/notas\/wp-content\/uploads\/2024\/12\/19979224-150x222.webp 150w\" sizes=\"auto, (max-width: 298px) 100vw, 298px\" \/><\/p>\n<p style=\"text-align: justify;\"><strong>S\u00f3 dez por cento \u00e9 Mentira &#8211; Pedro Cezar &#8211;\u00a0 Brasil, 2008. <em>Esse document\u00e1rio est\u00e1 aqui porque foi ele que mudou algo de forma muito particular em mim. foi depois que vi esse document\u00e1rio que a no\u00e7\u00e3o de aumentar o mundo, aumentar o meu quintal cresceu dentro de mim e me deu uma for\u00e7a que eu precisava demais naquele momento. Foi a partir desse concieto totalmente conectado com o Pajem de Ouro que eu percebi o quanto temos diante de n\u00f3s toda uma possibilidade infinita de viver o mundo e a vida com maiores janelas, portas e quintais. e est\u00e1 aqui tamb\u00e9m porque o poeta Manoel de Barros me lembra muito o meu amigo que aniversaria hoje, ele, que aumenta meu mundo toda vez que nos encontramos.<\/em><\/strong><\/p>\n<hr \/>\n<p style=\"text-align: justify;\">O document\u00e1rio S\u00f3 dez por cento \u00e9 mentira traz uma entrevista in\u00e9dita com Manoel de Barros, que at\u00e9 ent\u00e3o nunca tinha se deixado filmar para tais fins. Seguindo a l\u00f3gica \u2013 se pode se chamar assim \u2013 da obra do poeta, o document\u00e1rio investe em produ\u00e7\u00e3o ficcional, dramaturgia, representa\u00e7\u00f5es gr\u00e1ficas e linguagem visual inventiva para narrar o universo extraordin\u00e1rio criado por Manoel de Barros.<\/p>\n<hr \/>\n<h3 style=\"text-align: center;\">O Melhor post<\/h3>\n<p><img loading=\"lazy\" decoding=\"async\" class=\"wp-image-2418 aligncenter\" src=\"https:\/\/nalua.in\/notas\/wp-content\/uploads\/2024\/12\/maebeijo.jpg\" alt=\"\" width=\"251\" height=\"340\" srcset=\"https:\/\/nalua.in\/notas\/wp-content\/uploads\/2024\/12\/maebeijo.jpg 430w, https:\/\/nalua.in\/notas\/wp-content\/uploads\/2024\/12\/maebeijo-221x300.jpg 221w, https:\/\/nalua.in\/notas\/wp-content\/uploads\/2024\/12\/maebeijo-150x203.jpg 150w\" sizes=\"auto, (max-width: 251px) 100vw, 251px\" \/><\/p>\n<p style=\"text-align: center;\"><em><strong>Da minha sobrinha, sobre minha m\u00e3e, um texto que emocionou todos n\u00f3s e que nos fez ver quanto do nosso repert\u00f3rio se deve \u00e0 essa mulher que foi minha m\u00e3e. E como estamos todos os dias, construindo nosso arsenal pessoal a partir do amor e da vida que ela nos deu.<\/strong><\/em><\/p>\n<p style=\"text-align: center;\"><a href=\"https:\/\/sank0fa.blogspot.com\/2024\/12\/conto-de-areia.html\" target=\"_blank\" rel=\"noopener\">https:\/\/sank0fa.blogspot.com\/2024\/12\/conto-de-areia.html<\/a><\/p>\n<hr \/>\n<h3 style=\"text-align: center;\">\u266b A Playlist de 2024<\/h3>\n<p style=\"text-align: center;\"><em>Try \u2013 Pink<\/em><br \/>\n<em>Vapor Barato \u2013 Gal Costa<\/em><br \/>\n<em>Hasta la Ra\u00edz \u2013 Natalia Lafourcade<\/em><br \/>\n<em>Sin M\u00e1s \u2013 Buenos muchados<\/em><br \/>\n<em>Me olvide de vivir \u2013 Julio Iglesias<\/em><br \/>\n<em>Alibi \u2013 Pablo Vitar<\/em><br \/>\n<em>Infinito Particular \u2013 Marisa Monte<\/em><br \/>\n<em>Fullg\u00e1s \u2013 Marina<\/em><br \/>\n<em>Daniel \u2013 Elton John<\/em><br \/>\n<em>Maria la Curandera \u2013 Natalia Lafourcade<\/em><br \/>\n<em>Andar com f\u00e9 \u2013 Gilberto Gil<\/em><br \/>\n<em>Killing me softly \u2013 Roberta Flack<\/em><br \/>\n<em>Don\u2019t let me be misunderstood \u2013 Nina Simone<\/em><br \/>\n<em>Serpente \u2013 Pitty<\/em><br \/>\n<em>\u00c1gua de Beber \u2013 Tom Jobim<\/em><br \/>\n<em>Nuvem Passageira \u2013 Hermes de Aquino<\/em><br \/>\n<em>Meninos e Meninas \u2013 Legi\u00e3o Urbana<\/em><br \/>\n<em>Just give me a reason \u2013 Pink<\/em><br \/>\n<em>If You Believe \u2013 (feat. Patch Crowe) Strive to Be<\/em><br \/>\n<em>Fast Car \u2013 Tracy Chapman<\/em><br \/>\n<em>Conto de Areia \u2013 Clara Nunes<\/em><br \/>\n<em>Disritmia \u2013 Martinho da Vila<\/em><br \/>\n<em>Lucro \u2013 Baiana System<\/em><br \/>\n<em>Quem sabe isso quer dizer amor \u2013 Milton Nascimento<\/em><br \/>\n<em>Casa de Bamba \u2013 Martinho da Vila<\/em><\/p>\n<p><img loading=\"lazy\" decoding=\"async\" class=\"size-full wp-image-2428 aligncenter\" src=\"https:\/\/nalua.in\/notas\/wp-content\/uploads\/2024\/12\/BALANCO.jpg\" alt=\"\" width=\"731\" height=\"248\" srcset=\"https:\/\/nalua.in\/notas\/wp-content\/uploads\/2024\/12\/BALANCO.jpg 731w, https:\/\/nalua.in\/notas\/wp-content\/uploads\/2024\/12\/BALANCO-300x102.jpg 300w, https:\/\/nalua.in\/notas\/wp-content\/uploads\/2024\/12\/BALANCO-150x51.jpg 150w\" sizes=\"auto, (max-width: 731px) 100vw, 731px\" \/><\/p>\n<table style=\"width: 100%; border-collapse: collapse; background-color: #bbf9fa;\">\n<tbody>\n<tr>\n<td style=\"width: 100%; text-align: center;\"><em>Se de tudo fica um pouco,<\/em><br \/>\n<em>mas por que n\u00e3o ficaria<\/em><br \/>\n<em>um pouco de mim? no trem<\/em><br \/>\n<em>que leva ao norte, no barco,<\/em><br \/>\n<em>nos an\u00fancios de jornal,<\/em><br \/>\n<em>um pouco de mim em Londres,<\/em><br \/>\n<em>um pouco de mim algures?<\/em><br \/>\n<em>na consoante?<\/em><br \/>\n<em>no po\u00e7o?<\/em><span class=\"x19la9d6 x1fc57z9 x6ikm8r x10wlt62 x19co3pv x1g5zs5t xfibh0p xiy17q3 x1xsqp64 x1lkfr7t xexx8yu x4uap5 x18d9i69 xkhd6sd\"><span class=\"xrtxmta x1bhl96m\">\u2666\ufe0f<\/span><\/span><br \/>\n<strong>Carlos Drummond de Andrade<\/strong><\/td>\n<\/tr>\n<\/tbody>\n<\/table>\n<p style=\"text-align: center;\"><span style=\"font-size: 10pt;\">Post com a colabora\u00e7\u00e3o de\u00a0<a href=\"http:\/\/instagram.com\/laismeralda\" target=\"_blank\" rel=\"noopener\">@laismeralda, que \u00e9 a<em>\u00a0melhor cartomante do peda\u00e7o, marque sua consulta com ela.<\/em><\/a><\/span><\/p>\n<hr \/>\n<p style=\"text-align: justify;\"><em>Se voc\u00ea leu at\u00e9 aqui, obrigada! Esse \u00e9 o meu almanaque particular. Um peda\u00e7o do meu di\u00e1rio, da minha arca da velha, um registro de pequenas efem\u00e9rides, de coisas que quero guardar, do tempo, do vento, do c\u00e9u e do cheiro da chuva. Os Vest\u00edgios do Dia, meus dias. Aqui s\u00f3 tem refer\u00eancias, pois \u00e9 disso que sou feita.<\/em><\/p>\n<table style=\"width: 100%; border-collapse: collapse; background-color: #facdcd;\">\n<tbody>\n<tr>\n<td style=\"width: 100%; text-align: center;\">\u00a9 Nalua \u2013 Caderninho pessoal, bauzinho de trapos coloridos, nos morros de Minas Gerais. Muita chuva de Ver\u00e3o, gra\u00e7as a todo pante\u00e3o.<\/td>\n<\/tr>\n<\/tbody>\n<\/table>\n<\/div>\n<p style=\"text-align: center;\"><span style=\"font-size: 8pt;\">30 de dezembro \u00e9 o 364.\u00ba dia do ano no calend\u00e1rio gregoriano (365.\u00ba em anos bissextos). Faltam 1 dia para acabar o ano. \\o\/<\/span><\/p>\n","protected":false},"excerpt":{"rendered":"<p>um cesto de alegrias de quintal Belo Horizonte, 30 de dezembro de 2024 \u26c8\ufe0f 19\u00b0 &#8211; 25\u00b0 30 de dezembro \u00e9 anivers\u00e1rio do meu querido [&#8230;]<\/p>\n","protected":false},"author":1,"featured_media":0,"comment_status":"open","ping_status":"open","sticky":false,"template":"","format":"standard","meta":{"footnotes":""},"categories":[9,13,10,5,12],"tags":[],"class_list":["post-2379","post","type-post","status-publish","format-standard","hentry","category-almanaque","category-carta-semanal","category-jardim","category-newsletter","category-oraculo"],"_links":{"self":[{"href":"https:\/\/nalua.in\/notas\/wp-json\/wp\/v2\/posts\/2379","targetHints":{"allow":["GET"]}}],"collection":[{"href":"https:\/\/nalua.in\/notas\/wp-json\/wp\/v2\/posts"}],"about":[{"href":"https:\/\/nalua.in\/notas\/wp-json\/wp\/v2\/types\/post"}],"author":[{"embeddable":true,"href":"https:\/\/nalua.in\/notas\/wp-json\/wp\/v2\/users\/1"}],"replies":[{"embeddable":true,"href":"https:\/\/nalua.in\/notas\/wp-json\/wp\/v2\/comments?post=2379"}],"version-history":[{"count":36,"href":"https:\/\/nalua.in\/notas\/wp-json\/wp\/v2\/posts\/2379\/revisions"}],"predecessor-version":[{"id":2430,"href":"https:\/\/nalua.in\/notas\/wp-json\/wp\/v2\/posts\/2379\/revisions\/2430"}],"wp:attachment":[{"href":"https:\/\/nalua.in\/notas\/wp-json\/wp\/v2\/media?parent=2379"}],"wp:term":[{"taxonomy":"category","embeddable":true,"href":"https:\/\/nalua.in\/notas\/wp-json\/wp\/v2\/categories?post=2379"},{"taxonomy":"post_tag","embeddable":true,"href":"https:\/\/nalua.in\/notas\/wp-json\/wp\/v2\/tags?post=2379"}],"curies":[{"name":"wp","href":"https:\/\/api.w.org\/{rel}","templated":true}]}}