{"id":2298,"date":"2024-10-05T21:58:15","date_gmt":"2024-10-05T21:58:15","guid":{"rendered":"https:\/\/nalua.in\/notas\/?p=2298"},"modified":"2024-10-06T02:05:03","modified_gmt":"2024-10-06T02:05:03","slug":"canta-forte-canta-alto","status":"publish","type":"post","link":"https:\/\/nalua.in\/notas\/canta-forte-canta-alto\/","title":{"rendered":""},"content":{"rendered":"<p style=\"text-align: center;\"><a href=\"https:\/\/telegra.ph\/Canta-Canta-Minha-Gente-10-05\" target=\"_blank\" rel=\"noopener\"><span style=\"font-size: 8pt;\">canta forte, canta alto<\/span><\/a><\/p>\n<p><img loading=\"lazy\" decoding=\"async\" class=\"size-full wp-image-2119 aligncenter\" src=\"https:\/\/nalua.in\/notas\/wp-content\/uploads\/2024\/06\/almanaque-1.jpg\" alt=\"\" width=\"542\" height=\"139\" srcset=\"https:\/\/nalua.in\/notas\/wp-content\/uploads\/2024\/06\/almanaque-1.jpg 542w, https:\/\/nalua.in\/notas\/wp-content\/uploads\/2024\/06\/almanaque-1-300x77.jpg 300w, https:\/\/nalua.in\/notas\/wp-content\/uploads\/2024\/06\/almanaque-1-150x38.jpg 150w\" sizes=\"auto, (max-width: 542px) 100vw, 542px\" \/><\/p>\n<p style=\"text-align: center;\"><strong>Belo Horizonte, 05 de outubro de 2024<\/strong><\/p>\n<p style=\"text-align: center;\"><strong>\ud83c\udf2418<sup>o\u00a0<\/sup>&#8211; 32<sup>o<\/sup><\/strong><\/p>\n<hr \/>\n<p style=\"text-align: justify;\"><strong>Um meme para hoje: <em>Neste domingo n\u00e3o esque\u00e7a do seu t\u00edtulo, da sua origem e da sua classe social. E se voc\u00ea \u00e9 preto, pobre, lgbt ou mulher, nessas elei\u00e7\u00f5es n\u00e3o esque\u00e7a: a m\u00e3o que faz arminha mira na nossa cabe\u00e7a.<\/em> @PoetaSeuZe<\/strong><\/p>\n<hr \/>\n<p style=\"text-align: center;\"><strong>Receita de espantar a tristeza<\/strong><\/p>\n<p style=\"text-align: center;\"><em>fa\u00e7a uma careta<\/em><br \/>\n<em>e mande a tristeza<\/em><br \/>\n<em>pra longe pro outro lado<\/em><br \/>\n<em>do mar ou da lua<\/em><br \/>\n<em>v\u00e1 para o meio da rua<\/em><br \/>\n<em>e plante bananeira<\/em><br \/>\n<em>fa\u00e7a alguma besteira<\/em><br \/>\n<em>depois estique os bra\u00e7os<\/em><br \/>\n<em>apanhe a primeira estrela<\/em><br \/>\n<em>e procure o melhor amigo<\/em><br \/>\n<em>para um longo e apertado abra\u00e7o<\/em><\/p>\n<p style=\"text-align: center;\"><span class=\"x19la9d6 x1fc57z9 x6ikm8r x10wlt62 x19co3pv x1g5zs5t xfibh0p xiy17q3 x1xsqp64 x1lkfr7t xexx8yu x4uap5 x18d9i69 xkhd6sd\"><span class=\"xrtxmta x1bhl96m\">\u2764\ufe0f<\/span><\/span><br \/>\n<strong>Roseana Murray<\/strong><\/p>\n<hr \/>\n<p><img loading=\"lazy\" decoding=\"async\" class=\"size-full wp-image-2299 aligncenter\" src=\"https:\/\/nalua.in\/notas\/wp-content\/uploads\/2024\/09\/tirinha1647.jpg\" alt=\"\" width=\"591\" height=\"188\" srcset=\"https:\/\/nalua.in\/notas\/wp-content\/uploads\/2024\/09\/tirinha1647.jpg 591w, https:\/\/nalua.in\/notas\/wp-content\/uploads\/2024\/09\/tirinha1647-300x95.jpg 300w, https:\/\/nalua.in\/notas\/wp-content\/uploads\/2024\/09\/tirinha1647-150x48.jpg 150w\" sizes=\"auto, (max-width: 591px) 100vw, 591px\" \/><\/p>\n<hr \/>\n<h2 style=\"text-align: justify;\">Em 05 de outubro de 1974, a maior advogada de presos pol\u00edticos do nordeste anotou o seguinte em seu di\u00e1rio:<\/h2>\n<p style=\"text-align: justify;\">05.10.1974<\/p>\n<p style=\"text-align: justify;\"><em>Hoje chegou acompanhada da genitora, F\u00e1tima Elizabeth, a fim de em minha companhia prestar declara\u00e7\u00f5es na Pol\u00edcia Federal de Bras\u00edlia. Muito p\u00e1lida e esquecida, cicatriz deixada pelo DOI. Esteve comigo a m\u00e3e de Northon de Moraes Sarmento Filho, magrinha, aflita. Pediu-me para visitar o filho, encaminhei-a para Itamarac\u00e1. Apareceu-me uma tia e uma irm\u00e3 de Arthur Geraldo Bonfim, muito tristes porque acabavam de tomar conhecimento de todo sofrimento que ele havia passado.<\/em><\/p>\n<p style=\"text-align: right;\"><strong>M\u00e9rcia Albuquerque Ferreira &#8211; Di\u00e1rios 1973-1974 &#8211; Ed. Potiguariana<\/strong><\/p>\n<hr \/>\n<h2 style=\"text-align: center;\">A Felicidade do Pobre<\/h2>\n<blockquote>\n<p style=\"text-align: center;\"><em>Pois a sua ira s\u00f3 dura um instante, mas o seu favor dura a vida toda; o choro pode persistir uma noite, mas de manh\u00e3 irrompe a alegria.<\/em><\/p>\n<p style=\"text-align: center;\"><strong>Salmos 30:5<\/strong><\/p>\n<\/blockquote>\n<p><img loading=\"lazy\" decoding=\"async\" class=\"size-full wp-image-2302 aligncenter\" src=\"https:\/\/nalua.in\/notas\/wp-content\/uploads\/2024\/09\/cincocopasp.jpg\" alt=\"\" width=\"350\" height=\"633\" srcset=\"https:\/\/nalua.in\/notas\/wp-content\/uploads\/2024\/09\/cincocopasp.jpg 350w, https:\/\/nalua.in\/notas\/wp-content\/uploads\/2024\/09\/cincocopasp-166x300.jpg 166w, https:\/\/nalua.in\/notas\/wp-content\/uploads\/2024\/09\/cincocopasp-150x271.jpg 150w\" sizes=\"auto, (max-width: 350px) 100vw, 350px\" \/><\/p>\n<blockquote>\n<p style=\"text-align: justify;\"><em>\u201cToda vida real d\u00f3i, mas tamb\u00e9m satisfaz. A felicidade vem quando j\u00e1 vivemos e damos uma tr\u00e9gua para a pura entrega. A felicidade, no sentido vulgar, \u00e9 apenas uma experi\u00eancia de f\u00e9rias. A felicidade duradoura est\u00e1 em sermos usados pela vida, machucados pela vida, impulsionados pela vida e instigados pela vida, reabastecidos e radiantes com a vida, lutando pela vida. Essa \u00e9 a verdadeira felicidade. No curso de toda uma vida, grande parte \u00e9 dor\u201d.<\/em><\/p>\n<p style=\"text-align: center;\"><em>D. H. Lawrence<\/em><\/p>\n<\/blockquote>\n<p style=\"text-align: justify;\">Num domingo 5, dia de elei\u00e7\u00e3o no Brasil, quem aparece \u00e9 o 5 de Copas. A carta do desapontamento. \u00a0\u00af\\_(\u30c4)_\/\u00af\u00a0 Um dos temas do 5 de copas \u00e9 a Tristeza. Esse assunto que em geral faz com que todos fujamos. Fugimos que nem loucos pra Samarra quando percebemos a mais leve brisa da sua presen\u00e7a. Ainda mais vivendo em uma sociedade e em um tempo que <strong>rejeita a tristeza a todo custo<\/strong>.\u00a0Talvez n\u00e3o seja o nosso tempo. Talvez seja a nossa constitui\u00e7\u00e3o de humanos, que n\u00e3o suporta por si mesma, a tristeza. <strong>Algo em n\u00f3s \u00e9 sempre impelido a procurar seu contr\u00e1rio<\/strong>. Os fil\u00f3sofos mais antigos, ao se colocarem a quest\u00e3o da tristeza j\u00e1 diziam que <strong>o homem busca primordialmente a felicidade<\/strong>, todo homem. E que um dos objetivos da pr\u00f3pria filosofia seria ajudar a alcan\u00e7ar a felicidade.\u00a0Tendemos a <strong>n\u00e3o suportar a negatividade<\/strong> e a tristeza \u00e9 vista como o polo negativo que devemos enterrar e negar. Toda vez que surge uma carta tida como triste, a leitura deste blog despenca, \u00e9 bem interessante. A tristeza n\u00e3o \u00e9 produtiva, no imp\u00e9rio da produtividade.<\/p>\n<p style=\"text-align: justify;\">Em tempos em que <strong>a felicidade \u00e9 uma imposi\u00e7\u00e3o e um status, a tristeza \u00e9 tabu, \u00e9 um defeito que temos que evitar<\/strong>. Em geral <strong>a proximidade com algu\u00e9m triste \u00e9 um grande inc\u00f4modo<\/strong>. A tristeza \u00e9 quase contagiosa, <strong>\u00e9 uma doen\u00e7a<\/strong>.\u00a0 Nossa necessidade de aliviar a tristeza do outro mostra que n\u00e3o sabemos muito bem o que fazer diante desse estado da alma. Esse sentimento \u00e9 visto como um erro primordial. <strong>Tristeza recende a fraqueza<\/strong>.<\/p>\n<p style=\"text-align: justify;\">O que vou falar e o que estou falando, \u00e9 \u00f3bvio. Perdoem a banalidade do tema, tar\u00f4 tamb\u00e9m \u00e9 o <strong>deus perto das pequenas coisas<\/strong>. Aquelas que sabemos, mas que de vez em quando temos que recordar.\u00a0<strong>N\u00e3o \u00e9 poss\u00edvel atravessar nenhuma vida sem altas doses de tristeza, o mundo pode ser um lugar muito triste, as perdas, as faltas s\u00e3o condi\u00e7\u00f5es da exist\u00eancia.<\/strong><\/p>\n<p style=\"text-align: justify;\">Assim, o 5 de copas vem neste domingo com um lembrete: <strong>n\u00e3o existe felicidade que n\u00e3o saiba a tristeza<\/strong>. <strong>Porque temos a capacidade de ficar tristes \u00e9 que conhecemos a alegria<\/strong>. Uma vida sem tristeza nenhuma nem seria&#8230; Imagine um deserto <strong>mon\u00f3tono, \u00e1rido, inf\u00e9rtil<\/strong>. \u00c9 preciso saber a tristeza, saber sua cor e seu gosto, para emergir na felicidade. Na alegria de verdade, aquela da chuva depois de tanta seca, do sol depois de tanta chuva, do al\u00edvio depois da dor&#8230;<\/p>\n<p style=\"text-align: justify;\">O preceito do cinco de copas \u00e9 simples, olhar, acolher e agasalhar a tristeza, e mand\u00e1-la embora prontamente, mas n\u00e3o prematuramente. A tristeza n\u00e3o precisa criar ra\u00edzes, a tristeza enraizada sem motivo \u00e9 melancolia, n\u00e3o serve de farol.<\/p>\n<p style=\"text-align: justify;\">Mas tamb\u00e9m <strong>n\u00e3o h\u00e1 como existir sem conhecer o lamento<\/strong>. A li\u00e7\u00e3o dessa tamb\u00e9m indesejada \u00e9 que <strong>se n\u00e3o existe vida sem tristeza, tamb\u00e9m n\u00e3o existe vida na tristeza permanente<\/strong>.\u00a0Nessa semana pode ser que fiquemos tristes por algum motivo. Ou sem motivo. Antes de se desesperar e correr para qualquer m\u00e1xima vazia, quem sabe possamos dar uma chance a esse rasgo de tristeza e ficarmos felizes (risos) porque <strong>tudo passa e logo ali alguma felicidade precisa nos esperar, ainda que no fim do mundo<\/strong>. <strong>E se for s\u00f3 a tristeza pura e simples, que seja, tamb\u00e9m \u00e9 a letra da m\u00fasica que toca.\u00a0<\/strong><\/p>\n<p style=\"text-align: justify;\">E o Cinco de Copas nos lembra disso, de que <strong>felicidade obrigat\u00f3ria n\u00e3o \u00e9 nada<\/strong>. Que <strong>n\u00e3o pode haver o imperativo de felicidade<\/strong>, que felicidade s\u00e3o s\u00f3 horinhas de descuido mesmo&#8230; E que <strong>a tristeza \u00e9 <em>sine qua<\/em> de qualquer vida<\/strong>.<\/p>\n<p style=\"text-align: justify;\">Abrir espa\u00e7o para alguma tristeza, porque ela tamb\u00e9m pavimenta a felicidade das horas, dos dias e da vida.\u00a0<strong>Nem tudo \u00e9 sobre felicidade, uma vida que s\u00f3 objetiva a felicidade pode vir a ser uma vida bastante pobre<\/strong>.<\/p>\n<p style=\"text-align: justify;\">Feliz semana a todos n\u00f3s.<\/p>\n<table style=\"width: 100%; border-collapse: collapse; background-color: #def7d0;\">\n<tbody>\n<tr>\n<td style=\"width: 100%;\"><img loading=\"lazy\" decoding=\"async\" class=\"size-full wp-image-2304 aligncenter\" src=\"https:\/\/nalua.in\/notas\/wp-content\/uploads\/2024\/10\/5copasp.jpg\" alt=\"\" width=\"350\" height=\"578\" srcset=\"https:\/\/nalua.in\/notas\/wp-content\/uploads\/2024\/10\/5copasp.jpg 350w, https:\/\/nalua.in\/notas\/wp-content\/uploads\/2024\/10\/5copasp-182x300.jpg 182w, https:\/\/nalua.in\/notas\/wp-content\/uploads\/2024\/10\/5copasp-150x248.jpg 150w\" sizes=\"auto, (max-width: 350px) 100vw, 350px\" \/><\/p>\n<h2 style=\"text-align: center;\">Cinco de Copas<\/h2>\n<p style=\"text-align: justify;\">O cinco de copas \u00e9 uma carta de tar\u00f4 que est\u00e1 associada \u00e0 tristeza e \u00e0 decep\u00e7\u00e3o. Quando esta carta aparece em uma leitura, ela sugere que a pessoa est\u00e1 passando por um momento de desilus\u00e3o e desapontamento. Pode indicar que algo n\u00e3o saiu como esperado ou que houve uma perda significativa na vida do consulente.\u00a0A imagem representada no cinco de copas geralmente mostra uma figura solit\u00e1ria, curvada e desanimada, olhando para tr\u00eas copos derramados no ch\u00e3o, enquanto dois permanecem em p\u00e9. Esta cena simboliza a sensa\u00e7\u00e3o de perda e desesperan\u00e7a que a pessoa est\u00e1 experimentando. Ela pode estar t\u00e3o concentrada no que foi perdido que n\u00e3o consegue ver o que ainda tem ao seu redor.\u00a0Quando esta carta aparece em uma leitura, \u00e9 importante lembrar que a tristeza \u00e9 uma emo\u00e7\u00e3o natural e faz parte da experi\u00eancia humana. Todos passamos por momentos dif\u00edceis e \u00e9 importante permitir-se sentir e processar essas emo\u00e7\u00f5es. No entanto, o cinco de copas tamb\u00e9m nos lembra que \u00e9 fundamental n\u00e3o ficar preso ao passado e \u00e0s decep\u00e7\u00f5es. \u00c9 preciso encontrar maneiras de seguir em frente e buscar novas oportunidades. Vamos aprender a aceitar as perdas e a encontrar maneiras de crescer com elas. Em vez de se concentrar apenas no que foi perdido, olhar para o futuro e buscar novas possibilidades.\u00a0Al\u00e9m disso, o cinco de copas tamb\u00e9m pode indicar a necessidade de buscar apoio emocional. Quando estamos passando por momentos dif\u00edceis, \u00e9 importante ter pessoas ao nosso redor que possam nos oferecer suporte e compreens\u00e3o. A tristeza pode ser uma emo\u00e7\u00e3o avassaladora, mas compartilhar nossos sentimentos com outras pessoas pode nos ajudar a aliviar o fardo emocional.\u00a0Por fim, o cinco de copas nos lembra que a tristeza \u00e9 apenas uma parte da vida e que ela eventualmente passar\u00e1.<\/p>\n<\/td>\n<\/tr>\n<\/tbody>\n<\/table>\n<h2 style=\"text-align: center;\">Uma carta sobre a tristeza<\/h2>\n<p style=\"text-align: justify;\"><em><span lang=\"pt\">Parece-me que todas as nossas tristezas s\u00e3o momentos de tens\u00e3o que consideramos paralisias, porque j\u00e1 n\u00e3o ouvimos viver nossos sentimentos que se nos tornaram estranhos; porque estamos a s\u00f3s com o estrangeiro que nos veio visitar; porque, num relance, todo o sentimento familiar e habitual nos abandonou; porque nos encontramos no meio de uma transi\u00e7\u00e3o onde n\u00e3o podemos permanecer. Eis por que a tristeza tamb\u00e9m passa: a novidade em n\u00f3s, o acr\u00e9scimo, entrou em nosso cora\u00e7\u00e3o, penetrou no seu mais \u00edntimo recanto. Nem est\u00e1 mais l\u00e1 \u2013 j\u00e1 passou para o sangue. N\u00e3o sabemos o que houve. Facilmente nos poderiam fazer crer que nada aconteceu; no entanto, ficamos transformados, como se transforma uma casa em que entra um h\u00f3spede. N\u00e3o podemos dizer quem veio, talvez nunca o venhamos a saber, mas muitos sinais fazem crer que \u00e9 o futuro que entra em n\u00f3s dessa maneira para se transformar em n\u00f3s mesmos, muito antes de vir a acontecer. Por isso \u00e9 t\u00e3o importante estar s\u00f3 e atento quando se est\u00e1 triste. O momento, aparentemente an\u00f3dino e im\u00f3vel, em que o nosso futuro entra em n\u00f3s, est\u00e1 muito mais pr\u00f3ximo da vida do que aquele outro, sonoro e acidental, em que ele nos sobrev\u00e9m como se chegasse de fora. Quanto mais estivermos silenciosos, pacientes e entregues \u00e0 nossa m\u00e1goa, tanto mais profunda e imperturb\u00e1 -vel entra a novidade em n\u00f3s, tanto melhor a conquistamos, tanto mais ela se tornar\u00e1 nosso destino e quando, num dia ulterior, vier a \u201cacontecer\u201d \u2013 isto \u00e9, quando sair de n\u00f3s para se chegar a outros \u2013, senti-la-emos familiar e pr\u00f3xima. Deve ser assim. \u00c9 preciso \u2013 e a nossa evolu\u00e7\u00e3o, aos poucos, h\u00e1 de processar-se nesse sentido \u2013 que nada de estranho nos possa advir, sen\u00e3o o que nos pertence desde h\u00e1 muito. J\u00e1 se modificaram muitas no\u00e7\u00f5es relativas ao movimento; h\u00e1 de se reconhecer, aos poucos, que aquilo a que chamamos destino sai de dentro dos homens em vez de entrar neles. Muitas pessoas n\u00e3o percebem o que delas saiu, porque n\u00e3o absorveram o seu destino enquanto o viviam, nem o transformaram em si mesmas. Afigurou-se-lhes t\u00e3o estranho que, em seu confuso espanto, julgavam-no sa\u00eddo delas justamente naquele momento, e juravam nunca antes ter encontrado em si algo parecido. Como os homens durante muito tempo se iludiram acerca do movimento do sol, assim se enganam ainda em rela\u00e7\u00e3o ao movimento do que est\u00e1 para vir. O futuro est\u00e1 firme, caro sr. Kappus, n\u00f3s \u00e9 que nos movimentamos no espa\u00e7o infinito.<\/span><\/em><\/p>\n<p style=\"text-align: justify;\"><em><span lang=\"pt\">Como, pois, n\u00e3o seria dif\u00edcil a nossa sorte?<\/span><\/em><\/p>\n<p style=\"text-align: right;\"><strong>Rainer Maria Rilke &#8211; Cartas a Um Jovem Poeta &#8211; Ed. Globo. Tradu\u00e7\u00e3o de\u00a0 Paulo R\u00f3nai<\/strong><\/p>\n<table style=\"width: 100%; border-collapse: collapse; background-color: #f5f1dc;\">\n<tbody>\n<tr>\n<td style=\"width: 100%;\">\n<h2 style=\"text-align: center;\">Mas a Vida Vai Melhorar<\/h2>\n<p style=\"text-align: center;\"><em><strong>Em algum momento, tudo melhora.<\/strong><\/em><\/p>\n<\/td>\n<\/tr>\n<\/tbody>\n<\/table>\n<h3 style=\"text-align: center;\">Livro<\/h3>\n<p><img loading=\"lazy\" decoding=\"async\" class=\"wp-image-2306 aligncenter\" src=\"https:\/\/nalua.in\/notas\/wp-content\/uploads\/2024\/10\/a-elegancia-do-ourico-barbery-muriel-companhia-das-letras1-5c7285fae822f3451016044064932767-480-0.jpg\" alt=\"\" width=\"301\" height=\"452\" srcset=\"https:\/\/nalua.in\/notas\/wp-content\/uploads\/2024\/10\/a-elegancia-do-ourico-barbery-muriel-companhia-das-letras1-5c7285fae822f3451016044064932767-480-0.jpg 480w, https:\/\/nalua.in\/notas\/wp-content\/uploads\/2024\/10\/a-elegancia-do-ourico-barbery-muriel-companhia-das-letras1-5c7285fae822f3451016044064932767-480-0-200x300.jpg 200w, https:\/\/nalua.in\/notas\/wp-content\/uploads\/2024\/10\/a-elegancia-do-ourico-barbery-muriel-companhia-das-letras1-5c7285fae822f3451016044064932767-480-0-150x225.jpg 150w\" sizes=\"auto, (max-width: 301px) 100vw, 301px\" \/><\/p>\n<p style=\"text-align: justify;\"><strong>A Eleg\u00e2ncia do Ouri\u00e7o &#8211; Muriel Barbery. Tradu\u00e7\u00e3o de Rosa Freire d&#8217;Aguiar. <em>Um dos meus livros preferidos da vida. \u00c9 um livro cheio de uma tristeza fina. Uma melancolia afiada e personagens que sabem muito bem serem tristes. E ainda assim, com tanta tristeza \u00e9 um livro muito bonito. \u00c9 um livro que me confortou e me colocou de volta em um lugar que era meu e do qual eu tinha sa\u00eddo em busca de ser algo que eu nunca fui. E tem uma hist\u00f3ria bonita e envolvente.<\/em><\/strong><\/p>\n<hr \/>\n<p style=\"text-align: justify;\">Um pr\u00e9dio elegante no centro de Paris; uma desconfiada zeladora de meia-idade, f\u00e3 de Tolstoi e do Oriente; uma garota c\u00e1ustica, \u00e0s turras com a fam\u00edlia; um senhor japon\u00eas sorridente e misterioso. Com esses ingredientes d\u00edspares, Muriel Barbery fez do romance A eleg\u00e2ncia do ouri\u00e7o a boa surpresa liter\u00e1ria de 2006 na Fran\u00e7a, onde vendeu mais de 850 mil exemplares.<\/p>\n<hr \/>\n<p><img loading=\"lazy\" decoding=\"async\" class=\"wp-image-2307 aligncenter\" src=\"https:\/\/nalua.in\/notas\/wp-content\/uploads\/2024\/10\/receitatriste.jpg\" alt=\"\" width=\"300\" height=\"450\" srcset=\"https:\/\/nalua.in\/notas\/wp-content\/uploads\/2024\/10\/receitatriste.jpg 350w, https:\/\/nalua.in\/notas\/wp-content\/uploads\/2024\/10\/receitatriste-200x300.jpg 200w, https:\/\/nalua.in\/notas\/wp-content\/uploads\/2024\/10\/receitatriste-150x225.jpg 150w\" sizes=\"auto, (max-width: 300px) 100vw, 300px\" \/><\/p>\n<p style=\"text-align: justify;\"><strong>Receitas Para Mulheres Tristes &#8211; H\u00e9ctor Abade. Tradu\u00e7\u00e3o de S\u00e9rgio Molina e Rubia Prates Goldoni.<em> Esse livro \u00e9 uma del\u00edcia, d\u00e1 \u00e1gua na boca, como todo\u00a0 bom livro de receitas deve dar. Embora as receitinhas aqui n\u00e3o sejam de cozinhar. E nem sejam previs\u00edveis, e nem todas sejam intelig\u00edveis. Mas s\u00e3o muito boas de ler, H\u00e9ctor Abade \u00e9 um escritor latinoamericano muito bom de conhecer e esse livro \u00e9 \u00f3timo para um primeiro encontro com esse autor, leitura r\u00e1pida e gostos\u00edssima.<\/em><\/strong><\/p>\n<hr \/>\n<p style=\"text-align: justify;\">Em 72 textos breves e inclassific\u00e1veis, h\u00edbridos de receita de cozinha e simpatia, conselho sentimental e aforismo filos\u00f3fico, Abad nos oferece um saboroso pot-pourri, com fortes poderes de consola\u00e7\u00e3o.<\/p>\n<hr \/>\n<h3 style=\"text-align: center;\">Filme<\/h3>\n<p><img loading=\"lazy\" decoding=\"async\" class=\"size-full wp-image-2308 aligncenter\" src=\"https:\/\/nalua.in\/notas\/wp-content\/uploads\/2024\/10\/melancolia.jpg\" alt=\"\" width=\"350\" height=\"519\" srcset=\"https:\/\/nalua.in\/notas\/wp-content\/uploads\/2024\/10\/melancolia.jpg 350w, https:\/\/nalua.in\/notas\/wp-content\/uploads\/2024\/10\/melancolia-202x300.jpg 202w, https:\/\/nalua.in\/notas\/wp-content\/uploads\/2024\/10\/melancolia-150x222.jpg 150w\" sizes=\"auto, (max-width: 350px) 100vw, 350px\" \/><\/p>\n<p style=\"text-align: justify;\"><strong>Melancholia &#8211; Lars Von Trier &#8211; 2011. <em>O Lars Von Trier mais bonito. Esse filme \u00e9 sobre a tristeza de n\u00e3o estar e sobre a alegria de se encontrar no fim de tudo. Meu filme triste do cora\u00e7\u00e3o. Que n\u00e3o \u00e9 somente triste, tamb\u00e9m \u00e9 <span style=\"text-decoration: underline;\">sobre<\/span> a tristeza, sobre depress\u00e3o e sobre ser triste em meio a uma p\u00e1 de coisas t\u00e3o supostamente boas. Eu acho que \u00e9 uma obra-prima, todo mundo devia se dar o presente de assistir a esse filme.<\/em><\/strong><\/p>\n<hr \/>\n<p style=\"text-align: justify;\">Duas irm\u00e3s, afastadas pelo tempo, t\u00eam rea\u00e7\u00f5es completamente distintas ao saber que o mundo pode estar chegando ao fim com o planeta Melancolia se movimentando em dire\u00e7\u00e3o \u00e0 Terra. Uma aceita calmamente a situa\u00e7\u00e3o enquanto a outra se desespera.<\/p>\n<hr \/>\n<h3 style=\"text-align: center;\">S\u00e9rie<\/h3>\n<p><img loading=\"lazy\" decoding=\"async\" class=\"size-full wp-image-2309 aligncenter\" src=\"https:\/\/nalua.in\/notas\/wp-content\/uploads\/2024\/10\/epitafiosp.jpg\" alt=\"\" width=\"350\" height=\"525\" srcset=\"https:\/\/nalua.in\/notas\/wp-content\/uploads\/2024\/10\/epitafiosp.jpg 350w, https:\/\/nalua.in\/notas\/wp-content\/uploads\/2024\/10\/epitafiosp-200x300.jpg 200w, https:\/\/nalua.in\/notas\/wp-content\/uploads\/2024\/10\/epitafiosp-150x225.jpg 150w\" sizes=\"auto, (max-width: 350px) 100vw, 350px\" \/><\/p>\n<p style=\"text-align: justify;\"><strong>Epit\u00e1fios &#8211; Marcelo Slavich, Alberto Lecchi, Jorge Nisco. 2004-2009. E<em>ssa s\u00e9rie \u00e9 um suspense. \u00c9 uma s\u00e9rie antiga, argentina, mas \u00e9 das melhores que eu j\u00e1 vi. Toda tristeza do mundo est\u00e1 nela. Por ser um suspense dos melhores, prende a aten\u00e7\u00e3o e envolve do come\u00e7o ao fim. \u00c9 bem mais interessante que os duzentos mil pastiches copiados dela que vieram depois. Vale demais todo o tempo que for gasto assistindo.<\/em><\/strong><\/p>\n<hr \/>\n<p style=\"text-align: justify;\">A hist\u00f3ria acompanha um policial aposentado enquanto ele tenta capturar um serial killer que anuncia sua pr\u00f3xima v\u00edtima por meio de um epit\u00e1fio. Esta foi a primeira s\u00e9rie da HBO produzida na Am\u00e9rica Latina e filmada na Argentina<\/p>\n<hr \/>\n<h3 style=\"text-align: center;\">\u266b Playlist<\/h3>\n<p style=\"text-align: center;\"><em>\u00c1gua de beber \u2013 Tom Jobim<\/em><br \/>\n<em>Bom dia Tristeza \u2013 Maysa<\/em><br \/>\n<em>Tristeza \u2013 Beth Carvalho, Martinho Da Vila<\/em><br \/>\n<em>Canta Canta minha gente \u2013 Martinho da Vila<\/em><br \/>\n<em>Feeling Good \u2013 Nina Simone<\/em><br \/>\n<em>Tristeza p\u00e9 no ch\u00e3o \u2013 Clara Nunes<\/em><br \/>\n<em>Na Sua Estante \u2013 Pitty<\/em><br \/>\n<em>O que \u00e9 o que \u00e9 \u2013 Gonzaguinha<\/em><br \/>\n<em>A Felicidade \u2013 Tom Jobim<\/em><br \/>\n<em>Azul da cor do mar \u2013 Tim Maia<\/em><br \/>\n<em>Tristeza \u2013 Jair rodrigues<\/em><br \/>\n<em>O mundo \u00e9 um moinho \u2013 Cartola<\/em><br \/>\n<em>A Media Luz \u2013 Julio Iglesias<\/em><br \/>\n<em>Everybody hurts \u2013 REM<\/em><br \/>\n<em>Jura secreta \u2013 Fagner<\/em><br \/>\n<em>\u00c1ria na corda sol &#8211; Bach<\/em><br \/>\n<em>Nuvem de L\u00e1grimas &#8211; Chit\u00e3ozinho e Xoror\u00f3<\/em><br \/>\n<em>Samba-Enredo da Viradouro 2022<\/em><br \/>\n<em>Vento no Litoral \u2013 Legi\u00e3o Urbana<\/em><br \/>\n<em>Depois \u2013 Marisa Monte<\/em><br \/>\n<em>\u00c8 de l\u00e1grima \u2013 Los hermanos<\/em><\/p>\n<hr \/>\n<p><img loading=\"lazy\" decoding=\"async\" class=\" wp-image-2310 aligncenter\" src=\"https:\/\/nalua.in\/notas\/wp-content\/uploads\/2024\/10\/Tirinha-de-que-lado-fica-a-frente.jpg\" alt=\"\" width=\"500\" height=\"453\" srcset=\"https:\/\/nalua.in\/notas\/wp-content\/uploads\/2024\/10\/Tirinha-de-que-lado-fica-a-frente.jpg 735w, https:\/\/nalua.in\/notas\/wp-content\/uploads\/2024\/10\/Tirinha-de-que-lado-fica-a-frente-300x272.jpg 300w, https:\/\/nalua.in\/notas\/wp-content\/uploads\/2024\/10\/Tirinha-de-que-lado-fica-a-frente-150x136.jpg 150w\" sizes=\"auto, (max-width: 500px) 100vw, 500px\" \/><\/p>\n<p>&nbsp;<\/p>\n<table style=\"width: 100%; border-collapse: collapse; background-color: #c6f5eb;\">\n<tbody>\n<tr>\n<td style=\"width: 100%;\">\n<p style=\"text-align: center;\"><em>&#8220;E se prazer e desprazer estivessem ligados por um v\u00ednculo tal que aquele que queira ter o m\u00e1ximo poss\u00edvel de um deva tamb\u00e9m ter o m\u00e1ximo poss\u00edvel do outro &#8211; que aquele que queira aprender a &#8216;alegria que eleva aos c\u00e9us&#8217; deva tamb\u00e9m estar pronto para uma &#8216;tristeza mortal&#8217;?&#8221;<\/em><br \/>\n<strong>Nietzsche<\/strong><\/p>\n<\/td>\n<\/tr>\n<\/tbody>\n<\/table>\n<p style=\"text-align: center;\">Post com a colabora\u00e7\u00e3o de\u00a0<a href=\"http:\/\/instagram.com\/laismeralda\" target=\"_blank\" rel=\"noopener\">@laismeralda, que \u00e9 a<em>\u00a0melhor cartomante do peda\u00e7o, marque sua consulta com ela.<\/em><\/a><\/p>\n<hr \/>\n<p style=\"text-align: justify;\"><em>Se voc\u00ea leu at\u00e9 aqui, obrigada! Esse \u00e9 o meu almanaque particular. Um peda\u00e7o do meu di\u00e1rio, da minha arca da velha, um registro de pequenas efem\u00e9rides, de coisas que quero guardar, do tempo, do vento, do c\u00e9u e do cheiro da chuva. Os Vest\u00edgios do Dia, meus dias. Aqui s\u00f3 tem refer\u00eancias, pois \u00e9 disso que sou feita.<\/em><\/p>\n<table style=\"width: 100%; border-collapse: collapse; background-color: #fcd7d7;\">\n<tbody>\n<tr>\n<td style=\"width: 99.9089%; text-align: center;\">\u00a9 Nalua \u2013 Caderninho pessoal, bauzinho de trapos coloridos, nos morros de Minas Gerais. Primavera e muita gente estranha.<\/td>\n<\/tr>\n<\/tbody>\n<\/table>\n<p style=\"text-align: center;\"><span style=\"font-size: 8pt;\">5 de outubro \u00e9 o 278.\u00ba dia do ano no calend\u00e1rio gregoriano (279.\u00ba em anos bissextos). Faltam 87 dias para acabar o ano.<\/span><\/p>\n","protected":false},"excerpt":{"rendered":"<p>canta forte, canta alto Belo Horizonte, 05 de outubro de 2024 \ud83c\udf2418o\u00a0&#8211; 32o Um meme para hoje: Neste domingo n\u00e3o esque\u00e7a do seu t\u00edtulo, da [&#8230;]<\/p>\n","protected":false},"author":1,"featured_media":0,"comment_status":"open","ping_status":"open","sticky":false,"template":"","format":"standard","meta":{"footnotes":""},"categories":[9,13,10,5,12],"tags":[],"class_list":["post-2298","post","type-post","status-publish","format-standard","hentry","category-almanaque","category-carta-semanal","category-jardim","category-newsletter","category-oraculo"],"_links":{"self":[{"href":"https:\/\/nalua.in\/notas\/wp-json\/wp\/v2\/posts\/2298","targetHints":{"allow":["GET"]}}],"collection":[{"href":"https:\/\/nalua.in\/notas\/wp-json\/wp\/v2\/posts"}],"about":[{"href":"https:\/\/nalua.in\/notas\/wp-json\/wp\/v2\/types\/post"}],"author":[{"embeddable":true,"href":"https:\/\/nalua.in\/notas\/wp-json\/wp\/v2\/users\/1"}],"replies":[{"embeddable":true,"href":"https:\/\/nalua.in\/notas\/wp-json\/wp\/v2\/comments?post=2298"}],"version-history":[{"count":18,"href":"https:\/\/nalua.in\/notas\/wp-json\/wp\/v2\/posts\/2298\/revisions"}],"predecessor-version":[{"id":2326,"href":"https:\/\/nalua.in\/notas\/wp-json\/wp\/v2\/posts\/2298\/revisions\/2326"}],"wp:attachment":[{"href":"https:\/\/nalua.in\/notas\/wp-json\/wp\/v2\/media?parent=2298"}],"wp:term":[{"taxonomy":"category","embeddable":true,"href":"https:\/\/nalua.in\/notas\/wp-json\/wp\/v2\/categories?post=2298"},{"taxonomy":"post_tag","embeddable":true,"href":"https:\/\/nalua.in\/notas\/wp-json\/wp\/v2\/tags?post=2298"}],"curies":[{"name":"wp","href":"https:\/\/api.w.org\/{rel}","templated":true}]}}