{"id":2207,"date":"2024-08-24T02:42:20","date_gmt":"2024-08-24T02:42:20","guid":{"rendered":"https:\/\/nalua.in\/notas\/?p=2207"},"modified":"2024-08-25T03:18:04","modified_gmt":"2024-08-25T03:18:04","slug":"e-se-voce-trouxer-o-seu-lar","status":"publish","type":"post","link":"https:\/\/nalua.in\/notas\/e-se-voce-trouxer-o-seu-lar\/","title":{"rendered":""},"content":{"rendered":"<p style=\"text-align: center;\"><span style=\"font-size: 8pt;\"><a href=\"https:\/\/telegra.ph\/Os-cegos-do-castelo-08-25\" target=\"_blank\" rel=\"noopener\">e se voc\u00ea trouxer o seu lar<\/a><\/span><br \/>\n<img loading=\"lazy\" decoding=\"async\" class=\"size-full wp-image-2119 aligncenter\" src=\"https:\/\/nalua.in\/notas\/wp-content\/uploads\/2024\/06\/almanaque-1.jpg\" alt=\"\" width=\"542\" height=\"139\" srcset=\"https:\/\/nalua.in\/notas\/wp-content\/uploads\/2024\/06\/almanaque-1.jpg 542w, https:\/\/nalua.in\/notas\/wp-content\/uploads\/2024\/06\/almanaque-1-300x77.jpg 300w, https:\/\/nalua.in\/notas\/wp-content\/uploads\/2024\/06\/almanaque-1-150x38.jpg 150w\" sizes=\"auto, (max-width: 542px) 100vw, 542px\" \/><\/p>\n<p style=\"text-align: center;\"><strong>Belo Horizonte 25 de agosto de 2024<\/strong><\/p>\n<p style=\"text-align: center;\"><span class=\"x19la9d6 x1fc57z9 x6ikm8r x10wlt62 x19co3pv x1g5zs5t xfibh0p xiy17q3 x1xsqp64 x1lkfr7t xexx8yu x4uap5 x18d9i69 xkhd6sd\"><span class=\"xrtxmta x1bhl96m\">\ud83e\udd75<\/span><\/span><strong>16\u00b0 &#8211; 31\u00b0\u00a0<\/strong><\/p>\n<hr \/>\n<p style=\"text-align: justify;\">Em <strong>1660<\/strong> ocorreu a <span style=\"text-decoration: underline;\">Revolta da Cacha\u00e7a<\/span>, no Rio de Janeiro. Em <strong>1825<\/strong> o <span style=\"text-decoration: underline;\">Uruguai<\/span> se proclamou independente do Imp\u00e9rio do Brasil. Em <strong>1933<\/strong> o <span style=\"text-decoration: underline;\">terremoto de Diexi<\/span> matou 9000 pessoas na China. Em <strong>2012<\/strong> a <span style=\"text-decoration: underline;\">sonda Voyager 1<\/span> se tornou o primeiro objeto constru\u00eddo pelo homem a sair do Sistema Solar. Em <strong>2020<\/strong> a <span style=\"text-decoration: underline;\">\u00c1frica<\/span> foi declarada livre da poliomielite. <strong>Neste dia<\/strong> aniversariam <span style=\"text-decoration: underline;\">Sean Connery, Frei Betto, Tim Burton, Bernardinho, Fernanda Takai.<\/span> Num <strong>25 de agosto<\/strong> deixaram o mundo: em <strong>1776<\/strong> <span style=\"text-decoration: underline;\">David Hume<\/span>, em <strong>1867<\/strong> <span style=\"text-decoration: underline;\">Michael Faraday<\/span>, em <strong>1984<\/strong> <span style=\"text-decoration: underline;\">Truman Capote<\/span>, em <strong>2012<\/strong> <span style=\"text-decoration: underline;\">Neil Armstrong<\/span>, e em <strong>2019<\/strong> <span style=\"text-decoration: underline;\">Fernanda Young<\/span>.<\/p>\n<hr \/>\n<p style=\"text-align: center;\"><em>A vida na hora.<\/em><br \/>\n<em>Cena sem ensaio.<\/em><br \/>\n<em>Corpo sem medida.<\/em><br \/>\n<em>Cabe\u00e7a sem reflex\u00e3o.<\/em><\/p>\n<p style=\"text-align: center;\"><em>N\u00e3o sei o papel que desempenho.<\/em><br \/>\n<em>S\u00f3 sei que \u00e9 meu, impermut\u00e1vel.<\/em><\/p>\n<p style=\"text-align: center;\"><em>De que se trata a pe\u00e7a<\/em><br \/>\n<em>devo adivinhar j\u00e1 em cena.<\/em><\/p>\n<p style=\"text-align: center;\"><em>Despreparada para a honra de viver,<\/em><br \/>\n<em>mal posso manter o ritmo que a pe\u00e7a imp\u00f5e.<\/em><br \/>\n<em>Improviso embora me repugne a improvisa\u00e7\u00e3o.<\/em><br \/>\n<em>Trope\u00e7o a cada passo no desconhecimento das coisas.<\/em><br \/>\n<em>Meu jeito de ser cheira a prov\u00edncia.<\/em><br \/>\n<em>Meus instintos s\u00e3o amadorismo.<\/em><br \/>\n<em>O pavor do palco, me explicando, \u00e9 tanto mais humilhante.<\/em><br \/>\n<em>As circunst\u00e2ncias atenuantes me parecem cru\u00e9is.<\/em><\/p>\n<p style=\"text-align: center;\"><em>N\u00e3o d\u00e1 para retirar as palavras e os reflexos,<\/em><br \/>\n<em>inacabada a contagem das estrelas,<\/em><br \/>\n<em>o car\u00e1ter como o casaco \u00e0s pressas abotoado \u2013<\/em><br \/>\n<em>eis os efeitos deplor\u00e1veis desta urg\u00eancia.<\/em><\/p>\n<p style=\"text-align: center;\"><em>Se eu pudesse ao menos praticar uma quarta-feira antes<\/em><br \/>\n<em>ou ao menos repetir uma quinta-feira outra vez!<\/em><br \/>\n<em>Mas j\u00e1 se avizinha a sexta com um roteiro que n\u00e3o conhe\u00e7o.<\/em><\/p>\n<p style=\"text-align: center;\"><em>Isto \u00e9 justo \u2013 pergunto<\/em><br \/>\n<em>(com a voz rouca<\/em><br \/>\n<em>porque nem sequer me foi dado pigarrear nos bastidores).<\/em><\/p>\n<p style=\"text-align: center;\"><em>\u00c9 ilus\u00f3rio pensar que esta \u00e9 s\u00f3 uma prova r\u00e1pida<\/em><br \/>\n<em>feita em acomoda\u00e7\u00f5es provis\u00f3rias. N\u00e3o.<\/em><br \/>\n<em>De p\u00e9 em meio \u00e0 cena vejo como \u00e9 s\u00f3lida.<\/em><br \/>\n<em>Me impressiona a precis\u00e3o de cada acess\u00f3rio.<\/em><br \/>\n<em>O palco girat\u00f3rio j\u00e1 opera h\u00e1 muito tempo.<\/em><br \/>\n<em>Acenderam-se at\u00e9 as mais long\u00ednquas nebulosas.<\/em><br \/>\n<em>Ah, n\u00e3o tenho d\u00favida de que \u00e9 uma estreia.<\/em><br \/>\n<em>E o que quer que eu fa\u00e7a,<\/em><br \/>\n<em>vai se transformar para sempre naquilo que fiz.<\/em><\/p>\n<p style=\"text-align: center;\"><span class=\"x19la9d6 x1fc57z9 x6ikm8r x10wlt62 x19co3pv x1g5zs5t xfibh0p xiy17q3 x1xsqp64 x1lkfr7t xexx8yu x4uap5 x18d9i69 xkhd6sd\"><span class=\"xrtxmta x1bhl96m\">\u2663\ufe0f<\/span><\/span><\/p>\n<p style=\"text-align: center;\"><strong>Wislawa Szymborska<\/strong><\/p>\n<hr \/>\n<p><img loading=\"lazy\" decoding=\"async\" class=\" wp-image-2221 aligncenter\" src=\"https:\/\/nalua.in\/notas\/wp-content\/uploads\/2024\/08\/dahmerseguidores.jpg\" alt=\"\" width=\"451\" height=\"451\" srcset=\"https:\/\/nalua.in\/notas\/wp-content\/uploads\/2024\/08\/dahmerseguidores.jpg 494w, https:\/\/nalua.in\/notas\/wp-content\/uploads\/2024\/08\/dahmerseguidores-300x300.jpg 300w, https:\/\/nalua.in\/notas\/wp-content\/uploads\/2024\/08\/dahmerseguidores-150x150.jpg 150w, https:\/\/nalua.in\/notas\/wp-content\/uploads\/2024\/08\/dahmerseguidores-96x96.jpg 96w\" sizes=\"auto, (max-width: 451px) 100vw, 451px\" \/><\/p>\n<hr \/>\n<h2>Em 25 de agosto de 1961 J\u00e2nio Quadros escreveu a carta-ren\u00fancia <span class=\"x19la9d6 x1fc57z9 x6ikm8r x10wlt62 x19co3pv x1g5zs5t xfibh0p xiy17q3 x1xsqp64 x1lkfr7t xexx8yu x4uap5 x18d9i69 xkhd6sd\"><span class=\"xrtxmta x1bhl96m\">\ud83d\ude44<\/span><\/span>:<\/h2>\n<p style=\"text-align: justify;\"><em>&#8220;Fui vencido pela rea\u00e7\u00e3o e assim deixo o governo. Nestes sete meses cumpri o meu dever. Tenho-o cumprido dia e noite, trabalhando infatigavelmente, sem preven\u00e7\u00f5es, nem rancores. Mas baldaram-se os meus esfor\u00e7os para conduzir esta na\u00e7\u00e3o, que pelo caminho de sua verdadeira liberta\u00e7\u00e3o pol\u00edtica e econ\u00f4mica, a \u00fanica que possibilitaria o progresso efetivo e a justi\u00e7a social, a que tem direito o seu generoso povo.<\/em><br \/>\n<em>&#8220;Desejei um Brasil para os brasileiros, afrontando, nesse sonho, a corrup\u00e7\u00e3o, a mentira e a covardia que subordinam os interesses gerais aos apetites e \u00e0s ambi\u00e7\u00f5es de grupos ou de indiv\u00edduos, inclusive do exterior. Sinto-me, por\u00e9m, esmagado. For\u00e7as terr\u00edveis levantam-se contra mim e me intrigam ou infamam, at\u00e9 com a desculpa de colabora\u00e7\u00e3o.<\/em><br \/>\n<em>&#8220;Se permanecesse, n\u00e3o manteria a confian\u00e7a e a tranquilidade, ora quebradas, indispens\u00e1veis ao exerc\u00edcio da minha autoridade. Creio mesmo que n\u00e3o manteria a pr\u00f3pria paz p\u00fablica.<\/em><br \/>\n<em>&#8220;Encerro, assim, com o pensamento voltado para a nossa gente, para os estudantes, para os oper\u00e1rios, para a grande fam\u00edlia do Brasil, esta p\u00e1gina da minha vida e da vida nacional. A mim n\u00e3o falta a coragem da ren\u00fancia.<\/em><br \/>\n<em>&#8220;Saio com um agradecimento e um apelo. O agradecimento \u00e9 aos companheiros que comigo lutaram e me sustentaram dentro e fora do governo e, de forma especial, \u00e0s For\u00e7as Armadas, cuja conduta exemplar, em todos os instantes, proclamo nesta oportunidade. O apelo \u00e9 no sentido da ordem, do congra\u00e7amento, do respeito e da estima de cada um dos meus patr\u00edcios, para todos e de todos para cada um.<\/em><br \/>\n<em>&#8220;Somente assim seremos dignos deste pa\u00eds e do mundo. Somente assim seremos dignos de nossa heran\u00e7a e da nossa predestina\u00e7\u00e3o crist\u00e3. Retorno agora ao meu trabalho de advogado e professor. Trabalharemos todos. H\u00e1 muitas formas de servir nossa p\u00e1tria.&#8221;<\/em><\/p>\n<p style=\"text-align: right;\"><strong>Bras\u00edlia, 25 de agosto de 1961. <\/strong><strong>J\u00e2nio Quadros<\/strong><\/p>\n<p style=\"text-align: center;\"><span style=\"font-size: 10pt;\">Carta ren\u00fancia de J\u00e2nio Quadros.<\/span><br \/>\n<span style=\"font-size: 10pt;\">&#8220;Ao Congresso Nacional.<\/span><br \/>\n<span style=\"font-size: 10pt;\">Nesta data, e por este instrumento, deixando com o Ministro da Justi\u00e7a, as raz\u00f5es de meu ato, renuncio ao mandato de Presidente da Rep\u00fablica.<\/span><br \/>\n<span style=\"font-size: 10pt;\">Bras\u00edlia, 25.8.61.&#8221;<\/span><\/p>\n<hr \/>\n<h2 style=\"text-align: center;\">Mas com gente \u00e9 diferente<\/h2>\n<p><img loading=\"lazy\" decoding=\"async\" class=\"size-full wp-image-2228 aligncenter\" src=\"https:\/\/nalua.in\/notas\/wp-content\/uploads\/2024\/08\/9psp-1.jpg\" alt=\"\" width=\"350\" height=\"633\" srcset=\"https:\/\/nalua.in\/notas\/wp-content\/uploads\/2024\/08\/9psp-1.jpg 350w, https:\/\/nalua.in\/notas\/wp-content\/uploads\/2024\/08\/9psp-1-166x300.jpg 166w, https:\/\/nalua.in\/notas\/wp-content\/uploads\/2024\/08\/9psp-1-150x271.jpg 150w\" sizes=\"auto, (max-width: 350px) 100vw, 350px\" \/><\/p>\n<blockquote>\n<p style=\"text-align: center;\"><em>N\u00e3o se amoldem ao padr\u00e3o deste mundo, mas transformem-se pela renova\u00e7\u00e3o da sua mente, para que sejam capazes de experimentar e comprovar a boa, agrad\u00e1vel e perfeita vontade de Deus.<\/em><br \/>\n<strong>Romanos 12:2<\/strong><\/p>\n<\/blockquote>\n<p style=\"text-align: justify;\">A carta deste domingo \u00e9 o nove de paus. N\u00e3o sei se chegou numa boa hora.Uma das caracter\u00edsticas desta carta \u00e9 estar <strong>sempre defasada<\/strong>. Na hora errada. O 9 de paus fica parado e <strong>perde alguns bondes e trens<\/strong>. Essa carta \u00e9 o <strong>tio do pav\u00ea<\/strong>, <strong>o anacr\u00f4nico que ainda acha que em pleno 2024 aquilo que n\u00e3o \u00e9 espelho \u00e9 mimimi<\/strong>. \u00c9 uma das faces do nove de Paus, <strong>estar em desacordo com seu tempo, n\u00e3o entender o <em>zeitgeist<\/em><\/strong>. E nem \u00e9 preciso ser velho para sofrer do anacronismo deste arcano. Embora essa caracter\u00edstica seja mais frequente em pessoas envelhecidas, cronol\u00f3gica ou espiritualmente.<br \/>\nEssa carta \u00e9 <strong>um enorme alerta<\/strong>. Um alerta para que voc\u00ea <strong><em>n\u00e3o se perca na tradu\u00e7\u00e3o<\/em><\/strong>. Para que voc\u00ea consiga <strong>traduzir<\/strong> o seu pr\u00f3prio tempo. \u00c9 a carta que revira os olhos quando dizemos <strong>\u201cna minha \u00e9poca que era bom\u201d, \u201cno meu tempo tudo era mais legal\/inteligente\/interessante______&#8221;<\/strong>.<br \/>\nEsse arcano surge como um trem que p\u00e1ra alguns segundos e diz: <em><strong>sobe nesse trem, menina<\/strong><\/em>. Se voc\u00ea n\u00e3o subir ele <strong>n\u00e3o passar\u00e1 mais<\/strong>. Ele alerta aquelas pessoas que est\u00e3o nos anos 20 do s\u00e9culo XXI usando as ferramentas dos anos 90 do s\u00e9culo XX. Meus amores, <strong>os anos 90 j\u00e1 foram<\/strong>. Aquilo que voc\u00ea, da minha gera\u00e7\u00e3o, ou de gera\u00e7\u00f5es anteriores, aprendeu naquela \u00e9poca, em sua maioria j\u00e1 passou e n\u00e3o serve mais para analisar e nem para viver os anos 20. <strong>N\u00e3o vamos atrapalhar o s\u00e9culo com nossa ignor\u00e2ncia, nosso atraso, nossa arrog\u00e2ncia que teima em usar fichas de orelh\u00e3o nos smartphones<\/strong>. <strong>Vamos parar de atravancar os caminhos do tempo, os caminhos do mundo<\/strong>. Sabe, \u00e9 preciso <strong>sempre aprender<\/strong>. Uma caracter\u00edstica negativa para a qual essa carta alerta \u00e9 a certeza de que, passados os 20, 30, 40 anos, n\u00e3o se tem mais nada para aprender. \u00c9 uma carta que adverte para a cristaliza\u00e7\u00e3o do que se <strong>pensa<\/strong> saber. <strong>N\u00e3o vamos inventariar nossa sapi\u00eancia apenas, vamos aprender de novo<\/strong>. S\u00f3 se vive bem aprendendo. <em>Ah, eu estou cansada, o capitalismo, o trabalho, os filhos, a pobreza<\/em>&#8230; <strong>Sim, tudo isso e muito mais<\/strong>. Sim, nada disso deveria ser impeditivo, <strong>s\u00f3 voc\u00ea pode aprender por si e para si.<\/strong>.. <strong>N\u00e3o h\u00e1 osmose de conhecimento e aprender ingl\u00eas dormindo, bem<\/strong>, \u00af \\ _ (\u30c4) _ \/ \u00af<br \/>\n<em>Ah, minha cabe\u00e7a n\u00e3o d\u00e1 mais para isso<\/em>. Oi? <strong>S\u00f3 aprende quem \u00e9 vivo<\/strong>.<strong> O tempo de aprender com os erros ou acertos, ou s\u00f3 aprender, \u00e9 hoje<\/strong>. <strong>Voc\u00ea n\u00e3o \u00e9 velho demais para isso, nem aos 117 anos.<\/strong><br \/>\nTalvez a humanidade poucas vezes tenha visto uma mudan\u00e7a t\u00e3o enorme e radical como, justamente, na passagem dos anos 90 para o nosso agora. <strong>Foi radical, foi aterrorizante (se voc\u00ea estava acordado), foi magn\u00edfica<\/strong>. Nos meteu nessa embrulhada gigantesca que vivemos agora. <strong>O trem da hist\u00f3ria passou, e nos deixou no orelh\u00e3o da Telemig esperando a ficha cair<\/strong>. Quer dizer, n\u00e3o deixou a todos, claro.<br \/>\n<strong>Trouxe essa gera\u00e7\u00e3o atual que como toda gera\u00e7\u00e3o protagonista, \u00e9 linda<\/strong>. E se voc\u00ea acompanhou e acompanha bem essa passagem das d\u00e9cadas, dos s\u00e9culos e do mil\u00eanio, esse arcano s\u00f3 vai lhe trazer ben\u00e7\u00e3os. <strong>Ele \u00e9 o arcano que mais aprende com os erros. Ele \u00e9 ressabiado, mas aprende, sempre<\/strong>.<br \/>\nMas se voc\u00ea est\u00e1 parado esperando as rid\u00edculas portas da esperan\u00e7a se abrirem para viver, sinto muito por voc\u00ea.<br \/>\nO que quer dizer com isso esse estranho 9 de paus? <strong>Quer dizer para voc\u00ea abrir sua velha caixa de ferramentas e se dar conta de que \u00e9 preciso pensar tudo de novo. E tudo, \u00e9 tudo, n\u00e3o vai doer<\/strong>. Ou vai, mas n\u00e3o disseram que s\u00f3 tecido morto n\u00e3o d\u00f3i? \u00c9 preciso ter 20 anos novamente, <strong>\u00e9 preciso se deslumbrar com o mundo e n\u00e3o atrapalhar, atravancar com falas e atitudes idiotas o caminho de quem est\u00e1 tentando melhorar as coisas<\/strong>. J\u00e1 temos atrasos demais, por favor, <strong>n\u00e3o seja o velho bab\u00e3o que acha o mundo chato porque n\u00e3o pode mais ofender<\/strong>. At\u00e9 essa advert\u00eancia j\u00e1 devia ter envelhecido, j\u00e1 devia poder ter sido enterrada. Mas infelizmente, n\u00e3o, tem muito tio e tia v\u00e9ios <strong>atravancando v\u00e1rios passarinhos<\/strong>.<br \/>\nBoa semana, queridos, n\u00e3o esque\u00e7am as chaves de fenda, e que suas cabe\u00e7as fa\u00e7am menos <em>clang clang<\/em>.<\/p>\n<table style=\"width: 100%; border-collapse: collapse; background-color: #f2daed;\">\n<tbody>\n<tr>\n<td style=\"width: 100%;\"><img loading=\"lazy\" decoding=\"async\" class=\"size-full wp-image-2217 aligncenter\" src=\"https:\/\/nalua.in\/notas\/wp-content\/uploads\/2024\/08\/9pausp.jpg\" alt=\"\" width=\"350\" height=\"572\" srcset=\"https:\/\/nalua.in\/notas\/wp-content\/uploads\/2024\/08\/9pausp.jpg 350w, https:\/\/nalua.in\/notas\/wp-content\/uploads\/2024\/08\/9pausp-184x300.jpg 184w, https:\/\/nalua.in\/notas\/wp-content\/uploads\/2024\/08\/9pausp-150x245.jpg 150w\" sizes=\"auto, (max-width: 350px) 100vw, 350px\" \/><\/p>\n<p style=\"text-align: justify;\">O Nove de Paus \u00e9 uma carta do tar\u00f4 que representa resist\u00eancia, perseveran\u00e7a e prote\u00e7\u00e3o. Na imagem mais cl\u00e1ssica desta carta, vemos um homem com uma express\u00e3o determinada segurando um grande bast\u00e3o, simbolizando a for\u00e7a interior necess\u00e1ria para enfrentar desafios e superar obst\u00e1culos. Quando o Nove de Paus aparece em uma leitura de tar\u00f4, ele sugere que a pessoa est\u00e1 passando por um per\u00edodo de dificuldades, mas possui a for\u00e7a e a determina\u00e7\u00e3o necess\u00e1rias para super\u00e1-las. Esta carta nos lembra que sempre \u00e9 possivel evoluir e aprender com os pr\u00f3prios erros. Al\u00e9m disso, o Nove de Paus tamb\u00e9m fala sobre a import\u00e2ncia de estabelecer limites e se proteger. Ele nos lembra que, em certas situa\u00e7\u00f5es, \u00e9 fundamental defender nossos interesses e preservar nossa energia.\u00a0Quando se trata de aprender com os erros, o 9 de paus no Tar\u00f4 pode oferecer uma perspectiva valiosa. Esta carta nos lembra que todos n\u00f3s enfrentamos desafios e obst\u00e1culos em nossa jornada, e que \u00e9 importante encontrar for\u00e7a e determina\u00e7\u00e3o para super\u00e1-los. No entanto, tamb\u00e9m nos lembra que \u00e9 fundamental reconhecer quando estamos sobrecarregados e precisamos fazer uma pausa.\u00a0A capacidade de aprender com os erros est\u00e1 intrinsecamente ligada \u00e0 nossa capacidade de nos adaptar e crescer. O 9 de paus nos lembra que cometer erros faz parte da vida, mas o que realmente importa \u00e9 como lidamos com esses erros. O 9 de paus nos encoraja a n\u00e3o desistir diante das dificuldades, mas tamb\u00e9m a n\u00e3o deixar que elas nos consumam. Em vez disso, devemos buscar maneiras de superar os obst\u00e1culos e aprender com eles.\u00a0A carta tamb\u00e9m nos lembra da import\u00e2ncia da autoconfian\u00e7a. Ao aprender com os erros, \u00e9 essencial acreditar em nossa capacidade de superar desafios e seguir em frente. A autoconfian\u00e7a nos ajuda a enfrentar os erros de cabe\u00e7a erguida, sabendo que somos capazes de aprender e crescer com eles.\u00a0Ao fazer isso, podemos transformar os erros em oportunidades de aprendizado e nos tornar mais fortes e resilientes no processo.<\/p>\n<\/td>\n<\/tr>\n<\/tbody>\n<\/table>\n<h2 style=\"text-align: center;\">Um texto que nos mantem eternamente jovens<\/h2>\n<p style=\"text-align: justify;\"><em>Mas o que \u00e9, afinal, uma noite? Um curto espa\u00e7o, especialmente quando a escurid\u00e3o diminui t\u00e3o cedo, e t\u00e3o cedo um p\u00e1ssaro chilreia, um galo canta, ou um verde desmaiado se aviva, tal como uma folha revirada no oco de uma onda. A noite, entretanto, sucede \u00e0 noite. O inverno guarda uma boa safra delas em estoque e as distribui igualmente, imparcialmente, com dedos infatig\u00e1veis. Elas aumentam; elas escurecem. Algumas delas mant\u00eam no alto planetas l\u00edmpidos, placas de luminosidade. As \u00e1rvores outonais, devastadas como est\u00e3o, trajam o clar\u00e3o de bandeiras esfarrapadas ardendo na escurid\u00e3o dos frios por\u00f5es de catedrais onde letras douradas sobre p\u00e1ginas de m\u00e1rmore descrevem a morte na batalha e contam como, muito longe, os ossos se desbotam e queimam nas areias indianas. As \u00e1rvores outonais cintilam \u00e0 luz amarela do luar, \u00e0 luz da lua de colheita, a luz que suaviza a energia do trabalho, e amacia o restolho, e traz a onda batendo toda azul na praia.<\/em><\/p>\n<p style=\"text-align: justify;\"><em>Parecia agora como se, tocada pela penit\u00eancia humana e toda sua labuta, a bondade divina tivesse corrido a cortina e exibido, atr\u00e1s dela, \u00fanicos, distintos, a lebre \u00e0 espreita; a onda quebrando; o barco ondulando; os quais, se os merec\u00eassemos, deveriam ser sempre nossos. Mas, ai \u2013 a bondade divina, puxando o cord\u00e3o, cerra a cortina; isso n\u00e3o lhe agrada; ela cobre os seus tesouros sob uma enxurrada de granizo, e de tal forma os rompe, de tal forma os desintegra que parece imposs\u00edvel que sua calma algum dia retorne, ou que de seus fragmentos possamos, algum dia, recompor um todo perfeito ou ler nos desordenados peda\u00e7os as claras palavras da verdade. Pois nossa penit\u00eancia merece um vislumbre apenas; nossa labuta, uma pausa apenas.<\/em><\/p>\n<p style=\"text-align: justify;\"><em>As noites est\u00e3o agora cheias de ventania e destrui\u00e7\u00e3o; as \u00e1rvores cedem e se curvam, e suas defloradas folhas voam a torto e a direito at\u00e9 cobrirem todo o gramado e acabarem aos montes nas bocas de lobo, e entupirem os bueiros, e inundarem as \u00famidas trilhas. O mar tamb\u00e9m se agita e rebenta, e caso algum adormecido, imaginando que possa encontrar na praia uma resposta para suas d\u00favidas, um comparsa para sua solid\u00e3o, se desfa\u00e7a de suas roupas de cama e des\u00e7a sozinho para caminhar na areia, nenhuma imagem, com atitude de ajuda e divina presteza, acorre prontamente para trazer a noite \u00e0 ordem e fazer o mar refletir a b\u00fassola da alma. A m\u00e3o encolhe-se em sua m\u00e3o; a voz grita em seu ouvido. Parece quase in\u00fatil fazer \u00e0 noite, nessa confus\u00e3o, estas perguntas referentes ao qu\u00ea, e ao porqu\u00ea, e ao para qu\u00ea, que tiravam o adormecido de seu leito para buscar uma resposta.<\/em><\/p>\n<p style=\"text-align: justify;\"><em>[O Sr. Ramsay, andando aos trope\u00e7\u00f5es por um corredor, numa manh\u00e3 escura, estendeu os bra\u00e7os, mas, tendo a Sra. Ramsay morrido um tanto subitamente na noite anterior, seus bra\u00e7os, embora estendidos, continuaram vazios.]<\/em><\/p>\n<p style=\"text-align: right;\"><strong>Virginia Woolf &#8211; Ao Farol &#8211; Ed. Aut\u00eantica &#8211; Tradu\u00e7\u00e3o Tomaz Tadeu<\/strong><\/p>\n<hr \/>\n<table style=\"width: 100%; border-collapse: collapse; background-color: #c8e8fa;\">\n<tbody>\n<tr>\n<td style=\"width: 100%;\">\n<h2 style=\"text-align: center;\"><strong>Meu Cora\u00e7\u00e3o Navegador<\/strong><\/h2>\n<p style=\"text-align: center;\"><em><strong>Um pouco de arte tamb\u00e9m renova as ferramentas<\/strong><\/em><\/p>\n<\/td>\n<\/tr>\n<\/tbody>\n<\/table>\n<h3 style=\"text-align: center;\">Livro<\/h3>\n<p><img loading=\"lazy\" decoding=\"async\" class=\"size-full wp-image-2218 aligncenter\" src=\"https:\/\/nalua.in\/notas\/wp-content\/uploads\/2024\/08\/1912392_orig.jpg\" alt=\"\" width=\"260\" height=\"346\" srcset=\"https:\/\/nalua.in\/notas\/wp-content\/uploads\/2024\/08\/1912392_orig.jpg 260w, https:\/\/nalua.in\/notas\/wp-content\/uploads\/2024\/08\/1912392_orig-225x300.jpg 225w, https:\/\/nalua.in\/notas\/wp-content\/uploads\/2024\/08\/1912392_orig-150x200.jpg 150w\" sizes=\"auto, (max-width: 260px) 100vw, 260px\" \/><\/p>\n<p style=\"text-align: justify;\"><strong>Esperando Godot &#8211; Samuel Beckett &#8211;\u00a0<em>Esse livro porque todos somos Vladimir e Estragon \u00e0 beira do caminho. Beckett faz essa assombrosa pe\u00e7a e s\u00f3 quer nos dizer do absurdo que \u00e9 a vida e nossas esperas. N\u00e3o sabemos ao certo quando chega Godot. Ontem? Hoje, amanh\u00e3? Vir\u00e1 Godot a este lugar? \u00c9 realmente Godot o nome dele? Vladimir e Estragon deixaram quantos bondes passar? Eu adoro escrever esse almanaque, porque s\u00f3 li este livro agora, e para esse arcano. E que del\u00edcia, n\u00e3o poderia realmente n\u00e3o ter lido Esperando Godot. E voc\u00eas abram a caixa, sentem o traseiro e leiam Godot, que pode chegar ou n\u00e3o.<\/em><\/strong><\/p>\n<hr \/>\n<p style=\"text-align: justify;\">Esperando Godot marca o in\u00edcio da publica\u00e7\u00e3o da obra de Samuel Beckett pela Companhia das Letras. Expoente do Teatro do Absurdo, escrita em 1949 e levada aos palcos pela primeira vez em 1953, Esperando Godot \u00e9 uma tragicom\u00e9dia em dois atos que segue desafiando p\u00fablico e cr\u00edtica. Na trama, duas figuras clownescas, Vladimir e Estragon, esperam por um sujeito que talvez se chame Godot. Sua chegada, que parece iminente, \u00e9 constantemente adiada. Em um cen\u00e1rio esqu\u00e1lido \u2015 uma estrada onde se v\u00ea uma \u00e1rvore e uma pedra \u2015, Beckett revoluciona a narrativa e o teatro do s\u00e9culo XX. A edi\u00e7\u00e3o conta com tradu\u00e7\u00e3o e posf\u00e1cio do professor e cr\u00edtico F\u00e1bio de Souza Andrade, ilustra\u00e7\u00e3o de capa do pintor alem\u00e3o, e profundo admirador de Beckett, Georg Baselitz e textos cr\u00edticos in\u00e9ditos em portugu\u00eas dos especialistas Ronan McDonald e Steven Connor.<\/p>\n<hr \/>\n<h3 style=\"text-align: center;\">Filme<\/h3>\n<p><img loading=\"lazy\" decoding=\"async\" class=\" wp-image-2241 aligncenter\" src=\"https:\/\/nalua.in\/notas\/wp-content\/uploads\/2024\/08\/susie.jpg\" alt=\"\" width=\"300\" height=\"400\" srcset=\"https:\/\/nalua.in\/notas\/wp-content\/uploads\/2024\/08\/susie.jpg 350w, https:\/\/nalua.in\/notas\/wp-content\/uploads\/2024\/08\/susie-225x300.jpg 225w, https:\/\/nalua.in\/notas\/wp-content\/uploads\/2024\/08\/susie-150x200.jpg 150w\" sizes=\"auto, (max-width: 300px) 100vw, 300px\" \/><\/p>\n<p style=\"text-align: justify;\"><strong>Susie e os Baker Boys. Steve Kloves &#8211; 1989. <em>Esse filme foi sugest\u00e3o do Akio, eu tinha visto h\u00e1 muitos anos e n\u00e3o me lembrava mais de muita coisa. Revi hoje. E tem tudo a ver com a carta da semana. \u00c9 uma hist\u00f3ria de pessoas que perderam o bonde da vida. O personagem de Jeff Bridges deixou a vida passar em nome de sentimentos variados e sente ter se perdido tentando preservar uma parceria. O filme todo j\u00e1 come\u00e7a com uma incr\u00edvel sensa\u00e7\u00e3o de defasagem de tempo. Nos anos 80, quando foi feito, j\u00e1 estava querendo mostrar um clima de decad\u00eancia. Os irm\u00e3os Baker tocam piano em hot\u00e9is, para um p\u00fablico antiquado e j\u00e1 no come\u00e7o do filme est\u00e3o em franca decad\u00eancia. As m\u00fasicas escolhidas e tocadas por eles j\u00e1 demonstram que o tempo passou e o p\u00fablico esperava coisas novas. Eu amei o filme. \u00c9 t\u00e3o nost\u00e1lgico, transporta a gente direto para os anos 80 e toda sua gl\u00f3ria. Mas tamb\u00e9m toda sua idiossincrasia. Tem coisas que seriam inaceit\u00e1veis hoje em dia, e isso mostra que algumas coisas realmente n\u00e3o passam no teste do tempo, como quer mostrar o 9 de Paus. Vale muit\u00edssimo \u00e0 pena ser visto, \u00e9 desses filmes que n\u00e3o se fazem mais, desse tipo de filme que s\u00f3 quer contar uma hist\u00f3ria. Eu queria poder falar com mais propriedade dele, porque me tocou bastante, mas n\u00e3o vai dar tempo, ent\u00e3o refor\u00e7o, vejam, \u00e9 um filme muito diferente dos filmes feitos hoje em dia e rende uma reflex\u00e3o muito pertinente sobre o tema da semana.<\/em><\/strong><\/p>\n<hr \/>\n<p style=\"text-align: justify;\">Os irm\u00e3os Frank (Beau Bridges) e Jack Baker (Jeff Bridges) se apresentam juntos em um pequeno por\u00e9m bem-sucedido n\u00famero de piano, mas a falta de ambi\u00e7\u00e3o os prejudica. Eles come\u00e7am a perder shows e acabam relegados a lugares de terceira categoria. Na tentativa de dar vida nova \u00e0s apresenta\u00e7\u00f5es, os irm\u00e3os recrutam a bela Susie Diamond (Michelle Pfeiffer). O novo grupo faz sucesso, mas uma crescente atrac\u00e3o entre Susie e Jack amea\u00e7a a estabilidade do trio.<\/p>\n<hr \/>\n<h3 style=\"text-align: center;\"><strong>S\u00e9rie<\/strong><\/h3>\n<p><img loading=\"lazy\" decoding=\"async\" class=\" wp-image-2242 aligncenter\" src=\"https:\/\/nalua.in\/notas\/wp-content\/uploads\/2024\/08\/downton.jpg\" alt=\"\" width=\"301\" height=\"429\" srcset=\"https:\/\/nalua.in\/notas\/wp-content\/uploads\/2024\/08\/downton.jpg 350w, https:\/\/nalua.in\/notas\/wp-content\/uploads\/2024\/08\/downton-210x300.jpg 210w, https:\/\/nalua.in\/notas\/wp-content\/uploads\/2024\/08\/downton-150x214.jpg 150w\" sizes=\"auto, (max-width: 301px) 100vw, 301px\" \/><\/p>\n<p style=\"text-align: justify;\"><strong>Downton Abbey &#8211; 2010 -2015. Dire\u00e7\u00e3o de\u00a0Brian Percival.\u00a0<em>Essa \u00e9 uma das minhas s\u00e9ries preferidas da vida. Adorei ver e invejo as pessoas que nunca viram. E ela mostra muito bem o cen\u00e1rio do 9 de Paus. Mostra a passagem de um mundo a outro, mostra a morte de um tempo com tudo que isso implica. Fala de profundas transforma\u00e7\u00f5es sociais e das consequencias disso. \u00c9 muito interssante ver a decad\u00eancia, se n\u00e3o da aristocracia, pelo menos de seu simbolismo. E \u00e9 uma \u00b4serie bonita, com hist\u00f3rias \u00f3timas, pouco \u00f3bvias e cheia de dramas humanos que s\u00e3o bons de acompanhar. \u00c9 um 9 de Paus em a\u00e7\u00e3o.\u00a0<\/em><\/strong><\/p>\n<hr \/>\n<p style=\"text-align: justify;\">Downton Abbey \u00e9 uma s\u00e9rie de televis\u00e3o brit\u00e2nica, do g\u00eanero drama hist\u00f3rico, ambientada no in\u00edcio do s\u00e9culo XX, criada e co-escrita por Julian Fellowes. Produzida pela companhia Carnival Films, a s\u00e9rie estreou em 20 de setembro de 2010 na rede ITV no Reino Unido. No in\u00edcio do s\u00e9culo XX, a fam\u00edlia Crawley luta para manter o legado de Downton Abbey. Ap\u00f3s a morte de um parente que estava \u00e0 bordo do Titanic, Robert Crawley (Hugh Bonneville) descobre que o novo herdeiro da propriedade \u00e9 um sobrinho distante, Matthew Crawley (Dan Stevens), um advogado com pensamentos modernistas. Enquanto Robert e sua esposa Cora (Elizabeth McGovern) se preocupam com o futuro das suas filhas, Mary (Michelle Dockery), Edith (Laura Carmichael) e Sybil (Jessica Brown Findlay), os empregados da mans\u00e3o trabalham para manter a rotina da fam\u00edlia, com todas as regras da \u00e9poca.<\/p>\n<hr \/>\n<h3 style=\"text-align: center;\">\u266b Playlist<\/h3>\n<p style=\"text-align: center;\"><em>Os Cegos do Castelo \u2013 Tit\u00e3s<\/em><br \/>\n<em>Mudar \u2013 Dani Black &amp; Milton Nascimento<\/em><br \/>\n<em>Anacr\u00f4nico \u2013 Pitty<\/em><br \/>\n<em>Metamorfose Ambulante \u2013 Raul Seixas<\/em><br \/>\n<em>Div\u00e3 \u2013 Roberto Carlos<\/em><br \/>\n<em>Segue o seco \u2013 Marisa Monte<\/em><br \/>\n<em>Just breathe \u2013 Pearl Jam<\/em><br \/>\n<em>Linda Juventude \u2013 14 Bis<\/em><br \/>\n<em>Sobradinho \u2013 S\u00e1 &amp; Guarabira<\/em><br \/>\n<em>Admir\u00e1vel chip novo \u2013 Pitty<\/em><br \/>\n<em>Forever Young \u2013 Alphaville<\/em><br \/>\n<em>Foi Um rio que passou em minha vida \u2013 Paulinho da Viola<\/em><br \/>\n<em>The Logical Song \u2013 Supertramp<\/em><br \/>\n<em>Blowin&#8217; In The Wind \u2013 Bob Dylan<\/em><br \/>\n<em>Disparada \u2013 Jair Rodrigues<\/em><br \/>\n<em>Quero Voltar pra Bahia \u2013 Paulo Diniz<\/em><br \/>\n<em>Saudosa Maloca \u2013 Adoniram Barbosa<\/em><\/p>\n<hr \/>\n<p><img loading=\"lazy\" decoding=\"async\" class=\"size-full wp-image-2244 aligncenter\" src=\"https:\/\/nalua.in\/notas\/wp-content\/uploads\/2024\/08\/laertevelhicep.jpg\" alt=\"\" width=\"450\" height=\"551\" srcset=\"https:\/\/nalua.in\/notas\/wp-content\/uploads\/2024\/08\/laertevelhicep.jpg 450w, https:\/\/nalua.in\/notas\/wp-content\/uploads\/2024\/08\/laertevelhicep-245x300.jpg 245w, https:\/\/nalua.in\/notas\/wp-content\/uploads\/2024\/08\/laertevelhicep-150x184.jpg 150w\" sizes=\"auto, (max-width: 450px) 100vw, 450px\" \/><\/p>\n<p>&nbsp;<\/p>\n<table style=\"width: 100%; border-collapse: collapse; background-color: #adf7ed;\">\n<tbody>\n<tr>\n<td style=\"width: 100%;\">\n<p style=\"text-align: center;\"><em>O jabuti que s\u00f3 possu\u00eda uma casca branca e mole deixou-se morder pela on\u00e7a que o atacava. Morder t\u00e3o fundo que a on\u00e7a ficou pregada no jabuti e acabou por morrer.<\/em><br \/>\n<em>Do cr\u00e2nio da on\u00e7a o jabuti fez seu escudo.<\/em><\/p>\n<p style=\"text-align: center;\"><strong>Antonio Callado<\/strong><\/p>\n<\/td>\n<\/tr>\n<\/tbody>\n<\/table>\n<p>Post com a colabora\u00e7\u00e3o de\u00a0<a href=\"http:\/\/instagram.com\/laismeralda\" target=\"_blank\" rel=\"noopener\">@laismeralda, que \u00e9 a<em>\u00a0melhor cartomante do peda\u00e7o, marque sua consulta com ela.<\/em><\/a><\/p>\n<hr \/>\n<p style=\"text-align: justify;\"><em>Se voc\u00ea leu at\u00e9 aqui, obrigada! Esse \u00e9 o meu almanaque particular. Um peda\u00e7o do meu di\u00e1rio, da minha arca da velha, um registro de pequenas efem\u00e9rides, de coisas que quero guardar, do tempo, do vento, do c\u00e9u e do cheiro da chuva. Os Vest\u00edgios do Dia, meus dias. Aqui s\u00f3 tem refer\u00eancias, pois \u00e9 disso que sou feita.<\/em><\/p>\n<table style=\"width: 100%; border-collapse: collapse; background-color: #f7cdcd;\">\n<tbody>\n<tr>\n<td style=\"width: 100%; text-align: center;\">\u00a9 Nalua \u2013 Caderninho pessoal, bauzinho de trapos coloridos, nos morros de Minas Gerais. Estamos morrendo esturricados.<\/td>\n<\/tr>\n<\/tbody>\n<\/table>\n<p style=\"text-align: center;\">Resumo do post de hoje<\/p>\n<p style=\"text-align: center;\">\t\t<div class=\"wp-shortcode-web-stories-embed web-stories-embed alignnone\">\n\t\t\t<div class=\"wp-block-embed__wrapper\" style=\"--aspect-ratio: 0.600000; --width: 360px; --height: 600px\">\n\t\t\t\t<amp-story-player>\n\t\t\t\t\t<a href=\"https:\/\/nalua.in\/notas\/web-stories\/resumo-do-post\/\">\n\t\t\t\t\t\tResumo do post\t\t\t\t\t<\/a>\n\t\t\t\t<\/amp-story-player>\n\t\t\t<\/div>\n\t\t<\/div>\n\t\t<\/p>\n<hr \/>\n<p style=\"text-align: center;\"><span style=\"font-size: 8pt;\"><em>25 de agosto<\/em>\u00a0\u00e9 o 237.\u00ba dia do ano no calend\u00e1rio gregoriano (238.\u00ba em anos bissextos). Faltam 128 dias para acabar o ano.<\/span><\/p>\n<p>&nbsp;<\/p>\n","protected":false},"excerpt":{"rendered":"<p>e se voc\u00ea trouxer o seu lar Belo Horizonte 25 de agosto de 2024 \ud83e\udd7516\u00b0 &#8211; 31\u00b0\u00a0 Em 1660 ocorreu a Revolta da Cacha\u00e7a, no [&#8230;]<\/p>\n","protected":false},"author":1,"featured_media":0,"comment_status":"open","ping_status":"open","sticky":false,"template":"","format":"standard","meta":{"footnotes":""},"categories":[9],"tags":[],"class_list":["post-2207","post","type-post","status-publish","format-standard","hentry","category-almanaque"],"_links":{"self":[{"href":"https:\/\/nalua.in\/notas\/wp-json\/wp\/v2\/posts\/2207","targetHints":{"allow":["GET"]}}],"collection":[{"href":"https:\/\/nalua.in\/notas\/wp-json\/wp\/v2\/posts"}],"about":[{"href":"https:\/\/nalua.in\/notas\/wp-json\/wp\/v2\/types\/post"}],"author":[{"embeddable":true,"href":"https:\/\/nalua.in\/notas\/wp-json\/wp\/v2\/users\/1"}],"replies":[{"embeddable":true,"href":"https:\/\/nalua.in\/notas\/wp-json\/wp\/v2\/comments?post=2207"}],"version-history":[{"count":21,"href":"https:\/\/nalua.in\/notas\/wp-json\/wp\/v2\/posts\/2207\/revisions"}],"predecessor-version":[{"id":2215,"href":"https:\/\/nalua.in\/notas\/wp-json\/wp\/v2\/posts\/2207\/revisions\/2215"}],"wp:attachment":[{"href":"https:\/\/nalua.in\/notas\/wp-json\/wp\/v2\/media?parent=2207"}],"wp:term":[{"taxonomy":"category","embeddable":true,"href":"https:\/\/nalua.in\/notas\/wp-json\/wp\/v2\/categories?post=2207"},{"taxonomy":"post_tag","embeddable":true,"href":"https:\/\/nalua.in\/notas\/wp-json\/wp\/v2\/tags?post=2207"}],"curies":[{"name":"wp","href":"https:\/\/api.w.org\/{rel}","templated":true}]}}