{"id":2180,"date":"2024-08-10T23:59:36","date_gmt":"2024-08-10T23:59:36","guid":{"rendered":"https:\/\/nalua.in\/notas\/?p=2180"},"modified":"2024-08-11T02:14:37","modified_gmt":"2024-08-11T02:14:37","slug":"relembro-a-casa-com-varanda","status":"publish","type":"post","link":"https:\/\/nalua.in\/notas\/relembro-a-casa-com-varanda\/","title":{"rendered":""},"content":{"rendered":"<p style=\"text-align: center;\"><a href=\"https:\/\/telegra.ph\/O-Diva-08-11\" target=\"_blank\" rel=\"noopener\"><span style=\"font-size: 8pt;\">relembro a casa com varanda<\/span><\/a><br \/>\n<img loading=\"lazy\" decoding=\"async\" class=\"size-full wp-image-2119 aligncenter\" src=\"https:\/\/nalua.in\/notas\/wp-content\/uploads\/2024\/06\/almanaque-1.jpg\" alt=\"\" width=\"542\" height=\"139\" srcset=\"https:\/\/nalua.in\/notas\/wp-content\/uploads\/2024\/06\/almanaque-1.jpg 542w, https:\/\/nalua.in\/notas\/wp-content\/uploads\/2024\/06\/almanaque-1-300x77.jpg 300w, https:\/\/nalua.in\/notas\/wp-content\/uploads\/2024\/06\/almanaque-1-150x38.jpg 150w\" sizes=\"auto, (max-width: 542px) 100vw, 542px\" \/><\/p>\n<p style=\"text-align: center;\"><strong>Belo Horizonte, 11 de agosto de 2024<\/strong><\/p>\n<p style=\"text-align: center;\"><strong>\u2600 11\u00b0 &#8211; 27\u00b0 <\/strong><\/p>\n<hr \/>\n<p style=\"text-align: justify;\"><strong>Dia dos pais, do estudante e do advogado<\/strong>. Em <strong>1827<\/strong>, D. Pedro I instituiu os dois <span style=\"text-decoration: underline;\">primeiros cursos de ensino superior no Brasil<\/span>, por isso se celebra o dia do estudante. Em <strong>1827<\/strong>, foram criadas as <span style=\"text-decoration: underline;\">duas primeiras faculdades de Direito no Brasil<\/span> \u2013 a Faculdade de Direito do Largo de S\u00e3o Francisco, em S\u00e3o Paulo, e a Faculdade de Direito de Olinda, e por isso se celebra o dia do advogado. Em <strong>1938<\/strong> foi fundada a <span style=\"text-decoration: underline;\">Uni\u00e3o Nacional dos Estudantes<\/span>. Em <strong>1942<\/strong> <span style=\"text-decoration: underline;\">Hedy Lamarr<\/span> recebe a patente para um sistema de comunica\u00e7\u00e3o que se tornou a base para os telefones sem fio e Wi-Fi. Em 1979 Led Zeppelin se apresentou pela \u00faltima vez na Inglaterra. Em <strong>1744<\/strong> nasceu <span style=\"text-decoration: underline;\">Tom\u00e1s Ant\u00f4nio Gonzaga<\/span>, em <strong>1897<\/strong> <span style=\"text-decoration: underline;\">Enid Blyton<\/span>, em <strong>1921<\/strong> <span style=\"text-decoration: underline;\">Alex Haley<\/span>, em <strong>1959<\/strong> <span style=\"text-decoration: underline;\">Gustavo Cerati<\/span>, em <strong>1965<\/strong> <span style=\"text-decoration: underline;\">Viola Davis<\/span>, em <strong>1983<\/strong> <span style=\"text-decoration: underline;\">Tat\u00e1 Werneck<\/span>. Em <strong>1253<\/strong> morreu <span style=\"text-decoration: underline;\">Clara de Assis<\/span> e em <strong>2014 <\/strong>se foi <span style=\"text-decoration: underline;\">Robin Williams<\/span>.<\/p>\n<hr \/>\n<p style=\"text-align: center;\"><em><strong>Pai\u00a0<\/strong><\/em><br \/>\n<em>Meu pai tem Alzheimer<\/em><br \/>\n<em>e todo dia me pergunta<\/em><br \/>\n<em>que dia \u00e9 hoje.<\/em><br \/>\n<em>Eu digo que \u00e9 Dia dos Pais<\/em><br \/>\n<em>e tasco-lhe mais um abra\u00e7o.<\/em><\/p>\n<p style=\"text-align: center;\"><span class=\"x19la9d6 x1fc57z9 x6ikm8r x10wlt62 x19co3pv x1g5zs5t xfibh0p xiy17q3 x1xsqp64 x1lkfr7t xexx8yu x4uap5 x18d9i69 xkhd6sd\"><span class=\"xrtxmta x1bhl96m\">\u2663\ufe0f<\/span><\/span><\/p>\n<p style=\"text-align: center;\"><strong>Carlos Edu Bernardes<\/strong><\/p>\n<hr \/>\n<p><img loading=\"lazy\" decoding=\"async\" class=\" wp-image-2182 aligncenter\" src=\"https:\/\/nalua.in\/notas\/wp-content\/uploads\/2024\/08\/68310293_2316330831769622_8601375302544785408_n.jpg\" alt=\"\" width=\"349\" height=\"425\" srcset=\"https:\/\/nalua.in\/notas\/wp-content\/uploads\/2024\/08\/68310293_2316330831769622_8601375302544785408_n.jpg 525w, https:\/\/nalua.in\/notas\/wp-content\/uploads\/2024\/08\/68310293_2316330831769622_8601375302544785408_n-246x300.jpg 246w, https:\/\/nalua.in\/notas\/wp-content\/uploads\/2024\/08\/68310293_2316330831769622_8601375302544785408_n-150x183.jpg 150w\" sizes=\"auto, (max-width: 349px) 100vw, 349px\" \/><\/p>\n<hr \/>\n<h2>Em agosto de 1950 anotou Jack Kerouac em seu di\u00e1rio:<\/h2>\n<p>DA CIDADE DO M\u00c9XICO A NOVA YORK: AGOSTO DE 1950<\/p>\n<p><em>Ferrocarril de M\u00e9xico. Vag\u00e3o-leito para Laredo, Texas \u2013 ent\u00e3o \u00f4nibus para San Antonio \u2013 para Baltimore \u2013 para N.Y.\u00a0(com um quilo de maconha tratada preso \u00e0 cintura por um ca\u00adche\u00adcol) \u2013 \u2013<\/em><\/p>\n<p><em>: \u2013 CAN\u00c7\u00c3O \u2013 :<\/em><br \/>\n<em>Deixei\u00a0Nova York<\/em><br \/>\n<em>Em quarenta e nove<\/em><br \/>\n<em>Para cruzar o pa\u00eds<\/em><br \/>\n<em>Sem sequer um cobre.<\/em><br \/>\n<em>Foi em Butte\u00a0Montana<\/em><br \/>\n<em>No frio, frio outono<\/em><br \/>\n<em>\u2014 Encontrei meu pai<\/em><br \/>\n<em>em um cassino jogando.<\/em><br \/>\n<em>_________<\/em><br \/>\n<em>\u201cPai, pai<\/em><br \/>\n<em>Por onde andaste;<\/em><br \/>\n<em>Perdido est\u00e1 quem n\u00e3o \u00e9 amado,<\/em><br \/>\n<em>Quando voc\u00ea \u00e9 t\u00e3o pequeno.\u201d<\/em><br \/>\n<em>_________<\/em><br \/>\n<em>\u201cQuerido filho\u201d, falou,<\/em><br \/>\n<em>\u201cN\u00e3o v\u00e1 se preocupar,<\/em><br \/>\n<em>\u201cPois a pleurisia em breve<\/em><br \/>\n<em>Vai me matar.\u201d<\/em><br \/>\n<em>_________<\/em><br \/>\n<em>Seguimos juntos para o Sul<\/em><br \/>\n<em>Em um velho trem de carga,<\/em><br \/>\n<em>Na noite em que morreu meu pai<\/em><br \/>\n<em>Na noite fria, fria.<\/em><br \/>\n<em>_________<\/em><br \/>\n<em>\u201cQuerido filho\u201d, falou,<\/em><br \/>\n<em>\u201cN\u00e3o v\u00e1 se preocupar;<\/em><br \/>\n<em>\u201cDeite-me para que<\/em><br \/>\n<em>A mis\u00e9ria venha me matar.\u201d<\/em><br \/>\n<em>_________<\/em><br \/>\n<em>Pai, pai<\/em><br \/>\n<em>Por onde andaste;<\/em><br \/>\n<em>Perdido est\u00e1 quem n\u00e3o \u00e9 amado,<\/em><br \/>\n<em>Quando voc\u00ea \u00e9 t\u00e3o pequeno.\u201d<\/em><\/p>\n<p style=\"text-align: right;\"><strong>Jack Kerouac &#8211; <em>Di\u00e1rios de Jack Kerouac<\/em> <em>&#8211; 1947-1954<\/em> &#8211; Ed. L&amp;PM<\/strong><\/p>\n<hr \/>\n<div class=\"FragmentView_text__g6Uq2 FragmentView_display__KH_IY\">\n<blockquote>\n<p class=\"l0\" style=\"text-align: center;\" data-v=\".21.\"><em><span class=\"t\" data-v=\".21.\">V\u00f3s, pais, n\u00e3o irriteis a vossos filhos, para que n\u00e3o percam o \u00e2nimo.<\/span><\/em><\/p>\n<\/blockquote>\n<\/div>\n<blockquote>\n<div class=\"FragmentView_actions__RE8YB\" style=\"text-align: center;\"><strong>Colossenses 3:21<\/strong><\/div>\n<\/blockquote>\n<div><img loading=\"lazy\" decoding=\"async\" class=\"size-full wp-image-2184 aligncenter\" src=\"https:\/\/nalua.in\/notas\/wp-content\/uploads\/2024\/08\/reidepausp.jpg\" alt=\"\" width=\"350\" height=\"617\" srcset=\"https:\/\/nalua.in\/notas\/wp-content\/uploads\/2024\/08\/reidepausp.jpg 350w, https:\/\/nalua.in\/notas\/wp-content\/uploads\/2024\/08\/reidepausp-170x300.jpg 170w, https:\/\/nalua.in\/notas\/wp-content\/uploads\/2024\/08\/reidepausp-150x264.jpg 150w\" sizes=\"auto, (max-width: 350px) 100vw, 350px\" \/><\/div>\n<div>\n<p style=\"text-align: justify;\">No Dia dos Pais, dos estudantes, dos advogados era mister nos aparecer um Rei!<strong> Os pais e as figuras paternas s\u00e3o reis, para o bem e para o mal<\/strong>. Por isso nascemos todos na realeza, <em>todo menino \u00e9 um rei<\/em>. \u00c9 o princ\u00edpio paterno que nos introduz no mundo e nos mostra como andar sem cair. A energia de uma carta real no dia dos pais mostra essa face, a face daquele que abre o caminho para gera\u00e7\u00f5es mais novas, que \u00e9 o pioneiro. O Rei de Paus \u00e9 um <strong>pioneiro<\/strong>, \u00e9 um <strong>desbravador<\/strong>. O Rei de Paus tem o ep\u00edteto da <strong>coragem<\/strong>. Ele \u00e9 o arcano que aprende com os erros, <strong>o Rei de Paus tem a coragem de saber-se errado e de admitir que errou<\/strong>. Essa \u00e9 uma das suas maiores li\u00e7\u00f5es. Se as figuras paternas da sua vida souberam fazer isso e te mostraram o caminho de errar e admitir o erro, <strong>voc\u00ea \u00e9 um privilegiado<\/strong>. Mas muitas vezes as figuras paternas que atravessam a nossa vida s\u00e3o de uma natureza bem menos benevolente do que o Rei de Paus. Se \u00e9 esse o caso, existe outra li\u00e7\u00e3o que ele traz: <strong>\u00e9 sempre necess\u00e1rio ser pai de si mesmo<\/strong>, desbravar sozinho esse caminho, e limpar o terreno para <strong>florescer de si mesmo<\/strong>. Tar\u00f4 \u00e9 manual de vida e ensina isso. <strong>\u00c9 preciso ser senhor da pr\u00f3pria casa, em algum momento<\/strong>. Mesmo que os b\u00e1rbaros sempre venham, afinal.<\/p>\n<p style=\"text-align: justify;\">Nesse 11 de agosto, o Rei de Paus aparece para nos lembrar tamb\u00e9m que <strong>todos viemos de algum lugar<\/strong>, <strong>estamos todos interconectados uns aos outros e ao todo que nos propiciou a exist\u00eancia<\/strong>. Foi necess\u00e1ria toda uma cadeia de pessoas, de vontades e de acontecimentos para que estiv\u00e9ssemos aqui nessa hora e lugar e aqui<strong> \u00e9 sempre melhor do que n\u00e3o estar<\/strong>. Essa rever\u00eancia ao que nos antecedeu \u00e9 o que nos diz hoje o Rei de Paus. Ele nos lembra que podemos ser pioneiros, mas que viemos de algum lugar e que sempre geramos <strong>vida<\/strong>, que nossa interven\u00e7\u00e3o nesse mundo sempre deixa uma marca, sejamos ou n\u00e3o genitores de humanos, n\u00e3o \u00e9 sobre isso. \u00c9 a li\u00e7\u00e3o de que <strong>n\u00e3o passamos impunes nem inc\u00f3lumes<\/strong> por tudo isso, que <strong>precisamos deixar tudo melhor<\/strong> e precisamos levar em conta a hierarquia do <strong>Hol\u00edstico<\/strong> (oi F\u00ea), que nos gerou e nos faz gerar.<strong> O Rei de Paus \u00e9 coragem de ser, \u00e9 a for\u00e7a da lei que nos empurra para crescer, que nos empurra do ninho e da caminha quente rumo ao viver, que \u00e9 t\u00e3o pequeno diante do Tempo<\/strong>.<\/p>\n<p style=\"text-align: justify;\">Nesta semana, sejamos nossos pr\u00f3prios pais, criemos coragem, pensemos em <strong>deixar um mundo melhor para quem vem depois<\/strong>. Vamos prover, como bons pais,\u00a0 um lugar de conforto. E sem esquecer que <strong>o mundo existe para ser desbravado com coragem e hombridade<\/strong>. E n\u00e3o esque\u00e7amos que: <em>noblesse oblige. <\/em><strong>Todo Rei digno desse nome s\u00f3 faz as coisas com nobreza<\/strong>. Paternar \u00e9 d\u00e1diva de Reis.<\/p>\n<p style=\"text-align: justify;\">Alice Walker conta uma hist\u00f3ria linda sobre esse <em>paternar<\/em> nobre:<\/p>\n<blockquote>\n<p style=\"text-align: justify;\"><em>Quando eu tinha tr\u00eas ou quatro anos, quebrei um jarro, e como eu tinha irm\u00e3os, poderia ter dito que eles o tinham quebrado, ou poderia ter dito que tinha escorregado. Lembro que meu pai me perguntou se eu tinha feito isso, e eu olhei para ele e pensei, nossa, essa \u00e9 uma pessoa que eu realmente amo e ele ficaria feliz se eu n\u00e3o tivesse quebrado essa coisa. Por outro lado, ele estava olhando para mim com tanta expectativa que eu me vi indo ao encontro de sua expectativa com uma necessidade real de expressar a verdade, porque esse \u00e9 o sentimento mais maravilhoso que existe. Ent\u00e3o eu disse: &#8220;Sim, eu quebrei o jarro.&#8221; Sua resposta n\u00e3o foi gritar nem me bater, nem nada parecido, mas sim irradiar esse amor incr\u00edvel para mim, e essa foi sua maneira de me ensinar sobre dizer a verdade e o que \u00e9 poss\u00edvel. \u00c9 poss\u00edvel que se voc\u00ea disser a verdade, n\u00e3o apenas voc\u00ea ser\u00e1 libertado da pris\u00e3o da mentira, mas a pessoa que ouve a verdade tamb\u00e9m ser\u00e1 aberta e poder\u00e1 se deliciar.<\/em><\/p>\n<\/blockquote>\n<p style=\"text-align: justify;\">Nesta semana, para florescer, pe\u00e7amos ao arqu\u00e9tipo de Pai que todos carregamos: <em>meu pai\/ d\u00e1-me a tua pequena\/ chave das grandes portas\/ d\u00e1-me a tua lamparina de rolha, \/estranha bailarina das ins\u00f4nias \/meu pai, d\u00e1-me os teus velhos sapatos.<sup>*<\/sup><\/em><\/p>\n<p style=\"text-align: justify;\">Boa semana, voem do ninho.<\/p>\n<p><em><span style=\"font-size: 8pt;\">* Vin\u00edcius de Morais<\/span><\/em><\/p>\n<\/div>\n<div>\n<table style=\"width: 100%; border-collapse: collapse; background-color: #fcefcf;\">\n<tbody>\n<tr>\n<td style=\"width: 100%;\">\n<p style=\"text-align: justify;\"><img loading=\"lazy\" decoding=\"async\" class=\"wp-image-2186 aligncenter\" src=\"https:\/\/nalua.in\/notas\/wp-content\/uploads\/2024\/08\/kingcupp.jpg\" alt=\"\" width=\"301\" height=\"492\" srcset=\"https:\/\/nalua.in\/notas\/wp-content\/uploads\/2024\/08\/kingcupp.jpg 350w, https:\/\/nalua.in\/notas\/wp-content\/uploads\/2024\/08\/kingcupp-184x300.jpg 184w, https:\/\/nalua.in\/notas\/wp-content\/uploads\/2024\/08\/kingcupp-150x245.jpg 150w\" sizes=\"auto, (max-width: 301px) 100vw, 301px\" \/>O Rei de Paus \u00e9 uma das cartas mais poderosas e influentes do tar\u00f4. Representando o elemento fogo, esta carta est\u00e1 associada a energia, a\u00e7\u00e3o, criatividade e lideran\u00e7a. Quando esta carta aparece em uma leitura, ela sugere que \u00e9 hora de assumir o controle da situa\u00e7\u00e3o e agir com confian\u00e7a e determina\u00e7\u00e3o.\u00a0O Rei de Paus \u00e9 um l\u00edder nato. Ele \u00e9 carism\u00e1tico, inspirador e possui uma grande capacidade de motivar os outros. Ele \u00e9 corajoso e est\u00e1 disposto a assumir riscos calculados para alcan\u00e7ar seus objetivos. Esta carta tamb\u00e9m sugere que \u00e9 hora de ser assertivo e defender suas cren\u00e7as e valores. Se voc\u00ea tem uma ideia ou um projeto em mente, este \u00e9 o momento de coloc\u00e1-lo em pr\u00e1tica e liderar pelo exemplo. Esta carta tamb\u00e9m sugere que \u00e9 hora de ser empreendedor e buscar novas oportunidades de crescimento e desenvolvimento.\u00a0No aspecto amoroso, o Rei de Paus representa paix\u00e3o e romance.\u00a0 No aspecto espiritual, o Rei de Paus sugere que \u00e9 hora de se conectar com sua paix\u00e3o interior e buscar a realiza\u00e7\u00e3o pessoal. Esta carta tamb\u00e9m indica que \u00e9 hora de assumir a responsabilidade por sua pr\u00f3pria jornada espiritual e buscar o crescimento pessoal de forma ativa. O\u00a0Rei de Paus \u00e9 uma carta que representa lideran\u00e7a, a\u00e7\u00e3o e paix\u00e3o. Quando esta carta aparece em uma leitura, ela sugere que \u00e9 hora de assumir o controle da situa\u00e7\u00e3o, agir com confian\u00e7a e determina\u00e7\u00e3o, e buscar ativamente seus objetivos. Esta carta tamb\u00e9m nos lembra da import\u00e2ncia de ser corajoso, assertivo e apaixonado em todas as \u00e1reas de nossas vidas.<\/p>\n<\/td>\n<\/tr>\n<\/tbody>\n<\/table>\n<\/div>\n<h2 style=\"text-align: center;\">Um texo que n\u00e3o foi amparo<\/h2>\n<p style=\"text-align: justify;\"><strong><em>Querido pai,<\/em><\/strong><\/p>\n<p style=\"text-align: justify;\"><em>Tu me perguntaste recentemente por que afirmo ter medo de ti. Eu n\u00e3o soube, como de costume, o que te responder, em parte justamente pelo medo que tenho de ti, em parte porque existem tantos detalhes na justificativa desse medo, que eu n\u00e3o poderia reuni-los no ato de falar de modo mais ou menos coerente. E se procuro responder-te aqui por escrito, n\u00e3o deixar\u00e1 de ser de modo incompleto, porque tamb\u00e9m\u00a0no ato de escrever o medo e suas conseq\u00fc\u00eancias me atrapalham diante de ti e porque a grandeza do tema ultrapassa de longe minha mem\u00f3ria e meu entendimento.<\/em><\/p>\n<p style=\"text-align: justify;\"><em>Para ti a quest\u00e3o sempre se apresentou bem simples, pelo menos enquanto falaste dela diante de mim e, sem cuidar a quem, diante de muitos outros. Para ti as coisas pareciam ser mais ou menos assim: tra-balhaste pesado durante tua vida inteira, sacrificaste tudo pelos teus filhos, e sobretudo por mim, enquanto eu &#8220;vivi numa boa&#8221; por conta disso, gozei de toda a liberdade para estudar o que bem quisesse, n\u00e3o precisei ter nenhuma preocupa\u00e7\u00e3o com meu sustento e portanto\u00a0nenhuma preocupa\u00e7\u00e3o, fosse qual fosse; n\u00e3o exigiste gratid\u00e3o em troca disso, tu conheces &#8220;a gratid\u00e3o de teus filhos&#8221;, mas pelo menos um pouco de boa vontade, algum sinal de simpatia;\u00a0em vez disso eu sempre me encafuei de ti em meu quarto, com meus livros, com amigos malucos, com id\u00e9ias extravagantes; falar de maneira aberta contigo eu jamais falei, no templo\u00a0jamais fui ao teu encontro, em Franzensbad jamais te visitei e ali\u00e1s jamais tive senso de fam\u00edlia, n\u00e3o me importei com o neg\u00f3cio nem com teus demais assuntos, a f\u00e1brica eu joguei \u00e0s tuas costas e depois te abandonei, apoiei Ottla em sua teimosia e, enquanto n\u00e3o movo um dedo por tua causa (nem sequer uma entrada de teatro eu trago a ti), fa\u00e7o tudo por estranhos.\u00a0Se resumires teu veredicto a meu respeito, te dar\u00e1s conta de que n\u00e3o me acusas de nada indecoroso ou mau, \u00e9 verdade (excetuado talvez meu \u00faltimo prop\u00f3sito de casamento), mas sim de frieza, estranheza, ingratid\u00e3o. E tu me acusas de tal modo, como se fosse culpa<sup>\u00a0<\/sup>minha, como se eu pudesse, com uma guinada no volante, por exemplo, conduzir tudo para outra dire\u00e7\u00e3o, ao passo que tu n\u00e3o tens a menor culpa a n\u00e3o ser\u00a0talvez pelo fato de ter sido demasiado bom para comigo.<\/em><\/p>\n<p style=\"text-align: justify;\"><em>Essa tua maneira usual de ver as coisas eu s\u00f3 considero certa na medida em que mesmo eu acredito que n\u00e3o tenhas a menor culpa em nosso alheamento. Mas tamb\u00e9m eu n\u00e3o tenho a menor culpa. Se eu pudesse te levar a reconhec\u00ea-lo, ent\u00e3o seria poss\u00edvel, n\u00e3o uma nova vida &#8211; que para isso estamos ambos velhos demais -, mas uma esp\u00e9cie de paz, n\u00e3o a cessa\u00e7\u00e3o, mas pelo menos um abrandamento das tuas intermin\u00e1veis acusa\u00e7\u00f5es.<\/em><\/p>\n<p style=\"text-align: justify;\"><em>Curiosamente tu tens alguma no\u00e7\u00e3o a respeito daquilo que estou querendo dizer. Assim, por exemplo, disseste h\u00e1 algum tempo: &#8220;Eu sempre gostei de ti, mesmo que na apar\u00eancia eu n\u00e3o tenha te tratado como outros pais costumam tratar seus filhos, justamente porque n\u00e3o sei fingir como eles&#8221;. Ora, pai, no que diz respeito a mim, jamais cheguei a duvidar de tua bondade para comigo, mas considero esta observa\u00e7\u00e3o incorreta. Tu n\u00e3o consegues fingir, \u00e9 verdade, mas afirmar, apenas por esse motivo, que os outros pais fingem \u00e9 ou pura mania de mostrar raz\u00e3o a fim de acabar com a discuss\u00e3o ou &#8211; e \u00e9 isso que de fato acontece, na minha opini\u00e3o &#8211; a express\u00e3o disfar\u00e7ada de que as coisas entre n\u00f3s n\u00e3o est\u00e3o em ordem e de que tu ajudaste a provoc\u00e1-las, mas sem culpa. Se de fato pensas assim, ent\u00e3o estamos de acordo.<\/em><\/p>\n<p style=\"text-align: justify;\"><em>Naturalmente, n\u00e3o quero dizer que me tornei o que sou apenas atrav\u00e9s da tua ascend\u00eancia. Isso seria por demais exagerado (e eu at\u00e9 me inclino a esse exagero). \u00c9 bem poss\u00edvel que eu, mesmo se tivesse crescido totalmente livre da tua influ\u00eancia, n\u00e3o pudesse me tornar um ser humano na medida em que o teu cora\u00e7\u00e3o o desejava. \u00c9 prov\u00e1vel que mesmo assim eu me tornasse um homem d\u00e9bil, amedrontado, hesitante, inquieto, nem um Robert Kafka nem um Karl Hermann, mas de todo diferente do que hoje sou, e n\u00f3s poder\u00edamos suportar um ao outro de forma maravilhosa. Eu teria sido feliz em ter a ti como amigo, como chefe, como tio, como av\u00f4, at\u00e9 mesmo (embora j\u00e1 mais hesitante) como sogro. Mas justamente como pai tu foste demasiado forte para mim, sobretudo porque meus irm\u00e3os morreram ainda pequenos,\u00a0minhas irm\u00e3s s\u00f3 vieram muito depois e eu tive, portanto, de suportar por inteiro e sozinho o primeiro golpe, e para isso eu era fraco demais. (&#8230;)<\/em><\/p>\n<p style=\"text-align: right;\"><strong>Franz Kafka &#8211; <em>Carta ao Pai<\/em> &#8211; Ed. LP&amp;M<\/strong><\/p>\n<div class=\"FragmentView_text__g6Uq2 FragmentView_display__KH_IY\" style=\"text-align: justify;\">\n<table style=\"width: 100%; border-collapse: collapse; background-color: #edfad4;\">\n<tbody>\n<tr>\n<td style=\"width: 100%;\">\n<h2 style=\"text-align: center;\">Arteterapia<\/h2>\n<p>Que aqueles de n\u00f3s que n\u00e3o pudemos contar com um pai efetivo sejamos consolados, porque a arte \u00e9 consolo, \u00e9 cura e abertura. Que no seu caminho de autopaternidade voc\u00ea possa ser pleno e que a arte ajude a tornar menos duro o fardo da aus\u00eancia de qualquer Pai. Com as ben\u00e7\u00e3os do Rei de Paus, que a coragem seja encontrada na arte e na vida.<\/td>\n<\/tr>\n<\/tbody>\n<\/table>\n<\/div>\n<h3 style=\"text-align: center;\">Livros<\/h3>\n<p><img loading=\"lazy\" decoding=\"async\" class=\"wp-image-2187 aligncenter\" src=\"https:\/\/nalua.in\/notas\/wp-content\/uploads\/2024\/08\/ESTRADA.jpg\" alt=\"\" width=\"302\" height=\"482\" srcset=\"https:\/\/nalua.in\/notas\/wp-content\/uploads\/2024\/08\/ESTRADA.jpg 409w, https:\/\/nalua.in\/notas\/wp-content\/uploads\/2024\/08\/ESTRADA-188x300.jpg 188w, https:\/\/nalua.in\/notas\/wp-content\/uploads\/2024\/08\/ESTRADA-150x239.jpg 150w\" sizes=\"auto, (max-width: 302px) 100vw, 302px\" \/><\/p>\n<p style=\"text-align: justify;\"><strong>A Estrada &#8211; COrmac McCarthy. <em>Esse livro \u00e9 sensacional. Eu gostei demais, acho uma bel\u00edssima hist\u00f3ria sobre pais e filhos, sobre o que significa cuidar, desbravar caminho para um filho num mundo desolado. \u00c9 muito bonito a met\u00e1fora para nossa condi\u00e7\u00e3o e \u00e9 mais atual agora nesse cen\u00e1rio meio apocal\u00edptico que estamos vendo.<\/em><\/strong><\/p>\n<hr \/>\n<p>Num futuro n\u00e3o muito distante, o planeta encontra-se totalmente devastado. As cidades foram transformadas em ru\u00ednas e p\u00f3, as florestas se transformaram em cinzas, os c\u00e9us ficaram turvos com a fuligem e os mares se tornaram est\u00e9reis. Os poucos sobreviventes vagam em bandos. Um homem e seu filho n\u00e3o possuem praticamente nada. Apenas uns cobertores pu\u00eddos, um carrinho de compras com poucos alimentos e um rev\u00f3lver com algumas balas, para se defender de grupos de assassinos. Est\u00e3o em farrapos e com os rostos cobertos por panos para se proteger da fuligem que preenche o ar e recobre a paisagem. Eles buscam a salva\u00e7\u00e3o e tentam fugir do frio, sem saber, no entanto, o que encontrar\u00e3o no final da viagem. Essa jornada \u00e9 a \u00fanica coisa que pode mant\u00ea-los unidos, que pode lhes dar um pouco de for\u00e7a para continuar a sobreviver. A Estrada representa uma mudan\u00e7a surpreendente na fic\u00e7\u00e3o de Cormac McCarthy e talvez seja sua obra-prima. Mais que um relato apocal\u00edptico, \u00e9 uma comovente hist\u00f3ria sobre amadurecimento, esperan\u00e7a e sobre as profundas rela\u00e7\u00f5es entre um pai e seu filho.<\/p>\n<hr \/>\n<h3 style=\"text-align: center;\">Um livro que ainda n\u00e3o li, mas que quero ler.<\/h3>\n<p><img loading=\"lazy\" decoding=\"async\" class=\"aligncenter\" src=\"https:\/\/revistabica.com\/wp-content\/uploads\/2024\/07\/0-6-scaled.jpg\" alt=\"O Meu Pai Voava - Revista BICA\" width=\"303\" height=\"446\" \/><\/p>\n<p><strong>Meu Pai Voava &#8211; T\u00e2nia Ganho. <em>Continuando a tradi\u00e7\u00e3o de livros que eu quero ler, esse livro, que nem saiu no Brasil, mas que pode ser adquirdo em e-book. Li as primeiras p\u00e1ginas e j\u00e1 me cativou.\u00a0<\/em><\/strong><\/p>\n<hr \/>\n<p style=\"text-align: justify;\">A consci\u00eancia do fim \u00e9 algo que, por muito que achemos que estamos preparados para a enfrentar, a nossa condi\u00e7\u00e3o de humanos n\u00e3o nos deixa nunca encarar de \u00e2nimo leve. Depois do fim, o luto \u00e9 um lugar a que chegamos sem contar.\u00a0 H\u00e1 uma verdade muito \u00edntima com que T\u00e2nia Ganho nos fala do per\u00edodo de luto pela morte do seu pai. Ningu\u00e9m nos diz que vai ser assim, e por isso a ideia de que cada processo de luto \u00e9 inigual\u00e1vel. A autora vai-nos contando cenas da sua vida ao lado de um pai muito presente, e a m\u00e1cula que deixa essa aus\u00eancia. Embora idoso e j\u00e1 num processo demencial avan\u00e7ado, a verdade \u00e9 que nada disso interessa perante a ideia do desaparecimento, sempre s\u00fabito, sempre abrindo portas a uma divis\u00e3o da casa que n\u00e3o conhec\u00edamos. O livro, que se l\u00ea como uma respira\u00e7\u00e3o profunda, mostra-nos momentos de grande como\u00e7\u00e3o e outros que conseguem ser divertidos, quando nos conta alguns aspetos do feitio do seu pai. No fim, a filha, a \u201cmenina do pap\u00e1\u201d, um retrato de uma beleza incr\u00edvel sobre um momento triste, o tempo mais triste de todos.<\/p>\n<hr \/>\n<h3 style=\"text-align: center;\">Um bel\u00edssimo livro nacional<\/h3>\n<p><img loading=\"lazy\" decoding=\"async\" class=\" wp-image-2201 aligncenter\" src=\"https:\/\/nalua.in\/notas\/wp-content\/uploads\/2024\/08\/cadernodeausente.jpg\" alt=\"\" width=\"300\" height=\"476\" srcset=\"https:\/\/nalua.in\/notas\/wp-content\/uploads\/2024\/08\/cadernodeausente.jpg 350w, https:\/\/nalua.in\/notas\/wp-content\/uploads\/2024\/08\/cadernodeausente-189x300.jpg 189w, https:\/\/nalua.in\/notas\/wp-content\/uploads\/2024\/08\/cadernodeausente-150x238.jpg 150w\" sizes=\"auto, (max-width: 300px) 100vw, 300px\" \/><\/p>\n<p style=\"text-align: justify;\"><strong>Caderno de Um ausente &#8211; Jo\u00e3o Anzanello Carrascoza &#8211; <em>Eu gostei demais desse livro. \u00c9 um livro curto, muito bonito de se ler, que me deixou pensativa durante semanas. Carrascoza escreve muito bem, eu adoro tudo que li dele, mas talvez este seja o meu preferido.\u00a0<\/em><\/strong><\/p>\n<hr \/>\n<p style=\"text-align: justify;\">Como o t\u00edtulo traz, o narrador desta hist\u00f3ria, um homem de cinquenta e tantos anos, escreve em um caderno anota\u00e7\u00f5es de vida para sua filha rec\u00e9m-nascida, Beatriz. Temeroso de que n\u00e3o acompanhar\u00e1 a maturidade da filha, uma vez que a diferen\u00e7a de idade \u00e9 muito grande, o homem se p\u00f5e a narrar a hist\u00f3ria da fam\u00edlia entremeando com impress\u00f5es filos\u00f3ficas e po\u00e9ticas sobre a trajet\u00f3ria de uma vida. A inten\u00e7\u00e3o do pai, por\u00e9m, n\u00e3o \u00e9 mostrar uma verdade, mas sim a delicadeza \u2014 &#8220;e eu s\u00f3 sei, Bia, que, em breve, n\u00e3o estaremos mais aqui, e, enquanto estivermos, eu quero, humildemente, te ensinar umas artes que aprendi, colher a miudeza de cada instante, como se colhe o arroz nos campos, cozinh\u00e1-la em fogo brando, e, depois, fazer com ela um banquete&#8221;. Mas mesmo essas palavras, que comp\u00f5em pequenos trechos escritos ao longo do primeiro ano de vida da crian\u00e7a, n\u00e3o s\u00e3o suficientes para satisfazer o pai \u2014 &#8220;eu ia te contar o segredo do universo como quem sussurra uma can\u00e7\u00e3o de ninar, mas eu n\u00e3o posso, filha, eu s\u00f3 posso te garantir, agora que chegaste, a certeza da despedida&#8221;. No texto deste &#8220;caderno&#8221;, o leitor pode acompanhar tamb\u00e9m a inquieta\u00e7\u00e3o do pai, ao longo de um ano, pela sa\u00fade da m\u00e3e de Bia, que vive doente e requer cuidados tanto quanto a crian\u00e7a. O leitor ir\u00e1 reparar que o texto diagramado apresenta espa\u00e7os em branco \u2014 al\u00e9m de expressarem os vazios que a aus\u00eancia j\u00e1 ocupa, s\u00e3o hesita\u00e7\u00f5es deste pai ao tentar escrever a educa\u00e7\u00e3o sentimental para a filha.<\/p>\n<hr \/>\n<h3 style=\"text-align: center;\">Quadrinho<\/h3>\n<p><img loading=\"lazy\" decoding=\"async\" class=\"aligncenter\" src=\"https:\/\/m.media-amazon.com\/images\/I\/710cnrx1PNL._AC_UF1000,1000_QL80_.jpg\" alt=\"Fun home: Uma tragicom\u00e9dia em fam\u00edlia\" width=\"302\" height=\"451\" \/><\/p>\n<p style=\"text-align: justify;\"><strong>Fun Home &#8211; Alison Bechdel. <em>Ah, esse livro. Tocante, diferente, bem humorado e ao mesmo tempo, triste. Um retrato da marca que um pai deixa numa filha. Uma reflex\u00e3o comovente sobre sexualidade, morte, rela\u00e7\u00f5es familiares. Soa clich\u00ea, mas \u00e9 realmente sobre isso tudo e \u00e9 realmente uma hist\u00f3ria em quadrinhos muito boa. Com a eleg\u00e2ncia da escrita de Alison Bechdel, com sua profundidade e vis\u00e3o e tra\u00e7o bonito. Vale a pena demais a leitura e tem toda raz\u00e3o de estar sempre entre os melhores livros que falam de paternidade.<\/em><\/strong><\/p>\n<hr \/>\n<p style=\"text-align: justify;\">Fun Home \u00e9 um marco dos quadrinhos e das narrativas autobiogr\u00e1ficas, al\u00e9m de uma obra-prima sobre sexualidade, rela\u00e7\u00f5es familiares e literatura. Um labirinto da mem\u00f3ria trazido \u00e0 tona com gra\u00e7a, humor e a for\u00e7a das maiores realiza\u00e7\u00f5es art\u00edsticas. Pouco depois de revelar \u00e0 fam\u00edlia que \u00e9 l\u00e9sbica, Alison Bechdel recebe a not\u00edcia de que seu pai morreu em circunst\u00e2ncias que poderiam indicar um suic\u00eddio. Nesta aclamada autobiografa em quadrinhos, ela explora a dif\u00edcil, dolorosa e comovente rela\u00e7\u00e3o com o pai. A autora retra\u00e7a tamb\u00e9m os pr\u00f3prios passos, da crian\u00e7a que cresceu entre os cad\u00e1veres da funer\u00e1ria da fam\u00edlia \u00e0 jovem que se encontrou nos livros e na arte. Num trabalho imensamente poderoso e sutil, Bechdel trilha o caminho de sua vida em busca de um pai t\u00e3o enigm\u00e1tico quanto incontorn\u00e1vel.<\/p>\n<hr \/>\n<h3 style=\"text-align: center;\">Filme<\/h3>\n<p><img loading=\"lazy\" decoding=\"async\" class=\"aligncenter\" src=\"https:\/\/m.media-amazon.com\/images\/I\/51F+av7OOJL._AC_.jpg\" width=\"300\" height=\"444\" \/><\/p>\n<p style=\"text-align: center;\"><span style=\"font-size: 8pt;\">(uma capa horr\u00edvel para um filme maravilhoso)<\/span><\/p>\n<p style=\"text-align: justify;\"><strong>Pai Patr\u00e3o &#8211; Paolo e Vittorio Taviani &#8211; 1977<em>. Nossa, nunca mais vou esquecer o impacto que esse filme teve em mim. \u00c9 uma mostra t\u00e3o perfeita e dolorosa do que ainda podem ser as rela\u00e7\u00f5es entre pais e filhos&#8230; Talvez ele machuque as sensibilidades dos anos 20, mas eu ainda vou defend\u00ea-lo, pois ele \u00e9 arte pura e n\u00e3o \u00e9 papel da arte, na minha opini\u00e3o nos deixar confort\u00e1veis. A arte tamb\u00e9m tem que nos deixar sem ar, nos deslocar do noss eixo, nos deixar perturbados. E esse filme faz isso bem, talvez fa\u00e7a melhor ainda hoje. E nos faz refletir por muito tempo sobre as rela\u00e7\u00f5es de autoridade e as rela\u00e7\u00f5es pais e filhos.<\/em><\/strong><\/p>\n<hr \/>\n<p style=\"text-align: justify;\">Pai Patr\u00e3o \u00e9 um dos filmes mais aclamados dos anos 70, obra-prima dos irm\u00e3os Taviani. Adapta\u00e7\u00e3o do relato autobiogr\u00e1fico de Gavino Ledda, este contundente drama mostra a trajet\u00f3ria de um menino que \u00e9 obrigado pelo pai a abandonar os estudos para trabalhar no campo, cuidando de ovelhas na Sardenha, sul da It\u00e1lia. Todas as suas tentativas de mudar de vida s\u00e3o frustradas pela ignor\u00e2ncia e pela viol\u00eancia do patriarca. Com o tempo, Gavino descobre sua \u00fanica sa\u00edda: estudar. Ter a arma que seu pai n\u00e3o possui: a cultura. Festival de Cannes &#8211; Palma de Ouro e Pr\u00eamio da Cr\u00edtica &#8211; Melhor Filme e Festival de Berlim &#8211; Vencedor do Interfilm Grand Prix &#8211; Melhor Filme.<\/p>\n<hr \/>\n<h3 style=\"text-align: center;\">Filme<\/h3>\n<p><img loading=\"lazy\" decoding=\"async\" class=\"size-full wp-image-2188 aligncenter\" src=\"https:\/\/nalua.in\/notas\/wp-content\/uploads\/2024\/08\/captfan.jpg\" alt=\"\" width=\"350\" height=\"506\" srcset=\"https:\/\/nalua.in\/notas\/wp-content\/uploads\/2024\/08\/captfan.jpg 350w, https:\/\/nalua.in\/notas\/wp-content\/uploads\/2024\/08\/captfan-208x300.jpg 208w, https:\/\/nalua.in\/notas\/wp-content\/uploads\/2024\/08\/captfan-150x217.jpg 150w\" sizes=\"auto, (max-width: 350px) 100vw, 350px\" \/><\/p>\n<p style=\"text-align: justify;\"><strong>Capit\u00e3o Fant\u00e1stico &#8211; Matt Ross &#8211; 2016. <em>Coloco este filme aqui porque se O Labirinto do Fauno \u00e9 meu filme <span style=\"text-decoration: underline;\">materno<\/span>, esse \u00e9 o meu filme <span style=\"text-decoration: underline;\">paterno<\/span>. Esse filme, controverso, que muita gente boa n\u00e3o gosta, \u00e9 um dos meus filmes queridos, que me faz sorrir de pensar nele. \u00c9 um filme no qual meu cora\u00e7\u00e3o se alegra e se refugia, Adorei, adoro e acho al\u00e9m de uma linda hist\u00f3ria, uma bela reflex\u00e3o, principalmente para quem tem um pouco de alma hippie. Adoro esse pai do filme, embora ele possa ser deplor\u00e1vel tamb\u00e9m \u00e0s vezes, como todos n\u00f3s.\u00a0<\/em><\/strong><\/p>\n<hr \/>\n<p style=\"text-align: justify;\">Capit\u00e3o Fant\u00e1stico \u00e9 um filme de 2016 cuja hist\u00f3ria gira em torno de Ben, interpretado por Viggo Mortensen, um pai que decidiu criar seus seis filhos longe da civiliza\u00e7\u00e3o, em meio \u00e0s florestas do noroeste do Pac\u00edfico.\u00c9 sobre um pai n\u00e3o convencional, que cria seus seis filhos nas florestas do Noroeste do Pac\u00edfico, isolados da sociedade. Quando \u00e9 for\u00e7ado a tirar sua fam\u00edlia do isolamento e ir para o mundo real, ele entra em confronto com seu sogro que quer que os netos tenham uma vida normal. Agora Ben come\u00e7a a questionar se seus m\u00e9todos s\u00e3o os melhores para sua fam\u00edlia.\u00a0 A trama se desenrola quando a fam\u00edlia precisa deixar sua vida isolada e enfrentar o mundo real devido a uma trag\u00e9dia familiar. A partir desse momento, somos levados a questionar se o estilo de vida adotado por Ben \u00e9 realmente o melhor para seus filhos. A obra nos faz refletir sobre o equil\u00edbrio entre a liberdade e a responsabilidade, sobre como encontrar um meio termo entre viver em harmonia com a natureza e se encaixar na sociedade.\u00a0Al\u00e9m disso, o filme tamb\u00e9m aborda temas como a perda, o luto e a busca pela felicidade, mostrando como cada membro da fam\u00edlia lida de forma diferente com essas quest\u00f5es.<\/p>\n<hr \/>\n<h3 style=\"text-align: center;\">Dois pais, duas S\u00e9ries<\/h3>\n<p><img loading=\"lazy\" decoding=\"async\" class=\"aligncenter\" src=\"https:\/\/m.media-amazon.com\/images\/M\/MV5BN2IzYzBiOTQtNGZmMi00NDI5LTgxMzMtN2EzZjA1NjhlOGMxXkEyXkFqcGdeQXVyNjAwNDUxODI@._V1_.jpg\" alt=\"Game of Thrones (TV Series 2011\u20132019) - IMDb\" width=\"299\" height=\"449\" \/><\/p>\n<p><em><strong>Ned Stark &#8211; Game of Thrones &#8211; Um \u00f3timo exemplo de Rei de Paus, algu\u00e9m que abriu caminho e deixou um legado, dando espinha dorsal para os filhos. O Rei de Paus \u00e9 aquele que estrutura os s\u00faditos, os filhos. \u00c9 aquele que segura o reino pelo chifre para que os filhos tenham sua vez em paz. \u00c9 claro que ele nem sempre consegue, mas sua miss\u00e3o e tentar, com coragem, nobreza e honradez.<\/strong><\/em><\/p>\n<p><img loading=\"lazy\" decoding=\"async\" class=\"aligncenter\" src=\"https:\/\/br.web.img3.acsta.net\/pictures\/20\/10\/27\/03\/06\/5088182.jpg\" alt=\"P\u00f4ster This is Us - P\u00f4ster 70 no 457 - AdoroCinema\" width=\"290\" height=\"387\" \/><\/p>\n<p><em><strong>Jack, This Is Us &#8211; O pai quase perfeito, o pai ideal, que todos mereciam, e que talvez por ser t\u00e3o pr\u00f3ximo do ideal (a n\u00e3o ser porque era um estadunidense branco <span class=\"x19la9d6 x1fc57z9 x6ikm8r x10wlt62 x19co3pv x1g5zs5t xfibh0p xiy17q3 x1xsqp64 x1lkfr7t xexx8yu x4uap5 x18d9i69 xkhd6sd\"><span class=\"xrtxmta x1bhl96m\">\ud83d\ude02<\/span><\/span>) n\u00e3o viveu tanto. Mas \u00e9 outro exemplo de pai que deu espinha dorsal e estrutura para os filhos.\u00a0<\/strong><\/em><\/p>\n<hr \/>\n<p style=\"text-align: center;\">\u266b <strong>Playlist<\/strong><\/p>\n<p style=\"text-align: center;\"><em>Velha inf\u00e2ncia \u2013 Tribalistas<\/em><br \/>\n<em>Pai \u2013 Fabio Jr.<\/em><br \/>\n<em>Naquela Mesa \u2013 Nelson Gon\u00e7alves<\/em><br \/>\n<em>Coisa de Preto \u2013 Martinho da Vila<\/em><br \/>\n<em>Brucia La Terra \u2013 The Godfather 3 <\/em><br \/>\n<em>Coisinha do pai \u2013 Beth Carvalho<\/em><br \/>\n<em>Como nossos pais \u2013 Elis Regina <\/em><br \/>\n<em>Quem sabe isso quer dizer amor \u2013 Milton Nascimento<\/em><br \/>\n<em>Father and son \u2013 Cat Stevens<\/em><br \/>\n<em>Where do the children play \u2013 Cat Stevens<\/em><br \/>\n<em>O Div\u00e3 \u2013 Roberto Carlos<\/em><br \/>\n<em>Meu querido, meu velho, meu amigo \u2013 Roberto Carlos<\/em><br \/>\n<em>Muito Orgulho, Meu Pai \u2013 Gabriel o Pensador<\/em><br \/>\n<em>Sina \u2013 Djavan<\/em><br \/>\n<em>Casa de Bamba \u2013 Martinho da Vila<\/em><br \/>\n<em>Pai e M\u00e3e \u2013 Gilberto Gil<\/em><br \/>\n<em>Espelho \u2013 Jo\u00e3o Nogueira e Paulo C\u00e9sar Pinheiro<\/em><br \/>\n<em>Pedro, Meu Filho&#8230; \u2013 Vinicius de Moraes<\/em><br \/>\n<em>Meu pai \u2013 Renato Braz<\/em><br \/>\n<em>Todo menino \u00e9 um rei \u2013 Renato Braz<\/em><\/p>\n<hr \/>\n<p style=\"text-align: center;\"><img loading=\"lazy\" decoding=\"async\" class=\"size-full wp-image-2195 aligncenter\" src=\"https:\/\/nalua.in\/notas\/wp-content\/uploads\/2024\/08\/paiakiop.jpg\" alt=\"\" width=\"442\" height=\"456\" srcset=\"https:\/\/nalua.in\/notas\/wp-content\/uploads\/2024\/08\/paiakiop.jpg 442w, https:\/\/nalua.in\/notas\/wp-content\/uploads\/2024\/08\/paiakiop-291x300.jpg 291w, https:\/\/nalua.in\/notas\/wp-content\/uploads\/2024\/08\/paiakiop-150x155.jpg 150w\" sizes=\"auto, (max-width: 442px) 100vw, 442px\" \/><span style=\"text-align: center;\">Esse post \u00e9 para os pais da minha vida. Akio e Sr. Waldemiro.\u00a0<\/span><\/p>\n<table style=\"width: 100%; border-collapse: collapse; background-color: #adf7f1;\">\n<tbody>\n<tr>\n<td style=\"width: 100%;\">\n<p style=\"text-align: center;\"><em>Cuidadoso, o pai<\/em><\/p>\n<p style=\"text-align: center;\"><em>descascava a tangerina.<\/em><\/p>\n<p style=\"text-align: center;\"><em>Perfumava a inf\u00e2ncia.<\/em><\/p>\n<p style=\"text-align: center;\"><span class=\"x19la9d6 x1fc57z9 x6ikm8r x10wlt62 x19co3pv x1g5zs5t xfibh0p xiy17q3 x1xsqp64 x1lkfr7t xexx8yu x4uap5 x18d9i69 xkhd6sd\"><span class=\"xrtxmta x1bhl96m\">\u2663\ufe0f<\/span><\/span><\/p>\n<p style=\"text-align: center;\"><strong>Lena Jesus Ponte<\/strong><\/p>\n<\/td>\n<\/tr>\n<\/tbody>\n<\/table>\n<p style=\"text-align: center;\"><span style=\"font-size: 10pt;\">Post com a colabora\u00e7\u00e3o de <a href=\"http:\/\/instagram.com\/laismeralda\" target=\"_blank\" rel=\"noopener\">@laismeralda, que \u00e9 a<em>\u00a0melhor cartomante do peda\u00e7o, marque sua consulta com ela.<\/em><\/a><\/span><\/p>\n<hr \/>\n<p style=\"text-align: justify;\"><em>Se voc\u00ea leu at\u00e9 aqui, obrigada! Esse \u00e9 o meu almanaque particular. Um peda\u00e7o do meu di\u00e1rio, da minha arca da velha, um registro de pequenas efem\u00e9rides, de coisas que quero guardar, do tempo, do vento, do c\u00e9u e do cheiro da chuva. Os Vest\u00edgios do Dia, meus dias. Aqui s\u00f3 tem refer\u00eancias, pois \u00e9 disso que sou feita.<\/em><\/p>\n<table style=\"width: 100%; border-collapse: collapse; background-color: #fccaca;\">\n<tbody>\n<tr>\n<td style=\"width: 99.9432%; text-align: center;\">\u00a9 Nalua \u2013 Caderninho pessoal, bauzinho de trapos coloridos, nos morros de Minas Gerais. E esse inverno infernal?<\/td>\n<\/tr>\n<\/tbody>\n<\/table>\n<p style=\"text-align: center;\">11 de agosto \u00e9 o 223.\u00ba dia do ano no calend\u00e1rio gregoriano (224.\u00ba em anos bissextos). Faltam 142 dias para acabar o ano.<\/p>\n","protected":false},"excerpt":{"rendered":"<p>relembro a casa com varanda Belo Horizonte, 11 de agosto de 2024 \u2600 11\u00b0 &#8211; 27\u00b0 Dia dos pais, do estudante e do advogado. Em [&#8230;]<\/p>\n","protected":false},"author":1,"featured_media":0,"comment_status":"open","ping_status":"open","sticky":false,"template":"","format":"standard","meta":{"footnotes":""},"categories":[9],"tags":[],"class_list":["post-2180","post","type-post","status-publish","format-standard","hentry","category-almanaque"],"_links":{"self":[{"href":"https:\/\/nalua.in\/notas\/wp-json\/wp\/v2\/posts\/2180","targetHints":{"allow":["GET"]}}],"collection":[{"href":"https:\/\/nalua.in\/notas\/wp-json\/wp\/v2\/posts"}],"about":[{"href":"https:\/\/nalua.in\/notas\/wp-json\/wp\/v2\/types\/post"}],"author":[{"embeddable":true,"href":"https:\/\/nalua.in\/notas\/wp-json\/wp\/v2\/users\/1"}],"replies":[{"embeddable":true,"href":"https:\/\/nalua.in\/notas\/wp-json\/wp\/v2\/comments?post=2180"}],"version-history":[{"count":16,"href":"https:\/\/nalua.in\/notas\/wp-json\/wp\/v2\/posts\/2180\/revisions"}],"predecessor-version":[{"id":2206,"href":"https:\/\/nalua.in\/notas\/wp-json\/wp\/v2\/posts\/2180\/revisions\/2206"}],"wp:attachment":[{"href":"https:\/\/nalua.in\/notas\/wp-json\/wp\/v2\/media?parent=2180"}],"wp:term":[{"taxonomy":"category","embeddable":true,"href":"https:\/\/nalua.in\/notas\/wp-json\/wp\/v2\/categories?post=2180"},{"taxonomy":"post_tag","embeddable":true,"href":"https:\/\/nalua.in\/notas\/wp-json\/wp\/v2\/tags?post=2180"}],"curies":[{"name":"wp","href":"https:\/\/api.w.org\/{rel}","templated":true}]}}