{"id":2118,"date":"2024-06-29T18:59:13","date_gmt":"2024-06-29T18:59:13","guid":{"rendered":"https:\/\/nalua.in\/notas\/?p=2118"},"modified":"2024-06-29T21:37:21","modified_gmt":"2024-06-29T21:37:21","slug":"tem-tijolo-de-construcao","status":"publish","type":"post","link":"https:\/\/nalua.in\/notas\/tem-tijolo-de-construcao\/","title":{"rendered":""},"content":{"rendered":"<p style=\"text-align: center;\"><a href=\"https:\/\/telegra.ph\/Giz-06-29\" target=\"_blank\" rel=\"noopener\"><span style=\"font-size: 8pt;\">tem tijolo de constru\u00e7\u00e3o<\/span><\/a><br \/>\n<img loading=\"lazy\" decoding=\"async\" class=\"size-full wp-image-2119 aligncenter\" src=\"https:\/\/nalua.in\/notas\/wp-content\/uploads\/2024\/06\/almanaque-1.jpg\" alt=\"\" width=\"542\" height=\"139\" srcset=\"https:\/\/nalua.in\/notas\/wp-content\/uploads\/2024\/06\/almanaque-1.jpg 542w, https:\/\/nalua.in\/notas\/wp-content\/uploads\/2024\/06\/almanaque-1-300x77.jpg 300w, https:\/\/nalua.in\/notas\/wp-content\/uploads\/2024\/06\/almanaque-1-150x38.jpg 150w\" sizes=\"auto, (max-width: 542px) 100vw, 542px\" \/><\/p>\n<p style=\"text-align: center;\"><strong>Belo Horizonte, 30 de junho de 2024<\/strong><\/p>\n<p style=\"text-align: center;\"><strong><span class=\"x19la9d6 x1fc57z9 x6ikm8r x10wlt62 x19co3pv x1g5zs5t xfibh0p xiy17q3 x1xsqp64 x1lkfr7t xexx8yu x4uap5 x18d9i69 xkhd6sd\"><span class=\"xrtxmta x1bhl96m\">\u2600\ufe0f<\/span><\/span>16\u00b0 &#8211; 28\u00b0<\/strong><\/p>\n<hr \/>\n<p style=\"text-align: justify;\">Hoje faz quatro anos que fumei o \u00faltimo cigarro. \u00c9 anivers\u00e1rio do meu sobrinho <span style=\"text-decoration: underline;\">Fred<\/span>. \u00c9 anivers\u00e1rio da <span style=\"text-decoration: underline;\">Marcinha<\/span> tamb\u00e9m. E fazem anos hoje <span style=\"text-decoration: underline;\">Dira Paes, Isabelita dos Patins, Marina Ruy Barbosa, Vincent D&#8217;Onofrio, Tony Belloto<\/span> e <span style=\"text-decoration: underline;\">Michael Phelps<\/span>. Em <strong>1911<\/strong> nasceu o poeta <span style=\"text-decoration: underline;\">Czes\u0142aw Mi\u0142osz<\/span>. Em 30 de junho de <strong>1988<\/strong> morreu <span style=\"text-decoration: underline;\">Chacrinha<\/span>. Em <strong>2002<\/strong> desencarnou <span style=\"text-decoration: underline;\">Chico Xavier<\/span> e em <strong>2009<\/strong> o mundo ficou mais feio com a partida de <span style=\"text-decoration: underline;\">Pina Bausch<\/span>. Neste dia, em <strong>1905<\/strong>, <span style=\"text-decoration: underline;\">Albert Einstein<\/span>, publica sua teoria da relatividade, a rela\u00e7\u00e3o entre espa\u00e7o\/tempo na equa\u00e7\u00e3o E = mc<sup>2<\/sup>. Em <strong>1908<\/strong> aconteceu o estupendo <span style=\"text-decoration: underline;\">Evento de Tunguska<\/span>, que at\u00e9 hoje n\u00e3o foi de todo desvendado. Em <strong>1936<\/strong> o livro <em>E o Vento Levou<\/em> de Margaret Mitchell foi publicado. Em <strong>1962<\/strong> <span style=\"text-decoration: underline;\">Ruanda e Burundi<\/span> se tornam pa\u00edses independentes. Em <strong>2002<\/strong> o <span style=\"text-decoration: underline;\">Brasil<\/span> se torna pentacampe\u00e3o de futebol. Em <strong>2008<\/strong> estreia o filme <span style=\"text-decoration: underline;\">Mamma Mia<\/span>. E para <strong>alegria de todos e felicidade geral da na\u00e7\u00e3o em 2023<\/strong> o Tribunal Superior Eleitoral formou maioria pela inelegibilidade de Jair Bolsonaro at\u00e9 <strong>2030<\/strong>.<\/p>\n<hr \/>\n<p style=\"text-align: center;\"><em>Tudo foi tirado de voc\u00eas: t\u00fanica branca,<\/em><br \/>\n<em>asas, at\u00e9 mesmo a exist\u00eancia.<\/em><br \/>\n<em>Contudo, ainda acredito em voc\u00eas,<\/em><br \/>\n<em>mensageiros.<\/em><\/p>\n<p style=\"text-align: center;\"><em>Aqui, onde o mundo est\u00e1 virado do avesso,<\/em><br \/>\n<em>uma trama maci\u00e7a bordada com astros e bestas,<\/em><br \/>\n<em>voc\u00eas passeiam, inspecionando as suturas confi\u00e1veis.<\/em><\/p>\n<p style=\"text-align: center;\"><em>Curta \u00e9 sua estadia neste lugar:<\/em><br \/>\n<em>\u00e0s vezes na hora matinal, se o c\u00e9u est\u00e1 claro,<\/em><br \/>\n<em>na melodia repetida por um p\u00e1ssaro,<\/em><br \/>\n<em>ou no cheiro das ma\u00e7\u00e3s no fim do dia<\/em><br \/>\n<em>quando as luzes fazem dos pomares lugares m\u00e1gicos.<\/em><\/p>\n<p style=\"text-align: center;\"><em>Dizem que algu\u00e9m os concebeu,<\/em><br \/>\n<em>mas para mim isso n\u00e3o parece convincente,<\/em><br \/>\n<em>pois os humanos tamb\u00e9m foram concebidos.<\/em><\/p>\n<p style=\"text-align: center;\"><em>A voz \u2013 sem d\u00favida \u00e9 uma prova v\u00e1lida,<\/em><br \/>\n<em>pois s\u00f3 pode pertencer a criaturas radiantes,<\/em><br \/>\n<em>sem peso e aladas (afinal, por que n\u00e3o?),<\/em><br \/>\n<em>cingidas pelo raio.<\/em><\/p>\n<p style=\"text-align: center;\"><em>Eu ouvi aquela voz v\u00e1rias vezes quando dormia<\/em><br \/>\n<em>e, o que \u00e9 estranho, percebi mais ou menos<\/em><br \/>\n<em>uma ordem ou um apelo em uma l\u00edngua sobrenatural:<\/em><\/p>\n<p style=\"text-align: center;\"><em>o dia se aproxima<\/em><br \/>\n<em>mais um<\/em><br \/>\n<em>fa\u00e7a o que puder.<\/em><\/p>\n<p style=\"text-align: center;\"><span class=\"x19la9d6 x1fc57z9 x6ikm8r x10wlt62 x19co3pv x1g5zs5t xfibh0p xiy17q3 x1xsqp64 x1lkfr7t xexx8yu x4uap5 x18d9i69 xkhd6sd\" style=\"font-size: 14pt;\"><span class=\"xrtxmta x1bhl96m\">\u2663\ufe0f<\/span><\/span><\/p>\n<p style=\"text-align: center;\"><strong>Czes\u0142aw Mi\u0142osz<\/strong><\/p>\n<hr \/>\n<p><img loading=\"lazy\" decoding=\"async\" class=\" wp-image-2120 aligncenter\" src=\"https:\/\/nalua.in\/notas\/wp-content\/uploads\/2024\/06\/133553921_3642872782448747_2617197292505282780_n.jpg\" alt=\"\" width=\"350\" height=\"350\" srcset=\"https:\/\/nalua.in\/notas\/wp-content\/uploads\/2024\/06\/133553921_3642872782448747_2617197292505282780_n.jpg 526w, https:\/\/nalua.in\/notas\/wp-content\/uploads\/2024\/06\/133553921_3642872782448747_2617197292505282780_n-300x300.jpg 300w, https:\/\/nalua.in\/notas\/wp-content\/uploads\/2024\/06\/133553921_3642872782448747_2617197292505282780_n-150x150.jpg 150w, https:\/\/nalua.in\/notas\/wp-content\/uploads\/2024\/06\/133553921_3642872782448747_2617197292505282780_n-96x96.jpg 96w\" sizes=\"auto, (max-width: 350px) 100vw, 350px\" \/><\/p>\n<hr \/>\n<h2>Um dia antes de 30 de junho de 1986 escreveu Tarkovski em seu di\u00e1rio:<\/h2>\n<p><em>O \u00faltimo dia da quimioterapia.<\/em><\/p>\n<h2>No dia 30 de junho ele registrou:<\/h2>\n<p style=\"text-align: justify;\"><em>No dia 6 vou \u00e0 Alemanha, para o hospital. Fiz com Leon (nos \u00faltimos quatro dias) a quimioterapia e ele foi descansar na Iogusl\u00e1via. Sinto-me terr\u00edvel:d\u00f3i tudo, n\u00e3o tenho for\u00e7as. Leon disse que em um m\u00eas farei mais uma quimioterapia. Fiz a revis\u00e3o do texto russo do livro. Sobrou o \u00faltimo cap\u00edtulo.<\/em><\/p>\n<h2>E no dia seguinte o cineasta fez a seguinte entrada:<\/h2>\n<p><em>Comprar e levar para a Alemanha;<\/em><\/p>\n<ol>\n<li><em>roupas (comprar cal\u00e7ados esportivos);<\/em><\/li>\n<li><em>papel para cartas;<\/em><\/li>\n<li>Hoffmanniana<em>;<\/em><\/li>\n<li><em>evelopes grandes e pequenos;<\/em><\/li>\n<li><em>medicamentos;<\/em><\/li>\n<li><em>o \u00faltimo cap\u00edtulo. Para terminar de traduzir;<\/em><\/li>\n<li><em>dinheiro;<\/em><\/li>\n<li><em>livros de Christiane Bertoncini;<\/em><\/li>\n<li><em>o artigo de Gorbanevskaya;<\/em><\/li>\n<li><em>telefonar para Boguin;<\/em><\/li>\n<li><em>e para a Universidade dos EUA.<\/em><\/li>\n<\/ol>\n<p style=\"text-align: right;\"><strong>Andrei Tarkovski &#8211; Di\u00e1rios 1970-1986 &#8211; Realiza\u00e7\u00f5es Editora<\/strong><\/p>\n<table style=\"width: 100%; border-collapse: collapse; background-color: #f2c4dc;\">\n<tbody>\n<tr>\n<td style=\"width: 100%; text-align: center;\"><em>Esque\u00e7am o que se foi;<\/em><br \/>\n<em>n\u00e3o vivam no passado. Vejam, estou fazendo uma coisa nova!<\/em><br \/>\n<em>Ela j\u00e1 est\u00e1 surgindo! Voc\u00eas n\u00e3o a reconhecem?<\/em><br \/>\n<em>At\u00e9 no deserto vou abrir um caminho <\/em><em>e riachos no ermo.<\/em><br \/>\n<strong>Isa\u00edas 43:18-19<\/strong><\/td>\n<\/tr>\n<\/tbody>\n<\/table>\n<p><img loading=\"lazy\" decoding=\"async\" class=\"size-full wp-image-2123 aligncenter\" src=\"https:\/\/nalua.in\/notas\/wp-content\/uploads\/2024\/06\/2depausp.jpg\" alt=\"\" width=\"350\" height=\"621\" srcset=\"https:\/\/nalua.in\/notas\/wp-content\/uploads\/2024\/06\/2depausp.jpg 350w, https:\/\/nalua.in\/notas\/wp-content\/uploads\/2024\/06\/2depausp-169x300.jpg 169w, https:\/\/nalua.in\/notas\/wp-content\/uploads\/2024\/06\/2depausp-150x266.jpg 150w\" sizes=\"auto, (max-width: 350px) 100vw, 350px\" \/><\/p>\n<h2 style=\"text-align: center;\">Amor que n\u00e3o se pede, amor que n\u00e3o se mede, amor que n\u00e3o se repete<\/h2>\n<p style=\"text-align: justify;\">Estamos diante de mais um recome\u00e7o. Sim, encaramos j\u00e1 uma metade <em>inteirinha<\/em> de um ano \ud83d\ude0a. Est\u00e1 na hora de tomar uma longa respira\u00e7\u00e3o, sacudir qualquer rastro de poeira, levantar do sof\u00e1 e olhar a janela, porque amanh\u00e3 \u00e9 segunda, \u00e9 um m\u00eas novo e temos ainda a outra metade <em>completa<\/em> para viver. Chegou o Dois de Paus com seus ausp\u00edcios para o que ainda temos que fazer.<br \/>\nEsse arcano encantado sinaliza que <strong>sempre \u00e9 tempo de recome\u00e7ar<\/strong>. Sempre \u00e9 tempo de <strong>fazer algo de novo, de novo<\/strong>. <strong>O meio do ano tem essa magia, a de recome\u00e7ar, e tem esse absurdo, recome\u00e7ar<\/strong>.<br \/>\nNa verdade, <strong>nada recome\u00e7a<\/strong>, \u00e9 s\u00f3 que necessitamos dessas tabuinhas de salva\u00e7\u00e3o para aguentar, para dar conta, para sobreviver. <strong>Cada vez mais precisamos de doses de esperan\u00e7as quase tolas pra seguir<\/strong>. E o Dois de Paus traz um pouco dessa f\u00e1bula de sobreviv\u00eancia. Ele prega a possibilidade de recome\u00e7armos, \u00e9 tudo. Vamos ouvir a carta de hoje.<\/p>\n<p style=\"text-align: justify;\"><strong>Precisamos de encanto na vida<\/strong>. Precisamos de um mundo reencantado, e <strong>de novo<\/strong>. E essa \u00e9 uma das fun\u00e7\u00f5es do tar\u00f4. Se o mundo se desencantou com a morte da magia, e freneticamente procuramos o espet\u00e1culo em outros lugares e outros <em>likes<\/em>, o tar\u00f4 pode ser um pequeno norte (norte tem tamanho?).<br \/>\nInclusive quem l\u00ea esse almanaque j\u00e1 sabe que<strong> essa mensagem de recome\u00e7ar n\u00e3o \u00e9 in\u00e9dita<\/strong>. \u00c9 a pr\u00f3pria natureza da mensagem, ela precisa reaparecer ocasionalmente. <strong>\u00c9 preciso corrigir o rumo mais de uma vez na vida, mais de uma vez por ano<\/strong>.<\/p>\n<p style=\"text-align: justify;\">\u00c9 um bom momento para <strong>reencantar a vida, para colocar de novo as coisas em perspectiva<\/strong>. Esse meio do ano traz uma del\u00edcia pr\u00f3pria, ainda podemos fazer muito mais coisas al\u00e9m de tentar existir , embora sobreviver \u00e0s vezes seja mais que bom, mais que \u00f3timo, seja tudo e s\u00f3 o que podemos.<\/p>\n<p style=\"text-align: justify;\">Eu tenho tido muita dificuldade com esse 2024. Ao mesmo tempo em que \u00e9 um ano aben\u00e7oado, <em>stanno tutti bene<\/em>, \u00e9 um ano em que tenho passado por dores bem cansativas. Por isso preciso desse respiro do meio do ano. E o Dois de Paus \u00e9 um excelente sinal de que <strong>\u00e9 poss\u00edvel fazer<\/strong>. Esse \u00e9 um arcano do engenho. Fazer, agir, tocar projetos, se movimentar para espantar a dor e cansa\u00e7o.<\/p>\n<p style=\"text-align: justify;\">A mensagem do Dois De Paus neste come\u00e7o de semestre \u00e9 esta: <strong>\u00e9 poss\u00edvel e desej\u00e1vel recome\u00e7ar, fazer planos de novo, reajustar os velhos rascunhos<\/strong>. \u00c9 um bom momento para olharmos o que j\u00e1 temos e o que precisamos ainda fazer e <em>voil\u00e0<\/em>: <strong>fazer<\/strong>.<br \/>\nMaria Popova fala de maneira bonita sobre os come\u00e7os:<\/p>\n<blockquote>\n<p style=\"text-align: justify;\"><em>H\u00e1 momentos na vida em que somos lembrados de que estamos inacabados, que a hist\u00f3ria que temos contado a n\u00f3s mesmos sobre quem somos e para onde leva nossa vida ainda n\u00e3o foi escrita. Esses momentos surgem mais facilmente no in\u00edcio de algo novo.<\/em><br \/>\n<em>Come\u00e7ar qualquer coisa \u2014 uma nova pr\u00e1tica, um novo projeto, um novo amor \u2014 \u00e9 lan\u00e7ar sobre si mesmo um feiti\u00e7o contra a estagna\u00e7\u00e3o. Come\u00e7os s\u00e3o nota\u00e7\u00f5es para a sinfonia do poss\u00edvel em n\u00f3s. Eles nos pedem para quebrar o padr\u00e3o de nossas vidas e reconfigur\u00e1-lo de novo \u2014 algo que s\u00f3 pode ser feito com grande coragem e grande ternura, pois nenhum territ\u00f3rio da vida exp\u00f5e tanto nosso poder quanto nossa vulnerabilidade mais brilhantemente do que um come\u00e7o.<\/em><\/p>\n<\/blockquote>\n<p style=\"text-align: justify;\">Boa semana, n\u00e3o ajam em v\u00e3o, <em>encontrem amor para recome\u00e7ar.<\/em><\/p>\n<table style=\"width: 100%; border-collapse: collapse; background-color: #eefacd;\">\n<tbody>\n<tr>\n<td style=\"width: 100%;\"><img loading=\"lazy\" decoding=\"async\" class=\"size-full wp-image-2127 aligncenter\" src=\"https:\/\/nalua.in\/notas\/wp-content\/uploads\/2024\/06\/2pausp.jpg\" alt=\"\" width=\"350\" height=\"572\" srcset=\"https:\/\/nalua.in\/notas\/wp-content\/uploads\/2024\/06\/2pausp.jpg 350w, https:\/\/nalua.in\/notas\/wp-content\/uploads\/2024\/06\/2pausp-184x300.jpg 184w, https:\/\/nalua.in\/notas\/wp-content\/uploads\/2024\/06\/2pausp-150x245.jpg 150w\" sizes=\"auto, (max-width: 350px) 100vw, 350px\" \/><\/p>\n<p style=\"text-align: justify;\">O Dois de Paus \u00e9 uma carta do tar\u00f4 que carrega consigo uma energia de decis\u00e3o e dire\u00e7\u00e3o. Representando a dualidade e a escolha, esta carta mostra um momento em que \u00e9 necess\u00e1rio tomar uma decis\u00e3o importante e seguir um caminho espec\u00edfico.\u00a0Na imagem mais cl\u00e1ssica do Dois de Paus, vemos um homem segurando dois bast\u00f5es, olhando para o horizonte. Ele est\u00e1 em p\u00e9, em um ambiente aberto, simbolizando a liberdade e as possibilidades que se apresentam diante dele. Esta carta transmite a sensa\u00e7\u00e3o de que \u00e9 preciso escolher um caminho e seguir adiante, deixando para tr\u00e1s a indecis\u00e3o e a hesita\u00e7\u00e3o.\u00a0Quando o Dois de Paus aparece em uma leitura, indica que chegou o momento de tomar uma decis\u00e3o importante em rela\u00e7\u00e3o a algum aspecto da vida do consulente. Pode ser uma decis\u00e3o relacionada \u00e0 carreira, aos relacionamentos, aos projetos pessoais ou at\u00e9 mesmo a mudan\u00e7as significativas. Esta carta mostra que \u00e9 necess\u00e1rio avaliar as op\u00e7\u00f5es dispon\u00edveis, considerar as consequ\u00eancias de cada escolha e, finalmente, decidir qual caminho seguir.\u00a0Por outro lado, o Dois de Paus tamb\u00e9m traz consigo a mensagem de que \u00e9 preciso agir com coragem e confian\u00e7a ao tomar essa decis\u00e3o. O homem na imagem da carta est\u00e1 seguro e firme, indicando que \u00e9 necess\u00e1rio ter confian\u00e7a nas pr\u00f3prias habilidades e capacidades para seguir em frente. Esta carta encoraja o consulente a assumir o controle da situa\u00e7\u00e3o e acreditar na sua capacidade de influenciar os acontecimentos.\u00a0Al\u00e9m disso, o Dois de Paus tamb\u00e9m pode indicar a necessidade de recome\u00e7ar e explorar novos horizontes. Esta carta sugere que o consulente esteja aberto a novas experi\u00eancias e esteja disposto a expandir seus horizontes. Pode ser o momento de buscar novos desafios, de viajar para lugares desconhecidos ou de se aventurar em novos projetos. O Dois de Paus encoraja a sair da zona de conforto e a buscar aperfei\u00e7oamento e melhoria.\u00a0A energia do Dois de Paus tamb\u00e9m traz consigo a necessidade de equil\u00edbrio e pondera\u00e7\u00e3o. Ao tomar uma decis\u00e3o importante, \u00e9 essencial considerar todos os aspectos envolvidos e agir de forma consciente. Esta carta alerta para a import\u00e2ncia de n\u00e3o agir impulsivamente, mas sim de avaliar cuidadosamente as op\u00e7\u00f5es antes de seguir adiante.<\/p>\n<\/td>\n<\/tr>\n<\/tbody>\n<\/table>\n<h2 style=\"text-align: center;\">Camus, que reinicia nossa vida<\/h2>\n<p style=\"text-align: justify;\"><em>H\u00e1 pouco, outras coisas, os homens e os t\u00famulos que compram. Mas deixem-me recortar este minuto no tecido do tempo. Outros deixam uma flor entre as p\u00e1ginas de um livro, encerrando nele um passeio em que o amor os tocou de leve. Eu tamb\u00e9m passeio, mas \u00e9 um deus que me acaricia. A vida \u00e9 curta, e \u00e9 pecado perder tempo. Sou ativo, segundo dizem. Mas ser ativo \u00e9, ainda, perder tempo, na medida em que nos perdemos. Hoje \u00e9 uma parada e meu cora\u00e7\u00e3o parte ao encontro de si mesmo. Se uma ang\u00fastia ainda me oprime, \u00e9 por sentir esse impalp\u00e1vel instante escorrer por entre meus dedos, como as part\u00edculas do merc\u00fario. Deixem, pois, aqueles que querem dar as costas ao mundo. N\u00e3o me queixo porque me vejo nascer. Neste momento, todo o meu reino \u00e9 desse mundo. Este sol e estas sombras, este calor, e este frio que vem do fundo do ar: devo perguntar-me se algo morre e se os homens sofrem, j\u00e1 que tudo est\u00e1 escrito nesta janela na qual o c\u00e9u derrama a plenitude ao encontro de minha piedade. Posso dizer, e vou diz\u00ea-lo daqui a pouco, que o que conta \u00e9 ser humano e simples. N\u00e3o, o que conta \u00e9 ser verdadeiro, e, ent\u00e3o, tudo se inscreve nisso, a humanidade e a simplicidade. E, ent\u00e3o, quando sou mais verdadeiro do que quando sou o mundo? Sou presenteado antes de ter desejado. A eternidade est\u00e1 ali, e eu esperava por ela. Agora, n\u00e3o desejo mais ser feliz, e sim apenas estar consciente.<\/em><\/p>\n<p style=\"text-align: justify;\"><em>Um homem contempla, e o outro cava o seu t\u00famulo: como separ\u00e1-los? Os homens e seu absurdo? Mas eis o sorriso do c\u00e9u. A luz se infla e ser\u00e1 logo ver\u00e3o? Mas eis os olhos e a voz daqueles a quem \u00e9 preciso amar. Sou ligado ao mundo por todos os meus gestos; aos homens, por toda a minha piedade e o meu reconhecimento. Entre este lugar e este avesso do mundo, n\u00e3o quero escolher, n\u00e3o gosto que se escolha. As pessoas n\u00e3o querem que se seja l\u00facido e ir\u00f4nico. Dizem: \u201cIsso mostra que voc\u00ea n\u00e3o \u00e9 bom.\u201d N\u00e3o vejo a liga\u00e7\u00e3o. \u00c9 claro, se ouso dizer a algu\u00e9m que \u00e9 imoralista, traduzo que ele tem necessidade de atribuir-se uma moral; o outro, que despreza a intelig\u00eancia, compreendo que n\u00e3o consegue suportar suas d\u00favidas. Mas isto porque n\u00e3o gosto que se trapaceie. A grande coragem \u00e9, ainda, a de manter os olhos abertos, tanto sobre a luz quanto sobre a morte. De resto, como explicar o elo que leva deste amor devorador pela vida a esse desespero secreto. Se escuto a ironia,\u00a0escondida no fundo das coisas, ela se descobre lentamente. E, piscando o olho pequeno e claro: \u201cViva como se&#8230;,\u201d diz ela. Apesar de muitas pesquisas, est\u00e1 a\u00ed toda a minha ci\u00eancia.<\/em><\/p>\n<p style=\"text-align: justify;\"><em>Afinal, n\u00e3o estou certo de ter raz\u00e3o. Mas o importante n\u00e3o \u00e9 se penso naquela mulher cuja hist\u00f3ria me contaram. Ela ia morrer e sua filha vestiu-a para o t\u00famulo enquanto ainda estava viva. Na verdade, parece que a coisa \u00e9 mais f\u00e1cil quando os membros ainda n\u00e3o est\u00e3o r\u00edgidos. Mas, mesmo assim, \u00e9 curioso como vivemos no meio de pessoas apressadas.<\/em><\/p>\n<p style=\"text-align: right;\"><strong>Albert Camus &#8211; O Avesso e o Direito &#8211; Editora Record<\/strong><\/p>\n<hr \/>\n<table style=\"width: 100%; border-collapse: collapse; background-color: #fae1f7;\">\n<tbody>\n<tr>\n<td style=\"width: 100%;\">\n<h2 style=\"text-align: center;\">A m\u00e3o direita da natureza<\/h2>\n<p style=\"text-align: center;\">Quando se quebra e se est\u00e1 quebrado, \u00e9 ela que nos reinicia. Ela, junto do amor.<\/p>\n<\/td>\n<\/tr>\n<\/tbody>\n<\/table>\n<h3 style=\"text-align: center;\">Livro<\/h3>\n<p><img loading=\"lazy\" decoding=\"async\" class=\" wp-image-2129 aligncenter\" src=\"https:\/\/nalua.in\/notas\/wp-content\/uploads\/2024\/06\/eoventolevoup.jpg\" alt=\"\" width=\"300\" height=\"458\" srcset=\"https:\/\/nalua.in\/notas\/wp-content\/uploads\/2024\/06\/eoventolevoup.jpg 350w, https:\/\/nalua.in\/notas\/wp-content\/uploads\/2024\/06\/eoventolevoup-197x300.jpg 197w, https:\/\/nalua.in\/notas\/wp-content\/uploads\/2024\/06\/eoventolevoup-150x229.jpg 150w\" sizes=\"auto, (max-width: 300px) 100vw, 300px\" \/><\/p>\n<p style=\"text-align: justify;\"><strong>E o Vento Levou &#8211; Margaret Mitchell. <em>Eu j\u00e1 indiquei esse livro, mas na \u00e9poca foi mais para falar de um personagem, o Reth Butler. Agora quero indicar o livro por si mesmo (hahahaha). Porque \u00e9 um livro da minha inf\u00e2ncia (pois \u00e9), porque eu amo. E porque ele faz anivers\u00e1rio hoje. E porque \u00e9 uma imensa ode aos recome\u00e7os, pensem na \u00faltima frase deste livro. E claro, porque \u00e9 um cl\u00e1ssico da cultura pop, \u00e9 incontorn\u00e1vel. E porque \u00e9 um livro que ecoa um mundo que est\u00e1 morrendo. E n\u00e3o estou falando dos aspectos complicados do livro, estou falando que ele simboliza um mundo que est\u00e1 no fim, as pessoas que t\u00eam este livro como refer\u00eancia est\u00e3o acabando. C&#8217;est la vie. Mas aproveitem enquanto ainda.<\/em><\/strong><\/p>\n<hr \/>\n<p style=\"text-align: justify;\">A maior hist\u00f3ria de amor do s\u00e9culo XX, que deu origem ao premiado filme com Vivien Leigh e Clark Gable.\u00a0Ano de 1861. O sul dos Estados Unidos est\u00e1 prestes a ingressar na sangrenta Guerra Civil norte-americana. Na fazenda Tara, na Ge\u00f3rgia, a bela jovem impetuosa e mimada Scarlett O\u2019Hara transforma-se em mulher pr\u00e1tica e disposta a tudo para conquistar o que deseja. Frustrada por n\u00e3o conseguir se casar com Ashley Wilkes, Scarlett acaba se envolvendo com o aventureiro Rhett Butler, com quem viver\u00e1 uma das hist\u00f3rias de amor mais c\u00e9lebres e conturbadas da literatura. A guerra \u00e9 intensa e o cerco dos ianques, incisivo, levando a fazenda a uma situa\u00e7\u00e3o desastrosa de fome e desespero.\u00a0Margaret Mitchell descreve de maneira impressionante a Guerra Civil norte-americana e retrata as grandes mudan\u00e7as que pavimentaram a hist\u00f3ria dos Estados Unidos.\u00a0E o vento levou \u00e9 uma das obras mais not\u00e1veis da literatura norte-americana. Publicado originalmente em 1936, o romance ganhou o Pr\u00eamio Pulitzer no ano seguinte. Os dois volumes retratam uma das hist\u00f3rias de amor mais famosas da literatura mundial, um cl\u00e1ssico imortalizado no cinema por Vivien Leigh e Clark Gable, ganhador de oito Oscars.<\/p>\n<hr \/>\n<h3 style=\"text-align: center;\">Document\u00e1rio<\/h3>\n<p><img loading=\"lazy\" decoding=\"async\" class=\" wp-image-2130 aligncenter\" src=\"https:\/\/nalua.in\/notas\/wp-content\/uploads\/2024\/06\/pinap.jpg\" alt=\"\" width=\"300\" height=\"429\" srcset=\"https:\/\/nalua.in\/notas\/wp-content\/uploads\/2024\/06\/pinap.jpg 350w, https:\/\/nalua.in\/notas\/wp-content\/uploads\/2024\/06\/pinap-210x300.jpg 210w, https:\/\/nalua.in\/notas\/wp-content\/uploads\/2024\/06\/pinap-150x215.jpg 150w\" sizes=\"auto, (max-width: 300px) 100vw, 300px\" \/><\/p>\n<p style=\"text-align: justify;\"><strong>Pina &#8211; Wim Wenders &#8211; 2012. <em>Hoje faz anivers\u00e1rio da morte de Pina Bausch, que nos deixou cedo demais. Indico esse document\u00e1rio pelo anivers\u00e1rio e porque para recome\u00e7ar e ajustar o rumo nada melhor do que uma dose cavalar de beleza. E \u00e9 isso que esse document\u00e1rio proporciona. \u00c9 lindo, sobre uma figura que proporcionou genialidade e muita beleza ao mundo. Assistir a esse documentario s\u00f3 pode encher a alma de for\u00e7a para qualquer recome\u00e7o. N\u00e3o s\u00f3 pela beleza em si, mas pela for\u00e7a extraordin\u00e1ria da bailarina e core\u00f3grafa que foi Pina Bausch. E porque \u00e9 Wim Wenders.<\/em><\/strong><\/p>\n<hr \/>\n<p style=\"text-align: justify;\">O document\u00e1rio &#8220;Pina&#8221;, dirigido por Wim Wenders, \u00e9 uma obra cinematogr\u00e1fica que homenageia a core\u00f3grafa alem\u00e3 Pina Bausch. Lan\u00e7ado em 2011, o filme apresenta uma vis\u00e3o \u00fanica e emocionante do trabalho da artista, conhecida por revolucionar a dan\u00e7a contempor\u00e2nea.\u00a0Wenders utiliza sua habilidade como diretor para capturar a ess\u00eancia e o impacto das coreografias de Pina Bausch. O document\u00e1rio oferece ao espectador uma imers\u00e3o profunda no universo da dan\u00e7a, revelando a genialidade e a sensibilidade de Pina. Ao longo do filme, somos apresentados a algumas das obras mais marcantes de Pina Bausch, como &#8220;Caf\u00e9 M\u00fcller&#8221; e &#8220;Kontakthof&#8221;, que s\u00e3o apresentadas de forma deslumbrante e envolvente. A maneira como Wenders utiliza a linguagem cinematogr\u00e1fica para traduzir a energia e a emo\u00e7\u00e3o das coreografias \u00e9 verdadeiramente impressionante. &#8220;Pina&#8221; \u00e9 mais do que um simples document\u00e1rio sobre dan\u00e7a. \u00c9 uma celebra\u00e7\u00e3o da arte, da paix\u00e3o e da express\u00e3o humana. Wim Wenders consegue transmitir a ess\u00eancia do trabalho de Pina Bausch de uma forma que emociona e inspira, mesmo para aqueles que n\u00e3o s\u00e3o familiarizados com o mundo da dan\u00e7a contempor\u00e2nea.<\/p>\n<hr \/>\n<h3 style=\"text-align: center;\">Filme<\/h3>\n<p><img loading=\"lazy\" decoding=\"async\" class=\"size-full wp-image-2131 aligncenter\" src=\"https:\/\/nalua.in\/notas\/wp-content\/uploads\/2024\/06\/hoje-eu-quero-voltar-sozinho_t44735.webp\" alt=\"\" width=\"322\" height=\"478\" srcset=\"https:\/\/nalua.in\/notas\/wp-content\/uploads\/2024\/06\/hoje-eu-quero-voltar-sozinho_t44735.webp 322w, https:\/\/nalua.in\/notas\/wp-content\/uploads\/2024\/06\/hoje-eu-quero-voltar-sozinho_t44735-202x300.webp 202w, https:\/\/nalua.in\/notas\/wp-content\/uploads\/2024\/06\/hoje-eu-quero-voltar-sozinho_t44735-150x223.webp 150w\" sizes=\"auto, (max-width: 322px) 100vw, 322px\" \/><\/p>\n<p style=\"text-align: justify;\"><strong>Hoje eu quero voltar sozinho &#8211; Daniel Ribeiro &#8211; 2014. <em>Porque estamos no \u00faltimo dia do m\u00eas do orgulho lgbtqiapn+. \u00c9 um filme que fala sobre come\u00e7ar. Come\u00e7ar a tomar as r\u00e9deas da vida, come\u00e7ar a viver, recome\u00e7ar sem prote\u00e7\u00e3o e se jogando em dire\u00e7\u00e3o ao viver. Al\u00e9m de ser um filme muito bom, diferente, nacional, e bonito.<\/em><\/strong><\/p>\n<hr \/>\n<p style=\"text-align: justify;\">Leonardo \u00e9 um adolescente cego que, como qualquer adolescente, est\u00e1 em busca de seu lugar. Desejando ser mais independente, precisa lidar com suas limita\u00e7\u00f5es e a superprote\u00e7\u00e3o de sua m\u00e3e. Para decep\u00e7\u00e3o de sua insepar\u00e1vel melhor amiga, Giovana, ele planeja libertar-se de seu cotidiano fazendo uma viagem de interc\u00e2mbio. Por\u00e9m a chegada de Gabriel, um novo aluno na escola, desperta sentimentos at\u00e9 ent\u00e3o desconhecidos em Leonardo, fazendo-o redescobrir sua maneira de ver o mundo.<\/p>\n<hr \/>\n<h3 style=\"text-align: center;\">S\u00e9rie<\/h3>\n<p><img loading=\"lazy\" decoding=\"async\" class=\"wp-image-2133 aligncenter\" src=\"https:\/\/nalua.in\/notas\/wp-content\/uploads\/2024\/06\/938170423-heartbreak-high-poster-art-691x1024-1.webp\" alt=\"\" width=\"300\" height=\"445\" srcset=\"https:\/\/nalua.in\/notas\/wp-content\/uploads\/2024\/06\/938170423-heartbreak-high-poster-art-691x1024-1.webp 691w, https:\/\/nalua.in\/notas\/wp-content\/uploads\/2024\/06\/938170423-heartbreak-high-poster-art-691x1024-1-202x300.webp 202w, https:\/\/nalua.in\/notas\/wp-content\/uploads\/2024\/06\/938170423-heartbreak-high-poster-art-691x1024-1-150x222.webp 150w\" sizes=\"auto, (max-width: 300px) 100vw, 300px\" \/><\/p>\n<p style=\"text-align: justify;\"><strong>S\u00e9rie Heart Break High &#8211; 2022 &#8211; Hannah Carroll Chapman. <em>Essa s\u00e9rie eu n\u00e3o vi, \u00e9 indica\u00e7\u00e3o da Lina, minha filha. Quando soube que o tema era recome\u00e7o, ela imediatamente lembrou dessa s\u00e9rie, que viu e adorou. Segundo ela a primeira temporada, especificamente tem como um dos temas principais o recome\u00e7o da amizade entre duas das personagens principais. E tamb\u00e9m, pelo que pesquisei, \u00e9 sobre o recome\u00e7o da personagem principal, depois de ter cometido um erro muito grande, que afetou muita gente.\u00a0<\/em><\/strong><\/p>\n<hr \/>\n<p style=\"text-align: justify;\">Heartbreak High \u00e9 uma s\u00e9rie de televis\u00e3o australiana de com\u00e9dia dram\u00e1tica criada para a Netflix, por Hannah Carroll Chapman. \u00c9 um reboot da s\u00e9rie de 1994 exibida pela primeira vez na Network Ten. O programa estreou em 14 de setembro de 2022. Um m\u00eas depois de seu lan\u00e7amento, o programa foi renovado para uma segunda temporada.\u00a0A primeira temporada foi recebida com cr\u00edticas positivas e recebeu 15 indica\u00e7\u00f5es ao AACTA Awards, incluindo Melhor S\u00e9rie Dram\u00e1tica, ganhando seis pr\u00eamios. Em 2023 Heartbreak High recebeu uma indica\u00e7\u00e3o ao pr\u00eamio de Melhor S\u00e9rie Live-Action no 51\u00ba International Emmy Awards.<\/p>\n<p style=\"text-align: justify;\">Na s\u00e9rie, Amerie (Ayesha Madon) acaba cortando la\u00e7os de forma dram\u00e1tica com sua melhor amiga Harper (Asher Yasbincek). Tudo come\u00e7a quando ela decide revelar os segredos sexuais e rom\u00e2nticos de todos os colegas de classe criando um mapa sobre quem ficou com quem. A princ\u00edpio, as pessoas levam a situa\u00e7\u00e3o na brincadeira, mas rapidamente as coisas fogem do controle quando segredos pessoais s\u00e3o expostos. Estressada com a situa\u00e7\u00e3o, Harper se ressente da amiga pela atitude e decide encerrar sua amizade. Logo, todos da escola tamb\u00e9m rejeitam Amerie e, agora, ela precisar\u00e1 encontrar uma forma de reverter o que causou para retomar sua amizade com a amiga.<\/p>\n<hr \/>\n<h3 style=\"text-align: center;\">\u266b Playlist<\/h3>\n<p style=\"text-align: center;\"><em>Straight From The Heart \u2013 Bryan Adams<\/em><br \/>\n<em>Onde Voc\u00ea Mora \u2013 Cidade Negra <\/em><br \/>\n<em>Come\u00e7o, Meio e Fim \u2013 Roupa Nova<\/em><br \/>\n<em>Giz \u2013 Legi\u00e3o Urbana<\/em><br \/>\n<em>My Silver Lining \u2013 First Aid Kit<\/em><br \/>\n<em>Come\u00e7aria tudo outra vez \u2013 Gonzaguinha<\/em><br \/>\n<em>Non, je ne regrette rien \u2013 Edith Piaf<\/em><br \/>\n<em>Frejat &#8211; Amor pra recome\u00e7ar<\/em><br \/>\n<em>O Sol \u2013 Jota Quest<\/em><br \/>\n<em> Hasta La Ra\u00edz \u2013 Natalia Lafourcade<\/em><br \/>\n<em>Mais uma vez \u2013 Legi\u00e3o Urbana<\/em><br \/>\n<em>Me Adora \u2013 Pitty<\/em><br \/>\n<em>Tempos Modernos \u2013 Lulu Santos<\/em><br \/>\n<em>Disritmia \u2013 Martinho da Vila<\/em><br \/>\n<em>N\u00e3o enche \u2013 Caetano Veloso<\/em><br \/>\n<em>Come\u00e7ar de novo \u2013 Ivan Lins<\/em><br \/>\n<em>Rolling in the Deep \u2013 Adele<\/em><br \/>\n<em>Bilhete \u2013 Faf\u00e1 de Bel\u00e9m<\/em><br \/>\n<em>Olhos nos Olhos \u2013 Chico Buarque<\/em><br \/>\n<em>Gostava Tanto de Voc\u00ea \u2013 Tim Maia<\/em><\/p>\n<hr \/>\n<p><img loading=\"lazy\" decoding=\"async\" class=\"wp-image-2134 aligncenter\" src=\"https:\/\/nalua.in\/notas\/wp-content\/uploads\/2024\/06\/segunda.jpg\" alt=\"\" width=\"350\" height=\"424\" srcset=\"https:\/\/nalua.in\/notas\/wp-content\/uploads\/2024\/06\/segunda.jpg 682w, https:\/\/nalua.in\/notas\/wp-content\/uploads\/2024\/06\/segunda-247x300.jpg 247w, https:\/\/nalua.in\/notas\/wp-content\/uploads\/2024\/06\/segunda-150x182.jpg 150w\" sizes=\"auto, (max-width: 350px) 100vw, 350px\" \/><\/p>\n<table style=\"width: 100%; border-collapse: collapse; background-color: #cdf7ef;\">\n<tbody>\n<tr>\n<td style=\"width: 100%; text-align: center;\"><em>Ela vestiu seu chap\u00e9u-de-sol,<\/em><br \/>\n<em>E p\u00f4s o seu mais verde vestido;<\/em><br \/>\n<em>Virou-se para o vento austral<\/em><br \/>\n<em>E prestou-lhe o cortejo devido.<\/em><br \/>\n<em>Virou-se ent\u00e3o para a luz do sol<\/em><br \/>\n<em>E os cabelos louros agitou,<\/em><br \/>\n<em>E sussurrou para o seu vizinho:<\/em><br \/>\n<em>\u201cO inverno acabou\u201d<\/em><\/p>\n<p style=\"text-align: center;\"><strong>A. A. Milner<\/strong><\/p>\n<\/td>\n<\/tr>\n<\/tbody>\n<\/table>\n<p style=\"text-align: justify;\"><span style=\"font-size: 10pt;\"><em>P. S. N\u00e3o tem como lidar com esse tema recome\u00e7os e n\u00e3o lembrar de todo o povo do Rio Grande do Sul que est\u00e1 sendo obrigado a recome\u00e7ar, e de maneira extremamente violenta e cruel. Sem querer, sem pedir por por isso e apenas como v\u00edtimas dos acontecimentos. N\u00e3o h\u00e1 nada a ser falado sobre isso que n\u00e3o seja f\u00fatil, o \u00fanico poss\u00edvel, depois de ajudar de fato, \u00e9 se indignar e sinceramente desejar que se recuperem como for poss\u00edvel.\u00a0<\/em><\/span><\/p>\n<hr \/>\n<p style=\"text-align: center;\"><span style=\"font-size: 10pt;\">Post com a colabora\u00e7\u00e3o de <a href=\"http:\/\/instagram.com\/laismeralda\" target=\"_blank\" rel=\"noopener\">@laismeralda, que \u00e9 a<em>\u00a0melhor cartomante do peda\u00e7o, marque sua consulta com ela.<\/em><\/a><\/span><\/p>\n<hr \/>\n<p style=\"text-align: justify;\"><em>Se voc\u00ea leu at\u00e9 aqui, obrigada! Esse \u00e9 o meu almanaque particular. Um peda\u00e7o do meu di\u00e1rio, da minha arca da velha, um registro de pequenas efem\u00e9rides, de coisas que quero guardar, do tempo, do vento, do c\u00e9u e do cheiro da chuva. Os Vest\u00edgios do Dia, meus dias. Aqui s\u00f3 tem refer\u00eancias, pois \u00e9 disso que sou feita.<\/em><\/p>\n<table style=\"height: 24px; width: 100%; border-collapse: collapse; background-color: #fcd7d7;\">\n<tbody>\n<tr style=\"height: 24px;\">\n<td style=\"width: 100%; text-align: center; height: 24px;\">\u00a9 Nalua \u2013 Caderninho pessoal, bauzinho de trapos coloridos, nos morros de Minas Gerais. E esse inverno infernal?<\/td>\n<\/tr>\n<\/tbody>\n<\/table>\n<p style=\"text-align: center;\"><span style=\"font-size: 8pt;\">30 de junho \u00e9 o 181.\u00ba dia do ano no calend\u00e1rio gregoriano (182.\u00ba em anos bissextos). Faltam 184 dias para acabar o ano.<\/span><\/p>\n","protected":false},"excerpt":{"rendered":"<p>tem tijolo de constru\u00e7\u00e3o Belo Horizonte, 30 de junho de 2024 \u2600\ufe0f16\u00b0 &#8211; 28\u00b0 Hoje faz quatro anos que fumei o \u00faltimo cigarro. \u00c9 anivers\u00e1rio [&#8230;]<\/p>\n","protected":false},"author":1,"featured_media":0,"comment_status":"open","ping_status":"open","sticky":false,"template":"","format":"standard","meta":{"footnotes":""},"categories":[9,13,10,5,12],"tags":[],"class_list":["post-2118","post","type-post","status-publish","format-standard","hentry","category-almanaque","category-carta-semanal","category-jardim","category-newsletter","category-oraculo"],"_links":{"self":[{"href":"https:\/\/nalua.in\/notas\/wp-json\/wp\/v2\/posts\/2118","targetHints":{"allow":["GET"]}}],"collection":[{"href":"https:\/\/nalua.in\/notas\/wp-json\/wp\/v2\/posts"}],"about":[{"href":"https:\/\/nalua.in\/notas\/wp-json\/wp\/v2\/types\/post"}],"author":[{"embeddable":true,"href":"https:\/\/nalua.in\/notas\/wp-json\/wp\/v2\/users\/1"}],"replies":[{"embeddable":true,"href":"https:\/\/nalua.in\/notas\/wp-json\/wp\/v2\/comments?post=2118"}],"version-history":[{"count":19,"href":"https:\/\/nalua.in\/notas\/wp-json\/wp\/v2\/posts\/2118\/revisions"}],"predecessor-version":[{"id":2137,"href":"https:\/\/nalua.in\/notas\/wp-json\/wp\/v2\/posts\/2118\/revisions\/2137"}],"wp:attachment":[{"href":"https:\/\/nalua.in\/notas\/wp-json\/wp\/v2\/media?parent=2118"}],"wp:term":[{"taxonomy":"category","embeddable":true,"href":"https:\/\/nalua.in\/notas\/wp-json\/wp\/v2\/categories?post=2118"},{"taxonomy":"post_tag","embeddable":true,"href":"https:\/\/nalua.in\/notas\/wp-json\/wp\/v2\/tags?post=2118"}],"curies":[{"name":"wp","href":"https:\/\/api.w.org\/{rel}","templated":true}]}}