{"id":2087,"date":"2024-06-15T20:39:45","date_gmt":"2024-06-15T20:39:45","guid":{"rendered":"https:\/\/nalua.in\/notas\/?p=2087"},"modified":"2024-06-16T02:47:48","modified_gmt":"2024-06-16T02:47:48","slug":"nao-tem-carranca-nem-trator-nem-alavanca","status":"publish","type":"post","link":"https:\/\/nalua.in\/notas\/nao-tem-carranca-nem-trator-nem-alavanca\/","title":{"rendered":""},"content":{"rendered":"<p style=\"text-align: center;\"><a href=\"https:\/\/telegra.ph\/A-violeira-06-16\" target=\"_blank\" rel=\"noopener\"><span style=\"font-size: 8pt;\">n\u00e3o tem carranca, nem trator, nem alavanca<\/span><\/a><br \/>\n<img loading=\"lazy\" decoding=\"async\" class=\"size-full aligncenter\" src=\"https:\/\/nalua.in\/notas\/wp-content\/uploads\/2024\/05\/almanaque.jpg\" width=\"542\" height=\"139\" \/><\/p>\n<p style=\"text-align: center;\"><strong>Belo Horizonte, 16 de junho de 2024.<\/strong><\/p>\n<p style=\"text-align: center;\"><strong><span class=\"x19la9d6 x1fc57z9 x6ikm8r x10wlt62 x19co3pv x1g5zs5t xfibh0p xiy17q3 x1xsqp64 x1lkfr7t xexx8yu x4uap5 x18d9i69 xkhd6sd\"><span class=\"xrtxmta x1bhl96m\">\u2600\ufe0f 13\u00b0- 26\u00b0<\/span><\/span><\/strong><\/p>\n<hr \/>\n<p style=\"text-align: justify;\">Hoje \u00e9 <span style=\"text-decoration: underline;\">Bloomsday<\/span>. Um dia depois do anivers\u00e1rio da <span style=\"text-decoration: underline;\">Isa<\/span>, o Sol ainda est\u00e1 em g\u00eameos, neste ano t\u00e3o geminiano. A temperatura est\u00e1 amena, Gilead se aproxima com velocidade assustadora e pra onde \u00e9 que vamos fugir? Hoje \u00e9 anivers\u00e1rio de <span style=\"text-decoration: underline;\">Joyce Carol Oates<\/span>, <span style=\"text-decoration: underline;\">Ivan Lins<\/span>, <span style=\"text-decoration: underline;\">Ariano Suassuna<\/span>, <span style=\"text-decoration: underline;\">Tupac Shakur e Ger\u00f4nimo<\/span>.<\/p>\n<hr \/>\n<p style=\"text-align: center;\"><em>Uma pedra no meio do caminho<\/em><br \/>\n<em>ou apenas um rastro, n\u00e3o importa.<\/em><br \/>\n<em>Estes poetas s\u00e3o meus. De todo o orgulho,<\/em><br \/>\n<em>de toda a precis\u00e3o se incorporaram<\/em><br \/>\n<em>ao fatal meu lado esquerdo. Furto a Vin\u00edcius<\/em><br \/>\n<em>sua mais l\u00edmpida elegia. Bebo em Murilo.<\/em><br \/>\n<em>Que Neruda me d\u00ea sua gravata<\/em><br \/>\n<em>chamejante. Me perco em Apollinaire. Adeus, Maiakovski.<\/em><br \/>\n<em>S\u00e3o todos meus irm\u00e3os, n\u00e3o s\u00e3o jornais<\/em><br \/>\n<em>nem deslizar de lancha entre cam\u00e9lias:<\/em><br \/>\n<em>\u00e9 toda a minha vida que joguei.<\/em><\/p>\n<p style=\"text-align: center;\"><em>Estes poemas s\u00e3o meus. \u00c9 minha terra<\/em><br \/>\n<em>e \u00e9 ainda mais do que ela. \u00c9 qualquer homem<\/em><br \/>\n<em>ao meio-dia em qualquer pra\u00e7a. \u00c9 a lanterna<\/em><br \/>\n<em>em qualquer estalagem, se ainda as h\u00e1.\u00a0<\/em><\/p>\n<p style=\"text-align: center;\"><span class=\"x19la9d6 x1fc57z9 x6ikm8r x10wlt62 x19co3pv x1g5zs5t xfibh0p xiy17q3 x1xsqp64 x1lkfr7t xexx8yu x4uap5 x18d9i69 xkhd6sd\" style=\"font-size: 18pt; color: #ff0000;\"><span class=\"xrtxmta x1bhl96m\">\u2666\ufe0f<\/span><\/span><\/p>\n<p style=\"text-align: center;\"><strong>Carlos Dummond de Andrade<\/strong><\/p>\n<hr \/>\n<p><img loading=\"lazy\" decoding=\"async\" class=\"wp-image-2088 aligncenter\" src=\"https:\/\/nalua.in\/notas\/wp-content\/uploads\/2024\/06\/555a55ea060f15da513c6f4f811e5297-2020131801.jpg\" alt=\"\" width=\"399\" height=\"353\" srcset=\"https:\/\/nalua.in\/notas\/wp-content\/uploads\/2024\/06\/555a55ea060f15da513c6f4f811e5297-2020131801.jpg 679w, https:\/\/nalua.in\/notas\/wp-content\/uploads\/2024\/06\/555a55ea060f15da513c6f4f811e5297-2020131801-300x265.jpg 300w, https:\/\/nalua.in\/notas\/wp-content\/uploads\/2024\/06\/555a55ea060f15da513c6f4f811e5297-2020131801-150x133.jpg 150w\" sizes=\"auto, (max-width: 399px) 100vw, 399px\" \/><\/p>\n<hr \/>\n<h2>Em 16 de junho de 1986 escreveu Josu\u00e9 Montello em seu di\u00e1rio:<\/h2>\n<p style=\"text-align: justify;\"><em>Embora eu soubesse que Jorge Luis Borges, gravemente enfermo, tinha decidido morar em Genebra, com inten\u00e7\u00e3o de que sua vida se fechasse na mesma cidade onde transcorrera uma parte de sua juventude, deixei de espantar-me ao ler nos jornais desta manh\u00e3 que o grande escritor faleceu no \u00faltimo s\u00e1bado, na cidade natal de Rousseau, como se a vida houvesse sido para ele, at\u00e9 o seu termo, um ato de vontade. Morrendo onde morreu Calvino.<\/em><br \/>\n<em>Por alguns momentos fico a interrogar-me, repassando-lhe a obra vasta e surpreendente, se Borges, como personalidade humana, n\u00e3o obstante as limita\u00e7\u00f5es de sua cegueira, n\u00e3o ter\u00e1 sido mais importante do que essa obra, filha dileta de suas leituras e de suas medita\u00e7\u00f5es.<\/em><br \/>\n<em>A cegueira tende a limitar o cego, isolando-o a um canto, com a\u00a0escurid\u00e3o e seus pensamentos. No caso de Borges, n\u00e3o foi assim. Em vez de prend\u00ea-lo a um canto, f\u00ea-lo andar, mover-se, mudar de cidade, escolher o lugar para morrer, como se os olhos ainda o guiassem, j\u00e1 in\u00fateis para o gosto e a reflex\u00e3o da leitura.<\/em><br \/>\n<em>Que era Genebra para o mestre argentino? Ali vivera na adolesc\u00eancia, estudando no mesmo col\u00e9gio em que estudou Calvino, frequentando a mesma igreja protestante onde vai ser velado. Ao que suponho, Borges n\u00e3o se limitou a comprar, na Velha Genebra, t\u00e3o grata \u00e0s suas emo\u00e7\u00f5es de juventude, a casa onde iria morar, na companhia de Maria Kodama, amiga, olhos e secret\u00e1ria tamb\u00e9m teria escolhido o cemit\u00e9rio do Plainpalais como ch\u00e3o eletivo, dentro da cidade antiga, entre velhas \u00e1rvores na luz da primavera.<\/em><br \/>\n<em>Sempre a vontade firme do escritor comandando-lhe os atos da vida: alongando essa vontade firme al\u00e9m da morte. Nunca tive qualquer contato pessoal com ele, n\u00e3o obstante as muitas vezes em que se cruzaram nossos caminhos. Sempre preferi, \u00e0 sua figura humana, por mais singular que fosse e a obra em que ela sempre se projetou. Um livro de Borges era o pr\u00f3prio Borges, na singularidade de seu modo de ser e de existir.<\/em><br \/>\n<em>A morte, no seu caso, n\u00e3o altera, assim, meu relacionamento com ele, sen\u00e3o na medida em que o sil\u00eancio da figura humana passa a corresponder ao sil\u00eancio dos livros que n\u00e3o poder\u00e1 mais escrever. Poucos escritores, como homens, como seres vivos, como personalidades se transferiram de modo t\u00e3o aut\u00eantico para o instant\u00e2neo da fotografia quanto Jorge Luis Borges. Mesmo os momentos mais fugazes, ou as fotografias mais sofisticadas, sempre tiveram o poder imediato de nos obrigar a olhar Borges, para reconhecer que, na sua pessoa, havia sempre um elemento pr\u00f3prio, que nos levaria \u00e0 comunh\u00e3o de seus livros.<\/em><br \/>\n<em>Agora mesmo, sem ter qualquer retrato seu diante dos olhos, estou a<\/em><br \/>\n<em>Ver Borges, com uma p\u00e1lpebra levemente ca\u00edda, a outra levantada, enquanto as m\u00e3os finas se cruzam sobre o cabo da bengala. Lembro-me de ter visto a fotografia de outro mestre, Perez Gald\u00f3s, j\u00e1 cego, acompanhado por um grande c\u00e3o que o levava pelas ruas de Madri. Mas n\u00e3o lhe vi na figura o tra\u00e7o forte da individualidade liter\u00e1ria. Era um cego como os outros cegos, debaixo de seu bon\u00e9.<\/em><br \/>\n<em>Borges era diferente. Olhem de novo os seus retratos: tem uma express\u00e3o loquaz o seu rosto; n\u00e3o h\u00e1 indiferen\u00e7a pelo mundo, no seu semblante afirmativo. Pelo contr\u00e1rio: de seus retratos n\u00e3o se poder\u00e1 dizer que s\u00f3 faltam falar. Eles falam, realmente, transmitindo-nos algo que os livros n\u00e3o disseram e que exprimem uma vis\u00e3o pessoal.<\/em><br \/>\n<em>Borges, sem a luz dos olhos, reteve no semblante en\u00e9rgico a claridade que os olhos lhe recusavam.<\/em><\/p>\n<p style=\"text-align: right;\"><strong>Josu\u00e9 Montello &#8211; Di\u00e1rio Completo Volume II. Ed. Nova Aguilar<\/strong><\/p>\n<hr \/>\n<h2 style=\"text-align: center;\">A Quem Mais Tem, Mais Ser\u00e1 Dado<\/h2>\n<p><img loading=\"lazy\" decoding=\"async\" class=\" wp-image-2089 aligncenter\" src=\"https:\/\/nalua.in\/notas\/wp-content\/uploads\/2024\/06\/asdeourop.jpg\" alt=\"\" width=\"301\" height=\"507\" srcset=\"https:\/\/nalua.in\/notas\/wp-content\/uploads\/2024\/06\/asdeourop.jpg 350w, https:\/\/nalua.in\/notas\/wp-content\/uploads\/2024\/06\/asdeourop-178x300.jpg 178w, https:\/\/nalua.in\/notas\/wp-content\/uploads\/2024\/06\/asdeourop-150x252.jpg 150w\" sizes=\"auto, (max-width: 301px) 100vw, 301px\" \/><\/p>\n<p style=\"text-align: justify;\">A carta que vai reger esta semana \u00e9 o <strong>\u00c1s de Ouro<\/strong>. Esse arcano chega suave, como todos os ases. Ele traz consigo v\u00e1rios dons. No n\u00edvel divinat\u00f3rio, ele fala de <strong>recompensas, de ganhos por esfor\u00e7os<\/strong>. <strong>Seremos recompensados<\/strong> com algum ganho advindo de algum trabalho que executamos, ou de algo que nos custou muito. Em geral essa carta tem um car\u00e1ter de materialidade, ent\u00e3o \u00e9 mais prov\u00e1vel que venhamos a lidar com algum <strong>ganho material por esfor\u00e7os empreendidos<\/strong>. Tomemos este presente nas m\u00e3os. As recompensas de que fala o \u00c1s de Ouro em geral s\u00e3o <strong>recompensas mais cotidianas, mais mi\u00fadas<\/strong>, recompensas do cotidiano. Seremos pagos por alguma coisa, receberemos algum presente inesperado, mas nada t\u00e3o grandioso. Ele tamb\u00e9m anuncia que estamos num per\u00edodo muito bom para <strong>iniciar algum projeto<\/strong> que tenha a possibilidade de nos trazer ganhos materiais. Al\u00e9m disso, tamb\u00e9m diz que <strong>\u00e9 uma fase em que provavelmente termos sorte material<\/strong>, e que \u00e9 um momento prop\u00edcio para<strong> tratar da sa\u00fade<\/strong>.<br \/>\nMas em um n\u00edvel reflexivo, o \u00c1s de Ouro fala sobre <strong>talentos<\/strong>, e cobra de n\u00f3s o <strong>uso dos dons que nos foram entregues<\/strong>. Ele nos leva a pensar sobre<strong> o que estamos fazendo com os talentos que trouxemos e desenvolvemos ao longo da vida<\/strong>.<br \/>\nOs talentos pessoais podem ser aqueles para os quais n\u00e3o temos uma explica\u00e7\u00e3o l\u00f3gica, que seriam os que se chamavam \u201cinatos\u201d e tamb\u00e9m os adquiridos, que cultivamos e aprendemos.<br \/>\nSeja como for, os talentos, <strong>caso desejemos ter uma vida significativa<\/strong>, precisam ser <strong>cultivados<\/strong>, precisam da nossa aten\u00e7\u00e3o. <strong>Precisamos saber quais talentos n\u00e3o estamos usando e estamos deixando escorrer pelo ralo<\/strong>. Nunca \u00e9 tarde para exercitar um talento, nunca, acreditem. Entretanto, <strong>os talentos n\u00e3o se criam sozinhos<\/strong>, precisamos de exercit\u00e1-los e mand\u00e1-los para o mundo. Tamb\u00e9m \u00e9 preciso lembrar que n\u00e3o \u00e9 suficiente somente ter talento. J\u00e1 dizia James Baldwin:<\/p>\n<blockquote>\n<p style=\"text-align: justify;\"><em>\u201cO talento \u00e9 insignificante. Conhe\u00e7o muitos fracassados talentosos. Al\u00e9m do talento, contam tamb\u00e9m a disciplina, o amor, a sorte, mas, acima de tudo, a persist\u00eancia.\u201d<\/em><\/p>\n<\/blockquote>\n<p style=\"text-align: justify;\">O soci\u00f3logo Max Weber tamb\u00e9m escreveu:<\/p>\n<blockquote>\n<p style=\"text-align: justify;\"><em>\u201cAs ideias nos chegam quando lhes apraz, e n\u00e3o quando queremos. As melhores ideias ocorrem realmente \u00e0 nossa mente da forma que Ihering descreve: ao fumarmos um charuto no sof\u00e1; ou, como Helmholtz diz de si mesmo, com exatid\u00e3o cient\u00edfica: quando caminhamos por uma rua que sobe lentamente; ou de qualquer outra forma semelhante. De qualquer modo, as ideias chegam quando n\u00e3o as esperamos, e n\u00e3o quando estamos pensando e procurando em nossa mesma de trabalho\u201d<\/em><\/p>\n<\/blockquote>\n<p style=\"text-align: justify;\">Da\u00ed <strong>podemos concluir que precisamos usar nossos dons<\/strong>. J\u00e1 sabemos disso, n\u00e3o \u00e9 nenhuma novidade, mas precisamos ser lembrados que <strong>somos seres de talentos<\/strong>, que <strong>nossos dons s\u00e3o um presente para n\u00f3s mesmos, mas tamb\u00e9m s\u00e3o um presente para o universo<\/strong>. Vamos pensar em entregar nossos talentos para a coletividade, deixar esse mundo menos feio, jogar a beleza de nosso macarr\u00e3o delicioso ou de nossa linda bolsa de patchwork para o mundo. Vamos usar nossa aptid\u00e3o para aprender l\u00ednguas e traduzir belos poemas ou ensinar algu\u00e9m.<br \/>\nO \u00c1s de Ouro <strong>n\u00e3o est\u00e1 nos falando de virtuoses, de genialidades<\/strong>. Est\u00e1 falando de talento para fazer bem alguma coisa. <strong>N\u00e3o precisamos ser geniais para entregar beleza ao mundo.\u00a0<\/strong>Voc\u00eas n\u00e3o acham que podemos tornar o mundo um pouco menos frio, \u00e1rido e feio? Permane\u00e7am talentosos, meus queridos. Boa semana.<\/p>\n<p style=\"text-align: justify;\">P.S. Encerro com meu autor preferido, e essa frase, que coloquei na <em>bio<\/em> do meu WhatsApp:<\/p>\n<blockquote>\n<p style=\"text-align: justify;\"><em>&#8220;A beleza aqui \u00e9 como se a gente a bebesse, em copo, ta\u00e7a, longos, preciosos goles servida por Deus. \u00c9 de pensar que tamb\u00e9m h\u00e1 um direito \u00e0 beleza, que dar beleza a quem tem fome de beleza \u00e9 tamb\u00e9m um dever crist\u00e3o.&#8221;<\/em><\/p>\n<\/blockquote>\n<table style=\"width: 100%; border-collapse: collapse; background-color: #c8f0fa;\">\n<tbody>\n<tr>\n<td style=\"width: 100%;\"><img loading=\"lazy\" decoding=\"async\" class=\"size-full wp-image-2093 aligncenter\" src=\"https:\/\/nalua.in\/notas\/wp-content\/uploads\/2024\/06\/asourop.jpg\" alt=\"\" width=\"350\" height=\"572\" srcset=\"https:\/\/nalua.in\/notas\/wp-content\/uploads\/2024\/06\/asourop.jpg 350w, https:\/\/nalua.in\/notas\/wp-content\/uploads\/2024\/06\/asourop-184x300.jpg 184w, https:\/\/nalua.in\/notas\/wp-content\/uploads\/2024\/06\/asourop-150x245.jpg 150w\" sizes=\"auto, (max-width: 350px) 100vw, 350px\" \/><\/p>\n<h2 style=\"text-align: center;\"><strong>\u00c1s de Ouro<\/strong><\/h2>\n<p style=\"text-align: justify;\">A carta de tar\u00f4 \u00c1s de Ouros representa o in\u00edcio de algo novo e promissor, especialmente no que diz respeito a quest\u00f5es materiais e financeiras. Quando esta carta aparece em uma leitura, ela indica que existe a possibilidade de sucesso e prosperidade. O \u00c1s de Ouros simboliza a semente de uma grande oportunidade, que se apresenta de forma clara e concreta. Est\u00e1 associada \u00e0 estabilidade financeira, seguran\u00e7a e conquistas materiais. Ela tamb\u00e9m pode indicar a concretiza\u00e7\u00e3o de um projeto ou empreendimento, o in\u00edcio de um novo neg\u00f3cio ou a obten\u00e7\u00e3o de recursos financeiros.\u00a0Al\u00e9m disso, o \u00c1s de Ouros tamb\u00e9m est\u00e1 relacionado \u00e0 seguran\u00e7a e solidez. Representa a base s\u00f3lida sobre a qual o consulente pode construir um projeto material e financeiro. Esta carta sugere que o consulente est\u00e1 no caminho certo para alcan\u00e7ar seus objetivos no plano material e que pode contar com uma base s\u00f3lida para sustentar suas conquistas. No aspecto emocional, o \u00c1s de Ouros pode indicar que o consulente est\u00e1 se sentindo seguro e confiante. Tamb\u00e9m pode sugerir que o consulente est\u00e1 pronto para investir em seu pr\u00f3prio bem-estar material e emocional, buscando seguran\u00e7a e estabilidade em suas rela\u00e7\u00f5es afetivas. O <span style=\"font-family: inherit; font-size: inherit;\">\u00c1s de Ouros \u00e9 uma carta bastante positiva, que indica sucesso, prosperidade, estabilidade e seguran\u00e7a material.\u00a0<\/span><\/p>\n<\/td>\n<\/tr>\n<\/tbody>\n<\/table>\n<blockquote>\n<h2 style=\"text-align: center;\">O Alento de Clarice<\/h2>\n<\/blockquote>\n<p>ESCREVER<\/p>\n<p style=\"text-align: justify;\"><em>Escrever para jornal n\u00e3o \u00e9 t\u00e3o imposs\u00edvel: \u00e9 leve, tem que ser leve, e at\u00e9 mesmo superficial: o leitor, em rela\u00e7\u00e3o a jornal, n\u00e3o tem nem vontade nem tempo de se aprofundar.<\/em><br \/>\n<em>Mas escrever o que se tornar\u00e1 depois um livro exige \u00e0s vezes mais for\u00e7a do que aparentemente se tem.\u00a0Sobretudo quando se teve que inventar o pr\u00f3prio m\u00e9todo de trabalho, como eu e muitos outros. Quando conscientemente, aos 13 anos de idade, tomei posse da vontade de escrever \u2013 eu escrevia quando era crian\u00e7a, mas n\u00e3o tomara posse de um destino \u2013 quando tomei posse da vontade de escrever, vi-me de repente num v\u00e1cuo. E nesse v\u00e1cuo n\u00e3o havia quem pudesse me ajudar.<\/em><br \/>\n<em>Eu tinha eu mesma que me erguer de um nada, tinha eu mesma que me entender, eu mesma inventar por assim dizer a minha verdade. Comecei, e nem sequer era pelo come\u00e7o. Os pap\u00e9is se juntavam um ao outro \u2013 o sentido se contradizia, o desespero de n\u00e3o poder era um obst\u00e1culo a mais para realmente n\u00e3o poder. A hist\u00f3ria intermin\u00e1vel que ent\u00e3o comecei a escrever (com muita influ\u00eancia de O\u00a0lobo da estepe,\u00a0Hermann Hesse), que pena eu n\u00e3o a ter conservado: rasguei, desprezando todo um esfor\u00e7o quase sobre-humano de aprendizagem, de autoconhecimento. E tudo era feito em tal segredo. Eu n\u00e3o contava a ningu\u00e9m, vivia aquela dor sozinha. Uma coisa eu j\u00e1 adivinhava: era preciso tentar escrever sempre, n\u00e3o esperar por um momento melhor porque este simplesmente n\u00e3o vinha. Escrever sempre me foi dif\u00edcil, embora tivesse partido do que se chama voca\u00e7\u00e3o. Voca\u00e7\u00e3o \u00e9 diferente de talento. Pode-se ter voca\u00e7\u00e3o e n\u00e3o ter talento, isto \u00e9, pode-se ser chamado e n\u00e3o saber como ir.<\/em><\/p>\n<p style=\"text-align: right;\"><strong>Clarice Lispector &#8211; Todas as Cr\u00f4nicas &#8211; Ed. Rocco<\/strong><\/p>\n<table style=\"width: 100%; border-collapse: collapse; background-color: #bfd9f5;\">\n<tbody>\n<tr>\n<td style=\"width: 100%;\">\n<h2 style=\"text-align: center;\"><strong>As Par\u00e1bolas e os Talentos<\/strong><\/h2>\n<p style=\"text-align: justify;\"><em><strong>Se tem algo que ajuda a realizar os nossos talentos \u00e9 a arte. Muita arte, sempre arte, todo dia arte. Talentos e privil\u00e9gios. E se n\u00e3o ajudar nisso valeu \u00e0 pena mesmo assim. E quase toda arte j\u00e1 diz de si: talento.<\/strong><\/em><\/p>\n<\/td>\n<\/tr>\n<\/tbody>\n<\/table>\n<h3 style=\"text-align: center;\">Livro<\/h3>\n<p>&nbsp;<\/p>\n<p><img loading=\"lazy\" decoding=\"async\" class=\"wp-image-2095 aligncenter\" src=\"https:\/\/nalua.in\/notas\/wp-content\/uploads\/2024\/06\/leonarddavincip.jpg\" alt=\"\" width=\"301\" height=\"441\" srcset=\"https:\/\/nalua.in\/notas\/wp-content\/uploads\/2024\/06\/leonarddavincip.jpg 350w, https:\/\/nalua.in\/notas\/wp-content\/uploads\/2024\/06\/leonarddavincip-205x300.jpg 205w, https:\/\/nalua.in\/notas\/wp-content\/uploads\/2024\/06\/leonarddavincip-150x220.jpg 150w\" sizes=\"auto, (max-width: 301px) 100vw, 301px\" \/><\/p>\n<p style=\"text-align: justify;\"><strong>Lenoardo da Vinci &#8211; Walter Isaacson. <em>Falar de talentos e n\u00e3o lembrar de Leonardo da Vinci \u00e9 imposs\u00edvel. Na verdade aqui vai a indica\u00e7\u00e3o muito mais de uma pessoa do que de um livro. O ser humano mais genial que j\u00e1 habitou a terra foi Leonardo, \u00e9 preciso beber da genialidade dele pra conseguir que nossos talentos t\u00e3o parcos aflorem melhor. Eu n\u00e3o sei se essa biografia \u00e9 boa, n\u00e3o sei explicar porque tenho algum p\u00e9 atr\u00e1s com ela. Mas \u00e9 mais famosa, ent\u00e3o fica a\u00ed pra lembrar do cara que foi Leonardo.<\/em><\/strong><\/p>\n<hr \/>\n<p style=\"text-align: justify;\">Com base em milhares de p\u00e1ginas dos impressionantes cadernos que Leonardo manteve ao longo de boa parte da vida e nas mais recentes descobertas sobre sua obra e sua trajet\u00f3ria, Walter Isaacson, bi\u00f3grafo de Einstein e Steve Jobs, tece uma narrativa que conecta arte e ci\u00eancia, revelando faces in\u00e9ditas da hist\u00f3ria de Leonardo. Desfazendo-se da aura de super-humano muitas vezes atribu\u00edda ao artista, Isaacson mostra que a genialidade de Leonardo estava fundamentada em caracter\u00edsticas bastante palp\u00e1veis, como a curiosidade, uma enorme capacidade de observa\u00e7\u00e3o e uma imagina\u00e7\u00e3o t\u00e3o f\u00e9rtil que flertava com a fantasia.<\/p>\n<p style=\"text-align: justify;\">Leonardo criou duas das mais famosas obras de arte de todos os tempos, A \u00daltima Ceia e Mona Lisa, mas se considerava apenas um homem da ci\u00eancia e da tecnologia \u2015 curiosamente, uma de suas maiores ambi\u00e7\u00f5es era ser reconhecido como engenheiro militar. Com uma paix\u00e3o que \u00e0s vezes se tornava obsessiva, ele elaborou estudos inovadores de anatomia, f\u00f3sseis, o voo dos p\u00e1ssaros, o cora\u00e7\u00e3o, m\u00e1quinas voadoras, bot\u00e2nica, geologia, hidr\u00e1ulica, armamentos e fortifica\u00e7\u00f5es. A habilidade para entrela\u00e7ar humanidades e ci\u00eancia, tornada ic\u00f4nica com o desenho do Homem vitruviano, fez dele o g\u00eanio mais criativo da hist\u00f3ria.<\/p>\n<p style=\"text-align: justify;\">Filho ileg\u00edtimo, \u00e0 margem da educa\u00e7\u00e3o formal, gay, vegetariano, canhoto, distra\u00eddo e, por vezes, her\u00e9tico, o Leonardo desenhado nesta biografia \u00e9 uma pessoa real, extraordin\u00e1ria pela pluralidade de interesses e pelo prazer que tinha em combin\u00e1-los. Um livro indispens\u00e1vel n\u00e3o s\u00f3 pelo car\u00e1ter \u00fanico de representar integralmente o artista Leonardo, mas como um retrato da capacidade humana de inovar, da import\u00e2ncia de n\u00e3o apenas assimilar conhecimento, mas ter a disposi\u00e7\u00e3o para question\u00e1-lo, ser imaginativo e, como v\u00e1rios desajustados e rebeldes de todas as eras, pensar diferente.<\/p>\n<hr \/>\n<h3 style=\"text-align: center;\">O Livro que eu estou lendo<\/h3>\n<p><img loading=\"lazy\" decoding=\"async\" class=\" wp-image-2098 aligncenter\" src=\"https:\/\/nalua.in\/notas\/wp-content\/uploads\/2024\/06\/ritaleep.jpg\" alt=\"\" width=\"300\" height=\"443\" srcset=\"https:\/\/nalua.in\/notas\/wp-content\/uploads\/2024\/06\/ritaleep.jpg 350w, https:\/\/nalua.in\/notas\/wp-content\/uploads\/2024\/06\/ritaleep-203x300.jpg 203w, https:\/\/nalua.in\/notas\/wp-content\/uploads\/2024\/06\/ritaleep-150x222.jpg 150w\" sizes=\"auto, (max-width: 300px) 100vw, 300px\" \/><\/p>\n<p style=\"text-align: justify;\"><strong>Autobiografia &#8211; <\/strong><strong>Rita Lee. Outra pessoa talentosa. Colocou seu talento no mundo e alegrou muitas vidas\u00a0 at\u00e9 a sua viagem de volta. Eu ainda n\u00e3o terminei, mas \u00e9 muito interessante, pra mim que n\u00e3o leio muita biografia, ver a hist\u00f3ria de uma personagem t\u00e3o nossa, que ocupou a trilha sonora, liter\u00e1ria, imag\u00e9tica da minha vida.\u00a0 Que pessoa interessante e cheia de cor. Pena que j\u00e1 se foi. O mundo ficando mais pobre. Por isso tamb\u00e9m, temos que colocar o talento na pra\u00e7a. N\u00e3o tentem ser virtuoses, s\u00f3 n\u00e3o vamos deixar essa gente feia e m\u00e1 ocupar todos os espa\u00e7os, por favor.<\/strong><\/p>\n<hr \/>\n<p style=\"text-align: justify;\">\u201cDo primeiro disco voador ao \u00faltimo porre, Rita \u00e9 consistente. Corajosa. Sem culpa nenhuma. Tanto que, ao ler o livro, v\u00e1rias vezes temos a sensa\u00e7\u00e3o de estar diante de uma bio n\u00e3o autorizada, tamanha a honestidade nas hist\u00f3rias. A inf\u00e2ncia e os primeiros passos na vida art\u00edstica; sua pris\u00e3o em 1976; o encontro de almas com Roberto de Carvalho; o nascimento dos filhos, das m\u00fasicas e dos discos cl\u00e1ssicos; os trope\u00e7os e as gl\u00f3rias.<br \/>\nEst\u00e1 tudo l\u00e1. E voc\u00ea pode ter certeza: essa \u00e9 a obra mais pessoal que ela poderia entregar de presente para n\u00f3s. Rita cuidou de tudo. Escreveu, escolheu as fotos e criou as legendas e at\u00e9 decidiu a ordem das imagens , fez a capa, pensou na contracapa, nas orelhas&#8230; Entregou o livro assim: prontinho. Sua ess\u00eancia est\u00e1 nessas p\u00e1ginas. E \u00e9 exatamente desse modo que a Globo Livros coloca a autobiografia da nossa estrela maior no mercado.\u201d<\/p>\n<hr \/>\n<h3 style=\"text-align: center;\">Filme<\/h3>\n<p><img loading=\"lazy\" decoding=\"async\" class=\" wp-image-2100 aligncenter\" src=\"https:\/\/nalua.in\/notas\/wp-content\/uploads\/2024\/06\/comoaguaparachocolate.jpg\" alt=\"\" width=\"300\" height=\"439\" srcset=\"https:\/\/nalua.in\/notas\/wp-content\/uploads\/2024\/06\/comoaguaparachocolate.jpg 350w, https:\/\/nalua.in\/notas\/wp-content\/uploads\/2024\/06\/comoaguaparachocolate-205x300.jpg 205w, https:\/\/nalua.in\/notas\/wp-content\/uploads\/2024\/06\/comoaguaparachocolate-150x219.jpg 150w\" sizes=\"auto, (max-width: 300px) 100vw, 300px\" \/><\/p>\n<p style=\"text-align: justify;\"><strong>Como \u00c1gua para Chocolate &#8211; Alfonso Arau &#8211; 1992. <em>Baseado em livro hom\u00f4nimo de Laura Esquivel.\u00a0 Um filme mexicano lindo, sobre uma mo\u00e7a pra l\u00e1 de talentosa. Uma mo\u00e7a que tem um dom especial e inusitado. \u00c9 a bel\u00edssima hist\u00f3ria de amor desta mo\u00e7a.\u00a0 Filme bonito, daqueles que vi bem jovem e que formou meu car\u00e1ter. Tem uma hist\u00f3ria muito boa de acompanhar e \u00e9 um \u00f3timo filme. D\u00e1 pra ver o que um talento \u00e9 capaz de fazer numa fam\u00edlia, numa aldeia, no mundo&#8230;<\/em><\/strong><\/p>\n<hr \/>\n<p style=\"text-align: justify;\">Dois jovens perdidamente apaixonados t\u00eam que se separar por decis\u00e3o da m\u00e3e da mo\u00e7a. Entre cheiros e sabores da comida mexicana, o sofrimento acaba sendo enorme e prolongado.\u00a0Como \u00c1gua para Chocolate \u00e9 um filme mexicano de 1992, do g\u00eanero drama, dirigido por Alfonso Arau. O roteiro foi escrito por Laura Esquivel, baseado no romance hom\u00f4nimo de sua autoria.\u00a0Em 1994, a revista mexicana Somos incluiu Como \u00e1gua para chocolate na lista dos 100 melhores filmes do cinema mexicano.<\/p>\n<p style=\"text-align: justify;\">Tita nasceu na cozinha da casa da fam\u00edlia, enquanto sua m\u00e3e cortava cebolas. Logo em seguida, seu pai morreu de um ataque card\u00edaco ao ter sua paternidade questionada. Por essa raz\u00e3o, Tita tornou-se v\u00edtima de uma tradi\u00e7\u00e3o local, que dizia que a filha mais nova n\u00e3o poderia casar para cuidar de sua m\u00e3e at\u00e9 a morte.\u00a0Ao crescer, Tita se apaixona por Pedro Muzquiz, que corresponde ao sentimento e deseja se casar com ela, mas a m\u00e3e da mo\u00e7a pro\u00edbe o casamento, e sugere que ele se case com Rosaura, a irm\u00e3 dois anos mais velha de Tita. O rapaz aceita, pois essa \u00e9 a \u00fanica maneira de se manter perto de Tita.<\/p>\n<hr \/>\n<h3 style=\"text-align: center;\">S\u00e9rie<\/h3>\n<p><img loading=\"lazy\" decoding=\"async\" class=\"wp-image-2096 aligncenter\" src=\"https:\/\/nalua.in\/notas\/wp-content\/uploads\/2024\/06\/filters_quality70.jpg\" alt=\"\" width=\"299\" height=\"449\" srcset=\"https:\/\/nalua.in\/notas\/wp-content\/uploads\/2024\/06\/filters_quality70.jpg 396w, https:\/\/nalua.in\/notas\/wp-content\/uploads\/2024\/06\/filters_quality70-200x300.jpg 200w, https:\/\/nalua.in\/notas\/wp-content\/uploads\/2024\/06\/filters_quality70-150x225.jpg 150w\" sizes=\"auto, (max-width: 299px) 100vw, 299px\" \/><\/p>\n<p style=\"text-align: justify;\"><strong>Midnight Dinner &#8211; Joji Matsuoka &#8211; 2016. <em>Para a logoterapia um dos pilares de uma exist\u00eancia significativa e satisfat\u00f3ria \u00e9 o ato de doar algo ao mundo. Essa atitude \u00e9 o que quis mostrar um pouco quando falei de desenvolvermos talentos e colocarmos a servi\u00e7o do mundo. Isso \u00e9 um mote que \u00e9 mostrado de maneira t\u00e3o delicada e t\u00e3o linda e t\u00e3o suspirante nesta s\u00e9rie. Que del\u00edcia de s\u00e9rie, que maravilha ver. O mestre, dono e cozinheiro do restaurante que s\u00f3 abre nas madrugadas de T\u00f3quio \u00e9 um personagem que entrega ao mundo seus maiores talentos, cozinhar, acolher e ouvir. E ele faz com maestria e m\u00e1gica todas essas coisas. A s\u00e9rie \u00e9 um deleite, eu recomendo pra todo mundo, \u00e9 encantadora.\u00a0<\/em><\/strong><\/p>\n<hr \/>\n<p style=\"text-align: justify;\">&#8220;Midnight Diner: Tokyo Stories&#8221; \u00e9 uma s\u00e9rie de televis\u00e3o japonesa que ganhou popularidade internacional ao ser transmitida pela Netflix. A s\u00e9rie \u00e9 baseada no mang\u00e1 &#8220;Shinya Shokud\u014d&#8221; de Yar\u014d Abe e foi adaptada para a televis\u00e3o em 2009 no Jap\u00e3o e em 2016 pela Netflix. A trama se desenrola em um pequeno restaurante de T\u00f3quio, que abre da meia-noite \u00e0s sete da manh\u00e3, e \u00e9 comandado por um misterioso chef conhecido como &#8220;Mestre&#8221;.Cada hist\u00f3ria \u00e9 centrada em um prato espec\u00edfico, e os clientes do restaurante compartilham suas experi\u00eancias de vida enquanto desfrutam de uma refei\u00e7\u00e3o tardia. O ambiente acolhedor do restaurante proporciona um espa\u00e7o seguro para os personagens revelarem suas hist\u00f3rias pessoais, e o Mestre muitas vezes desempenha um papel crucial ao oferecer conselhos s\u00e1bios e compreens\u00e3o.\u00a0Cada epis\u00f3dio apresenta um elenco diferente de personagens, o que permite explorar uma ampla gama de hist\u00f3rias emocionantes e comoventes. Al\u00e9m disso, a s\u00e9rie oferece uma vis\u00e3o \u00fanica da vida cotidiana em T\u00f3quio, mostrando a diversidade cultural e as tradi\u00e7\u00f5es culin\u00e1rias da cidade.\u00a0Um dos aspectos mais interessantes de &#8220;Midnight Diner: Tokyo Stories&#8221; \u00e9 a maneira como a comida \u00e9 usada como um fio condutor para conectar as hist\u00f3rias dos personagens. Cada prato tem um significado simb\u00f3lico e emocional, e muitas vezes desencadeia mem\u00f3rias e emo\u00e7\u00f5es profundas nos clientes do restaurante.\u00a0Al\u00e9m disso, a s\u00e9rie tamb\u00e9m oferece uma reflex\u00e3o sobre a import\u00e2ncia da tradi\u00e7\u00e3o e da conex\u00e3o humana. O restaurante torna-se um ponto de encontro para pessoas de diferentes origens e idades, e as hist\u00f3rias entrela\u00e7adas demonstram como a comida pode unir as pessoas e proporcionar conforto em momentos dif\u00edceis.\u00a0&#8220;Midnight Diner: Tokyo Stories&#8221; \u00e9 uma s\u00e9rie encantadora que combina elementos de drama, com\u00e9dia e gastronomia de uma maneira \u00fanica. A atmosfera acolhedora do restaurante, juntamente com as hist\u00f3rias emocionantes dos personagens, cativa o espectador e proporciona uma experi\u00eancia envolvente. A s\u00e9rie \u00e9 um lembrete do poder transformador da comida e das conex\u00f5es humanas.<\/p>\n<hr \/>\n<h3 style=\"text-align: center;\">Document\u00e1rio<\/h3>\n<p><img loading=\"lazy\" decoding=\"async\" class=\"size-full wp-image-2101 aligncenter\" src=\"https:\/\/nalua.in\/notas\/wp-content\/uploads\/2024\/06\/2kQTN26M1IfK1M3rh3PKgSQmUF3p.jpg\" alt=\"\" width=\"350\" height=\"525\" srcset=\"https:\/\/nalua.in\/notas\/wp-content\/uploads\/2024\/06\/2kQTN26M1IfK1M3rh3PKgSQmUF3p.jpg 350w, https:\/\/nalua.in\/notas\/wp-content\/uploads\/2024\/06\/2kQTN26M1IfK1M3rh3PKgSQmUF3p-200x300.jpg 200w, https:\/\/nalua.in\/notas\/wp-content\/uploads\/2024\/06\/2kQTN26M1IfK1M3rh3PKgSQmUF3p-150x225.jpg 150w\" sizes=\"auto, (max-width: 350px) 100vw, 350px\" \/><\/p>\n<p style=\"text-align: justify;\"><strong>A Vida e Arte de Stanis\u0142aw Szukalski &#8211; Irek Dobrowolski<em> &#8211; 2018. &#8220;Eu coloco Rodin em um bolso e Michelangelo no outro e ando em dire\u00e7\u00e3o ao sol&#8221;.<\/em> <sup id=\"cite_ref-:4_2-1\" class=\"reference\"><\/sup><em>Esse \u00e9 um dos melhores document\u00e1rios que j\u00e1 vi na vida. O melhor do ano, e um dos melhores de todos os tempos. Mostra a vida e o talento desse escultor polon\u00eas esquecido, mas t\u00e3o peculiar, t\u00e3o estranho que \u00e9 imposs\u00edvel ficar indiferente diante da hist\u00f3ria dele. Eu fiquei completamente perturbada com esse document\u00e1rio, minha cabe\u00e7a explodiu, como se diz hoje em dia. A hist\u00f3ria \u00e9 ineressante demais e vale \u00e0 pena ser conhecida. Fora que a arte do cara \u00e9 simplesmente espetacular, Assitam, assistam. \u00c9 uma tremenda hist\u00f3ria sobre o uso do talento. E sobre como a vida pode ser louca e fugir de qualquer roteiro.<\/em><\/strong><\/p>\n<hr \/>\n<p style=\"text-align: justify;\">Artistas em Los Angeles descobrem o trabalho do esquecido escultor polon\u00eas Stanislav Szukalski, um g\u00eanio louco com uma hist\u00f3ria mais louca ainda.\u00a0O document\u00e1rio &#8220;Struggle \u2013 A vida e a arte de Stanislaw Szukalski&#8221; \u00e9 uma obra que mergulha na vida e na obra do artista polon\u00eas Stanislaw Szukalski, um dos mais controversos e enigm\u00e1ticos artistas do s\u00e9culo XX. Dirigido por Irek Dobrowolski e produzido por Leonardo DiCaprio, o filme apresenta uma vis\u00e3o abrangente da vida e da arte deste artista singular.\u00a0Stanislaw Szukalski nasceu na Pol\u00f4nia em 1893 e desde cedo demonstrou um talento excepcional para as artes visuais. Ao longo de sua vida, ele desenvolveu um estilo \u00fanico, influenciado por diversas correntes art\u00edsticas, como o expressionismo e o cubismo. Sua obra abrange uma variedade de temas, desde retratos e paisagens at\u00e9 esculturas monumentais, sempre marcadas por uma intensa carga emocional e um profundo senso de humanidade.\u00a0No entanto, a vida de Szukalski foi marcada por uma s\u00e9rie de trag\u00e9dias e controv\u00e9rsias. Durante a Segunda Guerra Mundial, ele foi for\u00e7ado a deixar a Pol\u00f4nia e se refugiar nos Estados Unidos.\u00a0O document\u00e1rio &#8220;Struggle&#8221; mergulha profundamente nesse contexto, explorando n\u00e3o apenas a obra de Szukalski, mas tamb\u00e9m sua vida pessoal e as circunst\u00e2ncias que moldaram sua vis\u00e3o de mundo. O\u00a0document\u00e1rio tamb\u00e9m aborda a redescoberta recente da obra de Szukalski, que tem sido objeto de um renovado interesse por parte do p\u00fablico e da cr\u00edtica.<\/p>\n<hr \/>\n<h3><img loading=\"lazy\" decoding=\"async\" class=\"size-full wp-image-2106 aligncenter\" src=\"https:\/\/nalua.in\/notas\/wp-content\/uploads\/2024\/06\/joanatalentop.jpg\" alt=\"\" width=\"360\" height=\"388\" srcset=\"https:\/\/nalua.in\/notas\/wp-content\/uploads\/2024\/06\/joanatalentop.jpg 360w, https:\/\/nalua.in\/notas\/wp-content\/uploads\/2024\/06\/joanatalentop-278x300.jpg 278w, https:\/\/nalua.in\/notas\/wp-content\/uploads\/2024\/06\/joanatalentop-150x162.jpg 150w\" sizes=\"auto, (max-width: 360px) 100vw, 360px\" \/><\/h3>\n<hr \/>\n<h3 style=\"text-align: center;\">\u266b Playlist<\/h3>\n<p style=\"text-align: center;\"><em>A Violeira \u2013 Monica Salmaso<\/em><br \/>\n<em>Cantar \u2013 Paulinho Pedra Azul<\/em><br \/>\n<em>Mais uma vez \u2013 Legi\u00e3o Urbana<\/em><br \/>\n<em>Tocando Em Frente \u2013 Almir Sater<\/em><br \/>\n<em>Maria Maria \u2013 Milton Nascimento<\/em><br \/>\n<em>Aquarela \u2013 Toquinho<\/em><br \/>\n<em>Se liga a\u00ed \u2013 Gabriel O pensador<\/em><br \/>\n<em>Express Yourself \u2013 Madonna<\/em><br \/>\n<em>Meninos e Meninas \u2013 Legi\u00e3o Urbana<\/em><br \/>\n<em>Tente outra vez \u2013 Raul Seixas<\/em><br \/>\n<em>Eu Quero \u00c9 Botar Meu Bloco Na Rua \u2013 S\u00e9rgio Sampaio<\/em><br \/>\n<em>Amor Pra Recome\u00e7ar \u2013 Frejat<\/em><br \/>\n<em>Quando O Sol Bater Na Janela Do Seu Quarto \u2013 Legi\u00e3o Urbana<\/em><br \/>\n<em>O Sol Nascer\u00e1 \u2013 Cartola<\/em><br \/>\n<em>I Feel Good \u2013 James Brown<\/em><br \/>\n<em>Um Homem Tamb\u00e9m Chora \u2013 Gonzaguinha<\/em><br \/>\n<em>Bem Vindo \u2013 Luiza Caspary &amp; Jair de Oliveira<\/em><br \/>\n<em>Meu Mundo E Nada Mais \u2013 Guilherme Arantes<\/em><br \/>\n<em>De volta ao come\u00e7o \u2013 Gonzaguinha<\/em><br \/>\n<em>Traumas \u2013 Roberto Carlos<\/em><\/p>\n<hr \/>\n<h3 style=\"text-align: center;\">Para o Bloomsday:<\/h3>\n<p><img loading=\"lazy\" decoding=\"async\" class=\"wp-image-2111 aligncenter\" src=\"https:\/\/nalua.in\/notas\/wp-content\/uploads\/2024\/06\/91rOgmnZpJS._AC_UF10001000_QL80_.jpg\" alt=\"\" width=\"250\" height=\"385\" srcset=\"https:\/\/nalua.in\/notas\/wp-content\/uploads\/2024\/06\/91rOgmnZpJS._AC_UF10001000_QL80_.jpg 650w, https:\/\/nalua.in\/notas\/wp-content\/uploads\/2024\/06\/91rOgmnZpJS._AC_UF10001000_QL80_-195x300.jpg 195w, https:\/\/nalua.in\/notas\/wp-content\/uploads\/2024\/06\/91rOgmnZpJS._AC_UF10001000_QL80_-150x231.jpg 150w\" sizes=\"auto, (max-width: 250px) 100vw, 250px\" \/><\/p>\n<p style=\"text-align: center;\"><em><strong>Mrs Dalloway &#8211; Virginia Woolf.\u00a0Um dos melhores livros da hist\u00f3ria da literatura. Porque ela comprava as pr\u00f3prias flores.\u00a0<\/strong><\/em><\/p>\n<hr \/>\n<h3 style=\"text-align: center;\">Link<\/h3>\n<p style=\"text-align: center;\"><span style=\"color: #000000;\"><a style=\"color: #000000;\" href=\"https:\/\/g1.globo.com\/pb\/paraiba\/noticia\/2015\/07\/artista-e-filho-de-ariano-suassuna-relembra-obra-do-pai-em-exposicao.html\" target=\"_blank\" rel=\"noopener\">Ariano Suassuna, aniversariamente do dia, <em>que Deus o tenha em bom lugar<\/em>, tamb\u00e9m pintava, e tinha talento.<\/a><\/span><\/p>\n<p>&nbsp;<\/p>\n<table style=\"width: 100%; border-collapse: collapse; background-color: #abf7f6;\">\n<tbody>\n<tr>\n<td style=\"width: 100%;\">\n<p style=\"text-align: center;\"><em>Talento \u00e9 uma faca cega que n\u00e3o corta nada.<\/em><\/p>\n<p style=\"text-align: center;\"><strong>Stephen King<\/strong><\/p>\n<\/td>\n<\/tr>\n<\/tbody>\n<\/table>\n<p style=\"text-align: center;\"><span style=\"font-size: 8pt;\">16 de junho \u00e9 o 167.\u00ba dia do ano no calend\u00e1rio gregoriano (168.\u00ba em anos bissextos). Faltam 198 dias para acabar o ano.<\/span><\/p>\n<hr \/>\n<p style=\"text-align: center;\"><span style=\"font-size: 10pt;\">Post com a colabora\u00e7\u00e3o de\u00a0<a href=\"http:\/\/instagram.com\/laismeralda\" target=\"_blank\" rel=\"noopener\">@laismeralda, que \u00e9 a<em>\u00a0melhor cartomante do peda\u00e7o, marque sua consulta com ela.<\/em><\/a><\/span><\/p>\n<hr \/>\n<p style=\"text-align: justify;\"><em>Se voc\u00ea leu at\u00e9 aqui, obrigada! Esse \u00e9 o meu almanaque particular. Um peda\u00e7o do meu di\u00e1rio, da minha arca da velha, um registro de pequenas efem\u00e9rides, de coisas que quero guardar, do tempo, do vento, do c\u00e9u e do cheiro da chuva. Os Vest\u00edgios do Dia, meus dias. Aqui s\u00f3 tem refer\u00eancias, pois \u00e9 disso que sou feita.<\/em><\/p>\n<table style=\"width: 100%; border-collapse: collapse; background-color: #fcd9d9;\">\n<tbody>\n<tr>\n<td style=\"width: 99.9432%; text-align: center;\">\u00a9 Nalua \u2013 Caderninho pessoal, bauzinho de trapos coloridos, nos morros de Minas Gerais. Outono, e o mundo t\u00e1 caindo.<\/td>\n<\/tr>\n<\/tbody>\n<\/table>\n","protected":false},"excerpt":{"rendered":"<p>n\u00e3o tem carranca, nem trator, nem alavanca Belo Horizonte, 16 de junho de 2024. \u2600\ufe0f 13\u00b0- 26\u00b0 Hoje \u00e9 Bloomsday. Um dia depois do anivers\u00e1rio [&#8230;]<\/p>\n","protected":false},"author":1,"featured_media":0,"comment_status":"open","ping_status":"open","sticky":false,"template":"","format":"standard","meta":{"footnotes":""},"categories":[9],"tags":[],"class_list":["post-2087","post","type-post","status-publish","format-standard","hentry","category-almanaque"],"_links":{"self":[{"href":"https:\/\/nalua.in\/notas\/wp-json\/wp\/v2\/posts\/2087","targetHints":{"allow":["GET"]}}],"collection":[{"href":"https:\/\/nalua.in\/notas\/wp-json\/wp\/v2\/posts"}],"about":[{"href":"https:\/\/nalua.in\/notas\/wp-json\/wp\/v2\/types\/post"}],"author":[{"embeddable":true,"href":"https:\/\/nalua.in\/notas\/wp-json\/wp\/v2\/users\/1"}],"replies":[{"embeddable":true,"href":"https:\/\/nalua.in\/notas\/wp-json\/wp\/v2\/comments?post=2087"}],"version-history":[{"count":17,"href":"https:\/\/nalua.in\/notas\/wp-json\/wp\/v2\/posts\/2087\/revisions"}],"predecessor-version":[{"id":2116,"href":"https:\/\/nalua.in\/notas\/wp-json\/wp\/v2\/posts\/2087\/revisions\/2116"}],"wp:attachment":[{"href":"https:\/\/nalua.in\/notas\/wp-json\/wp\/v2\/media?parent=2087"}],"wp:term":[{"taxonomy":"category","embeddable":true,"href":"https:\/\/nalua.in\/notas\/wp-json\/wp\/v2\/categories?post=2087"},{"taxonomy":"post_tag","embeddable":true,"href":"https:\/\/nalua.in\/notas\/wp-json\/wp\/v2\/tags?post=2087"}],"curies":[{"name":"wp","href":"https:\/\/api.w.org\/{rel}","templated":true}]}}