{"id":2052,"date":"2024-06-01T19:57:36","date_gmt":"2024-06-01T19:57:36","guid":{"rendered":"https:\/\/nalua.in\/notas\/?p=2052"},"modified":"2024-06-02T04:19:33","modified_gmt":"2024-06-02T04:19:33","slug":"me-vi-sorridente-escovando-os-dentes","status":"publish","type":"post","link":"https:\/\/nalua.in\/notas\/me-vi-sorridente-escovando-os-dentes\/","title":{"rendered":""},"content":{"rendered":"<p style=\"text-align: center;\"><a href=\"https:\/\/telegra.ph\/Fe-na-Luta-06-01\" target=\"_blank\" rel=\"noopener\"><span style=\"font-size: 8pt;\">me vi sorridente escovando os dentes<\/span><\/a><br \/>\n<img loading=\"lazy\" decoding=\"async\" class=\"size-full wp-image-2039 aligncenter\" src=\"https:\/\/nalua.in\/notas\/wp-content\/uploads\/2024\/05\/almanaque.jpg\" alt=\"\" width=\"542\" height=\"139\" srcset=\"https:\/\/nalua.in\/notas\/wp-content\/uploads\/2024\/05\/almanaque.jpg 542w, https:\/\/nalua.in\/notas\/wp-content\/uploads\/2024\/05\/almanaque-300x77.jpg 300w, https:\/\/nalua.in\/notas\/wp-content\/uploads\/2024\/05\/almanaque-150x38.jpg 150w\" sizes=\"auto, (max-width: 542px) 100vw, 542px\" \/><\/p>\n<p style=\"text-align: center;\"><strong>Belo Horizonte, 02 de junho de 2024<\/strong><\/p>\n<p style=\"text-align: center;\"><strong>\ud83c\udf24\ufe0f 15\u00b0 \u2013 25\u00b0<\/strong><\/p>\n<hr \/>\n<p style=\"text-align: justify;\">02 de junho \u00e9\u00a0Dia Internacional da Prostituta e\u00a0 Dia Nacional de Combate \u00e0 Cefaleia. Em <strong>455<\/strong> os <span style=\"text-decoration: underline;\">v\u00e2ndalos<\/span> entraram em Roma e saquearam a cidade por duas semanas. Em <strong>1692<\/strong> <span style=\"text-decoration: underline;\">Bridget Bishop<\/span> foi a primeira pessoa a ser julgada por bruxaria em Salem. Em <strong>1863<\/strong> <span style=\"text-decoration: underline;\">Harriet Tubman<\/span> liberta uma multid\u00e3o de escravos e se torna a primeira mulher, e certamente a primeira negra, a liderar um ataque militar na Guerra Civil americana. Em <strong>1875<\/strong> <span style=\"text-decoration: underline;\">Alexander Graham Bell<\/span> faz a primeira transmiss\u00e3o de som.\u00a0 Em <strong>1896<\/strong> <span style=\"text-decoration: underline;\">Guglielmo Marconi<\/span> solicita a primeira patente para o tel\u00e9grafo sem fio. Em <strong>1964<\/strong> acontece a cia\u00e7\u00e3o da <span style=\"text-decoration: underline;\">Organiza\u00e7\u00e3o para a Liberta\u00e7\u00e3o da Palestina<\/span> (OLP). Em <strong>1959<\/strong> <span style=\"text-decoration: underline;\">Allen Ginsberg<\/span> escreve seu poema <em>\u00c1cido Lis\u00e9rgico<\/em>. Em <strong>1967<\/strong> acontece o lan\u00e7amento do \u00e1lbum &#8220;<span style=\"text-decoration: underline;\">Sgt. Pepper&#8217;s Lonely Hearts Club Band<\/span>&#8220;. Em <strong>1989<\/strong> estreia\u00a0 &#8220;<span style=\"text-decoration: underline;\">Sociedade dos Poetas Mortos<\/span>&#8220;. Em \u00a02002 estreia &#8220;<span style=\"text-decoration: underline;\">The Wire<\/span>&#8220;, uma das melhores s\u00e9ries de todos os tempos. Em <strong>1740<\/strong> nasce o <span style=\"text-decoration: underline;\">Marqu\u00eas de Sade<\/span>, em <strong>1743<\/strong> chega <span style=\"text-decoration: underline;\">Cagliostro<\/span>, em <strong>1840<\/strong> <span style=\"text-decoration: underline;\">Thomas Hardy<\/span>, em <strong>1942<\/strong> <span style=\"text-decoration: underline;\">Alba Zaluar<\/span>. Em <strong>1952<\/strong> aparece <span style=\"text-decoration: underline;\">Ana Cristina C\u00e9sar<\/span>, em <strong>1980<\/strong> <span style=\"text-decoration: underline;\">Caio Blat.<\/span> E neste dia em <strong>2002<\/strong> <span style=\"text-decoration: underline;\">Tim Lopes<\/span> foi covardemente assassinado. O Sol est\u00e1 em G\u00eameos.<\/p>\n<hr \/>\n<p style=\"text-align: center;\"><em>L\u00e1 fora<\/em><br \/>\n<em>h\u00e1 um amor<\/em><br \/>\n<em>que entra de f\u00e9rias.<\/em><br \/>\n<em>H\u00e1 um emba\u00e7amento<\/em><br \/>\n<em>de minhas agulhas<\/em><br \/>\n<em>n\u00edtidas diante<\/em><br \/>\n<em>dessa boa bisca<\/em><br \/>\n<em>de mulher.<\/em><br \/>\n<em>H\u00e1 um placar<\/em><br \/>\n<em>vis\u00edvel em altas horas,<\/em><br \/>\n<em>pela persiana deste hotel,<\/em><br \/>\n<em>fatal, que diz: fiado,<\/em><br \/>\n<em>s\u00f3 depois de amanh\u00e3<\/em><br \/>\n<em>e olhe l\u00e1,<\/em><br \/>\n<em>onde a minha l\u00e2mina<\/em><br \/>\n<em>cortante,<\/em><br \/>\n<em>sofrendo de s\u00fabita<\/em><br \/>\n<em>cegueira noturna,<\/em><br \/>\n<em>pendura a conta<\/em><br \/>\n<em>e n\u00e3o corta mais,<\/em><br \/>\n<em>suspendendo seu p\u00eandulo<\/em><br \/>\n<em>De Nietzsche ou Poe<\/em><br \/>\n<em>por um nada que pisca<\/em><br \/>\n<em>e tira folga e sai<\/em><br \/>\n<em>afiado para a rua<\/em><br \/>\n<em>como um ato falho<\/em><br \/>\n<em>deixando as chaves<\/em><br \/>\n<em>soltas<\/em><br \/>\n<em>em cima do balc\u00e3o.<\/em><\/p>\n<p style=\"text-align: center;\"><span class=\"x19la9d6 x1fc57z9 x6ikm8r x10wlt62 x19co3pv x1g5zs5t xfibh0p xiy17q3 x1xsqp64 x1lkfr7t xexx8yu x4uap5 x18d9i69 xkhd6sd\"><span class=\"xrtxmta x1bhl96m\">\u2663\ufe0f<\/span><\/span><\/p>\n<p style=\"text-align: center;\"><strong>Ana Cristina C\u00e9sar<\/strong><\/p>\n<hr \/>\n<p><img loading=\"lazy\" decoding=\"async\" class=\"size-full wp-image-2053 aligncenter\" src=\"https:\/\/nalua.in\/notas\/wp-content\/uploads\/2024\/06\/605bc51439c4631209d33f5ab4106472-661997609-1.jpg\" alt=\"\" width=\"650\" height=\"192\" srcset=\"https:\/\/nalua.in\/notas\/wp-content\/uploads\/2024\/06\/605bc51439c4631209d33f5ab4106472-661997609-1.jpg 650w, https:\/\/nalua.in\/notas\/wp-content\/uploads\/2024\/06\/605bc51439c4631209d33f5ab4106472-661997609-1-300x89.jpg 300w, https:\/\/nalua.in\/notas\/wp-content\/uploads\/2024\/06\/605bc51439c4631209d33f5ab4106472-661997609-1-150x44.jpg 150w\" sizes=\"auto, (max-width: 650px) 100vw, 650px\" \/><\/p>\n<hr \/>\n<h2>Neste dia, h\u00e1 46 anos, escreveu Alice Walker em seu di\u00e1rio:<\/h2>\n<p class=\"sub1-espc\" style=\"margin: 12pt 0cm 0cm; text-align: center;\"><strong><span style=\"font-size: 13.5pt; color: black;\">2 de junho de 1978<\/span><\/strong><\/p>\n<p class=\"sub1-espc\" style=\"margin: 12pt 0cm 0cm; text-align: justify;\"><em>Um lindo dia na minha casinha. Trabalhando no jardim, fazendo leituras avulsas, meditando. Robert foi para a cidade almo\u00e7ar com Jennifer Lawson e trabalhar em pesquisas na biblioteca. Sinto uma esp\u00e9cie de desapego. Uma esp\u00e9cie de irrealidade. Senti isso desde que ele chegou. Tem momentos em que sinto que realmente estamos em sintonia, mas s\u00e3o momentos. N\u00e3o sinto mais a intensidade que j\u00e1 senti e me pergunto se \u00e9 apenas medo \u2013 provavelmente \u00e9. Tenho medo de deixar minha casinha branca, minhas amizades. Ao mesmo tempo, estou ansiosa para explorar a Calif\u00f3rnia. Talvez eu descubra que sou uma pessoa da Calif\u00f3rnia.<\/em><\/p>\n<p style=\"text-align: justify;\"><em>Sob outra perspectiva, talvez n\u00e3o.<\/em><\/p>\n<p style=\"text-align: justify;\"><em>O que\u00a0<span style=\"text-decoration: underline;\">estou\u00a0<\/span>sentindo?<\/em><\/p>\n<p style=\"text-align: justify;\"><em>Vim para Washington com Robert e Rebecca. Uma boa parte do caminho sonolenta por causa da erva\u2026 mas agrad\u00e1vel e suave. Deixei Rebecca com Mel e Judy. Mel agora mora numa casa geminada marrom de dois andares numa rua larga com grandes ulmeiros. Perto da parte que tem a est\u00e1tua de Mary McLeod Bethune. (Na est\u00e1tua, notei que uma das letras do nome dela est\u00e1 faltando \u2013 isso \u00e9 desmoralizante. Perguntei em voz alta para Robert se todas as nossas est\u00e1tuas, bustos etc. t\u00eam algo (uma letra) faltando.)<\/em><\/p>\n<p style=\"text-align: justify;\"><em>Na casa, aborreci Mel porque vi uma colcha que algu\u00e9m me deu na Carolina do Norte. Estava numa cama no escrit\u00f3rio. Muito do que tem na casa deles s\u00e3o coisas que eu comprei. Mas e da\u00ed? Esse apego \u00e0s \u201cminhas coisas\u201d \u00e9 algo que eu n\u00e3o quero de jeito nenhum \u2013 e \u00e9 uma das raz\u00f5es pelas quais eu deixei a \u201cnossa casa\u201d. \u00c9 t\u00e3o estranho v\u00ea-lo com Judy, sentado, comendo, na \u201cmesa deles\u201d. Mas absolutamente n\u00e3o tem nada de querer estar no lugar dela. Ele parecia p\u00e1lido, como uma lesma, doente. D\u00e1 para ver a idade se aproximando como se aproxima de todo mundo \u2013 exceto: ia escrever que\u2026 Eu pretendo <span style=\"text-decoration: underline;\">lutar<\/span> contra isso. Mas n\u00e3o pretendo\u00a0<span style=\"text-decoration: underline;\">lutar<\/span>\u00a0contra isso exatamente. S\u00f3 n\u00e3o desistir antes que seja necess\u00e1rio.<\/em><\/p>\n<p style=\"text-align: right;\"><strong>Alice Walker &#8211; Colhendo flores sob inc\u00eandios. Os di\u00e1rios de Alice Walker. 1965-2000 Ed. Rosa dos Tempos<\/strong><\/p>\n<hr \/>\n<p><img loading=\"lazy\" decoding=\"async\" class=\"size-full wp-image-2084 aligncenter\" src=\"https:\/\/nalua.in\/notas\/wp-content\/uploads\/2024\/06\/setedepauspp.jpg\" alt=\"\" width=\"350\" height=\"626\" srcset=\"https:\/\/nalua.in\/notas\/wp-content\/uploads\/2024\/06\/setedepauspp.jpg 350w, https:\/\/nalua.in\/notas\/wp-content\/uploads\/2024\/06\/setedepauspp-168x300.jpg 168w, https:\/\/nalua.in\/notas\/wp-content\/uploads\/2024\/06\/setedepauspp-150x268.jpg 150w\" sizes=\"auto, (max-width: 350px) 100vw, 350px\" \/><\/p>\n<p>&nbsp;<\/p>\n<h2 style=\"text-align: center;\">Vale o quanto pesa<\/h2>\n<p style=\"text-align: justify;\"><strong>A carta desta semana me custou demais<\/strong>. Quase n\u00e3o saiu, <strong>quase me fez desistir desse almanaque<\/strong>. E ainda agora n\u00e3o sinto muita firmeza, <strong>n\u00e3o consegui fazer o que queria<\/strong>, estou tendo que travar uma batalha para aceitar que n\u00e3o vai ficar bom e que pode ser assim tamb\u00e9m. Que <strong>feito \u00e9 melhor que perfeito<\/strong>. \u00c9 bem curioso isso, e ao mesmo tempo engra\u00e7ado, porque nestes dias em que voltei a ler sobre astrologia, me deparei v\u00e1rias vezes com o tema <em>Marte em Aqu\u00e1rio<\/em>. (Oi Dani, Oi La\u00eds). Na minha carta natal, Marte est\u00e1 em Aqu\u00e1rio, e essa posi\u00e7\u00e3o faz desse planeta um <strong>p\u00e9ssimo lutador<\/strong>. Ou briga pelas coisas erradas ou n\u00e3o briga. <strong>Brigar me d\u00e1 dor de cabe\u00e7a<\/strong>. E isso \u00e9 a ant\u00edtese desse arcano Sete de Paus. E \u00e9 <strong>inusitado<\/strong> tamb\u00e9m porque o 7 de paus <strong>n\u00e3o \u00e9 uma carta ruim, muito pelo contr\u00e1rio<\/strong>. N\u00e3o era pra ter me rendido tanta batalha. Ou era? \ud83d\ude42 Coisas do tar\u00f4, mostrando que <strong>a vida \u00e9 assim, imperfeita<\/strong>.<\/p>\n<p style=\"text-align: justify;\">Mas o Sete de Paus <strong>precisa brigar<\/strong>, quando a gente se depara com ele, <strong>\u00e9 preciso sair em defesa de algo<\/strong>, \u00e9 preciso <strong>lutar<\/strong>, quer tenhamos vontade ou n\u00e3o. Ele nos chama a defender algo. E esse algo em geral s\u00e3o <strong>nossos pr\u00f3prios princ\u00edpios e valores<\/strong>, <strong>nossa posi\u00e7\u00e3o<\/strong> nesse mundo louco. <strong>Algo amea\u00e7a aquilo que nos \u00e9 muito, muito caro<\/strong>.<\/p>\n<p style=\"text-align: justify;\">O problema \u00e9: <strong>quem quer brigar<\/strong> <strong>nesses tempos em que as pessoas est\u00e3o loucas, completamente descompensadas, em que o clima se prepara para nos aniquilar, em que em muitos casos, s\u00f3 existir j\u00e1 \u00e9 uma luta ferrenha todos os dias?<\/strong> Lutar nesse mundo maluco em que a desigualdade s\u00f3 piora e o cen\u00e1rio geral \u00e9 de amedrontar? <strong>Eu e meu marte em aqu\u00e1rio na casa 12 \u00e9 que n\u00e3o queremos mesmo!<\/strong> J\u00e1 tenho lutas em quantidade suficiente no cotidiano.<\/p>\n<p style=\"text-align: justify;\"><strong>Mas nesta semana ser\u00e1 preciso defender alguma coisa, ser\u00e1 preciso brigar por algo, por alguma posi\u00e7\u00e3o nossa no mundo<\/strong>.\u00a0\u00a0E quando sai o Sete de Paus <strong>\u00e9 importante que saibamos quais s\u00e3o os nossos pilares, nossos guias internos, qual \u00e9 o nosso norte, ou para onde queremos caminhar<\/strong>. Lutar por algum princ\u00edpio requer saber <strong>quais s\u00e3o as coisas das quais n\u00e3o podemos abrir m\u00e3o<\/strong>. E isso exige um <strong>autoexame refinado<\/strong>. Com o Sete de Paus no horizonte n\u00e3o \u00e9 prudente fingir que n\u00e3o vemos o que est\u00e1 se avizinhando. Sen\u00e3o seremos atropelados e esmagados e iremos viver sob o jugo de princ\u00edpios e valores que n\u00e3o s\u00e3o os nossos. \u00c9 prudente desacelerar um pouco, trabalhar um pouco menos e respirar, e <strong>recordar para onde estamos indo<\/strong>.<\/p>\n<blockquote>\n<p style=\"text-align: center;\"><em>\u201cCombati o bom combate, completei a corrida, guardei a f\u00e9. Agora est\u00e1 reservada para mim a coroa da justi\u00e7a, que o Senhor, justo juiz, me dar\u00e1 naquele dia; e n\u00e3o somente a mim, mas tamb\u00e9m a todos os que esperam com amor a sua manifesta\u00e7\u00e3o gloriosa.\u201d<\/em><\/p>\n<p style=\"text-align: center;\"><em>(2 Tim\u00f3teo 4, 7)<\/em><\/p>\n<\/blockquote>\n<p style=\"text-align: justify;\">Eu vou aproveitar a li\u00e7\u00e3o do Sete de Paus, <strong>n\u00e3o desistir e seguir nas p\u00e1ginas deste livro da vida que \u00e9 o tar\u00f4<\/strong>. <em>N\u00e3o vou fugir, mas da minha ess\u00eancia, n\u00e3o vou me afastar<\/em>.<\/p>\n<p>Boa semana meus galinhos garnis\u00e9.<\/p>\n<table style=\"width: 100%; border-collapse: collapse; background-color: #fa927d;\">\n<tbody>\n<tr>\n<td style=\"width: 100%;\"><img loading=\"lazy\" decoding=\"async\" class=\" wp-image-2059 aligncenter\" src=\"https:\/\/nalua.in\/notas\/wp-content\/uploads\/2024\/06\/7pauscp.jpg\" alt=\"\" width=\"300\" height=\"490\" srcset=\"https:\/\/nalua.in\/notas\/wp-content\/uploads\/2024\/06\/7pauscp.jpg 350w, https:\/\/nalua.in\/notas\/wp-content\/uploads\/2024\/06\/7pauscp-184x300.jpg 184w, https:\/\/nalua.in\/notas\/wp-content\/uploads\/2024\/06\/7pauscp-150x245.jpg 150w\" sizes=\"auto, (max-width: 300px) 100vw, 300px\" \/><\/p>\n<p style=\"text-align: justify;\">O Sete de Paus \u00e9 uma carta do tar\u00f4 que representa desafios, competi\u00e7\u00e3o e perseveran\u00e7a. Esta carta est\u00e1 associada ao elemento fogo, o que significa que est\u00e1 ligada \u00e0 paix\u00e3o, energia e a\u00e7\u00e3o. Quando o Sete de Paus aparece em uma leitura, ele sugere que o consulente est\u00e1 enfrentando obst\u00e1culos e competi\u00e7\u00f5es, mas tamb\u00e9m indica que ele possui a for\u00e7a e a determina\u00e7\u00e3o necess\u00e1rias para super\u00e1-los.\u00a0No aspecto simb\u00f3lico, o Sete de Paus mostra um homem segurando um bast\u00e3o e enfrentando seis outros, indicando que ele est\u00e1 em uma posi\u00e7\u00e3o defensiva, mas ainda assim est\u00e1 disposto a lutar pelo que acredita. Isso representa a ideia de defender seus princ\u00edpios e convic\u00e7\u00f5es, mesmo que isso signifique enfrentar oposi\u00e7\u00e3o. Em termos de interpreta\u00e7\u00e3o, o Sete de Paus pode indicar que o consulente est\u00e1 enfrentando desafios em sua vida, seja no trabalho, nos relacionamentos ou em outras \u00e1reas. Ele pode estar se sentindo sobrecarregado e lutando para manter sua posi\u00e7\u00e3o. No entanto, a carta tamb\u00e9m traz uma mensagem de encorajamento, sugerindo que o consulente tem a capacidade de superar esses desafios se permanecer firme em suas convic\u00e7\u00f5es e persistir em seus esfor\u00e7os.\u00a0\u00a0<span style=\"font-family: inherit; font-size: inherit;\">Em termos de conselhos, o Sete de Paus sugere que o consulente mantenha a calma e confie em suas habilidades. Ele deve estar preparado para enfrentar desafios e n\u00e3o se deixar intimidar pela oposi\u00e7\u00e3o. \u00c9 importante lembrar que a competi\u00e7\u00e3o e os obst\u00e1culos fazem parte da vida e que \u00e9 atrav\u00e9s da supera\u00e7\u00e3o deles que crescemos e nos fortalecemos. O <\/span><span style=\"font-family: inherit; font-size: inherit;\">Sete de Paus \u00e9 uma carta que traz a mensagem de que o consulente est\u00e1 enfrentando desafios e competi\u00e7\u00f5es, mas tamb\u00e9m possui a for\u00e7a e a determina\u00e7\u00e3o necess\u00e1rias para super\u00e1-los. \u00c9 um lembrete para manter a firmeza em suas convic\u00e7\u00f5es, estar preparado para lutar pelo que acredita e buscar solu\u00e7\u00f5es criativas para superar os obst\u00e1culos.<\/span><\/p>\n<\/td>\n<\/tr>\n<\/tbody>\n<\/table>\n<h2 style=\"text-align: center;\">Um texto que compra todas as nossas brigas<\/h2>\n<p style=\"text-align: right;\"><span style=\"text-decoration: underline;\">(Virginia Woolf comenta os Ensaios, de Montaigne)<\/span><\/p>\n<p style=\"text-align: justify;\"><em>Aqui a alma, inquietando-se, ataca as formas mais palp\u00e1veis dos grandes estorvos de Montaigne, a conven\u00e7\u00e3o e a cerim\u00f4nia. Mas observe-a ruminando diante da lareira no c\u00f4modo daquela torre, que, apesar de separado do pr\u00e9dio principal, possui uma vista t\u00e3o ampla da propriedade. Ela \u00e9 sem d\u00favida a mais estranha criatura do mundo; nada heroica, inconstante como um galo dos ventos, tal como Montaigne, que se diz \u201cenvergonhado, insolente, casto, libidinoso, tagarela, taciturno, trabalhador, requintado, engenhoso, tolo, aborrecido, complacente, mentiroso, sincero, s\u00e1bio, ignorante, liberal e avarento e pr\u00f3digo\u201d. Em suma, ela \u00e9 t\u00e3o complexa, t\u00e3o indefinida, t\u00e3o pouco semelhante \u00e0 vers\u00e3o que a substitui em p\u00fablico, que um homem poderia passar a vida inteira simplesmente tentando encontr\u00e1-la. O prazer da busca mais do que compensa qualquer dano que possa causar \u00e0s nossas perspectivas mundanas. O homem que tem consci\u00eancia de si \u00e9, portanto, independente; e jamais se entedia, e a vida \u00e9 simplesmente curta demais, e ele se v\u00ea mais e mais imerso em uma felicidade profunda, por\u00e9m ponderada. Somente ele vive, enquanto as outras pessoas, escravas da cerim\u00f4nia, deixam a vida passar por elas em uma esp\u00e9cie de sonho. Basta se conformar, basta fazer o que as outras pessoas fazem somente porque elas o fazem, e uma letargia toma conta de todos os mais refinados nervos e faculdades da alma. Toda ela se torna manifesta\u00e7\u00e3o exterior e vazio interior; tediosa, cruel e indiferente.<\/em><\/p>\n<p style=\"text-align: justify;\"><em>Certamente, ent\u00e3o, se perguntarmos a esse grande mestre da arte da vida qual o seu segredo, ele nos aconselhar\u00e1 a nos recolher ao quarto retirado da nossa torre e ali folhear os livros, perseguir uma fantasia atr\u00e1s da outra \u00e0 medida que elas se perseguem chamin\u00e9 acima e deixar o governo do mundo para os outros. Recolhimento e contempla\u00e7\u00e3o: esses devem ser os principais elementos da receita dele. Mas n\u00e3o; Montaigne n\u00e3o \u00e9 de modo algum expl\u00edcito. \u00c9 imposs\u00edvel extrair uma resposta simples desse homem sutil, meio melanc\u00f3lico, com um meio sorriso nos l\u00e1bios e de olhos pesados e express\u00e3o sonhadora e zombeteira. A verdade \u00e9 que a vida no campo, com seus livros e legumes e flores, com frequ\u00eancia \u00e9 extremamente mon\u00f3tona. Ele jamais conferia se suas ervilhas-tortas eram muito melhores do que as dos outros. Paris era o lugar que ele mais amava no mundo inteiro \u2013 \u201cjusques \u00e0 ses verrues et \u00e0 ses taches\u201d [\u201cat\u00e9 em suas imperfei\u00e7\u00f5es e seus v\u00edcios\u201d]. Quanto \u00e0 leitura, raramente conseguia ler qualquer livro durante mais de uma hora seguida, e sua mem\u00f3ria era t\u00e3o ruim que ele esquecia o que lhe ia pela cabe\u00e7a assim que passava de um c\u00f4modo a outro. A sabedoria livresca n\u00e3o \u00e9 nada do que se orgulhar, e quanto \u00e0s conquistas cient\u00edficas, a que se reduzem? Ele sempre convivera com homens inteligentes, e seu pai decerto nutria uma venera\u00e7\u00e3o por eles, mas ele observara que, embora tivessem seus bons momentos, suas raps\u00f3dias, suas vis\u00f5es, mesmo os mais inteligentes oscilavam \u00e0 beira da estupidez. Observe a si mesmo: num instante voc\u00ea se exalta; no outro um copo quebrado o leva \u00e0 beira de um colapso nervoso. Todos os extremos s\u00e3o perigosos. Melhor permanecer no meio da estrada, nas trilhas comuns, por mais enlameadas que sejam. Na escrita, escolha as palavras comuns; evite a raps\u00f3dia e a eloqu\u00eancia \u2013 no entanto, \u00e9 verdade, a poesia \u00e9 deliciosa; a melhor prosa \u00e9 aquela que mais est\u00e1 repleta de poesia.<\/em><\/p>\n<p style=\"text-align: justify;\"><em>Portanto, parece que devemos almejar uma simplicidade democr\u00e1tica. Podemos at\u00e9 desfrutar do nosso quarto na torre, com as paredes pintadas e as estantes espa\u00e7osas de livros, mas l\u00e1 embaixo, no jardim, h\u00e1 um homem cavando que enterrou o pai esta manh\u00e3, e \u00e9 ele e os seus semelhantes que vivem a vida real e falam a l\u00edngua real. Com certeza, h\u00e1 alguma verdade nisso. As coisas s\u00e3o ditas com muita exatid\u00e3o entre os de baixa estirpe. Existe, talvez, mais das qualidades que importam entre os ignorantes do que entre os letrados.<\/em><\/p>\n<p style=\"text-align: right;\"><strong>Virginia Woolf &#8211; O Leitor Comum &#8211; Ed. Todesilhas<\/strong><\/p>\n<table style=\"width: 100%; border-collapse: collapse; background-color: #f7d5ec;\">\n<tbody>\n<tr>\n<td style=\"width: 100%;\">\n<h2 style=\"text-align: center;\">A Luta Mais V\u00e3<\/h2>\n<p style=\"text-align: justify;\"><em><strong>Esse Sete de Paus me pegou muito de jeito. Olha s\u00f3, esse tema &#8211; lutar para se manter fiel aos seus princ\u00edpios &#8211; deve ser dos temas mais f\u00e9rteis da arte. Eu sei que tem muitos livros, filmes, muita arte sobre isso. Mas eu n\u00e3o consegui acessar muita coisa, instalou-se um deserto na minha cabe\u00e7a, lutar me deixa assim <span class=\"x19la9d6 x1fc57z9 x6ikm8r x10wlt62 x19co3pv x1g5zs5t xfibh0p xiy17q3 x1xsqp64 x1lkfr7t xexx8yu x4uap5 x18d9i69 xkhd6sd\"><span class=\"xrtxmta x1bhl96m\">\ud83e\udd74<\/span><\/span>. N\u00e3o consegui pensar em filmes, nem livros, nem sequer can\u00e7\u00f5es! Por fim resolvi aceitar, deve fazer parte do processo oracular do tar\u00f4, \u00e9 a parte m\u00edstica se sobrepondo e avisando que n\u00e3o \u00e9 pra ficar racional demais. Ent\u00e3o a\u00ed vai, o que veio de chofre \u00e0 minha mente. As minhas pessoas deram dicas tamb\u00e9m.\u00a0<\/strong><\/em><\/p>\n<\/td>\n<\/tr>\n<\/tbody>\n<\/table>\n<h3 style=\"text-align: center;\">Livro<\/h3>\n<p><img loading=\"lazy\" decoding=\"async\" class=\" wp-image-2061 aligncenter\" src=\"https:\/\/nalua.in\/notas\/wp-content\/uploads\/2024\/06\/209267457.jpg\" alt=\"\" width=\"300\" height=\"436\" srcset=\"https:\/\/nalua.in\/notas\/wp-content\/uploads\/2024\/06\/209267457.jpg 344w, https:\/\/nalua.in\/notas\/wp-content\/uploads\/2024\/06\/209267457-206x300.jpg 206w, https:\/\/nalua.in\/notas\/wp-content\/uploads\/2024\/06\/209267457-150x218.jpg 150w\" sizes=\"auto, (max-width: 300px) 100vw, 300px\" \/><\/p>\n<p style=\"text-align: justify;\"><strong>A Analfabeta: Um Relato Autobiogr\u00e1fico &#8211; \u00c1gota Krist\u00f3f. <em>Um livro simplesmente sensacional. Curt\u00edssimo, t\u00e3o curto que nem seria editado sozinho h\u00e1 alguns anos. A mim pareceu um exemplar magn\u00edfico do que fala o sete de paus. \u00c9 o relato da autora lutando para se manter fiel a si mesma quando se encontrava em uma situa\u00e7\u00e3o de ex\u00edlio, de estar longe de seu lugar de pertencimento, como exilada, como expatriada. \u00c9 a luta dela para n\u00e3o seguir analfabeta diante de uma l\u00edngua estranha e hostil. E ela consegue. Tanto consegue que se torna uma autora que publica nessa outra l\u00edngua livros premiados e aclamados. \u00c9 a briga de uma mulher com o ex\u00edlio, com a pobreza material e a pobreza simb\u00f3lica que o desconhecimento da sua nova l\u00edngua acarretava. E \u00e9 a hist\u00f3ria de como ela ganhou essa batalha, nos seus p\u00f3prios termos. \u00c9 um primor de t\u00e3o bem escrito.\u00a0<\/em><\/strong><\/p>\n<hr \/>\n<p style=\"text-align: justify;\">Num mundo triturado pelo horror da Segunda Guerra, a escritora h\u00fangara \u00c1gota Krist\u00f3f fez em A analfabeta o relato da sua travessia pessoal em busca de uma p\u00e1tria e de uma l\u00edngua que jamais fossem confiscadas. Queria uma l\u00edngua na qual pudesse, enfim, encontrar as palavras que lhe pertencessem. Numa s\u00e9rie de curtos depoimentos, Krist\u00f3f escreve sobre a fantasmag\u00f3rica inf\u00e2ncia pobre de quem come\u00e7a a viver em meio a um conflito mundial e sobre a obrigatoriedade de aprender o idioma russo, que tentou rasurar a sua l\u00edngua natal. Lembra, ainda, a estranheza do luto imposto pela morte de St\u00e1lin e da sua fuga para a Su\u00ed\u00e7a no final dos anos 1950. Uma das mais importantes autoras europeias do s\u00e9culo XX, Krist\u00f3f oferece aqui um romance de forma\u00e7\u00e3o da sua vida junto \u00e0s palavras, e sentencia: \u201c\u00c9 preciso continuar escrevendo. Inclusive quando n\u00e3o interessa a ningu\u00e9m\u201d.<\/p>\n<hr \/>\n<h3 style=\"text-align: center;\">Um livro para mim<\/h3>\n<p><img loading=\"lazy\" decoding=\"async\" class=\" wp-image-2072 aligncenter\" src=\"https:\/\/nalua.in\/notas\/wp-content\/uploads\/2024\/06\/harrietubman.jpg\" alt=\"\" width=\"300\" height=\"454\" srcset=\"https:\/\/nalua.in\/notas\/wp-content\/uploads\/2024\/06\/harrietubman.jpg 350w, https:\/\/nalua.in\/notas\/wp-content\/uploads\/2024\/06\/harrietubman-198x300.jpg 198w, https:\/\/nalua.in\/notas\/wp-content\/uploads\/2024\/06\/harrietubman-150x227.jpg 150w\" sizes=\"auto, (max-width: 300px) 100vw, 300px\" \/><\/p>\n<p style=\"text-align: justify;\"><strong>Harriet Tubman &#8211; A Mois\u00e9s de seu Povo &#8211; Sarah Hopkins Bradford.\u00a0 <em>Esta \u00e9 uma indica\u00e7\u00e3o para mim, sobre esta que \u00e9 a uma das mais extraordin\u00e1rias mulheres que j\u00e1 passaram nesta Terra. Se n\u00e3o conhecemos a hist\u00f3ria desta mulher inacredit\u00e1vel, por favor, vamos correr pra conhecer. N\u00e3o \u00e9 possivel estar vivo em 2024 e n\u00e3o saber a hist\u00f3ria fant\u00e1stica dessa pessoa. Eu me coloco como dever de casa ler um livro sobre essa mulher. Este ainda por cima est\u00e1 de gra\u00e7a no Kindle Unlimited. Harriet Tubman \u00e9 o mais acabado exemplo de algu\u00e9m que viveu para lutar por seus princ\u00edpios.<\/em><\/strong><\/p>\n<hr \/>\n<p style=\"text-align: justify;\">Nascida em 1822, Tubman foi batizada Araminta &#8220;Minty&#8221; pelos seus pais escravizados. Passou uma inf\u00e2ncia repleta de maus tratos por parte de seus mestres. Aos 13 anos foi quase morta por uma pancada na cabe\u00e7a, que a deixou com problemas de sa\u00fade pelo resto da vida. <span style=\"text-decoration: underline;\">Naquele momento, por\u00e9m, &#8220;Minty&#8221; decidiu que lhe havia somente duas escolha: a liberdade ou a morte<\/span>.\u00a0Sua fuga ocorre em 1849. Da\u00ed em diante a garota franzina de Maryland passa a ser reconhecida pelo nome Harriet Tubman. Mas assim que cruza a fronteira para a Pensilv\u00e2nia, onde a escravid\u00e3o j\u00e1 era proibida, teve uma revela\u00e7\u00e3o ambivalente: \u201cOlhei para as minhas m\u00e3os\u201d, ela disse, \u201cpara ver se eu era a mesma pessoa agora que estava livre. Havia tamanha gl\u00f3ria em tudo, o sol passava atrav\u00e9s das \u00e1rvores pelos campos como se fosse ouro. Senti-me como se estivesse no c\u00e9u\u201d. Mas ent\u00e3o uma gota amarga contaminou sua alegria. Ela estava sozinha e seus parentes estavam escravizados, pois nenhum deles teve a coragem para ousar o que ela ousou.\u00a0Tubman tornou-se a primeira mulher a liderar um ataque militar durante a Guerra Civil. Na manh\u00e3 de 2 de junho de 1863, Tubman guiou tr\u00eas barcos a vapor por entre minas plantadas pela Confedera\u00e7\u00e3o nas \u00e1guas que levavam \u00e0s margens. Uma vez em terra, as tropas da Uni\u00e3o atearam fogo \u00e0s plantations, destruindo infraestruturas e apreendendo milhares de d\u00f3lares em comida e mantimentos. Quando os barcos a vapor soaram seus apitos, escravos em toda a \u00e1rea entenderam que ela estava sendo liberada. Tubman observou enquanto escravos debandaram em dire\u00e7\u00e3o aos barcos. &#8220;Nunca vi uma vis\u00e3o como aquela&#8221;, disse ela mais tarde, descrevendo uma cena de caos com mulheres carregando panelas de arroz ainda fumegantes, porcos guinchando em sacos carregados sobre ombros e beb\u00eas nos pesco\u00e7os de seus pais. Embora seus propriet\u00e1rios, armados com pistolas e chicotes, tentassem parar a fuga em massa, seus esfor\u00e7os foram praticamente in\u00fateis no tumulto.\u00a0Mais de 750 escravos foram resgatados no ataque do rio Combahee. Jornais reconheceram o &#8220;patriotismo, a sagacidade, a energia e a habilidade&#8221; de Tubman, e ela foi elogiada por seus esfor\u00e7os de recrutamento.<\/p>\n<hr \/>\n<h3 style=\"text-align: center;\">Filme<\/h3>\n<p><img loading=\"lazy\" decoding=\"async\" class=\" wp-image-2062 aligncenter\" src=\"https:\/\/nalua.in\/notas\/wp-content\/uploads\/2024\/06\/spm.jpg\" alt=\"\" width=\"301\" height=\"452\" srcset=\"https:\/\/nalua.in\/notas\/wp-content\/uploads\/2024\/06\/spm.jpg 350w, https:\/\/nalua.in\/notas\/wp-content\/uploads\/2024\/06\/spm-200x300.jpg 200w, https:\/\/nalua.in\/notas\/wp-content\/uploads\/2024\/06\/spm-150x225.jpg 150w\" sizes=\"auto, (max-width: 301px) 100vw, 301px\" \/><\/p>\n<p style=\"text-align: justify;\"><strong>Sociedade dos Poetas Mortos &#8211; Peter Weir &#8211; 1989. <em>Esse filme foi a escolha natural. Por ser o filme aniversariante do dia, e porque mostra exatamente uma hist\u00f3ria de pessoas lutando para se manterem fi\u00e9is aos seus princ\u00edpios. \u00c9 tamb\u00e9m um dos filmes que mais gosto. Assisti novinha, me encantei com ele assim como boa parte da minha gera\u00e7\u00e3o, sigo com ele no cora\u00e7\u00e3o e certamente \u00e9 dos filmes que me formaram.<\/em><\/strong><\/p>\n<hr \/>\n<p style=\"text-align: justify;\">&#8220;O filme &#8216;Sociedade dos Poetas Mortos&#8217; \u00e9 uma obra que marcou gera\u00e7\u00f5es e continua a emocionar espectadores at\u00e9 hoje. Lan\u00e7ado em 1989 e dirigido por Peter Weir, o filme se passa em uma tradicional escola preparat\u00f3ria para rapazes nos Estados Unidos, onde um professor de literatura, interpretado magistralmente por Robin Williams, inspira seus alunos a desafiarem as conven\u00e7\u00f5es e a viverem a vida de forma aut\u00eantica.\u00a0A trama se desenrola em meio a um ambiente conservador e repressor, onde os jovens estudantes s\u00e3o pressionados a seguir um caminho predefinido pelos pais e pela institui\u00e7\u00e3o. No entanto, o professor John Keating, com seus m\u00e9todos pouco convencionais, incentiva os alunos a pensarem por si mesmos, a questionarem a autoridade e a explorarem sua criatividade.\u00a0O ponto central do filme \u00e9 a mensagem de liberdade individual, representada pela poesia como forma de express\u00e3o e resist\u00eancia. Atrav\u00e9s das aulas de Keating, os estudantes descobrem o poder das palavras e como estas podem transformar suas vidas. A famosa frase &#8220;Carpe Diem&#8221; (aproveite o dia), utilizada pelo professor para inspirar seus alunos, tornou-se um lema de vida para muitos espectadores.<\/p>\n<hr \/>\n<h3 style=\"text-align: center;\">S\u00e9rie<\/h3>\n<p><img loading=\"lazy\" decoding=\"async\" class=\"size-full wp-image-2083 aligncenter\" src=\"https:\/\/nalua.in\/notas\/wp-content\/uploads\/2024\/06\/s-l1200-1.webp\" alt=\"\" width=\"315\" height=\"450\" srcset=\"https:\/\/nalua.in\/notas\/wp-content\/uploads\/2024\/06\/s-l1200-1.webp 315w, https:\/\/nalua.in\/notas\/wp-content\/uploads\/2024\/06\/s-l1200-1-210x300.webp 210w, https:\/\/nalua.in\/notas\/wp-content\/uploads\/2024\/06\/s-l1200-1-150x214.webp 150w\" sizes=\"auto, (max-width: 315px) 100vw, 315px\" \/><\/p>\n<p style=\"text-align: justify;\"><strong>Outlander\u00a0 &#8211;\u00a0 Ronald D. Moore, Diana Gabaldon &#8211; 2014.\u00a0<em>Outlander \u00e9 uma s\u00e9rie que eu vi at\u00e9 a terceira temporada, acho que tr\u00eas vezes. Sempre que chega na parte da Fran\u00e7a eu paro, n\u00e3o gosto da Fran\u00e7a nesta \u00e9poca. Mas vou terminar ainda, algum dia. A indica\u00e7\u00e3o de Outlander \u00e9 da La\u00eds,e ela diz que dialoga com o Sete de Paus em v\u00e1rios arcos, por ex., com a protagonista Claire, que luta pelo que acredita, pela defesa dos escoceses mesmo sendo ela pr\u00f3pria, sassenach, forasteira, a inglesa, e ent\u00e3o ela \u00e9 perseguida por isso, e incompreendida. Claire tamb\u00e9m luta pela liberdade da mulher numa \u00e9poca que isso n\u00e3o existia, e acaba entrando em enrascadas porque n\u00e3o sabe escolher muito bem as causas pelas quais vale \u00e0 pena lutar. O protagonista Jamie, que entra nas lutas pra defender a amada Claire porque \u00e9 quem ele ama mais na vida toda. E al\u00e9m disso existem as batalhas propriamente ditas em todas as temporadas. \u00c9 uma jornada pelo Sete de Paus. Uma hora destas eu termino de ver e quem sabe anime a ler os livros.<\/em><\/strong><\/p>\n<hr \/>\n<p style=\"text-align: justify;\">Outlander \u00e9 uma s\u00e9rie de televis\u00e3o de drama e romance brit\u00e2nica-americana baseada na s\u00e9rie de livros de mesmo nome da escritora americana Diana Gabaldon. Desenvolvida por Ronald D. Moore, o programa estreou em 9 de agosto de 2014 no canal Starz. A s\u00e9rie \u00e9 produzida pela Sony Pictures Television com apoio da Left Bank Pictures. \u00c9 protagonizada por Caitriona Balfe e Sam Heughan. A primeira temporada da s\u00e9rie de televis\u00e3o \u00e9 baseada no primeiro livro da s\u00e9rie, Outlander (1991), e cont\u00e9m dezesseis epis\u00f3dios ao todo e dividido em duas parte. A segunda temporada de 13 epis\u00f3dios, baseada em Dragonfly in Amber (1992), foi ao ar de abril a julho de 2016. A terceira temporada de 13 epis\u00f3dios, baseada em Voyager (1994), foi ao ar de setembro a dezembro de 2017, enquanto a quarta temporada com tamb\u00e9m 13 epis\u00f3dios, baseada em Drums of Autumn (1997), foi exibida de novembro de 2018 a janeiro de 2019. A quinta temporada de 12 epis\u00f3dios, baseada em The Fiery Cross (2001), foi ao ar de fevereiro a maio de 2020. A s\u00e9rie foi renovada para uma sexta temporada de 12 epis\u00f3dios, baseada em A Breath of Snow and Ashes (2005).\u00a0 Em 19 de janeiro de 2023, o canal Starz renovou Outlander para a oitava e \u00faltima temporada.<\/p>\n<hr \/>\n<h3 style=\"text-align: center;\">Document\u00e1rio<\/h3>\n<h3 style=\"text-align: center;\"><img loading=\"lazy\" decoding=\"async\" class=\" wp-image-2064 aligncenter\" src=\"https:\/\/nalua.in\/notas\/wp-content\/uploads\/2024\/06\/whathapenmissimone.jpg\" alt=\"\" width=\"300\" height=\"423\" srcset=\"https:\/\/nalua.in\/notas\/wp-content\/uploads\/2024\/06\/whathapenmissimone.jpg 350w, https:\/\/nalua.in\/notas\/wp-content\/uploads\/2024\/06\/whathapenmissimone-213x300.jpg 213w, https:\/\/nalua.in\/notas\/wp-content\/uploads\/2024\/06\/whathapenmissimone-150x212.jpg 150w\" sizes=\"auto, (max-width: 300px) 100vw, 300px\" \/><br \/>\n<span style=\"font-size: 12pt;\"><strong>What Happened, Miss Simone?\u00a0 &#8211; Liz Garbus &#8211; 2015. <em>\u00c9 um document\u00e1rio t\u00e3o magn\u00edfico quanto triste. E a tristeza vem justamente da luta desta mulher sensacional para se manter fiel aos seu princ\u00edpios e valores. Mas ela sente que perdeu essa luta. Ela sente que o racismo venceu. \u00c9 importante lembrar disso at\u00e9 mesmo para sabermos que <span style=\"color: #ff0000;\">conseguir se manter fiel aos seus princ\u00edpio nesse mundo injusto e cruel \u00e9 tamb\u00e9m um imenso privil\u00e9gio<\/span>, um privil\u00e9gio que muitas vezes n\u00e3o alcan\u00e7a as minorias. Mas \u00e0 parte qualquer coisa, eu indico esse document\u00e1rio e tamb\u00e9m apelo para que ou\u00e7am a divina Nina, ou\u00e7am sempre, todo dia, essa voz toca o divino, \u00e9 daqueles acontecimentos que fazem a vida valer a pena. S\u00f3 de ouvir a voz de Nina Simone vale a pena estar vivo&#8230;<\/em><\/strong><\/span><\/h3>\n<hr \/>\n<p style=\"text-align: justify;\">What Happened, Miss Simone? \u00e9 um document\u00e1rio estadunidense de 2015 dirigido por Liz Garbus, que conta a hist\u00f3ria da cantora e ativista Nina Simone. Foi lan\u00e7ado originalmente em 22 de janeiro de 2015 no Festival Sundance de Cinema. Ele foi indicado ao Oscar de melhor document\u00e1rio em 2016. Uma das maiores cantoras de todos os tempos, Nina Simone \u00e9 uma das grandes express\u00f5es n\u00e3o s\u00f3 da m\u00fasica negra como tamb\u00e9m das lutas por igualdade e pelos direitos das mulheres e dos negros norte-americanos.\u00a0Eunice Waymon, seu nome de batismo, nasceu no estado da Carolina do Norte, nos EUA, em 1933, e enfrentou muitas dificuldades para seguir a carreira art\u00edstica. Seu sonho na adolesc\u00eancia era ser uma pianista erudita, mas foi rejeitada pelo conservat\u00f3rio Curtis Institute of Music &#8211; fato que ela sempre atribuiu \u00e0 cor de sua pele. Sem desistir do sonho, ela se tornou a mundialmente reconhecida Nina Simone. Sua voz poderosa e libert\u00e1ria se calou em 2003, aos 70 anos.<\/p>\n<hr \/>\n<h3 style=\"text-align: center;\">\u266b Playlist<\/h3>\n<p style=\"text-align: center;\"><em>E Vamos \u00e0 Luta &#8211; Gonzaguinha<\/em><br \/>\n<em>Sol Quadrado \u2013 Pitty<\/em><br \/>\n<em>Maria, Maria \u2013 Milton Nascimento<\/em><br \/>\n<em>Hasta la Ra\u00edz \u2013 Natalia Lafourcade<\/em><br \/>\n<em>Mulher do fim do mundo \u2013 Elza Soares<\/em><br \/>\n<em>Roar \u2013 Katy Perry<\/em><br \/>\n<em>Ain&#8217;t Got No \/ I Got Life \u2013 Nina Simone<\/em><br \/>\n<em>AmarElo \u2013 Emicida feat Majur e Pabllo Vittar<\/em><br \/>\n<em>You Are The Problem Here \u2013 First Aid Kit<\/em><br \/>\n<em>Triste, Louca ou M\u00e1 \u2013 Francisco, el Hombre<\/em><br \/>\n<em>Dentro De Cada Um \u2013 Elza Soares<\/em><br \/>\n<em>Pagu \u2013 Rita Lee e Z\u00e9lia Duncan<\/em><br \/>\n<em>Desconstruindo Am\u00e9lia \u2013 Pitty<\/em><br \/>\n<em>Imagine Dragons \u2013 Believer<\/em><br \/>\n<em>Setevidas \u2013 Pitty<\/em><br \/>\n<em>F\u00e9 na Luta \u2013 Gabriel o Pensador<\/em><\/p>\n<p style=\"text-align: center;\"><strong><span style=\"font-size: 14pt;\">\ud83c\udf23 \u264a\ufe0e<\/span><\/strong><\/p>\n<table style=\"width: 100%; border-collapse: collapse; background-color: #adf7f7;\">\n<tbody>\n<tr>\n<td style=\"width: 100%;\">\n<p style=\"text-align: center;\"><strong>MANDALA<\/strong><\/p>\n<p style=\"text-align: center;\"><em>Deuses dan\u00e7am em seus pr\u00f3prios corpos<\/em><br \/>\n<em>Novas flores se abrem esquecendo a Morte<\/em><br \/>\n<em>Olhos celestiais acima do desconsolo da ilus\u00e3o<\/em><br \/>\n<em>Eu vejo o alegre Criador<\/em><br \/>\n<em>Faixas se elevam em um hino aos mundos<\/em><br \/>\n<em>Bandeiras e estandartes tremulando na transcend\u00eancia<\/em><br \/>\n<em>Uma imagem permanece no final com mir\u00edades de olhos na Eternidade<\/em><br \/>\n<em>Esta \u00e9 a Obra! Este \u00e9 o Saber! Este \u00e9 o Fim do homem!<\/em><\/p>\n<p style=\"text-align: center;\">SF, 2 de junho, 1959<\/p>\n<p><span style=\"font-size: 8pt;\">\u00c1CIDO LIS\u00c9RGICO \u2013 poema escrito durante uma experi\u00eancia com LSD promovida pelo departamento de pesquisas m\u00e9dicas da Universidade de Stanford, gravada, na qual eram mostradas gravuras, tocadas m\u00fasicas, no estilo das sess\u00f5es em voga nos anos 60. Mais tarde, Ginsberg escreveu um texto indignado, publicado em Poems All Over the Place, exigindo as grava\u00e7\u00f5es de volta e afirmando que as sess\u00f5es eram um expediente da CIA para ficar sabendo da intimidade de pessoas que incomodavam ao sistema. Nesta s\u00e9rie de poemas sob efeito de alucin\u00f3genos, pronomes pessoais, obrigat\u00f3rios em ingl\u00eas e dispens\u00e1veis em portugu\u00eas, foram mantidos, pois est\u00e1 sendo relatado o confronto entre um \u201ceu\u201d e um \u201cele\u201d, o indiv\u00edduo e um outro, mutante e amea\u00e7ador. Imagens do poema correspondem a est\u00edmulos visuais apresentados na sess\u00e3o.<\/span><\/p>\n<p style=\"text-align: right;\"><strong>Allen Ginsberg &#8211; Uivo, kaddish e outros poemas. Tradu\u00e7\u00e3o, sele\u00e7\u00e3o e notas de Claudio Willer. Ed. L&amp;PM<\/strong><\/p>\n<\/td>\n<\/tr>\n<\/tbody>\n<\/table>\n<p style=\"text-align: center;\"><span style=\"font-size: 10pt;\">Post com a colabora\u00e7\u00e3o de\u00a0<a href=\"http:\/\/instagram.com\/laismeralda\" target=\"_blank\" rel=\"noopener\">@laismeralda, que \u00e9 a<em>\u00a0melhor cartomante do peda\u00e7o, marque sua consulta com ela.<\/em><\/a><\/span><\/p>\n<hr \/>\n<p style=\"text-align: center;\"><span style=\"font-size: 8pt;\"><em>2 de junho<\/em>\u00a0\u00e9 o 153.\u00ba dia do ano no calend\u00e1rio gregoriano (154.\u00ba em anos bissextos). Faltam 212 dias para acabar o ano.<\/span><\/p>\n<div id=\"post-wrapper\" class=\"post-wrapper\">\n<article id=\"post-815\" class=\"post-815 post type-post status-publish format-standard hentry category-almanaque category-carta-semanal category-jardim category-newsletter category-oraculo\">\n<div class=\"entry-content\">\n<div class=\"absolute bottom-0 left-0 w-full border-t md:border-t-0 dark:border-white\/20 md:border-transparent md:dark:border-transparent md:bg-vert-light-gradient bg-white dark:bg-gray-800 md:!bg-transparent dark:md:bg-vert-dark-gradient pt-2 md:pl-2 md:w-[calc(100%-.5rem)]\">\n<form class=\"stretch mx-2 flex flex-row gap-3 last:mb-2 md:mx-4 md:last:mb-6 lg:mx-auto lg:max-w-2xl xl:max-w-3xl\" enctype=\"application\/x-www-form-urlencoded\" method=\"get\">\n<div class=\"relative flex h-full flex-1 items-stretch md:flex-col\">\n<hr \/>\n<p style=\"text-align: justify;\"><em>Se voc\u00ea leu at\u00e9 aqui, obrigada! Esse \u00e9 o meu almanaque particular. Um peda\u00e7o do meu di\u00e1rio, da minha arca da velha, um registro de pequenas efem\u00e9rides, de coisas que quero guardar, do tempo, do vento, do c\u00e9u e do cheiro da chuva. Os Vest\u00edgios do Dia, meus dias. Aqui s\u00f3 tem refer\u00eancias, pois \u00e9 disso que sou feita.<\/em><\/p>\n<table style=\"width: 100%; border-collapse: collapse; background-color: #fcc2c2;\">\n<tbody>\n<tr>\n<td style=\"width: 99.9343%; text-align: center;\">\u00a9 Nalua \u2013 Caderninho pessoal, bauzinho de trapos coloridos, nos morros de Minas Gerais. Outono, e o mundo t\u00e1 caindo.<\/td>\n<\/tr>\n<\/tbody>\n<\/table>\n<\/div>\n<\/form>\n<\/div>\n<\/div>\n<\/article>\n<\/div>\n<p style=\"text-align: center;\"><span style=\"font-size: 8pt;\">Esta \u00e9 a 47\u00aa de 78 p\u00e1ginas que ter\u00e1 este almanaque<\/span><\/p>\n","protected":false},"excerpt":{"rendered":"<p>me vi sorridente escovando os dentes Belo Horizonte, 02 de junho de 2024 \ud83c\udf24\ufe0f 15\u00b0 \u2013 25\u00b0 02 de junho \u00e9\u00a0Dia Internacional da Prostituta e\u00a0 [&#8230;]<\/p>\n","protected":false},"author":1,"featured_media":0,"comment_status":"open","ping_status":"open","sticky":false,"template":"","format":"standard","meta":{"footnotes":""},"categories":[9],"tags":[],"class_list":["post-2052","post","type-post","status-publish","format-standard","hentry","category-almanaque"],"_links":{"self":[{"href":"https:\/\/nalua.in\/notas\/wp-json\/wp\/v2\/posts\/2052","targetHints":{"allow":["GET"]}}],"collection":[{"href":"https:\/\/nalua.in\/notas\/wp-json\/wp\/v2\/posts"}],"about":[{"href":"https:\/\/nalua.in\/notas\/wp-json\/wp\/v2\/types\/post"}],"author":[{"embeddable":true,"href":"https:\/\/nalua.in\/notas\/wp-json\/wp\/v2\/users\/1"}],"replies":[{"embeddable":true,"href":"https:\/\/nalua.in\/notas\/wp-json\/wp\/v2\/comments?post=2052"}],"version-history":[{"count":20,"href":"https:\/\/nalua.in\/notas\/wp-json\/wp\/v2\/posts\/2052\/revisions"}],"predecessor-version":[{"id":2085,"href":"https:\/\/nalua.in\/notas\/wp-json\/wp\/v2\/posts\/2052\/revisions\/2085"}],"wp:attachment":[{"href":"https:\/\/nalua.in\/notas\/wp-json\/wp\/v2\/media?parent=2052"}],"wp:term":[{"taxonomy":"category","embeddable":true,"href":"https:\/\/nalua.in\/notas\/wp-json\/wp\/v2\/categories?post=2052"},{"taxonomy":"post_tag","embeddable":true,"href":"https:\/\/nalua.in\/notas\/wp-json\/wp\/v2\/tags?post=2052"}],"curies":[{"name":"wp","href":"https:\/\/api.w.org\/{rel}","templated":true}]}}