{"id":2016,"date":"2024-05-04T22:59:46","date_gmt":"2024-05-04T22:59:46","guid":{"rendered":"https:\/\/nalua.in\/notas\/?p=2016"},"modified":"2024-05-05T00:42:01","modified_gmt":"2024-05-05T00:42:01","slug":"uma-argola-que-me-prende","status":"publish","type":"post","link":"https:\/\/nalua.in\/notas\/uma-argola-que-me-prende\/","title":{"rendered":""},"content":{"rendered":"<p style=\"text-align: center;\"><a href=\"https:\/\/telegra.ph\/Atalhos-05-05\" target=\"_blank\" rel=\"noopener\"><span style=\"font-size: 8pt;\">voc\u00ea argola que me prende<\/span><\/a><\/p>\n<p><img loading=\"lazy\" decoding=\"async\" class=\"size-full wp-image-2039 aligncenter\" src=\"https:\/\/nalua.in\/notas\/wp-content\/uploads\/2024\/05\/almanaque.jpg\" alt=\"\" width=\"542\" height=\"139\" srcset=\"https:\/\/nalua.in\/notas\/wp-content\/uploads\/2024\/05\/almanaque.jpg 542w, https:\/\/nalua.in\/notas\/wp-content\/uploads\/2024\/05\/almanaque-300x77.jpg 300w, https:\/\/nalua.in\/notas\/wp-content\/uploads\/2024\/05\/almanaque-150x38.jpg 150w\" sizes=\"auto, (max-width: 542px) 100vw, 542px\" \/><\/p>\n<p style=\"text-align: center;\"><strong>Belo Horizonte, 05 de maio de 2024<\/strong><\/p>\n<p style=\"text-align: center;\"><span class=\"x19la9d6 x1fc57z9 x6ikm8r x10wlt62 x19co3pv x1g5zs5t xfibh0p xiy17q3 x1xsqp64 x1lkfr7t xexx8yu x4uap5 x18d9i69 xkhd6sd\"><span class=\"xrtxmta x1bhl96m\"><strong>A cat\u00e1strofe clim\u00e1tica j\u00e1 est\u00e1 posta<\/strong><\/span><\/span><\/p>\n<p style=\"text-align: center;\"><span class=\"x19la9d6 x1fc57z9 x6ikm8r x10wlt62 x19co3pv x1g5zs5t xfibh0p xiy17q3 x1xsqp64 x1lkfr7t xexx8yu x4uap5 x18d9i69 xkhd6sd\"><span class=\"xrtxmta x1bhl96m\">\ud83c\udf24\ufe0f<\/span><\/span><span class=\"x19la9d6 x1fc57z9 x6ikm8r x10wlt62 x19co3pv x1g5zs5t xfibh0p xiy17q3 x1xsqp64 x1lkfr7t xexx8yu x4uap5 x18d9i69 xkhd6sd\"><span class=\"xrtxmta x1bhl96m\">\ud83c\udf0e<\/span><\/span><span class=\"x19la9d6 x1fc57z9 x6ikm8r x10wlt62 x19co3pv x1g5zs5t xfibh0p xiy17q3 x1xsqp64 x1lkfr7t xexx8yu x4uap5 x18d9i69 xkhd6sd\"><span class=\"xrtxmta x1bhl96m\">\ud83d\udd25<\/span><\/span><span class=\"x19la9d6 x1fc57z9 x6ikm8r x10wlt62 x19co3pv x1g5zs5t xfibh0p xiy17q3 x1xsqp64 x1lkfr7t xexx8yu x4uap5 x18d9i69 xkhd6sd\"><span class=\"xrtxmta x1bhl96m\">\u2614<\/span><\/span><span class=\"x19la9d6 x1fc57z9 x6ikm8r x10wlt62 x19co3pv x1g5zs5t xfibh0p xiy17q3 x1xsqp64 x1lkfr7t xexx8yu x4uap5 x18d9i69 xkhd6sd\"><span class=\"xrtxmta x1bhl96m\">\u26c4 <\/span><\/span><\/p>\n<hr \/>\n<p style=\"text-align: justify;\"><strong>Dia Mundial da Higiene das M\u00e3os. Dia Internacional da Parteira <\/strong>(Um beijo onde voc\u00ea estiver Myriam)<strong>. Dia Internacional da L\u00edngua Portuguesa e da Cultura Lus\u00f3fona<\/strong>. Em <strong>1260<\/strong> <span style=\"text-decoration: underline;\">Kublai Khan<\/span> torna-se governante do Imp\u00e9rio Mongol. Em <strong>1930<\/strong> <span style=\"text-decoration: underline;\">o terremoto de Bago<\/span> de mata 7000 pessoas. Em <strong>2011<\/strong> o <span style=\"text-decoration: underline;\">Supremo Tribunal Federal do Brasil<\/span> decide que casais homossexuais tamb\u00e9m podem firmar contratos de uni\u00e3o est\u00e1vel. <strong>Faz um ano hoje<\/strong> que a <span style=\"text-decoration: underline;\">OMS<\/span> declarou que a pandemia de COVID-19 deixou de ser uma Emerg\u00eancia de Sa\u00fade P\u00fablica de \u00c2mbito Internacional. Em <strong>1818<\/strong> nascia <span style=\"text-decoration: underline;\">Karl Marx<\/span>. Em <strong>1918<\/strong> vinha <span style=\"text-decoration: underline;\">Dino 7 Cordas<\/span>. Em <strong>1976<\/strong> <span style=\"text-decoration: underline;\">Juan Pablo Sor\u00edn<\/span>. Em <strong>1994<\/strong> nos deixava <span style=\"text-decoration: underline;\">M\u00e1rio Quintana<\/span> e em <strong>2007<\/strong> era a vez de <span style=\"text-decoration: underline;\">Almir Guineto<\/span> nos deixar.<\/p>\n<hr \/>\n<p style=\"text-align: center;\"><em>obsess\u00e3o:<\/em><\/p>\n<p style=\"text-align: center;\"><em>compuls\u00e3o mania atra\u00e7\u00e3o fixa\u00e7\u00e3o motiva\u00e7\u00e3o.<\/em><br \/>\n<em>obsess\u00e3o:<\/em><br \/>\n<em>a doen\u00e7a no homem.<\/em><br \/>\n<em>no artista, <strong>a sa\u00fade<\/strong>.<\/em><br \/>\n<em>(os temas &amp; assuntos &amp; acontecimentos nas pe\u00e7as de nelson rodrigues, os temas &amp; assuntos &amp; situa\u00e7\u00f5es nos filmes de woody allen &amp; pedro almod\u00f3var, os tra\u00e7os de picasso, os paradoxos em pessoa, a secura &amp; exatid\u00e3o nos versos de cabral, a porra-louquice l\u00facida de waly, o suingue nas m\u00fasicas de benjor, o esmero nos efeitos po\u00e9ticos das letras de chico buarque, a precis\u00e3o das notas na voz &amp; no viol\u00e3o de jo\u00e3o gilberto:<\/em><br \/>\n<em>a tudo isso: obsess\u00e3o.)<\/em><br \/>\n<em>ali a ilha nesse mar t\u00e3o desmedido, ali a luz no escuro inexpressivo: obsess\u00e3o di\u00e1ria, renitente, recorrente (minha).<\/em><\/p>\n<p style=\"text-align: center;\"><em>(a obsess\u00e3o dos poetas: por mais viciantes o cigarro, o sexo, o \u00e1lcool, viciam, ainda mais: as palavras.)<\/em><br \/>\n<em>beijo bom &amp; carinhoso em voc\u00eas,<\/em><br \/>\n<em>paulo sabino \/ paulinho.<\/em><\/p>\n<p style=\"text-align: center;\"><span class=\"x19la9d6 x1fc57z9 x6ikm8r x10wlt62 x19co3pv x1g5zs5t xfibh0p xiy17q3 x1xsqp64 x1lkfr7t xexx8yu x4uap5 x18d9i69 xkhd6sd\"><span class=\"xrtxmta x1bhl96m\">\u2663\ufe0f<\/span><\/span><\/p>\n<p style=\"text-align: center;\"><strong>Chacal<\/strong><\/p>\n<hr \/>\n<h2>Em 1964 escreveu Alejandra Pizarnik em seu di\u00e1rio:<\/h2>\n<p><strong>Ter\u00e7a-feira, 5 de maio<\/strong><\/p>\n<p style=\"text-align: justify;\"><em>Ontem \u00e0 noite sonhei com Pedro. Eu sofria por causa de sua &#8220;trai\u00e7\u00e3o&#8221;. A minha situa\u00e7\u00e3o \u00e9 totalmente falsa, vivo como se fosse me matar muito em breve. Eu me despe\u00e7o. Sensa\u00e7\u00e3o de estar desperdi\u00e7ando meu tempo. Visita familiar de hoje: fui gastar minhas horas, do\u00e1-las, como se n\u00e3o servissem mais para nada. Minha m\u00e3e quer que eu escreva um romance que \u201ctodos possam entender\u201d. Sinto culpa diante de minha m\u00e3e pela minha quase queda: na morte ou em n\u00e3o sei que doen\u00e7a atroz.<\/em><\/p>\n<p style=\"text-align: justify;\"><em>Atualmente vivo para T. Sempre preciso viver para algu\u00e9m. Por isso nunca estive sozinha, quer dizer, nunca \u201cvivi para mim\u201d. Preciso ter algu\u00e9m para adorar no sentido mais b\u00e1sico e religioso. Mesmo quando leio para aprender, percebo que o reposit\u00f3rio do conhecimento ser\u00e1 quem eu adoro. Agora, o sil\u00eancio de M. L. me condena.<\/em><\/p>\n<p style=\"text-align: right;\"><strong>Alejandra Pizarnik &#8211; Di\u00e1rios &#8211; Nueva Edici\u00f3n de Ana Becciu\u00a0<\/strong><\/p>\n<hr \/>\n<p style=\"text-align: center;\"><em>Eu sou o Senhor, o teu Deus, que te tirou do Egito, da terra da escravid\u00e3o. N\u00e3o ter\u00e1s outros deuses al\u00e9m de mim.<\/em><\/p>\n<p style=\"text-align: center;\"><strong>\u00caxodo 20:1-26<\/strong><\/p>\n<p><img loading=\"lazy\" decoding=\"async\" class=\"size-full wp-image-2019 aligncenter\" src=\"https:\/\/nalua.in\/notas\/wp-content\/uploads\/2024\/05\/enamoradosp.jpg\" alt=\"\" width=\"350\" height=\"648\" srcset=\"https:\/\/nalua.in\/notas\/wp-content\/uploads\/2024\/05\/enamoradosp.jpg 350w, https:\/\/nalua.in\/notas\/wp-content\/uploads\/2024\/05\/enamoradosp-162x300.jpg 162w, https:\/\/nalua.in\/notas\/wp-content\/uploads\/2024\/05\/enamoradosp-150x278.jpg 150w\" sizes=\"auto, (max-width: 350px) 100vw, 350px\" \/><\/p>\n<h2 style=\"text-align: center;\">Somos sempre expulsos de algum para\u00edso<\/h2>\n<blockquote>\n<p style=\"text-align: center;\"><em>Para sentir seu leve peso guardava o rouxinol numa caixinha. Tudo o que queria era andar com o rouxinol empoleirado no dedo. Mas se abrisse a caixinha, ah! certamente fugiria. Ent\u00e3o amorosamente cortou o dedo. E, atrav\u00e9s de uma m\u00ednima fresta, o enfiou na caixinha.<\/em><\/p>\n<p style=\"text-align: center;\"><strong>Marina Colasanti<\/strong><\/p>\n<\/blockquote>\n<p style=\"text-align: justify;\"><span style=\"text-align: justify;\">Essa semana curiosamente nos aparece a carta Os Enamorados. O arcano maior Os Amantes, ou Os Enamorados. Numa semana que vem precedida pela <\/span><strong style=\"text-align: justify;\">trag\u00e9dia clim\u00e1tica<\/strong> <strong style=\"text-align: justify;\">e social<\/strong><span style=\"text-align: justify;\"> no Rio Grande do Sul e pelo <\/span><strong style=\"text-align: justify;\">super show da Madonna no Rio<\/strong><span style=\"text-align: justify;\">. Essa carta que, na maneira moderna de ver, \u00e9 tida como a <\/span><strong style=\"text-align: justify;\">carta do amor, de trunfo amoroso ou como a carta das escolhas<\/strong><span style=\"text-align: justify;\">. A carta em que nos deparamos com alguma <\/span><strong style=\"text-align: justify;\">escolha<\/strong><span style=\"text-align: justify;\">. Estamos caminhando sobre uma linha fina que separa os <\/span><strong style=\"text-align: justify;\">dois caminhos que precisamos escolher<\/strong><span style=\"text-align: justify;\">. Mas j\u00e1 falamos de escolhas dif\u00edceis por aqui. J\u00e1 falamos do pre\u00e7o de escolher, das implica\u00e7\u00f5es. A carta dos Amantes nos mostra, diante deste momento de escolha, <\/span><strong style=\"text-align: justify;\">uma pequena (ou grande) paralisia<\/strong><span style=\"text-align: justify;\"> que pode acontecer no momento da escolha. Essa <\/span><strong style=\"text-align: justify;\">paralisia<\/strong><span style=\"text-align: justify;\"> nos prende em um estado mental que pode nos levar \u00e0 alguma <\/span><strong style=\"text-align: justify;\">obsess\u00e3o<\/strong><span style=\"text-align: justify;\">. <\/span><strong style=\"text-align: justify;\">Sim<\/strong><span style=\"text-align: justify;\">. A carta Os Enamorados tamb\u00e9m pode nos falar disso. Como nos lembra a tar\u00f3loga e escritora Jessa Crispin, a flecha de Eros \u00e9 odiada pelos deuses do Olimpo. <\/span><strong style=\"text-align: justify;\">Ela prende numa paralisia enlouquecida e febril, tira a raz\u00e3o, coloca a v\u00edtima em del\u00edrio e sofrimento<\/strong><span style=\"text-align: justify;\">. N\u00e3o dever\u00edamos idolatrar a paix\u00e3o desenfreada que surge da ferida aberta por Eros. <\/span><strong style=\"text-align: justify;\">N\u00e3o<\/strong><span style=\"text-align: justify;\">?<\/span><\/p>\n<p style=\"text-align: justify;\">Essa carta nos fala de <strong>encantos que num instante se convertem em obsess\u00f5es<\/strong> e o que era para ser uma <strong>escolha racional, medida e fria vira uma paralisia obsessiva<\/strong>. A linha entre a paix\u00e3o que cria, tira do lugar e nos leva a um est\u00e1gio significativo e entre a obsess\u00e3o paralisante e destruidora \u00e9 <strong>fina<\/strong> e <strong>quase invis\u00edvel<\/strong>. Para atravess\u00e1-la basta um <strong>descuido, um passo em falso, ou um gatilho acionado no nosso inconsciente que nem percebemos<\/strong>. E a obsess\u00e3o \u00e9 sempre<em> essa boca aberta, tragando tudo pelo caminho<\/em>.<\/p>\n<p style=\"text-align: justify;\">O que a carta nos fala num domingo incerto \u00e9 que <strong>todos temos obsess\u00f5es, paix\u00f5es desenfreadas, assuntos que mobilizam, paralisam e nos prendem ou nos libertam de v\u00e1rias amarras<\/strong>. Sua paix\u00e3o, suas paix\u00f5es est\u00e3o se tornando suas carrascas? Est\u00e3o deixando voc\u00ea viver e ajudando voc\u00ea a ser algu\u00e9m que voc\u00ea mesmo admira? Esse \u00e9 o mote dos Enamorados para a semana. <strong>Separar o ntrigo da criatividade e significado do joio da obsess\u00e3o cega<\/strong>. Precisamos de paix\u00f5es e de olhos.<\/p>\n<p style=\"text-align: justify;\">As paix\u00f5es levam a um show da Madonna, <strong>incr\u00edvel, esperado, criativo, bonito e colorido<\/strong>. Levam tamb\u00e9m \u00e0 <strong>cegueira, gan\u00e2ncia, horror<\/strong> que resulta na cat\u00e1strofe clim\u00e1tica que estamos vendo diante de nossos olhos. <strong>A dualidade da carta os enamorados n\u00e3o \u00e9 casual<\/strong>. \u00c9 um arcano maior, foi tirada no calor destes dois acontecimentos no nosso pa\u00eds, e <strong>fala a n\u00f3s pessoalmente<\/strong> \u2013 <em>o que temos a ver com show numa cidade outra do pa\u00eds, que temos a ver com a trag\u00e9dia do sul, nem sou sulista<\/em>. <strong>Pois \u00e9, n\u00e3o temos<\/strong>. <strong>Mas todos temos<\/strong>, todos temos a ver com nosso mundo. Mas s\u00f3 podemos cuidar do nosso quintal, da nossa mente, dos nossos, uma coisa por vez. <strong>N\u00e3o se apegue muito a isso amigo, n\u00e3o se apegue para se livrar da culpa que todos temos nas consequ\u00eancias de nossas a\u00e7\u00f5es. E obsess\u00f5es<\/strong>. \u00c9 tudo confuso e paradoxal mesmo. \u00c9 a vida. <strong>S\u00f3 n\u00e3o podemos esquecer que responsabilidade tamb\u00e9m \u00e9 mato, tem para todo mundo. Pode entrar na fila. E paci\u00eancia<\/strong>.<\/p>\n<p style=\"text-align: justify;\">Sejamos menos apaixonantes, sejamos mais am\u00e1veis. Boa semana.<\/p>\n<table style=\"width: 100%; border-collapse: collapse; background-color: #fae3f2;\">\n<tbody>\n<tr>\n<td style=\"width: 100%;\"><img loading=\"lazy\" decoding=\"async\" class=\"size-full wp-image-2023 aligncenter\" src=\"https:\/\/nalua.in\/notas\/wp-content\/uploads\/2024\/05\/osamantesp.jpg\" alt=\"\" width=\"350\" height=\"572\" srcset=\"https:\/\/nalua.in\/notas\/wp-content\/uploads\/2024\/05\/osamantesp.jpg 350w, https:\/\/nalua.in\/notas\/wp-content\/uploads\/2024\/05\/osamantesp-184x300.jpg 184w, https:\/\/nalua.in\/notas\/wp-content\/uploads\/2024\/05\/osamantesp-150x245.jpg 150w\" sizes=\"auto, (max-width: 350px) 100vw, 350px\" \/><\/p>\n<p style=\"text-align: justify;\">Os Enamorados \u00e9 a carta n\u00famero 6 do Tar\u00f4 e representa uma das mais poderosas energias do amor e relacionamentos. Esta carta \u00e9 cheia de simbolismo e significados que podem ser interpretados de v\u00e1rias maneiras, dependendo do contexto da leitura do Tar\u00f4.\u00a0A imagem dos Enamorados geralmente retrata um homem e uma mulher, muitas vezes nus, em p\u00e9 diante de uma \u00e1rvore com uma serpente e um anjo. Esta cena evoca a hist\u00f3ria b\u00edblica de Ad\u00e3o e Eva no Jardim do \u00c9den, onde a serpente tenta Eva a comer o fruto proibido, enquanto um anjo olha para eles. Esta representa\u00e7\u00e3o simb\u00f3lica sugere a escolha entre o bem e o mal, entre o instinto e a consci\u00eancia, entre a tenta\u00e7\u00e3o e a virtude.\u00a0No entanto, os Enamorados n\u00e3o se limitam apenas ao amor rom\u00e2ntico e sexual. Eles tamb\u00e9m representam escolhas, decis\u00f5es e dilemas. Esta carta est\u00e1 associada ao signo de G\u00eameos, que \u00e9 regido pelo planeta Merc\u00fario, o mensageiro dos deuses na mitologia romana. Merc\u00fario \u00e9 conhecido por sua dualidade e versatilidade, caracter\u00edsticas que se refletem nos Enamorados.\u00a0Quando os Enamorados aparecem em uma leitura do Tar\u00f4, eles podem indicar um momento crucial de decis\u00e3o. Eles representam o ponto de virada em que somos confrontados com escolhas importantes que moldar\u00e3o nosso futuro. Esta carta nos lembra que todas as decis\u00f5es t\u00eam consequ\u00eancias e que devemos considerar cuidadosamente as op\u00e7\u00f5es diante de n\u00f3s.\u00a0Al\u00e9m disso, os Enamorados tamb\u00e9m falam sobre a necessidade de integra\u00e7\u00e3o e harmonia. Eles nos lembram que somos seres complexos, feitos de muitas partes diferentes, e que devemos aprender a equilibrar essas partes para alcan\u00e7ar a plenitude. Esta carta nos convida a integrar nossos desejos e necessidades, nossos instintos e nossa consci\u00eancia, nossas qualidades masculinas e femininas.<\/p>\n<p style=\"text-align: justify;\">Quando se trata de relacionamentos amorosos, os Enamorados podem indicar um momento de paix\u00e3o intensa e conex\u00e3o profunda. Eles representam a atra\u00e7\u00e3o f\u00edsica e emocional entre duas pessoas, bem como a necessidade de compromisso e escolhas m\u00fatuas. No entanto, tamb\u00e9m podem apontar para dilemas e desafios dentro do relacionamento, exigindo que ambas as partes fa\u00e7am escolhas dif\u00edceis.\u00a0Al\u00e9m disso, os Enamorados tamb\u00e9m podem se referir a outras formas de relacionamento, como amizades, parcerias comerciais ou alian\u00e7as familiares. Eles nos lembram que todos os relacionamentos envolvem escolhas e compromissos m\u00fatuos, e que devemos estar dispostos a enfrentar esses desafios para alcan\u00e7ar a verdadeira conex\u00e3o.<\/p>\n<\/td>\n<\/tr>\n<\/tbody>\n<\/table>\n<h2 style=\"text-align: center;\">\u00a0Octavia Butler ensinando a gente a viver<\/h2>\n<h2 style=\"text-align: center;\">Obsess\u00e3o Positiva<\/h2>\n<p style=\"text-align: justify;\">&#8211;<em>1-<\/em><br \/>\n<em>Minha m\u00e3e me leu hist\u00f3rias antes de dormir at\u00e9 os meus seis anos de idade. Foi uma investida estrat\u00e9gica da parte dela. Assim que eu come\u00e7ava a gostar das hist\u00f3rias, ela dizia \u201cAqui est\u00e1 o livro. Agora leia voc\u00ea.\u201d Ela n\u00e3o sabia no que estava nos metendo.<\/em><\/p>\n<p style=\"text-align: justify;\"><em>-2-<\/em><br \/>\n<em>\u201cEu acho,\u201d minha m\u00e3e me disse um dia quando eu tinha dez anos, \u201cque toda pessoa tem uma coisa que sabe fazer melhor do que qualquer outra coisa. Cabe a essa pessoa descobrir o que \u00e9 essa coisa.\u201d[..]<\/em><\/p>\n<p style=\"text-align: justify;\"><em>-3-<\/em><br \/>\n<em>Eu era t\u00edmida, tinha medo da maioria das pessoas, da maioria das situa\u00e7\u00f5es. [&#8230;]<\/em><br \/>\n<em>Eu me arrastei cheia de medos vagos at\u00e9 minha primeira livraria. {..} Era 1957. <\/em><br \/>\n<em>[&#8230;] \u201cCrian\u00e7as podem entrar aqui?\u201d eu perguntei \u00e0 mulher no caixa quando entrei. Eu queria dizer \u201ccrian\u00e7as negras podem entrar aqui?\u201d. <\/em><br \/>\n<em>[&#8230;]A mulher no caixa olhou para mim. \u201cClaro que voc\u00ea pode entrar,\u201d ela disse. Ent\u00e3o, como em uma rea\u00e7\u00e3o tardia, ela sorriu. Eu relaxei.<\/em><\/p>\n<p style=\"text-align: justify;\"><em>-4-<\/em><br \/>\n<em>Minha tia e eu est\u00e1vamos na cozinha dela, conversando<\/em><br \/>\n<em>[&#8230;] \u201cQuero ser uma escritora quando eu crescer,\u201d eu disse.<\/em><br \/>\n<em>\u201cQuer?\u201d minha tia perguntou. \u201cBem, isso \u00e9 bom, mas voc\u00ea ter\u00e1 que conseguir um emprego tamb\u00e9m.\u201d<\/em><br \/>\n<em>\u201cEscrever ser\u00e1 meu emprego,\u201d eu disse.<\/em><br \/>\n<em>\u201cVoc\u00ea pode escrever a qualquer hora. \u00c9 um bom hobby. Mas voc\u00ea ter\u00e1 que ganhar a vida.\u201d<\/em><br \/>\n<em>\u201cComo uma escritora.\u201d<\/em><br \/>\n<em>\u201cN\u00e3o seja boba.\u201d<\/em><br \/>\n<em>\u201cEu falo s\u00e9rio.\u201d<\/em><br \/>\n<em>\u201cQuerida\u2026 Pessoas negras n\u00e3o podem ser escritoras.\u201d<\/em><br \/>\n<em>[&#8230;]Eu era mais inflex\u00edvel quando eu n\u00e3o sabia sobre o que estava falando. Em todos os meus treze anos, eu nunca tinha lido uma palavra impressa que eu soubesse ter sido escrita por uma pessoa negra. Minha tia era uma mulher adulta. Ela sabia mais que eu. E se ela estivesse certa?<\/em><\/p>\n<p style=\"text-align: justify;\"><em>-5-<\/em><br \/>\n<em>Timidez \u00e9 uma merda.\u00a0<\/em><br \/>\n<em>N\u00e3o \u00e9 fofa, nem feminina, nem simp\u00e1tica. \u00c9 um tormento e \u00e9 uma droga.<\/em><br \/>\n<em>Eu passei grande parte da minha inf\u00e2ncia e adolesc\u00eancia olhando para o ch\u00e3o. \u00c9 uma surpresa eu n\u00e3o ter me tornado uma ge\u00f3loga. Eu sussurrava. As pessoas sempre diziam, \u201cFale alto! N\u00e3o conseguimos te ouvir.\u201d<\/em><br \/>\n<em>[&#8230;]Eu acreditava que eu era feia e est\u00fapida, desajeitada e socialmente fracassada. Eu tamb\u00e9m achava que todo mundo perceberia essas falhas se eu atra\u00edsse aten\u00e7\u00e3o para mim mesma. Eu queria desaparecer. Em vez disso, eu cresci at\u00e9 atingir 1,83 m de altura. <\/em><br \/>\n<em>[&#8230;].<\/em><br \/>\n<em>Eu me escondi em um grande caderno rosa \u2013 um que seguraria uma resma inteira de papel. Eu criei o meu universo dentro desse caderno. L\u00e1 eu poderia ser um cavalo m\u00e1gico, uma marciana, uma telepata \u2026 L\u00e1 eu poderia estar em qualquer lugar menos aqui, em qualquer tempo menos nesse, com qualquer pessoa menos essas.<\/em><\/p>\n<p style=\"text-align: justify;\"><em>-7-<\/em><br \/>\n<em>Uma obsess\u00e3o, segundo meu velho dicion\u00e1rio da Random House, \u00e9 \u201ca domina\u00e7\u00e3o de seus pensamentos ou sentimentos por uma persistente ideia, imagem, desejo, etc.\u201d A obsess\u00e3o pode ser uma ferramenta \u00fatil se \u00e9 uma obsess\u00e3o positiva. Us\u00e1-la \u00e9 como mirar com cuidado no arco e flecha.<\/em><br \/>\n<em>Eu pratiquei arco e flecha no ensino m\u00e9dio porque n\u00e3o era um esporte em grupo. Eu gostava de alguns esportes em grupo, mas no arco e flecha voc\u00ea se sa\u00eda bem ou mal de acordo com seus pr\u00f3prios esfor\u00e7os. Ningu\u00e9m al\u00e9m de voc\u00ea para culpar. Eu queria ver o que eu poderia fazer. Eu aprendi a mirar alto. Mire acima do alvo. Mire l\u00e1! Relaxe. Solte. Se voc\u00ea mirou certo, voc\u00ea acertou na mosca. Eu enxergava a obsess\u00e3o positiva como uma forma de mirar voc\u00ea, de mirar sua vida em dire\u00e7\u00e3o a seu alvo. Decida o que voc\u00ea quer. Mire alto. V\u00e1 em frente.<\/em><br \/>\n<em>[&#8230;]Eu escrevi minhas hist\u00f3rias \u201ccatando milho\u201d na port\u00e1til m\u00e1quina de escrever Remington que minha m\u00e3e comprou para mim. Eu implorei pela m\u00e1quina quando tinha dez anos, e minha m\u00e3e a comprou.<\/em><br \/>\n<em>\u201cVoc\u00ea mima essa crian\u00e7a!\u201d um dos amigos dela disse. <\/em><br \/>\n<em>[&#8230;]Pedi ao meu professor de ci\u00eancias, Senhor Pfaff, que datilografasse uma das minhas hist\u00f3rias para mim \u2013 fa\u00e7a da forma que deveria ser, sem buracos de tanto apagar o papel e sem letras sobrepostas. Ele fez. E at\u00e9 corrigiu minha terr\u00edvel ortografia e pontua\u00e7\u00e3o. At\u00e9 hoje me sinto maravilhada e agradecida.<\/em><\/p>\n<p style=\"text-align: justify;\"><em>-8-<\/em><br \/>\n<em>Eu n\u00e3o fazia ideia de como submeter uma hist\u00f3ria para publica\u00e7\u00e3o<\/em><br \/>\n<em>[&#8230;] Em muito pouco tempo eu descobri como submeter uma hist\u00f3ria, e minha hist\u00f3ria foi enviada pelos correios. Poucas semanas depois eu recebi minha primeira carta de rejei\u00e7\u00e3o.<\/em><br \/>\n<em>Quando fiquei mais velha, eu decidi que receber uma carta de rejei\u00e7\u00e3o era como ouvir que sua filha ou filho era feio. Voc\u00ea ficava com raiva e n\u00e3o acreditava em uma palavra. Al\u00e9m disso, veja todas as crian\u00e7as liter\u00e1rias realmente feias pelo mundo afora, publicadas e indo bem!<\/em><\/p>\n<p style=\"text-align: justify;\"><em>-14-<\/em><br \/>\n<em>Ent\u00e3o, eu escrevo fic\u00e7\u00e3o cient\u00edfica e fantasia para viver. At\u00e9 onde sei, eu ainda sou a \u00fanica mulher negra a fazer isso. Quando comecei a dar entrevistas, uma das quest\u00f5es que eu mais ouvia era, \u201cQual a utilidade da fic\u00e7\u00e3o cient\u00edfica para pessoas negras?\u201d Geralmente era uma pessoa negra que me perguntava isso. Eu dei respostas que n\u00e3o satisfaziam a mim e, provavelmente, n\u00e3o satisfaziam a quem me questionava. Eu ressenti a quest\u00e3o. Por que eu deveria justificar minha profiss\u00e3o para algu\u00e9m?<\/em><br \/>\n<em>Mas a resposta para aquilo era \u00f3bvia. Quando eu vendi meu primeiro romance, havia um \u00fanico outro escritor negro bem sucedido trabalhando com fic\u00e7\u00e3o cient\u00edfica: Samuel R. Delany, Jr. <\/em><br \/>\n<em>[&#8230;]Uma jovem mulher negra uma vez me disse, \u201cEu sempre quis escrever fic\u00e7\u00e3o cient\u00edfica, mas pensei que n\u00e3o havia mulheres negras fazendo isso.\u201d As d\u00favidas se mostram de diversas formas. Mas ainda me perguntam qual a utilidade da fic\u00e7\u00e3o cient\u00edfica para pessoas negras.<\/em><br \/>\n<em>Qual a utilidade de qualquer forma de literatura para pessoas negras?<\/em><br \/>\n<em>Qual a utilidade do pensamento da fic\u00e7\u00e3o cient\u00edfica sobre o presente, o futuro e o passado? Qual a utilidade de sua tend\u00eancia em alertar ou considerar formas alternativas de pensar e agir? Qual a utilidade de sua an\u00e1lise dos poss\u00edveis efeitos da ci\u00eancia e da tecnologia, ou organiza\u00e7\u00e3o social e dire\u00e7\u00e3o pol\u00edtica? Em seu melhor, a fic\u00e7\u00e3o cient\u00edfica estimula a imagina\u00e7\u00e3o e a criatividade. Ela conduz leitor e escritor para fora do caminho comum, do caminho restrito que leva ao que \u201ctodo mundo\u201d est\u00e1 dizendo, fazendo, pensando \u2013 quem quer que seja \u201ctodo mundo\u201d esse ano.<\/em><br \/>\n<em>Qual a utilidade de tudo isso para pessoas negras?<\/em><\/p>\n<p style=\"text-align: right;\"><strong>Octavia Butler &#8211; Positive Obsession &#8211; <em>Bloodchild and Other Stories<\/em>. Tradu\u00e7\u00e3o de Tuanny Medeiros<\/strong><\/p>\n<p>O texto completo e traduzido, que vale demais a leitura, est\u00e1 <a href=\"https:\/\/letraspretas.com\/2018\/01\/23\/obsessao-positiva-por-octavia-e-butler\/\" target=\"_blank\" rel=\"noopener\">aqui<\/a>.<\/p>\n<table style=\"width: 100%; border-collapse: collapse; background-color: #d9d9d9;\">\n<tbody>\n<tr>\n<td style=\"width: 100%;\">\n<h2 style=\"text-align: center;\">Por horas e horas e horas<\/h2>\n<p style=\"text-align: center;\"><em><strong>O que sopra a arte obsessiva. O que fala do que nos obceda. A arte para aguentar o fim do mundo. Mas n\u00e3o esquentem demais as cadeiras, tem trabalho l\u00e1 fora.<\/strong><\/em><\/p>\n<\/td>\n<\/tr>\n<\/tbody>\n<\/table>\n<h3 style=\"text-align: center;\">Livro<\/h3>\n<p style=\"text-align: justify;\"><img loading=\"lazy\" decoding=\"async\" class=\" wp-image-2024 aligncenter\" src=\"https:\/\/nalua.in\/notas\/wp-content\/uploads\/2024\/05\/miserylivro.jpg\" alt=\"\" width=\"299\" height=\"426\" srcset=\"https:\/\/nalua.in\/notas\/wp-content\/uploads\/2024\/05\/miserylivro.jpg 350w, https:\/\/nalua.in\/notas\/wp-content\/uploads\/2024\/05\/miserylivro-210x300.jpg 210w, https:\/\/nalua.in\/notas\/wp-content\/uploads\/2024\/05\/miserylivro-150x214.jpg 150w\" sizes=\"auto, (max-width: 299px) 100vw, 299px\" \/><br \/>\n<strong>Um livro para voc\u00eas &#8211; Misery: Louca obsess\u00e3o &#8211; Stephen King. <em>Esse livro \u00e9 muito divertido, King \u00e9 um \u00f3timo contador de hist\u00f3rias. Eu gosto do livro e do filme, muito. \u00e9 divers\u00e3ogarantida, serve para nos livrar do nosso pr\u00f3prio pensamento, como as boas divers\u00f5es. Indico livro e filme.\u00a0<\/em><\/strong><\/p>\n<hr \/>\n<p class=\"section__subtitle\" style=\"text-align: justify;\"><i>Misery<\/i>, o cl\u00e1ssico do terror que inspirou o filme com Kathy Bates, \u00e9 uma hist\u00f3ria chocante sobre o impacto da fic\u00e7\u00e3o em uma mente obsessiva e a ang\u00fastia do aprisionamento. Paul Sheldon \u00e9 um escritor famoso, reconhecido por uma s\u00e9rie de best-sellers protagonizados pela mesma personagem: Misery Chastain. Annie Wilkes \u00e9 uma enfermeira aposentada, leitora voraz e obcecada pela hist\u00f3ria de Misery. Quando Paul sofre um acidente de carro em uma nevasca, ele \u00e9 resgatado justamente por Annie, e esse encontro entre f\u00e3 e autor \u00e9 o ponto de partida de uma das tramas mais aterrorizantes de Stephen King. Insatisfeita com o final do \u00faltimo livro da s\u00e9rie, a f\u00e3 isola o autor debilitado em um quarto em sua casa. Com torturas, amea\u00e7as e uma vigil\u00e2ncia persistente, ela faz de tudo para obrig\u00e1-lo a reescrever a narrativa com o final que ela considera apropriado. Considerada uma das vil\u00e3s mais assustadoras e complexas do universo King e interpretada por Kathy Bates no filme que se tornou um cl\u00e1ssico, Annie Wilkes \u00e9 a figura que faz de <i>Misery<\/i>\u00a0um livro essencial.<\/p>\n<div class=\"section__text\">\n<hr \/>\n<p style=\"text-align: justify;\"><strong><img loading=\"lazy\" decoding=\"async\" class=\"wp-image-2025 aligncenter\" src=\"https:\/\/nalua.in\/notas\/wp-content\/uploads\/2024\/05\/mobydickp.jpg\" alt=\"\" width=\"300\" height=\"405\" srcset=\"https:\/\/nalua.in\/notas\/wp-content\/uploads\/2024\/05\/mobydickp.jpg 350w, https:\/\/nalua.in\/notas\/wp-content\/uploads\/2024\/05\/mobydickp-222x300.jpg 222w, https:\/\/nalua.in\/notas\/wp-content\/uploads\/2024\/05\/mobydickp-150x202.jpg 150w\" sizes=\"auto, (max-width: 300px) 100vw, 300px\" \/><\/strong><\/p>\n<p style=\"text-align: justify;\"><strong>Um livro pra mim &#8211; Moby Dick &#8211; Herman Melville. Quando vai chegar a hora de eu mesma ler esse livro? N\u00e3o sei, mas gostaria muito de n\u00e3o morrer antes \ud83d\ude42 . Acho que vou gostar dele, e muito. Uma obsess\u00e3o sem tamanho tamb\u00e9m, \u00e9 o que acontece nesse livro n\u00e9? Espero ler em breve, embora a covid, a idade, os lutos, a vida e as obsess\u00f5es tenham prejudicado muito minha concentra\u00e7\u00e3o. Quando acontecer\u00a0 venho aqui contar. Espere por mim Ahab.<\/strong><\/p>\n<hr \/>\n<p style=\"text-align: justify;\">Lan\u00e7ado em 1851, Moby Dick, ou A baleia, de Herman Melville (1819-1891), se tornou um dos livros de aventura mais emblem\u00e1ticos da literatura universal. A hist\u00f3ria do capit\u00e3o Ahab, em busca de vingan\u00e7a contra o terr\u00edvel cachalote que amputara sua perna, entrou definitivamente para a cultura popular, inspirando, entre outras cria\u00e7\u00f5es, pinturas de Jackson Pollock e Frank Stella, adapta\u00e7\u00f5es de Orson Welles para o r\u00e1dio e o teatro, um filme de John Huston, e at\u00e9 um blues do Led Zeppelin. Mas uma leitura atenta da obra-prima de Melville pode revelar as camadas mais profundas do texto, que deram ao autor o posto de maior prosador norte-americano do s\u00e9culo XIX. Entremeados \u00e0 narrativa v\u00e3o se sobressaindo m\u00faltiplos elementos: refer\u00eancias b\u00edblicas que ecoam cr\u00edticas da \u00e9poca ao nascente imperialismo dos Estados Unidos; a quest\u00e3o racial, personificada na figura dos tr\u00eas arpoadores, um negro, um \u00edndio e um nativo polin\u00e9sio; a an\u00e1lise da extra\u00e7\u00e3o do \u00f3leo dos cachalotes como atividade econ\u00f4mica industrial, incluindo uma discuss\u00e3o sobre a sustentabilidade da pesca das baleias; as tens\u00f5es sociais, que aparecem nas rela\u00e7\u00f5es entre superiores e subordinados e na possibilidade sempre presente de um motim \u2015 tudo isso encenado no palco shakespeariano do conv\u00e9s de um baleeiro que parte de Nantucket, em Massachusetts, at\u00e9 chegar ao Pac\u00edfico, onde ocorre o enfrentamento final entre o obsessivo capit\u00e3o Ahab e a monstruosa baleia branca.<\/p>\n<hr \/>\n<h3 style=\"text-align: center;\">Filme<\/h3>\n<p><img loading=\"lazy\" decoding=\"async\" class=\" wp-image-2026 aligncenter\" src=\"https:\/\/nalua.in\/notas\/wp-content\/uploads\/2024\/05\/20088949.webp\" alt=\"\" width=\"299\" height=\"434\" srcset=\"https:\/\/nalua.in\/notas\/wp-content\/uploads\/2024\/05\/20088949.webp 413w, https:\/\/nalua.in\/notas\/wp-content\/uploads\/2024\/05\/20088949-207x300.webp 207w, https:\/\/nalua.in\/notas\/wp-content\/uploads\/2024\/05\/20088949-150x218.webp 150w\" sizes=\"auto, (max-width: 299px) 100vw, 299px\" \/><\/p>\n<p style=\"text-align: justify;\"><strong><em>Tem um tanto n\u00e9? Tinha pelo menos 3 ou 4 pra falar. A Malvada, Cabo do Medo, Mulher Solteira Procura, Atra\u00e7\u00e3o fatal&#8230; E mais outros centos. Mas escolhi um que eu amo, assisti muito nova e foi uma del\u00edcia descobrir esse filme.<\/em> A Malvada de Joseph L. Mankiewicz &#8211; 1951. <em>Uma hist\u00f3ria de obsess\u00e3o muito boa. E tem Bette Davis, nada que envolve Bette Davis pode dar errado. Vejam sem medo.\u00a0<\/em><\/strong><\/p>\n<hr \/>\n<p style=\"text-align: justify;\">A Malvada (All About Eve)\u00a0 \u00e9 um filme estadunidense de 1950, do g\u00eanero drama, escrito e dirigido por Joseph L. Mankiewicz, e estrelado por Bette Davis, Anne Baxter, George Sanders e Celeste Holm. O roteiro foi baseado no conto &#8220;The Wisdom of Eve&#8221; (1946), de Mary Orr, embora n\u00e3o tenha sido creditado no filme.\u00a0O filme estrela Bette Davis como Margo Channing, uma altamente renomada, mas envelhecida estrela da Broadway. Anne Baxter interpreta Eve Harrington, uma jovem f\u00e3 ambiciosa que se infiltra na vida de Channing, em \u00faltima inst\u00e2ncia, amea\u00e7ando sua carreira e seus relacionamentos pessoais. O filme ainda t\u00eam participa\u00e7\u00f5es de Gary Merrill, Hugh Marlowe e Thelma Ritter, al\u00e9m de apresentar Marilyn Monroe em um de seus primeiros pap\u00e9is.\u00a0&#8220;A Malvada&#8221; estreou em Nova Iorque em 13 de outubro de 1950. Elogiado pela cr\u00edtica na \u00e9poca de seu lan\u00e7amento, o filme recebeu 14 indica\u00e7\u00f5es ao Oscar e ganhou seis, incluindo Melhor Filme. O filme \u00e9 o \u00fanico filme na hist\u00f3ria do Oscar a ter quatro atrizes indicadas por suas atua\u00e7\u00f5es (Davis e Baxter como melhor atriz, Holm e Ritter como melhor atriz coadjuvante). Em 1990, &#8220;A Malvada&#8221; foi selecionado para preserva\u00e7\u00e3o no National Film Registry, sele\u00e7\u00e3o filmogr\u00e1fica da Biblioteca do Congresso dos Estados Unidos, como sendo &#8220;culturalmente, historicamente ou esteticamente significativo&#8221;. O filme apareceu em 16.\u00ba lugar na lista dos 100 melhores filmes estadunidenses, do Instituto Americano de Cinema.<\/p>\n<p style=\"text-align: justify;\"><strong>Sinopse<\/strong><br \/>\nNa noite de entrega do pr\u00eamio Sarah Siddons, todas as aten\u00e7\u00f5es se voltam para a nova estrela em ascens\u00e3o, Eve Harrington (Anne Baxter). Ent\u00e3o, flashbacks revelam como a carreira de Eve come\u00e7ou, desde quando conheceu e foi contratada como secret\u00e1ria de Margo Channing (Bette Davis), uma grande estrela da Broadway.<\/p>\n<hr \/>\n<h3 style=\"text-align: center;\">S\u00e9rie<\/h3>\n<p><img loading=\"lazy\" decoding=\"async\" class=\" wp-image-2028 aligncenter\" src=\"https:\/\/nalua.in\/notas\/wp-content\/uploads\/2024\/05\/babyrenap.jpg\" alt=\"\" width=\"299\" height=\"426\" srcset=\"https:\/\/nalua.in\/notas\/wp-content\/uploads\/2024\/05\/babyrenap.jpg 350w, https:\/\/nalua.in\/notas\/wp-content\/uploads\/2024\/05\/babyrenap-210x300.jpg 210w, https:\/\/nalua.in\/notas\/wp-content\/uploads\/2024\/05\/babyrenap-150x214.jpg 150w\" sizes=\"auto, (max-width: 299px) 100vw, 299px\" \/><\/p>\n<p style=\"text-align: justify;\"><strong>Beb\u00ea Rena &#8211; Richard Gadd &#8211; 2024. <em>J\u00e1 estou exasperada comigo mesma com essa indica\u00e7\u00e3o. Eu vi e n\u00e3o gostei. N\u00e3o sei o que me incomodou, n\u00e3o sei o que foi que deu errado na qu\u00edmica entre eu e ela. N\u00e3o vai virar h\u00e1bito indicar coisas que n\u00e3o gostei aqui, podem ficar tranquilos. Mas n\u00e3o \u00e9 poss\u00edvel falar de obsess\u00e3o e n\u00e3o indicar essa s\u00e9rie que \u00e9 a celeuma do momento. Que todo mundo est\u00e1 vendo e comentando. Ent\u00e3o, \u00e9 a tal s\u00e9rie Beb\u00ea Rena (j\u00e1 come\u00e7a pelo nome, que nome \u00e9 esse?). E por que eu t\u00f4 indicando? Porque \u00e9 um exemplo muito bom de obsess\u00e3o da carta dos Enamorados. Porque \u00e9 uma s\u00e9rie desse minuto, bem feita, hypada (hahahaha) e muita gente que eu admiro gostou e viu muitas camadas nela, embora eu s\u00f3 tenha visto camadas de roupas feias. Mas tem seu valor, assistam para me contar se gostaram \ud83d\ude42 , se acharam gordof\u00f3bica, sei l\u00e1.\u00a0<\/em><\/strong><\/p>\n<hr \/>\n<p style=\"text-align: justify;\">Baseado em uma suspeita mas ver\u00eddica hist\u00f3ria, e na pe\u00e7a de Richard Gadd lan\u00e7ada em 2019 no Edinburgh Festival Fringe, a s\u00e9rie Beb\u00ea Rena acompanha a hist\u00f3ria do comediante, performer e escritor Donny Dunn (Richard Gadd), que se envolve com Martha (Jessica Gunning), uma mulher vulner\u00e1vel que est\u00e1 passando por seus pr\u00f3prios problemas. Esse r\u00e1pido e distorcido relacionamento acaba seguindo para uma estranha obsess\u00e3o, que impacta a vida dos dois e encurrala Donny\u00a0a enfrentar um trauma profundo e sombrio de sua vida.<\/p>\n<hr \/>\n<h2 style=\"text-align: center;\">\u266b Playlist<\/h2>\n<\/div>\n<ul>\n<li><em>The Police \u2013 Every Breathe You Take<\/em><\/li>\n<li><em>Days And Days \u2013 Concrete Blonde<\/em><\/li>\n<li><em>Shiver \u2013 Coldplay<\/em><\/li>\n<li><em>Material girl \u2013 Madonna<\/em><\/li>\n<li><em>Obsess\u00e3o \u2013 Clara Nunes<\/em><\/li>\n<li><em>O Som do Meu Violino \u2013 Jorge Mautner<\/em><\/li>\n<li><em>Matriz ou Filial \u2013 Jamel\u00e3o<\/em><\/li>\n<li><em>]Me Acalmo Danando \u2013 Angela Roro<\/em><\/li>\n<li><em>Atalhos \u2013 Agep\u00ea<\/em><\/li>\n<li><em>Zombie \u2013 The Cramberries<\/em><\/li>\n<li><em>Can&#8217;t Take My Eyes Off You \u2013 Boys Town Gang<\/em><\/li>\n<li><em>Bad Romance \u2013 Lady Gaga<\/em><\/li>\n<li><em>Alma Sebosa \u2013 Johnny Hooker<\/em><\/li>\n<\/ul>\n<p><img loading=\"lazy\" decoding=\"async\" class=\"size-full wp-image-2017 aligncenter\" src=\"https:\/\/nalua.in\/notas\/wp-content\/uploads\/2024\/05\/DogjculX4AU0BqQ.jpeg\" alt=\"\" width=\"591\" height=\"188\" srcset=\"https:\/\/nalua.in\/notas\/wp-content\/uploads\/2024\/05\/DogjculX4AU0BqQ.jpeg 591w, https:\/\/nalua.in\/notas\/wp-content\/uploads\/2024\/05\/DogjculX4AU0BqQ-300x95.jpeg 300w, https:\/\/nalua.in\/notas\/wp-content\/uploads\/2024\/05\/DogjculX4AU0BqQ-150x48.jpeg 150w\" sizes=\"auto, (max-width: 591px) 100vw, 591px\" \/><\/p>\n<p style=\"text-align: center;\"><span style=\"font-size: 8pt;\">Andr\u00e9 Dahmer <span class=\"x19la9d6 x1fc57z9 x6ikm8r x10wlt62 x19co3pv x1g5zs5t xfibh0p xiy17q3 x1xsqp64 x1lkfr7t xexx8yu x4uap5 x18d9i69 xkhd6sd\"><span class=\"xrtxmta x1bhl96m\">\u2665\ufe0f<\/span><\/span><\/span><\/p>\n<table style=\"width: 100%; border-collapse: collapse; background-color: #c6f7ef;\">\n<tbody>\n<tr>\n<td style=\"width: 100%; text-align: center;\"><strong><em>Obsess\u00e3o do mar oceano<\/em><\/strong><\/p>\n<p><em>Vou andando feliz pelas ruas sem nome&#8230;<\/em><br \/>\n<em>Que vento bom sopra do Mar Oceano!<\/em><br \/>\n<em>Meu amor eu nem sei como se chama,<\/em><br \/>\n<em>Nem sei se \u00e9 muito longe o Mar Oceano&#8230;<\/em><br \/>\n<em>Mas h\u00e1 vasos cobertos de conchinhas<\/em><br \/>\n<em>Sobre as mesas&#8230; e mo\u00e7as nas janelas<\/em><br \/>\n<em>Com brincos e pulseiras de coral&#8230;<\/em><br \/>\n<em>B\u00fazios cal\u00e7ando portas&#8230; caravelas<\/em><br \/>\n<em>Sonhando im\u00f3veis sobre velhos pianos&#8230;<\/em><br \/>\n<em>Nisto,<\/em><br \/>\n<em>Na vitrina do bric o teu sorriso, Ant\u00ednous,<\/em><br \/>\n<em>E eu me lembrei do pobre imperador Adriano,<\/em><br \/>\n<em>De su&#8217;alma perdida e vaga na neblina&#8230;<\/em><br \/>\n<em>Mas como sopra o vento sobre o Mar Oceano!<\/em><br \/>\n<em>Se eu morresse amanh\u00e3, s\u00f3 deixaria, s\u00f3,<\/em><br \/>\n<em>Uma caixa de m\u00fasica<\/em><br \/>\n<em>Uma b\u00fassola<\/em><br \/>\n<em>Um mapa figurado<\/em><br \/>\n<em>Uns poemas cheios de beleza \u00fanica<\/em><br \/>\n<em>De estarem inconclusos&#8230;<\/em><br \/>\n<em>Mas como sopra o vento nestas ruas de outono!<\/em><br \/>\n<em>E eu nem sei, eu nem sei como te chamas&#8230;<\/em><br \/>\n<em>Mas nos encontramos sobre o Mar Oceano,<\/em><br \/>\n<em>Quando eu tamb\u00e9m j\u00e1 n\u00e3o tiver mais nome.<\/em><\/p>\n<p><span class=\"x19la9d6 x1fc57z9 x6ikm8r x10wlt62 x19co3pv x1g5zs5t xfibh0p xiy17q3 x1xsqp64 x1lkfr7t xexx8yu x4uap5 x18d9i69 xkhd6sd\"><span class=\"xrtxmta x1bhl96m\">\u2663\ufe0f<\/span><\/span><\/p>\n<p><strong>M\u00e1rio Quintana<\/strong><\/td>\n<\/tr>\n<\/tbody>\n<\/table>\n<p style=\"text-align: center;\"><span style=\"font-size: 10pt;\">Post com a colabora\u00e7\u00e3o de\u00a0<a href=\"http:\/\/instagram.com\/laismeralda\" target=\"_blank\" rel=\"noopener\">@laismeralda, que \u00e9 a<em>\u00a0melhor cartomante do peda\u00e7o, marque sua consulta com ela.<\/em><\/a><\/span><\/p>\n<hr \/>\n<p style=\"text-align: center;\"><span style=\"font-size: 8pt;\">5 de maio \u00e9 o 125.\u00ba dia do ano no calend\u00e1rio gregoriano (126.\u00ba em anos bissextos). Faltam 240 dias para acabar o ano.<\/span><\/p>\n<div id=\"post-wrapper\" class=\"post-wrapper\">\n<article id=\"post-815\" class=\"post-815 post type-post status-publish format-standard hentry category-almanaque category-carta-semanal category-jardim category-newsletter category-oraculo\">\n<div class=\"entry-content\">\n<div class=\"absolute bottom-0 left-0 w-full border-t md:border-t-0 dark:border-white\/20 md:border-transparent md:dark:border-transparent md:bg-vert-light-gradient bg-white dark:bg-gray-800 md:!bg-transparent dark:md:bg-vert-dark-gradient pt-2 md:pl-2 md:w-[calc(100%-.5rem)]\">\n<form class=\"stretch mx-2 flex flex-row gap-3 last:mb-2 md:mx-4 md:last:mb-6 lg:mx-auto lg:max-w-2xl xl:max-w-3xl\" enctype=\"application\/x-www-form-urlencoded\" method=\"get\">\n<div class=\"relative flex h-full flex-1 items-stretch md:flex-col\">\n<hr \/>\n<p style=\"text-align: justify;\"><em>Se voc\u00ea leu at\u00e9 aqui, obrigada! Esse \u00e9 o meu almanaque particular. Um peda\u00e7o do meu di\u00e1rio, da minha arca da velha, um registro de pequenas efem\u00e9rides, de coisas que quero guardar, do tempo, do vento, do c\u00e9u e do cheiro da chuva. Os Vest\u00edgios do Dia, meus dias. Aqui s\u00f3 tem refer\u00eancias, pois \u00e9 disso que sou feita.<\/em><\/p>\n<\/div>\n<\/form>\n<\/div>\n<\/div>\n<\/article>\n<\/div>\n<table style=\"width: 100%; border-collapse: collapse; background-color: #f5bfbf;\">\n<tbody>\n<tr>\n<td style=\"width: 99.9343%; text-align: center;\">\u00a9 Nalua \u2013 Caderninho pessoal, bauzinho de trapos coloridos, nos morros de Minas Gerais. Outono, e o mundo t\u00e1 caindo.<\/td>\n<\/tr>\n<\/tbody>\n<\/table>\n<div id=\"detailBullets_feature_div\" class=\"celwidget\" data-feature-name=\"reverse_interleave_detailBullets\" data-csa-c-type=\"widget\" data-csa-c-content-id=\"reverse_interleave_detailBullets\" data-csa-c-slot-id=\"detailBullets_feature_div\" data-csa-c-asin=\"\" data-csa-c-is-in-initial-active-row=\"false\" data-csa-c-id=\"1oehkt-mjpcuf-x3yytd-p2bpc9\" data-cel-widget=\"detailBullets_feature_div\">\n<div id=\"detailBulletsWrapper_feature_div\" class=\"a-section feature detail-bullets-wrapper bucket\" style=\"text-align: center;\" data-feature-name=\"detailBullets\" data-template-name=\"detailBullets\" data-cel-widget=\"detailBulletsWrapper_feature_div\"><span style=\"font-size: 8pt;\">Esta \u00e9 a 46\u00aa de 78 p\u00e1ginas que ter\u00e1 este almanaque.<\/span><\/div>\n<\/div>\n","protected":false},"excerpt":{"rendered":"<p>voc\u00ea argola que me prende Belo Horizonte, 05 de maio de 2024 A cat\u00e1strofe clim\u00e1tica j\u00e1 est\u00e1 posta \ud83c\udf24\ufe0f\ud83c\udf0e\ud83d\udd25\u2614\u26c4 Dia Mundial da Higiene das M\u00e3os. [&#8230;]<\/p>\n","protected":false},"author":1,"featured_media":0,"comment_status":"open","ping_status":"open","sticky":false,"template":"","format":"standard","meta":{"footnotes":""},"categories":[9,13,10,5,12],"tags":[],"class_list":["post-2016","post","type-post","status-publish","format-standard","hentry","category-almanaque","category-carta-semanal","category-jardim","category-newsletter","category-oraculo"],"_links":{"self":[{"href":"https:\/\/nalua.in\/notas\/wp-json\/wp\/v2\/posts\/2016","targetHints":{"allow":["GET"]}}],"collection":[{"href":"https:\/\/nalua.in\/notas\/wp-json\/wp\/v2\/posts"}],"about":[{"href":"https:\/\/nalua.in\/notas\/wp-json\/wp\/v2\/types\/post"}],"author":[{"embeddable":true,"href":"https:\/\/nalua.in\/notas\/wp-json\/wp\/v2\/users\/1"}],"replies":[{"embeddable":true,"href":"https:\/\/nalua.in\/notas\/wp-json\/wp\/v2\/comments?post=2016"}],"version-history":[{"count":18,"href":"https:\/\/nalua.in\/notas\/wp-json\/wp\/v2\/posts\/2016\/revisions"}],"predecessor-version":[{"id":2044,"href":"https:\/\/nalua.in\/notas\/wp-json\/wp\/v2\/posts\/2016\/revisions\/2044"}],"wp:attachment":[{"href":"https:\/\/nalua.in\/notas\/wp-json\/wp\/v2\/media?parent=2016"}],"wp:term":[{"taxonomy":"category","embeddable":true,"href":"https:\/\/nalua.in\/notas\/wp-json\/wp\/v2\/categories?post=2016"},{"taxonomy":"post_tag","embeddable":true,"href":"https:\/\/nalua.in\/notas\/wp-json\/wp\/v2\/tags?post=2016"}],"curies":[{"name":"wp","href":"https:\/\/api.w.org\/{rel}","templated":true}]}}