{"id":1994,"date":"2024-04-20T20:36:27","date_gmt":"2024-04-20T20:36:27","guid":{"rendered":"https:\/\/nalua.in\/notas\/?p=1994"},"modified":"2024-04-21T00:54:22","modified_gmt":"2024-04-21T00:54:22","slug":"1994-2","status":"publish","type":"post","link":"https:\/\/nalua.in\/notas\/1994-2\/","title":{"rendered":""},"content":{"rendered":"<p style=\"text-align: center;\"><a href=\"https:\/\/telegra.ph\/Felicidade-04-21\" target=\"_blank\" rel=\"noopener\"><span style=\"font-size: 8pt;\">voc\u00ea vai rir sem perceber<\/span><\/a><br \/>\n<img loading=\"lazy\" decoding=\"async\" class=\"size-full wp-image-1995 aligncenter\" src=\"https:\/\/nalua.in\/notas\/wp-content\/uploads\/2024\/04\/cats800-1.jpg\" alt=\"\" width=\"800\" height=\"139\" srcset=\"https:\/\/nalua.in\/notas\/wp-content\/uploads\/2024\/04\/cats800-1.jpg 800w, https:\/\/nalua.in\/notas\/wp-content\/uploads\/2024\/04\/cats800-1-300x52.jpg 300w, https:\/\/nalua.in\/notas\/wp-content\/uploads\/2024\/04\/cats800-1-768x133.jpg 768w, https:\/\/nalua.in\/notas\/wp-content\/uploads\/2024\/04\/cats800-1-150x26.jpg 150w\" sizes=\"auto, (max-width: 800px) 100vw, 800px\" \/><\/p>\n<p style=\"text-align: center;\"><strong>Belo Horizonte, 21 de abril de 2024<\/strong><\/p>\n<p style=\"text-align: center;\"><strong><span class=\"x19la9d6 x1fc57z9 x6ikm8r x10wlt62 x19co3pv x1g5zs5t xfibh0p xiy17q3 x1xsqp64 x1lkfr7t xexx8yu x4uap5 x18d9i69 xkhd6sd\"><span class=\"xrtxmta x1bhl96m\">\ud83c\udf24\ufe0f 17\u00b0 &#8211; 28\u00b0<\/span><\/span><\/strong><\/p>\n<hr \/>\n<p style=\"text-align: justify;\"><strong>21 de abril<\/strong> \u00e9 <span style=\"text-decoration: underline;\">Dia Mundial da Criatividade e Inova\u00e7\u00e3o<\/span> e Anivers\u00e1rio de <span style=\"text-decoration: underline;\">Bras\u00edlia<\/span> e <span style=\"text-decoration: underline;\">Roma<\/span>. <strong>753 a.C<\/strong>. \u00e9 a data tradicional da <span style=\"text-decoration: underline;\">funda\u00e7\u00e3o de Roma<\/span> por R\u00f4mulo. Em <strong>1506<\/strong> aconteceu o <span style=\"text-decoration: underline;\">Massacre de Lisboa<\/span>, que durou tr\u00eas dias e matou 2000 pessoas, acusadas de praticar o juda\u00edsmo. Em <strong>1792<\/strong> <span style=\"text-decoration: underline;\">Joaquim Jos\u00e9 da Silva Xavier, o Tiradentes<\/span>, foi enforcado e esquartejado. Em <strong>1816<\/strong> nascia <span style=\"text-decoration: underline;\">Charlotte Bront\u00eb<\/span>, em <strong>1864<\/strong> <span style=\"text-decoration: underline;\">Max Weber<\/span>, em <strong>1920<\/strong> <span style=\"text-decoration: underline;\">Anselmo Duarte<\/span>. Em <strong>1930<\/strong> chegava a maravilhosa <span style=\"text-decoration: underline;\">Hilda Hilst<\/span>. Em <strong>1945<\/strong> veio <span style=\"text-decoration: underline;\">Ana L\u00facia Torre<\/span>, em <strong>1958<\/strong> <span style=\"text-decoration: underline;\">Andie MacDowell<\/span>, em <strong>1964<\/strong> <span style=\"text-decoration: underline;\">Anna Muylaert<\/span>. Neste dia, em <strong>1142<\/strong> morria <span style=\"text-decoration: underline;\">Abelardo<\/span>, sem Helo\u00edsa. Em <strong>1902<\/strong> se foi <span style=\"text-decoration: underline;\">Sous\u00e2ndrade<\/span>. Em <strong>2003<\/strong> nos deixou a insubstitu\u00edvel <span style=\"text-decoration: underline;\">Nina Simone<\/span>. Em <strong>2009<\/strong> se foi silenciosa e totalmente desconhecida, mas deixando um legado sensacional, a fot\u00f3grafa <span style=\"text-decoration: underline;\">Vivian Maier<\/span>.<\/p>\n<hr \/>\n<p style=\"text-align: center;\"><em>Se voc\u00ea, s\u00fabita e inesperadamente, sentir alegria,<\/em><br \/>\n<em>n\u00e3o hesite. Entregue-se a ela. H\u00e1 muitas<\/em><br \/>\n<em>vidas e cidades inteiras destru\u00eddas ou prestes a serem.<\/em><br \/>\n<em>N\u00e3o somos s\u00e1bios e raramente somos am\u00e1veis.<\/em><br \/>\n<em>E muito nunca poder\u00e1 ser redimido.<\/em><br \/>\n<em>Ainda assim, a vida ainda tem alguma possibilidade.<\/em><br \/>\n<em>Talvez essa seja sua forma de resistir, de mostrar que \u00e0s vezes<\/em><br \/>\n<em>algo melhor do que todas as riquezas ou poderes<\/em><br \/>\n<em>do mundo pode acontecer. Pode ser qualquer coisa,<\/em><br \/>\n<em>mas \u00e9 prov\u00e1vel que voc\u00ea o perceba no instante<\/em><br \/>\n<em>em que o amor come\u00e7a. De toda forma, frequentemente<\/em><br \/>\n<em>\u00e9 este o caso. De toda forma, seja como for, n\u00e3o tema<\/em><br \/>\n<em>a fartura. A alegria n\u00e3o foi feita para ser migalha.<\/em><\/p>\n<p style=\"text-align: center;\"><span class=\"x19la9d6 x1fc57z9 x6ikm8r x10wlt62 x19co3pv x1g5zs5t xfibh0p xiy17q3 x1xsqp64 x1lkfr7t xexx8yu x4uap5 x18d9i69 xkhd6sd\" style=\"font-size: 18pt; color: #ff0000;\"><span class=\"xrtxmta x1bhl96m\">\u2665\ufe0f<\/span><\/span><\/p>\n<p style=\"text-align: center;\"><strong>Mary Oliver<\/strong><\/p>\n<p style=\"text-align: center;\"><span style=\"font-size: 10pt;\">Trad.: Nelson Santander<\/span><\/p>\n<hr \/>\n<h2>Neste dia, em 1983 escreveu Alice Walker em seu di\u00e1rio:<\/h2>\n<p style=\"text-align: justify;\"><em><strong>21 de abril, quinta.<\/strong><\/em><\/p>\n<p style=\"text-align: justify;\"><em>Cerca de uma semana atr\u00e1s, Winnie Kelly me ligou para me dizer que <span style=\"text-decoration: underline;\">A cor p\u00farpura<\/span> ganhou o <span style=\"text-decoration: underline;\">American Book Award<\/span>. Foi muito bom ouvir isso; e ent\u00e3o, esta semana \u2013 na manh\u00e3 de segunda-feira, enquanto eu respondia cartas e pagava contas \u2013 uma mulher do KDLA [Departamento de Arquivos e Biblioteca de Kentucky] ligou e disse que eu tinha ganhado um Pulitzer. Eu pensei que ela estava brincando. Ela disse que n\u00e3o. A m\u00eddia come\u00e7ou a me procurar. E agora estou acabada. Felizmente, minhas amizades da <span style=\"text-decoration: underline;\">Ms<\/span>. enviaram uma secret\u00e1ria eletr\u00f4nica. Embora agora eu ache que n\u00e3o gosto de ouvi-la. Por alguns dias, minhas manh\u00e3s tranquilas desapareceram &amp; percebi novamente o quanto sinto falta delas. Preciso delas. O quanto minha serenidade depende da tranquilidade &amp; do sil\u00eancio. Talvez seja <span style=\"text-decoration: underline;\">isso<\/span> que esses pr\u00eamios possam significar (as pessoas continuam perguntando &amp; eu ainda n\u00e3o sei). Que serei livre para <span style=\"text-decoration: underline;\">n\u00e3o<\/span> falar.<\/em><\/p>\n<p style=\"text-align: justify;\"><em>Robert tem sido <span style=\"text-decoration: underline;\">maravilhoso<\/span>. Apoiador, amoroso, paciente, paternal\/maternal\/amante. Faz compras, cozinha, arruma as coisas. Uma noite eu tive que tom\u00e1-lo em meus bra\u00e7os &amp; conduzi-lo! Ele teve o insight: \u201cDesapegue dos seus v\u00edcios &amp; da lux\u00faria &amp; coisas boas vir\u00e3o para voc\u00ea.\u201d Fiquei muito feliz em ouvi-lo.<\/em><\/p>\n<p style=\"text-align: justify;\"><em>E agora vou passar o fim de semana em Milwaukee para falar ou ser homenageada pelos deltas. O que parece totalmente apropriado, de alguma forma.<\/em><\/p>\n<p style=\"text-align: justify;\"><em>Enquanto isso, recebi maravilhosos telegramas etc. de June &amp; Toni Cade Bambara &amp; Paule &amp; um enorme buqu\u00ea de 1 metro de altura de Bill Jovanovich. Ele disse que se eu precisar de dinheiro, algu\u00e9m para chorar ou rir \u201c\u00e9 s\u00f3 chamar\u201d. O American Book Awards &amp; o Pulitzer os levaram a imprimir 20.000 c\u00f3pias dos ensaios em vez de 10.000. Quanta cautela! Surpreendente.<\/em><\/p>\n<p style=\"text-align: justify;\"><em><span style=\"text-decoration: underline;\">Mas<\/span> estou feliz. E Shug &amp; a Celie est\u00e3o felizes. Todo mundo parece muito emocionado &amp; n\u00f3s estamos chamando o pr\u00eamio de \u201cO Pulitzer do Povo\u201d.<\/em><\/p>\n<p style=\"text-align: right;\"><strong>Alice Walker &#8211; Colhendo flores sob inc\u00eandios: os di\u00e1rios de Alice Walker 1965-2000 &#8211; Editora Rosa dos Tempos<\/strong><\/p>\n<hr \/>\n<p><img loading=\"lazy\" decoding=\"async\" class=\"size-full wp-image-1997 aligncenter\" src=\"https:\/\/nalua.in\/notas\/wp-content\/uploads\/2024\/04\/snoopy-feliz.jpg\" alt=\"\" width=\"350\" height=\"303\" srcset=\"https:\/\/nalua.in\/notas\/wp-content\/uploads\/2024\/04\/snoopy-feliz.jpg 350w, https:\/\/nalua.in\/notas\/wp-content\/uploads\/2024\/04\/snoopy-feliz-300x260.jpg 300w, https:\/\/nalua.in\/notas\/wp-content\/uploads\/2024\/04\/snoopy-feliz-150x130.jpg 150w\" sizes=\"auto, (max-width: 350px) 100vw, 350px\" \/><\/p>\n<table style=\"width: 100%; border-collapse: collapse; background-color: #fcedf9;\">\n<tbody>\n<tr>\n<td style=\"width: 100%; text-align: center;\"><em>Portanto, v\u00e1, coma com prazer a sua comi\u00adda e beba o seu vinho de cora\u00e7\u00e3o alegre, pois Deus j\u00e1 se agradou do que voc\u00ea faz.<\/em><br \/>\n<strong>Eclesiastes 9:7<\/strong><\/td>\n<\/tr>\n<\/tbody>\n<\/table>\n<h2 style=\"text-align: center;\">\u00c9 melhor ser alegre que ser triste<\/h2>\n<p><img loading=\"lazy\" decoding=\"async\" class=\"size-full wp-image-2000 aligncenter\" src=\"https:\/\/nalua.in\/notas\/wp-content\/uploads\/2024\/04\/novecopasp.jpg\" alt=\"\" width=\"350\" height=\"572\" srcset=\"https:\/\/nalua.in\/notas\/wp-content\/uploads\/2024\/04\/novecopasp.jpg 350w, https:\/\/nalua.in\/notas\/wp-content\/uploads\/2024\/04\/novecopasp-184x300.jpg 184w, https:\/\/nalua.in\/notas\/wp-content\/uploads\/2024\/04\/novecopasp-150x245.jpg 150w\" sizes=\"auto, (max-width: 350px) 100vw, 350px\" \/><\/p>\n<blockquote>\n<p style=\"text-align: center;\"><em>Perdemos as pequenas alegrias enquanto aguardamos a grande felicidade.<\/em><\/p>\n<p style=\"text-align: center;\">Pearl S. Buck<\/p>\n<\/blockquote>\n<p style=\"text-align: justify;\">A todo momento lemos\/vemos\/ouvimos em algum lugar, de forma expl\u00edcita ou subliminar que estamos vivendo <strong>tempos sombrios.<\/strong> Somos bombardeados com a no\u00e7\u00e3o, que se tornou quase um <em>zeitgeist<\/em>, de que vivemos tempos <strong>conturbados<\/strong> e <strong>sem esperan\u00e7as<\/strong>. Estamos ainda digerindo tudo que significou a pandemia, que foi ontem. Estamos \u00e0s voltas com not\u00edcias e estudos sobre a cat\u00e1strofe clim\u00e1tica, sobre a desigualdade social terr\u00edvel e ascendente. Vemos todos os dias o <strong>retrocesso de direitos<\/strong> e o <strong>terr\u00edvel espectro<\/strong>, j\u00e1 materializado, do <strong>fascismo<\/strong> e da <strong>extrema direita<\/strong>. N\u00e3o estamos ficando mais novos nem mais saud\u00e1veis. Tiramos o 10 de espadas semana passada.<\/p>\n<p style=\"text-align: justify;\">Diante desse quadro, como \u00e9 poss\u00edvel surgir uma carta <strong>solar, alegre e colorida<\/strong> como o Nove de Copas? A carta cujo ep\u00edteto, para Alexey Crowley \u00e9 a <strong>pr\u00f3pria alegria<\/strong>? \u00c0s vezes at\u00e9 a alegria parece <strong>desbotada<\/strong>. Traz um gosto ligeiramente <strong>amargo<\/strong> e <strong>medroso<\/strong>. Mesmo que l\u00e1 no fundo a gente saiba que \u00e9 justamente nesse momento que precisamos acessar nossa capacidade de nos alegrarmos. Isso \u00e9 o Nove de Copas. <strong>Alegria<\/strong>. <strong>Genu\u00edna, exuberante, colorida e de verdade<\/strong>. Em tempos assim precisamos dessa companheira de vida, a alegria. \u00c9 dela que vamos tirar for\u00e7as para resistir e para conseguir alguma mudan\u00e7a. Existe <strong>alegria em resistir<\/strong>, em trabalhar para mudar. Tristeza e desesperan\u00e7a obviamente fazem parte da vida, mas n\u00e3o \u00e9 para serem perenes, n\u00e3o precisam durar, nem serem o tom da vida. \u00c9 saudavel abrir esp\u00e7ao para o <strong>prazer e o deslumbramento<\/strong>. O deslumbramento \u00e9 a alegria se manifestando. <strong>A capacidade de se deslumbrar traz alegria<\/strong>. Com o que voc\u00ea se deslumbra na sua vida? Com qual frequencia o espanto vem lhe acenar? Em tempos sombrios a alegria, o espanto s\u00e3o imprescind\u00edveis. A gratid\u00e3o tamb\u00e9m \u00e9 outro elemento que traz alegria. N\u00e3o \u00e9 \u00e0 toa que dizem que as pessoas gratas s\u00e3o mais felizes.<\/p>\n<p style=\"text-align: justify;\">As palavras de Albert Camus num lindo ensaio chamado As Amendoeiras ecoam isso que o Nove de Copas pressagia:<\/p>\n<blockquote>\n<p style=\"text-align: justify;\"><em>Saibamos, portanto, aquilo que desejamos, apoiemo-nos firmemente sobre o esp\u00edrito, mesmo que a for\u00e7a assuma, com a finalidade de nos seduzir, o rosto de uma ideia ou de um conforto. A primeira coisa \u00e9 n\u00e3o desesperar. N\u00e3o prestemos ouvidos demasiadamente \u00e0queles que gritam, anunciando o fim do mundo. As civiliza\u00e7\u00f5es n\u00e3o morrem assim t\u00e3o facilmente; e mesmo que o mundo estivesse a ponto de vir abaixo, isso s\u00f3 ocorreria depois de ru\u00edrem outros. \u00c9 bem verdade que vivemos uma \u00e9poca tr\u00e1gica. Contudo, muita gente confunde o tr\u00e1gico com o desespero. \u201cO tr\u00e1gico\u201d, dizia Lawrence, \u201cdeveria ser uma esp\u00e9cie de grande pontap\u00e9 dado na infelicidade\u201d. Eis um pensamento saud\u00e1vel e de aplica\u00e7\u00e3o imediata. Hoje em dia, h\u00e1 muitas coisas que merecem esse pontap\u00e9.<\/em><\/p>\n<\/blockquote>\n<p style=\"text-align: justify;\">Tamb\u00e9m a escritora Rebeca Solnit fala um pouco sobre isso e nos alerta que alegria e esperan\u00e7a (h\u00e1 sempre esperan\u00e7a na alegria) n\u00e3o s\u00e3o tapa-olhos, n\u00e3o nos impedem de ver a mis\u00e9ria que nos cerca. N\u00e3o \u00e9 disso que se trata, n\u00e3o \u00e9 sobre colocar uma lente cor-de-rosa colada eternamente aos olhos. Com muita lucidez ela escreve:<\/p>\n<blockquote>\n<p style=\"text-align: justify;\"><em>\u00c9 importante dizer o que a esperan\u00e7a n\u00e3o \u00e9: n\u00e3o \u00e9 a cren\u00e7a de que tudo estava, est\u00e1 ou ficar\u00e1 bem. A evid\u00eancia est\u00e1 ao nosso redor de tremendo sofrimento e tremenda destrui\u00e7\u00e3o. A esperan\u00e7a que me interessa diz respeito a perspectivas amplas com possibilidades espec\u00edficas, que convidam ou exigem que ajamos. Tamb\u00e9m n\u00e3o \u00e9 uma narrativa ensolarada de que tudo est\u00e1 melhorando, embora possa ser um contraponto \u00e0 narrativa de que tudo est\u00e1 piorando. Poder\u00edamos chamar isso de um relato de complexidades e incertezas, com aberturas.<\/em><\/p>\n<\/blockquote>\n<p style=\"text-align: justify;\">Pois \u00e9 isso que precisamos saber para essa semana, <strong>onde est\u00e1 nossa alegria<\/strong>. <strong>Onde encontramos essa alegria transformadora que nos d\u00e1 for\u00e7a para resistir<\/strong>. Esta semana, se por algum motivo n\u00e3o pudermos ficar bem, chegar a tocar a alegria, vamos fazer o mesmo que j\u00e1 fizemos antes, com outra carta, <strong>vamos ao menos saber onde dentro de n\u00f3s a alegria mora<\/strong>, vamos relembrar que ainda \u00e9 poss\u00edvel se alegrar, que as coisas florescem e que a primavera interior \u00e9 mesmo invenc\u00edvel.<\/p>\n<p>Boa semana,<\/p>\n<table style=\"border-collapse: collapse; width: 100%;\">\n<tbody>\n<tr>\n<td style=\"width: 100%;\"><img loading=\"lazy\" decoding=\"async\" class=\"size-full wp-image-2001 aligncenter\" src=\"https:\/\/nalua.in\/notas\/wp-content\/uploads\/2024\/04\/9decopasp.jpg\" alt=\"\" width=\"350\" height=\"623\" srcset=\"https:\/\/nalua.in\/notas\/wp-content\/uploads\/2024\/04\/9decopasp.jpg 350w, https:\/\/nalua.in\/notas\/wp-content\/uploads\/2024\/04\/9decopasp-169x300.jpg 169w, https:\/\/nalua.in\/notas\/wp-content\/uploads\/2024\/04\/9decopasp-150x267.jpg 150w\" sizes=\"auto, (max-width: 350px) 100vw, 350px\" \/><\/p>\n<p style=\"text-align: justify;\">O Nove de Copas \u00e9 uma carta do tar\u00f4 que representa a alegria, a satisfa\u00e7\u00e3o e a felicidade. Conhecida como o &#8220;desejo concedido&#8221;, esta carta est\u00e1 associada \u00e0 concretiza\u00e7\u00e3o de sonhos e desejos. Quando esta carta aparece em uma leitura, ela sugere que a pessoa est\u00e1 prestes a alcan\u00e7ar algo que deseja.\u00a0No tar\u00f4, as copas representam o elemento \u00e1gua, que est\u00e1 relacionado \u00e0s emo\u00e7\u00f5es, intui\u00e7\u00e3o e sensibilidade. O Nove de Copas, portanto, indica um momento de plenitude emocional e realiza\u00e7\u00e3o interior. Esta carta traz consigo uma energia positiva e encorajadora, sugerindo que a pessoa est\u00e1 em um momento de grande contentamento e alegria.\u00a0O Nove de Copas tamb\u00e9m est\u00e1 associado \u00e0 gratid\u00e3o e ao reconhecimento das b\u00ean\u00e7\u00e3os que j\u00e1 foram recebidas. Esta carta nos lembra da import\u00e2ncia de valorizar as conquistas e as alegrias presentes em nossa vida, e nos convida a expressar gratid\u00e3o por tudo aquilo que temos. Ela nos lembra que a felicidade est\u00e1 muitas vezes nas coisas simples e cotidianas, e que \u00e9 importante reconhecer e apreciar os momentos de alegria que surgem em nosso caminho.\u00a0Esta carta sugere que os esfor\u00e7os e as energias investidas est\u00e3o prestes a ser recompensados, e que a pessoa est\u00e1 pr\u00f3xima de alcan\u00e7ar aquilo que mais deseja. Ela traz consigo uma mensagem de esperan\u00e7a e otimismo, indicando que o sucesso e a realiza\u00e7\u00e3o est\u00e3o pr\u00f3ximos.\u00a0 Mas o Nove de Copas tamb\u00e9m nos alerta para n\u00e3o nos deixarmos levar pelo excesso de indulg\u00eancia ou auto-satisfa\u00e7\u00e3o. Embora esta carta traga consigo uma energia positiva, \u00e9 importante manter o equil\u00edbrio e a modera\u00e7\u00e3o em todas as \u00e1reas da vida. Ela nos lembra que a verdadeira felicidade vem da harmonia interior e do equil\u00edbrio emocional, e que \u00e9 importante manter uma atitude de gratid\u00e3o e humildade mesmo diante das conquistas.\u00a0\u00c9 uma carta do tar\u00f4 que representa a realiza\u00e7\u00e3o da alegria, um sentimento de contentamento e encanto.<\/p>\n<\/td>\n<\/tr>\n<\/tbody>\n<\/table>\n<table style=\"width: 100%; border-collapse: collapse; background-color: #fad7ee; height: 24px;\">\n<tbody>\n<tr style=\"height: 24px;\">\n<td style=\"width: 100%; height: 24px; text-align: center;\">\n<h2><strong>O Sol nas Bancas de Revista<\/strong><\/h2>\n<p><em>Indica\u00e7\u00f5es de coisas que trouxeram alegria.\u00a0<\/em><\/td>\n<\/tr>\n<\/tbody>\n<\/table>\n<h3 style=\"text-align: center;\">Livro<\/h3>\n<p><img loading=\"lazy\" decoding=\"async\" class=\" wp-image-2013 aligncenter\" src=\"https:\/\/nalua.in\/notas\/wp-content\/uploads\/2024\/04\/5171U6XE5wL.jpg\" alt=\"\" width=\"300\" height=\"463\" srcset=\"https:\/\/nalua.in\/notas\/wp-content\/uploads\/2024\/04\/5171U6XE5wL.jpg 324w, https:\/\/nalua.in\/notas\/wp-content\/uploads\/2024\/04\/5171U6XE5wL-194x300.jpg 194w, https:\/\/nalua.in\/notas\/wp-content\/uploads\/2024\/04\/5171U6XE5wL-150x231.jpg 150w\" sizes=\"auto, (max-width: 300px) 100vw, 300px\" \/><\/p>\n<p style=\"text-align: justify;\"><strong>O Pal\u00e1cio da Mem\u00f3ria &#8211; Nate DiMeo. <em>Eu peguei esse livro sem saber nem do que se tratava. J\u00e1 tem muito tempo que li.\u00a0 E adorei. S\u00e3o 50 hist\u00f3rias reais de pessoas extraordin\u00e1rias que o autor compilou de um podcast mais antigo e colocou no livro. S\u00e3o hist\u00f3rias incr\u00edveis, bem contadas e todas com um delicioso gosto de felicidade e alegria. Recomendo demais a leitura, \u00e9 como um b\u00e1lsamo para dias ruins ou \u00e9pocas conturbadas. \u00c9 a extra\u00e7\u00e3o da beleza da vida comum.<\/em><\/strong><\/p>\n<hr \/>\n<p style=\"text-align: justify;\">O livro re\u00fane narrativas exemplares e emocionantes que aconteceram \u00e0 sombra da hist\u00f3ria oficial. Um conjunto irresist\u00edvel de trajet\u00f3rias humanas que ajudam a iluminar aspectos menos conhecidos de grandes eventos.\u00a0A menina de apenas catorze anos que foi a primeira pessoa a se apresentar como \u201chomem bala\u201d, quando essa bizarra profiss\u00e3o acabava de ser inventada. O jovem e brilhante cientista que teve que ser uma esp\u00e9cie de bab\u00e1 da primeira bomba at\u00f4mica durante uma perigosa tempestade que poderia botar tudo a perder. A jovem imigrante italiana, rec\u00e9m chegada a Nova York, que se apaixona \u00e0 primeira vista por um guerreiro zulu exposto num circo de excentricidades. A linda hist\u00f3ria de amor entre o dono de um nightclub e sua dan\u00e7arina \u2013 anos mais tarde av\u00f3s do autor deste livro cheio de hist\u00f3rias arrebatadoras. Sele\u00e7\u00e3o de algumas das narrativas apresentadas por Nate DiMeo em The Memory Palace, um dos podcasts de maior sucesso dos Estados Unidos, O pal\u00e1cio da mem\u00f3ria re\u00fane, pela primeira vez em livro, um conjunto absolutamente viciante de hist\u00f3rias sobre pessoas comuns que enfrentaram \u2013 com coragem, paix\u00e3o e intelig\u00eancia \u2013 as vicissitudes, grandes e pequenas, oferecidas pela vida.<\/p>\n<hr \/>\n<h3 style=\"text-align: center;\">Filmes<\/h3>\n<p><img loading=\"lazy\" decoding=\"async\" class=\" wp-image-2002 aligncenter\" src=\"https:\/\/nalua.in\/notas\/wp-content\/uploads\/2024\/04\/dancacomigo.jpg\" alt=\"\" width=\"304\" height=\"456\" srcset=\"https:\/\/nalua.in\/notas\/wp-content\/uploads\/2024\/04\/dancacomigo.jpg 350w, https:\/\/nalua.in\/notas\/wp-content\/uploads\/2024\/04\/dancacomigo-200x300.jpg 200w, https:\/\/nalua.in\/notas\/wp-content\/uploads\/2024\/04\/dancacomigo-150x225.jpg 150w\" sizes=\"auto, (max-width: 304px) 100vw, 304px\" \/><\/p>\n<p><img loading=\"lazy\" decoding=\"async\" class=\" wp-image-2003 aligncenter\" src=\"https:\/\/nalua.in\/notas\/wp-content\/uploads\/2024\/04\/shallwedansu.jpg\" alt=\"\" width=\"300\" height=\"422\" srcset=\"https:\/\/nalua.in\/notas\/wp-content\/uploads\/2024\/04\/shallwedansu.jpg 350w, https:\/\/nalua.in\/notas\/wp-content\/uploads\/2024\/04\/shallwedansu-213x300.jpg 213w, https:\/\/nalua.in\/notas\/wp-content\/uploads\/2024\/04\/shallwedansu-150x211.jpg 150w\" sizes=\"auto, (max-width: 300px) 100vw, 300px\" \/><\/p>\n<p style=\"text-align: justify;\"><strong>Dan\u00e7a Comigo &#8211; Peter Chelsom &#8211; 2004. <em>Eu vou indicar um filme aqui que eu sei que n\u00e3o \u00e9 uma obra prima do cinema, \u00e9 uma refilmagem (ali\u00e1s eu gosto mais do original do que dessa refilmagem), e \u00e9 quase um enlatado. Mas era um dos filmes preferidos da minha m\u00e3e, e ela sempre ficava alegre quando revia, ou quando falava dele. E a imagem da minha m\u00e3e alegre (ela, que n\u00e3o era alegre) \u00e9 uma das coisas mais belas da minha mem\u00f3ria. E o filme em si \u00e9 um filme muito alegre, e desperta alegria em quem assiste. E quem me mostrou o original, que \u00e9 uma gra\u00e7a, esse sim, um filme bel\u00edssimo, foi meu marido. E \u00e9 uma lembran\u00e7a feliz tamb\u00e9m que tenho. Assistam os dois.<\/em> O segundo tamb\u00e9m se chama Dan\u00e7a comigo &#8211; Masayuki Suo &#8211; 1996.\u00a0<\/strong><\/p>\n<hr \/>\n<p style=\"text-align: justify;\">&#8220;Dan\u00e7a Comigo&#8221; \u00e9 um filme dirigido por Peter Chelsom e lan\u00e7ado em 2004. Este filme \u00e9 uma com\u00e9dia rom\u00e2ntica que conta a hist\u00f3ria de um advogado bem-sucedido, interpretado por Richard Gere, que se sente entediado com a vida e decide mudar de rumo ao se deparar com uma bela mulher dan\u00e7ando em um hotel. A partir desse encontro inesperado, a trama se desenrola de forma envolvente e divertida, trazendo \u00e0 tona temas como a busca pela felicidade, a import\u00e2ncia de arriscar-se e a redescoberta do prazer na vida cotidiana.\u00a0O filme tem como pano de fundo a cidade de Nova York, que por si s\u00f3 j\u00e1 agrega um charme especial \u00e0 narrativa. A trilha sonora \u00e9 outro ponto alto da produ\u00e7\u00e3o, embalando as cenas de dan\u00e7a e contribuindo para criar uma atmosfera rom\u00e2ntica e inspiradora. A coreografia \u00e9 um elemento essencial na trama, pois \u00e9 por meio da dan\u00e7a que os personagens se conectam e encontram uma nova maneira de se expressar e se relacionar.\u00a0Al\u00e9m de Richard Gere, o elenco conta com a talentosa Jennifer Lopez, que interpreta a protagonista feminina. A qu\u00edmica entre os dois atores \u00e9 evidente e contribui para a constru\u00e7\u00e3o de um romance cativante e cr\u00edvel. A atua\u00e7\u00e3o de ambos \u00e9 convincente e emocionante, o que torna a hist\u00f3ria ainda mais envolvente para o p\u00fablico.\u00a0\u00a0O roteiro do filme aborda quest\u00f5es relevantes sobre a busca pela realiza\u00e7\u00e3o pessoal e a coragem necess\u00e1ria para seguir os pr\u00f3prios sonhos. A mensagem central de &#8220;Dan\u00e7a Comigo&#8221; \u00e9 a import\u00e2ncia de se arriscar em busca da felicidade, mesmo que isso signifique sair da zona de conforto e enfrentar desafios inesperados. Atrav\u00e9s da dan\u00e7a, os personagens descobrem novas formas de se expressar e se conectar com o mundo ao seu redor, o que os leva a uma jornada de autodescoberta e transforma\u00e7\u00e3o.<\/p>\n<p style=\"text-align: center;\"><span style=\"font-size: 18pt;\">\u27b3<\/span><\/p>\n<p style=\"text-align: justify;\">O filme &#8220;Dan\u00e7a Comigo&#8221; (Shall We Dance?) \u00e9 uma com\u00e9dia rom\u00e2ntica japonesa dirigida por Masayuki Suo e lan\u00e7ada em 1996. O enredo gira em torno de Shohei Sugiyama, um homem de meia-idade que se sente entediado com sua vida mon\u00f3tona e decide se inscrever em aulas de dan\u00e7a de sal\u00e3o, escondendo isso de sua fam\u00edlia. Ao longo do filme, Shohei descobre uma paix\u00e3o pela dan\u00e7a e encontra um novo prop\u00f3sito em sua vida.\u00a0A hist\u00f3ria se desenrola de forma encantadora, mostrando a jornada de autodescoberta de Shohei e como a dan\u00e7a o ajuda a superar suas inseguran\u00e7as e a encontrar alegria e realiza\u00e7\u00e3o. O filme aborda temas como a busca pela felicidade, a import\u00e2ncia de seguir nossos sonhos e a supera\u00e7\u00e3o de desafios pessoais.\u00a0Al\u00e9m da trama principal, &#8220;Dan\u00e7a Comigo&#8221; tamb\u00e9m apresenta personagens secund\u00e1rios cativantes, como os colegas de dan\u00e7a de Shohei, cada um com sua pr\u00f3pria hist\u00f3ria e motiva\u00e7\u00e3o para participar das aulas. A intera\u00e7\u00e3o entre esses personagens adiciona camadas \u00e0 narrativa e enriquece a experi\u00eancia do espectador.<\/p>\n<hr \/>\n<h3 style=\"text-align: center;\">Document\u00e1rio<\/h3>\n<p><img loading=\"lazy\" decoding=\"async\" class=\" wp-image-2004 aligncenter\" src=\"https:\/\/nalua.in\/notas\/wp-content\/uploads\/2024\/04\/poderdomito.jpg\" alt=\"\" width=\"300\" height=\"425\" srcset=\"https:\/\/nalua.in\/notas\/wp-content\/uploads\/2024\/04\/poderdomito.jpg 350w, https:\/\/nalua.in\/notas\/wp-content\/uploads\/2024\/04\/poderdomito-212x300.jpg 212w, https:\/\/nalua.in\/notas\/wp-content\/uploads\/2024\/04\/poderdomito-150x213.jpg 150w\" sizes=\"auto, (max-width: 300px) 100vw, 300px\" \/><\/p>\n<p style=\"text-align: justify;\"><strong>O Poder do Mito &#8211; 1988 &#8211; Joseph Campbell and the Power of Myth. Joseph Campbell &#8211; Bill Moyers. <em>Esse document\u00e1rio \u00e9 uma alegria sem fim. Eu me lembro quando vi que sensa\u00e7\u00e3o inebriante foi, que deleite ouvir as palavras daquele ser que eu considerava iluminado e s\u00e1bio. \u00c9 um document\u00e1rio muito bom, muito instrutivo e muito interessante. Foi um daqueles que l\u00e1 nos anos 90 explodiu minha cabe\u00e7a jovem. E a sensa\u00e7\u00e3o que mais ficou do momento em que eu vi foi realmente a de alegria. Mas al\u00e9m disso \u00e9 uma s\u00e9rie sensacional, vale muito \u00e0 pena tirar um tempo pra assistir.<\/em><\/strong><\/p>\n<hr \/>\n<div id=\"productDescription_feature_div\" class=\"celwidget\" data-feature-name=\"productDescription\" data-csa-c-type=\"widget\" data-csa-c-content-id=\"productDescription\" data-csa-c-slot-id=\"productDescription_feature_div\" data-csa-c-asin=\"\" data-csa-c-is-in-initial-active-row=\"false\" data-csa-c-id=\"kzep41-6vgmh0-m1vv3t-wbvhaf\" data-cel-widget=\"productDescription_feature_div\">\n<div>\n<div id=\"productDescription_feature_div\" class=\"a-row feature\" data-feature-name=\"productDescription\" data-template-name=\"productDescription\" data-cel-widget=\"productDescription_feature_div\">\n<div id=\"productDescription\" class=\"a-section a-spacing-small\">\n<p style=\"text-align: justify;\">Nessa inebriante entrevista, conduzida pelo jornalista Bill Moyers, transmitida para o mundo inteiro e aqui no Brasil pela TV Cultura, Joseph Cambell fala sobre os mitos em todas as suas formas. Ele mostra, por exemplo, que filmes como Star Wars ou fatos hist\u00f3ricos como o assassinato do presidente Kennedy t\u00eam uma enorme for\u00e7a sobre a imagina\u00e7\u00e3o popular porque est\u00e3o profundamente ligados a mitos ancestrais. Uma divertida viagem pela mente e esp\u00edrito de homem extraordin\u00e1rio que sintetizou diferentes disciplinas: Hist\u00f3ria, Religi\u00e3o, Filosofia e Cinema, e criou um dos mais importantes estudos de nossa \u00e9poca. A cole\u00e7\u00e3o O Poder do Mito re\u00fane a conceituada s\u00e9rie O Poder do Mito\u00b8 onde o mit\u00f3logo Joseph Campbell apresenta o papel do mito nas sociedades e duas produ\u00e7\u00f5es in\u00e9ditas no Brasil: A Jornada do Her\u00f3i e Sukhavati &#8211; Uma Jornada M\u00edstica. Em A Jornada do Her\u00f3i, Campbell \u00e9 o narrador informal de hist\u00f3rias sobre mitos e lendas em conversas com alunos e amigos e entrevistas in\u00e9ditas, al\u00e9m de trechos sobre a sua pr\u00f3pria vida. Em Sukhavati &#8211; Uma Jornada M\u00edstica, o relacionamento de mitos de diferentes culturas \u00e9 costurado com uma dire\u00e7\u00e3o po\u00e9tica, onde a explica\u00e7\u00e3o dos mitos \u00e9 quase uma ode a eles. Em mais de 20 obras publicadas sobre a import\u00e2ncia dos mitos para a humanidade, Campbell influenciou escritores, diretores e fil\u00f3sofos, redesenhando o olhar dado \u00e0 mitologia e \u00e0 sua profunda influ\u00eancia na vida de todos, servindo como refer\u00eancia para obras como Guerra nas Estrelas, Matrix, etc.<\/p>\n<hr \/>\n<h3 style=\"text-align: center;\">S\u00e9rie<\/h3>\n<p><img loading=\"lazy\" decoding=\"async\" class=\" wp-image-2009 aligncenter\" src=\"https:\/\/nalua.in\/notas\/wp-content\/uploads\/2024\/04\/gilmoregirls.jpg\" alt=\"\" width=\"301\" height=\"422\" srcset=\"https:\/\/nalua.in\/notas\/wp-content\/uploads\/2024\/04\/gilmoregirls.jpg 350w, https:\/\/nalua.in\/notas\/wp-content\/uploads\/2024\/04\/gilmoregirls-214x300.jpg 214w, https:\/\/nalua.in\/notas\/wp-content\/uploads\/2024\/04\/gilmoregirls-150x210.jpg 150w\" sizes=\"auto, (max-width: 301px) 100vw, 301px\" \/><\/p>\n<p><strong>Gilmore Girls &#8211; 2000 &#8211; Amy Sherman-Palladino.<\/strong>\u00a0<em><strong>Nossa, como eu gostei dessa s\u00e9rie e como fui feliz assistindo. Como me identifiquei com as 3 mulheres principais, como vi minha m\u00e3e, minha vida nessa s\u00e9rie, apesar de t\u00e3o diferente de mim t\u00e3o diferente da minha vida, t\u00e3o completamente outro mundo. Foi divertido demais acompanhar toda saga das meninas Gilmore, sofrer e me emocionar e me aegrar com elas. Sobretudo me alegrar, Gilmore Girls \u00e9 um seriado alegre. Recomendo atualmente com algumas reservas, mas ah, pra ser alegre h\u00e1 que se deixar por um momento, semperder o senso cr\u00edtico, as reservas de lado. Assistam se quiserem uma pitada de alegria.\u00a0<\/strong><\/em><\/p>\n<hr \/>\n<p style=\"text-align: justify;\">Gilmore Girls \u00e9 uma s\u00e9rie de televis\u00e3o norte-americana, de com\u00e9dia dram\u00e1tica, criado por Amy Sherman-Palladino e protagonizada por Lauren Graham e Alexis Bledel. A s\u00e9rie estreou em 5 de outubro de 2000 pela The WB e tornou-se uma s\u00e9rie emblem\u00e1tica para a rede. Gilmore Girls originalmente teve sete temporadas, com a temporada final mudada para a The CW, e terminou sua transmiss\u00e3o em 15 de maio de 2007. O principal foco do programa \u00e9 a rela\u00e7\u00e3o entre a m\u00e3e solteira Lorelai Gilmore e sua filha Rory, que moram em Stars Hollow, Connecticut, uma pequena cidade fict\u00edcia com personagens bem peculiares. A s\u00e9rie explora quest\u00f5es familiares, rom\u00e2nticas, educacionais e sobre amizades, juntamente com divis\u00f5es das classes sociais, o \u00faltimo tema \u00e9 sobre a dif\u00edcil rela\u00e7\u00e3o de Lorelai com seus pais da alta sociedade, Emily e Richard, as experi\u00eancias de Rory em uma escola de elite e posteriormente na Universidade de Yale.<\/p>\n<p style=\"text-align: justify;\">Sherman-Palladino, que foi a showrunner da s\u00e9rie, inseriu em Gilmore Girls distintos di\u00e1logos, repletos de refer\u00eancias da cultura pop. Ap\u00f3s a sexta temporada, quando a s\u00e9rie foi movida para a CW, Sherman-Palladino deixou a s\u00e9rie e foi substitu\u00edda por David S. Rosenthal na temporada final. A s\u00e9rie foi produzida e distribu\u00edda pela Warner Bros. Television e filmada no est\u00fadio em Burbank, Calif\u00f3rnia. Em 2016, a Netflix confirmou o retorno da s\u00e9rie,[1] com quatro novos epis\u00f3dios de 90 minutos de dura\u00e7\u00e3o que foram disponibilizados para streaming no mesmo ano. Os novos epis\u00f3dios foram escritos e dirigidos pela pr\u00f3pria criadora da s\u00e9rie e seu marido, Daniel Palladino, sob o t\u00edtulo Gilmore Girls: A Year in the Life.<\/p>\n<hr \/>\n<h3 style=\"text-align: center;\">\u266b Playlist<\/h3>\n<ul>\n<li><em>\u00c9 hoje \u2013 Caetano Veloso<\/em><\/li>\n<li><em>Alegria Alegria \u2013 Caetano veloso<\/em><\/li>\n<li><em>Samba da Ben\u00e7\u00e3o \u2013 Vin\u00edcius de Moraes<\/em><\/li>\n<li><em>Timoneiro \u2013 Paulinho da Viola<\/em><\/li>\n<li><em>Reconvexo \u2013 Maria Beth\u00e2nia<\/em><\/li>\n<li><em>Girls Just Want To Have Fun \u2013 Cyndi Lauper<\/em><\/li>\n<li><em>Desde que o samba \u00e9 samba \u2013 Caetano Veloso &amp; Gilberto Gil<\/em><\/li>\n<li><em>Toda Menina Baiana \u2013 Gilberto Gil<\/em><\/li>\n<li><em>If You Believe (feat. Patch Crowe) (tradu\u00e7\u00e3o) \u2013 Strive to Be<\/em><\/li>\n<li><em>Vide Vida Marvada \u2013 Jads &amp; Jadson<\/em><\/li>\n<li><em>Duele el Coraz\u00f3n \u2013 Enrique Iglesias<\/em><\/li>\n<li><em>Canta canta minha gente \u2013 Martinho da Vila<\/em><\/li>\n<li><em>Vou festejar \u2013 Beth Carvalho<\/em><\/li>\n<li><em>Coisinha do Pai \u2013 Beth Carvalho<\/em><\/li>\n<li><em>Chovendo na Roseira \u2013 Elis Regina &amp; Tom Jobim<\/em><\/li>\n<li><em>Felicidade \u2013 Marcelo Jeneci<\/em><\/li>\n<\/ul>\n<\/div>\n<\/div>\n<\/div>\n<\/div>\n<div id=\"detailBullets_feature_div\" class=\"celwidget\" data-feature-name=\"reverse_interleave_detailBullets\" data-csa-c-type=\"widget\" data-csa-c-content-id=\"reverse_interleave_detailBullets\" data-csa-c-slot-id=\"detailBullets_feature_div\" data-csa-c-asin=\"\" data-csa-c-is-in-initial-active-row=\"false\" data-csa-c-id=\"1oehkt-mjpcuf-x3yytd-p2bpc9\" data-cel-widget=\"detailBullets_feature_div\">\n<div id=\"detailBulletsWrapper_feature_div\" class=\"a-section feature detail-bullets-wrapper bucket\" data-feature-name=\"detailBullets\" data-template-name=\"detailBullets\" data-cel-widget=\"detailBulletsWrapper_feature_div\"><\/div>\n<\/div>\n<p>&nbsp;<\/p>\n<p>&nbsp;<\/p>\n","protected":false},"excerpt":{"rendered":"<p>voc\u00ea vai rir sem perceber Belo Horizonte, 21 de abril de 2024 \ud83c\udf24\ufe0f 17\u00b0 &#8211; 28\u00b0 21 de abril \u00e9 Dia Mundial da Criatividade e [&#8230;]<\/p>\n","protected":false},"author":1,"featured_media":0,"comment_status":"open","ping_status":"open","sticky":false,"template":"","format":"standard","meta":{"footnotes":""},"categories":[9],"tags":[],"class_list":["post-1994","post","type-post","status-publish","format-standard","hentry","category-almanaque"],"_links":{"self":[{"href":"https:\/\/nalua.in\/notas\/wp-json\/wp\/v2\/posts\/1994","targetHints":{"allow":["GET"]}}],"collection":[{"href":"https:\/\/nalua.in\/notas\/wp-json\/wp\/v2\/posts"}],"about":[{"href":"https:\/\/nalua.in\/notas\/wp-json\/wp\/v2\/types\/post"}],"author":[{"embeddable":true,"href":"https:\/\/nalua.in\/notas\/wp-json\/wp\/v2\/users\/1"}],"replies":[{"embeddable":true,"href":"https:\/\/nalua.in\/notas\/wp-json\/wp\/v2\/comments?post=1994"}],"version-history":[{"count":9,"href":"https:\/\/nalua.in\/notas\/wp-json\/wp\/v2\/posts\/1994\/revisions"}],"predecessor-version":[{"id":2008,"href":"https:\/\/nalua.in\/notas\/wp-json\/wp\/v2\/posts\/1994\/revisions\/2008"}],"wp:attachment":[{"href":"https:\/\/nalua.in\/notas\/wp-json\/wp\/v2\/media?parent=1994"}],"wp:term":[{"taxonomy":"category","embeddable":true,"href":"https:\/\/nalua.in\/notas\/wp-json\/wp\/v2\/categories?post=1994"},{"taxonomy":"post_tag","embeddable":true,"href":"https:\/\/nalua.in\/notas\/wp-json\/wp\/v2\/tags?post=1994"}],"curies":[{"name":"wp","href":"https:\/\/api.w.org\/{rel}","templated":true}]}}