{"id":1918,"date":"2024-03-16T18:20:11","date_gmt":"2024-03-16T18:20:11","guid":{"rendered":"https:\/\/nalua.in\/notas\/?p=1918"},"modified":"2024-03-16T22:53:46","modified_gmt":"2024-03-16T22:53:46","slug":"mas-so-trouxe-mais-frio","status":"publish","type":"post","link":"https:\/\/nalua.in\/notas\/mas-so-trouxe-mais-frio\/","title":{"rendered":""},"content":{"rendered":"<p style=\"text-align: center;\"><a href=\"https:\/\/telegra.ph\/E-a%C3%AD-Tempo-03-16\" target=\"_blank\" rel=\"noopener\"><span style=\"font-size: 8pt;\">mas s\u00f3 trouxe mais frio<\/span><\/a><br \/>\n<img loading=\"lazy\" decoding=\"async\" class=\"size-full wp-image-1870 aligncenter\" src=\"https:\/\/nalua.in\/notas\/wp-content\/uploads\/2024\/02\/cats800-1.jpg\" alt=\"\" width=\"800\" height=\"139\" srcset=\"https:\/\/nalua.in\/notas\/wp-content\/uploads\/2024\/02\/cats800-1.jpg 800w, https:\/\/nalua.in\/notas\/wp-content\/uploads\/2024\/02\/cats800-1-300x52.jpg 300w, https:\/\/nalua.in\/notas\/wp-content\/uploads\/2024\/02\/cats800-1-768x133.jpg 768w, https:\/\/nalua.in\/notas\/wp-content\/uploads\/2024\/02\/cats800-1-150x26.jpg 150w\" sizes=\"auto, (max-width: 800px) 100vw, 800px\" \/><\/p>\n<p style=\"text-align: center;\"><strong>Belo Horizonte 17 de mar\u00e7o de 2024<\/strong><\/p>\n<p style=\"text-align: center;\"><strong><span class=\"fe5nidar khvhiq1o r5qsrrlp i5tg98hk f9ovudaz przvwfww gx1rr48f gfz4du6o r7fjleex nz2484kf svot0ezm dcnh1tix sxl192xd t3g6t33p\"><span class=\"mpj7bzys xzlurrtv\">Previs\u00e3o do tempo: <span style=\"color: #ff0000;\"><em>ele est\u00e1 passando<\/em><\/span><\/span><\/span><\/strong><\/p>\n<p style=\"text-align: center;\"><strong><span class=\"fe5nidar khvhiq1o r5qsrrlp i5tg98hk f9ovudaz przvwfww gx1rr48f gfz4du6o r7fjleex nz2484kf svot0ezm dcnh1tix sxl192xd t3g6t33p\"><span class=\"mpj7bzys xzlurrtv\">\ud83c\udf24\ufe0f22\u00b0 &#8211; 33\u00b0 \ud83e\udd75<\/span><\/span><\/strong><\/p>\n<hr \/>\n<p style=\"text-align: justify;\">17 de mar\u00e7o \u00e9 dia do Mel e dia de S\u00e3o Patr\u00edcio. <strong>Neste dia em 2014<\/strong> come\u00e7ou a famigerada <span style=\"text-decoration: underline;\">Opera\u00e7\u00e3o Lava Jato<\/span>, <em>vade retro<\/em>. Em <strong>1919<\/strong> nasceu <span style=\"text-decoration: underline;\">Nat King Cole<\/span>, em <strong>1938<\/strong> chegou <span style=\"text-decoration: underline;\">Rudolf Nureyev<\/span> em <strong>1945<\/strong> nasceu a magn\u00edfica<span style=\"text-decoration: underline;\"> Elis Regina<\/span>,\u00a0 em <strong>1952<\/strong> <span style=\"text-decoration: underline;\">Perla<\/span>, em <strong>1960<\/strong> nasceu <span style=\"text-decoration: underline;\">Lula Queiroga<\/span>. Em\u00a0<strong>180<\/strong> morreu <span style=\"text-decoration: underline;\">Marco Aur\u00e9lio<\/span>, em <strong>1680<\/strong> partiu <span style=\"text-decoration: underline;\">Fran\u00e7ois de La Rochefoucauld<\/span>. Em <strong>1973<\/strong> ficamos mais pobres com a morte de <span style=\"text-decoration: underline;\">Monsueto Menezes<\/span> e em <strong>2009<\/strong> menos felizes com a morte de <span style=\"text-decoration: underline;\">Clodovil<\/span>.<\/p>\n<hr \/>\n<p style=\"text-align: center;\"><em>Negar a sucess\u00e3o temporal, negar o Eu, negar o universo astron\u00f4mico, s\u00e3o desesperos aparentes e consolos secretos.<\/em><br \/>\n<em>Nosso destino n\u00e3o \u00e9 assustador por ser irreal; \u00e9 assustador porque \u00e9 irrevers\u00edvel e ferrenho.<\/em><br \/>\n<em>O tempo \u00e9 a subst\u00e2ncia de que sou feito.<\/em><br \/>\n<em>O tempo \u00e9 um rio que me arrebata, mas eu sou o rio; \u00e9 um tigre que me devora, mas eu sou o tigre; \u00e9 um fogo que me consome, mas eu sou o fogo.<\/em><br \/>\n<em>O mundo, infelizmente, \u00e9 real; e eu, infelizmente, sou Borges.<\/em><\/p>\n<p style=\"text-align: center;\"><span class=\"fe5nidar khvhiq1o r5qsrrlp i5tg98hk f9ovudaz przvwfww gx1rr48f gfz4du6o r7fjleex nz2484kf svot0ezm dcnh1tix sxl192xd t3g6t33p\"><span class=\"mpj7bzys xzlurrtv\">\u2663\ufe0f<\/span><\/span><\/p>\n<p style=\"text-align: center;\"><strong>Jorge Luis Borges<\/strong><\/p>\n<hr \/>\n<h2>Num dia como este, escreveu Maria Gabriela Llansol em seu di\u00e1rio:<\/h2>\n<p style=\"text-align: center;\"><strong>Lovaina, 17 de Mar\u00e7o de 1975<\/strong><\/p>\n<p><em>Pusemos a partida sob o impulso do G\u00e9nesis, como h\u00e1 dez anos pusemos a deser\u00e7\u00e3o do Augusto, e a nossa vinda subsequente para aqui, no rastro do Exodo.<\/em><\/p>\n<p><em> Principio a deslocar objectos, pap\u00e9is. livros, para os organizar por grupos. Come\u00e7o com anteced\u00eancia essa tarefa porque n\u00e3o se devem desprezar as \u00e9pocas\u00a0que come\u00e7am. O desejo do Mestre Zen n\u00e3o era infantil, quando procurava o rosto original, <\/em><\/p>\n<p><em>o de antes do nascimento. Um encontro<\/em><\/p>\n<p><em>com o consigo-pr\u00f3prio-instante; participar no desejo ou no no acaso que iriam ger\u00e1-lo.<\/em><\/p>\n<p><em>Todas as crian\u00e7as que analisei tem esse desejo, a que psican\u00e1lise chamou a cena primitiva. Nelas, recusar essa curiosidade, \u00e9 o principio afirmativo do pensamento distanciando-se, mesmo a\u00ed do conhecimento. Pensar nesse instante, \u00e9 o pre\u00e7o de n\u00e3o saber. Mas <strong>sei<\/strong> que h\u00e1 tamb\u00e9m um instante em que se n\u00e3o deve desprezar a \u00e9poca que principia. O instante em que devo suspender o pensamento, como medida-salvaguarda da respira\u00e7\u00e3o e da vis\u00e3o,<\/em><\/p>\n<p><em>e arriscar a raz\u00e3o nesse encontro comigo no momento em que fui desejada quando o meu pai me <strong>viu<\/strong> rapaz.<\/em><\/p>\n<p><em> Se eu nunca arriscar a raz\u00e3o, nunca <strong>saberei<\/strong>.<\/em><\/p>\n<p><em>Nunca saberei pensar.<\/em><\/p>\n<p style=\"text-align: right;\"><strong>Maria Gabriela Llansol &#8211; Finita. Di\u00e1rio II &#8211; Ed. Aut\u00eantica<\/strong><\/p>\n<table style=\"width: 100%; border-collapse: collapse; background-color: #fce8f7;\">\n<tbody>\n<tr>\n<td style=\"width: 100%; text-align: center;\"><em>Ensina-nos a contar os nossos dias<\/em><br \/>\n<em>para que o nosso cora\u00e7\u00e3o alcance sabedoria.<\/em><br \/>\n<strong>Salmos 90:12<\/strong><\/td>\n<\/tr>\n<\/tbody>\n<\/table>\n<h2><img loading=\"lazy\" decoding=\"async\" class=\"size-full wp-image-1919 aligncenter\" src=\"https:\/\/nalua.in\/notas\/wp-content\/uploads\/2024\/03\/bdj-110322-web.jpg\" alt=\"\" width=\"650\" height=\"193\" srcset=\"https:\/\/nalua.in\/notas\/wp-content\/uploads\/2024\/03\/bdj-110322-web.jpg 650w, https:\/\/nalua.in\/notas\/wp-content\/uploads\/2024\/03\/bdj-110322-web-300x89.jpg 300w, https:\/\/nalua.in\/notas\/wp-content\/uploads\/2024\/03\/bdj-110322-web-150x45.jpg 150w\" sizes=\"auto, (max-width: 650px) 100vw, 650px\" \/><\/h2>\n<hr \/>\n<h2 style=\"text-align: center;\">O que fazia Deus antes de criar o c\u00e9u e a terra?<\/h2>\n<p><img loading=\"lazy\" decoding=\"async\" class=\"size-full wp-image-1922 aligncenter\" src=\"https:\/\/nalua.in\/notas\/wp-content\/uploads\/2024\/03\/oitopausp.jpg\" alt=\"\" width=\"350\" height=\"639\" srcset=\"https:\/\/nalua.in\/notas\/wp-content\/uploads\/2024\/03\/oitopausp.jpg 350w, https:\/\/nalua.in\/notas\/wp-content\/uploads\/2024\/03\/oitopausp-164x300.jpg 164w, https:\/\/nalua.in\/notas\/wp-content\/uploads\/2024\/03\/oitopausp-150x274.jpg 150w\" sizes=\"auto, (max-width: 350px) 100vw, 350px\" \/><\/p>\n<blockquote>\n<p style=\"text-align: center;\"><em>Diga-me por favor que horas s\u00e3o para saber que estou vivendo nesta hora.<\/em><\/p>\n<p style=\"text-align: center;\"><strong>\u00c1gua Viva &#8211; Clarice Lispector<\/strong><\/p>\n<\/blockquote>\n<p style=\"text-align: justify;\">Esta carta custou a me dizer o que queria. Custou muito. Tenho vivido dias de muitas dores f\u00edsicas. \u00c0 espera de um diagn\u00f3stico que n\u00e3o vem, tomando muitos rem\u00e9dios e isso, obviamente me nubla o pensamento demais e muitas vezes \u00e9 impeditivo para ler adequadamente o tar\u00f4. Mas num rel\u00e2mpago, a carta veio, disse que o que queria, como num flash, ou num disparo de flechas.<\/p>\n<p style=\"text-align: justify;\">O Oito de Paus, no baralho concebido por Edward Waite e desenhado por Pamela Smith, \u00e9 o \u00fanico arcano menor que n\u00e3o tem nenhuma figura humana. Ele mostra um conjunto de oito bast\u00f5es que parecem atravessar o c\u00e9u, e n\u00e3o sabemos muito bem se est\u00e3o subindo ou descendo. Inferimos que <strong>est\u00e3o em movimento<\/strong>, e que a imagem \u00e9 a captura do cen\u00e1rio em que elas atravessam o c\u00e9u. \u00c9 um <strong>momento<\/strong>, um <strong>instante<\/strong>, <strong>e esse instante, apesar de congelado evoca movimento<\/strong>. <em>Um movimento congelado<\/em>. Esse arcano tem em seu n\u00facleo a no\u00e7\u00e3o de <strong>deslocamento, movimento<\/strong>.<\/p>\n<p style=\"text-align: justify;\"><strong>Para Crowley esse arcano \u00e9 a pr\u00f3pria Rapidez<\/strong>. J\u00e1 falamos sobre a pressa. <em>Se a sorte est\u00e1 com voc\u00ea, pra que pressa?<\/em> Ent\u00e3o, o que esse arcano nos suscita para essa semana <strong>n\u00e3o \u00e9 a pressa<\/strong>. Mas que sejamos certeiros, que estejamos <strong>atentos aos sinais<\/strong>. Para capturarmos os sinais do universo, que n\u00e3o s\u00e3o nada a n\u00e3o ser que os personalizemos, precisamos ser <strong>certeiros<\/strong>. Precisamos <strong>capturar o instante, aquele instante que n\u00e3o volta mais<\/strong>.\u00a0Agarrar aquele <em>flash<\/em> de mil\u00e9simos de segundos que nos atravessa a mente e nos d\u00e1 um <strong>vislumbre do futuro<\/strong>. Futuro poss\u00edvel ou imaginado, futuro real. <strong>Futuro que nunca existe, mas que precisamos criar, sen\u00e3o nos criar\u00e3o nele<\/strong>.<\/p>\n<p style=\"text-align: justify;\">Mas existe futuro? Pensar a rapidez, o instante, os vislumbres requer que pensemos no <strong>senhor de todos os destinos, o Tempo<\/strong>. <strong>Que nem existe<\/strong>, de acordo com o f\u00edsico Carlos Rovelli, considerado por alguns o novo Einstein. O tempo, <strong>essa entidade onipresente que n\u00e3o existe<\/strong>.\u00a0O Tempo, caso existisse, seria a medida da mudan\u00e7a, s\u00f3 na mudan\u00e7a poder\u00edamos sentir o tempo. Assim, como seres do presente somos cont\u00ednuos <em>deixar de ser<\/em>.<\/p>\n<p style=\"text-align: justify;\"><strong>O tempo \u00e9 a mem\u00f3ria do passado e a espera do futuro<\/strong>. Por Santo Agostinho soubemos que o conhecimento do tempo depende do conhecimento do movimento das coisas e, portanto, o tempo n\u00e3o pode estar onde n\u00e3o h\u00e1 criaturas para medir sua passagem. <strong>Somos criaturas do tempo e de um tempo particular. O tempo \u00e9 o absoluto que nos rege, mesmo que n\u00e3o exista<\/strong>.<\/p>\n<p style=\"text-align: justify;\">E o Oito de Paus nos pede que fa\u00e7amos um trabalho an\u00e1logo ao trabalho do fot\u00f3grafo, <strong>que a gente tente capturar o instante que n\u00e3o est\u00e1 ali, nunca est\u00e1<\/strong>. Ent\u00e3o para essa semana, o dever de casa \u00e9 capturar o instante, que n\u00e3o deixa de ser o exerc\u00edcio do agora, e o exerc\u00edcio de pensar o tempo, de ter em mente que o tempo est\u00e1 passando e nossa vida junto com ele. <strong>E que existindo ou n\u00e3o, ele \u00e9 finito<\/strong>.<\/p>\n<p style=\"text-align: justify;\"><strong>Precisamos do balan\u00e7o do que vale \u00e0 pena, precisamos nos ajoelhar de novo no altar do Senhor Tempo e pedir que, ainda estando vivos, tenhamos o que viver<\/strong>.\u00a0Mas sem mais tardar, porque se olhamos para o lado as flechas do Oito de Paus j\u00e1 atingiram o ch\u00e3o. <strong>\u00c9 preciso apanhar o instante em pleno voo,<\/strong> e deixar que ele seja uma bonita fotografia que olhamos e n\u00e3o d\u00f3i somente.\u00a0<strong>\u00c9 isso que fica de tudo, a nossa cole\u00e7\u00e3o de mem\u00f3rias fotografadas<\/strong>. Que essa semana tenhamos instant\u00e2neos bonitos para colecionar e reviver pelo olhar.<\/p>\n<p style=\"text-align: justify;\">\u00c9 isso, <strong>o 8 de Paus nos convoca a traduzir pelo instante os sinais que o Verbo envia<\/strong>. Quais s\u00e3o as fotos que voc\u00ea quer colar no seu Album do seu Tempo? Qual \u00e9 o seu tempo? Ainda \u00e9 a sua \u00e9poca? Quanto tempo temos ainda pra fotografar os instantes que nos escapam e n\u00e3o maltratam o cora\u00e7\u00e3o?<\/p>\n<p style=\"text-align: justify;\">O Tempo \u00e9 como a Liberdade para Cec\u00edlia Meireles: <em><strong>n\u00e3o h\u00e1 ningu\u00e9m que explique e ningu\u00e9m que n\u00e3o entenda<\/strong><\/em>.<\/p>\n<p style=\"text-align: justify;\">Boa semana queridos, tirem boas fotos.<\/p>\n<table style=\"width: 100%; border-collapse: collapse; background-color: #d5e7f5;\">\n<tbody>\n<tr>\n<td style=\"width: 100%;\"><img loading=\"lazy\" decoding=\"async\" class=\"size-full wp-image-1921 aligncenter\" src=\"https:\/\/nalua.in\/notas\/wp-content\/uploads\/2024\/03\/oitodepausp.jpg\" alt=\"\" width=\"350\" height=\"572\" srcset=\"https:\/\/nalua.in\/notas\/wp-content\/uploads\/2024\/03\/oitodepausp.jpg 350w, https:\/\/nalua.in\/notas\/wp-content\/uploads\/2024\/03\/oitodepausp-184x300.jpg 184w, https:\/\/nalua.in\/notas\/wp-content\/uploads\/2024\/03\/oitodepausp-150x245.jpg 150w\" sizes=\"auto, (max-width: 350px) 100vw, 350px\" \/><\/p>\n<p style=\"text-align: justify;\">O 8 de Paus \u00e9 uma carta que est\u00e1 associada \u00e0 a\u00e7\u00e3o r\u00e1pida, movimento e progresso. Na maioria dos baralhos de Tar\u00f4, a carta retrata oito varinhas voando pelo ar em dire\u00e7\u00e3o a um destino desconhecido. Isso sugere um senso de urg\u00eancia e movimento acelerado, indicando que as coisas est\u00e3o se movendo rapidamente e que mudan\u00e7as est\u00e3o chegando.\u00a0Quando o 8 de Paus aparece em uma leitura de Tar\u00f4, ele pode indicar que uma situa\u00e7\u00e3o ou projeto est\u00e1 ganhando impulso e avan\u00e7ando rapidamente. Pode ser um sinal de que as coisas est\u00e3o se movendo mais r\u00e1pido do que o esperado ou que eventos inesperados est\u00e3o ocorrendo. Esta carta tamb\u00e9m pode sugerir a necessidade de agir rapidamente ou de se adaptar a mudan\u00e7as inesperadas.\u00a0Al\u00e9m disso, o 8 de Paus tamb\u00e9m pode representar comunica\u00e7\u00e3o r\u00e1pida e eficiente. Pode indicar que mensagens importantes est\u00e3o a caminho ou que a comunica\u00e7\u00e3o ser\u00e1 crucial para avan\u00e7ar em uma determinada situa\u00e7\u00e3o. Isso pode se manifestar como not\u00edcias inesperadas, uma conversa importante ou a necessidade de se comunicar claramente com os outros.\u00a0Em termos mais gerais, o 8 de Paus tamb\u00e9m pode ser interpretado como um sinal de progresso e avan\u00e7o. Pode indicar que os obst\u00e1culos est\u00e3o sendo superados e que o caminho est\u00e1 aberto para avan\u00e7ar em dire\u00e7\u00e3o aos objetivos desejados. Esta carta pode ser encorajadora em uma leitura de Tar\u00f4, sugerindo que o momentum est\u00e1 do seu lado e que \u00e9 hora de agir e seguir em frente.\u00a0No entanto, como todas as cartas do Tar\u00f4, o 8 de Paus tamb\u00e9m tem um lado sombrio. Quando mal aspectado, esta carta pode indicar que as coisas est\u00e3o se movendo r\u00e1pido demais e que voc\u00ea pode estar se sentindo sobrecarregado ou incapaz de acompanhar o ritmo. Pode ser um lembrete para desacelerar e encontrar equil\u00edbrio em meio ao caos.<\/p>\n<\/td>\n<\/tr>\n<\/tbody>\n<\/table>\n<h2 style=\"text-align: center;\">Um texto para o tempo que foge<\/h2>\n<p style=\"text-align: justify;\"><em>N\u00e3o \u00e9 o tempo que provoca destrui\u00e7\u00e3o, mas aquele acontecer de diferen\u00e7as \u2013 a mudan\u00e7a, justamente \u2013 que nos leva a sofrer, amar, padecer; aquela viv\u00eancia que ocorre ao pensamento que n\u00e3o \u00e9 uma ideia, mas pathema. Viv\u00eancia da vida, por\u00e9m, n\u00e3o vida da viv\u00eancia. Eu vivo, de fato. No sentido que vivo meu viver. Mas este \u00e9 apenas um momento de minha vida, n\u00e3o alguma coisa que antecede minha vida, da qual, ainda assim, \u00e9 express\u00e3o. Essa viv\u00eancia \u00e9 uma vontade que recomp\u00f5e os momentos descont\u00ednuos de minha consci\u00eancia. Nos c\u00edrculos internos de minha vida n\u00e3o h\u00e1 uma ordem que vive por si, mas apenas um movimento de con-c\u00f3rdia e dis-c\u00f3rdia aberto ao porvir. Esse tempo novo, diria Rilke, nos transforma da mesma maneira que uma casa que tenha abrigado um h\u00f3spede: n\u00e3o sabemos dizer quem ele seja \u2013 e talvez nunca cheguemos a saber \u2013, mas muitos ind\u00edcios dizem que o h\u00f3spede entrou em n\u00f3s antes de chegar ali.<\/em><br \/>\n<em>Nos caminhos do tempo os anos s\u00e3o promessas por vir. Tudo est\u00e1 inervado pelo porvir. O presente \u00e9 um fio t\u00eanue que torna cont\u00ednuo o que \u00e9 descont\u00ednuo. Esse \u00e9 o mist\u00e9rio da mem\u00f3ria. Migra o tempo, despedindo-se do que \u00e9 familiar, de tudo. Sequer a mais obstinada raiz poderia ret\u00ea-lo. Sequer um fr\u00eamito de saudades. O tempo \u00e9 espontaneidade, improvisa\u00e7\u00e3o: tem apenas liames t\u00eanues com o passado. Na melhor das hip\u00f3teses, passado e porvir podem se atrair na dist\u00e2ncia arriscada e aventurosa que os divide e os une: rastros impercept\u00edveis, n\u00f4mades, interditados. O tempo \u00e9 movimento puro, que escapa sem se subtrair. Pura err\u00e2ncia. Em seu movimento, toda migra\u00e7\u00e3o acontece, abrindo-se para uma liberdade al\u00e9m da hist\u00f3ria. Aquela mesma liberdade que os homens sempre tentam eludir, incapazes de aguentar a responsabilidade que carrega em si.<\/em><br \/>\n<em>O tempo remete ao mist\u00e9rio e \u00e0 gra\u00e7a, \u00e0 viol\u00eancia e \u00e0 esperan\u00e7a, \u00e0 culpa e \u00e0 coragem de um por vir ou, melhor dizendo, de um advento que se torna evento imprevis\u00edvel. Sem imprevisibilidade o tempo seria uma espera inerte. Minha espera, ao contr\u00e1rio, \u00e9 uma inquietude ativa, como um rio que escorre rumo a um mar desconhecido, n\u00e3o uma cronologia ordenada de eventos. Claro, eu vivo na hist\u00f3ria, mas ela \u00e9 quase sempre uma fic\u00e7\u00e3o ideal. Minha vida nunca \u00e9 isso. A hist\u00f3ria, da qual se escreve e dizemos que existe, nunca tem a ver comigo. N\u00e3o fala de mim. Ali\u00e1s, minha vida \u00e9 acess\u00edvel somente emendada de suas formas hist\u00f3ricas. Narrar minha vida, seja qual for seu significado, quer dizer escrever sempre outra coisa em rela\u00e7\u00e3o ao antes, ao agora, ao depois. Tudo \u00e9 mais claro quando, ao ser narrada por outros ou fixada em representa\u00e7\u00f5es provis\u00f3rias de mim mesmo (fotografias, imagens e tantas outras), descubro que a vida n\u00e3o me pertence mais, que n\u00e3o \u00e9 mais a minha, que \u00e9 apenas uma reconstru\u00e7\u00e3o de instantes diferentes entre si. Hist\u00f3ria, justamente! Mas j\u00e1 disse que eu n\u00e3o sou hist\u00f3ria. N\u00e3o posso ser hist\u00f3ria. Instantes, talvez. Um conjunto de instantes que me leva de volta ao problema que eu sou para mim mesmo. O tempo esclarece tudo. Eu o atravesso como se atravessa um territ\u00f3rio amb\u00edguo, elusivo, irredut\u00edvel \u00e0 apreens\u00e3o dos conceitos.<\/em><\/p>\n<p style=\"text-align: right;\"><strong>Mauro Maldonato &#8211; Passagens de Tempo &#8211; Edi\u00e7\u00f5es Sesc<\/strong><\/p>\n<table style=\"width: 100%; border-collapse: collapse; background-color: #fcf0dc;\">\n<tbody>\n<tr>\n<td style=\"width: 100%;\">\n<h2 style=\"text-align: center;\"><strong>A Cara do Meu Filho<\/strong><\/h2>\n<p style=\"text-align: justify;\"><em><strong>As obras que ajudam a montar meu \u00e1lbum de retratos. Tentei pensar em obras que me evocassem esse movimento de capturar o instante, de alfinetar num quadro as borboletas que morrem. Como sempre, tem muita coisa, esse \u00e9 o recorte de hoje, as obras emolduradas nas paredes da minha casa.<\/strong><\/em><\/p>\n<\/td>\n<\/tr>\n<\/tbody>\n<\/table>\n<h3 style=\"text-align: center;\">Livro<\/h3>\n<p><img loading=\"lazy\" decoding=\"async\" class=\"wp-image-1926 aligncenter\" src=\"https:\/\/nalua.in\/notas\/wp-content\/uploads\/2024\/03\/aguavivap.jpg\" alt=\"\" width=\"300\" height=\"444\" srcset=\"https:\/\/nalua.in\/notas\/wp-content\/uploads\/2024\/03\/aguavivap.jpg 350w, https:\/\/nalua.in\/notas\/wp-content\/uploads\/2024\/03\/aguavivap-203x300.jpg 203w, https:\/\/nalua.in\/notas\/wp-content\/uploads\/2024\/03\/aguavivap-150x222.jpg 150w\" sizes=\"auto, (max-width: 300px) 100vw, 300px\" \/><\/p>\n<p style=\"text-align: justify;\"><strong>\u00c1gua Viva &#8211; Clarice Lispector. <em>Um livro que eu gostaria de ter lido mais jovem, acho que ele iria me devorar por dentro mais do que devorou agora, que sou mais velha. N\u00e3o que eu n\u00e3o tenha amado, eu amei. Mas n\u00e3o sou t\u00e3o intensa como na juventude. Isso n\u00e3o me impediu de sentir deleite acompanhado os pensamentos muito peculiares de Clarice neste livro. \u00c9 um livro sobre essa ang\u00fastia imensa e tentaiva desesperada de capturar os instantes. \u00c9 um livro sobre o Tempo e sobre navegar no tempo \u00e0 deriva e ao mesmo tempo com o leme em m\u00e3os. \u00c9 lindo, \u00e9 a lingua portuguesa em toda beleza e m\u00e1ximo potencial. N\u00e3o tenho como recomendar mais.\u00a0<\/em><\/strong><\/p>\n<hr \/>\n<div class=\"x11i5rnm xat24cr x1mh8g0r x1vvkbs xtlvy1s x126k92a\">\n<div dir=\"auto\" style=\"text-align: center;\">\n<p style=\"text-align: justify;\">Desde seus primeiros textos Clarice Lispector anuncia um brilhante projeto liter\u00e1rio. \u00c1gua viva, publicado em 1973, adensa o processo caracter\u00edstico de sua narrativa, enfatizando-lhe a fragmenta\u00e7\u00e3o, a contamina\u00e7\u00e3o do romanesco com o l\u00edrico e o abrandamento das linhas descritivas e representacionais, recursos menos acentuados em outras de suas obras, anteriores e posteriores.\u00a0A trama do livro \u00e9 t\u00eanue, o que faz dele &#8220;um romance sem romance&#8221;. Um eu, declinado no feminino, escreve a um tu, no masculino, expondo suas \u00e2nsias e procuras, num discurso de fluidez ininterrupta entre o del\u00edrio, a confiss\u00e3o e a sedu\u00e7\u00e3o: &#8220;Para te escrever eu antes me perfumo toda. Eu te conhe\u00e7o todo por te viver toda.&#8221; O eu e o tu de \u00c1gua viva ganham dimens\u00f5es permut\u00e1veis de significa\u00e7\u00e3o, integrando-se com o n\u00e3o humano: a natureza, as palavras, os animais, a &#8220;coisa&#8221; ou o &#8220;it&#8221;. A linguagem se espessa numa densa selva de palavras e a obra descortina voraz processo de correspond\u00eancias que interconectam vida, paix\u00e3o e viol\u00eancia.\u00a0Obsessivamente, a protagonista de \u00c1gua viva busca surpreender as intrincadas rela\u00e7\u00f5es entre o instante fugidio e sua inscri\u00e7\u00e3o no espa\u00e7o. Sem nome, escondida sob o pronome eu, a personagem procura entender o significado da solid\u00e3o e o de seu estar no mundo, no desencadear dos instantes que prefiguram um presente cont\u00ednuo onde os limites cada vez mais esgar\u00e7ados entre o que \u00e9 interior e exterior \u00e0 personagem desaparecem. Nesse lugar &#8220;enfeiti\u00e7ado&#8221;, em linguagem incandescente, escreve Clarice Lispector Seu texto faz fluir o sentimento de agora e, paradoxalmente, interliga a petrifica\u00e7\u00e3o e a mudan\u00e7a.\u00a0\u00c1gua viva \u00e9 um lindo poema em prosa, no qual se comemora a vida de tudo o que, intensamente, \u00e9. Sem receitas para decodificar o mundo enfeiti\u00e7ado da incitante narrativa, o leitor toma consci\u00eancia de que j\u00e1 n\u00e3o disp\u00f5e de modelos para ler, nem para entender Clarice Lispector.<\/p>\n<hr \/>\n<h3>Filme<\/h3>\n<p><img loading=\"lazy\" decoding=\"async\" class=\"size-full wp-image-1927 aligncenter\" src=\"https:\/\/nalua.in\/notas\/wp-content\/uploads\/2024\/03\/perfectdays.jpg\" alt=\"\" width=\"350\" height=\"477\" srcset=\"https:\/\/nalua.in\/notas\/wp-content\/uploads\/2024\/03\/perfectdays.jpg 350w, https:\/\/nalua.in\/notas\/wp-content\/uploads\/2024\/03\/perfectdays-220x300.jpg 220w, https:\/\/nalua.in\/notas\/wp-content\/uploads\/2024\/03\/perfectdays-150x204.jpg 150w\" sizes=\"auto, (max-width: 350px) 100vw, 350px\" \/><\/p>\n<p style=\"text-align: justify;\"><strong>(<span style=\"font-size: 10pt;\">Talvez eu tenha escrito todo esse post s\u00f3 pra recomendar esse filme<\/span>)<\/strong><\/p>\n<p style=\"text-align: justify;\"><strong>Perfect Days &#8211; Wim Wenders &#8211; 2023. . <em>Este filme ainda est\u00e1 em cartaz nos cinemas neste momento em que escrevo. \u00c9 uma das coisas mais lindas que j\u00e1 vi. Eu acho um filme perfeito. Para mim n\u00e3o tem nada sobrando nem faltando. \u00c9 um filme que me descansou e colocou muita beleza nestes dias dif\u00edcieis e dolorosos que ando tendo. Achei encantador e forte, e delicado. Conta uma hist\u00f3ria sobre o banal e o cotidiano, sobre uma pessoa deliciosamente comum, sobre uma T\u00f3quio que talvez nem seja real, mas que \u00e9 convidativa. Que vontade de ir a T\u00f3quio. Recomendo demais, e ainda por cima o protagonista tamb\u00e9m \u00e9 um capturador de instantes.\u00a0<\/em><\/strong><\/p>\n<hr \/>\n<p style=\"text-align: justify;\">Perfect Days\u00a0 \u00e9 um filme de drama de 2023 dirigido por Wim Wenders, a partir de um roteiro escrito por Wenders e Takuma Takasaki. Uma coprodu\u00e7\u00e3o entre o Jap\u00e3o e a Alemanha, o filme combina quatro contos e estrela K\u014dji Yakusho no papel de um limpador de banheiro. O filme concorreu \u00e0 Palma de Ouro no Festival de Cinema de Cannes de 2023, onde estreou no dia 25 de maio e ganhou o Pr\u00eamio do J\u00fari Ecum\u00eanico e o Pr\u00eamio de melhor ator para Yakusho. Foi selecionado como representante japon\u00eas para o Oscar de melhor filme internacional na edi\u00e7\u00e3o de 2024. Sinopse: Hirayama trabalha como limpador de banheiros em T\u00f3quio. Ele parece satisfeito com sua vida simples. Segue um dia a dia estruturado e dedica seu tempo livre \u00e0 paix\u00e3o pela m\u00fasica e pelos livros. Hirayama tamb\u00e9m gosta de \u00e1rvores e as fotografa. Mais do seu passado \u00e9 gradualmente revelado atrav\u00e9s de uma s\u00e9rie de encontros inesperados.<\/p>\n<hr \/>\n<h3>Document\u00e1rio, Fotos &amp; Livro<\/h3>\n<p><img loading=\"lazy\" decoding=\"async\" class=\"size-full wp-image-1931 aligncenter\" src=\"https:\/\/nalua.in\/notas\/wp-content\/uploads\/2024\/03\/vivanmaierp.jpg\" alt=\"\" width=\"350\" height=\"467\" srcset=\"https:\/\/nalua.in\/notas\/wp-content\/uploads\/2024\/03\/vivanmaierp.jpg 350w, https:\/\/nalua.in\/notas\/wp-content\/uploads\/2024\/03\/vivanmaierp-225x300.jpg 225w, https:\/\/nalua.in\/notas\/wp-content\/uploads\/2024\/03\/vivanmaierp-150x200.jpg 150w\" sizes=\"auto, (max-width: 350px) 100vw, 350px\" \/><\/p>\n<p style=\"text-align: justify;\"><strong>A Fotografia Oculta de Vivian Maier. John Maloof &amp; Charlie Siskel. 2013. <em>Que hist\u00f3ria maravilhosa a que conta esse document\u00e1rio. Vivian era outra magn\u00edfica colecionadora de momentos. Um g\u00eanio, era essa mulher que n\u00e3o teve fam\u00edlia, nem muitos amigos, que era acumuladora compulsiva de coisas e de momentos. Eu me identifiquei muito com essa necessidade voraz que ela tinha de registrar momentos, de guardar tudo, de eternizar tudo que via. Mas ela era genial e conseguiu fazer esse trabalho lindo, com estas fotos maravilhosas que foi tirando ao longo de uma exist\u00eancia solit\u00e1ria e calada. Obviamente ela n\u00e3o era uma pessoa neurot\u00edpica e deve ter passado muito sofrimento na vida, mas \u00e9 pelo menos feliz pensar que o mundo pode ver a vida atrav\u00e9s de suas fotografias incr\u00edveis. Vale \u00e0 pena conhecer a vida e as fotos de Vivan, \u00e9 uma hist\u00f3ria muito boa para ficar desconhecida. <a href=\"https:\/\/vimeo.com\/452963941\" target=\"_blank\" rel=\"noopener\">Tem o document\u00e1rio, infelizmente sem legendas, aqui<\/a>. Com legendas, nos melhores cors\u00e1rios por a\u00ed tamb\u00e9m \u00e9 poss\u00edvel assistir.<\/em><\/strong><\/p>\n<hr \/>\n<p style=\"text-align: justify;\">O document\u00e1rio &#8220;A Fotografia Oculta de Vivian Maier&#8221; \u00e9 uma obra que revela a hist\u00f3ria fascinante por tr\u00e1s de uma das fot\u00f3grafas mais talentosas e misteriosas do s\u00e9culo XX. Vivian Maier foi uma mulher que passou a maior parte de sua vida trabalhando como bab\u00e1 em Chicago, mas que tinha um hobby secreto: a fotografia. Durante d\u00e9cadas, Maier registrou o mundo ao seu redor com uma c\u00e2mera Rolleiflex, capturando momentos do cotidiano, retratos de pessoas nas ruas e paisagens urbanas de uma forma \u00fanica e cativante.<\/p>\n<p style=\"text-align: justify;\">No entanto, o trabalho de Vivian Maier permaneceu desconhecido durante sua vida. Foi somente ap\u00f3s sua morte, em 2009, que seu talento foi descoberto por acaso, quando um colecionador adquiriu um lote de negativos em um leil\u00e3o e se deparou com as incr\u00edveis imagens de Maier. A partir da\u00ed, a hist\u00f3ria de Vivian Maier se tornou um fen\u00f4meno mundial, com suas fotografias sendo exibidas em galerias de arte e museus ao redor do mundo.<\/p>\n<p style=\"text-align: justify;\">O document\u00e1rio &#8220;A Fotografia Oculta de Vivian Maier&#8221; mergulha na vida dessa fot\u00f3grafa enigm\u00e1tica, revelando n\u00e3o apenas seu talento art\u00edstico, mas tamb\u00e9m sua personalidade complexa e as circunst\u00e2ncias que a levaram a manter seu trabalho em segredo. Atrav\u00e9s de entrevistas com pessoas que a conheceram, incluindo as crian\u00e7as que ela cuidou como bab\u00e1, o filme tra\u00e7a um retrato \u00edntimo de Vivian Maier, mostrando sua paix\u00e3o pela fotografia e o impacto que suas imagens tiveram no mundo da arte. &#8220;A Fotografia Oculta de Vivian Maier&#8221; oferece uma vis\u00e3o \u00fanica sobre a vida e o trabalho dessa fot\u00f3grafa excepcional. Ao revelar os segredos por tr\u00e1s das fotografias de Vivian Maier, o document\u00e1rio reflete sobre a natureza da arte, a import\u00e2ncia da autenticidade e o poder transformador da paix\u00e3o criativa.\u00a0&#8220;A Fotografia Oculta de Vivian Maier&#8221; \u00e9 mais do que um simples document\u00e1rio sobre fotografia. \u00c9 uma homenagem a uma artista extraordin\u00e1ria que, mesmo sem buscar fama ou reconhecimento, deixou um legado duradouro e extremamente rico.<\/p>\n<hr \/>\n<h3>Fotos<\/h3>\n<p><em><strong><a href=\"https:\/\/www.vivianmaier.com\/\" target=\"_blank\" rel=\"noopener\">Fotos no site de Vivian Maier<\/a>. Vejam, s\u00e3o lindas. Ela tinha um bel\u00edssimo modo de capturar o instante.<\/strong><\/em><\/p>\n<hr \/>\n<h3><strong>Livro<\/strong><\/h3>\n<p><img loading=\"lazy\" decoding=\"async\" class=\"\" src=\"https:\/\/image.isu.pub\/140521210602-02ca797a4d7ad697a6955f2dddeecd34\/jpg\/page_1_thumb_large.jpg\" alt=\"Vivian Maier - Uma fot\u00f3grafa de rua by Grupo Autentica - Issuu\" width=\"299\" height=\"318\" \/><\/p>\n<p><strong><em>N\u00e3o vou falar mais porque est\u00e1 esgotado e s\u00f3 se encontra com pre\u00e7os exorbitantes na estante virtual.\u00a0<\/em><\/strong><\/p>\n<hr \/>\n<h3>S\u00e9rie<\/h3>\n<p><img loading=\"lazy\" decoding=\"async\" class=\"wp-image-1936 aligncenter\" src=\"https:\/\/nalua.in\/notas\/wp-content\/uploads\/2024\/03\/tales-by-light.jpeg\" alt=\"\" width=\"300\" height=\"427\" srcset=\"https:\/\/nalua.in\/notas\/wp-content\/uploads\/2024\/03\/tales-by-light.jpeg 592w, https:\/\/nalua.in\/notas\/wp-content\/uploads\/2024\/03\/tales-by-light-211x300.jpeg 211w, https:\/\/nalua.in\/notas\/wp-content\/uploads\/2024\/03\/tales-by-light-150x213.jpeg 150w\" sizes=\"auto, (max-width: 300px) 100vw, 300px\" \/><\/p>\n<\/div>\n<p style=\"text-align: justify;\"><strong>Tales by Light &#8211; Abraham Joffe &#8211; 2015. <em>Esta s\u00e9rie est\u00e1 aqui pra continuar a tradi\u00e7\u00e3o de falar de coisas que eu ainda n\u00e3o vi. Mas tem tudo a ver com o tema, que me interessa muito, j\u00e1 foi pro caderninho de coisas para assistir. Parece ser uma s\u00e9rie muito bonita. Se algu\u00e9m j\u00e1 viu, por favor, me conte nos coment\u00e1rios. Est\u00e1 aqui porque fala exatamente dos que vivem para capturar o instante.<\/em><\/strong><\/p>\n<hr \/>\n<p style=\"text-align: justify;\">A s\u00e9rie &#8220;Tales by Light&#8221; \u00e9 uma produ\u00e7\u00e3o da Netflix que combina fotografia deslumbrante com hist\u00f3rias inspiradoras de pessoas ao redor do mundo. A s\u00e9rie segue fot\u00f3grafos renomados em suas jornadas para capturar momentos \u00fanicos e revelar a beleza e a diversidade do planeta. Cada epis\u00f3dio de &#8220;Tales by Light&#8221; apresenta um fot\u00f3grafo diferente, mostrando seu trabalho e sua paix\u00e3o pela arte da fotografia. A s\u00e9rie explora n\u00e3o apenas as t\u00e9cnicas e os desafios enfrentados pelos fot\u00f3grafos, mas tamb\u00e9m as hist\u00f3rias por tr\u00e1s das imagens que capturam. Desde retratos de tribos ind\u00edgenas at\u00e9 imagens deslumbrantes da vida selvagem, &#8220;Tales by Light&#8221; oferece uma vis\u00e3o fascinante do mundo atrav\u00e9s dos olhos dos fot\u00f3grafos. Al\u00e9m de destacar o trabalho dos fot\u00f3grafos, a s\u00e9rie tamb\u00e9m aborda quest\u00f5es importantes, como conserva\u00e7\u00e3o ambiental, preserva\u00e7\u00e3o cultural e justi\u00e7a social. Ao mostrar a beleza da natureza e da diversidade humana, &#8220;Tales by Light&#8221; convida os espectadores a refletir sobre o impacto de suas pr\u00f3prias a\u00e7\u00f5es no mundo. &#8220;Tales by Light&#8221; vai al\u00e9m de simplesmente exibir belas imagens. A s\u00e9rie convida o p\u00fablico a se conectar com as pessoas e os lugares retratados, despertando uma maior compreens\u00e3o e empatia em rela\u00e7\u00e3o ao mundo ao nosso redor. Atrav\u00e9s das lentes dos fot\u00f3grafos, &#8220;Tales by Light&#8221; oferece uma experi\u00eancia visual e emocional \u00fanica nesta s\u00e9rie que \u00e9 muito mais do que uma s\u00e9rie sobre fotografia. \u00c9 uma celebra\u00e7\u00e3o da beleza e da diversidade, bem como um lembrete do poder das imagens para inspirar mudan\u00e7as e promover a compreens\u00e3o entre as pessoas.<\/p>\n<hr \/>\n<h3 style=\"text-align: center;\"><a href=\"https:\/\/open.spotify.com\/playlist\/1LKT7Fzxh5blUnE3sPD8XM?si=f6e70941744f4c07\" target=\"_blank\" rel=\"noopener\">\u266b Playlist<\/a><\/h3>\n<p style=\"text-align: center;\"><em>Sobre o Tempo \u2013 Pato Fu<\/em><br \/>\n<em>Tempo Rei \u2013 Gilberto Gil<\/em><br \/>\n<em>Ora\u00e7\u00e3o ao Tempo \u2013 Caetano Veloso<\/em><br \/>\n<em>Resposta ao Tempo \u2013 Nana Caymmi<\/em><br \/>\n<em>Tempos modernos \u2013 Lulu Santos<\/em><br \/>\n<em>Tempo Perdido \u2013 Legi\u00e3o Urbana<\/em><br \/>\n<em>E a\u00ed tempo \u2013 Chit\u00e3ozinho e Xoror\u00f3<\/em><br \/>\n<em>Time After Time \u2013 Cyndi Lauper<\/em><br \/>\n<em> Retrato em Branco e Preto \u2013 Elis Regina e Tom Jobim <\/em><br \/>\n<em>Time \u2013 Pink Floyd<\/em><br \/>\n<em>\u00c9 preciso saber viver \u2013 Roberto Carlos<\/em><br \/>\n<em>Good Riddance (Time Of Your Life) \u2013 Green Day<\/em><br \/>\n<em>Cotidiano \u2013 Chico Buarque<\/em><br \/>\n<em>Time in a Bottle \u2013 Jim Croce<\/em><br \/>\n<em>Tempo S\u00f3 \u2013 Gilberto Gil<\/em><br \/>\n<em>Bill Medley, Jennifer Warnes &#8211; The Time Of My Life<\/em><br \/>\n<em>I Can See Clearly Now \u2013 Johnny Nash<\/em><\/p>\n<hr \/>\n<p><img loading=\"lazy\" decoding=\"async\" class=\"wp-image-1939 aligncenter\" src=\"https:\/\/nalua.in\/notas\/wp-content\/uploads\/2024\/03\/doutortempo.png\" alt=\"\" width=\"502\" height=\"423\" srcset=\"https:\/\/nalua.in\/notas\/wp-content\/uploads\/2024\/03\/doutortempo.png 720w, https:\/\/nalua.in\/notas\/wp-content\/uploads\/2024\/03\/doutortempo-300x253.png 300w, https:\/\/nalua.in\/notas\/wp-content\/uploads\/2024\/03\/doutortempo-150x126.png 150w\" sizes=\"auto, (max-width: 502px) 100vw, 502px\" \/><\/p>\n<div id=\"post-wrapper\" class=\"post-wrapper\">\n<article id=\"post-823\" class=\"post-823 post type-post status-publish format-standard hentry category-almanaque category-carta-semanal category-jardim category-newsletter category-oraculo\">\n<div class=\"entry-content\">\n<table style=\"width: 100%; border-collapse: collapse; background-color: #d4faf7;\">\n<tbody>\n<tr>\n<td style=\"width: 100%;\">\n<p style=\"text-align: center;\"><em>Quero ainda ver<\/em><br \/>\n<em>nas flores no amanhecer<\/em><br \/>\n<em>a face de um deus.<\/em><\/p>\n<p style=\"text-align: center;\"><strong>Bash\u00f4<\/strong><\/p>\n<\/td>\n<\/tr>\n<\/tbody>\n<\/table>\n<p style=\"text-align: center;\"><span style=\"font-size: 10pt;\">Post com a colabora\u00e7\u00e3o de <a href=\"http:\/\/instagram.com\/laismeralda\" target=\"_blank\" rel=\"noopener\">@laismeralda, que \u00e9 a<em>\u00a0melhor cartomante do peda\u00e7o, marque sua consulta com ela.<\/em><\/a><\/span><\/p>\n<div id=\"post-wrapper\" class=\"post-wrapper\">\n<article id=\"post-815\" class=\"post-815 post type-post status-publish format-standard hentry category-almanaque category-carta-semanal category-jardim category-newsletter category-oraculo\">\n<div class=\"entry-content\">\n<div class=\"absolute bottom-0 left-0 w-full border-t md:border-t-0 dark:border-white\/20 md:border-transparent md:dark:border-transparent md:bg-vert-light-gradient bg-white dark:bg-gray-800 md:!bg-transparent dark:md:bg-vert-dark-gradient pt-2 md:pl-2 md:w-[calc(100%-.5rem)]\">\n<form class=\"stretch mx-2 flex flex-row gap-3 last:mb-2 md:mx-4 md:last:mb-6 lg:mx-auto lg:max-w-2xl xl:max-w-3xl\" enctype=\"application\/x-www-form-urlencoded\" method=\"get\">\n<div class=\"relative flex h-full flex-1 items-stretch md:flex-col\">\n<hr \/>\n<p style=\"text-align: justify;\"><em>Se voc\u00ea leu at\u00e9 aqui, obrigada! Esse \u00e9 o meu almanaque particular. Um peda\u00e7o do meu di\u00e1rio, da minha arca da velha, um registro de pequenas efem\u00e9rides, de coisas que quero guardar, do tempo, do vento, do c\u00e9u e do cheiro da chuva. Os Vest\u00edgios do Dia, meus dias. Aqui s\u00f3 tem refer\u00eancias, pois \u00e9 disso que sou feita.<\/em><\/p>\n<table style=\"width: 100%; border-collapse: collapse; background-color: #fccfcf;\">\n<tbody>\n<tr>\n<td style=\"width: 99.9389%; text-align: center;\">\u00a9 Nalua \u2013 Caderninho pessoal, bauzinho de trapos coloridos, nos morros de Minas Gerais. Fim do Ver\u00e3o, aleluia!<\/td>\n<\/tr>\n<\/tbody>\n<\/table>\n<\/div>\n<\/form>\n<\/div>\n<p style=\"text-align: center;\"><span style=\"font-size: 8pt;\">Esta \u00e9 a 42\u00aa de 78 p\u00e1ginas que ter\u00e1 este almanaque.<\/span><\/p>\n<\/div>\n<\/article>\n<\/div>\n<\/div>\n<\/article>\n<\/div>\n<\/div>\n","protected":false},"excerpt":{"rendered":"<p>mas s\u00f3 trouxe mais frio Belo Horizonte 17 de mar\u00e7o de 2024 Previs\u00e3o do tempo: ele est\u00e1 passando \ud83c\udf24\ufe0f22\u00b0 &#8211; 33\u00b0 \ud83e\udd75 17 de mar\u00e7o [&#8230;]<\/p>\n","protected":false},"author":1,"featured_media":0,"comment_status":"open","ping_status":"open","sticky":false,"template":"","format":"standard","meta":{"footnotes":""},"categories":[9],"tags":[],"class_list":["post-1918","post","type-post","status-publish","format-standard","hentry","category-almanaque"],"_links":{"self":[{"href":"https:\/\/nalua.in\/notas\/wp-json\/wp\/v2\/posts\/1918","targetHints":{"allow":["GET"]}}],"collection":[{"href":"https:\/\/nalua.in\/notas\/wp-json\/wp\/v2\/posts"}],"about":[{"href":"https:\/\/nalua.in\/notas\/wp-json\/wp\/v2\/types\/post"}],"author":[{"embeddable":true,"href":"https:\/\/nalua.in\/notas\/wp-json\/wp\/v2\/users\/1"}],"replies":[{"embeddable":true,"href":"https:\/\/nalua.in\/notas\/wp-json\/wp\/v2\/comments?post=1918"}],"version-history":[{"count":22,"href":"https:\/\/nalua.in\/notas\/wp-json\/wp\/v2\/posts\/1918\/revisions"}],"predecessor-version":[{"id":1951,"href":"https:\/\/nalua.in\/notas\/wp-json\/wp\/v2\/posts\/1918\/revisions\/1951"}],"wp:attachment":[{"href":"https:\/\/nalua.in\/notas\/wp-json\/wp\/v2\/media?parent=1918"}],"wp:term":[{"taxonomy":"category","embeddable":true,"href":"https:\/\/nalua.in\/notas\/wp-json\/wp\/v2\/categories?post=1918"},{"taxonomy":"post_tag","embeddable":true,"href":"https:\/\/nalua.in\/notas\/wp-json\/wp\/v2\/tags?post=1918"}],"curies":[{"name":"wp","href":"https:\/\/api.w.org\/{rel}","templated":true}]}}