{"id":1829,"date":"2024-02-03T22:59:59","date_gmt":"2024-02-03T22:59:59","guid":{"rendered":"https:\/\/nalua.in\/notas\/?p=1829"},"modified":"2024-02-04T00:37:44","modified_gmt":"2024-02-04T00:37:44","slug":"uma-sala-que-esta-vazia","status":"publish","type":"post","link":"https:\/\/nalua.in\/notas\/uma-sala-que-esta-vazia\/","title":{"rendered":""},"content":{"rendered":"<p style=\"text-align: center;\"><a href=\"https:\/\/telegra.ph\/Amigos-Meus-02-03\" target=\"_blank\" rel=\"noopener\"><span style=\"font-size: 8pt;\">uma sala que est\u00e1 vazia<\/span><\/a><br \/>\n<em>Aviso: post gigante.<\/em><br \/>\n<img decoding=\"async\" class=\"aligncenter\" src=\"https:\/\/nalua.in\/notas\/wp-content\/uploads\/2023\/11\/logo.jpg\" alt=\"\" \/><\/p>\n<p style=\"text-align: center;\"><strong>Belo Horizonte, 04 de fevereiro de 2024<\/strong><\/p>\n<p style=\"text-align: center;\"><strong>\ud83c\udf2920\u00ba &#8211; 30\u00b0\u00a0<\/strong><\/p>\n<hr \/>\n<p style=\"text-align: justify;\"><strong>04 de fevereiro \u00e9 o dia Mundial de Combate ao C\u00e2ncer. \u00c9 Dia Internacional da Fraternidade Humana<\/strong>. No ano de <strong>1703<\/strong>, em Em Edo (atual T\u00f3quio), <span style=\"text-decoration: underline;\">46 dos quarenta e sete <em>r\u014dnin<\/em><\/span> cometeram <em>seppuku<\/em> para vingar a morte de seu mestre. Em <strong>2003<\/strong> a <span style=\"text-decoration: underline;\">Iugosl\u00e1via<\/span> deixou de existir e virou oficialmente S\u00e9rvia e Montenegro. Em <strong>2004<\/strong> o <span style=\"text-decoration: underline;\">Facebook<\/span> foi fundado por voc\u00eas-sabem-quem. Em <strong>1799<\/strong> nasceu <span style=\"text-decoration: underline;\">Almeida Garrett,<\/span> que escreveu um dos versos mais bonitos da l\u00edngua portuguesa. Em <strong>1913<\/strong> veio a super corajosa <span style=\"text-decoration: underline;\">Rosa Parks<\/span>. Em <strong>1956<\/strong> nasce um dos melhores brasileiros, <span style=\"text-decoration: underline;\">Zeca Pagodinho<\/span>. Em <strong>1968<\/strong> chegou <span style=\"text-decoration: underline;\">Neal Cassady<\/span>. Em <strong>1983<\/strong> o mundo ficou menos mel\u00f3dico com a partida de <span style=\"text-decoration: underline;\">Karen Carpenter<\/span>. Em <strong>1995<\/strong> se foi <span style=\"text-decoration: underline;\">Patricia Highsmith<\/span> deixando o mundo menos misterioso. E para o Brasil, em <strong>2004<\/strong> a partida de <strong>Hilda Hilst<\/strong> foi uma perda terr\u00edvel, irrepar\u00e1vel.<\/p>\n<hr \/>\n<p style=\"text-align: center;\"><strong>Soneto do amigo\u00a0<\/strong><\/p>\n<p style=\"text-align: center;\"><em>Enfim, depois de tanto erro passado<\/em><br \/>\n<em>Tantas retalia\u00e7\u00f5es, tanto perigo<\/em><br \/>\n<em>Eis que ressurge noutro o velho amigo<\/em><br \/>\n<em>Nunca perdido, sempre reencontrado.<\/em><\/p>\n<p style=\"text-align: center;\"><em>\u00c9 bom sent\u00e1-lo novamente ao lado<\/em><br \/>\n<em>Com olhos que cont\u00eam o olhar antigo<\/em><br \/>\n<em>Sempre comigo um pouco atribulado<\/em><br \/>\n<em>E como sempre singular comigo.<\/em><\/p>\n<p style=\"text-align: center;\"><em>Um bicho igual a mim, simples e humano<\/em><br \/>\n<em>Sabendo se mover e comover<\/em><br \/>\n<em>E a disfar\u00e7ar com o meu pr\u00f3prio engano.<\/em><\/p>\n<p style=\"text-align: center;\"><em>O amigo: um ser que a vida n\u00e3o explica<\/em><br \/>\n<em>Que s\u00f3 se vai ao ver outro nascer<\/em><br \/>\n<em>E o espelho de minha alma multiplica\u2026<\/em><\/p>\n<p style=\"text-align: center;\"><span class=\"fe5nidar khvhiq1o r5qsrrlp i5tg98hk f9ovudaz przvwfww gx1rr48f gfz4du6o r7fjleex nz2484kf svot0ezm dcnh1tix sxl192xd t3g6t33p\"><span class=\"mpj7bzys xzlurrtv\">\u2764\ufe0f<\/span><\/span><\/p>\n<p style=\"text-align: center;\"><strong>Vinicius de Moraes<\/strong><\/p>\n<hr \/>\n<h2>H\u00e1 exatos 40 anos, Al Berto escrevia em seu di\u00e1rio a seguinte entrada:<\/h2>\n<p style=\"text-align: left;\"><strong>4 fev. 1984 \/ s\u00e1bado<\/strong><\/p>\n<p style=\"text-align: right;\"><strong>ressano garc\u00eda \/ Lisboa<\/strong><\/p>\n<p style=\"text-align: justify;\"><em>Algu\u00e9m, um desconhecido vir\u00e1 ao meu encontro na rua, um dia, e dir\u00e1: Conhe\u00e7o-te, sou a tua imagem abandonada, uma noite, dentro do espelho ao fundo dum sonho&#8230;<\/em><br \/>\n<em>Eu ficarei a olhar-me no seu rosto igual ao meu, sem saber por onde fugir-me.<\/em><\/p>\n<p style=\"text-align: justify;\"><em>Fui \u00e0 Sociedade N. de Belas Artes, e no caminho ocorreu-me o que acima registo. Na Sociedade vi a Exposi\u00e7\u00e3o de 25 jovens Pintores Alem\u00e3es. Experi\u00eancias espantosas de alguns deles. Retenho, no entanto, as pinturas de Eva-Maria Sch\u00f5n, Galli, Fetting, Lisa Hoeven, Renate Anger, s\u00e3o talvez os que mais gostei.<\/em><br \/>\n<em>Voltei a casa, cansad\u00edssimo, dormi algumas horas, come\u00e7aram a chegar pessoas amigas e fam\u00edlia para o jantar dos anos da m\u00e3e. Eu fechei-me no quarto at\u00e9 \u00e0 hora do jantar, faz-me imensa confus\u00e3o o barulho que fazem.<\/em><\/p>\n<p style=\"text-align: right;\"><strong>Al Berto &#8211; Di\u00e1rios &#8211; Ed. Ass\u00edrio &amp; Alvim<\/strong><\/p>\n<hr \/>\n<p><img loading=\"lazy\" decoding=\"async\" class=\"size-full wp-image-1831 aligncenter\" src=\"https:\/\/nalua.in\/notas\/wp-content\/uploads\/2024\/02\/unnamed.jpg\" alt=\"\" width=\"512\" height=\"356\" srcset=\"https:\/\/nalua.in\/notas\/wp-content\/uploads\/2024\/02\/unnamed.jpg 512w, https:\/\/nalua.in\/notas\/wp-content\/uploads\/2024\/02\/unnamed-300x209.jpg 300w, https:\/\/nalua.in\/notas\/wp-content\/uploads\/2024\/02\/unnamed-150x104.jpg 150w\" sizes=\"auto, (max-width: 512px) 100vw, 512px\" \/><\/p>\n<p>&nbsp;<\/p>\n<table style=\"width: 100%; border-collapse: collapse; background-color: #f5eed3;\">\n<tbody>\n<tr>\n<td style=\"width: 100%; text-align: center;\"><em><strong>&#8220;Assim como o ferro afia o ferro, o homem afia o seu companheiro.&#8221;<\/strong><\/em><br \/>\n&#8211; Prov\u00e9rbios 27:17<\/td>\n<\/tr>\n<\/tbody>\n<\/table>\n<h2 style=\"text-align: center;\"><em>O philoi oudeis philos<\/em><\/h2>\n<p><img loading=\"lazy\" decoding=\"async\" class=\"wp-image-1833 aligncenter\" src=\"https:\/\/nalua.in\/notas\/wp-content\/uploads\/2024\/02\/tresdecopas3.jpg\" alt=\"\" width=\"351\" height=\"573\" srcset=\"https:\/\/nalua.in\/notas\/wp-content\/uploads\/2024\/02\/tresdecopas3.jpg 960w, https:\/\/nalua.in\/notas\/wp-content\/uploads\/2024\/02\/tresdecopas3-184x300.jpg 184w, https:\/\/nalua.in\/notas\/wp-content\/uploads\/2024\/02\/tresdecopas3-627x1024.jpg 627w, https:\/\/nalua.in\/notas\/wp-content\/uploads\/2024\/02\/tresdecopas3-768x1254.jpg 768w, https:\/\/nalua.in\/notas\/wp-content\/uploads\/2024\/02\/tresdecopas3-940x1536.jpg 940w, https:\/\/nalua.in\/notas\/wp-content\/uploads\/2024\/02\/tresdecopas3-150x245.jpg 150w\" sizes=\"auto, (max-width: 351px) 100vw, 351px\" \/><\/p>\n<p>&nbsp;<\/p>\n<blockquote>\n<p style=\"text-align: justify;\"><em>O inferno dos vivos n\u00e3o \u00e9 algo que ser\u00e1; se existe, \u00e9 aquele que j\u00e1 est\u00e1 aqui, o inferno no qual vivemos todos os dias, que formamos estando juntos. Existem duas maneiras de n\u00e3o sofrer. A primeira \u00e9 f\u00e1cil para a maioria das pessoas: aceitar o inferno e tornar-se parte deste at\u00e9 o ponto de deixar de perceb\u00ea-lo. A segunda \u00e9 arriscada e exige aten\u00e7\u00e3o e aprendizagem cont\u00ednuas: tentar saber reconhecer quem e o que, no meio do inferno, n\u00e3o \u00e9 inferno, e preserv\u00e1-lo, e abrir espa\u00e7o.\u00a0<\/em><\/p>\n<p style=\"text-align: center;\">\u00cdtalo Calvino &#8211; As Cidades Invis\u00edveis<\/p>\n<\/blockquote>\n<p style=\"text-align: justify;\">Estamos de volta, depois da parada de janeiro, porque eu estava de f\u00e9rias.\u00a0<strong>Feliz Ano Novo<\/strong>. Sei que o ano j\u00e1 come\u00e7ou e o sol j\u00e1 vai alto, mas por aqui <strong>agora \u00e9 que o Ano vai come\u00e7ar<\/strong> de verdade, com seus <strong>entraves, problemas, picuinhas e alegrias<\/strong>.<\/p>\n<p style=\"text-align: justify;\">Eu n\u00e3o escrevi sobre a carta de <strong>Ano Novo<\/strong>, e \u00e9 dela que vamos falar. A carta que vai reger o Ano. Eu devia ter tido tempo pra falar dela, mas n\u00e3o foi poss\u00edvel no dia. Mas a energia de toda forma s\u00f3 valeria quando o ano da oraculista come\u00e7asse, <strong>e isso \u00e9 hoje <span class=\"fe5nidar khvhiq1o r5qsrrlp i5tg98hk f9ovudaz przvwfww gx1rr48f gfz4du6o r7fjleex nz2484kf svot0ezm dcnh1tix sxl192xd t3g6t33p\"><span class=\"mpj7bzys xzlurrtv\">\ud83d\ude01<\/span><\/span><\/strong>. <strong>\u00c9 sempre hoje, n\u00e3o se esque\u00e7am.<\/strong><\/p>\n<p style=\"text-align: justify;\">Falamos sobre o 3 de Copas, uma carta <strong>linda<\/strong>, <strong>auspiciosa<\/strong>, <strong>alegre, cheia de promessas de<\/strong> <strong>divers\u00e3o<\/strong>, de <strong>momentos de alegria e celebra\u00e7\u00e3o<\/strong>. \u00c9 a carta que melhor representa a <strong>amizade<\/strong>, \u00e9 a <strong>Carta da Amizade.<\/strong><\/p>\n<p style=\"text-align: justify;\">Os amigos, segundo a frase super conhecida e extremamente usada, <em>s\u00e3o a fam\u00edlia que escolhemos<\/em>. <strong>Isso \u00e9 e n\u00e3o \u00e9 muito preciso<\/strong>. <strong>\u00c0s vezes temos amigos que n\u00e3o escolhemos<\/strong>, que aparecem em nossa vida. E temos tamb\u00e9m amigos que j\u00e1 nem s\u00e3o mais amigos, s\u00e3o familiares. <em>Um velho amigo \u00e9 um parente<\/em>, diz outro prov\u00e9rbio. E \u00e9 isso mesmo. Tamb\u00e9m temos amigos que nem mais podemos colocar para fora da nossa vida, tamanho espa\u00e7o que conquistaram ou for\u00e7aram o direito de ocupar. <strong>Para o bem e para o mal<\/strong>. Como tudo na vida, <strong>amizade tamb\u00e9m n\u00e3o \u00e9 algo simples nem monocrom\u00e1tico<\/strong>. Mas <strong>quem ser\u00edamos sem amigos<\/strong>.<\/p>\n<p style=\"text-align: justify;\">De todo modo, o 3 de Copas nos fala da amizade que \u00e9 feliz, que comemora, e fala tamb\u00e9m de <strong>celebra\u00e7\u00e3o<\/strong>. Perfeita para o Ano Novo, o celebrar. E t\u00e3o <strong>j\u00e1 tarde no ano<\/strong>, ela nos fala sobre o valor da amizade, sobre aquilo tudo que pensamos <strong>quando lembramos dos amigos<\/strong>. Amigos s\u00e3o, ou deveriam ser, <strong>descanso<\/strong>. <strong>O\u00e1sis, \u00e1gua no deserto<\/strong>. Ter amigos \u00e9 ser visto, notado, <strong>\u00e9 existir em maior plenitude<\/strong>. <em>O melhor espelho \u00e9 um velho amigo<\/em>. E se como disse Lacan toda demanda \u00e9 por reconhecimento, <strong>os amigos nos tornam reconhec\u00edveis e reconhecidos<\/strong>.<\/p>\n<p style=\"text-align: justify;\">Hoje se fala muito em uma pesquisa famosa de Harvard, a mais longa pesquisa sobre a qualidade de vida humana, que concluiu que <strong>o essencial para a longevidade e qualidade de vida s\u00e3o as rela\u00e7\u00f5es que cultivamos, s\u00e3o as amizades que temos<\/strong>. <strong>O efeito protetor dos amigos passa a ser validado pela ci\u00eancia.<\/strong> Como se fosse necess\u00e1rio. Eu tenho sorte demais com meus amigos, <em>n\u00e3o desejo mal a quase nenhum<\/em>. <strong>Esse ano \u00e9 para voc\u00eas, esse post tamb\u00e9m<\/strong>.<\/p>\n<p style=\"text-align: justify;\">Viver s\u00f3 \u00e9 poss\u00edvel with <em>a little help from my friends.\u00a0<\/em>A amizade \u00e9 um estado onde somos definitivamente iguais em ess\u00eancia, \u00e9 um acontecimento na vida humana que nos coloca frente a algu\u00e9m em absoluta condi\u00e7\u00e3o de igualdade, \u00e9 idealmente um estar perante um igual.<\/p>\n<blockquote>\n<p style=\"text-align: justify;\"><em>Uma condi\u00e7\u00e3o da amizade \u00e9 a abdica\u00e7\u00e3o do poder sobre o outro, na verdade, a abdica\u00e7\u00e3o at\u00e9 mesmo do desejo de poder um sobre o outro. E somos atra\u00eddos para isso n\u00e3o por necessidade, mas por escolha. Se o amor tem a ver com a felicidade da falta de liberdade primordial, a amizade tem a ver com o complicado gozo da autonomia humana. Assim que um amigo tenta controlar outro amigo, a amizade deixa de existir. Mas at\u00e9 que um amante procure possuir a sua amada, o amor mal come\u00e7ou. Enquanto o amor consiste no malabarismo com o poder de ferir, a amizade consiste em criar um espa\u00e7o onde o poder deixa de existir. H\u00e1 um custo nisso, \u00e9 claro. Os amigos nunca proporcionar\u00e3o o que os amantes proporcionam: o melhor recurso, aquele espa\u00e7o seguro de repouso, aquele relaxamento dos len\u00e7\u00f3is. Mas eles fornecem algo mais confi\u00e1vel e certamente menos doloroso. Eles proporcionam um reconhecimento n\u00e3o da crian\u00e7a interior, mas do adulto exterior; permitem uma honestidade que n\u00e3o amea\u00e7a a dor e a cr\u00edtica que n\u00e3o implica rejei\u00e7\u00e3o. Eles prometem n\u00e3o a felicidade do \u00fatero, mas a revigorante aventura do mundo. Eles n\u00e3o resolvem a solid\u00e3o, mas a atenuam.\u00a0 <\/em>Andrew Sullivan<\/p>\n<\/blockquote>\n<p style=\"text-align: center;\">\u2663\ufe0f<\/p>\n<p style=\"text-align: justify;\">Para Giorgio Agambem, falando sobre a amizade na filosofia de Arist\u00f3teles, <strong>a amizade \u00e9 compartilhar com algu\u00e9m a pr\u00f3pria sensa\u00e7\u00e3o de existir.<\/strong> <strong>Eu acho que \u00e9 como se pud\u00e9ssemos existir <em>mais<\/em> na presen\u00e7a de um amigo<\/strong>.<\/p>\n<p style=\"text-align: justify;\">Por isso tantos poetas, pensadores, artistas falam da <strong>amizade como um espa\u00e7o onde o ser se reconhece, se olha e pode acreditar que existe, que sente existir, amizade \u00e9 com-sentir<\/strong>. Em tempos t\u00e3o incertos (todo tempo atual \u00e9 incerto para os seus contempor\u00e2neos, mas s\u00f3 estamos neste tempo, relevem), a presen\u00e7a do amigo, dos amigos nos faz mais substanciados, \u00e9 como se nossa efemeridade fosse suspensa por um instante, \u00e9 como se nossa transpar\u00eancia para o mundo se tornasse um pouco opaca e come\u00e7\u00e1ssemos a existir.<\/p>\n<p style=\"text-align: justify;\">Amizade \u00e9 tamb\u00e9m isso, <strong>ter nossa exist\u00eancia validada<\/strong>, \u00e9 compartilhar o mundo e atrav\u00e9s do compartilhamento perceber mais claramente que se est\u00e1 vivo. Uma pessoa sozinha na floresta, como a \u00e1rvore n\u00e3o vista, ainda existe?<\/p>\n<p style=\"text-align: justify;\">E do lado da celebra\u00e7\u00e3o, esse ano vamos esperar que aconte\u00e7am muitas oportunidades e motivos para estarmos junto dos amigos comemorando a vida, <strong>a exist\u00eancia mais poss\u00edvel por causa dos amigos.<\/strong><\/p>\n<p style=\"text-align: justify;\">A amizade rende, rendeu e renderia tratados para v\u00e1rias vidas. Mas o ano j\u00e1 vai alto e eu ainda n\u00e3o descansei do fim do ano e das f\u00e9rias que me trouxeram o cansa\u00e7o doce do encontro com amigos queridos. Vou ficando por aqui, mesmo n\u00e3o vendo <em>a hora de te encontrar e continuar aquela conversa que n\u00e3o terminamos ontem&#8230;<\/em><\/p>\n<p style=\"text-align: justify;\"><strong>Feliz 2024, ainda que tardio<\/strong><\/p>\n<table style=\"width: 100%; border-collapse: collapse; background-color: #f7dfef;\">\n<tbody>\n<tr>\n<td style=\"width: 100%;\"><img loading=\"lazy\" decoding=\"async\" class=\"wp-image-1835 aligncenter\" src=\"https:\/\/nalua.in\/notas\/wp-content\/uploads\/2024\/02\/tresdecopas01.jpg\" alt=\"\" width=\"350\" height=\"615\" srcset=\"https:\/\/nalua.in\/notas\/wp-content\/uploads\/2024\/02\/tresdecopas01.jpg 1050w, https:\/\/nalua.in\/notas\/wp-content\/uploads\/2024\/02\/tresdecopas01-171x300.jpg 171w, https:\/\/nalua.in\/notas\/wp-content\/uploads\/2024\/02\/tresdecopas01-582x1024.jpg 582w, https:\/\/nalua.in\/notas\/wp-content\/uploads\/2024\/02\/tresdecopas01-768x1350.jpg 768w, https:\/\/nalua.in\/notas\/wp-content\/uploads\/2024\/02\/tresdecopas01-874x1536.jpg 874w, https:\/\/nalua.in\/notas\/wp-content\/uploads\/2024\/02\/tresdecopas01-150x264.jpg 150w\" sizes=\"auto, (max-width: 350px) 100vw, 350px\" \/><\/p>\n<p style=\"text-align: justify;\"><span style=\"font-family: inherit; font-size: inherit;\">A carta de tar\u00f4 3 de copas \u00e9 uma carta que representa a celebra\u00e7\u00e3o, a alegria e a harmonia. Est\u00e1 associada a momentos de festividade, comemora\u00e7\u00e3o e conex\u00e3o com os outros. Quando\u00a0 aparece em uma leitura geralmente indica que \u00e9 hora de celebrar as conquistas e os relacionamentos positivos em sua vida. <\/span><span style=\"font-family: inherit; font-size: inherit;\">No contexto amoroso, o 3 de copas pode sugerir que \u00e9 hora de celebrar o amor e a conex\u00e3o com o seu parceiro. Pode indicar que \u00e9 hora de sair e se divertir juntos, fortalecendo os la\u00e7os afetivos e criando mem\u00f3rias felizes. Se voc\u00ea est\u00e1 solteiro, esta carta pode sugerir que \u00e9 um bom momento para sair e conhecer novas pessoas. <\/span><span style=\"text-align: justify; font-family: inherit; font-size: inherit;\">No aspecto financeiro, o 3 de copas pode indicar que \u00e9 hora de comemorar as conquistas financeiras. Pode ser um momento de colher os frutos do seu trabalho \u00e1rduo e celebrar o sucesso. Esta carta tamb\u00e9m pode sugerir que \u00e9 um bom momento para investir em parcerias e colabora\u00e7\u00f5es, aproveitando a energia de coopera\u00e7\u00e3o e harmonia. No campo da sa\u00fade, o 3 de copas pode indicar que \u00e9 hora de cuidar do seu bem-estar emocional e f\u00edsico. Pode sugerir que \u00e9 um bom momento para se conectar com amigos e familiares, buscando apoio e compartilhando momentos felizes juntos. Esta carta tamb\u00e9m pode indicar que \u00e9 importante encontrar um equil\u00edbrio entre o trabalho e o lazer, buscando momentos de divers\u00e3o e relaxamento. Em termos espirituais, o 3 de copas pode sugerir que \u00e9 hora de se conectar com a sua comunidade espiritual e buscar apoio nos outros. Pode ser um momento de celebra\u00e7\u00e3o das suas cren\u00e7as e valores, encontrando inspira\u00e7\u00e3o na conex\u00e3o com os outros. O 3 de copas nos lembra da import\u00e2ncia de celebrar as coisas boas da vida, fortalecer os relacionamentos positivos e buscar momentos de alegria e divers\u00e3o.\u00a0<\/span><\/p>\n<\/td>\n<\/tr>\n<\/tbody>\n<\/table>\n<h2 style=\"text-align: center;\">Um texto para nunca mais n\u00e3o existir<\/h2>\n<p style=\"text-align: center;\">A AMIZADE<\/p>\n<p style=\"text-align: justify;\"><em>\u00e9 um espelho da presen\u00e7a e um testemunho do perd\u00e3o. A amizade n\u00e3o s\u00f3 nos ajuda a nos enxergarmos atrav\u00e9s dos olhos do outro, como tamb\u00e9m s\u00f3 pode ser mantida ao longo dos anos com algu\u00e9m que tenha perdoado repetidamente as nossas ofensas, e por outro lado devemos encontrar em n\u00f3s mesmos a capacidade de perdoar a este algu\u00e9m.<\/em><br \/>\n<em>Um amigo conhece as nossas dificuldades e as nossas sombras, e permanece \u00e0 vista, \u00e9 um companheiro mais das nossas vulnerabilidades do que dos nossos triunfos, incluso quando temos a estranha ilus\u00e3o de que n\u00e3o precisamos dele.<\/em><br \/>\n<em>Aquilo que fica n\u00e3o expl\u00edcito sobre a amizade verdadeira \u00e9 uma b\u00ean\u00e7\u00e3o, exatamente porque a sua forma elementar \u00e9 redescoberta uma e outra vez atrav\u00e9s da compreens\u00e3o e da miseric\u00f3rdia.<\/em><br \/>\n<em>Todas as amizades de qualquer dura\u00e7\u00e3o se baseiam no perd\u00e3o m\u00fatuo e cont\u00ednuo. Sem toler\u00e2ncia e miseric\u00f3rdia, as amizades fenecem.<\/em><br \/>\n<em>Com o passar do tempo, uma amizade \u00edntima revelar\u00e1 sempre a sombra do outro, tanto quanto a nossa; para continuarmos amigos, devemos conhecer o outro e suas dificuldades, e mesmo seus pecados, e encorajar o melhor que h\u00e1 nele, n\u00e3o atrav\u00e9s da cr\u00edtica, mas dirigindo-nos \u00e0 sua melhor parte, \u00e0 parte criativa da sua exist\u00eancia, desencorajando sutilmente o que o torna mais pequeno, menos generoso, menos ele pr\u00f3prio.<\/em><br \/>\n<em>Atrav\u00e9s dos olhos de uma verdadeira amizade, um indiv\u00edduo \u00e9 maior do que as suas a\u00e7\u00f5es cotidianas, e atrav\u00e9s dos olhos do outro recebemos um sentido maior da nossa pr\u00f3pria personalidade, aquela a que podemos aspirar, aquela em quem eles t\u00eam mais f\u00e9. A amizade \u00e9 uma fronteira m\u00f3vel de compreens\u00e3o, n\u00e3o s\u00f3 do eu e do outro, mas tamb\u00e9m de um futuro poss\u00edvel e ainda n\u00e3o vivido.<\/em><br \/>\n<em>A amizade \u00e9 o grande transmutador oculto de todas as rela\u00e7\u00f5es: pode transformar um casamento conturbado, tornar honrosa uma rivalidade profissional, dar sentido ao desgosto e ao amor n\u00e3o correspondido e tornar-se o terreno rec\u00e9m-descoberto para uma rela\u00e7\u00e3o madura entre pais e filhos.<\/em><br \/>\n<em>[&#8230;] Atrav\u00e9s dos olhos de um amigo, aprendemos especialmente a permanecer pelo menos um pouco interessantes para os outros. Quando achatamos a nossa personalidade e perdemos a curiosidade pela vida do mundo ou do outro, a amizade perde o esp\u00edrito e a anima\u00e7\u00e3o.<\/em><br \/>\n<em>[&#8230;]Atrav\u00e9s das surpresas naturais de uma rela\u00e7\u00e3o mantida ao longo dos anos, reconhecemos os grandes ciclos de que fazemos parte e a fidelidade que nos leva a um sentido mais amplo de revela\u00e7\u00e3o, independente da rela\u00e7\u00e3o humana: aprender a ser amigo da terra e do c\u00e9u, do horizonte e das esta\u00e7\u00f5es, mesmo com os desaparecimentos do inverno, e nessa fidelidade percorrer o dif\u00edcil caminho de nos tornarmos bons amigos do nosso pr\u00f3prio ser.<\/em><br \/>\n<em>A amizade transcende o desaparecimento: uma amizade duradoura continua depois da morte, a troca apenas transmutada pela aus\u00eancia, a rela\u00e7\u00e3o avan\u00e7ando e amadurecendo de uma forma silenciosa de conversa\u00e7\u00e3o interna, mesmo depois de uma metade do la\u00e7o ter falecido.<\/em><br \/>\n<em>Mas independentemente das virtudes medicinais de ser um verdadeiro amigo ou de manter uma rela\u00e7\u00e3o longa e pr\u00f3xima com outra pessoa, a pedra de toque suprema da amizade n\u00e3o \u00e9 a melhoria, nem do outro nem de si pr\u00f3prio: a pedra de toque suprema \u00e9 o testemunho, o privil\u00e9gio de ter sido visto por algu\u00e9m e o privil\u00e9gio igual de lhe ser concedida a vis\u00e3o da ess\u00eancia do outro, de ter caminhado com ele e de ter acreditado nele e, por vezes, apenas de o ter acompanhado, por muito breve que seja, numa viagem imposs\u00edvel de realizar sozinho.<\/em><\/p>\n<p style=\"text-align: right;\"><strong>David Whyte<\/strong><\/p>\n<hr \/>\n<p><img loading=\"lazy\" decoding=\"async\" class=\"wp-image-1842 aligncenter\" src=\"https:\/\/nalua.in\/notas\/wp-content\/uploads\/2024\/02\/LINIERSAMIGO.jpg\" alt=\"\" width=\"400\" height=\"464\" srcset=\"https:\/\/nalua.in\/notas\/wp-content\/uploads\/2024\/02\/LINIERSAMIGO.jpg 592w, https:\/\/nalua.in\/notas\/wp-content\/uploads\/2024\/02\/LINIERSAMIGO-259x300.jpg 259w, https:\/\/nalua.in\/notas\/wp-content\/uploads\/2024\/02\/LINIERSAMIGO-150x174.jpg 150w\" sizes=\"auto, (max-width: 400px) 100vw, 400px\" \/><\/p>\n<table style=\"width: 100%; border-collapse: collapse; background-color: #edfac8; height: 163px;\">\n<tbody>\n<tr style=\"height: 163px;\">\n<td style=\"width: 100%; height: 163px;\">\n<h2 style=\"text-align: center;\">Estranho \u00e9 gostar tanto do seu All Star azul<\/h2>\n<p style=\"text-align: justify;\"><em>Existe tamb\u00e9m um mundo inteiro de obras sobre a amizade, foi muito dif\u00edcil escolher. Eu escolhi mais de uma obra de cada, mesmo sabendo que o texto ia ficar gigantesco, e que n\u00e3o estamos mais em tempos de tantas letras. Mas eu sou uma velha senhora que gosta de bastante palavrinhas e acho que quem vem aqui ler deve simpatizar com elas tamb\u00e9m, afinal, aqui tem sobra delas. Eu escolhi as que mais me tocaram. Ou melhor, eu escolhi aquelas das quais me lembrei n\u00e9, tudo \u00e9 recorte da mem\u00f3ria.<\/em><\/p>\n<\/td>\n<\/tr>\n<\/tbody>\n<\/table>\n<h3 style=\"text-align: center;\"><strong>Livros<\/strong><\/h3>\n<p><img loading=\"lazy\" decoding=\"async\" class=\"size-full wp-image-1836 aligncenter\" src=\"https:\/\/nalua.in\/notas\/wp-content\/uploads\/2024\/02\/tetralogia.jpg\" alt=\"\" width=\"350\" height=\"551\" srcset=\"https:\/\/nalua.in\/notas\/wp-content\/uploads\/2024\/02\/tetralogia.jpg 350w, https:\/\/nalua.in\/notas\/wp-content\/uploads\/2024\/02\/tetralogia-191x300.jpg 191w, https:\/\/nalua.in\/notas\/wp-content\/uploads\/2024\/02\/tetralogia-150x236.jpg 150w\" sizes=\"auto, (max-width: 350px) 100vw, 350px\" \/><\/p>\n<p style=\"text-align: justify;\"><strong>A Tetralogia Napolitana &#8211; Elena Ferrante. <em>Meu Deus, como eu gostei deste livro. (S\u00e3o quatro livros, na verdade, mas eu, assim como a autora, conto como um livro s\u00f3). Eu fiquei hipnotizada pela hist\u00f3ria das duas amigas Len\u00f9 e Lilla. Fiquei t\u00e3o louca pra ler a hist\u00f3ria toda que corri atr\u00e1s dos livros quando ainda nem tinham sa\u00eddo aqui no Brasil e li em e-book pirata. A escrita da Elena Ferrante \u00e9 hipn\u00f3tica, \u00e9 devastadora e linda. A hist\u00f3ria prende, a gente n\u00e3o para enquanto n\u00e3o termina tudo. E como conhece os perrengues femininos essa escritora, seja ela quem for. S\u00e3o quase mil (mais de mil?) p\u00e1ginas de muita coisa, de v\u00e1rios dramas humanos, mas em especial sobre a amizade entre duas mulheres incr\u00edveis. Incr\u00edveis como personagens, n\u00e3o necessariamente incr\u00edveis enquanto heroicas. \u00c9 um dos meus livros favoritos de toda vida, acho inesquec\u00edvel e j\u00e1 quero reler, s\u00f3 de pensar nele.<\/em><\/strong><\/p>\n<hr \/>\n<p style=\"text-align: justify;\">A Tetralogia Napolitana, escrita por Elena Ferrante, \u00e9 uma obra que cativa e emociona os leitores desde o seu lan\u00e7amento. Composta pelos livros &#8220;<strong>A Amiga Genial<\/strong>&#8220;, &#8220;<strong>Hist\u00f3ria do Novo Sobrenome<\/strong>&#8220;, &#8220;<strong>Hist\u00f3ria de Quem Foge e de Quem Fica<\/strong>&#8221; e &#8220;<strong>Hist\u00f3ria da Menina Perdida<\/strong>&#8220;, a s\u00e9rie narra a hist\u00f3ria de duas amigas, Elena e Lila, desde a inf\u00e2ncia at\u00e9 a vida adulta em N\u00e1poles, It\u00e1lia.\u00a0O estilo de escrita de Elena Ferrante \u00e9 marcado pela profundidade psicol\u00f3gica de suas personagens, pela riqueza de detalhes na descri\u00e7\u00e3o do cen\u00e1rio napolitano e pela forma como aborda temas como amizade, amor, ambi\u00e7\u00e3o e desigualdade social. A autora consegue criar uma narrativa envolvente que prende o leitor do in\u00edcio ao fim de cada livro.\u00a0Um dos pontos mais marcantes da tetralogia napolitana \u00e9 a maneira como Ferrante retrata a complexidade das rela\u00e7\u00f5es humanas, especialmente a amizade entre Elena e Lila. As duas amigas, t\u00e3o diferentes entre si, enfrentam desafios, conflitos e rivalidades ao longo de suas vidas, o que torna a hist\u00f3ria ainda mais real e palp\u00e1vel para o leitor.\u00a0Al\u00e9m disso, a autora tamb\u00e9m aborda quest\u00f5es sociais e pol\u00edticas que permeiam a vida das personagens, como a desigualdade de g\u00eanero, as dificuldades enfrentadas pela classe trabalhadora e as transforma\u00e7\u00f5es ocorridas na It\u00e1lia ao longo das d\u00e9cadas.<\/p>\n<hr \/>\n<p><img loading=\"lazy\" decoding=\"async\" class=\" wp-image-1837 aligncenter\" src=\"https:\/\/nalua.in\/notas\/wp-content\/uploads\/2024\/02\/asbrasas.jpg\" alt=\"\" width=\"299\" height=\"449\" srcset=\"https:\/\/nalua.in\/notas\/wp-content\/uploads\/2024\/02\/asbrasas.jpg 667w, https:\/\/nalua.in\/notas\/wp-content\/uploads\/2024\/02\/asbrasas-200x300.jpg 200w, https:\/\/nalua.in\/notas\/wp-content\/uploads\/2024\/02\/asbrasas-150x225.jpg 150w\" sizes=\"auto, (max-width: 299px) 100vw, 299px\" \/><\/p>\n<p style=\"text-align: justify;\"><strong>As Brasas &#8211; Sandor Marai. <em>Que livro sensacional! Que obra prima, que beleza de escrita. E tem passagens memor\u00e1veis. Esse livro, sobre uma velha amizade entre dois senhores, te rasga o peito em dois, d\u00e1 um n\u00f3 e devolve despeda\u00e7ado pro lugar. Que ang\u00fastia a gente vive com um personagem que espera a visita de outro, que capacidade de movimentar peda\u00e7os do cora\u00e7\u00e3o que a gente nem lembrava mais que existia. Que livro bom gente, leiam, \u00e9 um presente ler esse livro. \u00c9 tamb\u00e9m, de uma maneira meio enviesada, uma celebra\u00e7\u00e3o da amizade.<\/em><\/strong><\/p>\n<hr \/>\n<p style=\"text-align: justify;\">&#8220;As Brasas&#8221; \u00e9 um romance escrito por S\u00e1ndor M\u00e1rai, um renomado escritor h\u00fangaro. Publicado pela primeira vez em 1942, o livro \u00e9 uma obra-prima da literatura que explora temas como amor, amizade, trai\u00e7\u00e3o e nostalgia. A hist\u00f3ria se passa em um castelo na Hungria, onde dois amigos de inf\u00e2ncia, separados por muitos anos, se reencontram para acertar contas do passado.\u00a0A narrativa \u00e9 conduzida de forma envolvente e profunda, mergulhando na psicologia dos personagens e explorando suas emo\u00e7\u00f5es mais \u00edntimas. Atrav\u00e9s de di\u00e1logos intensos e reflexivos, o autor revela as complexidades das rela\u00e7\u00f5es humanas e a profundidade dos sentimentos que as permeiam.\u00a0Um dos aspectos mais marcantes de &#8220;Brasas&#8221; \u00e9 a maneira como M\u00e1rai constr\u00f3i os personagens principais, expondo suas vulnerabilidades e desejos mais profundos. Atrav\u00e9s de flashbacks e reminisc\u00eancias, somos levados a compreender as motiva\u00e7\u00f5es e os conflitos que permeiam a amizade entre os protagonistas.<\/p>\n<p style=\"text-align: justify;\">Al\u00e9m disso, o livro aborda quest\u00f5es universais, como o sentido da vida, a passagem do tempo e a busca pela verdade. A atmosfera melanc\u00f3lica e nost\u00e1lgica que permeia toda a narrativa confere uma profundidade emocional \u00fanica \u00e0 obra, tocando o leitor de maneira profunda e duradoura.\u00a0A escrita de M\u00e1rai \u00e9 elegante e po\u00e9tica, repleta de reflex\u00f5es filos\u00f3ficas e insights sobre a natureza humana. Sua habilidade em explorar as nuances das rela\u00e7\u00f5es interpessoais e em capturar a ess\u00eancia da alma humana faz de &#8220;Brasas&#8221; uma leitura inesquec\u00edvel e impactante.<\/p>\n<hr \/>\n<h3 style=\"text-align: center;\">Filmes<\/h3>\n<p><img loading=\"lazy\" decoding=\"async\" class=\" wp-image-1839 aligncenter\" src=\"https:\/\/nalua.in\/notas\/wp-content\/uploads\/2024\/02\/thelmaelouise.jpg\" alt=\"\" width=\"300\" height=\"434\" srcset=\"https:\/\/nalua.in\/notas\/wp-content\/uploads\/2024\/02\/thelmaelouise.jpg 350w, https:\/\/nalua.in\/notas\/wp-content\/uploads\/2024\/02\/thelmaelouise-208x300.jpg 208w, https:\/\/nalua.in\/notas\/wp-content\/uploads\/2024\/02\/thelmaelouise-150x217.jpg 150w\" sizes=\"auto, (max-width: 300px) 100vw, 300px\" \/><\/p>\n<p style=\"text-align: justify;\"><strong>Thelma &amp; Louise &#8211; Ridley Scott &#8211; 1991. <em>Ah esse filme&#8230; Quem \u00e9 da Gera\u00e7\u00e3o X e n\u00e3o tem uma mem\u00f3ria linda desse filme? Esse filme entrou nos meus ossos, virou l\u00edquido e corre no meu sangue at\u00e9 hoje. Que del\u00edcia, que poder de filme. \u00c9 sensacional, deveria estar (e acho que est\u00e1 mesmo) em qualquer lista de filmes imperd\u00edveis. \u00c9 um filme sobre o poder da amizade. Como a amizade pode reconstruir gente quebrada, como amigos podem nos tornar inteiros de novo. \u00c9 sobre mulheres sobrando num mundo de homens feios, \u00e9 sobre mulheres como gente, o que n\u00e3o era t\u00e3o comum assim em 1991&#8230; \u00c9 um filme que deu sua parcela para que o mundo come\u00e7asse a ser mais gentil com as mulheres. Acho que todo mundo que me l\u00ea j\u00e1 viu, mas se n\u00e3o viram, \u00e9 agora, aproveitem.<\/em><\/strong><\/p>\n<hr \/>\n<p style=\"text-align: justify;\">Thelma &amp; Louise \u00e9 um filme de estrada e drama dirigido por Ridley Scott e lan\u00e7ado em 1991. O filme \u00e9 estrelado por Geena Davis como Thelma e Susan Sarandon como Louise, duas amigas que embarcam em uma viagem que muda suas vidas para sempre. A hist\u00f3ria come\u00e7a com Thelma, uma dona de casa reprimida, e Louise, uma gar\u00e7onete desiludida, decidindo fazer uma viagem juntas para escapar de suas vidas mon\u00f3tonas. O que come\u00e7a como uma simples viagem de fim de semana se transforma em uma jornada de autodescoberta, liberdade e poder feminino. O filme aborda temas importantes como a busca pela liberdade, a luta contra o machismo e a viol\u00eancia contra as mulheres. Thelma &amp; Louise \u00e9 um filme revolucion\u00e1rio que desafia as conven\u00e7\u00f5es sociais e retrata a for\u00e7a da amizade feminina. A qu\u00edmica entre Geena Davis e Susan Sarandon \u00e9 palp\u00e1vel, e as performances das duas atrizes s\u00e3o emocionantes e convincentes.\u00a0Al\u00e9m disso, o filme tamb\u00e9m \u00e9 marcado por sua ic\u00f4nica cena final, onde Thelma e Louise tomam uma decis\u00e3o radical que as coloca em rota de colis\u00e3o com a lei. Essa cena se tornou um s\u00edmbolo do empoderamento feminino e da luta contra a opress\u00e3o, e solidificou o status do filme como um marco na hist\u00f3ria do cinema.<\/p>\n<hr \/>\n<p style=\"text-align: justify;\"><img loading=\"lazy\" decoding=\"async\" class=\" wp-image-1861 aligncenter\" src=\"https:\/\/nalua.in\/notas\/wp-content\/uploads\/2024\/02\/oreencontro.jpg\" alt=\"\" width=\"299\" height=\"443\" srcset=\"https:\/\/nalua.in\/notas\/wp-content\/uploads\/2024\/02\/oreencontro.jpg 350w, https:\/\/nalua.in\/notas\/wp-content\/uploads\/2024\/02\/oreencontro-202x300.jpg 202w, https:\/\/nalua.in\/notas\/wp-content\/uploads\/2024\/02\/oreencontro-150x222.jpg 150w\" sizes=\"auto, (max-width: 299px) 100vw, 299px\" \/><strong>O Reencontro &#8211; Lawrence Kasdan &#8211; 1983 &#8211; <em>Um filme muito delicado e emocionante sobre a amizade. Uma \u00f3tima hist\u00f3ria, um elenco delicioso e os anos 80 na tela, que del\u00edcia ver como era a vida nesta d\u00e9cada, eu revi para escrever e que nostalgia. Mas \u00e9 um filme que fala muito sobre amizade, sobre o poder da amizade na vida, sobre como as vezes somos fr\u00e1geis demais para sermos adultos. Eu amo esse filme e tenho ainda uma recorda\u00e7\u00e3o de ter visto numa tarde deliciosa com amigos.<\/em><\/strong><\/p>\n<hr \/>\n<p style=\"text-align: justify;\">&#8220;O Reencontro&#8221; \u00e9 um filme dirigido por Lawrence Kasdan e lan\u00e7ado em 1983. O longa-metragem conta a hist\u00f3ria de um grupo de amigos que se re\u00fanem para o funeral de um de seus colegas do col\u00e9gio. Durante o fim de semana em que est\u00e3o juntos, eles relembram o passado, reatam la\u00e7os de amizade e lidam com quest\u00f5es pessoais n\u00e3o resolvidas.\u00a0O filme \u00e9 estrelado por um elenco de peso, incluindo Kevin Kline, Glenn Close, William Hurt, Tom Berenger e Jeff Goldblum. A qu\u00edmica entre os atores \u00e9 evidente, e suas performances s\u00e3o cativantes, trazendo profundidade e autenticidade aos personagens.\u00a0A narrativa habilmente entrela\u00e7a os dramas individuais dos personagens com a din\u00e2mica do grupo, explorando temas como amor n\u00e3o correspondido, arrependimento, amadurecimento e a passagem do tempo. A trilha sonora melanc\u00f3lica e a fotografia nost\u00e1lgica contribuem para criar uma atmosfera envolvente, que transporta o espectador para as mem\u00f3rias e emo\u00e7\u00f5es dos protagonistas.\u00a0Os personagens enfrentam conflitos internos e externos, revelando camadas profundas de suas personalidades e mostrando como o reencontro com velhos amigos pode desencadear reflex\u00f5es e transforma\u00e7\u00f5es significativas.\u00a0Al\u00e9m disso, &#8220;O Reencontro&#8221; oferece uma reflex\u00e3o sobre a passagem do tempo e as escolhas feitas ao longo da vida. Os personagens lidam com as consequ\u00eancias de suas decis\u00f5es passadas e confrontam a realidade de como suas vidas se desenrolaram desde os tempos de col\u00e9gio. Essa explora\u00e7\u00e3o da maturidade e do amadurecimento emocional adiciona uma dimens\u00e3o extra \u00e0 narrativa, tornando-a mais rica e impactante.\u00a0O filme tamb\u00e9m \u00e9 marcante por sua abordagem honesta e sens\u00edvel das rela\u00e7\u00f5es humanas. Ele mostra como o amor e a amizade podem ser complicados, dolorosos e imprevis\u00edveis, mas tamb\u00e9m belos e transformadores. As intera\u00e7\u00f5es entre os personagens revelam a complexidade dos sentimentos humanos e a import\u00e2ncia do perd\u00e3o, da compaix\u00e3o e do apoio m\u00fatuo nos relacionamentos.<\/p>\n<hr \/>\n<h3 style=\"text-align: center;\">S\u00e9rie<\/h3>\n<p><img loading=\"lazy\" decoding=\"async\" class=\"wp-image-1844 aligncenter\" src=\"https:\/\/nalua.in\/notas\/wp-content\/uploads\/2024\/02\/4256935.webp\" alt=\"\" width=\"303\" height=\"404\" srcset=\"https:\/\/nalua.in\/notas\/wp-content\/uploads\/2024\/02\/4256935.webp 1200w, https:\/\/nalua.in\/notas\/wp-content\/uploads\/2024\/02\/4256935-225x300.webp 225w, https:\/\/nalua.in\/notas\/wp-content\/uploads\/2024\/02\/4256935-768x1024.webp 768w, https:\/\/nalua.in\/notas\/wp-content\/uploads\/2024\/02\/4256935-1152x1536.webp 1152w, https:\/\/nalua.in\/notas\/wp-content\/uploads\/2024\/02\/4256935-640x853.webp 640w, https:\/\/nalua.in\/notas\/wp-content\/uploads\/2024\/02\/4256935-150x200.webp 150w\" sizes=\"auto, (max-width: 303px) 100vw, 303px\" \/><\/p>\n<p style=\"text-align: justify;\"><strong>Grace e Frankie &#8211; Marta Kauffman &#8211; 2015. <em>Eu ainda n\u00e3o vi essa s\u00e9rie toda, s\u00f3 as primeiras temporadas. Mas s\u00f3 a primeira j\u00e1 vale. \u00c9 uma s\u00e9rie diferente, engra\u00e7ada e protagonizada por gente velha, olha que maravilha! N\u00e3o quaisquer velhos, mas gente do calibre de Jane Fonda, Lily Tomlin, Sam Waterston, Martin Sheen. S\u00f3 isso j\u00e1 vale a s\u00e9rie. Mas \u00e9 uma s\u00e9rie que acompanha duas mulheres for\u00e7adas a conviver e que desenvolvem uma amizade. \u00c9 interessante e peculiar ver as coisas pr\u00f3prias da velhice sendo tratadas com protagonismo em uma s\u00e9rie. Vale demais. E \u00e9 da mesma criadora de Friends, risos. Eu quero ainda ver as outras temporadas, parei n\u00e3o foi por n\u00e3o me interessar.\u00a0<\/em><\/strong><\/p>\n<hr \/>\n<p style=\"text-align: justify;\">Grace e Frankie \u00e9 uma s\u00e9rie de com\u00e9dia original da Netflix que estreou em 2015. Criada por Marta Kauffman e Howard J. Morris, a s\u00e9rie conta a hist\u00f3ria de duas mulheres, Grace Hanson e Frankie Bergstein, que t\u00eam suas vidas viradas de cabe\u00e7a para baixo quando descobrem que seus maridos, Robert e Sol, respectivamente, est\u00e3o apaixonados um pelo outro e planejam se casar. A s\u00e9rie \u00e9 estrelada por duas lendas de Hollywood, Jane Fonda como Grace e Lily Tomlin como Frankie, e a qu\u00edmica entre as duas atrizes \u00e9 um dos pontos altos da produ\u00e7\u00e3o. A din\u00e2mica entre as personagens \u00e9 cativante e a forma como lidam com a situa\u00e7\u00e3o inusitada em que se encontram \u00e9 ao mesmo tempo engra\u00e7ada e emocionante. Uma das grandes qualidades de Grace and Frankie \u00e9 a forma como aborda temas importantes de forma leve e bem-humorada. A s\u00e9rie trata de assuntos como envelhecimento, sexualidade na terceira idade, relacionamentos familiares e amizade de uma maneira aut\u00eantica e sens\u00edvel. Al\u00e9m disso, a s\u00e9rie tamb\u00e9m traz \u00e0 tona quest\u00f5es como a busca pela realiza\u00e7\u00e3o pessoal e a reinven\u00e7\u00e3o de si mesmo em uma fase da vida em que muitos consideram que j\u00e1 viveram tudo o que tinham para viver. Al\u00e9m das protagonistas, o elenco de apoio de Grace and Frankie \u00e9 formado por talentosos atores que d\u00e3o vida a personagens igualmente cativantes e complexos. Martin Sheen e Sam Waterston interpretam os ex-maridos das protagonistas, enquanto June Diane Raphael, Brooklyn Decker, Ethan Embry e Baron Vaughn completam o elenco principal.<\/p>\n<hr \/>\n<h3 style=\"text-align: center;\">Anima\u00e7\u00e3o<\/h3>\n<p><img loading=\"lazy\" decoding=\"async\" class=\" wp-image-1846 aligncenter\" src=\"https:\/\/nalua.in\/notas\/wp-content\/uploads\/2024\/02\/marymax.jpg\" alt=\"\" width=\"300\" height=\"430\" srcset=\"https:\/\/nalua.in\/notas\/wp-content\/uploads\/2024\/02\/marymax.jpg 350w, https:\/\/nalua.in\/notas\/wp-content\/uploads\/2024\/02\/marymax-209x300.jpg 209w, https:\/\/nalua.in\/notas\/wp-content\/uploads\/2024\/02\/marymax-150x215.jpg 150w\" sizes=\"auto, (max-width: 300px) 100vw, 300px\" \/><\/p>\n<p style=\"text-align: justify;\"><strong>Mary &amp; Max &#8211; Uma Amizade Diferente &#8211; 2010 &#8211; Adam Elliot. <em>Um filme delicado, lindo, profundo. Com uma hist\u00f3ria deliciosa, Mary &amp; Max desenvolve um tema profundo e tocante num desenho (stop motion, na verdade, mas vcs entenderam.) lindo. Eu fiquei emocionada quando assisti. Ele parece que vai desenrolar o tema de um jeito bem clich\u00ea, mas n\u00e3o \u00e9 assim, acaba sendo uma pequena joia muito boa de ver. Amizade que proporciona reden\u00e7\u00e3o e aumenta a vida, aumenta o mundo, embora nem sempre do jeito que descrevem os manuais. Al\u00e9m disso ele gira em torno de cartas e eu amo hist\u00f3rias epistolares.<\/em><\/strong><\/p>\n<hr \/>\n<p style=\"text-align: justify;\">&#8220;Mary &amp; Max &#8211; Uma Amizade Diferente&#8221; \u00e9 um filme de anima\u00e7\u00e3o dirigido por Adam Elliot, lan\u00e7ado em 2010. A hist\u00f3ria gira em torno de uma amizade improv\u00e1vel entre Mary Daisy Dinkle, uma menina solit\u00e1ria de oito anos que vive na Austr\u00e1lia, e Max Jerry Horovitz, um homem obeso e solit\u00e1rio de 44 anos que mora em Nova York. O filme aborda temas como solid\u00e3o, amizade, diferen\u00e7as e aceita\u00e7\u00e3o, de uma maneira sens\u00edvel e tocante. A trama se desenrola atrav\u00e9s da correspond\u00eancia por cartas entre Mary e Max ao longo de v\u00e1rias d\u00e9cadas. Tanto Mary quanto Max enfrentam desafios pessoais relacionados \u00e0 sua condi\u00e7\u00e3o: Mary lida com o bullying na escola devido \u00e0 sua peculiaridade, enquanto Max enfrenta o diagn\u00f3stico de Transtorno do Espectro Autista. A maneira como suas vidas se entrela\u00e7am e como encontram conforto um no outro \u00e9 comovente e inspirador. Al\u00e9m disso, &#8220;Mary &amp; Max&#8221; apresenta uma abordagem honesta e sem rodeios sobre quest\u00f5es de sa\u00fade mental, solid\u00e3o e isolamento social. A amizade entre Mary e Max \u00e9 o ponto central do filme, e \u00e9 retratada de forma genu\u00edna e aut\u00eantica. A conex\u00e3o que eles estabelecem atrav\u00e9s das cartas \u00e9 um lembrete poderoso do poder da amizade para superar as adversidades da vida. A maneira como eles se apoiam mutuamente, compartilham suas alegrias e tristezas, e encontram conforto um no outro \u00e9 comovente e inspirador.<\/p>\n<hr \/>\n<h3 style=\"text-align: center;\">\u266b &#8211; Playlist<\/h3>\n<ul>\n<li style=\"list-style-type: none;\">\n<ul>\n<li>\u00a0<em>Meu amigo Radam\u00e9s \u2013 Tom Jobim<\/em><\/li>\n<li><em>All Star \u2013 Cassia Eller<\/em><\/li>\n<li><em>Eu Prefiro Acreditar \u2013 Zeca Pagodinho<\/em><\/li>\n<li><em>Recado Para Um Amigo Solit\u00e1rio &#8211; Paulinho Pedra Azul<\/em><\/li>\n<li><em>With A Little Help From My Friends \u2013 Beatles<\/em><\/li>\n<li><em>You&#8217;re My Best Friend \u2013 Queen<\/em><\/li>\n<li><em>Can\u00e7\u00e3o da Am\u00e9rica \u2013 Milton Nascimento<\/em><\/li>\n<li><em>Que bom amigo \u2013 Milton Nascimento<\/em><\/li>\n<li><em>Amigo \u2013 Roberto Carlos<\/em><\/li>\n<li><em>Amigos Meus \u2013 Vinicius de Moraes<\/em><\/li>\n<li><em>Amizade Sincera \u2013 Renato Teixeira<\/em><\/li>\n<li><em>Tarde em Itapo\u00e3 \u2013 Toquinho<\/em><\/li>\n<li><em>Quem tem um amigo tem tudo \u2013 Emicida<\/em><\/li>\n<li><em>Gente Feliz \u2013 Vanessa da Mata &amp; Baiana System<\/em><\/li>\n<li><em>Falou Amizade \u2013 Caetano Veloso<\/em><\/li>\n<li><em>T\u00e1 Combinado (part. Gal Costa) \u2013 Caetano Veloso<\/em><\/li>\n<li><em>Amigos Para Sempre (part. Miguel Zinovic) \u2013 Jayne\u00a0<\/em><\/li>\n<\/ul>\n<\/li>\n<\/ul>\n<hr \/>\n<h3 style=\"text-align: center;\">Links<\/h3>\n<p style=\"text-align: center;\"><a href=\"https:\/\/almanaque.nalu.in\/umaamizadesincera.html\" target=\"_blank\" rel=\"noopener\">Um conto maravilhoso de Clarice Lispector sobre amizade<\/a><\/p>\n<p style=\"text-align: center;\"><a href=\"https:\/\/telegra.ph\/O-que-realmente-nos-faz-felizes-02-03\" target=\"_blank\" rel=\"noopener\">Mat\u00e9ria sobre o estudo de Harvard<\/a><\/p>\n<p style=\"text-align: center;\"><a href=\"https:\/\/www.netmundi.org\/home\/wp-content\/uploads\/2020\/11\/Dialogo-sobre-a-amizade-de-Marcus-Tullius-Cicero.pdf\" target=\"_blank\" rel=\"noopener\">Di\u00e1logo de C\u00edcero sobre a amizade<\/a><\/p>\n<p style=\"text-align: center;\"><a href=\"https:\/\/select.art.br\/poema-hilda-hilst\/\" target=\"_blank\" rel=\"noopener\">Dez Chamamentos ao Amigo &#8211; Hilda Hilst<\/a><\/p>\n<table style=\"width: 100%; border-collapse: collapse; background-color: #d7f5f1;\">\n<tbody>\n<tr>\n<td style=\"width: 100%;\">\n<p style=\"text-align: center;\"><em>Uma rela\u00e7\u00e3o humana honrosa \u2013 isto \u00e9, aquela em que duas pessoas t\u00eam o direito de usar a palavra \u201camor\u201d \u2013 \u00e9 um processo delicado, violento, muitas vezes aterrorizante para ambas as pessoas envolvidas, um processo de refinamento das verdades que podem dizer uma \u00e0 outra. .<\/em><br \/>\n<em>\u00c9 importante fazer isso porque quebra a auto-ilus\u00e3o e o isolamento humanos.<\/em><\/p>\n<p style=\"text-align: center;\"><em>\u00c9 importante fazer isso porque, ao faz\u00ea-lo, fazemos justi\u00e7a \u00e0 nossa pr\u00f3pria complexidade.<\/em><\/p>\n<p style=\"text-align: center;\"><em>\u00c9 importante fazer isso porque podemos contar com muito poucas pessoas para percorrer esse caminho dif\u00edcil conosco.<\/em><\/p>\n<p style=\"text-align: center;\">\u2663\ufe0f<\/p>\n<p style=\"text-align: center;\"><strong>Adrienne Rich<\/strong><\/p>\n<\/td>\n<\/tr>\n<\/tbody>\n<\/table>\n<hr \/>\n<p style=\"text-align: center;\">Post com a colabora\u00e7\u00e3o de\u00a0<a href=\"http:\/\/instagram.com\/laismeralda\" target=\"_blank\" rel=\"noopener\">@laismeralda, que \u00e9 a<em>\u00a0melhor cartomante do peda\u00e7o, marque sua consulta com ela.<\/em><\/a><\/p>\n<hr \/>\n<div class=\"absolute bottom-0 left-0 w-full border-t md:border-t-0 dark:border-white\/20 md:border-transparent md:dark:border-transparent md:bg-vert-light-gradient bg-white dark:bg-gray-800 md:!bg-transparent dark:md:bg-vert-dark-gradient pt-2 md:pl-2 md:w-[calc(100%-.5rem)]\">\n<form class=\"stretch mx-2 flex flex-row gap-3 last:mb-2 md:mx-4 md:last:mb-6 lg:mx-auto lg:max-w-2xl xl:max-w-3xl\" enctype=\"application\/x-www-form-urlencoded\" method=\"get\">\n<div class=\"relative flex h-full flex-1 items-stretch md:flex-col\">\n<p style=\"text-align: center;\"><span style=\"font-size: 8pt;\">4 de fevereiro \u00e9 o 35.\u00ba dia do ano no calend\u00e1rio gregoriano. Faltam 331 dias para acabar o ano.<\/span><\/p>\n<hr \/>\n<p><em>Se voc\u00ea leu at\u00e9 aqui, obrigada! Esse \u00e9 o meu almanaque particular. Um peda\u00e7o do meu di\u00e1rio, da minha arca da velha, um registro de pequenas efem\u00e9rides, de coisas que quero guardar, do tempo, do vento, do c\u00e9u e do cheiro da chuva. Os Vest\u00edgios do Dia, meus dias. Aqui s\u00f3 tem refer\u00eancias, pois \u00e9 disso que sou feita.<\/em><\/p>\n<table style=\"width: 100%; border-collapse: collapse; background-color: #fad9d9; height: 24px;\">\n<tbody>\n<tr style=\"height: 24px;\">\n<td style=\"width: 100%; text-align: center; height: 24px;\">\u00a9 Nalua \u2013 Caderninho pessoal, bauzinho de trapos coloridos, nos morros de Minas Gerais. Ver\u00e3o.<\/td>\n<\/tr>\n<\/tbody>\n<\/table>\n<\/div>\n<\/form>\n<\/div>\n<p style=\"text-align: center;\"><span style=\"font-size: 8pt;\">Esta \u00e9 a 40\u00aa de 78 p\u00e1ginas que ter\u00e1 este almanaque.<\/span><\/p>\n","protected":false},"excerpt":{"rendered":"<p>uma sala que est\u00e1 vazia Aviso: post gigante. Belo Horizonte, 04 de fevereiro de 2024 \ud83c\udf2920\u00ba &#8211; 30\u00b0\u00a0 04 de fevereiro \u00e9 o dia Mundial [&#8230;]<\/p>\n","protected":false},"author":1,"featured_media":0,"comment_status":"open","ping_status":"open","sticky":false,"template":"","format":"standard","meta":{"footnotes":""},"categories":[9,13,10,5,12],"tags":[],"class_list":["post-1829","post","type-post","status-publish","format-standard","hentry","category-almanaque","category-carta-semanal","category-jardim","category-newsletter","category-oraculo"],"_links":{"self":[{"href":"https:\/\/nalua.in\/notas\/wp-json\/wp\/v2\/posts\/1829","targetHints":{"allow":["GET"]}}],"collection":[{"href":"https:\/\/nalua.in\/notas\/wp-json\/wp\/v2\/posts"}],"about":[{"href":"https:\/\/nalua.in\/notas\/wp-json\/wp\/v2\/types\/post"}],"author":[{"embeddable":true,"href":"https:\/\/nalua.in\/notas\/wp-json\/wp\/v2\/users\/1"}],"replies":[{"embeddable":true,"href":"https:\/\/nalua.in\/notas\/wp-json\/wp\/v2\/comments?post=1829"}],"version-history":[{"count":23,"href":"https:\/\/nalua.in\/notas\/wp-json\/wp\/v2\/posts\/1829\/revisions"}],"predecessor-version":[{"id":1868,"href":"https:\/\/nalua.in\/notas\/wp-json\/wp\/v2\/posts\/1829\/revisions\/1868"}],"wp:attachment":[{"href":"https:\/\/nalua.in\/notas\/wp-json\/wp\/v2\/media?parent=1829"}],"wp:term":[{"taxonomy":"category","embeddable":true,"href":"https:\/\/nalua.in\/notas\/wp-json\/wp\/v2\/categories?post=1829"},{"taxonomy":"post_tag","embeddable":true,"href":"https:\/\/nalua.in\/notas\/wp-json\/wp\/v2\/tags?post=1829"}],"curies":[{"name":"wp","href":"https:\/\/api.w.org\/{rel}","templated":true}]}}