{"id":1764,"date":"2023-12-16T01:26:34","date_gmt":"2023-12-16T01:26:34","guid":{"rendered":"https:\/\/nalua.in\/notas\/?p=1764"},"modified":"2023-12-17T00:24:38","modified_gmt":"2023-12-17T00:24:38","slug":"na-sexta-viajo-pra-veranear","status":"publish","type":"post","link":"https:\/\/nalua.in\/notas\/na-sexta-viajo-pra-veranear\/","title":{"rendered":""},"content":{"rendered":"<p style=\"text-align: center;\"><a href=\"https:\/\/telegra.ph\/Samba-do-Trabalhador-12-16\" target=\"_blank\" rel=\"noopener\"><span style=\"font-size: 8pt;\">na sexta viajo pra veranear<\/span><\/a><br \/>\n<img loading=\"lazy\" decoding=\"async\" class=\"size-full wp-image-858 aligncenter\" src=\"https:\/\/nalua.in\/notas\/wp-content\/uploads\/2023\/06\/cropped-cabecalho-sera.jpg\" alt=\"\" width=\"987\" height=\"226\" srcset=\"https:\/\/nalua.in\/notas\/wp-content\/uploads\/2023\/06\/cropped-cabecalho-sera.jpg 987w, https:\/\/nalua.in\/notas\/wp-content\/uploads\/2023\/06\/cropped-cabecalho-sera-300x69.jpg 300w, https:\/\/nalua.in\/notas\/wp-content\/uploads\/2023\/06\/cropped-cabecalho-sera-768x176.jpg 768w, https:\/\/nalua.in\/notas\/wp-content\/uploads\/2023\/06\/cropped-cabecalho-sera-150x34.jpg 150w\" sizes=\"auto, (max-width: 987px) 100vw, 987px\" \/><\/p>\n<p style=\"text-align: center;\"><strong>Belo Horizonte, 17 de dezembro de 2023<\/strong><\/p>\n<p style=\"text-align: center;\"><strong><span class=\"fe5nidar khvhiq1o r5qsrrlp i5tg98hk f9ovudaz przvwfww gx1rr48f gfz4du6o r7fjleex nz2484kf svot0ezm dcnh1tix sxl192xd t3g6t33p\"><span class=\"mpj7bzys xzlurrtv\">\ud83c\udf24\ufe0f <\/span><\/span>20\u00b0 &#8211; 31\u00b0<\/strong><\/p>\n<hr \/>\n<p style=\"text-align: justify;\"><strong>Dia Internacional de Combate \u00e0 Viol\u00eancia contra Prostitutas<\/strong>. Dia de <span style=\"text-decoration: underline;\">S\u00e3o L\u00e1zaro<\/span>. Em <strong>497<\/strong> a.C. foi celebrado na Roma antiga o primeiro festival de <span style=\"text-decoration: underline;\">Saturnalia<\/span>. Em <strong>1531<\/strong> o Papa Clemente VII publica uma bula papal que instaura a <span style=\"text-decoration: underline;\">Inquisi\u00e7\u00e3o<\/span> em Portugal nas cidades de \u00c9vora, Lisboa e Coimbra, onde morava parte da minha fam\u00edlia. <strong>1790<\/strong>: <span style=\"text-decoration: underline;\">A pedra do calend\u00e1rio asteca<\/span> \u00e9 descoberta em El Z\u00f3calo, na Cidade do M\u00e9xico. Em <strong>1819<\/strong> Bol\u00edvar declara a<span style=\"text-decoration: underline;\"> independ\u00eancia da Col\u00f4mbia<\/span>. Em <strong>1961<\/strong> acontece a <span style=\"text-decoration: underline;\">trag\u00e9dia do do Gran Circus Norte-Americano<\/span>, um inc\u00eandio criminoso ocorrido em \u00a0Niter\u00f3i, que deixou 503 pessoas mortas e mais de 800 feridas. Em <strong>1971 <\/strong>foi lan\u00e7ado o 7\u00ba filme de James Bond, <span style=\"text-decoration: underline;\">Os Diamantes S\u00e3o Eternos<\/span>. Em <strong>1989<\/strong> estreia o primeiro epis\u00f3dio de <span style=\"text-decoration: underline;\">Os Simpsons<\/span>. Em <strong>1770<\/strong> nasceu <span style=\"text-decoration: underline;\">Beethoven<\/span>. Em <strong>1905<\/strong> <span style=\"text-decoration: underline;\">\u00c9rico Ver\u00edssimo<\/span>, em <strong>1956<\/strong> <span style=\"text-decoration: underline;\">Gilliard<\/span>. Em <strong>1987<\/strong> morreu <span style=\"text-decoration: underline;\">Marguerite Yourcenar<\/span>, em <strong>2011<\/strong> partiu <span style=\"text-decoration: underline;\">Ces\u00e1ria \u00c9vora<\/span> e em <strong>2022<\/strong> nos deixou <span style=\"text-decoration: underline;\">N\u00e9lida Pi\u00f1on<\/span>.<\/p>\n<table style=\"width: 100%; border-collapse: collapse; background-color: #f6e4f7;\">\n<tbody>\n<tr>\n<td style=\"width: 100%; text-align: center;\"><em>&#8220;Restaurarei o exausto e saciarei o enfraqueci\u00addo<\/em>&#8220;.<br \/>\n<strong>Jeremias 31:25<\/strong><\/td>\n<\/tr>\n<\/tbody>\n<\/table>\n<p><img loading=\"lazy\" decoding=\"async\" class=\" wp-image-1773 aligncenter\" src=\"https:\/\/nalua.in\/notas\/wp-content\/uploads\/2023\/12\/quadrinho.jpg\" alt=\"\" width=\"450\" height=\"450\" srcset=\"https:\/\/nalua.in\/notas\/wp-content\/uploads\/2023\/12\/quadrinho.jpg 564w, https:\/\/nalua.in\/notas\/wp-content\/uploads\/2023\/12\/quadrinho-300x300.jpg 300w, https:\/\/nalua.in\/notas\/wp-content\/uploads\/2023\/12\/quadrinho-150x150.jpg 150w, https:\/\/nalua.in\/notas\/wp-content\/uploads\/2023\/12\/quadrinho-96x96.jpg 96w\" sizes=\"auto, (max-width: 450px) 100vw, 450px\" \/><\/p>\n<hr \/>\n<p id=\"MTE5NDkyMA\" style=\"text-align: center;\"><em>Depois das treze poderei sofrer:<\/em><br \/>\n<em>antes, n\u00e3o.<\/em><br \/>\n<em>Tenho os pap\u00e9is, tenho os telefonemas,<\/em><br \/>\n<em>tenho as obriga\u00e7\u00f5es, \u00e0 hora-certa.<\/em><\/p>\n<p style=\"text-align: center;\"><em>Depois irei almo\u00e7ar vagamente<\/em><br \/>\n<em>para sobreviver,<\/em><br \/>\n<em>para aguentar o sofrimento.<\/em><\/p>\n<p style=\"text-align: center;\"><em>Ent\u00e3o, depois das treze, todos os deveres cumpridos,<\/em><br \/>\n<em>disporei o material da dor<\/em><br \/>\n<em>com a ordem necess\u00e1ria<\/em><\/p>\n<p style=\"text-align: center;\"><em>para prestar aten\u00e7\u00e3o a cada elemento:<\/em><br \/>\n<em>acomodarei no cora\u00e7\u00e3o meus antigos punhais,<\/em><br \/>\n<em>distribuirei minhas cotas de l\u00e1grimas.<\/em><\/p>\n<p style=\"text-align: center;\"><em>Terminado esse compromisso,<\/em><br \/>\n<em>voltarei ao trabalho habitual.<\/em><\/p>\n<p style=\"text-align: center;\"><span class=\"fe5nidar khvhiq1o r5qsrrlp i5tg98hk f9ovudaz przvwfww gx1rr48f gfz4du6o r7fjleex nz2484kf svot0ezm dcnh1tix sxl192xd t3g6t33p\" style=\"font-size: 18pt; color: #ff0000;\"><span class=\"mpj7bzys xzlurrtv\">\u2666\ufe0f<\/span><\/span><\/p>\n<p id=\"MTE5NDkyMA\" style=\"text-align: center;\"><strong>Cec\u00edlia Meireles<\/strong><\/p>\n<hr \/>\n<h2>Um dia depois de 17 de dezembro de 2019, escreveu Ricardo L\u00edsias no seu di\u00e1rio catastr\u00f3fico:<\/h2>\n<p style=\"text-align: justify;\"><em>18 de dezembro (muito tarde)<\/em><\/p>\n<p style=\"text-align: justify;\"><em>O governo do mito anunciou nos \u00faltimos dois dias que pretende mutilar a reserva ind\u00edgena Raposa Serra do Sol e o or\u00e7amento do Sistema S, que comp\u00f5e entidades de capacita\u00e7\u00e3o profissional, de produ\u00e7\u00e3o cultural e de espa\u00e7os de lazer. Os motivos seriam a necessidade de extra\u00e7\u00e3o de bens naturais nas terras dos \u00edndios e de economia por parte das empresas, no caso do Sesc, Sesi e Senai.<\/em><\/p>\n<p style=\"text-align: justify;\"><em>Muitos estudiosos j\u00e1 demonstraram que reacion\u00e1rios t\u00eam medo do desconhecido.11^1 Uma reserva ind\u00edgena \u00e9 sobretudo um local onde a gente n\u00e3o pode entrar a qualquer hora, a n\u00e3o ser que a invadamos. Depois, deveremos seguir regras diferentes das nossas. S\u00e3o lugares amplos, muitas vezes com natureza intocada, esp\u00e9cies preservadas e aus\u00eancia de dispositivos poluentes &#8211; mais ou menos o que a gente se acostumou a chamar de civiliza\u00e7\u00e3o.<\/em><\/p>\n<p style=\"text-align: justify;\"><em>De um lado ent\u00e3o, contempla-se o desejo da multid\u00e3o de neofascistas conscientes que continua apoiando esse governo. N\u00e3o pode haver mist\u00e9rio: uma reserva ind\u00edgena \u00e9 algo distante demais do mundo deles. Sem falar que essas pessoas precisam entrar agora em todas as festas de que se sentem exclu\u00eddas. Do outro lado do fio est\u00e1 o poder financeiro, que ser\u00e1 contemplado com o que conseguir retirar da terra dos \u00edndios. De novo, o governo criou algo que agrada a todos os espectros de seu p\u00fablico, sacrificando com isso uma minoria vilner\u00e1vel.<\/em><\/p>\n<p style=\"text-align: justify;\"><em>O caso do Sesc \u00e9 parecido. Estou esgotado. Continuo amanh\u00e3. Boa noite.<\/em><\/p>\n<p style=\"text-align: right;\"><strong>Ricardo L\u00edsias &#8211; Di\u00e1rio da Cat\u00e1strofe Brasileira II &#8211; A Puls\u00e3o de Morte No Poder. Ebook Amazon<\/strong><\/p>\n<hr \/>\n<p><img loading=\"lazy\" decoding=\"async\" class=\"wp-image-1765 aligncenter\" src=\"https:\/\/nalua.in\/notas\/wp-content\/uploads\/2023\/12\/dream_TradingCard-27.jpg\" alt=\"\" width=\"350\" height=\"571\" srcset=\"https:\/\/nalua.in\/notas\/wp-content\/uploads\/2023\/12\/dream_TradingCard-27.jpg 960w, https:\/\/nalua.in\/notas\/wp-content\/uploads\/2023\/12\/dream_TradingCard-27-184x300.jpg 184w, https:\/\/nalua.in\/notas\/wp-content\/uploads\/2023\/12\/dream_TradingCard-27-627x1024.jpg 627w, https:\/\/nalua.in\/notas\/wp-content\/uploads\/2023\/12\/dream_TradingCard-27-768x1254.jpg 768w, https:\/\/nalua.in\/notas\/wp-content\/uploads\/2023\/12\/dream_TradingCard-27-940x1536.jpg 940w, https:\/\/nalua.in\/notas\/wp-content\/uploads\/2023\/12\/dream_TradingCard-27-150x245.jpg 150w\" sizes=\"auto, (max-width: 350px) 100vw, 350px\" \/><\/p>\n<h2 style=\"text-align: center;\">Cavaleiro de Ouros<\/h2>\n<p style=\"text-align: justify;\">Em 17 de dezembro nos chega um cavaleiro <strong>cansado<\/strong>. O Cavaleiro de Ouros, que \u00e0s vezes \u00e9 tamb\u00e9m a Princesa de Ouro, que est\u00e1 mais cansada ainda que o Cavaleiro, pois em geral, sobra muito mais pra ela.<\/p>\n<p style=\"text-align: justify;\">Ele est\u00e1 como todos n\u00f3s, <strong>querendo muito descansar, dar uma pausa<\/strong>. Ele contempla \u00e0 frente toda sua realiza\u00e7\u00e3o, <strong>ele est\u00e1 a caminho de casa<\/strong>, a caminho do castelo de seu amo. E leva presentes para algu\u00e9m, afinal, \u00e9 Natal. Mas o nosso cavaleiro est\u00e1 <strong>exausto<\/strong>, ele <strong>precisa parar antes de seguir<\/strong>. Por um momento ele <strong>duvida de si mesmo e pensa, ser\u00e1 que vou conseguir continuar? Ser\u00e1 que eu vou aguentar?<\/strong> Por um segundo parece que tudo que conseguiu e conquistou desvanece em vista do seu cansa\u00e7o e que ele vai sucumbir.<\/p>\n<p style=\"text-align: justify;\">O Cavaleiro de Ouros \u00e9 o \u00fanico dos cavaleiros do tar\u00f4 que <strong>est\u00e1 parado<\/strong>. Ele \u00e9 um ser <strong>extremamente respons\u00e1vel, cumpridor de seus deveres e sempre faz o que acha certo<\/strong>. Ele vai colher os louros do seu esfor\u00e7o, <em>algum dia, mas ainda n\u00e3o, s\u00f3 mais um pouco de trabalho<\/em>&#8230; <strong>Muitas vezes ele n\u00e3o sabe a hora de parar<\/strong>. Ele sempre, ou quase sempre, <strong>coloca o dever acima de seu bem-estar<\/strong>. O Cavaleiro de Ouro neste instante sofre de <strong>estafa<\/strong>, ou de <strong><em>burnout<\/em><\/strong>, para usar uma palavra mais moderna. E chega um momento, em 17 de dezembro, em que <strong>ele realmente precisa parar e respirar para conseguir chegar at\u00e9 ao final do ano<\/strong>. Ele trabalhou como um mouro, ele \u00e9 o <strong>anti Bartleby<\/strong>, o <strong>anti Agostinho Carrara<\/strong>. O cavaleiro de Ouros \u00e9 est\u00e1vel e consegue seus intentos, mas em dezembro at\u00e9 ele precisa parar para seu cavalo beber \u00e1gua.<\/p>\n<p style=\"text-align: justify;\">\u00a0Muitas vezes o Cavaleiro de Pent\u00e1culos passa a vida e n\u00e3o percebe que deveria ter aproveitado mais. <strong>Ele trabalhou demais e os momentos passaram<\/strong>, parece que restou pouco. Ele \u00e9 muito consciente de suas responsabilidades, ele \u00e9 confi\u00e1vel. Mas agora, depois de n\u00e3o olhar para si, quase n\u00e3o adianta muito mais chorar. Essa face do Cavaleiro de Ouros me lembra um conselho que Carl Jung deu para um correspondente an\u00f4nimo, j\u00e1 entrado em anos, e que <strong>se queixava desesperado de ter vivido mal a sua vida<\/strong>. Jung responde:<\/p>\n<blockquote>\n<p style=\"text-align: justify;\"><em>Prezado senhor,<\/em><\/p>\n<p style=\"text-align: justify;\"><em>N\u00e3o \u00e9 poss\u00edvel consertar com umas poucas palavras uma desastrada conduta de vida. Mas n\u00e3o existe buraco t\u00e3o fundo do qual n\u00e3o possa sair, quando se emprega o esfor\u00e7o correto no lugar certo.<\/em><\/p>\n<p style=\"text-align: justify;\"><em>Quando se est\u00e1 no atoleiro como o senhor, n\u00e3o se tem mais o direito de se preocupar com a estupidez de sua pr\u00f3pria psicologia, mas \u00e9 preciso fazer com empenho e dedica\u00e7\u00e3o o que estiver ao alcance e merecer a estima dos outros. Na menor coisa que fizer desta forma, o senhor encontrar\u00e1 a si mesmo. O mesmo aconteceu com X. Tamb\u00e9m ele teve de fazer isso arduamente, e sempre nas coisas mais imediatas, mais insignificantes e mais penosas. Com especial considera\u00e7\u00e3o<\/em><\/p>\n<p style=\"text-align: justify;\"><em>(C.G. Jung)<\/em><\/p>\n<\/blockquote>\n<p style=\"text-align: justify;\">N\u00f3s todos aqui j\u00e1 sabemos que n\u00e3o deveria ser assim. Que <strong>temos que saber viver<\/strong>, estamos interessados em arte, beleza; em magia, na natureza e na espera de uma vida com significado. Mas o Cavaleiro veio n\u00e3o foi \u00e0 toa, vamos pensar se n\u00e3o estamos deixando as obriga\u00e7\u00f5es nos sufocarem. Ser\u00e1 que n\u00e3o estamos colocando em suspenso a vida mais importante? As pausas s\u00e3o muito necess\u00e1rias, respiremos. O conselho hoje \u00e9 curto, \u00e9 simples, nossas retinas est\u00e3o t\u00e3o fatigadas&#8230;<\/p>\n<p style=\"text-align: justify;\">Mas, ao mesmo tempo, neste momento, a recomenda\u00e7\u00e3o do Cavaleiro Dourado \u00e9 que <strong>precisamos aguentar s\u00f3 mais um pouco;<\/strong>\u00a0as f\u00e9rias, o recesso, a praia, o mato, o sof\u00e1 com as s\u00e9ries est\u00e1 logo ali. O Natal e o Ano Bom est\u00e3o perto, <strong>aguentemos<\/strong>. Mas n\u00e3o vamos esquecer que de qualquer modo, a pausa \u00e9 necess\u00e1ria. \u00c9 isso que ele vem nos falar, para respirar fundo, <strong>olhar o campo verde que plantamos<\/strong>, se plantamos, notar o que est\u00e1 al\u00e9m do campo e ainda vamos conquistar, pois o cavaleiro de Ouro em sua face positiva sempre alcan\u00e7a coisas boas. Se ele supera a estagna\u00e7\u00e3o, ou se sai de um modo obtuso de enxergar suas responsabilidades, ele alcan\u00e7a seu lar confort\u00e1vel. Ele nos diz para <strong>recuperarmos o f\u00f4lego<\/strong> e seguirmos caminho. Vamos aprumar o corpo em cima deste cavalo, <strong>respirar fundo<\/strong> e seguir agradecidos, pois <strong>cansa\u00e7o tamb\u00e9m \u00e9 vida, por mais paradoxal que pare\u00e7a aqui<\/strong>. Algo de bom deve ter ali na frente. Afinal <strong>o esp\u00edrito natalino deveria garantir algum al\u00edvio<\/strong> n\u00e3o \u00e9? <strong>N\u00e3o vamos rir, as crian\u00e7as est\u00e3o na sala<\/strong>.<\/p>\n<p style=\"text-align: justify;\"><strong>Aguentar n\u00e3o \u00e9 garantia de nada<\/strong>, sabemos, mas Natal \u00e9 tempo de ao menos simularmos <strong>alegria e esperan\u00e7a<\/strong>, qui\u00e7\u00e1 at\u00e9 que elas se transformem em realidades.<\/p>\n<p style=\"text-align: justify;\">Respirem fundo, e p\u00e9 na t\u00e1bua. <em>O tempo \u00e9 aos iluminados. <\/em>Falta pouco.<\/p>\n<p style=\"text-align: justify;\">(Para qu\u00ea?)<\/p>\n<p style=\"text-align: justify;\">Boa semana, tratem de ter esperan\u00e7a.<\/p>\n<table style=\"width: 100%; border-collapse: collapse; background-color: #d2effa;\">\n<tbody>\n<tr>\n<td style=\"width: 100%;\">\n<p style=\"text-align: justify;\"><img loading=\"lazy\" decoding=\"async\" class=\"wp-image-1776 aligncenter\" src=\"https:\/\/nalua.in\/notas\/wp-content\/uploads\/2023\/12\/princesaouros3.jpg\" alt=\"\" width=\"353\" height=\"656\" srcset=\"https:\/\/nalua.in\/notas\/wp-content\/uploads\/2023\/12\/princesaouros3.jpg 1036w, https:\/\/nalua.in\/notas\/wp-content\/uploads\/2023\/12\/princesaouros3-162x300.jpg 162w, https:\/\/nalua.in\/notas\/wp-content\/uploads\/2023\/12\/princesaouros3-551x1024.jpg 551w, https:\/\/nalua.in\/notas\/wp-content\/uploads\/2023\/12\/princesaouros3-768x1426.jpg 768w, https:\/\/nalua.in\/notas\/wp-content\/uploads\/2023\/12\/princesaouros3-827x1536.jpg 827w, https:\/\/nalua.in\/notas\/wp-content\/uploads\/2023\/12\/princesaouros3-150x279.jpg 150w\" sizes=\"auto, (max-width: 353px) 100vw, 353px\" \/><\/p>\n<p style=\"text-align: justify;\">O Cavaleiro de Ouros \u00e9 uma carta do tar\u00f4 que representa a busca pela estabilidade e realiza\u00e7\u00e3o material. Ele \u00e9 um s\u00edmbolo de determina\u00e7\u00e3o, responsabilidade e comprometimento em fazer a coisa certa. Quando esta carta aparece em uma leitura, ela sugere a necessidade de agir com foco para alcan\u00e7ar os objetivos desejados. O Cavaleiro de Ouros \u00e9 conhecido por sua abordagem pr\u00e1tica e realista diante dos desafios. Ele nos lembra da import\u00e2ncia de sermos persistentes em nossas empreitadas, buscando construir um alicerce s\u00f3lido para o futuro. Esta carta nos encoraja a agir com responsabilidade. Fazer a coisa certa, de acordo com o Cavaleiro de Ouros, envolve tomar decis\u00f5es ponderadas e conscientes, baseadas em princ\u00edpios \u00e9ticos. Ele nos lembra que, muitas vezes, o caminho mais longo e \u00e1rduo \u00e9 o mais gratificante, \u00e9 o que nos permite construir algo duradouro e significativo. Portanto, ao enfrentar dilemas ou escolhas dif\u00edceis, o Cavaleiro de Ouros nos incentiva a seguir o caminho da \u00e9tica e a sermos sempre muito compromissados.<\/p>\n<p style=\"text-align: justify;\">O Cavaleiro de Ouros tamb\u00e9m nos encoraja a ser prudentes em nossas finan\u00e7as, sa\u00fade e a buscar seguran\u00e7a e estabilidade em todas as \u00e1reas de nossa vida. Fazer a coisa certa, segundo esta carta, envolve tamb\u00e9m cuidar do corpo e do esp\u00edrito, para um maior equil\u00edbrio, o que \u00e9 importante se precisamos sempre aguentar um pouco mais neste mundo atual. Em um contexto mais amplo, o Cavaleiro de Ouros tamb\u00e9m pode representar a necessidade de agir com responsabilidade em rela\u00e7\u00e3o ao meio ambiente e aos recursos naturais.\u00a0 Fazer o que precisa ser feito, de acordo com esta perspectiva, envolve tamb\u00e9m assumir um compromisso com a preserva\u00e7\u00e3o do meio ambiente e a promo\u00e7\u00e3o de um mundo mais equilibrado e saud\u00e1vel para as gera\u00e7\u00f5es futuras. O Cavaleiro de Ouros nos convida a agir com responsabilidade em todas as \u00e1reas de nossa vida. Precisamos buscar estabilidade, seguran\u00e7a e realiza\u00e7\u00e3o material, ao mesmo tempo em que cuidamos do nosso bem-estar e do bem estar coletivo. Ao seguir os princ\u00edpios do Cavaleiro de Ouros, podemos construir um futuro mais significativo para n\u00f3s mesmos e para o mundo ao nosso redor.<\/p>\n<\/td>\n<\/tr>\n<\/tbody>\n<\/table>\n<hr \/>\n<h2 style=\"text-align: center;\">Um texto que n\u00e3o espera ningu\u00e9m e cansa todos n\u00f3s<\/h2>\n<p style=\"text-align: justify;\"><em>H\u00e1 momentos em que tudo cansa, at\u00e9 o que nos repousaria. O que nos cansa porque nos cansa; o que nos repousaria porque a ideia de o obter nos cansa. H\u00e1 abatimentos da alma abaixo de toda a ang\u00fastia e de toda a dor; creio que os n\u00e3o conhecem sen\u00e3o os que se furtam \u00e0s ang\u00fastias e \u00e0s dores humanas, e t\u00eam diplomacia consigo mesmos para se esquivar ao pr\u00f3prio t\u00e9dio. Reduzindo-se, assim, a seres coura\u00e7ados contra o mundo, n\u00e3o admira que, em certa altura da sua consci\u00eancia de si-mesmos, lhes pese de repente o vulto inteiro da coura\u00e7a, e a vida lhes seja uma ang\u00fastia \u00e0s avessas, uma dor perdida.<\/em><\/p>\n<p style=\"text-align: justify;\"><em>Estou em um desses momentos, e escrevo estas linhas como quem quer ao menos saber que vive. Todo o dia, at\u00e9 agora, trabalhei como um sonolento, fazendo contas por processos de sonho, escrevendo ao longo do meu torpor. Todo o dia me senti pesar a vida sobre os olhos e contra as t\u00eamporas \u2014 sono nos olhos, press\u00e3o para fora nas t\u00eamporas, consci\u00eancia de tudo isto no est\u00f4mago, n\u00e1usea e desalento.<\/em><\/p>\n<p style=\"text-align: justify;\"><em>Viver parece-me um erro metaf\u00edsico da mat\u00e9ria, um descuido da inac\u00e7\u00e3o. Nem olho o dia, para ver o que ele tem que me distraia de mim, e, escrevendo-o eu aqui em descri\u00e7\u00e3o, tape com palavras a ch\u00edcara vazia do meu n\u00e3o me querer. Nem olho o dia, e ignoro com as costas dobradas se \u00e9 sol ou falta de sol o que est\u00e1 l\u00e1 fora na rua subjectivamente triste, na rua deserta onde est\u00e1 passando o som de gente. Ignoro tudo e d\u00f3i-me o peito. Parei de trabalhar e n\u00e3o quero mexer-me daqui. Estou olhando para o mata-borr\u00e3o branco sujo, que alastra, pregado aos cantos, por sobre a grande idade da secret\u00e1ria inclinada. Fito atentamente os rabiscos de absor\u00e7\u00e3o e distrac\u00e7\u00e3o que est\u00e3o borrados nele. V\u00e1rias vezes a minha assinatura \u00e0s avessas e ao inv\u00e9s. Alguns n\u00fameros aqui e ali, assim mesmo. Uns desenhos de nada, feitos pela minha desaten\u00e7\u00e3o. Olho a tudo isto como um alde\u00e3o de mata-borr\u00f5es, com uma aten\u00e7\u00e3o de quem olha novidades, com todo o c\u00e9rebro inerte por detr\u00e1s dos centros cerebrais que promovem a vis\u00e3o.<\/em><\/p>\n<p style=\"text-align: justify;\"><em>Tenho mais sono \u00edntimo do que cabe em mim. E n\u00e3o quero nada, n\u00e3o prefiro nada, n\u00e3o h\u00e1 nada a que fugir.<\/em><\/p>\n<p style=\"text-align: right;\"><b>Livro do Desassossego por Bernardo Soares, semi heter\u00f4nimo de Fernando Pessoa &#8211; Cia das Letras<\/b><\/p>\n<table style=\"width: 100%; border-collapse: collapse; background-color: #fae4cf;\">\n<tbody>\n<tr>\n<td style=\"width: 100%;\">\n<h2 style=\"text-align: center;\">Um urubu pintado de verde<\/h2>\n<p style=\"text-align: justify;\"><em>S\u00f3 a arte para fazer a gente esperar o inesperado. A arte para fazer a gente aguentar essa vida estranha, cansativa e muitas vezes sem sentido. Mas ela, a arte, vem e transforma tudo em beleza e vivacidade e de repente tudo tem sentido e est\u00e1 cheio de vontade de continuidade.<\/em><\/p>\n<\/td>\n<\/tr>\n<\/tbody>\n<\/table>\n<h3 style=\"text-align: center;\">Livro<\/h3>\n<p><img loading=\"lazy\" decoding=\"async\" class=\"wp-image-1779 aligncenter\" src=\"https:\/\/nalua.in\/notas\/wp-content\/uploads\/2023\/12\/residusododiap.jpg\" alt=\"\" width=\"300\" height=\"450\" srcset=\"https:\/\/nalua.in\/notas\/wp-content\/uploads\/2023\/12\/residusododiap.jpg 350w, https:\/\/nalua.in\/notas\/wp-content\/uploads\/2023\/12\/residusododiap-200x300.jpg 200w, https:\/\/nalua.in\/notas\/wp-content\/uploads\/2023\/12\/residusododiap-150x225.jpg 150w\" sizes=\"auto, (max-width: 300px) 100vw, 300px\" \/><\/p>\n<p style=\"text-align: justify;\"><strong>Os Res\u00edduos do dia &#8211; Kazuo Ishiguro (existe outra vers\u00e3o chamada Os Vest\u00edgios do Dia). <em>Esse livro mostra a trajet\u00f3ria de um Cavaleiro de Ouros. Um personagem que esperou demais, que trabalhou demais, que entregou a vida para o seu of\u00edcio e num determinado momento \u00e9 obrigado a se confrontar com o fato de que mais trabalhou do que viveu, que n\u00e3o sabe direito quem \u00e9 sem o trabalho. E \u00e9 obrigado a se deparar com as consequencias de ter vivido assim, as perdas e ganhos que acumulou trabalhando como mordomo em uma grande casa inglesa e fazendo disso seu principal mote. \u00c9 um livro muito bom, tocante, que levanta quest\u00f5es \u00edntimas e profundas. Indico demais. O filme talvez eu indique mais ainda, \u00e9 maravilhoso, e as atua\u00e7\u00f5es s\u00e3o impec\u00e1veis. O clima, tudo, \u00e9 um dos filmes da minha vida.\u00a0<\/em><\/strong><\/p>\n<hr \/>\n<p style=\"text-align: justify;\">Neste livro do ganhador do pr\u00eamio Nobel de Literatura de 2017, o mordomo Stevens, j\u00e1 pr\u00f3ximo da velhice, rememora as tr\u00eas d\u00e9cadas dedicadas \u00e0 casa de um distinto nobre brit\u00e2nico, lord Darlington, hoje ocupada por um milion\u00e1rio norte-americano. Por insist\u00eancia do novo patr\u00e3o, Stevens sai de f\u00e9rias em viagem pelo interior da Inglaterra. O mordomo vai ao encontro de miss Kenton, antiga companheira de trabalho, hoje mrs. Benn. No caminho, recorda passagens da vida de lord Darlington e reflete sobre o papel dos mordomos na hist\u00f3ria brit\u00e2nica. Num estilo contido, o narrador-protagonista acaba por revelar aspectos sombrios da trajet\u00f3ria pol\u00edtica do ex-patr\u00e3o, simpatizante do nazismo, ao mesmo tempo que deixa escapar sentimentos pessoais em rela\u00e7\u00e3o a miss Kenton, reprimidos durante anos. O romance de Ishiguro recebeu o Booker Prize 1989 e virou filme de prest\u00edgio<\/p>\n<hr \/>\n<h3 style=\"text-align: center;\">Filme<\/h3>\n<p><img loading=\"lazy\" decoding=\"async\" class=\"size-full wp-image-1782 aligncenter\" src=\"https:\/\/nalua.in\/notas\/wp-content\/uploads\/2023\/12\/viverikiru.jpg\" alt=\"\" width=\"350\" height=\"498\" srcset=\"https:\/\/nalua.in\/notas\/wp-content\/uploads\/2023\/12\/viverikiru.jpg 350w, https:\/\/nalua.in\/notas\/wp-content\/uploads\/2023\/12\/viverikiru-211x300.jpg 211w, https:\/\/nalua.in\/notas\/wp-content\/uploads\/2023\/12\/viverikiru-150x213.jpg 150w\" sizes=\"auto, (max-width: 350px) 100vw, 350px\" \/><\/p>\n<p style=\"text-align: justify;\"><strong>Viver (Ikiru) &#8211; Akira Kurosawa -1952. <em>Um dos melhores filmes que eu j\u00e1 vi. Uma delicadeza, um deleite para os olhos e para o cora\u00e7\u00e3o. Um filme profundo, sens\u00edvel, que me marcou demais tamb\u00e9m, e que d\u00e1 vontade de sair e ir viver o mais plenamente que a gente conseguir. Mostra um Cavaleiro de Ouro tamb\u00e9m, que percorre uma trajet\u00f3ria agridoce. Assistam, \u00e9 muito bom, talvez seja o meu Kurosawa preferido.<\/em><\/strong><em>\u00a0<\/em><\/p>\n<hr \/>\n<p style=\"text-align: justify;\">VIVER \u2014 IKIRU &#8211; um filme de Akira Kurosawa com Takashi Shimura, Nobuo Kaneko, Kioko Seki, Makoto Kobori | Ikiru | 1952 | JAP\u00c3O | 2h23 | M\/12. Viver \u00e9 n\u00e3o s\u00f3 uma das maiores obras de Kurosawa, como tamb\u00e9m um dos mais importantes filmes da hist\u00f3ria do cinema. Descrevendo-o como \u201co mais belo, o mais s\u00e1bio e o mais comovente filme japon\u00eas\u201d, Andr\u00e9 Bazin escreveu sobre Viver que \u201ca sua universalidade n\u00e3o \u00e9 geogr\u00e1fica mas geol\u00f3gica; ela surgiu nas profundezas do len\u00e7ol moral subterr\u00e2neo onde Kurosawa a soube ir procurar\u201d. Kanji Watanabe, um inc\u00f3gnito funcion\u00e1rio municipal, \u00e9 informado que padece de uma doen\u00e7a terminal e restam-lhe poucos meses de vida. Reconhecendo o vazio da sua exist\u00eancia, Watanabe empenha-se na transforma\u00e7\u00e3o de um terreno baldio num parque onde as crian\u00e7as possam brincar, um projecto ao qual destina todas as suas for\u00e7as.<\/p>\n<hr \/>\n<h3 style=\"text-align: center;\">S\u00e9rie<\/h3>\n<p><img loading=\"lazy\" decoding=\"async\" class=\"wp-image-1784 aligncenter\" src=\"https:\/\/nalua.in\/notas\/wp-content\/uploads\/2023\/12\/series_854_MV5BMzgxMmQxZjQtNDdmMC00MjRlLTk1MDEtZDcwNTdmOTg0YzA2XkEyXkFqcGdeQXVyMzQ2MDI5NjU@._V1_SY1000_CR006661000_AL_.jpg\" alt=\"\" width=\"301\" height=\"442\" srcset=\"https:\/\/nalua.in\/notas\/wp-content\/uploads\/2023\/12\/series_854_MV5BMzgxMmQxZjQtNDdmMC00MjRlLTk1MDEtZDcwNTdmOTg0YzA2XkEyXkFqcGdeQXVyMzQ2MDI5NjU@._V1_SY1000_CR006661000_AL_.jpg 370w, https:\/\/nalua.in\/notas\/wp-content\/uploads\/2023\/12\/series_854_MV5BMzgxMmQxZjQtNDdmMC00MjRlLTk1MDEtZDcwNTdmOTg0YzA2XkEyXkFqcGdeQXVyMzQ2MDI5NjU@._V1_SY1000_CR006661000_AL_-204x300.jpg 204w, https:\/\/nalua.in\/notas\/wp-content\/uploads\/2023\/12\/series_854_MV5BMzgxMmQxZjQtNDdmMC00MjRlLTk1MDEtZDcwNTdmOTg0YzA2XkEyXkFqcGdeQXVyMzQ2MDI5NjU@._V1_SY1000_CR006661000_AL_-150x220.jpg 150w\" sizes=\"auto, (max-width: 301px) 100vw, 301px\" \/><\/p>\n<p style=\"text-align: justify;\"><strong>Mr. Robot &#8211; 2015 &#8211; Sam Esmail. <em>Aqui vou exercitar a indica\u00e7\u00e3o selvagem, aquele modo de indicar perigosamente. Mr. Robot, uma s\u00e9rie da qual eu s\u00f3 vi a primeira temporada. Mas o meu Tariq viu e ele tem muito bom gosto e uma perce\u00e7\u00e3o muito boa, ent\u00e3o sei que posso indicar. Quando pensei em &#8220;aguentar&#8221;, al\u00e9m da m\u00fasica deliciosa do Calle 13, Aguante, a primeira coisa que me veio \u00e0 mente foi a primeira temporada dessa s\u00e9rie, e tive a impress\u00e3o de que era isso, o personagem principal no limite do aguentar, no dilema de agir como o Cavaleiro de Ouros, fazendo o que \u00e9 certo. A s\u00e9rie \u00e9 muito absorvente, prende muito a aten\u00e7\u00e3o, \u00e9 bem escrita e bem atuada. Pensar nela me deu vontade de continuar. Mas \u00e9 tanta coisa, e eu t\u00f4 t\u00e3o cansada&#8230;<\/em><\/strong><\/p>\n<hr \/>\n<p style=\"text-align: justify;\">Elliot (Rami Malek) \u00e9 um jovem programador que trabalha como engenheiro de seguran\u00e7a virtual durante o dia, e como hacker vigilante durante a noite. Elliot se v\u00ea numa encruzilhada quando o l\u00edder (Christian Slater) de um misterioso grupo de hacker o recruta para destruir a firma que ele \u00e9 pago para proteger. Motivado pelas suas cren\u00e7as pessoais, ele luta para resistir \u00e0 chance de destruir os CEOs da multinacional que ele acredita estarem controlando &#8211; e destruindo &#8211; o mundo.<\/p>\n<hr \/>\n<h3 style=\"text-align: center;\">Document\u00e1rio<\/h3>\n<p><img loading=\"lazy\" decoding=\"async\" class=\" wp-image-1788 aligncenter\" src=\"https:\/\/nalua.in\/notas\/wp-content\/uploads\/2023\/12\/quandoocarnavalchegarp.jpg\" alt=\"\" width=\"300\" height=\"395\" srcset=\"https:\/\/nalua.in\/notas\/wp-content\/uploads\/2023\/12\/quandoocarnavalchegarp.jpg 350w, https:\/\/nalua.in\/notas\/wp-content\/uploads\/2023\/12\/quandoocarnavalchegarp-228x300.jpg 228w, https:\/\/nalua.in\/notas\/wp-content\/uploads\/2023\/12\/quandoocarnavalchegarp-150x198.jpg 150w\" sizes=\"auto, (max-width: 300px) 100vw, 300px\" \/><\/p>\n<p style=\"text-align: justify;\"><strong>Estou me guardando para quando o carnaval chegar. Marcelo Gomes 2018. <em>Uma cidade feita de cavaleiros de ouro. Gente que trabalha sem parar, que n\u00e3o para, que s\u00f3 descansa muito pouco. \u00e9 um document\u00e1rio muito interessante, mostra como uma cidade foi totalmente transformada pela produ\u00e7\u00e3o de roupas jeans. Mostra como seus moradores trabalham incansavelmente esperando poder parar e curtir a vida. \u00c9 muito interessante ver um Brasil que o sudeste classe m\u00e9dia n\u00e3o conhece, n\u00e3o se relaciona e n\u00e3o faz ideia de como seja.\u00a0<\/em><\/strong><\/p>\n<hr \/>\n<p style=\"text-align: justify;\">A pequena cidade de Toritama, no Agreste pernambucano, \u00e9 considerada a capital nacional do jeans. A cada ano, mais de 20 milh\u00f5es de jeans s\u00e3o produzidos em f\u00e1bricas de fundo de quintal pelos moradores da cidade. Quando chega o Carnaval, eles vendem seus eletrodom\u00e9sticos e outros pertences e fogem para as praias. O diretor Marcelo Gomes, que nos anos 1980 visitava a cidade de Toritama com seu pai, conta que ficou surpreso ao descobrir que a pequena comunidade rural de sua inf\u00e2ncia hoje vive em fun\u00e7\u00e3o da ind\u00fastria t\u00eaxtil com rotinas de trabalho t\u00e3o intensas. Exibido na mostra competitiva do 24\u00ba festival de document\u00e1rios \u00c9 Tudo Verdade, o filme recebeu men\u00e7\u00e3o honrosa do j\u00fari oficial e da Associa\u00e7\u00e3o Brasileira de Documentaristas e Curta-Metragistas, al\u00e9m de ser escolhido como melhor filme pelo j\u00fari da Associa\u00e7\u00e3o Brasileira de Cr\u00edticos de Cinema. <a href=\"https:\/\/www.youtube.com\/watch?v=ZAXyQcD3Xs8\" target=\"_blank\" rel=\"noopener\">Pode ser visto aqui<\/a>.<\/p>\n<hr \/>\n<p style=\"text-align: center;\"><strong>\u266b Playlist<\/strong><\/p>\n<p style=\"text-align: center;\"><em>Samba do trabalhador \u2013 Martinho da Vila<\/em><br \/>\n<em>Aguante \u2013 Calle 13<\/em><br \/>\n<em>Esperan\u00e7a \u2013 Banda de pau e corda<\/em><br \/>\n<em>Can\u00e7\u00e3o da Esperan\u00e7a \u2013 Fl\u00e1via Wenceslau<\/em><br \/>\n<em>F\u00e1brica \u2013 Legi\u00e3o Urbana<\/em><br \/>\n<em>Esperando na Janela \u2013 Gilberto Gil<\/em><br \/>\n<em>Sentado \u00e0 beira do Caminho \u2013 Erasmo Carlos<\/em><br \/>\n<em>Retrovisor \u2013 Fagner<\/em><br \/>\n<em>Espere um pouco&#8230; um pouquinho mais \u2013 Nilton Cesar<\/em><br \/>\n<em>Crian\u00e7a n\u00e3o trabalha \u2013 Palavra Cantada<\/em><br \/>\n<em>Aguenta a m\u00e3o, Jo\u00e3o \u2013 Adoniram Barbosa<\/em><br \/>\n<em>Aguentem-se os fracos \u2013 Tr\u00easporcento<\/em><br \/>\n<em>Faz um pouco mais \u2013 Gilliard<\/em><br \/>\n<em>Vida tem um so vida \u2013 Ces\u00e1ria \u00c9vora<\/em><\/p>\n<hr \/>\n<div class=\"absolute bottom-0 left-0 w-full border-t md:border-t-0 dark:border-white\/20 md:border-transparent md:dark:border-transparent md:bg-vert-light-gradient bg-white dark:bg-gray-800 md:!bg-transparent dark:md:bg-vert-dark-gradient pt-2 md:pl-2 md:w-[calc(100%-.5rem)]\">\n<form class=\"stretch mx-2 flex flex-row gap-3 last:mb-2 md:mx-4 md:last:mb-6 lg:mx-auto lg:max-w-2xl xl:max-w-3xl\" enctype=\"application\/x-www-form-urlencoded\" method=\"get\">\n<div class=\"relative flex h-full flex-1 items-stretch md:flex-col\">\n<p><img loading=\"lazy\" decoding=\"async\" class=\"wp-image-1791 aligncenter\" src=\"https:\/\/nalua.in\/notas\/wp-content\/uploads\/2023\/12\/pedrovinicio.jpg\" alt=\"\" width=\"450\" height=\"562\" srcset=\"https:\/\/nalua.in\/notas\/wp-content\/uploads\/2023\/12\/pedrovinicio.jpg 678w, https:\/\/nalua.in\/notas\/wp-content\/uploads\/2023\/12\/pedrovinicio-240x300.jpg 240w, https:\/\/nalua.in\/notas\/wp-content\/uploads\/2023\/12\/pedrovinicio-150x187.jpg 150w\" sizes=\"auto, (max-width: 450px) 100vw, 450px\" \/><\/p>\n<p style=\"text-align: center;\"><span style=\"font-size: 8pt;\">Pedro Vinicio <span class=\"fe5nidar khvhiq1o r5qsrrlp i5tg98hk f9ovudaz przvwfww gx1rr48f gfz4du6o r7fjleex nz2484kf svot0ezm dcnh1tix sxl192xd t3g6t33p\"><span class=\"mpj7bzys xzlurrtv\">\u2764\ufe0f<\/span><\/span><\/span><\/p>\n<hr \/>\n<p style=\"text-align: center;\"><span style=\"font-size: 13.3333px; font-weight: bold; text-align: center;\">Post com a colabora\u00e7\u00e3o de\u00a0<\/span><a style=\"font-size: 13.3333px; font-weight: bold; text-align: center;\" href=\"http:\/\/instagram.com\/laismeralda\" target=\"_blank\" rel=\"noopener\">@laismeralda, que \u00e9 a<em>\u00a0melhor cartomante do peda\u00e7o, marque sua consulta com ela.<\/em><\/a><\/p>\n<table style=\"width: 100%; border-collapse: collapse; background-color: #cdf7e9;\">\n<tbody>\n<tr>\n<td style=\"width: 100%;\">\n<p style=\"text-align: center;\"><em>Estou cansada. Meu cansa\u00e7o vem muito porque sou pessoa extremamente ocupada: tomo conta do mundo.<\/em><\/p>\n<p style=\"text-align: center;\"><strong>Clarice Lispector<\/strong><\/p>\n<\/td>\n<\/tr>\n<\/tbody>\n<\/table>\n<p style=\"text-align: center;\"><span style=\"font-size: 8pt;\">17 de dezembro \u00e9 o 351.\u00ba dia do ano no calend\u00e1rio gregoriano (352.\u00ba em anos bissextos). Faltam 14 dias para acabar o ano.<\/span><\/p>\n<hr \/>\n<p style=\"text-align: justify;\"><em>Se voc\u00ea leu at\u00e9 aqui, obrigada! Esse \u00e9 o meu almanaque particular. Um peda\u00e7o do meu di\u00e1rio, da minha arca da velha, um registro de pequenas efem\u00e9rides, de coisas que quero guardar, do tempo, do vento, do c\u00e9u e do cheiro da chuva. Os Vest\u00edgios do Dia, meus dias. Aqui s\u00f3 tem refer\u00eancias, pois \u00e9 disso que sou feita.<\/em><\/p>\n<table style=\"width: 100%; border-collapse: collapse; background-color: #fcd2d2;\">\n<tbody>\n<tr>\n<td style=\"width: 99.9004%; text-align: center;\"><span style=\"font-size: 10pt;\">\u00a9 Nalua \u2013 Caderninho pessoal, bauzinho de trapos coloridos, nos morros de Minas Gerais. Primavera infernal.<\/span><\/td>\n<\/tr>\n<\/tbody>\n<\/table>\n<\/div>\n<\/form>\n<\/div>\n<p style=\"text-align: center;\"><span style=\"font-size: 8pt;\">Esta \u00e9 a 38\u00aa de 78 p\u00e1ginas que ter\u00e1 este almanaque.<\/span><\/p>\n","protected":false},"excerpt":{"rendered":"<p>na sexta viajo pra veranear Belo Horizonte, 17 de dezembro de 2023 \ud83c\udf24\ufe0f 20\u00b0 &#8211; 31\u00b0 Dia Internacional de Combate \u00e0 Viol\u00eancia contra Prostitutas. Dia [&#8230;]<\/p>\n","protected":false},"author":1,"featured_media":0,"comment_status":"open","ping_status":"open","sticky":false,"template":"","format":"standard","meta":{"footnotes":""},"categories":[9,13,10,5,12],"tags":[],"class_list":["post-1764","post","type-post","status-publish","format-standard","hentry","category-almanaque","category-carta-semanal","category-jardim","category-newsletter","category-oraculo"],"_links":{"self":[{"href":"https:\/\/nalua.in\/notas\/wp-json\/wp\/v2\/posts\/1764","targetHints":{"allow":["GET"]}}],"collection":[{"href":"https:\/\/nalua.in\/notas\/wp-json\/wp\/v2\/posts"}],"about":[{"href":"https:\/\/nalua.in\/notas\/wp-json\/wp\/v2\/types\/post"}],"author":[{"embeddable":true,"href":"https:\/\/nalua.in\/notas\/wp-json\/wp\/v2\/users\/1"}],"replies":[{"embeddable":true,"href":"https:\/\/nalua.in\/notas\/wp-json\/wp\/v2\/comments?post=1764"}],"version-history":[{"count":27,"href":"https:\/\/nalua.in\/notas\/wp-json\/wp\/v2\/posts\/1764\/revisions"}],"predecessor-version":[{"id":1769,"href":"https:\/\/nalua.in\/notas\/wp-json\/wp\/v2\/posts\/1764\/revisions\/1769"}],"wp:attachment":[{"href":"https:\/\/nalua.in\/notas\/wp-json\/wp\/v2\/media?parent=1764"}],"wp:term":[{"taxonomy":"category","embeddable":true,"href":"https:\/\/nalua.in\/notas\/wp-json\/wp\/v2\/categories?post=1764"},{"taxonomy":"post_tag","embeddable":true,"href":"https:\/\/nalua.in\/notas\/wp-json\/wp\/v2\/tags?post=1764"}],"curies":[{"name":"wp","href":"https:\/\/api.w.org\/{rel}","templated":true}]}}