{"id":1357,"date":"2023-09-23T18:04:32","date_gmt":"2023-09-23T18:04:32","guid":{"rendered":"https:\/\/nalua.in\/notas\/?p=1357"},"modified":"2023-09-24T01:31:16","modified_gmt":"2023-09-24T01:31:16","slug":"solo-sagrado-chao-quente","status":"publish","type":"post","link":"https:\/\/nalua.in\/notas\/solo-sagrado-chao-quente\/","title":{"rendered":""},"content":{"rendered":"<p style=\"text-align: center;\"><a href=\"https:\/\/almanaque.nalu.in\/terratombada.html\" target=\"_blank\" rel=\"noopener\"><span style=\"font-size: 8pt;\">solo sagrado ch\u00e3o quente<\/span><\/a><br \/>\n<img loading=\"lazy\" decoding=\"async\" class=\"size-full wp-image-856 aligncenter\" src=\"https:\/\/nalua.in\/notas\/wp-content\/uploads\/2023\/06\/cats800.jpg\" alt=\"\" width=\"800\" height=\"139\" srcset=\"https:\/\/nalua.in\/notas\/wp-content\/uploads\/2023\/06\/cats800.jpg 800w, https:\/\/nalua.in\/notas\/wp-content\/uploads\/2023\/06\/cats800-300x52.jpg 300w, https:\/\/nalua.in\/notas\/wp-content\/uploads\/2023\/06\/cats800-768x133.jpg 768w, https:\/\/nalua.in\/notas\/wp-content\/uploads\/2023\/06\/cats800-150x26.jpg 150w\" sizes=\"auto, (max-width: 800px) 100vw, 800px\" \/><\/p>\n<p style=\"text-align: center;\"><strong>Belo Horizonte, 24 de setembro de 2023<\/strong><\/p>\n<p style=\"text-align: center;\">\ud83d\udd25 <strong>Desembarcou o capeta<\/strong><\/p>\n<hr \/>\n<p style=\"text-align: justify;\"><strong>24 de setembro<\/strong> \u00e9 dia de <span style=\"text-decoration: underline;\">Nossa Senhora das Merc\u00eas<\/span> e tem festa em Barcelona. Em <strong>1493<\/strong> <span style=\"text-decoration: underline;\">Crist\u00f3v\u00e3o Colombo<\/span> embarca em sua segunda expedi\u00e7\u00e3o ao Novo Mundo, e que deus nos socorra, pobre Am\u00e9rica Latina. Em <strong>1683<\/strong> o rei <span style=\"text-decoration: underline;\">Lu\u00eds XIV<\/span> expulsa todos os judeus das possess\u00f5es francesas nas Am\u00e9ricas. Em <strong>1973<\/strong> a <span style=\"text-decoration: underline;\">Guin\u00e9-Bissau<\/span> declara sua independ\u00eancia de Portugal. Em <strong>1984<\/strong> <span style=\"text-decoration: underline;\">Paul McCartney<\/span> lan\u00e7a o single &#8220;No More Lonely Nights&#8221; \ud83d\ude0a Em <strong>1995<\/strong> estreia na BBC a miniss\u00e9rie <span style=\"text-decoration: underline;\">Orgulho e Preconceito<\/span>, ainda hoje considerada a melhor adapta\u00e7\u00e3o do livro de Jane Austen. Em <strong>1991<\/strong> o grupo <span style=\"text-decoration: underline;\">Nirvana<\/span> lan\u00e7ou seu \u00e1lbum Nevermind \ud83d\ude0a. Em <strong>1896<\/strong> nascia <span style=\"text-decoration: underline;\">F. Scott Fitzgerald<\/span>, em <strong>1902<\/strong> seria muito melhor se n\u00e3o tivesse nascido o infame <span style=\"text-decoration: underline;\">Aiatol\u00e1 Khomeini<\/span>. Em <strong>1944<\/strong> chega <span style=\"text-decoration: underline;\">Gilles Lipovetsky<\/span>. Em <strong>1949<\/strong> o mundo ficou mais colorido com a chegada de <span style=\"text-decoration: underline;\">Pedro Almod\u00f3var<\/span>. Em <strong>1541<\/strong> morria <span style=\"text-decoration: underline;\">Paracelso<\/span> e sua alquimia. Em <strong>1572<\/strong>, como consequ\u00eancia do 24 de setembro de 1493 morria o inca de nome bonito, <span style=\"text-decoration: underline;\">Tupac Amaru<\/span>. Em <strong>2004<\/strong>, Bom dia tristeza, com a morte de <span style=\"text-decoration: underline;\">Fran\u00e7oise Sagan<\/span>.<\/p>\n<hr \/>\n<p style=\"text-align: center;\"><em>s\u00e3o as mulheres que<\/em><br \/>\n<em>fazem chorar as cebolas<\/em><br \/>\n<em>como se descascassem a pr\u00f3pria vida<\/em><br \/>\n<em>e, arredondando-se ent\u00e3o, descobrissem<\/em><br \/>\n<em>um corpo, o seu<\/em><br \/>\n<em>uma vida, a sua<\/em><br \/>\n<em>e, no entanto, nada que de verdade<\/em><br \/>\n<em>pudessem seu chamar<\/em><br \/>\n<em>ou talvez sim, mas s\u00f3<\/em><br \/>\n<em>aquela gota de \u00e1gua salpicando<\/em><br \/>\n<em>um canto do avental onde<\/em><br \/>\n<em>desponta uma flor de pano colorida que<\/em><br \/>\n<em>ainda ontem ali n\u00e3o ardia<\/em><br \/>\n<span class=\"fe5nidar khvhiq1o r5qsrrlp i5tg98hk f9ovudaz przvwfww gx1rr48f gfz4du6o r7fjleex nz2484kf svot0ezm dcnh1tix sxl192xd t3g6t33p\"><span class=\"mpj7bzys xzlurrtv\">\u2665\ufe0f<\/span><\/span><\/p>\n<p style=\"text-align: center;\"><strong>B\u00e9n\u00e9dicte Houart <\/strong><\/p>\n<hr \/>\n<p><img loading=\"lazy\" decoding=\"async\" class=\" wp-image-1383 aligncenter\" src=\"https:\/\/nalua.in\/notas\/wp-content\/uploads\/2023\/09\/maeterramauricio.jpeg\" alt=\"\" width=\"500\" height=\"459\" srcset=\"https:\/\/nalua.in\/notas\/wp-content\/uploads\/2023\/09\/maeterramauricio.jpeg 660w, https:\/\/nalua.in\/notas\/wp-content\/uploads\/2023\/09\/maeterramauricio-300x275.jpeg 300w, https:\/\/nalua.in\/notas\/wp-content\/uploads\/2023\/09\/maeterramauricio-150x138.jpeg 150w\" sizes=\"auto, (max-width: 500px) 100vw, 500px\" \/><\/p>\n<hr \/>\n<h2 style=\"text-align: justify;\">Na v\u00e9spera de 24 de setembro de 1986, Alice Walker descreveu um encontro de imperatrizes em seu di\u00e1rio:<\/h2>\n<p style=\"text-align: right;\"><span style=\"font-size: 10pt;\">(Alice Walker, Maxine Waters, Angela Davis, Nikky Finney e Bernice Reagon reunidas para ajudar outra imperatriz, Winnie Mandela)<\/span><\/p>\n<p style=\"text-align: justify;\"><em>Acabei de voltar da cidade &amp; do concerto do Sweet Honey; foi um tremendo sucesso. Ingressos esgotados. Um p\u00fablico extremamente receptivo; na minha vez de cantar tudo correu bem, me diverti. Bernice estava majestosa, fant\u00e1stica e intimidadora como sempre. Ela literalmente me assusta &amp; assusta a maioria das pessoas, eu acho. Seu jeito \u00e9 t\u00e3o <span style=\"text-decoration: underline;\">imperial<\/span>. Ela \u00e9 como poucas pessoas que j\u00e1 conhec\u00ed, uma vontade extremamente forte, determina\u00e7\u00e3o feroz e personalidade forte. E ela \u00e9 supremamente dotada de uma voz magnifica que carrega s\u00e9culos de hist\u00f3ria &amp; almas negras envoltas em suas cordas vocais e uma compreens\u00e3o espiritual &amp; pol\u00edtica que torna o ato de ouvi-la um acontecimento incr\u00edvel. Amei todas as cantoras, t\u00e3o lindas em suas roupas e penteados! E gentileza, for\u00e7a e mulheridade por toda parte.<\/em><br \/>\n<em>Com meu pagamento de 7.500, mais os aprox. 4.000 de lucro l\u00edquido, devemos enviar a Winnie 12-13.000. Al\u00e9m de uma c\u00f3pia da fita &amp; da nota de cess\u00e3o de Maxine.<\/em><br \/>\n<em>Maxine (Waters) estava com seu jeito engra\u00e7ado e mal-humorado de sempre. Angela Davis engra\u00e7ada, risonha, vestida com um terno prateado muito atraente, os dreadlocks acobreados. Sua amiga Nikky veio com ela &amp; parece sua irm\u00e3 g\u00eamea, s\u00f3 que mais nova.<\/em><br \/>\n<em>Mas o evento me deixou de boca aberta.<\/em><\/p>\n<p style=\"text-align: right;\"><strong>Alice Walker \u2013 Colhendo flores sob inc\u00eandios \u2013\u00a0 Os Di\u00e1rios de Alice Walker \u2013 1965 \u2013 2000 \u2013 Ed. Rosa dos Tempos<\/strong><\/p>\n<table style=\"width: 100%; border-collapse: collapse; background-color: #dff7ef; height: 135px;\">\n<tbody>\n<tr style=\"height: 135px;\">\n<td style=\"width: 100%; height: 135px;\">\n<p style=\"text-align: center;\"><em>&#8220;Fendeu as rochas no deserto e deu-lhes tanta \u00e1gua como a que flui das profundezas;\u00a0<\/em><em>da pedra fez sair regatos e fluir \u00e1gua como um rio.&#8221;<\/em><\/p>\n<p style=\"text-align: center;\"><strong>Salmos 78:15-16<\/strong><\/p>\n<\/td>\n<\/tr>\n<\/tbody>\n<\/table>\n<p><img loading=\"lazy\" decoding=\"async\" class=\"size-full wp-image-1360 aligncenter\" src=\"https:\/\/nalua.in\/notas\/wp-content\/uploads\/2023\/09\/a-imperatrizp.jpg\" alt=\"\" width=\"350\" height=\"631\" srcset=\"https:\/\/nalua.in\/notas\/wp-content\/uploads\/2023\/09\/a-imperatrizp.jpg 350w, https:\/\/nalua.in\/notas\/wp-content\/uploads\/2023\/09\/a-imperatrizp-166x300.jpg 166w, https:\/\/nalua.in\/notas\/wp-content\/uploads\/2023\/09\/a-imperatrizp-150x270.jpg 150w\" sizes=\"auto, (max-width: 350px) 100vw, 350px\" \/><\/p>\n<blockquote>\n<p style=\"text-align: center;\"><em>As flores sempre tiveram coisas importantes para nos ensinar sobre o tempo.<\/em><\/p>\n<p style=\"text-align: center;\"><em>Michel Pollan<\/em><\/p>\n<\/blockquote>\n<p style=\"text-align: justify;\">Desde que comecei a escrever esse almanaque eu s\u00f3 n\u00e3o sorteei carta duas vezes. Quando saiu a <strong>Torre<\/strong> e quando saiu o <strong>2 de copas<\/strong>, pois a minha intui\u00e7\u00e3o dizia que eu devia falar dessas duas cartas em especial naqueles dias. E mesmo sorteando todas as demais, eu acho que as cartas mostraram uma <strong>sincronia impressionante com os dias e o tempo<\/strong>. E hoje n\u00e3o foi diferente, a beleza do tar\u00f4. Em plena entrada da primavera surgiu, gloriosa, a Imperatriz, a mais primaveril. Essa carta <strong>linda<\/strong>, <strong>luminosa<\/strong>, <strong>florida<\/strong>, de <strong>alegrias e ben\u00e7\u00e3os<\/strong>. A Imperatriz que sempre evoca <strong>beleza e fertilidade, alegria e tempos f\u00e1ceis<\/strong>. <span style=\"color: #000000;\"><a style=\"color: #000000;\" href=\"http:\/\/almanalua.blog\/uma-saideira-muita-saudade\/\" target=\"_blank\" rel=\"noopener\">Depois de termos abandonado a bagagem e os lugares que n\u00e3o nos cabiam mais<\/a><\/span>, a Imperatriz se sente \u00e0 vontade para aparecer e nos avisar que \u00e9 tempo de desabrochar. A Imperatriz \u00e9 o <strong>sucesso dos nossos planos<\/strong>. A met\u00e1fora \u00e9 imposs\u00edvel de confundir, ela vem para que a gente fa\u00e7a <strong>nascer o que temos dentro de n\u00f3s<\/strong>, o que estamos gestando h\u00e1 tanto tempo e precisa ver a luz. A energia da Imperatriz conduz ao sucesso. A Imperatriz quer que a gente <strong>coloque no mundo nossos projetos<\/strong>.<\/p>\n<p style=\"text-align: justify;\">\u00c9 uma semana para pensar naquilo que nos faz florescer. Nas pessoas, atividades, pensamentos que nos fazem <strong>sermos o melhor de n\u00f3s<\/strong>. Em uma imagem meio cafona, o que nos faria sermos um campo de lavanda em flor \ud83d\ude09 . <strong>O que \u00e9 que te faz sentir vivo? O que voc\u00ea realiza de melhor?<\/strong> Isso \u00e9 o que a imperatriz vem buscar.<\/p>\n<p style=\"text-align: justify;\"><strong>Essa \u00e9 uma semana boa para colheitas<\/strong>. Tamb\u00e9m \u00e9 perfeita para o <strong>encontro com a beleza<\/strong>. Aproveite as \u00e1rvores do caminho, as \u00e1rvores s\u00e3o imperatrizes tamb\u00e9m, os ip\u00eas est\u00e3o lindamente floridos.<\/p>\n<p style=\"text-align: justify;\">Mas \u00e9 bom que a gente n\u00e3o esque\u00e7a que a imperatriz tem o <strong>dom\u00ednio do tempo<\/strong>, do que <strong>nasce, cresce e morre<\/strong>. Por isso n\u00e3o vale \u00e0 pena ficar gestando demais suas <em>coisas<\/em>. <strong>Passa do tempo, e morre antes de nascer<\/strong>.<\/p>\n<p style=\"text-align: justify;\">O tar\u00f3logo Leo Chioda diz o seguinte a respeito da semana em que a Imperatriz rege:<\/p>\n<blockquote>\n<p style=\"text-align: justify;\"><em>A IMPERATRIZ lhe confere o poder de seduzir o mundo: voc\u00ea tem uma semana para mostrar a que veio; para convencer a exist\u00eancia de que suas ideias \u2014 tantas, n\u00e9? \u2014 s\u00e3o mesmo consider\u00e1veis e que consideram o bem e o belo de tudo e todos. O mau uso do seu poder ser\u00e1 cobrado e descontado a contento. N\u00c3O FA\u00c7A D\u00cdVIDAS, FA\u00c7A AMOR. E traga beleza a esse mundo, luz a esse per\u00edodo tenebroso, vida ao que morre diante de voc\u00ea. Honrar a coroa que a vida lhe d\u00e1. Fazer de pal\u00e1cio a ru\u00edna em que voc\u00ea se coloca.<\/em><\/p>\n<p><em>\ud83d\udd25 Ser voc\u00ea o seu pr\u00f3prio imp\u00e9rio<\/em><\/p><\/blockquote>\n<p style=\"text-align: justify;\">A Imperatriz tamb\u00e9m \u00e9 de muitas maneiras ligada \u00e0 terra, \u00e9 chamada de <strong>M\u00e3e Terra<\/strong> por v\u00e1rias tradi\u00e7\u00f5es de leitura e interpreta\u00e7\u00e3o. Como sociedade estamos sentindo na pele (e vamos sentir muito mais) que <strong>n\u00e3o temos sido nada gentis com a Terra.<\/strong> Todo mundo j\u00e1 sabe disso. Esse tamb\u00e9m \u00e9 um ensinamento do Arcano mais belo. <strong>A Terra \u00e9 a pr\u00f3pria Imperatriz<\/strong>, e n\u00e3o a estamos tratando bem. <strong>A Imperatriz \u00e9 generosa, \u00e9 doadora, \u00e9 m\u00e3e da alegria<\/strong>. Mas ela \u00e9 Imperatriz. Ela exige ser bem tratada, <strong>n\u00e3o \u00e9 poss\u00edvel desrespeitar uma Imperatriz e sair ileso<\/strong>. No plano coletivo estamos pagando o pre\u00e7o, por isso quando ela surge tamb\u00e9m \u00e9 bom perceber que temos uma <strong>d\u00edvida coletiva<\/strong> com a terra e com tudo que se liga a ela, com todos os seus signos e correspondentes. N\u00e3o \u00e9 demais falar isso, <strong>dever\u00edamos estar berrando\u00a0 na porta de toda corpora\u00e7\u00e3o maldita que nos est\u00e1 destruindo<\/strong>. Ou a gente trata a Imperatriz apropriadamente ou <strong>vamos queimar no seu fogo<\/strong>. Ser\u00e1 que ainda d\u00e1 tempo? O capeta j\u00e1 desembarcou.<\/p>\n<p style=\"text-align: justify;\">Sejamos s\u00e1bios em acolher a Imperatriz, e <em>recriar o para\u00edso agora, para merecer quem vem depois<\/em>.<\/p>\n<p>Boa jardinagem.<\/p>\n<table style=\"width: 100%; border-collapse: collapse; background-color: #d7f2fa;\">\n<tbody>\n<tr>\n<td style=\"width: 100%;\"><img loading=\"lazy\" decoding=\"async\" class=\"wp-image-1369 aligncenter\" src=\"https:\/\/nalua.in\/notas\/wp-content\/uploads\/2023\/09\/imperatrizz.jpg\" alt=\"\" width=\"350\" height=\"606\" srcset=\"https:\/\/nalua.in\/notas\/wp-content\/uploads\/2023\/09\/imperatrizz.jpg 1080w, https:\/\/nalua.in\/notas\/wp-content\/uploads\/2023\/09\/imperatrizz-173x300.jpg 173w, https:\/\/nalua.in\/notas\/wp-content\/uploads\/2023\/09\/imperatrizz-591x1024.jpg 591w, https:\/\/nalua.in\/notas\/wp-content\/uploads\/2023\/09\/imperatrizz-768x1330.jpg 768w, https:\/\/nalua.in\/notas\/wp-content\/uploads\/2023\/09\/imperatrizz-887x1536.jpg 887w, https:\/\/nalua.in\/notas\/wp-content\/uploads\/2023\/09\/imperatrizz-150x260.jpg 150w\" sizes=\"auto, (max-width: 350px) 100vw, 350px\" \/><\/p>\n<p style=\"text-align: justify;\">A carta de tarot A Imperatriz representa a energia feminina, a criatividade, a fertilidade e a abund\u00e2ncia. Ela \u00e9 a m\u00e3e, esposa, amante, artista, empreendedora. Ela simboliza o poder de gerar vida. A Imperatriz \u00e9 uma carta que chama a expressar a sua verdadeira ess\u00eancia e a sua beleza interior e exterior, a sua capacidade de criar e manifestar os seus sonhos. Ela tamb\u00e9m indica que voc\u00ea est\u00e1 em um momento de prosperidade e harmonia, que pode se refletir em todas as \u00e1reas da sua vida. <span style=\"font-family: inherit; font-size: inherit;\">A Imperatriz \u00e9 uma carta positiva e inspiradora, que te lembra do seu potencial ilimitado de cria\u00e7\u00e3o e realiza\u00e7\u00e3o. Ela te encoraja a ser fiel a si mesma, a honrar a sua ess\u00eancia, a celebrar a sua beleza. Ela te convida a desfrutar da abund\u00e2ncia e da felicidade que o universo te oferece.<\/span><\/p>\n<p style=\"text-align: justify;\">\u00a0Ela \u00e9 a terceira carta do tarot e \u00e9 frequentemente associada \u00e0 figura mitol\u00f3gica de v\u00e1rias deusas, como \u00cdsis, a deusa eg\u00edpcia da maternidade e da fertilidade, Dem\u00e9ter, Maria, etc. Na iconografia mais tradicional ela \u00e9 representada sentada em um trono, com um cetro em uma m\u00e3o e um escudo na outra. Ela usa uma coroa de estrelas e um vestido longo, geralmente com estampas florais ou frut\u00edferas. Atr\u00e1s dela, h\u00e1 um jardim f\u00e9rtil e exuberante, simbolizando a abund\u00e2ncia e a prosperidade. Esta carta \u00e9 vista como um s\u00edmbolo de poder feminino, representando a capacidade das mulheres de criar vida, nutrir e cuidar dos outros. Ela tamb\u00e9m representa a criatividade, a intui\u00e7\u00e3o e a sabedoria feminina. Na leitura do tarot, a Imperatriz pode indicar que o consultante est\u00e1 passando por um per\u00edodo f\u00e9rtil e criativo em sua vida. Ela pode representar uma gravidez ou o nascimento de uma nova ideia ou projeto. Esta carta tamb\u00e9m pode indicar a necessidade de se conectar com a pr\u00f3pria intui\u00e7\u00e3o e sabedoria interior.<\/p>\n<p style=\"text-align: justify;\">Al\u00e9m disso, a Imperatriz pode representar uma figura feminina forte e poderosa em sua vida, como uma m\u00e3e, av\u00f3 ou mentora. Ela tamb\u00e9m pode indicar a necessidade de se cuidar melhor e de nutrir-se f\u00edsica e emocionalmente.\u00a0Em rela\u00e7\u00e3o ao amor, a Imperatriz pode indicar uma fase de romance e paix\u00e3o na vida do consultante. Ela pode representar uma parceira amorosa ou um relacionamento saud\u00e1vel e equilibrado.<\/p>\n<\/td>\n<\/tr>\n<\/tbody>\n<\/table>\n<h2 style=\"text-align: center;\">Um texto para o choro da Imperatriz<\/h2>\n<p style=\"text-align: justify;\"><em>A Terra me emprestou seu barro e o Grande Esp\u00edrito me construiu. Minha m\u00e3e me deu abrigo enquanto eu escondida, me aprontava para sair. Minha m\u00e3e me deu abrigo para descansar. A terra me emprestou seus rios e mares para me esbaldar.<\/em><\/p>\n<p style=\"text-align: justify;\"><em>A terra me emprestou as flores para o meu enfeite, meu cheiro, meu mel, meu encanto. Minha m\u00e3e me emprestou seu sangue e suas l\u00e1grimas, para me fortificar. E o vento? A Terra me deu seus Ventos para me ninar e transpor barreiras nacionais e estrangeiras. Minha m\u00e3e me deu cantos e est\u00f3rias para embalar meus sonhos.<\/em><\/p>\n<p style=\"text-align: justify;\"><em>Ah&#8230;O doce balan\u00e7o da Terra \u2013 Terra redonda que gira, gira. O doce balan\u00e7o do ventre que agita, que agita.<\/em><\/p>\n<p style=\"text-align: justify;\"><em>Que Esp\u00edrito \u00e9 esse que construiu a Terra, que construiu a minha m\u00e3e, que me construiu?<\/em><\/p>\n<p style=\"text-align: justify;\"><em>Que \u00e1gua \u00e9 essa que me envolveu, me protegeu e ainda me inunda no processo da vida? Que \u00e1gua \u00e9 essa que me segue, que se esconde dentro de mim latejantemente quente, doce ou salgada me banhando desde o ventre, me espionando em toda parte, no alto, por baixo, por dentro e por fora, caindo suave, dominante, me chamando, me abastecendo sem fim?<\/em><\/p>\n<p style=\"text-align: justify;\"><em>Que Esp\u00edrito \u00e9 esse que construiu a \u00c1gua que deu origem \u00e0 vida que deu origem a tudo na calada da noite e ao romper do dia? \u00c1gua que nasce na fonte serena do mundo&#8230;<\/em><\/p>\n<p style=\"text-align: justify;\"><em>E a fam\u00edlia dos Ventos que movimentam o Tudo? Que se vestem coloridos nos bal\u00f5es da eterna inf\u00e2ncia, que sopram a \u00c1gua e o Fogo e as mazelas inconvenientes aos filhos da Terra, que revisam cada c\u00e9lula nutrindo ribombantes pulm\u00f5es, agitando mares?<\/em><\/p>\n<p style=\"text-align: justify;\"><em>Que Esp\u00edrito \u00e9 esse que construiu o Vento, que ordena tudo no vozerio da comunica\u00e7\u00e3o, na visita inesperada das folhas dan\u00e7antes, no bailado dos seres viventes, no solu\u00e7o e nos gemidos linguagens da dor e do amor?<\/em><\/p>\n<p style=\"text-align: justify;\"><em>Que Esp\u00edrito \u00e9 esse que emprestou o tempo, emprestou o espa\u00e7o, preencheu a Terra, preencheu meus ancestrais e me preenche com este passado forte, presente lindo e futuro certo?<\/em><\/p>\n<p style=\"text-align: justify;\"><em>Ah, o balan\u00e7o do tempo, o balan\u00e7o da terra, o balan\u00e7o do amor, o balan\u00e7o do ventre, o balan\u00e7o da despedida, da viagem com o vento como notas musicais. Indicando o caminho do portal Arco-\u00edris, trabalhar eternamente para a composi\u00e7\u00e3o do tudo. Da\u00ed recorda\u00e7\u00e3o musical&#8230; Vento que balan\u00e7a as folhas do coqueiro, vento que balan\u00e7a as \u00e1guas do mar. Vento diga, por favor, onde se escondeu o meu amor?!?!?!<\/em><\/p>\n<p style=\"text-align: justify;\"><em>Achei! no mar. Vento diga, por favor, onde se escondeu o meu amor?!?!?!<\/em><\/p>\n<p style=\"text-align: justify;\"><em>Achei!<\/em><\/p>\n<p style=\"text-align: right;\"><strong>Ver\u00f4nica Manauara\u00a0 &#8211; Mem\u00f3ria da M\u00e3e Terra &#8211; Ed. Thyd\u00eaw\u00e1<\/strong><\/p>\n<table style=\"width: 100%; border-collapse: collapse; background-color: #f4d1ff;\">\n<tbody>\n<tr>\n<td style=\"width: 100%;\">\n<h2 style=\"text-align: center;\">Falar das flores imperiais<\/h2>\n<\/td>\n<\/tr>\n<\/tbody>\n<\/table>\n<h3 style=\"text-align: center;\">Livro<\/h3>\n<p><img loading=\"lazy\" decoding=\"async\" class=\"wp-image-1371 aligncenter\" src=\"https:\/\/nalua.in\/notas\/wp-content\/uploads\/2023\/09\/dfretgf.jpg\" alt=\"\" width=\"300\" height=\"460\" srcset=\"https:\/\/nalua.in\/notas\/wp-content\/uploads\/2023\/09\/dfretgf.jpg 391w, https:\/\/nalua.in\/notas\/wp-content\/uploads\/2023\/09\/dfretgf-196x300.jpg 196w, https:\/\/nalua.in\/notas\/wp-content\/uploads\/2023\/09\/dfretgf-150x230.jpg 150w\" sizes=\"auto, (max-width: 300px) 100vw, 300px\" \/><\/p>\n<p style=\"text-align: justify;\"><strong>Zami &#8211; uma nova grafia do meu nome &#8211; Audre Lorde. <em>Indico porque \u00e9 ler a energia da Imperatriz na trajet\u00f3ria de uma mulher incr\u00edvel. Negra, quase cega, gorda e l\u00e9sbica. Atributos dela, assim como a majestade. Uma Imperatriz. Mas acima de tudo um livro muito bem escrito, gostoso demais de ler, e cheio de passagens que mexem com a gente. Se n\u00e3o valesse por tudo isso, valeria pelo retrato da ousadia e imensa coragem de Audre e suas amigas, sendo t\u00e3o livres em plenos anos 50! <span class=\"fe5nidar khvhiq1o r5qsrrlp i5tg98hk f9ovudaz przvwfww gx1rr48f gfz4du6o r7fjleex nz2484kf svot0ezm dcnh1tix sxl192xd t3g6t33p\"><span class=\"mpj7bzys xzlurrtv\">\ud83d\ude2e<\/span><\/span> \u00a0Esse livro foi lembran\u00e7a da La\u00eds, que leu antes de mim e viu nele o cerne do que significa a presen\u00e7a da Imperatriz.<\/em><\/strong><\/p>\n<hr \/>\n<p style=\"text-align: justify;\">Zami \u00e9 um livro autobiogr\u00e1fico da escritora e ativista Audre Lorde, publicado em 1982. Nele, Lorde narra sua trajet\u00f3ria de vida desde sua inf\u00e2ncia no Harlem at\u00e9 sua maturidade na d\u00e9cada de 1960. O livro \u00e9 uma mistura de mem\u00f3ria, hist\u00f3ria, fic\u00e7\u00e3o e mitologia, que Lorde chama de &#8220;biomito-grafia&#8221;. O t\u00edtulo do livro faz refer\u00eancia ao termo Zami, que significa &#8220;mulher que trabalha com mulheres&#8221; na l\u00edngua caribenha. O livro \u00e9 dedicado \u00e0s mulheres que fizeram parte da vida de Lorde. O livro \u00e9 considerado uma obra pioneira do g\u00eanero autobiogr\u00e1fico <em>queer<\/em>. Lorde usa uma linguagem po\u00e9tica e poderosa para contar sua hist\u00f3ria, que \u00e9 ao mesmo tempo pessoal e pol\u00edtica, individual e coletiva. O livro \u00e9 uma celebra\u00e7\u00e3o da diversidade, da criatividade e da solidariedade entre as mulheres.<\/p>\n<hr \/>\n<h3 style=\"text-align: center;\">Filme<\/h3>\n<p><img loading=\"lazy\" decoding=\"async\" class=\"size-full wp-image-1374 aligncenter\" src=\"https:\/\/nalua.in\/notas\/wp-content\/uploads\/2023\/09\/aflordomeusegredo.png\" alt=\"\" width=\"350\" height=\"467\" srcset=\"https:\/\/nalua.in\/notas\/wp-content\/uploads\/2023\/09\/aflordomeusegredo.png 350w, https:\/\/nalua.in\/notas\/wp-content\/uploads\/2023\/09\/aflordomeusegredo-225x300.png 225w, https:\/\/nalua.in\/notas\/wp-content\/uploads\/2023\/09\/aflordomeusegredo-150x200.png 150w\" sizes=\"auto, (max-width: 350px) 100vw, 350px\" \/><\/p>\n<p style=\"text-align: justify;\"><strong>A Flor do Meu Segredo &#8211; Pedro Almod\u00f3var &#8211; 1995. <em>Para homenagear o aniversariante do dia. Esse filme, uma trajet\u00f3ria de Imperatriz tamb\u00e9m. O meu filme preferido de Almod\u00f3var, pois \u00e9. Amo por v\u00e1rios motivos pessoais e intransfer\u00edveis, rs, amo tudo nele. Ele est\u00e1 aqui hoje porque Almod\u00f3var me torna uma pessoa melhor. Tenho muita saudade do tempo em que ia ver todos os filmes dele no cinema, j\u00e1 n\u00e3o sou mais capaz disto. Todo mundo merece ver Almod\u00f3var. E pela Imperatriz, a flor do meu segredo, essa beleza em forma de filme.<\/em><\/strong><\/p>\n<hr \/>\n<p style=\"text-align: justify;\">O filme &#8220;A Flor do Meu Segredo&#8221;, dirigido por Pedro Almod\u00f3var, \u00e9 uma obra cinematogr\u00e1fica que aborda temas como a solid\u00e3o, a busca pela identidade e a import\u00e2ncia da arte como meio de express\u00e3o e transforma\u00e7\u00e3o pessoal.\u00a0A trama acompanha a hist\u00f3ria de Leo, uma escritora de romances sentimentais que passa por uma crise criativa e pessoal ap\u00f3s o fim de seu casamento. Ela se v\u00ea isolada em seu apartamento, afastada dos amigos e da fam\u00edlia, e come\u00e7a a questionar sua identidade como escritora e como mulher.\u00a0Ao longo do filme, somos apresentados a personagens que representam diferentes facetas da vida de Leo, como sua irm\u00e3, que \u00e9 uma m\u00e3e solteira em busca de um novo amor, e sua editora, que tenta convenc\u00ea-la a mudar seu estilo liter\u00e1rio para alcan\u00e7ar um p\u00fablico maior. Al\u00e9m disso, Leo come\u00e7a a se envolver com um homem misterioso que conheceu em uma livraria, o que a leva a questionar ainda mais suas escolhas e desejos.\u00a0O filme \u00e9 marcado pela sensibilidade e pela habilidade de Almod\u00f3var em explorar as emo\u00e7\u00f5es e os conflitos internos dos personagens. A dire\u00e7\u00e3o de arte \u00e9 impec\u00e1vel, com cen\u00e1rios e figurinos que refletem o estado emocional dos personagens e ajudam a criar uma atmosfera melanc\u00f3lica e introspectiva. Destaca-se tamb\u00e9m a atua\u00e7\u00e3o da atriz Marisa Paredes, que interpreta Leo com maestria e consegue transmitir toda a complexidade emocional da personagem. Outros destaques do elenco s\u00e3o as atrizes Rossy de Palma e Chus Lampreave, que d\u00e3o vida a personagens secund\u00e1rias cativantes e cheias de personalidade.<\/p>\n<hr \/>\n<h3 style=\"text-align: center;\">Document\u00e1rio<\/h3>\n<p><img loading=\"lazy\" decoding=\"async\" class=\" wp-image-1377 aligncenter\" src=\"https:\/\/nalua.in\/notas\/wp-content\/uploads\/2023\/09\/mercedesosalavozp.jpg\" alt=\"\" width=\"299\" height=\"449\" srcset=\"https:\/\/nalua.in\/notas\/wp-content\/uploads\/2023\/09\/mercedesosalavozp.jpg 350w, https:\/\/nalua.in\/notas\/wp-content\/uploads\/2023\/09\/mercedesosalavozp-200x300.jpg 200w, https:\/\/nalua.in\/notas\/wp-content\/uploads\/2023\/09\/mercedesosalavozp-150x225.jpg 150w\" sizes=\"auto, (max-width: 299px) 100vw, 299px\" \/><\/p>\n<p style=\"text-align: justify;\"><strong>Mercedes Sosa &#8211; La voz De latinoamerica. Rodrigo H. Vila &#8211;\u00a0 2013. <em>Outra Imperatriz absoluta. Quem ousa n\u00e3o amar Mercedes Sosa? Esse document\u00e1rio \u00e9 \u00f3timo, muito bonito e muito emocionante. Eu fiquei engasgada em v\u00e1rias partes dele. Mercedes tem que ser vista, tem que ser ouvida e tem que ser amada. Esse document\u00e1rio serve bem pra isso, \u00e9 uma delicadeza. <a href=\"https:\/\/www.youtube.com\/playlist?list=PLsyNc7NNSlYv8ylcOs0dDOVgnsWxGgPWZ\" target=\"_blank\" rel=\"noopener\">Est\u00e1 dispon\u00edvel aqui, sem legendas<\/a>.<\/em>\u00a0<\/strong><\/p>\n<hr \/>\n<p style=\"text-align: justify;\">O document\u00e1rio &#8220;Mercedes Sosa: La Voz de Latinoam\u00e9rica&#8221; \u00e9 uma obra que retrata a vida e a carreira da cantora argentina Mercedes Sosa, uma das maiores vozes da m\u00fasica latino-americana. Dirigido pelo argentino Rodrigo H. Vila, o filme apresenta depoimentos de familiares, amigos e artistas que conviveram com a cantora, al\u00e9m de imagens de arquivo e trechos de apresenta\u00e7\u00f5es ao vivo.\u00a0Mercedes Sosa nasceu em 9 de julho de 1935, na cidade de Tucum\u00e1n, na Argentina. Desde cedo, mostrou interesse pela m\u00fasica e come\u00e7ou a cantar em festivais locais. Em 1950, mudou-se para Buenos Aires, onde participou de programas de r\u00e1dio e televis\u00e3o e come\u00e7ou a se destacar no cen\u00e1rio musical.\u00a0Ao longo de sua carreira, Mercedes Sosa gravou mais de 40 \u00e1lbuns e se apresentou em diversos pa\u00edses da Am\u00e9rica Latina e da Europa. Sua m\u00fasica era marcada por letras engajadas e pela defesa dos direitos humanos e das minorias. Por isso, ela foi perseguida durante a ditadura militar argentina (1976-1983) e teve que se exilar na Europa.\u00a0O document\u00e1rio &#8220;Mercedes Sosa: La Voz de Latinoam\u00e9rica&#8221; mostra como a cantora se tornou um \u00edcone da m\u00fasica latino-americana e como suas can\u00e7\u00f5es foram importantes para a luta contra as injusti\u00e7as sociais. O filme tamb\u00e9m aborda a rela\u00e7\u00e3o de Mercedes Sosa com outros artistas, como Chico Buarque, Milton Nascimento e Pablo Milan\u00e9s.<\/p>\n<p style=\"text-align: justify;\">Al\u00e9m disso, o document\u00e1rio retrata a vida pessoal da cantora, mostrando sua rela\u00e7\u00e3o com a fam\u00edlia e seus problemas de sa\u00fade. Mercedes Sosa faleceu em 4 de outubro de 2009, aos 74 anos, deixando um legado importante para a m\u00fasica latino-americana. &#8220;Mercedes Sosa: La Voz de Latinoam\u00e9rica&#8221; \u00e9 emocionante e informativo. A produ\u00e7\u00e3o \u00e9 uma homenagem \u00e0 artista e uma oportunidade para conhecer melhor sua hist\u00f3ria e sua m\u00fasica.<\/p>\n<hr \/>\n<h3 style=\"text-align: center;\">S\u00e9rie<\/h3>\n<p><img loading=\"lazy\" decoding=\"async\" class=\" wp-image-1404 aligncenter\" src=\"https:\/\/nalua.in\/notas\/wp-content\/uploads\/2023\/09\/svu2.jpg\" alt=\"\" width=\"299\" height=\"399\" srcset=\"https:\/\/nalua.in\/notas\/wp-content\/uploads\/2023\/09\/svu2.jpg 350w, https:\/\/nalua.in\/notas\/wp-content\/uploads\/2023\/09\/svu2-225x300.jpg 225w, https:\/\/nalua.in\/notas\/wp-content\/uploads\/2023\/09\/svu2-150x200.jpg 150w\" sizes=\"auto, (max-width: 299px) 100vw, 299px\" \/><\/p>\n<p style=\"text-align: justify;\"><strong>Lei e Ordem &#8211; Unidade de V\u00edtimas Especiais &#8211; 1999 &#8211; at\u00e9 hoje. Dick Wolf. <em>Especialmente no arco da vida da protagonista Olivia. Foi lembran\u00e7a do Tariq, que tamb\u00e9m assistiu as 24 temporadas. Eu n\u00e3o sei dizer apropriadamente o quanto eu amo essa s\u00e9rie. Talvez ame tanto porque ela me fez companhia em dias dif\u00edceis, e conseguiu me fazer mergulhar em outra realidade. Eu ficava ansiosa esperando a hora de poder voltar pra ela. E fiquei realmente sentindo um vazio quando ela terminou. Olivia, a protgonista faz uma trajet\u00f3ria com a m\u00e3o da Imperatriz, embora tenha levado muitos e muitos anos para ter sua colheita e desfrutar do seu trono.\u00a0<\/em><\/strong><strong><em>Ela \u00e9 uma personagem incr\u00edvel.\u00a0<\/em><\/strong><\/p>\n<p style=\"text-align: justify;\"><strong><em>Mas uma coisa <span style=\"color: #ff0000;\">realmente<\/span> interessante em assistir a s\u00e9rie agora \u00e9 perceber epis\u00f3dio a epis\u00f3dio, temporada a temporada, como o mundo mudou, a volta incr\u00edvel que demos como sociedade. Fica t\u00e3o claro isso na s\u00e9rie que \u00e9 quase um experimento antropol\u00f3gico, \u00e9 fascinante para quem se interessa por isso. A s\u00e9rie \u00e9 muito longa, mas se puderem, vale demais assistir.<\/em><\/strong><\/p>\n<hr \/>\n<p style=\"text-align: justify;\">A s\u00e9rie <em>Lei e Ordem &#8211; Unidade de V\u00edtimas Especiais<\/em> \u00e9 uma das mais longevas e populares produ\u00e7\u00f5es televisivas do g\u00eanero policial. Criada por Dick Wolf em 1999, a s\u00e9rie \u00e9 um spin-off da s\u00e9rie Law and Order, que j\u00e1 havia sido um grande sucesso na d\u00e9cada de 1990. A sigla SVU significa Unidade de V\u00edtimas Especiais em portugu\u00eas. A s\u00e9rie acompanha o trabalho de uma equipe de detetives da pol\u00edcia de Nova York que investiga crimes sexuais, como estupros, abusos sexuais e crimes relacionados \u00e0 pedofilia. O elenco principal da s\u00e9rie \u00e9 formado por Mariska Hargitay, Ice-T, Kelli Giddish, Peter Scanavino e Jamie Gray Hyder.\u00a0Ao longo de suas mais de 20 temporadas, Law and Order: SVU j\u00e1 abordou diversos temas importantes e sens\u00edveis, como abuso infantil, tr\u00e1fico humano, viol\u00eancia dom\u00e9stica, crimes de \u00f3dio e estupro. A s\u00e9rie \u00e9 conhecida por sua abordagem realista e corajosa desses temas, muitas vezes retratando casos que foram inspirados em crimes reais.\u00a0Al\u00e9m disso, a s\u00e9rie tamb\u00e9m \u00e9 conhecida por seu elenco diverso e inclusivo. A personagem principal, Olivia Benson, interpretada por Mariska Hargitay, \u00e9 uma das poucas protagonistas femininas em uma s\u00e9rie policial e \u00e9 uma forte defensora das v\u00edtimas de crimes sexuais. Ice-T interpreta o detetive Fin Tutuola, um ex-policial que agora trabalha na unidade de v\u00edtimas especiais e traz uma perspectiva \u00fanica para a equipe.<\/p>\n<hr \/>\n<figure id=\"attachment_1386\" aria-describedby=\"caption-attachment-1386\" style=\"width: 349px\" class=\"wp-caption aligncenter\"><img loading=\"lazy\" decoding=\"async\" class=\"wp-image-1386\" src=\"https:\/\/nalua.in\/notas\/wp-content\/uploads\/2023\/09\/meuipe.jpeg\" alt=\"\" width=\"349\" height=\"572\" srcset=\"https:\/\/nalua.in\/notas\/wp-content\/uploads\/2023\/09\/meuipe.jpeg 394w, https:\/\/nalua.in\/notas\/wp-content\/uploads\/2023\/09\/meuipe-183x300.jpeg 183w, https:\/\/nalua.in\/notas\/wp-content\/uploads\/2023\/09\/meuipe-150x246.jpeg 150w\" sizes=\"auto, (max-width: 349px) 100vw, 349px\" \/><figcaption id=\"caption-attachment-1386\" class=\"wp-caption-text\"><em>Esse \u00e9 o &#8220;meu&#8221; ip\u00ea. O primeiro que vejo quando saio de casa. E ele estava assim majestoso hoje.<\/em><\/figcaption><\/figure>\n<p>&nbsp;<\/p>\n<table style=\"width: 100%; border-collapse: collapse; background-color: #a8f2f7;\">\n<tbody>\n<tr>\n<td style=\"width: 100%;\">\n<p style=\"text-align: center;\"><em>Vendo uma flor no campo<\/em><br \/>\n<em>Talvez sequer perceba<\/em><br \/>\n<em>A sutil Circunst\u00e2ncia<\/em><\/p>\n<p style=\"text-align: center;\"><em>Que h\u00e1 na L\u00facida Tarefa<\/em><br \/>\n<em>A tal custo cumprida<\/em><br \/>\n<em>Para se abrir qual Borboleta<\/em><br \/>\n<em>Ao Sol do meio-dia \u2013<\/em><\/p>\n<p style=\"text-align: center;\"><em>Encher Bot\u00e3o \u2013 evitar Bicho \u2013<\/em><br \/>\n<em>O Orvalho obter bem cedo \u2013<\/em><br \/>\n<em>Expor-se \u00e0 Luz- fugir ao Vento \u2013<\/em><br \/>\n<em>Precaver-se da Abelha<\/em><br \/>\n<em>E n\u00e3o frustrar a Natureza<\/em><\/p>\n<p style=\"text-align: center;\"><em>Ser uma Flor \u00e9 uma profunda<\/em><br \/>\n<em>Responsabilidade \u2013<\/em><\/p>\n<p style=\"text-align: center;\"><strong>Emily Dickinson<\/strong><\/p>\n<\/td>\n<\/tr>\n<\/tbody>\n<\/table>\n<p><img loading=\"lazy\" decoding=\"async\" class=\" wp-image-1378 aligncenter\" src=\"https:\/\/nalua.in\/notas\/wp-content\/uploads\/2023\/09\/mafalda2.jpg\" alt=\"\" width=\"451\" height=\"418\" srcset=\"https:\/\/nalua.in\/notas\/wp-content\/uploads\/2023\/09\/mafalda2.jpg 705w, https:\/\/nalua.in\/notas\/wp-content\/uploads\/2023\/09\/mafalda2-300x278.jpg 300w, https:\/\/nalua.in\/notas\/wp-content\/uploads\/2023\/09\/mafalda2-150x139.jpg 150w\" sizes=\"auto, (max-width: 451px) 100vw, 451px\" \/><\/p>\n<p style=\"text-align: center;\"><span style=\"font-size: 10pt;\"><strong>Post com a colabora\u00e7\u00e3o de\u00a0<a href=\"http:\/\/instagram.com\/laismeralda\" target=\"_blank\" rel=\"noopener\">@laismeralda, que \u00e9 a<em>\u00a0melhor cartomante do peda\u00e7o, marque sua consulta com ela.<\/em><\/a><\/strong><\/span><\/p>\n<hr \/>\n<p style=\"text-align: center;\"><span style=\"font-size: 8pt;\">24 de setembro \u00e9 o 267.\u00ba dia do ano no calend\u00e1rio gregoriano (268.\u00ba em anos bissextos). Faltam 98 dias para acabar o ano.<\/span><\/p>\n<hr \/>\n<p style=\"text-align: justify;\"><em>Se voc\u00ea leu at\u00e9 aqui, obrigada! Esse \u00e9 o meu almanaque particular. Um peda\u00e7o do meu di\u00e1rio, da minha arca da velha, um registro de pequenas efem\u00e9rides, de coisas que quero guardar, do tempo, do vento, do c\u00e9u e do cheiro da chuva. Os Vest\u00edgios do Dia, meus dias. Aqui s\u00f3 tem refer\u00eancias, pois \u00e9 disso que sou feita.<\/em><\/p>\n<table style=\"height: 24px; width: 100%; border-collapse: collapse; background-color: #ebaeae;\">\n<tbody>\n<tr style=\"height: 24px;\">\n<td style=\"width: 99.9285%; text-align: center; height: 24px;\">\u00a9 Nalua \u2013 Caderninho pessoal, bauzinho de trapos coloridos, nos morros de Minas Gerais. Primavera infernal.<\/td>\n<\/tr>\n<\/tbody>\n<\/table>\n<div id=\"post-wrapper\" class=\"post-wrapper\">\n<article id=\"post-610\" class=\"post-610 post type-post status-publish format-standard hentry category-almanaque category-carta-semanal category-jardim category-newsletter category-oraculo\">\n<div class=\"entry-content\">\n<p style=\"text-align: center;\"><span style=\"font-size: 8pt;\"><em>Esta \u00e9 a 28\u00aa de 78 p\u00e1ginas que ter\u00e1 este almanaque.<\/em><\/span><\/p>\n<\/div>\n<\/article>\n<\/div>\n","protected":false},"excerpt":{"rendered":"<p>solo sagrado ch\u00e3o quente Belo Horizonte, 24 de setembro de 2023 \ud83d\udd25 Desembarcou o capeta 24 de setembro \u00e9 dia de Nossa Senhora das Merc\u00eas [&#8230;]<\/p>\n","protected":false},"author":1,"featured_media":0,"comment_status":"open","ping_status":"open","sticky":false,"template":"","format":"standard","meta":{"footnotes":""},"categories":[9,13,10,5,12],"tags":[],"class_list":["post-1357","post","type-post","status-publish","format-standard","hentry","category-almanaque","category-carta-semanal","category-jardim","category-newsletter","category-oraculo"],"_links":{"self":[{"href":"https:\/\/nalua.in\/notas\/wp-json\/wp\/v2\/posts\/1357","targetHints":{"allow":["GET"]}}],"collection":[{"href":"https:\/\/nalua.in\/notas\/wp-json\/wp\/v2\/posts"}],"about":[{"href":"https:\/\/nalua.in\/notas\/wp-json\/wp\/v2\/types\/post"}],"author":[{"embeddable":true,"href":"https:\/\/nalua.in\/notas\/wp-json\/wp\/v2\/users\/1"}],"replies":[{"embeddable":true,"href":"https:\/\/nalua.in\/notas\/wp-json\/wp\/v2\/comments?post=1357"}],"version-history":[{"count":35,"href":"https:\/\/nalua.in\/notas\/wp-json\/wp\/v2\/posts\/1357\/revisions"}],"predecessor-version":[{"id":1406,"href":"https:\/\/nalua.in\/notas\/wp-json\/wp\/v2\/posts\/1357\/revisions\/1406"}],"wp:attachment":[{"href":"https:\/\/nalua.in\/notas\/wp-json\/wp\/v2\/media?parent=1357"}],"wp:term":[{"taxonomy":"category","embeddable":true,"href":"https:\/\/nalua.in\/notas\/wp-json\/wp\/v2\/categories?post=1357"},{"taxonomy":"post_tag","embeddable":true,"href":"https:\/\/nalua.in\/notas\/wp-json\/wp\/v2\/tags?post=1357"}],"curies":[{"name":"wp","href":"https:\/\/api.w.org\/{rel}","templated":true}]}}