{"id":127,"date":"2023-02-25T16:09:52","date_gmt":"2023-02-25T16:09:52","guid":{"rendered":"https:\/\/nalua.in\/notas\/?p=127"},"modified":"2023-05-31T12:41:28","modified_gmt":"2023-05-31T12:41:28","slug":"127-2","status":"publish","type":"post","link":"https:\/\/nalua.in\/notas\/127-2\/","title":{"rendered":""},"content":{"rendered":"<p>&nbsp;<\/p>\n<p style=\"text-align: center;\"><em><span style=\"font-size: 18pt;\">Belo Horizonte, 14 de abril de 2022<\/span><\/em><\/p>\n<p style=\"text-align: justify;\">\n<h1>Conto da Semana: Perplexidade , de Maria Judite de Carvalho<\/h1>\n<p>A crian\u00e7a estava perplexa. Tinha os olhos maiores e mais brilhantes do que nos outros dias, e um risquinho novo, vertical, entre as sobrancelhas breves. \u00abN\u00e3o percebo\u00bb, disse.<br \/>\nEm frente da televis\u00e3o, os pais. Olhar para o pequeno \u00e9cran era a maneira de olharem um para o outro. Mas nessa noite, nem isso. Ela fazia tric\u00f4, ele tinha o jornal aberto. Mas tric\u00f4 e jornal eram \u00e1libis. Nessa noite recusavam mesmo o \u00e9cran onde os seus olhares se confundiam. A menina, por\u00e9m, ainda n\u00e3o tinha idade para fingimentos t\u00e3o adultos e subtis, e, sentada no ch\u00e3o, olhava de frente, com toda a sua alma. E ent\u00e3o o olhar grande a rugazinha e aquilo de n\u00e3o perceber. \u00abN\u00e3o percebo\u00bb, repetiu.<\/p>\n<p>\u00abO que \u00e9 que n\u00e3o percebes?\u00bb disse a m\u00e3e por dizer, no fim da carreira, aproveitando a deixa para rasgar o sil\u00eancio ruidoso em que algu\u00e9m espancava algu\u00e9m com requintes de malvadez.<\/p>\n<p>\u00abIsto, por exemplo.\u00bb<\/p>\n<p>\u00abIsto o qu\u00ea\u00bb<\/p>\n<p>\u00abSei l\u00e1. A vida\u00bb, disse a crian\u00e7a com seriedade.<\/p>\n<p>O pai dobrou o jornal, quis saber qual era o problema que preocupava tanto a filha de oito anos, t\u00e3o subitamente. Como de costume preparava-se para lhe explicar todos os problemas, os de aritm\u00e9tica e os outros.<\/p>\n<p>\u00abTudo o que nos dizem para n\u00e3o fazermos \u00e9 mentira.\u00bb<\/p>\n<p>\u00abN\u00e3o percebo.\u00bb<\/p>\n<p>\u00abOra, tanta coisa. Tudo. Tenho pensado muito e\u2026 Dizem-nos para n\u00e3o matar, para n\u00e3o bater. At\u00e9 n\u00e3o beber \u00e1lcool, porque faz mal. E depois a televis\u00e3o\u2026 Nos filmes, nos an\u00fancios\u2026 Como \u00e9 a vida, afinal?\u00bb<\/p>\n<p>A m\u00e3o largou o tric\u00f4 e engoliu em seco. O pai respirou fundo como quem se prepara para uma corrida dif\u00edcil.<\/p>\n<p>\u00abOra vejamos,\u00bb disse ele olhando para o teto em busca de inspira\u00e7\u00e3o. \u00abA vida&#8230;\u00bb<\/p>\n<p>Mas n\u00e3o era t\u00e3o f\u00e1cil como isso falar do desrespeito, do desamor, do absurdo que ele aceitara como normal e que a filha, aos oito anos, recusava.<\/p>\n<p>\u00abA vida&#8230;\u00bb, repetiu.<\/p>\n<p>As agulhas do tric\u00f4 tinham recome\u00e7ado a esvoa\u00e7ar como p\u00e1ssaros de asas cortadas.<\/p>\n<hr \/>\n<p>&nbsp;<\/p>\n<p style=\"text-align: center;\"><span style=\"color: #993366;\">\u201cO segredo n\u00e3o \u00e9 escrever sobre o que voc\u00ea mais ama, mas sobre o que voc\u00ea, sozinho, ama.\u201d \u2014 \u00a0Annie Dillard<\/span><\/p>\n<p>&nbsp;<\/p>\n<table style=\"width: 100%;\">\n<tbody>\n<tr>\n<td style=\"width: 48.6409%;\" colspan=\"1\" rowspan=\"1\"><img loading=\"lazy\" decoding=\"async\" class=\"aligncenter\" title=\"\" src=\"https:\/\/ecp.yusercontent.com\/mail?url=https%3A%2F%2Flh6.googleusercontent.com%2F-9orn-lrZTkunZZXjilSg_bfjU3H2ZxK8jXUgA8ha3_j9UtuKp06aFPvz93ECv_x3Xb5HyoGfAeok7o5w26VARboGrzOOL0YTtO6iI2hd6ZR5p0Jri5x_df_p4WJJSVLoFDEpOh4&amp;t=1677341147&amp;ymreqid=b30073bc-5668-800c-1c3c-850035018600&amp;sig=8HuzUg8c5axuT4Csmz0.ng--~D\" alt=\"\" width=\"239\" height=\"319\" \/><\/p>\n<p>Os esc\u00e2ndalos continuam a todo vapor no pior governo da nossa hist\u00f3ria.<\/p>\n<p>\u2014<\/p>\n<p>\u201cN\u00e3o sei onde foi que eu li, a beleza n\u00e3o est\u00e1 nem na luz da manh\u00e3 nem na sombra da tarde, est\u00e1 no crep\u00fasculo, nesse meio-tom, nessa ambig\u00fcidade. Estou lhe dando um crep\u00fasculo numa bandeja e voc\u00ea se queixa.\u201d<\/p>\n<p>Lygia Fagundes Telles, 1923-2022, no conto \u201cVenha ver o p\u00f4r do sol\u201d<\/td>\n<td style=\"width: 51.0015%;\" colspan=\"1\" rowspan=\"1\">\n<h2>Vendo:<\/h2>\n<ul>\n<li>Star Trek Nova gera\u00e7\u00e3o 7\u00aa Temporada<\/li>\n<li>A Hist\u00f3ria do Cinema &#8211; Uma odisseia<\/li>\n<li>Na Idade da Inoc\u00eancia &#8211; 1976 F. Truffaut<\/li>\n<\/ul>\n<p>&nbsp;<\/p>\n<h2>Lendo:<\/h2>\n<ul>\n<li>S\u00f3 N\u00f3s &#8211; Claudia Rankine<\/li>\n<li>\u00c1gua fresca para as flores &#8211; Valerie Perrin<\/li>\n<\/ul>\n<p>&nbsp;<\/p>\n<h2>Ouvindo<\/h2>\n<h3>Podcast<\/h3>\n<ul>\n<li>Calcinha Larga<\/li>\n<li>Di\u00e1rio Poss\u00edvel<\/li>\n<\/ul>\n<p>&nbsp;<\/p>\n<h3>M\u00fasicas<\/h3>\n<ul>\n<li>U2<\/li>\n<li>Dylan<\/li>\n<li>Caetano<\/li>\n<\/ul>\n<\/td>\n<\/tr>\n<\/tbody>\n<\/table>\n<p style=\"text-align: center;\">\u00a9 Nalua.\u00a0Newsletter semanal, cr\u00f4nicas da vida comezinha.<\/p>\n","protected":false},"excerpt":{"rendered":"<p>&nbsp; Belo Horizonte, 14 de abril de 2022 Conto da Semana: Perplexidade , de Maria Judite de Carvalho A crian\u00e7a estava perplexa. Tinha os olhos [&#8230;]<\/p>\n","protected":false},"author":1,"featured_media":0,"comment_status":"open","ping_status":"open","sticky":false,"template":"","format":"standard","meta":{"footnotes":""},"categories":[5],"tags":[],"class_list":["post-127","post","type-post","status-publish","format-standard","hentry","category-newsletter"],"_links":{"self":[{"href":"https:\/\/nalua.in\/notas\/wp-json\/wp\/v2\/posts\/127","targetHints":{"allow":["GET"]}}],"collection":[{"href":"https:\/\/nalua.in\/notas\/wp-json\/wp\/v2\/posts"}],"about":[{"href":"https:\/\/nalua.in\/notas\/wp-json\/wp\/v2\/types\/post"}],"author":[{"embeddable":true,"href":"https:\/\/nalua.in\/notas\/wp-json\/wp\/v2\/users\/1"}],"replies":[{"embeddable":true,"href":"https:\/\/nalua.in\/notas\/wp-json\/wp\/v2\/comments?post=127"}],"version-history":[{"count":2,"href":"https:\/\/nalua.in\/notas\/wp-json\/wp\/v2\/posts\/127\/revisions"}],"predecessor-version":[{"id":641,"href":"https:\/\/nalua.in\/notas\/wp-json\/wp\/v2\/posts\/127\/revisions\/641"}],"wp:attachment":[{"href":"https:\/\/nalua.in\/notas\/wp-json\/wp\/v2\/media?parent=127"}],"wp:term":[{"taxonomy":"category","embeddable":true,"href":"https:\/\/nalua.in\/notas\/wp-json\/wp\/v2\/categories?post=127"},{"taxonomy":"post_tag","embeddable":true,"href":"https:\/\/nalua.in\/notas\/wp-json\/wp\/v2\/tags?post=127"}],"curies":[{"name":"wp","href":"https:\/\/api.w.org\/{rel}","templated":true}]}}