{"id":1216,"date":"2023-09-02T20:48:42","date_gmt":"2023-09-02T20:48:42","guid":{"rendered":"https:\/\/nalua.in\/notas\/?p=1216"},"modified":"2023-09-03T02:48:26","modified_gmt":"2023-09-03T02:48:26","slug":"os-olhos-seus-precisam-ter-coragem","status":"publish","type":"post","link":"https:\/\/nalua.in\/notas\/os-olhos-seus-precisam-ter-coragem\/","title":{"rendered":""},"content":{"rendered":"<p style=\"text-align: center;\"><a href=\"https:\/\/almanaque.nalu.in\/estrelas.html\" target=\"_blank\" rel=\"noopener\"><span style=\"font-size: 8pt;\">os olhos seus precisam ter coragem<\/span><\/a><br \/>\n<img loading=\"lazy\" decoding=\"async\" class=\"size-full wp-image-858 aligncenter\" src=\"https:\/\/nalua.in\/notas\/wp-content\/uploads\/2023\/06\/cropped-cabecalho-sera.jpg\" alt=\"\" width=\"987\" height=\"226\" srcset=\"https:\/\/nalua.in\/notas\/wp-content\/uploads\/2023\/06\/cropped-cabecalho-sera.jpg 987w, https:\/\/nalua.in\/notas\/wp-content\/uploads\/2023\/06\/cropped-cabecalho-sera-300x69.jpg 300w, https:\/\/nalua.in\/notas\/wp-content\/uploads\/2023\/06\/cropped-cabecalho-sera-768x176.jpg 768w, https:\/\/nalua.in\/notas\/wp-content\/uploads\/2023\/06\/cropped-cabecalho-sera-150x34.jpg 150w\" sizes=\"auto, (max-width: 987px) 100vw, 987px\" \/><\/p>\n<p style=\"text-align: center;\">Belo Horizonte, 3 de setembro de 2023<\/p>\n<p style=\"text-align: center;\"><strong>\u263c<\/strong><strong>17<\/strong><strong>\u00b0<\/strong>\u00a0<strong>\u2013<\/strong><strong> 29<\/strong><strong>\u00b0<\/strong><\/p>\n<hr \/>\n<p style=\"text-align: center;\"><span style=\"font-size: 14pt;\"><strong>3 de setembro<\/strong> \u00e9 anivers\u00e1rio da <span style=\"text-decoration: underline;\">Sylvia<\/span><\/span>. <span style=\"font-size: 14pt;\">E tamb\u00e9m\u00a0do <span style=\"text-decoration: underline;\">Eduardo Galeano,<\/span> que j\u00e1 se mandou para as estrelas.\u00a0<\/span>Faltam 2 dias para o anivers\u00e1rio da minha irm\u00e3 <span style=\"text-decoration: underline;\">Krighia.<\/span><\/p>\n<hr \/>\n<p><img loading=\"lazy\" decoding=\"async\" class=\"size-full wp-image-1256 aligncenter\" src=\"https:\/\/nalua.in\/notas\/wp-content\/uploads\/2023\/09\/cobrasp.jpg\" alt=\"\" width=\"347\" height=\"298\" srcset=\"https:\/\/nalua.in\/notas\/wp-content\/uploads\/2023\/09\/cobrasp.jpg 347w, https:\/\/nalua.in\/notas\/wp-content\/uploads\/2023\/09\/cobrasp-300x258.jpg 300w, https:\/\/nalua.in\/notas\/wp-content\/uploads\/2023\/09\/cobrasp-150x129.jpg 150w\" sizes=\"auto, (max-width: 347px) 100vw, 347px\" \/><\/p>\n<hr \/>\n<p style=\"text-align: center;\"><em>Agora me torno eu mesma. Levou<\/em><br \/>\n<em>tempo, muitos anos e lugares;<\/em><br \/>\n<em>Eu me dissolvi, estremeci,<\/em><br \/>\n<em>Usei o rosto de outras pessoas,<\/em><br \/>\n<em>Corri loucamente, como se o Tempo estivesse l\u00e1,<\/em><br \/>\n<em>Muit\u00edssimo velho, gritando um aviso,<\/em><br \/>\n<em>&#8220;Depressa, voc\u00ea estar\u00e1 morta antes -&#8220;<\/em><br \/>\n<em>(Antes de qu\u00ea? Antes de raiar a manh\u00e3?<\/em><br \/>\n<em>Antes do fim do poema ficar claro?<\/em><br \/>\n<em>Ou antes de amar a salvo numa cidade murada?)<\/em><br \/>\n<em>Agora para ficar tranquila, para estar aqui,<\/em><br \/>\n<em>Sinto meu pr\u00f3prio peso e densidade!<\/em><br \/>\n<em>A sombra negra sobre o papel<\/em><br \/>\n<em>\u00c9 a minha m\u00e3o; a sombra de uma palavra<\/em><br \/>\n<em>Como o pensamento d\u00e1 forma ao que lhe forma<\/em><br \/>\n<em>Cai pesada na p\u00e1gina, \u00e9 ouvida.<\/em><br \/>\n<em>Tudo se funde agora, e encontra seu lugar<\/em><br \/>\n<em>Do desejo \u00e0 a\u00e7\u00e3o, da palavra ao sil\u00eancio,<\/em><br \/>\n<em>Meu trabalho, meu amor, meu tempo, meu rosto<\/em><br \/>\n<em>Reunidos em um intenso<\/em><br \/>\n<em>Gesto de crescer como uma planta.<\/em><br \/>\n<em>T\u00e3o lentamente quanto a fruta amadurecendo<\/em><br \/>\n<em>F\u00e9rtil, desapegada, e sempre gasta,<\/em><br \/>\n<em>Cai, mas n\u00e3o destr\u00f3i a raiz,<\/em><br \/>\n<em>Ent\u00e3o todo o poema \u00e9, e pode<\/em><br \/>\n<em>crescer em mim para se tornar a can\u00e7\u00e3o,<\/em><br \/>\n<em>Feito assim e enraizado pelo amor.<\/em><br \/>\n<em>Agora h\u00e1 tempo e o tempo \u00e9 jovem.<\/em><br \/>\n<em>\u00d3, nesta \u00fanica hora eu vivo<\/em><br \/>\n<em>Toda inteira, e n\u00e3o me mexo.<\/em><br \/>\n<em>Eu, a atormentada, que loucamente corria,<\/em><br \/>\n<em>Fico quieta, quieta e detenho o sol!<\/em><br \/>\n\u2663\ufe0f<\/p>\n<p style=\"text-align: center;\"><strong>May Sarton<\/strong><\/p>\n<table style=\"width: 100%; border-collapse: collapse; background-color: #ffe6f7;\">\n<tbody>\n<tr>\n<td style=\"width: 100%;\">\n<h2 style=\"text-align: justify;\">Na v\u00e9spera de 3 de setembro de 1977 a bel\u00edssima e talentosa Alice Walker escreveu em seu di\u00e1rio:<\/h2>\n<p style=\"text-align: justify;\"><em>N\u00e3o me vem \u00e0 cabe\u00e7a ou ao cora\u00e7\u00e3o dizer isso tanto ou com o mesmo fervor que senti um dia &#8211; e ainda assim, sinto amor por Bob. Talvez eu n\u00e3o esteja mais apaixonada. E isso \u00e9 uma b\u00ean\u00e7\u00e3o.<\/em><br \/>\n<em>Esperei ontem \u00e0 noite depois que ele saiu por algum problema fisiol\u00f3gico. Tive uma ligeira tens\u00e3o moment\u00e2nea nos ombros, mas uma aspirina fez aliviar. Exceto por esse resfriado &amp; minha menstrua\u00e7\u00e3o, me sinto bem.<\/em><br \/>\n<em>E me avalio assim:<\/em><br \/>\n<em>Uma mulher no Auge da Vida &#8211; 33 anos<\/em><br \/>\n<em>com 6 livros, todos publicados,com sa\u00fade e uma filha crescendo saud\u00e1vel, inteligente &amp; bonita, $9.000 em economias e mais $11.000 por vir &#8211; com dois excelentes &#8220;empregos&#8221; de meio per\u00edodo que pagam bem.<\/em><br \/>\n<em>Com tempo para escrever, viajar, pensar.<\/em><br \/>\n<em>Com amigos que amo &amp; que me amam &#8211; Bob, Sheila, Mel, June, Judy, Gloria, Joanne, John &amp; Susan, Vincent&#8230;<\/em><br \/>\n<em>Meu pr\u00f3prio apartamento, onde posso fazer qualquer coisa.<\/em><br \/>\n<em>\u00c9 poss\u00edvel, eu sou um ser humano novamente!<\/em><br \/>\n<em>Preciso inventar uma ora\u00e7\u00e3o para o esp\u00edrito benigno do universo.<\/em><br \/>\n<em>Preciso agradecer, &#8220;falar com Deus&#8221; &#8211; estar em contato com a for\u00e7a que torna nossas vidas \u00fanicas atrav\u00e9s do sofrimento e da gra\u00e7a eventual.<\/em><\/p>\n<p style=\"text-align: right;\"><strong>Alice Walker &#8211; Colhendo flores sob inc\u00eandios &#8211;\u00a0 Os Di\u00e1rios de Alice Walker &#8211; 1965 &#8211; 2000 &#8211; Ed. Rosa dos Tempos<\/strong><\/p>\n<\/td>\n<\/tr>\n<\/tbody>\n<\/table>\n<h1 style=\"text-align: center;\">Onde chega o seu brilho<\/h1>\n<p><img loading=\"lazy\" decoding=\"async\" class=\"size-full wp-image-1222 aligncenter\" src=\"https:\/\/nalua.in\/notas\/wp-content\/uploads\/2023\/09\/aestrelap.jpg\" alt=\"\" width=\"350\" height=\"638\" srcset=\"https:\/\/nalua.in\/notas\/wp-content\/uploads\/2023\/09\/aestrelap.jpg 350w, https:\/\/nalua.in\/notas\/wp-content\/uploads\/2023\/09\/aestrelap-165x300.jpg 165w, https:\/\/nalua.in\/notas\/wp-content\/uploads\/2023\/09\/aestrelap-150x273.jpg 150w\" sizes=\"auto, (max-width: 350px) 100vw, 350px\" \/><\/p>\n<p style=\"text-align: justify;\">Chegamos ao arcano XVII. Enfim um 17 iluminado. <strong>Chegamos \u00e0s estrelas<\/strong>. Nos acompanha essa semana a carta preferida de 9 entre 10 tar\u00f3logos, uma carta que nos abre <strong>sorrisos<\/strong> e entrega <strong>beleza<\/strong>, <strong>harmonia<\/strong> e <strong>um tempo feliz<\/strong>. A Estrela. Ela assinala que estivemos em um caminho atribulado e chegamos a um local iluminado, confort\u00e1vel e seguro.<\/p>\n<p style=\"text-align: justify;\">Esse \u00e9 o arcano da luz pessoal e da <strong>conclus\u00e3o<\/strong> de um processo longo e dolorido.<strong> A Estrela \u00e9 a luz do Tar\u00f4<\/strong>. \u00c9 <strong>beleza<\/strong> e <strong>realiza\u00e7\u00e3o<\/strong> chegando. \u00c9 a pr\u00f3pria <strong>Esperan\u00e7a<\/strong>. A Estrela conecta o c\u00e9u e a terra, por isso \u00e9 o Arcano da Espiritualidade. Ela permite que <strong>a gente se cure, que a terra renas\u00e7a, que f\u00e9 reapare\u00e7a<\/strong>. N\u00e3o \u00e9 \u00e0 toa que ela \u00e9 a queridinha entre os Arcanos.<\/p>\n<p style=\"text-align: justify;\">O conto que a Estrela traz esta semana \u00e9 o da <strong>luz interio<\/strong>r, \u00e9 o da <strong>transforma\u00e7\u00e3o<\/strong>. A estrela nos chama a pensar em nossos Caminhos de Inanna, em nossas <strong>vias-cr\u00facis<\/strong>. Nossas descidas ao inferno, mas aquelas das quais voltamos mais <strong>inteiros<\/strong>, mais <strong>plenos<\/strong> e <strong>em que a vida mudou<\/strong>. S\u00e3o aqueles momentos em que est\u00e1vamos desolados, presos em algo (<a href=\"http:\/\/almanalua.blog\/na-muralha-em-pe-mais-um-cidadao\/\" target=\"_blank\" rel=\"noopener\">O Enforcado<\/a>), sem dire\u00e7\u00e3o e a estrela nos orientou. A Estrela \u00e9 a <strong>Grande Orienta\u00e7\u00e3o<\/strong>, \u00e9 sempre a <strong>Estrela Guia<\/strong>. Ela \u00e9 quem nos direciona, como aos reis magos, <strong>em dire\u00e7\u00e3o ao Salvador<\/strong>. Em geral ela nos fala de <strong>um caminho dif\u00edcil que d\u00e1 certo<\/strong>, que tem <strong>final feliz<\/strong>, que <strong>chega em um bom lugar<\/strong>. A Estrela pressup\u00f5e que aconte\u00e7am dificuldades na travessia, pois, como me lembrou a La\u00eds, <em><strong>as estrelas s\u00f3 brilham no escuro<\/strong><\/em>. A Estrela est\u00e1 nua, vulner\u00e1vel. \u00c9 preciso n\u00e3o ter medo da nudez e do que ela exp\u00f5e no caminho, \u00e9 pela vulnerabilidade que a luz entra totalmente. Inana chega nua ao inferno. Mas quando por fim a Estrela aparece, j\u00e1 <strong>estamos todos bem<\/strong>.<\/p>\n<p style=\"text-align: justify;\"><strong>A Estrela tamb\u00e9m \u00e9 a carta que nos lembra de deixar ir. Chegamos em um novo lugar, o caminho acabou, as velhas pedras que fiquem no caminho passado.<\/strong><\/p>\n<p>O tar\u00f3logo Leo Chioda diz sobre a Estrela:<\/p>\n<blockquote>\n<p style=\"text-align: justify;\"><em>O destino que voce\u0302 persegue e\u0301 cada passo dado. A vida e\u0301 cada dia um dia a menos, repare. Vive-se como se fosse para sempre. A vida tolera esses caprichos. Mesmo assim devemos despeja\u0301-los para na\u0303o transbordarem.<\/em><\/p>\n<\/blockquote>\n<p style=\"text-align: justify;\"><strong>Todos os nossos passos na vida s\u00e3o para encontrar a Estrela<\/strong>. Ent\u00e3o aproveitemos o <strong>c\u00e9u limpo<\/strong>, que alegria esse momento! <strong>Rejubilemo-nos<\/strong> \ud83d\ude42<\/p>\n<p style=\"text-align: justify;\">Esta semana vamos celebrar <strong>a vit\u00f3ria que vem<\/strong>, porque vir\u00e1. E vamos lembrar, porque <strong>lembrar \u00e9 estar vivo<\/strong>, das nossas jornadas que encontraram a Estrela no final. Todos temos vias-cr\u00facis para contar. <strong>A vida n\u00e3o tem sentido<\/strong>, nossos sofrimentos tamb\u00e9m n\u00e3o, <strong>n\u00e3o tem sentido nem existir, quanto mais sofrer<\/strong>. Mas o belo \u00e9 que podemos atribuir qualquer sentido <em>a posteriori<\/em>, e contar uma hist\u00f3ria sobre o que vivemos. Penso naquela frase, (certamente a usarei em outros momentos), que diz: &#8220;toda dor pode ser suportada se sobre ela existir uma narrativa&#8221;.<\/p>\n<p style=\"text-align: justify;\">O tar\u00f4 \u00e9 isso, o livro que nos fornece um referencial de s\u00e9culos para que <strong>a gente conte a nossa vida<\/strong>. Para que a gente d\u00ea outro significado para <strong>o que nunca poderia ter<\/strong>. E para que assim possamos seguir para trope\u00e7ar em outras pedras, at\u00e9 encontrar a <strong>Estrela em definitivo e deitar em seu rega\u00e7o<\/strong>. Mas enquanto isso, n\u00f3s, que somos as pessoas que narram, vamos <strong>dan\u00e7ar valsa com a Estrela<\/strong>. Durante a \u00e9poca da Estrela podemos <strong>desejar<\/strong>, podemos <em>abrir caminho e levar nosso cora\u00e7\u00e3o desperto a sonhar com terras livres<\/em>. Somos <em>gente pra brilhar<\/em>.<\/p>\n<p>Se orientem, estrelinhas. Boa semana.<\/p>\n<table style=\"width: 100%; border-collapse: collapse; background-color: #decfb6;\">\n<tbody>\n<tr>\n<td style=\"width: 100%;\">\n<p style=\"text-align: center;\"><img loading=\"lazy\" decoding=\"async\" class=\" wp-image-1221 aligncenter\" src=\"https:\/\/nalua.in\/notas\/wp-content\/uploads\/2023\/09\/estrela2p.jpg\" alt=\"\" width=\"300\" height=\"490\" srcset=\"https:\/\/nalua.in\/notas\/wp-content\/uploads\/2023\/09\/estrela2p.jpg 350w, https:\/\/nalua.in\/notas\/wp-content\/uploads\/2023\/09\/estrela2p-184x300.jpg 184w, https:\/\/nalua.in\/notas\/wp-content\/uploads\/2023\/09\/estrela2p-150x245.jpg 150w\" sizes=\"auto, (max-width: 300px) 100vw, 300px\" \/><\/p>\n<h2 style=\"text-align: center;\">A Estrela<\/h2>\n<p style=\"text-align: justify;\">A carta de Tar\u00f4 da Estrela \u00e9 uma das mais conhecidas e admiradas dentro do universo do Tar\u00f4. A carta tradicional \u00e9 representada por uma mulher nua, segurando duas jarras de \u00e1gua, derramando uma delas no rio e a outra no solo. Acima dela, uma estrela brilha intensamente no c\u00e9u. A carta traz consigo uma mensagem de esperan\u00e7a e renova\u00e7\u00e3o, e \u00e9 considerada uma das mais positivas do baralho. Ela simboliza a f\u00e9, a inspira\u00e7\u00e3o, a criatividade e a confian\u00e7a no futuro. Esse arcano nos lembra que, mesmo em momentos dif\u00edceis, devemos manter a esperan\u00e7a e a determina\u00e7\u00e3o para seguir em frente. A carta tamb\u00e9m representa um momento de cura e renova\u00e7\u00e3o, e nossa capacidade de deixar para tr\u00e1s coisas que n\u00e3o nos servem mais e come\u00e7ar um novo ciclo em nossas vidas.<\/p>\n<p style=\"text-align: justify;\">Em uma jornada pessoal, a carta da Estrela pode ser um sinal de que estamos no caminho certo e que devemos continuar seguindo em frente. A carta nos lembra que, assim como a estrela brilha no c\u00e9u, n\u00f3s tamb\u00e9m temos uma luz interior que deve ser cultivada e mantida acesa.\u00a0A Estrela tamb\u00e9m pode ser uma carta de cura emocional, indicando que \u00e9 hora de deixar para tr\u00e1s as m\u00e1goas e os ressentimentos do passado e seguir em frente com um cora\u00e7\u00e3o aberto. Ela nos encoraja a perdoar a n\u00f3s mesmos e aos outros, e a encontrar a paz interior que tanto buscamos.<\/p>\n<\/td>\n<\/tr>\n<\/tbody>\n<\/table>\n<h2><img loading=\"lazy\" decoding=\"async\" class=\" wp-image-1237 aligncenter\" src=\"https:\/\/nalua.in\/notas\/wp-content\/uploads\/2023\/09\/horacio-1.jpg\" alt=\"\" width=\"400\" height=\"547\" srcset=\"https:\/\/nalua.in\/notas\/wp-content\/uploads\/2023\/09\/horacio-1.jpg 505w, https:\/\/nalua.in\/notas\/wp-content\/uploads\/2023\/09\/horacio-1-220x300.jpg 220w, https:\/\/nalua.in\/notas\/wp-content\/uploads\/2023\/09\/horacio-1-150x205.jpg 150w\" sizes=\"auto, (max-width: 400px) 100vw, 400px\" \/><\/h2>\n<hr \/>\n<h2 style=\"text-align: center;\">Um texto, pois <a href=\"https:\/\/www.youtube.com\/watch?v=gQPc899cqeY\" target=\"_blank\" rel=\"noopener\"><em>quem dera as luzes da Via L\u00e1ctea*<\/em><\/a><\/h2>\n<p style=\"text-align: justify;\"><em>Eu nasci e cresci debaixo das estrelas do Cruzeiro do Sul. Aonde quer que eu v\u00e1, elas me perseguem. Debaixo do Cruzeiro do Sul, cruz de fulgores, vou vivendo as esta\u00e7\u00f5es de meu destino.<\/em><br \/>\n<em>N\u00e3o tenho nenhum deus. Se tivesse, pediria a ele que n\u00e3o me deixe chegar a morte: ainda n\u00e3o. Falta muito o que andar. Existem luas para as quais ainda n\u00e3o lati e sois nos quais ainda n\u00e3o me incendiei. Ainda n\u00e3o mergulhei em todos os mares deste mundo, que dizem que s\u00e3o sete, nem em todos os rios do Para\u00edso, que dizem que s\u00e3o quatro.<\/em><br \/>\n<em>Em Montevid\u00e9u, existe um menino que explica: \u2014 Eu n\u00e3o quero morrer nunca, porque quero brincar sempre.<\/em><\/p>\n<p style=\"text-align: right;\"><strong>Eduardo Galeano &#8211; Livro dos Abra\u00e7os, editora LPM, 1991.<\/strong><\/p>\n<hr \/>\n<h2 style=\"text-align: center;\"><a href=\"https:\/\/www.youtube.com\/watch?v=gQPc899cqeY\" target=\"_blank\" rel=\"noopener\">Talism\u00e3s de luz no c\u00e9u<\/a>*<\/h2>\n<h3 style=\"text-align: center;\">Livro<\/h3>\n<p><img loading=\"lazy\" decoding=\"async\" class=\"wp-image-1231 aligncenter\" src=\"https:\/\/nalua.in\/notas\/wp-content\/uploads\/2023\/09\/B0BCT6YZBS.01._SCLZZZZZZZ_SX500_.jpg\" alt=\"\" width=\"300\" height=\"435\" srcset=\"https:\/\/nalua.in\/notas\/wp-content\/uploads\/2023\/09\/B0BCT6YZBS.01._SCLZZZZZZZ_SX500_.jpg 345w, https:\/\/nalua.in\/notas\/wp-content\/uploads\/2023\/09\/B0BCT6YZBS.01._SCLZZZZZZZ_SX500_-207x300.jpg 207w, https:\/\/nalua.in\/notas\/wp-content\/uploads\/2023\/09\/B0BCT6YZBS.01._SCLZZZZZZZ_SX500_-150x217.jpg 150w\" sizes=\"auto, (max-width: 300px) 100vw, 300px\" \/><\/p>\n<p style=\"text-align: justify;\"><strong>Um Defeito de Cor &#8211; Ana Maria Gon\u00e7alves Ed Record. <em>Indico porque n\u00e3o \u00e9 poss\u00edvel ser brasileiro e n\u00e3o ter lido ainda esse livro <\/em>\ud83d\ude42<em> . Se eu pudesse entregaria um exemplar para cada brasileiro. \u00c9 um livro lindo, indispens\u00e1vel, uma joia da literatura nacional. A jornada de Kehinde, a personagem principal, \u00e9 puro Caminho da Estrela. Mas al\u00e9m disso, este livro \u00e9 nossa hist\u00f3ria, na parte menos contada, \u00e9 nosso povo, nosso sangue que est\u00e1 ali, narrado de maneira sensacional. O tamanho dele assusta, mas a leitura \u00e9 t\u00e3o fluida e gostosa, que no fim voc\u00ea vai querer que n\u00e3o tivesse acabado.<\/em><\/strong><\/p>\n<hr \/>\n<p style=\"text-align: justify;\"><em>Um Defeito de Cor<\/em> \u00e9 um livro da escritora brasileira Ana Maria Gon\u00e7alves que narra a hist\u00f3ria de Kehinde, uma africana escravizada que \u00e9 trazida para o Brasil no s\u00e9culo XIX. O romance \u00e9 uma obra de fic\u00e7\u00e3o hist\u00f3rica que retrata a vida dos escravos na \u00e9poca, bem como as dificuldades enfrentadas pelos negros libertos que tentavam sobreviver em uma sociedade racista e desigual.<\/p>\n<p style=\"text-align: justify;\">O livro \u00e9 uma obra-prima da literatura brasileira, que nos leva a uma jornada atrav\u00e9s da vida de Kehinde. A personagem principal \u00e9 uma mulher forte e corajosa, que enfrenta in\u00fameras adversidades ao longo de sua vida. Ela \u00e9 vendida como escrava quando ainda era crian\u00e7a e \u00e9 for\u00e7ada a trabalhar como escravizada. Ela sofre abusos e viol\u00eancia de senhores e capatazes.\u00a0Apesar das dificuldades, Kehinde nunca perde sua determina\u00e7\u00e3o e sua vontade de viver. Ela encontra for\u00e7as para resistir aos abusos e para lutar pela sua liberdade. Quando finalmente consegue fugir da fazenda, ela se junta a um grupo de negros libertos que vivem em uma comunidade quilombola. L\u00e1, ela encontra amor e solidariedade entre as pessoas que compartilham sua luta pela liberdade.\u00a0O livro tamb\u00e9m \u00e9 uma celebra\u00e7\u00e3o da cultura africana e da resist\u00eancia negra. A obra \u00e9 uma leitura obrigat\u00f3ria para todos aqueles que desejam compreender melhor as nossas ra\u00edzes culturais e a nossa identidade como povo.<\/p>\n<hr \/>\n<h3 style=\"text-align: center;\">Filmes<\/h3>\n<p style=\"text-align: center;\">Duas trajet\u00f3rias estrelares deliciosas<\/p>\n<p style=\"text-align: center;\">\u2730<\/p>\n<p style=\"text-align: justify;\"><img loading=\"lazy\" decoding=\"async\" class=\" wp-image-1234 aligncenter\" src=\"https:\/\/nalua.in\/notas\/wp-content\/uploads\/2023\/09\/umamulherfantasticap.jpg\" alt=\"\" width=\"299\" height=\"424\" srcset=\"https:\/\/nalua.in\/notas\/wp-content\/uploads\/2023\/09\/umamulherfantasticap.jpg 350w, https:\/\/nalua.in\/notas\/wp-content\/uploads\/2023\/09\/umamulherfantasticap-212x300.jpg 212w, https:\/\/nalua.in\/notas\/wp-content\/uploads\/2023\/09\/umamulherfantasticap-150x213.jpg 150w\" sizes=\"auto, (max-width: 299px) 100vw, 299px\" \/><strong>Uma Mulher Fant\u00e1stica &#8211; Sebasti\u00e1n Lelio &#8211; 2017. <em>A trajet\u00f3ria da personagem principal \u00e9 um caminho da Estrela. Pensei nele porque \u00e9 um filme lindo, delicado, bem feito e que nos coloca a par das dificuldades inacredit\u00e1veis que as mulheres trans ainda passam em pleno s\u00e9culo 21. \u00c9 um filme quase todo triste, mas \u00e9 impactante ver a for\u00e7a que a personagem mostra, sua resist\u00eancia e coragem.\u00a0<\/em><\/strong><\/p>\n<hr \/>\n<p style=\"text-align: justify;\">O filme &#8220;Uma Mulher Fant\u00e1stica&#8221;, dirigido por Sebasti\u00e1n Lelio, \u00e9 uma obra centrada em Marina, uma mulher transexual que enfrenta diversos obst\u00e1culos ap\u00f3s a morte de seu namorado, Orlando. A trama come\u00e7a quando Marina e Orlando s\u00e3o vistos juntos em um hotel. Ap\u00f3s uma noite de amor, Orlando sofre um aneurisma e morre. A partir da\u00ed, a vida de Marina se torna um verdadeiro inferno. Ela \u00e9 hostilizada pela fam\u00edlia do namorado, que n\u00e3o aceita sua identidade de g\u00eanero, e \u00e9 tratada com desd\u00e9m pela pol\u00edcia e pelos m\u00e9dicos que cuidam do corpo de Orlando. Al\u00e9m disso, Marina \u00e9 obrigada a enfrentar uma s\u00e9rie de preconceitos e discrimina\u00e7\u00f5es por parte da sociedade em geral. Ela \u00e9 tratada muitas vezes como uma aberra\u00e7\u00e3o, uma pessoa estranha e perigosa, e \u00e9 alvo de viol\u00eancia f\u00edsica e verbal por parte de desconhecidos. Mas ela segue em frente e mostra porque \u00e9 uma mulher fant\u00e1stica.\u00a0 O filme venceu o Oscar de Melhor Filme Estrangeiro em 2018. A vit\u00f3ria foi hist\u00f3rica, j\u00e1 que foi a primeira vez que um filme chileno recebeu essa honraria.\u00a0O filme tamb\u00e9m foi indicado a diversos outros pr\u00eamios, como o Globo de Ouro e o BAFTA.\u00a0A atua\u00e7\u00e3o de Daniela Vega tamb\u00e9m foi muito elogiada pela cr\u00edtica especializada. A atriz recebeu o pr\u00eamio de Melhor Atriz no Festival de Cinema de Havana em 2017 e tamb\u00e9m foi indicada ao Independent Spirit Awards na categoria de Melhor Atriz.<\/p>\n<hr \/>\n<p><img loading=\"lazy\" decoding=\"async\" class=\" wp-image-1235 aligncenter\" src=\"https:\/\/nalua.in\/notas\/wp-content\/uploads\/2023\/09\/sunshinep.jpg\" alt=\"\" width=\"301\" height=\"440\" srcset=\"https:\/\/nalua.in\/notas\/wp-content\/uploads\/2023\/09\/sunshinep.jpg 350w, https:\/\/nalua.in\/notas\/wp-content\/uploads\/2023\/09\/sunshinep-205x300.jpg 205w, https:\/\/nalua.in\/notas\/wp-content\/uploads\/2023\/09\/sunshinep-150x219.jpg 150w\" sizes=\"auto, (max-width: 301px) 100vw, 301px\" \/><\/p>\n<p style=\"text-align: justify;\"><strong>Pequena Miss Sunshine 2006\u00a0 &#8211; Valerie Faris e Jonathan Dayton. <em>Uma pequena estrela. Um filme que eu amo tanto que nem sei falar sobre ele. \u00c9 sobre tanta coisa, \u00e9 dessas obras que tem o mundo todo dentro. A trajet\u00f3ria da pequetita, que t\u00e3o estrela. \u00c9 muito chama no pavio da lamparina, \u00e9 um filme que toca, que d\u00f3i e ensina demais. Quem n\u00e3o viu nem me conte, pois eu tenho inveja de quem ainda vai ver.\u00a0<\/em><\/strong><\/p>\n<hr \/>\n<p style=\"text-align: justify;\"><em>Pequena Miss Sunshine<\/em> \u00e9 um filme de com\u00e9dia dram\u00e1tica que conta a hist\u00f3ria de uma fam\u00edlia disfuncional que se une para levar a filha mais nova a um concurso de beleza infantil. Lan\u00e7ado em 2006, o filme foi dirigido por Jonathan Dayton e Valerie Faris e recebeu in\u00fameras indica\u00e7\u00f5es e pr\u00eamios, incluindo o Oscar de Melhor Roteiro Original.\u00a0\u00a0O enredo do filme gira em torno da fam\u00edlia Hoover, que vive em Albuquerque, Novo M\u00e9xico. A fam\u00edlia viaja em uma Kombi amarela para levar a filha mais nova, Olive, a um concurso de beleza infantil. No caminho, eles enfrentam v\u00e1rios problemas e conflitos, como o suic\u00eddio frustrado do tio Frank, a depend\u00eancia de drogas do av\u00f4 Edwin, o fracasso do pai Richard como palestrante motivacional, o sil\u00eancio do filho adolescente Dwayne e a fal\u00eancia da empresa do cunhado Larry.\u00a0O filme \u00e9 uma cr\u00edtica \u00e0 cultura americana na valoriza\u00e7\u00e3o exagerada de sucesso, a apar\u00eancia e competi\u00e7\u00e3o. O filme aborda temas como a morte, a homossexualidade, a depress\u00e3o e o sonho americano. O filme foi aclamado pela cr\u00edtica e pelo p\u00fablico, recebendo quatro indica\u00e7\u00f5es ao Oscar, incluindo melhor filme, e vencendo duas: melhor roteiro original e melhor ator coadjuvante para Alan Arkin, que interpreta o av\u00f4 Edwin.<\/p>\n<hr \/>\n<h3 style=\"text-align: center;\">Document\u00e1rio &#8211; Stand up<\/h3>\n<p><img loading=\"lazy\" decoding=\"async\" class=\"size-full wp-image-1236 aligncenter\" src=\"https:\/\/nalua.in\/notas\/wp-content\/uploads\/2023\/09\/nanetee.jpg\" alt=\"\" width=\"350\" height=\"350\" srcset=\"https:\/\/nalua.in\/notas\/wp-content\/uploads\/2023\/09\/nanetee.jpg 350w, https:\/\/nalua.in\/notas\/wp-content\/uploads\/2023\/09\/nanetee-300x300.jpg 300w, https:\/\/nalua.in\/notas\/wp-content\/uploads\/2023\/09\/nanetee-150x150.jpg 150w, https:\/\/nalua.in\/notas\/wp-content\/uploads\/2023\/09\/nanetee-96x96.jpg 96w\" sizes=\"auto, (max-width: 350px) 100vw, 350px\" \/><\/p>\n<p style=\"text-align: justify;\"><strong>Nanette &#8211; Hannah Gadsby &#8211; 2017. <em>Indico porque \u00e9 ver na TV, narrada pela pr\u00f3pria protagonista, em tempo real, uma hist\u00f3ria do caminho da Estrela. Al\u00e9m de ser uma hist\u00f3ria \u00f3tima, comovente, cheia de \u00f3timas reflex\u00f5es, muito bem escrita, muito bem falada pela Hannah. Eu adorei esse document\u00e1rio, sa\u00ed indicando pra todo mundo, agora indico pra que a gente pense no Caminho da Estrela.<\/em><\/strong><\/p>\n<hr \/>\n<p style=\"text-align: justify;\">O document\u00e1rio <em>Nanette<\/em>, criado pela comediante australiana Hannah Gadsby, tem uma abordagem diferenciada e muito pessoal, e trata de diversos temas relevantes, como a homofobia, o machismo e a viol\u00eancia contra a mulher, mas n\u00e3o s\u00f3. \u00c9 a hist\u00f3ria da vida da Hannah.<\/p>\n<p style=\"text-align: justify;\">Hannah Gadsby \u00e9 uma comediante que j\u00e1 passou por muitas dificuldades em sua vida, principalmente por ser homossexual e viver em um ambiente hostil e preconceituoso. Em Nanette, ela conta sua hist\u00f3ria de vida de maneira franca e emocionante, abordando temas delicados com muita sensibilidade e coragem. O document\u00e1rio \u00e9 uma mistura de stand-up comedy, teatro e palestra, em que a comediante fala sobre sua vida, suas experi\u00eancias e seus traumas. A obra \u00e9 uma reflex\u00e3o profunda sobre a cultura do cancelamento, a import\u00e2ncia da representatividade e a necessidade de se repensar a forma como tratamos as minorias. Nanette \u00e9 uma obra emocionante e muito necess\u00e1ria nos dias de hoje. Atrav\u00e9s da hist\u00f3ria de vida de Hannah Gadsby, somos convidados a refletir sobre nossos pr\u00f3prios preconceitos e a nos questionar sobre o papel que desempenhamos na constru\u00e7\u00e3o de uma sociedade mais justa e igualit\u00e1ria.<\/p>\n<hr \/>\n<h2 style=\"text-align: center;\">Link<\/h2>\n<p style=\"text-align: center;\"><a href=\"https:\/\/telegra.ph\/108-anos-09-03\" target=\"_blank\" rel=\"noopener\">Uma Estrela Dan\u00e7arina de 108 anos\u00a0<\/a><\/p>\n<hr \/>\n<p><img loading=\"lazy\" decoding=\"async\" class=\" wp-image-1254 aligncenter\" src=\"https:\/\/nalua.in\/notas\/wp-content\/uploads\/2023\/09\/nn1.gif\" alt=\"\" width=\"300\" height=\"389\" \/><\/p>\n<p style=\"text-align: center;\"><span style=\"font-size: 8pt;\"><em>3 de setembro<\/em>\u00a0\u00e9 o 246.\u00ba dia do ano no calend\u00e1rio gregoriano (247.\u00ba em anos bissextos). Faltam 119 dias para acabar o ano.<\/span><\/p>\n<table style=\"width: 100%; border-collapse: collapse; background-color: #b8f5e4;\">\n<tbody>\n<tr>\n<td style=\"width: 100%;\">\n<p style=\"text-align: center;\"><em>&#8220;Em cima como embaixo, embaixo como em cima.&#8221;<\/em><\/p>\n<p style=\"text-align: center;\"><strong>Hermes Trismegistos<\/strong><\/p>\n<\/td>\n<\/tr>\n<\/tbody>\n<\/table>\n<p style=\"text-align: center;\"><span style=\"font-size: 10pt;\"><strong>Post com a colabora\u00e7\u00e3o de <a href=\"http:\/\/instagram.com\/laismeralda\" target=\"_blank\" rel=\"noopener\">@laismeralda, que \u00e9 a<em>\u00a0melhor cartomante do peda\u00e7o, marque sua consulta com ela.<\/em><\/a><\/strong><\/span><\/p>\n<hr \/>\n<p style=\"text-align: justify;\"><em>Se voc\u00ea leu at\u00e9 aqui, obrigada! Esse \u00e9 o meu almanaque particular. Um peda\u00e7o do meu di\u00e1rio, da minha arca da velha, um registro de pequenas efem\u00e9rides, de coisas que quero guardar, do tempo, do vento, do c\u00e9u e do cheiro da chuva. Os Vest\u00edgios do Dia, meus dias. Aqui s\u00f3 tem refer\u00eancias, pois \u00e9 disso que sou feita.<\/em><\/p>\n<table style=\"width: 100%; border-collapse: collapse; background-color: #fcaeae;\">\n<tbody>\n<tr>\n<td style=\"text-align: center; width: 99.9285%;\">\u00a9 Nalua \u2013 Caderninho pessoal, bauzinho de trapos coloridos, nos morros de Minas Gerais. Inverno, mas um calor\u00e3o do capeta.<\/td>\n<\/tr>\n<\/tbody>\n<\/table>\n<div id=\"post-wrapper\" class=\"post-wrapper\">\n<article id=\"post-610\" class=\"post-610 post type-post status-publish format-standard hentry category-almanaque category-carta-semanal category-jardim category-newsletter category-oraculo\">\n<div class=\"entry-content\">\n<p style=\"text-align: center;\"><span style=\"font-size: 8pt;\"><em>Esta \u00e9 a 25\u00aa de 78 p\u00e1ginas que ter\u00e1 este almanaque.<\/em><\/span><\/p>\n<p style=\"text-align: center;\"><span style=\"font-size: 10pt;\"><a href=\"https:\/\/www.youtube.com\/watch?v=gQPc899cqeY\" target=\"_blank\" rel=\"noopener\">*essa m\u00fasica, que eu amo<\/a><\/span><\/p>\n<\/div>\n<\/article>\n<\/div>\n","protected":false},"excerpt":{"rendered":"<p>os olhos seus precisam ter coragem Belo Horizonte, 3 de setembro de 2023 \u263c17\u00b0\u00a0\u2013 29\u00b0 3 de setembro \u00e9 anivers\u00e1rio da Sylvia. E tamb\u00e9m\u00a0do Eduardo [&#8230;]<\/p>\n","protected":false},"author":1,"featured_media":0,"comment_status":"open","ping_status":"open","sticky":false,"template":"","format":"standard","meta":{"footnotes":""},"categories":[9,13,10,5,12],"tags":[],"class_list":["post-1216","post","type-post","status-publish","format-standard","hentry","category-almanaque","category-carta-semanal","category-jardim","category-newsletter","category-oraculo"],"_links":{"self":[{"href":"https:\/\/nalua.in\/notas\/wp-json\/wp\/v2\/posts\/1216","targetHints":{"allow":["GET"]}}],"collection":[{"href":"https:\/\/nalua.in\/notas\/wp-json\/wp\/v2\/posts"}],"about":[{"href":"https:\/\/nalua.in\/notas\/wp-json\/wp\/v2\/types\/post"}],"author":[{"embeddable":true,"href":"https:\/\/nalua.in\/notas\/wp-json\/wp\/v2\/users\/1"}],"replies":[{"embeddable":true,"href":"https:\/\/nalua.in\/notas\/wp-json\/wp\/v2\/comments?post=1216"}],"version-history":[{"count":33,"href":"https:\/\/nalua.in\/notas\/wp-json\/wp\/v2\/posts\/1216\/revisions"}],"predecessor-version":[{"id":1263,"href":"https:\/\/nalua.in\/notas\/wp-json\/wp\/v2\/posts\/1216\/revisions\/1263"}],"wp:attachment":[{"href":"https:\/\/nalua.in\/notas\/wp-json\/wp\/v2\/media?parent=1216"}],"wp:term":[{"taxonomy":"category","embeddable":true,"href":"https:\/\/nalua.in\/notas\/wp-json\/wp\/v2\/categories?post=1216"},{"taxonomy":"post_tag","embeddable":true,"href":"https:\/\/nalua.in\/notas\/wp-json\/wp\/v2\/tags?post=1216"}],"curies":[{"name":"wp","href":"https:\/\/api.w.org\/{rel}","templated":true}]}}