{"id":1185,"date":"2023-08-27T00:48:10","date_gmt":"2023-08-27T00:48:10","guid":{"rendered":"https:\/\/nalua.in\/notas\/?p=1185"},"modified":"2023-08-27T03:18:56","modified_gmt":"2023-08-27T03:18:56","slug":"olho-pra-cima-e-fico-tonto","status":"publish","type":"post","link":"https:\/\/nalua.in\/notas\/olho-pra-cima-e-fico-tonto\/","title":{"rendered":""},"content":{"rendered":"<p style=\"text-align: center;\"><a href=\"https:\/\/almanaque.nalu.in\/cidadao.html\" target=\"_blank\" rel=\"noopener\"><span style=\"font-size: 8pt;\">olho pra cima e fico tonto<\/span><\/a><br \/>\n<img loading=\"lazy\" decoding=\"async\" class=\"size-full wp-image-858 aligncenter\" src=\"https:\/\/nalua.in\/notas\/wp-content\/uploads\/2023\/06\/cropped-cabecalho-sera.jpg\" alt=\"\" width=\"987\" height=\"226\" srcset=\"https:\/\/nalua.in\/notas\/wp-content\/uploads\/2023\/06\/cropped-cabecalho-sera.jpg 987w, https:\/\/nalua.in\/notas\/wp-content\/uploads\/2023\/06\/cropped-cabecalho-sera-300x69.jpg 300w, https:\/\/nalua.in\/notas\/wp-content\/uploads\/2023\/06\/cropped-cabecalho-sera-768x176.jpg 768w, https:\/\/nalua.in\/notas\/wp-content\/uploads\/2023\/06\/cropped-cabecalho-sera-150x34.jpg 150w\" sizes=\"auto, (max-width: 987px) 100vw, 987px\" \/><\/p>\n<p style=\"text-align: center;\"><strong>Belo Horizonte, 27 de agosto de 2023<\/strong><\/p>\n<p style=\"text-align: center;\"><strong>\u263c<\/strong><strong>15<\/strong><strong>\u00b0<\/strong> <strong>\u2013<\/strong><strong> 23<\/strong><strong>\u00b0<\/strong><\/p>\n<p style=\"text-align: justify;\"><strong>27 de agosto<\/strong>\u00a0\u00e9 dia do Psic\u00f3logo. Em <strong>1883<\/strong> explodia o<span style=\"text-decoration: underline;\"> vulc\u00e3o Krakatoa<\/span>, num evento que foi sentido no mundo todo e causou uma devasta\u00e7\u00e3o dif\u00edcil at\u00e9 de ser imaginada, destruindo completamente a Ilha de mesmo nome e matando um sem n\u00famero de pessoas. O fen\u00f4meno alterou o clima do planeta, mexeu com o reflexo da luz solar, com o ar e at\u00e9 com as cores do p\u00f4r do sol em v\u00e1rios lugares. Essa explos\u00e3o produziu o som mais alto conhecido no planeta Terra. Tamb\u00e9m \u00e9 o dia em que, em <strong>1825<\/strong>,\u00a0 a <span style=\"text-decoration: underline;\">Independ\u00eancia do Uruguai<\/span> foi reconhecida, esse pa\u00eds t\u00e3o pequeno e que parece t\u00e3o encantador. \u00c9 o Dia de <span style=\"text-decoration: underline;\">Nossa Senhora dos Prazeres<\/span> e de <span style=\"text-decoration: underline;\">Santa M\u00f4nica<\/span>. Em <strong>1970<\/strong> <span style=\"text-decoration: underline;\">Jimi Hendrix<\/span> cria sua \u00faltima grava\u00e7\u00e3o em est\u00fadio no Electric Lady Studios em Nova York, um instrumental chamado &#8220;Slow Blues&#8221;. Em <strong>1976<\/strong>, <span style=\"text-decoration: underline;\">Ren\u00e9e Richards<\/span>, a primeira atleta transexual do t\u00eanis foi impedida de competir no torneio US Tennis Open. Em <strong>2008\u00a0<\/strong> <span style=\"text-decoration: underline;\">Barack Obama<\/span> se torna o primeiro afro-americano a ser nomeado por um grande partido pol\u00edtico para Presidente dos Estados Unidos. Em <strong>1964<\/strong> estreia <span style=\"text-decoration: underline;\">Deserto Vermelho<\/span>, de Antonioni, e em <strong>2013<\/strong>, no Festival de Veneza, estreava <span style=\"text-decoration: underline;\">Gravidade<\/span> de Alfonso Cuar\u00f3n. Em <strong>1576<\/strong> morreu Ticiano. E na v\u00e9spera, em <strong>1914,<\/strong> nasceu <span style=\"text-decoration: underline;\">Julio Cort\u00e1zar.<\/span><\/p>\n<table style=\"width: 100%; border-collapse: collapse; background-color: #f5e2c1;\">\n<tbody>\n<tr>\n<td style=\"width: 100%; text-align: center;\"><em>Logo vai terminar o prazo<\/em><br \/>\n<em>para o homem construir sua fachada.<\/em><br \/>\n<em>Ele continua em andaimes.<\/em><br \/>\n<em>Provis\u00f3rio.<\/em><br \/>\n<em>Exibe m\u00e1scaras cambiantes.<\/em><br \/>\n<em>Sua face inconclusa,<\/em><br \/>\n<em>sustentada por ferragens,<\/em><br \/>\n<em>parece esconder que,<\/em><br \/>\n<em>em todos esses anos de obra,<\/em><br \/>\n<em>ergueram-se in\u00fateis plataformas<\/em><br \/>\n<em>para edificar um escombro.<\/em><br \/>\n\u2660<br \/>\n<strong>Donizete Galv\u00e3o<\/strong><\/td>\n<\/tr>\n<\/tbody>\n<\/table>\n<p><img loading=\"lazy\" decoding=\"async\" class=\"size-full wp-image-1186 aligncenter\" src=\"https:\/\/nalua.in\/notas\/wp-content\/uploads\/2023\/08\/COMONAVIDA2p.jpg\" alt=\"\" width=\"750\" height=\"256\" srcset=\"https:\/\/nalua.in\/notas\/wp-content\/uploads\/2023\/08\/COMONAVIDA2p.jpg 750w, https:\/\/nalua.in\/notas\/wp-content\/uploads\/2023\/08\/COMONAVIDA2p-300x102.jpg 300w, https:\/\/nalua.in\/notas\/wp-content\/uploads\/2023\/08\/COMONAVIDA2p-150x51.jpg 150w\" sizes=\"auto, (max-width: 750px) 100vw, 750px\" \/><\/p>\n<hr \/>\n<table style=\"width: 100%; border-collapse: collapse; background-color: #f5d5f7;\">\n<tbody>\n<tr>\n<td style=\"width: 100%;\">\n<h2><strong>Em 27 de agosto de 1941, Cesare Pavese escreveu em seu di\u00e1rio:<\/strong><\/h2>\n<p><em>A grande tarefa da vida \u00e9 justificarmo-nos. Justificarmo-nos \u00e9 celebrar um rito. Sempre.<\/em><\/p>\n<h2><strong>Noutro 27 de agosto, em 1950, o mesmo Cesare Pavese deixava a \u00faltima nota do seu di\u00e1rio na forma de um bilhete de despedida suicida que dizia o seguinte:<\/strong><\/h2>\n<p><em>\u201cPerdoo a todos e a todos pe\u00e7o perd\u00e3o. Tudo bem? N\u00e3o fa\u00e7am estardalha\u00e7o\u201d<\/em><\/p>\n<p><strong>Cesare Pavese \u2013 Of\u00edcio de Viver &#8211; Ed. Rel\u00f3gio D&#8217;\u00e1gua<\/strong><\/td>\n<\/tr>\n<\/tbody>\n<\/table>\n<hr \/>\n<h2 style=\"text-align: center;\">A Constru\u00e7\u00e3o de Um Or\u00e1culo<\/h2>\n<p><img loading=\"lazy\" decoding=\"async\" class=\"size-full wp-image-1188 aligncenter\" src=\"https:\/\/nalua.in\/notas\/wp-content\/uploads\/2023\/08\/3ourosp.jpg\" alt=\"\" width=\"350\" height=\"646\" srcset=\"https:\/\/nalua.in\/notas\/wp-content\/uploads\/2023\/08\/3ourosp.jpg 350w, https:\/\/nalua.in\/notas\/wp-content\/uploads\/2023\/08\/3ourosp-163x300.jpg 163w, https:\/\/nalua.in\/notas\/wp-content\/uploads\/2023\/08\/3ourosp-150x277.jpg 150w\" sizes=\"auto, (max-width: 350px) 100vw, 350px\" \/><\/p>\n<p style=\"text-align: justify;\">A carta 3 de ouros \u00e9 muito positiva e representa a capacidade de <strong>construir<\/strong> algo <strong>duradouro<\/strong> e <strong>significativo<\/strong> na vida, que todos temos, mesmo que n\u00e3o usemos muito. Essa carta simboliza o <strong>trabalho em equipe, a coopera\u00e7\u00e3o, o planejamento e a realiza\u00e7\u00e3o de projetos<\/strong>. Ela indica que voc\u00ea consegue seguir no <strong>caminho certo<\/strong> e que pode contar com o <strong>apoio de outras pessoas<\/strong> pr\u00f3ximas.<br \/>\nA carta 3 de ouros tamb\u00e9m sugere que voc\u00ea pode usar seus <strong>talentos<\/strong> e <strong>habilidades<\/strong> de forma produtiva e criativa, e pode se dedicar a <strong>aprimorar<\/strong> suas compet\u00eancias.<br \/>\nMas especialmente o 3 de ouros nesta semana nos incita a <strong>construir<\/strong>. <strong>Construir algo do in\u00edcio ao fim<\/strong>. Olhar para <strong>o que j\u00e1 constru\u00edmos e queremos construir<\/strong> na vida, desde um barquinho de papel para uma crian\u00e7a at\u00e9 um projeto muito mais elaborado e demorado. Esta carta chega chamando para que fa\u00e7amos algo <strong>concreto<\/strong>. Nem \u00e9 preciso usar a criatividade, se ela n\u00e3o vier. Basta pensar em algo, ir l\u00e1 e construir, seja um quebra-cabe\u00e7a, uma receita do caderno da av\u00f3 ou do Instagram.<br \/>\nN\u00f3s somos <strong>seres que fazem.<\/strong>\u00a0<strong>Construir \u00e9 parte do que nos torna humanos<\/strong> e \u00e9 o que possibilitou a vida em sociedade e a civiliza\u00e7\u00e3o. O 3 de ouros quase diz que c<strong>onstruir est\u00e1 inscrito em nosso DNA<\/strong>. A gente constr\u00f3i tanta coisa e nem se d\u00e1 conta da import\u00e2ncia que isso tem para uma vida <strong>plena<\/strong> e <strong>significativa<\/strong>.<br \/>\nPois al\u00e9m de celebrar qualquer conquista que apare\u00e7a essa semana, de agradecer as pessoas que ajudaram nos seus projetos, <strong>construa alguma coisa com as suas m\u00e3os e o seu trabalho<\/strong>. Desta vez, com alegria, movido pela alegria, <a href=\"http:\/\/almanalua.blog\/e-certeza-que-um-vento-louco-atras-vem\/\" target=\"_blank\" rel=\"noopener\">ao inv\u00e9s da raiva<\/a>. Se voc\u00ea for<em> do rol\u00ea<\/em>, pode ofertar seu produto para alguma divindade, para o cosmos, para o hol\u00edstico&#8230;<br \/>\nA import\u00e2ncia de construir algo na vida est\u00e1 relacionada ao sentido de <strong>prop\u00f3sito<\/strong>, de <strong>contribui\u00e7\u00e3o<\/strong> e de <strong>legado<\/strong> que voc\u00ea deseja deixar, mesmo que s\u00f3 para voc\u00ea e sua hist\u00f3ria. Ao construir algo, voc\u00ea expressa ess\u00eancia, paix\u00e3o e miss\u00e3o, valores, sonhos. Construir algo requer <strong>disciplina<\/strong> e <strong>paci\u00eancia<\/strong>. Nem sempre \u00e9 f\u00e1cil enfrentar as contrariedades que surgem. Mas a carta 3 de ouros encoraja a <strong>n\u00e3o desistir dos planos<\/strong> e confiar na capacidade de superar os obst\u00e1culos, mesmo que seja somente a d\u00favida sobre a cor do papel em que vai dobrar o seu barquinho. Ela mostra que voc\u00ea n\u00e3o est\u00e1 sozinho nessa jornada e pede para se lembrar das pessoas que te ajudam. O tar\u00f3logo Leo Chioda diz a respeito:<\/p>\n<blockquote>\n<p style=\"text-align: justify;\"><em>TR\u00caS DE OUROS \u00e9 ir l\u00e1 e fazer, mesmo que n\u00e3o se saiba muito. Porque \u00e9 hora de se mover em rela\u00e7\u00e3o ao sentido das coisas e da sua pr\u00f3pria vida. Entenda o seguinte: enquanto voc\u00ea faz \u00e9 que o sentido vem. Depois que fez \u00e9 que sente se vale a pena ou n\u00e3o continuar fazendo. \u00c9 assim.<\/em><\/p>\n<\/blockquote>\n<p style=\"text-align: justify;\">Dito isso, e passada a brev\u00edssima reflex\u00e3o semanal sobre a import\u00e2ncia de construirmos algo, do que significa num sentido comum a constru\u00e7\u00e3o, podemos dar um passo adiante e lembrar, com Hannah Arendt, dos <strong>excessos de uma sociedade altamente focada em construir<\/strong>. \u00c9 certo que temos nossa por\u00e7\u00e3o <em>Homo Faber<\/em>, <strong>somos os seres que fabricam<\/strong>. Mas ao nos centrarmos em construir coisas sem parar, temos que ter em mente que as coisas fabricadas, em primeiro lugar sempre o s\u00e3o <strong>\u00e0s custas da viol\u00eancia,<\/strong> o l\u00e1pis \u00e9 o que \u00e9 \u00e0 custa da viol\u00eancia com a \u00e1rvore e assim por diante. E em segundo lugar, <strong>tudo que constru\u00edmos<\/strong>, imediatamente ao fim do processo de fabrica\u00e7\u00e3o <strong>pode virar um meio<\/strong>. Eu fa\u00e7o um cachecol de croch\u00ea que \u00e9 um meio de enfeitar, de minimizar o frio etc. Sim, <strong>isso \u00e9 o que nos faz: ao construir tamb\u00e9m nos constru\u00edmos<\/strong>. Mas tenhamos em mente que <strong>tudo pode virar meio<\/strong>, se o foco \u00e9 construir infinitamente. Como diz Hannah Arendt:<\/p>\n<blockquote>\n<p style=\"text-align: justify;\"><em>em um mundo estritamente utilit\u00e1rio todos os fins s\u00e3o constrangidos a serem de curta dura\u00e7\u00e3o e a transformarem-se em meios para alcan\u00e7ar outros fins<\/em>.<\/p>\n<\/blockquote>\n<p style=\"text-align: justify;\">Decorre disso que o construir, o fabricar sem reflex\u00e3o pode causar, e causou, uma sociedade muito disfuncional, embora altamente \u201cfabricadora\u201d. Inclusive em nossa rela\u00e7\u00e3o com a natureza somos guiados por essa no\u00e7\u00e3o de utilidade, de meio, de fabrica\u00e7\u00e3o sem fim. Sobre este assunto, Arendt ainda chama a aten\u00e7\u00e3o para algo que a sociedade do <em>Homo Faber<\/em> n\u00e3o pode ou n\u00e3o quer compreender, que \u00e9 a diferen\u00e7a entre a <strong>utilidade<\/strong> e a <strong>signific\u00e2ncia<\/strong>. \u00c9 preciso tamb\u00e9m, atentar para o <strong>significado do que constru\u00edmos, do que fabricamos<\/strong>. Essa pequena digress\u00e3o \u00e9 somente para semear uma reflex\u00e3o que vai muit\u00edssimo mais longe, mas que est\u00e1 ligada ao 3 de Ouros, sobre as <strong>consequ\u00eancias do construir<\/strong>.<br \/>\nVamos construir o que pudermos essa semana, e mais al\u00e9m lembrar do que isso significa socialmente e <strong>do que fabricar sem significado traz<\/strong>. E quem sabe no final possamos <em>morrer atrapalhando o tr\u00e2nsito<\/em>.<\/p>\n<p style=\"text-align: justify;\">Boa semana, oper\u00e1rios.<\/p>\n<table style=\"width: 100%; border-collapse: collapse; background-color: #c2f0c5;\">\n<tbody>\n<tr>\n<td style=\"width: 100%;\">\n<h2><img loading=\"lazy\" decoding=\"async\" class=\"size-full wp-image-1189 aligncenter\" src=\"https:\/\/nalua.in\/notas\/wp-content\/uploads\/2023\/08\/3ouro2p.jpg\" alt=\"\" width=\"350\" height=\"572\" srcset=\"https:\/\/nalua.in\/notas\/wp-content\/uploads\/2023\/08\/3ouro2p.jpg 350w, https:\/\/nalua.in\/notas\/wp-content\/uploads\/2023\/08\/3ouro2p-184x300.jpg 184w, https:\/\/nalua.in\/notas\/wp-content\/uploads\/2023\/08\/3ouro2p-150x245.jpg 150w\" sizes=\"auto, (max-width: 350px) 100vw, 350px\" \/><\/h2>\n<h2 style=\"text-align: center;\">3 de Ouros<\/h2>\n<p style=\"text-align: justify;\">O 3 de ouros \u00e9 uma carta promissora. Ela representa a import\u00e2ncia de construir algo s\u00f3lido e duradouro, em termos materiais ou emocionais. Esse arcano \u00e9 frequentemente associado ao trabalho em equipe, \u00e0 colabora\u00e7\u00e3o e ao esfor\u00e7o conjunto para alcan\u00e7ar um objetivo. Quando aparece em uma leitura de tar\u00f4, est\u00e1 nos lembrando da import\u00e2ncia de investir tempo, energia e recursos na constru\u00e7\u00e3o de algo significativo.<\/p>\n<p style=\"text-align: justify;\">No contexto do trabalho e dos neg\u00f3cios, o 3 de ouros fala sobre a import\u00e2ncia de construir uma base s\u00f3lida. Isso pode significar investir em habilidades e conhecimentos, buscar parcerias estrat\u00e9gicas e construir uma reputa\u00e7\u00e3o s\u00f3lida. O sucesso profissional n\u00e3o \u00e9 conquistado apenas com talento, mas tamb\u00e9m com dedica\u00e7\u00e3o e comprometimento. Al\u00e9m disso, o 3 de ouros mostra a import\u00e2ncia de trabalhar em equipe, pois ningu\u00e9m alcan\u00e7a o sucesso sozinho e \u00e9 necess\u00e1rio colaborar e compartilhar ideias com outras pessoas. Essa carta nos incentiva a reconhecer e valorizar as habilidades e contribui\u00e7\u00f5es dos outros.<\/p>\n<p style=\"text-align: justify;\">No \u00e2mbito emocional, a carta de tar\u00f4 3 de ouros \u00e9 sobre a import\u00e2ncia de construir relacionamentos significativos. Relacionamentos requerem tempo, esfor\u00e7o e comprometimento para crescer e se desenvolver. Essa carta incentiva o investimento em relacionamentos que sejam construtivos e nutritivos, onde haja espa\u00e7o para o crescimento m\u00fatuo.\u00a0Al\u00e9m disso, o 3 de ouros tamb\u00e9m fala de construir uma base s\u00f3lida dentro de n\u00f3s mesmos. \u00c9 importante investir em crescimento pessoal e desenvolvimento espiritual, buscar conhecimento, cultivar habilidades e trabalhar em nosso crescimento interior.<\/p>\n<\/td>\n<\/tr>\n<\/tbody>\n<\/table>\n<h2 style=\"text-align: center;\">Um texto que construiu a minha alma<\/h2>\n<p style=\"text-align: justify;\"><em>Kurt Vonnegut escreveu: &#8220;Quando eu tinha 15 anos, passei um m\u00eas trabalhando em uma escava\u00e7\u00e3o arqueol\u00f3gica. Eu estava conversando com um dos arque\u00f3logos um dia durante nossa pausa para o almo\u00e7o e ele fez perguntas do tipo &#8216;para conhec\u00ea-lo&#8217; que voc\u00ea faz aos jovens: Voc\u00ea pratica esportes? Qual \u00e9 a sua mat\u00e9ria favorita? E eu disse a ele, n\u00e3o, eu n\u00e3o pratico nenhum esporte. Eu fa\u00e7o teatro, estou no coral, toco violino e piano, costumava ter aulas de arte.<\/em><br \/>\n<em>E ele disse: UAU! Isso \u00e9 incr\u00edvel! E eu respondi: &#8220;Ah, mas eu n\u00e3o sou bom em nenhuma delas.&#8221;<\/em><br \/>\n<em>Ent\u00e3o ele disse uma coisa que nunca vou esquecer e me surpreendeu muito porque ningu\u00e9m nunca havia me dito algo assim antes: &#8220;Eu n\u00e3o acho que ser bom nas coisas seja o objetivo de faz\u00ea-las. Eu acho que se tem experi\u00eancias maravilhosas com diferentes habilidades, e tudo isso ensina coisas que fazem de voc\u00ea uma pessoa interessante, n\u00e3o importa qu\u00e3o bem voc\u00ea as fa\u00e7a.&#8221;<\/em><br \/>\n<em>E isso realmente mudou minha vida. Porque eu fui de um fracassado, algu\u00e9m que n\u00e3o tinha talento suficiente em nada para se destacar, para algu\u00e9m que fazia as coisas porque gostava delas. Eu fui criado em um ambiente t\u00e3o voltado para realiza\u00e7\u00f5es, t\u00e3o inundado com o mito do talento, que achava que s\u00f3 valia a pena fazer as coisas se fosse poss\u00edvel &#8220;ganhar&#8221; nelas&#8221;.<\/em><\/p>\n<p style=\"text-align: right;\"><span style=\"font-size: 10pt;\"><strong>Este texto \u00e9 um ap\u00f3crifo da internet, mais um, e n\u00e3o pude encontrar de onde surgiu originalmente. O \u00fanico que se consegue confirmar \u00e9 que Kurt Vonnegut realmente esteve em um acampamento de arqueologia em torno dos 15-16 anos. Mas ainda que an\u00f4nimo, \u00e9 um texto que mexeu demais comigo<\/strong><\/span><\/p>\n<hr \/>\n<table style=\"width: 100%; border-collapse: collapse; background-color: #facae9;\">\n<tbody>\n<tr>\n<td style=\"width: 100%;\">\n<h2 style=\"text-align: center;\">Arte que sempre, sempre constr\u00f3i. E que n\u00e3o precisa nunca de utilidade.<\/h2>\n<\/td>\n<\/tr>\n<\/tbody>\n<\/table>\n<h3 style=\"text-align: center;\"><strong>Livro<\/strong><\/h3>\n<p><img loading=\"lazy\" decoding=\"async\" class=\"wp-image-1194 aligncenter\" src=\"https:\/\/nalua.in\/notas\/wp-content\/uploads\/2023\/08\/51vZQqJpILL.jpg\" alt=\"\" width=\"301\" height=\"432\" srcset=\"https:\/\/nalua.in\/notas\/wp-content\/uploads\/2023\/08\/51vZQqJpILL.jpg 348w, https:\/\/nalua.in\/notas\/wp-content\/uploads\/2023\/08\/51vZQqJpILL-209x300.jpg 209w, https:\/\/nalua.in\/notas\/wp-content\/uploads\/2023\/08\/51vZQqJpILL-150x216.jpg 150w\" sizes=\"auto, (max-width: 301px) 100vw, 301px\" \/><\/p>\n<p style=\"text-align: justify;\"><strong>Os Pilares da Terra &#8211; Ken Follet &#8211; <em>Indico porque \u00e9 um prazer ler Ken Follet, porque \u00e9 um livro delicioso de ler, mesmo sendo um calhama\u00e7o. \u00c9 daquelas obras imersivas, em que voc\u00ea mergulha em outro universo e esquece do mundo. \u00c9 uma literatura de qualidade, a gente torce para o livro n\u00e3o acabar. Ken Follet \u00e9 um mestre em contar boas hist\u00f3rias. Vale demais a leitura, \u00e9 daqueles livros para esquecer as mazelas do mundo e da vida.<\/em><\/strong><\/p>\n<hr \/>\n<p style=\"text-align: justify;\"><em>Os Pilares da Terra<\/em> (The Pillars of the Earth) \u00e9 um romance brit\u00e2nico de fic\u00e7\u00e3o hist\u00f3rica, escrito por Ken Follett e publicado em 1989. A hist\u00f3ria se passa na Inglaterra do S\u00e9culo XII, durante um per\u00edodo conhecido como A Anarquia, em que dois poss\u00edveis sucessores v\u00e3o lutar pelo trono ingl\u00eas. \u00c9 neste cen\u00e1rio que Tom, um humilde pedreiro e mestre de obras, persegue o seu sonho de erguer uma imponente catedral, na fict\u00edcia cidade de Kingsbridge. \u00c9 uma obra de fic\u00e7\u00e3o hist\u00f3rica que narra a constru\u00e7\u00e3o de uma catedral na Inglaterra medieval. A hist\u00f3ria se desenrola ao longo de quatro d\u00e9cadas,\u00a0 e acompanha as vidas de v\u00e1rios personagens que se envolvem em conflitos pol\u00edticos, religiosos, sociais e pessoais. O autor retrata com riqueza de detalhes a \u00e9poca, os costumes, as t\u00e9cnicas de arquitetura e engenharia, as intrigas e as paix\u00f5es que movem os protagonistas.<\/p>\n<hr \/>\n<h3 style=\"text-align: center;\">Document\u00e1rio<\/h3>\n<p><img loading=\"lazy\" decoding=\"async\" class=\" wp-image-1191 aligncenter\" src=\"https:\/\/nalua.in\/notas\/wp-content\/uploads\/2023\/08\/28042130.jpg\" alt=\"\" width=\"247\" height=\"352\" srcset=\"https:\/\/nalua.in\/notas\/wp-content\/uploads\/2023\/08\/28042130.jpg 300w, https:\/\/nalua.in\/notas\/wp-content\/uploads\/2023\/08\/28042130-210x300.jpg 210w, https:\/\/nalua.in\/notas\/wp-content\/uploads\/2023\/08\/28042130-150x214.jpg 150w\" sizes=\"auto, (max-width: 247px) 100vw, 247px\" \/><\/p>\n<p style=\"text-align: justify;\"><strong>Conterr\u00e2neos Velhos de Guerra &#8211; Vladimir Carvalho &#8211; 1990 &#8211; <em><span style=\"text-decoration: underline;\">O melhor document\u00e1rio brasileiro de todos os tempos<\/span>. T\u00e1. Tudo bem, pode n\u00e3o ser o melhor mas est\u00e1 entre os 5 primeiros. Indico pois \u00e9 um filme fant\u00e1stico, necess\u00e1rio, que \u00e9 o retrato do nosso pa\u00eds. O Brasil inteiro est\u00e1 nele, tem toda nossa hist\u00f3ria, nossos v\u00edcios, nossa explica\u00e7\u00e3o. \u00c9 imperd\u00edvel, indispens\u00e1vel, obrigat\u00f3rio. Fa\u00e7am essa gentileza consigo mesmos e vejam essa obra magistral. <a href=\"https:\/\/www.youtube.com\/watch?v=iDcz3Uw21wI\" target=\"_blank\" rel=\"noopener\">Est\u00e1 dispon\u00edvel inteiro no YouTube.<\/a><\/em><\/strong><\/p>\n<hr \/>\n<p style=\"text-align: justify;\">O document\u00e1rio <em>Conterr\u00e2neos Velhos de Guerra<\/em>, dirigido por Vladimir Carvalho, \u00e9 uma obra-prima do cinema brasileiro que retrata a hist\u00f3ria da constru\u00e7\u00e3o de Bras\u00edlia sob a perspectiva dos trabalhadores que vieram de diversas regi\u00f5es do pa\u00eds para erguer a nova capital. O filme, lan\u00e7ado em 1990, aborda os conflitos sociais e pol\u00edticos que marcaram a ditadura militar no Brasil.\u00a0O document\u00e1rio \u00e9 composto por imagens de arquivo, entrevistas com os protagonistas da \u00e9poca e depoimentos de historiadores, soci\u00f3logos e jornalistas que analisam o contexto hist\u00f3rico e as contradi\u00e7\u00f5es do projeto de Juscelino Kubitschek. A narrativa \u00e9 conduzida pela voz do pr\u00f3prio diretor, que tamb\u00e9m participou da constru\u00e7\u00e3o de Bras\u00edlia como estudante de arquitetura e militante pol\u00edtico.\u00a0O filme mostra as condi\u00e7\u00f5es prec\u00e1rias de trabalho e moradia dos oper\u00e1rios, que viviam em acampamentos improvisados chamados de &#8220;candangos&#8221;, e as lutas sindicais e populares que reivindicavam melhores sal\u00e1rios e direitos sociais. O document\u00e1rio tamb\u00e9m revela as viol\u00eancias cometidas pelo Estado contra os trabalhadores, como as torturas, os desaparecimentos e os assassinatos.\u00a0O document\u00e1rio \u00e9 um registro hist\u00f3rico que denuncia as injusti\u00e7as e as desigualdades sociais que marcaram a funda\u00e7\u00e3o da capital.<\/p>\n<hr \/>\n<h3 style=\"text-align: center;\">S\u00e9rie<\/h3>\n<p><img loading=\"lazy\" decoding=\"async\" class=\"wp-image-1195 aligncenter\" src=\"https:\/\/nalua.in\/notas\/wp-content\/uploads\/2023\/08\/yellowstone-1883p.jpg\" alt=\"\" width=\"301\" height=\"452\" srcset=\"https:\/\/nalua.in\/notas\/wp-content\/uploads\/2023\/08\/yellowstone-1883p.jpg 350w, https:\/\/nalua.in\/notas\/wp-content\/uploads\/2023\/08\/yellowstone-1883p-200x300.jpg 200w, https:\/\/nalua.in\/notas\/wp-content\/uploads\/2023\/08\/yellowstone-1883p-150x225.jpg 150w\" sizes=\"auto, (max-width: 301px) 100vw, 301px\" \/><\/p>\n<p style=\"text-align: justify;\"><strong>1883 &#8211; Prel\u00fadio de Yellowstone &#8211; Taylor Sheridan &#8211; 2021. <em>Indica\u00e7\u00e3o da La\u00eds. Eu assisti ao primeiro epis\u00f3dio e fiquei muito impactada, achei muito bem feito, com uma hist\u00f3ria que promete ser interessant\u00edssima. La\u00eds disse que lembrou desta s\u00e9rie pois \u00e9 sobre a luta de uma fam\u00edlia para construir um rancho e uma vida nova. \u00c9 sobre uma \u00e9poca e um lugar onde construir era o pr\u00f3prio sentido da exist\u00eancia. Eu gostei tanto do primeiro epis\u00f3dio que j\u00e1 quero acabar aqui e ir assistir ao restante.\u00a0<\/em><\/strong><\/p>\n<hr \/>\n<p style=\"text-align: justify;\">A s\u00e9rie <em>1883<\/em> \u00e9 cronologicamente a primeira de v\u00e1rias s\u00e9ries derivadas de Yellowstone. Ela conta como os Duttons, a fam\u00edlia protagonista da s\u00e9rie Yellowstone, conquistaram a terra que se tornaria o Rancho Yellowstone. Segunda obra produzida na franquia Yellowstone, a s\u00e9rie \u00e9 composta por dez epis\u00f3dios e foi conclu\u00edda em 27 de fevereiro de 2022. A narrativa segue a gera\u00e7\u00e3o p\u00f3s-guerra civil da fam\u00edlia Dutton enquanto eles deixam o Tennessee, viajam para Fort Worth, Texas, e se juntam a um vag\u00e3o de trem empreendendo a \u00e1rdua jornada para o oeste at\u00e9 Oregon antes de se estabelecerem em Montana para construir o que viria a ser o Rancho Yellowstone.<\/p>\n<hr \/>\n<h3 style=\"text-align: center;\">Filme<\/h3>\n<p><img loading=\"lazy\" decoding=\"async\" class=\" wp-image-1197 aligncenter\" src=\"https:\/\/nalua.in\/notas\/wp-content\/uploads\/2023\/08\/inferno-na-torrep.jpg\" alt=\"\" width=\"300\" height=\"428\" srcset=\"https:\/\/nalua.in\/notas\/wp-content\/uploads\/2023\/08\/inferno-na-torrep.jpg 350w, https:\/\/nalua.in\/notas\/wp-content\/uploads\/2023\/08\/inferno-na-torrep-210x300.jpg 210w, https:\/\/nalua.in\/notas\/wp-content\/uploads\/2023\/08\/inferno-na-torrep-150x214.jpg 150w\" sizes=\"auto, (max-width: 300px) 100vw, 300px\" \/><\/p>\n<p style=\"text-align: justify;\"><strong>Inferno na torre &#8211; John Guillermin &#8211; 1974. <em>Indica\u00e7\u00e3o do Akio. Indicado por ser um \u00f3timo filme sobre construir. Um filme sobre mal construir, sobre excessos, sobre limites, gan\u00e2ncia, sede de poder e inabilidades. Mostra do que os seres humanos s\u00e3o capazes de fazer quando est\u00e3o no limite, em situa\u00e7\u00e3o de cat\u00e1strofe ou de morte iminente. E tamb\u00e9m pode servir como alegoria para o que falamos sobre uma sociedade excessivamente &#8220;fabricante&#8221;, que n\u00e3o sabe impor limites \u00e0 uma expans\u00e3o sem fim.\u00a0<\/em><\/strong><\/p>\n<hr \/>\n<p style=\"text-align: justify;\">O filme &#8220;Inferno na Torre&#8221; \u00e9 um cl\u00e1ssico do cinema de cat\u00e1strofe, lan\u00e7ado em 1974. Dirigido por John Guillermin, o filme conta a hist\u00f3ria de um inc\u00eandio em um arranha-c\u00e9u de 138 andares, que coloca em risco a vida de centenas de pessoas. A trama se passa em um edif\u00edcio comercial de San Francisco, chamado &#8220;The Glass Tower&#8221;, que \u00e9 considerado o mais seguro do mundo. Por\u00e9m, durante a festa de inaugura\u00e7\u00e3o do pr\u00e9dio, um curto-circuito provoca um inc\u00eandio no andar 81, onde est\u00e1 localizado um restaurante. O fogo se espalha rapidamente pelos andares superiores, deixando os convidados da festa presos no terra\u00e7o. Enquanto isso, o chefe de seguran\u00e7a do pr\u00e9dio, Doug Roberts (interpretado por Paul Newman), tenta coordenar as opera\u00e7\u00f5es de resgate e evacua\u00e7\u00e3o dos demais ocupantes do edif\u00edcio. A situa\u00e7\u00e3o se agrava quando um helic\u00f3ptero tenta resgatar alguns convidados do terra\u00e7o, mas acaba colidindo com o pr\u00e9dio e provocando uma explos\u00e3o. A partir da\u00ed, a luta pela sobreviv\u00eancia se intensifica, com muitos personagens enfrentando situa\u00e7\u00f5es de risco extremo. O filme \u00e9 baseado no livro &#8220;The Tower&#8221;, de Richard Martin Stern, e foi inspirado em fatos reais, como o inc\u00eandio no Edif\u00edcio Joelma, em S\u00e3o Paulo, que ocorreu em 1974 e deixou mais de 170 mortos.\u00a0&#8220;Inferno na Torre&#8221; foi um grande sucesso de bilheteria e recebeu v\u00e1rias indica\u00e7\u00f5es ao Oscar, incluindo nas categorias de Melhor Filme e Melhor Diretor.\u00a0Apesar de ter sido lan\u00e7ado h\u00e1 mais de quatro d\u00e9cadas, &#8220;Inferno na Torre&#8221; ainda \u00e9 lembrado como um dos melhores filmes do g\u00eanero de cat\u00e1strofe. Al\u00e9m disso, a hist\u00f3ria serviu como alerta para os riscos envolvidos na constru\u00e7\u00e3o de edif\u00edcios cada vez mais altos e complexos.<\/p>\n<hr \/>\n<p><img loading=\"lazy\" decoding=\"async\" class=\"wp-image-1198 aligncenter\" src=\"https:\/\/nalua.in\/notas\/wp-content\/uploads\/2023\/08\/tirinhafazalgo.jpg\" alt=\"\" width=\"400\" height=\"548\" srcset=\"https:\/\/nalua.in\/notas\/wp-content\/uploads\/2023\/08\/tirinhafazalgo.jpg 536w, https:\/\/nalua.in\/notas\/wp-content\/uploads\/2023\/08\/tirinhafazalgo-219x300.jpg 219w, https:\/\/nalua.in\/notas\/wp-content\/uploads\/2023\/08\/tirinhafazalgo-150x205.jpg 150w\" sizes=\"auto, (max-width: 400px) 100vw, 400px\" \/><\/p>\n<table style=\"width: 100%; border-collapse: collapse; background-color: #bdf2ca;\">\n<tbody>\n<tr>\n<td style=\"width: 100%;\">\n<p style=\"text-align: center;\"><em>Creio que quase sempre \u00e9 preciso um golpe de loucura para se construir um destino<\/em>.<\/p>\n<p style=\"text-align: center;\"><strong>Marguerite Yourcenar<\/strong><\/p>\n<\/td>\n<\/tr>\n<\/tbody>\n<\/table>\n<p style=\"text-align: center;\"><span style=\"font-size: 10pt;\"><strong>Post com a colabora\u00e7\u00e3o de <a href=\"https:\/\/www.instagram.com\/fisica.origami.kawakami\/\" target=\"_blank\" rel=\"noopener\">@akio<\/a> e\u00a0<a href=\"http:\/\/instagram.com\/laismeralda\" target=\"_blank\" rel=\"noopener\">@laismeralda, que \u00e9 a<em> melhor cartomante do peda\u00e7o, marque sua consulta com ela.<\/em><\/a><\/strong><\/span><\/p>\n<hr \/>\n<p style=\"text-align: center;\"><span style=\"font-size: 8pt;\">27 de agosto \u00e9 o 239.\u00ba dia do ano no calend\u00e1rio gregoriano (240.\u00ba em anos bissextos). Faltam 126 dias para acabar o ano.<\/span><\/p>\n<hr \/>\n<p style=\"text-align: justify;\"><em>Se voc\u00ea leu at\u00e9 aqui, obrigada! Esse \u00e9 o meu almanaque particular. Um peda\u00e7o do meu di\u00e1rio, da minha arca da velha, um registro de pequenas efem\u00e9rides, de coisas que quero guardar, do tempo, do vento, do c\u00e9u e do cheiro da chuva. Os Vest\u00edgios do Dia, meus dias. Aqui s\u00f3 tem refer\u00eancias, pois \u00e9 disso que sou feita.<\/em><\/p>\n<table style=\"width: 100%; border-collapse: collapse; background-color: #f7baca;\">\n<tbody>\n<tr>\n<td style=\"text-align: center; width: 99.9285%;\"><span style=\"font-size: 8pt;\">\u00a9 Nalua \u2013 Caderninho pessoal, bauzinho de trapos coloridos, nos morros de Minas Gerais. Inverno, mas um calor\u00e3o do capeta.<\/span><\/td>\n<\/tr>\n<\/tbody>\n<\/table>\n<div id=\"post-wrapper\" class=\"post-wrapper\">\n<article id=\"post-610\" class=\"post-610 post type-post status-publish format-standard hentry category-almanaque category-carta-semanal category-jardim category-newsletter category-oraculo\">\n<div class=\"entry-content\">\n<p style=\"text-align: center;\"><span style=\"font-size: 8pt;\"><em>Esta \u00e9 a 24\u00aa de 78 p\u00e1ginas que ter\u00e1 este almanaque.<\/em><\/span><\/p>\n<\/div>\n<\/article>\n<\/div>\n","protected":false},"excerpt":{"rendered":"<p>olho pra cima e fico tonto Belo Horizonte, 27 de agosto de 2023 \u263c15\u00b0 \u2013 23\u00b0 27 de agosto\u00a0\u00e9 dia do Psic\u00f3logo. Em 1883 explodia [&#8230;]<\/p>\n","protected":false},"author":1,"featured_media":0,"comment_status":"open","ping_status":"open","sticky":false,"template":"","format":"standard","meta":{"footnotes":""},"categories":[9,13,10,5,12],"tags":[],"class_list":["post-1185","post","type-post","status-publish","format-standard","hentry","category-almanaque","category-carta-semanal","category-jardim","category-newsletter","category-oraculo"],"_links":{"self":[{"href":"https:\/\/nalua.in\/notas\/wp-json\/wp\/v2\/posts\/1185","targetHints":{"allow":["GET"]}}],"collection":[{"href":"https:\/\/nalua.in\/notas\/wp-json\/wp\/v2\/posts"}],"about":[{"href":"https:\/\/nalua.in\/notas\/wp-json\/wp\/v2\/types\/post"}],"author":[{"embeddable":true,"href":"https:\/\/nalua.in\/notas\/wp-json\/wp\/v2\/users\/1"}],"replies":[{"embeddable":true,"href":"https:\/\/nalua.in\/notas\/wp-json\/wp\/v2\/comments?post=1185"}],"version-history":[{"count":20,"href":"https:\/\/nalua.in\/notas\/wp-json\/wp\/v2\/posts\/1185\/revisions"}],"predecessor-version":[{"id":1215,"href":"https:\/\/nalua.in\/notas\/wp-json\/wp\/v2\/posts\/1185\/revisions\/1215"}],"wp:attachment":[{"href":"https:\/\/nalua.in\/notas\/wp-json\/wp\/v2\/media?parent=1185"}],"wp:term":[{"taxonomy":"category","embeddable":true,"href":"https:\/\/nalua.in\/notas\/wp-json\/wp\/v2\/categories?post=1185"},{"taxonomy":"post_tag","embeddable":true,"href":"https:\/\/nalua.in\/notas\/wp-json\/wp\/v2\/tags?post=1185"}],"curies":[{"name":"wp","href":"https:\/\/api.w.org\/{rel}","templated":true}]}}