{"id":1149,"date":"2023-08-10T18:13:16","date_gmt":"2023-08-10T18:13:16","guid":{"rendered":"https:\/\/nalua.in\/notas\/?p=1149"},"modified":"2023-08-11T16:25:22","modified_gmt":"2023-08-11T16:25:22","slug":"1149-2","status":"publish","type":"post","link":"https:\/\/nalua.in\/notas\/1149-2\/","title":{"rendered":""},"content":{"rendered":"<p style=\"text-align: center;\"><a href=\"http:\/\/almanaque.nalu.in\/diariodeumdetento.html\" target=\"_blank\" rel=\"noopener\"><span style=\"font-size: 8pt;\">na muralha em p\u00e9 mais um cidad\u00e3o<\/span><\/a><\/p>\n<p><img loading=\"lazy\" decoding=\"async\" class=\"size-full wp-image-858 aligncenter\" src=\"https:\/\/nalua.in\/notas\/wp-content\/uploads\/2023\/06\/cropped-cabecalho-sera.jpg\" alt=\"\" width=\"987\" height=\"226\" srcset=\"https:\/\/nalua.in\/notas\/wp-content\/uploads\/2023\/06\/cropped-cabecalho-sera.jpg 987w, https:\/\/nalua.in\/notas\/wp-content\/uploads\/2023\/06\/cropped-cabecalho-sera-300x69.jpg 300w, https:\/\/nalua.in\/notas\/wp-content\/uploads\/2023\/06\/cropped-cabecalho-sera-768x176.jpg 768w, https:\/\/nalua.in\/notas\/wp-content\/uploads\/2023\/06\/cropped-cabecalho-sera-150x34.jpg 150w\" sizes=\"auto, (max-width: 987px) 100vw, 987px\" \/><\/p>\n<p style=\"text-align: center;\"><strong>Belo Horizonte, 13 de agosto de 2023<\/strong><\/p>\n<p style=\"text-align: center;\"><strong>\u263c16\u00b0 &#8211; 28\u00b0<\/strong><\/p>\n<hr \/>\n<p style=\"text-align: justify;\"><strong>13 de agosto<\/strong> \u00e9 dia do Pensamento, esse que pode tanto. E que pode <strong>paralisar<\/strong> tamb\u00e9m. \u00c9 dia do <strong>economista<\/strong>, do <strong>canhoto<\/strong>, do <strong>psiquiatra<\/strong> e de <strong>Santa Irm\u00e3 Dulce<\/strong>. Nele, em <strong>1521<\/strong> o terr\u00edvel <span style=\"text-decoration: underline;\">Hern\u00e1n Cort\u00e9s<\/span> capturou Cuauht\u00e9moc e conquistou a Tenochtitl\u00e1n. Em <strong>1868<\/strong> um terremoto matou <span style=\"text-decoration: underline;\">25 mil pessoas<\/span> no Peru e no Equador. Em <strong>1956<\/strong> <span style=\"text-decoration: underline;\">Elvis Presley<\/span> lan\u00e7a &#8220;Don&#8217;t Be Cruel&#8221;. Em <strong>1961<\/strong> come\u00e7ou a constru\u00e7\u00e3o do infame <span style=\"text-decoration: underline;\">Muro de Berlim<\/span>. Em <strong>2014<\/strong> <span style=\"text-decoration: underline;\">Maryam Mirzakhani<\/span> foi a primeira mulher a ganhar a Medalha Fields em matem\u00e1tica, desde 1936 \u00af\\_(\u30c4)_\/\u00af. Em <strong>1899<\/strong> nasceu <span style=\"text-decoration: underline;\">Hitchcock<\/span>, em <strong>1924<\/strong> nasceu <span style=\"text-decoration: underline;\">Helena Meirelles<\/span>, em <strong>1926<\/strong> <span style=\"text-decoration: underline;\">Fidel Castro<\/span>, em <strong>1951<\/strong> chegou <span style=\"text-decoration: underline;\">Beto Guedes<\/span>. Em <strong>1946<\/strong> nos deixou <span style=\"text-decoration: underline;\">H. G. Wells<\/span>. O sil\u00eancio ficou inc\u00f4modo em <strong>1969<\/strong> com a partida de <span style=\"text-decoration: underline;\">Jacob do Bandolim<\/span>, em <strong>1975<\/strong> se foi <span style=\"text-decoration: underline;\">Murilo Mendes<\/span>, em <strong>1999<\/strong> <span style=\"text-decoration: underline;\">Inim\u00e1 de Paula.<\/span><\/p>\n<table style=\"width: 100%; border-collapse: collapse; background-color: #ebdefa;\">\n<tbody>\n<tr>\n<td style=\"width: 100%;\">\n<p style=\"text-align: center;\"><em>O p\u00e1ssaro \u00e9 livre<\/em><br \/>\n<em>na pris\u00e3o do ar.<\/em><br \/>\n<em>O esp\u00edrito \u00e9 livre<\/em><br \/>\n<em>na pris\u00e3o do corpo.<\/em><br \/>\n<em>Mas livre, bem livre,<\/em><br \/>\n<em>\u00e9 mesmo estar morto.<\/em><\/p>\n<p style=\"text-align: center;\">\u2660<br \/>\n<strong>Carlos Drummond de Andrade<\/strong><\/p>\n<\/td>\n<\/tr>\n<\/tbody>\n<\/table>\n<p><img loading=\"lazy\" decoding=\"async\" class=\" wp-image-1175 aligncenter\" src=\"https:\/\/nalua.in\/notas\/wp-content\/uploads\/2023\/08\/03bc7e9c290f5dc546327ce4c57d02fd.jpg\" alt=\"\" width=\"350\" height=\"462\" srcset=\"https:\/\/nalua.in\/notas\/wp-content\/uploads\/2023\/08\/03bc7e9c290f5dc546327ce4c57d02fd.jpg 700w, https:\/\/nalua.in\/notas\/wp-content\/uploads\/2023\/08\/03bc7e9c290f5dc546327ce4c57d02fd-228x300.jpg 228w, https:\/\/nalua.in\/notas\/wp-content\/uploads\/2023\/08\/03bc7e9c290f5dc546327ce4c57d02fd-150x198.jpg 150w\" sizes=\"auto, (max-width: 350px) 100vw, 350px\" \/><\/p>\n<hr \/>\n<h2 style=\"text-align: center;\">Em 13 de agosto de 1941, Etty Hilesum, uma jovem judia holandesa escreveu em seu di\u00e1rio:<\/h2>\n<p style=\"text-align: justify;\"><em>Naturalmente, n\u00e3o alcan\u00e7o uma objetividade g\u00e9lida, de sangue-frio, sendo como sou. Sou sens\u00edvel demais para isso. Mas tamb\u00e9m j\u00e1 n\u00e3o fico t\u00e3o abalada como antes por causa de toda essa sensibilidade. Daan22 caiu de um aeroplano e s\u00e3o muitos os jovens promissores e cheios de vida que est\u00e3o morrendo a todo instante do dia e da noite. N\u00e3o sei como lidar com isso. Com todo esse sofrimento ao redor, come\u00e7o a sentir vergonha de me preocupar seriamente com minhas mudan\u00e7as de humor. Mas \u00e9 preciso continuar a levar a si mesmo a s\u00e9rio, \u00e9 preciso continuar a ser o pr\u00f3prio centro e aprender a conviver com tudo o que acontece no mundo, n\u00e3o se podem fechar os olhos para nada, \u00e9 preciso se confrontar com estes tempos terr\u00edveis e conseguir encontrar uma resposta a uma s\u00e9rie de perguntas sobre a vida e a morte que estes tempos apresentam. Talvez eu encontre uma resposta para algumas dessas quest\u00f5es, n\u00e3o apenas para mim mesma, mas tamb\u00e9m para os outros. Afinal vivo neste momento. Tenho que encarar tudo de frente. Tamb\u00e9m n\u00e3o posso fugir de mim mesma. \u00c0s vezes me sinto como uma estaca num mar revolto, a\u00e7oitada pelas ondas por todos os lados. Mas permane\u00e7o firme e vou desgastando aos poucos ao longo dos anos. Quero viver plenamente.<\/em><\/p>\n<p style=\"text-align: right;\"><span style=\"font-size: 10pt;\"><strong>Etty Hilesum &#8211; Uma Vida Interrompida &#8211; Ed. Aiyn\u00e9<\/strong><\/span><\/p>\n<hr \/>\n<h2 style=\"text-align: center;\">Or\u00e1culo<\/h2>\n<p><img loading=\"lazy\" decoding=\"async\" class=\" wp-image-1157 aligncenter\" src=\"https:\/\/nalua.in\/notas\/wp-content\/uploads\/2023\/08\/ENFORCADOPOSTP.jpg\" alt=\"\" width=\"302\" height=\"542\" srcset=\"https:\/\/nalua.in\/notas\/wp-content\/uploads\/2023\/08\/ENFORCADOPOSTP.jpg 350w, https:\/\/nalua.in\/notas\/wp-content\/uploads\/2023\/08\/ENFORCADOPOSTP-167x300.jpg 167w, https:\/\/nalua.in\/notas\/wp-content\/uploads\/2023\/08\/ENFORCADOPOSTP-150x269.jpg 150w\" sizes=\"auto, (max-width: 302px) 100vw, 302px\" \/><\/p>\n<p style=\"text-align: justify;\">A carta do Tar\u00f4 O Enforcado \u00e9 <strong>intrigante<\/strong> e <strong>misteriosa<\/strong>. Representando um homem suspenso por um p\u00e9, com as m\u00e3os amarradas nas costas, a imagem pode ser vista como <strong>perturbadora<\/strong>, mas tamb\u00e9m pode ser interpretada como uma representa\u00e7\u00e3o simb\u00f3lica de um <strong>estado de consci\u00eancia elevado<\/strong>.<\/p>\n<p style=\"text-align: justify;\">Um dos sentidos que esta carta traz \u00e9 a <strong>estagna\u00e7\u00e3o<\/strong> e o <strong>sentimento de estar aprisionado<\/strong>. Vejamos bem, n\u00e3o \u00e9 que estejamos somente aprisionados literalmente, mas nos <strong>sentimos presos, amarrados, pendurados momentaneamente<\/strong>. O sentimento \u00e9 de estarmos mesmo suspensos sobre o abismo. \u00c9 um sentimento que Nietzsche descreveu quando falou do decadente homem europeu de sua \u00e9poca, mas que cabe aqui como ilustra\u00e7\u00e3o (que ele n\u00e3o se revire no t\u00famulo).<\/p>\n<blockquote>\n<p style=\"text-align: justify;\"><em>O homem \u00e9 uma corda, atada entre o animal e o super-homem \u2014 uma corda sobre um abismo.<\/em><br \/>\n<em>Um perigoso para-l\u00e1, um perigoso a-caminho, um perigoso olhar-para-tr\u00e1s, um perigoso estremecer e se deter.<\/em><br \/>\n<em>Grande, no homem, \u00e9 ser ele uma ponte e n\u00e3o um objetivo: o que pode ser amado, no homem, \u00e9 ser ele uma\u00a0passagem\u00a0e um\u00a0decl\u00ednio. <\/em><\/p>\n<\/blockquote>\n<p style=\"text-align: right;\"><span style=\"font-size: 10pt;\"><strong>Nietzsche &#8211; Assim falou Zaratustra<\/strong><\/span><\/p>\n<p style=\"text-align: justify;\">Essa carta traz esse sentimento, de estar <strong>paralisado<\/strong>, sem saber se \u00e9 poss\u00edvel ir para frente ou para tr\u00e1s. \u00c9 aquele momento em que a gente <strong>estremece<\/strong> e <strong>para<\/strong>.<\/p>\n<p style=\"text-align: justify;\">Quando se trata do sentimento de estar aprisionado, a carta do Enforcado pode ser vista como um reflexo da <strong>sensa\u00e7\u00e3o de impot\u00eancia<\/strong> e <strong>falta de controle sobre a pr\u00f3pria vida<\/strong>. Muitas vezes, quando nos sentimos presos em situa\u00e7\u00f5es dif\u00edceis ou desafiadoras, podemos nos sentir como se estiv\u00e9ssemos <strong>amarrados<\/strong> e <strong>incapazes de agir<\/strong>. A sensa\u00e7\u00e3o de estar aprisionado pode ser extremamente estressante e prejudicial para a sa\u00fade mental e f\u00edsica.\u00a0A carta do Enforcado pode ser vista como um lembrete de que, mesmo quando nos sentimos presos, <strong>ainda temos escolhas e op\u00e7\u00f5es<\/strong> dispon\u00edveis para n\u00f3s.\u00a0Mas, mais do que tudo, esta \u00e9 uma carta da <strong>busca pela sabedoria<\/strong>. O momento <em>Enforcado<\/em> em nossas vidas \u00e9 aquele que, em geral, precede um <strong>grande insight<\/strong>. \u00c9 o momento imediatamente anterior \u00e0 alguma revela\u00e7\u00e3o importante.<\/p>\n<p style=\"text-align: justify;\">Segundo a tar\u00f3loga Jessa Crispin, essa carta \u00e9 inspirada na mitologia do deus <strong>Odin<\/strong>. Esse deus se perfurou com uma lan\u00e7a e se pendurou por nove dias na \u00c1rvore da Vida, ficando suspenso n\u00e3o apenas sobre um abismo, mas <strong>suspenso entre a vida e a morte<\/strong>. Foi neste momento que ele recebeu o segredo das runas, que s\u00e3o a tradu\u00e7\u00e3o da realidade inteira. Odin recebeu, por causa deste momento em paralisia, o dom de <strong>interferir na realidade<\/strong>.<\/p>\n<p style=\"text-align: justify;\">O enforcado \u00e9 uma carta <strong>complexa<\/strong> e cheia de camadas. Existe a ideia de <strong>sacrif\u00edcio<\/strong>, de <strong>transi\u00e7\u00e3o<\/strong>, de um novo tipo de compreens\u00e3o, segundo Jessa. \u00c9 preciso deter-se, prestar aten\u00e7\u00e3o, <strong>ser paciente<\/strong> e deixar que a vida revele alguns segredos. Muitas vezes \u00e9 por isso que nos sentimos aprisionados e paralisados, porque <strong>n\u00e3o sabemos nos deter a tempo para ouvir a vida<\/strong>.\u00a0Embora pare\u00e7a que estamos incapazes de agir, podemos sempre mudar nossa perspectiva e encontrar maneiras mais leves de lidar com esse momento, que por muito necess\u00e1rio, tamb\u00e9m \u00e9 bastante inc\u00f4modo.\u00a0<strong>Onde estamos numa encruzilhada assim, em nossa vida<\/strong>? Esse assunto pode ficar evidente nesta semana.<\/p>\n<p style=\"text-align: justify;\">A imagem do homem pendurado pode ser interpretada de v\u00e1rias maneiras, mas a mais comum \u00e9 que ele est\u00e1 em um <strong>estado de espera for\u00e7ada<\/strong>. Ele espera em alguma pris\u00e3o que o tempo passe, que seja libertado, que algo aconte\u00e7a. Ele n\u00e3o tem escolha sen\u00e3o <strong>esperar<\/strong> at\u00e9 que as circunst\u00e2ncias mudem e ele possa se libertar. A mudan\u00e7a das <strong>circunst\u00e2ncias<\/strong> n\u00e3o depende de n\u00f3s, s\u00f3 podemos <strong>esperar<\/strong>. O que depende de n\u00f3s \u00e9 <strong>nos libertarmos dessa sensa\u00e7\u00e3o de estagna\u00e7\u00e3o e aprisionamento e conseguirmos atravessar o abismo<\/strong>, que algumas vezes pode ser somente uma<strong> po\u00e7a d\u2019\u00e1gua no ch\u00e3o<\/strong>. Mas s\u00f3 saberemos disso depois da travessia.<\/p>\n<p style=\"text-align: justify;\">O Enforcado tamb\u00e9m pode ser visto como um s\u00edmbolo de <strong>sacrif\u00edcio<\/strong>. Ele est\u00e1 disposto a <strong>suportar o desconforto e a dor<\/strong> de ficar pendurado para alcan\u00e7ar um objetivo maior.\u00a0Em algumas representa\u00e7\u00f5es do tar\u00f4, o Enforcado tamb\u00e9m \u00e9 S\u00edsifo, aquele que faz <strong>um trabalho in\u00fatil, que nunca tem fim<\/strong>. \u00c9 aquele que n\u00e3o se liberta nunca, que para sempre vai arrastar uma pedra e algumas correntes. \u00c9 desse aprisionamento que falamos e que precisamos saber se vamos nos livrar. <strong>Se podemos nos livrar<\/strong>. <strong>Se assim queremos<\/strong>. <strong>Algumas pris\u00f5es s\u00e3o para sempre<\/strong>, n\u00e3o sejamos ing\u00eanuos. Para estas temos que varrer e arejar a cela e tratar de conseguir algumas flores para enfeitar o cinza.<\/p>\n<p style=\"text-align: justify;\">A carta do Enforcado pode ser vista, como afinal todas as cartas, como uma oportunidade para <strong>crescer<\/strong> e <strong>evoluir<\/strong>. Embora possa ser dif\u00edcil enfrentar situa\u00e7\u00f5es de <strong>estagna\u00e7\u00e3o<\/strong>, esses momentos podem nos ajudar a desenvolver <strong>resili\u00eancia<\/strong> e <strong>for\u00e7a interior<\/strong>. Ao se concentrar em encontrar caminhos e op\u00e7\u00f5es dispon\u00edveis, podemos superar a sensa\u00e7\u00e3o de estarmos aprisionados e perceber que a liberdade e margem de a\u00e7\u00e3o s\u00e3o muito maiores do que sup\u00fanhamos. Lembremos que <em>o tempo passa e atravessa as avenidas<\/em>. E o Sol nascente sempre <em>chama os homens pro seu tempo de viver.<\/em><\/p>\n<table style=\"width: 100%; border-collapse: collapse; background-color: #fae9be;\">\n<tbody>\n<tr>\n<td style=\"width: 100%;\"><img loading=\"lazy\" decoding=\"async\" class=\"aligncenter\" src=\"https:\/\/almanalua.files.wordpress.com\/2023\/08\/colgadop.jpg\" alt=\"\" width=\"250\" height=\"409\" \/><\/p>\n<p style=\"text-align: center;\"><strong>O ENFORCADO<\/strong><\/p>\n<p style=\"text-align: justify;\">A carta de tar\u00f4 O Enforcado \u00e9 uma das mais intrigantes do baralho. Representada por um homem suspenso de cabe\u00e7a para baixo, ela pode causar estranheza e at\u00e9 mesmo medo em quem a observa pela primeira vez. No entanto, essa carta tem um significado muito mais profundo do que sua imagem sugere.\u00a0Em primeiro lugar, \u00e9 importante entender que a posi\u00e7\u00e3o do homem na carta n\u00e3o \u00e9 uma forma de puni\u00e7\u00e3o ou sofrimento. Na verdade, ele est\u00e1 ali por escolha pr\u00f3pria, como um ato de sacrif\u00edcio em nome de algo maior, ou como consequ\u00eancia de suas a\u00e7\u00f5es. O Enforcado representa a capacidade de abrir m\u00e3o de nossas vontades e desejos pessoais em prol de um prop\u00f3sito maior. Al\u00e9m disso, O Enforcado pode ser interpretado como um convite \u00e0 reflex\u00e3o e ao autoconhecimento. Ao suspender-se de cabe\u00e7a para baixo, o homem da carta muda sua perspectiva de mundo e passa a enxergar as coisas de uma forma diferente. Esse simbolismo aponta para a necessidade de experimentarmos novas formas de pensar e agir.<\/p>\n<p style=\"text-align: justify;\">Outro aspecto interessante dessa carta \u00e9 que ele est\u00e1 ligado \u00e0s emo\u00e7\u00f5es, \u00e0 intui\u00e7\u00e3o e \u00e0 sensibilidade. \u00c9 uma carta que nos ensina a refletir sobre nossos sentimentos e a explorar nossa espiritualidade. \u00c9 importante lembrar que O Enforcado n\u00e3o \u00e9 uma carta negativa ou assustadora. Na verdade, ela pode ser interpretada como um sinal de que estamos no caminho certo, mesmo que isso signifique abrir m\u00e3o de certas coisas. \u00c9 uma carta que nos encoraja a confiar em nossos instintos e a seguir em frente com coragem e determina\u00e7\u00e3o. Mas tamb\u00e9m nos lembra que parar e olhar o que estamos fazendo, olhar por onde andamos pode ser uma boa ideia. O Enforcado <span style=\"font-family: inherit; font-size: inherit;\">pode ser um guia poderoso em seu caminho pessoal e espiritual.<\/span><\/p>\n<\/td>\n<\/tr>\n<\/tbody>\n<\/table>\n<hr \/>\n<h2 style=\"text-align: center;\">Um texto sentenciado<\/h2>\n<p style=\"text-align: justify;\"><em>O nosso pres\u00eddio estava situado numa escarpa, encravado em meio a uma fortaleza. Mesmo for\u00e7ando o olhar por entre as brechas da pali\u00e7ada, pouco se oferecia \u00e0 nossa vis\u00e3o: um trecho m\u00ednimo de c\u00e9u, um barranco \u00edngreme cheio de mato, dia e noite uma sentinela indo e vindo, sem parar. E eu pensava, desalentado, que anos e anos se passariam e, tal como agora, ficaria espiando pela fresta, n\u00e3o vendo nada mais que a mesma muralha, o mesmo barranco, a mesma sentinela e apenas um trechinho de c\u00e9u; n\u00e3o o c\u00e9u que cobre o pres\u00eddio, mas sim aquele ao fundo, distante, livre. Imagine um vasto espa\u00e7o de duzentos passos de comprimento e cento e cinquenta de largura, quase com a forma de um hex\u00e1gono. Contorne-o com uma pali\u00e7ada de troncos altos enterrados profundamente na terra, fortemente interligados, encimados com lan\u00e7as pontiagudas, e ter\u00e1 ent\u00e3o uma id\u00e9ia da \u00e1rea do pres\u00eddio. Num dos lados da pali\u00e7ada, guardado por uma sentinela, h\u00e1 um port\u00e3o permanentemente trancado, que se abre apenas para dar passagem aos detentos que seguem ao trabalho. Por detr\u00e1s dessa sa\u00edda, o claro mundo da liberdade. Do lado de c\u00e1 o nosso mundo, em nada parecido com aquele, que por isso nos parecia uma ilustra\u00e7\u00e3o de contos de fadas. O nosso era um mundo bem outro, regido por estatutos, disciplinas, hor\u00e1rios espec\u00edficos; uma casa para mortos vivos; uma vida \u00e0 margem e homens de viv\u00eancia muito diferente. \u00c9 esse canto t\u00e3o distinto da vida que me proponho descrever aqui.<\/em><\/p>\n<p style=\"text-align: right;\"><strong>Fi\u00f3dor Dosto\u00e9ivski &#8211; Recorda\u00e7\u00f5es da Casa dos Mortos &#8211; Ed. Nova Alexandria<\/strong><\/p>\n<hr \/>\n<p><img loading=\"lazy\" decoding=\"async\" class=\" wp-image-1164 aligncenter\" src=\"https:\/\/nalua.in\/notas\/wp-content\/uploads\/2023\/08\/cimentadop.jpg\" alt=\"\" width=\"451\" height=\"420\" srcset=\"https:\/\/nalua.in\/notas\/wp-content\/uploads\/2023\/08\/cimentadop.jpg 742w, https:\/\/nalua.in\/notas\/wp-content\/uploads\/2023\/08\/cimentadop-300x279.jpg 300w, https:\/\/nalua.in\/notas\/wp-content\/uploads\/2023\/08\/cimentadop-150x140.jpg 150w\" sizes=\"auto, (max-width: 451px) 100vw, 451px\" \/><\/p>\n<table style=\"width: 100%; border-collapse: collapse; background-color: #f5ead3;\">\n<tbody>\n<tr>\n<td style=\"width: 100%;\">\n<h2 style=\"text-align: center;\">Arteterapia que liberta<\/h2>\n<\/td>\n<\/tr>\n<\/tbody>\n<\/table>\n<h3 style=\"text-align: center;\">Filme<\/h3>\n<p><img loading=\"lazy\" decoding=\"async\" class=\" wp-image-1160 aligncenter\" src=\"https:\/\/nalua.in\/notas\/wp-content\/uploads\/2023\/08\/OANJOEXTERMINADORP.jpg\" alt=\"\" width=\"254\" height=\"350\" srcset=\"https:\/\/nalua.in\/notas\/wp-content\/uploads\/2023\/08\/OANJOEXTERMINADORP.jpg 350w, https:\/\/nalua.in\/notas\/wp-content\/uploads\/2023\/08\/OANJOEXTERMINADORP-218x300.jpg 218w, https:\/\/nalua.in\/notas\/wp-content\/uploads\/2023\/08\/OANJOEXTERMINADORP-150x207.jpg 150w\" sizes=\"auto, (max-width: 254px) 100vw, 254px\" \/><\/p>\n<p style=\"text-align: justify;\"><strong>O Anjo Exterminador &#8211; Luis Bu\u00f1uel &#8211; 1962. <em>Mais um filme daqueles que me fizeram. Esse deve ter sido o primeiro filme cabe\u00e7a que vi, e teve um impacto imenso em mim. Fora toda parte art\u00edstica a hist\u00f3ria contada ali me influenciou muito, me deixou muito impressionada. \u00c9 uma hist\u00f3ria muito inusitada e cheia de camadas, com mil formas e temas de reflex\u00e3o. E \u00e9 um filme perfeito para essa tem\u00e1tica do sentir-se aprisionado e a impot\u00eancia que vem desse sentimento. Eu acho um filme quase perfeito, \u00e9 dos meus filmes do cora\u00e7\u00e3o e da vida.\u00a0<\/em><\/strong><\/p>\n<hr \/>\n<p style=\"text-align: justify;\">O filme &#8220;O Anjo Exterminador&#8221; de Luis Bu\u00f1uel \u00e9 uma cr\u00edtica social e pol\u00edtica que aborda temas como a decad\u00eancia da aristocracia, a religi\u00e3o e a hipocrisia da sociedade. A trama se passa em uma mans\u00e3o luxuosa, onde um grupo de aristocratas se re\u00fane para um jantar. Ap\u00f3s o evento, os convidados se veem presos na casa, sem conseguir sair, e n\u00e3o sabem o motivo disso. O que come\u00e7a como uma situa\u00e7\u00e3o estranha e desconfort\u00e1vel, logo se transforma em uma experi\u00eancia surreal e angustiante. Bu\u00f1uel utiliza o absurdo e o simbolismo para explorar as rela\u00e7\u00f5es humanas e a din\u00e2mica de poder entre as classes sociais. A mans\u00e3o se torna uma met\u00e1fora para a sociedade, onde os personagens s\u00e3o for\u00e7ados a conviver em um ambiente claustrof\u00f3bico e hostil.<\/p>\n<p style=\"text-align: justify;\">O diretor mexicano utiliza diversos recursos cinematogr\u00e1ficos para criar uma atmosfera opressiva e perturbadora. A trilha sonora minimalista e as cenas de sil\u00eancio absoluto aumentam a tens\u00e3o e o desconforto do espectador. Al\u00e9m disso, Bu\u00f1uel faz uso de imagens fortes e chocantes, como a cena em que os personagens matam e comem um cordeiro vivo.\u00a0O elenco \u00e9 outro ponto forte do filme, com atua\u00e7\u00f5es intensas e marcantes. Destaque para Silvia Pinal, que interpreta a personagem Leticia, uma das poucas que tenta resistir \u00e0 loucura coletiva que toma conta da mans\u00e3o.\u00a0Em resumo, &#8220;O Anjo Exterminador&#8221; \u00e9 um filme perturbador e instigante, que desafia o espectador a refletir sobre a natureza humana e a sociedade em que vivemos. Bu\u00f1uel utiliza o surrealismo como ferramenta para denunciar a hipocrisia e a decad\u00eancia da aristocracia, criando uma obra atemporal e impactante. Se voc\u00ea ainda n\u00e3o assistiu, prepare-se para uma experi\u00eancia \u00fanica e inesquec\u00edvel.<\/p>\n<hr \/>\n<h3 style=\"text-align: center;\">Livro<\/h3>\n<p><img loading=\"lazy\" decoding=\"async\" class=\" wp-image-1165 aligncenter\" src=\"https:\/\/nalua.in\/notas\/wp-content\/uploads\/2023\/08\/contodaaiap.jpg\" alt=\"\" width=\"267\" height=\"401\" srcset=\"https:\/\/nalua.in\/notas\/wp-content\/uploads\/2023\/08\/contodaaiap.jpg 350w, https:\/\/nalua.in\/notas\/wp-content\/uploads\/2023\/08\/contodaaiap-200x300.jpg 200w, https:\/\/nalua.in\/notas\/wp-content\/uploads\/2023\/08\/contodaaiap-150x225.jpg 150w\" sizes=\"auto, (max-width: 267px) 100vw, 267px\" \/><\/p>\n<p style=\"text-align: justify;\"><strong>O Conto da Aia &#8211; Margaret Atwood. <em>Quando eu lembro da sensa\u00e7\u00e3o sufocante de estar aprisionado, paralisado, impotente, sempre lembro da atmosfera deste livro. \u00c9 um livro sensacional, que descreve um futuro aterrorizante, justamente por ser t\u00e3o poss\u00edvel. Especialmente para n\u00f3s mulheres, reconhecer a pris\u00e3o das mulheres neste livro, reconhecer a impot\u00eancia em que elas se encontram, reconhecer a imensa pris\u00e3o que parece n\u00e3o ter escapat\u00f3ria, \u00e9 muito f\u00e1cil, o cen\u00e1rio deste livro parece nos aguardar a qualquer descuido. E um livro cheio de Damares e Michelles, todas t\u00e3o horr\u00edveis na fic\u00e7\u00e3o quanto s\u00e3o na vida real. Para sentir a pris\u00e3o do Enforcado, esse \u00e9 um excelente livro.<\/em><\/strong><\/p>\n<hr \/>\n<p style=\"text-align: justify;\">O Conto da Aia \u00e9 um livro escrito pela autora canadense Margaret Atwood, publicado originalmente em 1985. A obra se passa em um futuro dist\u00f3pico, onde os Estados Unidos se tornaram uma teocracia fundamentalista crist\u00e3, chamada de Rep\u00fablica de Gilead, que subjugou as mulheres e as transformou em propriedade do Estado.\u00a0A hist\u00f3ria \u00e9 narrada por Offred, uma aia que \u00e9 designada para servir a um comandante e sua esposa. As aias s\u00e3o mulheres f\u00e9rteis que s\u00e3o for\u00e7adas a ter rela\u00e7\u00f5es sexuais com seus comandantes para gerar filhos para eles. Offred tenta sobreviver em um mundo onde ela n\u00e3o tem liberdade ou controle sobre sua pr\u00f3pria vida.\u00a0O livro \u00e9 uma cr\u00edtica social ao patriarcado e \u00e0 opress\u00e3o das mulheres. Atwood cria uma sociedade onde as mulheres s\u00e3o reduzidas a seus \u00fateros e s\u00e3o privadas de seus direitos b\u00e1sicos. A obra tamb\u00e9m aborda temas como religi\u00e3o, pol\u00edtica, controle de natalidade e liberdade individual. A escrita de Atwood \u00e9 precisa e envolvente, e ela consegue criar um mundo dist\u00f3pico que parece plaus\u00edvel e assustadoramente realista. O Conto da Aia \u00e9 uma leitura perturbadora e emocionante que faz o leitor refletir sobre o papel das mulheres na sociedade e sobre a import\u00e2ncia da luta pelos direitos iguais. Atwood nos lembra que a opress\u00e3o das mulheres n\u00e3o \u00e9 uma coisa do passado e que ainda h\u00e1 muito trabalho a ser feito para alcan\u00e7ar a igualdade plena. \u00c9 uma obra poderosa que certamente deixar\u00e1 uma marca duradoura em quem a ler.<\/p>\n<hr \/>\n<h3 style=\"text-align: center;\">Document\u00e1rio<\/h3>\n<p style=\"text-align: justify;\"><img loading=\"lazy\" decoding=\"async\" class=\" wp-image-1169 aligncenter\" src=\"https:\/\/nalua.in\/notas\/wp-content\/uploads\/2023\/08\/13aemendap.jpg\" alt=\"\" width=\"300\" height=\"444\" srcset=\"https:\/\/nalua.in\/notas\/wp-content\/uploads\/2023\/08\/13aemendap.jpg 350w, https:\/\/nalua.in\/notas\/wp-content\/uploads\/2023\/08\/13aemendap-203x300.jpg 203w, https:\/\/nalua.in\/notas\/wp-content\/uploads\/2023\/08\/13aemendap-150x222.jpg 150w\" sizes=\"auto, (max-width: 300px) 100vw, 300px\" \/><strong>A 13\u00aa emenda &#8211; 2016 Ava Duvernay. <em>Indico pelo primeiro e mais importante motivo que \u00e9: todo mundo deveria assistir e refletir sobre este document\u00e1rio. Talvez ele n\u00e3o tenha muito a ver com a carta da semana, n\u00e3o numa primeira olhada, n\u00e3o diretamente. Ele est\u00e1 falando sobre a rela\u00e7\u00e3o do encarceramento em massa de negros, que ocorre nos EUA, mas sabemos que ocorre aqui tamb\u00e9m com a escravid\u00e3o, com o projeto de exterm\u00ednio dos negros. E \u00e9 t\u00e3o claro e matem\u00e1tico que somente tantos s\u00e9culos de ideologia n\u00e3o nos permitem ver a clareza do proejto. \u00c9 preciso que existam document\u00e1rios assim pra que a gente perceba. Al\u00e9m disso \u00e9 um excelente document\u00e1rio. Recomendo, para esse momento em que estamos pensando em aprisionamentos.\u00a0<\/em><\/strong><\/p>\n<hr \/>\n<p style=\"text-align: justify;\">O document\u00e1rio &#8220;A 13\u00aa Emenda&#8221;, dirigido por Ava DuVernay em 2016, \u00e9 uma obra cinematogr\u00e1fica que aborda a rela\u00e7\u00e3o entre a escravid\u00e3o e o sistema prisional nos Estados Unidos. O t\u00edtulo do filme faz refer\u00eancia \u00e0 d\u00e9cima terceira emenda da Constitui\u00e7\u00e3o dos Estados Unidos, que aboliu a escravid\u00e3o no pa\u00eds, mas permitiu que a pr\u00e1tica continuasse em casos de puni\u00e7\u00e3o criminal. O filme apresenta uma an\u00e1lise profunda sobre como a criminaliza\u00e7\u00e3o da popula\u00e7\u00e3o negra foi utilizada como uma forma de manter a escravid\u00e3o nos Estados Unidos, mesmo ap\u00f3s a aboli\u00e7\u00e3o oficial. Atrav\u00e9s de entrevistas com especialistas, ativistas e ex-presidi\u00e1rios, o document\u00e1rio mostra como a popula\u00e7\u00e3o negra \u00e9 desproporcionalmente afetada pelo sistema prisional americano. O filme tamb\u00e9m aborda a quest\u00e3o do encarceramento em massa, mostrando como o sistema prisional se tornou uma ind\u00fastria lucrativa nos Estados Unidos. Atrav\u00e9s de dados e estat\u00edsticas alarmantes, o document\u00e1rio mostra como o sistema prisional americano \u00e9 utilizado como uma forma de manter a popula\u00e7\u00e3o negra em situa\u00e7\u00e3o de opress\u00e3o e marginaliza\u00e7\u00e3o. Al\u00e9m disso, &#8220;A 13\u00aa Emenda&#8221; tamb\u00e9m destaca a import\u00e2ncia do ativismo e da mobiliza\u00e7\u00e3o social na luta contra o racismo e a opress\u00e3o. O filme mostra exemplos de movimentos sociais que lutam contra o sistema prisional americano e defendem os direitos dos presidi\u00e1rios. &#8220;A 13\u00aa Emenda&#8221; \u00e9 uma obra cinematogr\u00e1fica extremamente importante e relevante para entender a rela\u00e7\u00e3o entre escravid\u00e3o e sistema prisional.<\/p>\n<hr \/>\n<p><img loading=\"lazy\" decoding=\"async\" class=\"wp-image-1179 aligncenter\" src=\"https:\/\/nalua.in\/notas\/wp-content\/uploads\/2023\/08\/paisdaminhavida2.jpg\" alt=\"\" width=\"257\" height=\"399\" srcset=\"https:\/\/nalua.in\/notas\/wp-content\/uploads\/2023\/08\/paisdaminhavida2.jpg 568w, https:\/\/nalua.in\/notas\/wp-content\/uploads\/2023\/08\/paisdaminhavida2-193x300.jpg 193w, https:\/\/nalua.in\/notas\/wp-content\/uploads\/2023\/08\/paisdaminhavida2-150x233.jpg 150w\" sizes=\"auto, (max-width: 257px) 100vw, 257px\" \/><\/p>\n<table style=\"width: 100%; border-collapse: collapse; background-color: #ffffff;\">\n<tbody>\n<tr>\n<td style=\"width: 100%; text-align: justify;\"><span style=\"font-family: 'trebuchet ms', geneva, sans-serif;\"><em>Neste 2023, dia 13 de agosto \u00e9 Dia dos Pais. Eu tenho a imensa sorte de conviver com dois pais fant\u00e1sticos, o meu pai e o pai dos meus filhos. Que sorte eu tenho, que sorte meus filhos t\u00eam. Akio, te amo, um beijo, te admiro demais como pai. Pai, te amo, voc\u00ea \u00e9 uma inspira\u00e7\u00e3o n\u00e3o s\u00f3 para n\u00f3s, seus filhos, como para qualquer ser humano que conviva com voc\u00ea.\u00a0<\/em><\/span><\/td>\n<\/tr>\n<\/tbody>\n<\/table>\n<hr \/>\n<table style=\"width: 100%; border-collapse: collapse; background-color: #b8f4fc;\">\n<tbody>\n<tr>\n<td style=\"width: 100%;\">\n<p style=\"text-align: center;\"><em>&#8220;\u00c9 preciso imaginar S\u00edsifo feliz.&#8221;<\/em><\/p>\n<p style=\"text-align: center;\"><strong>Albert Camus<\/strong><\/p>\n<\/td>\n<\/tr>\n<\/tbody>\n<\/table>\n<p style=\"text-align: center;\"><span style=\"font-size: 10pt;\"><strong>Post com a colabora\u00e7\u00e3o de\u00a0<a href=\"http:\/\/instagram.com\/laismeralda\" target=\"_blank\" rel=\"noopener\">@laismeralda.\u00a0\u00a0<em>A melhor cartomante do peda\u00e7o, marque sua hora com ela.<\/em><\/a><\/strong><\/span><\/p>\n<hr \/>\n<p style=\"text-align: center;\"><span style=\"font-size: 8pt;\"><b>13<\/b>\u00a0<b>de<\/b>\u00a0<b>agosto<\/b>\u00a0\u00e9 o 225.\u00ba dia do ano no calend\u00e1rio gregoriano (226.\u00ba em anos bissextos). Faltam 140 dias para acabar o ano.<\/span><\/p>\n<hr \/>\n<p style=\"text-align: justify;\"><em>Se voc\u00ea leu at\u00e9 aqui, obrigada! Esse \u00e9 o meu almanaque particular. Um peda\u00e7o do meu di\u00e1rio, da minha arca da velha, um registro de pequenas efem\u00e9rides, de coisas que quero guardar, do tempo, do vento, do c\u00e9u e do cheiro da chuva. Os Vest\u00edgios do Dia, meus dias. Aqui s\u00f3 tem refer\u00eancias, pois \u00e9 disso que sou feita.<\/em><\/p>\n<table style=\"width: 100%; border-collapse: collapse; background-color: #fcd7df;\">\n<tbody>\n<tr>\n<td style=\"width: 100%; text-align: center;\"><span style=\"font-size: 8pt;\">\u00a9 Nalua \u2013 Caderninho pessoal, bauzinho de trapos coloridos, nos morros de Minas Gerais. J\u00e1 no inverno, nem t\u00e3o frio mais, que pena.<\/span><\/td>\n<\/tr>\n<\/tbody>\n<\/table>\n<div id=\"post-wrapper\" class=\"post-wrapper\">\n<article id=\"post-610\" class=\"post-610 post type-post status-publish format-standard hentry category-almanaque category-carta-semanal category-jardim category-newsletter category-oraculo\">\n<div class=\"entry-content\">\n<p style=\"text-align: center;\"><span style=\"font-size: 8pt;\"><em>Esta \u00e9 a 23\u00aa de 78 p\u00e1ginas que ter\u00e1 este almanaque.<\/em><\/span><\/p>\n<\/div>\n<\/article>\n<\/div>\n","protected":false},"excerpt":{"rendered":"<p>na muralha em p\u00e9 mais um cidad\u00e3o Belo Horizonte, 13 de agosto de 2023 \u263c16\u00b0 &#8211; 28\u00b0 13 de agosto \u00e9 dia do Pensamento, esse [&#8230;]<\/p>\n","protected":false},"author":1,"featured_media":0,"comment_status":"open","ping_status":"open","sticky":false,"template":"","format":"standard","meta":{"footnotes":""},"categories":[9,13,10,5,12],"tags":[],"class_list":["post-1149","post","type-post","status-publish","format-standard","hentry","category-almanaque","category-carta-semanal","category-jardim","category-newsletter","category-oraculo"],"_links":{"self":[{"href":"https:\/\/nalua.in\/notas\/wp-json\/wp\/v2\/posts\/1149","targetHints":{"allow":["GET"]}}],"collection":[{"href":"https:\/\/nalua.in\/notas\/wp-json\/wp\/v2\/posts"}],"about":[{"href":"https:\/\/nalua.in\/notas\/wp-json\/wp\/v2\/types\/post"}],"author":[{"embeddable":true,"href":"https:\/\/nalua.in\/notas\/wp-json\/wp\/v2\/users\/1"}],"replies":[{"embeddable":true,"href":"https:\/\/nalua.in\/notas\/wp-json\/wp\/v2\/comments?post=1149"}],"version-history":[{"count":24,"href":"https:\/\/nalua.in\/notas\/wp-json\/wp\/v2\/posts\/1149\/revisions"}],"predecessor-version":[{"id":1168,"href":"https:\/\/nalua.in\/notas\/wp-json\/wp\/v2\/posts\/1149\/revisions\/1168"}],"wp:attachment":[{"href":"https:\/\/nalua.in\/notas\/wp-json\/wp\/v2\/media?parent=1149"}],"wp:term":[{"taxonomy":"category","embeddable":true,"href":"https:\/\/nalua.in\/notas\/wp-json\/wp\/v2\/categories?post=1149"},{"taxonomy":"post_tag","embeddable":true,"href":"https:\/\/nalua.in\/notas\/wp-json\/wp\/v2\/tags?post=1149"}],"curies":[{"name":"wp","href":"https:\/\/api.w.org\/{rel}","templated":true}]}}