{"id":1002,"date":"2023-07-21T15:14:56","date_gmt":"2023-07-21T15:14:56","guid":{"rendered":"https:\/\/nalua.in\/notas\/?p=1002"},"modified":"2023-07-22T21:17:18","modified_gmt":"2023-07-22T21:17:18","slug":"me-leve-a-toa-pela-ultima-vez","status":"publish","type":"post","link":"https:\/\/nalua.in\/notas\/me-leve-a-toa-pela-ultima-vez\/","title":{"rendered":""},"content":{"rendered":"<p><img loading=\"lazy\" decoding=\"async\" class=\"size-full wp-image-858 aligncenter\" src=\"https:\/\/nalua.in\/notas\/wp-content\/uploads\/2023\/06\/cropped-cabecalho-sera.jpg\" alt=\"\" width=\"987\" height=\"226\" srcset=\"https:\/\/nalua.in\/notas\/wp-content\/uploads\/2023\/06\/cropped-cabecalho-sera.jpg 987w, https:\/\/nalua.in\/notas\/wp-content\/uploads\/2023\/06\/cropped-cabecalho-sera-300x69.jpg 300w, https:\/\/nalua.in\/notas\/wp-content\/uploads\/2023\/06\/cropped-cabecalho-sera-768x176.jpg 768w, https:\/\/nalua.in\/notas\/wp-content\/uploads\/2023\/06\/cropped-cabecalho-sera-150x34.jpg 150w\" sizes=\"auto, (max-width: 987px) 100vw, 987px\" \/><\/p>\n<p style=\"text-align: justify;\"><span style=\"font-size: 10pt;\"><em>\u201cVenham para mim todos voc\u00eas que est\u00e3o cansados de carregar o peso do seu fardo, e eu lhes darei descanso. <\/em><em>Carreguem a minha carga e aprendam de mim, porque sou manso e humilde de cora\u00e7\u00e3o, e voc\u00eas encontrar\u00e3o descanso para suas vidas. <\/em><em>Porque a minha carga \u00e9 suave e o meu fardo \u00e9 leve.\u201d &#8211; <\/em><strong>Evangelho de S\u00e3o Mateus 11:28-30<\/strong><\/span><\/p>\n<hr \/>\n<p style=\"text-align: center;\"><a href=\"https:\/\/www.letras.mus.br\/chico-buarque\/129829\/\" target=\"_blank\" rel=\"noopener\"><span style=\"font-size: 8pt;\">me leve \u00e0 toa pela \u00faltima vez<\/span><\/a><\/p>\n<hr \/>\n<p style=\"text-align: center;\"><strong>Belo Horizonte, 23 de julho de 2023 <\/strong><\/p>\n<p style=\"text-align: center;\"><strong>\u263c 14\u00b0 &#8211; 25\u00b0 , Sol em Le\u00e3o<\/strong><\/p>\n<p style=\"text-align: justify;\">Um dia antes do anivers\u00e1rio da <span style=\"text-decoration: underline;\">Greice<\/span>, a leonina mais linda que conhe\u00e7o.\u00a023 de julho de <strong>1840<\/strong> foi o dia do <span style=\"text-decoration: underline;\">Golpe da maioridade<\/span>, em que Dom Pedro II ascende ao trono com 14 anos. <em>\u00c9 muito golpe nessa terra<\/em>. Em <strong>1942<\/strong> foi aberto o campo de exterm\u00ednio <span style=\"text-decoration: underline;\">Treblinka<\/span>.\u00a0 Em <strong>1961<\/strong> a Frente Sandinista de Liberta\u00e7\u00e3o Nacional \u00e9 fundada na Nicar\u00e1gua. Em <strong>1993<\/strong>, oito crian\u00e7as e adolescentes s\u00e3o assassinados covardemente no centro do Rio de Janeiro, na <span style=\"text-decoration: underline;\">Chacina da Candel\u00e1ria<\/span>. Em <strong>1928<\/strong> nasce<span style=\"text-decoration: underline;\"> Vera Rubin<\/span>, em <strong>1942<\/strong> <span style=\"text-decoration: underline;\">Eduardo Ara\u00fajo<\/span>, em <strong>1949<\/strong> <span style=\"text-decoration: underline;\">Flavio Venturini<\/span> e <span style=\"text-decoration: underline;\">Philip Seymour Hoffman<\/span> que sucumbiu ao peso do ser cedo demais. Em <strong>1989<\/strong> nascia <span style=\"text-decoration: underline;\">Daniel Radcliffe<\/span>. Em <strong>1932<\/strong>, aquele que tornou o mundo mais leve tamb\u00e9m sucumbiu ao peso de tudo. Sim, <span style=\"text-decoration: underline;\">Santos Dumont<\/span>, o verdadeiro inventor do avi\u00e3o (<em>x\u00f4 papagaiada de Irm\u00e3os Wright<\/em>), escolheu a leveza eterna num <strong>23 de julho<\/strong>. Em <strong>2011<\/strong> nos deixa <span style=\"text-decoration: underline;\">Amy Winehouse<\/span>, <span style=\"text-decoration: underline;\">Dominguinhos<\/span> e <span style=\"text-decoration: underline;\">Djalma Santos<\/span>. E em <strong>2014<\/strong> gra\u00e7a e leveza caem pela metade quando se vai <span style=\"text-decoration: underline;\">Ariano Suassuna<\/span> e seu sorriso inesquec\u00edvel.<\/p>\n<hr \/>\n<p><img loading=\"lazy\" decoding=\"async\" class=\" wp-image-1028 aligncenter\" src=\"https:\/\/nalua.in\/notas\/wp-content\/uploads\/2023\/07\/00000hagar.jpg\" alt=\"\" width=\"350\" height=\"402\" srcset=\"https:\/\/nalua.in\/notas\/wp-content\/uploads\/2023\/07\/00000hagar.jpg 697w, https:\/\/nalua.in\/notas\/wp-content\/uploads\/2023\/07\/00000hagar-261x300.jpg 261w, https:\/\/nalua.in\/notas\/wp-content\/uploads\/2023\/07\/00000hagar-150x172.jpg 150w\" sizes=\"auto, (max-width: 350px) 100vw, 350px\" \/><\/p>\n<hr \/>\n<p style=\"text-align: center;\"><em>No fim tu h\u00e1s de ver que <\/em><br \/>\n<em>as coisas mais leves s\u00e3o as \u00fanicas<\/em><br \/>\n<em>que o vento n\u00e3o conseguiu levar:<\/em><br \/>\n<em>um estribilho antigo<\/em><br \/>\n<em>um carinho no momento preciso<\/em><br \/>\n<em>o folhear de um livro de poemas<\/em><br \/>\n<em>o cheiro que tinha um dia o pr\u00f3prio vento&#8230;<\/em><br \/>\n\u2664<br \/>\n<strong>Mario Quintana<\/strong><\/p>\n<hr \/>\n<h2 style=\"text-align: center;\">Em 23 de julho de 1939, num dos momentos mais pesados da hist\u00f3ria, Mohandas Gandhi escreveu a seguinte carta para Adolf Hitler:<\/h2>\n<p style=\"text-align: right;\">Herr Hitler<\/p>\n<p style=\"text-align: right;\">Berlim,\u00a0Alemanha.<\/p>\n<p style=\"text-align: right;\">Wardha,\u00a0C. P.,\u00a0\u00cdndia.<\/p>\n<p style=\"text-align: right;\">23\/07\/39.<\/p>\n<p><em>Caro amigo,<\/em><\/p>\n<p style=\"text-align: justify;\"><em>Os amigos insistiram para que eu lhe escrevesse pelo bem da humanidade. Mas relutei em faz\u00ea-lo, por achar que seria uma insol\u00eancia de minha parte. Alguma coisa me diz que devo deixar a relut\u00e2ncia de lado e formular meu apelo, seja qual for o resultado.<\/em><\/p>\n<p style=\"text-align: justify;\"><em>\u00c9 evidente que, no momento, o senhor \u00e9 a \u00fanica pessoa do mundo capaz de impedir uma guerra que pode reduzir a humanidade ao estado de barb\u00e1rie. O senhor pagaria esse pre\u00e7o, por mais valioso que lhe pare\u00e7a o objetivo que tem em mente? Ouvir\u00e1 o apelo de algu\u00e9m que, deliberadamente, tem repudiado a guerra com consider\u00e1vel sucesso? De qualquer modo, conto com seu perd\u00e3o, se errei ao escrever-lhe.<\/em><\/p>\n<p><em>Seu amigo sincero,<\/em><\/p>\n<p>M. K. Gandhi<\/p>\n<hr \/>\n<h2 style=\"text-align: center;\">Peso e Leveza Dourados<\/h2>\n<p><img loading=\"lazy\" decoding=\"async\" class=\"wp-image-1009 aligncenter\" src=\"https:\/\/nalua.in\/notas\/wp-content\/uploads\/2023\/07\/doisourop.jpg\" alt=\"\" width=\"300\" height=\"490\" srcset=\"https:\/\/nalua.in\/notas\/wp-content\/uploads\/2023\/07\/doisourop.jpg 350w, https:\/\/nalua.in\/notas\/wp-content\/uploads\/2023\/07\/doisourop-184x300.jpg 184w, https:\/\/nalua.in\/notas\/wp-content\/uploads\/2023\/07\/doisourop-150x245.jpg 150w\" sizes=\"auto, (max-width: 300px) 100vw, 300px\" \/><\/p>\n<h1 style=\"text-align: center;\">Dois de Ouros<\/h1>\n<table style=\"width: 100%; border-collapse: collapse; background-color: #e6cef5;\">\n<tbody>\n<tr>\n<td style=\"width: 100%; text-align: center;\"><em>\u00a0\u201cA contradi\u00e7\u00e3o pesado-leve \u00e9 a mais misteriosa e a mais amb\u00edgua de todas as contradi\u00e7\u00f5es\u201d<\/em><br \/>\n<strong>Milan Kundera<\/strong><\/td>\n<\/tr>\n<\/tbody>\n<\/table>\n<p style=\"text-align: justify;\">Existem per\u00edodos na vida em que o <strong>peso de existir parece cobrir os dias<\/strong>. S\u00e3o momentos em que nem percebemos que <strong>estamos passando pelas horas como aut\u00f4matos<\/strong>, divididos entre <strong>200 imperativos diferentes a que precisamos atender<\/strong>. Parecemos estar na vida como <strong>S\u00edsifo<\/strong>, empurrando uma enorme e pesada pedra morro acima, afastados do <em>caminho da delicadeza<\/em>. Podemos nem perceber <strong>o tamanho peso que est\u00e1 alojado em nossas esp\u00e1duas<\/strong>. E continuamos, muitas vezes \u00e0s custas de sa\u00fade, bem estar, qualidade de vida.<\/p>\n<p style=\"text-align: justify;\">\u00c9 sobre isso que a carta da semana vem conversar. O dois de ouros \u00e9 um <strong>equilibrista<\/strong>, um <strong>malabarista<\/strong> da vida. \u00c9 aquele que se desdobra em equilibrar, jogar as moedas e ainda sorrir, mostrando <strong>beleza<\/strong>. O dois de ouros \u00e9 uma incr\u00edvel cr\u00f4nica que mostra <strong>o que \u00e9 preciso para que nos aliviemos do fardo<\/strong> que algumas vezes nos acua sem que possamos evitar. Essa carta \u00e9 mais que isso, sua simbologia toca em mais temas, mas hoje nos interessa um t\u00f3pico espec\u00edfico. Nesta semana a carta dois de ouro nos traz o tema da leveza. <strong>Leveza e peso<\/strong>. O dois de ouros precisa que encontremos <strong>leveza na exist\u00eancia<\/strong>. Que busquemos, em meio ao caos cotidiano, espa\u00e7os de <strong>leveza<\/strong> e <strong>fluidez<\/strong>.<\/p>\n<p style=\"text-align: justify;\">Embora possa parecer um tema simples \u00e0 primeira vista, a leveza tem implica\u00e7\u00f5es em nossa compreens\u00e3o do mundo e de n\u00f3s mesmos.\u00a0De um ponto de vista mais reflexivo, a leveza nos remete \u00e0 ideia de <strong>desapego<\/strong>, <strong>liberdade<\/strong>, <strong>fluidez<\/strong>. Quando conseguimos nos desvincular <strong>momentaneamente<\/strong> das amarras materiais e emocionais que nos prendem, teoricamente estamos preparados para alcan\u00e7ar um estado de ser mais livre e aut\u00eantico. A leveza permite <strong>deslizar com mais facilidade<\/strong> diante dos desafios da vida, e isso \u00e9 extremamente valorizado atualmente. H\u00e1 uma exig\u00eancia social que valoriza sobremaneira a leveza, mas que a confunde com <strong>futilidade<\/strong>, com <strong>frivolidade<\/strong>. \u00c9 claro que h\u00e1 espa\u00e7o para a futilidade em nosso cotidiano, e algumas vezes \u00e9 preciso invocar o fr\u00edvolo, dado o <strong>imenso peso<\/strong> que a vida \u00e0s vezes tem. Mas fazer da futilidade a regra n\u00e3o nos trouxe para um bom lugar, <strong>nem individualmente nem como sociedade<\/strong>. Precisamos saber o limite, e o dois de ouro nos ensina. Vamos encontrar leveza, nem que seja indo ao cinema vestidos de cor-de-rosa. Mas sabendo que n\u00e3o existem \u00f3culos que <strong>tornem a realidade de outra cor<\/strong>.<\/p>\n<p style=\"text-align: justify;\">A mensagem \u00e9 simples, encontrar em nossa semana aquilo que \u00e9 leve, que nos tira momentaneamente o peso de existir, que nos afasta da menina Morte, que ajuda a levar a vida, mas que ao mesmo tempo n\u00e3o \u00e9 o in\u00fatil, n\u00e3o \u00e9 irrelevante. A futilidade est\u00e1 em outros espa\u00e7os, falaremos dela em outra volta do parafuso.<\/p>\n<p style=\"text-align: justify;\">A leveza tamb\u00e9m pode ter papel no <strong>desenvolvimento pessoal e espiritual.<\/strong> Ao deixar por instantes o peso desnecess\u00e1rio que carregamos, podemos conseguir nos conectar com alguma ess\u00eancia mais profunda e descobrir pistas importantes sobre <strong>quem somos realmente<\/strong>. Atrav\u00e9s da leveza, encontramos um caminho para uma <strong>vida mais plena e significativa<\/strong>.\u00a0A leveza tamb\u00e9m nos convida a questionar conven\u00e7\u00f5es e enxergar al\u00e9m das limita\u00e7\u00f5es impostas externamente. Com menos peso nas costas pode ser que consigamos explorar <strong>novas possibilidades de existir<\/strong>, simplesmente descobrindo espa\u00e7os onde \u00e9 <strong>poss\u00edvel fluir<\/strong>.<\/p>\n<p style=\"text-align: justify;\">Mas lembremos que a busca pela leveza n\u00e3o significa ignorar ou negar as <strong>dificuldades da vida<\/strong>. A leveza n\u00e3o \u00e9 fuga da realidade, \u00e9 uma forma de lidar com a realidade de maneira mais fluida e divertida. \u00c9 sobre encontrar um meio-termo entre a <strong>seriedade<\/strong> e a <strong>despreocupa\u00e7\u00e3o<\/strong>, entre a <strong>responsabilidade<\/strong> e a <strong>liberdade<\/strong>. J\u00e1 deu pra entender h\u00e1 muito tempo, n\u00e9? \ud83d\ude06<\/p>\n<p style=\"text-align: justify;\">Ent\u00e3o que a semana seja leve e suave, sem <em>nada que entrave nossa vida breve.<\/em><\/p>\n<p><strong>Boa semana.<\/strong><\/p>\n<hr \/>\n<table style=\"width: 100%; border-collapse: collapse; background-color: #f7b5dd;\">\n<tbody>\n<tr>\n<td style=\"width: 100%;\"><img loading=\"lazy\" decoding=\"async\" class=\" wp-image-1011 aligncenter\" src=\"https:\/\/nalua.in\/notas\/wp-content\/uploads\/2023\/07\/2deourosp.jpg\" alt=\"\" width=\"300\" height=\"528\" srcset=\"https:\/\/nalua.in\/notas\/wp-content\/uploads\/2023\/07\/2deourosp.jpg 350w, https:\/\/nalua.in\/notas\/wp-content\/uploads\/2023\/07\/2deourosp-170x300.jpg 170w, https:\/\/nalua.in\/notas\/wp-content\/uploads\/2023\/07\/2deourosp-150x264.jpg 150w\" sizes=\"auto, (max-width: 300px) 100vw, 300px\" \/><\/p>\n<p style=\"text-align: justify;\">A carta de tar\u00f4 dois de ouros \u00e9 representada por um jovem malabarista que equilibra duas moedas em suas m\u00e3os, simbolizando a habilidade de lidar com diferentes aspectos da vida.\u00a0Essa carta \u00e9, portanto, um convite para lidar com as mudan\u00e7as e desafios que a vida apresenta. Ela mostra que \u00e9 poss\u00edvel equilibrar diferentes \u00e1reas da vida, como trabalho e vida pessoal, dinheiro e relacionamentos, entre outras.\u00a0O dois de ouros tamb\u00e9m pode ser interpretado como uma carta de movimento e mudan\u00e7a. Ela indica que o consultante est\u00e1 em um momento de transi\u00e7\u00e3o e que precisa se adaptar \u00e0s novas situa\u00e7\u00f5es que surgem. \u00c9 importante lembrar que a mudan\u00e7a pode ser desconfort\u00e1vel, mas tamb\u00e9m pode trazer novas oportunidades e crescimento pessoal.\u00a0Em uma leitura de tar\u00f4, o dois de ouros pode indicar que o precisa encontrar um equil\u00edbrio para evitar o estresse e a sobrecarga. Ele pode estar se sentindo dividido entre diferentes \u00e1reas da vida e precisa encontrar uma maneira de integr\u00e1-las.\u00a0 Pode indicar tamb\u00e9m que o consultante est\u00e1 prestes a embarcar em uma nova aventura ou empreendimento. \u00c9 importante lembrar que essa jornada pode ser desafiadora, mas tamb\u00e9m pode trazer grandes recompensas.<\/p>\n<p style=\"text-align: justify;\">Em termos de amor e relacionamentos, o dois de ouros indica que o consultante precisa encontrar um equil\u00edbrio entre suas necessidades pessoais e as do parceiro. Ele pode estar passando por um momento de indecis\u00e3o em rela\u00e7\u00e3o ao relacionamento e precisa encontrar uma maneira de conciliar seus sentimentos.\u00a0No \u00e2mbito financeiro, o dois de ouros pode indicar que a necessidade de gerenciar melhor as finan\u00e7as e encontrar um equil\u00edbrio entre gastar e economizar.<\/p>\n<\/td>\n<\/tr>\n<\/tbody>\n<\/table>\n<hr \/>\n<h2 style=\"text-align: center;\">Um texto que pesa a leveza<\/h2>\n<p style=\"text-align: justify;\"><em>NUNCA VIVEMOS EM UM MUNDO MATERIAL T\u00c3O LEVE, FLUIDO e m\u00f3vel. Nunca a leveza criou tantas expectativas, desejos e obsess\u00f5es. Nunca ela incentivou tanto o comprar e o vender. Nunca o que Nietzsche escreveu soou t\u00e3o justo aos nossos ouvidos: &#8220;\u00c9 bom o que \u00e9 leve, tudo o que \u00e9 divino se move com p\u00e9s delicados.&#8221; O leve preenche cada vez mais nosso mundo material e cultural; invadiu nossas pr\u00e1ticas comuns e remodelou nosso imagin\u00e1rio. Antes admirado apenas no campo da arte, tornou-se um valor, um ideal, um imperativo nas mais variadas esferas: objetos, corpo, esporte, alimenta\u00e7\u00e3o, arquitetura, design. Em toda parte se afirma, no cora\u00e7\u00e3o da era hipermoderna, o culto polimorfo da leveza. Seu campo era circunscrito e perif\u00e9rico, n\u00e3o vemos mais seus limites, pois ele se imiscui em todos os aspectos de nossa vida social e individual, nas &#8220;coisas\u201d e nos seres, nos sonhos e nos corpos.<\/em><br \/>\n<em>Durante muito tempo, na esfera tecnoecon\u00f4mica, a prioridade foi dada aos equipamentos pesados. Agora \u00e9 dada ao ultraleve, \u00e0 miniaturiza\u00e7\u00e3o, \u00e0 desmaterializa\u00e7\u00e3o. O pesado evocava respeito, seriedade e riqueza; o leve, a quinquilharia, a aus\u00eancia de valor. Este universo n\u00e3o \u00e9 mais o nosso. Vivemos uma imensa revolu\u00e7\u00e3o do mundo material, na qual as tecnologias e os mercados remetem muito mais \u00e0s l\u00f3gicas do leve do que \u00e0s do pesado. E esta din\u00e2mica se complementa de uma revolu\u00e7\u00e3o simb\u00f3lica, na medida em que o leve, por tanto tempo inferiorizado e desprezado, foi adquirindo um valor positivo. A leveza n\u00e3o est\u00e1 mais associada \u00e0 falta, mas \u00e0 mobilidade, ao virtual, ao respeito ao meio ambiente. Este \u00e9 o tempo da revanche do leve &#8211; um leve admirado, desejado, que captura sonhos, mensageiro de enormes promessas e tamb\u00e9m de terr\u00edveis amea\u00e7as.<\/em><\/p>\n<p style=\"text-align: right;\"><strong>Gilles Lipovetsky &#8211; <em>Da leveza: Rumo a uma civiliza\u00e7\u00e3o sem peso<\/em> &#8211; Amarilys Editora<\/strong><\/p>\n<hr \/>\n<p><img loading=\"lazy\" decoding=\"async\" class=\" wp-image-1019 aligncenter\" src=\"https:\/\/nalua.in\/notas\/wp-content\/uploads\/2023\/07\/BALAOVOVO.jpg\" alt=\"\" width=\"350\" height=\"411\" srcset=\"https:\/\/nalua.in\/notas\/wp-content\/uploads\/2023\/07\/BALAOVOVO.jpg 564w, https:\/\/nalua.in\/notas\/wp-content\/uploads\/2023\/07\/BALAOVOVO-255x300.jpg 255w, https:\/\/nalua.in\/notas\/wp-content\/uploads\/2023\/07\/BALAOVOVO-150x176.jpg 150w\" sizes=\"auto, (max-width: 350px) 100vw, 350px\" \/><\/p>\n<table style=\"width: 100%; border-collapse: collapse; background-color: #fae3b9;\">\n<tbody>\n<tr>\n<td style=\"width: 100%;\">\n<h2 style=\"text-align: center;\">O peso da arte que torna os dias leves<\/h2>\n<\/td>\n<\/tr>\n<\/tbody>\n<\/table>\n<h3 style=\"text-align: center;\">Livro<\/h3>\n<p style=\"text-align: justify;\"><img loading=\"lazy\" decoding=\"async\" class=\"aligncenter wp-image-1021 size-medium\" src=\"https:\/\/nalua.in\/notas\/wp-content\/uploads\/2023\/07\/a-insustentavel-leveza-do-ser-livrop-208x300.jpeg\" alt=\"\" width=\"208\" height=\"300\" srcset=\"https:\/\/nalua.in\/notas\/wp-content\/uploads\/2023\/07\/a-insustentavel-leveza-do-ser-livrop-208x300.jpeg 208w, https:\/\/nalua.in\/notas\/wp-content\/uploads\/2023\/07\/a-insustentavel-leveza-do-ser-livrop-150x217.jpeg 150w, https:\/\/nalua.in\/notas\/wp-content\/uploads\/2023\/07\/a-insustentavel-leveza-do-ser-livrop.jpeg 350w\" sizes=\"auto, (max-width: 208px) 100vw, 208px\" \/><strong>A Insustent\u00e1vel Leveza do Ser<\/strong><em><strong> &#8211; Milan Kundera. Indico porque \u00e9 o \u00edcone quando pensamos em leveza. Indico porque \u00e9 um livro da minha vida, da minha hist\u00f3ria, uma das melhores coisas que li em todo tempo de leitora. Um livro que me acompanhou, me fez, efetivamente eu sou quem eu sou porque li esse livro.\u00a0<\/strong><\/em><\/p>\n<hr \/>\n<p style=\"text-align: justify;\"><em>A Insustent\u00e1vel Leveza do Ser<\/em> \u00e9 um romance escrito pelo autor tcheco Milan Kundera, publicado em 1984. A obra \u00e9 uma reflex\u00e3o profunda sobre a vida, o amor, a morte e a exist\u00eancia humana. O livro conta a hist\u00f3ria de quatro personagens principais: Tomas, Tereza, Sabina e Franz.\u00a0 Ao longo da narrativa, Kundera explora as complexidades desses personagens e suas escolhas de vida, mostrando como cada um deles enfrenta os desafios da exist\u00eancia humana de maneira diferente. A obra \u00e9 sobre a natureza da liberdade e da responsabilidade individual, e sobre como cada escolha que fazemos pode ter consequ\u00eancias imprevis\u00edveis em nossas vidas.\u00a0Um dos aspectos mais interessantes do livro \u00e9 a maneira como Kundera utiliza a filosofia para explorar os temas centrais da obra. O autor recorre a pensadores como Nietzsche, Schopenhauer e Parm\u00eanides para ilustrar suas ideias sobre a natureza da exist\u00eancia humana e as escolhas que fazemos ao longo da vida. Outro aspecto que torna <em>A Insustent\u00e1vel Leveza do Ser<\/em> uma obra t\u00e3o marcante \u00e9 a maneira como Kundera explora as rela\u00e7\u00f5es humanas. O autor retrata com maestria os conflitos e as tens\u00f5es que surgem entre os personagens, mostrando como cada um deles busca o seu lugar no mundo e como suas escolhas afetam os outros ao seu redor. O resultado \u00e9 um retrato v\u00edvido e realista das complexidades das rela\u00e7\u00f5es humanas. Por fim, vale destacar a beleza da escrita de Kundera. Kundera tem uma prosa elegante e po\u00e9tica, que flui e prende a aten\u00e7\u00e3o.<\/p>\n<hr \/>\n<h3 style=\"text-align: center;\">Filme<\/h3>\n<p><img loading=\"lazy\" decoding=\"async\" class=\"aligncenter wp-image-1023 size-medium\" src=\"https:\/\/nalua.in\/notas\/wp-content\/uploads\/2023\/07\/homolog.cinegarimpo_patersonp-221x300.jpg\" alt=\"\" width=\"221\" height=\"300\" srcset=\"https:\/\/nalua.in\/notas\/wp-content\/uploads\/2023\/07\/homolog.cinegarimpo_patersonp-221x300.jpg 221w, https:\/\/nalua.in\/notas\/wp-content\/uploads\/2023\/07\/homolog.cinegarimpo_patersonp-150x204.jpg 150w, https:\/\/nalua.in\/notas\/wp-content\/uploads\/2023\/07\/homolog.cinegarimpo_patersonp.jpg 350w\" sizes=\"auto, (max-width: 221px) 100vw, 221px\" \/><\/p>\n<p style=\"text-align: justify;\"><strong>Paterson &#8211; Jim Jarmusch &#8211; 2017. <em>Esse filme \u00e9 lindo, delicado, delicioso. Eu penso em leveza e lembro dele. Penso em poesia e penso nele tamb\u00e9m. \u00c9 um filme t\u00e3o bonito, t\u00e3o doce, mas t\u00e3o profundo. Serve perfeitamente para pensarmos em leveza. A capacidade do personagem principal de lidar com a leveza \u00e9 invej\u00e1vel. E indico tamb\u00e9m porque tudo o que vi do Jim Jarmusch eu gostei muito. Tem na Amazon Prime e em meios alternativos.<\/em><\/strong><\/p>\n<hr \/>\n<p style=\"text-align: justify;\">O filme <em>Paterson<\/em>, dirigido por Jim Jarmusch, \u00e9 uma obra que retrata a vida cotidiana de um motorista de \u00f4nibus e poeta amador chamado Paterson, que vive na cidade de Paterson, em Nova Jersey. A hist\u00f3ria se desenrola ao longo de uma semana, durante a qual acompanhamos a rotina do personagem principal e de sua esposa. O filme \u00e9 uma ode \u00e0 simplicidade e \u00e0 rotina, mostrando como pequenos detalhes do dia a dia podem ser fonte de inspira\u00e7\u00e3o para a arte. Paterson \u00e9 um homem tranquilo e introspectivo, que encontra na poesia uma forma de se expressar e de lidar com as frustra\u00e7\u00f5es da vida. Sua esposa, por outro lado, \u00e9 uma pessoa mais agitada e sonhadora, que est\u00e1 sempre em busca de novas atividades e projetos.\u00a0A narrativa \u00e9 constru\u00edda de forma leve e po\u00e9tica, com planos longos e silenciosos que permitem ao espectador mergulhar na atmosfera da cidade e dos personagens. Adam Driver interpreta Paterson com sensibilidade e delicadeza, transmitindo a melancolia e a serenidade do personagem. Golshifteh Farahani, por sua vez, d\u00e1 vida a Laura com energia e entusiasmo, criando um contraponto interessante ao marido.\u00a0Paterson \u00e9 um filme para ser apreciado com calma e sem pressa, como uma poesia que precisa ser saboreada palavra por palavra. \u00c9 uma obra que nos convida a valorizar as pequenas coisas da vida e a encontrar beleza na simplicidade. Jim Jarmusch mais uma vez nos presenteia com um trabalho autoral e original, que certamente ficar\u00e1 na mem\u00f3ria dos espectadores por muito tempo.<\/p>\n<hr \/>\n<h3 style=\"text-align: center;\">Filme m\u00e9dia metragem<\/h3>\n<p><img loading=\"lazy\" decoding=\"async\" class=\"aligncenter wp-image-1022 size-medium\" src=\"https:\/\/nalua.in\/notas\/wp-content\/uploads\/2023\/07\/balaovermelhop-222x300.jpg\" alt=\"\" width=\"222\" height=\"300\" srcset=\"https:\/\/nalua.in\/notas\/wp-content\/uploads\/2023\/07\/balaovermelhop-222x300.jpg 222w, https:\/\/nalua.in\/notas\/wp-content\/uploads\/2023\/07\/balaovermelhop-150x203.jpg 150w, https:\/\/nalua.in\/notas\/wp-content\/uploads\/2023\/07\/balaovermelhop.jpg 350w\" sizes=\"auto, (max-width: 222px) 100vw, 222px\" \/><\/p>\n<p style=\"text-align: justify;\"><strong>O Bal\u00e3o Vermelho &#8211; Albert Lamorisse -1956 &#8211;\u00a0<em>Indico porque \u00e9 um filme que trata da leveza do come\u00e7o ao fim. Da leveza e do peso tamb\u00e9m. Tamb\u00e9m porque \u00e9 um filme lindo, bem diferente, que envelhceu muito bem. <a href=\"https:\/\/www.youtube.com\/watch?v=ekLL6dFE63Y\" target=\"_blank\" rel=\"noopener\">Tem completo no YouTube, legendado<\/a>, muito tranquilo de ver. Ganhou Palma de Ouro de curta-metragem em Cannes e Oscar de Melhor Roteiro Original, e at\u00e9 hoje \u00e9 o \u00fanico m\u00e9dia metragem que ganhou oscar nesta categoria.<\/em><\/strong><\/p>\n<hr \/>\n<p style=\"text-align: justify;\">A leveza no filme &#8220;O Bal\u00e3o Vermelho&#8221;, de Albert Lamorisse, \u00e9 um dos aspectos mais marcantes dessa obra cinematogr\u00e1fica francesa, lan\u00e7ada em 1956. Atrav\u00e9s de uma narrativa simples e po\u00e9tica, o diretor consegue transmitir uma sensa\u00e7\u00e3o de liberdade e de sonho, que conquistou o p\u00fablico de todas as idades ao longo das d\u00e9cadas.\u00a0A hist\u00f3ria do filme \u00e9 centrada em um menino que encontra um bal\u00e3o vermelho na rua e decide lev\u00e1-lo consigo para todos os lugares. O bal\u00e3o se torna um companheiro fiel do garoto, seguindo-o por ruas, escadarias e becos da cidade de Paris. Atrav\u00e9s das imagens em preto e branco, o diretor consegue criar uma atmosfera m\u00e1gica e l\u00fadica, que transporta o espectador para um mundo de fantasia.\u00a0A leveza do filme \u00e9 percebida tanto na narrativa quanto na fotografia. Os planos abertos, que mostram o bal\u00e3o flutuando sobre a cidade, d\u00e3o a sensa\u00e7\u00e3o de que o objeto est\u00e1 livre de todas as amarras terrenas. A m\u00fasica suave e delicada, tamb\u00e9m contribui para essa sensa\u00e7\u00e3o de liberdade e de sonho.\u00a0O filme \u00e9 uma ode \u00e0 inf\u00e2ncia e \u00e0 imagina\u00e7\u00e3o. O bal\u00e3o vermelho representa a pureza e a inoc\u00eancia da crian\u00e7a, que ainda n\u00e3o foi corrompida pelas amarguras da vida adulta. O garoto, por sua vez, simboliza a busca pela felicidade e pela aventura, que s\u00e3o t\u00e3o caracter\u00edsticas da juventude.<\/p>\n<hr \/>\n<h3 style=\"text-align: center;\">S\u00e9rie<\/h3>\n<p><img loading=\"lazy\" decoding=\"async\" class=\"aligncenter wp-image-1024 size-medium\" src=\"https:\/\/nalua.in\/notas\/wp-content\/uploads\/2023\/07\/tedlassop-202x300.jpg\" alt=\"\" width=\"202\" height=\"300\" srcset=\"https:\/\/nalua.in\/notas\/wp-content\/uploads\/2023\/07\/tedlassop-202x300.jpg 202w, https:\/\/nalua.in\/notas\/wp-content\/uploads\/2023\/07\/tedlassop-150x222.jpg 150w, https:\/\/nalua.in\/notas\/wp-content\/uploads\/2023\/07\/tedlassop.jpg 350w\" sizes=\"auto, (max-width: 202px) 100vw, 202px\" \/><\/p>\n<p style=\"text-align: justify;\"><strong>Ted Lasso &#8211; 2020 &#8211; Bill Lawrence &#8211; 1\u00aa Temporada. <em>Essa s\u00e9rie conta uma hist\u00f3ria de um cara que procura a leveza. O personagem principal \u00e9 um \u00f3timo exemplo de quem busca leveza para a pr\u00f3pria vida. Uma leveza que n\u00e3o se confunde com superficialidade nem com futilidade. \u00c9 uma s\u00e9rie muito divertida, emocionante, prende a aten\u00e7\u00e3o. Assistir \u00e0 primeira temporada \u00e9 ter um momento bem divertido de leveza.\u00a0<\/em><\/strong><\/p>\n<hr \/>\n<p style=\"text-align: justify;\">Ted Lasso \u00e9 o personagem principal da s\u00e9rie de com\u00e9dia hom\u00f4nima da Apple TV+, interpretado por Jason Sudeikis. A primeira temporada da s\u00e9rie, lan\u00e7ada em 2020, apresentou um personagem com uma leveza singular que conquistou o p\u00fablico.\u00a0Ted Lasso \u00e9 um treinador de futebol americano que \u00e9 contratado para treinar um time de futebol na Inglaterra, apesar de n\u00e3o ter nenhuma experi\u00eancia no esporte. A princ\u00edpio, a ideia parece absurda, mas \u00e9 exatamente essa falta de conhecimento que faz com que Ted aborde o esporte de uma maneira diferente.<\/p>\n<p style=\"text-align: justify;\">A leveza de Ted Lasso se manifesta em diversos aspectos da s\u00e9rie. Em primeiro lugar, ele \u00e9 um personagem extremamente positivo e otimista. Mesmo diante de situa\u00e7\u00f5es adversas, ele sempre procura ver o lado bom das coisas e motivar sua equipe a fazer o mesmo. Seus discursos inspiradores e sua capacidade de encontrar o humor em situa\u00e7\u00f5es dif\u00edceis s\u00e3o uma das marcas registradas da s\u00e9rie.\u00a0Al\u00e9m disso, Ted Lasso \u00e9 um personagem extremamente emp\u00e1tico e preocupado com o bem-estar de seus jogadores. Ele n\u00e3o se preocupa apenas com o desempenho da equipe dentro de campo, mas tamb\u00e9m com a vida pessoal de cada um dos jogadores. Ele se preocupa em entender suas motiva\u00e7\u00f5es e medos, e usa essa compreens\u00e3o para ajud\u00e1-los a se tornarem jogadores melhores e pessoas melhores.\u00a0Outro aspecto da leveza de Ted Lasso \u00e9 sua abordagem do esporte em si. Ele n\u00e3o se importa tanto com a vit\u00f3ria ou a derrota, mas sim com o processo de jogar e se divertir. Ele incentiva seus jogadores a jogarem com paix\u00e3o e a se divertirem em campo, independentemente do resultado final. Essa abordagem leva a momentos de grande descontra\u00e7\u00e3o e divers\u00e3o na s\u00e9rie.<\/p>\n<hr \/>\n<p style=\"text-align: center;\"><span style=\"font-size: 8pt;\">23 de julho \u00e9 o 204.\u00ba dia do ano no calend\u00e1rio gregoriano (205.\u00ba em anos bissextos). Faltam 161 dias para acabar o ano.<\/span><\/p>\n<table style=\"width: 100%; border-collapse: collapse; background-color: #a3cdf0;\">\n<tbody>\n<tr>\n<td style=\"width: 100%;\">\n<p style=\"text-align: center;\"><em>fim de festa.<\/em><br \/>\n<em>no afrouxar de gravatas<\/em><br \/>\n<em>voam borboletas<\/em><\/p>\n<p style=\"text-align: center;\"><strong>Paulo S\u00e9rgio Vieira<\/strong><\/p>\n<\/td>\n<\/tr>\n<\/tbody>\n<\/table>\n<p style=\"text-align: center;\"><strong>Post com a colabora\u00e7\u00e3o de\u00a0<a href=\"http:\/\/instagram.com\/laismeralda\" target=\"_blank\" rel=\"noopener\">@laismeralda.\u00a0 <em>A melhor cartomante do peda\u00e7o, marque sua hora com ela.<\/em><\/a><\/strong><\/p>\n<hr \/>\n<p><em style=\"text-align: justify;\">Se voc\u00ea leu at\u00e9 aqui, obrigada! Esse \u00e9 o meu almanaque particular. Um peda\u00e7o do meu di\u00e1rio, da minha arca da velha, um registro de pequenas efem\u00e9rides, de coisas que quero guardar, do tempo, do vento, do c\u00e9u e do cheiro da chuva. Os Vest\u00edgios do Dia, meus dias. Aqui s\u00f3 tem refer\u00eancias, pois \u00e9 disso que sou feita.<\/em><\/p>\n<div id=\"post-wrapper\" class=\"post-wrapper\">\n<article id=\"post-604\" class=\"post-604 post type-post status-publish format-standard hentry category-almanaque category-carta-semanal category-jardim category-newsletter category-oraculo\">\n<div class=\"entry-content\">\n<table style=\"width: 100%; border-collapse: collapse; background-color: #f7cdcd;\">\n<tbody>\n<tr>\n<td style=\"width: 99.9131%; text-align: center;\"><span style=\"font-size: 10pt;\">\u00a9 Nalua \u2013 Caderninho pessoal, bauzinho de trapos coloridos, nos morros de Minas Gerais. J\u00e1 no inverno, friozinho, gra\u00e7as aos c\u00e9us.<\/span><\/td>\n<\/tr>\n<\/tbody>\n<\/table>\n<p style=\"text-align: center;\"><span style=\"font-size: 8pt;\"><em>Esta \u00e9 a 20\u00aa de 78 p\u00e1ginas que ter\u00e1 este almanaque.<\/em><\/span><\/p>\n<\/div>\n<\/article>\n<\/div>\n","protected":false},"excerpt":{"rendered":"<p>\u201cVenham para mim todos voc\u00eas que est\u00e3o cansados de carregar o peso do seu fardo, e eu lhes darei descanso. Carreguem a minha carga e [&#8230;]<\/p>\n","protected":false},"author":1,"featured_media":0,"comment_status":"open","ping_status":"open","sticky":false,"template":"","format":"standard","meta":{"footnotes":""},"categories":[9,13,10,5,12],"tags":[],"class_list":["post-1002","post","type-post","status-publish","format-standard","hentry","category-almanaque","category-carta-semanal","category-jardim","category-newsletter","category-oraculo"],"_links":{"self":[{"href":"https:\/\/nalua.in\/notas\/wp-json\/wp\/v2\/posts\/1002","targetHints":{"allow":["GET"]}}],"collection":[{"href":"https:\/\/nalua.in\/notas\/wp-json\/wp\/v2\/posts"}],"about":[{"href":"https:\/\/nalua.in\/notas\/wp-json\/wp\/v2\/types\/post"}],"author":[{"embeddable":true,"href":"https:\/\/nalua.in\/notas\/wp-json\/wp\/v2\/users\/1"}],"replies":[{"embeddable":true,"href":"https:\/\/nalua.in\/notas\/wp-json\/wp\/v2\/comments?post=1002"}],"version-history":[{"count":29,"href":"https:\/\/nalua.in\/notas\/wp-json\/wp\/v2\/posts\/1002\/revisions"}],"predecessor-version":[{"id":1043,"href":"https:\/\/nalua.in\/notas\/wp-json\/wp\/v2\/posts\/1002\/revisions\/1043"}],"wp:attachment":[{"href":"https:\/\/nalua.in\/notas\/wp-json\/wp\/v2\/media?parent=1002"}],"wp:term":[{"taxonomy":"category","embeddable":true,"href":"https:\/\/nalua.in\/notas\/wp-json\/wp\/v2\/categories?post=1002"},{"taxonomy":"post_tag","embeddable":true,"href":"https:\/\/nalua.in\/notas\/wp-json\/wp\/v2\/tags?post=1002"}],"curies":[{"name":"wp","href":"https:\/\/api.w.org\/{rel}","templated":true}]}}