{"id":999,"date":"2005-11-16T22:28:00","date_gmt":"2005-11-16T22:28:00","guid":{"rendered":"http:\/\/nalu.wordpress.com\/2005\/11\/16\/pensando-alto"},"modified":"2005-11-16T22:28:00","modified_gmt":"2005-11-16T22:28:00","slug":"pensando-alto","status":"publish","type":"post","link":"https:\/\/nalua.in\/blog\/pensando-alto\/","title":{"rendered":"Pensando alto"},"content":{"rendered":"<div align=\"center\"><span style=\"color: #1d4d8d; font-family: georgia; font-size: small;\"><b>Pensando alto<\/b><br \/>\n<\/span><\/div>\n<div align=\"justify\">Ser\u00e1 que existe algum medo (meio subjacente) de ficar magra?<br \/>\nE se existe, porque ele est\u00e1 a\u00ed\u00ad? \u00c9 engra\u00e7ado a gente se sabotar tanto, engra\u00e7ado a gente cometer os mesmos erros todos os dias sabendo que est\u00e1 errando&#8230; O ser humano \u00e9 curioso mesmo. Qual ser\u00e1 o medo real embutido por tr\u00e1s de n\u00e3o conseguir emagrecer? E ser\u00e1 que \u00e9 medo realmente? Eu vejo gente que \u00e9 teoricamente fraco diante da comida (como eu) e s\u00e3o umas fortalezas para coisas muito mais complicadas para a maioria dos mortais (ditos) normais. Ent\u00e3o certamente n\u00e3o \u00e9 uma quest\u00e3o de fraqueza de car\u00e1ter, embora sejamos toda hora bombardeados com essa mensagem. O que ser\u00e1 ent\u00e3o? Bem estou s\u00f3 pensando alto&#8230;<\/div>\n<div align=\"justify\">\n<!--more--><br \/>\nEu n\u00e3o tenho conseguido seguir o programa mesmo! Eu estou na beirada das minhas f\u00e9rias que v\u00e3o ser parcialmente engolidas por trabalhos que agarraram. Vou perder provavelmente uma semana, talvez at\u00e9 mais, das minhas t\u00e3o famigeradas f\u00e9rias. Estou sem tempo durante o dia, \u00e9 frustrante ir a tantos lugares e n\u00e3o conseguir resolver quase nada. E n\u00e3o posso reclamar muito do meu trabalho n\u00e3o, sei que tem muita gente a\u00ed\u00ad se esfalfando para conseguir um emprego assim, mas que a natureza dele \u00e9 desgastante, isso \u00e9. Ainda mais para quem est\u00e1 sem dormir h\u00e1 quase tr\u00eas anos. Desde o quinto m\u00eas de gravidez que eu n\u00e3o durmo duas noites de sono seguidas. O m\u00e1ximo de noites que eu consigo dormir num m\u00eas inteirinho s\u00e3o duas, tr\u00eas noites mais ou menos bem dormidas. E isso \u00e9 demais para qualquer ser humano. N\u00e3o assusta eu estar com os exames cl\u00ed\u00adnicos t\u00e3o alterados e ter adoecido nesse meio tempo. Fora ter que controlar o stress para n\u00e3o ficar descontando em quem n\u00e3o tem culpa. (O que por si s\u00f3 j\u00e1 aumenta o n\u00ed\u00advel do pr\u00f3prio).<br \/>\n<span style=\"color: black; font-family: trebuchet ms; font-size: small;\">Maaaassssssssssssssss&#8230;<\/span> <span style=\"text-decoration: underline;\">o lado bom<\/span> \u00e9 que pela primeira vez eu n\u00e3o desisto da id\u00e9ia de emagrecer. Sempre ao menor deslize ou obst\u00e1culo eu desistia e jogava a toalha. Agora sinto que est\u00e1 diferente e acho que n\u00e3o estou me enganando. E eu prometi a mim mesma que nem que leve cinco, seis anos eu vou voltar aos \u00ed\u00adndices normais. Nem almejo corpo com peso de modelo, porque sei que nem conseguiria manter, s\u00f3 quero sair da faixa de obesidade, quero ter \u00ed\u00adndices normais de novo. Talvez assim minha sa\u00fade se restabele\u00e7a e eu escape do fantasma do diabetes.<br \/>\nAinda n\u00e3o consegui seguir o programa, essa semana foi um monte de deslizes, mas eu tamb\u00e9m sei que semana que vem, mais tardar na outra, as coisas v\u00e3o entrar nos eixos. Eu estou num estado de total excepcionalidade que \u00e9 esse caos pr\u00e9 f\u00e9rias e n\u00e3o estar bem de sa\u00fade. Por isso sei que n\u00e3o \u00e9 desculpa pra me enganar como sempre, desta vez s\u00e3o coisas alheias ao meu controle. Acho que essa convic\u00e7\u00e3o interna \u00e9 muito importante, talvez seja o primeiro passo. E n\u00e3o diz um ditado muito caro a qualquer livro de auto-ajuda, que uma longa caminhada come\u00e7a com um \u00fanico passo? E de qualquer modo lembrando de outro dito popular, amanh\u00e3 \u00e9 outro dia!\n<\/div>\n","protected":false},"excerpt":{"rendered":"<p>Pensando alto Ser\u00e1 que existe algum medo (meio subjacente) de ficar magra? E se existe, porque ele est\u00e1 a\u00ed\u00ad? \u00c9 engra\u00e7ado a gente se sabotar tanto, engra\u00e7ado a gente cometer os mesmos erros todos os dias sabendo que est\u00e1 errando&#8230; O ser humano \u00e9 curioso mesmo. Qual ser\u00e1 o medo real embutido por tr\u00e1s de &hellip; <a href=\"https:\/\/nalua.in\/blog\/pensando-alto\/\" class=\"more-link\">Continuar lendo <span class=\"screen-reader-text\">Pensando alto<\/span><\/a><\/p>\n","protected":false},"author":1,"featured_media":0,"comment_status":"open","ping_status":"open","sticky":false,"template":"","format":"standard","meta":{"footnotes":""},"categories":[24,40],"tags":[],"class_list":["post-999","post","type-post","status-publish","format-standard","hentry","category-eu","category-leveza"],"_links":{"self":[{"href":"https:\/\/nalua.in\/blog\/wp-json\/wp\/v2\/posts\/999","targetHints":{"allow":["GET"]}}],"collection":[{"href":"https:\/\/nalua.in\/blog\/wp-json\/wp\/v2\/posts"}],"about":[{"href":"https:\/\/nalua.in\/blog\/wp-json\/wp\/v2\/types\/post"}],"author":[{"embeddable":true,"href":"https:\/\/nalua.in\/blog\/wp-json\/wp\/v2\/users\/1"}],"replies":[{"embeddable":true,"href":"https:\/\/nalua.in\/blog\/wp-json\/wp\/v2\/comments?post=999"}],"version-history":[{"count":0,"href":"https:\/\/nalua.in\/blog\/wp-json\/wp\/v2\/posts\/999\/revisions"}],"wp:attachment":[{"href":"https:\/\/nalua.in\/blog\/wp-json\/wp\/v2\/media?parent=999"}],"wp:term":[{"taxonomy":"category","embeddable":true,"href":"https:\/\/nalua.in\/blog\/wp-json\/wp\/v2\/categories?post=999"},{"taxonomy":"post_tag","embeddable":true,"href":"https:\/\/nalua.in\/blog\/wp-json\/wp\/v2\/tags?post=999"}],"curies":[{"name":"wp","href":"https:\/\/api.w.org\/{rel}","templated":true}]}}