{"id":994,"date":"2005-11-23T18:48:00","date_gmt":"2005-11-23T18:48:00","guid":{"rendered":"http:\/\/nalu.wordpress.com\/2005\/11\/23\/agora-e-pra-valer"},"modified":"2005-11-23T18:48:00","modified_gmt":"2005-11-23T18:48:00","slug":"agora-e-pra-valer","status":"publish","type":"post","link":"https:\/\/nalua.in\/blog\/agora-e-pra-valer\/","title":{"rendered":"Agora \u00e9 pra valer"},"content":{"rendered":"<div align=\"center\"><span style=\"color:#1d4d8d;font-family:georgia;font-size:100%;\"> <b>Agora \u00e9 para valer&#8230;<\/b><br \/><\/span><\/div>\n<div align=\"justify\">A pesagem de hoje, oficial, \u00e9 que vai me orientar daqui pra frente. Meu dia de pesagem \u00e9 quarta feira,que \u00e9 meu dia de sorte. Tamb\u00e9m \u00e9 meu primeiro dia do ciclo, dia de renova\u00e7\u00e3o f\u00ed\u00adsica, mental e espiritual.<br \/>(Que bom que n\u00f3s mulheres somos c\u00ed\u00adclicas, a cada m\u00eas temos a chance de nos renovar&#8230;)E tamb\u00e9m \u00e9 o primeiro dia das minhas t\u00e3o sonhadas <b>F\u00c9RIAS!<\/b><br \/>Ent\u00e3o a balan\u00e7a acusou hoje 83,8!!! O que significa que esse blog est\u00e1 dando resultado, que o QI mental funciona mesmo (j\u00e1 tinha me ajudado a perder 5kg anteriores), e que talvez eu j\u00e1 esteja come\u00e7ando a pensar magro. N\u00e3o \u00e9 bom?<\/div>\n<div align=\"center\"><a href=\"http:\/\/photos1.blogger.com\/blogger\/6952\/1736\/1600\/8381.jpg\"><img decoding=\"async\" alt=\"\" border=\"0\" src=\"http:\/\/photos1.blogger.com\/blogger\/6952\/1736\/320\/8381.jpg\" \/><\/a><\/div>\n<p><\/p>\n<div align=\"center\"><\/div>\n<div style=\"text-align:right;\"><a href=\"http:\/\/www.haloscan.com\/comments\/levezadeser\/113266112411889867\/#69892\"><span style=\"font-size:85%;\">6 coment\u00e1rios neste post<\/span><\/a><\/div>\n","protected":false},"excerpt":{"rendered":"<p>Agora \u00e9 para valer&#8230; A pesagem de hoje, oficial, \u00e9 que vai me orientar daqui pra frente. Meu dia de pesagem \u00e9 quarta feira,que \u00e9 meu dia de sorte. Tamb\u00e9m \u00e9 meu primeiro dia do ciclo, dia de renova\u00e7\u00e3o f\u00ed\u00adsica, mental e espiritual.(Que bom que n\u00f3s mulheres somos c\u00ed\u00adclicas, a cada m\u00eas temos a chance &hellip; <a href=\"https:\/\/nalua.in\/blog\/agora-e-pra-valer\/\" class=\"more-link\">Continuar lendo <span class=\"screen-reader-text\">Agora \u00e9 pra valer<\/span><\/a><\/p>\n","protected":false},"author":1,"featured_media":0,"comment_status":"open","ping_status":"open","sticky":false,"template":"","format":"standard","meta":{"footnotes":""},"categories":[24],"tags":[],"class_list":["post-994","post","type-post","status-publish","format-standard","hentry","category-eu"],"_links":{"self":[{"href":"https:\/\/nalua.in\/blog\/wp-json\/wp\/v2\/posts\/994","targetHints":{"allow":["GET"]}}],"collection":[{"href":"https:\/\/nalua.in\/blog\/wp-json\/wp\/v2\/posts"}],"about":[{"href":"https:\/\/nalua.in\/blog\/wp-json\/wp\/v2\/types\/post"}],"author":[{"embeddable":true,"href":"https:\/\/nalua.in\/blog\/wp-json\/wp\/v2\/users\/1"}],"replies":[{"embeddable":true,"href":"https:\/\/nalua.in\/blog\/wp-json\/wp\/v2\/comments?post=994"}],"version-history":[{"count":0,"href":"https:\/\/nalua.in\/blog\/wp-json\/wp\/v2\/posts\/994\/revisions"}],"wp:attachment":[{"href":"https:\/\/nalua.in\/blog\/wp-json\/wp\/v2\/media?parent=994"}],"wp:term":[{"taxonomy":"category","embeddable":true,"href":"https:\/\/nalua.in\/blog\/wp-json\/wp\/v2\/categories?post=994"},{"taxonomy":"post_tag","embeddable":true,"href":"https:\/\/nalua.in\/blog\/wp-json\/wp\/v2\/tags?post=994"}],"curies":[{"name":"wp","href":"https:\/\/api.w.org\/{rel}","templated":true}]}}