{"id":991,"date":"2005-11-28T16:19:00","date_gmt":"2005-11-28T16:19:00","guid":{"rendered":"http:\/\/nalu.wordpress.com\/2005\/11\/28\/tempo-de-perdoar"},"modified":"2005-11-28T16:19:00","modified_gmt":"2005-11-28T16:19:00","slug":"tempo-de-perdoar","status":"publish","type":"post","link":"https:\/\/nalua.in\/blog\/tempo-de-perdoar\/","title":{"rendered":"Tempo de perdoar"},"content":{"rendered":"<div align=\"center\"><span style=\"color: #1d4d8d; font-family: georgia; font-size: small;\"><b>Tempo de perdoar<\/b><\/span><\/div>\n<div align=\"justify\">Nesses tempos de decis\u00e3o, de recome\u00e7os, daquele sentimento que sempre atravessa a gente no fim de ano, eu, ainda mais reflexiva que o normal (devido \u00ed\u00a0s decis\u00f5es que tenho que tomar) andei refletindo sobre a culpa que pesa muitas vezes naturalmente sobre as mulheres. Culpa de muita coisa, culpa de n\u00e3o ser mais magra, culpa de comer o que n\u00e3o devia, culpa de trabalhar fora e ter que se ausentar da companhia dos filhos, culpa de trabalhar demais, trabalhar de menos, enfim o card\u00e1pio da culpa \u00e9 extenso e podem ter certeza que engorda. E muito.<\/div>\n<div align=\"justify\"><!--more--><br \/>\nN\u00f3s somos muitas vezes impelidas a sermos super mulheres, lindas elegantes, cheirosas, bem informadas, inteligentes, \u00f3timas esposas, amantes maravilhosas, m\u00e3es de dar inveja em qualquer Virgem Maria (com todo respeito), profissionais nota dez, enfim, o menu \u00e9 variado, podem escolher as press\u00f5es que fazem parte da vida de voc\u00eas. E n\u00e3o corresponder de alguma maneira a essas exig\u00eancias nos torna culpadas, e culpas s\u00e3o generosas em calorias, em teor de gordura, em carboidratos do mal. Legal, refleti uma coisa que n\u00f3s sabemos, mas enfim cheguei a uma forma pr\u00f3pria de lidar com essas culpas que martelavam a minha cabe\u00e7a e acho que vou me livrar (em m\u00e9dio prazo) de uns bons quilos por causa disso.\u00c9 o seguinte: (eu sei que \u00e9 bem no estilo auto-ajuda, mas nem tudo \u00e9 lixo nesse ramo e cada um aproveita o que combina consigo). Eu fiz comigo mesma um ritual de perd\u00e3o. Fim de ano \u00e9 uma beleza para essas coisas. A gente est\u00e1 mais predisposta. Eu primeiro me perdoei, perdoei mesmo, do fundo da alma, deitei quieta por um bom per\u00ed\u00adodo e tentei me perdoar de verdade e n\u00e3o de fachada. Perdoei minhas falhas e o fato de eu ser demasiadamente humana. Perdoei meus erros comigo mesma, minhas faltas, perdoei aquelas horas em que a gente sabe que est\u00e1 pisando na bola consigo mesma, perdoei tudo que gostaria que os outros perdoassem em mim, mas tentei fazer com que a consci\u00eancia de meus erros continuasse ali, como uma esp\u00e9cie de lembrete.<br \/>\nDepois at\u00e9 onde pude me lembrar pedi perd\u00e3o \u00ed\u00a0 todas aquelas pessoas que magoei, um perd\u00e3o silencioso, claro, (nem pra todo mundo eu posso pedir perd\u00e3o pessoalmente) mas pedi. E tamb\u00e9m pedi perd\u00e3o ao Ser Supremo por n\u00e3o ter sido o melhor que podia em todas as ocasi\u00f5es. Porque se h\u00e1 algo que podemos fazer dentro da nossa humanidade imperfeita \u00e9 sempre dar o melhor de n\u00f3s. Isso vale para o <b> Aprendizado<\/b> e para o emagrecimento tamb\u00e9m.<br \/>\nE sabe que me sinto bem renovada, hoje acordei bem disposta, estou seguindo meus pontinhos direitinho at\u00e9 agora, n\u00e3o sei, parece que tirar esse peso extra dos ombros ajudou. Era isso que eu queria falar.<br \/>\nE se algu\u00e9m que ler esse texto acreditar em uma dimens\u00e3o espiritual, tem um Programa Espiritual muito legal <a href=\"http:\/\/geocities.yahoo.com.br\/levezadeser\" target=\"_blank\" rel=\"noopener\">aqui<\/a> que eu comecei a seguir de novo ontem. \u00c9 um programa crist\u00e3o (embora eu n\u00e3o seja estritamente crist\u00e3) que segui poucas vezes at\u00e9 hoje, tenho um respeito muito grande por ele, segui em momentos muito fortes na minha vida e nunca falhou.\n<\/div>\n<p><!--more--><\/p>\n","protected":false},"excerpt":{"rendered":"<p>Tempo de perdoar Nesses tempos de decis\u00e3o, de recome\u00e7os, daquele sentimento que sempre atravessa a gente no fim de ano, eu, ainda mais reflexiva que o normal (devido \u00ed\u00a0s decis\u00f5es que tenho que tomar) andei refletindo sobre a culpa que pesa muitas vezes naturalmente sobre as mulheres. Culpa de muita coisa, culpa de n\u00e3o ser &hellip; <a href=\"https:\/\/nalua.in\/blog\/tempo-de-perdoar\/\" class=\"more-link\">Continuar lendo <span class=\"screen-reader-text\">Tempo de perdoar<\/span><\/a><\/p>\n","protected":false},"author":1,"featured_media":0,"comment_status":"open","ping_status":"open","sticky":false,"template":"","format":"standard","meta":{"footnotes":""},"categories":[24],"tags":[],"class_list":["post-991","post","type-post","status-publish","format-standard","hentry","category-eu"],"_links":{"self":[{"href":"https:\/\/nalua.in\/blog\/wp-json\/wp\/v2\/posts\/991","targetHints":{"allow":["GET"]}}],"collection":[{"href":"https:\/\/nalua.in\/blog\/wp-json\/wp\/v2\/posts"}],"about":[{"href":"https:\/\/nalua.in\/blog\/wp-json\/wp\/v2\/types\/post"}],"author":[{"embeddable":true,"href":"https:\/\/nalua.in\/blog\/wp-json\/wp\/v2\/users\/1"}],"replies":[{"embeddable":true,"href":"https:\/\/nalua.in\/blog\/wp-json\/wp\/v2\/comments?post=991"}],"version-history":[{"count":0,"href":"https:\/\/nalua.in\/blog\/wp-json\/wp\/v2\/posts\/991\/revisions"}],"wp:attachment":[{"href":"https:\/\/nalua.in\/blog\/wp-json\/wp\/v2\/media?parent=991"}],"wp:term":[{"taxonomy":"category","embeddable":true,"href":"https:\/\/nalua.in\/blog\/wp-json\/wp\/v2\/categories?post=991"},{"taxonomy":"post_tag","embeddable":true,"href":"https:\/\/nalua.in\/blog\/wp-json\/wp\/v2\/tags?post=991"}],"curies":[{"name":"wp","href":"https:\/\/api.w.org\/{rel}","templated":true}]}}