{"id":985,"date":"2006-01-11T01:57:00","date_gmt":"2006-01-11T01:57:00","guid":{"rendered":"http:\/\/nalu.wordpress.com\/2006\/01\/11\/algo-errado-no-paraiso"},"modified":"2006-01-11T01:57:00","modified_gmt":"2006-01-11T01:57:00","slug":"algo-errado-no-paraiso","status":"publish","type":"post","link":"https:\/\/nalua.in\/blog\/algo-errado-no-paraiso\/","title":{"rendered":"Algo errado no para\u00ed\u00adso"},"content":{"rendered":"<p align=\"center\"><a href=\"http:\/\/photos1.blogger.com\/blogger\/6813\/363\/1600\/dani.jpg\"><img decoding=\"async\" src=\"http:\/\/photos1.blogger.com\/blogger\/6813\/363\/320\/dani.jpg\" alt=\"\" border=\"0\" \/><\/a> <\/p>\n<p align=\"justify\"><span style=\"color:rgb(29,77,141);font-family:trebuchet ms;\">Essa primeira garota a\u00ed\u00ad da foto \u00e9 uma amigona que eu tenho, menina super inteligente, \u00e9 ju\u00ed\u00adza em S\u00e3o Paulo, \u00e9 bem informada, culta, super gente boa. Fazia uns dois anos que eu n\u00e3o a via e n\u00f3s tivemos um encontro esse fim de semana. Ela tem esse corpinho que voc\u00eas est\u00e3o vendo a\u00ed\u00ad, at\u00e9 mesmo atualmente est\u00e1 um pouco mais magro. Da\u00ed\u00ad ela disse no encontro (est\u00e1vamos eu ela, meu marido, marido dela e outra amiga da faculdade com o marido) que estava GORDA, que tinha pneuzinhos na barriga, que precisava emagrecer, coisa e tal.<\/p>\n<p>E ela realmente acha isso, ela est\u00e1 genuinamente preocupada com isso. Eu fiquei com uma sensa\u00e7\u00e3o inc\u00f4moda, n\u00e3o tanto pelo fato de estar bem uns 25 quilos mais gorda que ela, mas pelo fato de que a maioria, mas a maioria das mulheres que eu conhe\u00e7o, (incluindo minha sobrinha linda de dez anos completados hoje e a outra de seis anos), terem a auto imagem t\u00e3o distorcida.<br \/>E me lembro de quando pesava 61 quilos e achava que eu estava MUITO gorda. Fico pensando, s\u00f3 pode ter alguma coisa muito errada, mas muito errada mesmo com uma sociedade que fomenta essa imagem feminina<\/p>\n<p><a href=\"http:\/\/photos1.blogger.com\/blogger\/6813\/363\/1600\/05052509.jpg\"><img decoding=\"async\" src=\"http:\/\/photos1.blogger.com\/blogger\/6813\/363\/320\/05052509.jpg\" alt=\"\" border=\"0\" \/><\/a><br \/>como modelo de beleza. (\u00c9 claro que eu exagerei um pouco na foto, mas n\u00e3o est\u00e1 muito longe do real, n\u00e3o, afinal ela \u00e9 modelo&#8230;).<br \/>Porque certamente isso n\u00e3o \u00e9 um del\u00ed\u00adrio coletivo, n\u00e3o \u00e9 uma ilus\u00e3o de n\u00f3s mulheres. As mulheres n\u00e3o conseguem enxergar seu corpo.<\/p>\n<p>Como dizem os antrop\u00f3logos, o corpo \u00e9 uma poderosa forma simb\u00f3lica, o corpo \u00e9 uma met\u00e1fora da cultura, \u00e9 palco de um microcosmo social. E como \u00e9 que viemos parar aqui, heim?<br \/><a href=\"http:\/\/photos1.blogger.com\/blogger\/6952\/1736\/1600\/mulheres01.jpg\"><img decoding=\"async\" src=\"http:\/\/photos1.blogger.com\/blogger\/6952\/1736\/400\/mulheres01.jpg\" alt=\"\" border=\"0\" \/><\/a><br \/>Olhem essas mulheres das fotos que eu botei aqui: Marilyn Monroe, Leila Diniz, Sophia Loren, Ingrid Bergman, Luz del Fuego, Marta Rocha. Mulheres que foram \u00ed\u00adcones indiscut\u00ed\u00adveis de beleza, foram refer\u00eancia  de imagem para as mulheres de sua gera\u00e7\u00e3o. E n\u00e3o faz tanto tempo assim. E hoje todas elas seriam gordas. (Mesmo assim eu continuo achando que elas s\u00e3o lindas, parecem mulheres de verdade.)<\/p>\n<p>Ser\u00e1 que o conceito de beleza varia r\u00e1pido assim mesmo ou ser\u00e1 que esse modelo anor\u00e9xico de beleza que temos hoje n\u00e3o est\u00e1 a servi\u00e7o dessa ideologia t\u00e3o contradit\u00f3ria que nos arrasta neste ran\u00e7o (que ainda resta) de uma sociedade machista e patriarcal? Quero dizer, ser\u00e1 que n\u00e3o \u00e9 mais uma vez uma forma de nega\u00e7\u00e3o da feminilidade genu\u00ed\u00adna? Ser\u00e1 que a conten\u00e7\u00e3o, a transforma\u00e7\u00e3o da fome feminina em vergonha n\u00e3o \u00e9 a express\u00e3o de uma regra subjacente que diz que a fome da mulher, por poder na esfera p\u00fablica, por trabalho, por igualdade de sal\u00e1rios, por uma sexualidade gratificante, tem que ser contida?<\/p>\n<p>Ser\u00e1 que n\u00e3o \u00e9 para ocuparmos nossas lindas cabecinhas, antes com os pneuzinhos na barriga, do que com algo como a pol\u00ed\u00adtica ou qualquer coisa mais socialmente abrangente? Pode ser que eu tenha viajado, n\u00e3o sei, mas <a href=\"http:\/\/www.blogger.com\/%20http:\/\/www.submarino.com.br\/books_productdetails.asp?Query=ProductPage&amp;ProdTypeId=1&amp;ProdId=30840&amp;franq=100464%20%20\" target=\"_blank\" rel=\"noopener\">neste livro<\/a> tem umas reflex\u00f5es maravilhosas sobre esse tema.<br \/><\/span><\/p>\n<p align=\"center\"><span style=\"color:rgb(29,77,141);font-family:trebuchet ms;font-size:85%;\">*****************************<br \/><\/span><\/p>\n<p align=\"justify\"><span style=\"color:rgb(29,77,141);font-family:trebuchet ms;\"><br \/>Respondendo ao coment\u00e1rio da Gaby, que colocou o seguinte: <i>&#8220;Mas tem um lance, Evel. Ate antropologico. A mulher sempre teve que ser atraente pra atrair o macho alfa&#8230;hahaha&#8230;certo? A mais bonita pegava o macho mais competente da caca, etc e isso deve ter gerado uma ciumeira animal nas concorrentes e dai da-lhe se esforcar pra ficar em shape. Alias, na Antiguidade as romanas morriam ao tentar pintar sei la com o que, mas sei que toxico os cabelos de loiro. No fundo, a vaidade esta enraizada no subconsciente feminino coletivo ha milhares de anos, ate por questao de sobrevivencia ou so pra relembrar o QI Mental e o Dr. Joao pra afastar o medo ancestral de morrer de fome.&#8221; <\/i><\/p>\n<p>Gaby, o que voc\u00ea disse est\u00e1 certo, acontece e aconteceu mesmo, mas eu me pergunto o seguinte:<\/p>\n<p>1\u00c2\u00ba) Ser\u00e1 que sempre foi assim mesmo, digo ser\u00e1 que sempre foram as mulheres que se pavonearam e se torturarem fisicamente por causa dos machos alfa?<\/p>\n<p>2\u00c2\u00ba) Ser\u00e1 que n\u00e3o isso n\u00e3o aconteceu depois que o homem percebeu que afinal, ele tamb\u00e9m tinha participa\u00e7\u00e3o na procria\u00e7\u00e3o. Porque afinal de contas, o que \u00e9 raro na natureza s\u00e3o os \u00f3vulos, n\u00e3o os espermatoz\u00f3ides. Eu fico s\u00f3 pensando o seguinte, ser\u00e1 que em <i>\u00ed\u2021atal Huiyuk<\/i> (provavelmente a primeira aglomera\u00e7\u00e3o humana de que se tem vest\u00ed\u00adgios, um dos s\u00ed\u00adtios arqueol\u00f3gicos mais antigos, e que, especula-se n\u00e3o era patriarcal e onde havia v\u00e1rios tipos de cultos \u00ed\u00a0 deusas)era assim? \u00ed\u2021atal Huyuk nem est\u00e1 t\u00e3o longe assim, s\u00e3o mais ou menos 8.000 anos atr\u00e1s, n\u00f3s j\u00e1 temos no planeta mais de 35.000 anos. (Corrijam-me se eu estiver errada). Porque a hist\u00f3ria de que temos not\u00ed\u00adcia \u00e9 muito recente em termos da idade da humanidade, o per\u00ed\u00adodo romano, por ex., est\u00e1 muito perto ainda. E nos primatas h\u00e1 exemplos de comportamentos tanto de cunho machista como igualit\u00e1rio (se \u00e9 que eu posso usar esses termos para primatas, hahahaha), tanto violento como pac\u00ed\u00adfico. Enfim, s\u00e3o d\u00favidas que provavelmente n\u00e3o ser\u00e3o sanadas facilmente, mas de todo modo, eu acho que h\u00e1 algo errado, muito errado sim. O tempo passa, a sociedade &#8220;evolui&#8221; para uma vida mais igualit\u00e1ria (pelo menos \u00e9 a id\u00e9ia que se vende e n\u00f3s compramos aqui no Ocidente &#8220;democr\u00e1tico&#8221;) e as mulheres cada dia se torturam pelos machos alfa de maneiras mais bizarras? S\u00e9rio, eu n\u00e3o acho que isto seja certo, nem muito menos natural.<\/p>\n<p>Se quiser, d\u00e1 retorno, ok?<\/p>\n<p>Sobre \u00ed\u2021atal Huyuk, site da UNB http:\/\/www.unb.br\/ih\/his\/gefem\/labrys6\/labrysbr.html<\/p>\n<p>Wikipedia: http:\/\/pt.wikipedia.org\/wiki\/%C3%87atalh%C3%BCy%C3%BCk que ali\u00e1s j\u00e1 \u00e9 machista s\u00f3 na coloca\u00e7\u00e3o do assunto .<\/p>\n<p>E um livro que em portugu\u00eas j\u00e1 est\u00e1 esgotado, mas tem sobre o assunto uma discuss\u00e3o excelente, \u00ed\u00a0s vezes se encontra em sebo. Chama-se <b>O C\u00e1lice e a Espada<\/b>, de Riane Eisler. Link para o livro em ingl\u00eas:<br \/>www.amazon.com\/gp\/product\/0062502891\/ref=sib_rdr_dp\/002-2131227-3966415?%5Fencoding=UTF8&amp;me=ATVPDKIKX0DER&amp;no=283155&amp;st=books&amp;n=283155<\/p>\n<p><\/span><\/p>\n<p align=\"center\"><span style=\"color:rgb(29,77,141);font-family:trebuchet ms;font-size:85%;\">*****************************<\/p>\n<p>Mais uma coisinha, momento mastercard:<\/p>\n<p>Estar h\u00e1 26 dias sem fumar e ainda conseguir emagrecer, n\u00e3o tem pre\u00e7o.<\/p>\n<p>E deixa eu ir trabalhar que j\u00e1 estou atrasada. De noite volto.<\/span><br \/><a href=\"http:\/\/photos1.blogger.com\/blogger\/6952\/1736\/1600\/86_5.jpg\"><img decoding=\"async\" src=\"http:\/\/photos1.blogger.com\/blogger\/6952\/1736\/320\/86_5.jpg\" alt=\"\" border=\"0\" \/><\/a><br \/><a href=\"http:\/\/photos1.blogger.com\/blogger\/6952\/1736\/1600\/84_3.jpg\"><img decoding=\"async\" src=\"http:\/\/photos1.blogger.com\/blogger\/6952\/1736\/320\/84_3.jpg\" alt=\"\" border=\"0\" \/><\/a><\/p>\n","protected":false},"excerpt":{"rendered":"<p>Essa primeira garota a\u00ed\u00ad da foto \u00e9 uma amigona que eu tenho, menina super inteligente, \u00e9 ju\u00ed\u00adza em S\u00e3o Paulo, \u00e9 bem informada, culta, super gente boa. Fazia uns dois anos que eu n\u00e3o a via e n\u00f3s tivemos um encontro esse fim de semana. Ela tem esse corpinho que voc\u00eas est\u00e3o vendo a\u00ed\u00ad, at\u00e9 &hellip; <a href=\"https:\/\/nalua.in\/blog\/algo-errado-no-paraiso\/\" class=\"more-link\">Continuar lendo <span class=\"screen-reader-text\">Algo errado no para\u00ed\u00adso<\/span><\/a><\/p>\n","protected":false},"author":1,"featured_media":0,"comment_status":"open","ping_status":"open","sticky":false,"template":"","format":"standard","meta":{"footnotes":""},"categories":[24],"tags":[],"class_list":["post-985","post","type-post","status-publish","format-standard","hentry","category-eu"],"_links":{"self":[{"href":"https:\/\/nalua.in\/blog\/wp-json\/wp\/v2\/posts\/985","targetHints":{"allow":["GET"]}}],"collection":[{"href":"https:\/\/nalua.in\/blog\/wp-json\/wp\/v2\/posts"}],"about":[{"href":"https:\/\/nalua.in\/blog\/wp-json\/wp\/v2\/types\/post"}],"author":[{"embeddable":true,"href":"https:\/\/nalua.in\/blog\/wp-json\/wp\/v2\/users\/1"}],"replies":[{"embeddable":true,"href":"https:\/\/nalua.in\/blog\/wp-json\/wp\/v2\/comments?post=985"}],"version-history":[{"count":0,"href":"https:\/\/nalua.in\/blog\/wp-json\/wp\/v2\/posts\/985\/revisions"}],"wp:attachment":[{"href":"https:\/\/nalua.in\/blog\/wp-json\/wp\/v2\/media?parent=985"}],"wp:term":[{"taxonomy":"category","embeddable":true,"href":"https:\/\/nalua.in\/blog\/wp-json\/wp\/v2\/categories?post=985"},{"taxonomy":"post_tag","embeddable":true,"href":"https:\/\/nalua.in\/blog\/wp-json\/wp\/v2\/tags?post=985"}],"curies":[{"name":"wp","href":"https:\/\/api.w.org\/{rel}","templated":true}]}}