{"id":977,"date":"2006-01-26T00:49:00","date_gmt":"2006-01-26T00:49:00","guid":{"rendered":"http:\/\/nalu.wordpress.com\/2006\/01\/26\/luz-e-sombra"},"modified":"2006-01-26T00:49:00","modified_gmt":"2006-01-26T00:49:00","slug":"luz-e-sombra","status":"publish","type":"post","link":"https:\/\/nalua.in\/blog\/luz-e-sombra\/","title":{"rendered":"Luz e Sombra"},"content":{"rendered":"<p align=\"center\">****************************************<br \/><font face=\"georgia\" color=\"#1D4D8D\" size=\"3\"><br \/><b>Luz e Sombra<\/b><br \/><\/font><\/p>\n<p align=\"justify\">Ent\u00e3o, \u00e9 uma beleza ver aquilo em que voc\u00ea acredita acontecendo. Por muito tempo achei que certas coisas n\u00e3o iriam acontecer, que simplesmente n\u00e3o era poss\u00ed\u00advel acontecer sem dor, mas eu tenho visto que \u00e9 poss\u00ed\u00advel, que n\u00e3o h\u00e1 necessidade de extremos nem de extremismos. Eu tendo a acreditar que o budismo est\u00e1 com toda raz\u00e3o, o melhor caminho \u00e9 o caminho do meio, \u00e9 o equil\u00ed\u00adbrio, a balan\u00e7a. Aquele lugar onde se pudesse enxergar os dois lados. De uma pessoa, de uma quest\u00e3o, de um conflito. E um lugar onde pud\u00e9ssemos estar condi\u00e7\u00f5es de ver a nossa sombra e nossa luz, porque luz demais tamb\u00e9m cega, tamb\u00e9m n\u00e3o deixa enxergar. E nos recolhermos a um local onde ficasse claro que n\u00e3o somos s\u00f3 luz, que nossa sombra \u00e9 enorme e as vezes ofusca nosso brilho e se lan\u00e7a sobre outras pessoas prejudicando-as e atenuando seu brilho. Nem tanto ao c\u00e9u nem tanto \u00ed\u00a0 terra ou ao mar. E \u00e9 interessante ver como isso vale para as rela\u00e7\u00f5es humanas tamb\u00e9m. Ningu\u00e9m \u00e9 t\u00e3o bom ou t\u00e3o mau quanto parece, mas \u00ed\u00a0s vezes \u00e9 muito complicado lembrar disso. Especialmente se a pessoa em quest\u00e3o for a gente mesmo.<\/p>\n","protected":false},"excerpt":{"rendered":"<p>****************************************Luz e Sombra Ent\u00e3o, \u00e9 uma beleza ver aquilo em que voc\u00ea acredita acontecendo. Por muito tempo achei que certas coisas n\u00e3o iriam acontecer, que simplesmente n\u00e3o era poss\u00ed\u00advel acontecer sem dor, mas eu tenho visto que \u00e9 poss\u00ed\u00advel, que n\u00e3o h\u00e1 necessidade de extremos nem de extremismos. Eu tendo a acreditar que o budismo &hellip; <a href=\"https:\/\/nalua.in\/blog\/luz-e-sombra\/\" class=\"more-link\">Continuar lendo <span class=\"screen-reader-text\">Luz e Sombra<\/span><\/a><\/p>\n","protected":false},"author":1,"featured_media":0,"comment_status":"open","ping_status":"open","sticky":false,"template":"","format":"standard","meta":{"footnotes":""},"categories":[24],"tags":[],"class_list":["post-977","post","type-post","status-publish","format-standard","hentry","category-eu"],"_links":{"self":[{"href":"https:\/\/nalua.in\/blog\/wp-json\/wp\/v2\/posts\/977","targetHints":{"allow":["GET"]}}],"collection":[{"href":"https:\/\/nalua.in\/blog\/wp-json\/wp\/v2\/posts"}],"about":[{"href":"https:\/\/nalua.in\/blog\/wp-json\/wp\/v2\/types\/post"}],"author":[{"embeddable":true,"href":"https:\/\/nalua.in\/blog\/wp-json\/wp\/v2\/users\/1"}],"replies":[{"embeddable":true,"href":"https:\/\/nalua.in\/blog\/wp-json\/wp\/v2\/comments?post=977"}],"version-history":[{"count":0,"href":"https:\/\/nalua.in\/blog\/wp-json\/wp\/v2\/posts\/977\/revisions"}],"wp:attachment":[{"href":"https:\/\/nalua.in\/blog\/wp-json\/wp\/v2\/media?parent=977"}],"wp:term":[{"taxonomy":"category","embeddable":true,"href":"https:\/\/nalua.in\/blog\/wp-json\/wp\/v2\/categories?post=977"},{"taxonomy":"post_tag","embeddable":true,"href":"https:\/\/nalua.in\/blog\/wp-json\/wp\/v2\/tags?post=977"}],"curies":[{"name":"wp","href":"https:\/\/api.w.org\/{rel}","templated":true}]}}