{"id":958,"date":"2006-03-07T12:55:00","date_gmt":"2006-03-07T12:55:00","guid":{"rendered":"http:\/\/nalu.wordpress.com\/2006\/03\/07\/dia-da-mulher"},"modified":"2006-03-07T12:55:00","modified_gmt":"2006-03-07T12:55:00","slug":"dia-da-mulher","status":"publish","type":"post","link":"https:\/\/nalua.in\/blog\/dia-da-mulher\/","title":{"rendered":"Dia da Mulher"},"content":{"rendered":"<p align=\"center\">****************************************<br \/><font face=\"georgia\" color=\"#1D4D8D\" size=\"3\"><br \/><b>Dia Internacional da Mulher<\/b><br \/><\/font><\/p>\n<p align=\"justify\">Porque amanh\u00e3 \u00e9 o Dia Internacional da Mulher e esse poema apesar de muito batido pela internet afora \u00e9 a coisa mais linda e diz t\u00e3o bem sobre o ser mulher&#8230;<\/p>\n<p align=\"center\"><font face=\"georgia\" color=\"#1D4D8D\" size=\"3\">Com licen\u00e7a po\u00e9tica<\/font><\/p>\n<p><\/p>\n<p align=\"center\"><i><b>Quando nasci um anjo esbelto,<br \/>desses que tocam trombeta, anunciou:<br \/>vai carregar bandeira.<br \/>Cargo muito pesado pra mulher,<br \/>esta esp\u00e9cie ainda envergonhada.<br \/>Aceito os subterf\u00fagios que me cabem,<br \/>sem precisar mentir.<br \/>N\u00e3o sou feia que n\u00e3o possa casar,<br \/>acho o Rio de Janeiro uma beleza e<br \/>ora sim, ora n\u00e3o, creio em parto sem dor.<br \/>Mas o que sinto escrevo.  Cumpro a sina.<br \/>Inauguro linhagens, fundo reinos<br \/>\u00e2\u20ac\u201d dor n\u00e3o \u00e9 amargura.<br \/>Minha tristeza n\u00e3o tem pedigree,<br \/>j\u00e1 a minha vontade de alegria,<br \/>sua raiz vai ao meu mil av\u00f4.<br \/>Vai ser coxo na vida \u00e9 maldi\u00e7\u00e3o pra homem.<br \/>Mulher \u00e9 desdobr\u00e1vel. Eu sou.<\/b><\/i><\/p>\n<p>Ad\u00e9lia Prado<\/p>\n","protected":false},"excerpt":{"rendered":"<p>****************************************Dia Internacional da Mulher Porque amanh\u00e3 \u00e9 o Dia Internacional da Mulher e esse poema apesar de muito batido pela internet afora \u00e9 a coisa mais linda e diz t\u00e3o bem sobre o ser mulher&#8230; Com licen\u00e7a po\u00e9tica Quando nasci um anjo esbelto,desses que tocam trombeta, anunciou:vai carregar bandeira.Cargo muito pesado pra mulher,esta esp\u00e9cie ainda &hellip; <a href=\"https:\/\/nalua.in\/blog\/dia-da-mulher\/\" class=\"more-link\">Continuar lendo <span class=\"screen-reader-text\">Dia da Mulher<\/span><\/a><\/p>\n","protected":false},"author":1,"featured_media":0,"comment_status":"open","ping_status":"open","sticky":false,"template":"","format":"standard","meta":{"footnotes":""},"categories":[24],"tags":[],"class_list":["post-958","post","type-post","status-publish","format-standard","hentry","category-eu"],"_links":{"self":[{"href":"https:\/\/nalua.in\/blog\/wp-json\/wp\/v2\/posts\/958","targetHints":{"allow":["GET"]}}],"collection":[{"href":"https:\/\/nalua.in\/blog\/wp-json\/wp\/v2\/posts"}],"about":[{"href":"https:\/\/nalua.in\/blog\/wp-json\/wp\/v2\/types\/post"}],"author":[{"embeddable":true,"href":"https:\/\/nalua.in\/blog\/wp-json\/wp\/v2\/users\/1"}],"replies":[{"embeddable":true,"href":"https:\/\/nalua.in\/blog\/wp-json\/wp\/v2\/comments?post=958"}],"version-history":[{"count":0,"href":"https:\/\/nalua.in\/blog\/wp-json\/wp\/v2\/posts\/958\/revisions"}],"wp:attachment":[{"href":"https:\/\/nalua.in\/blog\/wp-json\/wp\/v2\/media?parent=958"}],"wp:term":[{"taxonomy":"category","embeddable":true,"href":"https:\/\/nalua.in\/blog\/wp-json\/wp\/v2\/categories?post=958"},{"taxonomy":"post_tag","embeddable":true,"href":"https:\/\/nalua.in\/blog\/wp-json\/wp\/v2\/tags?post=958"}],"curies":[{"name":"wp","href":"https:\/\/api.w.org\/{rel}","templated":true}]}}