{"id":957,"date":"2006-03-08T04:00:00","date_gmt":"2006-03-08T04:00:00","guid":{"rendered":"http:\/\/nalu.wordpress.com\/2006\/03\/08\/a-ira-feminina"},"modified":"2006-03-08T04:00:00","modified_gmt":"2006-03-08T04:00:00","slug":"a-ira-feminina","status":"publish","type":"post","link":"https:\/\/nalua.in\/blog\/a-ira-feminina\/","title":{"rendered":"A Ira Feminina"},"content":{"rendered":"<p align=\"center\"><b>A Ira Feminina<\/b><\/p>\n<p align=\"right\">Sandra Moreira Ebisawa<\/p>\n<p style=\"text-align: justify;\" align=\"justify\"><em><span style=\"color: #ca0e67; font-family: 'trebuchet ms';\">Sinto-me dentro de um caldeir\u00e3o, sendo cozinhada atrav\u00e9s dos tempos, com ingredientes do pecado original &#8211; a culpa da decad\u00eancia humana \u00e9 minha, a for\u00e7a poderosa que amedronta, a que destr\u00f3i ou fortalece, sou eu. A responsabilidade de resignificar essa hist\u00f3ria, descobrindo sua ess\u00eancia bem dentro de mim, \u00e9 minha tamb\u00e9m. <\/span><\/em><\/p>\n<p style=\"text-align: justify;\"><span style=\"color: #800000;\"><em>Sou Mulher. Perceber a &#8220;crueldade feminina&#8221; diante do sofrimento imposto \u00ed\u00a0 mulher atrav\u00e9s da hist\u00f3ria de nossa g\u00eanese enquanto seres humanos, \u00e9 tarefa herc\u00falea. Requer pondera\u00e7\u00e3o, enquanto busco dentro de mim, os prim\u00f3rdios do meu pr\u00f3prio sofrimento, para entender e dar \u00ed\u00a0 luz a verdadeira reden\u00e7\u00e3o feminina, que eu tanto necessito para simplesmente ser. Acredito ser esse o grande sofrimento da alma feminina.<\/em><\/span><\/p>\n<p style=\"text-align: justify;\"><span style=\"color: #800000;\"><em>Tantas mulheres morreram pela culpa, pelo veredicto que se imp\u00f4s a elas pela hist\u00f3ria. M\u00e1rtires e sacrificadas somos n\u00f3s at\u00e9 hoje&#8230;A hist\u00f3ria sempre contradisse o verdadeiro anseio feminino. O anseio de liberta\u00e7\u00e3o. Para mim este tem sido um exerc\u00ed\u00adcio de auto conhecimento, de reden\u00e7\u00e3o, um verdadeiro purgat\u00f3rio. Sentar-me aqui e escrever sobre a crueldade, n\u00e3o \u00e9 confort\u00e1vel. Mas me parece fundamental que esse estado seja trazido \u00ed\u00a0 minha consci\u00eancia, a fim de que eu possa utiliz\u00e1-lo. \u00c9 como uma cozinheira que n\u00e3o poder\u00e1 alquimizar os alimentos sem saber como lidar com o fogo.<\/em><\/span><\/p>\n<p style=\"text-align: justify;\"><span style=\"color: #800000;\"><em>O que sinto agora \u00e9 como um parto. Algo dentro de mim est\u00e1 se desenvolvendo, um tipo de consci\u00eancia que antes n\u00e3o estava aqui. Esse inc\u00f4modo permanente que at\u00e9 agora n\u00e3o tinha um nome, j\u00e1 est\u00e1 em mim h\u00e1 muito tempo. Tantos erros j\u00e1 foram cometidos por causa disso, ciclos internos atropelados, gritos estridentes e mudos ecoam ainda dentro de mim. Meus homens e meus filhos j\u00e1 sofreram muito com esse desvario. E ainda assim, sou eu a respons\u00e1vel. Preciso parir, dar \u00ed\u00a0 luz, emergir e libertar a Lilith amaldi\u00e7oada de dentro de minhas c\u00e9lulas.<\/em><\/span><\/p>\n<p style=\"text-align: justify;\"><span style=\"color: #800000;\"><em>A primeira crueldade que a culpa gera \u00e9 a submiss\u00e3o de minha for\u00e7a natural \u00ed\u00a0s leis de domina\u00e7\u00e3o da terra, de aperfei\u00e7oamento da natureza (como se isso fosse poss\u00ed\u00advel). Fui eu quem neguei \u00ed\u00a0 Ad\u00e3o a doce ilus\u00e3o de sua supremacia, fui eu quem nos igualou e fui banida, me transformando num dem\u00f4nio. Fui a culpada pela expuls\u00e3o do para\u00ed\u00adso. <\/em><\/span><br \/>\n<span style=\"color: #800000;\"> <em>Como posso ser \u00ed\u00adntegra e feliz com toda essa carga sobre meus ombros? Ainda n\u00e3o descobri, mas vou. Esse banimento em mim me remete a Lilith, ela est\u00e1 aqui entre n\u00f3s, dentro de n\u00f3s e precisa ser rendida. Precisamos dessa reden\u00e7\u00e3o. Estamos banidas de nossa Terra, de nosso lugar no mundo. Fomos condenadas e at\u00e9 hoje, mesmo com todas as conquistas, continuamos exclu\u00ed\u00addas, amaldi\u00e7oadas.<\/em><\/span><\/p>\n<p style=\"text-align: justify;\"><span style=\"color: #800000;\"><em>\u00ed\u20acs vezes me d\u00e1 a impress\u00e3o de que toda essa &#8220;conquista feminina&#8221; foi orquestrada pelas for\u00e7as &#8220;poderosas&#8221; que determinaram o pr\u00f3prio banimento da mulher. Posso at\u00e9 estar sofrendo de paran\u00f3ia, o que seria mais do que compreens\u00ed\u00advel, mas o que percebo no processo de emancipa\u00e7\u00e3o da mulher, \u00e9 uma alian\u00e7a entre a mulher e o homem para fortalecer o imp\u00e9rio contra a alma feminina.<\/em><\/span><\/p>\n<p style=\"text-align: justify;\"><span style=\"color: #800000;\"><em>Que me perdoem os entendidos, mas creio que posso devanear, j\u00e1 que todas as informa\u00e7\u00f5es oficiais s\u00e3o duvidosas. Me causa estranheza que o feminismo tenha surgido ao mesmo tempo em que a industria farmac\u00eautica lan\u00e7a seu mais poderoso produto no mercado: a p\u00ed\u00adlula anticoncepcional. As mulheres passaram a contar com o apoio da ci\u00eancia para n\u00e3o conceber. N\u00e3o precisam mais estar atentas aos seus ciclos naturais se quiserem evitar filhos, seus homens est\u00e3o eternamente desobrigados da responsabilidade com a fertiliza\u00e7\u00e3o, j\u00e1 que passaram a prescindir at\u00e9 dos preservativos, n\u00e3o precisam mais conhecer os per\u00ed\u00adodos f\u00e9rteis da mulher.<\/em><\/span><\/p>\n<p style=\"text-align: justify;\"><span style=\"color: #800000;\"><em>Um verdadeiro incentivo a negligencia masculina ao que \u00e9 essencialmente feminino, e isso com o apoio do movimento de liberta\u00e7\u00e3o da Mulher. Que desatino! Esse foi o maior crime contra a alma feminina. Quantas conseq\u00ed\u00bc\u00eancias desastrosas n\u00e3o surgiram dessa &#8220;conquista&#8221;? Ao utilizar a p\u00ed\u00adlula e levantar a bandeira da liberdade sexual, gera\u00e7\u00f5es inteiras de mulheres passaram a enviar mensagens a seus c\u00e9rebros de que n\u00e3o havia necessidade de produzirem determinado horm\u00f4nio, para 40\/50 anos depois, na menopausa, precisaram repor os mesmos horm\u00f4nios artificialmente. Quanto lucro para essas ind\u00fastrias! Um planejamento digno de admira\u00e7\u00e3o, n\u00e3o fosse essa a principal arma contra a mulher, representante mais significativa da alma feminina na humanidade. Nesse momento da hist\u00f3ria, n\u00f3s agimos exatamente como Lilith, nos privando da for\u00e7a natural feminina e utilizando essa mesma for\u00e7a contra n\u00f3s mesmas.<\/em><\/span><\/p>\n<p style=\"text-align: justify;\"><span style=\"color: #800000;\"><em>Hoje nos vemos distanciadas de nossos ciclos naturais, nos perdemos quando as sensa\u00e7\u00f5es da energia feminina emergem em nosso corpo. Nos perturbamos com a menstrua\u00e7\u00e3o, com a menopausa, com nossa capacidade de sentir orgasmos. N\u00e3o sabemos mais parir ou amamentar sem o apoio da ci\u00eancia, que passou a ser um selo de qualidade em tudo que n\u00f3s fazemos e sentimos. Ci\u00eancia \u00ed\u00a0 servi\u00e7o da industria, que est\u00e1 a servi\u00e7o do capitalismo, que est\u00e1 a servi\u00e7o da conquista da terra, do territ\u00f3rio, da alma feminina. <\/em><\/span><br \/>\n<span style=\"color: #800000;\"> <em>A ira feminina voltou-se contra nossos pr\u00f3prios corpos, desej\u00e1vamos o sentimento de pertencer e para isso nos aliamos ao patriarcado, reproduzindo seu modelo&#8230;seu modus vivendi.<\/em><\/span><\/p>\n<p style=\"text-align: justify;\"><span style=\"color: #800000;\"><em>Em nossos cora\u00e7\u00f5es sabemos que a ira feminina est\u00e1 presente em nossos atos e pensamentos. Sempre que nos sentimos culpadas por n\u00e3o conseguir estar com nossos filhos, por n\u00e3o conseguir entregar um trabalho no prazo ou mesmo por n\u00e3o corresponder aos desejos &#8220;sexuais localizados&#8221; de nosso parceiro, estamos experimentando a ira feminina atuando em n\u00f3s. Ela se manifesta atrav\u00e9s de nossas frustra\u00e7\u00f5es pessoais, profissionais e sociais.<\/em><\/span><\/p>\n<p style=\"text-align: justify;\"><span style=\"color: #800000;\"><em>Ela se manifesta nos c\u00e2nceres de mamas, de ov\u00e1rios, de \u00fatero. A ira feminina se expressa tamb\u00e9m atrav\u00e9s dos maremotos, terremotos e dil\u00favios, numa tentativa desesperada de salvar a Terra. Tantas s\u00e3o suas manifesta\u00e7\u00f5es e t\u00e3o grande o seu poder. Procurando uma explica\u00e7\u00e3o que me satisfizesse para o fato da mulher atual estar enfartando tanto quanto os homens, encontrei o seguinte ao pesquisar a palavra enfarte:Infarto: \u00e1rea de necrose conseq\u00ed\u00bcente \u00ed\u00a0 baixa de teor de oxig\u00eanio; enfarte. Enfarte: ato ou efeito de enfartar, farta\u00e7\u00e3o; empanzinamento. Isso me sugeriu a asfixia que a alma feminina experimenta atualmente. Com seu corpo pedindo socorro! Precisando ardentemente ser regida por sua pr\u00f3pria natureza! Uma analogia \u00ed\u00a0 M\u00e3e Terra e suas terr\u00ed\u00adveis manifesta\u00e7\u00f5es em resposta \u00ed\u00a0 neglig\u00eancia de seus ciclos, suas necessidades.<\/em><\/span><\/p>\n<p style=\"text-align: justify;\"><span style=\"color: #800000;\"><em>Um dia desses uma crian\u00e7a me perguntou como o homem pode ser sido a primeira criatura se n\u00e3o existia a m\u00e3e dele. Como ele poderia ter nascido? Foi a\u00ed\u00ad que, tentando lhe responder, me lembrei de uma conversa que tive com uma amiga, chegamos \u00ed\u00a0 conclus\u00e3o que o homem foi feito do p\u00f3, ou seja, do barro, da terra, s\u00ed\u00admbolo do feminino, onde Deus (c\u00e9u, masculino) soprou e criou a exist\u00eancia humana. Do alto de seus 9 anos, ela fez uma carinha iluminada e disse: Agora sim, eu entendi mais ou menos. Pois acho que eu tamb\u00e9m estou come\u00e7ando a entender mais ou menos.<\/em><\/span><\/p>\n<p style=\"text-align: justify;\"><span style=\"color: #800000;\"><em>Mas de uma coisa eu j\u00e1 come\u00e7o a entender com mais clareza: \u00e9 vital que nossa ess\u00eancia seja resgatada e que a partilha entre as mulheres seja estimulada, se quisermos ter uma representa\u00e7\u00e3o aut\u00eantica da Alma feminina em nosso mundo. S\u00f3 assim nossos filhos n\u00e3o ser\u00e3o mais &#8220;roubados&#8221; pela sociedade para se tornarem os prisioneiros, guardi\u00f5es do portal invis\u00ed\u00advel que nos separa de n\u00f3s mesmas e nos mant\u00e9m banidas.<\/em><\/span><\/p>\n","protected":false},"excerpt":{"rendered":"<p>A Ira Feminina Sandra Moreira Ebisawa Sinto-me dentro de um caldeir\u00e3o, sendo cozinhada atrav\u00e9s dos tempos, com ingredientes do pecado original &#8211; a culpa da decad\u00eancia humana \u00e9 minha, a for\u00e7a poderosa que amedronta, a que destr\u00f3i ou fortalece, sou eu. A responsabilidade de resignificar essa hist\u00f3ria, descobrindo sua ess\u00eancia bem dentro de mim, \u00e9 &hellip; <a href=\"https:\/\/nalua.in\/blog\/a-ira-feminina\/\" class=\"more-link\">Continuar lendo <span class=\"screen-reader-text\">A Ira Feminina<\/span><\/a><\/p>\n","protected":false},"author":1,"featured_media":0,"comment_status":"open","ping_status":"open","sticky":false,"template":"","format":"standard","meta":{"footnotes":""},"categories":[25,26,31],"tags":[],"class_list":["post-957","post","type-post","status-publish","format-standard","hentry","category-feminino","category-feminismo","category-forca"],"_links":{"self":[{"href":"https:\/\/nalua.in\/blog\/wp-json\/wp\/v2\/posts\/957","targetHints":{"allow":["GET"]}}],"collection":[{"href":"https:\/\/nalua.in\/blog\/wp-json\/wp\/v2\/posts"}],"about":[{"href":"https:\/\/nalua.in\/blog\/wp-json\/wp\/v2\/types\/post"}],"author":[{"embeddable":true,"href":"https:\/\/nalua.in\/blog\/wp-json\/wp\/v2\/users\/1"}],"replies":[{"embeddable":true,"href":"https:\/\/nalua.in\/blog\/wp-json\/wp\/v2\/comments?post=957"}],"version-history":[{"count":0,"href":"https:\/\/nalua.in\/blog\/wp-json\/wp\/v2\/posts\/957\/revisions"}],"wp:attachment":[{"href":"https:\/\/nalua.in\/blog\/wp-json\/wp\/v2\/media?parent=957"}],"wp:term":[{"taxonomy":"category","embeddable":true,"href":"https:\/\/nalua.in\/blog\/wp-json\/wp\/v2\/categories?post=957"},{"taxonomy":"post_tag","embeddable":true,"href":"https:\/\/nalua.in\/blog\/wp-json\/wp\/v2\/tags?post=957"}],"curies":[{"name":"wp","href":"https:\/\/api.w.org\/{rel}","templated":true}]}}