{"id":941,"date":"2006-05-02T20:44:00","date_gmt":"2006-05-02T20:44:00","guid":{"rendered":"http:\/\/nalu.wordpress.com\/2006\/05\/02\/meu-querido-e-magro-diario"},"modified":"2006-05-02T20:44:00","modified_gmt":"2006-05-02T20:44:00","slug":"meu-querido-e-magro-diario","status":"publish","type":"post","link":"https:\/\/nalua.in\/blog\/meu-querido-e-magro-diario\/","title":{"rendered":"Meu Querido (e Magro) Di\u00e1rio&#8230;"},"content":{"rendered":"<div style=\"text-align: justify;\">\nEu me dei conta que minha agenda magra me faz muito bem e que eu havia abandonado a <img loading=\"lazy\" decoding=\"async\" class=\"alignleft\" src=\"http:\/\/static.flickr.com\/49\/139128035_544dd43084_m.jpg\" alt=\"005\" width=\"240\" height=\"169\" \/>pobrezinha por\u00c2\u00a0muito tempo. Porque eu me saboto assim, vai entender&#8230; Deve ser realmente coisa de que tem muito medo de ser feliz. Preciso ler de novo o texto do Freud <a target=\"_blank\" rel=\"noopener\">&#8220;Os Arruinados pelo \u00ed\u0160xito&#8221;<\/a>, para tentar descobrir o medo que tenho de ser bonita e atraente. A <a target=\"_blank\" rel=\"noopener\">Luciana<\/a> fez um post sobre isso e foi esse post que me fez pensar no que estou escrevendo agora.E por mais que eu tente n\u00e3o consigo descobrir o que me faz ser assim, me sabotar tanto e tanto. Talvez eu esteja subestimando o esfor\u00e7o de parar de fumar e realmente ainda n\u00e3o tenha reunido for\u00e7as suficientes para o emagrecimento, para o aprendizado. Mas n\u00e3o adianta, porque o meu peso me incomoda e muito. Agora que o cigarro saiu de cena, (ele me incomodava mais que a gordura), eu queria muito emagrecer. 86, 4, parece at\u00e9 que a balan\u00e7a estragou e agarrou neste n\u00famero, que j\u00e1 est\u00e1 ficando cabal\u00ed\u00adstico para mim.<br \/>\n<!--more--><br \/>\nS\u00f3 que o fato \u00e9 que eu n\u00e3o posso desistir, mesmo que eu leve anos e anos. Mas n\u00e3o, eu n\u00e3o vou levar anos e anos, eu n\u00e3o vou jogar minha juventude fora amarrada num corpo que eu simplesmente n\u00e3o consigo curtir. Gostaria muito de conseguir, mas n\u00e3o sou evolu\u00ed\u00adda a este ponto. O que por um lado \u00e9 bom, j\u00e1 que este peso n\u00e3o \u00e9 bom para a sa\u00fade. Enfim&#8230;<br \/>\nEste feriado eu fui pegar a agenda e resolvi atualizar a bonitinha. J\u00e1 estava mais inspirada por causa do lance do mapa, ent\u00e3o eu sai catando um monte de frases de revista, passei um bom peda\u00e7o da tarde recortando e colando e agora a agenda vai andar na bolsa comigo, pra onde eu for, at\u00e9 que eu enfie de vez nessa minha cabe\u00e7a de jaca que eu preciso tomar jeito e vergonha na cara e seguir em frente. E ficou bem legal, tem umas frases muito inspiradoras, \u00e9 bom ficar olhando sempre. Eu escaneei e postei para que voc\u00eas vejam, est\u00e1 l\u00e1 nas minhas <a href=\"http:\/\/www.blogger.com\/%20http:\/\/www.flickr.com\/photos\/levezadeser\/\" target=\"_blank\"\" rel=\"noopener\">&#8220;Fotos do Aprendizado&#8221;<\/a>, para quem quiser ver em tamanho maior. Espero que algu\u00e9m possa aproveitar.<br \/>\nAbaixo seguem algumas p\u00e1ginas. Quem quiser ver mais ou as mesmas maiores \u00e9 s\u00f3 clicar na foto e ir ao flickr.<br \/>\n<a title=\"Photo Sharing\" href=\"http:\/\/www.flickr.com\/photos\/levezadeser\/139128027\/\"><img loading=\"lazy\" decoding=\"async\" src=\"http:\/\/static.flickr.com\/44\/139128027_fd9684ff2e_m.jpg\" alt=\"004\" width=\"240\" height=\"164\" \/><\/a><br \/>\n<a title=\"Photo Sharing\" href=\"http:\/\/www.flickr.com\/photos\/levezadeser\/139128019\/\"><img loading=\"lazy\" decoding=\"async\" src=\"http:\/\/static.flickr.com\/54\/139128019_cbe7c2f8c7_m.jpg\" alt=\"002\" width=\"240\" height=\"164\" \/><\/a>\n<\/div>\n<p><!--more--><\/p>\n","protected":false},"excerpt":{"rendered":"<p>Eu me dei conta que minha agenda magra me faz muito bem e que eu havia abandonado a pobrezinha por\u00c2\u00a0muito tempo. Porque eu me saboto assim, vai entender&#8230; Deve ser realmente coisa de que tem muito medo de ser feliz. Preciso ler de novo o texto do Freud &#8220;Os Arruinados pelo \u00ed\u0160xito&#8221;, para tentar descobrir &hellip; <a href=\"https:\/\/nalua.in\/blog\/meu-querido-e-magro-diario\/\" class=\"more-link\">Continuar lendo <span class=\"screen-reader-text\">Meu Querido (e Magro) Di\u00e1rio&#8230;<\/span><\/a><\/p>\n","protected":false},"author":1,"featured_media":0,"comment_status":"open","ping_status":"open","sticky":false,"template":"","format":"standard","meta":{"footnotes":""},"categories":[24,40],"tags":[],"class_list":["post-941","post","type-post","status-publish","format-standard","hentry","category-eu","category-leveza"],"_links":{"self":[{"href":"https:\/\/nalua.in\/blog\/wp-json\/wp\/v2\/posts\/941","targetHints":{"allow":["GET"]}}],"collection":[{"href":"https:\/\/nalua.in\/blog\/wp-json\/wp\/v2\/posts"}],"about":[{"href":"https:\/\/nalua.in\/blog\/wp-json\/wp\/v2\/types\/post"}],"author":[{"embeddable":true,"href":"https:\/\/nalua.in\/blog\/wp-json\/wp\/v2\/users\/1"}],"replies":[{"embeddable":true,"href":"https:\/\/nalua.in\/blog\/wp-json\/wp\/v2\/comments?post=941"}],"version-history":[{"count":0,"href":"https:\/\/nalua.in\/blog\/wp-json\/wp\/v2\/posts\/941\/revisions"}],"wp:attachment":[{"href":"https:\/\/nalua.in\/blog\/wp-json\/wp\/v2\/media?parent=941"}],"wp:term":[{"taxonomy":"category","embeddable":true,"href":"https:\/\/nalua.in\/blog\/wp-json\/wp\/v2\/categories?post=941"},{"taxonomy":"post_tag","embeddable":true,"href":"https:\/\/nalua.in\/blog\/wp-json\/wp\/v2\/tags?post=941"}],"curies":[{"name":"wp","href":"https:\/\/api.w.org\/{rel}","templated":true}]}}