{"id":91,"date":"2006-10-22T19:29:19","date_gmt":"2006-10-22T22:29:19","guid":{"rendered":"http:\/\/nalu.in\/archives\/91"},"modified":"2023-04-04T23:02:48","modified_gmt":"2023-04-04T23:02:48","slug":"o-1%c2%ba-golpe-de-estado-ja-houve-e-o-2%c2%ba","status":"publish","type":"post","link":"https:\/\/nalua.in\/blog\/o-1%c2%ba-golpe-de-estado-ja-houve-e-o-2%c2%ba\/","title":{"rendered":"O 1\u00ba GOLPE DE ESTADO J\u00c1 HOUVE. E O 2\u00ba?"},"content":{"rendered":"<p><em>Apesar do tom meio terrorista, eu n\u00e3o duvido nada de que seja verdadeiro&#8230;<\/em><\/p>\n<p><strong>O 1\u00ba GOLPE DE ESTADO J\u00c1 HOUVE. E O 2\u00ba?<\/strong><\/p>\n<p class=\"MsoNormal\" style=\"margin: 0cm 0cm 0pt;\"><strong>Paulo Henrique Amorim<\/strong><\/p>\n<p class=\"MsoNormal\" style=\"margin: 0cm 0cm 0pt;\">\n<p class=\"MsoNormal\" style=\"margin: 0cm 0cm 0pt;\" align=\"justify\">Um golpe de Estado levou a elei\u00e7\u00e3o para o segundo turno.<\/p>\n<p align=\"justify\">\n<p class=\"MsoNormal\" style=\"margin: 0cm 0cm 0pt;\" align=\"justify\">\u00c9 o que demonstra de forma irrefut\u00e1vel a reportagem de capa da revista <em>Carta Capital<\/em> que est\u00e1 nas bancas (\u201cA trama que levou ao segundo turno\u201d), de Raimundo Rodrigues Pereira. E merecia um sub-titulo: \u201cA radiografia da imprensa brasileira\u201d.<\/p>\n<div align=\"justify\"><\/div>\n<p class=\"MsoNormal\" style=\"margin: 0cm 0cm 0pt;\" align=\"justify\">Fica ali demonstrado:<\/p>\n<div align=\"justify\"><\/div>\n<p class=\"MsoNormal\" style=\"margin: 0cm 0cm 0pt 36pt; text-indent: -18pt;\" align=\"justify\">1) As equipes de campanha de Alckmin e de Serra (da empresa GW)\u00a0chegaram ao pr\u00e9dio da Pol\u00edcia Federal, em S\u00e3o Paulo, antes dos presos Valdebran Padilha e Gedimar Passos;<\/p>\n<div align=\"justify\"><\/div>\n<p class=\"MsoNormal\" style=\"margin: 0cm 0cm 0pt 36pt; text-indent: -18pt;\" align=\"justify\">2)<span style=\"font-family: 'Times New Roman'; font-style: normal; font-variant: normal; font-weight: normal; font-size: 7pt; line-height: normal; font-size-adjust: none; font-stretch: normal;\">\u00a0\u00a0\u00a0\u00a0\u00a0 <\/span>O delegado Edmilson Bruno tirou fotos do dinheiro de forma ilegal e a distribuiu a jornalistas da <em>Folha de S. Paulo, Estado de S. Paulo,<\/em> do jornal <em>O Globo<\/em> e da r\u00e1dio <em>Jovem Pan<\/em>;<\/p>\n<div align=\"justify\"><\/div>\n<p class=\"MsoNormal\" style=\"margin: 0cm 0cm 0pt 36pt; text-indent: -18pt;\" align=\"justify\">3)<span style=\"font-family: 'Times New Roman'; font-style: normal; font-variant: normal; font-weight: normal; font-size: 7pt; line-height: normal; font-size-adjust: none; font-stretch: normal;\">\u00a0\u00a0\u00a0\u00a0\u00a0 <\/span>O delegado Bruno contou com a cumplicidade dos jornalistas para fazer de conta que as fotos tinham sido roubadas dele;<\/p>\n<div align=\"justify\"><\/div>\n<p class=\"MsoNormal\" style=\"margin: 0cm 0cm 0pt 36pt; text-indent: -18pt;\" align=\"justify\">4) O delegado Bruno procurou um rep\u00f3rter do <em>Jornal Nacional<\/em> para entregar as fotos: \u201cTem de sair \u00e0 noite na tev\u00ea., Tem de sair no <em>Jornal Nacional\u201d;<\/em><\/p>\n<div align=\"justify\"><\/div>\n<p class=\"MsoNormal\" style=\"margin: 0cm 0cm 0pt 36pt; text-indent: -18pt;\" align=\"justify\">5)<span style=\"font-family: 'Times New Roman'; font-style: normal; font-variant: normal; font-weight: normal; font-size: 7pt; line-height: normal; font-size-adjust: none; font-stretch: normal;\">\u00a0\u00a0\u00a0\u00a0\u00a0 <\/span>Toda a conversa do delegado com os jornalistas foi gravada;<\/p>\n<div align=\"justify\"><\/div>\n<p class=\"MsoNormal\" style=\"margin: 0cm 0cm 0pt 36pt; text-indent: -18pt;\" align=\"justify\">6)<span style=\"font-family: 'Times New Roman'; font-style: normal; font-variant: normal; font-weight: normal; font-size: 7pt; line-height: normal; font-size-adjust: none; font-stretch: normal;\">\u00a0\u00a0\u00a0\u00a0\u00a0 <\/span>No dia 29, dois dias antes da elei\u00e7\u00e3o, dia em que caiu o avi\u00e3o da Gol e morreram\u00a0 154 pessoas, o <em>Jornal Nacional<\/em> omitiu a informa\u00e7\u00e3o e se dedicou \u00e0 cobertura da foto do dinheiro;<\/p>\n<div align=\"justify\"><\/div>\n<p class=\"MsoNormal\" style=\"margin: 0cm 0cm 0pt 36pt; text-indent: -18pt;\" align=\"justify\">7)Ali Kamel, \u201cuma esp\u00e9cie de guardi\u00e3o da doutrina da f\u00e9\u201d da Globo, segundo a reportagem, \u00a0recebeu a fita de audio e disse: \u201cN\u00e3o nos interessa ter essa fita. Para todos os efeitos n\u00e3o a temos\u201d, diz Kamel, segundo a reportagem<\/p>\n<div align=\"justify\"><\/div>\n<p class=\"MsoNormal\" style=\"margin: 0cm 0cm 0pt 36pt; text-indent: -18pt;\" align=\"justify\">8)<span style=\"font-family: 'Times New Roman'; font-style: normal; font-variant: normal; font-weight: normal; font-size: 7pt; line-height: normal; font-size-adjust: none; font-stretch: normal;\">\u00a0 \u00a0<\/span>A <em>Globo<\/em> omitiu a informa\u00e7\u00e3o sobre a origem da quest\u00e3o: 70% das 891 ambulancias comercializadas pelos Vedoin foram compradas por Jos\u00e9 Serra e seu homem de confian\u00e7a, e sucessor no Minist\u00e9rio da Sa\u00fade, Barjas Negri.<\/p>\n<div align=\"justify\"><\/div>\n<p class=\"MsoNormal\" style=\"margin: 0cm 0cm 0pt 36pt; text-indent: -18pt;\" align=\"justify\">9)<span style=\"font-family: 'Times New Roman'; font-style: normal; font-variant: normal; font-weight: normal; font-size: 7pt; line-height: normal; font-size-adjust: none; font-stretch: normal;\">\u00a0\u00a0\u00a0\u00a0\u00a0 <\/span>A <em>Globo<\/em> jamais exibiu a foto ou o v\u00eddeo (<a href=\"http:\/\/conversa-afiada.ig.com.br\/materias\/390001-390500\/390162\/390162_1.html\">clique aqui<\/a>)\u00a0em que aparece Jose Serra, em Cuiab\u00e1, numa cerim\u00f4nia de entrega das ambul\u00e2ncias com a fina flor dos sanguessugas;<\/p>\n<div align=\"justify\"><\/div>\n<p class=\"MsoNormal\" style=\"margin: 0cm 0cm 0pt 36pt; text-indent: -18pt;\" align=\"justify\">10)<span style=\"font-family: 'Times New Roman'; font-style: normal; font-variant: normal; font-weight: normal; font-size: 7pt; line-height: normal; font-size-adjust: none; font-stretch: normal;\">\u00a0 <\/span>A imprensa omitiu a informa\u00e7\u00e3o de que o procurador\u00a0 da Rep\u00fablica Mario Lucio Avelar \u00e9 o mesmo do \u201ccaso Lunus\u201d, que detonou a candidatura Roseana Sarney em 2002, para beneficiar Jos\u00e9 Serra. ( A Justi\u00e7a, depois, absolveu Roseana de qualquer crime eleitoral. Mas a campanha j\u00e1 tinha morrido.)<\/p>\n<div align=\"justify\"><\/div>\n<p class=\"MsoNormal\" style=\"margin: 0cm 0cm 0pt 36pt; text-indent: -18pt;\" align=\"justify\">11)<span style=\"font-family: 'Times New Roman'; font-style: normal; font-variant: normal; font-weight: normal; font-size: 7pt; line-height: normal; font-size-adjust: none; font-stretch: normal;\">\u00a0 <\/span>Que o procurado<br \/>\nr \u00e9 o mesmo que mandou prender um diretor do Ibama que depois foi solto e ele, o procurador, admitiu que n\u00e3o deveria ter mandado prender;<\/p>\n<div align=\"justify\"><\/div>\n<p class=\"MsoNormal\" style=\"margin: 0cm 0cm 0pt 36pt; text-indent: -18pt;\" align=\"justify\">12)<span style=\"font-family: 'Times New Roman'; font-style: normal; font-variant: normal; font-weight: normal; font-size: 7pt; line-height: normal; font-size-adjust: none; font-stretch: normal;\">\u00a0 <\/span>Que o procurador Avelar mandou prender os suspeitos do caso do dossi\u00ea em plena vig\u00eancia da lei eleitoral, que s\u00f3 deixa prender em flagrante de delito.<\/p>\n<div align=\"justify\"><\/div>\n<p class=\"MsoNormal\" style=\"margin: 0cm 0cm 0pt 36pt; text-indent: -18pt;\" align=\"justify\">13)<span style=\"font-family: 'Times New Roman'; font-style: normal; font-variant: normal; font-weight: normal; font-size: 7pt; line-height: normal; font-size-adjust: none; font-stretch: normal;\">\u00a0 <\/span>Que o Procurador Avelar declarou: \u201cVeja bem, estamos falando de um partido pol\u00edtico (o PT) que tem o comando do pa\u00eds. N\u00e3o tem mais nada. S\u00f3 o Pa\u00eds. Pode sair de onde o dinheiro ?\u201d<\/p>\n<div align=\"justify\"><\/div>\n<p class=\"MsoNormal\" style=\"margin: 0cm 0cm 0pt 36pt; text-indent: -18pt;\" align=\"justify\">14)<span style=\"font-family: 'Times New Roman'; font-style: normal; font-variant: normal; font-weight: normal; font-size: 7pt; line-height: normal; font-size-adjust: none; font-stretch: normal;\">\u00a0 <\/span>A reportagem de Raimundo Rodrigues Pereira conclui: \u201cOs petistas j\u00e1 foram presos, agora trata-se de achar os crimes que possam ter cometido.\u201d<\/p>\n<div align=\"justify\"><\/div>\n<div align=\"justify\"><\/div>\n<p class=\"MsoNormal\" style=\"margin: 0cm 0cm 0pt;\" align=\"justify\">Na mesma edi\u00e7\u00e3o da revista <em>Carta Capital<\/em>, ao analisar uma pesquisa da Vox Populi, que Lula tem 55%, contra 45% de Alckmin, Mauricio Dias diz: \u201c &#8230; dois fatos tiraram Lula do curso da vit\u00f3ria (no primeiro turno). O esc\u00e2ndalo provocado por petistas envolvidos na compra do dossi\u00ea\u00a0 da familia Vedoin &#8230; e secundariamente o debate promovido pela <em>TV Globo<\/em> ao qual o presidente n\u00e3o compareceu.\u201d<\/p>\n<div align=\"justify\"><\/div>\n<p class=\"MsoNormal\" style=\"margin: 0cm 0cm 0pt;\" align=\"justify\">Quer dizer: o\u00a0 golpe funcionou.<\/p>\n<div align=\"justify\"><\/div>\n<p class=\"MsoNormal\" style=\"margin: 0cm 0cm 0pt;\" align=\"justify\">Mino Carta, o diretor de reda\u00e7\u00e3o da <em>Carta Capital<\/em>, diz em seu blog, aqui no IG (<a href=\"http:\/\/blogdomino.blig.ig.com.br\/\">http:\/\/blogdomino.blig.ig.com.br\/<\/a>), que houve uma reedi\u00e7\u00e3o do golpe de 89, dado com a m\u00e3o de gato da <em>Globo<\/em>, para beneficiar Collor contra Lula. \u201c<span style=\"font-size: 9pt; color: #7e7e7e; font-family: 'Trebuchet MS';\">A <\/span><span style=\"font-size: 9pt; color: #7e7e7e; font-family: 'Trebuchet MS';\">trama<\/span> <span style=\"font-size: 9pt; color: #7e7e7e; font-family: 'Trebuchet MS';\">atual<\/span><span style=\"font-size: 9pt; color: #7e7e7e; font-family: 'Trebuchet MS';\"> tem <\/span><span style=\"font-size: 9pt; color: #7e7e7e; font-family: 'Trebuchet MS';\">sabor<\/span> <span style=\"font-size: 9pt; color: #7e7e7e; font-family: 'Trebuchet MS';\">igual<\/span><span style=\"font-size: 9pt; color: #7e7e7e; font-family: 'Trebuchet MS';\">, \u00e9 <\/span><span style=\"font-size: 9pt; color: #7e7e7e; font-family: 'Trebuchet MS';\">mais<\/span><span style=\"font-size: 9pt; color: #7e7e7e; font-family: 'Trebuchet MS';\"> sut\u00edl, <\/span><span style=\"font-size: 9pt; color: #7e7e7e; font-family: 'Trebuchet MS';\">por\u00e9m<\/span><span style=\"font-size: 9pt; color: #7e7e7e; font-family: 'Trebuchet MS';\">. <\/span><span style=\"font-size: 9pt; color: #7e7e7e; font-family: 'Trebuchet MS';\">Mais<\/span> <span style=\"font-size: 9pt; color: #7e7e7e; font-family: 'Trebuchet MS';\">velhaca<\/span><span style=\"font-size: 9pt; color: #7e7e7e; font-family: 'Trebuchet MS';\">,\u201d\u00a0 <\/span><span style=\"color: #7e7e7e;\">\u00a0\u00a0<\/span><span style=\"color: black;\">diz Mino.<\/span><\/p>\n<p class=\"MsoNormal\" style=\"margin: 0cm 0cm 0pt;\" align=\"justify\"><span style=\"color: black;\">\u00a0<\/span><\/p>\n<p class=\"MsoNormal\" style=\"margin: 0cm 0cm 0pt;\" align=\"justify\"><span style=\"color: black;\">Permito-me <\/span><span style=\"color: black;\">acrescentar<\/span> <span style=\"color: black;\">outro<\/span> <span style=\"color: black;\">exemplo<\/span><span style=\"color: black;\">.<\/span><\/p>\n<p class=\"MsoNormal\" style=\"margin: 0cm 0cm 0pt;\" align=\"justify\"><span style=\"color: black;\">\u00a0<\/span><\/p>\n<p class=\"MsoNormal\" style=\"margin: 0cm 0cm 0pt;\" align=\"justify\"><span style=\"color: black;\">Em<\/span><span style=\"color: black;\"> 1982, no <\/span><span style=\"color: black;\">Rio<\/span><span style=\"color: black;\">, <\/span><span style=\"color: black;\">quase<\/span><span style=\"color: black;\"> tomaram a <\/span><span style=\"color: black;\">elei\u00e7\u00e3o<\/span> <span style=\"color: black;\">para<\/span> <span style=\"color: black;\">Governador<\/span><span style=\"color: black;\"> de Leonel Brizola. Os <\/span><span style=\"color: black;\">militares<\/span><span style=\"color: black;\">, o SNI, e a <\/span><span style=\"color: black;\">Policia <\/span><span style=\"color: black;\">Federal<\/span><span style=\"color: black;\"> (<\/span><span style=\"color: black;\">como<\/span><span style=\"color: black;\"> o <\/span><span style=\"color: black;\">delegado<\/span><span style=\"color: black;\"> Bruno, <\/span><span style=\"color: black;\">agora<\/span><span style=\"color: black;\">, <\/span><span style=\"color: black;\">em<\/span><span style=\"color: black;\"> 2006) escolheram uma <\/span><span style=\"color: black;\">empresa<\/span><span style=\"color: black;\"> de <\/span><span style=\"color: black;\">computador<\/span> <span style=\"color: black;\">para<\/span> <span style=\"color: black;\">tirar<\/span> <span style=\"color: black;\">votos<\/span><span style=\"color: black;\"> de Brizola e <\/span><span style=\"color: black;\">dar<\/span><span style=\"color: black;\"> ao <\/span><span style=\"color: black;\">candidato<\/span><span style=\"color: black;\"> dos <\/span><span style=\"color: black;\">militares<\/span><span style=\"color: black;\">, Wellington Moreira <\/span><span style=\"color: black;\">Franco<\/span><span style=\"color: black;\">. O <\/span><span style=\"color: black;\">golpe<\/span> <span style=\"color: black;\">era<\/span> <span style=\"color: black;\">quase<\/span> <span style=\"color: black;\">perfeito<\/span><span style=\"color: black;\">, <\/span><span style=\"color: black;\">porque&lt;\/span &gt;<span style=\"color: black;\"> contava <\/span><span style=\"color: black;\">tamb\u00e9m<\/span> <span style=\"color: black;\">com<\/span><span style=\"color: black;\"> a <\/span><span style=\"color: black;\">cumplicidade<\/span><span style=\"color: black;\"> de <\/span><span style=\"color: black;\">parte<\/span><span style=\"color: black;\"> de <\/span><span style=\"color: black;\">Justi\u00e7a<\/span> <span style=\"color: black;\">Eleitoral<\/span><span style=\"color: black;\"> e, <\/span><span style=\"color: black;\">com<\/span> <span style=\"color: black;\">quem<\/span> <span style=\"color: black;\">mais<\/span><span style=\"color: black;\">? <\/span><span style=\"color: black;\">Quem<\/span> <span style=\"color: black;\">mais<\/span><span style=\"color: black;\">?<\/span><\/span><\/p>\n<div align=\"justify\"><\/div>\n<p class=\"MsoNormal\" style=\"margin: 0cm 0cm 0pt;\" align=\"justify\"><span style=\"color: black;\">\u00a0<\/span><span style=\"color: black;\">O <\/span><span style=\"color: black;\">golpe<\/span><span style=\"color: black;\"> contava <\/span><span style=\"color: black;\">com<\/span><span style=\"color: black;\"> as <\/span><em><span style=\"color: black;\">Organiza\u00e7\u00f5es<\/span> <span style=\"color: black;\">Globo<\/span><\/em><span style=\"color: black;\"> (<\/span><span style=\"color: black;\">tev\u00ea<\/span><span style=\"color: black;\">, r\u00e1dio e <\/span><span style=\"color: black;\">jornal<\/span><span style=\"color: black;\">, <\/span><span style=\"color: black;\">como<\/span> <span style=\"color: black;\">agora<\/span><span style=\"color: black;\">) <\/span><span style=\"color: black;\">que<\/span><span style=\"color: black;\"> coonestaram o <\/span><span style=\"color: black;\">resultado<\/span> <span style=\"color: black;\">fraudulento<\/span><span style=\"color: black;\"> e preparam a <\/span><span style=\"color: black;\">opini\u00e3o<\/span><span style=\"color: black;\"> p\u00fablica <\/span><span style=\"color: black;\">para<\/span><span style=\"color: black;\"> a <\/span><span style=\"color: black;\">fraude<\/span> <span style=\"color: black;\">gigantesca<\/span><span style=\"color: black;\">.<\/span><\/p>\n<div align=\"justify\"><\/div>\n<div align=\"justify\"><\/div>\n<p class=\"MsoNormal\" style=\"margin: 0cm 0cm 0pt;\" align=\"justify\"><span style=\"color: black;\">Que<\/span> <span style=\"color: black;\">s\u00f3<\/span> <span style=\"color: black;\">n\u00e3o<\/span><span style=\"color: black;\"> aconteceu, <\/span><span style=\"color: black;\">porque<\/span><span style=\"color: black;\"> Brizola \u201cganhou a <\/span><span style=\"color: black;\">elei\u00e7\u00e3o<\/span><span style=\"color: black;\"> duas <\/span><span style=\"color: black;\">vezes<\/span><span style=\"color: black;\">: na <\/span><span style=\"color: black;\">lei<\/span><span style=\"color: black;\"> e na <\/span><span style=\"color: black;\">marra<\/span><span style=\"color: black;\">\u201d, <\/span><span style=\"color: black;\">como<\/span><span style=\"color: black;\">, modestamente, escrevi no <\/span><span style=\"color: black;\">livro<\/span><span style=\"color: black;\"> \u201cPlim-Plim \u2013 a <\/span><span style=\"color: black;\">peleja<\/span><span style=\"color: black;\"> de Brizola <\/span><span style=\"color: black;\">contra<\/span><span style=\"color: black;\"> a <\/span><span style=\"color: black;\">fraude<\/span> <span style=\"color: black;\">eleitoral<\/span><span style=\"color: black;\">\u201d, <\/span><span style=\"color: black;\">editora<\/span><span style=\"color: black;\"> Conrad, <\/span><span style=\"color: black;\">em<\/span> <span style=\"color: black;\">companhia<\/span><span style=\"color: black;\"> da <\/span><span style=\"color: black;\">jornalista<\/span><span style=\"color: black;\"> Maria <\/span><span style=\"color: black;\">Helena<\/span> <span style=\"color: black;\">Passos<\/span><span style=\"color: black;\">.<\/span><\/p>\n<p class=\"MsoNormal\" style=\"margin: 0cm 0cm 0pt;\" align=\"justify\"><span style=\"color: black;\">\u00a0<\/span><\/p>\n<p class=\"MsoNormal\" style=\"margin: 0cm 0cm 0pt;\" align=\"justify\"><span style=\"color: black;\">Est\u00e1 <\/span><span style=\"color: black;\">tudo<\/span> <span style=\"color: black;\">pronto<\/span> <span style=\"color: black;\">para<\/span><span style=\"color: black;\"> o <\/span><span style=\"color: black;\">segundo<\/span> <span style=\"color: black;\">golpe<\/span><span style=\"color: black;\">.<\/span><\/p>\n<p class=\"MsoNormal\" style=\"margin: 0cm 0cm 0pt;\" align=\"justify\"><span style=\"color: black;\">\u00a0<\/span><\/p>\n<p class=\"MsoNormal\" style=\"margin: 0cm 0cm 0pt;\" align=\"justify\"><span style=\"color: black;\">O <\/span><span style=\"color: black;\">Procurador<\/span> <span style=\"color: black;\">Avelar<\/span><span style=\"color: black;\"> est\u00e1 <\/span><span style=\"color: black;\">l\u00e1<\/span><span style=\"color: black;\">.<\/span><\/p>\n<div align=\"justify\"><\/div>\n<p class=\"MsoNormal\" style=\"margin: 0cm 0cm 0pt;\" align=\"justify\"><span style=\"color: black;\">Quantos<\/span> <span style=\"color: black;\">outros<\/span> <span style=\"color: black;\">delegados<\/span><span style=\"color: black;\"> Bruno h\u00e1 na <\/span><span style=\"color: black;\">Policia <\/span><span style=\"color: black;\">Federal<\/span><span style=\"color: black;\"> (de <\/span><span style=\"color: black;\">S\u00e3o<\/span><span style=\"color: black;\"> Paulo, de <\/span><span style=\"color: black;\">S\u00e3o<\/span><span style=\"color: black;\"> Paulo !).<\/span><\/p>\n<p class=\"MsoNormal\" style=\"margin: 0cm 0cm 0pt;\" align=\"justify\"><span style=\"color: black;\">\u00a0<\/span><\/p>\n<p class=\"MsoNormal\" style=\"margin: 0cm 0cm 0pt;\" align=\"justify\"><span style=\"color: black;\">A <\/span><span style=\"color: black;\">urna<\/span> <span style=\"color: black;\">eletr\u00f4nica<\/span><span style=\"color: black;\"> no Brasil \u00e9 <\/span><span style=\"color: black;\">um<\/span> <span style=\"color: black;\">convite<\/span><span style=\"color: black;\"> \u00e0 <\/span><span style=\"color: black;\">fraude<\/span><span style=\"color: black;\">. Depende da <\/span><span style=\"color: black;\">vontade<\/span><span style=\"color: black;\"> do <\/span><span style=\"color: black;\">programador<\/span><span style=\"color: black;\">. <\/span><span style=\"color: black;\">N\u00e3o<\/span><span style=\"color: black;\"> tem a contra-prova <\/span><span style=\"color: black;\">f\u00edsica<\/span><span style=\"color: black;\"> do <\/span><span style=\"color: black;\">voto<\/span><span style=\"color: black;\"> do <\/span><span style=\"color: black;\">eleitor<\/span><span style=\"color: black;\">. Brizola aprendeu a <\/span><span style=\"color: black;\">amarga<\/span> <span style=\"color: black;\">li\u00e7\u00e3o<\/span><span style=\"color: black;\"> de 82 e passou <\/span><span style=\"color: black;\">resto<\/span><span style=\"color: black;\"> da <\/span><span style=\"color: black;\">vida<\/span><span style=\"color: black;\"> a se <\/span><span style=\"color: black;\">perguntar<\/span><span style=\"color: black;\">: \u201c<\/span><span style=\"color: black;\">Cad\u00ea<\/span><span style=\"color: black;\"> o papelzinho ?\u201d, <\/span><span style=\"color: black;\">que<\/span><span style=\"color: black;\"> permite a <\/span><span style=\"color: black;\">recontagem<\/span><span style=\"color: black;\"> do <\/span><span style=\"color: black;\">voto<\/span><span style=\"color: black;\"> ?<\/span><\/p>\n<div align=\"justify\"><\/div>\n<p class=\"MsoNormal\" style=\"margin: 0cm 0cm 0pt;\" align=\"justify\"><span style=\"color: black;\">E se for <\/span><span style=\"color: black;\">tudo<\/span> <span style=\"color: black;\">parar<\/span><span style=\"color: black;\"> na <\/span><span style=\"color: black;\">Justi\u00e7a<\/span> <span style=\"color: black;\">Eleitoral<\/span><span style=\"color: black;\">? O <\/span><span style=\"color: black;\">presidente<\/span><span style=\"color: black;\"> do TSE, <\/span><span style=\"color: black;\">ministro<\/span> <span style=\"color: black;\">Marco<\/span><span style=\"color: black;\"> Aur\u00e9lio Mello <\/span><span style=\"color: black;\">j\u00e1<\/span><span style=\"color: black;\"> deixou <\/span><span style=\"color: black;\">luminosamente<\/span> <span style=\"color: black;\">claro<\/span><span style=\"color: black;\">, nas <\/span><span style=\"color: black;\">centenas<\/span><span style=\"color: black;\"> de <\/span><span style=\"color: black;\">entrevistas<\/span> <span style=\"color: black;\">semanais<\/span> <span style=\"color: black;\">que<\/span><span style=\"color: black;\"> concede a <\/span><span style=\"color: black;\">quem<\/span> <span style=\"color: black;\">bater<\/span><span style=\"color: black;\"> \u00e0 <\/span><span style=\"color: black;\">sua<\/span> <span style=\"color: black;\">porta<\/span><span style=\"color: black;\">, <\/span><span style=\"color: black;\">que<\/span><span style=\"color: black;\"> \u00e9 <\/span><span style=\"color: black;\">favor<\/span><span style=\"color: black;\"> da <\/span><span style=\"color: black;\">candidatura<\/span><span style=\"color: black;\"> Alckmin.<\/span><\/p>\n<p class=\"MsoNormal\" style=\"margin: 0cm 0cm 0pt;\" align=\"justify\"><span style=\"color: black;\">\u00a0<\/span><\/p>\n<p align=\"justify\"><span style=\"color: black;\">E o <\/span><span style=\"color: black;\">segundo<\/span> <span style=\"color: black;\">golpe<\/span><span style=\"color: black;\">? Est\u00e1 a <\/span><span style=\"color: black;\">caminho<\/span><span style=\"color: black;\">. As <\/span><span style=\"color: black;\">peruas<\/span><span style=\"color: black;\"> da GW <\/span><span style=\"color: black;\">j\u00e1<\/span><span style=\"color: black;\"> sa\u00edram da <\/span><span style=\"color: black;\">garagem<\/span><span style=\"color: black;\">.<\/span><\/p>\n<p><em>Fonte:<\/em> http:\/\/conversa-afiada.ig.com.br\/materias\/394501-395000\/394778\/394778_1.html<\/p>\n<p>&nbsp;<\/p>\n","protected":false},"excerpt":{"rendered":"<p>Apesar do tom meio terrorista, eu n\u00e3o duvido nada de que seja verdadeiro&#8230; O 1\u00ba GOLPE DE ESTADO J\u00c1 HOUVE. E O 2\u00ba? Paulo Henrique Amorim Um golpe de Estado levou a elei\u00e7\u00e3o para o segundo turno. \u00c9 o que demonstra de forma irrefut\u00e1vel a reportagem de capa da revista Carta Capital que est\u00e1 nas &hellip; <a href=\"https:\/\/nalua.in\/blog\/o-1%c2%ba-golpe-de-estado-ja-houve-e-o-2%c2%ba\/\" class=\"more-link\">Continuar lendo <span class=\"screen-reader-text\">O 1\u00ba GOLPE DE ESTADO J\u00c1 HOUVE. E O 2\u00ba?<\/span><\/a><\/p>\n","protected":false},"author":1,"featured_media":0,"comment_status":"open","ping_status":"open","sticky":false,"template":"","format":"standard","meta":{"footnotes":""},"categories":[61],"tags":[],"class_list":["post-91","post","type-post","status-publish","format-standard","hentry","category-para-tudo"],"_links":{"self":[{"href":"https:\/\/nalua.in\/blog\/wp-json\/wp\/v2\/posts\/91","targetHints":{"allow":["GET"]}}],"collection":[{"href":"https:\/\/nalua.in\/blog\/wp-json\/wp\/v2\/posts"}],"about":[{"href":"https:\/\/nalua.in\/blog\/wp-json\/wp\/v2\/types\/post"}],"author":[{"embeddable":true,"href":"https:\/\/nalua.in\/blog\/wp-json\/wp\/v2\/users\/1"}],"replies":[{"embeddable":true,"href":"https:\/\/nalua.in\/blog\/wp-json\/wp\/v2\/comments?post=91"}],"version-history":[{"count":3,"href":"https:\/\/nalua.in\/blog\/wp-json\/wp\/v2\/posts\/91\/revisions"}],"predecessor-version":[{"id":164991,"href":"https:\/\/nalua.in\/blog\/wp-json\/wp\/v2\/posts\/91\/revisions\/164991"}],"wp:attachment":[{"href":"https:\/\/nalua.in\/blog\/wp-json\/wp\/v2\/media?parent=91"}],"wp:term":[{"taxonomy":"category","embeddable":true,"href":"https:\/\/nalua.in\/blog\/wp-json\/wp\/v2\/categories?post=91"},{"taxonomy":"post_tag","embeddable":true,"href":"https:\/\/nalua.in\/blog\/wp-json\/wp\/v2\/tags?post=91"}],"curies":[{"name":"wp","href":"https:\/\/api.w.org\/{rel}","templated":true}]}}