{"id":850,"date":"2010-12-30T10:51:11","date_gmt":"2010-12-30T12:51:11","guid":{"rendered":"http:\/\/levezadoser.blog.br\/?p=850"},"modified":"2010-12-30T10:51:11","modified_gmt":"2010-12-30T12:51:11","slug":"mesmo-que-doa","status":"publish","type":"post","link":"https:\/\/nalua.in\/blog\/mesmo-que-doa\/","title":{"rendered":"Mesmo que doa, Maria"},"content":{"rendered":"<p>&nbsp;<\/p>\n<p style=\"text-align: center;\"><em><strong><a href=\"https:\/\/nalua.in\/blog\/wp-content\/uploads\/2010\/12\/365.jpg\"><img loading=\"lazy\" decoding=\"async\" class=\"alignleft  wp-image-2543\" src=\"https:\/\/nalua.in\/blog\/wp-content\/uploads\/2010\/12\/365.jpg\" alt=\"365\" width=\"205\" height=\"166\" srcset=\"https:\/\/nalua.in\/blog\/wp-content\/uploads\/2010\/12\/365.jpg 410w, https:\/\/nalua.in\/blog\/wp-content\/uploads\/2010\/12\/365-300x243.jpg 300w\" sizes=\"auto, (max-width: 205px) 100vw, 205px\" \/><\/a>A<\/strong><\/em><em><strong>trasos do acaso<\/strong><\/em><\/p>\n<p style=\"text-align: center;\"><em><strong> Cuidados<\/strong><\/em><em><strong><br \/>\n<\/strong><\/em><em><strong> Que n\u00e3o quero mais<\/strong><\/em><em><strong><br \/>\n<\/strong><\/em><em><strong> O que era para vir<\/strong><\/em><em><strong><br \/>\n<\/strong><\/em><em><strong> Veio tarde<\/strong><\/em><em><strong><br \/>\n<\/strong><\/em><em><strong> E essa tarde n\u00e3o sabe<\/strong><\/em><em><strong><br \/>\n<\/strong><\/em><em><strong> Do que o acaso \u00e9 capaz \u00e2\u20ac\u00a6<\/strong><\/em><\/p>\n<p style=\"text-align: center;\"><em><strong>Paulo Leminski<\/strong><\/em><\/p>\n<p><em><strong>=====<\/strong><\/em><br \/>\nVou zerar esse blog. Come\u00e7ar do zero, como se nada estivesse dito aqui. Come\u00e7ar o ano sem o peso nem dos velhos escritos.<br \/>\nN\u00e3o vou entrar os 40 anos nesse peso, vou entrar mais leve e o primeiro baby step \u00e9 esse. Semana que vem, no novo ano eu volto.<br \/>\nFeliz 2011. Que \u00c2\u00a0seja leve. Para todo mundo que por acaso leia este blog.<\/p>\n","protected":false},"excerpt":{"rendered":"<p>&nbsp; Atrasos do acaso Cuidados Que n\u00e3o quero mais O que era para vir Veio tarde E essa tarde n\u00e3o sabe Do que o acaso \u00e9 capaz \u00e2\u20ac\u00a6 Paulo Leminski ===== Vou zerar esse blog. Come\u00e7ar do zero, como se nada estivesse dito aqui. Come\u00e7ar o ano sem o peso nem dos velhos escritos. N\u00e3o &hellip; <a href=\"https:\/\/nalua.in\/blog\/mesmo-que-doa\/\" class=\"more-link\">Continuar lendo <span class=\"screen-reader-text\">Mesmo que doa, Maria<\/span><\/a><\/p>\n","protected":false},"author":1,"featured_media":0,"comment_status":"open","ping_status":"open","sticky":false,"template":"","format":"standard","meta":{"footnotes":""},"categories":[76],"tags":[],"class_list":["post-850","post","type-post","status-publish","format-standard","hentry","category-retrospecto"],"_links":{"self":[{"href":"https:\/\/nalua.in\/blog\/wp-json\/wp\/v2\/posts\/850","targetHints":{"allow":["GET"]}}],"collection":[{"href":"https:\/\/nalua.in\/blog\/wp-json\/wp\/v2\/posts"}],"about":[{"href":"https:\/\/nalua.in\/blog\/wp-json\/wp\/v2\/types\/post"}],"author":[{"embeddable":true,"href":"https:\/\/nalua.in\/blog\/wp-json\/wp\/v2\/users\/1"}],"replies":[{"embeddable":true,"href":"https:\/\/nalua.in\/blog\/wp-json\/wp\/v2\/comments?post=850"}],"version-history":[{"count":0,"href":"https:\/\/nalua.in\/blog\/wp-json\/wp\/v2\/posts\/850\/revisions"}],"wp:attachment":[{"href":"https:\/\/nalua.in\/blog\/wp-json\/wp\/v2\/media?parent=850"}],"wp:term":[{"taxonomy":"category","embeddable":true,"href":"https:\/\/nalua.in\/blog\/wp-json\/wp\/v2\/categories?post=850"},{"taxonomy":"post_tag","embeddable":true,"href":"https:\/\/nalua.in\/blog\/wp-json\/wp\/v2\/tags?post=850"}],"curies":[{"name":"wp","href":"https:\/\/api.w.org\/{rel}","templated":true}]}}