{"id":848,"date":"2009-12-12T14:37:21","date_gmt":"2009-12-12T17:37:21","guid":{"rendered":"http:\/\/nalu.in\/848"},"modified":"2009-12-12T14:37:21","modified_gmt":"2009-12-12T17:37:21","slug":"nascimento-do-gael-parte-i","status":"publish","type":"post","link":"https:\/\/nalua.in\/blog\/nascimento-do-gael-parte-i\/","title":{"rendered":"Nascimento do Gael  parte I"},"content":{"rendered":"<div id=\"xgsf\" style=\"text-align: left;\"><img loading=\"lazy\" decoding=\"async\" style=\"text-align: center; width: 300px; display: block; margin-bottom: 5px; height: 198px;\" src=\"http:\/\/nalu.blog.br\/imagens\/Dsc03451pp.jpg\" alt=\"\" width=\"300\" height=\"198\" \/><\/div>\n<p style=\"text-align: justify;\">Hoje meu beb\u00ea faz um m\u00eas. Nem preciso dizer como passou r\u00e1pido. Mesmo com tanta peleja com amamenta\u00e7\u00e3o, passou r\u00e1pido demais.<\/p>\n<p style=\"text-align: justify;\">Eu preciso escrever o relato, a hist\u00f3ria da gravidez, que foi super cheia de altos e baixos. Preciso contar como come\u00e7ou a hist\u00f3ria do meu ca\u00e7ula, pra registrar para mim e para ele. Com o Tat\u00e1 eu n\u00e3o fiz e hoje muitos detalhes, muita coisa me escapa, eu preciso ficar reconstruindo. E agora quero fazer, porque acho que ele vai gostar de saber que teve um nascimento t\u00e3o bonito e diferente. E porque o parto dele foi a experi\u00eancia mais louca que eu tive na minha vida. Assim como a amamenta\u00e7\u00e3o est\u00e1 sendo a coisa mais dif\u00ed\u00adcil que eu j\u00e1 fiz.<\/p>\n<p style=\"text-align: justify;\">.<\/p>\n<p style=\"text-align: justify;\"><img loading=\"lazy\" decoding=\"async\" style=\"width: 295px; display: inline; margin-bottom: 5px; float: right; height: 227px; margin-left: 5px;\" src=\"http:\/\/nalu.blog.br\/imagens\/DSC04028_1.jpg\" alt=\"\" width=\"295\" height=\"227\" \/>Vou contando, aos poucos, depois re\u00fano tudo como numa colcha de retalhos.<\/p>\n<p style=\"text-align: justify;\">.<\/p>\n<p style=\"text-align: justify;\">Segue um pouquinho da hist\u00f3ria e aproveito o pretexto e o pre\u00e2mbulo (hohoho) para agradecer a algumas amigas querid\u00ed\u00adssimas que t\u00e3o importantes foram pra mim nesse per\u00ed\u00adodo.<\/p>\n<p style=\"text-align: justify;\">=====<\/p>\n<p style=\"text-align: justify;\">.<\/p>\n<p style=\"text-align: justify;\"><img loading=\"lazy\" decoding=\"async\" style=\"width: 300px; display: inline; margin-bottom: 5px; float: left; height: 240px; margin-right: 5px;\" src=\"http:\/\/nalu.blog.br\/imagens\/angeldanidenise.jpg\" alt=\"\" width=\"300\" height=\"240\" \/>Eu nunca quis ser m\u00e3e. At\u00e9 conhecer marido e casar. Ai veio a vontade, o rel\u00f3gio biol\u00f3gico tocou e tal. Depois de um ano e pouco de casados resolvemos ter um filho. E engravidar foi f\u00e1cil, mais f\u00e1cil o que eu pensava. Com isso comecei a ver um mundo novo todinho na minha frente. Eu descobri o mundo da gravidez, parto e afins. E descobri o quanto gostava do assunto. Que tem tudo a ver com outro tema que me apaixona, o feminino. E tamb\u00e9m com o fato de que eu sou neta, bisneta e tataraneta de parteiras, dos dois lado.<\/p>\n<p style=\"text-align: justify;\">.<\/p>\n<p style=\"text-align: justify;\">Quando o Tat\u00e1, meu primeiro filho nasceu eu descobri as listas de parto, de maternidade e eu continuei amando esse assunto e sai da maternidade j\u00e1 querendo outro filho. Eu que nunca tive muita afinidade com crian\u00e7a, nunca fui do tipo que brinca e faz cuti cuti com crian\u00e7as, que n\u00e3o sacava nada do universo infantil&#8230; Nunca imaginei que pudesse amar tanto ter filhos, que ganhar um filho \u00e9 ganhar mais um amor. E amor \u00e9 o que faz a vida valer \u00ed\u00a0 pena&#8230;<\/p>\n<p style=\"text-align: justify;\">.<\/p>\n<p style=\"text-align: justify;\">E com o nascimento do Tat\u00e1 eu me sentia bem de ter conseguido dar um nascimento legal pra ele, mesmo tendo tido uma gravidez de alto risco, com pr\u00e9 eclampsia, diabetes gestacional e etc&#8230; tanto problema. Por v\u00e1rios motivos, fomos adiando a segunda gravidez, at\u00e9 2008, qunado sentimos estarmos prontos pra outra empreitada. <img loading=\"lazy\" decoding=\"async\" style=\"width: 287px; display: inline; margin-bottom: 5px; float: right; height: 197px; margin-left: 5px;\" src=\"http:\/\/nalu.blog.br\/imagens\/greicebibi.jpg\" alt=\"\" width=\"287\" height=\"197\" \/>At\u00e9 come\u00e7amos a tentar, mas a\u00ed\u00ad paramos porque eu voltei a fumar.<\/p>\n<p style=\"text-align: justify;\">.<\/p>\n<p style=\"text-align: justify;\">Mas logo no come\u00e7o de 2009 deu o clique e do dia 13 para 14 de fevereiro de 2009 eu engravidei. Esse dia tem um simbolismo muito bonito. Apesar de contestado, \u00e9 considerado por alguns a porta de abertura da era de aqu\u00e1rio. \u00c9 o dia em que aconteceu de fato as configura\u00e7\u00f5es astrais que o filme Hair fala (<em>When the moon is in the Seventh House And Jupiter aligns with Mars Then peace will guide the planets And love will steer the stars<\/em>.)<\/p>\n<p style=\"text-align: justify;\">.<\/p>\n<p style=\"text-align: justify;\"><img loading=\"lazy\" decoding=\"async\" style=\"display: inline; margin-bottom: 5px; float: left; margin-right: 5px;\" src=\"http:\/\/nalu.blog.br\/imagens\/aleangeldani.jpg\" alt=\"\" width=\"300\" height=\"234\" \/>E coincidentemente \u00e9 anivers\u00e1rio de uma bisav\u00f3 que eu tive, uma parteira e benzedeira de m\u00e3o cheia, conhecida em toda cidade que viveu, e cuja morte paralisou essa cidade e rendeu homenagens lind\u00ed\u00adssimas. E cuja reencarna\u00e7\u00e3o veio sendo alardeada para alguns membros da minha fam\u00ed\u00adlia&#8230;<\/p>\n<p style=\"text-align: justify;\">.<img loading=\"lazy\" decoding=\"async\" style=\"display: inline; margin-bottom: 5px; float: right; margin-left: 5px;\" src=\"http:\/\/nalu.blog.br\/imagens\/demarcia.jpg\" alt=\"\" width=\"300\" height=\"225\" \/><\/p>\n<p style=\"text-align: justify;\">Mas eu n\u00e3o sabia que estava gr\u00e1vida ainda.<\/p>\n<p style=\"text-align: justify;\">.<br \/>\nO que acontece \u00e9 que por causa da maternidade eu acabei conhecendo umas meninas muito porretas, umas meninas que hoje s\u00e3o minhas amigas de alma e cora\u00e7\u00e3o. Conheci essas meninas atrav\u00e9s do livro de visitas do blog <a id=\"blbq\" title=\"mothern\" name=\"blbq\" href=\"http:\/\/mothern.blogspot.com\" target=\"_blank\" rel=\"noopener\">mothern<\/a>. E mesmo depois do decl\u00ed\u00adnio da conviv\u00eancia atrav\u00e9s do <a id=\"t2.3\" title=\"livro de visitas\" name=\"t2.3\" href=\"http:\/\/muriloq.com\/mothern\" target=\"_blank\" rel=\"noopener\">livro de visitas<\/a>, n\u00f3s continuamos a conviver diariamente.<\/p>\n<p style=\"text-align: justify;\">.<\/p>\n<p style=\"text-align: justify;\">E um dia, numa das muitas conversas di\u00e1rias que temos, eu comentei que estava atrasada e que tinha feito o teste de farm\u00e1cia e que tinha aparecido uma linha fraquinha demais, quase impercept\u00ed\u00advel. E foi um au\u00ea, elas me falando enfaticamente que eu tava gr\u00e1vida sim, que fosse fazer o exame de sangue pra confirmar, me dando os parab\u00e9ns e coisa e tal.<\/p>\n<p style=\"text-align: justify;\">.<\/p>\n<p style=\"text-align: justify;\">E eu tinha almo\u00e7ado uns dias antes com uma delas, a <a id=\"r.0t\" title=\"Isa\" name=\"r.0t\" href=\"http:\/\/isadivaga.blogspot.com\/\" target=\"_blank\" rel=\"noopener\">Isa<\/a> e ela percebeu que eu tava gr\u00e1vida, bem antes de mim. E todas elas souberam que eu tava gr\u00e1vida, bem antes de mim mesma. E festejaram, vibraram e me apoiaram muito&#8230;E elas acompanharam dia a dia, mesmo, essa gravidez que foi uma verdadeira montanha russa. Cada exame, cada not\u00ed\u00adcia elas compartilhavam e me apoiavam.<\/p>\n<p style=\"text-align: justify;\">.<\/p>\n<p style=\"text-align: justify;\"><img loading=\"lazy\" decoding=\"async\" style=\"display: inline; margin-bottom: 5px; float: left; margin-right: 5px;\" src=\"http:\/\/nalu.blog.br\/imagens\/euisa.jpg\" alt=\"\" width=\"300\" height=\"225\" \/>Ent\u00e3o esse relato ser\u00e1 um agradecimento por todo apoio, todo acompanhamento, toda paci\u00eancia e ouvidos que essas meninas tiveram durante esses nove meses t\u00e3o emocionantes. Obrigada \u00ed\u00a0 <a href=\"http:\/\/minhasesquisitices.wordpress.com\/\" target=\"_blank\" rel=\"noopener\">Ana<\/a>, <a href=\"http:\/\/www.joaoecaio.blogspot.com\/\" target=\"_blank\" rel=\"noopener\">Alessandra<\/a>,<\/p>\n<p style=\"text-align: justify;\"><a href=\"http:\/\/ahhguu.blogspot.com\/\" target=\"_blank\" rel=\"noopener\"><img loading=\"lazy\" decoding=\"async\" style=\"width: 103px; height: 46px;\" src=\"http:\/\/nalu.blog.br\/imagens\/cooltext443147989.gif\" alt=\"\" width=\"103\" height=\"46\" \/><\/a> Bibi,<img loading=\"lazy\" decoding=\"async\" style=\"width: 139px; height: 58px;\" src=\"http:\/\/nalu.blog.br\/imagens\/cooltext443148064.gif\" alt=\"\" width=\"139\" height=\"58\" \/>Denise RJ, <a id=\"mlrp\" title=\"DeSP\" name=\"mlrp\" href=\"http:\/\/blogdamacacada.zip.net\/\" target=\"_blank\" rel=\"noopener\">DeSP<\/a>, <a href=\"http:\/\/dinhalacerda.blogspot.com\/\" target=\"_blank\" rel=\"noopener\">Dinha<\/a>, <a id=\"ql4z\" title=\"Greice\" name=\"ql4z\" href=\"http:\/\/raizeseasas.wordpress.com\/\" target=\"_blank\" rel=\"noopener\">Greice<\/a>, <a id=\"fec2\" title=\"Isa\" name=\"fec2\" href=\"http:\/\/isadivaga.blogspot.com\">Isa<\/a>, <a href=\"http:\/\/bocozicesejoanices.blogspot.com\/\" target=\"_blank\" rel=\"noopener\"><img loading=\"lazy\" decoding=\"async\" style=\"width: 182px; height: 59px;\" src=\"http:\/\/nalu.blog.br\/imagens\/angel.gif\" alt=\"\" width=\"182\" height=\"59\" \/><\/a>, M\u00e1rcia PoA, Marcinha, <a href=\"http:\/\/perolada.wordpress.com\/\" target=\"_blank\" rel=\"noopener\"><img loading=\"lazy\" decoding=\"async\" style=\"width: 212px; height: 49px;\" src=\"http:\/\/nalu.blog.br\/imagens\/tati.gif\" alt=\"\" width=\"212\" height=\"49\" \/><\/a>, L\u00ea, por todo apoio nesses nove meses, pelas palavras di\u00e1rias de carinho, por toda torcida que sei que tiveram por mim, e por ajudarem na tranq\u00ed\u00bcilidade que me proporcionou manter uma gravidez saud\u00e1vel.<img loading=\"lazy\" decoding=\"async\" style=\"display: inline; margin-bottom: 5px; float: right; margin-left: 5px;\" src=\"http:\/\/nalu.blog.br\/imagens\/dinha.jpg\" alt=\"\" width=\"299\" height=\"225\" \/><\/p>\n<p style=\"text-align: center;\">=====<\/p>\n<p style=\"text-align: center;\"><em>Escolho meus amigos n\u00e3o pela pele ou outro arqu\u00e9tipo qualquer, mas pela pupila.<br \/>\nTem que ter brilho questionador e tonalidade inquietante.<br \/>\nA mim n\u00e3o interessam os bons de esp\u00ed\u00adrito nem os maus de h\u00e1bitos.<br \/>\nFico com aqueles que fazem de mim louco e santo.<br \/>\nDeles n\u00e3o quero resposta, quero meu avesso.<br \/>\nQue me tragam d\u00favidas e ang\u00fastias e ag\u00ed\u00bcentem o que h\u00e1 de pior em mim.<br \/>\nPara isso, s\u00f3 sendo louco.<br \/>\nQuero os santos, para que n\u00e3o duvidem das diferen\u00e7as e pe\u00e7am perd\u00e3o pelas injusti\u00e7as.<br \/>\nEscolho meus amigos pela alma lavada e pela cara exposta.<br \/>\nN\u00e3o quero s\u00f3 o ombro e o colo, quero tamb\u00e9m sua maior alegria.<br \/>\nAmigo que n\u00e3o ri junto, n\u00e3o sabe sofrer junto.<br \/>\nMeus amigos s\u00e3o todos assim: metade bobeira, metade seriedade.<br \/>\nN\u00e3o quero risos previs\u00ed\u00adveis, nem choros piedosos.<br \/>\nQuero amigos s\u00e9rios, daqueles que fazem da realidade sua fonte de aprendizagem, mas lutam para que a fantasia n\u00e3o desapare\u00e7a.<br \/>\nN\u00e3o quero amigos adultos nem chatos.<br \/>\nQuero-os metade inf\u00e2ncia e outra metade velhice!<br \/>\nCrian\u00e7as, para que n\u00e3o esque\u00e7am o valor do vento no rosto; e velhos, para que nunca tenham pressa.<br \/>\n<strong style=\"font-size: 1.2em;\">Tenho amigos para saber quem eu sou.<br \/>\n<\/strong><\/em>.<br \/>\nOscar Wilde<\/p>\n","protected":false},"excerpt":{"rendered":"<p>Hoje meu beb\u00ea faz um m\u00eas. Nem preciso dizer como passou r\u00e1pido. Mesmo com tanta peleja com amamenta\u00e7\u00e3o, passou r\u00e1pido demais. Eu preciso escrever o relato, a hist\u00f3ria da gravidez, que foi super cheia de altos e baixos. Preciso contar como come\u00e7ou a hist\u00f3ria do meu ca\u00e7ula, pra registrar para mim e para ele. Com &hellip; <a href=\"https:\/\/nalua.in\/blog\/nascimento-do-gael-parte-i\/\" class=\"more-link\">Continuar lendo <span class=\"screen-reader-text\">Nascimento do Gael  parte I<\/span><\/a><\/p>\n","protected":false},"author":1,"featured_media":0,"comment_status":"open","ping_status":"open","sticky":false,"template":"","format":"standard","meta":{"footnotes":""},"categories":[9],"tags":[],"class_list":["post-848","post","type-post","status-publish","format-standard","hentry","category-amor"],"_links":{"self":[{"href":"https:\/\/nalua.in\/blog\/wp-json\/wp\/v2\/posts\/848","targetHints":{"allow":["GET"]}}],"collection":[{"href":"https:\/\/nalua.in\/blog\/wp-json\/wp\/v2\/posts"}],"about":[{"href":"https:\/\/nalua.in\/blog\/wp-json\/wp\/v2\/types\/post"}],"author":[{"embeddable":true,"href":"https:\/\/nalua.in\/blog\/wp-json\/wp\/v2\/users\/1"}],"replies":[{"embeddable":true,"href":"https:\/\/nalua.in\/blog\/wp-json\/wp\/v2\/comments?post=848"}],"version-history":[{"count":0,"href":"https:\/\/nalua.in\/blog\/wp-json\/wp\/v2\/posts\/848\/revisions"}],"wp:attachment":[{"href":"https:\/\/nalua.in\/blog\/wp-json\/wp\/v2\/media?parent=848"}],"wp:term":[{"taxonomy":"category","embeddable":true,"href":"https:\/\/nalua.in\/blog\/wp-json\/wp\/v2\/categories?post=848"},{"taxonomy":"post_tag","embeddable":true,"href":"https:\/\/nalua.in\/blog\/wp-json\/wp\/v2\/tags?post=848"}],"curies":[{"name":"wp","href":"https:\/\/api.w.org\/{rel}","templated":true}]}}