{"id":826,"date":"2009-10-03T23:54:57","date_gmt":"2009-10-04T02:54:57","guid":{"rendered":"http:\/\/nalu.in\/?p=826"},"modified":"2009-10-03T23:54:57","modified_gmt":"2009-10-04T02:54:57","slug":"rumba-de-las-madres","status":"publish","type":"post","link":"https:\/\/nalua.in\/blog\/rumba-de-las-madres\/","title":{"rendered":"rumba de las madres"},"content":{"rendered":"<p style=\"text-align: center;\"><object classid=\"clsid:d27cdb6e-ae6d-11cf-96b8-444553540000\" width=\"301\" height=\"244\" codebase=\"http:\/\/download.macromedia.com\/pub\/shockwave\/cabs\/flash\/swflash.cab#version=6,0,40,0\"><param name=\"allowFullScreen\" value=\"true\" \/><param name=\"allowscriptaccess\" value=\"always\" \/><param name=\"src\" value=\"http:\/\/www.youtube.com\/v\/am8xR1riPyY&amp;hl=pt-br&amp;fs=1&amp;color1=0x006699&amp;color2=0x54abd6\" \/><param name=\"allowfullscreen\" value=\"true\" \/><embed type=\"application\/x-shockwave-flash\" width=\"301\" height=\"244\" src=\"http:\/\/www.youtube.com\/v\/am8xR1riPyY&amp;hl=pt-br&amp;fs=1&amp;color1=0x006699&amp;color2=0x54abd6\" allowscriptaccess=\"always\" allowfullscreen=\"true\"><\/embed><\/object>\n<\/p>\n<p style=\"text-align: center;\">Agora que t\u00e1 chegando a hora&#8230;<\/p>\n<p style=\"text-align: center;\">=====<\/p>\n<p style=\"text-align: center;\"><em><strong><span style=\"font-family: Arial,Helvetica;\"><span>Rumba de las madres<\/span><\/span><\/strong><\/em><\/p>\n<p style=\"text-align: center;\"><em><strong><span style=\"font-family: Arial,Helvetica;\"><span>.<br \/>\n<\/span><\/span><\/strong><\/em>\n<\/p>\n<p style=\"text-align: center;\"><em><span style=\"font-family: Arial,Helvetica;\"><span>Mi abuela pari\u00f3 a mi madre.<\/span><\/span><br \/>\n<span style=\"font-family: Arial,Helvetica;\"><span>Mi madre me pari\u00f3 a m\u00ed\u00ad.<\/span><\/span><br \/>\n<span style=\"font-family: Arial,Helvetica;\"><span>Todas paren en mi casa,<\/span><\/span><br \/>\n<span style=\"font-family: Arial,Helvetica;\"><span>yo tambi\u00e9n quiero parir.<\/span><\/span><\/em>\n<\/p>\n<p style=\"text-align: center;\"><em><span style=\"font-family: Arial,Helvetica;\"><span>.<br \/>\n<\/span><\/span><\/em>\n<\/p>\n<p style=\"text-align: center;\"><em><span style=\"font-family: Arial,Helvetica;\"><span>Yo quiero parir tranquila,<\/span><\/span><br \/>\n<span style=\"font-family: Arial,Helvetica;\"><span>que nadie me meta prisas,<\/span><\/span><br \/>\n<span style=\"font-family: Arial,Helvetica;\"><span>que mi chico est\u00e9 conmigo,<\/span><\/span><br \/>\n<span style=\"font-family: Arial,Helvetica;\"><span>por si hay l\u00e1grimas o risas.<\/span><\/span><\/em>\n<\/p>\n<p style=\"text-align: center;\"><em><span style=\"font-family: Arial,Helvetica;\"><span>.<br \/>\n<\/span><\/span><\/em>\n<\/p>\n<p style=\"text-align: center;\"><em><span style=\"font-family: Arial,Helvetica;\"><span>Mi mam\u00e1 me mima ma, m\u00ed\u00admame mam\u00e1, mam\u00e1.<\/span><\/span><br \/>\n<span style=\"font-family: Arial,Helvetica;\"><span>Mi mam\u00e1 me mima ma, m\u00ed\u00admame mam\u00e1, mam\u00e1.<\/span><\/span><\/em>\n<\/p>\n<p style=\"text-align: center;\"><em><span style=\"font-family: Arial,Helvetica;\"><span>.<br \/>\n<\/span><\/span><\/em>\n<\/p>\n<p style=\"text-align: center;\"><em><span style=\"font-family: Arial,Helvetica;\"><span>Si pides, yo te doy teta;<\/span><\/span><br \/>\n<span style=\"font-family: Arial,Helvetica;\"><span>Si lloras, te cojo en brazos;<\/span><\/span><br \/>\n<span style=\"font-family: Arial,Helvetica;\"><span>Que gusto darte un abrazo<\/span><\/span><br \/>\n<span style=\"font-family: Arial,Helvetica;\"><span>y llevarte en bicicleta.<\/span><\/span><\/em>\n<\/p>\n<p style=\"text-align: center;\"><em><span style=\"font-family: Arial,Helvetica;\"><span>.<br \/>\n<\/span><\/span><\/em>\n<\/p>\n<p style=\"text-align: center;\"><em><span style=\"font-family: Arial,Helvetica;\"><span>Mar\u00ed\u00ada no tiene ni\u00f1os,<\/span><\/span><br \/>\n<span style=\"font-family: Arial,Helvetica;\"><span>pero ella tambi\u00e9n es madre:<\/span><\/span><br \/>\n<span style=\"font-family: Arial,Helvetica;\"><span>envuelve con su cari\u00f1o<\/span><\/span><br \/>\n<span style=\"font-family: Arial,Helvetica;\"><span>a quien se pone delante.<\/span><\/span><\/em>\n<\/p>\n<p style=\"text-align: center;\"><em><span style=\"font-family: Arial,Helvetica;\"><span>.<br \/>\n<\/span><\/span><\/em>\n<\/p>\n<p style=\"text-align: center;\"><em><span style=\"font-family: Arial,Helvetica;\"><span>Mi mam\u00e1 me mima ma, m\u00ed\u00admame mam\u00e1, mam\u00e1.<\/span><\/span><br \/>\n<span style=\"font-family: Arial,Helvetica;\"><span>Mi mam\u00e1 me mima ma, m\u00ed\u00admame mam\u00e1, mam\u00e1.<\/span><\/span><\/em>\n<\/p>\n<p style=\"text-align: center;\"><em><span style=\"font-family: Arial,Helvetica;\"><span>.<br \/>\n<\/span><\/span><\/em>\n<\/p>\n<p style=\"text-align: center;\"><em><span style=\"font-family: Arial,Helvetica;\"><span>Tu quieres una mam\u00e1<\/span><\/span><br \/>\n<span style=\"font-family: Arial,Helvetica;\"><span>y yo quiero tener hijitos;<\/span><\/span><br \/>\n<span style=\"font-family: Arial,Helvetica;\"><span>muy pronto te ir\u00e9 a buscar<\/span><\/span><br \/>\n<span style=\"font-family: Arial,Helvetica;\"><span>pa poder vivir juntitos.<\/span><\/span><\/em>\n<\/p>\n<p style=\"text-align: center;\"><em><span style=\"font-family: Arial,Helvetica;\"><span>.<br \/>\n<\/span><\/span><\/em>\n<\/p>\n<p style=\"text-align: center;\"><em><span style=\"font-family: Arial,Helvetica;\"><span>Amatxik ama erditu zuen.<\/span><\/span><br \/>\n<span style=\"font-family: Arial,Helvetica;\"><span>Amak ni erditu zuen.<\/span><\/span><br \/>\n<span style=\"font-family: Arial,Helvetica;\"><span>Etxeko emakumeek erditzen dute,<\/span><\/span><br \/>\n<span style=\"font-family: Arial,Helvetica;\"><span>nik ere erditu nahi.<\/span><\/span><\/em>\n<\/p>\n<p style=\"text-align: center;\"><em><span style=\"font-family: Arial,Helvetica;\"><span>.<br \/>\n<\/span><\/span><\/em>\n<\/p>\n<p style=\"text-align: center;\"><em><span style=\"font-family: Arial,Helvetica;\"><span>Mi mam\u00e1 me mima ma, m\u00ed\u00admame mam\u00e1, mam\u00e1.<\/span><\/span><br \/>\n<span style=\"font-family: Arial,Helvetica;\"><span>Mi mam\u00e1 me mima ma, m\u00ed\u00admame mam\u00e1, mam\u00e1.<\/span><\/span><\/em>\n<\/p>\n<p style=\"text-align: center;\"><em><span style=\"font-family: Arial,Helvetica;\"><span>.<br \/>\n<\/span><\/span><\/em>\n<\/p>\n<p style=\"text-align: center;\"><em><span style=\"font-family: Arial,Helvetica;\"><span>Mi\u00f1a avoa pariu mi\u00f1a nai.<\/span><\/span><br \/>\n<span style=\"font-family: Arial,Helvetica;\"><span>Mi\u00f1a nai pariume a min.<\/span><\/span><br \/>\n<span style=\"font-family: Arial,Helvetica;\"><span>Todas paren na mi\u00f1a casa,<\/span><\/span><br \/>\n<span style=\"font-family: Arial,Helvetica;\"><span>eu tamben quero parir.<\/span><\/span><\/em>\n<\/p>\n<p style=\"text-align: center;\"><em><span style=\"font-family: Arial,Helvetica;\"><span>.<br \/>\n<\/span><\/span><\/em>\n<\/p>\n<p style=\"text-align: center;\"><em><span style=\"font-family: Arial,Helvetica;\"><span>L\u00e2\u20ac\u2122\u00ed\u00a0via va parir ma mare.<\/span><\/span><br \/>\n<span style=\"font-family: Arial,Helvetica;\"><span>Ma mare em va parir a mi.<\/span><\/span><br \/>\n<span style=\"font-family: Arial,Helvetica;\"><span>Totes pareixen a casa,<\/span><\/span><br \/>\n<span style=\"font-family: Arial,Helvetica;\"><span>jo tamb\u00e9 vull parir.<\/span><\/span><\/em>\n<\/p>\n<p style=\"text-align: center;\"><em><span style=\"font-family: Arial,Helvetica;\"><span>.<br \/>\n<\/span><\/span><\/em>\n<\/p>\n<p style=\"text-align: center;\"><em><span style=\"font-family: Arial,Helvetica;\"><span>Mi mam\u00e1 me mima ma, m\u00ed\u00admame mam\u00e1, mam\u00e1.<\/span><\/span><br \/>\n<span style=\"font-family: Arial,Helvetica;\"><span>Mi mam\u00e1 me mima ma, m\u00ed\u00admame mam\u00e1, mam\u00e1.<\/span><\/span><\/em>\n<\/p>\n<p style=\"text-align: center;\">\n<p style=\"text-align: center;\"><span style=\"font-family: Arial,Helvetica;\"><span>Amei essa Rosa Zaragoza e esse cd nacer renacer tamb\u00e9m amei&#8230;<br \/>\n<\/span><\/span><\/p>\n","protected":false},"excerpt":{"rendered":"<p>Agora que t\u00e1 chegando a hora&#8230; ===== Rumba de las madres . Mi abuela pari\u00f3 a mi madre. Mi madre me pari\u00f3 a m\u00ed\u00ad. Todas paren en mi casa, yo tambi\u00e9n quiero parir. . Yo quiero parir tranquila, que nadie me meta prisas, que mi chico est\u00e9 conmigo, por si hay l\u00e1grimas o risas. . &hellip; <a href=\"https:\/\/nalua.in\/blog\/rumba-de-las-madres\/\" class=\"more-link\">Continuar lendo <span class=\"screen-reader-text\">rumba de las madres<\/span><\/a><\/p>\n","protected":false},"author":1,"featured_media":0,"comment_status":"open","ping_status":"open","sticky":false,"template":"","format":"standard","meta":{"footnotes":""},"categories":[9],"tags":[],"class_list":["post-826","post","type-post","status-publish","format-standard","hentry","category-amor"],"_links":{"self":[{"href":"https:\/\/nalua.in\/blog\/wp-json\/wp\/v2\/posts\/826","targetHints":{"allow":["GET"]}}],"collection":[{"href":"https:\/\/nalua.in\/blog\/wp-json\/wp\/v2\/posts"}],"about":[{"href":"https:\/\/nalua.in\/blog\/wp-json\/wp\/v2\/types\/post"}],"author":[{"embeddable":true,"href":"https:\/\/nalua.in\/blog\/wp-json\/wp\/v2\/users\/1"}],"replies":[{"embeddable":true,"href":"https:\/\/nalua.in\/blog\/wp-json\/wp\/v2\/comments?post=826"}],"version-history":[{"count":0,"href":"https:\/\/nalua.in\/blog\/wp-json\/wp\/v2\/posts\/826\/revisions"}],"wp:attachment":[{"href":"https:\/\/nalua.in\/blog\/wp-json\/wp\/v2\/media?parent=826"}],"wp:term":[{"taxonomy":"category","embeddable":true,"href":"https:\/\/nalua.in\/blog\/wp-json\/wp\/v2\/categories?post=826"},{"taxonomy":"post_tag","embeddable":true,"href":"https:\/\/nalua.in\/blog\/wp-json\/wp\/v2\/tags?post=826"}],"curies":[{"name":"wp","href":"https:\/\/api.w.org\/{rel}","templated":true}]}}