{"id":822,"date":"2009-09-22T22:17:05","date_gmt":"2009-09-23T01:17:05","guid":{"rendered":"http:\/\/nalu.in\/822"},"modified":"2009-09-22T22:17:05","modified_gmt":"2009-09-23T01:17:05","slug":"desfralde-precoce-e-palmadas-20-anos-depois","status":"publish","type":"post","link":"https:\/\/nalua.in\/blog\/desfralde-precoce-e-palmadas-20-anos-depois\/","title":{"rendered":"Desfralde Precoce e Palmadas: 20 Anos Depois"},"content":{"rendered":"<p style=\"TEXT-ALIGN: justify\"><img loading=\"lazy\" decoding=\"async\" class=\"alignleft\" style=\"margin: 5px;\" src=\"http:\/\/nalu.in\/imagens\/desfralde.jpg\" alt=\"\" width=\"300\" height=\"240\" \/><\/p>\n<p style=\"TEXT-ALIGN: justify\"><em>Alexander Lowen \u00e9 um renomado psiquiatra que trabalha com an\u00e1lise bioenerg\u00e9tica, uma forma de psicoterapia que combina o trabalho da mente e do corpo.<\/em><\/p>\n<p style=\"TEXT-ALIGN: justify\"><em>.<br \/>\n<\/em>\n<\/p>\n<p style=\"TEXT-ALIGN: justify\">&#8220;Nossa inabilidade para vivenciar a resposta org\u00e1stica plena \u00e9 devida \u00ed\u00a0 falta de paix\u00e3o durante o ato sexual. Freq\u00ed\u00bcentemente, a paix\u00e3o foi minada muito cedo na vida atrav\u00e9s de experi\u00eancias dolorosas nos per\u00ed\u00adodos de desenvolvimento denominados fase oral e ed\u00ed\u00adpica. A fase oral refere-se aos primeiros tr\u00eas anos de vida, quando o beb\u00ea precisa de nutri\u00e7\u00e3o, suporte e contato amoroso que s\u00e3o supridos pela sua m\u00e3e. Durante este per\u00ed\u00adodo, seu n\u00ed\u00advel de energia est\u00e1 elevado ao grau que torna a paix\u00e3o poss\u00ed\u00advel. Estas necessidades podem ser supridas pelo ato da amamenta\u00e7\u00e3o, uma vez que isso prov\u00ea o contato mais \u00ed\u00adntimo, excitante e satisfat\u00f3rio entre a m\u00e3e e o filho.<\/p>\n<p style=\"TEXT-ALIGN: justify\">.<\/p>\n<p style=\"TEXT-ALIGN: justify\">Uma crian\u00e7a n\u00e3o ser\u00e1 privada de comida ou carinho se ela n\u00e3o \u00e9 amamentada. Mas os beb\u00eas precisam sentir o corpo da m\u00e3e, para sentir a vida materna e absorver a energia dela. O contato com o corpo materno estimula a respira\u00e7\u00e3o do beb\u00ea e aumenta seu metabolismo.<\/p>\n<p style=\"TEXT-ALIGN: justify\">.<\/p>\n<p style=\"TEXT-ALIGN: justify\">Outro efeito danoso no n\u00ed\u00advel de excita\u00e7\u00e3o de uma pessoa vem da inabilidade dos pais de tolerarem o alto n\u00ed\u00advel de energia numa crian\u00e7a. Eles acusam-na de serem exigente demais, ativa demais ou de querer tudo. Eles acreditam que crian\u00e7as devem ser vistas e n\u00e3o ouvidas. Com a idade de 3 anos, muitas crian\u00e7as j\u00e1 sofreram uma grande perda da sua vivacidade. J\u00e1 vi muitas crian\u00e7as que parecem ap\u00e1ticas, com olhos sem brilhos e voz fraca, sendo empurradas num carrinho por uma m\u00e3e ou bab\u00e1 indiferente.<\/p>\n<p style=\"TEXT-ALIGN: justify\">.<\/p>\n<p style=\"TEXT-ALIGN: justify\">Um corpo livre de ordens do superego &#8211; &#8220;seja uma boa menina, obede\u00e7a seus pais e n\u00e3o levante a m\u00e3o para eles&#8221; &#8211; \u00e9 um corpo livre de tens\u00e3o. \u00c9 uma ordem subentendida na nossa cultura que as crian\u00e7as precisam controlar seus sentimentos. A ordem pode ser dada como &#8220;n\u00e3o perca a cabe\u00e7a e n\u00e3o deixe seus sentimentos controlarem voc\u00ea&#8221;. Algum auto-controle \u00e9 positivo, mas quando o controle torna-se inconsciente, ele \u00e9 mantido por tens\u00e3o muscular cr\u00f4nica e \u00e9 um processo de auto-destrui\u00e7\u00e3o. De fato, a tens\u00e3o associada com o medo de perder a cabe\u00e7a \u00e9 respons\u00e1vel por artrite nas v\u00e9rtebras cervicais e dor de cabe\u00e7a por tens\u00e3o. Uma tens\u00e3o similar na base da espinha onde se junta com o osso sacro \u00e9 a base da maioria das dores lombares. Esta tens\u00e3o cr\u00f4nica, agindo concomitantemente com a tens\u00e3o nos m\u00fasculos, como o quadr\u00ed\u00adceps (na coxa), imobiliza a pelve de forma que ela seja incapaz de se mover espontaneamente.<\/p>\n<p style=\"TEXT-ALIGN: justify\">.<\/p>\n<p style=\"TEXT-ALIGN: justify\">A pelve im\u00f3vel \u00e9 for\u00e7ada ou para frente ou para tr\u00e1s. Em seu estado normal, a pelve mexe-se de forma livre para frente e para tr\u00e1s, com o movimento natural do corpo e em harmonia com as ondas respirat\u00f3rias. No \u00e1pice da excita\u00e7\u00e3o sexual, os movimentos da pelve tornam-se r\u00e1pidos e poderosos. Eles n\u00e3o ocorrem se a pelve est\u00e1 imobilizada numa posi\u00e7\u00e3o ou na outra. Na posi\u00e7\u00e3o fixa posterior (para tr\u00e1s), a pelve parece estar sempre pronta para a\u00e7\u00e3o, denotando claramente conten\u00e7\u00e3o do desejo sexual. \u00c9 mais comum em mulheres, j\u00e1 que nelas a ordem de reprimir os desejos sexuais \u00e9 mais freq\u00ed\u00bcentemente imposta. Em homens, o dist\u00farbio mais comum \u00e9 a pelve fixa anterior (para frente), que tem um significado pseudo-agressivo. Trazer a pelve para frente \u00e9 um movimento sexualmente agressivo, mas uma vez que a pelve est\u00e1 fixa nesta posi\u00e7\u00e3o, a apar\u00eancia n\u00e3o condiz com a realidade. A pelve precisa ser puxada para tr\u00e1s para que qualquer movimento para frente torne-se poss\u00ed\u00advel. Quando a pelve \u00e9 mantida para frente, as costas est\u00e3o curvas e em colapso e parece a atitude de um c\u00e3o com o rabo entre as pernas.<\/p>\n<p style=\"TEXT-ALIGN: justify\">.<\/p>\n<p style=\"TEXT-ALIGN: justify\">Se a pessoa tem a pelve nesta posi\u00e7\u00e3o, \u00e9 geralmente porque foi maltratada. Qualquer forma de abuso f\u00ed\u00adsico diminui a natural auto-confian\u00e7a de algu\u00e9m, tornando-a medrosa e submissa, mas a forma mais comum de puni\u00e7\u00e3o que consegue tal efeito \u00e9 a palmada. Uma crian\u00e7a que leva palmadas vai inevitavelmente trazer a pelve para frente e contrair as n\u00e1degas em resposta \u00ed\u00a0 dor. Mas o dano vai al\u00e9m do f\u00ed\u00adsico. Levar palmadas \u00e9 uma experi\u00eancia humilhante que traz severos danos narcis\u00ed\u00adsticos ao ego da crian\u00e7a. Em alguns casos, a crian\u00e7a \u00e9 for\u00e7ada a assistir \u00ed\u00a0 pr\u00f3pria puni\u00e7\u00e3o ao expor as n\u00e1degas nuas, dobrar o corpo para frente, deitar no colo dos pais ou buscar o cinto. No meu ponto de vista, h\u00e1 outras formas de disciplinar uma crian\u00e7a sem recorrer a essa forma s\u00e1dica de puni\u00e7\u00e3o. Levar palmadas torna muito dif\u00ed\u00adcil para o indiv\u00ed\u00adduo caminhar ereto com orgulho ou caminhar com uma pelve livre.<\/p>\n<p style=\"TEXT-ALIGN: justify\">.<\/p>\n<p style=\"TEXT-ALIGN: justify\">A maioria das pessoas n\u00e3o est\u00e1 ciente de que tem a pelve fixa. \u00ed\u20acs vezes elas podem mover-se de forma que aparente estar livre, mas quando n\u00e3o est\u00e3o fazendo um efeito consciente, voltam \u00ed\u00a0 posi\u00e7\u00e3o fixa. No ato sexual, as pessoas que t\u00eam a pelve fixa para frente t\u00eam que fazer for\u00e7a para os movimentos sexuais. Os que t\u00eam a pelve fixa para tr\u00e1s tendem a restringir seus movimentos.<\/p>\n<p style=\"TEXT-ALIGN: justify\">.<\/p>\n<p style=\"TEXT-ALIGN: justify\">Aqui um exerc\u00ed\u00adcio simples para ajudar voc\u00ea a sentir se sua pelve \u00e9 fixa:<\/p>\n<p style=\"TEXT-ALIGN: justify\">.<\/p>\n<p style=\"TEXT-ALIGN: justify\"><em>Fique de p\u00e9 em frente a um espelho, de forma que voc\u00ea possa ver suas costas quando vira a cabe\u00e7a para tr\u00e1s. Suas costas parecem retas, sua cabe\u00e7a est\u00e1 erguida, sua pelve para tr\u00e1s? Agora coloque seus p\u00e9s paralelos um com o outro e cerca de 15 cm de dist\u00e2ncia separando-os, depois force a pelve para frente. Voc\u00ea consegue ver ou sentir como sua coluna curva-se ou dobra-se, fazendo com que voc\u00ea fique mais baixo? Qual a sensa\u00e7\u00e3o associada com cada posi\u00e7\u00e3o? Qual a sua posi\u00e7\u00e3o habitual?<\/em><\/p>\n<p style=\"TEXT-ALIGN: justify\"><em>.<br \/>\n<\/em>\n<\/p>\n<p style=\"TEXT-ALIGN: justify\"><em>Agora, quando ficar de p\u00e9, dobre seus joelhos levemente e tente deixar sua pelve livre, mexendo como sua m\u00e3o ao redor do punho. Respire fundo e devagar, tentando sentir a onda respirat\u00f3ria ir profundamente at\u00e9 a pelve. Voc\u00ea sente algum movimento nesta estrutura? Como sente? Consegue sentir ansiedade ao realizar o movimento? Pelas raz\u00f5es mencionadas anteriormente, isso n\u00e3o ocorre com a maioria das pessoas&#8221;.<\/em><\/p>\n<p style=\"TEXT-ALIGN: justify\"><em>.<br \/>\n<\/em>\n<\/p>\n<p style=\"TEXT-ALIGN: justify\">Como vimos, a resposta sexual \u00e9 afetada pela tens\u00e3o em qualquer parte do corpo. Mas a habilidade de entregar-se ao orgasmo \u00e9 particularmente afetada pela tens\u00e3o no assoalho p\u00e9lvico. Na maioria das pessoas o assoalho p\u00e9lvico \u00e9 mantido tenso por um medo inconsciente de que relax\u00e1-lo pode resultar numa evacua\u00e7\u00e3o involunt\u00e1ria. Este medo vem de experi\u00eancias de desfralde precoce. Quando o treinamento para o desfralde ocorre antes de 2 anos e meio, a crian\u00e7a usa os m\u00fasculos do assoalho p\u00e9lvico e as n\u00e1degas para controlar a fun\u00e7\u00e3o excret\u00f3ria, j\u00e1 que o esf\u00ed\u00adncter anal n\u00e3o se torna funcionante antes dessa idade.<\/p>\n<p style=\"TEXT-ALIGN: justify\">.<\/p>\n<p style=\"TEXT-ALIGN: justify\">Mesmo depois que o esf\u00ed\u00adncter anal j\u00e1 funciona, o medo persiste e mais tarde estende-se para o orgasmo. Uma pessoa n\u00e3o consegue permitir a descarga sexual do orgasmo de forma total e livre porque isso requer livrar-se do auto-controle. Quanto mais cedo uma crian\u00e7a \u00e9 treinada para o desfralde, maior a tens\u00e3o no assoalho p\u00e9lvico. Como resultado, tal treinamento muitas vezes resulta em dist\u00farbios intestinais. Se os pais reagem com o uso de enemas e suposit\u00f3rios, o problema da crian\u00e7a aumenta pela invas\u00e3o e viola\u00e7\u00e3o do seu corpo. J\u00e1 tratei de duas mulheres que foram treinadas para largar as fraldas aos 9 meses de idade e, como conseq\u00ed\u00bc\u00eancia, sofriam de perda quase completa de sensa\u00e7\u00e3o na pelve e no assoalho p\u00e9lvico.<\/p>\n<p style=\"TEXT-ALIGN: justify\">.<\/p>\n<p style=\"TEXT-ALIGN: justify\">Dois esf\u00ed\u00adncteres circundam o \u00e2nus. O esf\u00ed\u00adncter interno, que n\u00e3o est\u00e1 sob controle consciente, permanece fechado at\u00e9 que o bolo fecal esteja acumulado e encha o reto. At\u00e9 este ponto, o esf\u00ed\u00adncter externo permanece aberto e relaxado. Quando o reto est\u00e1 cheio de fezes e a pessoa sente vontade de evacuar, o esf\u00ed\u00adncter interno relaxa, enquanto o externo fecha-se bem apertado at\u00e9 que a pessoa esteja em posi\u00e7\u00e3o de evacuar apropriadamente. Isso significa que na aus\u00eancia de vontade de defecar, podemos manter o assoalho p\u00e9lvico realxado e o esf\u00ed\u00adncter externo aberto, mas muitas pessoas vivem amedrontadas de que deixar-se levar pela libera\u00e7\u00e3o da energia sexual durante o orgasmo poderia resultar numa evacua\u00e7\u00e3o involunt\u00e1ria. Em alguns casos, este medo \u00e9 generalizado em uma ansiedade constante de que &#8220;o bumbum vai cair&#8221;, como se um evacua\u00e7\u00e3o acidental fosse eternamente uma possibilidade.<\/p>\n<p style=\"TEXT-ALIGN: justify\">.<\/p>\n<p style=\"TEXT-ALIGN: justify\">Na verdade, todos os medos afetam o assoalho p\u00e9lvico. Um susto pode causar uma contra\u00e7\u00e3o aguda. Medo contido, por outro lado, pode causar tens\u00e3o cr\u00f4nica. Mas se n\u00e3o estamos conscientes do medo, n\u00e3o sentiremos a tens\u00e3o. Para relaxar o assoalho p\u00e9lvico, precisamos primeiramente estar cientes da extens\u00e3o em que o mantemos tenso.&#8221;<\/p>\n<p style=\"TEXT-ALIGN: justify\">.<\/p>\n<p style=\"TEXT-ALIGN: justify\"><strong>Do livro The Spirituality of The Body, Alexander Lowen, M.D.<\/strong><\/p>\n<p style=\"TEXT-ALIGN: justify\">Da comunidade Pediatria Radical, orkut.<\/p>\n","protected":false},"excerpt":{"rendered":"<p>Alexander Lowen \u00e9 um renomado psiquiatra que trabalha com an\u00e1lise bioenerg\u00e9tica, uma forma de psicoterapia que combina o trabalho da mente e do corpo. . &#8220;Nossa inabilidade para vivenciar a resposta org\u00e1stica plena \u00e9 devida \u00ed\u00a0 falta de paix\u00e3o durante o ato sexual. Freq\u00ed\u00bcentemente, a paix\u00e3o foi minada muito cedo na vida atrav\u00e9s de experi\u00eancias &hellip; <a href=\"https:\/\/nalua.in\/blog\/desfralde-precoce-e-palmadas-20-anos-depois\/\" class=\"more-link\">Continuar lendo <span class=\"screen-reader-text\">Desfralde Precoce e Palmadas: 20 Anos Depois<\/span><\/a><\/p>\n","protected":false},"author":1,"featured_media":0,"comment_status":"open","ping_status":"open","sticky":false,"template":"","format":"standard","meta":{"footnotes":""},"categories":[9],"tags":[],"class_list":["post-822","post","type-post","status-publish","format-standard","hentry","category-amor"],"_links":{"self":[{"href":"https:\/\/nalua.in\/blog\/wp-json\/wp\/v2\/posts\/822","targetHints":{"allow":["GET"]}}],"collection":[{"href":"https:\/\/nalua.in\/blog\/wp-json\/wp\/v2\/posts"}],"about":[{"href":"https:\/\/nalua.in\/blog\/wp-json\/wp\/v2\/types\/post"}],"author":[{"embeddable":true,"href":"https:\/\/nalua.in\/blog\/wp-json\/wp\/v2\/users\/1"}],"replies":[{"embeddable":true,"href":"https:\/\/nalua.in\/blog\/wp-json\/wp\/v2\/comments?post=822"}],"version-history":[{"count":0,"href":"https:\/\/nalua.in\/blog\/wp-json\/wp\/v2\/posts\/822\/revisions"}],"wp:attachment":[{"href":"https:\/\/nalua.in\/blog\/wp-json\/wp\/v2\/media?parent=822"}],"wp:term":[{"taxonomy":"category","embeddable":true,"href":"https:\/\/nalua.in\/blog\/wp-json\/wp\/v2\/categories?post=822"},{"taxonomy":"post_tag","embeddable":true,"href":"https:\/\/nalua.in\/blog\/wp-json\/wp\/v2\/tags?post=822"}],"curies":[{"name":"wp","href":"https:\/\/api.w.org\/{rel}","templated":true}]}}