{"id":770,"date":"2012-03-25T12:13:08","date_gmt":"2012-03-25T18:13:08","guid":{"rendered":"http:\/\/livros.in.blog.br\/?p=770"},"modified":"2012-03-25T12:13:08","modified_gmt":"2012-03-25T18:13:08","slug":"la-suma-de-los-dias","status":"publish","type":"post","link":"https:\/\/nalua.in\/blog\/la-suma-de-los-dias\/","title":{"rendered":"La Suma de Los Dias"},"content":{"rendered":"<p><a href=\"http:\/\/nalu.files.wordpress.com\/2012\/03\/la_suma_de_los_dias.jpg\"><img loading=\"lazy\" decoding=\"async\" class=\"alignleft size-medium wp-image-1004\" src=\"http:\/\/livros.nalu.in\/wp-content\/uploads\/2012\/03\/la_suma_de_los_dias-192x300.jpg\" alt=\"la_suma_de_los_dias\" width=\"192\" height=\"300\" \/><\/a>Eu terminei de ler <a href=\"http:\/\/livros.in.blog.br\/paula\/\" target=\"_blank\" rel=\"noopener\">Paula<\/a>. E fiquei encantada, encantada mesmo com o livro. Que livro lindo, bem escrito, que emocionante. Eu pensava hoje que se fosse escritora, gostaria de escrever como a Isabel Allende, que amo o jeito que ela escreve. Ent\u00e3o, no embalo quis ler este, porque \u00e9 meio que uma continua\u00e7\u00e3o de Paula. \u00c9 uma esp\u00e9cie de biografia dos anos de Isabel depois que <a href=\"http:\/\/livros.in.blog.br\/paula\/\" target=\"_blank\" rel=\"noopener\">Paula <\/a>morreu.<br \/>\n=====<br \/>\n&nbsp;<br \/>\nLa suma de los d\u00ed\u00adas<br \/>\nIsabel Allende<br \/>\nEditorial: Plaza &amp; Jan\u00e9s<br \/>\nA\u00f1o publicaci\u00f3n: 2007Temas:<br \/>\nLiteratura : Narrativa<br \/>\nEnsayo : Memorias y biograf\u00ed\u00adas<br \/>\nISBN: 9875664642<br \/>\nISBN-13: 9789875664647<br \/>\nIdioma: espanhol<br \/>\n<!--more--><br \/>\n=====<\/p>\n<p style=\"text-align: justify;\">Isabel Allende narra a su hija Paula todo lo que ha sucedido con la familia desde el momento en que ella muri\u00f3. El lector vive, junto con la autora, la superaci\u00f3n personal de una mujer con una fuerza inspiradora, rodeada siempre de amigos y familiares. Su historia es emotiva, pero tambi\u00e9n est\u00e1 repleta de humor, personajes pintorescos y an\u00e9cdotas ca\u00f3ticas y divertidas sobre la complicidad, el amor, la esperanza, la magia y la fuerza de la amistad.<br \/>\n&#8220;La suma de los d\u00ed\u00adas&#8221; est\u00e1 muy emparentado con &#8220;Paula&#8221;, siendo este es un libro que dej\u00f3 una profunda huella en los lectores de la autora de &#8220;La casa de los esp\u00ed\u00adritus&#8221;. En \u00e9l, y a partir de la terrible experiencia de perder a su hija, Isabel Allende llevaba a cabo un honesto y detallado balance de su vida, dedicado a una interlocutora que ya no pertenec\u00ed\u00ada a este mundo. Lejos de ser triste, \u00e9ste es en cambio un relato vital, sabio y humor\u00ed\u00adstico de la vida sin Paula: sobre la familia, la tradicional y los nuevos modelos, la maternidad, las relaciones de pareja, la infidelidad, la religi\u00f3n&#8230; Por esta nueva narraci\u00f3n desfilan personajes memorables, comenzando por la propia madre de la autora, que es capaz, desde la distancia, de aconsejar adecuadamente a su hija en los momentos de crisis. Tambi\u00e9n su amiga Tabra, dise\u00f1adora de joyas que busca novio por internet, la nieta del esposo de Isabel Allende, Sabrina, que ser\u00e1 adoptada por dos lesbianas budistas\u00e2\u20ac\u00a6<br \/>\nEl mundo de esta autora est\u00e1 lleno de amor, de contrariedades y de hechos notables. Pero sobre todo, esta obra est\u00e1 escrita por una mujer de fuertes convicciones y cuya principal cualidad es y ha sido la valent\u00ed\u00ada<\/p>\n<div id=\"-chrome-auto-translate-plugin-dialog\" style=\"opacity: 1 !important; background-image: initial !important; background-attachment: initial !important; background-origin: initial !important; background-clip: initial !important; background-color: transparent !important; position: absolute !important; top: 0; left: 0; overflow-x: visible !important; overflow-y: visible !important; z-index: 999999 !important; text-align: left !important; display: none; background-position: initial initial !important; background-repeat: initial initial !important; padding: 0!important; margin: 0!important;\">\n<div style=\"max-width: 300px !important; color: #fafafa !important; opacity: .8 !important; border-color: #000000!important; border-width: 0!important; -webkit-border-radius: 10px !important; background-color: #363636 !important; font-size: 16px !important; padding: 8px!important; overflow: visible !important; background-image: -webkit-gradient(linear,left top,right bottom,color-stop(0%,#000),color-stop(50%,#363636),color-stop(100%,#000)); z-index: 999999 !important; text-align: left !important;\"><\/div>\n<p><img decoding=\"async\" style=\"position: absolute !important; z-index: -1 !important; right: 1px !important; top: -20px !important; cursor: pointer !important; -webkit-border-radius: 20px; background-color: rgba(200,200,200,0.3) !important; padding: 3px 5px 0!important; margin: 0!important;\" src=\"http:\/\/www.google.com\/uds\/css\/small-logo.png\" alt=\"\" \/>\n<\/div>\n","protected":false},"excerpt":{"rendered":"<p>Eu terminei de ler Paula. E fiquei encantada, encantada mesmo com o livro. Que livro lindo, bem escrito, que emocionante. Eu pensava hoje que se fosse escritora, gostaria de escrever como a Isabel Allende, que amo o jeito que ela escreve. Ent\u00e3o, no embalo quis ler este, porque \u00e9 meio que uma continua\u00e7\u00e3o de Paula. &hellip; <a href=\"https:\/\/nalua.in\/blog\/la-suma-de-los-dias\/\" class=\"more-link\">Continuar lendo <span class=\"screen-reader-text\">La Suma de Los Dias<\/span><\/a><\/p>\n","protected":false},"author":1,"featured_media":0,"comment_status":"closed","ping_status":"open","sticky":false,"template":"","format":"standard","meta":{"footnotes":""},"categories":[13,38,44],"tags":[],"class_list":["post-770","post","type-post","status-publish","format-standard","hentry","category-biografia","category-leituras","category-livros"],"_links":{"self":[{"href":"https:\/\/nalua.in\/blog\/wp-json\/wp\/v2\/posts\/770","targetHints":{"allow":["GET"]}}],"collection":[{"href":"https:\/\/nalua.in\/blog\/wp-json\/wp\/v2\/posts"}],"about":[{"href":"https:\/\/nalua.in\/blog\/wp-json\/wp\/v2\/types\/post"}],"author":[{"embeddable":true,"href":"https:\/\/nalua.in\/blog\/wp-json\/wp\/v2\/users\/1"}],"replies":[{"embeddable":true,"href":"https:\/\/nalua.in\/blog\/wp-json\/wp\/v2\/comments?post=770"}],"version-history":[{"count":0,"href":"https:\/\/nalua.in\/blog\/wp-json\/wp\/v2\/posts\/770\/revisions"}],"wp:attachment":[{"href":"https:\/\/nalua.in\/blog\/wp-json\/wp\/v2\/media?parent=770"}],"wp:term":[{"taxonomy":"category","embeddable":true,"href":"https:\/\/nalua.in\/blog\/wp-json\/wp\/v2\/categories?post=770"},{"taxonomy":"post_tag","embeddable":true,"href":"https:\/\/nalua.in\/blog\/wp-json\/wp\/v2\/tags?post=770"}],"curies":[{"name":"wp","href":"https:\/\/api.w.org\/{rel}","templated":true}]}}