{"id":760,"date":"2010-10-10T15:38:33","date_gmt":"2010-10-10T17:38:33","guid":{"rendered":"http:\/\/levezadoser.blog.br\/?p=760"},"modified":"2010-10-10T15:38:33","modified_gmt":"2010-10-10T17:38:33","slug":"hoje-ja-sei","status":"publish","type":"post","link":"https:\/\/nalua.in\/blog\/hoje-ja-sei\/","title":{"rendered":"Hoje j\u00e1 sei que sou tudo que preciso ser"},"content":{"rendered":"<p><a href=\"https:\/\/nalua.in\/blog\/wp-content\/uploads\/2010\/10\/oneday.jpg\"><img loading=\"lazy\" decoding=\"async\" class=\"alignleft  wp-image-2525\" src=\"https:\/\/nalua.in\/blog\/wp-content\/uploads\/2010\/10\/oneday.jpg\" alt=\"oneday\" width=\"294\" height=\"359\" srcset=\"https:\/\/nalua.in\/blog\/wp-content\/uploads\/2010\/10\/oneday.jpg 393w, https:\/\/nalua.in\/blog\/wp-content\/uploads\/2010\/10\/oneday-246x300.jpg 246w\" sizes=\"auto, (max-width: 294px) 100vw, 294px\" \/><\/a><\/p>\n<div id=\"_mcePaste\"><strong><br \/>\n<\/strong><\/div>\n<div id=\"_mcePaste\" style=\"text-align: center;\"><em><strong>S\u00ea paciente; espera<\/strong><\/em><\/div>\n<div id=\"_mcePaste\" style=\"text-align: center;\"><em><strong>que a palavra amadure\u00e7a<\/strong><\/em><\/div>\n<div id=\"_mcePaste\" style=\"text-align: center;\"><em><strong>e se desprenda como um fruto<\/strong><\/em><\/div>\n<div id=\"_mcePaste\" style=\"text-align: center;\"><em><strong>ao passar o vento que a mere\u00e7a.<\/strong><\/em><\/div>\n<div id=\"_mcePaste\" style=\"text-align: center;\"><em><strong>.<\/strong><\/em><\/div>\n<div id=\"_mcePaste\" style=\"text-align: center;\"><em><strong>Eug\u00e9nio de Andrade<\/strong><\/em><\/div>\n<div style=\"text-align: center;\"><em><strong>=====<\/strong><\/em><\/div>\n<p style=\"text-align: justify;\">Mais um s\u00e1bado (que passou) e eu sem assunto. O peso na mesma.<\/p>\n<p style=\"text-align: justify;\">Quer dizer, sem assunto pra postar, porque eu tenho tido pensamentos em profus\u00e3o tamb\u00e9m sobre engordar\/emagrecer. Tenho lido muito sobre o assunto, tenho escutado muitos \u00e1udios de reprograma\u00e7\u00e3o mental. Porque al\u00e9m de eu acreditar muito no poder da mente, no poder e na efetividade da visualiza\u00e7\u00e3o, eu preciso convencer meu cerebrinho teimoso que \u00e9 mais legal ser magro do que comer&#8230; Ele realmente n\u00e3o acha isso! \u00c2\u00a0Eu preciso que ele saiba que eu n\u00e3o vou passar fome, que tem comida demais no mundo e coisa e tal. Da\u00ed\u00ad resolvi ir fundo nisso. Porque, vou repetir: (exercicio de repeti\u00e7\u00e3o pra mim mesma, falando em voz alta pra ver se eu acredito) o que mais me emagreceu nessa vida at\u00e9 hoje foi o Qi mental e o programa das cores dos VP. Ent\u00e3o peguei o monte de cds que eu tinha, de livros sobre o assunto, <a href=\"http:\/\/livros.in.blog.br\/reeduque-seu-cerebro-remodele-seu-corpo\/\" target=\"_blank\" rel=\"noopener\">al\u00e9m<\/a> <a href=\"http:\/\/livros.in.blog.br\/eu-consigo-que-voce-emagreca\/\">de 4 <\/a><a href=\"http:\/\/livros.in.blog.br\/o-metodo-gabriel\/\">novos <\/a><a href=\"http:\/\/livros.in.blog.br\/easy-weight\/\" target=\"_blank\" rel=\"noopener\">livros<\/a> que pintaram na minha m\u00e3o recentemente e resolvi ler.<\/p>\n<p style=\"text-align: justify;\">Digo que desta vez n\u00e3o est\u00e1 s\u00f3 na promessa, eu tenho escutado uma medita\u00e7\u00e3o\/visualiza\u00e7\u00e3o\/exerc\u00ed\u00adcio mental todos os dias. At\u00e9 agora acho q o CD do m\u00e9todo Gabriel \u00e9 o mais efetivo. Infelizmente a editora que publicou o livro em\u00c2\u00a0portugu\u00eas\u00c2\u00a0fez um trabalho porco e vagabundo e n\u00e3o disponibilizou o CD que s\u00f3 \u00e9 encontrado em ingl\u00eas e espanhol pela editora americana.<\/p>\n<p style=\"text-align: justify;\">Atualmente o obst\u00e1culo tem sido falta de tempo. Estou trabalhando muito, esta semana estiveram os 3 rapazes da casa doentes, foi um sufoco. E marido e baby ainda est\u00e3o. Al\u00e9m do que eu fiquei viajando muito a trabalho. Viajando por aqui perto, diga-se, quem dera fosse em lugar longe e interessante. A\u00ed\u00ad n\u00e3o est\u00e1 evoluindo com a rapidez que eu gostaria, mas n\u00e3o estou fazendo isso de muleta n\u00e3o. Achei que adiantou. N\u00e3o tenho\u00c2\u00a0tomando\u00c2\u00a0a caralluma direito, mas observei uma diminui\u00e7\u00e3o grande da vontade de comer doce. E a compuls\u00e3o tamb\u00e9m reduziu bem&#8230; N\u00e3o coloco isso na conta da caralluma porque de vez em quando tenho essas fases, \u00e9 c\u00ed\u00adclico demais, \u00e9 preciso olhar mais de perto pra saber.<\/p>\n<p style=\"text-align: justify;\">A\u00ed\u00ad. Tive que parar o post porque tivemos q ir pro pronto socorro com o baby. Ent\u00e3o vou publicar assim mesmo, que se eu for ficar de firula n\u00e3o publico nunca mais.<\/p>\n","protected":false},"excerpt":{"rendered":"<p>S\u00ea paciente; espera que a palavra amadure\u00e7a e se desprenda como um fruto ao passar o vento que a mere\u00e7a. . Eug\u00e9nio de Andrade ===== Mais um s\u00e1bado (que passou) e eu sem assunto. O peso na mesma. Quer dizer, sem assunto pra postar, porque eu tenho tido pensamentos em profus\u00e3o tamb\u00e9m sobre engordar\/emagrecer. Tenho &hellip; <a href=\"https:\/\/nalua.in\/blog\/hoje-ja-sei\/\" class=\"more-link\">Continuar lendo <span class=\"screen-reader-text\">Hoje j\u00e1 sei que sou tudo que preciso ser<\/span><\/a><\/p>\n","protected":false},"author":1,"featured_media":0,"comment_status":"open","ping_status":"open","sticky":false,"template":"","format":"standard","meta":{"footnotes":""},"categories":[1],"tags":[95,96,98],"class_list":["post-760","post","type-post","status-publish","format-standard","hentry","category-uncategorized","tag-dieta","tag-emagrecer","tag-emagrecimento-programacao-mental"],"_links":{"self":[{"href":"https:\/\/nalua.in\/blog\/wp-json\/wp\/v2\/posts\/760","targetHints":{"allow":["GET"]}}],"collection":[{"href":"https:\/\/nalua.in\/blog\/wp-json\/wp\/v2\/posts"}],"about":[{"href":"https:\/\/nalua.in\/blog\/wp-json\/wp\/v2\/types\/post"}],"author":[{"embeddable":true,"href":"https:\/\/nalua.in\/blog\/wp-json\/wp\/v2\/users\/1"}],"replies":[{"embeddable":true,"href":"https:\/\/nalua.in\/blog\/wp-json\/wp\/v2\/comments?post=760"}],"version-history":[{"count":0,"href":"https:\/\/nalua.in\/blog\/wp-json\/wp\/v2\/posts\/760\/revisions"}],"wp:attachment":[{"href":"https:\/\/nalua.in\/blog\/wp-json\/wp\/v2\/media?parent=760"}],"wp:term":[{"taxonomy":"category","embeddable":true,"href":"https:\/\/nalua.in\/blog\/wp-json\/wp\/v2\/categories?post=760"},{"taxonomy":"post_tag","embeddable":true,"href":"https:\/\/nalua.in\/blog\/wp-json\/wp\/v2\/tags?post=760"}],"curies":[{"name":"wp","href":"https:\/\/api.w.org\/{rel}","templated":true}]}}