{"id":755,"date":"2012-03-21T11:33:15","date_gmt":"2012-03-21T11:33:15","guid":{"rendered":"http:\/\/livros.in.blog.br\/?p=755"},"modified":"2012-03-21T11:33:15","modified_gmt":"2012-03-21T11:33:15","slug":"dia-21","status":"publish","type":"post","link":"https:\/\/nalua.in\/blog\/dia-21\/","title":{"rendered":"Dia 21"},"content":{"rendered":"<p><strong>Dia 21 \u00e2\u20ac\u201d O melhor livro que voc\u00ea leu este ano<\/strong> (eu li em espanhol)<br \/>\n<figure id=\"attachment_2100\" aria-describedby=\"caption-attachment-2100\" style=\"width: 181px\" class=\"wp-caption alignleft\"><a href=\"https:\/\/nalu.files.wordpress.com\/2012\/03\/paula.jpg\"><img loading=\"lazy\" decoding=\"async\" class=\"wp-image-2100 size-medium\" src=\"http:\/\/nalu.files.wordpress.com\/2012\/03\/paula.jpg?w=181\" alt=\"Paula  - Isabel Allende\" width=\"181\" height=\"300\" \/><\/a><figcaption id=\"caption-attachment-2100\" class=\"wp-caption-text\">Paula &#8211; Isabel Allende<\/figcaption><\/figure><br \/>\n<strong>Paula &#8211; Isabel Allende:<\/strong><\/p>\n<div id=\"textointerior\" class=\"\">\n<p style=\"text-align: justify;\"><em>Cualquier libro de Isabel Allende es un acontecimiento. Paula lo es especialmente porque se trata del m\u00e1s conmovedor, personal e \u00ed\u00adntimo de todos los libros que ha publicado hasta la fecha. Cuando la gran autora chilena se encontraba en Espa\u00f1a con ocasi\u00f3n de la presentaci\u00f3n de El plan infinito, su hija Paula entr\u00f3 en estado de coma. Junto al lecho de Paula, mientras segu\u00ed\u00ada con angustia la evoluci\u00f3n de su enfermedad, Isabel Allende comenz\u00f3 a redactar en un cuaderno la historia de su familia y de s\u00ed\u00ad misma con el prop\u00f3sito de regal\u00e1rsela a su hija una vez superara el dram\u00e1tico trance. Sin embargo, \u00e9ste se prolong\u00f3 durante meses y los apuntes de la autora acabaron convirti\u00e9ndose en un libro apasionante y revelador.<\/em><br \/>\n<em>\u00c2\u00a0 Isabel Allende ejerce aqu\u00ed\u00ad su prodigioso talento narrativo para recuperar y asumir sus propias vivencias como mujer y como escritora, as\u00ed\u00ad como las de su familia y las de la historia reciente de su pa\u00ed\u00ads.<\/em><br \/>\n<em>\u00c2\u00a0 Autorretrato de ins\u00f3lita emotividad al tiempo que exquisita recreaci\u00f3n de la sensibilidad de las mujeres de nuestra \u00e9poca, Paula perdura en el \u00e1nimo del lector con la intensidad de una experiencia indeleble.<\/em><\/p>\n<\/div>\n<p><em>Paula<\/em><\/p>\n<div id=\"-chrome-auto-translate-plugin-dialog\" style=\"opacity: 1 !important; background-image: initial !important; background-attachment: initial !important; background-origin: initial !important; background-clip: initial !important; background-color: transparent !important; position: absolute !important; top: 0; left: 0; overflow-x: visible !important; overflow-y: visible !important; z-index: 999999 !important; text-align: left !important; display: none; background-position: initial initial !important; background-repeat: initial initial !important; padding: 0!important; margin: 0!important;\">\n<div style=\"max-width: 300px !important; color: #fafafa !important; opacity: .8 !important; border-color: #000000!important; border-width: 0!important; -webkit-border-radius: 10px !important; background-color: #363636 !important; font-size: 16px !important; padding: 8px!important; overflow: visible !important; background-image: -webkit-gradient(linear,left top,right bottom,color-stop(0%,#000),color-stop(50%,#363636),color-stop(100%,#000)); z-index: 999999 !important; text-align: left !important;\"><\/div>\n<p><img decoding=\"async\" style=\"position: absolute !important; z-index: -1 !important; right: 1px !important; top: -20px !important; cursor: pointer !important; -webkit-border-radius: 20px; background-color: rgba(200,200,200,0.3) !important; padding: 3px 5px 0!important; margin: 0!important;\" src=\"http:\/\/www.google.com\/uds\/css\/small-logo.png\" alt=\"\" \/>\n<\/div>\n","protected":false},"excerpt":{"rendered":"<p>Dia 21 \u00e2\u20ac\u201d O melhor livro que voc\u00ea leu este ano (eu li em espanhol) Paula &#8211; Isabel Allende: Cualquier libro de Isabel Allende es un acontecimiento. Paula lo es especialmente porque se trata del m\u00e1s conmovedor, personal e \u00ed\u00adntimo de todos los libros que ha publicado hasta la fecha. Cuando la gran autora chilena &hellip; <a href=\"https:\/\/nalua.in\/blog\/dia-21\/\" class=\"more-link\">Continuar lendo <span class=\"screen-reader-text\">Dia 21<\/span><\/a><\/p>\n","protected":false},"author":1,"featured_media":0,"comment_status":"closed","ping_status":"open","sticky":false,"template":"","format":"standard","meta":{"footnotes":""},"categories":[4,38,42,44],"tags":[],"class_list":["post-755","post","type-post","status-publish","format-standard","hentry","category-30dias","category-leituras","category-literatura","category-livros"],"_links":{"self":[{"href":"https:\/\/nalua.in\/blog\/wp-json\/wp\/v2\/posts\/755","targetHints":{"allow":["GET"]}}],"collection":[{"href":"https:\/\/nalua.in\/blog\/wp-json\/wp\/v2\/posts"}],"about":[{"href":"https:\/\/nalua.in\/blog\/wp-json\/wp\/v2\/types\/post"}],"author":[{"embeddable":true,"href":"https:\/\/nalua.in\/blog\/wp-json\/wp\/v2\/users\/1"}],"replies":[{"embeddable":true,"href":"https:\/\/nalua.in\/blog\/wp-json\/wp\/v2\/comments?post=755"}],"version-history":[{"count":0,"href":"https:\/\/nalua.in\/blog\/wp-json\/wp\/v2\/posts\/755\/revisions"}],"wp:attachment":[{"href":"https:\/\/nalua.in\/blog\/wp-json\/wp\/v2\/media?parent=755"}],"wp:term":[{"taxonomy":"category","embeddable":true,"href":"https:\/\/nalua.in\/blog\/wp-json\/wp\/v2\/categories?post=755"},{"taxonomy":"post_tag","embeddable":true,"href":"https:\/\/nalua.in\/blog\/wp-json\/wp\/v2\/tags?post=755"}],"curies":[{"name":"wp","href":"https:\/\/api.w.org\/{rel}","templated":true}]}}