{"id":728,"date":"2012-03-14T17:00:00","date_gmt":"2012-03-14T23:00:00","guid":{"rendered":"http:\/\/livros.in.blog.br\/?p=728"},"modified":"2012-03-14T17:00:00","modified_gmt":"2012-03-14T23:00:00","slug":"dia-14","status":"publish","type":"post","link":"https:\/\/nalua.in\/blog\/dia-14\/","title":{"rendered":"Dia 14"},"content":{"rendered":"<p><strong><a href=\"http:\/\/nalu.in\/wp-content\/uploads\/2012\/03\/fidel1.jpg\"><img loading=\"lazy\" decoding=\"async\" class=\"alignleft  wp-image-2305\" src=\"http:\/\/nalu.in\/wp-content\/uploads\/2012\/03\/fidel1.jpg\" alt=\"fidel1\" width=\"209\" height=\"317\" srcset=\"https:\/\/nalua.in\/blog\/wp-content\/uploads\/2012\/03\/fidel1.jpg 330w, https:\/\/nalua.in\/blog\/wp-content\/uploads\/2012\/03\/fidel1-198x300.jpg 198w\" sizes=\"auto, (max-width: 209px) 100vw, 209px\" \/><\/a>Dia 14 \u00e2\u20ac\u201d Um livro que te faz lembrar de algu\u00e9m<\/strong><br \/>\n<span style=\"text-decoration: underline;\"><strong>Fidel &#8211; Um Retrato Cr\u00ed\u00adtico<br \/>\n<\/strong><\/span><br \/>\nMais detalhes<br \/>\nIdioma:Portugu\u00eas (Brasil)<br \/>\nT\u00ed\u00adtulo original: Fidel &#8211; A critical portrait<br \/>\nTradutor: Jusmar Gomes<br \/>\nEditora:Best Seller<br \/>\nAno:1987<br \/>\nN\u00famero edi\u00e7\u00e3o:2<br \/>\nN\u00famero de p\u00e1ginas:802<br \/>\n=====<\/p>\n<p style=\"text-align: justify;\">Esse livro me lembra uma amiga que eu tive, na primeira faculdade que eu fiz, a Ana. A vida nos afastou, eu nem sei exatamente porqu\u00ea, mas esse livro n\u00f3s conseguimos juntas, numa ocasi\u00e3o que na hora foi assustador, mas depois muito engra\u00e7ada. N\u00f3s devoramos o livro, curiosas demais pra saber sobre Fidel. Depois at\u00e9 fizemos juntas e mais uma outra amiga um curso de extens\u00e3o universit\u00e1ria sobre a Hist\u00f3ria de Cuba. Eu sei que ele tem uma dedicat\u00f3ria linda, que eu se conseguir lembrar onde ele est\u00e1 no meio desse meu mar de livros, vou at\u00e9 mandar para o Eu te dedico. E me deu saudade de lembrar dessa \u00e9poca, t\u00e3o idealista, t\u00e3o ing\u00eanua, t\u00e3o livre. E me deu muita saudade da Ana tamb\u00e9m.<\/p>\n<div id=\"-chrome-auto-translate-plugin-dialog\" style=\"display: none; opacity: 1 !important; border-color: none!important; background: transparent !important; padding: 0!important; margin: 0!important; position: absolute !important; top: 0; left: 0; overflow: visible !important; z-index: 999999 !important; text-align: left !important;\">\n<div style=\"max-width: 300px !important; color: #fafafa !important; opacity: .8 !important; border-color: #000000!important; border-width: 0!important; -webkit-border-radius: 10px !important; background-color: #363636 !important; font-size: 16px !important; padding: 8px!important; overflow: visible !important; background-image: -webkit-gradient(linear,left top,right bottom,color-stop(0%,#000),color-stop(50%,#363636),color-stop(100%,#000)); z-index: 999999 !important; text-align: left !important;\"><\/div>\n<p><img decoding=\"async\" style=\"position: absolute !important; z-index: -1 !important; right: 1px !important; top: -20px !important; cursor: pointer !important; -webkit-border-radius: 20px; background-color: rgba(200,200,200,0.3) !important; padding: 3px 5px 0!important; margin: 0!important;\" src=\"http:\/\/www.google.com\/uds\/css\/small-logo.png\" alt=\"\" \/>\n<\/div>\n","protected":false},"excerpt":{"rendered":"<p>Dia 14 \u00e2\u20ac\u201d Um livro que te faz lembrar de algu\u00e9m Fidel &#8211; Um Retrato Cr\u00ed\u00adtico Mais detalhes Idioma:Portugu\u00eas (Brasil) T\u00ed\u00adtulo original: Fidel &#8211; A critical portrait Tradutor: Jusmar Gomes Editora:Best Seller Ano:1987 N\u00famero edi\u00e7\u00e3o:2 N\u00famero de p\u00e1ginas:802 ===== Esse livro me lembra uma amiga que eu tive, na primeira faculdade que eu fiz, a &hellip; <a href=\"https:\/\/nalua.in\/blog\/dia-14\/\" class=\"more-link\">Continuar lendo <span class=\"screen-reader-text\">Dia 14<\/span><\/a><\/p>\n","protected":false},"author":1,"featured_media":0,"comment_status":"closed","ping_status":"open","sticky":false,"template":"","format":"standard","meta":{"footnotes":""},"categories":[4,13,38,44],"tags":[],"class_list":["post-728","post","type-post","status-publish","format-standard","hentry","category-30dias","category-biografia","category-leituras","category-livros"],"_links":{"self":[{"href":"https:\/\/nalua.in\/blog\/wp-json\/wp\/v2\/posts\/728","targetHints":{"allow":["GET"]}}],"collection":[{"href":"https:\/\/nalua.in\/blog\/wp-json\/wp\/v2\/posts"}],"about":[{"href":"https:\/\/nalua.in\/blog\/wp-json\/wp\/v2\/types\/post"}],"author":[{"embeddable":true,"href":"https:\/\/nalua.in\/blog\/wp-json\/wp\/v2\/users\/1"}],"replies":[{"embeddable":true,"href":"https:\/\/nalua.in\/blog\/wp-json\/wp\/v2\/comments?post=728"}],"version-history":[{"count":0,"href":"https:\/\/nalua.in\/blog\/wp-json\/wp\/v2\/posts\/728\/revisions"}],"wp:attachment":[{"href":"https:\/\/nalua.in\/blog\/wp-json\/wp\/v2\/media?parent=728"}],"wp:term":[{"taxonomy":"category","embeddable":true,"href":"https:\/\/nalua.in\/blog\/wp-json\/wp\/v2\/categories?post=728"},{"taxonomy":"post_tag","embeddable":true,"href":"https:\/\/nalua.in\/blog\/wp-json\/wp\/v2\/tags?post=728"}],"curies":[{"name":"wp","href":"https:\/\/api.w.org\/{rel}","templated":true}]}}