{"id":716,"date":"2012-03-13T17:23:15","date_gmt":"2012-03-13T23:23:15","guid":{"rendered":"http:\/\/livros.in.blog.br\/?p=716"},"modified":"2012-03-13T17:23:15","modified_gmt":"2012-03-13T23:23:15","slug":"dia-13","status":"publish","type":"post","link":"https:\/\/nalua.in\/blog\/dia-13\/","title":{"rendered":"Dia 13"},"content":{"rendered":"<h2><a href=\"http:\/\/nalu.in\/wp-content\/uploads\/2012\/03\/quinatanapoesia.jpg\"><img loading=\"lazy\" decoding=\"async\" class=\"alignleft  wp-image-2306\" src=\"http:\/\/nalu.in\/wp-content\/uploads\/2012\/03\/quinatanapoesia.jpg\" alt=\"quinatanapoesia\" width=\"195\" height=\"271\" srcset=\"https:\/\/nalua.in\/blog\/wp-content\/uploads\/2012\/03\/quinatanapoesia.jpg 360w, https:\/\/nalua.in\/blog\/wp-content\/uploads\/2012\/03\/quinatanapoesia-216x300.jpg 216w\" sizes=\"auto, (max-width: 195px) 100vw, 195px\" \/><\/a><\/h2>\n<p><strong>Dia 13 \u00e2\u20ac\u201d Um livro que te faz lembrar de alguma coisa, de um dia.<\/strong><br \/>\n<span style=\"text-decoration: underline;\"><strong>Poesias &#8211; M\u00e1rio Quintana<\/strong><\/span><\/p>\n<p style=\"text-align: justify;\">Me lembra um dia com meu compadre e melhor amigo, um dia sentados num barzinho, lendo poemas deste livro. Foi massa. No tempo em que as tardes eram livres, em que tudo era poss\u00ed\u00advel no futuro, em que compartilh\u00e1vamos amores perdidos. Que lembran\u00e7a deliciosa! Esse barzinho nem existe mais, mas ficou na mem\u00f3ria, no hipercentro de Belo Horizonte, onde a vida adulta passava e a gente nem via, ocupados em ler as linhas e perder o tempo.<\/p>\n<p style=\"text-align: justify;\">POESIAS<br \/>\nAutor: Quintana, Mario<br \/>\nEditora: GLOBO<br \/>\nAssunto: POESIA<br \/>\nISBN: 8525002127<br \/>\nISBN-13: 9788525002129<br \/>\nLivro em portugu\u00eas<br \/>\nN\u00famero de P\u00e1ginas: 170<br \/>\nEncaderna\u00e7\u00e3o: BROCHURA<\/p>\n<p style=\"text-align: justify;\">Sinopse<\/p>\n<p style=\"text-align: justify;\">Publicada em 1980, re\u00fane poemas selecionados pelo pr\u00f3prio autor e que foram escolhidos por Paulo Mendes Campos e Rubem Braga para a edi\u00e7\u00e3o precedente, de 1966.<\/p>\n<div id=\"-chrome-auto-translate-plugin-dialog\" style=\"display: none; opacity: 1 !important; border-color: none!important; background: transparent !important; padding: 0!important; margin: 0!important; position: absolute !important; top: 0; left: 0; overflow: visible !important; z-index: 999999 !important; text-align: left !important;\">\n<div style=\"max-width: 300px !important; color: #fafafa !important; opacity: .8 !important; border-color: #000000!important; border-width: 0!important; -webkit-border-radius: 10px !important; background-color: #363636 !important; font-size: 16px !important; padding: 8px!important; overflow: visible !important; background-image: -webkit-gradient(linear,left top,right bottom,color-stop(0%,#000),color-stop(50%,#363636),color-stop(100%,#000)); z-index: 999999 !important; text-align: left !important;\"><\/div>\n<p><img decoding=\"async\" style=\"position: absolute !important; z-index: -1 !important; right: 1px !important; top: -20px !important; cursor: pointer !important; -webkit-border-radius: 20px; background-color: rgba(200,200,200,0.3) !important; padding: 3px 5px 0!important; margin: 0!important;\" src=\"http:\/\/www.google.com\/uds\/css\/small-logo.png\" alt=\"\" \/>\n<\/div>\n","protected":false},"excerpt":{"rendered":"<p>Dia 13 \u00e2\u20ac\u201d Um livro que te faz lembrar de alguma coisa, de um dia. Poesias &#8211; M\u00e1rio Quintana Me lembra um dia com meu compadre e melhor amigo, um dia sentados num barzinho, lendo poemas deste livro. Foi massa. No tempo em que as tardes eram livres, em que tudo era poss\u00ed\u00advel no futuro, &hellip; <a href=\"https:\/\/nalua.in\/blog\/dia-13\/\" class=\"more-link\">Continuar lendo <span class=\"screen-reader-text\">Dia 13<\/span><\/a><\/p>\n","protected":false},"author":1,"featured_media":0,"comment_status":"closed","ping_status":"open","sticky":false,"template":"","format":"standard","meta":{"footnotes":""},"categories":[4,38,44,67],"tags":[],"class_list":["post-716","post","type-post","status-publish","format-standard","hentry","category-30dias","category-leituras","category-livros","category-poesia"],"_links":{"self":[{"href":"https:\/\/nalua.in\/blog\/wp-json\/wp\/v2\/posts\/716","targetHints":{"allow":["GET"]}}],"collection":[{"href":"https:\/\/nalua.in\/blog\/wp-json\/wp\/v2\/posts"}],"about":[{"href":"https:\/\/nalua.in\/blog\/wp-json\/wp\/v2\/types\/post"}],"author":[{"embeddable":true,"href":"https:\/\/nalua.in\/blog\/wp-json\/wp\/v2\/users\/1"}],"replies":[{"embeddable":true,"href":"https:\/\/nalua.in\/blog\/wp-json\/wp\/v2\/comments?post=716"}],"version-history":[{"count":0,"href":"https:\/\/nalua.in\/blog\/wp-json\/wp\/v2\/posts\/716\/revisions"}],"wp:attachment":[{"href":"https:\/\/nalua.in\/blog\/wp-json\/wp\/v2\/media?parent=716"}],"wp:term":[{"taxonomy":"category","embeddable":true,"href":"https:\/\/nalua.in\/blog\/wp-json\/wp\/v2\/categories?post=716"},{"taxonomy":"post_tag","embeddable":true,"href":"https:\/\/nalua.in\/blog\/wp-json\/wp\/v2\/tags?post=716"}],"curies":[{"name":"wp","href":"https:\/\/api.w.org\/{rel}","templated":true}]}}